{"id":224491,"date":"2022-07-30T20:14:47","date_gmt":"2022-07-30T18:14:47","guid":{"rendered":"https:\/\/villarrealcf.es\/\/el-villarreal-femeni-goleja-en-el-seu-debut-0-6\/"},"modified":"2022-07-30T20:14:47","modified_gmt":"2022-07-30T18:14:47","slug":"el-villarreal-femeni-goleja-en-el-seu-debut-0-6","status":"publish","type":"post","link":"https:\/\/villarrealcf.es\/val\/el-villarreal-femeni-goleja-en-el-seu-debut-0-6\/","title":{"rendered":"El Villarreal Femen\u00ed goleja en el seu debut (0-6)"},"content":{"protected":false,"blocks":[{"type":"image","url":"https:\/\/villarrealcf.es\/\/wp-content\/uploads\/2022\/07\/0f62ce8a31a5d94a8d79cd773cf95349.jpg","alt":"||||","width":819,"height":460,"srcset":"https:\/\/villarrealcf.es\/wp-content\/uploads\/2022\/07\/0f62ce8a31a5d94a8d79cd773cf95349.jpg 819w, https:\/\/villarrealcf.es\/\/wp-content\/uploads\/2022\/07\/0f62ce8a31a5d94a8d79cd773cf95349.jpg 1920w, https:\/\/villarrealcf.es\/\/wp-content\/uploads\/2022\/07\/0f62ce8a31a5d94a8d79cd773cf95349.jpg 1920w, https:\/\/villarrealcf.es\/\/wp-content\/uploads\/2022\/07\/0f62ce8a31a5d94a8d79cd773cf95349.jpg 1920w, https:\/\/villarrealcf.es\/wp-content\/uploads\/2022\/07\/0f62ce8a31a5d94a8d79cd773cf95349-32x18.jpg 32w, https:\/\/villarrealcf.es\/wp-content\/uploads\/2022\/07\/0f62ce8a31a5d94a8d79cd773cf95349-150x84.jpg 150w, https:\/\/villarrealcf.es\/\/wp-content\/uploads\/2022\/07\/0f62ce8a31a5d94a8d79cd773cf95349.jpg 1920w","sizes":"auto, (max-width: 819px) 100vw, 819px"},{"type":"paragraph","text":"Les groguetes han comen\u00e7at la seua marxa en el COTIF amb una gran vict\u00f2ria davant l\u2019SPA Alacant"},{"type":"paragraph","text":"El Villarreal Femen\u00ed ha comen\u00e7at amb bon peu la seua participaci\u00f3 en el COTIF 2022 i, per tant, la seua pretemporada. Les futbolistes grogues afrontaven la seua participaci\u00f3 en el torneig amb la m\u00e0xima il\u00b7lusi\u00f3, superant el primer test amb nota en v\u00e9ncer per 0-6 amb gols de Lara Mata, Sheila, Llompart, Roc\u00edo i Bel\u00e9n."},{"type":"paragraph","text":"L\u2019inici del partit va mostrar a un Villarreal Femen\u00ed molt combatiu, amb iniciativa en atac i, sobretot, fam de gol. De fet, les futbolistes grogues van crear perill des dels primers compassos del partit. La portera del conjunt alacant\u00ed va aconseguir bloquejar dos trets molt potents de Sheila i Claudia Iglesias."},{"type":"paragraph","text":"El primer gol de les de Sara Monforte va arribar superat l\u2019equador de la primera part. Lara Mata va aprofitar una passada de Claudia Iglesias per a espentar l\u2019esf\u00e8ric al fons de la xarxa. Pocs minuts despr\u00e9s, la dupla formada per Fatou Kanteh i Sheila Guijarro va tornar a amena\u00e7ar en diverses ocasions, que van acabar amb dues dianes de la davantera valenciana. D\u2019aquesta manera, les groguetes van arribar amb un avantatge de tres gols al descans."},{"type":"paragraph","text":"En la segona part, Sara Monforte va optar per canviar a l\u2019equip quasi al complet, a excepci\u00f3 de la portera Elena de Toro, per a donar minuts a tota la plantilla disponible. Les ocasions grogues no van tardar a arribar, estrenant-se com a golejadores tant Mar\u00eda Llompart com Roc\u00edo Garc\u00eda en cinc minuts. El partit finalitzava amb un gol de Bel\u00e9n des del punt de penal."},{"type":"paragraph","text":"El pr\u00f2xim comprom\u00eds de pretemporada del Villarreal Femen\u00ed, tamb\u00e9 emmarcat en el COTIF 2022, tindr\u00e0 lloc dimarts que ve 2 d\u2019agost, a les 19.30 hores, enfront del Mislata CF a \u2018Els Arcs\u2019 a L\u2019Alc\u00fadia."},{"type":"paragraph","text":"Fitxa t\u00e8cnica:"},{"type":"paragraph","text":"SPA Alicante: Paula Pe\u00f1a (m. 44, Luc\u00eda Palomares); Valeria Arroniz; Luc\u00eda Vicedo; Mar\u00eda Jos\u00e9 Ruiz (m. 54, Alba Puerto); Ainhoa Olivera (m. 44, Ana Araez); Amanda Gonz\u00e1lez (m. 44, Mar\u00eda Villanueva); Alejandra D\u00edaz (m. 44, Paula Ubeda); Alika Koval (m. 54, Carla Alemany); Yenifer S\u00e1nchez; A\u00edda Samper (m. 54, Paola Guzm\u00e1n) i Marta Herrero."},{"type":"paragraph","text":"Villarreal Femen\u00ed: Elena de Toro; I. Migu\u00e9lez (m. 36, Nerea); Sheila (m. 36, Roc\u00edo); Kanteh (m. 36, Bel\u00e9n); Claudia I. (m. 36, M. Llompart); Soldevila (m. 36, C. Robles); Ainoa (m. 36, Bea Prades); Lara Mata (m. 36, C. Cubedo); Vera Rico (m. 36, Estefa); Mar\u00eda (m. 36, Cienfu) i Albeta (m. 46, Mar)."},{"type":"paragraph","text":"Gols: 0-1. Min. 18: Lara Mata. 0-2. Min. 29: Sheila. 0-3. Min. 33: Sheila. 0-4. Min. 37: M. Llompart. 0-5. Min. 41: Roc\u00edo. 0-6. Min. 59: Bel\u00e9n (p)."},{"type":"paragraph","text":"\u00c0rbitre: Alexandra Gherogita"},{"type":"paragraph","text":"Incid\u00e8ncies: Partit de pretemporada entre l\u2019SPA Alacant i el Villareal Femen\u00ed, corresponent al COTIF 2022, celebrat en les instal\u00b7lacions de \u2018Els Arcs\u2019 a L\u2019Alc\u00fadia"}],"structured":{"summary":{"text":"Les groguetes han comen\u00e7at la seua marxa en el COTIF amb una gran vict\u00f2ria davant l\u2019SPA Alacant El Villarreal Femen\u00ed ha comen\u00e7at amb bon peu la seua participaci\u00f3 en el COTIF 2022 i, per tant, la seua pretemporada. Les futbolistes grogues afrontaven la seua participaci\u00f3 en el torneig amb la m\u00e0xima il\u00b7lusi\u00f3, superant el primer test amb nota en v\u00e9ncer per 0-6 amb gols de Lara Mata, Sheila, Llompart, Roc\u00edo i Bel\u00e9n. L\u2019inici del partit va mostrar a un Villarreal Femen\u00ed molt combatiu, amb iniciativa en atac i, sobretot, fam de gol. De fet, les futbolistes grogues van crear perill des dels primers compassos del partit. La portera del conjunt alacant\u00ed va aconseguir bloquejar dos trets molt potents de Sheila i Claudia Iglesias. El primer gol de les de Sara Monforte va arribar superat l\u2019equador de la primera part. Lara Mata va aprofitar una passada de Claudia Iglesias per a espentar l\u2019esf\u00e8ric al fons de la xarxa. Pocs minuts despr\u00e9s, la dupla formada per Fatou Kanteh i Sheila Guijarro va tornar a amena\u00e7ar en diverses ocasions, que van acabar amb dues dianes de la davantera valenciana. D\u2019aquesta manera, les groguetes van arribar amb un avantatge de tres gols al descans. En la segona part, Sara Monforte va optar per canviar a l\u2019equip quasi al complet, a excepci\u00f3 de la portera Elena de Toro, per a donar minuts a tota la plantilla disponible. Les ocasions grogues no van tardar a arribar, estrenant-se com a golejadores tant Mar\u00eda Llompart com Roc\u00edo Garc\u00eda en cinc minuts. El partit finalitzava amb un gol de Bel\u00e9n des del punt de penal. El pr\u00f2xim comprom\u00eds de pretemporada del Villarreal Femen\u00ed, tamb\u00e9 emmarcat en el COTIF 2022, tindr\u00e0 lloc dimarts que ve 2 d\u2019agost, a les 19.30 hores, enfront del Mislata CF a \u2018Els Arcs\u2019 a L\u2019Alc\u00fadia. Fitxa t\u00e8cnica: SPA Alicante: Paula Pe\u00f1a (m. 44, Luc\u00eda Palomares); Valeria Arroniz; Luc\u00eda Vicedo; Mar\u00eda Jos\u00e9 Ruiz (m. 54, Alba Puerto); Ainhoa Olivera (m. 44, Ana Araez); Amanda Gonz\u00e1lez (m. 44, Mar\u00eda Villanueva); Alejandra D\u00edaz (m. 44, Paula Ubeda); Alika Koval (m. 54, Carla Alemany); Yenifer S\u00e1nchez; A\u00edda Samper (m. 54, Paola Guzm\u00e1n) i Marta Herrero. Villarreal Femen\u00ed: Elena de Toro; I. Migu\u00e9lez (m. 36, Nerea); Sheila (m. 36, Roc\u00edo); Kanteh (m. 36, Bel\u00e9n); Claudia I. (m. 36, M. Llompart); Soldevila (m. 36, C. Robles); Ainoa (m. 36, Bea Prades); Lara Mata (m. 36, C. Cubedo); Vera Rico (m. 36, Estefa); Mar\u00eda (m. 36, Cienfu) i Albeta (m. 46, Mar). Gols: 0-1. Min. 18: Lara Mata. 0-2. Min. 29: Sheila. 0-3. Min. 33: Sheila. 0-4. Min. 37: M. Llompart. 0-5. Min. 41: Roc\u00edo. 0-6. Min. 59: Bel\u00e9n (p). \u00c0rbitre: Alexandra Gherogita Incid\u00e8ncies: Partit de pretemporada entre l\u2019SPA Alacant i el Villareal Femen\u00ed, corresponent al COTIF 2022, celebrat en les instal\u00b7lacions de \u2018Els Arcs\u2019 a L\u2019Alc\u00fadia","headings":[],"buttons":[],"images":[{"type":"image","url":"https:\/\/villarrealcf.es\/\/wp-content\/uploads\/2022\/07\/0f62ce8a31a5d94a8d79cd773cf95349.jpg","alt":"||||","width":819,"height":460,"srcset":"https:\/\/villarrealcf.es\/wp-content\/uploads\/2022\/07\/0f62ce8a31a5d94a8d79cd773cf95349.jpg 819w, https:\/\/villarrealcf.es\/\/wp-content\/uploads\/2022\/07\/0f62ce8a31a5d94a8d79cd773cf95349.jpg 1920w, https:\/\/villarrealcf.es\/\/wp-content\/uploads\/2022\/07\/0f62ce8a31a5d94a8d79cd773cf95349.jpg 1920w, https:\/\/villarrealcf.es\/\/wp-content\/uploads\/2022\/07\/0f62ce8a31a5d94a8d79cd773cf95349.jpg 1920w, https:\/\/villarrealcf.es\/wp-content\/uploads\/2022\/07\/0f62ce8a31a5d94a8d79cd773cf95349-32x18.jpg 32w, https:\/\/villarrealcf.es\/wp-content\/uploads\/2022\/07\/0f62ce8a31a5d94a8d79cd773cf95349-150x84.jpg 150w, https:\/\/villarrealcf.es\/\/wp-content\/uploads\/2022\/07\/0f62ce8a31a5d94a8d79cd773cf95349.jpg 1920w","sizes":"auto, (max-width: 819px) 100vw, 819px"}],"counts":{"blocks":13,"headings":0,"texts":12,"buttons":0,"images":1}},"sections":[{"id":"section-1","title":"","text":"Les groguetes han comen\u00e7at la seua marxa en el COTIF amb una gran vict\u00f2ria davant l\u2019SPA Alacant El Villarreal Femen\u00ed ha comen\u00e7at amb bon peu la seua participaci\u00f3 en el COTIF 2022 i, per tant, la seua pretemporada. Les futbolistes grogues afrontaven la seua participaci\u00f3 en el torneig amb la m\u00e0xima il\u00b7lusi\u00f3, superant el primer test amb nota en v\u00e9ncer per 0-6 amb gols de Lara Mata, Sheila, Llompart, Roc\u00edo i Bel\u00e9n. L\u2019inici del partit va mostrar a un Villarreal Femen\u00ed molt combatiu, amb iniciativa en atac i, sobretot, fam de gol. De fet, les futbolistes grogues van crear perill des dels primers compassos del partit. La portera del conjunt alacant\u00ed va aconseguir bloquejar dos trets molt potents de Sheila i Claudia Iglesias. El primer gol de les de Sara Monforte va arribar superat l\u2019equador de la primera part. Lara Mata va aprofitar una passada de Claudia Iglesias per a espentar l\u2019esf\u00e8ric al fons de la xarxa. Pocs minuts despr\u00e9s, la dupla formada per Fatou Kanteh i Sheila Guijarro va tornar a amena\u00e7ar en diverses ocasions, que van acabar amb dues dianes de la davantera valenciana. D\u2019aquesta manera, les groguetes van arribar amb un avantatge de tres gols al descans. En la segona part, Sara Monforte va optar per canviar a l\u2019equip quasi al complet, a excepci\u00f3 de la portera Elena de Toro, per a donar minuts a tota la plantilla disponible. Les ocasions grogues no van tardar a arribar, estrenant-se com a golejadores tant Mar\u00eda Llompart com Roc\u00edo Garc\u00eda en cinc minuts. El partit finalitzava amb un gol de Bel\u00e9n des del punt de penal. El pr\u00f2xim comprom\u00eds de pretemporada del Villarreal Femen\u00ed, tamb\u00e9 emmarcat en el COTIF 2022, tindr\u00e0 lloc dimarts que ve 2 d\u2019agost, a les 19.30 hores, enfront del Mislata CF a \u2018Els Arcs\u2019 a L\u2019Alc\u00fadia. Fitxa t\u00e8cnica: SPA Alicante: Paula Pe\u00f1a (m. 44, Luc\u00eda Palomares); Valeria Arroniz; Luc\u00eda Vicedo; Mar\u00eda Jos\u00e9 Ruiz (m. 54, Alba Puerto); Ainhoa Olivera (m. 44, Ana Araez); Amanda Gonz\u00e1lez (m. 44, Mar\u00eda Villanueva); Alejandra D\u00edaz (m. 44, Paula Ubeda); Alika Koval (m. 54, Carla Alemany); Yenifer S\u00e1nchez; A\u00edda Samper (m. 54, Paola Guzm\u00e1n) i Marta Herrero. Villarreal Femen\u00ed: Elena de Toro; I. Migu\u00e9lez (m. 36, Nerea); Sheila (m. 36, Roc\u00edo); Kanteh (m. 36, Bel\u00e9n); Claudia I. (m. 36, M. Llompart); Soldevila (m. 36, C. Robles); Ainoa (m. 36, Bea Prades); Lara Mata (m. 36, C. Cubedo); Vera Rico (m. 36, Estefa); Mar\u00eda (m. 36, Cienfu) i Albeta (m. 46, Mar). Gols: 0-1. Min. 18: Lara Mata. 0-2. Min. 29: Sheila. 0-3. Min. 33: Sheila. 0-4. Min. 37: M. Llompart. 0-5. Min. 41: Roc\u00edo. 0-6. Min. 59: Bel\u00e9n (p). \u00c0rbitre: Alexandra Gherogita Incid\u00e8ncies: Partit de pretemporada entre l\u2019SPA Alacant i el Villareal Femen\u00ed, corresponent al COTIF 2022, celebrat en les instal\u00b7lacions de \u2018Els Arcs\u2019 a L\u2019Alc\u00fadia","headings":[],"texts":[{"type":"paragraph","text":"Les groguetes han comen\u00e7at la seua marxa en el COTIF amb una gran vict\u00f2ria davant l\u2019SPA Alacant"},{"type":"paragraph","text":"El Villarreal Femen\u00ed ha comen\u00e7at amb bon peu la seua participaci\u00f3 en el COTIF 2022 i, per tant, la seua pretemporada. Les futbolistes grogues afrontaven la seua participaci\u00f3 en el torneig amb la m\u00e0xima il\u00b7lusi\u00f3, superant el primer test amb nota en v\u00e9ncer per 0-6 amb gols de Lara Mata, Sheila, Llompart, Roc\u00edo i Bel\u00e9n."},{"type":"paragraph","text":"L\u2019inici del partit va mostrar a un Villarreal Femen\u00ed molt combatiu, amb iniciativa en atac i, sobretot, fam de gol. De fet, les futbolistes grogues van crear perill des dels primers compassos del partit. La portera del conjunt alacant\u00ed va aconseguir bloquejar dos trets molt potents de Sheila i Claudia Iglesias."},{"type":"paragraph","text":"El primer gol de les de Sara Monforte va arribar superat l\u2019equador de la primera part. Lara Mata va aprofitar una passada de Claudia Iglesias per a espentar l\u2019esf\u00e8ric al fons de la xarxa. Pocs minuts despr\u00e9s, la dupla formada per Fatou Kanteh i Sheila Guijarro va tornar a amena\u00e7ar en diverses ocasions, que van acabar amb dues dianes de la davantera valenciana. D\u2019aquesta manera, les groguetes van arribar amb un avantatge de tres gols al descans."},{"type":"paragraph","text":"En la segona part, Sara Monforte va optar per canviar a l\u2019equip quasi al complet, a excepci\u00f3 de la portera Elena de Toro, per a donar minuts a tota la plantilla disponible. Les ocasions grogues no van tardar a arribar, estrenant-se com a golejadores tant Mar\u00eda Llompart com Roc\u00edo Garc\u00eda en cinc minuts. El partit finalitzava amb un gol de Bel\u00e9n des del punt de penal."},{"type":"paragraph","text":"El pr\u00f2xim comprom\u00eds de pretemporada del Villarreal Femen\u00ed, tamb\u00e9 emmarcat en el COTIF 2022, tindr\u00e0 lloc dimarts que ve 2 d\u2019agost, a les 19.30 hores, enfront del Mislata CF a \u2018Els Arcs\u2019 a L\u2019Alc\u00fadia."},{"type":"paragraph","text":"Fitxa t\u00e8cnica:"},{"type":"paragraph","text":"SPA Alicante: Paula Pe\u00f1a (m. 44, Luc\u00eda Palomares); Valeria Arroniz; Luc\u00eda Vicedo; Mar\u00eda Jos\u00e9 Ruiz (m. 54, Alba Puerto); Ainhoa Olivera (m. 44, Ana Araez); Amanda Gonz\u00e1lez (m. 44, Mar\u00eda Villanueva); Alejandra D\u00edaz (m. 44, Paula Ubeda); Alika Koval (m. 54, Carla Alemany); Yenifer S\u00e1nchez; A\u00edda Samper (m. 54, Paola Guzm\u00e1n) i Marta Herrero."},{"type":"paragraph","text":"Villarreal Femen\u00ed: Elena de Toro; I. Migu\u00e9lez (m. 36, Nerea); Sheila (m. 36, Roc\u00edo); Kanteh (m. 36, Bel\u00e9n); Claudia I. (m. 36, M. Llompart); Soldevila (m. 36, C. Robles); Ainoa (m. 36, Bea Prades); Lara Mata (m. 36, C. Cubedo); Vera Rico (m. 36, Estefa); Mar\u00eda (m. 36, Cienfu) i Albeta (m. 46, Mar)."},{"type":"paragraph","text":"Gols: 0-1. Min. 18: Lara Mata. 0-2. Min. 29: Sheila. 0-3. Min. 33: Sheila. 0-4. Min. 37: M. Llompart. 0-5. Min. 41: Roc\u00edo. 0-6. Min. 59: Bel\u00e9n (p)."},{"type":"paragraph","text":"\u00c0rbitre: Alexandra Gherogita"},{"type":"paragraph","text":"Incid\u00e8ncies: Partit de pretemporada entre l\u2019SPA Alacant i el Villareal Femen\u00ed, corresponent al COTIF 2022, celebrat en les instal\u00b7lacions de \u2018Els Arcs\u2019 a L\u2019Alc\u00fadia"}],"buttons":[],"images":[{"type":"image","url":"https:\/\/villarrealcf.es\/\/wp-content\/uploads\/2022\/07\/0f62ce8a31a5d94a8d79cd773cf95349.jpg","alt":"||||","width":819,"height":460,"srcset":"https:\/\/villarrealcf.es\/wp-content\/uploads\/2022\/07\/0f62ce8a31a5d94a8d79cd773cf95349.jpg 819w, https:\/\/villarrealcf.es\/\/wp-content\/uploads\/2022\/07\/0f62ce8a31a5d94a8d79cd773cf95349.jpg 1920w, https:\/\/villarrealcf.es\/\/wp-content\/uploads\/2022\/07\/0f62ce8a31a5d94a8d79cd773cf95349.jpg 1920w, https:\/\/villarrealcf.es\/\/wp-content\/uploads\/2022\/07\/0f62ce8a31a5d94a8d79cd773cf95349.jpg 1920w, https:\/\/villarrealcf.es\/wp-content\/uploads\/2022\/07\/0f62ce8a31a5d94a8d79cd773cf95349-32x18.jpg 32w, https:\/\/villarrealcf.es\/wp-content\/uploads\/2022\/07\/0f62ce8a31a5d94a8d79cd773cf95349-150x84.jpg 150w, https:\/\/villarrealcf.es\/\/wp-content\/uploads\/2022\/07\/0f62ce8a31a5d94a8d79cd773cf95349.jpg 1920w","sizes":"auto, (max-width: 819px) 100vw, 819px"}],"widgets":[],"blocks":[{"type":"image","url":"https:\/\/villarrealcf.es\/\/wp-content\/uploads\/2022\/07\/0f62ce8a31a5d94a8d79cd773cf95349.jpg","alt":"||||","width":819,"height":460,"srcset":"https:\/\/villarrealcf.es\/wp-content\/uploads\/2022\/07\/0f62ce8a31a5d94a8d79cd773cf95349.jpg 819w, https:\/\/villarrealcf.es\/\/wp-content\/uploads\/2022\/07\/0f62ce8a31a5d94a8d79cd773cf95349.jpg 1920w, https:\/\/villarrealcf.es\/\/wp-content\/uploads\/2022\/07\/0f62ce8a31a5d94a8d79cd773cf95349.jpg 1920w, https:\/\/villarrealcf.es\/\/wp-content\/uploads\/2022\/07\/0f62ce8a31a5d94a8d79cd773cf95349.jpg 1920w, https:\/\/villarrealcf.es\/wp-content\/uploads\/2022\/07\/0f62ce8a31a5d94a8d79cd773cf95349-32x18.jpg 32w, https:\/\/villarrealcf.es\/wp-content\/uploads\/2022\/07\/0f62ce8a31a5d94a8d79cd773cf95349-150x84.jpg 150w, https:\/\/villarrealcf.es\/\/wp-content\/uploads\/2022\/07\/0f62ce8a31a5d94a8d79cd773cf95349.jpg 1920w","sizes":"auto, (max-width: 819px) 100vw, 819px"},{"type":"paragraph","text":"Les groguetes han comen\u00e7at la seua marxa en el COTIF amb una gran vict\u00f2ria davant l\u2019SPA Alacant"},{"type":"paragraph","text":"El Villarreal Femen\u00ed ha comen\u00e7at amb bon peu la seua participaci\u00f3 en el COTIF 2022 i, per tant, la seua pretemporada. Les futbolistes grogues afrontaven la seua participaci\u00f3 en el torneig amb la m\u00e0xima il\u00b7lusi\u00f3, superant el primer test amb nota en v\u00e9ncer per 0-6 amb gols de Lara Mata, Sheila, Llompart, Roc\u00edo i Bel\u00e9n."},{"type":"paragraph","text":"L\u2019inici del partit va mostrar a un Villarreal Femen\u00ed molt combatiu, amb iniciativa en atac i, sobretot, fam de gol. De fet, les futbolistes grogues van crear perill des dels primers compassos del partit. La portera del conjunt alacant\u00ed va aconseguir bloquejar dos trets molt potents de Sheila i Claudia Iglesias."},{"type":"paragraph","text":"El primer gol de les de Sara Monforte va arribar superat l\u2019equador de la primera part. Lara Mata va aprofitar una passada de Claudia Iglesias per a espentar l\u2019esf\u00e8ric al fons de la xarxa. Pocs minuts despr\u00e9s, la dupla formada per Fatou Kanteh i Sheila Guijarro va tornar a amena\u00e7ar en diverses ocasions, que van acabar amb dues dianes de la davantera valenciana. D\u2019aquesta manera, les groguetes van arribar amb un avantatge de tres gols al descans."},{"type":"paragraph","text":"En la segona part, Sara Monforte va optar per canviar a l\u2019equip quasi al complet, a excepci\u00f3 de la portera Elena de Toro, per a donar minuts a tota la plantilla disponible. Les ocasions grogues no van tardar a arribar, estrenant-se com a golejadores tant Mar\u00eda Llompart com Roc\u00edo Garc\u00eda en cinc minuts. El partit finalitzava amb un gol de Bel\u00e9n des del punt de penal."},{"type":"paragraph","text":"El pr\u00f2xim comprom\u00eds de pretemporada del Villarreal Femen\u00ed, tamb\u00e9 emmarcat en el COTIF 2022, tindr\u00e0 lloc dimarts que ve 2 d\u2019agost, a les 19.30 hores, enfront del Mislata CF a \u2018Els Arcs\u2019 a L\u2019Alc\u00fadia."},{"type":"paragraph","text":"Fitxa t\u00e8cnica:"},{"type":"paragraph","text":"SPA Alicante: Paula Pe\u00f1a (m. 44, Luc\u00eda Palomares); Valeria Arroniz; Luc\u00eda Vicedo; Mar\u00eda Jos\u00e9 Ruiz (m. 54, Alba Puerto); Ainhoa Olivera (m. 44, Ana Araez); Amanda Gonz\u00e1lez (m. 44, Mar\u00eda Villanueva); Alejandra D\u00edaz (m. 44, Paula Ubeda); Alika Koval (m. 54, Carla Alemany); Yenifer S\u00e1nchez; A\u00edda Samper (m. 54, Paola Guzm\u00e1n) i Marta Herrero."},{"type":"paragraph","text":"Villarreal Femen\u00ed: Elena de Toro; I. Migu\u00e9lez (m. 36, Nerea); Sheila (m. 36, Roc\u00edo); Kanteh (m. 36, Bel\u00e9n); Claudia I. (m. 36, M. Llompart); Soldevila (m. 36, C. Robles); Ainoa (m. 36, Bea Prades); Lara Mata (m. 36, C. Cubedo); Vera Rico (m. 36, Estefa); Mar\u00eda (m. 36, Cienfu) i Albeta (m. 46, Mar)."},{"type":"paragraph","text":"Gols: 0-1. Min. 18: Lara Mata. 0-2. Min. 29: Sheila. 0-3. Min. 33: Sheila. 0-4. Min. 37: M. Llompart. 0-5. Min. 41: Roc\u00edo. 0-6. Min. 59: Bel\u00e9n (p)."},{"type":"paragraph","text":"\u00c0rbitre: Alexandra Gherogita"},{"type":"paragraph","text":"Incid\u00e8ncies: Partit de pretemporada entre l\u2019SPA Alacant i el Villareal Femen\u00ed, corresponent al COTIF 2022, celebrat en les instal\u00b7lacions de \u2018Els Arcs\u2019 a L\u2019Alc\u00fadia"}]}],"hero":{"id":"section-1","title":"","text":"Les groguetes han comen\u00e7at la seua marxa en el COTIF amb una gran vict\u00f2ria davant l\u2019SPA Alacant El Villarreal Femen\u00ed ha comen\u00e7at amb bon peu la seua participaci\u00f3 en el COTIF 2022 i, per tant, la seua pretemporada. Les futbolistes grogues afrontaven la seua participaci\u00f3 en el torneig amb la m\u00e0xima il\u00b7lusi\u00f3, superant el primer test amb nota en v\u00e9ncer per 0-6 amb gols de Lara Mata, Sheila, Llompart, Roc\u00edo i Bel\u00e9n. L\u2019inici del partit va mostrar a un Villarreal Femen\u00ed molt combatiu, amb iniciativa en atac i, sobretot, fam de gol. De fet, les futbolistes grogues van crear perill des dels primers compassos del partit. La portera del conjunt alacant\u00ed va aconseguir bloquejar dos trets molt potents de Sheila i Claudia Iglesias. El primer gol de les de Sara Monforte va arribar superat l\u2019equador de la primera part. Lara Mata va aprofitar una passada de Claudia Iglesias per a espentar l\u2019esf\u00e8ric al fons de la xarxa. Pocs minuts despr\u00e9s, la dupla formada per Fatou Kanteh i Sheila Guijarro va tornar a amena\u00e7ar en diverses ocasions, que van acabar amb dues dianes de la davantera valenciana. D\u2019aquesta manera, les groguetes van arribar amb un avantatge de tres gols al descans. En la segona part, Sara Monforte va optar per canviar a l\u2019equip quasi al complet, a excepci\u00f3 de la portera Elena de Toro, per a donar minuts a tota la plantilla disponible. Les ocasions grogues no van tardar a arribar, estrenant-se com a golejadores tant Mar\u00eda Llompart com Roc\u00edo Garc\u00eda en cinc minuts. El partit finalitzava amb un gol de Bel\u00e9n des del punt de penal. El pr\u00f2xim comprom\u00eds de pretemporada del Villarreal Femen\u00ed, tamb\u00e9 emmarcat en el COTIF 2022, tindr\u00e0 lloc dimarts que ve 2 d\u2019agost, a les 19.30 hores, enfront del Mislata CF a \u2018Els Arcs\u2019 a L\u2019Alc\u00fadia. Fitxa t\u00e8cnica: SPA Alicante: Paula Pe\u00f1a (m. 44, Luc\u00eda Palomares); Valeria Arroniz; Luc\u00eda Vicedo; Mar\u00eda Jos\u00e9 Ruiz (m. 54, Alba Puerto); Ainhoa Olivera (m. 44, Ana Araez); Amanda Gonz\u00e1lez (m. 44, Mar\u00eda Villanueva); Alejandra D\u00edaz (m. 44, Paula Ubeda); Alika Koval (m. 54, Carla Alemany); Yenifer S\u00e1nchez; A\u00edda Samper (m. 54, Paola Guzm\u00e1n) i Marta Herrero. Villarreal Femen\u00ed: Elena de Toro; I. Migu\u00e9lez (m. 36, Nerea); Sheila (m. 36, Roc\u00edo); Kanteh (m. 36, Bel\u00e9n); Claudia I. (m. 36, M. Llompart); Soldevila (m. 36, C. Robles); Ainoa (m. 36, Bea Prades); Lara Mata (m. 36, C. Cubedo); Vera Rico (m. 36, Estefa); Mar\u00eda (m. 36, Cienfu) i Albeta (m. 46, Mar). Gols: 0-1. Min. 18: Lara Mata. 0-2. Min. 29: Sheila. 0-3. Min. 33: Sheila. 0-4. Min. 37: M. Llompart. 0-5. Min. 41: Roc\u00edo. 0-6. Min. 59: Bel\u00e9n (p). \u00c0rbitre: Alexandra Gherogita Incid\u00e8ncies: Partit de pretemporada entre l\u2019SPA Alacant i el Villareal Femen\u00ed, corresponent al COTIF 2022, celebrat en les instal\u00b7lacions de \u2018Els Arcs\u2019 a L\u2019Alc\u00fadia","headings":[],"texts":[{"type":"paragraph","text":"Les groguetes han comen\u00e7at la seua marxa en el COTIF amb una gran vict\u00f2ria davant l\u2019SPA Alacant"},{"type":"paragraph","text":"El Villarreal Femen\u00ed ha comen\u00e7at amb bon peu la seua participaci\u00f3 en el COTIF 2022 i, per tant, la seua pretemporada. Les futbolistes grogues afrontaven la seua participaci\u00f3 en el torneig amb la m\u00e0xima il\u00b7lusi\u00f3, superant el primer test amb nota en v\u00e9ncer per 0-6 amb gols de Lara Mata, Sheila, Llompart, Roc\u00edo i Bel\u00e9n."},{"type":"paragraph","text":"L\u2019inici del partit va mostrar a un Villarreal Femen\u00ed molt combatiu, amb iniciativa en atac i, sobretot, fam de gol. De fet, les futbolistes grogues van crear perill des dels primers compassos del partit. La portera del conjunt alacant\u00ed va aconseguir bloquejar dos trets molt potents de Sheila i Claudia Iglesias."},{"type":"paragraph","text":"El primer gol de les de Sara Monforte va arribar superat l\u2019equador de la primera part. Lara Mata va aprofitar una passada de Claudia Iglesias per a espentar l\u2019esf\u00e8ric al fons de la xarxa. Pocs minuts despr\u00e9s, la dupla formada per Fatou Kanteh i Sheila Guijarro va tornar a amena\u00e7ar en diverses ocasions, que van acabar amb dues dianes de la davantera valenciana. D\u2019aquesta manera, les groguetes van arribar amb un avantatge de tres gols al descans."},{"type":"paragraph","text":"En la segona part, Sara Monforte va optar per canviar a l\u2019equip quasi al complet, a excepci\u00f3 de la portera Elena de Toro, per a donar minuts a tota la plantilla disponible. Les ocasions grogues no van tardar a arribar, estrenant-se com a golejadores tant Mar\u00eda Llompart com Roc\u00edo Garc\u00eda en cinc minuts. El partit finalitzava amb un gol de Bel\u00e9n des del punt de penal."},{"type":"paragraph","text":"El pr\u00f2xim comprom\u00eds de pretemporada del Villarreal Femen\u00ed, tamb\u00e9 emmarcat en el COTIF 2022, tindr\u00e0 lloc dimarts que ve 2 d\u2019agost, a les 19.30 hores, enfront del Mislata CF a \u2018Els Arcs\u2019 a L\u2019Alc\u00fadia."},{"type":"paragraph","text":"Fitxa t\u00e8cnica:"},{"type":"paragraph","text":"SPA Alicante: Paula Pe\u00f1a (m. 44, Luc\u00eda Palomares); Valeria Arroniz; Luc\u00eda Vicedo; Mar\u00eda Jos\u00e9 Ruiz (m. 54, Alba Puerto); Ainhoa Olivera (m. 44, Ana Araez); Amanda Gonz\u00e1lez (m. 44, Mar\u00eda Villanueva); Alejandra D\u00edaz (m. 44, Paula Ubeda); Alika Koval (m. 54, Carla Alemany); Yenifer S\u00e1nchez; A\u00edda Samper (m. 54, Paola Guzm\u00e1n) i Marta Herrero."},{"type":"paragraph","text":"Villarreal Femen\u00ed: Elena de Toro; I. Migu\u00e9lez (m. 36, Nerea); Sheila (m. 36, Roc\u00edo); Kanteh (m. 36, Bel\u00e9n); Claudia I. (m. 36, M. Llompart); Soldevila (m. 36, C. Robles); Ainoa (m. 36, Bea Prades); Lara Mata (m. 36, C. Cubedo); Vera Rico (m. 36, Estefa); Mar\u00eda (m. 36, Cienfu) i Albeta (m. 46, Mar)."},{"type":"paragraph","text":"Gols: 0-1. Min. 18: Lara Mata. 0-2. Min. 29: Sheila. 0-3. Min. 33: Sheila. 0-4. Min. 37: M. Llompart. 0-5. Min. 41: Roc\u00edo. 0-6. Min. 59: Bel\u00e9n (p)."},{"type":"paragraph","text":"\u00c0rbitre: Alexandra Gherogita"},{"type":"paragraph","text":"Incid\u00e8ncies: Partit de pretemporada entre l\u2019SPA Alacant i el Villareal Femen\u00ed, corresponent al COTIF 2022, celebrat en les instal\u00b7lacions de \u2018Els Arcs\u2019 a L\u2019Alc\u00fadia"}],"buttons":[],"images":[{"type":"image","url":"https:\/\/villarrealcf.es\/\/wp-content\/uploads\/2022\/07\/0f62ce8a31a5d94a8d79cd773cf95349.jpg","alt":"||||","width":819,"height":460,"srcset":"https:\/\/villarrealcf.es\/wp-content\/uploads\/2022\/07\/0f62ce8a31a5d94a8d79cd773cf95349.jpg 819w, https:\/\/villarrealcf.es\/\/wp-content\/uploads\/2022\/07\/0f62ce8a31a5d94a8d79cd773cf95349.jpg 1920w, https:\/\/villarrealcf.es\/\/wp-content\/uploads\/2022\/07\/0f62ce8a31a5d94a8d79cd773cf95349.jpg 1920w, https:\/\/villarrealcf.es\/\/wp-content\/uploads\/2022\/07\/0f62ce8a31a5d94a8d79cd773cf95349.jpg 1920w, https:\/\/villarrealcf.es\/wp-content\/uploads\/2022\/07\/0f62ce8a31a5d94a8d79cd773cf95349-32x18.jpg 32w, https:\/\/villarrealcf.es\/wp-content\/uploads\/2022\/07\/0f62ce8a31a5d94a8d79cd773cf95349-150x84.jpg 150w, https:\/\/villarrealcf.es\/\/wp-content\/uploads\/2022\/07\/0f62ce8a31a5d94a8d79cd773cf95349.jpg 1920w","sizes":"auto, (max-width: 819px) 100vw, 819px"}],"widgets":[],"blocks":[{"type":"image","url":"https:\/\/villarrealcf.es\/\/wp-content\/uploads\/2022\/07\/0f62ce8a31a5d94a8d79cd773cf95349.jpg","alt":"||||","width":819,"height":460,"srcset":"https:\/\/villarrealcf.es\/wp-content\/uploads\/2022\/07\/0f62ce8a31a5d94a8d79cd773cf95349.jpg 819w, https:\/\/villarrealcf.es\/\/wp-content\/uploads\/2022\/07\/0f62ce8a31a5d94a8d79cd773cf95349.jpg 1920w, https:\/\/villarrealcf.es\/\/wp-content\/uploads\/2022\/07\/0f62ce8a31a5d94a8d79cd773cf95349.jpg 1920w, https:\/\/villarrealcf.es\/\/wp-content\/uploads\/2022\/07\/0f62ce8a31a5d94a8d79cd773cf95349.jpg 1920w, https:\/\/villarrealcf.es\/wp-content\/uploads\/2022\/07\/0f62ce8a31a5d94a8d79cd773cf95349-32x18.jpg 32w, https:\/\/villarrealcf.es\/wp-content\/uploads\/2022\/07\/0f62ce8a31a5d94a8d79cd773cf95349-150x84.jpg 150w, https:\/\/villarrealcf.es\/\/wp-content\/uploads\/2022\/07\/0f62ce8a31a5d94a8d79cd773cf95349.jpg 1920w","sizes":"auto, (max-width: 819px) 100vw, 819px"},{"type":"paragraph","text":"Les groguetes han comen\u00e7at la seua marxa en el COTIF amb una gran vict\u00f2ria davant l\u2019SPA Alacant"},{"type":"paragraph","text":"El Villarreal Femen\u00ed ha comen\u00e7at amb bon peu la seua participaci\u00f3 en el COTIF 2022 i, per tant, la seua pretemporada. Les futbolistes grogues afrontaven la seua participaci\u00f3 en el torneig amb la m\u00e0xima il\u00b7lusi\u00f3, superant el primer test amb nota en v\u00e9ncer per 0-6 amb gols de Lara Mata, Sheila, Llompart, Roc\u00edo i Bel\u00e9n."},{"type":"paragraph","text":"L\u2019inici del partit va mostrar a un Villarreal Femen\u00ed molt combatiu, amb iniciativa en atac i, sobretot, fam de gol. De fet, les futbolistes grogues van crear perill des dels primers compassos del partit. La portera del conjunt alacant\u00ed va aconseguir bloquejar dos trets molt potents de Sheila i Claudia Iglesias."},{"type":"paragraph","text":"El primer gol de les de Sara Monforte va arribar superat l\u2019equador de la primera part. Lara Mata va aprofitar una passada de Claudia Iglesias per a espentar l\u2019esf\u00e8ric al fons de la xarxa. Pocs minuts despr\u00e9s, la dupla formada per Fatou Kanteh i Sheila Guijarro va tornar a amena\u00e7ar en diverses ocasions, que van acabar amb dues dianes de la davantera valenciana. D\u2019aquesta manera, les groguetes van arribar amb un avantatge de tres gols al descans."},{"type":"paragraph","text":"En la segona part, Sara Monforte va optar per canviar a l\u2019equip quasi al complet, a excepci\u00f3 de la portera Elena de Toro, per a donar minuts a tota la plantilla disponible. Les ocasions grogues no van tardar a arribar, estrenant-se com a golejadores tant Mar\u00eda Llompart com Roc\u00edo Garc\u00eda en cinc minuts. El partit finalitzava amb un gol de Bel\u00e9n des del punt de penal."},{"type":"paragraph","text":"El pr\u00f2xim comprom\u00eds de pretemporada del Villarreal Femen\u00ed, tamb\u00e9 emmarcat en el COTIF 2022, tindr\u00e0 lloc dimarts que ve 2 d\u2019agost, a les 19.30 hores, enfront del Mislata CF a \u2018Els Arcs\u2019 a L\u2019Alc\u00fadia."},{"type":"paragraph","text":"Fitxa t\u00e8cnica:"},{"type":"paragraph","text":"SPA Alicante: Paula Pe\u00f1a (m. 44, Luc\u00eda Palomares); Valeria Arroniz; Luc\u00eda Vicedo; Mar\u00eda Jos\u00e9 Ruiz (m. 54, Alba Puerto); Ainhoa Olivera (m. 44, Ana Araez); Amanda Gonz\u00e1lez (m. 44, Mar\u00eda Villanueva); Alejandra D\u00edaz (m. 44, Paula Ubeda); Alika Koval (m. 54, Carla Alemany); Yenifer S\u00e1nchez; A\u00edda Samper (m. 54, Paola Guzm\u00e1n) i Marta Herrero."},{"type":"paragraph","text":"Villarreal Femen\u00ed: Elena de Toro; I. Migu\u00e9lez (m. 36, Nerea); Sheila (m. 36, Roc\u00edo); Kanteh (m. 36, Bel\u00e9n); Claudia I. (m. 36, M. Llompart); Soldevila (m. 36, C. Robles); Ainoa (m. 36, Bea Prades); Lara Mata (m. 36, C. Cubedo); Vera Rico (m. 36, Estefa); Mar\u00eda (m. 36, Cienfu) i Albeta (m. 46, Mar)."},{"type":"paragraph","text":"Gols: 0-1. Min. 18: Lara Mata. 0-2. Min. 29: Sheila. 0-3. Min. 33: Sheila. 0-4. Min. 37: M. Llompart. 0-5. Min. 41: Roc\u00edo. 0-6. Min. 59: Bel\u00e9n (p)."},{"type":"paragraph","text":"\u00c0rbitre: Alexandra Gherogita"},{"type":"paragraph","text":"Incid\u00e8ncies: Partit de pretemporada entre l\u2019SPA Alacant i el Villareal Femen\u00ed, corresponent al COTIF 2022, celebrat en les instal\u00b7lacions de \u2018Els Arcs\u2019 a L\u2019Alc\u00fadia"}]}},"sections":[{"id":"section-1","title":"","text":"Les groguetes han comen\u00e7at la seua marxa en el COTIF amb una gran vict\u00f2ria davant l\u2019SPA Alacant El Villarreal Femen\u00ed ha comen\u00e7at amb bon peu la seua participaci\u00f3 en el COTIF 2022 i, per tant, la seua pretemporada. Les futbolistes grogues afrontaven la seua participaci\u00f3 en el torneig amb la m\u00e0xima il\u00b7lusi\u00f3, superant el primer test amb nota en v\u00e9ncer per 0-6 amb gols de Lara Mata, Sheila, Llompart, Roc\u00edo i Bel\u00e9n. L\u2019inici del partit va mostrar a un Villarreal Femen\u00ed molt combatiu, amb iniciativa en atac i, sobretot, fam de gol. De fet, les futbolistes grogues van crear perill des dels primers compassos del partit. La portera del conjunt alacant\u00ed va aconseguir bloquejar dos trets molt potents de Sheila i Claudia Iglesias. El primer gol de les de Sara Monforte va arribar superat l\u2019equador de la primera part. Lara Mata va aprofitar una passada de Claudia Iglesias per a espentar l\u2019esf\u00e8ric al fons de la xarxa. Pocs minuts despr\u00e9s, la dupla formada per Fatou Kanteh i Sheila Guijarro va tornar a amena\u00e7ar en diverses ocasions, que van acabar amb dues dianes de la davantera valenciana. D\u2019aquesta manera, les groguetes van arribar amb un avantatge de tres gols al descans. En la segona part, Sara Monforte va optar per canviar a l\u2019equip quasi al complet, a excepci\u00f3 de la portera Elena de Toro, per a donar minuts a tota la plantilla disponible. Les ocasions grogues no van tardar a arribar, estrenant-se com a golejadores tant Mar\u00eda Llompart com Roc\u00edo Garc\u00eda en cinc minuts. El partit finalitzava amb un gol de Bel\u00e9n des del punt de penal. El pr\u00f2xim comprom\u00eds de pretemporada del Villarreal Femen\u00ed, tamb\u00e9 emmarcat en el COTIF 2022, tindr\u00e0 lloc dimarts que ve 2 d\u2019agost, a les 19.30 hores, enfront del Mislata CF a \u2018Els Arcs\u2019 a L\u2019Alc\u00fadia. Fitxa t\u00e8cnica: SPA Alicante: Paula Pe\u00f1a (m. 44, Luc\u00eda Palomares); Valeria Arroniz; Luc\u00eda Vicedo; Mar\u00eda Jos\u00e9 Ruiz (m. 54, Alba Puerto); Ainhoa Olivera (m. 44, Ana Araez); Amanda Gonz\u00e1lez (m. 44, Mar\u00eda Villanueva); Alejandra D\u00edaz (m. 44, Paula Ubeda); Alika Koval (m. 54, Carla Alemany); Yenifer S\u00e1nchez; A\u00edda Samper (m. 54, Paola Guzm\u00e1n) i Marta Herrero. Villarreal Femen\u00ed: Elena de Toro; I. Migu\u00e9lez (m. 36, Nerea); Sheila (m. 36, Roc\u00edo); Kanteh (m. 36, Bel\u00e9n); Claudia I. (m. 36, M. Llompart); Soldevila (m. 36, C. Robles); Ainoa (m. 36, Bea Prades); Lara Mata (m. 36, C. Cubedo); Vera Rico (m. 36, Estefa); Mar\u00eda (m. 36, Cienfu) i Albeta (m. 46, Mar). Gols: 0-1. Min. 18: Lara Mata. 0-2. Min. 29: Sheila. 0-3. Min. 33: Sheila. 0-4. Min. 37: M. Llompart. 0-5. Min. 41: Roc\u00edo. 0-6. Min. 59: Bel\u00e9n (p). \u00c0rbitre: Alexandra Gherogita Incid\u00e8ncies: Partit de pretemporada entre l\u2019SPA Alacant i el Villareal Femen\u00ed, corresponent al COTIF 2022, celebrat en les instal\u00b7lacions de \u2018Els Arcs\u2019 a L\u2019Alc\u00fadia","url":"","background_image":"","images":[{"type":"image","url":"https:\/\/villarrealcf.es\/\/wp-content\/uploads\/2022\/07\/0f62ce8a31a5d94a8d79cd773cf95349.jpg","alt":"||||","width":819,"height":460,"srcset":"https:\/\/villarrealcf.es\/wp-content\/uploads\/2022\/07\/0f62ce8a31a5d94a8d79cd773cf95349.jpg 819w, https:\/\/villarrealcf.es\/\/wp-content\/uploads\/2022\/07\/0f62ce8a31a5d94a8d79cd773cf95349.jpg 1920w, https:\/\/villarrealcf.es\/\/wp-content\/uploads\/2022\/07\/0f62ce8a31a5d94a8d79cd773cf95349.jpg 1920w, https:\/\/villarrealcf.es\/\/wp-content\/uploads\/2022\/07\/0f62ce8a31a5d94a8d79cd773cf95349.jpg 1920w, https:\/\/villarrealcf.es\/wp-content\/uploads\/2022\/07\/0f62ce8a31a5d94a8d79cd773cf95349-32x18.jpg 32w, https:\/\/villarrealcf.es\/wp-content\/uploads\/2022\/07\/0f62ce8a31a5d94a8d79cd773cf95349-150x84.jpg 150w, https:\/\/villarrealcf.es\/\/wp-content\/uploads\/2022\/07\/0f62ce8a31a5d94a8d79cd773cf95349.jpg 1920w","sizes":"auto, (max-width: 819px) 100vw, 819px"}],"videos":[],"links":[]},{"id":"shortcode-caption-69ee9277d695a","type":"shortcode","shortcode":"caption","attributes":{"id":"attachment_186734","align":"alignnone","width":""},"title":"Caption","rendered":"","data":[],"text":"","url":"","background_image":"","images":[],"videos":[],"links":[],"blocks":[]}]},"excerpt":{"rendered":"Les groguetes han comen\u00e7at la seua marxa en el COTIF amb una gran vict\u00f2ria davant l&#8217;SPA Alacant","protected":false},"author":33,"featured_media":186734,"comment_status":"","ping_status":"","sticky":false,"template":"","format":"standard","meta":{"_acf_changed":false,"footnotes":""},"categories":[4862],"tags":[12554,12556,9434,9270,5850,5506,9205,9627,12213,9203,12685],"acf":null,"lang":"val","translations":{"val":224491},"essential_grid":{"has_grid":false},"formatted_date":"July 30, 2022","modified_date":"July 30, 2022","permalink":"https:\/\/villarrealcf.es\/val\/el-villarreal-femeni-goleja-en-el-seu-debut-0-6\/","reading_time":3,"featured_media_data":{"id":186734,"title":"||||","caption":"||||","alt_text":"","description":"","mime_type":"image\/jpeg","source_url":"https:\/\/villarrealcf.es\/wp-content\/uploads\/2022\/07\/0f62ce8a31a5d94a8d79cd773cf95349.jpg","sizes":{"thumbnail":{"url":"https:\/\/villarrealcf.es\/wp-content\/uploads\/2022\/07\/0f62ce8a31a5d94a8d79cd773cf95349-150x150.jpg","width":150,"height":150},"medium":{"url":"https:\/\/villarrealcf.es\/wp-content\/uploads\/2022\/07\/0f62ce8a31a5d94a8d79cd773cf95349-300x168.jpg","width":300,"height":168},"medium_large":{"url":"https:\/\/villarrealcf.es\/wp-content\/uploads\/2022\/07\/0f62ce8a31a5d94a8d79cd773cf95349-768x431.jpg","width":768,"height":431},"large":{"url":"https:\/\/villarrealcf.es\/wp-content\/uploads\/2022\/07\/0f62ce8a31a5d94a8d79cd773cf95349.jpg","width":788,"height":443},"1536x1536":{"url":"https:\/\/villarrealcf.es\/wp-content\/uploads\/2022\/07\/0f62ce8a31a5d94a8d79cd773cf95349.jpg","width":819,"height":460},"2048x2048":{"url":"https:\/\/villarrealcf.es\/wp-content\/uploads\/2022\/07\/0f62ce8a31a5d94a8d79cd773cf95349.jpg","width":819,"height":460},"tp-image-grid":{"url":"https:\/\/villarrealcf.es\/wp-content\/uploads\/2022\/07\/0f62ce8a31a5d94a8d79cd773cf95349-700x460.jpg","width":700,"height":460},"size-bunyad-medium":{"url":"https:\/\/villarrealcf.es\/wp-content\/uploads\/2022\/07\/0f62ce8a31a5d94a8d79cd773cf95349.jpg","width":819,"height":460},"sportspress-crop-medium":{"url":"https:\/\/villarrealcf.es\/wp-content\/uploads\/2022\/07\/0f62ce8a31a5d94a8d79cd773cf95349-300x300.jpg","width":300,"height":300},"sportspress-fit-medium":{"url":"https:\/\/villarrealcf.es\/wp-content\/uploads\/2022\/07\/0f62ce8a31a5d94a8d79cd773cf95349-300x168.jpg","width":300,"height":168},"sportspress-fit-icon":{"url":"https:\/\/villarrealcf.es\/wp-content\/uploads\/2022\/07\/0f62ce8a31a5d94a8d79cd773cf95349-128x72.jpg","width":128,"height":72},"sportspress-fit-mini":{"url":"https:\/\/villarrealcf.es\/wp-content\/uploads\/2022\/07\/0f62ce8a31a5d94a8d79cd773cf95349-32x18.jpg","width":32,"height":18},"bunyad-small":{"url":"https:\/\/villarrealcf.es\/wp-content\/uploads\/2022\/07\/0f62ce8a31a5d94a8d79cd773cf95349-150x84.jpg","width":150,"height":84},"bunyad-medium":{"url":"https:\/\/villarrealcf.es\/wp-content\/uploads\/2022\/07\/0f62ce8a31a5d94a8d79cd773cf95349-450x253.jpg","width":450,"height":253},"bunyad-full":{"url":"https:\/\/villarrealcf.es\/wp-content\/uploads\/2022\/07\/0f62ce8a31a5d94a8d79cd773cf95349.jpg","width":819,"height":460},"bunyad-viewport":{"url":"https:\/\/villarrealcf.es\/wp-content\/uploads\/2022\/07\/0f62ce8a31a5d94a8d79cd773cf95349.jpg","width":819,"height":460},"bunyad-768":{"url":"https:\/\/villarrealcf.es\/wp-content\/uploads\/2022\/07\/0f62ce8a31a5d94a8d79cd773cf95349-768x431.jpg","width":768,"height":431},"full":{"url":"https:\/\/villarrealcf.es\/wp-content\/uploads\/2022\/07\/0f62ce8a31a5d94a8d79cd773cf95349.jpg","width":819,"height":460}}},"author_data":{"id":"33","name":"Nacho Tejada","first_name":"Nacho","last_name":"Tejada","description":"","avatar_url":"https:\/\/secure.gravatar.com\/avatar\/b1580534b2fcd93e031504756165758941290488df5c88966a26f84344931fd1?s=96&d=mm&r=g","acf":null},"taxonomies_data":{"category":[{"id":4862,"name":"Futbol femen\u00ed","slug":"futbol-femeni","acf":null}],"post_tag":[{"id":12554,"name":"#Football","slug":"football-val","acf":null},{"id":12556,"name":"#Soccer","slug":"soccer-val","acf":null},{"id":9434,"name":"Femenino A","slug":"femenino-a-val","acf":null},{"id":9270,"name":"Futbol","slug":"futbol-val","acf":null},{"id":5850,"name":"F\u00fatbol Femenino Val","slug":"futbol-femenino-val","acf":null},{"id":5506,"name":"Pretemporada","slug":"pretemporada","acf":null},{"id":9205,"name":"Submarino","slug":"submarino-val","acf":null},{"id":9627,"name":"Submarino Amarillo","slug":"submarino-amarillo-val","acf":null},{"id":12213,"name":"Teika","slug":"teika-val","acf":null},{"id":9203,"name":"Villarreal CF","slug":"villarreal-cf-val","acf":null},{"id":12685,"name":"Villarreal Femenino","slug":"villarreal-femenino-val","acf":null}],"translation_priority":[{"id":735,"name":"Optional","slug":"optional-val","acf":null}]},"seo_full":{"native":{"title":"El Villarreal Femen\u00ed goleja en el seu debut (0-6) - Web Oficial del Villarreal CF","description":"[caption id=\"attachment_186734\" align=\"alignnone\" width=\"\"]||||[\/caption]Les groguetes han comen\u00e7at la seua marxa en el COTIF amb una gran vict\u00f2ria davant l'SPA Alacant&hellip;","canonical":"https:\/\/villarrealcf.es\/val\/el-villarreal-femeni-goleja-en-el-seu-debut-0-6\/"}},"_links":{"self":[{"href":"https:\/\/villarrealcf.es\/val\/wp-json\/wp\/v2\/posts\/224491","targetHints":{"allow":["GET"]}}],"collection":[{"href":"https:\/\/villarrealcf.es\/val\/wp-json\/wp\/v2\/posts"}],"about":[{"href":"https:\/\/villarrealcf.es\/val\/wp-json\/wp\/v2\/types\/post"}],"author":[{"embeddable":true,"href":"https:\/\/villarrealcf.es\/val\/wp-json\/wp\/v2\/users\/33"}],"replies":[{"embeddable":true,"href":"https:\/\/villarrealcf.es\/val\/wp-json\/wp\/v2\/comments?post=224491"}],"version-history":[{"count":0,"href":"https:\/\/villarrealcf.es\/val\/wp-json\/wp\/v2\/posts\/224491\/revisions"}],"wp:featuredmedia":[{"embeddable":true,"href":"https:\/\/villarrealcf.es\/val\/wp-json\/wp\/v2\/media\/186734"}],"wp:attachment":[{"href":"https:\/\/villarrealcf.es\/val\/wp-json\/wp\/v2\/media?parent=224491"}],"wp:term":[{"taxonomy":"category","embeddable":true,"href":"https:\/\/villarrealcf.es\/val\/wp-json\/wp\/v2\/categories?post=224491"},{"taxonomy":"post_tag","embeddable":true,"href":"https:\/\/villarrealcf.es\/val\/wp-json\/wp\/v2\/tags?post=224491"}],"curies":[{"name":"wp","href":"https:\/\/api.w.org\/{rel}","templated":true}]}}