{"id":224463,"date":"2022-07-29T13:48:00","date_gmt":"2022-07-29T11:48:00","guid":{"rendered":"https:\/\/villarrealcf.es\/\/southampton-primera-prova-en-terres-angleses\/"},"modified":"2022-07-29T13:48:00","modified_gmt":"2022-07-29T11:48:00","slug":"southampton-primera-prova-en-terres-angleses","status":"publish","type":"post","link":"https:\/\/villarrealcf.es\/val\/southampton-primera-prova-en-terres-angleses\/","title":{"rendered":"Southampton: primera prova en terres angleses"},"content":{"protected":false,"blocks":[{"type":"image","url":"https:\/\/villarrealcf.es\/\/wp-content\/uploads\/2022\/07\/7d154862ebd51b8f3e0bb3e6c643794f.jpg","alt":"||||","width":819,"height":460,"srcset":"https:\/\/villarrealcf.es\/wp-content\/uploads\/2022\/07\/7d154862ebd51b8f3e0bb3e6c643794f.jpg 819w, https:\/\/villarrealcf.es\/\/wp-content\/uploads\/2022\/07\/7d154862ebd51b8f3e0bb3e6c643794f.jpg 1920w, https:\/\/villarrealcf.es\/\/wp-content\/uploads\/2022\/07\/7d154862ebd51b8f3e0bb3e6c643794f.jpg 1920w, https:\/\/villarrealcf.es\/\/wp-content\/uploads\/2022\/07\/7d154862ebd51b8f3e0bb3e6c643794f.jpg 1920w, https:\/\/villarrealcf.es\/wp-content\/uploads\/2022\/07\/7d154862ebd51b8f3e0bb3e6c643794f-32x18.jpg 32w, https:\/\/villarrealcf.es\/wp-content\/uploads\/2022\/07\/7d154862ebd51b8f3e0bb3e6c643794f-150x84.jpg 150w, https:\/\/villarrealcf.es\/\/wp-content\/uploads\/2022\/07\/7d154862ebd51b8f3e0bb3e6c643794f.jpg 1920w","sizes":"auto, (max-width: 819px) 100vw, 819px"},{"type":"paragraph","text":"Despr\u00e9s de passar per Portugal, Pa\u00efsos Baixos i Fran\u00e7a, el Villarreal aterra en el sud d\u2019Anglaterra per a enfrontar-se al Southampton"},{"type":"paragraph","text":"El Villarreal CF aterra dem\u00e0 a Londres per a seguir amb la seua preparaci\u00f3 de cara a l\u2019inici de LaLiga Santander despr\u00e9s de guanyar 0-1 al Stade de Reims en l\u2019Stade Auguste Delaune. El conjunt d\u2019Unai Emery jugar\u00e0 el dissabte contra els \u2018saints\u2019 en el St. Mary\u2019s Stadium, a partir de les 16.00 hores, i es podr\u00e0 seguir en directe a trav\u00e9s de GOL."},{"type":"paragraph","text":"L\u2019equip brit\u00e0nic \u00e9s un hist\u00f2ric de la Premier League, va ser fundat en 1885 i ja ha disputat 87 temporades en la m\u00e0xima categoria del futbol angl\u00e9s. A m\u00e9s, en 2001 va renovar la que hui a la seua casa, St. Mary\u2019s Stadium, on jugar\u00e0 el conjunt groc. La temporada anterior els blanc-i-vermells van aconseguir salvar la categoria quedant quinzens en Premier League, sobretot gr\u00e0cies a l\u2019actuaci\u00f3 d\u2019un de les seues jugadors refer\u00e8ncia, James Ward-Prowse, qui va anotar 10 gols i va donar 5 assist\u00e8ncies en 36 partits. En la seua participaci\u00f3 en l\u2019EFL Cup, l\u2019equip dirigit per Ralph Hasenh\u00fcttl va caure en huitens de final mentre que en la FA Cup ho va fer en quarts enfront del Manchester City."},{"type":"paragraph","text":"Amb una immensa hist\u00f2ria com a ciutat, perqu\u00e8 Southampton posseeix un dels principals ports mar\u00edtims del Regne Unit, el conjunt angl\u00e9s \u00e9s un equip que destaca per la formaci\u00f3 de jugadors, ja que homes de la talla de Gareth Bale o Theo Walcott han eixit de les categories inferiors dels \u2018saints\u2019 i fins i tot uns altres com Virgil Van Djik o Sadio Man\u00e9 han vestit la samarreta de l\u2019hist\u00f2ric angl\u00e9s en algun moment de la seua carrera."}],"structured":{"summary":{"text":"Despr\u00e9s de passar per Portugal, Pa\u00efsos Baixos i Fran\u00e7a, el Villarreal aterra en el sud d\u2019Anglaterra per a enfrontar-se al Southampton El Villarreal CF aterra dem\u00e0 a Londres per a seguir amb la seua preparaci\u00f3 de cara a l\u2019inici de LaLiga Santander despr\u00e9s de guanyar 0-1 al Stade de Reims en l\u2019Stade Auguste Delaune. El conjunt d\u2019Unai Emery jugar\u00e0 el dissabte contra els \u2018saints\u2019 en el St. Mary\u2019s Stadium, a partir de les 16.00 hores, i es podr\u00e0 seguir en directe a trav\u00e9s de GOL. L\u2019equip brit\u00e0nic \u00e9s un hist\u00f2ric de la Premier League, va ser fundat en 1885 i ja ha disputat 87 temporades en la m\u00e0xima categoria del futbol angl\u00e9s. A m\u00e9s, en 2001 va renovar la que hui a la seua casa, St. Mary\u2019s Stadium, on jugar\u00e0 el conjunt groc. La temporada anterior els blanc-i-vermells van aconseguir salvar la categoria quedant quinzens en Premier League, sobretot gr\u00e0cies a l\u2019actuaci\u00f3 d\u2019un de les seues jugadors refer\u00e8ncia, James Ward-Prowse, qui va anotar 10 gols i va donar 5 assist\u00e8ncies en 36 partits. En la seua participaci\u00f3 en l\u2019EFL Cup, l\u2019equip dirigit per Ralph Hasenh\u00fcttl va caure en huitens de final mentre que en la FA Cup ho va fer en quarts enfront del Manchester City. Amb una immensa hist\u00f2ria com a ciutat, perqu\u00e8 Southampton posseeix un dels principals ports mar\u00edtims del Regne Unit, el conjunt angl\u00e9s \u00e9s un equip que destaca per la formaci\u00f3 de jugadors, ja que homes de la talla de Gareth Bale o Theo Walcott han eixit de les categories inferiors dels \u2018saints\u2019 i fins i tot uns altres com Virgil Van Djik o Sadio Man\u00e9 han vestit la samarreta de l\u2019hist\u00f2ric angl\u00e9s en algun moment de la seua carrera.","headings":[],"buttons":[],"images":[{"type":"image","url":"https:\/\/villarrealcf.es\/\/wp-content\/uploads\/2022\/07\/7d154862ebd51b8f3e0bb3e6c643794f.jpg","alt":"||||","width":819,"height":460,"srcset":"https:\/\/villarrealcf.es\/wp-content\/uploads\/2022\/07\/7d154862ebd51b8f3e0bb3e6c643794f.jpg 819w, https:\/\/villarrealcf.es\/\/wp-content\/uploads\/2022\/07\/7d154862ebd51b8f3e0bb3e6c643794f.jpg 1920w, https:\/\/villarrealcf.es\/\/wp-content\/uploads\/2022\/07\/7d154862ebd51b8f3e0bb3e6c643794f.jpg 1920w, https:\/\/villarrealcf.es\/\/wp-content\/uploads\/2022\/07\/7d154862ebd51b8f3e0bb3e6c643794f.jpg 1920w, https:\/\/villarrealcf.es\/wp-content\/uploads\/2022\/07\/7d154862ebd51b8f3e0bb3e6c643794f-32x18.jpg 32w, https:\/\/villarrealcf.es\/wp-content\/uploads\/2022\/07\/7d154862ebd51b8f3e0bb3e6c643794f-150x84.jpg 150w, https:\/\/villarrealcf.es\/\/wp-content\/uploads\/2022\/07\/7d154862ebd51b8f3e0bb3e6c643794f.jpg 1920w","sizes":"auto, (max-width: 819px) 100vw, 819px"}],"counts":{"blocks":5,"headings":0,"texts":4,"buttons":0,"images":1}},"sections":[{"id":"section-1","title":"","text":"Despr\u00e9s de passar per Portugal, Pa\u00efsos Baixos i Fran\u00e7a, el Villarreal aterra en el sud d\u2019Anglaterra per a enfrontar-se al Southampton El Villarreal CF aterra dem\u00e0 a Londres per a seguir amb la seua preparaci\u00f3 de cara a l\u2019inici de LaLiga Santander despr\u00e9s de guanyar 0-1 al Stade de Reims en l\u2019Stade Auguste Delaune. El conjunt d\u2019Unai Emery jugar\u00e0 el dissabte contra els \u2018saints\u2019 en el St. Mary\u2019s Stadium, a partir de les 16.00 hores, i es podr\u00e0 seguir en directe a trav\u00e9s de GOL. L\u2019equip brit\u00e0nic \u00e9s un hist\u00f2ric de la Premier League, va ser fundat en 1885 i ja ha disputat 87 temporades en la m\u00e0xima categoria del futbol angl\u00e9s. A m\u00e9s, en 2001 va renovar la que hui a la seua casa, St. Mary\u2019s Stadium, on jugar\u00e0 el conjunt groc. La temporada anterior els blanc-i-vermells van aconseguir salvar la categoria quedant quinzens en Premier League, sobretot gr\u00e0cies a l\u2019actuaci\u00f3 d\u2019un de les seues jugadors refer\u00e8ncia, James Ward-Prowse, qui va anotar 10 gols i va donar 5 assist\u00e8ncies en 36 partits. En la seua participaci\u00f3 en l\u2019EFL Cup, l\u2019equip dirigit per Ralph Hasenh\u00fcttl va caure en huitens de final mentre que en la FA Cup ho va fer en quarts enfront del Manchester City. Amb una immensa hist\u00f2ria com a ciutat, perqu\u00e8 Southampton posseeix un dels principals ports mar\u00edtims del Regne Unit, el conjunt angl\u00e9s \u00e9s un equip que destaca per la formaci\u00f3 de jugadors, ja que homes de la talla de Gareth Bale o Theo Walcott han eixit de les categories inferiors dels \u2018saints\u2019 i fins i tot uns altres com Virgil Van Djik o Sadio Man\u00e9 han vestit la samarreta de l\u2019hist\u00f2ric angl\u00e9s en algun moment de la seua carrera.","headings":[],"texts":[{"type":"paragraph","text":"Despr\u00e9s de passar per Portugal, Pa\u00efsos Baixos i Fran\u00e7a, el Villarreal aterra en el sud d\u2019Anglaterra per a enfrontar-se al Southampton"},{"type":"paragraph","text":"El Villarreal CF aterra dem\u00e0 a Londres per a seguir amb la seua preparaci\u00f3 de cara a l\u2019inici de LaLiga Santander despr\u00e9s de guanyar 0-1 al Stade de Reims en l\u2019Stade Auguste Delaune. El conjunt d\u2019Unai Emery jugar\u00e0 el dissabte contra els \u2018saints\u2019 en el St. Mary\u2019s Stadium, a partir de les 16.00 hores, i es podr\u00e0 seguir en directe a trav\u00e9s de GOL."},{"type":"paragraph","text":"L\u2019equip brit\u00e0nic \u00e9s un hist\u00f2ric de la Premier League, va ser fundat en 1885 i ja ha disputat 87 temporades en la m\u00e0xima categoria del futbol angl\u00e9s. A m\u00e9s, en 2001 va renovar la que hui a la seua casa, St. Mary\u2019s Stadium, on jugar\u00e0 el conjunt groc. La temporada anterior els blanc-i-vermells van aconseguir salvar la categoria quedant quinzens en Premier League, sobretot gr\u00e0cies a l\u2019actuaci\u00f3 d\u2019un de les seues jugadors refer\u00e8ncia, James Ward-Prowse, qui va anotar 10 gols i va donar 5 assist\u00e8ncies en 36 partits. En la seua participaci\u00f3 en l\u2019EFL Cup, l\u2019equip dirigit per Ralph Hasenh\u00fcttl va caure en huitens de final mentre que en la FA Cup ho va fer en quarts enfront del Manchester City."},{"type":"paragraph","text":"Amb una immensa hist\u00f2ria com a ciutat, perqu\u00e8 Southampton posseeix un dels principals ports mar\u00edtims del Regne Unit, el conjunt angl\u00e9s \u00e9s un equip que destaca per la formaci\u00f3 de jugadors, ja que homes de la talla de Gareth Bale o Theo Walcott han eixit de les categories inferiors dels \u2018saints\u2019 i fins i tot uns altres com Virgil Van Djik o Sadio Man\u00e9 han vestit la samarreta de l\u2019hist\u00f2ric angl\u00e9s en algun moment de la seua carrera."}],"buttons":[],"images":[{"type":"image","url":"https:\/\/villarrealcf.es\/\/wp-content\/uploads\/2022\/07\/7d154862ebd51b8f3e0bb3e6c643794f.jpg","alt":"||||","width":819,"height":460,"srcset":"https:\/\/villarrealcf.es\/wp-content\/uploads\/2022\/07\/7d154862ebd51b8f3e0bb3e6c643794f.jpg 819w, https:\/\/villarrealcf.es\/\/wp-content\/uploads\/2022\/07\/7d154862ebd51b8f3e0bb3e6c643794f.jpg 1920w, https:\/\/villarrealcf.es\/\/wp-content\/uploads\/2022\/07\/7d154862ebd51b8f3e0bb3e6c643794f.jpg 1920w, https:\/\/villarrealcf.es\/\/wp-content\/uploads\/2022\/07\/7d154862ebd51b8f3e0bb3e6c643794f.jpg 1920w, https:\/\/villarrealcf.es\/wp-content\/uploads\/2022\/07\/7d154862ebd51b8f3e0bb3e6c643794f-32x18.jpg 32w, https:\/\/villarrealcf.es\/wp-content\/uploads\/2022\/07\/7d154862ebd51b8f3e0bb3e6c643794f-150x84.jpg 150w, https:\/\/villarrealcf.es\/\/wp-content\/uploads\/2022\/07\/7d154862ebd51b8f3e0bb3e6c643794f.jpg 1920w","sizes":"auto, (max-width: 819px) 100vw, 819px"}],"widgets":[],"blocks":[{"type":"image","url":"https:\/\/villarrealcf.es\/\/wp-content\/uploads\/2022\/07\/7d154862ebd51b8f3e0bb3e6c643794f.jpg","alt":"||||","width":819,"height":460,"srcset":"https:\/\/villarrealcf.es\/wp-content\/uploads\/2022\/07\/7d154862ebd51b8f3e0bb3e6c643794f.jpg 819w, https:\/\/villarrealcf.es\/\/wp-content\/uploads\/2022\/07\/7d154862ebd51b8f3e0bb3e6c643794f.jpg 1920w, https:\/\/villarrealcf.es\/\/wp-content\/uploads\/2022\/07\/7d154862ebd51b8f3e0bb3e6c643794f.jpg 1920w, https:\/\/villarrealcf.es\/\/wp-content\/uploads\/2022\/07\/7d154862ebd51b8f3e0bb3e6c643794f.jpg 1920w, https:\/\/villarrealcf.es\/wp-content\/uploads\/2022\/07\/7d154862ebd51b8f3e0bb3e6c643794f-32x18.jpg 32w, https:\/\/villarrealcf.es\/wp-content\/uploads\/2022\/07\/7d154862ebd51b8f3e0bb3e6c643794f-150x84.jpg 150w, https:\/\/villarrealcf.es\/\/wp-content\/uploads\/2022\/07\/7d154862ebd51b8f3e0bb3e6c643794f.jpg 1920w","sizes":"auto, (max-width: 819px) 100vw, 819px"},{"type":"paragraph","text":"Despr\u00e9s de passar per Portugal, Pa\u00efsos Baixos i Fran\u00e7a, el Villarreal aterra en el sud d\u2019Anglaterra per a enfrontar-se al Southampton"},{"type":"paragraph","text":"El Villarreal CF aterra dem\u00e0 a Londres per a seguir amb la seua preparaci\u00f3 de cara a l\u2019inici de LaLiga Santander despr\u00e9s de guanyar 0-1 al Stade de Reims en l\u2019Stade Auguste Delaune. El conjunt d\u2019Unai Emery jugar\u00e0 el dissabte contra els \u2018saints\u2019 en el St. Mary\u2019s Stadium, a partir de les 16.00 hores, i es podr\u00e0 seguir en directe a trav\u00e9s de GOL."},{"type":"paragraph","text":"L\u2019equip brit\u00e0nic \u00e9s un hist\u00f2ric de la Premier League, va ser fundat en 1885 i ja ha disputat 87 temporades en la m\u00e0xima categoria del futbol angl\u00e9s. A m\u00e9s, en 2001 va renovar la que hui a la seua casa, St. Mary\u2019s Stadium, on jugar\u00e0 el conjunt groc. La temporada anterior els blanc-i-vermells van aconseguir salvar la categoria quedant quinzens en Premier League, sobretot gr\u00e0cies a l\u2019actuaci\u00f3 d\u2019un de les seues jugadors refer\u00e8ncia, James Ward-Prowse, qui va anotar 10 gols i va donar 5 assist\u00e8ncies en 36 partits. En la seua participaci\u00f3 en l\u2019EFL Cup, l\u2019equip dirigit per Ralph Hasenh\u00fcttl va caure en huitens de final mentre que en la FA Cup ho va fer en quarts enfront del Manchester City."},{"type":"paragraph","text":"Amb una immensa hist\u00f2ria com a ciutat, perqu\u00e8 Southampton posseeix un dels principals ports mar\u00edtims del Regne Unit, el conjunt angl\u00e9s \u00e9s un equip que destaca per la formaci\u00f3 de jugadors, ja que homes de la talla de Gareth Bale o Theo Walcott han eixit de les categories inferiors dels \u2018saints\u2019 i fins i tot uns altres com Virgil Van Djik o Sadio Man\u00e9 han vestit la samarreta de l\u2019hist\u00f2ric angl\u00e9s en algun moment de la seua carrera."}]}],"hero":{"id":"section-1","title":"","text":"Despr\u00e9s de passar per Portugal, Pa\u00efsos Baixos i Fran\u00e7a, el Villarreal aterra en el sud d\u2019Anglaterra per a enfrontar-se al Southampton El Villarreal CF aterra dem\u00e0 a Londres per a seguir amb la seua preparaci\u00f3 de cara a l\u2019inici de LaLiga Santander despr\u00e9s de guanyar 0-1 al Stade de Reims en l\u2019Stade Auguste Delaune. El conjunt d\u2019Unai Emery jugar\u00e0 el dissabte contra els \u2018saints\u2019 en el St. Mary\u2019s Stadium, a partir de les 16.00 hores, i es podr\u00e0 seguir en directe a trav\u00e9s de GOL. L\u2019equip brit\u00e0nic \u00e9s un hist\u00f2ric de la Premier League, va ser fundat en 1885 i ja ha disputat 87 temporades en la m\u00e0xima categoria del futbol angl\u00e9s. A m\u00e9s, en 2001 va renovar la que hui a la seua casa, St. Mary\u2019s Stadium, on jugar\u00e0 el conjunt groc. La temporada anterior els blanc-i-vermells van aconseguir salvar la categoria quedant quinzens en Premier League, sobretot gr\u00e0cies a l\u2019actuaci\u00f3 d\u2019un de les seues jugadors refer\u00e8ncia, James Ward-Prowse, qui va anotar 10 gols i va donar 5 assist\u00e8ncies en 36 partits. En la seua participaci\u00f3 en l\u2019EFL Cup, l\u2019equip dirigit per Ralph Hasenh\u00fcttl va caure en huitens de final mentre que en la FA Cup ho va fer en quarts enfront del Manchester City. Amb una immensa hist\u00f2ria com a ciutat, perqu\u00e8 Southampton posseeix un dels principals ports mar\u00edtims del Regne Unit, el conjunt angl\u00e9s \u00e9s un equip que destaca per la formaci\u00f3 de jugadors, ja que homes de la talla de Gareth Bale o Theo Walcott han eixit de les categories inferiors dels \u2018saints\u2019 i fins i tot uns altres com Virgil Van Djik o Sadio Man\u00e9 han vestit la samarreta de l\u2019hist\u00f2ric angl\u00e9s en algun moment de la seua carrera.","headings":[],"texts":[{"type":"paragraph","text":"Despr\u00e9s de passar per Portugal, Pa\u00efsos Baixos i Fran\u00e7a, el Villarreal aterra en el sud d\u2019Anglaterra per a enfrontar-se al Southampton"},{"type":"paragraph","text":"El Villarreal CF aterra dem\u00e0 a Londres per a seguir amb la seua preparaci\u00f3 de cara a l\u2019inici de LaLiga Santander despr\u00e9s de guanyar 0-1 al Stade de Reims en l\u2019Stade Auguste Delaune. El conjunt d\u2019Unai Emery jugar\u00e0 el dissabte contra els \u2018saints\u2019 en el St. Mary\u2019s Stadium, a partir de les 16.00 hores, i es podr\u00e0 seguir en directe a trav\u00e9s de GOL."},{"type":"paragraph","text":"L\u2019equip brit\u00e0nic \u00e9s un hist\u00f2ric de la Premier League, va ser fundat en 1885 i ja ha disputat 87 temporades en la m\u00e0xima categoria del futbol angl\u00e9s. A m\u00e9s, en 2001 va renovar la que hui a la seua casa, St. Mary\u2019s Stadium, on jugar\u00e0 el conjunt groc. La temporada anterior els blanc-i-vermells van aconseguir salvar la categoria quedant quinzens en Premier League, sobretot gr\u00e0cies a l\u2019actuaci\u00f3 d\u2019un de les seues jugadors refer\u00e8ncia, James Ward-Prowse, qui va anotar 10 gols i va donar 5 assist\u00e8ncies en 36 partits. En la seua participaci\u00f3 en l\u2019EFL Cup, l\u2019equip dirigit per Ralph Hasenh\u00fcttl va caure en huitens de final mentre que en la FA Cup ho va fer en quarts enfront del Manchester City."},{"type":"paragraph","text":"Amb una immensa hist\u00f2ria com a ciutat, perqu\u00e8 Southampton posseeix un dels principals ports mar\u00edtims del Regne Unit, el conjunt angl\u00e9s \u00e9s un equip que destaca per la formaci\u00f3 de jugadors, ja que homes de la talla de Gareth Bale o Theo Walcott han eixit de les categories inferiors dels \u2018saints\u2019 i fins i tot uns altres com Virgil Van Djik o Sadio Man\u00e9 han vestit la samarreta de l\u2019hist\u00f2ric angl\u00e9s en algun moment de la seua carrera."}],"buttons":[],"images":[{"type":"image","url":"https:\/\/villarrealcf.es\/\/wp-content\/uploads\/2022\/07\/7d154862ebd51b8f3e0bb3e6c643794f.jpg","alt":"||||","width":819,"height":460,"srcset":"https:\/\/villarrealcf.es\/wp-content\/uploads\/2022\/07\/7d154862ebd51b8f3e0bb3e6c643794f.jpg 819w, https:\/\/villarrealcf.es\/\/wp-content\/uploads\/2022\/07\/7d154862ebd51b8f3e0bb3e6c643794f.jpg 1920w, https:\/\/villarrealcf.es\/\/wp-content\/uploads\/2022\/07\/7d154862ebd51b8f3e0bb3e6c643794f.jpg 1920w, https:\/\/villarrealcf.es\/\/wp-content\/uploads\/2022\/07\/7d154862ebd51b8f3e0bb3e6c643794f.jpg 1920w, https:\/\/villarrealcf.es\/wp-content\/uploads\/2022\/07\/7d154862ebd51b8f3e0bb3e6c643794f-32x18.jpg 32w, https:\/\/villarrealcf.es\/wp-content\/uploads\/2022\/07\/7d154862ebd51b8f3e0bb3e6c643794f-150x84.jpg 150w, https:\/\/villarrealcf.es\/\/wp-content\/uploads\/2022\/07\/7d154862ebd51b8f3e0bb3e6c643794f.jpg 1920w","sizes":"auto, (max-width: 819px) 100vw, 819px"}],"widgets":[],"blocks":[{"type":"image","url":"https:\/\/villarrealcf.es\/\/wp-content\/uploads\/2022\/07\/7d154862ebd51b8f3e0bb3e6c643794f.jpg","alt":"||||","width":819,"height":460,"srcset":"https:\/\/villarrealcf.es\/wp-content\/uploads\/2022\/07\/7d154862ebd51b8f3e0bb3e6c643794f.jpg 819w, https:\/\/villarrealcf.es\/\/wp-content\/uploads\/2022\/07\/7d154862ebd51b8f3e0bb3e6c643794f.jpg 1920w, https:\/\/villarrealcf.es\/\/wp-content\/uploads\/2022\/07\/7d154862ebd51b8f3e0bb3e6c643794f.jpg 1920w, https:\/\/villarrealcf.es\/\/wp-content\/uploads\/2022\/07\/7d154862ebd51b8f3e0bb3e6c643794f.jpg 1920w, https:\/\/villarrealcf.es\/wp-content\/uploads\/2022\/07\/7d154862ebd51b8f3e0bb3e6c643794f-32x18.jpg 32w, https:\/\/villarrealcf.es\/wp-content\/uploads\/2022\/07\/7d154862ebd51b8f3e0bb3e6c643794f-150x84.jpg 150w, https:\/\/villarrealcf.es\/\/wp-content\/uploads\/2022\/07\/7d154862ebd51b8f3e0bb3e6c643794f.jpg 1920w","sizes":"auto, (max-width: 819px) 100vw, 819px"},{"type":"paragraph","text":"Despr\u00e9s de passar per Portugal, Pa\u00efsos Baixos i Fran\u00e7a, el Villarreal aterra en el sud d\u2019Anglaterra per a enfrontar-se al Southampton"},{"type":"paragraph","text":"El Villarreal CF aterra dem\u00e0 a Londres per a seguir amb la seua preparaci\u00f3 de cara a l\u2019inici de LaLiga Santander despr\u00e9s de guanyar 0-1 al Stade de Reims en l\u2019Stade Auguste Delaune. El conjunt d\u2019Unai Emery jugar\u00e0 el dissabte contra els \u2018saints\u2019 en el St. Mary\u2019s Stadium, a partir de les 16.00 hores, i es podr\u00e0 seguir en directe a trav\u00e9s de GOL."},{"type":"paragraph","text":"L\u2019equip brit\u00e0nic \u00e9s un hist\u00f2ric de la Premier League, va ser fundat en 1885 i ja ha disputat 87 temporades en la m\u00e0xima categoria del futbol angl\u00e9s. A m\u00e9s, en 2001 va renovar la que hui a la seua casa, St. Mary\u2019s Stadium, on jugar\u00e0 el conjunt groc. La temporada anterior els blanc-i-vermells van aconseguir salvar la categoria quedant quinzens en Premier League, sobretot gr\u00e0cies a l\u2019actuaci\u00f3 d\u2019un de les seues jugadors refer\u00e8ncia, James Ward-Prowse, qui va anotar 10 gols i va donar 5 assist\u00e8ncies en 36 partits. En la seua participaci\u00f3 en l\u2019EFL Cup, l\u2019equip dirigit per Ralph Hasenh\u00fcttl va caure en huitens de final mentre que en la FA Cup ho va fer en quarts enfront del Manchester City."},{"type":"paragraph","text":"Amb una immensa hist\u00f2ria com a ciutat, perqu\u00e8 Southampton posseeix un dels principals ports mar\u00edtims del Regne Unit, el conjunt angl\u00e9s \u00e9s un equip que destaca per la formaci\u00f3 de jugadors, ja que homes de la talla de Gareth Bale o Theo Walcott han eixit de les categories inferiors dels \u2018saints\u2019 i fins i tot uns altres com Virgil Van Djik o Sadio Man\u00e9 han vestit la samarreta de l\u2019hist\u00f2ric angl\u00e9s en algun moment de la seua carrera."}]}},"sections":[{"id":"section-1","title":"","text":"Despr\u00e9s de passar per Portugal, Pa\u00efsos Baixos i Fran\u00e7a, el Villarreal aterra en el sud d\u2019Anglaterra per a enfrontar-se al Southampton El Villarreal CF aterra dem\u00e0 a Londres per a seguir amb la seua preparaci\u00f3 de cara a l\u2019inici de LaLiga Santander despr\u00e9s de guanyar 0-1 al Stade de Reims en l\u2019Stade Auguste Delaune. El conjunt d\u2019Unai Emery jugar\u00e0 el dissabte contra els \u2018saints\u2019 en el St. Mary\u2019s Stadium, a partir de les 16.00 hores, i es podr\u00e0 seguir en directe a trav\u00e9s de GOL. L\u2019equip brit\u00e0nic \u00e9s un hist\u00f2ric de la Premier League, va ser fundat en 1885 i ja ha disputat 87 temporades en la m\u00e0xima categoria del futbol angl\u00e9s. A m\u00e9s, en 2001 va renovar la que hui a la seua casa, St. Mary\u2019s Stadium, on jugar\u00e0 el conjunt groc. La temporada anterior els blanc-i-vermells van aconseguir salvar la categoria quedant quinzens en Premier League, sobretot gr\u00e0cies a l\u2019actuaci\u00f3 d\u2019un de les seues jugadors refer\u00e8ncia, James Ward-Prowse, qui va anotar 10 gols i va donar 5 assist\u00e8ncies en 36 partits. En la seua participaci\u00f3 en l\u2019EFL Cup, l\u2019equip dirigit per Ralph Hasenh\u00fcttl va caure en huitens de final mentre que en la FA Cup ho va fer en quarts enfront del Manchester City. Amb una immensa hist\u00f2ria com a ciutat, perqu\u00e8 Southampton posseeix un dels principals ports mar\u00edtims del Regne Unit, el conjunt angl\u00e9s \u00e9s un equip que destaca per la formaci\u00f3 de jugadors, ja que homes de la talla de Gareth Bale o Theo Walcott han eixit de les categories inferiors dels \u2018saints\u2019 i fins i tot uns altres com Virgil Van Djik o Sadio Man\u00e9 han vestit la samarreta de l\u2019hist\u00f2ric angl\u00e9s en algun moment de la seua carrera.","url":"","background_image":"","images":[{"type":"image","url":"https:\/\/villarrealcf.es\/\/wp-content\/uploads\/2022\/07\/7d154862ebd51b8f3e0bb3e6c643794f.jpg","alt":"||||","width":819,"height":460,"srcset":"https:\/\/villarrealcf.es\/wp-content\/uploads\/2022\/07\/7d154862ebd51b8f3e0bb3e6c643794f.jpg 819w, https:\/\/villarrealcf.es\/\/wp-content\/uploads\/2022\/07\/7d154862ebd51b8f3e0bb3e6c643794f.jpg 1920w, https:\/\/villarrealcf.es\/\/wp-content\/uploads\/2022\/07\/7d154862ebd51b8f3e0bb3e6c643794f.jpg 1920w, https:\/\/villarrealcf.es\/\/wp-content\/uploads\/2022\/07\/7d154862ebd51b8f3e0bb3e6c643794f.jpg 1920w, https:\/\/villarrealcf.es\/wp-content\/uploads\/2022\/07\/7d154862ebd51b8f3e0bb3e6c643794f-32x18.jpg 32w, https:\/\/villarrealcf.es\/wp-content\/uploads\/2022\/07\/7d154862ebd51b8f3e0bb3e6c643794f-150x84.jpg 150w, https:\/\/villarrealcf.es\/\/wp-content\/uploads\/2022\/07\/7d154862ebd51b8f3e0bb3e6c643794f.jpg 1920w","sizes":"auto, (max-width: 819px) 100vw, 819px"}],"videos":[],"links":[]},{"id":"shortcode-caption-69f0744b4bbfc","type":"shortcode","shortcode":"caption","attributes":{"id":"attachment_186622","align":"alignnone","width":""},"title":"Caption","rendered":"","data":[],"text":"","url":"","background_image":"","images":[],"videos":[],"links":[],"blocks":[]}]},"excerpt":{"rendered":"Despr\u00e9s de passar per Portugal, Pa\u00efsos Baixos i Fran\u00e7a, el Villarreal aterra en el sud d&#8217;Anglaterra per a enfrontar-se al Southampton","protected":false},"author":1,"featured_media":186622,"comment_status":"","ping_status":"","sticky":false,"template":"","format":"standard","meta":{"_acf_changed":false,"footnotes":""},"categories":[4854],"tags":[12554,12556,9270,5506,10143,11994,9205,9627,9203],"acf":null,"lang":"val","translations":{"val":224463},"essential_grid":{"has_grid":false},"formatted_date":"July 29, 2022","modified_date":"July 29, 2022","permalink":"https:\/\/villarrealcf.es\/val\/southampton-primera-prova-en-terres-angleses\/","reading_time":2,"featured_media_data":{"id":186622,"title":"||||","caption":"||||","alt_text":"","description":"","mime_type":"image\/jpeg","source_url":"https:\/\/villarrealcf.es\/wp-content\/uploads\/2022\/07\/7d154862ebd51b8f3e0bb3e6c643794f.jpg","sizes":{"thumbnail":{"url":"https:\/\/villarrealcf.es\/wp-content\/uploads\/2022\/07\/7d154862ebd51b8f3e0bb3e6c643794f-150x150.jpg","width":150,"height":150},"medium":{"url":"https:\/\/villarrealcf.es\/wp-content\/uploads\/2022\/07\/7d154862ebd51b8f3e0bb3e6c643794f-300x168.jpg","width":300,"height":168},"medium_large":{"url":"https:\/\/villarrealcf.es\/wp-content\/uploads\/2022\/07\/7d154862ebd51b8f3e0bb3e6c643794f-768x431.jpg","width":768,"height":431},"large":{"url":"https:\/\/villarrealcf.es\/wp-content\/uploads\/2022\/07\/7d154862ebd51b8f3e0bb3e6c643794f.jpg","width":788,"height":443},"1536x1536":{"url":"https:\/\/villarrealcf.es\/wp-content\/uploads\/2022\/07\/7d154862ebd51b8f3e0bb3e6c643794f.jpg","width":819,"height":460},"2048x2048":{"url":"https:\/\/villarrealcf.es\/wp-content\/uploads\/2022\/07\/7d154862ebd51b8f3e0bb3e6c643794f.jpg","width":819,"height":460},"tp-image-grid":{"url":"https:\/\/villarrealcf.es\/wp-content\/uploads\/2022\/07\/7d154862ebd51b8f3e0bb3e6c643794f-700x460.jpg","width":700,"height":460},"size-bunyad-medium":{"url":"https:\/\/villarrealcf.es\/wp-content\/uploads\/2022\/07\/7d154862ebd51b8f3e0bb3e6c643794f.jpg","width":819,"height":460},"sportspress-crop-medium":{"url":"https:\/\/villarrealcf.es\/wp-content\/uploads\/2022\/07\/7d154862ebd51b8f3e0bb3e6c643794f-300x300.jpg","width":300,"height":300},"sportspress-fit-medium":{"url":"https:\/\/villarrealcf.es\/wp-content\/uploads\/2022\/07\/7d154862ebd51b8f3e0bb3e6c643794f-300x168.jpg","width":300,"height":168},"sportspress-fit-icon":{"url":"https:\/\/villarrealcf.es\/wp-content\/uploads\/2022\/07\/7d154862ebd51b8f3e0bb3e6c643794f-128x72.jpg","width":128,"height":72},"sportspress-fit-mini":{"url":"https:\/\/villarrealcf.es\/wp-content\/uploads\/2022\/07\/7d154862ebd51b8f3e0bb3e6c643794f-32x18.jpg","width":32,"height":18},"bunyad-small":{"url":"https:\/\/villarrealcf.es\/wp-content\/uploads\/2022\/07\/7d154862ebd51b8f3e0bb3e6c643794f-150x84.jpg","width":150,"height":84},"bunyad-medium":{"url":"https:\/\/villarrealcf.es\/wp-content\/uploads\/2022\/07\/7d154862ebd51b8f3e0bb3e6c643794f-450x253.jpg","width":450,"height":253},"bunyad-full":{"url":"https:\/\/villarrealcf.es\/wp-content\/uploads\/2022\/07\/7d154862ebd51b8f3e0bb3e6c643794f.jpg","width":819,"height":460},"bunyad-viewport":{"url":"https:\/\/villarrealcf.es\/wp-content\/uploads\/2022\/07\/7d154862ebd51b8f3e0bb3e6c643794f.jpg","width":819,"height":460},"bunyad-768":{"url":"https:\/\/villarrealcf.es\/wp-content\/uploads\/2022\/07\/7d154862ebd51b8f3e0bb3e6c643794f-768x431.jpg","width":768,"height":431},"full":{"url":"https:\/\/villarrealcf.es\/wp-content\/uploads\/2022\/07\/7d154862ebd51b8f3e0bb3e6c643794f.jpg","width":819,"height":460}}},"author_data":{"id":"1","name":"root_envidea","first_name":"Villarreal CF","last_name":"","description":"","avatar_url":"https:\/\/secure.gravatar.com\/avatar\/48f95f42a3ccc324f3a3458e4b9e6fb070b083e99d388e170c1afb061fa99b63?s=96&d=mm&r=g","acf":null},"taxonomies_data":{"category":[{"id":4854,"name":"Noticies Generals","slug":"noticies-generals","acf":null}],"post_tag":[{"id":12554,"name":"#Football","slug":"football-val","acf":null},{"id":12556,"name":"#Soccer","slug":"soccer-val","acf":null},{"id":9270,"name":"Futbol","slug":"futbol-val","acf":null},{"id":5506,"name":"Pretemporada","slug":"pretemporada","acf":null},{"id":10143,"name":"Reino Unido","slug":"reino-unido-val","acf":null},{"id":11994,"name":"Southampton","slug":"southampton-val","acf":null},{"id":9205,"name":"Submarino","slug":"submarino-val","acf":null},{"id":9627,"name":"Submarino Amarillo","slug":"submarino-amarillo-val","acf":null},{"id":9203,"name":"Villarreal CF","slug":"villarreal-cf-val","acf":null}],"translation_priority":[{"id":735,"name":"Optional","slug":"optional-val","acf":null}]},"seo_full":{"native":{"title":"Southampton: primera prova en terres angleses - Web Oficial del Villarreal CF","description":"[caption id=\"attachment_186622\" align=\"alignnone\" width=\"\"]||||[\/caption]Despr\u00e9s de passar per Portugal, Pa\u00efsos Baixos i Fran\u00e7a, el Villarreal aterra en el sud d'Anglaterra per&hellip;","canonical":"https:\/\/villarrealcf.es\/val\/southampton-primera-prova-en-terres-angleses\/"}},"_links":{"self":[{"href":"https:\/\/villarrealcf.es\/val\/wp-json\/wp\/v2\/posts\/224463","targetHints":{"allow":["GET"]}}],"collection":[{"href":"https:\/\/villarrealcf.es\/val\/wp-json\/wp\/v2\/posts"}],"about":[{"href":"https:\/\/villarrealcf.es\/val\/wp-json\/wp\/v2\/types\/post"}],"author":[{"embeddable":true,"href":"https:\/\/villarrealcf.es\/val\/wp-json\/wp\/v2\/users\/1"}],"replies":[{"embeddable":true,"href":"https:\/\/villarrealcf.es\/val\/wp-json\/wp\/v2\/comments?post=224463"}],"version-history":[{"count":0,"href":"https:\/\/villarrealcf.es\/val\/wp-json\/wp\/v2\/posts\/224463\/revisions"}],"wp:featuredmedia":[{"embeddable":true,"href":"https:\/\/villarrealcf.es\/val\/wp-json\/wp\/v2\/media\/186622"}],"wp:attachment":[{"href":"https:\/\/villarrealcf.es\/val\/wp-json\/wp\/v2\/media?parent=224463"}],"wp:term":[{"taxonomy":"category","embeddable":true,"href":"https:\/\/villarrealcf.es\/val\/wp-json\/wp\/v2\/categories?post=224463"},{"taxonomy":"post_tag","embeddable":true,"href":"https:\/\/villarrealcf.es\/val\/wp-json\/wp\/v2\/tags?post=224463"}],"curies":[{"name":"wp","href":"https:\/\/api.w.org\/{rel}","templated":true}]}}