{"id":224449,"date":"2022-07-28T09:02:40","date_gmt":"2022-07-28T07:02:40","guid":{"rendered":"https:\/\/villarrealcf.es\/\/kiko-femenia-ja-es-groguet\/"},"modified":"2022-07-28T09:02:40","modified_gmt":"2022-07-28T07:02:40","slug":"kiko-femenia-ja-es-groguet","status":"publish","type":"post","link":"https:\/\/villarrealcf.es\/val\/kiko-femenia-ja-es-groguet\/","title":{"rendered":"Kiko Femen\u00eda ja \u00e9s groguet"},"content":{"protected":false,"blocks":[{"type":"image","url":"https:\/\/villarrealcf.es\/\/wp-content\/uploads\/2022\/07\/3f7e7b8a43ebf75c8ffdbf0fc9d0daf3.jpg","alt":"||||||","width":819,"height":460,"srcset":"https:\/\/villarrealcf.es\/wp-content\/uploads\/2022\/07\/3f7e7b8a43ebf75c8ffdbf0fc9d0daf3.jpg 819w, https:\/\/villarrealcf.es\/\/wp-content\/uploads\/2022\/07\/3f7e7b8a43ebf75c8ffdbf0fc9d0daf3.jpg 1920w, https:\/\/villarrealcf.es\/\/wp-content\/uploads\/2022\/07\/3f7e7b8a43ebf75c8ffdbf0fc9d0daf3.jpg 1920w, https:\/\/villarrealcf.es\/\/wp-content\/uploads\/2022\/07\/3f7e7b8a43ebf75c8ffdbf0fc9d0daf3.jpg 1920w, https:\/\/villarrealcf.es\/wp-content\/uploads\/2022\/07\/3f7e7b8a43ebf75c8ffdbf0fc9d0daf3-32x18.jpg 32w, https:\/\/villarrealcf.es\/wp-content\/uploads\/2022\/07\/3f7e7b8a43ebf75c8ffdbf0fc9d0daf3-150x84.jpg 150w, https:\/\/villarrealcf.es\/\/wp-content\/uploads\/2022\/07\/3f7e7b8a43ebf75c8ffdbf0fc9d0daf3.jpg 1920w","sizes":"auto, (max-width: 819px) 100vw, 819px"},{"type":"paragraph","text":"El lateral alacant\u00ed signa amb el Submar\u00ed per a les pr\u00f2ximes tres temporades"},{"type":"paragraph","text":"Kiko Femen\u00eda ja \u00e9s jugador del Villarreal! L\u2019entitat groga ha aconseguit un acord amb el Watford FC per a completar el fitxatge de Kiko Femen\u00eda, que lluir\u00e0 l\u2019el\u00e0stica grogueta durant les tres pr\u00f2ximes temporades. El jugador arriba dem\u00e0 a Vila-real i la data de la seua presentaci\u00f3 oficial es donar\u00e0 a con\u00e9ixer pr\u00f2ximament."},{"type":"paragraph","text":"Experi\u00e8ncia en la saga i recorregut en atac"},{"type":"paragraph","text":"Kiko Femen\u00eda (02\/02\/1991, Sanet y Negrals) \u00e9s un lateral dret amb experi\u00e8ncia en diversos equips del futbol espanyol abans de marxar-se a la Premier League. El futbolista valenci\u00e0 va eixir de la pedrera de l\u2019H\u00e8rcules CF i va arribar a debutar amb el primer equip alacant\u00ed. Posteriorment, va jugar en el FC Barcelona B, el Real Madrid Castilla, l\u2019Alcorc\u00f3n i el Deportivo Alav\u00e9s. Despr\u00e9s del seu pas per l\u2019equip vitori\u00e0, va fitxar pel Watford en 2017, on ha militat les passades cinc temporades."},{"type":"paragraph","text":"El lateral, que ha disputat 65 partits en LaLiga i 107 en la Premier, \u00e9s un futbolista contundent en defensa que tamb\u00e9 tendeix a sumar-se a l\u2019atac en les transicions ofensives arribant a penjar pilotes a l\u2019\u00e0rea i, fins i tot, a ficar gols. En la seua \u00faltima temporada amb el Watford ha donat un total de cinc assist\u00e8ncies."}],"structured":{"summary":{"text":"El lateral alacant\u00ed signa amb el Submar\u00ed per a les pr\u00f2ximes tres temporades Kiko Femen\u00eda ja \u00e9s jugador del Villarreal! L\u2019entitat groga ha aconseguit un acord amb el Watford FC per a completar el fitxatge de Kiko Femen\u00eda, que lluir\u00e0 l\u2019el\u00e0stica grogueta durant les tres pr\u00f2ximes temporades. El jugador arriba dem\u00e0 a Vila-real i la data de la seua presentaci\u00f3 oficial es donar\u00e0 a con\u00e9ixer pr\u00f2ximament. Experi\u00e8ncia en la saga i recorregut en atac Kiko Femen\u00eda (02\/02\/1991, Sanet y Negrals) \u00e9s un lateral dret amb experi\u00e8ncia en diversos equips del futbol espanyol abans de marxar-se a la Premier League. El futbolista valenci\u00e0 va eixir de la pedrera de l\u2019H\u00e8rcules CF i va arribar a debutar amb el primer equip alacant\u00ed. Posteriorment, va jugar en el FC Barcelona B, el Real Madrid Castilla, l\u2019Alcorc\u00f3n i el Deportivo Alav\u00e9s. Despr\u00e9s del seu pas per l\u2019equip vitori\u00e0, va fitxar pel Watford en 2017, on ha militat les passades cinc temporades. El lateral, que ha disputat 65 partits en LaLiga i 107 en la Premier, \u00e9s un futbolista contundent en defensa que tamb\u00e9 tendeix a sumar-se a l\u2019atac en les transicions ofensives arribant a penjar pilotes a l\u2019\u00e0rea i, fins i tot, a ficar gols. En la seua \u00faltima temporada amb el Watford ha donat un total de cinc assist\u00e8ncies.","headings":[],"buttons":[],"images":[{"type":"image","url":"https:\/\/villarrealcf.es\/\/wp-content\/uploads\/2022\/07\/3f7e7b8a43ebf75c8ffdbf0fc9d0daf3.jpg","alt":"||||||","width":819,"height":460,"srcset":"https:\/\/villarrealcf.es\/wp-content\/uploads\/2022\/07\/3f7e7b8a43ebf75c8ffdbf0fc9d0daf3.jpg 819w, https:\/\/villarrealcf.es\/\/wp-content\/uploads\/2022\/07\/3f7e7b8a43ebf75c8ffdbf0fc9d0daf3.jpg 1920w, https:\/\/villarrealcf.es\/\/wp-content\/uploads\/2022\/07\/3f7e7b8a43ebf75c8ffdbf0fc9d0daf3.jpg 1920w, https:\/\/villarrealcf.es\/\/wp-content\/uploads\/2022\/07\/3f7e7b8a43ebf75c8ffdbf0fc9d0daf3.jpg 1920w, https:\/\/villarrealcf.es\/wp-content\/uploads\/2022\/07\/3f7e7b8a43ebf75c8ffdbf0fc9d0daf3-32x18.jpg 32w, https:\/\/villarrealcf.es\/wp-content\/uploads\/2022\/07\/3f7e7b8a43ebf75c8ffdbf0fc9d0daf3-150x84.jpg 150w, https:\/\/villarrealcf.es\/\/wp-content\/uploads\/2022\/07\/3f7e7b8a43ebf75c8ffdbf0fc9d0daf3.jpg 1920w","sizes":"auto, (max-width: 819px) 100vw, 819px"}],"counts":{"blocks":6,"headings":0,"texts":5,"buttons":0,"images":1}},"sections":[{"id":"section-1","title":"","text":"El lateral alacant\u00ed signa amb el Submar\u00ed per a les pr\u00f2ximes tres temporades Kiko Femen\u00eda ja \u00e9s jugador del Villarreal! L\u2019entitat groga ha aconseguit un acord amb el Watford FC per a completar el fitxatge de Kiko Femen\u00eda, que lluir\u00e0 l\u2019el\u00e0stica grogueta durant les tres pr\u00f2ximes temporades. El jugador arriba dem\u00e0 a Vila-real i la data de la seua presentaci\u00f3 oficial es donar\u00e0 a con\u00e9ixer pr\u00f2ximament. Experi\u00e8ncia en la saga i recorregut en atac Kiko Femen\u00eda (02\/02\/1991, Sanet y Negrals) \u00e9s un lateral dret amb experi\u00e8ncia en diversos equips del futbol espanyol abans de marxar-se a la Premier League. El futbolista valenci\u00e0 va eixir de la pedrera de l\u2019H\u00e8rcules CF i va arribar a debutar amb el primer equip alacant\u00ed. Posteriorment, va jugar en el FC Barcelona B, el Real Madrid Castilla, l\u2019Alcorc\u00f3n i el Deportivo Alav\u00e9s. Despr\u00e9s del seu pas per l\u2019equip vitori\u00e0, va fitxar pel Watford en 2017, on ha militat les passades cinc temporades. El lateral, que ha disputat 65 partits en LaLiga i 107 en la Premier, \u00e9s un futbolista contundent en defensa que tamb\u00e9 tendeix a sumar-se a l\u2019atac en les transicions ofensives arribant a penjar pilotes a l\u2019\u00e0rea i, fins i tot, a ficar gols. En la seua \u00faltima temporada amb el Watford ha donat un total de cinc assist\u00e8ncies.","headings":[],"texts":[{"type":"paragraph","text":"El lateral alacant\u00ed signa amb el Submar\u00ed per a les pr\u00f2ximes tres temporades"},{"type":"paragraph","text":"Kiko Femen\u00eda ja \u00e9s jugador del Villarreal! L\u2019entitat groga ha aconseguit un acord amb el Watford FC per a completar el fitxatge de Kiko Femen\u00eda, que lluir\u00e0 l\u2019el\u00e0stica grogueta durant les tres pr\u00f2ximes temporades. El jugador arriba dem\u00e0 a Vila-real i la data de la seua presentaci\u00f3 oficial es donar\u00e0 a con\u00e9ixer pr\u00f2ximament."},{"type":"paragraph","text":"Experi\u00e8ncia en la saga i recorregut en atac"},{"type":"paragraph","text":"Kiko Femen\u00eda (02\/02\/1991, Sanet y Negrals) \u00e9s un lateral dret amb experi\u00e8ncia en diversos equips del futbol espanyol abans de marxar-se a la Premier League. El futbolista valenci\u00e0 va eixir de la pedrera de l\u2019H\u00e8rcules CF i va arribar a debutar amb el primer equip alacant\u00ed. Posteriorment, va jugar en el FC Barcelona B, el Real Madrid Castilla, l\u2019Alcorc\u00f3n i el Deportivo Alav\u00e9s. Despr\u00e9s del seu pas per l\u2019equip vitori\u00e0, va fitxar pel Watford en 2017, on ha militat les passades cinc temporades."},{"type":"paragraph","text":"El lateral, que ha disputat 65 partits en LaLiga i 107 en la Premier, \u00e9s un futbolista contundent en defensa que tamb\u00e9 tendeix a sumar-se a l\u2019atac en les transicions ofensives arribant a penjar pilotes a l\u2019\u00e0rea i, fins i tot, a ficar gols. En la seua \u00faltima temporada amb el Watford ha donat un total de cinc assist\u00e8ncies."}],"buttons":[],"images":[{"type":"image","url":"https:\/\/villarrealcf.es\/\/wp-content\/uploads\/2022\/07\/3f7e7b8a43ebf75c8ffdbf0fc9d0daf3.jpg","alt":"||||||","width":819,"height":460,"srcset":"https:\/\/villarrealcf.es\/wp-content\/uploads\/2022\/07\/3f7e7b8a43ebf75c8ffdbf0fc9d0daf3.jpg 819w, https:\/\/villarrealcf.es\/\/wp-content\/uploads\/2022\/07\/3f7e7b8a43ebf75c8ffdbf0fc9d0daf3.jpg 1920w, https:\/\/villarrealcf.es\/\/wp-content\/uploads\/2022\/07\/3f7e7b8a43ebf75c8ffdbf0fc9d0daf3.jpg 1920w, https:\/\/villarrealcf.es\/\/wp-content\/uploads\/2022\/07\/3f7e7b8a43ebf75c8ffdbf0fc9d0daf3.jpg 1920w, https:\/\/villarrealcf.es\/wp-content\/uploads\/2022\/07\/3f7e7b8a43ebf75c8ffdbf0fc9d0daf3-32x18.jpg 32w, https:\/\/villarrealcf.es\/wp-content\/uploads\/2022\/07\/3f7e7b8a43ebf75c8ffdbf0fc9d0daf3-150x84.jpg 150w, https:\/\/villarrealcf.es\/\/wp-content\/uploads\/2022\/07\/3f7e7b8a43ebf75c8ffdbf0fc9d0daf3.jpg 1920w","sizes":"auto, (max-width: 819px) 100vw, 819px"}],"widgets":[],"blocks":[{"type":"image","url":"https:\/\/villarrealcf.es\/\/wp-content\/uploads\/2022\/07\/3f7e7b8a43ebf75c8ffdbf0fc9d0daf3.jpg","alt":"||||||","width":819,"height":460,"srcset":"https:\/\/villarrealcf.es\/wp-content\/uploads\/2022\/07\/3f7e7b8a43ebf75c8ffdbf0fc9d0daf3.jpg 819w, https:\/\/villarrealcf.es\/\/wp-content\/uploads\/2022\/07\/3f7e7b8a43ebf75c8ffdbf0fc9d0daf3.jpg 1920w, https:\/\/villarrealcf.es\/\/wp-content\/uploads\/2022\/07\/3f7e7b8a43ebf75c8ffdbf0fc9d0daf3.jpg 1920w, https:\/\/villarrealcf.es\/\/wp-content\/uploads\/2022\/07\/3f7e7b8a43ebf75c8ffdbf0fc9d0daf3.jpg 1920w, https:\/\/villarrealcf.es\/wp-content\/uploads\/2022\/07\/3f7e7b8a43ebf75c8ffdbf0fc9d0daf3-32x18.jpg 32w, https:\/\/villarrealcf.es\/wp-content\/uploads\/2022\/07\/3f7e7b8a43ebf75c8ffdbf0fc9d0daf3-150x84.jpg 150w, https:\/\/villarrealcf.es\/\/wp-content\/uploads\/2022\/07\/3f7e7b8a43ebf75c8ffdbf0fc9d0daf3.jpg 1920w","sizes":"auto, (max-width: 819px) 100vw, 819px"},{"type":"paragraph","text":"El lateral alacant\u00ed signa amb el Submar\u00ed per a les pr\u00f2ximes tres temporades"},{"type":"paragraph","text":"Kiko Femen\u00eda ja \u00e9s jugador del Villarreal! L\u2019entitat groga ha aconseguit un acord amb el Watford FC per a completar el fitxatge de Kiko Femen\u00eda, que lluir\u00e0 l\u2019el\u00e0stica grogueta durant les tres pr\u00f2ximes temporades. El jugador arriba dem\u00e0 a Vila-real i la data de la seua presentaci\u00f3 oficial es donar\u00e0 a con\u00e9ixer pr\u00f2ximament."},{"type":"paragraph","text":"Experi\u00e8ncia en la saga i recorregut en atac"},{"type":"paragraph","text":"Kiko Femen\u00eda (02\/02\/1991, Sanet y Negrals) \u00e9s un lateral dret amb experi\u00e8ncia en diversos equips del futbol espanyol abans de marxar-se a la Premier League. El futbolista valenci\u00e0 va eixir de la pedrera de l\u2019H\u00e8rcules CF i va arribar a debutar amb el primer equip alacant\u00ed. Posteriorment, va jugar en el FC Barcelona B, el Real Madrid Castilla, l\u2019Alcorc\u00f3n i el Deportivo Alav\u00e9s. Despr\u00e9s del seu pas per l\u2019equip vitori\u00e0, va fitxar pel Watford en 2017, on ha militat les passades cinc temporades."},{"type":"paragraph","text":"El lateral, que ha disputat 65 partits en LaLiga i 107 en la Premier, \u00e9s un futbolista contundent en defensa que tamb\u00e9 tendeix a sumar-se a l\u2019atac en les transicions ofensives arribant a penjar pilotes a l\u2019\u00e0rea i, fins i tot, a ficar gols. En la seua \u00faltima temporada amb el Watford ha donat un total de cinc assist\u00e8ncies."}]}],"hero":{"id":"section-1","title":"","text":"El lateral alacant\u00ed signa amb el Submar\u00ed per a les pr\u00f2ximes tres temporades Kiko Femen\u00eda ja \u00e9s jugador del Villarreal! L\u2019entitat groga ha aconseguit un acord amb el Watford FC per a completar el fitxatge de Kiko Femen\u00eda, que lluir\u00e0 l\u2019el\u00e0stica grogueta durant les tres pr\u00f2ximes temporades. El jugador arriba dem\u00e0 a Vila-real i la data de la seua presentaci\u00f3 oficial es donar\u00e0 a con\u00e9ixer pr\u00f2ximament. Experi\u00e8ncia en la saga i recorregut en atac Kiko Femen\u00eda (02\/02\/1991, Sanet y Negrals) \u00e9s un lateral dret amb experi\u00e8ncia en diversos equips del futbol espanyol abans de marxar-se a la Premier League. El futbolista valenci\u00e0 va eixir de la pedrera de l\u2019H\u00e8rcules CF i va arribar a debutar amb el primer equip alacant\u00ed. Posteriorment, va jugar en el FC Barcelona B, el Real Madrid Castilla, l\u2019Alcorc\u00f3n i el Deportivo Alav\u00e9s. Despr\u00e9s del seu pas per l\u2019equip vitori\u00e0, va fitxar pel Watford en 2017, on ha militat les passades cinc temporades. El lateral, que ha disputat 65 partits en LaLiga i 107 en la Premier, \u00e9s un futbolista contundent en defensa que tamb\u00e9 tendeix a sumar-se a l\u2019atac en les transicions ofensives arribant a penjar pilotes a l\u2019\u00e0rea i, fins i tot, a ficar gols. En la seua \u00faltima temporada amb el Watford ha donat un total de cinc assist\u00e8ncies.","headings":[],"texts":[{"type":"paragraph","text":"El lateral alacant\u00ed signa amb el Submar\u00ed per a les pr\u00f2ximes tres temporades"},{"type":"paragraph","text":"Kiko Femen\u00eda ja \u00e9s jugador del Villarreal! L\u2019entitat groga ha aconseguit un acord amb el Watford FC per a completar el fitxatge de Kiko Femen\u00eda, que lluir\u00e0 l\u2019el\u00e0stica grogueta durant les tres pr\u00f2ximes temporades. El jugador arriba dem\u00e0 a Vila-real i la data de la seua presentaci\u00f3 oficial es donar\u00e0 a con\u00e9ixer pr\u00f2ximament."},{"type":"paragraph","text":"Experi\u00e8ncia en la saga i recorregut en atac"},{"type":"paragraph","text":"Kiko Femen\u00eda (02\/02\/1991, Sanet y Negrals) \u00e9s un lateral dret amb experi\u00e8ncia en diversos equips del futbol espanyol abans de marxar-se a la Premier League. El futbolista valenci\u00e0 va eixir de la pedrera de l\u2019H\u00e8rcules CF i va arribar a debutar amb el primer equip alacant\u00ed. Posteriorment, va jugar en el FC Barcelona B, el Real Madrid Castilla, l\u2019Alcorc\u00f3n i el Deportivo Alav\u00e9s. Despr\u00e9s del seu pas per l\u2019equip vitori\u00e0, va fitxar pel Watford en 2017, on ha militat les passades cinc temporades."},{"type":"paragraph","text":"El lateral, que ha disputat 65 partits en LaLiga i 107 en la Premier, \u00e9s un futbolista contundent en defensa que tamb\u00e9 tendeix a sumar-se a l\u2019atac en les transicions ofensives arribant a penjar pilotes a l\u2019\u00e0rea i, fins i tot, a ficar gols. En la seua \u00faltima temporada amb el Watford ha donat un total de cinc assist\u00e8ncies."}],"buttons":[],"images":[{"type":"image","url":"https:\/\/villarrealcf.es\/\/wp-content\/uploads\/2022\/07\/3f7e7b8a43ebf75c8ffdbf0fc9d0daf3.jpg","alt":"||||||","width":819,"height":460,"srcset":"https:\/\/villarrealcf.es\/wp-content\/uploads\/2022\/07\/3f7e7b8a43ebf75c8ffdbf0fc9d0daf3.jpg 819w, https:\/\/villarrealcf.es\/\/wp-content\/uploads\/2022\/07\/3f7e7b8a43ebf75c8ffdbf0fc9d0daf3.jpg 1920w, https:\/\/villarrealcf.es\/\/wp-content\/uploads\/2022\/07\/3f7e7b8a43ebf75c8ffdbf0fc9d0daf3.jpg 1920w, https:\/\/villarrealcf.es\/\/wp-content\/uploads\/2022\/07\/3f7e7b8a43ebf75c8ffdbf0fc9d0daf3.jpg 1920w, https:\/\/villarrealcf.es\/wp-content\/uploads\/2022\/07\/3f7e7b8a43ebf75c8ffdbf0fc9d0daf3-32x18.jpg 32w, https:\/\/villarrealcf.es\/wp-content\/uploads\/2022\/07\/3f7e7b8a43ebf75c8ffdbf0fc9d0daf3-150x84.jpg 150w, https:\/\/villarrealcf.es\/\/wp-content\/uploads\/2022\/07\/3f7e7b8a43ebf75c8ffdbf0fc9d0daf3.jpg 1920w","sizes":"auto, (max-width: 819px) 100vw, 819px"}],"widgets":[],"blocks":[{"type":"image","url":"https:\/\/villarrealcf.es\/\/wp-content\/uploads\/2022\/07\/3f7e7b8a43ebf75c8ffdbf0fc9d0daf3.jpg","alt":"||||||","width":819,"height":460,"srcset":"https:\/\/villarrealcf.es\/wp-content\/uploads\/2022\/07\/3f7e7b8a43ebf75c8ffdbf0fc9d0daf3.jpg 819w, https:\/\/villarrealcf.es\/\/wp-content\/uploads\/2022\/07\/3f7e7b8a43ebf75c8ffdbf0fc9d0daf3.jpg 1920w, https:\/\/villarrealcf.es\/\/wp-content\/uploads\/2022\/07\/3f7e7b8a43ebf75c8ffdbf0fc9d0daf3.jpg 1920w, https:\/\/villarrealcf.es\/\/wp-content\/uploads\/2022\/07\/3f7e7b8a43ebf75c8ffdbf0fc9d0daf3.jpg 1920w, https:\/\/villarrealcf.es\/wp-content\/uploads\/2022\/07\/3f7e7b8a43ebf75c8ffdbf0fc9d0daf3-32x18.jpg 32w, https:\/\/villarrealcf.es\/wp-content\/uploads\/2022\/07\/3f7e7b8a43ebf75c8ffdbf0fc9d0daf3-150x84.jpg 150w, https:\/\/villarrealcf.es\/\/wp-content\/uploads\/2022\/07\/3f7e7b8a43ebf75c8ffdbf0fc9d0daf3.jpg 1920w","sizes":"auto, (max-width: 819px) 100vw, 819px"},{"type":"paragraph","text":"El lateral alacant\u00ed signa amb el Submar\u00ed per a les pr\u00f2ximes tres temporades"},{"type":"paragraph","text":"Kiko Femen\u00eda ja \u00e9s jugador del Villarreal! L\u2019entitat groga ha aconseguit un acord amb el Watford FC per a completar el fitxatge de Kiko Femen\u00eda, que lluir\u00e0 l\u2019el\u00e0stica grogueta durant les tres pr\u00f2ximes temporades. El jugador arriba dem\u00e0 a Vila-real i la data de la seua presentaci\u00f3 oficial es donar\u00e0 a con\u00e9ixer pr\u00f2ximament."},{"type":"paragraph","text":"Experi\u00e8ncia en la saga i recorregut en atac"},{"type":"paragraph","text":"Kiko Femen\u00eda (02\/02\/1991, Sanet y Negrals) \u00e9s un lateral dret amb experi\u00e8ncia en diversos equips del futbol espanyol abans de marxar-se a la Premier League. El futbolista valenci\u00e0 va eixir de la pedrera de l\u2019H\u00e8rcules CF i va arribar a debutar amb el primer equip alacant\u00ed. Posteriorment, va jugar en el FC Barcelona B, el Real Madrid Castilla, l\u2019Alcorc\u00f3n i el Deportivo Alav\u00e9s. Despr\u00e9s del seu pas per l\u2019equip vitori\u00e0, va fitxar pel Watford en 2017, on ha militat les passades cinc temporades."},{"type":"paragraph","text":"El lateral, que ha disputat 65 partits en LaLiga i 107 en la Premier, \u00e9s un futbolista contundent en defensa que tamb\u00e9 tendeix a sumar-se a l\u2019atac en les transicions ofensives arribant a penjar pilotes a l\u2019\u00e0rea i, fins i tot, a ficar gols. En la seua \u00faltima temporada amb el Watford ha donat un total de cinc assist\u00e8ncies."}]}},"sections":[{"id":"section-1","title":"","text":"El lateral alacant\u00ed signa amb el Submar\u00ed per a les pr\u00f2ximes tres temporades Kiko Femen\u00eda ja \u00e9s jugador del Villarreal! L\u2019entitat groga ha aconseguit un acord amb el Watford FC per a completar el fitxatge de Kiko Femen\u00eda, que lluir\u00e0 l\u2019el\u00e0stica grogueta durant les tres pr\u00f2ximes temporades. El jugador arriba dem\u00e0 a Vila-real i la data de la seua presentaci\u00f3 oficial es donar\u00e0 a con\u00e9ixer pr\u00f2ximament. Experi\u00e8ncia en la saga i recorregut en atac Kiko Femen\u00eda (02\/02\/1991, Sanet y Negrals) \u00e9s un lateral dret amb experi\u00e8ncia en diversos equips del futbol espanyol abans de marxar-se a la Premier League. El futbolista valenci\u00e0 va eixir de la pedrera de l\u2019H\u00e8rcules CF i va arribar a debutar amb el primer equip alacant\u00ed. Posteriorment, va jugar en el FC Barcelona B, el Real Madrid Castilla, l\u2019Alcorc\u00f3n i el Deportivo Alav\u00e9s. Despr\u00e9s del seu pas per l\u2019equip vitori\u00e0, va fitxar pel Watford en 2017, on ha militat les passades cinc temporades. El lateral, que ha disputat 65 partits en LaLiga i 107 en la Premier, \u00e9s un futbolista contundent en defensa que tamb\u00e9 tendeix a sumar-se a l\u2019atac en les transicions ofensives arribant a penjar pilotes a l\u2019\u00e0rea i, fins i tot, a ficar gols. En la seua \u00faltima temporada amb el Watford ha donat un total de cinc assist\u00e8ncies.","url":"","background_image":"","images":[{"type":"image","url":"https:\/\/villarrealcf.es\/\/wp-content\/uploads\/2022\/07\/3f7e7b8a43ebf75c8ffdbf0fc9d0daf3.jpg","alt":"||||||","width":819,"height":460,"srcset":"https:\/\/villarrealcf.es\/wp-content\/uploads\/2022\/07\/3f7e7b8a43ebf75c8ffdbf0fc9d0daf3.jpg 819w, https:\/\/villarrealcf.es\/\/wp-content\/uploads\/2022\/07\/3f7e7b8a43ebf75c8ffdbf0fc9d0daf3.jpg 1920w, https:\/\/villarrealcf.es\/\/wp-content\/uploads\/2022\/07\/3f7e7b8a43ebf75c8ffdbf0fc9d0daf3.jpg 1920w, https:\/\/villarrealcf.es\/\/wp-content\/uploads\/2022\/07\/3f7e7b8a43ebf75c8ffdbf0fc9d0daf3.jpg 1920w, https:\/\/villarrealcf.es\/wp-content\/uploads\/2022\/07\/3f7e7b8a43ebf75c8ffdbf0fc9d0daf3-32x18.jpg 32w, https:\/\/villarrealcf.es\/wp-content\/uploads\/2022\/07\/3f7e7b8a43ebf75c8ffdbf0fc9d0daf3-150x84.jpg 150w, https:\/\/villarrealcf.es\/\/wp-content\/uploads\/2022\/07\/3f7e7b8a43ebf75c8ffdbf0fc9d0daf3.jpg 1920w","sizes":"auto, (max-width: 819px) 100vw, 819px"}],"videos":[],"links":[]},{"id":"shortcode-caption-69f0dcb6be382","type":"shortcode","shortcode":"caption","attributes":{"id":"attachment_186566","align":"alignnone","width":""},"title":"Caption","rendered":"","data":[],"text":"","url":"","background_image":"","images":[],"videos":[],"links":[],"blocks":[]}]},"excerpt":{"rendered":"El lateral alacant\u00ed signa amb el Submar\u00ed per a les pr\u00f2ximes tres temporades","protected":false},"author":33,"featured_media":186566,"comment_status":"","ping_status":"","sticky":false,"template":"","format":"standard","meta":{"_acf_changed":false,"footnotes":""},"categories":[4854],"tags":[12554,12556,10059,9270,11042,9205,9627,9203],"acf":null,"lang":"val","translations":{"val":224449},"essential_grid":{"has_grid":false},"formatted_date":"July 28, 2022","modified_date":"July 28, 2022","permalink":"https:\/\/villarrealcf.es\/val\/kiko-femenia-ja-es-groguet\/","reading_time":2,"featured_media_data":{"id":186566,"title":"||||||","caption":"||||||","alt_text":"","description":"","mime_type":"image\/jpeg","source_url":"https:\/\/villarrealcf.es\/wp-content\/uploads\/2022\/07\/3f7e7b8a43ebf75c8ffdbf0fc9d0daf3.jpg","sizes":{"thumbnail":{"url":"https:\/\/villarrealcf.es\/wp-content\/uploads\/2022\/07\/3f7e7b8a43ebf75c8ffdbf0fc9d0daf3-150x150.jpg","width":150,"height":150},"medium":{"url":"https:\/\/villarrealcf.es\/wp-content\/uploads\/2022\/07\/3f7e7b8a43ebf75c8ffdbf0fc9d0daf3-300x168.jpg","width":300,"height":168},"medium_large":{"url":"https:\/\/villarrealcf.es\/wp-content\/uploads\/2022\/07\/3f7e7b8a43ebf75c8ffdbf0fc9d0daf3-768x431.jpg","width":768,"height":431},"large":{"url":"https:\/\/villarrealcf.es\/wp-content\/uploads\/2022\/07\/3f7e7b8a43ebf75c8ffdbf0fc9d0daf3.jpg","width":788,"height":443},"1536x1536":{"url":"https:\/\/villarrealcf.es\/wp-content\/uploads\/2022\/07\/3f7e7b8a43ebf75c8ffdbf0fc9d0daf3.jpg","width":819,"height":460},"2048x2048":{"url":"https:\/\/villarrealcf.es\/wp-content\/uploads\/2022\/07\/3f7e7b8a43ebf75c8ffdbf0fc9d0daf3.jpg","width":819,"height":460},"tp-image-grid":{"url":"https:\/\/villarrealcf.es\/wp-content\/uploads\/2022\/07\/3f7e7b8a43ebf75c8ffdbf0fc9d0daf3-700x460.jpg","width":700,"height":460},"size-bunyad-medium":{"url":"https:\/\/villarrealcf.es\/wp-content\/uploads\/2022\/07\/3f7e7b8a43ebf75c8ffdbf0fc9d0daf3.jpg","width":819,"height":460},"sportspress-crop-medium":{"url":"https:\/\/villarrealcf.es\/wp-content\/uploads\/2022\/07\/3f7e7b8a43ebf75c8ffdbf0fc9d0daf3-300x300.jpg","width":300,"height":300},"sportspress-fit-medium":{"url":"https:\/\/villarrealcf.es\/wp-content\/uploads\/2022\/07\/3f7e7b8a43ebf75c8ffdbf0fc9d0daf3-300x168.jpg","width":300,"height":168},"sportspress-fit-icon":{"url":"https:\/\/villarrealcf.es\/wp-content\/uploads\/2022\/07\/3f7e7b8a43ebf75c8ffdbf0fc9d0daf3-128x72.jpg","width":128,"height":72},"sportspress-fit-mini":{"url":"https:\/\/villarrealcf.es\/wp-content\/uploads\/2022\/07\/3f7e7b8a43ebf75c8ffdbf0fc9d0daf3-32x18.jpg","width":32,"height":18},"bunyad-small":{"url":"https:\/\/villarrealcf.es\/wp-content\/uploads\/2022\/07\/3f7e7b8a43ebf75c8ffdbf0fc9d0daf3-150x84.jpg","width":150,"height":84},"bunyad-medium":{"url":"https:\/\/villarrealcf.es\/wp-content\/uploads\/2022\/07\/3f7e7b8a43ebf75c8ffdbf0fc9d0daf3-450x253.jpg","width":450,"height":253},"bunyad-full":{"url":"https:\/\/villarrealcf.es\/wp-content\/uploads\/2022\/07\/3f7e7b8a43ebf75c8ffdbf0fc9d0daf3.jpg","width":819,"height":460},"bunyad-viewport":{"url":"https:\/\/villarrealcf.es\/wp-content\/uploads\/2022\/07\/3f7e7b8a43ebf75c8ffdbf0fc9d0daf3.jpg","width":819,"height":460},"bunyad-768":{"url":"https:\/\/villarrealcf.es\/wp-content\/uploads\/2022\/07\/3f7e7b8a43ebf75c8ffdbf0fc9d0daf3-768x431.jpg","width":768,"height":431},"full":{"url":"https:\/\/villarrealcf.es\/wp-content\/uploads\/2022\/07\/3f7e7b8a43ebf75c8ffdbf0fc9d0daf3.jpg","width":819,"height":460}}},"author_data":{"id":"33","name":"Nacho Tejada","first_name":"Nacho","last_name":"Tejada","description":"","avatar_url":"https:\/\/secure.gravatar.com\/avatar\/b1580534b2fcd93e031504756165758941290488df5c88966a26f84344931fd1?s=96&d=mm&r=g","acf":null},"taxonomies_data":{"category":[{"id":4854,"name":"Noticies Generals","slug":"noticies-generals","acf":null}],"post_tag":[{"id":12554,"name":"#Football","slug":"football-val","acf":null},{"id":12556,"name":"#Soccer","slug":"soccer-val","acf":null},{"id":10059,"name":"Fichaje","slug":"fichaje-val","acf":null},{"id":9270,"name":"Futbol","slug":"futbol-val","acf":null},{"id":11042,"name":"LaLiga","slug":"laliga-val","acf":null},{"id":9205,"name":"Submarino","slug":"submarino-val","acf":null},{"id":9627,"name":"Submarino Amarillo","slug":"submarino-amarillo-val","acf":null},{"id":9203,"name":"Villarreal CF","slug":"villarreal-cf-val","acf":null}],"translation_priority":[{"id":733,"name":"Optional","slug":"optional","acf":null}]},"seo_full":{"native":{"title":"Kiko Femen\u00eda ja \u00e9s groguet - Web Oficial del Villarreal CF","description":"[caption id=\"attachment_186566\" align=\"alignnone\" width=\"\"]||||||[\/caption]El lateral alacant\u00ed signa amb el Submar\u00ed per a les pr\u00f2ximes tres temporades Kiko Femen\u00eda ja \u00e9s&hellip;","canonical":"https:\/\/villarrealcf.es\/val\/kiko-femenia-ja-es-groguet\/"}},"_links":{"self":[{"href":"https:\/\/villarrealcf.es\/val\/wp-json\/wp\/v2\/posts\/224449","targetHints":{"allow":["GET"]}}],"collection":[{"href":"https:\/\/villarrealcf.es\/val\/wp-json\/wp\/v2\/posts"}],"about":[{"href":"https:\/\/villarrealcf.es\/val\/wp-json\/wp\/v2\/types\/post"}],"author":[{"embeddable":true,"href":"https:\/\/villarrealcf.es\/val\/wp-json\/wp\/v2\/users\/33"}],"replies":[{"embeddable":true,"href":"https:\/\/villarrealcf.es\/val\/wp-json\/wp\/v2\/comments?post=224449"}],"version-history":[{"count":0,"href":"https:\/\/villarrealcf.es\/val\/wp-json\/wp\/v2\/posts\/224449\/revisions"}],"wp:featuredmedia":[{"embeddable":true,"href":"https:\/\/villarrealcf.es\/val\/wp-json\/wp\/v2\/media\/186566"}],"wp:attachment":[{"href":"https:\/\/villarrealcf.es\/val\/wp-json\/wp\/v2\/media?parent=224449"}],"wp:term":[{"taxonomy":"category","embeddable":true,"href":"https:\/\/villarrealcf.es\/val\/wp-json\/wp\/v2\/categories?post=224449"},{"taxonomy":"post_tag","embeddable":true,"href":"https:\/\/villarrealcf.es\/val\/wp-json\/wp\/v2\/tags?post=224449"}],"curies":[{"name":"wp","href":"https:\/\/api.w.org\/{rel}","templated":true}]}}