{"id":224434,"date":"2022-07-23T13:54:49","date_gmt":"2022-07-23T11:54:49","guid":{"rendered":"https:\/\/villarrealcf.es\/\/stade-de-reims-quart-rival-de-la-pretemporada\/"},"modified":"2022-07-23T13:54:49","modified_gmt":"2022-07-23T11:54:49","slug":"stade-de-reims-quart-rival-de-la-pretemporada","status":"publish","type":"post","link":"https:\/\/villarrealcf.es\/val\/stade-de-reims-quart-rival-de-la-pretemporada\/","title":{"rendered":"Stade de Reims, quart rival de la pretemporada"},"content":{"protected":false,"blocks":[{"type":"image","url":"https:\/\/villarrealcf.es\/\/wp-content\/uploads\/2022\/07\/e706ee3a511fae1cf845f573c78eedfc.jpg","alt":"||||","width":1439,"height":809,"srcset":"https:\/\/villarrealcf.es\/wp-content\/uploads\/2022\/07\/e706ee3a511fae1cf845f573c78eedfc.jpg 1439w, https:\/\/villarrealcf.es\/\/wp-content\/uploads\/2022\/07\/e706ee3a511fae1cf845f573c78eedfc.jpg 1920w, https:\/\/villarrealcf.es\/wp-content\/uploads\/2022\/07\/e706ee3a511fae1cf845f573c78eedfc-1024x576.jpg 1024w, https:\/\/villarrealcf.es\/\/wp-content\/uploads\/2022\/07\/e706ee3a511fae1cf845f573c78eedfc.jpg 1920w, https:\/\/villarrealcf.es\/\/wp-content\/uploads\/2022\/07\/e706ee3a511fae1cf845f573c78eedfc.jpg 1920w, https:\/\/villarrealcf.es\/wp-content\/uploads\/2022\/07\/e706ee3a511fae1cf845f573c78eedfc-32x18.jpg 32w, https:\/\/villarrealcf.es\/wp-content\/uploads\/2022\/07\/e706ee3a511fae1cf845f573c78eedfc-150x84.jpg 150w, https:\/\/villarrealcf.es\/\/wp-content\/uploads\/2022\/07\/e706ee3a511fae1cf845f573c78eedfc.jpg 1920w, https:\/\/villarrealcf.es\/wp-content\/uploads\/2022\/07\/e706ee3a511fae1cf845f573c78eedfc-1200x675.jpg 1200w","sizes":"auto, (max-width: 1439px) 100vw, 1439px"},{"type":"paragraph","text":"El partit es podr\u00e0 seguir en directe en el Twitch del Villarreal CF i en el de Rub\u00e9n Mart\u00edn"},{"type":"paragraph","text":"Gaudeix del Stade de Reims \u2013 Villarreal en directe! El Submar\u00ed s\u2019enfronta dem\u00e0, a partir de les 19.00 hores, al conjunt franc\u00e9s en l\u2019Stade Auguste Delaune. Com a novetat, l\u2019enfrontament entre grocs i blanc-i-vermells es podr\u00e0 veure de forma totalment gratu\u00efta en els canals de Twitch del Villarreal CF o de Rub\u00e9n Mart\u00edn, al qual acompanyaran com a comentaristes M\u00f3nica Benavent i Marcos Senna."},{"type":"paragraph","text":"Despr\u00e9s de una gran actuaci\u00f3 i aconseguir la vict\u00f2ria en l\u2019ultim partit de la pretemporada davant el Borussia Dortmund (0-2) en el Cashpoint Arena d\u2019\u00c0ustria, els d\u2019Emery viatgen fins a terres franceses per a mesurar-se al conjunt entrenat actualment per l\u2019espanyol \u00d3scar Garc\u00eda."},{"type":"paragraph","text":"L\u2019Stade de Reims va ser fundat l\u2019any 1909 i, malgrat quedar en la d\u00e9cimosegunda posici\u00f3 la temporada passada, sap el que \u00e9s ser campi\u00f3 de la seua competici\u00f3 dom\u00e8stica. El club, que ha tingut jugadors del Villarreal en les seues files com Aissa Mandi o Boulaye Dia, ha sigut campi\u00f3 de la Lligue 1 en sis ocasions. La solidesa defensiva \u00e9s un dels trets que caracteritza a l\u2019equip sobrenomenat els rouges et blancs i el seu exportero, Predrag Rajkovi\u0107 \u2014va fitxar pel RCD Mallorca aquesta mateixa setmana\u2014 t\u00e9 part de culpa: la passada temporada el serbi va ser el segon porter que m\u00e9s parades va realitzar en el campionat franc\u00e9s i va aconseguir acumular un total d\u201911 porteries a zero. En total, l\u2019Stade de Reims va rebre 44 gols en contra en 38 partits, un registre que li va convertir en un dels equips menys golejats de la categoria."},{"type":"paragraph","text":"Els d\u2019Emery, que encara no coneixen la derrota en la seua gira de pretemporada, tractaran de prolongar la bona ratxa de resultats obtinguts amb l\u2019empat davant l\u2019Sporting CP i les vict\u00f2ries davant PSV i Borussia Dortmund en la quarta trobada de l\u2019European Summer Tour Color Star 2022 davant l\u2019Stade de Reims (diumenge, 19.00 hores)."}],"structured":{"summary":{"text":"El partit es podr\u00e0 seguir en directe en el Twitch del Villarreal CF i en el de Rub\u00e9n Mart\u00edn Gaudeix del Stade de Reims \u2013 Villarreal en directe! El Submar\u00ed s\u2019enfronta dem\u00e0, a partir de les 19.00 hores, al conjunt franc\u00e9s en l\u2019Stade Auguste Delaune. Com a novetat, l\u2019enfrontament entre grocs i blanc-i-vermells es podr\u00e0 veure de forma totalment gratu\u00efta en els canals de Twitch del Villarreal CF o de Rub\u00e9n Mart\u00edn, al qual acompanyaran com a comentaristes M\u00f3nica Benavent i Marcos Senna. Despr\u00e9s de una gran actuaci\u00f3 i aconseguir la vict\u00f2ria en l\u2019ultim partit de la pretemporada davant el Borussia Dortmund (0-2) en el Cashpoint Arena d\u2019\u00c0ustria, els d\u2019Emery viatgen fins a terres franceses per a mesurar-se al conjunt entrenat actualment per l\u2019espanyol \u00d3scar Garc\u00eda. L\u2019Stade de Reims va ser fundat l\u2019any 1909 i, malgrat quedar en la d\u00e9cimosegunda posici\u00f3 la temporada passada, sap el que \u00e9s ser campi\u00f3 de la seua competici\u00f3 dom\u00e8stica. El club, que ha tingut jugadors del Villarreal en les seues files com Aissa Mandi o Boulaye Dia, ha sigut campi\u00f3 de la Lligue 1 en sis ocasions. La solidesa defensiva \u00e9s un dels trets que caracteritza a l\u2019equip sobrenomenat els rouges et blancs i el seu exportero, Predrag Rajkovi\u0107 \u2014va fitxar pel RCD Mallorca aquesta mateixa setmana\u2014 t\u00e9 part de culpa: la passada temporada el serbi va ser el segon porter que m\u00e9s parades va realitzar en el campionat franc\u00e9s i va aconseguir acumular un total d\u201911 porteries a zero. En total, l\u2019Stade de Reims va rebre 44 gols en contra en 38 partits, un registre que li va convertir en un dels equips menys golejats de la categoria. Els d\u2019Emery, que encara no coneixen la derrota en la seua gira de pretemporada, tractaran de prolongar la bona ratxa de resultats obtinguts amb l\u2019empat davant l\u2019Sporting CP i les vict\u00f2ries davant PSV i Borussia Dortmund en la quarta trobada de l\u2019European Summer Tour Color Star 2022 davant l\u2019Stade de Reims (diumenge, 19.00 hores).","headings":[],"buttons":[],"images":[{"type":"image","url":"https:\/\/villarrealcf.es\/\/wp-content\/uploads\/2022\/07\/e706ee3a511fae1cf845f573c78eedfc.jpg","alt":"||||","width":1439,"height":809,"srcset":"https:\/\/villarrealcf.es\/wp-content\/uploads\/2022\/07\/e706ee3a511fae1cf845f573c78eedfc.jpg 1439w, https:\/\/villarrealcf.es\/\/wp-content\/uploads\/2022\/07\/e706ee3a511fae1cf845f573c78eedfc.jpg 1920w, https:\/\/villarrealcf.es\/wp-content\/uploads\/2022\/07\/e706ee3a511fae1cf845f573c78eedfc-1024x576.jpg 1024w, https:\/\/villarrealcf.es\/\/wp-content\/uploads\/2022\/07\/e706ee3a511fae1cf845f573c78eedfc.jpg 1920w, https:\/\/villarrealcf.es\/\/wp-content\/uploads\/2022\/07\/e706ee3a511fae1cf845f573c78eedfc.jpg 1920w, https:\/\/villarrealcf.es\/wp-content\/uploads\/2022\/07\/e706ee3a511fae1cf845f573c78eedfc-32x18.jpg 32w, https:\/\/villarrealcf.es\/wp-content\/uploads\/2022\/07\/e706ee3a511fae1cf845f573c78eedfc-150x84.jpg 150w, https:\/\/villarrealcf.es\/\/wp-content\/uploads\/2022\/07\/e706ee3a511fae1cf845f573c78eedfc.jpg 1920w, https:\/\/villarrealcf.es\/wp-content\/uploads\/2022\/07\/e706ee3a511fae1cf845f573c78eedfc-1200x675.jpg 1200w","sizes":"auto, (max-width: 1439px) 100vw, 1439px"}],"counts":{"blocks":6,"headings":0,"texts":5,"buttons":0,"images":1}},"sections":[{"id":"section-1","title":"","text":"El partit es podr\u00e0 seguir en directe en el Twitch del Villarreal CF i en el de Rub\u00e9n Mart\u00edn Gaudeix del Stade de Reims \u2013 Villarreal en directe! El Submar\u00ed s\u2019enfronta dem\u00e0, a partir de les 19.00 hores, al conjunt franc\u00e9s en l\u2019Stade Auguste Delaune. Com a novetat, l\u2019enfrontament entre grocs i blanc-i-vermells es podr\u00e0 veure de forma totalment gratu\u00efta en els canals de Twitch del Villarreal CF o de Rub\u00e9n Mart\u00edn, al qual acompanyaran com a comentaristes M\u00f3nica Benavent i Marcos Senna. Despr\u00e9s de una gran actuaci\u00f3 i aconseguir la vict\u00f2ria en l\u2019ultim partit de la pretemporada davant el Borussia Dortmund (0-2) en el Cashpoint Arena d\u2019\u00c0ustria, els d\u2019Emery viatgen fins a terres franceses per a mesurar-se al conjunt entrenat actualment per l\u2019espanyol \u00d3scar Garc\u00eda. L\u2019Stade de Reims va ser fundat l\u2019any 1909 i, malgrat quedar en la d\u00e9cimosegunda posici\u00f3 la temporada passada, sap el que \u00e9s ser campi\u00f3 de la seua competici\u00f3 dom\u00e8stica. El club, que ha tingut jugadors del Villarreal en les seues files com Aissa Mandi o Boulaye Dia, ha sigut campi\u00f3 de la Lligue 1 en sis ocasions. La solidesa defensiva \u00e9s un dels trets que caracteritza a l\u2019equip sobrenomenat els rouges et blancs i el seu exportero, Predrag Rajkovi\u0107 \u2014va fitxar pel RCD Mallorca aquesta mateixa setmana\u2014 t\u00e9 part de culpa: la passada temporada el serbi va ser el segon porter que m\u00e9s parades va realitzar en el campionat franc\u00e9s i va aconseguir acumular un total d\u201911 porteries a zero. En total, l\u2019Stade de Reims va rebre 44 gols en contra en 38 partits, un registre que li va convertir en un dels equips menys golejats de la categoria. Els d\u2019Emery, que encara no coneixen la derrota en la seua gira de pretemporada, tractaran de prolongar la bona ratxa de resultats obtinguts amb l\u2019empat davant l\u2019Sporting CP i les vict\u00f2ries davant PSV i Borussia Dortmund en la quarta trobada de l\u2019European Summer Tour Color Star 2022 davant l\u2019Stade de Reims (diumenge, 19.00 hores).","headings":[],"texts":[{"type":"paragraph","text":"El partit es podr\u00e0 seguir en directe en el Twitch del Villarreal CF i en el de Rub\u00e9n Mart\u00edn"},{"type":"paragraph","text":"Gaudeix del Stade de Reims \u2013 Villarreal en directe! El Submar\u00ed s\u2019enfronta dem\u00e0, a partir de les 19.00 hores, al conjunt franc\u00e9s en l\u2019Stade Auguste Delaune. Com a novetat, l\u2019enfrontament entre grocs i blanc-i-vermells es podr\u00e0 veure de forma totalment gratu\u00efta en els canals de Twitch del Villarreal CF o de Rub\u00e9n Mart\u00edn, al qual acompanyaran com a comentaristes M\u00f3nica Benavent i Marcos Senna."},{"type":"paragraph","text":"Despr\u00e9s de una gran actuaci\u00f3 i aconseguir la vict\u00f2ria en l\u2019ultim partit de la pretemporada davant el Borussia Dortmund (0-2) en el Cashpoint Arena d\u2019\u00c0ustria, els d\u2019Emery viatgen fins a terres franceses per a mesurar-se al conjunt entrenat actualment per l\u2019espanyol \u00d3scar Garc\u00eda."},{"type":"paragraph","text":"L\u2019Stade de Reims va ser fundat l\u2019any 1909 i, malgrat quedar en la d\u00e9cimosegunda posici\u00f3 la temporada passada, sap el que \u00e9s ser campi\u00f3 de la seua competici\u00f3 dom\u00e8stica. El club, que ha tingut jugadors del Villarreal en les seues files com Aissa Mandi o Boulaye Dia, ha sigut campi\u00f3 de la Lligue 1 en sis ocasions. La solidesa defensiva \u00e9s un dels trets que caracteritza a l\u2019equip sobrenomenat els rouges et blancs i el seu exportero, Predrag Rajkovi\u0107 \u2014va fitxar pel RCD Mallorca aquesta mateixa setmana\u2014 t\u00e9 part de culpa: la passada temporada el serbi va ser el segon porter que m\u00e9s parades va realitzar en el campionat franc\u00e9s i va aconseguir acumular un total d\u201911 porteries a zero. En total, l\u2019Stade de Reims va rebre 44 gols en contra en 38 partits, un registre que li va convertir en un dels equips menys golejats de la categoria."},{"type":"paragraph","text":"Els d\u2019Emery, que encara no coneixen la derrota en la seua gira de pretemporada, tractaran de prolongar la bona ratxa de resultats obtinguts amb l\u2019empat davant l\u2019Sporting CP i les vict\u00f2ries davant PSV i Borussia Dortmund en la quarta trobada de l\u2019European Summer Tour Color Star 2022 davant l\u2019Stade de Reims (diumenge, 19.00 hores)."}],"buttons":[],"images":[{"type":"image","url":"https:\/\/villarrealcf.es\/\/wp-content\/uploads\/2022\/07\/e706ee3a511fae1cf845f573c78eedfc.jpg","alt":"||||","width":1439,"height":809,"srcset":"https:\/\/villarrealcf.es\/wp-content\/uploads\/2022\/07\/e706ee3a511fae1cf845f573c78eedfc.jpg 1439w, https:\/\/villarrealcf.es\/\/wp-content\/uploads\/2022\/07\/e706ee3a511fae1cf845f573c78eedfc.jpg 1920w, https:\/\/villarrealcf.es\/wp-content\/uploads\/2022\/07\/e706ee3a511fae1cf845f573c78eedfc-1024x576.jpg 1024w, https:\/\/villarrealcf.es\/\/wp-content\/uploads\/2022\/07\/e706ee3a511fae1cf845f573c78eedfc.jpg 1920w, https:\/\/villarrealcf.es\/\/wp-content\/uploads\/2022\/07\/e706ee3a511fae1cf845f573c78eedfc.jpg 1920w, https:\/\/villarrealcf.es\/wp-content\/uploads\/2022\/07\/e706ee3a511fae1cf845f573c78eedfc-32x18.jpg 32w, https:\/\/villarrealcf.es\/wp-content\/uploads\/2022\/07\/e706ee3a511fae1cf845f573c78eedfc-150x84.jpg 150w, https:\/\/villarrealcf.es\/\/wp-content\/uploads\/2022\/07\/e706ee3a511fae1cf845f573c78eedfc.jpg 1920w, https:\/\/villarrealcf.es\/wp-content\/uploads\/2022\/07\/e706ee3a511fae1cf845f573c78eedfc-1200x675.jpg 1200w","sizes":"auto, (max-width: 1439px) 100vw, 1439px"}],"widgets":[],"blocks":[{"type":"image","url":"https:\/\/villarrealcf.es\/\/wp-content\/uploads\/2022\/07\/e706ee3a511fae1cf845f573c78eedfc.jpg","alt":"||||","width":1439,"height":809,"srcset":"https:\/\/villarrealcf.es\/wp-content\/uploads\/2022\/07\/e706ee3a511fae1cf845f573c78eedfc.jpg 1439w, https:\/\/villarrealcf.es\/\/wp-content\/uploads\/2022\/07\/e706ee3a511fae1cf845f573c78eedfc.jpg 1920w, https:\/\/villarrealcf.es\/wp-content\/uploads\/2022\/07\/e706ee3a511fae1cf845f573c78eedfc-1024x576.jpg 1024w, https:\/\/villarrealcf.es\/\/wp-content\/uploads\/2022\/07\/e706ee3a511fae1cf845f573c78eedfc.jpg 1920w, https:\/\/villarrealcf.es\/\/wp-content\/uploads\/2022\/07\/e706ee3a511fae1cf845f573c78eedfc.jpg 1920w, https:\/\/villarrealcf.es\/wp-content\/uploads\/2022\/07\/e706ee3a511fae1cf845f573c78eedfc-32x18.jpg 32w, https:\/\/villarrealcf.es\/wp-content\/uploads\/2022\/07\/e706ee3a511fae1cf845f573c78eedfc-150x84.jpg 150w, https:\/\/villarrealcf.es\/\/wp-content\/uploads\/2022\/07\/e706ee3a511fae1cf845f573c78eedfc.jpg 1920w, https:\/\/villarrealcf.es\/wp-content\/uploads\/2022\/07\/e706ee3a511fae1cf845f573c78eedfc-1200x675.jpg 1200w","sizes":"auto, (max-width: 1439px) 100vw, 1439px"},{"type":"paragraph","text":"El partit es podr\u00e0 seguir en directe en el Twitch del Villarreal CF i en el de Rub\u00e9n Mart\u00edn"},{"type":"paragraph","text":"Gaudeix del Stade de Reims \u2013 Villarreal en directe! El Submar\u00ed s\u2019enfronta dem\u00e0, a partir de les 19.00 hores, al conjunt franc\u00e9s en l\u2019Stade Auguste Delaune. Com a novetat, l\u2019enfrontament entre grocs i blanc-i-vermells es podr\u00e0 veure de forma totalment gratu\u00efta en els canals de Twitch del Villarreal CF o de Rub\u00e9n Mart\u00edn, al qual acompanyaran com a comentaristes M\u00f3nica Benavent i Marcos Senna."},{"type":"paragraph","text":"Despr\u00e9s de una gran actuaci\u00f3 i aconseguir la vict\u00f2ria en l\u2019ultim partit de la pretemporada davant el Borussia Dortmund (0-2) en el Cashpoint Arena d\u2019\u00c0ustria, els d\u2019Emery viatgen fins a terres franceses per a mesurar-se al conjunt entrenat actualment per l\u2019espanyol \u00d3scar Garc\u00eda."},{"type":"paragraph","text":"L\u2019Stade de Reims va ser fundat l\u2019any 1909 i, malgrat quedar en la d\u00e9cimosegunda posici\u00f3 la temporada passada, sap el que \u00e9s ser campi\u00f3 de la seua competici\u00f3 dom\u00e8stica. El club, que ha tingut jugadors del Villarreal en les seues files com Aissa Mandi o Boulaye Dia, ha sigut campi\u00f3 de la Lligue 1 en sis ocasions. La solidesa defensiva \u00e9s un dels trets que caracteritza a l\u2019equip sobrenomenat els rouges et blancs i el seu exportero, Predrag Rajkovi\u0107 \u2014va fitxar pel RCD Mallorca aquesta mateixa setmana\u2014 t\u00e9 part de culpa: la passada temporada el serbi va ser el segon porter que m\u00e9s parades va realitzar en el campionat franc\u00e9s i va aconseguir acumular un total d\u201911 porteries a zero. En total, l\u2019Stade de Reims va rebre 44 gols en contra en 38 partits, un registre que li va convertir en un dels equips menys golejats de la categoria."},{"type":"paragraph","text":"Els d\u2019Emery, que encara no coneixen la derrota en la seua gira de pretemporada, tractaran de prolongar la bona ratxa de resultats obtinguts amb l\u2019empat davant l\u2019Sporting CP i les vict\u00f2ries davant PSV i Borussia Dortmund en la quarta trobada de l\u2019European Summer Tour Color Star 2022 davant l\u2019Stade de Reims (diumenge, 19.00 hores)."}]}],"hero":{"id":"section-1","title":"","text":"El partit es podr\u00e0 seguir en directe en el Twitch del Villarreal CF i en el de Rub\u00e9n Mart\u00edn Gaudeix del Stade de Reims \u2013 Villarreal en directe! El Submar\u00ed s\u2019enfronta dem\u00e0, a partir de les 19.00 hores, al conjunt franc\u00e9s en l\u2019Stade Auguste Delaune. Com a novetat, l\u2019enfrontament entre grocs i blanc-i-vermells es podr\u00e0 veure de forma totalment gratu\u00efta en els canals de Twitch del Villarreal CF o de Rub\u00e9n Mart\u00edn, al qual acompanyaran com a comentaristes M\u00f3nica Benavent i Marcos Senna. Despr\u00e9s de una gran actuaci\u00f3 i aconseguir la vict\u00f2ria en l\u2019ultim partit de la pretemporada davant el Borussia Dortmund (0-2) en el Cashpoint Arena d\u2019\u00c0ustria, els d\u2019Emery viatgen fins a terres franceses per a mesurar-se al conjunt entrenat actualment per l\u2019espanyol \u00d3scar Garc\u00eda. L\u2019Stade de Reims va ser fundat l\u2019any 1909 i, malgrat quedar en la d\u00e9cimosegunda posici\u00f3 la temporada passada, sap el que \u00e9s ser campi\u00f3 de la seua competici\u00f3 dom\u00e8stica. El club, que ha tingut jugadors del Villarreal en les seues files com Aissa Mandi o Boulaye Dia, ha sigut campi\u00f3 de la Lligue 1 en sis ocasions. La solidesa defensiva \u00e9s un dels trets que caracteritza a l\u2019equip sobrenomenat els rouges et blancs i el seu exportero, Predrag Rajkovi\u0107 \u2014va fitxar pel RCD Mallorca aquesta mateixa setmana\u2014 t\u00e9 part de culpa: la passada temporada el serbi va ser el segon porter que m\u00e9s parades va realitzar en el campionat franc\u00e9s i va aconseguir acumular un total d\u201911 porteries a zero. En total, l\u2019Stade de Reims va rebre 44 gols en contra en 38 partits, un registre que li va convertir en un dels equips menys golejats de la categoria. Els d\u2019Emery, que encara no coneixen la derrota en la seua gira de pretemporada, tractaran de prolongar la bona ratxa de resultats obtinguts amb l\u2019empat davant l\u2019Sporting CP i les vict\u00f2ries davant PSV i Borussia Dortmund en la quarta trobada de l\u2019European Summer Tour Color Star 2022 davant l\u2019Stade de Reims (diumenge, 19.00 hores).","headings":[],"texts":[{"type":"paragraph","text":"El partit es podr\u00e0 seguir en directe en el Twitch del Villarreal CF i en el de Rub\u00e9n Mart\u00edn"},{"type":"paragraph","text":"Gaudeix del Stade de Reims \u2013 Villarreal en directe! El Submar\u00ed s\u2019enfronta dem\u00e0, a partir de les 19.00 hores, al conjunt franc\u00e9s en l\u2019Stade Auguste Delaune. Com a novetat, l\u2019enfrontament entre grocs i blanc-i-vermells es podr\u00e0 veure de forma totalment gratu\u00efta en els canals de Twitch del Villarreal CF o de Rub\u00e9n Mart\u00edn, al qual acompanyaran com a comentaristes M\u00f3nica Benavent i Marcos Senna."},{"type":"paragraph","text":"Despr\u00e9s de una gran actuaci\u00f3 i aconseguir la vict\u00f2ria en l\u2019ultim partit de la pretemporada davant el Borussia Dortmund (0-2) en el Cashpoint Arena d\u2019\u00c0ustria, els d\u2019Emery viatgen fins a terres franceses per a mesurar-se al conjunt entrenat actualment per l\u2019espanyol \u00d3scar Garc\u00eda."},{"type":"paragraph","text":"L\u2019Stade de Reims va ser fundat l\u2019any 1909 i, malgrat quedar en la d\u00e9cimosegunda posici\u00f3 la temporada passada, sap el que \u00e9s ser campi\u00f3 de la seua competici\u00f3 dom\u00e8stica. El club, que ha tingut jugadors del Villarreal en les seues files com Aissa Mandi o Boulaye Dia, ha sigut campi\u00f3 de la Lligue 1 en sis ocasions. La solidesa defensiva \u00e9s un dels trets que caracteritza a l\u2019equip sobrenomenat els rouges et blancs i el seu exportero, Predrag Rajkovi\u0107 \u2014va fitxar pel RCD Mallorca aquesta mateixa setmana\u2014 t\u00e9 part de culpa: la passada temporada el serbi va ser el segon porter que m\u00e9s parades va realitzar en el campionat franc\u00e9s i va aconseguir acumular un total d\u201911 porteries a zero. En total, l\u2019Stade de Reims va rebre 44 gols en contra en 38 partits, un registre que li va convertir en un dels equips menys golejats de la categoria."},{"type":"paragraph","text":"Els d\u2019Emery, que encara no coneixen la derrota en la seua gira de pretemporada, tractaran de prolongar la bona ratxa de resultats obtinguts amb l\u2019empat davant l\u2019Sporting CP i les vict\u00f2ries davant PSV i Borussia Dortmund en la quarta trobada de l\u2019European Summer Tour Color Star 2022 davant l\u2019Stade de Reims (diumenge, 19.00 hores)."}],"buttons":[],"images":[{"type":"image","url":"https:\/\/villarrealcf.es\/\/wp-content\/uploads\/2022\/07\/e706ee3a511fae1cf845f573c78eedfc.jpg","alt":"||||","width":1439,"height":809,"srcset":"https:\/\/villarrealcf.es\/wp-content\/uploads\/2022\/07\/e706ee3a511fae1cf845f573c78eedfc.jpg 1439w, https:\/\/villarrealcf.es\/\/wp-content\/uploads\/2022\/07\/e706ee3a511fae1cf845f573c78eedfc.jpg 1920w, https:\/\/villarrealcf.es\/wp-content\/uploads\/2022\/07\/e706ee3a511fae1cf845f573c78eedfc-1024x576.jpg 1024w, https:\/\/villarrealcf.es\/\/wp-content\/uploads\/2022\/07\/e706ee3a511fae1cf845f573c78eedfc.jpg 1920w, https:\/\/villarrealcf.es\/\/wp-content\/uploads\/2022\/07\/e706ee3a511fae1cf845f573c78eedfc.jpg 1920w, https:\/\/villarrealcf.es\/wp-content\/uploads\/2022\/07\/e706ee3a511fae1cf845f573c78eedfc-32x18.jpg 32w, https:\/\/villarrealcf.es\/wp-content\/uploads\/2022\/07\/e706ee3a511fae1cf845f573c78eedfc-150x84.jpg 150w, https:\/\/villarrealcf.es\/\/wp-content\/uploads\/2022\/07\/e706ee3a511fae1cf845f573c78eedfc.jpg 1920w, https:\/\/villarrealcf.es\/wp-content\/uploads\/2022\/07\/e706ee3a511fae1cf845f573c78eedfc-1200x675.jpg 1200w","sizes":"auto, (max-width: 1439px) 100vw, 1439px"}],"widgets":[],"blocks":[{"type":"image","url":"https:\/\/villarrealcf.es\/\/wp-content\/uploads\/2022\/07\/e706ee3a511fae1cf845f573c78eedfc.jpg","alt":"||||","width":1439,"height":809,"srcset":"https:\/\/villarrealcf.es\/wp-content\/uploads\/2022\/07\/e706ee3a511fae1cf845f573c78eedfc.jpg 1439w, https:\/\/villarrealcf.es\/\/wp-content\/uploads\/2022\/07\/e706ee3a511fae1cf845f573c78eedfc.jpg 1920w, https:\/\/villarrealcf.es\/wp-content\/uploads\/2022\/07\/e706ee3a511fae1cf845f573c78eedfc-1024x576.jpg 1024w, https:\/\/villarrealcf.es\/\/wp-content\/uploads\/2022\/07\/e706ee3a511fae1cf845f573c78eedfc.jpg 1920w, https:\/\/villarrealcf.es\/\/wp-content\/uploads\/2022\/07\/e706ee3a511fae1cf845f573c78eedfc.jpg 1920w, https:\/\/villarrealcf.es\/wp-content\/uploads\/2022\/07\/e706ee3a511fae1cf845f573c78eedfc-32x18.jpg 32w, https:\/\/villarrealcf.es\/wp-content\/uploads\/2022\/07\/e706ee3a511fae1cf845f573c78eedfc-150x84.jpg 150w, https:\/\/villarrealcf.es\/\/wp-content\/uploads\/2022\/07\/e706ee3a511fae1cf845f573c78eedfc.jpg 1920w, https:\/\/villarrealcf.es\/wp-content\/uploads\/2022\/07\/e706ee3a511fae1cf845f573c78eedfc-1200x675.jpg 1200w","sizes":"auto, (max-width: 1439px) 100vw, 1439px"},{"type":"paragraph","text":"El partit es podr\u00e0 seguir en directe en el Twitch del Villarreal CF i en el de Rub\u00e9n Mart\u00edn"},{"type":"paragraph","text":"Gaudeix del Stade de Reims \u2013 Villarreal en directe! El Submar\u00ed s\u2019enfronta dem\u00e0, a partir de les 19.00 hores, al conjunt franc\u00e9s en l\u2019Stade Auguste Delaune. Com a novetat, l\u2019enfrontament entre grocs i blanc-i-vermells es podr\u00e0 veure de forma totalment gratu\u00efta en els canals de Twitch del Villarreal CF o de Rub\u00e9n Mart\u00edn, al qual acompanyaran com a comentaristes M\u00f3nica Benavent i Marcos Senna."},{"type":"paragraph","text":"Despr\u00e9s de una gran actuaci\u00f3 i aconseguir la vict\u00f2ria en l\u2019ultim partit de la pretemporada davant el Borussia Dortmund (0-2) en el Cashpoint Arena d\u2019\u00c0ustria, els d\u2019Emery viatgen fins a terres franceses per a mesurar-se al conjunt entrenat actualment per l\u2019espanyol \u00d3scar Garc\u00eda."},{"type":"paragraph","text":"L\u2019Stade de Reims va ser fundat l\u2019any 1909 i, malgrat quedar en la d\u00e9cimosegunda posici\u00f3 la temporada passada, sap el que \u00e9s ser campi\u00f3 de la seua competici\u00f3 dom\u00e8stica. El club, que ha tingut jugadors del Villarreal en les seues files com Aissa Mandi o Boulaye Dia, ha sigut campi\u00f3 de la Lligue 1 en sis ocasions. La solidesa defensiva \u00e9s un dels trets que caracteritza a l\u2019equip sobrenomenat els rouges et blancs i el seu exportero, Predrag Rajkovi\u0107 \u2014va fitxar pel RCD Mallorca aquesta mateixa setmana\u2014 t\u00e9 part de culpa: la passada temporada el serbi va ser el segon porter que m\u00e9s parades va realitzar en el campionat franc\u00e9s i va aconseguir acumular un total d\u201911 porteries a zero. En total, l\u2019Stade de Reims va rebre 44 gols en contra en 38 partits, un registre que li va convertir en un dels equips menys golejats de la categoria."},{"type":"paragraph","text":"Els d\u2019Emery, que encara no coneixen la derrota en la seua gira de pretemporada, tractaran de prolongar la bona ratxa de resultats obtinguts amb l\u2019empat davant l\u2019Sporting CP i les vict\u00f2ries davant PSV i Borussia Dortmund en la quarta trobada de l\u2019European Summer Tour Color Star 2022 davant l\u2019Stade de Reims (diumenge, 19.00 hores)."}]}},"sections":[{"id":"section-1","title":"","text":"El partit es podr\u00e0 seguir en directe en el Twitch del Villarreal CF i en el de Rub\u00e9n Mart\u00edn Gaudeix del Stade de Reims \u2013 Villarreal en directe! El Submar\u00ed s\u2019enfronta dem\u00e0, a partir de les 19.00 hores, al conjunt franc\u00e9s en l\u2019Stade Auguste Delaune. Com a novetat, l\u2019enfrontament entre grocs i blanc-i-vermells es podr\u00e0 veure de forma totalment gratu\u00efta en els canals de Twitch del Villarreal CF o de Rub\u00e9n Mart\u00edn, al qual acompanyaran com a comentaristes M\u00f3nica Benavent i Marcos Senna. Despr\u00e9s de una gran actuaci\u00f3 i aconseguir la vict\u00f2ria en l\u2019ultim partit de la pretemporada davant el Borussia Dortmund (0-2) en el Cashpoint Arena d\u2019\u00c0ustria, els d\u2019Emery viatgen fins a terres franceses per a mesurar-se al conjunt entrenat actualment per l\u2019espanyol \u00d3scar Garc\u00eda. L\u2019Stade de Reims va ser fundat l\u2019any 1909 i, malgrat quedar en la d\u00e9cimosegunda posici\u00f3 la temporada passada, sap el que \u00e9s ser campi\u00f3 de la seua competici\u00f3 dom\u00e8stica. El club, que ha tingut jugadors del Villarreal en les seues files com Aissa Mandi o Boulaye Dia, ha sigut campi\u00f3 de la Lligue 1 en sis ocasions. La solidesa defensiva \u00e9s un dels trets que caracteritza a l\u2019equip sobrenomenat els rouges et blancs i el seu exportero, Predrag Rajkovi\u0107 \u2014va fitxar pel RCD Mallorca aquesta mateixa setmana\u2014 t\u00e9 part de culpa: la passada temporada el serbi va ser el segon porter que m\u00e9s parades va realitzar en el campionat franc\u00e9s i va aconseguir acumular un total d\u201911 porteries a zero. En total, l\u2019Stade de Reims va rebre 44 gols en contra en 38 partits, un registre que li va convertir en un dels equips menys golejats de la categoria. Els d\u2019Emery, que encara no coneixen la derrota en la seua gira de pretemporada, tractaran de prolongar la bona ratxa de resultats obtinguts amb l\u2019empat davant l\u2019Sporting CP i les vict\u00f2ries davant PSV i Borussia Dortmund en la quarta trobada de l\u2019European Summer Tour Color Star 2022 davant l\u2019Stade de Reims (diumenge, 19.00 hores).","url":"","background_image":"","images":[{"type":"image","url":"https:\/\/villarrealcf.es\/\/wp-content\/uploads\/2022\/07\/e706ee3a511fae1cf845f573c78eedfc.jpg","alt":"||||","width":1439,"height":809,"srcset":"https:\/\/villarrealcf.es\/wp-content\/uploads\/2022\/07\/e706ee3a511fae1cf845f573c78eedfc.jpg 1439w, https:\/\/villarrealcf.es\/\/wp-content\/uploads\/2022\/07\/e706ee3a511fae1cf845f573c78eedfc.jpg 1920w, https:\/\/villarrealcf.es\/wp-content\/uploads\/2022\/07\/e706ee3a511fae1cf845f573c78eedfc-1024x576.jpg 1024w, https:\/\/villarrealcf.es\/\/wp-content\/uploads\/2022\/07\/e706ee3a511fae1cf845f573c78eedfc.jpg 1920w, https:\/\/villarrealcf.es\/\/wp-content\/uploads\/2022\/07\/e706ee3a511fae1cf845f573c78eedfc.jpg 1920w, https:\/\/villarrealcf.es\/wp-content\/uploads\/2022\/07\/e706ee3a511fae1cf845f573c78eedfc-32x18.jpg 32w, https:\/\/villarrealcf.es\/wp-content\/uploads\/2022\/07\/e706ee3a511fae1cf845f573c78eedfc-150x84.jpg 150w, https:\/\/villarrealcf.es\/\/wp-content\/uploads\/2022\/07\/e706ee3a511fae1cf845f573c78eedfc.jpg 1920w, https:\/\/villarrealcf.es\/wp-content\/uploads\/2022\/07\/e706ee3a511fae1cf845f573c78eedfc-1200x675.jpg 1200w","sizes":"auto, (max-width: 1439px) 100vw, 1439px"}],"videos":[],"links":[]},{"id":"shortcode-caption-69f078ea9abaa","type":"shortcode","shortcode":"caption","attributes":{"id":"attachment_186506","align":"alignnone","width":""},"title":"Caption","rendered":"","data":[],"text":"","url":"","background_image":"","images":[],"videos":[],"links":[],"blocks":[]}]},"excerpt":{"rendered":"El partit es podr\u00e0 seguir en directe en el Twitch del Villarreal CF i en el de Rub\u00e9n Mart\u00edn","protected":false},"author":33,"featured_media":186506,"comment_status":"","ping_status":"","sticky":false,"template":"","format":"standard","meta":{"_acf_changed":false,"footnotes":""},"categories":[4854],"tags":[12554,12556,9270,5506,13247,9205,9627,9203],"acf":null,"lang":"val","translations":{"val":224434},"essential_grid":{"has_grid":false},"formatted_date":"July 23, 2022","modified_date":"July 23, 2022","permalink":"https:\/\/villarrealcf.es\/val\/stade-de-reims-quart-rival-de-la-pretemporada\/","reading_time":2,"featured_media_data":{"id":186506,"title":"||||","caption":"||||","alt_text":"","description":"","mime_type":"image\/jpeg","source_url":"https:\/\/villarrealcf.es\/wp-content\/uploads\/2022\/07\/e706ee3a511fae1cf845f573c78eedfc.jpg","sizes":{"thumbnail":{"url":"https:\/\/villarrealcf.es\/wp-content\/uploads\/2022\/07\/e706ee3a511fae1cf845f573c78eedfc-150x150.jpg","width":150,"height":150},"medium":{"url":"https:\/\/villarrealcf.es\/wp-content\/uploads\/2022\/07\/e706ee3a511fae1cf845f573c78eedfc-300x169.jpg","width":300,"height":169},"medium_large":{"url":"https:\/\/villarrealcf.es\/wp-content\/uploads\/2022\/07\/e706ee3a511fae1cf845f573c78eedfc-768x432.jpg","width":768,"height":432},"large":{"url":"https:\/\/villarrealcf.es\/wp-content\/uploads\/2022\/07\/e706ee3a511fae1cf845f573c78eedfc-1024x576.jpg","width":788,"height":443},"1536x1536":{"url":"https:\/\/villarrealcf.es\/wp-content\/uploads\/2022\/07\/e706ee3a511fae1cf845f573c78eedfc.jpg","width":1439,"height":809},"2048x2048":{"url":"https:\/\/villarrealcf.es\/wp-content\/uploads\/2022\/07\/e706ee3a511fae1cf845f573c78eedfc.jpg","width":1439,"height":809},"tp-image-grid":{"url":"https:\/\/villarrealcf.es\/wp-content\/uploads\/2022\/07\/e706ee3a511fae1cf845f573c78eedfc-700x700.jpg","width":700,"height":700},"size-bunyad-medium":{"url":"https:\/\/villarrealcf.es\/wp-content\/uploads\/2022\/07\/e706ee3a511fae1cf845f573c78eedfc.jpg","width":1439,"height":809},"sportspress-crop-medium":{"url":"https:\/\/villarrealcf.es\/wp-content\/uploads\/2022\/07\/e706ee3a511fae1cf845f573c78eedfc-300x300.jpg","width":300,"height":300},"sportspress-fit-medium":{"url":"https:\/\/villarrealcf.es\/wp-content\/uploads\/2022\/07\/e706ee3a511fae1cf845f573c78eedfc-300x169.jpg","width":300,"height":169},"sportspress-fit-icon":{"url":"https:\/\/villarrealcf.es\/wp-content\/uploads\/2022\/07\/e706ee3a511fae1cf845f573c78eedfc-128x72.jpg","width":128,"height":72},"sportspress-fit-mini":{"url":"https:\/\/villarrealcf.es\/wp-content\/uploads\/2022\/07\/e706ee3a511fae1cf845f573c78eedfc-32x18.jpg","width":32,"height":18},"bunyad-small":{"url":"https:\/\/villarrealcf.es\/wp-content\/uploads\/2022\/07\/e706ee3a511fae1cf845f573c78eedfc-150x84.jpg","width":150,"height":84},"bunyad-medium":{"url":"https:\/\/villarrealcf.es\/wp-content\/uploads\/2022\/07\/e706ee3a511fae1cf845f573c78eedfc-450x253.jpg","width":450,"height":253},"bunyad-full":{"url":"https:\/\/villarrealcf.es\/wp-content\/uploads\/2022\/07\/e706ee3a511fae1cf845f573c78eedfc-1200x675.jpg","width":1200,"height":675},"bunyad-viewport":{"url":"https:\/\/villarrealcf.es\/wp-content\/uploads\/2022\/07\/e706ee3a511fae1cf845f573c78eedfc.jpg","width":1439,"height":809},"bunyad-768":{"url":"https:\/\/villarrealcf.es\/wp-content\/uploads\/2022\/07\/e706ee3a511fae1cf845f573c78eedfc-768x432.jpg","width":768,"height":432},"full":{"url":"https:\/\/villarrealcf.es\/wp-content\/uploads\/2022\/07\/e706ee3a511fae1cf845f573c78eedfc.jpg","width":1439,"height":809}}},"author_data":{"id":"33","name":"Nacho Tejada","first_name":"Nacho","last_name":"Tejada","description":"","avatar_url":"https:\/\/secure.gravatar.com\/avatar\/b1580534b2fcd93e031504756165758941290488df5c88966a26f84344931fd1?s=96&d=mm&r=g","acf":null},"taxonomies_data":{"category":[{"id":4854,"name":"Noticies Generals","slug":"noticies-generals","acf":null}],"post_tag":[{"id":12554,"name":"#Football","slug":"football-val","acf":null},{"id":12556,"name":"#Soccer","slug":"soccer-val","acf":null},{"id":9270,"name":"Futbol","slug":"futbol-val","acf":null},{"id":5506,"name":"Pretemporada","slug":"pretemporada","acf":null},{"id":13247,"name":"Stade de Reims","slug":"stade-de-reims-val","acf":null},{"id":9205,"name":"Submarino","slug":"submarino-val","acf":null},{"id":9627,"name":"Submarino Amarillo","slug":"submarino-amarillo-val","acf":null},{"id":9203,"name":"Villarreal CF","slug":"villarreal-cf-val","acf":null}],"translation_priority":[{"id":735,"name":"Optional","slug":"optional-val","acf":null}]},"seo_full":{"native":{"title":"Stade de Reims, quart rival de la pretemporada - Web Oficial del Villarreal CF","description":"[caption id=\"attachment_186506\" align=\"alignnone\" width=\"\"]||||[\/caption]El partit es podr\u00e0 seguir en directe en el Twitch del Villarreal CF i en el de&hellip;","canonical":"https:\/\/villarrealcf.es\/val\/stade-de-reims-quart-rival-de-la-pretemporada\/"}},"_links":{"self":[{"href":"https:\/\/villarrealcf.es\/val\/wp-json\/wp\/v2\/posts\/224434","targetHints":{"allow":["GET"]}}],"collection":[{"href":"https:\/\/villarrealcf.es\/val\/wp-json\/wp\/v2\/posts"}],"about":[{"href":"https:\/\/villarrealcf.es\/val\/wp-json\/wp\/v2\/types\/post"}],"author":[{"embeddable":true,"href":"https:\/\/villarrealcf.es\/val\/wp-json\/wp\/v2\/users\/33"}],"replies":[{"embeddable":true,"href":"https:\/\/villarrealcf.es\/val\/wp-json\/wp\/v2\/comments?post=224434"}],"version-history":[{"count":0,"href":"https:\/\/villarrealcf.es\/val\/wp-json\/wp\/v2\/posts\/224434\/revisions"}],"wp:featuredmedia":[{"embeddable":true,"href":"https:\/\/villarrealcf.es\/val\/wp-json\/wp\/v2\/media\/186506"}],"wp:attachment":[{"href":"https:\/\/villarrealcf.es\/val\/wp-json\/wp\/v2\/media?parent=224434"}],"wp:term":[{"taxonomy":"category","embeddable":true,"href":"https:\/\/villarrealcf.es\/val\/wp-json\/wp\/v2\/categories?post=224434"},{"taxonomy":"post_tag","embeddable":true,"href":"https:\/\/villarrealcf.es\/val\/wp-json\/wp\/v2\/tags?post=224434"}],"curies":[{"name":"wp","href":"https:\/\/api.w.org\/{rel}","templated":true}]}}