{"id":224425,"date":"2022-07-21T08:50:07","date_gmt":"2022-07-21T06:50:07","guid":{"rendered":"https:\/\/villarrealcf.es\/\/borussia-dortmund-joventut-i-talent-com-a-tercera-prova\/"},"modified":"2022-07-21T08:50:07","modified_gmt":"2022-07-21T06:50:07","slug":"borussia-dortmund-joventut-i-talent-com-a-tercera-prova","status":"publish","type":"post","link":"https:\/\/villarrealcf.es\/val\/borussia-dortmund-joventut-i-talent-com-a-tercera-prova\/","title":{"rendered":"Borussia Dortmund: joventut i talent com a tercera prova"},"content":{"protected":false,"blocks":[{"type":"image","url":"https:\/\/villarrealcf.es\/\/wp-content\/uploads\/2022\/07\/faf9098157dd155b697e492f8cbb2cff.jpg","alt":"||||","width":1181,"height":664,"srcset":"https:\/\/villarrealcf.es\/wp-content\/uploads\/2022\/07\/faf9098157dd155b697e492f8cbb2cff.jpg 1181w, https:\/\/villarrealcf.es\/\/wp-content\/uploads\/2022\/07\/faf9098157dd155b697e492f8cbb2cff.jpg 1920w, https:\/\/villarrealcf.es\/wp-content\/uploads\/2022\/07\/faf9098157dd155b697e492f8cbb2cff-1024x576.jpg 1024w, https:\/\/villarrealcf.es\/\/wp-content\/uploads\/2022\/07\/faf9098157dd155b697e492f8cbb2cff.jpg 1920w, https:\/\/villarrealcf.es\/\/wp-content\/uploads\/2022\/07\/faf9098157dd155b697e492f8cbb2cff.jpg 1920w, https:\/\/villarrealcf.es\/wp-content\/uploads\/2022\/07\/faf9098157dd155b697e492f8cbb2cff-32x18.jpg 32w, https:\/\/villarrealcf.es\/wp-content\/uploads\/2022\/07\/faf9098157dd155b697e492f8cbb2cff-150x84.jpg 150w, https:\/\/villarrealcf.es\/\/wp-content\/uploads\/2022\/07\/faf9098157dd155b697e492f8cbb2cff.jpg 1920w","sizes":"auto, (max-width: 1181px) 100vw, 1181px"},{"type":"paragraph","text":"El Submar\u00ed segueix amb la posada a punt de cara a l\u2019inici de LaLiga"},{"type":"paragraph","text":"El Villarreal CF s\u2019enfronta aquest divendres, a partir de les 19.00 hores, al Borussia Dortmund en el Cashpoint Arena (\u00c0ustria). El partit enfront del conjunt dortmund\u00e9s ser\u00e0 el tercer de l\u2019European Summer Tour 2022 Color Star per als grocs despr\u00e9s d\u2019haver-se vist les cares amb l\u2019Sporting CP i el PSV Eindhoven la setmana passada."},{"type":"paragraph","text":"El Borussia Dortmund \u00e9s un dels clubs capdavanters d\u2019Alemanya. Una UEFA Champions League en la temporada 96-97, 8 Bundesligas, 5 DFB Pokal i 8 Supercopas d\u2019Alemanya s\u00f3n els trofeus que ostenta el palmar\u00e9s d\u2019un equip que la passada campanya va ser subcampi\u00f3 de la Bundesliga, quedant a huit punts de dist\u00e0ncia del Bayern de M\u00fanich."},{"type":"paragraph","text":"Malgrat la seua bona actuaci\u00f3 en la competici\u00f3 dom\u00e8stica, la temporada 21-22 no va ser una campanya per al record pel que respecta al seu paper en competici\u00f3 europea . Despr\u00e9s de no aconseguir el passe als huitens de final de la UEFA Champions League, per\u00f2 s\u00ed el tercer lloc que li feia recaure als setzens de l\u2019Europa League, l\u2019equip entrenador en aquells dies per Marco Rose va caure en aquesta ronda davant el Rangers FC."},{"type":"paragraph","text":"Despr\u00e9s del cessament de Rose al maig del present any, va ser Edin Terzic \u2014que ja va dirigir a l\u2019equip en la campanya 20-21\u2014 l\u2019home triat per la directiva del conjunt teut\u00f3 per a afrontar la temporada 22-23. Talentosos jugadors com Lewandowski, Haaland, Sancho, Dembele o Aubameyang han passat per les files del Dormunt. Una plantilla que, malgrat la venda en els \u00faltims anys d\u2019aquests jugadors, mant\u00e9 la qualitat en les seues files amb jugadors experimentats a Europa com Marco Reus i Mats Hummels, per\u00f2 tamb\u00e9 amb joves com Reyna, Bellingham o Adeyemi."}],"structured":{"summary":{"text":"El Submar\u00ed segueix amb la posada a punt de cara a l\u2019inici de LaLiga El Villarreal CF s\u2019enfronta aquest divendres, a partir de les 19.00 hores, al Borussia Dortmund en el Cashpoint Arena (\u00c0ustria). El partit enfront del conjunt dortmund\u00e9s ser\u00e0 el tercer de l\u2019European Summer Tour 2022 Color Star per als grocs despr\u00e9s d\u2019haver-se vist les cares amb l\u2019Sporting CP i el PSV Eindhoven la setmana passada. El Borussia Dortmund \u00e9s un dels clubs capdavanters d\u2019Alemanya. Una UEFA Champions League en la temporada 96-97, 8 Bundesligas, 5 DFB Pokal i 8 Supercopas d\u2019Alemanya s\u00f3n els trofeus que ostenta el palmar\u00e9s d\u2019un equip que la passada campanya va ser subcampi\u00f3 de la Bundesliga, quedant a huit punts de dist\u00e0ncia del Bayern de M\u00fanich. Malgrat la seua bona actuaci\u00f3 en la competici\u00f3 dom\u00e8stica, la temporada 21-22 no va ser una campanya per al record pel que respecta al seu paper en competici\u00f3 europea . Despr\u00e9s de no aconseguir el passe als huitens de final de la UEFA Champions League, per\u00f2 s\u00ed el tercer lloc que li feia recaure als setzens de l\u2019Europa League, l\u2019equip entrenador en aquells dies per Marco Rose va caure en aquesta ronda davant el Rangers FC. Despr\u00e9s del cessament de Rose al maig del present any, va ser Edin Terzic \u2014que ja va dirigir a l\u2019equip en la campanya 20-21\u2014 l\u2019home triat per la directiva del conjunt teut\u00f3 per a afrontar la temporada 22-23. Talentosos jugadors com Lewandowski, Haaland, Sancho, Dembele o Aubameyang han passat per les files del Dormunt. Una plantilla que, malgrat la venda en els \u00faltims anys d\u2019aquests jugadors, mant\u00e9 la qualitat en les seues files amb jugadors experimentats a Europa com Marco Reus i Mats Hummels, per\u00f2 tamb\u00e9 amb joves com Reyna, Bellingham o Adeyemi.","headings":[],"buttons":[],"images":[{"type":"image","url":"https:\/\/villarrealcf.es\/\/wp-content\/uploads\/2022\/07\/faf9098157dd155b697e492f8cbb2cff.jpg","alt":"||||","width":1181,"height":664,"srcset":"https:\/\/villarrealcf.es\/wp-content\/uploads\/2022\/07\/faf9098157dd155b697e492f8cbb2cff.jpg 1181w, https:\/\/villarrealcf.es\/\/wp-content\/uploads\/2022\/07\/faf9098157dd155b697e492f8cbb2cff.jpg 1920w, https:\/\/villarrealcf.es\/wp-content\/uploads\/2022\/07\/faf9098157dd155b697e492f8cbb2cff-1024x576.jpg 1024w, https:\/\/villarrealcf.es\/\/wp-content\/uploads\/2022\/07\/faf9098157dd155b697e492f8cbb2cff.jpg 1920w, https:\/\/villarrealcf.es\/\/wp-content\/uploads\/2022\/07\/faf9098157dd155b697e492f8cbb2cff.jpg 1920w, https:\/\/villarrealcf.es\/wp-content\/uploads\/2022\/07\/faf9098157dd155b697e492f8cbb2cff-32x18.jpg 32w, https:\/\/villarrealcf.es\/wp-content\/uploads\/2022\/07\/faf9098157dd155b697e492f8cbb2cff-150x84.jpg 150w, https:\/\/villarrealcf.es\/\/wp-content\/uploads\/2022\/07\/faf9098157dd155b697e492f8cbb2cff.jpg 1920w","sizes":"auto, (max-width: 1181px) 100vw, 1181px"}],"counts":{"blocks":6,"headings":0,"texts":5,"buttons":0,"images":1}},"sections":[{"id":"section-1","title":"","text":"El Submar\u00ed segueix amb la posada a punt de cara a l\u2019inici de LaLiga El Villarreal CF s\u2019enfronta aquest divendres, a partir de les 19.00 hores, al Borussia Dortmund en el Cashpoint Arena (\u00c0ustria). El partit enfront del conjunt dortmund\u00e9s ser\u00e0 el tercer de l\u2019European Summer Tour 2022 Color Star per als grocs despr\u00e9s d\u2019haver-se vist les cares amb l\u2019Sporting CP i el PSV Eindhoven la setmana passada. El Borussia Dortmund \u00e9s un dels clubs capdavanters d\u2019Alemanya. Una UEFA Champions League en la temporada 96-97, 8 Bundesligas, 5 DFB Pokal i 8 Supercopas d\u2019Alemanya s\u00f3n els trofeus que ostenta el palmar\u00e9s d\u2019un equip que la passada campanya va ser subcampi\u00f3 de la Bundesliga, quedant a huit punts de dist\u00e0ncia del Bayern de M\u00fanich. Malgrat la seua bona actuaci\u00f3 en la competici\u00f3 dom\u00e8stica, la temporada 21-22 no va ser una campanya per al record pel que respecta al seu paper en competici\u00f3 europea . Despr\u00e9s de no aconseguir el passe als huitens de final de la UEFA Champions League, per\u00f2 s\u00ed el tercer lloc que li feia recaure als setzens de l\u2019Europa League, l\u2019equip entrenador en aquells dies per Marco Rose va caure en aquesta ronda davant el Rangers FC. Despr\u00e9s del cessament de Rose al maig del present any, va ser Edin Terzic \u2014que ja va dirigir a l\u2019equip en la campanya 20-21\u2014 l\u2019home triat per la directiva del conjunt teut\u00f3 per a afrontar la temporada 22-23. Talentosos jugadors com Lewandowski, Haaland, Sancho, Dembele o Aubameyang han passat per les files del Dormunt. Una plantilla que, malgrat la venda en els \u00faltims anys d\u2019aquests jugadors, mant\u00e9 la qualitat en les seues files amb jugadors experimentats a Europa com Marco Reus i Mats Hummels, per\u00f2 tamb\u00e9 amb joves com Reyna, Bellingham o Adeyemi.","headings":[],"texts":[{"type":"paragraph","text":"El Submar\u00ed segueix amb la posada a punt de cara a l\u2019inici de LaLiga"},{"type":"paragraph","text":"El Villarreal CF s\u2019enfronta aquest divendres, a partir de les 19.00 hores, al Borussia Dortmund en el Cashpoint Arena (\u00c0ustria). El partit enfront del conjunt dortmund\u00e9s ser\u00e0 el tercer de l\u2019European Summer Tour 2022 Color Star per als grocs despr\u00e9s d\u2019haver-se vist les cares amb l\u2019Sporting CP i el PSV Eindhoven la setmana passada."},{"type":"paragraph","text":"El Borussia Dortmund \u00e9s un dels clubs capdavanters d\u2019Alemanya. Una UEFA Champions League en la temporada 96-97, 8 Bundesligas, 5 DFB Pokal i 8 Supercopas d\u2019Alemanya s\u00f3n els trofeus que ostenta el palmar\u00e9s d\u2019un equip que la passada campanya va ser subcampi\u00f3 de la Bundesliga, quedant a huit punts de dist\u00e0ncia del Bayern de M\u00fanich."},{"type":"paragraph","text":"Malgrat la seua bona actuaci\u00f3 en la competici\u00f3 dom\u00e8stica, la temporada 21-22 no va ser una campanya per al record pel que respecta al seu paper en competici\u00f3 europea . Despr\u00e9s de no aconseguir el passe als huitens de final de la UEFA Champions League, per\u00f2 s\u00ed el tercer lloc que li feia recaure als setzens de l\u2019Europa League, l\u2019equip entrenador en aquells dies per Marco Rose va caure en aquesta ronda davant el Rangers FC."},{"type":"paragraph","text":"Despr\u00e9s del cessament de Rose al maig del present any, va ser Edin Terzic \u2014que ja va dirigir a l\u2019equip en la campanya 20-21\u2014 l\u2019home triat per la directiva del conjunt teut\u00f3 per a afrontar la temporada 22-23. Talentosos jugadors com Lewandowski, Haaland, Sancho, Dembele o Aubameyang han passat per les files del Dormunt. Una plantilla que, malgrat la venda en els \u00faltims anys d\u2019aquests jugadors, mant\u00e9 la qualitat en les seues files amb jugadors experimentats a Europa com Marco Reus i Mats Hummels, per\u00f2 tamb\u00e9 amb joves com Reyna, Bellingham o Adeyemi."}],"buttons":[],"images":[{"type":"image","url":"https:\/\/villarrealcf.es\/\/wp-content\/uploads\/2022\/07\/faf9098157dd155b697e492f8cbb2cff.jpg","alt":"||||","width":1181,"height":664,"srcset":"https:\/\/villarrealcf.es\/wp-content\/uploads\/2022\/07\/faf9098157dd155b697e492f8cbb2cff.jpg 1181w, https:\/\/villarrealcf.es\/\/wp-content\/uploads\/2022\/07\/faf9098157dd155b697e492f8cbb2cff.jpg 1920w, https:\/\/villarrealcf.es\/wp-content\/uploads\/2022\/07\/faf9098157dd155b697e492f8cbb2cff-1024x576.jpg 1024w, https:\/\/villarrealcf.es\/\/wp-content\/uploads\/2022\/07\/faf9098157dd155b697e492f8cbb2cff.jpg 1920w, https:\/\/villarrealcf.es\/\/wp-content\/uploads\/2022\/07\/faf9098157dd155b697e492f8cbb2cff.jpg 1920w, https:\/\/villarrealcf.es\/wp-content\/uploads\/2022\/07\/faf9098157dd155b697e492f8cbb2cff-32x18.jpg 32w, https:\/\/villarrealcf.es\/wp-content\/uploads\/2022\/07\/faf9098157dd155b697e492f8cbb2cff-150x84.jpg 150w, https:\/\/villarrealcf.es\/\/wp-content\/uploads\/2022\/07\/faf9098157dd155b697e492f8cbb2cff.jpg 1920w","sizes":"auto, (max-width: 1181px) 100vw, 1181px"}],"widgets":[],"blocks":[{"type":"image","url":"https:\/\/villarrealcf.es\/\/wp-content\/uploads\/2022\/07\/faf9098157dd155b697e492f8cbb2cff.jpg","alt":"||||","width":1181,"height":664,"srcset":"https:\/\/villarrealcf.es\/wp-content\/uploads\/2022\/07\/faf9098157dd155b697e492f8cbb2cff.jpg 1181w, https:\/\/villarrealcf.es\/\/wp-content\/uploads\/2022\/07\/faf9098157dd155b697e492f8cbb2cff.jpg 1920w, https:\/\/villarrealcf.es\/wp-content\/uploads\/2022\/07\/faf9098157dd155b697e492f8cbb2cff-1024x576.jpg 1024w, https:\/\/villarrealcf.es\/\/wp-content\/uploads\/2022\/07\/faf9098157dd155b697e492f8cbb2cff.jpg 1920w, https:\/\/villarrealcf.es\/\/wp-content\/uploads\/2022\/07\/faf9098157dd155b697e492f8cbb2cff.jpg 1920w, https:\/\/villarrealcf.es\/wp-content\/uploads\/2022\/07\/faf9098157dd155b697e492f8cbb2cff-32x18.jpg 32w, https:\/\/villarrealcf.es\/wp-content\/uploads\/2022\/07\/faf9098157dd155b697e492f8cbb2cff-150x84.jpg 150w, https:\/\/villarrealcf.es\/\/wp-content\/uploads\/2022\/07\/faf9098157dd155b697e492f8cbb2cff.jpg 1920w","sizes":"auto, (max-width: 1181px) 100vw, 1181px"},{"type":"paragraph","text":"El Submar\u00ed segueix amb la posada a punt de cara a l\u2019inici de LaLiga"},{"type":"paragraph","text":"El Villarreal CF s\u2019enfronta aquest divendres, a partir de les 19.00 hores, al Borussia Dortmund en el Cashpoint Arena (\u00c0ustria). El partit enfront del conjunt dortmund\u00e9s ser\u00e0 el tercer de l\u2019European Summer Tour 2022 Color Star per als grocs despr\u00e9s d\u2019haver-se vist les cares amb l\u2019Sporting CP i el PSV Eindhoven la setmana passada."},{"type":"paragraph","text":"El Borussia Dortmund \u00e9s un dels clubs capdavanters d\u2019Alemanya. Una UEFA Champions League en la temporada 96-97, 8 Bundesligas, 5 DFB Pokal i 8 Supercopas d\u2019Alemanya s\u00f3n els trofeus que ostenta el palmar\u00e9s d\u2019un equip que la passada campanya va ser subcampi\u00f3 de la Bundesliga, quedant a huit punts de dist\u00e0ncia del Bayern de M\u00fanich."},{"type":"paragraph","text":"Malgrat la seua bona actuaci\u00f3 en la competici\u00f3 dom\u00e8stica, la temporada 21-22 no va ser una campanya per al record pel que respecta al seu paper en competici\u00f3 europea . Despr\u00e9s de no aconseguir el passe als huitens de final de la UEFA Champions League, per\u00f2 s\u00ed el tercer lloc que li feia recaure als setzens de l\u2019Europa League, l\u2019equip entrenador en aquells dies per Marco Rose va caure en aquesta ronda davant el Rangers FC."},{"type":"paragraph","text":"Despr\u00e9s del cessament de Rose al maig del present any, va ser Edin Terzic \u2014que ja va dirigir a l\u2019equip en la campanya 20-21\u2014 l\u2019home triat per la directiva del conjunt teut\u00f3 per a afrontar la temporada 22-23. Talentosos jugadors com Lewandowski, Haaland, Sancho, Dembele o Aubameyang han passat per les files del Dormunt. Una plantilla que, malgrat la venda en els \u00faltims anys d\u2019aquests jugadors, mant\u00e9 la qualitat en les seues files amb jugadors experimentats a Europa com Marco Reus i Mats Hummels, per\u00f2 tamb\u00e9 amb joves com Reyna, Bellingham o Adeyemi."}]}],"hero":{"id":"section-1","title":"","text":"El Submar\u00ed segueix amb la posada a punt de cara a l\u2019inici de LaLiga El Villarreal CF s\u2019enfronta aquest divendres, a partir de les 19.00 hores, al Borussia Dortmund en el Cashpoint Arena (\u00c0ustria). El partit enfront del conjunt dortmund\u00e9s ser\u00e0 el tercer de l\u2019European Summer Tour 2022 Color Star per als grocs despr\u00e9s d\u2019haver-se vist les cares amb l\u2019Sporting CP i el PSV Eindhoven la setmana passada. El Borussia Dortmund \u00e9s un dels clubs capdavanters d\u2019Alemanya. Una UEFA Champions League en la temporada 96-97, 8 Bundesligas, 5 DFB Pokal i 8 Supercopas d\u2019Alemanya s\u00f3n els trofeus que ostenta el palmar\u00e9s d\u2019un equip que la passada campanya va ser subcampi\u00f3 de la Bundesliga, quedant a huit punts de dist\u00e0ncia del Bayern de M\u00fanich. Malgrat la seua bona actuaci\u00f3 en la competici\u00f3 dom\u00e8stica, la temporada 21-22 no va ser una campanya per al record pel que respecta al seu paper en competici\u00f3 europea . Despr\u00e9s de no aconseguir el passe als huitens de final de la UEFA Champions League, per\u00f2 s\u00ed el tercer lloc que li feia recaure als setzens de l\u2019Europa League, l\u2019equip entrenador en aquells dies per Marco Rose va caure en aquesta ronda davant el Rangers FC. Despr\u00e9s del cessament de Rose al maig del present any, va ser Edin Terzic \u2014que ja va dirigir a l\u2019equip en la campanya 20-21\u2014 l\u2019home triat per la directiva del conjunt teut\u00f3 per a afrontar la temporada 22-23. Talentosos jugadors com Lewandowski, Haaland, Sancho, Dembele o Aubameyang han passat per les files del Dormunt. Una plantilla que, malgrat la venda en els \u00faltims anys d\u2019aquests jugadors, mant\u00e9 la qualitat en les seues files amb jugadors experimentats a Europa com Marco Reus i Mats Hummels, per\u00f2 tamb\u00e9 amb joves com Reyna, Bellingham o Adeyemi.","headings":[],"texts":[{"type":"paragraph","text":"El Submar\u00ed segueix amb la posada a punt de cara a l\u2019inici de LaLiga"},{"type":"paragraph","text":"El Villarreal CF s\u2019enfronta aquest divendres, a partir de les 19.00 hores, al Borussia Dortmund en el Cashpoint Arena (\u00c0ustria). El partit enfront del conjunt dortmund\u00e9s ser\u00e0 el tercer de l\u2019European Summer Tour 2022 Color Star per als grocs despr\u00e9s d\u2019haver-se vist les cares amb l\u2019Sporting CP i el PSV Eindhoven la setmana passada."},{"type":"paragraph","text":"El Borussia Dortmund \u00e9s un dels clubs capdavanters d\u2019Alemanya. Una UEFA Champions League en la temporada 96-97, 8 Bundesligas, 5 DFB Pokal i 8 Supercopas d\u2019Alemanya s\u00f3n els trofeus que ostenta el palmar\u00e9s d\u2019un equip que la passada campanya va ser subcampi\u00f3 de la Bundesliga, quedant a huit punts de dist\u00e0ncia del Bayern de M\u00fanich."},{"type":"paragraph","text":"Malgrat la seua bona actuaci\u00f3 en la competici\u00f3 dom\u00e8stica, la temporada 21-22 no va ser una campanya per al record pel que respecta al seu paper en competici\u00f3 europea . Despr\u00e9s de no aconseguir el passe als huitens de final de la UEFA Champions League, per\u00f2 s\u00ed el tercer lloc que li feia recaure als setzens de l\u2019Europa League, l\u2019equip entrenador en aquells dies per Marco Rose va caure en aquesta ronda davant el Rangers FC."},{"type":"paragraph","text":"Despr\u00e9s del cessament de Rose al maig del present any, va ser Edin Terzic \u2014que ja va dirigir a l\u2019equip en la campanya 20-21\u2014 l\u2019home triat per la directiva del conjunt teut\u00f3 per a afrontar la temporada 22-23. Talentosos jugadors com Lewandowski, Haaland, Sancho, Dembele o Aubameyang han passat per les files del Dormunt. Una plantilla que, malgrat la venda en els \u00faltims anys d\u2019aquests jugadors, mant\u00e9 la qualitat en les seues files amb jugadors experimentats a Europa com Marco Reus i Mats Hummels, per\u00f2 tamb\u00e9 amb joves com Reyna, Bellingham o Adeyemi."}],"buttons":[],"images":[{"type":"image","url":"https:\/\/villarrealcf.es\/\/wp-content\/uploads\/2022\/07\/faf9098157dd155b697e492f8cbb2cff.jpg","alt":"||||","width":1181,"height":664,"srcset":"https:\/\/villarrealcf.es\/wp-content\/uploads\/2022\/07\/faf9098157dd155b697e492f8cbb2cff.jpg 1181w, https:\/\/villarrealcf.es\/\/wp-content\/uploads\/2022\/07\/faf9098157dd155b697e492f8cbb2cff.jpg 1920w, https:\/\/villarrealcf.es\/wp-content\/uploads\/2022\/07\/faf9098157dd155b697e492f8cbb2cff-1024x576.jpg 1024w, https:\/\/villarrealcf.es\/\/wp-content\/uploads\/2022\/07\/faf9098157dd155b697e492f8cbb2cff.jpg 1920w, https:\/\/villarrealcf.es\/\/wp-content\/uploads\/2022\/07\/faf9098157dd155b697e492f8cbb2cff.jpg 1920w, https:\/\/villarrealcf.es\/wp-content\/uploads\/2022\/07\/faf9098157dd155b697e492f8cbb2cff-32x18.jpg 32w, https:\/\/villarrealcf.es\/wp-content\/uploads\/2022\/07\/faf9098157dd155b697e492f8cbb2cff-150x84.jpg 150w, https:\/\/villarrealcf.es\/\/wp-content\/uploads\/2022\/07\/faf9098157dd155b697e492f8cbb2cff.jpg 1920w","sizes":"auto, (max-width: 1181px) 100vw, 1181px"}],"widgets":[],"blocks":[{"type":"image","url":"https:\/\/villarrealcf.es\/\/wp-content\/uploads\/2022\/07\/faf9098157dd155b697e492f8cbb2cff.jpg","alt":"||||","width":1181,"height":664,"srcset":"https:\/\/villarrealcf.es\/wp-content\/uploads\/2022\/07\/faf9098157dd155b697e492f8cbb2cff.jpg 1181w, https:\/\/villarrealcf.es\/\/wp-content\/uploads\/2022\/07\/faf9098157dd155b697e492f8cbb2cff.jpg 1920w, https:\/\/villarrealcf.es\/wp-content\/uploads\/2022\/07\/faf9098157dd155b697e492f8cbb2cff-1024x576.jpg 1024w, https:\/\/villarrealcf.es\/\/wp-content\/uploads\/2022\/07\/faf9098157dd155b697e492f8cbb2cff.jpg 1920w, https:\/\/villarrealcf.es\/\/wp-content\/uploads\/2022\/07\/faf9098157dd155b697e492f8cbb2cff.jpg 1920w, https:\/\/villarrealcf.es\/wp-content\/uploads\/2022\/07\/faf9098157dd155b697e492f8cbb2cff-32x18.jpg 32w, https:\/\/villarrealcf.es\/wp-content\/uploads\/2022\/07\/faf9098157dd155b697e492f8cbb2cff-150x84.jpg 150w, https:\/\/villarrealcf.es\/\/wp-content\/uploads\/2022\/07\/faf9098157dd155b697e492f8cbb2cff.jpg 1920w","sizes":"auto, (max-width: 1181px) 100vw, 1181px"},{"type":"paragraph","text":"El Submar\u00ed segueix amb la posada a punt de cara a l\u2019inici de LaLiga"},{"type":"paragraph","text":"El Villarreal CF s\u2019enfronta aquest divendres, a partir de les 19.00 hores, al Borussia Dortmund en el Cashpoint Arena (\u00c0ustria). El partit enfront del conjunt dortmund\u00e9s ser\u00e0 el tercer de l\u2019European Summer Tour 2022 Color Star per als grocs despr\u00e9s d\u2019haver-se vist les cares amb l\u2019Sporting CP i el PSV Eindhoven la setmana passada."},{"type":"paragraph","text":"El Borussia Dortmund \u00e9s un dels clubs capdavanters d\u2019Alemanya. Una UEFA Champions League en la temporada 96-97, 8 Bundesligas, 5 DFB Pokal i 8 Supercopas d\u2019Alemanya s\u00f3n els trofeus que ostenta el palmar\u00e9s d\u2019un equip que la passada campanya va ser subcampi\u00f3 de la Bundesliga, quedant a huit punts de dist\u00e0ncia del Bayern de M\u00fanich."},{"type":"paragraph","text":"Malgrat la seua bona actuaci\u00f3 en la competici\u00f3 dom\u00e8stica, la temporada 21-22 no va ser una campanya per al record pel que respecta al seu paper en competici\u00f3 europea . Despr\u00e9s de no aconseguir el passe als huitens de final de la UEFA Champions League, per\u00f2 s\u00ed el tercer lloc que li feia recaure als setzens de l\u2019Europa League, l\u2019equip entrenador en aquells dies per Marco Rose va caure en aquesta ronda davant el Rangers FC."},{"type":"paragraph","text":"Despr\u00e9s del cessament de Rose al maig del present any, va ser Edin Terzic \u2014que ja va dirigir a l\u2019equip en la campanya 20-21\u2014 l\u2019home triat per la directiva del conjunt teut\u00f3 per a afrontar la temporada 22-23. Talentosos jugadors com Lewandowski, Haaland, Sancho, Dembele o Aubameyang han passat per les files del Dormunt. Una plantilla que, malgrat la venda en els \u00faltims anys d\u2019aquests jugadors, mant\u00e9 la qualitat en les seues files amb jugadors experimentats a Europa com Marco Reus i Mats Hummels, per\u00f2 tamb\u00e9 amb joves com Reyna, Bellingham o Adeyemi."}]}},"sections":[{"id":"section-1","title":"","text":"El Submar\u00ed segueix amb la posada a punt de cara a l\u2019inici de LaLiga El Villarreal CF s\u2019enfronta aquest divendres, a partir de les 19.00 hores, al Borussia Dortmund en el Cashpoint Arena (\u00c0ustria). El partit enfront del conjunt dortmund\u00e9s ser\u00e0 el tercer de l\u2019European Summer Tour 2022 Color Star per als grocs despr\u00e9s d\u2019haver-se vist les cares amb l\u2019Sporting CP i el PSV Eindhoven la setmana passada. El Borussia Dortmund \u00e9s un dels clubs capdavanters d\u2019Alemanya. Una UEFA Champions League en la temporada 96-97, 8 Bundesligas, 5 DFB Pokal i 8 Supercopas d\u2019Alemanya s\u00f3n els trofeus que ostenta el palmar\u00e9s d\u2019un equip que la passada campanya va ser subcampi\u00f3 de la Bundesliga, quedant a huit punts de dist\u00e0ncia del Bayern de M\u00fanich. Malgrat la seua bona actuaci\u00f3 en la competici\u00f3 dom\u00e8stica, la temporada 21-22 no va ser una campanya per al record pel que respecta al seu paper en competici\u00f3 europea . Despr\u00e9s de no aconseguir el passe als huitens de final de la UEFA Champions League, per\u00f2 s\u00ed el tercer lloc que li feia recaure als setzens de l\u2019Europa League, l\u2019equip entrenador en aquells dies per Marco Rose va caure en aquesta ronda davant el Rangers FC. Despr\u00e9s del cessament de Rose al maig del present any, va ser Edin Terzic \u2014que ja va dirigir a l\u2019equip en la campanya 20-21\u2014 l\u2019home triat per la directiva del conjunt teut\u00f3 per a afrontar la temporada 22-23. Talentosos jugadors com Lewandowski, Haaland, Sancho, Dembele o Aubameyang han passat per les files del Dormunt. Una plantilla que, malgrat la venda en els \u00faltims anys d\u2019aquests jugadors, mant\u00e9 la qualitat en les seues files amb jugadors experimentats a Europa com Marco Reus i Mats Hummels, per\u00f2 tamb\u00e9 amb joves com Reyna, Bellingham o Adeyemi.","url":"","background_image":"","images":[{"type":"image","url":"https:\/\/villarrealcf.es\/\/wp-content\/uploads\/2022\/07\/faf9098157dd155b697e492f8cbb2cff.jpg","alt":"||||","width":1181,"height":664,"srcset":"https:\/\/villarrealcf.es\/wp-content\/uploads\/2022\/07\/faf9098157dd155b697e492f8cbb2cff.jpg 1181w, https:\/\/villarrealcf.es\/\/wp-content\/uploads\/2022\/07\/faf9098157dd155b697e492f8cbb2cff.jpg 1920w, https:\/\/villarrealcf.es\/wp-content\/uploads\/2022\/07\/faf9098157dd155b697e492f8cbb2cff-1024x576.jpg 1024w, https:\/\/villarrealcf.es\/\/wp-content\/uploads\/2022\/07\/faf9098157dd155b697e492f8cbb2cff.jpg 1920w, https:\/\/villarrealcf.es\/\/wp-content\/uploads\/2022\/07\/faf9098157dd155b697e492f8cbb2cff.jpg 1920w, https:\/\/villarrealcf.es\/wp-content\/uploads\/2022\/07\/faf9098157dd155b697e492f8cbb2cff-32x18.jpg 32w, https:\/\/villarrealcf.es\/wp-content\/uploads\/2022\/07\/faf9098157dd155b697e492f8cbb2cff-150x84.jpg 150w, https:\/\/villarrealcf.es\/\/wp-content\/uploads\/2022\/07\/faf9098157dd155b697e492f8cbb2cff.jpg 1920w","sizes":"auto, (max-width: 1181px) 100vw, 1181px"}],"videos":[],"links":[]},{"id":"shortcode-caption-69f061bc1dbe3","type":"shortcode","shortcode":"caption","attributes":{"id":"attachment_186470","align":"alignnone","width":""},"title":"Caption","rendered":"","data":[],"text":"","url":"","background_image":"","images":[],"videos":[],"links":[],"blocks":[]}]},"excerpt":{"rendered":"El Submar\u00ed segueix amb la posada a punt de cara a l&#8217;inici de LaLiga","protected":false},"author":33,"featured_media":186470,"comment_status":"","ping_status":"","sticky":false,"template":"","format":"standard","meta":{"_acf_changed":false,"footnotes":""},"categories":[4854],"tags":[12554,12556,9402,13249,9270,5506,9205,9627,9203],"acf":null,"lang":"val","translations":{"val":224425},"essential_grid":{"has_grid":false},"formatted_date":"July 21, 2022","modified_date":"July 21, 2022","permalink":"https:\/\/villarrealcf.es\/val\/borussia-dortmund-joventut-i-talent-com-a-tercera-prova\/","reading_time":2,"featured_media_data":{"id":186470,"title":"||||","caption":"||||","alt_text":"","description":"","mime_type":"image\/jpeg","source_url":"https:\/\/villarrealcf.es\/wp-content\/uploads\/2022\/07\/faf9098157dd155b697e492f8cbb2cff.jpg","sizes":{"thumbnail":{"url":"https:\/\/villarrealcf.es\/wp-content\/uploads\/2022\/07\/faf9098157dd155b697e492f8cbb2cff-150x150.jpg","width":150,"height":150},"medium":{"url":"https:\/\/villarrealcf.es\/wp-content\/uploads\/2022\/07\/faf9098157dd155b697e492f8cbb2cff-300x169.jpg","width":300,"height":169},"medium_large":{"url":"https:\/\/villarrealcf.es\/wp-content\/uploads\/2022\/07\/faf9098157dd155b697e492f8cbb2cff-768x432.jpg","width":768,"height":432},"large":{"url":"https:\/\/villarrealcf.es\/wp-content\/uploads\/2022\/07\/faf9098157dd155b697e492f8cbb2cff-1024x576.jpg","width":788,"height":443},"1536x1536":{"url":"https:\/\/villarrealcf.es\/wp-content\/uploads\/2022\/07\/faf9098157dd155b697e492f8cbb2cff.jpg","width":1181,"height":664},"2048x2048":{"url":"https:\/\/villarrealcf.es\/wp-content\/uploads\/2022\/07\/faf9098157dd155b697e492f8cbb2cff.jpg","width":1181,"height":664},"tp-image-grid":{"url":"https:\/\/villarrealcf.es\/wp-content\/uploads\/2022\/07\/faf9098157dd155b697e492f8cbb2cff-700x664.jpg","width":700,"height":664},"size-bunyad-medium":{"url":"https:\/\/villarrealcf.es\/wp-content\/uploads\/2022\/07\/faf9098157dd155b697e492f8cbb2cff.jpg","width":1181,"height":664},"sportspress-crop-medium":{"url":"https:\/\/villarrealcf.es\/wp-content\/uploads\/2022\/07\/faf9098157dd155b697e492f8cbb2cff-300x300.jpg","width":300,"height":300},"sportspress-fit-medium":{"url":"https:\/\/villarrealcf.es\/wp-content\/uploads\/2022\/07\/faf9098157dd155b697e492f8cbb2cff-300x169.jpg","width":300,"height":169},"sportspress-fit-icon":{"url":"https:\/\/villarrealcf.es\/wp-content\/uploads\/2022\/07\/faf9098157dd155b697e492f8cbb2cff-128x72.jpg","width":128,"height":72},"sportspress-fit-mini":{"url":"https:\/\/villarrealcf.es\/wp-content\/uploads\/2022\/07\/faf9098157dd155b697e492f8cbb2cff-32x18.jpg","width":32,"height":18},"bunyad-small":{"url":"https:\/\/villarrealcf.es\/wp-content\/uploads\/2022\/07\/faf9098157dd155b697e492f8cbb2cff-150x84.jpg","width":150,"height":84},"bunyad-medium":{"url":"https:\/\/villarrealcf.es\/wp-content\/uploads\/2022\/07\/faf9098157dd155b697e492f8cbb2cff-450x253.jpg","width":450,"height":253},"bunyad-full":{"url":"https:\/\/villarrealcf.es\/wp-content\/uploads\/2022\/07\/faf9098157dd155b697e492f8cbb2cff.jpg","width":1181,"height":664},"bunyad-viewport":{"url":"https:\/\/villarrealcf.es\/wp-content\/uploads\/2022\/07\/faf9098157dd155b697e492f8cbb2cff.jpg","width":1181,"height":664},"bunyad-768":{"url":"https:\/\/villarrealcf.es\/wp-content\/uploads\/2022\/07\/faf9098157dd155b697e492f8cbb2cff-768x432.jpg","width":768,"height":432},"full":{"url":"https:\/\/villarrealcf.es\/wp-content\/uploads\/2022\/07\/faf9098157dd155b697e492f8cbb2cff.jpg","width":1181,"height":664}}},"author_data":{"id":"33","name":"Nacho Tejada","first_name":"Nacho","last_name":"Tejada","description":"","avatar_url":"https:\/\/secure.gravatar.com\/avatar\/b1580534b2fcd93e031504756165758941290488df5c88966a26f84344931fd1?s=96&d=mm&r=g","acf":null},"taxonomies_data":{"category":[{"id":4854,"name":"Noticies Generals","slug":"noticies-generals","acf":null}],"post_tag":[{"id":12554,"name":"#Football","slug":"football-val","acf":null},{"id":12556,"name":"#Soccer","slug":"soccer-val","acf":null},{"id":9402,"name":"Amistoso","slug":"amistoso-val","acf":null},{"id":13249,"name":"Borussia Dortmund","slug":"borussia-dortmund-val","acf":null},{"id":9270,"name":"Futbol","slug":"futbol-val","acf":null},{"id":5506,"name":"Pretemporada","slug":"pretemporada","acf":null},{"id":9205,"name":"Submarino","slug":"submarino-val","acf":null},{"id":9627,"name":"Submarino Amarillo","slug":"submarino-amarillo-val","acf":null},{"id":9203,"name":"Villarreal CF","slug":"villarreal-cf-val","acf":null}],"translation_priority":[{"id":735,"name":"Optional","slug":"optional-val","acf":null}]},"seo_full":{"native":{"title":"Borussia Dortmund: joventut i talent com a tercera prova - Web Oficial del Villarreal CF","description":"[caption id=\"attachment_186470\" align=\"alignnone\" width=\"\"]||||[\/caption]El Submar\u00ed segueix amb la posada a punt de cara a l'inici de LaLiga El Villarreal CF&hellip;","canonical":"https:\/\/villarrealcf.es\/val\/borussia-dortmund-joventut-i-talent-com-a-tercera-prova\/"}},"_links":{"self":[{"href":"https:\/\/villarrealcf.es\/val\/wp-json\/wp\/v2\/posts\/224425","targetHints":{"allow":["GET"]}}],"collection":[{"href":"https:\/\/villarrealcf.es\/val\/wp-json\/wp\/v2\/posts"}],"about":[{"href":"https:\/\/villarrealcf.es\/val\/wp-json\/wp\/v2\/types\/post"}],"author":[{"embeddable":true,"href":"https:\/\/villarrealcf.es\/val\/wp-json\/wp\/v2\/users\/33"}],"replies":[{"embeddable":true,"href":"https:\/\/villarrealcf.es\/val\/wp-json\/wp\/v2\/comments?post=224425"}],"version-history":[{"count":0,"href":"https:\/\/villarrealcf.es\/val\/wp-json\/wp\/v2\/posts\/224425\/revisions"}],"wp:featuredmedia":[{"embeddable":true,"href":"https:\/\/villarrealcf.es\/val\/wp-json\/wp\/v2\/media\/186470"}],"wp:attachment":[{"href":"https:\/\/villarrealcf.es\/val\/wp-json\/wp\/v2\/media?parent=224425"}],"wp:term":[{"taxonomy":"category","embeddable":true,"href":"https:\/\/villarrealcf.es\/val\/wp-json\/wp\/v2\/categories?post=224425"},{"taxonomy":"post_tag","embeddable":true,"href":"https:\/\/villarrealcf.es\/val\/wp-json\/wp\/v2\/tags?post=224425"}],"curies":[{"name":"wp","href":"https:\/\/api.w.org\/{rel}","templated":true}]}}