{"id":224373,"date":"2022-07-13T11:44:35","date_gmt":"2022-07-13T09:44:35","guid":{"rendered":"https:\/\/villarrealcf.es\/\/trigueros-preparem-una-temporada-il-lusionant\/"},"modified":"2022-07-13T11:44:35","modified_gmt":"2022-07-13T09:44:35","slug":"trigueros-preparem-una-temporada-il-lusionant","status":"publish","type":"post","link":"https:\/\/villarrealcf.es\/val\/trigueros-preparem-una-temporada-il-lusionant\/","title":{"rendered":"Trigueros: &#8220;Preparem una temporada il\u00b7lusionant&#8221;"},"content":{"protected":false,"blocks":[{"type":"image","url":"https:\/\/villarrealcf.es\/\/wp-content\/uploads\/2022\/07\/4d068a3dc936bbca3db8c8d87fe66fa2.jpg","alt":"||||||","width":1303,"height":732,"srcset":"https:\/\/villarrealcf.es\/wp-content\/uploads\/2022\/07\/4d068a3dc936bbca3db8c8d87fe66fa2.jpg 1303w, https:\/\/villarrealcf.es\/\/wp-content\/uploads\/2022\/07\/4d068a3dc936bbca3db8c8d87fe66fa2.jpg 1920w, https:\/\/villarrealcf.es\/wp-content\/uploads\/2022\/07\/4d068a3dc936bbca3db8c8d87fe66fa2-1024x575.jpg 1024w, https:\/\/villarrealcf.es\/\/wp-content\/uploads\/2022\/07\/4d068a3dc936bbca3db8c8d87fe66fa2.jpg 1920w, https:\/\/villarrealcf.es\/\/wp-content\/uploads\/2022\/07\/4d068a3dc936bbca3db8c8d87fe66fa2.jpg 1920w, https:\/\/villarrealcf.es\/wp-content\/uploads\/2022\/07\/4d068a3dc936bbca3db8c8d87fe66fa2-32x18.jpg 32w, https:\/\/villarrealcf.es\/wp-content\/uploads\/2022\/07\/4d068a3dc936bbca3db8c8d87fe66fa2-150x84.jpg 150w, https:\/\/villarrealcf.es\/\/wp-content\/uploads\/2022\/07\/4d068a3dc936bbca3db8c8d87fe66fa2.jpg 1920w, https:\/\/villarrealcf.es\/wp-content\/uploads\/2022\/07\/4d068a3dc936bbca3db8c8d87fe66fa2-1200x674.jpg 1200w","sizes":"auto, (max-width: 1303px) 100vw, 1303px"},{"type":"paragraph","text":"El talaver\u00e0 ha afirmat que \u00e9s una campanya important per a fer un pas avant en LaLiga"},{"type":"paragraph","text":"El migcampista espanyol, Manu Trigueros, ha comparegut davant els mitjans de comunicaci\u00f3 en la roda de premsa pr\u00e8via a l\u2019inici de la pretemporada del Submar\u00ed que viatja aquesta vesprada cap a Faro (Portugal) per a enfrontar-se al Sporting CP. L\u2019experimentat jugador groc, que la pr\u00f2xima temporada es pot convertir en el jugador amb m\u00e9s partits del Villarreal CF, ha parlat de la nova campanya, de l\u2019exig\u00e8ncia d\u2019Emery i fins i tot de les seues fotos virals d\u2019estiu. Aquestes han sigut les declaracions m\u00e9s destacades del jugador groguet:"},{"type":"paragraph","text":"Fer un pas m\u00e9s en LaLiga i en la Copa del Rey"},{"type":"paragraph","text":"\u201cMillorar la marca en LaLiga \u00e9s un objectiu que es marca el vestuari. Tenim la confian\u00e7a del m\u00edster, del club i de l\u2019afici\u00f3 i junts hem de ser capa\u00e7os de barallar fins al final les places Champions i tornar a viure nits importants ac\u00ed. La Copa del Rey \u00e9s una il\u00b7lusi\u00f3 i \u00e9s de nou un repte per a l\u2019equip. A m\u00e9s, comptem amb un entrenador contrastat com Emery que ha estat en grans equips i ha fet d\u2019aquest un equip fort i competitiu\u201d."},{"type":"paragraph","text":"Jugar en el Ciutat de Val\u00e8ncia"},{"type":"paragraph","text":"\u201cJugar fora ser\u00e0 un h\u00e0ndicap. Sabem que \u00e9s inc\u00f2mode per a l\u2019afici\u00f3 despla\u00e7ar-se a Val\u00e8ncia, per\u00f2 el club est\u00e0 fent una gran inversi\u00f3 en el nou camp i a partir de desembre viurem un ambient molt especial en l\u2019Estadi de la Cer\u00e0mica\u201d."},{"type":"paragraph","text":"Rol en la plantilla"},{"type":"paragraph","text":"\u201cSoc un jugador que s\u2019adapta al que li demana l\u2019entrenador en diferents posicions. \u00c9s cert que tots els anys en el meu lloc hi ha gent de molt de nivell, per\u00f2 sempre ho he dit, si estic al 100% soc un jugador que aporta moltes coses al col\u00b7lectiu. El que jugue en el meu lloc l\u2019ha de fer molt b\u00e9 perqu\u00e8 sempre estar\u00e9 treballant i volent jugar\u201d."},{"type":"paragraph","text":"Les seues fotos virals en xarxes socials"},{"type":"paragraph","text":"\u201cS\u00f3n fotos normals que fem la majoria de futbolistes. Molts companys i amics meus tenen moments aix\u00ed, d\u2019estar a casa o amb els amics, per\u00f2 no m\u2019esperava tanta difusi\u00f3. Han sigut dies en qu\u00e8 he rigut molt. Jo tamb\u00e9 he estat a Eivissa, per\u00f2 en la varietat est\u00e0 el bo. Els futbolistes estem caracteritzats d\u2019una manera o una altra, som humans, tenim els nostres sentiments i ens agrada el quotidi\u00e0 com el que m\u00e9s\u201d."}],"structured":{"summary":{"text":"El talaver\u00e0 ha afirmat que \u00e9s una campanya important per a fer un pas avant en LaLiga El migcampista espanyol, Manu Trigueros, ha comparegut davant els mitjans de comunicaci\u00f3 en la roda de premsa pr\u00e8via a l\u2019inici de la pretemporada del Submar\u00ed que viatja aquesta vesprada cap a Faro (Portugal) per a enfrontar-se al Sporting CP. L\u2019experimentat jugador groc, que la pr\u00f2xima temporada es pot convertir en el jugador amb m\u00e9s partits del Villarreal CF, ha parlat de la nova campanya, de l\u2019exig\u00e8ncia d\u2019Emery i fins i tot de les seues fotos virals d\u2019estiu. Aquestes han sigut les declaracions m\u00e9s destacades del jugador groguet: Fer un pas m\u00e9s en LaLiga i en la Copa del Rey \u201cMillorar la marca en LaLiga \u00e9s un objectiu que es marca el vestuari. Tenim la confian\u00e7a del m\u00edster, del club i de l\u2019afici\u00f3 i junts hem de ser capa\u00e7os de barallar fins al final les places Champions i tornar a viure nits importants ac\u00ed. La Copa del Rey \u00e9s una il\u00b7lusi\u00f3 i \u00e9s de nou un repte per a l\u2019equip. A m\u00e9s, comptem amb un entrenador contrastat com Emery que ha estat en grans equips i ha fet d\u2019aquest un equip fort i competitiu\u201d. Jugar en el Ciutat de Val\u00e8ncia \u201cJugar fora ser\u00e0 un h\u00e0ndicap. Sabem que \u00e9s inc\u00f2mode per a l\u2019afici\u00f3 despla\u00e7ar-se a Val\u00e8ncia, per\u00f2 el club est\u00e0 fent una gran inversi\u00f3 en el nou camp i a partir de desembre viurem un ambient molt especial en l\u2019Estadi de la Cer\u00e0mica\u201d. Rol en la plantilla \u201cSoc un jugador que s\u2019adapta al que li demana l\u2019entrenador en diferents posicions. \u00c9s cert que tots els anys en el meu lloc hi ha gent de molt de nivell, per\u00f2 sempre ho he dit, si estic al 100% soc un jugador que aporta moltes coses al col\u00b7lectiu. El que jugue en el meu lloc l\u2019ha de fer molt b\u00e9 perqu\u00e8 sempre estar\u00e9 treballant i volent jugar\u201d. Les seues fotos virals en xarxes socials \u201cS\u00f3n fotos normals que fem la majoria de futbolistes. Molts companys i amics meus tenen moments aix\u00ed, d\u2019estar a casa o amb els amics, per\u00f2 no m\u2019esperava tanta difusi\u00f3. Han sigut dies en qu\u00e8 he rigut molt. Jo tamb\u00e9 he estat a Eivissa, per\u00f2 en la varietat est\u00e0 el bo. Els futbolistes estem caracteritzats d\u2019una manera o una altra, som humans, tenim els nostres sentiments i ens agrada el quotidi\u00e0 com el que m\u00e9s\u201d.","headings":[],"buttons":[],"images":[{"type":"image","url":"https:\/\/villarrealcf.es\/\/wp-content\/uploads\/2022\/07\/4d068a3dc936bbca3db8c8d87fe66fa2.jpg","alt":"||||||","width":1303,"height":732,"srcset":"https:\/\/villarrealcf.es\/wp-content\/uploads\/2022\/07\/4d068a3dc936bbca3db8c8d87fe66fa2.jpg 1303w, https:\/\/villarrealcf.es\/\/wp-content\/uploads\/2022\/07\/4d068a3dc936bbca3db8c8d87fe66fa2.jpg 1920w, https:\/\/villarrealcf.es\/wp-content\/uploads\/2022\/07\/4d068a3dc936bbca3db8c8d87fe66fa2-1024x575.jpg 1024w, https:\/\/villarrealcf.es\/\/wp-content\/uploads\/2022\/07\/4d068a3dc936bbca3db8c8d87fe66fa2.jpg 1920w, https:\/\/villarrealcf.es\/\/wp-content\/uploads\/2022\/07\/4d068a3dc936bbca3db8c8d87fe66fa2.jpg 1920w, https:\/\/villarrealcf.es\/wp-content\/uploads\/2022\/07\/4d068a3dc936bbca3db8c8d87fe66fa2-32x18.jpg 32w, https:\/\/villarrealcf.es\/wp-content\/uploads\/2022\/07\/4d068a3dc936bbca3db8c8d87fe66fa2-150x84.jpg 150w, https:\/\/villarrealcf.es\/\/wp-content\/uploads\/2022\/07\/4d068a3dc936bbca3db8c8d87fe66fa2.jpg 1920w, https:\/\/villarrealcf.es\/wp-content\/uploads\/2022\/07\/4d068a3dc936bbca3db8c8d87fe66fa2-1200x674.jpg 1200w","sizes":"auto, (max-width: 1303px) 100vw, 1303px"}],"counts":{"blocks":11,"headings":0,"texts":10,"buttons":0,"images":1}},"sections":[{"id":"section-1","title":"","text":"El talaver\u00e0 ha afirmat que \u00e9s una campanya important per a fer un pas avant en LaLiga El migcampista espanyol, Manu Trigueros, ha comparegut davant els mitjans de comunicaci\u00f3 en la roda de premsa pr\u00e8via a l\u2019inici de la pretemporada del Submar\u00ed que viatja aquesta vesprada cap a Faro (Portugal) per a enfrontar-se al Sporting CP. L\u2019experimentat jugador groc, que la pr\u00f2xima temporada es pot convertir en el jugador amb m\u00e9s partits del Villarreal CF, ha parlat de la nova campanya, de l\u2019exig\u00e8ncia d\u2019Emery i fins i tot de les seues fotos virals d\u2019estiu. Aquestes han sigut les declaracions m\u00e9s destacades del jugador groguet: Fer un pas m\u00e9s en LaLiga i en la Copa del Rey \u201cMillorar la marca en LaLiga \u00e9s un objectiu que es marca el vestuari. Tenim la confian\u00e7a del m\u00edster, del club i de l\u2019afici\u00f3 i junts hem de ser capa\u00e7os de barallar fins al final les places Champions i tornar a viure nits importants ac\u00ed. La Copa del Rey \u00e9s una il\u00b7lusi\u00f3 i \u00e9s de nou un repte per a l\u2019equip. A m\u00e9s, comptem amb un entrenador contrastat com Emery que ha estat en grans equips i ha fet d\u2019aquest un equip fort i competitiu\u201d. Jugar en el Ciutat de Val\u00e8ncia \u201cJugar fora ser\u00e0 un h\u00e0ndicap. Sabem que \u00e9s inc\u00f2mode per a l\u2019afici\u00f3 despla\u00e7ar-se a Val\u00e8ncia, per\u00f2 el club est\u00e0 fent una gran inversi\u00f3 en el nou camp i a partir de desembre viurem un ambient molt especial en l\u2019Estadi de la Cer\u00e0mica\u201d. Rol en la plantilla \u201cSoc un jugador que s\u2019adapta al que li demana l\u2019entrenador en diferents posicions. \u00c9s cert que tots els anys en el meu lloc hi ha gent de molt de nivell, per\u00f2 sempre ho he dit, si estic al 100% soc un jugador que aporta moltes coses al col\u00b7lectiu. El que jugue en el meu lloc l\u2019ha de fer molt b\u00e9 perqu\u00e8 sempre estar\u00e9 treballant i volent jugar\u201d. Les seues fotos virals en xarxes socials \u201cS\u00f3n fotos normals que fem la majoria de futbolistes. Molts companys i amics meus tenen moments aix\u00ed, d\u2019estar a casa o amb els amics, per\u00f2 no m\u2019esperava tanta difusi\u00f3. Han sigut dies en qu\u00e8 he rigut molt. Jo tamb\u00e9 he estat a Eivissa, per\u00f2 en la varietat est\u00e0 el bo. Els futbolistes estem caracteritzats d\u2019una manera o una altra, som humans, tenim els nostres sentiments i ens agrada el quotidi\u00e0 com el que m\u00e9s\u201d.","headings":[],"texts":[{"type":"paragraph","text":"El talaver\u00e0 ha afirmat que \u00e9s una campanya important per a fer un pas avant en LaLiga"},{"type":"paragraph","text":"El migcampista espanyol, Manu Trigueros, ha comparegut davant els mitjans de comunicaci\u00f3 en la roda de premsa pr\u00e8via a l\u2019inici de la pretemporada del Submar\u00ed que viatja aquesta vesprada cap a Faro (Portugal) per a enfrontar-se al Sporting CP. L\u2019experimentat jugador groc, que la pr\u00f2xima temporada es pot convertir en el jugador amb m\u00e9s partits del Villarreal CF, ha parlat de la nova campanya, de l\u2019exig\u00e8ncia d\u2019Emery i fins i tot de les seues fotos virals d\u2019estiu. Aquestes han sigut les declaracions m\u00e9s destacades del jugador groguet:"},{"type":"paragraph","text":"Fer un pas m\u00e9s en LaLiga i en la Copa del Rey"},{"type":"paragraph","text":"\u201cMillorar la marca en LaLiga \u00e9s un objectiu que es marca el vestuari. Tenim la confian\u00e7a del m\u00edster, del club i de l\u2019afici\u00f3 i junts hem de ser capa\u00e7os de barallar fins al final les places Champions i tornar a viure nits importants ac\u00ed. La Copa del Rey \u00e9s una il\u00b7lusi\u00f3 i \u00e9s de nou un repte per a l\u2019equip. A m\u00e9s, comptem amb un entrenador contrastat com Emery que ha estat en grans equips i ha fet d\u2019aquest un equip fort i competitiu\u201d."},{"type":"paragraph","text":"Jugar en el Ciutat de Val\u00e8ncia"},{"type":"paragraph","text":"\u201cJugar fora ser\u00e0 un h\u00e0ndicap. Sabem que \u00e9s inc\u00f2mode per a l\u2019afici\u00f3 despla\u00e7ar-se a Val\u00e8ncia, per\u00f2 el club est\u00e0 fent una gran inversi\u00f3 en el nou camp i a partir de desembre viurem un ambient molt especial en l\u2019Estadi de la Cer\u00e0mica\u201d."},{"type":"paragraph","text":"Rol en la plantilla"},{"type":"paragraph","text":"\u201cSoc un jugador que s\u2019adapta al que li demana l\u2019entrenador en diferents posicions. \u00c9s cert que tots els anys en el meu lloc hi ha gent de molt de nivell, per\u00f2 sempre ho he dit, si estic al 100% soc un jugador que aporta moltes coses al col\u00b7lectiu. El que jugue en el meu lloc l\u2019ha de fer molt b\u00e9 perqu\u00e8 sempre estar\u00e9 treballant i volent jugar\u201d."},{"type":"paragraph","text":"Les seues fotos virals en xarxes socials"},{"type":"paragraph","text":"\u201cS\u00f3n fotos normals que fem la majoria de futbolistes. Molts companys i amics meus tenen moments aix\u00ed, d\u2019estar a casa o amb els amics, per\u00f2 no m\u2019esperava tanta difusi\u00f3. Han sigut dies en qu\u00e8 he rigut molt. Jo tamb\u00e9 he estat a Eivissa, per\u00f2 en la varietat est\u00e0 el bo. Els futbolistes estem caracteritzats d\u2019una manera o una altra, som humans, tenim els nostres sentiments i ens agrada el quotidi\u00e0 com el que m\u00e9s\u201d."}],"buttons":[],"images":[{"type":"image","url":"https:\/\/villarrealcf.es\/\/wp-content\/uploads\/2022\/07\/4d068a3dc936bbca3db8c8d87fe66fa2.jpg","alt":"||||||","width":1303,"height":732,"srcset":"https:\/\/villarrealcf.es\/wp-content\/uploads\/2022\/07\/4d068a3dc936bbca3db8c8d87fe66fa2.jpg 1303w, https:\/\/villarrealcf.es\/\/wp-content\/uploads\/2022\/07\/4d068a3dc936bbca3db8c8d87fe66fa2.jpg 1920w, https:\/\/villarrealcf.es\/wp-content\/uploads\/2022\/07\/4d068a3dc936bbca3db8c8d87fe66fa2-1024x575.jpg 1024w, https:\/\/villarrealcf.es\/\/wp-content\/uploads\/2022\/07\/4d068a3dc936bbca3db8c8d87fe66fa2.jpg 1920w, https:\/\/villarrealcf.es\/\/wp-content\/uploads\/2022\/07\/4d068a3dc936bbca3db8c8d87fe66fa2.jpg 1920w, https:\/\/villarrealcf.es\/wp-content\/uploads\/2022\/07\/4d068a3dc936bbca3db8c8d87fe66fa2-32x18.jpg 32w, https:\/\/villarrealcf.es\/wp-content\/uploads\/2022\/07\/4d068a3dc936bbca3db8c8d87fe66fa2-150x84.jpg 150w, https:\/\/villarrealcf.es\/\/wp-content\/uploads\/2022\/07\/4d068a3dc936bbca3db8c8d87fe66fa2.jpg 1920w, https:\/\/villarrealcf.es\/wp-content\/uploads\/2022\/07\/4d068a3dc936bbca3db8c8d87fe66fa2-1200x674.jpg 1200w","sizes":"auto, (max-width: 1303px) 100vw, 1303px"}],"widgets":[],"blocks":[{"type":"image","url":"https:\/\/villarrealcf.es\/\/wp-content\/uploads\/2022\/07\/4d068a3dc936bbca3db8c8d87fe66fa2.jpg","alt":"||||||","width":1303,"height":732,"srcset":"https:\/\/villarrealcf.es\/wp-content\/uploads\/2022\/07\/4d068a3dc936bbca3db8c8d87fe66fa2.jpg 1303w, https:\/\/villarrealcf.es\/\/wp-content\/uploads\/2022\/07\/4d068a3dc936bbca3db8c8d87fe66fa2.jpg 1920w, https:\/\/villarrealcf.es\/wp-content\/uploads\/2022\/07\/4d068a3dc936bbca3db8c8d87fe66fa2-1024x575.jpg 1024w, https:\/\/villarrealcf.es\/\/wp-content\/uploads\/2022\/07\/4d068a3dc936bbca3db8c8d87fe66fa2.jpg 1920w, https:\/\/villarrealcf.es\/\/wp-content\/uploads\/2022\/07\/4d068a3dc936bbca3db8c8d87fe66fa2.jpg 1920w, https:\/\/villarrealcf.es\/wp-content\/uploads\/2022\/07\/4d068a3dc936bbca3db8c8d87fe66fa2-32x18.jpg 32w, https:\/\/villarrealcf.es\/wp-content\/uploads\/2022\/07\/4d068a3dc936bbca3db8c8d87fe66fa2-150x84.jpg 150w, https:\/\/villarrealcf.es\/\/wp-content\/uploads\/2022\/07\/4d068a3dc936bbca3db8c8d87fe66fa2.jpg 1920w, https:\/\/villarrealcf.es\/wp-content\/uploads\/2022\/07\/4d068a3dc936bbca3db8c8d87fe66fa2-1200x674.jpg 1200w","sizes":"auto, (max-width: 1303px) 100vw, 1303px"},{"type":"paragraph","text":"El talaver\u00e0 ha afirmat que \u00e9s una campanya important per a fer un pas avant en LaLiga"},{"type":"paragraph","text":"El migcampista espanyol, Manu Trigueros, ha comparegut davant els mitjans de comunicaci\u00f3 en la roda de premsa pr\u00e8via a l\u2019inici de la pretemporada del Submar\u00ed que viatja aquesta vesprada cap a Faro (Portugal) per a enfrontar-se al Sporting CP. L\u2019experimentat jugador groc, que la pr\u00f2xima temporada es pot convertir en el jugador amb m\u00e9s partits del Villarreal CF, ha parlat de la nova campanya, de l\u2019exig\u00e8ncia d\u2019Emery i fins i tot de les seues fotos virals d\u2019estiu. Aquestes han sigut les declaracions m\u00e9s destacades del jugador groguet:"},{"type":"paragraph","text":"Fer un pas m\u00e9s en LaLiga i en la Copa del Rey"},{"type":"paragraph","text":"\u201cMillorar la marca en LaLiga \u00e9s un objectiu que es marca el vestuari. Tenim la confian\u00e7a del m\u00edster, del club i de l\u2019afici\u00f3 i junts hem de ser capa\u00e7os de barallar fins al final les places Champions i tornar a viure nits importants ac\u00ed. La Copa del Rey \u00e9s una il\u00b7lusi\u00f3 i \u00e9s de nou un repte per a l\u2019equip. A m\u00e9s, comptem amb un entrenador contrastat com Emery que ha estat en grans equips i ha fet d\u2019aquest un equip fort i competitiu\u201d."},{"type":"paragraph","text":"Jugar en el Ciutat de Val\u00e8ncia"},{"type":"paragraph","text":"\u201cJugar fora ser\u00e0 un h\u00e0ndicap. Sabem que \u00e9s inc\u00f2mode per a l\u2019afici\u00f3 despla\u00e7ar-se a Val\u00e8ncia, per\u00f2 el club est\u00e0 fent una gran inversi\u00f3 en el nou camp i a partir de desembre viurem un ambient molt especial en l\u2019Estadi de la Cer\u00e0mica\u201d."},{"type":"paragraph","text":"Rol en la plantilla"},{"type":"paragraph","text":"\u201cSoc un jugador que s\u2019adapta al que li demana l\u2019entrenador en diferents posicions. \u00c9s cert que tots els anys en el meu lloc hi ha gent de molt de nivell, per\u00f2 sempre ho he dit, si estic al 100% soc un jugador que aporta moltes coses al col\u00b7lectiu. El que jugue en el meu lloc l\u2019ha de fer molt b\u00e9 perqu\u00e8 sempre estar\u00e9 treballant i volent jugar\u201d."},{"type":"paragraph","text":"Les seues fotos virals en xarxes socials"},{"type":"paragraph","text":"\u201cS\u00f3n fotos normals que fem la majoria de futbolistes. Molts companys i amics meus tenen moments aix\u00ed, d\u2019estar a casa o amb els amics, per\u00f2 no m\u2019esperava tanta difusi\u00f3. Han sigut dies en qu\u00e8 he rigut molt. Jo tamb\u00e9 he estat a Eivissa, per\u00f2 en la varietat est\u00e0 el bo. Els futbolistes estem caracteritzats d\u2019una manera o una altra, som humans, tenim els nostres sentiments i ens agrada el quotidi\u00e0 com el que m\u00e9s\u201d."}]}],"hero":{"id":"section-1","title":"","text":"El talaver\u00e0 ha afirmat que \u00e9s una campanya important per a fer un pas avant en LaLiga El migcampista espanyol, Manu Trigueros, ha comparegut davant els mitjans de comunicaci\u00f3 en la roda de premsa pr\u00e8via a l\u2019inici de la pretemporada del Submar\u00ed que viatja aquesta vesprada cap a Faro (Portugal) per a enfrontar-se al Sporting CP. L\u2019experimentat jugador groc, que la pr\u00f2xima temporada es pot convertir en el jugador amb m\u00e9s partits del Villarreal CF, ha parlat de la nova campanya, de l\u2019exig\u00e8ncia d\u2019Emery i fins i tot de les seues fotos virals d\u2019estiu. Aquestes han sigut les declaracions m\u00e9s destacades del jugador groguet: Fer un pas m\u00e9s en LaLiga i en la Copa del Rey \u201cMillorar la marca en LaLiga \u00e9s un objectiu que es marca el vestuari. Tenim la confian\u00e7a del m\u00edster, del club i de l\u2019afici\u00f3 i junts hem de ser capa\u00e7os de barallar fins al final les places Champions i tornar a viure nits importants ac\u00ed. La Copa del Rey \u00e9s una il\u00b7lusi\u00f3 i \u00e9s de nou un repte per a l\u2019equip. A m\u00e9s, comptem amb un entrenador contrastat com Emery que ha estat en grans equips i ha fet d\u2019aquest un equip fort i competitiu\u201d. Jugar en el Ciutat de Val\u00e8ncia \u201cJugar fora ser\u00e0 un h\u00e0ndicap. Sabem que \u00e9s inc\u00f2mode per a l\u2019afici\u00f3 despla\u00e7ar-se a Val\u00e8ncia, per\u00f2 el club est\u00e0 fent una gran inversi\u00f3 en el nou camp i a partir de desembre viurem un ambient molt especial en l\u2019Estadi de la Cer\u00e0mica\u201d. Rol en la plantilla \u201cSoc un jugador que s\u2019adapta al que li demana l\u2019entrenador en diferents posicions. \u00c9s cert que tots els anys en el meu lloc hi ha gent de molt de nivell, per\u00f2 sempre ho he dit, si estic al 100% soc un jugador que aporta moltes coses al col\u00b7lectiu. El que jugue en el meu lloc l\u2019ha de fer molt b\u00e9 perqu\u00e8 sempre estar\u00e9 treballant i volent jugar\u201d. Les seues fotos virals en xarxes socials \u201cS\u00f3n fotos normals que fem la majoria de futbolistes. Molts companys i amics meus tenen moments aix\u00ed, d\u2019estar a casa o amb els amics, per\u00f2 no m\u2019esperava tanta difusi\u00f3. Han sigut dies en qu\u00e8 he rigut molt. Jo tamb\u00e9 he estat a Eivissa, per\u00f2 en la varietat est\u00e0 el bo. Els futbolistes estem caracteritzats d\u2019una manera o una altra, som humans, tenim els nostres sentiments i ens agrada el quotidi\u00e0 com el que m\u00e9s\u201d.","headings":[],"texts":[{"type":"paragraph","text":"El talaver\u00e0 ha afirmat que \u00e9s una campanya important per a fer un pas avant en LaLiga"},{"type":"paragraph","text":"El migcampista espanyol, Manu Trigueros, ha comparegut davant els mitjans de comunicaci\u00f3 en la roda de premsa pr\u00e8via a l\u2019inici de la pretemporada del Submar\u00ed que viatja aquesta vesprada cap a Faro (Portugal) per a enfrontar-se al Sporting CP. L\u2019experimentat jugador groc, que la pr\u00f2xima temporada es pot convertir en el jugador amb m\u00e9s partits del Villarreal CF, ha parlat de la nova campanya, de l\u2019exig\u00e8ncia d\u2019Emery i fins i tot de les seues fotos virals d\u2019estiu. Aquestes han sigut les declaracions m\u00e9s destacades del jugador groguet:"},{"type":"paragraph","text":"Fer un pas m\u00e9s en LaLiga i en la Copa del Rey"},{"type":"paragraph","text":"\u201cMillorar la marca en LaLiga \u00e9s un objectiu que es marca el vestuari. Tenim la confian\u00e7a del m\u00edster, del club i de l\u2019afici\u00f3 i junts hem de ser capa\u00e7os de barallar fins al final les places Champions i tornar a viure nits importants ac\u00ed. La Copa del Rey \u00e9s una il\u00b7lusi\u00f3 i \u00e9s de nou un repte per a l\u2019equip. A m\u00e9s, comptem amb un entrenador contrastat com Emery que ha estat en grans equips i ha fet d\u2019aquest un equip fort i competitiu\u201d."},{"type":"paragraph","text":"Jugar en el Ciutat de Val\u00e8ncia"},{"type":"paragraph","text":"\u201cJugar fora ser\u00e0 un h\u00e0ndicap. Sabem que \u00e9s inc\u00f2mode per a l\u2019afici\u00f3 despla\u00e7ar-se a Val\u00e8ncia, per\u00f2 el club est\u00e0 fent una gran inversi\u00f3 en el nou camp i a partir de desembre viurem un ambient molt especial en l\u2019Estadi de la Cer\u00e0mica\u201d."},{"type":"paragraph","text":"Rol en la plantilla"},{"type":"paragraph","text":"\u201cSoc un jugador que s\u2019adapta al que li demana l\u2019entrenador en diferents posicions. \u00c9s cert que tots els anys en el meu lloc hi ha gent de molt de nivell, per\u00f2 sempre ho he dit, si estic al 100% soc un jugador que aporta moltes coses al col\u00b7lectiu. El que jugue en el meu lloc l\u2019ha de fer molt b\u00e9 perqu\u00e8 sempre estar\u00e9 treballant i volent jugar\u201d."},{"type":"paragraph","text":"Les seues fotos virals en xarxes socials"},{"type":"paragraph","text":"\u201cS\u00f3n fotos normals que fem la majoria de futbolistes. Molts companys i amics meus tenen moments aix\u00ed, d\u2019estar a casa o amb els amics, per\u00f2 no m\u2019esperava tanta difusi\u00f3. Han sigut dies en qu\u00e8 he rigut molt. Jo tamb\u00e9 he estat a Eivissa, per\u00f2 en la varietat est\u00e0 el bo. Els futbolistes estem caracteritzats d\u2019una manera o una altra, som humans, tenim els nostres sentiments i ens agrada el quotidi\u00e0 com el que m\u00e9s\u201d."}],"buttons":[],"images":[{"type":"image","url":"https:\/\/villarrealcf.es\/\/wp-content\/uploads\/2022\/07\/4d068a3dc936bbca3db8c8d87fe66fa2.jpg","alt":"||||||","width":1303,"height":732,"srcset":"https:\/\/villarrealcf.es\/wp-content\/uploads\/2022\/07\/4d068a3dc936bbca3db8c8d87fe66fa2.jpg 1303w, https:\/\/villarrealcf.es\/\/wp-content\/uploads\/2022\/07\/4d068a3dc936bbca3db8c8d87fe66fa2.jpg 1920w, https:\/\/villarrealcf.es\/wp-content\/uploads\/2022\/07\/4d068a3dc936bbca3db8c8d87fe66fa2-1024x575.jpg 1024w, https:\/\/villarrealcf.es\/\/wp-content\/uploads\/2022\/07\/4d068a3dc936bbca3db8c8d87fe66fa2.jpg 1920w, https:\/\/villarrealcf.es\/\/wp-content\/uploads\/2022\/07\/4d068a3dc936bbca3db8c8d87fe66fa2.jpg 1920w, https:\/\/villarrealcf.es\/wp-content\/uploads\/2022\/07\/4d068a3dc936bbca3db8c8d87fe66fa2-32x18.jpg 32w, https:\/\/villarrealcf.es\/wp-content\/uploads\/2022\/07\/4d068a3dc936bbca3db8c8d87fe66fa2-150x84.jpg 150w, https:\/\/villarrealcf.es\/\/wp-content\/uploads\/2022\/07\/4d068a3dc936bbca3db8c8d87fe66fa2.jpg 1920w, https:\/\/villarrealcf.es\/wp-content\/uploads\/2022\/07\/4d068a3dc936bbca3db8c8d87fe66fa2-1200x674.jpg 1200w","sizes":"auto, (max-width: 1303px) 100vw, 1303px"}],"widgets":[],"blocks":[{"type":"image","url":"https:\/\/villarrealcf.es\/\/wp-content\/uploads\/2022\/07\/4d068a3dc936bbca3db8c8d87fe66fa2.jpg","alt":"||||||","width":1303,"height":732,"srcset":"https:\/\/villarrealcf.es\/wp-content\/uploads\/2022\/07\/4d068a3dc936bbca3db8c8d87fe66fa2.jpg 1303w, https:\/\/villarrealcf.es\/\/wp-content\/uploads\/2022\/07\/4d068a3dc936bbca3db8c8d87fe66fa2.jpg 1920w, https:\/\/villarrealcf.es\/wp-content\/uploads\/2022\/07\/4d068a3dc936bbca3db8c8d87fe66fa2-1024x575.jpg 1024w, https:\/\/villarrealcf.es\/\/wp-content\/uploads\/2022\/07\/4d068a3dc936bbca3db8c8d87fe66fa2.jpg 1920w, https:\/\/villarrealcf.es\/\/wp-content\/uploads\/2022\/07\/4d068a3dc936bbca3db8c8d87fe66fa2.jpg 1920w, https:\/\/villarrealcf.es\/wp-content\/uploads\/2022\/07\/4d068a3dc936bbca3db8c8d87fe66fa2-32x18.jpg 32w, https:\/\/villarrealcf.es\/wp-content\/uploads\/2022\/07\/4d068a3dc936bbca3db8c8d87fe66fa2-150x84.jpg 150w, https:\/\/villarrealcf.es\/\/wp-content\/uploads\/2022\/07\/4d068a3dc936bbca3db8c8d87fe66fa2.jpg 1920w, https:\/\/villarrealcf.es\/wp-content\/uploads\/2022\/07\/4d068a3dc936bbca3db8c8d87fe66fa2-1200x674.jpg 1200w","sizes":"auto, (max-width: 1303px) 100vw, 1303px"},{"type":"paragraph","text":"El talaver\u00e0 ha afirmat que \u00e9s una campanya important per a fer un pas avant en LaLiga"},{"type":"paragraph","text":"El migcampista espanyol, Manu Trigueros, ha comparegut davant els mitjans de comunicaci\u00f3 en la roda de premsa pr\u00e8via a l\u2019inici de la pretemporada del Submar\u00ed que viatja aquesta vesprada cap a Faro (Portugal) per a enfrontar-se al Sporting CP. L\u2019experimentat jugador groc, que la pr\u00f2xima temporada es pot convertir en el jugador amb m\u00e9s partits del Villarreal CF, ha parlat de la nova campanya, de l\u2019exig\u00e8ncia d\u2019Emery i fins i tot de les seues fotos virals d\u2019estiu. Aquestes han sigut les declaracions m\u00e9s destacades del jugador groguet:"},{"type":"paragraph","text":"Fer un pas m\u00e9s en LaLiga i en la Copa del Rey"},{"type":"paragraph","text":"\u201cMillorar la marca en LaLiga \u00e9s un objectiu que es marca el vestuari. Tenim la confian\u00e7a del m\u00edster, del club i de l\u2019afici\u00f3 i junts hem de ser capa\u00e7os de barallar fins al final les places Champions i tornar a viure nits importants ac\u00ed. La Copa del Rey \u00e9s una il\u00b7lusi\u00f3 i \u00e9s de nou un repte per a l\u2019equip. A m\u00e9s, comptem amb un entrenador contrastat com Emery que ha estat en grans equips i ha fet d\u2019aquest un equip fort i competitiu\u201d."},{"type":"paragraph","text":"Jugar en el Ciutat de Val\u00e8ncia"},{"type":"paragraph","text":"\u201cJugar fora ser\u00e0 un h\u00e0ndicap. Sabem que \u00e9s inc\u00f2mode per a l\u2019afici\u00f3 despla\u00e7ar-se a Val\u00e8ncia, per\u00f2 el club est\u00e0 fent una gran inversi\u00f3 en el nou camp i a partir de desembre viurem un ambient molt especial en l\u2019Estadi de la Cer\u00e0mica\u201d."},{"type":"paragraph","text":"Rol en la plantilla"},{"type":"paragraph","text":"\u201cSoc un jugador que s\u2019adapta al que li demana l\u2019entrenador en diferents posicions. \u00c9s cert que tots els anys en el meu lloc hi ha gent de molt de nivell, per\u00f2 sempre ho he dit, si estic al 100% soc un jugador que aporta moltes coses al col\u00b7lectiu. El que jugue en el meu lloc l\u2019ha de fer molt b\u00e9 perqu\u00e8 sempre estar\u00e9 treballant i volent jugar\u201d."},{"type":"paragraph","text":"Les seues fotos virals en xarxes socials"},{"type":"paragraph","text":"\u201cS\u00f3n fotos normals que fem la majoria de futbolistes. Molts companys i amics meus tenen moments aix\u00ed, d\u2019estar a casa o amb els amics, per\u00f2 no m\u2019esperava tanta difusi\u00f3. Han sigut dies en qu\u00e8 he rigut molt. Jo tamb\u00e9 he estat a Eivissa, per\u00f2 en la varietat est\u00e0 el bo. Els futbolistes estem caracteritzats d\u2019una manera o una altra, som humans, tenim els nostres sentiments i ens agrada el quotidi\u00e0 com el que m\u00e9s\u201d."}]}},"sections":[{"id":"section-1","title":"","text":"El talaver\u00e0 ha afirmat que \u00e9s una campanya important per a fer un pas avant en LaLiga El migcampista espanyol, Manu Trigueros, ha comparegut davant els mitjans de comunicaci\u00f3 en la roda de premsa pr\u00e8via a l\u2019inici de la pretemporada del Submar\u00ed que viatja aquesta vesprada cap a Faro (Portugal) per a enfrontar-se al Sporting CP. L\u2019experimentat jugador groc, que la pr\u00f2xima temporada es pot convertir en el jugador amb m\u00e9s partits del Villarreal CF, ha parlat de la nova campanya, de l\u2019exig\u00e8ncia d\u2019Emery i fins i tot de les seues fotos virals d\u2019estiu. Aquestes han sigut les declaracions m\u00e9s destacades del jugador groguet: Fer un pas m\u00e9s en LaLiga i en la Copa del Rey \u201cMillorar la marca en LaLiga \u00e9s un objectiu que es marca el vestuari. Tenim la confian\u00e7a del m\u00edster, del club i de l\u2019afici\u00f3 i junts hem de ser capa\u00e7os de barallar fins al final les places Champions i tornar a viure nits importants ac\u00ed. La Copa del Rey \u00e9s una il\u00b7lusi\u00f3 i \u00e9s de nou un repte per a l\u2019equip. A m\u00e9s, comptem amb un entrenador contrastat com Emery que ha estat en grans equips i ha fet d\u2019aquest un equip fort i competitiu\u201d. Jugar en el Ciutat de Val\u00e8ncia \u201cJugar fora ser\u00e0 un h\u00e0ndicap. Sabem que \u00e9s inc\u00f2mode per a l\u2019afici\u00f3 despla\u00e7ar-se a Val\u00e8ncia, per\u00f2 el club est\u00e0 fent una gran inversi\u00f3 en el nou camp i a partir de desembre viurem un ambient molt especial en l\u2019Estadi de la Cer\u00e0mica\u201d. Rol en la plantilla \u201cSoc un jugador que s\u2019adapta al que li demana l\u2019entrenador en diferents posicions. \u00c9s cert que tots els anys en el meu lloc hi ha gent de molt de nivell, per\u00f2 sempre ho he dit, si estic al 100% soc un jugador que aporta moltes coses al col\u00b7lectiu. El que jugue en el meu lloc l\u2019ha de fer molt b\u00e9 perqu\u00e8 sempre estar\u00e9 treballant i volent jugar\u201d. Les seues fotos virals en xarxes socials \u201cS\u00f3n fotos normals que fem la majoria de futbolistes. Molts companys i amics meus tenen moments aix\u00ed, d\u2019estar a casa o amb els amics, per\u00f2 no m\u2019esperava tanta difusi\u00f3. Han sigut dies en qu\u00e8 he rigut molt. Jo tamb\u00e9 he estat a Eivissa, per\u00f2 en la varietat est\u00e0 el bo. Els futbolistes estem caracteritzats d\u2019una manera o una altra, som humans, tenim els nostres sentiments i ens agrada el quotidi\u00e0 com el que m\u00e9s\u201d.","url":"","background_image":"","images":[{"type":"image","url":"https:\/\/villarrealcf.es\/\/wp-content\/uploads\/2022\/07\/4d068a3dc936bbca3db8c8d87fe66fa2.jpg","alt":"||||||","width":1303,"height":732,"srcset":"https:\/\/villarrealcf.es\/wp-content\/uploads\/2022\/07\/4d068a3dc936bbca3db8c8d87fe66fa2.jpg 1303w, https:\/\/villarrealcf.es\/\/wp-content\/uploads\/2022\/07\/4d068a3dc936bbca3db8c8d87fe66fa2.jpg 1920w, https:\/\/villarrealcf.es\/wp-content\/uploads\/2022\/07\/4d068a3dc936bbca3db8c8d87fe66fa2-1024x575.jpg 1024w, https:\/\/villarrealcf.es\/\/wp-content\/uploads\/2022\/07\/4d068a3dc936bbca3db8c8d87fe66fa2.jpg 1920w, https:\/\/villarrealcf.es\/\/wp-content\/uploads\/2022\/07\/4d068a3dc936bbca3db8c8d87fe66fa2.jpg 1920w, https:\/\/villarrealcf.es\/wp-content\/uploads\/2022\/07\/4d068a3dc936bbca3db8c8d87fe66fa2-32x18.jpg 32w, https:\/\/villarrealcf.es\/wp-content\/uploads\/2022\/07\/4d068a3dc936bbca3db8c8d87fe66fa2-150x84.jpg 150w, https:\/\/villarrealcf.es\/\/wp-content\/uploads\/2022\/07\/4d068a3dc936bbca3db8c8d87fe66fa2.jpg 1920w, https:\/\/villarrealcf.es\/wp-content\/uploads\/2022\/07\/4d068a3dc936bbca3db8c8d87fe66fa2-1200x674.jpg 1200w","sizes":"auto, (max-width: 1303px) 100vw, 1303px"}],"videos":[],"links":[]},{"id":"shortcode-caption-69f061beac6f7","type":"shortcode","shortcode":"caption","attributes":{"id":"attachment_186259","align":"alignnone","width":""},"title":"Caption","rendered":"","data":[],"text":"","url":"","background_image":"","images":[],"videos":[],"links":[],"blocks":[]}]},"excerpt":{"rendered":"El talaver\u00e0 ha afirmat que \u00e9s una campanya important per a fer un pas avant en LaLiga","protected":false},"author":33,"featured_media":186259,"comment_status":"","ping_status":"","sticky":false,"template":"","format":"standard","meta":{"_acf_changed":false,"footnotes":""},"categories":[4854],"tags":[12554,12556,9270,11042,9565,9680,9205,9627,9203],"acf":null,"lang":"val","translations":{"val":224373},"essential_grid":{"has_grid":false},"formatted_date":"July 13, 2022","modified_date":"July 13, 2022","permalink":"https:\/\/villarrealcf.es\/val\/trigueros-preparem-una-temporada-il-lusionant\/","reading_time":3,"featured_media_data":{"id":186259,"title":"||||||","caption":"||||||","alt_text":"","description":"","mime_type":"image\/jpeg","source_url":"https:\/\/villarrealcf.es\/wp-content\/uploads\/2022\/07\/4d068a3dc936bbca3db8c8d87fe66fa2.jpg","sizes":{"thumbnail":{"url":"https:\/\/villarrealcf.es\/wp-content\/uploads\/2022\/07\/4d068a3dc936bbca3db8c8d87fe66fa2-150x150.jpg","width":150,"height":150},"medium":{"url":"https:\/\/villarrealcf.es\/wp-content\/uploads\/2022\/07\/4d068a3dc936bbca3db8c8d87fe66fa2-300x169.jpg","width":300,"height":169},"medium_large":{"url":"https:\/\/villarrealcf.es\/wp-content\/uploads\/2022\/07\/4d068a3dc936bbca3db8c8d87fe66fa2-768x431.jpg","width":768,"height":431},"large":{"url":"https:\/\/villarrealcf.es\/wp-content\/uploads\/2022\/07\/4d068a3dc936bbca3db8c8d87fe66fa2-1024x575.jpg","width":788,"height":442},"1536x1536":{"url":"https:\/\/villarrealcf.es\/wp-content\/uploads\/2022\/07\/4d068a3dc936bbca3db8c8d87fe66fa2.jpg","width":1303,"height":732},"2048x2048":{"url":"https:\/\/villarrealcf.es\/wp-content\/uploads\/2022\/07\/4d068a3dc936bbca3db8c8d87fe66fa2.jpg","width":1303,"height":732},"tp-image-grid":{"url":"https:\/\/villarrealcf.es\/wp-content\/uploads\/2022\/07\/4d068a3dc936bbca3db8c8d87fe66fa2-700x700.jpg","width":700,"height":700},"size-bunyad-medium":{"url":"https:\/\/villarrealcf.es\/wp-content\/uploads\/2022\/07\/4d068a3dc936bbca3db8c8d87fe66fa2.jpg","width":1303,"height":732},"sportspress-crop-medium":{"url":"https:\/\/villarrealcf.es\/wp-content\/uploads\/2022\/07\/4d068a3dc936bbca3db8c8d87fe66fa2-300x300.jpg","width":300,"height":300},"sportspress-fit-medium":{"url":"https:\/\/villarrealcf.es\/wp-content\/uploads\/2022\/07\/4d068a3dc936bbca3db8c8d87fe66fa2-300x169.jpg","width":300,"height":169},"sportspress-fit-icon":{"url":"https:\/\/villarrealcf.es\/wp-content\/uploads\/2022\/07\/4d068a3dc936bbca3db8c8d87fe66fa2-128x72.jpg","width":128,"height":72},"sportspress-fit-mini":{"url":"https:\/\/villarrealcf.es\/wp-content\/uploads\/2022\/07\/4d068a3dc936bbca3db8c8d87fe66fa2-32x18.jpg","width":32,"height":18},"bunyad-small":{"url":"https:\/\/villarrealcf.es\/wp-content\/uploads\/2022\/07\/4d068a3dc936bbca3db8c8d87fe66fa2-150x84.jpg","width":150,"height":84},"bunyad-medium":{"url":"https:\/\/villarrealcf.es\/wp-content\/uploads\/2022\/07\/4d068a3dc936bbca3db8c8d87fe66fa2-450x253.jpg","width":450,"height":253},"bunyad-full":{"url":"https:\/\/villarrealcf.es\/wp-content\/uploads\/2022\/07\/4d068a3dc936bbca3db8c8d87fe66fa2-1200x674.jpg","width":1200,"height":674},"bunyad-viewport":{"url":"https:\/\/villarrealcf.es\/wp-content\/uploads\/2022\/07\/4d068a3dc936bbca3db8c8d87fe66fa2.jpg","width":1303,"height":732},"bunyad-768":{"url":"https:\/\/villarrealcf.es\/wp-content\/uploads\/2022\/07\/4d068a3dc936bbca3db8c8d87fe66fa2-768x431.jpg","width":768,"height":431},"full":{"url":"https:\/\/villarrealcf.es\/wp-content\/uploads\/2022\/07\/4d068a3dc936bbca3db8c8d87fe66fa2.jpg","width":1303,"height":732}}},"author_data":{"id":"33","name":"Nacho Tejada","first_name":"Nacho","last_name":"Tejada","description":"","avatar_url":"https:\/\/secure.gravatar.com\/avatar\/b1580534b2fcd93e031504756165758941290488df5c88966a26f84344931fd1?s=96&d=mm&r=g","acf":null},"taxonomies_data":{"category":[{"id":4854,"name":"Noticies Generals","slug":"noticies-generals","acf":null}],"post_tag":[{"id":12554,"name":"#Football","slug":"football-val","acf":null},{"id":12556,"name":"#Soccer","slug":"soccer-val","acf":null},{"id":9270,"name":"Futbol","slug":"futbol-val","acf":null},{"id":11042,"name":"LaLiga","slug":"laliga-val","acf":null},{"id":9565,"name":"Manu Trigueros","slug":"manu-trigueros-val","acf":null},{"id":9680,"name":"Rueda de prensa","slug":"rueda-de-prensa-val","acf":null},{"id":9205,"name":"Submarino","slug":"submarino-val","acf":null},{"id":9627,"name":"Submarino Amarillo","slug":"submarino-amarillo-val","acf":null},{"id":9203,"name":"Villarreal CF","slug":"villarreal-cf-val","acf":null}],"translation_priority":[{"id":735,"name":"Optional","slug":"optional-val","acf":null}]},"seo_full":{"native":{"title":"Trigueros: &#8220;Preparem una temporada il\u00b7lusionant&#8221; - Web Oficial del Villarreal CF","description":"[caption id=\"attachment_186259\" align=\"alignnone\" width=\"\"]||||||[\/caption]El talaver\u00e0 ha afirmat que \u00e9s una campanya important per a fer un pas avant en LaLiga&hellip;","canonical":"https:\/\/villarrealcf.es\/val\/trigueros-preparem-una-temporada-il-lusionant\/"}},"_links":{"self":[{"href":"https:\/\/villarrealcf.es\/val\/wp-json\/wp\/v2\/posts\/224373","targetHints":{"allow":["GET"]}}],"collection":[{"href":"https:\/\/villarrealcf.es\/val\/wp-json\/wp\/v2\/posts"}],"about":[{"href":"https:\/\/villarrealcf.es\/val\/wp-json\/wp\/v2\/types\/post"}],"author":[{"embeddable":true,"href":"https:\/\/villarrealcf.es\/val\/wp-json\/wp\/v2\/users\/33"}],"replies":[{"embeddable":true,"href":"https:\/\/villarrealcf.es\/val\/wp-json\/wp\/v2\/comments?post=224373"}],"version-history":[{"count":0,"href":"https:\/\/villarrealcf.es\/val\/wp-json\/wp\/v2\/posts\/224373\/revisions"}],"wp:featuredmedia":[{"embeddable":true,"href":"https:\/\/villarrealcf.es\/val\/wp-json\/wp\/v2\/media\/186259"}],"wp:attachment":[{"href":"https:\/\/villarrealcf.es\/val\/wp-json\/wp\/v2\/media?parent=224373"}],"wp:term":[{"taxonomy":"category","embeddable":true,"href":"https:\/\/villarrealcf.es\/val\/wp-json\/wp\/v2\/categories?post=224373"},{"taxonomy":"post_tag","embeddable":true,"href":"https:\/\/villarrealcf.es\/val\/wp-json\/wp\/v2\/tags?post=224373"}],"curies":[{"name":"wp","href":"https:\/\/api.w.org\/{rel}","templated":true}]}}