{"id":224349,"date":"2022-07-11T08:53:56","date_gmt":"2022-07-11T06:53:56","guid":{"rendered":"https:\/\/villarrealcf.es\/\/pla-de-viatge-a-portugal-i-paisos-baixos\/"},"modified":"2022-07-11T08:53:56","modified_gmt":"2022-07-11T06:53:56","slug":"pla-de-viatge-a-portugal-i-paisos-baixos","status":"publish","type":"post","link":"https:\/\/villarrealcf.es\/val\/pla-de-viatge-a-portugal-i-paisos-baixos\/","title":{"rendered":"Pla de viatge a Portugal i Pa\u00efsos Baixos"},"content":{"protected":false,"blocks":[{"type":"image","url":"https:\/\/villarrealcf.es\/\/wp-content\/uploads\/2022\/07\/95b8c339bf5f6f7b694e21ae8332003c.jpg","alt":"||||","width":819,"height":460,"srcset":"https:\/\/villarrealcf.es\/wp-content\/uploads\/2022\/07\/95b8c339bf5f6f7b694e21ae8332003c.jpg 819w, https:\/\/villarrealcf.es\/\/wp-content\/uploads\/2022\/07\/95b8c339bf5f6f7b694e21ae8332003c.jpg 1920w, https:\/\/villarrealcf.es\/\/wp-content\/uploads\/2022\/07\/95b8c339bf5f6f7b694e21ae8332003c.jpg 1920w, https:\/\/villarrealcf.es\/\/wp-content\/uploads\/2022\/07\/95b8c339bf5f6f7b694e21ae8332003c.jpg 1920w, https:\/\/villarrealcf.es\/wp-content\/uploads\/2022\/07\/95b8c339bf5f6f7b694e21ae8332003c-32x18.jpg 32w, https:\/\/villarrealcf.es\/wp-content\/uploads\/2022\/07\/95b8c339bf5f6f7b694e21ae8332003c-150x84.jpg 150w, https:\/\/villarrealcf.es\/\/wp-content\/uploads\/2022\/07\/95b8c339bf5f6f7b694e21ae8332003c.jpg 1920w","sizes":"auto, (max-width: 819px) 100vw, 819px"},{"type":"paragraph","text":"El Villarreal jugar\u00e0 aquesta setmana contra l\u2019Sporting Clube de Portugal i el PSV Eindhoven"},{"type":"paragraph","text":"El Villarreal CF jugar\u00e0 aquesta setmana els seues dos primers partits de pretemporada davant l\u2019Sporting Clube de Portugal en terres lusitanes (dijous, 22.00 hores) i davant el PSV Eindhoven en Pa\u00efsos Baixos (dissabte, 19.00 hores).L\u2019expedici\u00f3 groga partir\u00e0 el dimecres a les 18.00 hores en un vol des de Val\u00e8ncia rumb a Faro i no tornar\u00e0 a Espanya fins al cap del partit contra el PSV.Enmig dels dos partits, el divendres 15 de juliol, el Submar\u00ed entrenar\u00e0 en Eindhoven."}],"structured":{"summary":{"text":"El Villarreal jugar\u00e0 aquesta setmana contra l\u2019Sporting Clube de Portugal i el PSV Eindhoven El Villarreal CF jugar\u00e0 aquesta setmana els seues dos primers partits de pretemporada davant l\u2019Sporting Clube de Portugal en terres lusitanes (dijous, 22.00 hores) i davant el PSV Eindhoven en Pa\u00efsos Baixos (dissabte, 19.00 hores).L\u2019expedici\u00f3 groga partir\u00e0 el dimecres a les 18.00 hores en un vol des de Val\u00e8ncia rumb a Faro i no tornar\u00e0 a Espanya fins al cap del partit contra el PSV.Enmig dels dos partits, el divendres 15 de juliol, el Submar\u00ed entrenar\u00e0 en Eindhoven.","headings":[],"buttons":[],"images":[{"type":"image","url":"https:\/\/villarrealcf.es\/\/wp-content\/uploads\/2022\/07\/95b8c339bf5f6f7b694e21ae8332003c.jpg","alt":"||||","width":819,"height":460,"srcset":"https:\/\/villarrealcf.es\/wp-content\/uploads\/2022\/07\/95b8c339bf5f6f7b694e21ae8332003c.jpg 819w, https:\/\/villarrealcf.es\/\/wp-content\/uploads\/2022\/07\/95b8c339bf5f6f7b694e21ae8332003c.jpg 1920w, https:\/\/villarrealcf.es\/\/wp-content\/uploads\/2022\/07\/95b8c339bf5f6f7b694e21ae8332003c.jpg 1920w, https:\/\/villarrealcf.es\/\/wp-content\/uploads\/2022\/07\/95b8c339bf5f6f7b694e21ae8332003c.jpg 1920w, https:\/\/villarrealcf.es\/wp-content\/uploads\/2022\/07\/95b8c339bf5f6f7b694e21ae8332003c-32x18.jpg 32w, https:\/\/villarrealcf.es\/wp-content\/uploads\/2022\/07\/95b8c339bf5f6f7b694e21ae8332003c-150x84.jpg 150w, https:\/\/villarrealcf.es\/\/wp-content\/uploads\/2022\/07\/95b8c339bf5f6f7b694e21ae8332003c.jpg 1920w","sizes":"auto, (max-width: 819px) 100vw, 819px"}],"counts":{"blocks":3,"headings":0,"texts":2,"buttons":0,"images":1}},"sections":[{"id":"section-1","title":"","text":"El Villarreal jugar\u00e0 aquesta setmana contra l\u2019Sporting Clube de Portugal i el PSV Eindhoven El Villarreal CF jugar\u00e0 aquesta setmana els seues dos primers partits de pretemporada davant l\u2019Sporting Clube de Portugal en terres lusitanes (dijous, 22.00 hores) i davant el PSV Eindhoven en Pa\u00efsos Baixos (dissabte, 19.00 hores).L\u2019expedici\u00f3 groga partir\u00e0 el dimecres a les 18.00 hores en un vol des de Val\u00e8ncia rumb a Faro i no tornar\u00e0 a Espanya fins al cap del partit contra el PSV.Enmig dels dos partits, el divendres 15 de juliol, el Submar\u00ed entrenar\u00e0 en Eindhoven.","headings":[],"texts":[{"type":"paragraph","text":"El Villarreal jugar\u00e0 aquesta setmana contra l\u2019Sporting Clube de Portugal i el PSV Eindhoven"},{"type":"paragraph","text":"El Villarreal CF jugar\u00e0 aquesta setmana els seues dos primers partits de pretemporada davant l\u2019Sporting Clube de Portugal en terres lusitanes (dijous, 22.00 hores) i davant el PSV Eindhoven en Pa\u00efsos Baixos (dissabte, 19.00 hores).L\u2019expedici\u00f3 groga partir\u00e0 el dimecres a les 18.00 hores en un vol des de Val\u00e8ncia rumb a Faro i no tornar\u00e0 a Espanya fins al cap del partit contra el PSV.Enmig dels dos partits, el divendres 15 de juliol, el Submar\u00ed entrenar\u00e0 en Eindhoven."}],"buttons":[],"images":[{"type":"image","url":"https:\/\/villarrealcf.es\/\/wp-content\/uploads\/2022\/07\/95b8c339bf5f6f7b694e21ae8332003c.jpg","alt":"||||","width":819,"height":460,"srcset":"https:\/\/villarrealcf.es\/wp-content\/uploads\/2022\/07\/95b8c339bf5f6f7b694e21ae8332003c.jpg 819w, https:\/\/villarrealcf.es\/\/wp-content\/uploads\/2022\/07\/95b8c339bf5f6f7b694e21ae8332003c.jpg 1920w, https:\/\/villarrealcf.es\/\/wp-content\/uploads\/2022\/07\/95b8c339bf5f6f7b694e21ae8332003c.jpg 1920w, https:\/\/villarrealcf.es\/\/wp-content\/uploads\/2022\/07\/95b8c339bf5f6f7b694e21ae8332003c.jpg 1920w, https:\/\/villarrealcf.es\/wp-content\/uploads\/2022\/07\/95b8c339bf5f6f7b694e21ae8332003c-32x18.jpg 32w, https:\/\/villarrealcf.es\/wp-content\/uploads\/2022\/07\/95b8c339bf5f6f7b694e21ae8332003c-150x84.jpg 150w, https:\/\/villarrealcf.es\/\/wp-content\/uploads\/2022\/07\/95b8c339bf5f6f7b694e21ae8332003c.jpg 1920w","sizes":"auto, (max-width: 819px) 100vw, 819px"}],"widgets":[],"blocks":[{"type":"image","url":"https:\/\/villarrealcf.es\/\/wp-content\/uploads\/2022\/07\/95b8c339bf5f6f7b694e21ae8332003c.jpg","alt":"||||","width":819,"height":460,"srcset":"https:\/\/villarrealcf.es\/wp-content\/uploads\/2022\/07\/95b8c339bf5f6f7b694e21ae8332003c.jpg 819w, https:\/\/villarrealcf.es\/\/wp-content\/uploads\/2022\/07\/95b8c339bf5f6f7b694e21ae8332003c.jpg 1920w, https:\/\/villarrealcf.es\/\/wp-content\/uploads\/2022\/07\/95b8c339bf5f6f7b694e21ae8332003c.jpg 1920w, https:\/\/villarrealcf.es\/\/wp-content\/uploads\/2022\/07\/95b8c339bf5f6f7b694e21ae8332003c.jpg 1920w, https:\/\/villarrealcf.es\/wp-content\/uploads\/2022\/07\/95b8c339bf5f6f7b694e21ae8332003c-32x18.jpg 32w, https:\/\/villarrealcf.es\/wp-content\/uploads\/2022\/07\/95b8c339bf5f6f7b694e21ae8332003c-150x84.jpg 150w, https:\/\/villarrealcf.es\/\/wp-content\/uploads\/2022\/07\/95b8c339bf5f6f7b694e21ae8332003c.jpg 1920w","sizes":"auto, (max-width: 819px) 100vw, 819px"},{"type":"paragraph","text":"El Villarreal jugar\u00e0 aquesta setmana contra l\u2019Sporting Clube de Portugal i el PSV Eindhoven"},{"type":"paragraph","text":"El Villarreal CF jugar\u00e0 aquesta setmana els seues dos primers partits de pretemporada davant l\u2019Sporting Clube de Portugal en terres lusitanes (dijous, 22.00 hores) i davant el PSV Eindhoven en Pa\u00efsos Baixos (dissabte, 19.00 hores).L\u2019expedici\u00f3 groga partir\u00e0 el dimecres a les 18.00 hores en un vol des de Val\u00e8ncia rumb a Faro i no tornar\u00e0 a Espanya fins al cap del partit contra el PSV.Enmig dels dos partits, el divendres 15 de juliol, el Submar\u00ed entrenar\u00e0 en Eindhoven."}]}],"hero":{"id":"section-1","title":"","text":"El Villarreal jugar\u00e0 aquesta setmana contra l\u2019Sporting Clube de Portugal i el PSV Eindhoven El Villarreal CF jugar\u00e0 aquesta setmana els seues dos primers partits de pretemporada davant l\u2019Sporting Clube de Portugal en terres lusitanes (dijous, 22.00 hores) i davant el PSV Eindhoven en Pa\u00efsos Baixos (dissabte, 19.00 hores).L\u2019expedici\u00f3 groga partir\u00e0 el dimecres a les 18.00 hores en un vol des de Val\u00e8ncia rumb a Faro i no tornar\u00e0 a Espanya fins al cap del partit contra el PSV.Enmig dels dos partits, el divendres 15 de juliol, el Submar\u00ed entrenar\u00e0 en Eindhoven.","headings":[],"texts":[{"type":"paragraph","text":"El Villarreal jugar\u00e0 aquesta setmana contra l\u2019Sporting Clube de Portugal i el PSV Eindhoven"},{"type":"paragraph","text":"El Villarreal CF jugar\u00e0 aquesta setmana els seues dos primers partits de pretemporada davant l\u2019Sporting Clube de Portugal en terres lusitanes (dijous, 22.00 hores) i davant el PSV Eindhoven en Pa\u00efsos Baixos (dissabte, 19.00 hores).L\u2019expedici\u00f3 groga partir\u00e0 el dimecres a les 18.00 hores en un vol des de Val\u00e8ncia rumb a Faro i no tornar\u00e0 a Espanya fins al cap del partit contra el PSV.Enmig dels dos partits, el divendres 15 de juliol, el Submar\u00ed entrenar\u00e0 en Eindhoven."}],"buttons":[],"images":[{"type":"image","url":"https:\/\/villarrealcf.es\/\/wp-content\/uploads\/2022\/07\/95b8c339bf5f6f7b694e21ae8332003c.jpg","alt":"||||","width":819,"height":460,"srcset":"https:\/\/villarrealcf.es\/wp-content\/uploads\/2022\/07\/95b8c339bf5f6f7b694e21ae8332003c.jpg 819w, https:\/\/villarrealcf.es\/\/wp-content\/uploads\/2022\/07\/95b8c339bf5f6f7b694e21ae8332003c.jpg 1920w, https:\/\/villarrealcf.es\/\/wp-content\/uploads\/2022\/07\/95b8c339bf5f6f7b694e21ae8332003c.jpg 1920w, https:\/\/villarrealcf.es\/\/wp-content\/uploads\/2022\/07\/95b8c339bf5f6f7b694e21ae8332003c.jpg 1920w, https:\/\/villarrealcf.es\/wp-content\/uploads\/2022\/07\/95b8c339bf5f6f7b694e21ae8332003c-32x18.jpg 32w, https:\/\/villarrealcf.es\/wp-content\/uploads\/2022\/07\/95b8c339bf5f6f7b694e21ae8332003c-150x84.jpg 150w, https:\/\/villarrealcf.es\/\/wp-content\/uploads\/2022\/07\/95b8c339bf5f6f7b694e21ae8332003c.jpg 1920w","sizes":"auto, (max-width: 819px) 100vw, 819px"}],"widgets":[],"blocks":[{"type":"image","url":"https:\/\/villarrealcf.es\/\/wp-content\/uploads\/2022\/07\/95b8c339bf5f6f7b694e21ae8332003c.jpg","alt":"||||","width":819,"height":460,"srcset":"https:\/\/villarrealcf.es\/wp-content\/uploads\/2022\/07\/95b8c339bf5f6f7b694e21ae8332003c.jpg 819w, https:\/\/villarrealcf.es\/\/wp-content\/uploads\/2022\/07\/95b8c339bf5f6f7b694e21ae8332003c.jpg 1920w, https:\/\/villarrealcf.es\/\/wp-content\/uploads\/2022\/07\/95b8c339bf5f6f7b694e21ae8332003c.jpg 1920w, https:\/\/villarrealcf.es\/\/wp-content\/uploads\/2022\/07\/95b8c339bf5f6f7b694e21ae8332003c.jpg 1920w, https:\/\/villarrealcf.es\/wp-content\/uploads\/2022\/07\/95b8c339bf5f6f7b694e21ae8332003c-32x18.jpg 32w, https:\/\/villarrealcf.es\/wp-content\/uploads\/2022\/07\/95b8c339bf5f6f7b694e21ae8332003c-150x84.jpg 150w, https:\/\/villarrealcf.es\/\/wp-content\/uploads\/2022\/07\/95b8c339bf5f6f7b694e21ae8332003c.jpg 1920w","sizes":"auto, (max-width: 819px) 100vw, 819px"},{"type":"paragraph","text":"El Villarreal jugar\u00e0 aquesta setmana contra l\u2019Sporting Clube de Portugal i el PSV Eindhoven"},{"type":"paragraph","text":"El Villarreal CF jugar\u00e0 aquesta setmana els seues dos primers partits de pretemporada davant l\u2019Sporting Clube de Portugal en terres lusitanes (dijous, 22.00 hores) i davant el PSV Eindhoven en Pa\u00efsos Baixos (dissabte, 19.00 hores).L\u2019expedici\u00f3 groga partir\u00e0 el dimecres a les 18.00 hores en un vol des de Val\u00e8ncia rumb a Faro i no tornar\u00e0 a Espanya fins al cap del partit contra el PSV.Enmig dels dos partits, el divendres 15 de juliol, el Submar\u00ed entrenar\u00e0 en Eindhoven."}]}},"sections":[{"id":"section-1","title":"","text":"El Villarreal jugar\u00e0 aquesta setmana contra l\u2019Sporting Clube de Portugal i el PSV Eindhoven El Villarreal CF jugar\u00e0 aquesta setmana els seues dos primers partits de pretemporada davant l\u2019Sporting Clube de Portugal en terres lusitanes (dijous, 22.00 hores) i davant el PSV Eindhoven en Pa\u00efsos Baixos (dissabte, 19.00 hores).L\u2019expedici\u00f3 groga partir\u00e0 el dimecres a les 18.00 hores en un vol des de Val\u00e8ncia rumb a Faro i no tornar\u00e0 a Espanya fins al cap del partit contra el PSV.Enmig dels dos partits, el divendres 15 de juliol, el Submar\u00ed entrenar\u00e0 en Eindhoven.","url":"","background_image":"","images":[{"type":"image","url":"https:\/\/villarrealcf.es\/\/wp-content\/uploads\/2022\/07\/95b8c339bf5f6f7b694e21ae8332003c.jpg","alt":"||||","width":819,"height":460,"srcset":"https:\/\/villarrealcf.es\/wp-content\/uploads\/2022\/07\/95b8c339bf5f6f7b694e21ae8332003c.jpg 819w, https:\/\/villarrealcf.es\/\/wp-content\/uploads\/2022\/07\/95b8c339bf5f6f7b694e21ae8332003c.jpg 1920w, https:\/\/villarrealcf.es\/\/wp-content\/uploads\/2022\/07\/95b8c339bf5f6f7b694e21ae8332003c.jpg 1920w, https:\/\/villarrealcf.es\/\/wp-content\/uploads\/2022\/07\/95b8c339bf5f6f7b694e21ae8332003c.jpg 1920w, https:\/\/villarrealcf.es\/wp-content\/uploads\/2022\/07\/95b8c339bf5f6f7b694e21ae8332003c-32x18.jpg 32w, https:\/\/villarrealcf.es\/wp-content\/uploads\/2022\/07\/95b8c339bf5f6f7b694e21ae8332003c-150x84.jpg 150w, https:\/\/villarrealcf.es\/\/wp-content\/uploads\/2022\/07\/95b8c339bf5f6f7b694e21ae8332003c.jpg 1920w","sizes":"auto, (max-width: 819px) 100vw, 819px"}],"videos":[],"links":[]},{"id":"shortcode-caption-69f061bea6ea5","type":"shortcode","shortcode":"caption","attributes":{"id":"attachment_186163","align":"alignnone","width":""},"title":"Caption","rendered":"","data":[],"text":"","url":"","background_image":"","images":[],"videos":[],"links":[],"blocks":[]}]},"excerpt":{"rendered":"El Villarreal jugar\u00e0 aquesta setmana contra l&#8217;Sporting Clube de Portugal i el PSV Eindhoven","protected":false},"author":23,"featured_media":186163,"comment_status":"","ping_status":"","sticky":false,"template":"","format":"standard","meta":{"_acf_changed":false,"footnotes":""},"categories":[4854],"tags":[12554,12556,7117,9270,10678,5506,9203],"acf":null,"lang":"val","translations":{"val":224349},"essential_grid":{"has_grid":false},"formatted_date":"July 11, 2022","modified_date":"July 11, 2022","permalink":"https:\/\/villarrealcf.es\/val\/pla-de-viatge-a-portugal-i-paisos-baixos\/","reading_time":1,"featured_media_data":{"id":186163,"title":"||||","caption":"||||","alt_text":"","description":"","mime_type":"image\/jpeg","source_url":"https:\/\/villarrealcf.es\/wp-content\/uploads\/2022\/07\/95b8c339bf5f6f7b694e21ae8332003c.jpg","sizes":{"thumbnail":{"url":"https:\/\/villarrealcf.es\/wp-content\/uploads\/2022\/07\/95b8c339bf5f6f7b694e21ae8332003c-150x150.jpg","width":150,"height":150},"medium":{"url":"https:\/\/villarrealcf.es\/wp-content\/uploads\/2022\/07\/95b8c339bf5f6f7b694e21ae8332003c-300x168.jpg","width":300,"height":168},"medium_large":{"url":"https:\/\/villarrealcf.es\/wp-content\/uploads\/2022\/07\/95b8c339bf5f6f7b694e21ae8332003c-768x431.jpg","width":768,"height":431},"large":{"url":"https:\/\/villarrealcf.es\/wp-content\/uploads\/2022\/07\/95b8c339bf5f6f7b694e21ae8332003c.jpg","width":788,"height":443},"1536x1536":{"url":"https:\/\/villarrealcf.es\/wp-content\/uploads\/2022\/07\/95b8c339bf5f6f7b694e21ae8332003c.jpg","width":819,"height":460},"2048x2048":{"url":"https:\/\/villarrealcf.es\/wp-content\/uploads\/2022\/07\/95b8c339bf5f6f7b694e21ae8332003c.jpg","width":819,"height":460},"tp-image-grid":{"url":"https:\/\/villarrealcf.es\/wp-content\/uploads\/2022\/07\/95b8c339bf5f6f7b694e21ae8332003c-700x460.jpg","width":700,"height":460},"size-bunyad-medium":{"url":"https:\/\/villarrealcf.es\/wp-content\/uploads\/2022\/07\/95b8c339bf5f6f7b694e21ae8332003c.jpg","width":819,"height":460},"sportspress-crop-medium":{"url":"https:\/\/villarrealcf.es\/wp-content\/uploads\/2022\/07\/95b8c339bf5f6f7b694e21ae8332003c-300x300.jpg","width":300,"height":300},"sportspress-fit-medium":{"url":"https:\/\/villarrealcf.es\/wp-content\/uploads\/2022\/07\/95b8c339bf5f6f7b694e21ae8332003c-300x168.jpg","width":300,"height":168},"sportspress-fit-icon":{"url":"https:\/\/villarrealcf.es\/wp-content\/uploads\/2022\/07\/95b8c339bf5f6f7b694e21ae8332003c-128x72.jpg","width":128,"height":72},"sportspress-fit-mini":{"url":"https:\/\/villarrealcf.es\/wp-content\/uploads\/2022\/07\/95b8c339bf5f6f7b694e21ae8332003c-32x18.jpg","width":32,"height":18},"bunyad-small":{"url":"https:\/\/villarrealcf.es\/wp-content\/uploads\/2022\/07\/95b8c339bf5f6f7b694e21ae8332003c-150x84.jpg","width":150,"height":84},"bunyad-medium":{"url":"https:\/\/villarrealcf.es\/wp-content\/uploads\/2022\/07\/95b8c339bf5f6f7b694e21ae8332003c-450x253.jpg","width":450,"height":253},"bunyad-full":{"url":"https:\/\/villarrealcf.es\/wp-content\/uploads\/2022\/07\/95b8c339bf5f6f7b694e21ae8332003c.jpg","width":819,"height":460},"bunyad-viewport":{"url":"https:\/\/villarrealcf.es\/wp-content\/uploads\/2022\/07\/95b8c339bf5f6f7b694e21ae8332003c.jpg","width":819,"height":460},"bunyad-768":{"url":"https:\/\/villarrealcf.es\/wp-content\/uploads\/2022\/07\/95b8c339bf5f6f7b694e21ae8332003c-768x431.jpg","width":768,"height":431},"full":{"url":"https:\/\/villarrealcf.es\/wp-content\/uploads\/2022\/07\/95b8c339bf5f6f7b694e21ae8332003c.jpg","width":819,"height":460}}},"author_data":{"id":"23","name":"Fran Segovia","first_name":"Fran","last_name":"Segovia","description":"","avatar_url":"https:\/\/secure.gravatar.com\/avatar\/9ec849b3b9cb451091f0a96d7943b1c6be26a8d6fd3b94d5b5bfd496b2536c42?s=96&d=mm&r=g","acf":null},"taxonomies_data":{"category":[{"id":4854,"name":"Noticies Generals","slug":"noticies-generals","acf":null}],"post_tag":[{"id":12554,"name":"#Football","slug":"football-val","acf":null},{"id":12556,"name":"#Soccer","slug":"soccer-val","acf":null},{"id":7117,"name":"Amistosos","slug":"amistosos","acf":null},{"id":9270,"name":"Futbol","slug":"futbol-val","acf":null},{"id":10678,"name":"Plan de Viaje","slug":"plan-de-viaje-val","acf":null},{"id":5506,"name":"Pretemporada","slug":"pretemporada","acf":null},{"id":9203,"name":"Villarreal CF","slug":"villarreal-cf-val","acf":null}],"translation_priority":[{"id":735,"name":"Optional","slug":"optional-val","acf":null}]},"seo_full":{"native":{"title":"Pla de viatge a Portugal i Pa\u00efsos Baixos - Web Oficial del Villarreal CF","description":"[caption id=\"attachment_186163\" align=\"alignnone\" width=\"\"]||||[\/caption]El Villarreal jugar\u00e0 aquesta setmana contra l'Sporting Clube de Portugal i el PSV Eindhoven El Villarreal CF&hellip;","canonical":"https:\/\/villarrealcf.es\/val\/pla-de-viatge-a-portugal-i-paisos-baixos\/"}},"_links":{"self":[{"href":"https:\/\/villarrealcf.es\/val\/wp-json\/wp\/v2\/posts\/224349","targetHints":{"allow":["GET"]}}],"collection":[{"href":"https:\/\/villarrealcf.es\/val\/wp-json\/wp\/v2\/posts"}],"about":[{"href":"https:\/\/villarrealcf.es\/val\/wp-json\/wp\/v2\/types\/post"}],"author":[{"embeddable":true,"href":"https:\/\/villarrealcf.es\/val\/wp-json\/wp\/v2\/users\/23"}],"replies":[{"embeddable":true,"href":"https:\/\/villarrealcf.es\/val\/wp-json\/wp\/v2\/comments?post=224349"}],"version-history":[{"count":0,"href":"https:\/\/villarrealcf.es\/val\/wp-json\/wp\/v2\/posts\/224349\/revisions"}],"wp:featuredmedia":[{"embeddable":true,"href":"https:\/\/villarrealcf.es\/val\/wp-json\/wp\/v2\/media\/186163"}],"wp:attachment":[{"href":"https:\/\/villarrealcf.es\/val\/wp-json\/wp\/v2\/media?parent=224349"}],"wp:term":[{"taxonomy":"category","embeddable":true,"href":"https:\/\/villarrealcf.es\/val\/wp-json\/wp\/v2\/categories?post=224349"},{"taxonomy":"post_tag","embeddable":true,"href":"https:\/\/villarrealcf.es\/val\/wp-json\/wp\/v2\/tags?post=224349"}],"curies":[{"name":"wp","href":"https:\/\/api.w.org\/{rel}","templated":true}]}}