{"id":224331,"date":"2022-07-09T09:59:00","date_gmt":"2022-07-09T07:59:00","guid":{"rendered":"https:\/\/villarrealcf.es\/\/amistos-davant-el-levante-per-a-tancar-la-pretemporada\/"},"modified":"2022-07-09T09:59:00","modified_gmt":"2022-07-09T07:59:00","slug":"amistos-davant-el-levante-per-a-tancar-la-pretemporada","status":"publish","type":"post","link":"https:\/\/villarrealcf.es\/val\/amistos-davant-el-levante-per-a-tancar-la-pretemporada\/","title":{"rendered":"Amist\u00f3s davant el Levante per a tancar la pretemporada"},"content":{"protected":false,"blocks":[{"type":"image","url":"https:\/\/villarrealcf.es\/\/wp-content\/uploads\/2022\/07\/ed67eb902f5a5af751da5018814a36cf.jpg","alt":"||||","width":819,"height":460,"srcset":"https:\/\/villarrealcf.es\/wp-content\/uploads\/2022\/07\/ed67eb902f5a5af751da5018814a36cf.jpg 819w, https:\/\/villarrealcf.es\/\/wp-content\/uploads\/2022\/07\/ed67eb902f5a5af751da5018814a36cf.jpg 1920w, https:\/\/villarrealcf.es\/\/wp-content\/uploads\/2022\/07\/ed67eb902f5a5af751da5018814a36cf.jpg 1920w, https:\/\/villarrealcf.es\/\/wp-content\/uploads\/2022\/07\/ed67eb902f5a5af751da5018814a36cf.jpg 1920w, https:\/\/villarrealcf.es\/wp-content\/uploads\/2022\/07\/ed67eb902f5a5af751da5018814a36cf-32x18.jpg 32w, https:\/\/villarrealcf.es\/wp-content\/uploads\/2022\/07\/ed67eb902f5a5af751da5018814a36cf-150x84.jpg 150w, https:\/\/villarrealcf.es\/\/wp-content\/uploads\/2022\/07\/ed67eb902f5a5af751da5018814a36cf.jpg 1920w","sizes":"auto, (max-width: 819px) 100vw, 819px"},{"type":"paragraph","text":"El Villarreal ha confirmat els huit encontres de preparaci\u00f3 que jugar\u00e0 abans del comen\u00e7ament de la temporada"},{"type":"paragraph","text":"El Villarreal CF ha tancat la planificaci\u00f3 de la pretemporada en confirmar huit encontres de preparaci\u00f3. El conjunt groguet s\u2019enfrontar\u00e0 al Levante UD el dimecres 3 d\u2019agost, a les 19.00 hores, en el Camp 9 de la Ciutat Esportiva."},{"type":"paragraph","text":"Confirmat l\u2019amist\u00f3s davant el conjunt granota, la pretemporada groga queda configurada de la seg\u00fcent manera:"},{"type":"paragraph","text":"Dijous, 14 de juliol"},{"type":"list","style":"ul","items":["Sporting Clube de Portugal-Villarreal CF en l\u2019Estadi Algarve (22.00 hores a Espanya)."]},{"type":"paragraph","text":"Dissabte, 16 de juliol"},{"type":"list","style":"ul","items":["PSV Eindhoven-Villarreal CF en el Philips Stadion (19.00 hores)."]},{"type":"paragraph","text":"Divendres, 22 de juliol"},{"type":"list","style":"ul","items":["Borussia Dortmund-Villarreal CF en el Cashpoint Arena (19.00 hores)."]},{"type":"paragraph","text":"Diumenge, 24 de juliol"},{"type":"list","style":"ul","items":["Stade de Reims-Villarreal CF en l\u2019Stade Auguste Delaune (19.00 hores)."]},{"type":"paragraph","text":"Dissabte, 30 de juliol"},{"type":"list","style":"ul","items":["Southampton FC-Villarreal CF en l\u2019St Mary\u2019s Stadium (16.00 hores a Espanya)."]},{"type":"paragraph","text":"Diumenge, 31 de juliol"},{"type":"list","style":"ul","items":["Fulham FC-Villarreal CF en Craven Cottage (16.00 hores a Espanya)."]},{"type":"paragraph","text":"Dimecres, 3 d\u2019agost"},{"type":"list","style":"ul","items":["Villarreal CF-Levante UD en el Camp 9 de la Ciutat Esportiva (19.00 hores)."]},{"type":"paragraph","text":"Dissabte, 6 d\u2019agost"},{"type":"list","style":"ul","items":["FC Internazionale Mil\u00e0- Villarreal CF (20.30 hores)."]}],"structured":{"summary":{"text":"El Villarreal ha confirmat els huit encontres de preparaci\u00f3 que jugar\u00e0 abans del comen\u00e7ament de la temporada El Villarreal CF ha tancat la planificaci\u00f3 de la pretemporada en confirmar huit encontres de preparaci\u00f3. El conjunt groguet s\u2019enfrontar\u00e0 al Levante UD el dimecres 3 d\u2019agost, a les 19.00 hores, en el Camp 9 de la Ciutat Esportiva. Confirmat l\u2019amist\u00f3s davant el conjunt granota, la pretemporada groga queda configurada de la seg\u00fcent manera: Dijous, 14 de juliol Sporting Clube de Portugal-Villarreal CF en l\u2019Estadi Algarve (22.00 hores a Espanya). Dissabte, 16 de juliol PSV Eindhoven-Villarreal CF en el Philips Stadion (19.00 hores). Divendres, 22 de juliol Borussia Dortmund-Villarreal CF en el Cashpoint Arena (19.00 hores). Diumenge, 24 de juliol Stade de Reims-Villarreal CF en l\u2019Stade Auguste Delaune (19.00 hores). Dissabte, 30 de juliol Southampton FC-Villarreal CF en l\u2019St Mary\u2019s Stadium (16.00 hores a Espanya). Diumenge, 31 de juliol Fulham FC-Villarreal CF en Craven Cottage (16.00 hores a Espanya). Dimecres, 3 d\u2019agost Villarreal CF-Levante UD en el Camp 9 de la Ciutat Esportiva (19.00 hores). Dissabte, 6 d\u2019agost FC Internazionale Mil\u00e0- Villarreal CF (20.30 hores).","headings":[],"buttons":[],"images":[{"type":"image","url":"https:\/\/villarrealcf.es\/\/wp-content\/uploads\/2022\/07\/ed67eb902f5a5af751da5018814a36cf.jpg","alt":"||||","width":819,"height":460,"srcset":"https:\/\/villarrealcf.es\/wp-content\/uploads\/2022\/07\/ed67eb902f5a5af751da5018814a36cf.jpg 819w, https:\/\/villarrealcf.es\/\/wp-content\/uploads\/2022\/07\/ed67eb902f5a5af751da5018814a36cf.jpg 1920w, https:\/\/villarrealcf.es\/\/wp-content\/uploads\/2022\/07\/ed67eb902f5a5af751da5018814a36cf.jpg 1920w, https:\/\/villarrealcf.es\/\/wp-content\/uploads\/2022\/07\/ed67eb902f5a5af751da5018814a36cf.jpg 1920w, https:\/\/villarrealcf.es\/wp-content\/uploads\/2022\/07\/ed67eb902f5a5af751da5018814a36cf-32x18.jpg 32w, https:\/\/villarrealcf.es\/wp-content\/uploads\/2022\/07\/ed67eb902f5a5af751da5018814a36cf-150x84.jpg 150w, https:\/\/villarrealcf.es\/\/wp-content\/uploads\/2022\/07\/ed67eb902f5a5af751da5018814a36cf.jpg 1920w","sizes":"auto, (max-width: 819px) 100vw, 819px"}],"counts":{"blocks":20,"headings":0,"texts":11,"buttons":0,"images":1}},"sections":[{"id":"section-1","title":"","text":"El Villarreal ha confirmat els huit encontres de preparaci\u00f3 que jugar\u00e0 abans del comen\u00e7ament de la temporada El Villarreal CF ha tancat la planificaci\u00f3 de la pretemporada en confirmar huit encontres de preparaci\u00f3. El conjunt groguet s\u2019enfrontar\u00e0 al Levante UD el dimecres 3 d\u2019agost, a les 19.00 hores, en el Camp 9 de la Ciutat Esportiva. Confirmat l\u2019amist\u00f3s davant el conjunt granota, la pretemporada groga queda configurada de la seg\u00fcent manera: Dijous, 14 de juliol Dissabte, 16 de juliol Divendres, 22 de juliol Diumenge, 24 de juliol Dissabte, 30 de juliol Diumenge, 31 de juliol Dimecres, 3 d\u2019agost Dissabte, 6 d\u2019agost","headings":[],"texts":[{"type":"paragraph","text":"El Villarreal ha confirmat els huit encontres de preparaci\u00f3 que jugar\u00e0 abans del comen\u00e7ament de la temporada"},{"type":"paragraph","text":"El Villarreal CF ha tancat la planificaci\u00f3 de la pretemporada en confirmar huit encontres de preparaci\u00f3. El conjunt groguet s\u2019enfrontar\u00e0 al Levante UD el dimecres 3 d\u2019agost, a les 19.00 hores, en el Camp 9 de la Ciutat Esportiva."},{"type":"paragraph","text":"Confirmat l\u2019amist\u00f3s davant el conjunt granota, la pretemporada groga queda configurada de la seg\u00fcent manera:"},{"type":"paragraph","text":"Dijous, 14 de juliol"},{"type":"paragraph","text":"Dissabte, 16 de juliol"},{"type":"paragraph","text":"Divendres, 22 de juliol"},{"type":"paragraph","text":"Diumenge, 24 de juliol"},{"type":"paragraph","text":"Dissabte, 30 de juliol"},{"type":"paragraph","text":"Diumenge, 31 de juliol"},{"type":"paragraph","text":"Dimecres, 3 d\u2019agost"},{"type":"paragraph","text":"Dissabte, 6 d\u2019agost"}],"buttons":[],"images":[{"type":"image","url":"https:\/\/villarrealcf.es\/\/wp-content\/uploads\/2022\/07\/ed67eb902f5a5af751da5018814a36cf.jpg","alt":"||||","width":819,"height":460,"srcset":"https:\/\/villarrealcf.es\/wp-content\/uploads\/2022\/07\/ed67eb902f5a5af751da5018814a36cf.jpg 819w, https:\/\/villarrealcf.es\/\/wp-content\/uploads\/2022\/07\/ed67eb902f5a5af751da5018814a36cf.jpg 1920w, https:\/\/villarrealcf.es\/\/wp-content\/uploads\/2022\/07\/ed67eb902f5a5af751da5018814a36cf.jpg 1920w, https:\/\/villarrealcf.es\/\/wp-content\/uploads\/2022\/07\/ed67eb902f5a5af751da5018814a36cf.jpg 1920w, https:\/\/villarrealcf.es\/wp-content\/uploads\/2022\/07\/ed67eb902f5a5af751da5018814a36cf-32x18.jpg 32w, https:\/\/villarrealcf.es\/wp-content\/uploads\/2022\/07\/ed67eb902f5a5af751da5018814a36cf-150x84.jpg 150w, https:\/\/villarrealcf.es\/\/wp-content\/uploads\/2022\/07\/ed67eb902f5a5af751da5018814a36cf.jpg 1920w","sizes":"auto, (max-width: 819px) 100vw, 819px"}],"widgets":[],"blocks":[{"type":"image","url":"https:\/\/villarrealcf.es\/\/wp-content\/uploads\/2022\/07\/ed67eb902f5a5af751da5018814a36cf.jpg","alt":"||||","width":819,"height":460,"srcset":"https:\/\/villarrealcf.es\/wp-content\/uploads\/2022\/07\/ed67eb902f5a5af751da5018814a36cf.jpg 819w, https:\/\/villarrealcf.es\/\/wp-content\/uploads\/2022\/07\/ed67eb902f5a5af751da5018814a36cf.jpg 1920w, https:\/\/villarrealcf.es\/\/wp-content\/uploads\/2022\/07\/ed67eb902f5a5af751da5018814a36cf.jpg 1920w, https:\/\/villarrealcf.es\/\/wp-content\/uploads\/2022\/07\/ed67eb902f5a5af751da5018814a36cf.jpg 1920w, https:\/\/villarrealcf.es\/wp-content\/uploads\/2022\/07\/ed67eb902f5a5af751da5018814a36cf-32x18.jpg 32w, https:\/\/villarrealcf.es\/wp-content\/uploads\/2022\/07\/ed67eb902f5a5af751da5018814a36cf-150x84.jpg 150w, https:\/\/villarrealcf.es\/\/wp-content\/uploads\/2022\/07\/ed67eb902f5a5af751da5018814a36cf.jpg 1920w","sizes":"auto, (max-width: 819px) 100vw, 819px"},{"type":"paragraph","text":"El Villarreal ha confirmat els huit encontres de preparaci\u00f3 que jugar\u00e0 abans del comen\u00e7ament de la temporada"},{"type":"paragraph","text":"El Villarreal CF ha tancat la planificaci\u00f3 de la pretemporada en confirmar huit encontres de preparaci\u00f3. El conjunt groguet s\u2019enfrontar\u00e0 al Levante UD el dimecres 3 d\u2019agost, a les 19.00 hores, en el Camp 9 de la Ciutat Esportiva."},{"type":"paragraph","text":"Confirmat l\u2019amist\u00f3s davant el conjunt granota, la pretemporada groga queda configurada de la seg\u00fcent manera:"},{"type":"paragraph","text":"Dijous, 14 de juliol"},{"type":"list","style":"ul","items":["Sporting Clube de Portugal-Villarreal CF en l\u2019Estadi Algarve (22.00 hores a Espanya)."]},{"type":"paragraph","text":"Dissabte, 16 de juliol"},{"type":"list","style":"ul","items":["PSV Eindhoven-Villarreal CF en el Philips Stadion (19.00 hores)."]},{"type":"paragraph","text":"Divendres, 22 de juliol"},{"type":"list","style":"ul","items":["Borussia Dortmund-Villarreal CF en el Cashpoint Arena (19.00 hores)."]},{"type":"paragraph","text":"Diumenge, 24 de juliol"},{"type":"list","style":"ul","items":["Stade de Reims-Villarreal CF en l\u2019Stade Auguste Delaune (19.00 hores)."]},{"type":"paragraph","text":"Dissabte, 30 de juliol"},{"type":"list","style":"ul","items":["Southampton FC-Villarreal CF en l\u2019St Mary\u2019s Stadium (16.00 hores a Espanya)."]},{"type":"paragraph","text":"Diumenge, 31 de juliol"},{"type":"list","style":"ul","items":["Fulham FC-Villarreal CF en Craven Cottage (16.00 hores a Espanya)."]},{"type":"paragraph","text":"Dimecres, 3 d\u2019agost"},{"type":"list","style":"ul","items":["Villarreal CF-Levante UD en el Camp 9 de la Ciutat Esportiva (19.00 hores)."]},{"type":"paragraph","text":"Dissabte, 6 d\u2019agost"},{"type":"list","style":"ul","items":["FC Internazionale Mil\u00e0- Villarreal CF (20.30 hores)."]}]}],"hero":{"id":"section-1","title":"","text":"El Villarreal ha confirmat els huit encontres de preparaci\u00f3 que jugar\u00e0 abans del comen\u00e7ament de la temporada El Villarreal CF ha tancat la planificaci\u00f3 de la pretemporada en confirmar huit encontres de preparaci\u00f3. El conjunt groguet s\u2019enfrontar\u00e0 al Levante UD el dimecres 3 d\u2019agost, a les 19.00 hores, en el Camp 9 de la Ciutat Esportiva. Confirmat l\u2019amist\u00f3s davant el conjunt granota, la pretemporada groga queda configurada de la seg\u00fcent manera: Dijous, 14 de juliol Dissabte, 16 de juliol Divendres, 22 de juliol Diumenge, 24 de juliol Dissabte, 30 de juliol Diumenge, 31 de juliol Dimecres, 3 d\u2019agost Dissabte, 6 d\u2019agost","headings":[],"texts":[{"type":"paragraph","text":"El Villarreal ha confirmat els huit encontres de preparaci\u00f3 que jugar\u00e0 abans del comen\u00e7ament de la temporada"},{"type":"paragraph","text":"El Villarreal CF ha tancat la planificaci\u00f3 de la pretemporada en confirmar huit encontres de preparaci\u00f3. El conjunt groguet s\u2019enfrontar\u00e0 al Levante UD el dimecres 3 d\u2019agost, a les 19.00 hores, en el Camp 9 de la Ciutat Esportiva."},{"type":"paragraph","text":"Confirmat l\u2019amist\u00f3s davant el conjunt granota, la pretemporada groga queda configurada de la seg\u00fcent manera:"},{"type":"paragraph","text":"Dijous, 14 de juliol"},{"type":"paragraph","text":"Dissabte, 16 de juliol"},{"type":"paragraph","text":"Divendres, 22 de juliol"},{"type":"paragraph","text":"Diumenge, 24 de juliol"},{"type":"paragraph","text":"Dissabte, 30 de juliol"},{"type":"paragraph","text":"Diumenge, 31 de juliol"},{"type":"paragraph","text":"Dimecres, 3 d\u2019agost"},{"type":"paragraph","text":"Dissabte, 6 d\u2019agost"}],"buttons":[],"images":[{"type":"image","url":"https:\/\/villarrealcf.es\/\/wp-content\/uploads\/2022\/07\/ed67eb902f5a5af751da5018814a36cf.jpg","alt":"||||","width":819,"height":460,"srcset":"https:\/\/villarrealcf.es\/wp-content\/uploads\/2022\/07\/ed67eb902f5a5af751da5018814a36cf.jpg 819w, https:\/\/villarrealcf.es\/\/wp-content\/uploads\/2022\/07\/ed67eb902f5a5af751da5018814a36cf.jpg 1920w, https:\/\/villarrealcf.es\/\/wp-content\/uploads\/2022\/07\/ed67eb902f5a5af751da5018814a36cf.jpg 1920w, https:\/\/villarrealcf.es\/\/wp-content\/uploads\/2022\/07\/ed67eb902f5a5af751da5018814a36cf.jpg 1920w, https:\/\/villarrealcf.es\/wp-content\/uploads\/2022\/07\/ed67eb902f5a5af751da5018814a36cf-32x18.jpg 32w, https:\/\/villarrealcf.es\/wp-content\/uploads\/2022\/07\/ed67eb902f5a5af751da5018814a36cf-150x84.jpg 150w, https:\/\/villarrealcf.es\/\/wp-content\/uploads\/2022\/07\/ed67eb902f5a5af751da5018814a36cf.jpg 1920w","sizes":"auto, (max-width: 819px) 100vw, 819px"}],"widgets":[],"blocks":[{"type":"image","url":"https:\/\/villarrealcf.es\/\/wp-content\/uploads\/2022\/07\/ed67eb902f5a5af751da5018814a36cf.jpg","alt":"||||","width":819,"height":460,"srcset":"https:\/\/villarrealcf.es\/wp-content\/uploads\/2022\/07\/ed67eb902f5a5af751da5018814a36cf.jpg 819w, https:\/\/villarrealcf.es\/\/wp-content\/uploads\/2022\/07\/ed67eb902f5a5af751da5018814a36cf.jpg 1920w, https:\/\/villarrealcf.es\/\/wp-content\/uploads\/2022\/07\/ed67eb902f5a5af751da5018814a36cf.jpg 1920w, https:\/\/villarrealcf.es\/\/wp-content\/uploads\/2022\/07\/ed67eb902f5a5af751da5018814a36cf.jpg 1920w, https:\/\/villarrealcf.es\/wp-content\/uploads\/2022\/07\/ed67eb902f5a5af751da5018814a36cf-32x18.jpg 32w, https:\/\/villarrealcf.es\/wp-content\/uploads\/2022\/07\/ed67eb902f5a5af751da5018814a36cf-150x84.jpg 150w, https:\/\/villarrealcf.es\/\/wp-content\/uploads\/2022\/07\/ed67eb902f5a5af751da5018814a36cf.jpg 1920w","sizes":"auto, (max-width: 819px) 100vw, 819px"},{"type":"paragraph","text":"El Villarreal ha confirmat els huit encontres de preparaci\u00f3 que jugar\u00e0 abans del comen\u00e7ament de la temporada"},{"type":"paragraph","text":"El Villarreal CF ha tancat la planificaci\u00f3 de la pretemporada en confirmar huit encontres de preparaci\u00f3. El conjunt groguet s\u2019enfrontar\u00e0 al Levante UD el dimecres 3 d\u2019agost, a les 19.00 hores, en el Camp 9 de la Ciutat Esportiva."},{"type":"paragraph","text":"Confirmat l\u2019amist\u00f3s davant el conjunt granota, la pretemporada groga queda configurada de la seg\u00fcent manera:"},{"type":"paragraph","text":"Dijous, 14 de juliol"},{"type":"list","style":"ul","items":["Sporting Clube de Portugal-Villarreal CF en l\u2019Estadi Algarve (22.00 hores a Espanya)."]},{"type":"paragraph","text":"Dissabte, 16 de juliol"},{"type":"list","style":"ul","items":["PSV Eindhoven-Villarreal CF en el Philips Stadion (19.00 hores)."]},{"type":"paragraph","text":"Divendres, 22 de juliol"},{"type":"list","style":"ul","items":["Borussia Dortmund-Villarreal CF en el Cashpoint Arena (19.00 hores)."]},{"type":"paragraph","text":"Diumenge, 24 de juliol"},{"type":"list","style":"ul","items":["Stade de Reims-Villarreal CF en l\u2019Stade Auguste Delaune (19.00 hores)."]},{"type":"paragraph","text":"Dissabte, 30 de juliol"},{"type":"list","style":"ul","items":["Southampton FC-Villarreal CF en l\u2019St Mary\u2019s Stadium (16.00 hores a Espanya)."]},{"type":"paragraph","text":"Diumenge, 31 de juliol"},{"type":"list","style":"ul","items":["Fulham FC-Villarreal CF en Craven Cottage (16.00 hores a Espanya)."]},{"type":"paragraph","text":"Dimecres, 3 d\u2019agost"},{"type":"list","style":"ul","items":["Villarreal CF-Levante UD en el Camp 9 de la Ciutat Esportiva (19.00 hores)."]},{"type":"paragraph","text":"Dissabte, 6 d\u2019agost"},{"type":"list","style":"ul","items":["FC Internazionale Mil\u00e0- Villarreal CF (20.30 hores)."]}]}},"sections":[{"id":"section-1","title":"","text":"El Villarreal ha confirmat els huit encontres de preparaci\u00f3 que jugar\u00e0 abans del comen\u00e7ament de la temporada El Villarreal CF ha tancat la planificaci\u00f3 de la pretemporada en confirmar huit encontres de preparaci\u00f3. El conjunt groguet s\u2019enfrontar\u00e0 al Levante UD el dimecres 3 d\u2019agost, a les 19.00 hores, en el Camp 9 de la Ciutat Esportiva. Confirmat l\u2019amist\u00f3s davant el conjunt granota, la pretemporada groga queda configurada de la seg\u00fcent manera: Dijous, 14 de juliol Dissabte, 16 de juliol Divendres, 22 de juliol Diumenge, 24 de juliol Dissabte, 30 de juliol Diumenge, 31 de juliol Dimecres, 3 d\u2019agost Dissabte, 6 d\u2019agost","url":"","background_image":"","images":[{"type":"image","url":"https:\/\/villarrealcf.es\/\/wp-content\/uploads\/2022\/07\/ed67eb902f5a5af751da5018814a36cf.jpg","alt":"||||","width":819,"height":460,"srcset":"https:\/\/villarrealcf.es\/wp-content\/uploads\/2022\/07\/ed67eb902f5a5af751da5018814a36cf.jpg 819w, https:\/\/villarrealcf.es\/\/wp-content\/uploads\/2022\/07\/ed67eb902f5a5af751da5018814a36cf.jpg 1920w, https:\/\/villarrealcf.es\/\/wp-content\/uploads\/2022\/07\/ed67eb902f5a5af751da5018814a36cf.jpg 1920w, https:\/\/villarrealcf.es\/\/wp-content\/uploads\/2022\/07\/ed67eb902f5a5af751da5018814a36cf.jpg 1920w, https:\/\/villarrealcf.es\/wp-content\/uploads\/2022\/07\/ed67eb902f5a5af751da5018814a36cf-32x18.jpg 32w, https:\/\/villarrealcf.es\/wp-content\/uploads\/2022\/07\/ed67eb902f5a5af751da5018814a36cf-150x84.jpg 150w, https:\/\/villarrealcf.es\/\/wp-content\/uploads\/2022\/07\/ed67eb902f5a5af751da5018814a36cf.jpg 1920w","sizes":"auto, (max-width: 819px) 100vw, 819px"}],"videos":[],"links":[]},{"id":"shortcode-caption-69f0618651e11","type":"shortcode","shortcode":"caption","attributes":{"id":"attachment_186112","align":"alignnone","width":""},"title":"Caption","rendered":"","data":[],"text":"","url":"","background_image":"","images":[],"videos":[],"links":[],"blocks":[]}]},"excerpt":{"rendered":"El Villarreal ha confirmat els huit encontres de preparaci\u00f3 que jugar\u00e0 abans del comen\u00e7ament de la temporada","protected":false},"author":25,"featured_media":186112,"comment_status":"","ping_status":"","sticky":false,"template":"","format":"standard","meta":{"_acf_changed":false,"footnotes":""},"categories":[4854],"tags":[12554,12556,9402,9270,9611,5506,9205,9627,9203],"acf":null,"lang":"val","translations":{"val":224331},"essential_grid":{"has_grid":false},"formatted_date":"July 9, 2022","modified_date":"July 9, 2022","permalink":"https:\/\/villarrealcf.es\/val\/amistos-davant-el-levante-per-a-tancar-la-pretemporada\/","reading_time":1,"featured_media_data":{"id":186112,"title":"||||","caption":"||||","alt_text":"","description":"","mime_type":"image\/jpeg","source_url":"https:\/\/villarrealcf.es\/wp-content\/uploads\/2022\/07\/ed67eb902f5a5af751da5018814a36cf.jpg","sizes":{"thumbnail":{"url":"https:\/\/villarrealcf.es\/wp-content\/uploads\/2022\/07\/ed67eb902f5a5af751da5018814a36cf-150x150.jpg","width":150,"height":150},"medium":{"url":"https:\/\/villarrealcf.es\/wp-content\/uploads\/2022\/07\/ed67eb902f5a5af751da5018814a36cf-300x168.jpg","width":300,"height":168},"medium_large":{"url":"https:\/\/villarrealcf.es\/wp-content\/uploads\/2022\/07\/ed67eb902f5a5af751da5018814a36cf-768x431.jpg","width":768,"height":431},"large":{"url":"https:\/\/villarrealcf.es\/wp-content\/uploads\/2022\/07\/ed67eb902f5a5af751da5018814a36cf.jpg","width":788,"height":443},"1536x1536":{"url":"https:\/\/villarrealcf.es\/wp-content\/uploads\/2022\/07\/ed67eb902f5a5af751da5018814a36cf.jpg","width":819,"height":460},"2048x2048":{"url":"https:\/\/villarrealcf.es\/wp-content\/uploads\/2022\/07\/ed67eb902f5a5af751da5018814a36cf.jpg","width":819,"height":460},"tp-image-grid":{"url":"https:\/\/villarrealcf.es\/wp-content\/uploads\/2022\/07\/ed67eb902f5a5af751da5018814a36cf-700x460.jpg","width":700,"height":460},"size-bunyad-medium":{"url":"https:\/\/villarrealcf.es\/wp-content\/uploads\/2022\/07\/ed67eb902f5a5af751da5018814a36cf.jpg","width":819,"height":460},"sportspress-crop-medium":{"url":"https:\/\/villarrealcf.es\/wp-content\/uploads\/2022\/07\/ed67eb902f5a5af751da5018814a36cf-300x300.jpg","width":300,"height":300},"sportspress-fit-medium":{"url":"https:\/\/villarrealcf.es\/wp-content\/uploads\/2022\/07\/ed67eb902f5a5af751da5018814a36cf-300x168.jpg","width":300,"height":168},"sportspress-fit-icon":{"url":"https:\/\/villarrealcf.es\/wp-content\/uploads\/2022\/07\/ed67eb902f5a5af751da5018814a36cf-128x72.jpg","width":128,"height":72},"sportspress-fit-mini":{"url":"https:\/\/villarrealcf.es\/wp-content\/uploads\/2022\/07\/ed67eb902f5a5af751da5018814a36cf-32x18.jpg","width":32,"height":18},"bunyad-small":{"url":"https:\/\/villarrealcf.es\/wp-content\/uploads\/2022\/07\/ed67eb902f5a5af751da5018814a36cf-150x84.jpg","width":150,"height":84},"bunyad-medium":{"url":"https:\/\/villarrealcf.es\/wp-content\/uploads\/2022\/07\/ed67eb902f5a5af751da5018814a36cf-450x253.jpg","width":450,"height":253},"bunyad-full":{"url":"https:\/\/villarrealcf.es\/wp-content\/uploads\/2022\/07\/ed67eb902f5a5af751da5018814a36cf.jpg","width":819,"height":460},"bunyad-viewport":{"url":"https:\/\/villarrealcf.es\/wp-content\/uploads\/2022\/07\/ed67eb902f5a5af751da5018814a36cf.jpg","width":819,"height":460},"bunyad-768":{"url":"https:\/\/villarrealcf.es\/wp-content\/uploads\/2022\/07\/ed67eb902f5a5af751da5018814a36cf-768x431.jpg","width":768,"height":431},"full":{"url":"https:\/\/villarrealcf.es\/wp-content\/uploads\/2022\/07\/ed67eb902f5a5af751da5018814a36cf.jpg","width":819,"height":460}}},"author_data":{"id":"25","name":"Javier Ayuso","first_name":"Javier","last_name":"Ayuso","description":"","avatar_url":"https:\/\/secure.gravatar.com\/avatar\/fcf8894be45988fcce5bbff0efe1790d2a7f4ba57e2c7c898f5068154e696495?s=96&d=mm&r=g","acf":null},"taxonomies_data":{"category":[{"id":4854,"name":"Noticies Generals","slug":"noticies-generals","acf":null}],"post_tag":[{"id":12554,"name":"#Football","slug":"football-val","acf":null},{"id":12556,"name":"#Soccer","slug":"soccer-val","acf":null},{"id":9402,"name":"Amistoso","slug":"amistoso-val","acf":null},{"id":9270,"name":"Futbol","slug":"futbol-val","acf":null},{"id":9611,"name":"Levante UD","slug":"levante-ud-val","acf":null},{"id":5506,"name":"Pretemporada","slug":"pretemporada","acf":null},{"id":9205,"name":"Submarino","slug":"submarino-val","acf":null},{"id":9627,"name":"Submarino Amarillo","slug":"submarino-amarillo-val","acf":null},{"id":9203,"name":"Villarreal CF","slug":"villarreal-cf-val","acf":null}],"translation_priority":[{"id":735,"name":"Optional","slug":"optional-val","acf":null}]},"seo_full":{"native":{"title":"Amist\u00f3s davant el Levante per a tancar la pretemporada - Web Oficial del Villarreal CF","description":"[caption id=\"attachment_186112\" align=\"alignnone\" width=\"\"]||||[\/caption]El Villarreal ha confirmat els huit encontres de preparaci\u00f3 que jugar\u00e0 abans del comen\u00e7ament de la temporada&hellip;","canonical":"https:\/\/villarrealcf.es\/val\/amistos-davant-el-levante-per-a-tancar-la-pretemporada\/"}},"_links":{"self":[{"href":"https:\/\/villarrealcf.es\/val\/wp-json\/wp\/v2\/posts\/224331","targetHints":{"allow":["GET"]}}],"collection":[{"href":"https:\/\/villarrealcf.es\/val\/wp-json\/wp\/v2\/posts"}],"about":[{"href":"https:\/\/villarrealcf.es\/val\/wp-json\/wp\/v2\/types\/post"}],"author":[{"embeddable":true,"href":"https:\/\/villarrealcf.es\/val\/wp-json\/wp\/v2\/users\/25"}],"replies":[{"embeddable":true,"href":"https:\/\/villarrealcf.es\/val\/wp-json\/wp\/v2\/comments?post=224331"}],"version-history":[{"count":0,"href":"https:\/\/villarrealcf.es\/val\/wp-json\/wp\/v2\/posts\/224331\/revisions"}],"wp:featuredmedia":[{"embeddable":true,"href":"https:\/\/villarrealcf.es\/val\/wp-json\/wp\/v2\/media\/186112"}],"wp:attachment":[{"href":"https:\/\/villarrealcf.es\/val\/wp-json\/wp\/v2\/media?parent=224331"}],"wp:term":[{"taxonomy":"category","embeddable":true,"href":"https:\/\/villarrealcf.es\/val\/wp-json\/wp\/v2\/categories?post=224331"},{"taxonomy":"post_tag","embeddable":true,"href":"https:\/\/villarrealcf.es\/val\/wp-json\/wp\/v2\/tags?post=224331"}],"curies":[{"name":"wp","href":"https:\/\/api.w.org\/{rel}","templated":true}]}}