{"id":224283,"date":"2022-07-04T12:50:09","date_gmt":"2022-07-04T10:50:09","guid":{"rendered":"https:\/\/villarrealcf.es\/\/el-villarreal-s-enfrontara-a-l-inter-en-pretemporada\/"},"modified":"2022-07-04T12:50:09","modified_gmt":"2022-07-04T10:50:09","slug":"el-villarreal-s-enfrontara-a-l-inter-en-pretemporada","status":"publish","type":"post","link":"https:\/\/villarrealcf.es\/val\/el-villarreal-s-enfrontara-a-l-inter-en-pretemporada\/","title":{"rendered":"El Villarreal s&#8217;enfrontar\u00e0 a l&#8217;Inter en pretemporada"},"content":{"protected":false,"blocks":[{"type":"image","url":"https:\/\/villarrealcf.es\/\/wp-content\/uploads\/2022\/07\/1e180a9fc02002bd82cbd738ca85caf6.jpg","alt":"||||","width":819,"height":460,"srcset":"https:\/\/villarrealcf.es\/wp-content\/uploads\/2022\/07\/1e180a9fc02002bd82cbd738ca85caf6.jpg 819w, https:\/\/villarrealcf.es\/\/wp-content\/uploads\/2022\/07\/1e180a9fc02002bd82cbd738ca85caf6.jpg 1920w, https:\/\/villarrealcf.es\/\/wp-content\/uploads\/2022\/07\/1e180a9fc02002bd82cbd738ca85caf6.jpg 1920w, https:\/\/villarrealcf.es\/\/wp-content\/uploads\/2022\/07\/1e180a9fc02002bd82cbd738ca85caf6.jpg 1920w, https:\/\/villarrealcf.es\/wp-content\/uploads\/2022\/07\/1e180a9fc02002bd82cbd738ca85caf6-32x18.jpg 32w, https:\/\/villarrealcf.es\/wp-content\/uploads\/2022\/07\/1e180a9fc02002bd82cbd738ca85caf6-150x84.jpg 150w, https:\/\/villarrealcf.es\/\/wp-content\/uploads\/2022\/07\/1e180a9fc02002bd82cbd738ca85caf6.jpg 1920w","sizes":"auto, (max-width: 819px) 100vw, 819px"},{"type":"paragraph","text":"El conjunt groc i l\u2019equip \u2018nerazzurro\u2019 jugaran el 6 d\u2019agost en l\u2019Estadi Adri\u00e1tico"},{"type":"paragraph","text":"El Villarreal CF i l\u2019FC Internazionale Milano jugaran un amist\u00f3s de pretemporada el dissabte 6 d\u2019agost, a les 20.30 hores, en l\u2019Estadio Adri\u00e1tico de Pescara (It\u00e0lia)."},{"type":"paragraph","text":"Amb la confirmaci\u00f3 de la trobada davant l\u2019Inter, la pretemporada del Vila-real queda configurada de la seg\u00fcent forma:"},{"type":"list","style":"ul","items":["Dijous, 14 de juliol"]},{"type":"paragraph","text":"Sporting Clube de Portugal-Villarreal CF en l\u2019Estadi Algarve (22.00 hores a Espanya)."},{"type":"list","style":"ul","items":["Dissabte, 16 de juliol"]},{"type":"paragraph","text":"PSV Eindhoven-Villarreal CF en el Philips Stadion (19.00 hores)."},{"type":"list","style":"ul","items":["Divendres, 22 de juliol"]},{"type":"paragraph","text":"Borussia Dortmund-Villarreal CF en el Cashpoint Arena (horari per confirmar)."},{"type":"list","style":"ul","items":["Diumenge, 24 de juliol"]},{"type":"paragraph","text":"Stade de Reims-Villarreal CF en el Stade Auguste Delaune (horari per confirmar)."},{"type":"list","style":"ul","items":["Dissabte, 30 de juliol"]},{"type":"paragraph","text":"Southampton FC-Villarreal CF en l\u2019St Mary\u2019s Stadium (16.00 hores a Espanya)."},{"type":"list","style":"ul","items":["Diumenge, 31 de juliol"]},{"type":"paragraph","text":"Fulham FC-Villarreal CF en Craven Cottage (16.00 hores a Espanya)."},{"type":"list","style":"ul","items":["Dissabte, 6 d\u2019agost"]},{"type":"paragraph","text":"FC Internazionale Milano- Villarreal CF (20.30 hores)."}],"structured":{"summary":{"text":"El conjunt groc i l\u2019equip \u2018nerazzurro\u2019 jugaran el 6 d\u2019agost en l\u2019Estadi Adri\u00e1tico El Villarreal CF i l\u2019FC Internazionale Milano jugaran un amist\u00f3s de pretemporada el dissabte 6 d\u2019agost, a les 20.30 hores, en l\u2019Estadio Adri\u00e1tico de Pescara (It\u00e0lia). Amb la confirmaci\u00f3 de la trobada davant l\u2019Inter, la pretemporada del Vila-real queda configurada de la seg\u00fcent forma: Dijous, 14 de juliol Sporting Clube de Portugal-Villarreal CF en l\u2019Estadi Algarve (22.00 hores a Espanya). Dissabte, 16 de juliol PSV Eindhoven-Villarreal CF en el Philips Stadion (19.00 hores). Divendres, 22 de juliol Borussia Dortmund-Villarreal CF en el Cashpoint Arena (horari per confirmar). Diumenge, 24 de juliol Stade de Reims-Villarreal CF en el Stade Auguste Delaune (horari per confirmar). Dissabte, 30 de juliol Southampton FC-Villarreal CF en l\u2019St Mary\u2019s Stadium (16.00 hores a Espanya). Diumenge, 31 de juliol Fulham FC-Villarreal CF en Craven Cottage (16.00 hores a Espanya). Dissabte, 6 d\u2019agost FC Internazionale Milano- Villarreal CF (20.30 hores).","headings":[],"buttons":[],"images":[{"type":"image","url":"https:\/\/villarrealcf.es\/\/wp-content\/uploads\/2022\/07\/1e180a9fc02002bd82cbd738ca85caf6.jpg","alt":"||||","width":819,"height":460,"srcset":"https:\/\/villarrealcf.es\/wp-content\/uploads\/2022\/07\/1e180a9fc02002bd82cbd738ca85caf6.jpg 819w, https:\/\/villarrealcf.es\/\/wp-content\/uploads\/2022\/07\/1e180a9fc02002bd82cbd738ca85caf6.jpg 1920w, https:\/\/villarrealcf.es\/\/wp-content\/uploads\/2022\/07\/1e180a9fc02002bd82cbd738ca85caf6.jpg 1920w, https:\/\/villarrealcf.es\/\/wp-content\/uploads\/2022\/07\/1e180a9fc02002bd82cbd738ca85caf6.jpg 1920w, https:\/\/villarrealcf.es\/wp-content\/uploads\/2022\/07\/1e180a9fc02002bd82cbd738ca85caf6-32x18.jpg 32w, https:\/\/villarrealcf.es\/wp-content\/uploads\/2022\/07\/1e180a9fc02002bd82cbd738ca85caf6-150x84.jpg 150w, https:\/\/villarrealcf.es\/\/wp-content\/uploads\/2022\/07\/1e180a9fc02002bd82cbd738ca85caf6.jpg 1920w","sizes":"auto, (max-width: 819px) 100vw, 819px"}],"counts":{"blocks":18,"headings":0,"texts":10,"buttons":0,"images":1}},"sections":[{"id":"section-1","title":"","text":"El conjunt groc i l\u2019equip \u2018nerazzurro\u2019 jugaran el 6 d\u2019agost en l\u2019Estadi Adri\u00e1tico El Villarreal CF i l\u2019FC Internazionale Milano jugaran un amist\u00f3s de pretemporada el dissabte 6 d\u2019agost, a les 20.30 hores, en l\u2019Estadio Adri\u00e1tico de Pescara (It\u00e0lia). Amb la confirmaci\u00f3 de la trobada davant l\u2019Inter, la pretemporada del Vila-real queda configurada de la seg\u00fcent forma: Sporting Clube de Portugal-Villarreal CF en l\u2019Estadi Algarve (22.00 hores a Espanya). PSV Eindhoven-Villarreal CF en el Philips Stadion (19.00 hores). Borussia Dortmund-Villarreal CF en el Cashpoint Arena (horari per confirmar). Stade de Reims-Villarreal CF en el Stade Auguste Delaune (horari per confirmar). Southampton FC-Villarreal CF en l\u2019St Mary\u2019s Stadium (16.00 hores a Espanya). Fulham FC-Villarreal CF en Craven Cottage (16.00 hores a Espanya). FC Internazionale Milano- Villarreal CF (20.30 hores).","headings":[],"texts":[{"type":"paragraph","text":"El conjunt groc i l\u2019equip \u2018nerazzurro\u2019 jugaran el 6 d\u2019agost en l\u2019Estadi Adri\u00e1tico"},{"type":"paragraph","text":"El Villarreal CF i l\u2019FC Internazionale Milano jugaran un amist\u00f3s de pretemporada el dissabte 6 d\u2019agost, a les 20.30 hores, en l\u2019Estadio Adri\u00e1tico de Pescara (It\u00e0lia)."},{"type":"paragraph","text":"Amb la confirmaci\u00f3 de la trobada davant l\u2019Inter, la pretemporada del Vila-real queda configurada de la seg\u00fcent forma:"},{"type":"paragraph","text":"Sporting Clube de Portugal-Villarreal CF en l\u2019Estadi Algarve (22.00 hores a Espanya)."},{"type":"paragraph","text":"PSV Eindhoven-Villarreal CF en el Philips Stadion (19.00 hores)."},{"type":"paragraph","text":"Borussia Dortmund-Villarreal CF en el Cashpoint Arena (horari per confirmar)."},{"type":"paragraph","text":"Stade de Reims-Villarreal CF en el Stade Auguste Delaune (horari per confirmar)."},{"type":"paragraph","text":"Southampton FC-Villarreal CF en l\u2019St Mary\u2019s Stadium (16.00 hores a Espanya)."},{"type":"paragraph","text":"Fulham FC-Villarreal CF en Craven Cottage (16.00 hores a Espanya)."},{"type":"paragraph","text":"FC Internazionale Milano- Villarreal CF (20.30 hores)."}],"buttons":[],"images":[{"type":"image","url":"https:\/\/villarrealcf.es\/\/wp-content\/uploads\/2022\/07\/1e180a9fc02002bd82cbd738ca85caf6.jpg","alt":"||||","width":819,"height":460,"srcset":"https:\/\/villarrealcf.es\/wp-content\/uploads\/2022\/07\/1e180a9fc02002bd82cbd738ca85caf6.jpg 819w, https:\/\/villarrealcf.es\/\/wp-content\/uploads\/2022\/07\/1e180a9fc02002bd82cbd738ca85caf6.jpg 1920w, https:\/\/villarrealcf.es\/\/wp-content\/uploads\/2022\/07\/1e180a9fc02002bd82cbd738ca85caf6.jpg 1920w, https:\/\/villarrealcf.es\/\/wp-content\/uploads\/2022\/07\/1e180a9fc02002bd82cbd738ca85caf6.jpg 1920w, https:\/\/villarrealcf.es\/wp-content\/uploads\/2022\/07\/1e180a9fc02002bd82cbd738ca85caf6-32x18.jpg 32w, https:\/\/villarrealcf.es\/wp-content\/uploads\/2022\/07\/1e180a9fc02002bd82cbd738ca85caf6-150x84.jpg 150w, https:\/\/villarrealcf.es\/\/wp-content\/uploads\/2022\/07\/1e180a9fc02002bd82cbd738ca85caf6.jpg 1920w","sizes":"auto, (max-width: 819px) 100vw, 819px"}],"widgets":[],"blocks":[{"type":"image","url":"https:\/\/villarrealcf.es\/\/wp-content\/uploads\/2022\/07\/1e180a9fc02002bd82cbd738ca85caf6.jpg","alt":"||||","width":819,"height":460,"srcset":"https:\/\/villarrealcf.es\/wp-content\/uploads\/2022\/07\/1e180a9fc02002bd82cbd738ca85caf6.jpg 819w, https:\/\/villarrealcf.es\/\/wp-content\/uploads\/2022\/07\/1e180a9fc02002bd82cbd738ca85caf6.jpg 1920w, https:\/\/villarrealcf.es\/\/wp-content\/uploads\/2022\/07\/1e180a9fc02002bd82cbd738ca85caf6.jpg 1920w, https:\/\/villarrealcf.es\/\/wp-content\/uploads\/2022\/07\/1e180a9fc02002bd82cbd738ca85caf6.jpg 1920w, https:\/\/villarrealcf.es\/wp-content\/uploads\/2022\/07\/1e180a9fc02002bd82cbd738ca85caf6-32x18.jpg 32w, https:\/\/villarrealcf.es\/wp-content\/uploads\/2022\/07\/1e180a9fc02002bd82cbd738ca85caf6-150x84.jpg 150w, https:\/\/villarrealcf.es\/\/wp-content\/uploads\/2022\/07\/1e180a9fc02002bd82cbd738ca85caf6.jpg 1920w","sizes":"auto, (max-width: 819px) 100vw, 819px"},{"type":"paragraph","text":"El conjunt groc i l\u2019equip \u2018nerazzurro\u2019 jugaran el 6 d\u2019agost en l\u2019Estadi Adri\u00e1tico"},{"type":"paragraph","text":"El Villarreal CF i l\u2019FC Internazionale Milano jugaran un amist\u00f3s de pretemporada el dissabte 6 d\u2019agost, a les 20.30 hores, en l\u2019Estadio Adri\u00e1tico de Pescara (It\u00e0lia)."},{"type":"paragraph","text":"Amb la confirmaci\u00f3 de la trobada davant l\u2019Inter, la pretemporada del Vila-real queda configurada de la seg\u00fcent forma:"},{"type":"list","style":"ul","items":["Dijous, 14 de juliol"]},{"type":"paragraph","text":"Sporting Clube de Portugal-Villarreal CF en l\u2019Estadi Algarve (22.00 hores a Espanya)."},{"type":"list","style":"ul","items":["Dissabte, 16 de juliol"]},{"type":"paragraph","text":"PSV Eindhoven-Villarreal CF en el Philips Stadion (19.00 hores)."},{"type":"list","style":"ul","items":["Divendres, 22 de juliol"]},{"type":"paragraph","text":"Borussia Dortmund-Villarreal CF en el Cashpoint Arena (horari per confirmar)."},{"type":"list","style":"ul","items":["Diumenge, 24 de juliol"]},{"type":"paragraph","text":"Stade de Reims-Villarreal CF en el Stade Auguste Delaune (horari per confirmar)."},{"type":"list","style":"ul","items":["Dissabte, 30 de juliol"]},{"type":"paragraph","text":"Southampton FC-Villarreal CF en l\u2019St Mary\u2019s Stadium (16.00 hores a Espanya)."},{"type":"list","style":"ul","items":["Diumenge, 31 de juliol"]},{"type":"paragraph","text":"Fulham FC-Villarreal CF en Craven Cottage (16.00 hores a Espanya)."},{"type":"list","style":"ul","items":["Dissabte, 6 d\u2019agost"]},{"type":"paragraph","text":"FC Internazionale Milano- Villarreal CF (20.30 hores)."}]}],"hero":{"id":"section-1","title":"","text":"El conjunt groc i l\u2019equip \u2018nerazzurro\u2019 jugaran el 6 d\u2019agost en l\u2019Estadi Adri\u00e1tico El Villarreal CF i l\u2019FC Internazionale Milano jugaran un amist\u00f3s de pretemporada el dissabte 6 d\u2019agost, a les 20.30 hores, en l\u2019Estadio Adri\u00e1tico de Pescara (It\u00e0lia). Amb la confirmaci\u00f3 de la trobada davant l\u2019Inter, la pretemporada del Vila-real queda configurada de la seg\u00fcent forma: Sporting Clube de Portugal-Villarreal CF en l\u2019Estadi Algarve (22.00 hores a Espanya). PSV Eindhoven-Villarreal CF en el Philips Stadion (19.00 hores). Borussia Dortmund-Villarreal CF en el Cashpoint Arena (horari per confirmar). Stade de Reims-Villarreal CF en el Stade Auguste Delaune (horari per confirmar). Southampton FC-Villarreal CF en l\u2019St Mary\u2019s Stadium (16.00 hores a Espanya). Fulham FC-Villarreal CF en Craven Cottage (16.00 hores a Espanya). FC Internazionale Milano- Villarreal CF (20.30 hores).","headings":[],"texts":[{"type":"paragraph","text":"El conjunt groc i l\u2019equip \u2018nerazzurro\u2019 jugaran el 6 d\u2019agost en l\u2019Estadi Adri\u00e1tico"},{"type":"paragraph","text":"El Villarreal CF i l\u2019FC Internazionale Milano jugaran un amist\u00f3s de pretemporada el dissabte 6 d\u2019agost, a les 20.30 hores, en l\u2019Estadio Adri\u00e1tico de Pescara (It\u00e0lia)."},{"type":"paragraph","text":"Amb la confirmaci\u00f3 de la trobada davant l\u2019Inter, la pretemporada del Vila-real queda configurada de la seg\u00fcent forma:"},{"type":"paragraph","text":"Sporting Clube de Portugal-Villarreal CF en l\u2019Estadi Algarve (22.00 hores a Espanya)."},{"type":"paragraph","text":"PSV Eindhoven-Villarreal CF en el Philips Stadion (19.00 hores)."},{"type":"paragraph","text":"Borussia Dortmund-Villarreal CF en el Cashpoint Arena (horari per confirmar)."},{"type":"paragraph","text":"Stade de Reims-Villarreal CF en el Stade Auguste Delaune (horari per confirmar)."},{"type":"paragraph","text":"Southampton FC-Villarreal CF en l\u2019St Mary\u2019s Stadium (16.00 hores a Espanya)."},{"type":"paragraph","text":"Fulham FC-Villarreal CF en Craven Cottage (16.00 hores a Espanya)."},{"type":"paragraph","text":"FC Internazionale Milano- Villarreal CF (20.30 hores)."}],"buttons":[],"images":[{"type":"image","url":"https:\/\/villarrealcf.es\/\/wp-content\/uploads\/2022\/07\/1e180a9fc02002bd82cbd738ca85caf6.jpg","alt":"||||","width":819,"height":460,"srcset":"https:\/\/villarrealcf.es\/wp-content\/uploads\/2022\/07\/1e180a9fc02002bd82cbd738ca85caf6.jpg 819w, https:\/\/villarrealcf.es\/\/wp-content\/uploads\/2022\/07\/1e180a9fc02002bd82cbd738ca85caf6.jpg 1920w, https:\/\/villarrealcf.es\/\/wp-content\/uploads\/2022\/07\/1e180a9fc02002bd82cbd738ca85caf6.jpg 1920w, https:\/\/villarrealcf.es\/\/wp-content\/uploads\/2022\/07\/1e180a9fc02002bd82cbd738ca85caf6.jpg 1920w, https:\/\/villarrealcf.es\/wp-content\/uploads\/2022\/07\/1e180a9fc02002bd82cbd738ca85caf6-32x18.jpg 32w, https:\/\/villarrealcf.es\/wp-content\/uploads\/2022\/07\/1e180a9fc02002bd82cbd738ca85caf6-150x84.jpg 150w, https:\/\/villarrealcf.es\/\/wp-content\/uploads\/2022\/07\/1e180a9fc02002bd82cbd738ca85caf6.jpg 1920w","sizes":"auto, (max-width: 819px) 100vw, 819px"}],"widgets":[],"blocks":[{"type":"image","url":"https:\/\/villarrealcf.es\/\/wp-content\/uploads\/2022\/07\/1e180a9fc02002bd82cbd738ca85caf6.jpg","alt":"||||","width":819,"height":460,"srcset":"https:\/\/villarrealcf.es\/wp-content\/uploads\/2022\/07\/1e180a9fc02002bd82cbd738ca85caf6.jpg 819w, https:\/\/villarrealcf.es\/\/wp-content\/uploads\/2022\/07\/1e180a9fc02002bd82cbd738ca85caf6.jpg 1920w, https:\/\/villarrealcf.es\/\/wp-content\/uploads\/2022\/07\/1e180a9fc02002bd82cbd738ca85caf6.jpg 1920w, https:\/\/villarrealcf.es\/\/wp-content\/uploads\/2022\/07\/1e180a9fc02002bd82cbd738ca85caf6.jpg 1920w, https:\/\/villarrealcf.es\/wp-content\/uploads\/2022\/07\/1e180a9fc02002bd82cbd738ca85caf6-32x18.jpg 32w, https:\/\/villarrealcf.es\/wp-content\/uploads\/2022\/07\/1e180a9fc02002bd82cbd738ca85caf6-150x84.jpg 150w, https:\/\/villarrealcf.es\/\/wp-content\/uploads\/2022\/07\/1e180a9fc02002bd82cbd738ca85caf6.jpg 1920w","sizes":"auto, (max-width: 819px) 100vw, 819px"},{"type":"paragraph","text":"El conjunt groc i l\u2019equip \u2018nerazzurro\u2019 jugaran el 6 d\u2019agost en l\u2019Estadi Adri\u00e1tico"},{"type":"paragraph","text":"El Villarreal CF i l\u2019FC Internazionale Milano jugaran un amist\u00f3s de pretemporada el dissabte 6 d\u2019agost, a les 20.30 hores, en l\u2019Estadio Adri\u00e1tico de Pescara (It\u00e0lia)."},{"type":"paragraph","text":"Amb la confirmaci\u00f3 de la trobada davant l\u2019Inter, la pretemporada del Vila-real queda configurada de la seg\u00fcent forma:"},{"type":"list","style":"ul","items":["Dijous, 14 de juliol"]},{"type":"paragraph","text":"Sporting Clube de Portugal-Villarreal CF en l\u2019Estadi Algarve (22.00 hores a Espanya)."},{"type":"list","style":"ul","items":["Dissabte, 16 de juliol"]},{"type":"paragraph","text":"PSV Eindhoven-Villarreal CF en el Philips Stadion (19.00 hores)."},{"type":"list","style":"ul","items":["Divendres, 22 de juliol"]},{"type":"paragraph","text":"Borussia Dortmund-Villarreal CF en el Cashpoint Arena (horari per confirmar)."},{"type":"list","style":"ul","items":["Diumenge, 24 de juliol"]},{"type":"paragraph","text":"Stade de Reims-Villarreal CF en el Stade Auguste Delaune (horari per confirmar)."},{"type":"list","style":"ul","items":["Dissabte, 30 de juliol"]},{"type":"paragraph","text":"Southampton FC-Villarreal CF en l\u2019St Mary\u2019s Stadium (16.00 hores a Espanya)."},{"type":"list","style":"ul","items":["Diumenge, 31 de juliol"]},{"type":"paragraph","text":"Fulham FC-Villarreal CF en Craven Cottage (16.00 hores a Espanya)."},{"type":"list","style":"ul","items":["Dissabte, 6 d\u2019agost"]},{"type":"paragraph","text":"FC Internazionale Milano- Villarreal CF (20.30 hores)."}]}},"sections":[{"id":"section-1","title":"","text":"El conjunt groc i l\u2019equip \u2018nerazzurro\u2019 jugaran el 6 d\u2019agost en l\u2019Estadi Adri\u00e1tico El Villarreal CF i l\u2019FC Internazionale Milano jugaran un amist\u00f3s de pretemporada el dissabte 6 d\u2019agost, a les 20.30 hores, en l\u2019Estadio Adri\u00e1tico de Pescara (It\u00e0lia). Amb la confirmaci\u00f3 de la trobada davant l\u2019Inter, la pretemporada del Vila-real queda configurada de la seg\u00fcent forma: Sporting Clube de Portugal-Villarreal CF en l\u2019Estadi Algarve (22.00 hores a Espanya). PSV Eindhoven-Villarreal CF en el Philips Stadion (19.00 hores). Borussia Dortmund-Villarreal CF en el Cashpoint Arena (horari per confirmar). Stade de Reims-Villarreal CF en el Stade Auguste Delaune (horari per confirmar). Southampton FC-Villarreal CF en l\u2019St Mary\u2019s Stadium (16.00 hores a Espanya). Fulham FC-Villarreal CF en Craven Cottage (16.00 hores a Espanya). FC Internazionale Milano- Villarreal CF (20.30 hores).","url":"","background_image":"","images":[{"type":"image","url":"https:\/\/villarrealcf.es\/\/wp-content\/uploads\/2022\/07\/1e180a9fc02002bd82cbd738ca85caf6.jpg","alt":"||||","width":819,"height":460,"srcset":"https:\/\/villarrealcf.es\/wp-content\/uploads\/2022\/07\/1e180a9fc02002bd82cbd738ca85caf6.jpg 819w, https:\/\/villarrealcf.es\/\/wp-content\/uploads\/2022\/07\/1e180a9fc02002bd82cbd738ca85caf6.jpg 1920w, https:\/\/villarrealcf.es\/\/wp-content\/uploads\/2022\/07\/1e180a9fc02002bd82cbd738ca85caf6.jpg 1920w, https:\/\/villarrealcf.es\/\/wp-content\/uploads\/2022\/07\/1e180a9fc02002bd82cbd738ca85caf6.jpg 1920w, https:\/\/villarrealcf.es\/wp-content\/uploads\/2022\/07\/1e180a9fc02002bd82cbd738ca85caf6-32x18.jpg 32w, https:\/\/villarrealcf.es\/wp-content\/uploads\/2022\/07\/1e180a9fc02002bd82cbd738ca85caf6-150x84.jpg 150w, https:\/\/villarrealcf.es\/\/wp-content\/uploads\/2022\/07\/1e180a9fc02002bd82cbd738ca85caf6.jpg 1920w","sizes":"auto, (max-width: 819px) 100vw, 819px"}],"videos":[],"links":[]},{"id":"shortcode-caption-69f04b7f0847d","type":"shortcode","shortcode":"caption","attributes":{"id":"attachment_185920","align":"alignnone","width":""},"title":"Caption","rendered":"","data":[],"text":"","url":"","background_image":"","images":[],"videos":[],"links":[],"blocks":[]}]},"excerpt":{"rendered":"El conjunt groc i l&#8217;equip \u2018nerazzurro\u2019 jugaran el 6 d&#8217;agost en l&#8217;Estadi Adri\u00e1tico","protected":false},"author":25,"featured_media":185920,"comment_status":"","ping_status":"","sticky":false,"template":"","format":"standard","meta":{"_acf_changed":false,"footnotes":""},"categories":[4854],"tags":[12554,12556,9402,11576,9270,5506,9205,9627,9203],"acf":null,"lang":"val","translations":{"val":224283},"essential_grid":{"has_grid":false},"formatted_date":"July 4, 2022","modified_date":"July 4, 2022","permalink":"https:\/\/villarrealcf.es\/val\/el-villarreal-s-enfrontara-a-l-inter-en-pretemporada\/","reading_time":1,"featured_media_data":{"id":185920,"title":"||||","caption":"||||","alt_text":"","description":"","mime_type":"image\/jpeg","source_url":"https:\/\/villarrealcf.es\/wp-content\/uploads\/2022\/07\/1e180a9fc02002bd82cbd738ca85caf6.jpg","sizes":{"thumbnail":{"url":"https:\/\/villarrealcf.es\/wp-content\/uploads\/2022\/07\/1e180a9fc02002bd82cbd738ca85caf6-150x150.jpg","width":150,"height":150},"medium":{"url":"https:\/\/villarrealcf.es\/wp-content\/uploads\/2022\/07\/1e180a9fc02002bd82cbd738ca85caf6-300x168.jpg","width":300,"height":168},"medium_large":{"url":"https:\/\/villarrealcf.es\/wp-content\/uploads\/2022\/07\/1e180a9fc02002bd82cbd738ca85caf6-768x431.jpg","width":768,"height":431},"large":{"url":"https:\/\/villarrealcf.es\/wp-content\/uploads\/2022\/07\/1e180a9fc02002bd82cbd738ca85caf6.jpg","width":788,"height":443},"1536x1536":{"url":"https:\/\/villarrealcf.es\/wp-content\/uploads\/2022\/07\/1e180a9fc02002bd82cbd738ca85caf6.jpg","width":819,"height":460},"2048x2048":{"url":"https:\/\/villarrealcf.es\/wp-content\/uploads\/2022\/07\/1e180a9fc02002bd82cbd738ca85caf6.jpg","width":819,"height":460},"tp-image-grid":{"url":"https:\/\/villarrealcf.es\/wp-content\/uploads\/2022\/07\/1e180a9fc02002bd82cbd738ca85caf6-700x460.jpg","width":700,"height":460},"size-bunyad-medium":{"url":"https:\/\/villarrealcf.es\/wp-content\/uploads\/2022\/07\/1e180a9fc02002bd82cbd738ca85caf6.jpg","width":819,"height":460},"sportspress-crop-medium":{"url":"https:\/\/villarrealcf.es\/wp-content\/uploads\/2022\/07\/1e180a9fc02002bd82cbd738ca85caf6-300x300.jpg","width":300,"height":300},"sportspress-fit-medium":{"url":"https:\/\/villarrealcf.es\/wp-content\/uploads\/2022\/07\/1e180a9fc02002bd82cbd738ca85caf6-300x168.jpg","width":300,"height":168},"sportspress-fit-icon":{"url":"https:\/\/villarrealcf.es\/wp-content\/uploads\/2022\/07\/1e180a9fc02002bd82cbd738ca85caf6-128x72.jpg","width":128,"height":72},"sportspress-fit-mini":{"url":"https:\/\/villarrealcf.es\/wp-content\/uploads\/2022\/07\/1e180a9fc02002bd82cbd738ca85caf6-32x18.jpg","width":32,"height":18},"bunyad-small":{"url":"https:\/\/villarrealcf.es\/wp-content\/uploads\/2022\/07\/1e180a9fc02002bd82cbd738ca85caf6-150x84.jpg","width":150,"height":84},"bunyad-medium":{"url":"https:\/\/villarrealcf.es\/wp-content\/uploads\/2022\/07\/1e180a9fc02002bd82cbd738ca85caf6-450x253.jpg","width":450,"height":253},"bunyad-full":{"url":"https:\/\/villarrealcf.es\/wp-content\/uploads\/2022\/07\/1e180a9fc02002bd82cbd738ca85caf6.jpg","width":819,"height":460},"bunyad-viewport":{"url":"https:\/\/villarrealcf.es\/wp-content\/uploads\/2022\/07\/1e180a9fc02002bd82cbd738ca85caf6.jpg","width":819,"height":460},"bunyad-768":{"url":"https:\/\/villarrealcf.es\/wp-content\/uploads\/2022\/07\/1e180a9fc02002bd82cbd738ca85caf6-768x431.jpg","width":768,"height":431},"full":{"url":"https:\/\/villarrealcf.es\/wp-content\/uploads\/2022\/07\/1e180a9fc02002bd82cbd738ca85caf6.jpg","width":819,"height":460}}},"author_data":{"id":"25","name":"Javier Ayuso","first_name":"Javier","last_name":"Ayuso","description":"","avatar_url":"https:\/\/secure.gravatar.com\/avatar\/fcf8894be45988fcce5bbff0efe1790d2a7f4ba57e2c7c898f5068154e696495?s=96&d=mm&r=g","acf":null},"taxonomies_data":{"category":[{"id":4854,"name":"Noticies Generals","slug":"noticies-generals","acf":null}],"post_tag":[{"id":12554,"name":"#Football","slug":"football-val","acf":null},{"id":12556,"name":"#Soccer","slug":"soccer-val","acf":null},{"id":9402,"name":"Amistoso","slug":"amistoso-val","acf":null},{"id":11576,"name":"FC Internazionale","slug":"fc-internazionale-val","acf":null},{"id":9270,"name":"Futbol","slug":"futbol-val","acf":null},{"id":5506,"name":"Pretemporada","slug":"pretemporada","acf":null},{"id":9205,"name":"Submarino","slug":"submarino-val","acf":null},{"id":9627,"name":"Submarino Amarillo","slug":"submarino-amarillo-val","acf":null},{"id":9203,"name":"Villarreal CF","slug":"villarreal-cf-val","acf":null}],"translation_priority":[{"id":735,"name":"Optional","slug":"optional-val","acf":null}]},"seo_full":{"native":{"title":"El Villarreal s&#8217;enfrontar\u00e0 a l&#8217;Inter en pretemporada - Web Oficial del Villarreal CF","description":"[caption id=\"attachment_185920\" align=\"alignnone\" width=\"\"]||||[\/caption]El conjunt groc i l'equip \u2018nerazzurro\u2019 jugaran el 6 d'agost en l'Estadi Adri\u00e1tico El Villarreal CF i&hellip;","canonical":"https:\/\/villarrealcf.es\/val\/el-villarreal-s-enfrontara-a-l-inter-en-pretemporada\/"}},"_links":{"self":[{"href":"https:\/\/villarrealcf.es\/val\/wp-json\/wp\/v2\/posts\/224283","targetHints":{"allow":["GET"]}}],"collection":[{"href":"https:\/\/villarrealcf.es\/val\/wp-json\/wp\/v2\/posts"}],"about":[{"href":"https:\/\/villarrealcf.es\/val\/wp-json\/wp\/v2\/types\/post"}],"author":[{"embeddable":true,"href":"https:\/\/villarrealcf.es\/val\/wp-json\/wp\/v2\/users\/25"}],"replies":[{"embeddable":true,"href":"https:\/\/villarrealcf.es\/val\/wp-json\/wp\/v2\/comments?post=224283"}],"version-history":[{"count":0,"href":"https:\/\/villarrealcf.es\/val\/wp-json\/wp\/v2\/posts\/224283\/revisions"}],"wp:featuredmedia":[{"embeddable":true,"href":"https:\/\/villarrealcf.es\/val\/wp-json\/wp\/v2\/media\/185920"}],"wp:attachment":[{"href":"https:\/\/villarrealcf.es\/val\/wp-json\/wp\/v2\/media?parent=224283"}],"wp:term":[{"taxonomy":"category","embeddable":true,"href":"https:\/\/villarrealcf.es\/val\/wp-json\/wp\/v2\/categories?post=224283"},{"taxonomy":"post_tag","embeddable":true,"href":"https:\/\/villarrealcf.es\/val\/wp-json\/wp\/v2\/tags?post=224283"}],"curies":[{"name":"wp","href":"https:\/\/api.w.org\/{rel}","templated":true}]}}