{"id":224182,"date":"2022-06-15T10:58:39","date_gmt":"2022-06-15T08:58:39","guid":{"rendered":"https:\/\/villarrealcf.es\/\/el-submari-s-enfrontara-al-borussia-dortmund-en-pretemporada\/"},"modified":"2022-06-15T10:58:39","modified_gmt":"2022-06-15T08:58:39","slug":"el-submari-s-enfrontara-al-borussia-dortmund-en-pretemporada","status":"publish","type":"post","link":"https:\/\/villarrealcf.es\/val\/el-submari-s-enfrontara-al-borussia-dortmund-en-pretemporada\/","title":{"rendered":"El Submar\u00ed s&#8217;enfrontar\u00e0 al Borussia Dortmund en pretemporada"},"content":{"protected":false,"blocks":[{"type":"image","url":"https:\/\/villarrealcf.es\/\/wp-content\/uploads\/2022\/06\/2ac94e5ee9ac7614c07ad19a691a578c.jpg","alt":"||||||","width":770,"height":432,"srcset":"https:\/\/villarrealcf.es\/wp-content\/uploads\/2022\/06\/2ac94e5ee9ac7614c07ad19a691a578c.jpg 770w, https:\/\/villarrealcf.es\/\/wp-content\/uploads\/2022\/06\/2ac94e5ee9ac7614c07ad19a691a578c.jpg 1920w, https:\/\/villarrealcf.es\/\/wp-content\/uploads\/2022\/06\/2ac94e5ee9ac7614c07ad19a691a578c.jpg 1920w, https:\/\/villarrealcf.es\/\/wp-content\/uploads\/2022\/06\/2ac94e5ee9ac7614c07ad19a691a578c.jpg 1920w, https:\/\/villarrealcf.es\/wp-content\/uploads\/2022\/06\/2ac94e5ee9ac7614c07ad19a691a578c-32x18.jpg 32w, https:\/\/villarrealcf.es\/wp-content\/uploads\/2022\/06\/2ac94e5ee9ac7614c07ad19a691a578c-150x84.jpg 150w, https:\/\/villarrealcf.es\/\/wp-content\/uploads\/2022\/06\/2ac94e5ee9ac7614c07ad19a691a578c.jpg 1920w","sizes":"auto, (max-width: 770px) 100vw, 770px"},{"type":"paragraph","text":"Els d\u2019Unai Emery jugaran el segon partit de pretemporada contra el conjunt alemany el pr\u00f2xim 22 de juliol"},{"type":"paragraph","text":"El Villarreal ja t\u00e9 confirmat un amist\u00f3s de pretemporada m\u00e9s. Despr\u00e9s d\u2019anunciar-se els enfrontaments davant el PSV Eindhoven, el Southampton FC i l\u2019Stade de Reims, es confirma que el Submar\u00ed s\u2019enfrontar\u00e0 al Borussia Dortmund el pr\u00f2xim 22 de juliol (horari per determinar) en el Cashpoint Arena d\u2019Altach (\u00c0ustria), prop d\u2019on el combinat alemany es concentrar\u00e0 en la pretemporada."},{"type":"paragraph","text":"Pel moment, l\u2019agenda de partits amistosos de pretemporada \u00e9s la seg\u00fcent:"},{"type":"list","style":"ul","items":["Dissabte, 16 de juliol"]},{"type":"paragraph","text":"PSV Eindhoven-Villarreal CF en el Philips Stadion (19.00 hores)."},{"type":"list","style":"ul","items":["Divendres, 22 de juliol"]},{"type":"paragraph","text":"Borussia Dortmund-Villarreal CF en el Cashpoint Arena (horari confirmar)."},{"type":"list","style":"ul","items":["Diumenge, 24 de juliol"]},{"type":"paragraph","text":"Stade de Reims-Villarreal CF en el Stade Auguste Delaune (horari per confirmar)."},{"type":"list","style":"ul","items":["Dissabte, 30 de juliol"]},{"type":"paragraph","text":"Southampton FC-Villarreal CF en el St Mary\u2019s Stadium (16.00 hores a Espanya)."}],"structured":{"summary":{"text":"Els d\u2019Unai Emery jugaran el segon partit de pretemporada contra el conjunt alemany el pr\u00f2xim 22 de juliol El Villarreal ja t\u00e9 confirmat un amist\u00f3s de pretemporada m\u00e9s. Despr\u00e9s d\u2019anunciar-se els enfrontaments davant el PSV Eindhoven, el Southampton FC i l\u2019Stade de Reims, es confirma que el Submar\u00ed s\u2019enfrontar\u00e0 al Borussia Dortmund el pr\u00f2xim 22 de juliol (horari per determinar) en el Cashpoint Arena d\u2019Altach (\u00c0ustria), prop d\u2019on el combinat alemany es concentrar\u00e0 en la pretemporada. Pel moment, l\u2019agenda de partits amistosos de pretemporada \u00e9s la seg\u00fcent: Dissabte, 16 de juliol PSV Eindhoven-Villarreal CF en el Philips Stadion (19.00 hores). Divendres, 22 de juliol Borussia Dortmund-Villarreal CF en el Cashpoint Arena (horari confirmar). Diumenge, 24 de juliol Stade de Reims-Villarreal CF en el Stade Auguste Delaune (horari per confirmar). Dissabte, 30 de juliol Southampton FC-Villarreal CF en el St Mary\u2019s Stadium (16.00 hores a Espanya).","headings":[],"buttons":[],"images":[{"type":"image","url":"https:\/\/villarrealcf.es\/\/wp-content\/uploads\/2022\/06\/2ac94e5ee9ac7614c07ad19a691a578c.jpg","alt":"||||||","width":770,"height":432,"srcset":"https:\/\/villarrealcf.es\/wp-content\/uploads\/2022\/06\/2ac94e5ee9ac7614c07ad19a691a578c.jpg 770w, https:\/\/villarrealcf.es\/\/wp-content\/uploads\/2022\/06\/2ac94e5ee9ac7614c07ad19a691a578c.jpg 1920w, https:\/\/villarrealcf.es\/\/wp-content\/uploads\/2022\/06\/2ac94e5ee9ac7614c07ad19a691a578c.jpg 1920w, https:\/\/villarrealcf.es\/\/wp-content\/uploads\/2022\/06\/2ac94e5ee9ac7614c07ad19a691a578c.jpg 1920w, https:\/\/villarrealcf.es\/wp-content\/uploads\/2022\/06\/2ac94e5ee9ac7614c07ad19a691a578c-32x18.jpg 32w, https:\/\/villarrealcf.es\/wp-content\/uploads\/2022\/06\/2ac94e5ee9ac7614c07ad19a691a578c-150x84.jpg 150w, https:\/\/villarrealcf.es\/\/wp-content\/uploads\/2022\/06\/2ac94e5ee9ac7614c07ad19a691a578c.jpg 1920w","sizes":"auto, (max-width: 770px) 100vw, 770px"}],"counts":{"blocks":12,"headings":0,"texts":7,"buttons":0,"images":1}},"sections":[{"id":"section-1","title":"","text":"Els d\u2019Unai Emery jugaran el segon partit de pretemporada contra el conjunt alemany el pr\u00f2xim 22 de juliol El Villarreal ja t\u00e9 confirmat un amist\u00f3s de pretemporada m\u00e9s. Despr\u00e9s d\u2019anunciar-se els enfrontaments davant el PSV Eindhoven, el Southampton FC i l\u2019Stade de Reims, es confirma que el Submar\u00ed s\u2019enfrontar\u00e0 al Borussia Dortmund el pr\u00f2xim 22 de juliol (horari per determinar) en el Cashpoint Arena d\u2019Altach (\u00c0ustria), prop d\u2019on el combinat alemany es concentrar\u00e0 en la pretemporada. Pel moment, l\u2019agenda de partits amistosos de pretemporada \u00e9s la seg\u00fcent: PSV Eindhoven-Villarreal CF en el Philips Stadion (19.00 hores). Borussia Dortmund-Villarreal CF en el Cashpoint Arena (horari confirmar). Stade de Reims-Villarreal CF en el Stade Auguste Delaune (horari per confirmar). Southampton FC-Villarreal CF en el St Mary\u2019s Stadium (16.00 hores a Espanya).","headings":[],"texts":[{"type":"paragraph","text":"Els d\u2019Unai Emery jugaran el segon partit de pretemporada contra el conjunt alemany el pr\u00f2xim 22 de juliol"},{"type":"paragraph","text":"El Villarreal ja t\u00e9 confirmat un amist\u00f3s de pretemporada m\u00e9s. Despr\u00e9s d\u2019anunciar-se els enfrontaments davant el PSV Eindhoven, el Southampton FC i l\u2019Stade de Reims, es confirma que el Submar\u00ed s\u2019enfrontar\u00e0 al Borussia Dortmund el pr\u00f2xim 22 de juliol (horari per determinar) en el Cashpoint Arena d\u2019Altach (\u00c0ustria), prop d\u2019on el combinat alemany es concentrar\u00e0 en la pretemporada."},{"type":"paragraph","text":"Pel moment, l\u2019agenda de partits amistosos de pretemporada \u00e9s la seg\u00fcent:"},{"type":"paragraph","text":"PSV Eindhoven-Villarreal CF en el Philips Stadion (19.00 hores)."},{"type":"paragraph","text":"Borussia Dortmund-Villarreal CF en el Cashpoint Arena (horari confirmar)."},{"type":"paragraph","text":"Stade de Reims-Villarreal CF en el Stade Auguste Delaune (horari per confirmar)."},{"type":"paragraph","text":"Southampton FC-Villarreal CF en el St Mary\u2019s Stadium (16.00 hores a Espanya)."}],"buttons":[],"images":[{"type":"image","url":"https:\/\/villarrealcf.es\/\/wp-content\/uploads\/2022\/06\/2ac94e5ee9ac7614c07ad19a691a578c.jpg","alt":"||||||","width":770,"height":432,"srcset":"https:\/\/villarrealcf.es\/wp-content\/uploads\/2022\/06\/2ac94e5ee9ac7614c07ad19a691a578c.jpg 770w, https:\/\/villarrealcf.es\/\/wp-content\/uploads\/2022\/06\/2ac94e5ee9ac7614c07ad19a691a578c.jpg 1920w, https:\/\/villarrealcf.es\/\/wp-content\/uploads\/2022\/06\/2ac94e5ee9ac7614c07ad19a691a578c.jpg 1920w, https:\/\/villarrealcf.es\/\/wp-content\/uploads\/2022\/06\/2ac94e5ee9ac7614c07ad19a691a578c.jpg 1920w, https:\/\/villarrealcf.es\/wp-content\/uploads\/2022\/06\/2ac94e5ee9ac7614c07ad19a691a578c-32x18.jpg 32w, https:\/\/villarrealcf.es\/wp-content\/uploads\/2022\/06\/2ac94e5ee9ac7614c07ad19a691a578c-150x84.jpg 150w, https:\/\/villarrealcf.es\/\/wp-content\/uploads\/2022\/06\/2ac94e5ee9ac7614c07ad19a691a578c.jpg 1920w","sizes":"auto, (max-width: 770px) 100vw, 770px"}],"widgets":[],"blocks":[{"type":"image","url":"https:\/\/villarrealcf.es\/\/wp-content\/uploads\/2022\/06\/2ac94e5ee9ac7614c07ad19a691a578c.jpg","alt":"||||||","width":770,"height":432,"srcset":"https:\/\/villarrealcf.es\/wp-content\/uploads\/2022\/06\/2ac94e5ee9ac7614c07ad19a691a578c.jpg 770w, https:\/\/villarrealcf.es\/\/wp-content\/uploads\/2022\/06\/2ac94e5ee9ac7614c07ad19a691a578c.jpg 1920w, https:\/\/villarrealcf.es\/\/wp-content\/uploads\/2022\/06\/2ac94e5ee9ac7614c07ad19a691a578c.jpg 1920w, https:\/\/villarrealcf.es\/\/wp-content\/uploads\/2022\/06\/2ac94e5ee9ac7614c07ad19a691a578c.jpg 1920w, https:\/\/villarrealcf.es\/wp-content\/uploads\/2022\/06\/2ac94e5ee9ac7614c07ad19a691a578c-32x18.jpg 32w, https:\/\/villarrealcf.es\/wp-content\/uploads\/2022\/06\/2ac94e5ee9ac7614c07ad19a691a578c-150x84.jpg 150w, https:\/\/villarrealcf.es\/\/wp-content\/uploads\/2022\/06\/2ac94e5ee9ac7614c07ad19a691a578c.jpg 1920w","sizes":"auto, (max-width: 770px) 100vw, 770px"},{"type":"paragraph","text":"Els d\u2019Unai Emery jugaran el segon partit de pretemporada contra el conjunt alemany el pr\u00f2xim 22 de juliol"},{"type":"paragraph","text":"El Villarreal ja t\u00e9 confirmat un amist\u00f3s de pretemporada m\u00e9s. Despr\u00e9s d\u2019anunciar-se els enfrontaments davant el PSV Eindhoven, el Southampton FC i l\u2019Stade de Reims, es confirma que el Submar\u00ed s\u2019enfrontar\u00e0 al Borussia Dortmund el pr\u00f2xim 22 de juliol (horari per determinar) en el Cashpoint Arena d\u2019Altach (\u00c0ustria), prop d\u2019on el combinat alemany es concentrar\u00e0 en la pretemporada."},{"type":"paragraph","text":"Pel moment, l\u2019agenda de partits amistosos de pretemporada \u00e9s la seg\u00fcent:"},{"type":"list","style":"ul","items":["Dissabte, 16 de juliol"]},{"type":"paragraph","text":"PSV Eindhoven-Villarreal CF en el Philips Stadion (19.00 hores)."},{"type":"list","style":"ul","items":["Divendres, 22 de juliol"]},{"type":"paragraph","text":"Borussia Dortmund-Villarreal CF en el Cashpoint Arena (horari confirmar)."},{"type":"list","style":"ul","items":["Diumenge, 24 de juliol"]},{"type":"paragraph","text":"Stade de Reims-Villarreal CF en el Stade Auguste Delaune (horari per confirmar)."},{"type":"list","style":"ul","items":["Dissabte, 30 de juliol"]},{"type":"paragraph","text":"Southampton FC-Villarreal CF en el St Mary\u2019s Stadium (16.00 hores a Espanya)."}]}],"hero":{"id":"section-1","title":"","text":"Els d\u2019Unai Emery jugaran el segon partit de pretemporada contra el conjunt alemany el pr\u00f2xim 22 de juliol El Villarreal ja t\u00e9 confirmat un amist\u00f3s de pretemporada m\u00e9s. Despr\u00e9s d\u2019anunciar-se els enfrontaments davant el PSV Eindhoven, el Southampton FC i l\u2019Stade de Reims, es confirma que el Submar\u00ed s\u2019enfrontar\u00e0 al Borussia Dortmund el pr\u00f2xim 22 de juliol (horari per determinar) en el Cashpoint Arena d\u2019Altach (\u00c0ustria), prop d\u2019on el combinat alemany es concentrar\u00e0 en la pretemporada. Pel moment, l\u2019agenda de partits amistosos de pretemporada \u00e9s la seg\u00fcent: PSV Eindhoven-Villarreal CF en el Philips Stadion (19.00 hores). Borussia Dortmund-Villarreal CF en el Cashpoint Arena (horari confirmar). Stade de Reims-Villarreal CF en el Stade Auguste Delaune (horari per confirmar). Southampton FC-Villarreal CF en el St Mary\u2019s Stadium (16.00 hores a Espanya).","headings":[],"texts":[{"type":"paragraph","text":"Els d\u2019Unai Emery jugaran el segon partit de pretemporada contra el conjunt alemany el pr\u00f2xim 22 de juliol"},{"type":"paragraph","text":"El Villarreal ja t\u00e9 confirmat un amist\u00f3s de pretemporada m\u00e9s. Despr\u00e9s d\u2019anunciar-se els enfrontaments davant el PSV Eindhoven, el Southampton FC i l\u2019Stade de Reims, es confirma que el Submar\u00ed s\u2019enfrontar\u00e0 al Borussia Dortmund el pr\u00f2xim 22 de juliol (horari per determinar) en el Cashpoint Arena d\u2019Altach (\u00c0ustria), prop d\u2019on el combinat alemany es concentrar\u00e0 en la pretemporada."},{"type":"paragraph","text":"Pel moment, l\u2019agenda de partits amistosos de pretemporada \u00e9s la seg\u00fcent:"},{"type":"paragraph","text":"PSV Eindhoven-Villarreal CF en el Philips Stadion (19.00 hores)."},{"type":"paragraph","text":"Borussia Dortmund-Villarreal CF en el Cashpoint Arena (horari confirmar)."},{"type":"paragraph","text":"Stade de Reims-Villarreal CF en el Stade Auguste Delaune (horari per confirmar)."},{"type":"paragraph","text":"Southampton FC-Villarreal CF en el St Mary\u2019s Stadium (16.00 hores a Espanya)."}],"buttons":[],"images":[{"type":"image","url":"https:\/\/villarrealcf.es\/\/wp-content\/uploads\/2022\/06\/2ac94e5ee9ac7614c07ad19a691a578c.jpg","alt":"||||||","width":770,"height":432,"srcset":"https:\/\/villarrealcf.es\/wp-content\/uploads\/2022\/06\/2ac94e5ee9ac7614c07ad19a691a578c.jpg 770w, https:\/\/villarrealcf.es\/\/wp-content\/uploads\/2022\/06\/2ac94e5ee9ac7614c07ad19a691a578c.jpg 1920w, https:\/\/villarrealcf.es\/\/wp-content\/uploads\/2022\/06\/2ac94e5ee9ac7614c07ad19a691a578c.jpg 1920w, https:\/\/villarrealcf.es\/\/wp-content\/uploads\/2022\/06\/2ac94e5ee9ac7614c07ad19a691a578c.jpg 1920w, https:\/\/villarrealcf.es\/wp-content\/uploads\/2022\/06\/2ac94e5ee9ac7614c07ad19a691a578c-32x18.jpg 32w, https:\/\/villarrealcf.es\/wp-content\/uploads\/2022\/06\/2ac94e5ee9ac7614c07ad19a691a578c-150x84.jpg 150w, https:\/\/villarrealcf.es\/\/wp-content\/uploads\/2022\/06\/2ac94e5ee9ac7614c07ad19a691a578c.jpg 1920w","sizes":"auto, (max-width: 770px) 100vw, 770px"}],"widgets":[],"blocks":[{"type":"image","url":"https:\/\/villarrealcf.es\/\/wp-content\/uploads\/2022\/06\/2ac94e5ee9ac7614c07ad19a691a578c.jpg","alt":"||||||","width":770,"height":432,"srcset":"https:\/\/villarrealcf.es\/wp-content\/uploads\/2022\/06\/2ac94e5ee9ac7614c07ad19a691a578c.jpg 770w, https:\/\/villarrealcf.es\/\/wp-content\/uploads\/2022\/06\/2ac94e5ee9ac7614c07ad19a691a578c.jpg 1920w, https:\/\/villarrealcf.es\/\/wp-content\/uploads\/2022\/06\/2ac94e5ee9ac7614c07ad19a691a578c.jpg 1920w, https:\/\/villarrealcf.es\/\/wp-content\/uploads\/2022\/06\/2ac94e5ee9ac7614c07ad19a691a578c.jpg 1920w, https:\/\/villarrealcf.es\/wp-content\/uploads\/2022\/06\/2ac94e5ee9ac7614c07ad19a691a578c-32x18.jpg 32w, https:\/\/villarrealcf.es\/wp-content\/uploads\/2022\/06\/2ac94e5ee9ac7614c07ad19a691a578c-150x84.jpg 150w, https:\/\/villarrealcf.es\/\/wp-content\/uploads\/2022\/06\/2ac94e5ee9ac7614c07ad19a691a578c.jpg 1920w","sizes":"auto, (max-width: 770px) 100vw, 770px"},{"type":"paragraph","text":"Els d\u2019Unai Emery jugaran el segon partit de pretemporada contra el conjunt alemany el pr\u00f2xim 22 de juliol"},{"type":"paragraph","text":"El Villarreal ja t\u00e9 confirmat un amist\u00f3s de pretemporada m\u00e9s. Despr\u00e9s d\u2019anunciar-se els enfrontaments davant el PSV Eindhoven, el Southampton FC i l\u2019Stade de Reims, es confirma que el Submar\u00ed s\u2019enfrontar\u00e0 al Borussia Dortmund el pr\u00f2xim 22 de juliol (horari per determinar) en el Cashpoint Arena d\u2019Altach (\u00c0ustria), prop d\u2019on el combinat alemany es concentrar\u00e0 en la pretemporada."},{"type":"paragraph","text":"Pel moment, l\u2019agenda de partits amistosos de pretemporada \u00e9s la seg\u00fcent:"},{"type":"list","style":"ul","items":["Dissabte, 16 de juliol"]},{"type":"paragraph","text":"PSV Eindhoven-Villarreal CF en el Philips Stadion (19.00 hores)."},{"type":"list","style":"ul","items":["Divendres, 22 de juliol"]},{"type":"paragraph","text":"Borussia Dortmund-Villarreal CF en el Cashpoint Arena (horari confirmar)."},{"type":"list","style":"ul","items":["Diumenge, 24 de juliol"]},{"type":"paragraph","text":"Stade de Reims-Villarreal CF en el Stade Auguste Delaune (horari per confirmar)."},{"type":"list","style":"ul","items":["Dissabte, 30 de juliol"]},{"type":"paragraph","text":"Southampton FC-Villarreal CF en el St Mary\u2019s Stadium (16.00 hores a Espanya)."}]}},"sections":[{"id":"section-1","title":"","text":"Els d\u2019Unai Emery jugaran el segon partit de pretemporada contra el conjunt alemany el pr\u00f2xim 22 de juliol El Villarreal ja t\u00e9 confirmat un amist\u00f3s de pretemporada m\u00e9s. Despr\u00e9s d\u2019anunciar-se els enfrontaments davant el PSV Eindhoven, el Southampton FC i l\u2019Stade de Reims, es confirma que el Submar\u00ed s\u2019enfrontar\u00e0 al Borussia Dortmund el pr\u00f2xim 22 de juliol (horari per determinar) en el Cashpoint Arena d\u2019Altach (\u00c0ustria), prop d\u2019on el combinat alemany es concentrar\u00e0 en la pretemporada. Pel moment, l\u2019agenda de partits amistosos de pretemporada \u00e9s la seg\u00fcent: PSV Eindhoven-Villarreal CF en el Philips Stadion (19.00 hores). Borussia Dortmund-Villarreal CF en el Cashpoint Arena (horari confirmar). Stade de Reims-Villarreal CF en el Stade Auguste Delaune (horari per confirmar). Southampton FC-Villarreal CF en el St Mary\u2019s Stadium (16.00 hores a Espanya).","url":"","background_image":"","images":[{"type":"image","url":"https:\/\/villarrealcf.es\/\/wp-content\/uploads\/2022\/06\/2ac94e5ee9ac7614c07ad19a691a578c.jpg","alt":"||||||","width":770,"height":432,"srcset":"https:\/\/villarrealcf.es\/wp-content\/uploads\/2022\/06\/2ac94e5ee9ac7614c07ad19a691a578c.jpg 770w, https:\/\/villarrealcf.es\/\/wp-content\/uploads\/2022\/06\/2ac94e5ee9ac7614c07ad19a691a578c.jpg 1920w, https:\/\/villarrealcf.es\/\/wp-content\/uploads\/2022\/06\/2ac94e5ee9ac7614c07ad19a691a578c.jpg 1920w, https:\/\/villarrealcf.es\/\/wp-content\/uploads\/2022\/06\/2ac94e5ee9ac7614c07ad19a691a578c.jpg 1920w, https:\/\/villarrealcf.es\/wp-content\/uploads\/2022\/06\/2ac94e5ee9ac7614c07ad19a691a578c-32x18.jpg 32w, https:\/\/villarrealcf.es\/wp-content\/uploads\/2022\/06\/2ac94e5ee9ac7614c07ad19a691a578c-150x84.jpg 150w, https:\/\/villarrealcf.es\/\/wp-content\/uploads\/2022\/06\/2ac94e5ee9ac7614c07ad19a691a578c.jpg 1920w","sizes":"auto, (max-width: 770px) 100vw, 770px"}],"videos":[],"links":[]},{"id":"shortcode-caption-69f04b8031342","type":"shortcode","shortcode":"caption","attributes":{"id":"attachment_185507","align":"alignnone","width":""},"title":"Caption","rendered":"","data":[],"text":"","url":"","background_image":"","images":[],"videos":[],"links":[],"blocks":[]}]},"excerpt":{"rendered":"\u00a0 Els d&#8217;Unai Emery jugaran el segon partit de pretemporada contra el conjunt alemany el pr\u00f2xim 22 de juliol","protected":false},"author":1,"featured_media":185507,"comment_status":"","ping_status":"","sticky":false,"template":"","format":"standard","meta":{"_acf_changed":false,"footnotes":""},"categories":[4854],"tags":[12554,12556,9402,13249,13251,9270,5506,9627,9203],"acf":null,"lang":"val","translations":{"val":224182},"essential_grid":{"has_grid":false},"formatted_date":"June 15, 2022","modified_date":"June 15, 2022","permalink":"https:\/\/villarrealcf.es\/val\/el-submari-s-enfrontara-al-borussia-dortmund-en-pretemporada\/","reading_time":1,"featured_media_data":{"id":185507,"title":"||||||","caption":"||||||","alt_text":"","description":"","mime_type":"image\/jpeg","source_url":"https:\/\/villarrealcf.es\/wp-content\/uploads\/2022\/06\/2ac94e5ee9ac7614c07ad19a691a578c.jpg","sizes":{"thumbnail":{"url":"https:\/\/villarrealcf.es\/wp-content\/uploads\/2022\/06\/2ac94e5ee9ac7614c07ad19a691a578c-150x150.jpg","width":150,"height":150},"medium":{"url":"https:\/\/villarrealcf.es\/wp-content\/uploads\/2022\/06\/2ac94e5ee9ac7614c07ad19a691a578c-300x168.jpg","width":300,"height":168},"medium_large":{"url":"https:\/\/villarrealcf.es\/wp-content\/uploads\/2022\/06\/2ac94e5ee9ac7614c07ad19a691a578c-768x431.jpg","width":768,"height":431},"large":{"url":"https:\/\/villarrealcf.es\/wp-content\/uploads\/2022\/06\/2ac94e5ee9ac7614c07ad19a691a578c.jpg","width":770,"height":432},"1536x1536":{"url":"https:\/\/villarrealcf.es\/wp-content\/uploads\/2022\/06\/2ac94e5ee9ac7614c07ad19a691a578c.jpg","width":770,"height":432},"2048x2048":{"url":"https:\/\/villarrealcf.es\/wp-content\/uploads\/2022\/06\/2ac94e5ee9ac7614c07ad19a691a578c.jpg","width":770,"height":432},"tp-image-grid":{"url":"https:\/\/villarrealcf.es\/wp-content\/uploads\/2022\/06\/2ac94e5ee9ac7614c07ad19a691a578c-700x432.jpg","width":700,"height":432},"size-bunyad-medium":{"url":"https:\/\/villarrealcf.es\/wp-content\/uploads\/2022\/06\/2ac94e5ee9ac7614c07ad19a691a578c.jpg","width":770,"height":432},"sportspress-crop-medium":{"url":"https:\/\/villarrealcf.es\/wp-content\/uploads\/2022\/06\/2ac94e5ee9ac7614c07ad19a691a578c-300x300.jpg","width":300,"height":300},"sportspress-fit-medium":{"url":"https:\/\/villarrealcf.es\/wp-content\/uploads\/2022\/06\/2ac94e5ee9ac7614c07ad19a691a578c-300x168.jpg","width":300,"height":168},"sportspress-fit-icon":{"url":"https:\/\/villarrealcf.es\/wp-content\/uploads\/2022\/06\/2ac94e5ee9ac7614c07ad19a691a578c-128x72.jpg","width":128,"height":72},"sportspress-fit-mini":{"url":"https:\/\/villarrealcf.es\/wp-content\/uploads\/2022\/06\/2ac94e5ee9ac7614c07ad19a691a578c-32x18.jpg","width":32,"height":18},"bunyad-small":{"url":"https:\/\/villarrealcf.es\/wp-content\/uploads\/2022\/06\/2ac94e5ee9ac7614c07ad19a691a578c-150x84.jpg","width":150,"height":84},"bunyad-medium":{"url":"https:\/\/villarrealcf.es\/wp-content\/uploads\/2022\/06\/2ac94e5ee9ac7614c07ad19a691a578c-450x252.jpg","width":450,"height":252},"bunyad-full":{"url":"https:\/\/villarrealcf.es\/wp-content\/uploads\/2022\/06\/2ac94e5ee9ac7614c07ad19a691a578c.jpg","width":770,"height":432},"bunyad-viewport":{"url":"https:\/\/villarrealcf.es\/wp-content\/uploads\/2022\/06\/2ac94e5ee9ac7614c07ad19a691a578c.jpg","width":770,"height":432},"bunyad-768":{"url":"https:\/\/villarrealcf.es\/wp-content\/uploads\/2022\/06\/2ac94e5ee9ac7614c07ad19a691a578c-768x431.jpg","width":768,"height":431},"full":{"url":"https:\/\/villarrealcf.es\/wp-content\/uploads\/2022\/06\/2ac94e5ee9ac7614c07ad19a691a578c.jpg","width":770,"height":432}}},"author_data":{"id":"1","name":"root_envidea","first_name":"Villarreal CF","last_name":"","description":"","avatar_url":"https:\/\/secure.gravatar.com\/avatar\/48f95f42a3ccc324f3a3458e4b9e6fb070b083e99d388e170c1afb061fa99b63?s=96&d=mm&r=g","acf":null},"taxonomies_data":{"category":[{"id":4854,"name":"Noticies Generals","slug":"noticies-generals","acf":null}],"post_tag":[{"id":12554,"name":"#Football","slug":"football-val","acf":null},{"id":12556,"name":"#Soccer","slug":"soccer-val","acf":null},{"id":9402,"name":"Amistoso","slug":"amistoso-val","acf":null},{"id":13249,"name":"Borussia Dortmund","slug":"borussia-dortmund-val","acf":null},{"id":13251,"name":"Cashpoint Arena","slug":"cashpoint-arena-val","acf":null},{"id":9270,"name":"Futbol","slug":"futbol-val","acf":null},{"id":5506,"name":"Pretemporada","slug":"pretemporada","acf":null},{"id":9627,"name":"Submarino Amarillo","slug":"submarino-amarillo-val","acf":null},{"id":9203,"name":"Villarreal CF","slug":"villarreal-cf-val","acf":null}],"translation_priority":[{"id":735,"name":"Optional","slug":"optional-val","acf":null}]},"seo_full":{"native":{"title":"El Submar\u00ed s&#8217;enfrontar\u00e0 al Borussia Dortmund en pretemporada - Web Oficial del Villarreal CF","description":"[caption id=\"attachment_185507\" align=\"alignnone\" width=\"\"]||||||[\/caption]\u00a0 Els d'Unai Emery jugaran el segon partit de pretemporada contra el conjunt alemany el pr\u00f2xim 22&hellip;","canonical":"https:\/\/villarrealcf.es\/val\/el-submari-s-enfrontara-al-borussia-dortmund-en-pretemporada\/"}},"_links":{"self":[{"href":"https:\/\/villarrealcf.es\/val\/wp-json\/wp\/v2\/posts\/224182","targetHints":{"allow":["GET"]}}],"collection":[{"href":"https:\/\/villarrealcf.es\/val\/wp-json\/wp\/v2\/posts"}],"about":[{"href":"https:\/\/villarrealcf.es\/val\/wp-json\/wp\/v2\/types\/post"}],"author":[{"embeddable":true,"href":"https:\/\/villarrealcf.es\/val\/wp-json\/wp\/v2\/users\/1"}],"replies":[{"embeddable":true,"href":"https:\/\/villarrealcf.es\/val\/wp-json\/wp\/v2\/comments?post=224182"}],"version-history":[{"count":0,"href":"https:\/\/villarrealcf.es\/val\/wp-json\/wp\/v2\/posts\/224182\/revisions"}],"wp:featuredmedia":[{"embeddable":true,"href":"https:\/\/villarrealcf.es\/val\/wp-json\/wp\/v2\/media\/185507"}],"wp:attachment":[{"href":"https:\/\/villarrealcf.es\/val\/wp-json\/wp\/v2\/media?parent=224182"}],"wp:term":[{"taxonomy":"category","embeddable":true,"href":"https:\/\/villarrealcf.es\/val\/wp-json\/wp\/v2\/categories?post=224182"},{"taxonomy":"post_tag","embeddable":true,"href":"https:\/\/villarrealcf.es\/val\/wp-json\/wp\/v2\/tags?post=224182"}],"curies":[{"name":"wp","href":"https:\/\/api.w.org\/{rel}","templated":true}]}}