{"id":224175,"date":"2022-06-13T15:17:56","date_gmt":"2022-06-13T13:17:56","guid":{"rendered":"https:\/\/villarrealcf.es\/\/comunicat-oficial-cos-tecnic-primer-equip\/"},"modified":"2022-06-13T15:17:56","modified_gmt":"2022-06-13T13:17:56","slug":"comunicat-oficial-cos-tecnic-primer-equip","status":"publish","type":"post","link":"https:\/\/villarrealcf.es\/val\/comunicat-oficial-cos-tecnic-primer-equip\/","title":{"rendered":"Comunicat oficial: cos t\u00e8cnic primer equip"},"content":{"protected":false,"blocks":[{"type":"image","url":"https:\/\/villarrealcf.es\/\/wp-content\/uploads\/2022\/06\/f4372a4301d7bf86c907423bdb94bc77.jpg","alt":"||||","width":1344,"height":756,"srcset":"https:\/\/villarrealcf.es\/wp-content\/uploads\/2022\/06\/f4372a4301d7bf86c907423bdb94bc77.jpg 1344w, https:\/\/villarrealcf.es\/\/wp-content\/uploads\/2022\/06\/f4372a4301d7bf86c907423bdb94bc77.jpg 1920w, https:\/\/villarrealcf.es\/wp-content\/uploads\/2022\/06\/f4372a4301d7bf86c907423bdb94bc77-1024x576.jpg 1024w, https:\/\/villarrealcf.es\/\/wp-content\/uploads\/2022\/06\/f4372a4301d7bf86c907423bdb94bc77.jpg 1920w, https:\/\/villarrealcf.es\/\/wp-content\/uploads\/2022\/06\/f4372a4301d7bf86c907423bdb94bc77.jpg 1920w, https:\/\/villarrealcf.es\/wp-content\/uploads\/2022\/06\/f4372a4301d7bf86c907423bdb94bc77-32x18.jpg 32w, https:\/\/villarrealcf.es\/wp-content\/uploads\/2022\/06\/f4372a4301d7bf86c907423bdb94bc77-150x84.jpg 150w, https:\/\/villarrealcf.es\/\/wp-content\/uploads\/2022\/06\/f4372a4301d7bf86c907423bdb94bc77.jpg 1920w, https:\/\/villarrealcf.es\/wp-content\/uploads\/2022\/06\/f4372a4301d7bf86c907423bdb94bc77-1200x675.jpg 1200w","sizes":"auto, (max-width: 1344px) 100vw, 1344px"},{"type":"paragraph","text":"Pablo Villanueva es converteix en el nou segon entrenador del Villarreal CF"},{"type":"paragraph","text":"El cos t\u00e8cnic del Villarreal CF, encap\u00e7alat per Unai Emery, mant\u00e9 la seua estructura per a la pr\u00f2xima temporada. Pablo Villanueva, qui ja es trobava en l\u2019equip de treball del preparador d\u2019Hondarribia, passa a ser el primer assistent t\u00e8cnic i segon entrenador del club, mentre que Antonio Rodr\u00edguez \u2018Rodri\u2019, el segon assistent t\u00e8cnic."}],"structured":{"summary":{"text":"Pablo Villanueva es converteix en el nou segon entrenador del Villarreal CF El cos t\u00e8cnic del Villarreal CF, encap\u00e7alat per Unai Emery, mant\u00e9 la seua estructura per a la pr\u00f2xima temporada. Pablo Villanueva, qui ja es trobava en l\u2019equip de treball del preparador d\u2019Hondarribia, passa a ser el primer assistent t\u00e8cnic i segon entrenador del club, mentre que Antonio Rodr\u00edguez \u2018Rodri\u2019, el segon assistent t\u00e8cnic.","headings":[],"buttons":[],"images":[{"type":"image","url":"https:\/\/villarrealcf.es\/\/wp-content\/uploads\/2022\/06\/f4372a4301d7bf86c907423bdb94bc77.jpg","alt":"||||","width":1344,"height":756,"srcset":"https:\/\/villarrealcf.es\/wp-content\/uploads\/2022\/06\/f4372a4301d7bf86c907423bdb94bc77.jpg 1344w, https:\/\/villarrealcf.es\/\/wp-content\/uploads\/2022\/06\/f4372a4301d7bf86c907423bdb94bc77.jpg 1920w, https:\/\/villarrealcf.es\/wp-content\/uploads\/2022\/06\/f4372a4301d7bf86c907423bdb94bc77-1024x576.jpg 1024w, https:\/\/villarrealcf.es\/\/wp-content\/uploads\/2022\/06\/f4372a4301d7bf86c907423bdb94bc77.jpg 1920w, https:\/\/villarrealcf.es\/\/wp-content\/uploads\/2022\/06\/f4372a4301d7bf86c907423bdb94bc77.jpg 1920w, https:\/\/villarrealcf.es\/wp-content\/uploads\/2022\/06\/f4372a4301d7bf86c907423bdb94bc77-32x18.jpg 32w, https:\/\/villarrealcf.es\/wp-content\/uploads\/2022\/06\/f4372a4301d7bf86c907423bdb94bc77-150x84.jpg 150w, https:\/\/villarrealcf.es\/\/wp-content\/uploads\/2022\/06\/f4372a4301d7bf86c907423bdb94bc77.jpg 1920w, https:\/\/villarrealcf.es\/wp-content\/uploads\/2022\/06\/f4372a4301d7bf86c907423bdb94bc77-1200x675.jpg 1200w","sizes":"auto, (max-width: 1344px) 100vw, 1344px"}],"counts":{"blocks":3,"headings":0,"texts":2,"buttons":0,"images":1}},"sections":[{"id":"section-1","title":"","text":"Pablo Villanueva es converteix en el nou segon entrenador del Villarreal CF El cos t\u00e8cnic del Villarreal CF, encap\u00e7alat per Unai Emery, mant\u00e9 la seua estructura per a la pr\u00f2xima temporada. Pablo Villanueva, qui ja es trobava en l\u2019equip de treball del preparador d\u2019Hondarribia, passa a ser el primer assistent t\u00e8cnic i segon entrenador del club, mentre que Antonio Rodr\u00edguez \u2018Rodri\u2019, el segon assistent t\u00e8cnic.","headings":[],"texts":[{"type":"paragraph","text":"Pablo Villanueva es converteix en el nou segon entrenador del Villarreal CF"},{"type":"paragraph","text":"El cos t\u00e8cnic del Villarreal CF, encap\u00e7alat per Unai Emery, mant\u00e9 la seua estructura per a la pr\u00f2xima temporada. Pablo Villanueva, qui ja es trobava en l\u2019equip de treball del preparador d\u2019Hondarribia, passa a ser el primer assistent t\u00e8cnic i segon entrenador del club, mentre que Antonio Rodr\u00edguez \u2018Rodri\u2019, el segon assistent t\u00e8cnic."}],"buttons":[],"images":[{"type":"image","url":"https:\/\/villarrealcf.es\/\/wp-content\/uploads\/2022\/06\/f4372a4301d7bf86c907423bdb94bc77.jpg","alt":"||||","width":1344,"height":756,"srcset":"https:\/\/villarrealcf.es\/wp-content\/uploads\/2022\/06\/f4372a4301d7bf86c907423bdb94bc77.jpg 1344w, https:\/\/villarrealcf.es\/\/wp-content\/uploads\/2022\/06\/f4372a4301d7bf86c907423bdb94bc77.jpg 1920w, https:\/\/villarrealcf.es\/wp-content\/uploads\/2022\/06\/f4372a4301d7bf86c907423bdb94bc77-1024x576.jpg 1024w, https:\/\/villarrealcf.es\/\/wp-content\/uploads\/2022\/06\/f4372a4301d7bf86c907423bdb94bc77.jpg 1920w, https:\/\/villarrealcf.es\/\/wp-content\/uploads\/2022\/06\/f4372a4301d7bf86c907423bdb94bc77.jpg 1920w, https:\/\/villarrealcf.es\/wp-content\/uploads\/2022\/06\/f4372a4301d7bf86c907423bdb94bc77-32x18.jpg 32w, https:\/\/villarrealcf.es\/wp-content\/uploads\/2022\/06\/f4372a4301d7bf86c907423bdb94bc77-150x84.jpg 150w, https:\/\/villarrealcf.es\/\/wp-content\/uploads\/2022\/06\/f4372a4301d7bf86c907423bdb94bc77.jpg 1920w, https:\/\/villarrealcf.es\/wp-content\/uploads\/2022\/06\/f4372a4301d7bf86c907423bdb94bc77-1200x675.jpg 1200w","sizes":"auto, (max-width: 1344px) 100vw, 1344px"}],"widgets":[],"blocks":[{"type":"image","url":"https:\/\/villarrealcf.es\/\/wp-content\/uploads\/2022\/06\/f4372a4301d7bf86c907423bdb94bc77.jpg","alt":"||||","width":1344,"height":756,"srcset":"https:\/\/villarrealcf.es\/wp-content\/uploads\/2022\/06\/f4372a4301d7bf86c907423bdb94bc77.jpg 1344w, https:\/\/villarrealcf.es\/\/wp-content\/uploads\/2022\/06\/f4372a4301d7bf86c907423bdb94bc77.jpg 1920w, https:\/\/villarrealcf.es\/wp-content\/uploads\/2022\/06\/f4372a4301d7bf86c907423bdb94bc77-1024x576.jpg 1024w, https:\/\/villarrealcf.es\/\/wp-content\/uploads\/2022\/06\/f4372a4301d7bf86c907423bdb94bc77.jpg 1920w, https:\/\/villarrealcf.es\/\/wp-content\/uploads\/2022\/06\/f4372a4301d7bf86c907423bdb94bc77.jpg 1920w, https:\/\/villarrealcf.es\/wp-content\/uploads\/2022\/06\/f4372a4301d7bf86c907423bdb94bc77-32x18.jpg 32w, https:\/\/villarrealcf.es\/wp-content\/uploads\/2022\/06\/f4372a4301d7bf86c907423bdb94bc77-150x84.jpg 150w, https:\/\/villarrealcf.es\/\/wp-content\/uploads\/2022\/06\/f4372a4301d7bf86c907423bdb94bc77.jpg 1920w, https:\/\/villarrealcf.es\/wp-content\/uploads\/2022\/06\/f4372a4301d7bf86c907423bdb94bc77-1200x675.jpg 1200w","sizes":"auto, (max-width: 1344px) 100vw, 1344px"},{"type":"paragraph","text":"Pablo Villanueva es converteix en el nou segon entrenador del Villarreal CF"},{"type":"paragraph","text":"El cos t\u00e8cnic del Villarreal CF, encap\u00e7alat per Unai Emery, mant\u00e9 la seua estructura per a la pr\u00f2xima temporada. Pablo Villanueva, qui ja es trobava en l\u2019equip de treball del preparador d\u2019Hondarribia, passa a ser el primer assistent t\u00e8cnic i segon entrenador del club, mentre que Antonio Rodr\u00edguez \u2018Rodri\u2019, el segon assistent t\u00e8cnic."}]}],"hero":{"id":"section-1","title":"","text":"Pablo Villanueva es converteix en el nou segon entrenador del Villarreal CF El cos t\u00e8cnic del Villarreal CF, encap\u00e7alat per Unai Emery, mant\u00e9 la seua estructura per a la pr\u00f2xima temporada. Pablo Villanueva, qui ja es trobava en l\u2019equip de treball del preparador d\u2019Hondarribia, passa a ser el primer assistent t\u00e8cnic i segon entrenador del club, mentre que Antonio Rodr\u00edguez \u2018Rodri\u2019, el segon assistent t\u00e8cnic.","headings":[],"texts":[{"type":"paragraph","text":"Pablo Villanueva es converteix en el nou segon entrenador del Villarreal CF"},{"type":"paragraph","text":"El cos t\u00e8cnic del Villarreal CF, encap\u00e7alat per Unai Emery, mant\u00e9 la seua estructura per a la pr\u00f2xima temporada. Pablo Villanueva, qui ja es trobava en l\u2019equip de treball del preparador d\u2019Hondarribia, passa a ser el primer assistent t\u00e8cnic i segon entrenador del club, mentre que Antonio Rodr\u00edguez \u2018Rodri\u2019, el segon assistent t\u00e8cnic."}],"buttons":[],"images":[{"type":"image","url":"https:\/\/villarrealcf.es\/\/wp-content\/uploads\/2022\/06\/f4372a4301d7bf86c907423bdb94bc77.jpg","alt":"||||","width":1344,"height":756,"srcset":"https:\/\/villarrealcf.es\/wp-content\/uploads\/2022\/06\/f4372a4301d7bf86c907423bdb94bc77.jpg 1344w, https:\/\/villarrealcf.es\/\/wp-content\/uploads\/2022\/06\/f4372a4301d7bf86c907423bdb94bc77.jpg 1920w, https:\/\/villarrealcf.es\/wp-content\/uploads\/2022\/06\/f4372a4301d7bf86c907423bdb94bc77-1024x576.jpg 1024w, https:\/\/villarrealcf.es\/\/wp-content\/uploads\/2022\/06\/f4372a4301d7bf86c907423bdb94bc77.jpg 1920w, https:\/\/villarrealcf.es\/\/wp-content\/uploads\/2022\/06\/f4372a4301d7bf86c907423bdb94bc77.jpg 1920w, https:\/\/villarrealcf.es\/wp-content\/uploads\/2022\/06\/f4372a4301d7bf86c907423bdb94bc77-32x18.jpg 32w, https:\/\/villarrealcf.es\/wp-content\/uploads\/2022\/06\/f4372a4301d7bf86c907423bdb94bc77-150x84.jpg 150w, https:\/\/villarrealcf.es\/\/wp-content\/uploads\/2022\/06\/f4372a4301d7bf86c907423bdb94bc77.jpg 1920w, https:\/\/villarrealcf.es\/wp-content\/uploads\/2022\/06\/f4372a4301d7bf86c907423bdb94bc77-1200x675.jpg 1200w","sizes":"auto, (max-width: 1344px) 100vw, 1344px"}],"widgets":[],"blocks":[{"type":"image","url":"https:\/\/villarrealcf.es\/\/wp-content\/uploads\/2022\/06\/f4372a4301d7bf86c907423bdb94bc77.jpg","alt":"||||","width":1344,"height":756,"srcset":"https:\/\/villarrealcf.es\/wp-content\/uploads\/2022\/06\/f4372a4301d7bf86c907423bdb94bc77.jpg 1344w, https:\/\/villarrealcf.es\/\/wp-content\/uploads\/2022\/06\/f4372a4301d7bf86c907423bdb94bc77.jpg 1920w, https:\/\/villarrealcf.es\/wp-content\/uploads\/2022\/06\/f4372a4301d7bf86c907423bdb94bc77-1024x576.jpg 1024w, https:\/\/villarrealcf.es\/\/wp-content\/uploads\/2022\/06\/f4372a4301d7bf86c907423bdb94bc77.jpg 1920w, https:\/\/villarrealcf.es\/\/wp-content\/uploads\/2022\/06\/f4372a4301d7bf86c907423bdb94bc77.jpg 1920w, https:\/\/villarrealcf.es\/wp-content\/uploads\/2022\/06\/f4372a4301d7bf86c907423bdb94bc77-32x18.jpg 32w, https:\/\/villarrealcf.es\/wp-content\/uploads\/2022\/06\/f4372a4301d7bf86c907423bdb94bc77-150x84.jpg 150w, https:\/\/villarrealcf.es\/\/wp-content\/uploads\/2022\/06\/f4372a4301d7bf86c907423bdb94bc77.jpg 1920w, https:\/\/villarrealcf.es\/wp-content\/uploads\/2022\/06\/f4372a4301d7bf86c907423bdb94bc77-1200x675.jpg 1200w","sizes":"auto, (max-width: 1344px) 100vw, 1344px"},{"type":"paragraph","text":"Pablo Villanueva es converteix en el nou segon entrenador del Villarreal CF"},{"type":"paragraph","text":"El cos t\u00e8cnic del Villarreal CF, encap\u00e7alat per Unai Emery, mant\u00e9 la seua estructura per a la pr\u00f2xima temporada. Pablo Villanueva, qui ja es trobava en l\u2019equip de treball del preparador d\u2019Hondarribia, passa a ser el primer assistent t\u00e8cnic i segon entrenador del club, mentre que Antonio Rodr\u00edguez \u2018Rodri\u2019, el segon assistent t\u00e8cnic."}]}},"sections":[{"id":"section-1","title":"","text":"Pablo Villanueva es converteix en el nou segon entrenador del Villarreal CF El cos t\u00e8cnic del Villarreal CF, encap\u00e7alat per Unai Emery, mant\u00e9 la seua estructura per a la pr\u00f2xima temporada. Pablo Villanueva, qui ja es trobava en l\u2019equip de treball del preparador d\u2019Hondarribia, passa a ser el primer assistent t\u00e8cnic i segon entrenador del club, mentre que Antonio Rodr\u00edguez \u2018Rodri\u2019, el segon assistent t\u00e8cnic.","url":"","background_image":"","images":[{"type":"image","url":"https:\/\/villarrealcf.es\/\/wp-content\/uploads\/2022\/06\/f4372a4301d7bf86c907423bdb94bc77.jpg","alt":"||||","width":1344,"height":756,"srcset":"https:\/\/villarrealcf.es\/wp-content\/uploads\/2022\/06\/f4372a4301d7bf86c907423bdb94bc77.jpg 1344w, https:\/\/villarrealcf.es\/\/wp-content\/uploads\/2022\/06\/f4372a4301d7bf86c907423bdb94bc77.jpg 1920w, https:\/\/villarrealcf.es\/wp-content\/uploads\/2022\/06\/f4372a4301d7bf86c907423bdb94bc77-1024x576.jpg 1024w, https:\/\/villarrealcf.es\/\/wp-content\/uploads\/2022\/06\/f4372a4301d7bf86c907423bdb94bc77.jpg 1920w, https:\/\/villarrealcf.es\/\/wp-content\/uploads\/2022\/06\/f4372a4301d7bf86c907423bdb94bc77.jpg 1920w, https:\/\/villarrealcf.es\/wp-content\/uploads\/2022\/06\/f4372a4301d7bf86c907423bdb94bc77-32x18.jpg 32w, https:\/\/villarrealcf.es\/wp-content\/uploads\/2022\/06\/f4372a4301d7bf86c907423bdb94bc77-150x84.jpg 150w, https:\/\/villarrealcf.es\/\/wp-content\/uploads\/2022\/06\/f4372a4301d7bf86c907423bdb94bc77.jpg 1920w, https:\/\/villarrealcf.es\/wp-content\/uploads\/2022\/06\/f4372a4301d7bf86c907423bdb94bc77-1200x675.jpg 1200w","sizes":"auto, (max-width: 1344px) 100vw, 1344px"}],"videos":[],"links":[]},{"id":"shortcode-caption-69f0384e9c9e1","type":"shortcode","shortcode":"caption","attributes":{"id":"attachment_185479","align":"alignnone","width":""},"title":"Caption","rendered":"","data":[],"text":"","url":"","background_image":"","images":[],"videos":[],"links":[],"blocks":[]}]},"excerpt":{"rendered":"Pablo Villanueva es converteix en el nou segon entrenador del Villarreal CF","protected":false},"author":1,"featured_media":185479,"comment_status":"","ping_status":"","sticky":false,"template":"","format":"standard","meta":{"_acf_changed":false,"footnotes":""},"categories":[4854],"tags":[12554,12556,13245,10837,9270,5342,8676,9203],"acf":null,"lang":"val","translations":{"val":224175},"essential_grid":{"has_grid":false},"formatted_date":"June 13, 2022","modified_date":"June 13, 2022","permalink":"https:\/\/villarrealcf.es\/val\/comunicat-oficial-cos-tecnic-primer-equip\/","reading_time":1,"featured_media_data":{"id":185479,"title":"||||","caption":"||||","alt_text":"","description":"","mime_type":"image\/jpeg","source_url":"https:\/\/villarrealcf.es\/wp-content\/uploads\/2022\/06\/f4372a4301d7bf86c907423bdb94bc77.jpg","sizes":{"thumbnail":{"url":"https:\/\/villarrealcf.es\/wp-content\/uploads\/2022\/06\/f4372a4301d7bf86c907423bdb94bc77-150x150.jpg","width":150,"height":150},"medium":{"url":"https:\/\/villarrealcf.es\/wp-content\/uploads\/2022\/06\/f4372a4301d7bf86c907423bdb94bc77-300x169.jpg","width":300,"height":169},"medium_large":{"url":"https:\/\/villarrealcf.es\/wp-content\/uploads\/2022\/06\/f4372a4301d7bf86c907423bdb94bc77-768x432.jpg","width":768,"height":432},"large":{"url":"https:\/\/villarrealcf.es\/wp-content\/uploads\/2022\/06\/f4372a4301d7bf86c907423bdb94bc77-1024x576.jpg","width":788,"height":443},"1536x1536":{"url":"https:\/\/villarrealcf.es\/wp-content\/uploads\/2022\/06\/f4372a4301d7bf86c907423bdb94bc77.jpg","width":1344,"height":756},"2048x2048":{"url":"https:\/\/villarrealcf.es\/wp-content\/uploads\/2022\/06\/f4372a4301d7bf86c907423bdb94bc77.jpg","width":1344,"height":756},"tp-image-grid":{"url":"https:\/\/villarrealcf.es\/wp-content\/uploads\/2022\/06\/f4372a4301d7bf86c907423bdb94bc77-700x700.jpg","width":700,"height":700},"size-bunyad-medium":{"url":"https:\/\/villarrealcf.es\/wp-content\/uploads\/2022\/06\/f4372a4301d7bf86c907423bdb94bc77.jpg","width":1344,"height":756},"sportspress-crop-medium":{"url":"https:\/\/villarrealcf.es\/wp-content\/uploads\/2022\/06\/f4372a4301d7bf86c907423bdb94bc77-300x300.jpg","width":300,"height":300},"sportspress-fit-medium":{"url":"https:\/\/villarrealcf.es\/wp-content\/uploads\/2022\/06\/f4372a4301d7bf86c907423bdb94bc77-300x169.jpg","width":300,"height":169},"sportspress-fit-icon":{"url":"https:\/\/villarrealcf.es\/wp-content\/uploads\/2022\/06\/f4372a4301d7bf86c907423bdb94bc77-128x72.jpg","width":128,"height":72},"sportspress-fit-mini":{"url":"https:\/\/villarrealcf.es\/wp-content\/uploads\/2022\/06\/f4372a4301d7bf86c907423bdb94bc77-32x18.jpg","width":32,"height":18},"bunyad-small":{"url":"https:\/\/villarrealcf.es\/wp-content\/uploads\/2022\/06\/f4372a4301d7bf86c907423bdb94bc77-150x84.jpg","width":150,"height":84},"bunyad-medium":{"url":"https:\/\/villarrealcf.es\/wp-content\/uploads\/2022\/06\/f4372a4301d7bf86c907423bdb94bc77-450x253.jpg","width":450,"height":253},"bunyad-full":{"url":"https:\/\/villarrealcf.es\/wp-content\/uploads\/2022\/06\/f4372a4301d7bf86c907423bdb94bc77-1200x675.jpg","width":1200,"height":675},"bunyad-viewport":{"url":"https:\/\/villarrealcf.es\/wp-content\/uploads\/2022\/06\/f4372a4301d7bf86c907423bdb94bc77.jpg","width":1344,"height":756},"bunyad-768":{"url":"https:\/\/villarrealcf.es\/wp-content\/uploads\/2022\/06\/f4372a4301d7bf86c907423bdb94bc77-768x432.jpg","width":768,"height":432},"full":{"url":"https:\/\/villarrealcf.es\/wp-content\/uploads\/2022\/06\/f4372a4301d7bf86c907423bdb94bc77.jpg","width":1344,"height":756}}},"author_data":{"id":"1","name":"root_envidea","first_name":"Villarreal CF","last_name":"","description":"","avatar_url":"https:\/\/secure.gravatar.com\/avatar\/48f95f42a3ccc324f3a3458e4b9e6fb070b083e99d388e170c1afb061fa99b63?s=96&d=mm&r=g","acf":null},"taxonomies_data":{"category":[{"id":4854,"name":"Noticies Generals","slug":"noticies-generals","acf":null}],"post_tag":[{"id":12554,"name":"#Football","slug":"football-val","acf":null},{"id":12556,"name":"#Soccer","slug":"soccer-val","acf":null},{"id":13245,"name":"Antonio Rodr\u00edguez Saravia","slug":"antonio-rodriguez-saravia-val","acf":null},{"id":10837,"name":"Cuerpo T\u00e9cnico","slug":"cuerpo-tecnico-val","acf":null},{"id":9270,"name":"Futbol","slug":"futbol-val","acf":null},{"id":5342,"name":"Primer Equipo","slug":"primer-equipo","acf":null},{"id":8676,"name":"Unai Emery","slug":"unai-emery","acf":null},{"id":9203,"name":"Villarreal CF","slug":"villarreal-cf-val","acf":null}],"translation_priority":[{"id":735,"name":"Optional","slug":"optional-val","acf":null}]},"seo_full":{"native":{"title":"Comunicat oficial: cos t\u00e8cnic primer equip - Web Oficial del Villarreal CF","description":"[caption id=\"attachment_185479\" align=\"alignnone\" width=\"\"]||||[\/caption]Pablo Villanueva es converteix en el nou segon entrenador del Villarreal CF El cos t\u00e8cnic del Villarreal&hellip;","canonical":"https:\/\/villarrealcf.es\/val\/comunicat-oficial-cos-tecnic-primer-equip\/"}},"_links":{"self":[{"href":"https:\/\/villarrealcf.es\/val\/wp-json\/wp\/v2\/posts\/224175","targetHints":{"allow":["GET"]}}],"collection":[{"href":"https:\/\/villarrealcf.es\/val\/wp-json\/wp\/v2\/posts"}],"about":[{"href":"https:\/\/villarrealcf.es\/val\/wp-json\/wp\/v2\/types\/post"}],"author":[{"embeddable":true,"href":"https:\/\/villarrealcf.es\/val\/wp-json\/wp\/v2\/users\/1"}],"replies":[{"embeddable":true,"href":"https:\/\/villarrealcf.es\/val\/wp-json\/wp\/v2\/comments?post=224175"}],"version-history":[{"count":0,"href":"https:\/\/villarrealcf.es\/val\/wp-json\/wp\/v2\/posts\/224175\/revisions"}],"wp:featuredmedia":[{"embeddable":true,"href":"https:\/\/villarrealcf.es\/val\/wp-json\/wp\/v2\/media\/185479"}],"wp:attachment":[{"href":"https:\/\/villarrealcf.es\/val\/wp-json\/wp\/v2\/media?parent=224175"}],"wp:term":[{"taxonomy":"category","embeddable":true,"href":"https:\/\/villarrealcf.es\/val\/wp-json\/wp\/v2\/categories?post=224175"},{"taxonomy":"post_tag","embeddable":true,"href":"https:\/\/villarrealcf.es\/val\/wp-json\/wp\/v2\/tags?post=224175"}],"curies":[{"name":"wp","href":"https:\/\/api.w.org\/{rel}","templated":true}]}}