{"id":224062,"date":"2022-05-31T11:39:47","date_gmt":"2022-05-31T09:39:47","guid":{"rendered":"https:\/\/villarrealcf.es\/\/nerea-perez-qualitat-defensiva-fins-al-2023\/"},"modified":"2022-05-31T11:39:47","modified_gmt":"2022-05-31T09:39:47","slug":"nerea-perez-qualitat-defensiva-fins-al-2023","status":"publish","type":"post","link":"https:\/\/villarrealcf.es\/val\/nerea-perez-qualitat-defensiva-fins-al-2023\/","title":{"rendered":"Nerea P\u00e9rez, qualitat defensiva fins al 2023"},"content":{"protected":false,"blocks":[{"type":"image","url":"https:\/\/villarrealcf.es\/\/wp-content\/uploads\/2022\/05\/cbbea39ac080eb07cc8222fdcaef9ab4.jpg","alt":"||||","width":819,"height":460,"srcset":"https:\/\/villarrealcf.es\/wp-content\/uploads\/2022\/05\/cbbea39ac080eb07cc8222fdcaef9ab4.jpg 819w, https:\/\/villarrealcf.es\/\/wp-content\/uploads\/2022\/05\/cbbea39ac080eb07cc8222fdcaef9ab4.jpg 1920w, https:\/\/villarrealcf.es\/\/wp-content\/uploads\/2022\/05\/cbbea39ac080eb07cc8222fdcaef9ab4.jpg 1920w, https:\/\/villarrealcf.es\/\/wp-content\/uploads\/2022\/05\/cbbea39ac080eb07cc8222fdcaef9ab4.jpg 1920w, https:\/\/villarrealcf.es\/wp-content\/uploads\/2022\/05\/cbbea39ac080eb07cc8222fdcaef9ab4-32x18.jpg 32w, https:\/\/villarrealcf.es\/wp-content\/uploads\/2022\/05\/cbbea39ac080eb07cc8222fdcaef9ab4-150x84.jpg 150w, https:\/\/villarrealcf.es\/\/wp-content\/uploads\/2022\/05\/cbbea39ac080eb07cc8222fdcaef9ab4.jpg 1920w","sizes":"auto, (max-width: 819px) 100vw, 819px"},{"type":"paragraph","text":"La defensa alacantina signa la seua continu\u00eftat amb el Villarreal Femen\u00ed"},{"type":"paragraph","text":"El Villarreal CF i Nerea P\u00e9rez Machado (11\/01\/1994, Benidorm, Alacant) han aconseguit un acord de renovaci\u00f3 perqu\u00e8 la defensa alacantina continu\u00ef defensant la samarreta del Villarreal Femen\u00ed durant la temporada que ve. Aix\u00ed, Nerea seguir\u00e0 vinculada al Villarreal CF fins al 30 de juny del 2023."},{"type":"paragraph","text":"La lateral dret de Benidorm va aterrar al Villarreal Femen\u00ed en aquesta temporada, refor\u00e7ant la defensa del conjunt groguet. A m\u00e9s, la de Benidorm \u00e9s capa\u00e7 d\u2019incorporar-se a la zona d\u2019atac per desequilibrar el joc rival. Nerea, en el debut del Villarreal Femen\u00ed a Primera Iberdrola, ha disputat un total de 26 partits, sent titular en 24 d\u2019ells."},{"type":"paragraph","text":"La defensa alacantina es converteix aix\u00ed en la onzena jugadora del Villarreal Femen\u00ed de cara a la temporada 2022\/23. A Nerea P\u00e9rez cal sumar-hi els noms de Tere Morat\u00f3, Sheila Guijarro, Lara Mata, Irene Migu\u00e9lez, Vera Rico, Elena de Toro, Bel\u00e9n Mart\u00ednez, Yenifer Gim\u00e9nez, Mar\u00eda Cienfuegos i Paola Soldevila."}],"structured":{"summary":{"text":"La defensa alacantina signa la seua continu\u00eftat amb el Villarreal Femen\u00ed El Villarreal CF i Nerea P\u00e9rez Machado (11\/01\/1994, Benidorm, Alacant) han aconseguit un acord de renovaci\u00f3 perqu\u00e8 la defensa alacantina continu\u00ef defensant la samarreta del Villarreal Femen\u00ed durant la temporada que ve. Aix\u00ed, Nerea seguir\u00e0 vinculada al Villarreal CF fins al 30 de juny del 2023. La lateral dret de Benidorm va aterrar al Villarreal Femen\u00ed en aquesta temporada, refor\u00e7ant la defensa del conjunt groguet. A m\u00e9s, la de Benidorm \u00e9s capa\u00e7 d\u2019incorporar-se a la zona d\u2019atac per desequilibrar el joc rival. Nerea, en el debut del Villarreal Femen\u00ed a Primera Iberdrola, ha disputat un total de 26 partits, sent titular en 24 d\u2019ells. La defensa alacantina es converteix aix\u00ed en la onzena jugadora del Villarreal Femen\u00ed de cara a la temporada 2022\/23. A Nerea P\u00e9rez cal sumar-hi els noms de Tere Morat\u00f3, Sheila Guijarro, Lara Mata, Irene Migu\u00e9lez, Vera Rico, Elena de Toro, Bel\u00e9n Mart\u00ednez, Yenifer Gim\u00e9nez, Mar\u00eda Cienfuegos i Paola Soldevila.","headings":[],"buttons":[],"images":[{"type":"image","url":"https:\/\/villarrealcf.es\/\/wp-content\/uploads\/2022\/05\/cbbea39ac080eb07cc8222fdcaef9ab4.jpg","alt":"||||","width":819,"height":460,"srcset":"https:\/\/villarrealcf.es\/wp-content\/uploads\/2022\/05\/cbbea39ac080eb07cc8222fdcaef9ab4.jpg 819w, https:\/\/villarrealcf.es\/\/wp-content\/uploads\/2022\/05\/cbbea39ac080eb07cc8222fdcaef9ab4.jpg 1920w, https:\/\/villarrealcf.es\/\/wp-content\/uploads\/2022\/05\/cbbea39ac080eb07cc8222fdcaef9ab4.jpg 1920w, https:\/\/villarrealcf.es\/\/wp-content\/uploads\/2022\/05\/cbbea39ac080eb07cc8222fdcaef9ab4.jpg 1920w, https:\/\/villarrealcf.es\/wp-content\/uploads\/2022\/05\/cbbea39ac080eb07cc8222fdcaef9ab4-32x18.jpg 32w, https:\/\/villarrealcf.es\/wp-content\/uploads\/2022\/05\/cbbea39ac080eb07cc8222fdcaef9ab4-150x84.jpg 150w, https:\/\/villarrealcf.es\/\/wp-content\/uploads\/2022\/05\/cbbea39ac080eb07cc8222fdcaef9ab4.jpg 1920w","sizes":"auto, (max-width: 819px) 100vw, 819px"}],"counts":{"blocks":5,"headings":0,"texts":4,"buttons":0,"images":1}},"sections":[{"id":"section-1","title":"","text":"La defensa alacantina signa la seua continu\u00eftat amb el Villarreal Femen\u00ed El Villarreal CF i Nerea P\u00e9rez Machado (11\/01\/1994, Benidorm, Alacant) han aconseguit un acord de renovaci\u00f3 perqu\u00e8 la defensa alacantina continu\u00ef defensant la samarreta del Villarreal Femen\u00ed durant la temporada que ve. Aix\u00ed, Nerea seguir\u00e0 vinculada al Villarreal CF fins al 30 de juny del 2023. La lateral dret de Benidorm va aterrar al Villarreal Femen\u00ed en aquesta temporada, refor\u00e7ant la defensa del conjunt groguet. A m\u00e9s, la de Benidorm \u00e9s capa\u00e7 d\u2019incorporar-se a la zona d\u2019atac per desequilibrar el joc rival. Nerea, en el debut del Villarreal Femen\u00ed a Primera Iberdrola, ha disputat un total de 26 partits, sent titular en 24 d\u2019ells. La defensa alacantina es converteix aix\u00ed en la onzena jugadora del Villarreal Femen\u00ed de cara a la temporada 2022\/23. A Nerea P\u00e9rez cal sumar-hi els noms de Tere Morat\u00f3, Sheila Guijarro, Lara Mata, Irene Migu\u00e9lez, Vera Rico, Elena de Toro, Bel\u00e9n Mart\u00ednez, Yenifer Gim\u00e9nez, Mar\u00eda Cienfuegos i Paola Soldevila.","headings":[],"texts":[{"type":"paragraph","text":"La defensa alacantina signa la seua continu\u00eftat amb el Villarreal Femen\u00ed"},{"type":"paragraph","text":"El Villarreal CF i Nerea P\u00e9rez Machado (11\/01\/1994, Benidorm, Alacant) han aconseguit un acord de renovaci\u00f3 perqu\u00e8 la defensa alacantina continu\u00ef defensant la samarreta del Villarreal Femen\u00ed durant la temporada que ve. Aix\u00ed, Nerea seguir\u00e0 vinculada al Villarreal CF fins al 30 de juny del 2023."},{"type":"paragraph","text":"La lateral dret de Benidorm va aterrar al Villarreal Femen\u00ed en aquesta temporada, refor\u00e7ant la defensa del conjunt groguet. A m\u00e9s, la de Benidorm \u00e9s capa\u00e7 d\u2019incorporar-se a la zona d\u2019atac per desequilibrar el joc rival. Nerea, en el debut del Villarreal Femen\u00ed a Primera Iberdrola, ha disputat un total de 26 partits, sent titular en 24 d\u2019ells."},{"type":"paragraph","text":"La defensa alacantina es converteix aix\u00ed en la onzena jugadora del Villarreal Femen\u00ed de cara a la temporada 2022\/23. A Nerea P\u00e9rez cal sumar-hi els noms de Tere Morat\u00f3, Sheila Guijarro, Lara Mata, Irene Migu\u00e9lez, Vera Rico, Elena de Toro, Bel\u00e9n Mart\u00ednez, Yenifer Gim\u00e9nez, Mar\u00eda Cienfuegos i Paola Soldevila."}],"buttons":[],"images":[{"type":"image","url":"https:\/\/villarrealcf.es\/\/wp-content\/uploads\/2022\/05\/cbbea39ac080eb07cc8222fdcaef9ab4.jpg","alt":"||||","width":819,"height":460,"srcset":"https:\/\/villarrealcf.es\/wp-content\/uploads\/2022\/05\/cbbea39ac080eb07cc8222fdcaef9ab4.jpg 819w, https:\/\/villarrealcf.es\/\/wp-content\/uploads\/2022\/05\/cbbea39ac080eb07cc8222fdcaef9ab4.jpg 1920w, https:\/\/villarrealcf.es\/\/wp-content\/uploads\/2022\/05\/cbbea39ac080eb07cc8222fdcaef9ab4.jpg 1920w, https:\/\/villarrealcf.es\/\/wp-content\/uploads\/2022\/05\/cbbea39ac080eb07cc8222fdcaef9ab4.jpg 1920w, https:\/\/villarrealcf.es\/wp-content\/uploads\/2022\/05\/cbbea39ac080eb07cc8222fdcaef9ab4-32x18.jpg 32w, https:\/\/villarrealcf.es\/wp-content\/uploads\/2022\/05\/cbbea39ac080eb07cc8222fdcaef9ab4-150x84.jpg 150w, https:\/\/villarrealcf.es\/\/wp-content\/uploads\/2022\/05\/cbbea39ac080eb07cc8222fdcaef9ab4.jpg 1920w","sizes":"auto, (max-width: 819px) 100vw, 819px"}],"widgets":[],"blocks":[{"type":"image","url":"https:\/\/villarrealcf.es\/\/wp-content\/uploads\/2022\/05\/cbbea39ac080eb07cc8222fdcaef9ab4.jpg","alt":"||||","width":819,"height":460,"srcset":"https:\/\/villarrealcf.es\/wp-content\/uploads\/2022\/05\/cbbea39ac080eb07cc8222fdcaef9ab4.jpg 819w, https:\/\/villarrealcf.es\/\/wp-content\/uploads\/2022\/05\/cbbea39ac080eb07cc8222fdcaef9ab4.jpg 1920w, https:\/\/villarrealcf.es\/\/wp-content\/uploads\/2022\/05\/cbbea39ac080eb07cc8222fdcaef9ab4.jpg 1920w, https:\/\/villarrealcf.es\/\/wp-content\/uploads\/2022\/05\/cbbea39ac080eb07cc8222fdcaef9ab4.jpg 1920w, https:\/\/villarrealcf.es\/wp-content\/uploads\/2022\/05\/cbbea39ac080eb07cc8222fdcaef9ab4-32x18.jpg 32w, https:\/\/villarrealcf.es\/wp-content\/uploads\/2022\/05\/cbbea39ac080eb07cc8222fdcaef9ab4-150x84.jpg 150w, https:\/\/villarrealcf.es\/\/wp-content\/uploads\/2022\/05\/cbbea39ac080eb07cc8222fdcaef9ab4.jpg 1920w","sizes":"auto, (max-width: 819px) 100vw, 819px"},{"type":"paragraph","text":"La defensa alacantina signa la seua continu\u00eftat amb el Villarreal Femen\u00ed"},{"type":"paragraph","text":"El Villarreal CF i Nerea P\u00e9rez Machado (11\/01\/1994, Benidorm, Alacant) han aconseguit un acord de renovaci\u00f3 perqu\u00e8 la defensa alacantina continu\u00ef defensant la samarreta del Villarreal Femen\u00ed durant la temporada que ve. Aix\u00ed, Nerea seguir\u00e0 vinculada al Villarreal CF fins al 30 de juny del 2023."},{"type":"paragraph","text":"La lateral dret de Benidorm va aterrar al Villarreal Femen\u00ed en aquesta temporada, refor\u00e7ant la defensa del conjunt groguet. A m\u00e9s, la de Benidorm \u00e9s capa\u00e7 d\u2019incorporar-se a la zona d\u2019atac per desequilibrar el joc rival. Nerea, en el debut del Villarreal Femen\u00ed a Primera Iberdrola, ha disputat un total de 26 partits, sent titular en 24 d\u2019ells."},{"type":"paragraph","text":"La defensa alacantina es converteix aix\u00ed en la onzena jugadora del Villarreal Femen\u00ed de cara a la temporada 2022\/23. A Nerea P\u00e9rez cal sumar-hi els noms de Tere Morat\u00f3, Sheila Guijarro, Lara Mata, Irene Migu\u00e9lez, Vera Rico, Elena de Toro, Bel\u00e9n Mart\u00ednez, Yenifer Gim\u00e9nez, Mar\u00eda Cienfuegos i Paola Soldevila."}]}],"hero":{"id":"section-1","title":"","text":"La defensa alacantina signa la seua continu\u00eftat amb el Villarreal Femen\u00ed El Villarreal CF i Nerea P\u00e9rez Machado (11\/01\/1994, Benidorm, Alacant) han aconseguit un acord de renovaci\u00f3 perqu\u00e8 la defensa alacantina continu\u00ef defensant la samarreta del Villarreal Femen\u00ed durant la temporada que ve. Aix\u00ed, Nerea seguir\u00e0 vinculada al Villarreal CF fins al 30 de juny del 2023. La lateral dret de Benidorm va aterrar al Villarreal Femen\u00ed en aquesta temporada, refor\u00e7ant la defensa del conjunt groguet. A m\u00e9s, la de Benidorm \u00e9s capa\u00e7 d\u2019incorporar-se a la zona d\u2019atac per desequilibrar el joc rival. Nerea, en el debut del Villarreal Femen\u00ed a Primera Iberdrola, ha disputat un total de 26 partits, sent titular en 24 d\u2019ells. La defensa alacantina es converteix aix\u00ed en la onzena jugadora del Villarreal Femen\u00ed de cara a la temporada 2022\/23. A Nerea P\u00e9rez cal sumar-hi els noms de Tere Morat\u00f3, Sheila Guijarro, Lara Mata, Irene Migu\u00e9lez, Vera Rico, Elena de Toro, Bel\u00e9n Mart\u00ednez, Yenifer Gim\u00e9nez, Mar\u00eda Cienfuegos i Paola Soldevila.","headings":[],"texts":[{"type":"paragraph","text":"La defensa alacantina signa la seua continu\u00eftat amb el Villarreal Femen\u00ed"},{"type":"paragraph","text":"El Villarreal CF i Nerea P\u00e9rez Machado (11\/01\/1994, Benidorm, Alacant) han aconseguit un acord de renovaci\u00f3 perqu\u00e8 la defensa alacantina continu\u00ef defensant la samarreta del Villarreal Femen\u00ed durant la temporada que ve. Aix\u00ed, Nerea seguir\u00e0 vinculada al Villarreal CF fins al 30 de juny del 2023."},{"type":"paragraph","text":"La lateral dret de Benidorm va aterrar al Villarreal Femen\u00ed en aquesta temporada, refor\u00e7ant la defensa del conjunt groguet. A m\u00e9s, la de Benidorm \u00e9s capa\u00e7 d\u2019incorporar-se a la zona d\u2019atac per desequilibrar el joc rival. Nerea, en el debut del Villarreal Femen\u00ed a Primera Iberdrola, ha disputat un total de 26 partits, sent titular en 24 d\u2019ells."},{"type":"paragraph","text":"La defensa alacantina es converteix aix\u00ed en la onzena jugadora del Villarreal Femen\u00ed de cara a la temporada 2022\/23. A Nerea P\u00e9rez cal sumar-hi els noms de Tere Morat\u00f3, Sheila Guijarro, Lara Mata, Irene Migu\u00e9lez, Vera Rico, Elena de Toro, Bel\u00e9n Mart\u00ednez, Yenifer Gim\u00e9nez, Mar\u00eda Cienfuegos i Paola Soldevila."}],"buttons":[],"images":[{"type":"image","url":"https:\/\/villarrealcf.es\/\/wp-content\/uploads\/2022\/05\/cbbea39ac080eb07cc8222fdcaef9ab4.jpg","alt":"||||","width":819,"height":460,"srcset":"https:\/\/villarrealcf.es\/wp-content\/uploads\/2022\/05\/cbbea39ac080eb07cc8222fdcaef9ab4.jpg 819w, https:\/\/villarrealcf.es\/\/wp-content\/uploads\/2022\/05\/cbbea39ac080eb07cc8222fdcaef9ab4.jpg 1920w, https:\/\/villarrealcf.es\/\/wp-content\/uploads\/2022\/05\/cbbea39ac080eb07cc8222fdcaef9ab4.jpg 1920w, https:\/\/villarrealcf.es\/\/wp-content\/uploads\/2022\/05\/cbbea39ac080eb07cc8222fdcaef9ab4.jpg 1920w, https:\/\/villarrealcf.es\/wp-content\/uploads\/2022\/05\/cbbea39ac080eb07cc8222fdcaef9ab4-32x18.jpg 32w, https:\/\/villarrealcf.es\/wp-content\/uploads\/2022\/05\/cbbea39ac080eb07cc8222fdcaef9ab4-150x84.jpg 150w, https:\/\/villarrealcf.es\/\/wp-content\/uploads\/2022\/05\/cbbea39ac080eb07cc8222fdcaef9ab4.jpg 1920w","sizes":"auto, (max-width: 819px) 100vw, 819px"}],"widgets":[],"blocks":[{"type":"image","url":"https:\/\/villarrealcf.es\/\/wp-content\/uploads\/2022\/05\/cbbea39ac080eb07cc8222fdcaef9ab4.jpg","alt":"||||","width":819,"height":460,"srcset":"https:\/\/villarrealcf.es\/wp-content\/uploads\/2022\/05\/cbbea39ac080eb07cc8222fdcaef9ab4.jpg 819w, https:\/\/villarrealcf.es\/\/wp-content\/uploads\/2022\/05\/cbbea39ac080eb07cc8222fdcaef9ab4.jpg 1920w, https:\/\/villarrealcf.es\/\/wp-content\/uploads\/2022\/05\/cbbea39ac080eb07cc8222fdcaef9ab4.jpg 1920w, https:\/\/villarrealcf.es\/\/wp-content\/uploads\/2022\/05\/cbbea39ac080eb07cc8222fdcaef9ab4.jpg 1920w, https:\/\/villarrealcf.es\/wp-content\/uploads\/2022\/05\/cbbea39ac080eb07cc8222fdcaef9ab4-32x18.jpg 32w, https:\/\/villarrealcf.es\/wp-content\/uploads\/2022\/05\/cbbea39ac080eb07cc8222fdcaef9ab4-150x84.jpg 150w, https:\/\/villarrealcf.es\/\/wp-content\/uploads\/2022\/05\/cbbea39ac080eb07cc8222fdcaef9ab4.jpg 1920w","sizes":"auto, (max-width: 819px) 100vw, 819px"},{"type":"paragraph","text":"La defensa alacantina signa la seua continu\u00eftat amb el Villarreal Femen\u00ed"},{"type":"paragraph","text":"El Villarreal CF i Nerea P\u00e9rez Machado (11\/01\/1994, Benidorm, Alacant) han aconseguit un acord de renovaci\u00f3 perqu\u00e8 la defensa alacantina continu\u00ef defensant la samarreta del Villarreal Femen\u00ed durant la temporada que ve. Aix\u00ed, Nerea seguir\u00e0 vinculada al Villarreal CF fins al 30 de juny del 2023."},{"type":"paragraph","text":"La lateral dret de Benidorm va aterrar al Villarreal Femen\u00ed en aquesta temporada, refor\u00e7ant la defensa del conjunt groguet. A m\u00e9s, la de Benidorm \u00e9s capa\u00e7 d\u2019incorporar-se a la zona d\u2019atac per desequilibrar el joc rival. Nerea, en el debut del Villarreal Femen\u00ed a Primera Iberdrola, ha disputat un total de 26 partits, sent titular en 24 d\u2019ells."},{"type":"paragraph","text":"La defensa alacantina es converteix aix\u00ed en la onzena jugadora del Villarreal Femen\u00ed de cara a la temporada 2022\/23. A Nerea P\u00e9rez cal sumar-hi els noms de Tere Morat\u00f3, Sheila Guijarro, Lara Mata, Irene Migu\u00e9lez, Vera Rico, Elena de Toro, Bel\u00e9n Mart\u00ednez, Yenifer Gim\u00e9nez, Mar\u00eda Cienfuegos i Paola Soldevila."}]}},"sections":[{"id":"section-1","title":"","text":"La defensa alacantina signa la seua continu\u00eftat amb el Villarreal Femen\u00ed El Villarreal CF i Nerea P\u00e9rez Machado (11\/01\/1994, Benidorm, Alacant) han aconseguit un acord de renovaci\u00f3 perqu\u00e8 la defensa alacantina continu\u00ef defensant la samarreta del Villarreal Femen\u00ed durant la temporada que ve. Aix\u00ed, Nerea seguir\u00e0 vinculada al Villarreal CF fins al 30 de juny del 2023. La lateral dret de Benidorm va aterrar al Villarreal Femen\u00ed en aquesta temporada, refor\u00e7ant la defensa del conjunt groguet. A m\u00e9s, la de Benidorm \u00e9s capa\u00e7 d\u2019incorporar-se a la zona d\u2019atac per desequilibrar el joc rival. Nerea, en el debut del Villarreal Femen\u00ed a Primera Iberdrola, ha disputat un total de 26 partits, sent titular en 24 d\u2019ells. La defensa alacantina es converteix aix\u00ed en la onzena jugadora del Villarreal Femen\u00ed de cara a la temporada 2022\/23. A Nerea P\u00e9rez cal sumar-hi els noms de Tere Morat\u00f3, Sheila Guijarro, Lara Mata, Irene Migu\u00e9lez, Vera Rico, Elena de Toro, Bel\u00e9n Mart\u00ednez, Yenifer Gim\u00e9nez, Mar\u00eda Cienfuegos i Paola Soldevila.","url":"","background_image":"","images":[{"type":"image","url":"https:\/\/villarrealcf.es\/\/wp-content\/uploads\/2022\/05\/cbbea39ac080eb07cc8222fdcaef9ab4.jpg","alt":"||||","width":819,"height":460,"srcset":"https:\/\/villarrealcf.es\/wp-content\/uploads\/2022\/05\/cbbea39ac080eb07cc8222fdcaef9ab4.jpg 819w, https:\/\/villarrealcf.es\/\/wp-content\/uploads\/2022\/05\/cbbea39ac080eb07cc8222fdcaef9ab4.jpg 1920w, https:\/\/villarrealcf.es\/\/wp-content\/uploads\/2022\/05\/cbbea39ac080eb07cc8222fdcaef9ab4.jpg 1920w, https:\/\/villarrealcf.es\/\/wp-content\/uploads\/2022\/05\/cbbea39ac080eb07cc8222fdcaef9ab4.jpg 1920w, https:\/\/villarrealcf.es\/wp-content\/uploads\/2022\/05\/cbbea39ac080eb07cc8222fdcaef9ab4-32x18.jpg 32w, https:\/\/villarrealcf.es\/wp-content\/uploads\/2022\/05\/cbbea39ac080eb07cc8222fdcaef9ab4-150x84.jpg 150w, https:\/\/villarrealcf.es\/\/wp-content\/uploads\/2022\/05\/cbbea39ac080eb07cc8222fdcaef9ab4.jpg 1920w","sizes":"auto, (max-width: 819px) 100vw, 819px"}],"videos":[],"links":[]},{"id":"shortcode-caption-69eed971254b5","type":"shortcode","shortcode":"caption","attributes":{"id":"attachment_185021","align":"alignnone","width":""},"title":"Caption","rendered":"","data":[],"text":"","url":"","background_image":"","images":[],"videos":[],"links":[],"blocks":[]}]},"excerpt":{"rendered":"La defensa alacantina signa la seua\u00a0continu\u00eftat amb el Villarreal Femen\u00ed","protected":false},"author":29,"featured_media":185021,"comment_status":"","ping_status":"","sticky":false,"template":"","format":"standard","meta":{"_acf_changed":false,"footnotes":""},"categories":[4862],"tags":[12554,12556,9434,9270,5850,12753,12807,10042,9205,12213,9203,12685],"acf":null,"lang":"val","translations":{"val":224062},"essential_grid":{"has_grid":false},"formatted_date":"May 31, 2022","modified_date":"May 31, 2022","permalink":"https:\/\/villarrealcf.es\/val\/nerea-perez-qualitat-defensiva-fins-al-2023\/","reading_time":1,"featured_media_data":{"id":185021,"title":"||||","caption":"||||","alt_text":"","description":"","mime_type":"image\/jpeg","source_url":"https:\/\/villarrealcf.es\/wp-content\/uploads\/2022\/05\/cbbea39ac080eb07cc8222fdcaef9ab4.jpg","sizes":{"thumbnail":{"url":"https:\/\/villarrealcf.es\/wp-content\/uploads\/2022\/05\/cbbea39ac080eb07cc8222fdcaef9ab4-150x150.jpg","width":150,"height":150},"medium":{"url":"https:\/\/villarrealcf.es\/wp-content\/uploads\/2022\/05\/cbbea39ac080eb07cc8222fdcaef9ab4-300x168.jpg","width":300,"height":168},"medium_large":{"url":"https:\/\/villarrealcf.es\/wp-content\/uploads\/2022\/05\/cbbea39ac080eb07cc8222fdcaef9ab4-768x431.jpg","width":768,"height":431},"large":{"url":"https:\/\/villarrealcf.es\/wp-content\/uploads\/2022\/05\/cbbea39ac080eb07cc8222fdcaef9ab4.jpg","width":788,"height":443},"1536x1536":{"url":"https:\/\/villarrealcf.es\/wp-content\/uploads\/2022\/05\/cbbea39ac080eb07cc8222fdcaef9ab4.jpg","width":819,"height":460},"2048x2048":{"url":"https:\/\/villarrealcf.es\/wp-content\/uploads\/2022\/05\/cbbea39ac080eb07cc8222fdcaef9ab4.jpg","width":819,"height":460},"tp-image-grid":{"url":"https:\/\/villarrealcf.es\/wp-content\/uploads\/2022\/05\/cbbea39ac080eb07cc8222fdcaef9ab4-700x460.jpg","width":700,"height":460},"size-bunyad-medium":{"url":"https:\/\/villarrealcf.es\/wp-content\/uploads\/2022\/05\/cbbea39ac080eb07cc8222fdcaef9ab4.jpg","width":819,"height":460},"sportspress-crop-medium":{"url":"https:\/\/villarrealcf.es\/wp-content\/uploads\/2022\/05\/cbbea39ac080eb07cc8222fdcaef9ab4-300x300.jpg","width":300,"height":300},"sportspress-fit-medium":{"url":"https:\/\/villarrealcf.es\/wp-content\/uploads\/2022\/05\/cbbea39ac080eb07cc8222fdcaef9ab4-300x168.jpg","width":300,"height":168},"sportspress-fit-icon":{"url":"https:\/\/villarrealcf.es\/wp-content\/uploads\/2022\/05\/cbbea39ac080eb07cc8222fdcaef9ab4-128x72.jpg","width":128,"height":72},"sportspress-fit-mini":{"url":"https:\/\/villarrealcf.es\/wp-content\/uploads\/2022\/05\/cbbea39ac080eb07cc8222fdcaef9ab4-32x18.jpg","width":32,"height":18},"bunyad-small":{"url":"https:\/\/villarrealcf.es\/wp-content\/uploads\/2022\/05\/cbbea39ac080eb07cc8222fdcaef9ab4-150x84.jpg","width":150,"height":84},"bunyad-medium":{"url":"https:\/\/villarrealcf.es\/wp-content\/uploads\/2022\/05\/cbbea39ac080eb07cc8222fdcaef9ab4-450x253.jpg","width":450,"height":253},"bunyad-full":{"url":"https:\/\/villarrealcf.es\/wp-content\/uploads\/2022\/05\/cbbea39ac080eb07cc8222fdcaef9ab4.jpg","width":819,"height":460},"bunyad-viewport":{"url":"https:\/\/villarrealcf.es\/wp-content\/uploads\/2022\/05\/cbbea39ac080eb07cc8222fdcaef9ab4.jpg","width":819,"height":460},"bunyad-768":{"url":"https:\/\/villarrealcf.es\/wp-content\/uploads\/2022\/05\/cbbea39ac080eb07cc8222fdcaef9ab4-768x431.jpg","width":768,"height":431},"full":{"url":"https:\/\/villarrealcf.es\/wp-content\/uploads\/2022\/05\/cbbea39ac080eb07cc8222fdcaef9ab4.jpg","width":819,"height":460}}},"author_data":{"id":"29","name":"Azahara Beroy","first_name":"Azahara","last_name":"Beroy","description":"","avatar_url":"https:\/\/secure.gravatar.com\/avatar\/91b979a91a1925e60814719244bbf7824af58ced5a6e2130c2611bde24439aa7?s=96&d=mm&r=g","acf":null},"taxonomies_data":{"category":[{"id":4862,"name":"Futbol femen\u00ed","slug":"futbol-femeni","acf":null}],"post_tag":[{"id":12554,"name":"#Football","slug":"football-val","acf":null},{"id":12556,"name":"#Soccer","slug":"soccer-val","acf":null},{"id":9434,"name":"Femenino A","slug":"femenino-a-val","acf":null},{"id":9270,"name":"Futbol","slug":"futbol-val","acf":null},{"id":5850,"name":"F\u00fatbol Femenino Val","slug":"futbol-femenino-val","acf":null},{"id":12753,"name":"Nerea P\u00e9rez","slug":"nerea-perez-val","acf":null},{"id":12807,"name":"Primera Iberdrola","slug":"primera-iberdrola-val","acf":null},{"id":10042,"name":"Renovaci\u00f3n","slug":"renovacion-val","acf":null},{"id":9205,"name":"Submarino","slug":"submarino-val","acf":null},{"id":12213,"name":"Teika","slug":"teika-val","acf":null},{"id":9203,"name":"Villarreal CF","slug":"villarreal-cf-val","acf":null},{"id":12685,"name":"Villarreal Femenino","slug":"villarreal-femenino-val","acf":null}],"translation_priority":[{"id":735,"name":"Optional","slug":"optional-val","acf":null}]},"seo_full":{"native":{"title":"Nerea P\u00e9rez, qualitat defensiva fins al 2023 - Web Oficial del Villarreal CF","description":"[caption id=\"attachment_185021\" align=\"alignnone\" width=\"\"]||||[\/caption]La defensa alacantina signa la seua\u00a0continu\u00eftat amb el Villarreal Femen\u00ed El Villarreal CF i Nerea P\u00e9rez Machado&hellip;","canonical":"https:\/\/villarrealcf.es\/val\/nerea-perez-qualitat-defensiva-fins-al-2023\/"}},"_links":{"self":[{"href":"https:\/\/villarrealcf.es\/val\/wp-json\/wp\/v2\/posts\/224062","targetHints":{"allow":["GET"]}}],"collection":[{"href":"https:\/\/villarrealcf.es\/val\/wp-json\/wp\/v2\/posts"}],"about":[{"href":"https:\/\/villarrealcf.es\/val\/wp-json\/wp\/v2\/types\/post"}],"author":[{"embeddable":true,"href":"https:\/\/villarrealcf.es\/val\/wp-json\/wp\/v2\/users\/29"}],"replies":[{"embeddable":true,"href":"https:\/\/villarrealcf.es\/val\/wp-json\/wp\/v2\/comments?post=224062"}],"version-history":[{"count":0,"href":"https:\/\/villarrealcf.es\/val\/wp-json\/wp\/v2\/posts\/224062\/revisions"}],"wp:featuredmedia":[{"embeddable":true,"href":"https:\/\/villarrealcf.es\/val\/wp-json\/wp\/v2\/media\/185021"}],"wp:attachment":[{"href":"https:\/\/villarrealcf.es\/val\/wp-json\/wp\/v2\/media?parent=224062"}],"wp:term":[{"taxonomy":"category","embeddable":true,"href":"https:\/\/villarrealcf.es\/val\/wp-json\/wp\/v2\/categories?post=224062"},{"taxonomy":"post_tag","embeddable":true,"href":"https:\/\/villarrealcf.es\/val\/wp-json\/wp\/v2\/tags?post=224062"}],"curies":[{"name":"wp","href":"https:\/\/api.w.org\/{rel}","templated":true}]}}