{"id":223863,"date":"2022-05-14T14:42:25","date_gmt":"2022-05-14T12:42:25","guid":{"rendered":"https:\/\/villarrealcf.es\/\/europa-esta-en-joc\/"},"modified":"2022-05-14T14:42:25","modified_gmt":"2022-05-14T12:42:25","slug":"europa-esta-en-joc","status":"publish","type":"post","link":"https:\/\/villarrealcf.es\/val\/europa-esta-en-joc\/","title":{"rendered":"Europa est\u00e0 en joc"},"content":{"protected":false,"blocks":[{"type":"image","url":"https:\/\/villarrealcf.es\/\/wp-content\/uploads\/2022\/05\/94fb8a549f82372744d6264ddad5edab.jpg","alt":"||||||","width":819,"height":460,"srcset":"https:\/\/villarrealcf.es\/wp-content\/uploads\/2022\/05\/94fb8a549f82372744d6264ddad5edab.jpg 819w, https:\/\/villarrealcf.es\/\/wp-content\/uploads\/2022\/05\/94fb8a549f82372744d6264ddad5edab.jpg 1920w, https:\/\/villarrealcf.es\/\/wp-content\/uploads\/2022\/05\/94fb8a549f82372744d6264ddad5edab.jpg 1920w, https:\/\/villarrealcf.es\/\/wp-content\/uploads\/2022\/05\/94fb8a549f82372744d6264ddad5edab.jpg 1920w, https:\/\/villarrealcf.es\/wp-content\/uploads\/2022\/05\/94fb8a549f82372744d6264ddad5edab-32x18.jpg 32w, https:\/\/villarrealcf.es\/wp-content\/uploads\/2022\/05\/94fb8a549f82372744d6264ddad5edab-150x84.jpg 150w, https:\/\/villarrealcf.es\/\/wp-content\/uploads\/2022\/05\/94fb8a549f82372744d6264ddad5edab.jpg 1920w","sizes":"auto, (max-width: 819px) 100vw, 819px"},{"type":"paragraph","text":"Unai Emery espera seguir amb la bona in\u00e8rcia i fa una crida a l\u2019afici\u00f3"},{"type":"paragraph","text":"Europa est\u00e0 en joc. L\u2019entrenador del Villarreal CF, Unai Emery, ha destacat que el seu equip intentar\u00e0 donar-li continu\u00eftat a la bona imatge mostrada davant el Rayo Vallecano (1-5) en un partit decisiu davant la Real Sociedad (diumenge, 19.30 hores).\u201cHem de seguir amb la in\u00e8rcia de joc en la qual ens sentim c\u00f2modes. Dem\u00e0 ens trobarem a una Real Sociedad que travessa un moment dol\u00e7. A mi em motiva perqu\u00e8 \u00e9s una cita gran\u201d, va comentar.Per al t\u00e8cnic basc, la lluita per entrar a Europa ser\u00e0 molt bonica: \u201cEls jugadors estan conscienciats. Arribar amb una motivaci\u00f3 alta al final de temporada \u00e9s molt bonic. Jugar la pr\u00f2xima temporada a Europa \u00e9s molt important per als dos clubs\u201d.Finalment, Emery va fer una crida a l\u2019afici\u00f3, ja que dem\u00e0 ser\u00e0 l\u2019\u00faltim partit en l\u2019Estadi de la Cer\u00e0mica abans d\u2019unes obres que duraran set mesos: \u201cCal trobar punts de motivaci\u00f3 i necessitem als aficionats. Segur que ser\u00e0 un partit molt emocionant per a ells per all\u00f2 d\u2019acomiadar-se del seu estadi durant un temps. Si aconseguim, entre tots, jugar una temporada m\u00e9s a Europa seria un \u00e8xit\u201d."},{"type":"video","kind":"iframe","url":"https:\/\/www.youtube.com\/embed\/BjI0qsDdxjI?feature=oembed","poster":""}],"structured":{"summary":{"text":"Unai Emery espera seguir amb la bona in\u00e8rcia i fa una crida a l\u2019afici\u00f3 Europa est\u00e0 en joc. L\u2019entrenador del Villarreal CF, Unai Emery, ha destacat que el seu equip intentar\u00e0 donar-li continu\u00eftat a la bona imatge mostrada davant el Rayo Vallecano (1-5) en un partit decisiu davant la Real Sociedad (diumenge, 19.30 hores).\u201cHem de seguir amb la in\u00e8rcia de joc en la qual ens sentim c\u00f2modes. Dem\u00e0 ens trobarem a una Real Sociedad que travessa un moment dol\u00e7. A mi em motiva perqu\u00e8 \u00e9s una cita gran\u201d, va comentar.Per al t\u00e8cnic basc, la lluita per entrar a Europa ser\u00e0 molt bonica: \u201cEls jugadors estan conscienciats. Arribar amb una motivaci\u00f3 alta al final de temporada \u00e9s molt bonic. Jugar la pr\u00f2xima temporada a Europa \u00e9s molt important per als dos clubs\u201d.Finalment, Emery va fer una crida a l\u2019afici\u00f3, ja que dem\u00e0 ser\u00e0 l\u2019\u00faltim partit en l\u2019Estadi de la Cer\u00e0mica abans d\u2019unes obres que duraran set mesos: \u201cCal trobar punts de motivaci\u00f3 i necessitem als aficionats. Segur que ser\u00e0 un partit molt emocionant per a ells per all\u00f2 d\u2019acomiadar-se del seu estadi durant un temps. Si aconseguim, entre tots, jugar una temporada m\u00e9s a Europa seria un \u00e8xit\u201d.","headings":[],"buttons":[],"images":[{"type":"image","url":"https:\/\/villarrealcf.es\/\/wp-content\/uploads\/2022\/05\/94fb8a549f82372744d6264ddad5edab.jpg","alt":"||||||","width":819,"height":460,"srcset":"https:\/\/villarrealcf.es\/wp-content\/uploads\/2022\/05\/94fb8a549f82372744d6264ddad5edab.jpg 819w, https:\/\/villarrealcf.es\/\/wp-content\/uploads\/2022\/05\/94fb8a549f82372744d6264ddad5edab.jpg 1920w, https:\/\/villarrealcf.es\/\/wp-content\/uploads\/2022\/05\/94fb8a549f82372744d6264ddad5edab.jpg 1920w, https:\/\/villarrealcf.es\/\/wp-content\/uploads\/2022\/05\/94fb8a549f82372744d6264ddad5edab.jpg 1920w, https:\/\/villarrealcf.es\/wp-content\/uploads\/2022\/05\/94fb8a549f82372744d6264ddad5edab-32x18.jpg 32w, https:\/\/villarrealcf.es\/wp-content\/uploads\/2022\/05\/94fb8a549f82372744d6264ddad5edab-150x84.jpg 150w, https:\/\/villarrealcf.es\/\/wp-content\/uploads\/2022\/05\/94fb8a549f82372744d6264ddad5edab.jpg 1920w","sizes":"auto, (max-width: 819px) 100vw, 819px"}],"counts":{"blocks":4,"headings":0,"texts":2,"buttons":0,"images":1}},"sections":[{"id":"section-1","title":"","text":"Unai Emery espera seguir amb la bona in\u00e8rcia i fa una crida a l\u2019afici\u00f3 Europa est\u00e0 en joc. L\u2019entrenador del Villarreal CF, Unai Emery, ha destacat que el seu equip intentar\u00e0 donar-li continu\u00eftat a la bona imatge mostrada davant el Rayo Vallecano (1-5) en un partit decisiu davant la Real Sociedad (diumenge, 19.30 hores).\u201cHem de seguir amb la in\u00e8rcia de joc en la qual ens sentim c\u00f2modes. Dem\u00e0 ens trobarem a una Real Sociedad que travessa un moment dol\u00e7. A mi em motiva perqu\u00e8 \u00e9s una cita gran\u201d, va comentar.Per al t\u00e8cnic basc, la lluita per entrar a Europa ser\u00e0 molt bonica: \u201cEls jugadors estan conscienciats. Arribar amb una motivaci\u00f3 alta al final de temporada \u00e9s molt bonic. Jugar la pr\u00f2xima temporada a Europa \u00e9s molt important per als dos clubs\u201d.Finalment, Emery va fer una crida a l\u2019afici\u00f3, ja que dem\u00e0 ser\u00e0 l\u2019\u00faltim partit en l\u2019Estadi de la Cer\u00e0mica abans d\u2019unes obres que duraran set mesos: \u201cCal trobar punts de motivaci\u00f3 i necessitem als aficionats. Segur que ser\u00e0 un partit molt emocionant per a ells per all\u00f2 d\u2019acomiadar-se del seu estadi durant un temps. Si aconseguim, entre tots, jugar una temporada m\u00e9s a Europa seria un \u00e8xit\u201d.","headings":[],"texts":[{"type":"paragraph","text":"Unai Emery espera seguir amb la bona in\u00e8rcia i fa una crida a l\u2019afici\u00f3"},{"type":"paragraph","text":"Europa est\u00e0 en joc. L\u2019entrenador del Villarreal CF, Unai Emery, ha destacat que el seu equip intentar\u00e0 donar-li continu\u00eftat a la bona imatge mostrada davant el Rayo Vallecano (1-5) en un partit decisiu davant la Real Sociedad (diumenge, 19.30 hores).\u201cHem de seguir amb la in\u00e8rcia de joc en la qual ens sentim c\u00f2modes. Dem\u00e0 ens trobarem a una Real Sociedad que travessa un moment dol\u00e7. A mi em motiva perqu\u00e8 \u00e9s una cita gran\u201d, va comentar.Per al t\u00e8cnic basc, la lluita per entrar a Europa ser\u00e0 molt bonica: \u201cEls jugadors estan conscienciats. Arribar amb una motivaci\u00f3 alta al final de temporada \u00e9s molt bonic. Jugar la pr\u00f2xima temporada a Europa \u00e9s molt important per als dos clubs\u201d.Finalment, Emery va fer una crida a l\u2019afici\u00f3, ja que dem\u00e0 ser\u00e0 l\u2019\u00faltim partit en l\u2019Estadi de la Cer\u00e0mica abans d\u2019unes obres que duraran set mesos: \u201cCal trobar punts de motivaci\u00f3 i necessitem als aficionats. Segur que ser\u00e0 un partit molt emocionant per a ells per all\u00f2 d\u2019acomiadar-se del seu estadi durant un temps. Si aconseguim, entre tots, jugar una temporada m\u00e9s a Europa seria un \u00e8xit\u201d."}],"buttons":[],"images":[{"type":"image","url":"https:\/\/villarrealcf.es\/\/wp-content\/uploads\/2022\/05\/94fb8a549f82372744d6264ddad5edab.jpg","alt":"||||||","width":819,"height":460,"srcset":"https:\/\/villarrealcf.es\/wp-content\/uploads\/2022\/05\/94fb8a549f82372744d6264ddad5edab.jpg 819w, https:\/\/villarrealcf.es\/\/wp-content\/uploads\/2022\/05\/94fb8a549f82372744d6264ddad5edab.jpg 1920w, https:\/\/villarrealcf.es\/\/wp-content\/uploads\/2022\/05\/94fb8a549f82372744d6264ddad5edab.jpg 1920w, https:\/\/villarrealcf.es\/\/wp-content\/uploads\/2022\/05\/94fb8a549f82372744d6264ddad5edab.jpg 1920w, https:\/\/villarrealcf.es\/wp-content\/uploads\/2022\/05\/94fb8a549f82372744d6264ddad5edab-32x18.jpg 32w, https:\/\/villarrealcf.es\/wp-content\/uploads\/2022\/05\/94fb8a549f82372744d6264ddad5edab-150x84.jpg 150w, https:\/\/villarrealcf.es\/\/wp-content\/uploads\/2022\/05\/94fb8a549f82372744d6264ddad5edab.jpg 1920w","sizes":"auto, (max-width: 819px) 100vw, 819px"}],"widgets":[],"blocks":[{"type":"image","url":"https:\/\/villarrealcf.es\/\/wp-content\/uploads\/2022\/05\/94fb8a549f82372744d6264ddad5edab.jpg","alt":"||||||","width":819,"height":460,"srcset":"https:\/\/villarrealcf.es\/wp-content\/uploads\/2022\/05\/94fb8a549f82372744d6264ddad5edab.jpg 819w, https:\/\/villarrealcf.es\/\/wp-content\/uploads\/2022\/05\/94fb8a549f82372744d6264ddad5edab.jpg 1920w, https:\/\/villarrealcf.es\/\/wp-content\/uploads\/2022\/05\/94fb8a549f82372744d6264ddad5edab.jpg 1920w, https:\/\/villarrealcf.es\/\/wp-content\/uploads\/2022\/05\/94fb8a549f82372744d6264ddad5edab.jpg 1920w, https:\/\/villarrealcf.es\/wp-content\/uploads\/2022\/05\/94fb8a549f82372744d6264ddad5edab-32x18.jpg 32w, https:\/\/villarrealcf.es\/wp-content\/uploads\/2022\/05\/94fb8a549f82372744d6264ddad5edab-150x84.jpg 150w, https:\/\/villarrealcf.es\/\/wp-content\/uploads\/2022\/05\/94fb8a549f82372744d6264ddad5edab.jpg 1920w","sizes":"auto, (max-width: 819px) 100vw, 819px"},{"type":"paragraph","text":"Unai Emery espera seguir amb la bona in\u00e8rcia i fa una crida a l\u2019afici\u00f3"},{"type":"paragraph","text":"Europa est\u00e0 en joc. L\u2019entrenador del Villarreal CF, Unai Emery, ha destacat que el seu equip intentar\u00e0 donar-li continu\u00eftat a la bona imatge mostrada davant el Rayo Vallecano (1-5) en un partit decisiu davant la Real Sociedad (diumenge, 19.30 hores).\u201cHem de seguir amb la in\u00e8rcia de joc en la qual ens sentim c\u00f2modes. Dem\u00e0 ens trobarem a una Real Sociedad que travessa un moment dol\u00e7. A mi em motiva perqu\u00e8 \u00e9s una cita gran\u201d, va comentar.Per al t\u00e8cnic basc, la lluita per entrar a Europa ser\u00e0 molt bonica: \u201cEls jugadors estan conscienciats. Arribar amb una motivaci\u00f3 alta al final de temporada \u00e9s molt bonic. Jugar la pr\u00f2xima temporada a Europa \u00e9s molt important per als dos clubs\u201d.Finalment, Emery va fer una crida a l\u2019afici\u00f3, ja que dem\u00e0 ser\u00e0 l\u2019\u00faltim partit en l\u2019Estadi de la Cer\u00e0mica abans d\u2019unes obres que duraran set mesos: \u201cCal trobar punts de motivaci\u00f3 i necessitem als aficionats. Segur que ser\u00e0 un partit molt emocionant per a ells per all\u00f2 d\u2019acomiadar-se del seu estadi durant un temps. Si aconseguim, entre tots, jugar una temporada m\u00e9s a Europa seria un \u00e8xit\u201d."},{"type":"video","kind":"iframe","url":"https:\/\/www.youtube.com\/embed\/BjI0qsDdxjI?feature=oembed","poster":""}]}],"hero":{"id":"section-1","title":"","text":"Unai Emery espera seguir amb la bona in\u00e8rcia i fa una crida a l\u2019afici\u00f3 Europa est\u00e0 en joc. L\u2019entrenador del Villarreal CF, Unai Emery, ha destacat que el seu equip intentar\u00e0 donar-li continu\u00eftat a la bona imatge mostrada davant el Rayo Vallecano (1-5) en un partit decisiu davant la Real Sociedad (diumenge, 19.30 hores).\u201cHem de seguir amb la in\u00e8rcia de joc en la qual ens sentim c\u00f2modes. Dem\u00e0 ens trobarem a una Real Sociedad que travessa un moment dol\u00e7. A mi em motiva perqu\u00e8 \u00e9s una cita gran\u201d, va comentar.Per al t\u00e8cnic basc, la lluita per entrar a Europa ser\u00e0 molt bonica: \u201cEls jugadors estan conscienciats. Arribar amb una motivaci\u00f3 alta al final de temporada \u00e9s molt bonic. Jugar la pr\u00f2xima temporada a Europa \u00e9s molt important per als dos clubs\u201d.Finalment, Emery va fer una crida a l\u2019afici\u00f3, ja que dem\u00e0 ser\u00e0 l\u2019\u00faltim partit en l\u2019Estadi de la Cer\u00e0mica abans d\u2019unes obres que duraran set mesos: \u201cCal trobar punts de motivaci\u00f3 i necessitem als aficionats. Segur que ser\u00e0 un partit molt emocionant per a ells per all\u00f2 d\u2019acomiadar-se del seu estadi durant un temps. Si aconseguim, entre tots, jugar una temporada m\u00e9s a Europa seria un \u00e8xit\u201d.","headings":[],"texts":[{"type":"paragraph","text":"Unai Emery espera seguir amb la bona in\u00e8rcia i fa una crida a l\u2019afici\u00f3"},{"type":"paragraph","text":"Europa est\u00e0 en joc. L\u2019entrenador del Villarreal CF, Unai Emery, ha destacat que el seu equip intentar\u00e0 donar-li continu\u00eftat a la bona imatge mostrada davant el Rayo Vallecano (1-5) en un partit decisiu davant la Real Sociedad (diumenge, 19.30 hores).\u201cHem de seguir amb la in\u00e8rcia de joc en la qual ens sentim c\u00f2modes. Dem\u00e0 ens trobarem a una Real Sociedad que travessa un moment dol\u00e7. A mi em motiva perqu\u00e8 \u00e9s una cita gran\u201d, va comentar.Per al t\u00e8cnic basc, la lluita per entrar a Europa ser\u00e0 molt bonica: \u201cEls jugadors estan conscienciats. Arribar amb una motivaci\u00f3 alta al final de temporada \u00e9s molt bonic. Jugar la pr\u00f2xima temporada a Europa \u00e9s molt important per als dos clubs\u201d.Finalment, Emery va fer una crida a l\u2019afici\u00f3, ja que dem\u00e0 ser\u00e0 l\u2019\u00faltim partit en l\u2019Estadi de la Cer\u00e0mica abans d\u2019unes obres que duraran set mesos: \u201cCal trobar punts de motivaci\u00f3 i necessitem als aficionats. Segur que ser\u00e0 un partit molt emocionant per a ells per all\u00f2 d\u2019acomiadar-se del seu estadi durant un temps. Si aconseguim, entre tots, jugar una temporada m\u00e9s a Europa seria un \u00e8xit\u201d."}],"buttons":[],"images":[{"type":"image","url":"https:\/\/villarrealcf.es\/\/wp-content\/uploads\/2022\/05\/94fb8a549f82372744d6264ddad5edab.jpg","alt":"||||||","width":819,"height":460,"srcset":"https:\/\/villarrealcf.es\/wp-content\/uploads\/2022\/05\/94fb8a549f82372744d6264ddad5edab.jpg 819w, https:\/\/villarrealcf.es\/\/wp-content\/uploads\/2022\/05\/94fb8a549f82372744d6264ddad5edab.jpg 1920w, https:\/\/villarrealcf.es\/\/wp-content\/uploads\/2022\/05\/94fb8a549f82372744d6264ddad5edab.jpg 1920w, https:\/\/villarrealcf.es\/\/wp-content\/uploads\/2022\/05\/94fb8a549f82372744d6264ddad5edab.jpg 1920w, https:\/\/villarrealcf.es\/wp-content\/uploads\/2022\/05\/94fb8a549f82372744d6264ddad5edab-32x18.jpg 32w, https:\/\/villarrealcf.es\/wp-content\/uploads\/2022\/05\/94fb8a549f82372744d6264ddad5edab-150x84.jpg 150w, https:\/\/villarrealcf.es\/\/wp-content\/uploads\/2022\/05\/94fb8a549f82372744d6264ddad5edab.jpg 1920w","sizes":"auto, (max-width: 819px) 100vw, 819px"}],"widgets":[],"blocks":[{"type":"image","url":"https:\/\/villarrealcf.es\/\/wp-content\/uploads\/2022\/05\/94fb8a549f82372744d6264ddad5edab.jpg","alt":"||||||","width":819,"height":460,"srcset":"https:\/\/villarrealcf.es\/wp-content\/uploads\/2022\/05\/94fb8a549f82372744d6264ddad5edab.jpg 819w, https:\/\/villarrealcf.es\/\/wp-content\/uploads\/2022\/05\/94fb8a549f82372744d6264ddad5edab.jpg 1920w, https:\/\/villarrealcf.es\/\/wp-content\/uploads\/2022\/05\/94fb8a549f82372744d6264ddad5edab.jpg 1920w, https:\/\/villarrealcf.es\/\/wp-content\/uploads\/2022\/05\/94fb8a549f82372744d6264ddad5edab.jpg 1920w, https:\/\/villarrealcf.es\/wp-content\/uploads\/2022\/05\/94fb8a549f82372744d6264ddad5edab-32x18.jpg 32w, https:\/\/villarrealcf.es\/wp-content\/uploads\/2022\/05\/94fb8a549f82372744d6264ddad5edab-150x84.jpg 150w, https:\/\/villarrealcf.es\/\/wp-content\/uploads\/2022\/05\/94fb8a549f82372744d6264ddad5edab.jpg 1920w","sizes":"auto, (max-width: 819px) 100vw, 819px"},{"type":"paragraph","text":"Unai Emery espera seguir amb la bona in\u00e8rcia i fa una crida a l\u2019afici\u00f3"},{"type":"paragraph","text":"Europa est\u00e0 en joc. L\u2019entrenador del Villarreal CF, Unai Emery, ha destacat que el seu equip intentar\u00e0 donar-li continu\u00eftat a la bona imatge mostrada davant el Rayo Vallecano (1-5) en un partit decisiu davant la Real Sociedad (diumenge, 19.30 hores).\u201cHem de seguir amb la in\u00e8rcia de joc en la qual ens sentim c\u00f2modes. Dem\u00e0 ens trobarem a una Real Sociedad que travessa un moment dol\u00e7. A mi em motiva perqu\u00e8 \u00e9s una cita gran\u201d, va comentar.Per al t\u00e8cnic basc, la lluita per entrar a Europa ser\u00e0 molt bonica: \u201cEls jugadors estan conscienciats. Arribar amb una motivaci\u00f3 alta al final de temporada \u00e9s molt bonic. Jugar la pr\u00f2xima temporada a Europa \u00e9s molt important per als dos clubs\u201d.Finalment, Emery va fer una crida a l\u2019afici\u00f3, ja que dem\u00e0 ser\u00e0 l\u2019\u00faltim partit en l\u2019Estadi de la Cer\u00e0mica abans d\u2019unes obres que duraran set mesos: \u201cCal trobar punts de motivaci\u00f3 i necessitem als aficionats. Segur que ser\u00e0 un partit molt emocionant per a ells per all\u00f2 d\u2019acomiadar-se del seu estadi durant un temps. Si aconseguim, entre tots, jugar una temporada m\u00e9s a Europa seria un \u00e8xit\u201d."},{"type":"video","kind":"iframe","url":"https:\/\/www.youtube.com\/embed\/BjI0qsDdxjI?feature=oembed","poster":""}]}},"sections":[{"id":"section-1","title":"","text":"Unai Emery espera seguir amb la bona in\u00e8rcia i fa una crida a l\u2019afici\u00f3 Europa est\u00e0 en joc. L\u2019entrenador del Villarreal CF, Unai Emery, ha destacat que el seu equip intentar\u00e0 donar-li continu\u00eftat a la bona imatge mostrada davant el Rayo Vallecano (1-5) en un partit decisiu davant la Real Sociedad (diumenge, 19.30 hores).\u201cHem de seguir amb la in\u00e8rcia de joc en la qual ens sentim c\u00f2modes. Dem\u00e0 ens trobarem a una Real Sociedad que travessa un moment dol\u00e7. A mi em motiva perqu\u00e8 \u00e9s una cita gran\u201d, va comentar.Per al t\u00e8cnic basc, la lluita per entrar a Europa ser\u00e0 molt bonica: \u201cEls jugadors estan conscienciats. Arribar amb una motivaci\u00f3 alta al final de temporada \u00e9s molt bonic. Jugar la pr\u00f2xima temporada a Europa \u00e9s molt important per als dos clubs\u201d.Finalment, Emery va fer una crida a l\u2019afici\u00f3, ja que dem\u00e0 ser\u00e0 l\u2019\u00faltim partit en l\u2019Estadi de la Cer\u00e0mica abans d\u2019unes obres que duraran set mesos: \u201cCal trobar punts de motivaci\u00f3 i necessitem als aficionats. Segur que ser\u00e0 un partit molt emocionant per a ells per all\u00f2 d\u2019acomiadar-se del seu estadi durant un temps. Si aconseguim, entre tots, jugar una temporada m\u00e9s a Europa seria un \u00e8xit\u201d.","url":"","background_image":"","images":[{"type":"image","url":"https:\/\/villarrealcf.es\/\/wp-content\/uploads\/2022\/05\/94fb8a549f82372744d6264ddad5edab.jpg","alt":"||||||","width":819,"height":460,"srcset":"https:\/\/villarrealcf.es\/wp-content\/uploads\/2022\/05\/94fb8a549f82372744d6264ddad5edab.jpg 819w, https:\/\/villarrealcf.es\/\/wp-content\/uploads\/2022\/05\/94fb8a549f82372744d6264ddad5edab.jpg 1920w, https:\/\/villarrealcf.es\/\/wp-content\/uploads\/2022\/05\/94fb8a549f82372744d6264ddad5edab.jpg 1920w, https:\/\/villarrealcf.es\/\/wp-content\/uploads\/2022\/05\/94fb8a549f82372744d6264ddad5edab.jpg 1920w, https:\/\/villarrealcf.es\/wp-content\/uploads\/2022\/05\/94fb8a549f82372744d6264ddad5edab-32x18.jpg 32w, https:\/\/villarrealcf.es\/wp-content\/uploads\/2022\/05\/94fb8a549f82372744d6264ddad5edab-150x84.jpg 150w, https:\/\/villarrealcf.es\/\/wp-content\/uploads\/2022\/05\/94fb8a549f82372744d6264ddad5edab.jpg 1920w","sizes":"auto, (max-width: 819px) 100vw, 819px"}],"videos":[{"type":"video","kind":"iframe","url":"https:\/\/www.youtube.com\/embed\/BjI0qsDdxjI?feature=oembed","poster":""}],"links":[]},{"id":"shortcode-caption-69f0384e514c1","type":"shortcode","shortcode":"caption","attributes":{"id":"attachment_184203","align":"alignnone","width":""},"title":"Caption","rendered":"","data":[],"text":"","url":"","background_image":"","images":[],"videos":[],"links":[],"blocks":[]}]},"excerpt":{"rendered":"Unai Emery espera seguir amb la bona in\u00e8rcia i fa una crida a l&#8217;afici\u00f3","protected":false},"author":23,"featured_media":184203,"comment_status":"","ping_status":"","sticky":false,"template":"","format":"standard","meta":{"_acf_changed":false,"footnotes":""},"categories":[4854],"tags":[12554,12556,11429,9270,9910,11042,9240,9205,8676,9203],"acf":null,"lang":"val","translations":{"val":223863},"essential_grid":{"has_grid":false},"formatted_date":"May 14, 2022","modified_date":"May 14, 2022","permalink":"https:\/\/villarrealcf.es\/val\/europa-esta-en-joc\/","reading_time":2,"featured_media_data":{"id":184203,"title":"||||||","caption":"||||||","alt_text":"","description":"","mime_type":"image\/jpeg","source_url":"https:\/\/villarrealcf.es\/wp-content\/uploads\/2022\/05\/94fb8a549f82372744d6264ddad5edab.jpg","sizes":{"thumbnail":{"url":"https:\/\/villarrealcf.es\/wp-content\/uploads\/2022\/05\/94fb8a549f82372744d6264ddad5edab-150x150.jpg","width":150,"height":150},"medium":{"url":"https:\/\/villarrealcf.es\/wp-content\/uploads\/2022\/05\/94fb8a549f82372744d6264ddad5edab-300x168.jpg","width":300,"height":168},"medium_large":{"url":"https:\/\/villarrealcf.es\/wp-content\/uploads\/2022\/05\/94fb8a549f82372744d6264ddad5edab-768x431.jpg","width":768,"height":431},"large":{"url":"https:\/\/villarrealcf.es\/wp-content\/uploads\/2022\/05\/94fb8a549f82372744d6264ddad5edab.jpg","width":788,"height":443},"1536x1536":{"url":"https:\/\/villarrealcf.es\/wp-content\/uploads\/2022\/05\/94fb8a549f82372744d6264ddad5edab.jpg","width":819,"height":460},"2048x2048":{"url":"https:\/\/villarrealcf.es\/wp-content\/uploads\/2022\/05\/94fb8a549f82372744d6264ddad5edab.jpg","width":819,"height":460},"tp-image-grid":{"url":"https:\/\/villarrealcf.es\/wp-content\/uploads\/2022\/05\/94fb8a549f82372744d6264ddad5edab-700x460.jpg","width":700,"height":460},"size-bunyad-medium":{"url":"https:\/\/villarrealcf.es\/wp-content\/uploads\/2022\/05\/94fb8a549f82372744d6264ddad5edab.jpg","width":819,"height":460},"sportspress-crop-medium":{"url":"https:\/\/villarrealcf.es\/wp-content\/uploads\/2022\/05\/94fb8a549f82372744d6264ddad5edab-300x300.jpg","width":300,"height":300},"sportspress-fit-medium":{"url":"https:\/\/villarrealcf.es\/wp-content\/uploads\/2022\/05\/94fb8a549f82372744d6264ddad5edab-300x168.jpg","width":300,"height":168},"sportspress-fit-icon":{"url":"https:\/\/villarrealcf.es\/wp-content\/uploads\/2022\/05\/94fb8a549f82372744d6264ddad5edab-128x72.jpg","width":128,"height":72},"sportspress-fit-mini":{"url":"https:\/\/villarrealcf.es\/wp-content\/uploads\/2022\/05\/94fb8a549f82372744d6264ddad5edab-32x18.jpg","width":32,"height":18},"bunyad-small":{"url":"https:\/\/villarrealcf.es\/wp-content\/uploads\/2022\/05\/94fb8a549f82372744d6264ddad5edab-150x84.jpg","width":150,"height":84},"bunyad-medium":{"url":"https:\/\/villarrealcf.es\/wp-content\/uploads\/2022\/05\/94fb8a549f82372744d6264ddad5edab-450x253.jpg","width":450,"height":253},"bunyad-full":{"url":"https:\/\/villarrealcf.es\/wp-content\/uploads\/2022\/05\/94fb8a549f82372744d6264ddad5edab.jpg","width":819,"height":460},"bunyad-viewport":{"url":"https:\/\/villarrealcf.es\/wp-content\/uploads\/2022\/05\/94fb8a549f82372744d6264ddad5edab.jpg","width":819,"height":460},"bunyad-768":{"url":"https:\/\/villarrealcf.es\/wp-content\/uploads\/2022\/05\/94fb8a549f82372744d6264ddad5edab-768x431.jpg","width":768,"height":431},"full":{"url":"https:\/\/villarrealcf.es\/wp-content\/uploads\/2022\/05\/94fb8a549f82372744d6264ddad5edab.jpg","width":819,"height":460}}},"author_data":{"id":"23","name":"Fran Segovia","first_name":"Fran","last_name":"Segovia","description":"","avatar_url":"https:\/\/secure.gravatar.com\/avatar\/9ec849b3b9cb451091f0a96d7943b1c6be26a8d6fd3b94d5b5bfd496b2536c42?s=96&d=mm&r=g","acf":null},"taxonomies_data":{"category":[{"id":4854,"name":"Noticies Generals","slug":"noticies-generals","acf":null}],"post_tag":[{"id":12554,"name":"#Football","slug":"football-val","acf":null},{"id":12556,"name":"#Soccer","slug":"soccer-val","acf":null},{"id":11429,"name":"Estadio de la Cer\u00e1mica","slug":"estadio-de-la-ceramica-val","acf":null},{"id":9270,"name":"Futbol","slug":"futbol-val","acf":null},{"id":9910,"name":"Jornada 37","slug":"jornada-37-val","acf":null},{"id":11042,"name":"LaLiga","slug":"laliga-val","acf":null},{"id":9240,"name":"Real Sociedad","slug":"real-sociedad-val","acf":null},{"id":9205,"name":"Submarino","slug":"submarino-val","acf":null},{"id":8676,"name":"Unai Emery","slug":"unai-emery","acf":null},{"id":9203,"name":"Villarreal CF","slug":"villarreal-cf-val","acf":null}],"translation_priority":[{"id":735,"name":"Optional","slug":"optional-val","acf":null}]},"seo_full":{"native":{"title":"Europa est\u00e0 en joc - Web Oficial del Villarreal CF","description":"[caption id=\"attachment_184203\" align=\"alignnone\" width=\"\"]||||||[\/caption]Unai Emery espera seguir amb la bona in\u00e8rcia i fa una crida a l'afici\u00f3 Europa est\u00e0 en&hellip;","canonical":"https:\/\/villarrealcf.es\/val\/europa-esta-en-joc\/"}},"_links":{"self":[{"href":"https:\/\/villarrealcf.es\/val\/wp-json\/wp\/v2\/posts\/223863","targetHints":{"allow":["GET"]}}],"collection":[{"href":"https:\/\/villarrealcf.es\/val\/wp-json\/wp\/v2\/posts"}],"about":[{"href":"https:\/\/villarrealcf.es\/val\/wp-json\/wp\/v2\/types\/post"}],"author":[{"embeddable":true,"href":"https:\/\/villarrealcf.es\/val\/wp-json\/wp\/v2\/users\/23"}],"replies":[{"embeddable":true,"href":"https:\/\/villarrealcf.es\/val\/wp-json\/wp\/v2\/comments?post=223863"}],"version-history":[{"count":0,"href":"https:\/\/villarrealcf.es\/val\/wp-json\/wp\/v2\/posts\/223863\/revisions"}],"wp:featuredmedia":[{"embeddable":true,"href":"https:\/\/villarrealcf.es\/val\/wp-json\/wp\/v2\/media\/184203"}],"wp:attachment":[{"href":"https:\/\/villarrealcf.es\/val\/wp-json\/wp\/v2\/media?parent=223863"}],"wp:term":[{"taxonomy":"category","embeddable":true,"href":"https:\/\/villarrealcf.es\/val\/wp-json\/wp\/v2\/categories?post=223863"},{"taxonomy":"post_tag","embeddable":true,"href":"https:\/\/villarrealcf.es\/val\/wp-json\/wp\/v2\/tags?post=223863"}],"curies":[{"name":"wp","href":"https:\/\/api.w.org\/{rel}","templated":true}]}}