{"id":223758,"date":"2022-05-05T13:35:51","date_gmt":"2022-05-05T11:35:51","guid":{"rendered":"https:\/\/villarrealcf.es\/\/ja-esta-aci-el-vi-trofeu-villarreal-cf-de-pilota\/"},"modified":"2022-05-05T13:35:51","modified_gmt":"2022-05-05T11:35:51","slug":"ja-esta-aci-el-vi-trofeu-villarreal-cf-de-pilota","status":"publish","type":"post","link":"https:\/\/villarrealcf.es\/val\/ja-esta-aci-el-vi-trofeu-villarreal-cf-de-pilota\/","title":{"rendered":"Ja est\u00e0 ac\u00ed el VI Trofeu Villarreal CF de pilota!"},"content":{"protected":false,"blocks":[{"type":"image","url":"https:\/\/villarrealcf.es\/\/wp-content\/uploads\/2022\/05\/c92684dc309984ea842a8f14f0e653d5.jpg","alt":"||||||","width":1653,"height":929,"srcset":"https:\/\/villarrealcf.es\/wp-content\/uploads\/2022\/05\/c92684dc309984ea842a8f14f0e653d5.jpg 1653w, https:\/\/villarrealcf.es\/\/wp-content\/uploads\/2022\/05\/c92684dc309984ea842a8f14f0e653d5.jpg 1920w, https:\/\/villarrealcf.es\/wp-content\/uploads\/2022\/05\/c92684dc309984ea842a8f14f0e653d5-1024x575.jpg 1024w, https:\/\/villarrealcf.es\/\/wp-content\/uploads\/2022\/05\/c92684dc309984ea842a8f14f0e653d5.jpg 1920w, https:\/\/villarrealcf.es\/wp-content\/uploads\/2022\/05\/c92684dc309984ea842a8f14f0e653d5-1536x863.jpg 1536w, https:\/\/villarrealcf.es\/\/wp-content\/uploads\/2022\/05\/c92684dc309984ea842a8f14f0e653d5.jpg 1920w, https:\/\/villarrealcf.es\/wp-content\/uploads\/2022\/05\/c92684dc309984ea842a8f14f0e653d5-32x18.jpg 32w, https:\/\/villarrealcf.es\/wp-content\/uploads\/2022\/05\/c92684dc309984ea842a8f14f0e653d5-150x84.jpg 150w, https:\/\/villarrealcf.es\/\/wp-content\/uploads\/2022\/05\/c92684dc309984ea842a8f14f0e653d5.jpg 1920w, https:\/\/villarrealcf.es\/wp-content\/uploads\/2022\/05\/c92684dc309984ea842a8f14f0e653d5-1200x674.jpg 1200w","sizes":"auto, (max-width: 1653px) 100vw, 1653px"},{"type":"paragraph","text":"Vicente Iborra, Pau Torres i Ra\u00fal Albiol han presentat la sisena edici\u00f3 del torneig, que se celebrar\u00e0 el 13 i el 20 de maig en el Trinquet de Villarreal"},{"type":"paragraph","text":"El Villarreal CF ha presentat aquest dijous la sisena edici\u00f3 del \u2018Trofeu Villarreal CF\u2019 de pilota valenciana en pres\u00e8ncia dels futbolistes valencians Ra\u00fal Albiol, Vicente Iborra i Pau Torres. L\u2019acte, celebrat a la Ciutat Esportiva Miralcamp, ha comptat amb la participaci\u00f3 del president de la Fundaci\u00f3 de Pilota Valenciana, Joan Alepuz i el responsable del Trinquet de Vila-real, Pepe Mezquita."},{"type":"paragraph","text":"Tamb\u00e9 han assistit a la presentaci\u00f3 els pilotaris participants en el torneig: Marc, Nacho, Bueno, Jos\u00e9 Salvador, Javi, \u00c1lvaro Gimeno, Santi, Carlos, Giner, Tom\u00e0s II, Hilari i Puchol II, que a m\u00e9s \u00e9s esportista del programa Endavant Esports."},{"type":"paragraph","text":"El VI Trofeu Villarreal CF, impulsat per la Fundaci\u00f3 del Villarreal CF en col\u00b7laboraci\u00f3 amb la Fundaci\u00f3 de Pilota Valenciana, es juga en modalitat d\u2019escala i corda i comen\u00e7ar\u00e0 el divendres 13 de maig en el Trinquet Salvador Sagols de Vila-real."},{"type":"paragraph","text":"Aqueix mateix dia, a les 16.45 hores, se celebrar\u00e0 la primera semifinal que enfrontar\u00e0 a l\u2019equip format per Marc, Nacho i Bueno (roig) contra Jos\u00e9 Salvador, Javi i \u00c1lvaro Gimeno (blau). Despr\u00e9s del primer partit, a les 18.30 hores, tindr\u00e0 lloc la segona semifinal que enfrontar\u00e0 al trio format per Puchol II, Santi i Carlos (roig) i a l\u2019equip conformat per Giner, Tom\u00e0s II i Hilari (blau)."},{"type":"paragraph","text":"Els guanyadors del VI Trofeu Vila-real CF no es decidiran fins a la setmana seg\u00fcent. El divendres 20 de maig se celebrar\u00e0 la gran final (18.30h) i la final de consolaci\u00f3 (16.45h) en el mateix escenari, el Trinquet Salvador Sagols de Vila-real."},{"type":"paragraph","text":"El Villarreal CF, en el seu afany de fomentar la pr\u00e0ctica i el seguiment de l\u2019esport aut\u00f2cton de la Comunitat Valenciana, ha establit un important repartiment de premis: 3.000 euros per a l\u2019equip campi\u00f3, 1.500 euros per al conjunt subcampi\u00f3 i 750 euros per a l\u2019equip que guanye la final de consolaci\u00f3."},{"type":"video","kind":"iframe","url":"https:\/\/www.youtube.com\/embed\/qW5FaocPYXc?feature=oembed","poster":""}],"structured":{"summary":{"text":"Vicente Iborra, Pau Torres i Ra\u00fal Albiol han presentat la sisena edici\u00f3 del torneig, que se celebrar\u00e0 el 13 i el 20 de maig en el Trinquet de Villarreal El Villarreal CF ha presentat aquest dijous la sisena edici\u00f3 del \u2018Trofeu Villarreal CF\u2019 de pilota valenciana en pres\u00e8ncia dels futbolistes valencians Ra\u00fal Albiol, Vicente Iborra i Pau Torres. L\u2019acte, celebrat a la Ciutat Esportiva Miralcamp, ha comptat amb la participaci\u00f3 del president de la Fundaci\u00f3 de Pilota Valenciana, Joan Alepuz i el responsable del Trinquet de Vila-real, Pepe Mezquita. Tamb\u00e9 han assistit a la presentaci\u00f3 els pilotaris participants en el torneig: Marc, Nacho, Bueno, Jos\u00e9 Salvador, Javi, \u00c1lvaro Gimeno, Santi, Carlos, Giner, Tom\u00e0s II, Hilari i Puchol II, que a m\u00e9s \u00e9s esportista del programa Endavant Esports. El VI Trofeu Villarreal CF, impulsat per la Fundaci\u00f3 del Villarreal CF en col\u00b7laboraci\u00f3 amb la Fundaci\u00f3 de Pilota Valenciana, es juga en modalitat d\u2019escala i corda i comen\u00e7ar\u00e0 el divendres 13 de maig en el Trinquet Salvador Sagols de Vila-real. Aqueix mateix dia, a les 16.45 hores, se celebrar\u00e0 la primera semifinal que enfrontar\u00e0 a l\u2019equip format per Marc, Nacho i Bueno (roig) contra Jos\u00e9 Salvador, Javi i \u00c1lvaro Gimeno (blau). Despr\u00e9s del primer partit, a les 18.30 hores, tindr\u00e0 lloc la segona semifinal que enfrontar\u00e0 al trio format per Puchol II, Santi i Carlos (roig) i a l\u2019equip conformat per Giner, Tom\u00e0s II i Hilari (blau). Els guanyadors del VI Trofeu Vila-real CF no es decidiran fins a la setmana seg\u00fcent. El divendres 20 de maig se celebrar\u00e0 la gran final (18.30h) i la final de consolaci\u00f3 (16.45h) en el mateix escenari, el Trinquet Salvador Sagols de Vila-real. El Villarreal CF, en el seu afany de fomentar la pr\u00e0ctica i el seguiment de l\u2019esport aut\u00f2cton de la Comunitat Valenciana, ha establit un important repartiment de premis: 3.000 euros per a l\u2019equip campi\u00f3, 1.500 euros per al conjunt subcampi\u00f3 i 750 euros per a l\u2019equip que guanye la final de consolaci\u00f3.","headings":[],"buttons":[],"images":[{"type":"image","url":"https:\/\/villarrealcf.es\/\/wp-content\/uploads\/2022\/05\/c92684dc309984ea842a8f14f0e653d5.jpg","alt":"||||||","width":1653,"height":929,"srcset":"https:\/\/villarrealcf.es\/wp-content\/uploads\/2022\/05\/c92684dc309984ea842a8f14f0e653d5.jpg 1653w, https:\/\/villarrealcf.es\/\/wp-content\/uploads\/2022\/05\/c92684dc309984ea842a8f14f0e653d5.jpg 1920w, https:\/\/villarrealcf.es\/wp-content\/uploads\/2022\/05\/c92684dc309984ea842a8f14f0e653d5-1024x575.jpg 1024w, https:\/\/villarrealcf.es\/\/wp-content\/uploads\/2022\/05\/c92684dc309984ea842a8f14f0e653d5.jpg 1920w, https:\/\/villarrealcf.es\/wp-content\/uploads\/2022\/05\/c92684dc309984ea842a8f14f0e653d5-1536x863.jpg 1536w, https:\/\/villarrealcf.es\/\/wp-content\/uploads\/2022\/05\/c92684dc309984ea842a8f14f0e653d5.jpg 1920w, https:\/\/villarrealcf.es\/wp-content\/uploads\/2022\/05\/c92684dc309984ea842a8f14f0e653d5-32x18.jpg 32w, https:\/\/villarrealcf.es\/wp-content\/uploads\/2022\/05\/c92684dc309984ea842a8f14f0e653d5-150x84.jpg 150w, https:\/\/villarrealcf.es\/\/wp-content\/uploads\/2022\/05\/c92684dc309984ea842a8f14f0e653d5.jpg 1920w, https:\/\/villarrealcf.es\/wp-content\/uploads\/2022\/05\/c92684dc309984ea842a8f14f0e653d5-1200x674.jpg 1200w","sizes":"auto, (max-width: 1653px) 100vw, 1653px"}],"counts":{"blocks":9,"headings":0,"texts":7,"buttons":0,"images":1}},"sections":[{"id":"section-1","title":"","text":"Vicente Iborra, Pau Torres i Ra\u00fal Albiol han presentat la sisena edici\u00f3 del torneig, que se celebrar\u00e0 el 13 i el 20 de maig en el Trinquet de Villarreal El Villarreal CF ha presentat aquest dijous la sisena edici\u00f3 del \u2018Trofeu Villarreal CF\u2019 de pilota valenciana en pres\u00e8ncia dels futbolistes valencians Ra\u00fal Albiol, Vicente Iborra i Pau Torres. L\u2019acte, celebrat a la Ciutat Esportiva Miralcamp, ha comptat amb la participaci\u00f3 del president de la Fundaci\u00f3 de Pilota Valenciana, Joan Alepuz i el responsable del Trinquet de Vila-real, Pepe Mezquita. Tamb\u00e9 han assistit a la presentaci\u00f3 els pilotaris participants en el torneig: Marc, Nacho, Bueno, Jos\u00e9 Salvador, Javi, \u00c1lvaro Gimeno, Santi, Carlos, Giner, Tom\u00e0s II, Hilari i Puchol II, que a m\u00e9s \u00e9s esportista del programa Endavant Esports. El VI Trofeu Villarreal CF, impulsat per la Fundaci\u00f3 del Villarreal CF en col\u00b7laboraci\u00f3 amb la Fundaci\u00f3 de Pilota Valenciana, es juga en modalitat d\u2019escala i corda i comen\u00e7ar\u00e0 el divendres 13 de maig en el Trinquet Salvador Sagols de Vila-real. Aqueix mateix dia, a les 16.45 hores, se celebrar\u00e0 la primera semifinal que enfrontar\u00e0 a l\u2019equip format per Marc, Nacho i Bueno (roig) contra Jos\u00e9 Salvador, Javi i \u00c1lvaro Gimeno (blau). Despr\u00e9s del primer partit, a les 18.30 hores, tindr\u00e0 lloc la segona semifinal que enfrontar\u00e0 al trio format per Puchol II, Santi i Carlos (roig) i a l\u2019equip conformat per Giner, Tom\u00e0s II i Hilari (blau). Els guanyadors del VI Trofeu Vila-real CF no es decidiran fins a la setmana seg\u00fcent. El divendres 20 de maig se celebrar\u00e0 la gran final (18.30h) i la final de consolaci\u00f3 (16.45h) en el mateix escenari, el Trinquet Salvador Sagols de Vila-real. El Villarreal CF, en el seu afany de fomentar la pr\u00e0ctica i el seguiment de l\u2019esport aut\u00f2cton de la Comunitat Valenciana, ha establit un important repartiment de premis: 3.000 euros per a l\u2019equip campi\u00f3, 1.500 euros per al conjunt subcampi\u00f3 i 750 euros per a l\u2019equip que guanye la final de consolaci\u00f3.","headings":[],"texts":[{"type":"paragraph","text":"Vicente Iborra, Pau Torres i Ra\u00fal Albiol han presentat la sisena edici\u00f3 del torneig, que se celebrar\u00e0 el 13 i el 20 de maig en el Trinquet de Villarreal"},{"type":"paragraph","text":"El Villarreal CF ha presentat aquest dijous la sisena edici\u00f3 del \u2018Trofeu Villarreal CF\u2019 de pilota valenciana en pres\u00e8ncia dels futbolistes valencians Ra\u00fal Albiol, Vicente Iborra i Pau Torres. L\u2019acte, celebrat a la Ciutat Esportiva Miralcamp, ha comptat amb la participaci\u00f3 del president de la Fundaci\u00f3 de Pilota Valenciana, Joan Alepuz i el responsable del Trinquet de Vila-real, Pepe Mezquita."},{"type":"paragraph","text":"Tamb\u00e9 han assistit a la presentaci\u00f3 els pilotaris participants en el torneig: Marc, Nacho, Bueno, Jos\u00e9 Salvador, Javi, \u00c1lvaro Gimeno, Santi, Carlos, Giner, Tom\u00e0s II, Hilari i Puchol II, que a m\u00e9s \u00e9s esportista del programa Endavant Esports."},{"type":"paragraph","text":"El VI Trofeu Villarreal CF, impulsat per la Fundaci\u00f3 del Villarreal CF en col\u00b7laboraci\u00f3 amb la Fundaci\u00f3 de Pilota Valenciana, es juga en modalitat d\u2019escala i corda i comen\u00e7ar\u00e0 el divendres 13 de maig en el Trinquet Salvador Sagols de Vila-real."},{"type":"paragraph","text":"Aqueix mateix dia, a les 16.45 hores, se celebrar\u00e0 la primera semifinal que enfrontar\u00e0 a l\u2019equip format per Marc, Nacho i Bueno (roig) contra Jos\u00e9 Salvador, Javi i \u00c1lvaro Gimeno (blau). Despr\u00e9s del primer partit, a les 18.30 hores, tindr\u00e0 lloc la segona semifinal que enfrontar\u00e0 al trio format per Puchol II, Santi i Carlos (roig) i a l\u2019equip conformat per Giner, Tom\u00e0s II i Hilari (blau)."},{"type":"paragraph","text":"Els guanyadors del VI Trofeu Vila-real CF no es decidiran fins a la setmana seg\u00fcent. El divendres 20 de maig se celebrar\u00e0 la gran final (18.30h) i la final de consolaci\u00f3 (16.45h) en el mateix escenari, el Trinquet Salvador Sagols de Vila-real."},{"type":"paragraph","text":"El Villarreal CF, en el seu afany de fomentar la pr\u00e0ctica i el seguiment de l\u2019esport aut\u00f2cton de la Comunitat Valenciana, ha establit un important repartiment de premis: 3.000 euros per a l\u2019equip campi\u00f3, 1.500 euros per al conjunt subcampi\u00f3 i 750 euros per a l\u2019equip que guanye la final de consolaci\u00f3."}],"buttons":[],"images":[{"type":"image","url":"https:\/\/villarrealcf.es\/\/wp-content\/uploads\/2022\/05\/c92684dc309984ea842a8f14f0e653d5.jpg","alt":"||||||","width":1653,"height":929,"srcset":"https:\/\/villarrealcf.es\/wp-content\/uploads\/2022\/05\/c92684dc309984ea842a8f14f0e653d5.jpg 1653w, https:\/\/villarrealcf.es\/\/wp-content\/uploads\/2022\/05\/c92684dc309984ea842a8f14f0e653d5.jpg 1920w, https:\/\/villarrealcf.es\/wp-content\/uploads\/2022\/05\/c92684dc309984ea842a8f14f0e653d5-1024x575.jpg 1024w, https:\/\/villarrealcf.es\/\/wp-content\/uploads\/2022\/05\/c92684dc309984ea842a8f14f0e653d5.jpg 1920w, https:\/\/villarrealcf.es\/wp-content\/uploads\/2022\/05\/c92684dc309984ea842a8f14f0e653d5-1536x863.jpg 1536w, https:\/\/villarrealcf.es\/\/wp-content\/uploads\/2022\/05\/c92684dc309984ea842a8f14f0e653d5.jpg 1920w, https:\/\/villarrealcf.es\/wp-content\/uploads\/2022\/05\/c92684dc309984ea842a8f14f0e653d5-32x18.jpg 32w, https:\/\/villarrealcf.es\/wp-content\/uploads\/2022\/05\/c92684dc309984ea842a8f14f0e653d5-150x84.jpg 150w, https:\/\/villarrealcf.es\/\/wp-content\/uploads\/2022\/05\/c92684dc309984ea842a8f14f0e653d5.jpg 1920w, https:\/\/villarrealcf.es\/wp-content\/uploads\/2022\/05\/c92684dc309984ea842a8f14f0e653d5-1200x674.jpg 1200w","sizes":"auto, (max-width: 1653px) 100vw, 1653px"}],"widgets":[],"blocks":[{"type":"image","url":"https:\/\/villarrealcf.es\/\/wp-content\/uploads\/2022\/05\/c92684dc309984ea842a8f14f0e653d5.jpg","alt":"||||||","width":1653,"height":929,"srcset":"https:\/\/villarrealcf.es\/wp-content\/uploads\/2022\/05\/c92684dc309984ea842a8f14f0e653d5.jpg 1653w, https:\/\/villarrealcf.es\/\/wp-content\/uploads\/2022\/05\/c92684dc309984ea842a8f14f0e653d5.jpg 1920w, https:\/\/villarrealcf.es\/wp-content\/uploads\/2022\/05\/c92684dc309984ea842a8f14f0e653d5-1024x575.jpg 1024w, https:\/\/villarrealcf.es\/\/wp-content\/uploads\/2022\/05\/c92684dc309984ea842a8f14f0e653d5.jpg 1920w, https:\/\/villarrealcf.es\/wp-content\/uploads\/2022\/05\/c92684dc309984ea842a8f14f0e653d5-1536x863.jpg 1536w, https:\/\/villarrealcf.es\/\/wp-content\/uploads\/2022\/05\/c92684dc309984ea842a8f14f0e653d5.jpg 1920w, https:\/\/villarrealcf.es\/wp-content\/uploads\/2022\/05\/c92684dc309984ea842a8f14f0e653d5-32x18.jpg 32w, https:\/\/villarrealcf.es\/wp-content\/uploads\/2022\/05\/c92684dc309984ea842a8f14f0e653d5-150x84.jpg 150w, https:\/\/villarrealcf.es\/\/wp-content\/uploads\/2022\/05\/c92684dc309984ea842a8f14f0e653d5.jpg 1920w, https:\/\/villarrealcf.es\/wp-content\/uploads\/2022\/05\/c92684dc309984ea842a8f14f0e653d5-1200x674.jpg 1200w","sizes":"auto, (max-width: 1653px) 100vw, 1653px"},{"type":"paragraph","text":"Vicente Iborra, Pau Torres i Ra\u00fal Albiol han presentat la sisena edici\u00f3 del torneig, que se celebrar\u00e0 el 13 i el 20 de maig en el Trinquet de Villarreal"},{"type":"paragraph","text":"El Villarreal CF ha presentat aquest dijous la sisena edici\u00f3 del \u2018Trofeu Villarreal CF\u2019 de pilota valenciana en pres\u00e8ncia dels futbolistes valencians Ra\u00fal Albiol, Vicente Iborra i Pau Torres. L\u2019acte, celebrat a la Ciutat Esportiva Miralcamp, ha comptat amb la participaci\u00f3 del president de la Fundaci\u00f3 de Pilota Valenciana, Joan Alepuz i el responsable del Trinquet de Vila-real, Pepe Mezquita."},{"type":"paragraph","text":"Tamb\u00e9 han assistit a la presentaci\u00f3 els pilotaris participants en el torneig: Marc, Nacho, Bueno, Jos\u00e9 Salvador, Javi, \u00c1lvaro Gimeno, Santi, Carlos, Giner, Tom\u00e0s II, Hilari i Puchol II, que a m\u00e9s \u00e9s esportista del programa Endavant Esports."},{"type":"paragraph","text":"El VI Trofeu Villarreal CF, impulsat per la Fundaci\u00f3 del Villarreal CF en col\u00b7laboraci\u00f3 amb la Fundaci\u00f3 de Pilota Valenciana, es juga en modalitat d\u2019escala i corda i comen\u00e7ar\u00e0 el divendres 13 de maig en el Trinquet Salvador Sagols de Vila-real."},{"type":"paragraph","text":"Aqueix mateix dia, a les 16.45 hores, se celebrar\u00e0 la primera semifinal que enfrontar\u00e0 a l\u2019equip format per Marc, Nacho i Bueno (roig) contra Jos\u00e9 Salvador, Javi i \u00c1lvaro Gimeno (blau). Despr\u00e9s del primer partit, a les 18.30 hores, tindr\u00e0 lloc la segona semifinal que enfrontar\u00e0 al trio format per Puchol II, Santi i Carlos (roig) i a l\u2019equip conformat per Giner, Tom\u00e0s II i Hilari (blau)."},{"type":"paragraph","text":"Els guanyadors del VI Trofeu Vila-real CF no es decidiran fins a la setmana seg\u00fcent. El divendres 20 de maig se celebrar\u00e0 la gran final (18.30h) i la final de consolaci\u00f3 (16.45h) en el mateix escenari, el Trinquet Salvador Sagols de Vila-real."},{"type":"paragraph","text":"El Villarreal CF, en el seu afany de fomentar la pr\u00e0ctica i el seguiment de l\u2019esport aut\u00f2cton de la Comunitat Valenciana, ha establit un important repartiment de premis: 3.000 euros per a l\u2019equip campi\u00f3, 1.500 euros per al conjunt subcampi\u00f3 i 750 euros per a l\u2019equip que guanye la final de consolaci\u00f3."},{"type":"video","kind":"iframe","url":"https:\/\/www.youtube.com\/embed\/qW5FaocPYXc?feature=oembed","poster":""}]}],"hero":{"id":"section-1","title":"","text":"Vicente Iborra, Pau Torres i Ra\u00fal Albiol han presentat la sisena edici\u00f3 del torneig, que se celebrar\u00e0 el 13 i el 20 de maig en el Trinquet de Villarreal El Villarreal CF ha presentat aquest dijous la sisena edici\u00f3 del \u2018Trofeu Villarreal CF\u2019 de pilota valenciana en pres\u00e8ncia dels futbolistes valencians Ra\u00fal Albiol, Vicente Iborra i Pau Torres. L\u2019acte, celebrat a la Ciutat Esportiva Miralcamp, ha comptat amb la participaci\u00f3 del president de la Fundaci\u00f3 de Pilota Valenciana, Joan Alepuz i el responsable del Trinquet de Vila-real, Pepe Mezquita. Tamb\u00e9 han assistit a la presentaci\u00f3 els pilotaris participants en el torneig: Marc, Nacho, Bueno, Jos\u00e9 Salvador, Javi, \u00c1lvaro Gimeno, Santi, Carlos, Giner, Tom\u00e0s II, Hilari i Puchol II, que a m\u00e9s \u00e9s esportista del programa Endavant Esports. El VI Trofeu Villarreal CF, impulsat per la Fundaci\u00f3 del Villarreal CF en col\u00b7laboraci\u00f3 amb la Fundaci\u00f3 de Pilota Valenciana, es juga en modalitat d\u2019escala i corda i comen\u00e7ar\u00e0 el divendres 13 de maig en el Trinquet Salvador Sagols de Vila-real. Aqueix mateix dia, a les 16.45 hores, se celebrar\u00e0 la primera semifinal que enfrontar\u00e0 a l\u2019equip format per Marc, Nacho i Bueno (roig) contra Jos\u00e9 Salvador, Javi i \u00c1lvaro Gimeno (blau). Despr\u00e9s del primer partit, a les 18.30 hores, tindr\u00e0 lloc la segona semifinal que enfrontar\u00e0 al trio format per Puchol II, Santi i Carlos (roig) i a l\u2019equip conformat per Giner, Tom\u00e0s II i Hilari (blau). Els guanyadors del VI Trofeu Vila-real CF no es decidiran fins a la setmana seg\u00fcent. El divendres 20 de maig se celebrar\u00e0 la gran final (18.30h) i la final de consolaci\u00f3 (16.45h) en el mateix escenari, el Trinquet Salvador Sagols de Vila-real. El Villarreal CF, en el seu afany de fomentar la pr\u00e0ctica i el seguiment de l\u2019esport aut\u00f2cton de la Comunitat Valenciana, ha establit un important repartiment de premis: 3.000 euros per a l\u2019equip campi\u00f3, 1.500 euros per al conjunt subcampi\u00f3 i 750 euros per a l\u2019equip que guanye la final de consolaci\u00f3.","headings":[],"texts":[{"type":"paragraph","text":"Vicente Iborra, Pau Torres i Ra\u00fal Albiol han presentat la sisena edici\u00f3 del torneig, que se celebrar\u00e0 el 13 i el 20 de maig en el Trinquet de Villarreal"},{"type":"paragraph","text":"El Villarreal CF ha presentat aquest dijous la sisena edici\u00f3 del \u2018Trofeu Villarreal CF\u2019 de pilota valenciana en pres\u00e8ncia dels futbolistes valencians Ra\u00fal Albiol, Vicente Iborra i Pau Torres. L\u2019acte, celebrat a la Ciutat Esportiva Miralcamp, ha comptat amb la participaci\u00f3 del president de la Fundaci\u00f3 de Pilota Valenciana, Joan Alepuz i el responsable del Trinquet de Vila-real, Pepe Mezquita."},{"type":"paragraph","text":"Tamb\u00e9 han assistit a la presentaci\u00f3 els pilotaris participants en el torneig: Marc, Nacho, Bueno, Jos\u00e9 Salvador, Javi, \u00c1lvaro Gimeno, Santi, Carlos, Giner, Tom\u00e0s II, Hilari i Puchol II, que a m\u00e9s \u00e9s esportista del programa Endavant Esports."},{"type":"paragraph","text":"El VI Trofeu Villarreal CF, impulsat per la Fundaci\u00f3 del Villarreal CF en col\u00b7laboraci\u00f3 amb la Fundaci\u00f3 de Pilota Valenciana, es juga en modalitat d\u2019escala i corda i comen\u00e7ar\u00e0 el divendres 13 de maig en el Trinquet Salvador Sagols de Vila-real."},{"type":"paragraph","text":"Aqueix mateix dia, a les 16.45 hores, se celebrar\u00e0 la primera semifinal que enfrontar\u00e0 a l\u2019equip format per Marc, Nacho i Bueno (roig) contra Jos\u00e9 Salvador, Javi i \u00c1lvaro Gimeno (blau). Despr\u00e9s del primer partit, a les 18.30 hores, tindr\u00e0 lloc la segona semifinal que enfrontar\u00e0 al trio format per Puchol II, Santi i Carlos (roig) i a l\u2019equip conformat per Giner, Tom\u00e0s II i Hilari (blau)."},{"type":"paragraph","text":"Els guanyadors del VI Trofeu Vila-real CF no es decidiran fins a la setmana seg\u00fcent. El divendres 20 de maig se celebrar\u00e0 la gran final (18.30h) i la final de consolaci\u00f3 (16.45h) en el mateix escenari, el Trinquet Salvador Sagols de Vila-real."},{"type":"paragraph","text":"El Villarreal CF, en el seu afany de fomentar la pr\u00e0ctica i el seguiment de l\u2019esport aut\u00f2cton de la Comunitat Valenciana, ha establit un important repartiment de premis: 3.000 euros per a l\u2019equip campi\u00f3, 1.500 euros per al conjunt subcampi\u00f3 i 750 euros per a l\u2019equip que guanye la final de consolaci\u00f3."}],"buttons":[],"images":[{"type":"image","url":"https:\/\/villarrealcf.es\/\/wp-content\/uploads\/2022\/05\/c92684dc309984ea842a8f14f0e653d5.jpg","alt":"||||||","width":1653,"height":929,"srcset":"https:\/\/villarrealcf.es\/wp-content\/uploads\/2022\/05\/c92684dc309984ea842a8f14f0e653d5.jpg 1653w, https:\/\/villarrealcf.es\/\/wp-content\/uploads\/2022\/05\/c92684dc309984ea842a8f14f0e653d5.jpg 1920w, https:\/\/villarrealcf.es\/wp-content\/uploads\/2022\/05\/c92684dc309984ea842a8f14f0e653d5-1024x575.jpg 1024w, https:\/\/villarrealcf.es\/\/wp-content\/uploads\/2022\/05\/c92684dc309984ea842a8f14f0e653d5.jpg 1920w, https:\/\/villarrealcf.es\/wp-content\/uploads\/2022\/05\/c92684dc309984ea842a8f14f0e653d5-1536x863.jpg 1536w, https:\/\/villarrealcf.es\/\/wp-content\/uploads\/2022\/05\/c92684dc309984ea842a8f14f0e653d5.jpg 1920w, https:\/\/villarrealcf.es\/wp-content\/uploads\/2022\/05\/c92684dc309984ea842a8f14f0e653d5-32x18.jpg 32w, https:\/\/villarrealcf.es\/wp-content\/uploads\/2022\/05\/c92684dc309984ea842a8f14f0e653d5-150x84.jpg 150w, https:\/\/villarrealcf.es\/\/wp-content\/uploads\/2022\/05\/c92684dc309984ea842a8f14f0e653d5.jpg 1920w, https:\/\/villarrealcf.es\/wp-content\/uploads\/2022\/05\/c92684dc309984ea842a8f14f0e653d5-1200x674.jpg 1200w","sizes":"auto, (max-width: 1653px) 100vw, 1653px"}],"widgets":[],"blocks":[{"type":"image","url":"https:\/\/villarrealcf.es\/\/wp-content\/uploads\/2022\/05\/c92684dc309984ea842a8f14f0e653d5.jpg","alt":"||||||","width":1653,"height":929,"srcset":"https:\/\/villarrealcf.es\/wp-content\/uploads\/2022\/05\/c92684dc309984ea842a8f14f0e653d5.jpg 1653w, https:\/\/villarrealcf.es\/\/wp-content\/uploads\/2022\/05\/c92684dc309984ea842a8f14f0e653d5.jpg 1920w, https:\/\/villarrealcf.es\/wp-content\/uploads\/2022\/05\/c92684dc309984ea842a8f14f0e653d5-1024x575.jpg 1024w, https:\/\/villarrealcf.es\/\/wp-content\/uploads\/2022\/05\/c92684dc309984ea842a8f14f0e653d5.jpg 1920w, https:\/\/villarrealcf.es\/wp-content\/uploads\/2022\/05\/c92684dc309984ea842a8f14f0e653d5-1536x863.jpg 1536w, https:\/\/villarrealcf.es\/\/wp-content\/uploads\/2022\/05\/c92684dc309984ea842a8f14f0e653d5.jpg 1920w, https:\/\/villarrealcf.es\/wp-content\/uploads\/2022\/05\/c92684dc309984ea842a8f14f0e653d5-32x18.jpg 32w, https:\/\/villarrealcf.es\/wp-content\/uploads\/2022\/05\/c92684dc309984ea842a8f14f0e653d5-150x84.jpg 150w, https:\/\/villarrealcf.es\/\/wp-content\/uploads\/2022\/05\/c92684dc309984ea842a8f14f0e653d5.jpg 1920w, https:\/\/villarrealcf.es\/wp-content\/uploads\/2022\/05\/c92684dc309984ea842a8f14f0e653d5-1200x674.jpg 1200w","sizes":"auto, (max-width: 1653px) 100vw, 1653px"},{"type":"paragraph","text":"Vicente Iborra, Pau Torres i Ra\u00fal Albiol han presentat la sisena edici\u00f3 del torneig, que se celebrar\u00e0 el 13 i el 20 de maig en el Trinquet de Villarreal"},{"type":"paragraph","text":"El Villarreal CF ha presentat aquest dijous la sisena edici\u00f3 del \u2018Trofeu Villarreal CF\u2019 de pilota valenciana en pres\u00e8ncia dels futbolistes valencians Ra\u00fal Albiol, Vicente Iborra i Pau Torres. L\u2019acte, celebrat a la Ciutat Esportiva Miralcamp, ha comptat amb la participaci\u00f3 del president de la Fundaci\u00f3 de Pilota Valenciana, Joan Alepuz i el responsable del Trinquet de Vila-real, Pepe Mezquita."},{"type":"paragraph","text":"Tamb\u00e9 han assistit a la presentaci\u00f3 els pilotaris participants en el torneig: Marc, Nacho, Bueno, Jos\u00e9 Salvador, Javi, \u00c1lvaro Gimeno, Santi, Carlos, Giner, Tom\u00e0s II, Hilari i Puchol II, que a m\u00e9s \u00e9s esportista del programa Endavant Esports."},{"type":"paragraph","text":"El VI Trofeu Villarreal CF, impulsat per la Fundaci\u00f3 del Villarreal CF en col\u00b7laboraci\u00f3 amb la Fundaci\u00f3 de Pilota Valenciana, es juga en modalitat d\u2019escala i corda i comen\u00e7ar\u00e0 el divendres 13 de maig en el Trinquet Salvador Sagols de Vila-real."},{"type":"paragraph","text":"Aqueix mateix dia, a les 16.45 hores, se celebrar\u00e0 la primera semifinal que enfrontar\u00e0 a l\u2019equip format per Marc, Nacho i Bueno (roig) contra Jos\u00e9 Salvador, Javi i \u00c1lvaro Gimeno (blau). Despr\u00e9s del primer partit, a les 18.30 hores, tindr\u00e0 lloc la segona semifinal que enfrontar\u00e0 al trio format per Puchol II, Santi i Carlos (roig) i a l\u2019equip conformat per Giner, Tom\u00e0s II i Hilari (blau)."},{"type":"paragraph","text":"Els guanyadors del VI Trofeu Vila-real CF no es decidiran fins a la setmana seg\u00fcent. El divendres 20 de maig se celebrar\u00e0 la gran final (18.30h) i la final de consolaci\u00f3 (16.45h) en el mateix escenari, el Trinquet Salvador Sagols de Vila-real."},{"type":"paragraph","text":"El Villarreal CF, en el seu afany de fomentar la pr\u00e0ctica i el seguiment de l\u2019esport aut\u00f2cton de la Comunitat Valenciana, ha establit un important repartiment de premis: 3.000 euros per a l\u2019equip campi\u00f3, 1.500 euros per al conjunt subcampi\u00f3 i 750 euros per a l\u2019equip que guanye la final de consolaci\u00f3."},{"type":"video","kind":"iframe","url":"https:\/\/www.youtube.com\/embed\/qW5FaocPYXc?feature=oembed","poster":""}]}},"sections":[{"id":"section-1","title":"","text":"Vicente Iborra, Pau Torres i Ra\u00fal Albiol han presentat la sisena edici\u00f3 del torneig, que se celebrar\u00e0 el 13 i el 20 de maig en el Trinquet de Villarreal El Villarreal CF ha presentat aquest dijous la sisena edici\u00f3 del \u2018Trofeu Villarreal CF\u2019 de pilota valenciana en pres\u00e8ncia dels futbolistes valencians Ra\u00fal Albiol, Vicente Iborra i Pau Torres. L\u2019acte, celebrat a la Ciutat Esportiva Miralcamp, ha comptat amb la participaci\u00f3 del president de la Fundaci\u00f3 de Pilota Valenciana, Joan Alepuz i el responsable del Trinquet de Vila-real, Pepe Mezquita. Tamb\u00e9 han assistit a la presentaci\u00f3 els pilotaris participants en el torneig: Marc, Nacho, Bueno, Jos\u00e9 Salvador, Javi, \u00c1lvaro Gimeno, Santi, Carlos, Giner, Tom\u00e0s II, Hilari i Puchol II, que a m\u00e9s \u00e9s esportista del programa Endavant Esports. El VI Trofeu Villarreal CF, impulsat per la Fundaci\u00f3 del Villarreal CF en col\u00b7laboraci\u00f3 amb la Fundaci\u00f3 de Pilota Valenciana, es juga en modalitat d\u2019escala i corda i comen\u00e7ar\u00e0 el divendres 13 de maig en el Trinquet Salvador Sagols de Vila-real. Aqueix mateix dia, a les 16.45 hores, se celebrar\u00e0 la primera semifinal que enfrontar\u00e0 a l\u2019equip format per Marc, Nacho i Bueno (roig) contra Jos\u00e9 Salvador, Javi i \u00c1lvaro Gimeno (blau). Despr\u00e9s del primer partit, a les 18.30 hores, tindr\u00e0 lloc la segona semifinal que enfrontar\u00e0 al trio format per Puchol II, Santi i Carlos (roig) i a l\u2019equip conformat per Giner, Tom\u00e0s II i Hilari (blau). Els guanyadors del VI Trofeu Vila-real CF no es decidiran fins a la setmana seg\u00fcent. El divendres 20 de maig se celebrar\u00e0 la gran final (18.30h) i la final de consolaci\u00f3 (16.45h) en el mateix escenari, el Trinquet Salvador Sagols de Vila-real. El Villarreal CF, en el seu afany de fomentar la pr\u00e0ctica i el seguiment de l\u2019esport aut\u00f2cton de la Comunitat Valenciana, ha establit un important repartiment de premis: 3.000 euros per a l\u2019equip campi\u00f3, 1.500 euros per al conjunt subcampi\u00f3 i 750 euros per a l\u2019equip que guanye la final de consolaci\u00f3.","url":"","background_image":"","images":[{"type":"image","url":"https:\/\/villarrealcf.es\/\/wp-content\/uploads\/2022\/05\/c92684dc309984ea842a8f14f0e653d5.jpg","alt":"||||||","width":1653,"height":929,"srcset":"https:\/\/villarrealcf.es\/wp-content\/uploads\/2022\/05\/c92684dc309984ea842a8f14f0e653d5.jpg 1653w, https:\/\/villarrealcf.es\/\/wp-content\/uploads\/2022\/05\/c92684dc309984ea842a8f14f0e653d5.jpg 1920w, https:\/\/villarrealcf.es\/wp-content\/uploads\/2022\/05\/c92684dc309984ea842a8f14f0e653d5-1024x575.jpg 1024w, https:\/\/villarrealcf.es\/\/wp-content\/uploads\/2022\/05\/c92684dc309984ea842a8f14f0e653d5.jpg 1920w, https:\/\/villarrealcf.es\/wp-content\/uploads\/2022\/05\/c92684dc309984ea842a8f14f0e653d5-1536x863.jpg 1536w, https:\/\/villarrealcf.es\/\/wp-content\/uploads\/2022\/05\/c92684dc309984ea842a8f14f0e653d5.jpg 1920w, https:\/\/villarrealcf.es\/wp-content\/uploads\/2022\/05\/c92684dc309984ea842a8f14f0e653d5-32x18.jpg 32w, https:\/\/villarrealcf.es\/wp-content\/uploads\/2022\/05\/c92684dc309984ea842a8f14f0e653d5-150x84.jpg 150w, https:\/\/villarrealcf.es\/\/wp-content\/uploads\/2022\/05\/c92684dc309984ea842a8f14f0e653d5.jpg 1920w, https:\/\/villarrealcf.es\/wp-content\/uploads\/2022\/05\/c92684dc309984ea842a8f14f0e653d5-1200x674.jpg 1200w","sizes":"auto, (max-width: 1653px) 100vw, 1653px"}],"videos":[{"type":"video","kind":"iframe","url":"https:\/\/www.youtube.com\/embed\/qW5FaocPYXc?feature=oembed","poster":""}],"links":[]},{"id":"shortcode-caption-69ee789ff3863","type":"shortcode","shortcode":"caption","attributes":{"id":"attachment_183777","align":"alignnone","width":""},"title":"Caption","rendered":"","data":[],"text":"","url":"","background_image":"","images":[],"videos":[],"links":[],"blocks":[]}]},"excerpt":{"rendered":"Vicente Iborra, Pau Torres i Ra\u00fal Albiol han presentat la sisena edici\u00f3 del torneig, que se celebrar\u00e0 el 13 i el 20 de maig en el Trinquet de Villarreal","protected":false},"author":25,"featured_media":183777,"comment_status":"","ping_status":"","sticky":false,"template":"","format":"standard","meta":{"_acf_changed":false,"footnotes":""},"categories":[4845],"tags":[12554,12556,9242,9294,9270,11104,5342,11700,9205,9627,11161,9203],"acf":null,"lang":"val","translations":{"val":223758},"essential_grid":{"has_grid":false},"formatted_date":"May 5, 2022","modified_date":"May 5, 2022","permalink":"https:\/\/villarrealcf.es\/val\/ja-esta-aci-el-vi-trofeu-villarreal-cf-de-pilota\/","reading_time":2,"featured_media_data":{"id":183777,"title":"||||||","caption":"||||||","alt_text":"","description":"","mime_type":"image\/jpeg","source_url":"https:\/\/villarrealcf.es\/wp-content\/uploads\/2022\/05\/c92684dc309984ea842a8f14f0e653d5.jpg","sizes":{"thumbnail":{"url":"https:\/\/villarrealcf.es\/wp-content\/uploads\/2022\/05\/c92684dc309984ea842a8f14f0e653d5-150x150.jpg","width":150,"height":150},"medium":{"url":"https:\/\/villarrealcf.es\/wp-content\/uploads\/2022\/05\/c92684dc309984ea842a8f14f0e653d5-300x169.jpg","width":300,"height":169},"medium_large":{"url":"https:\/\/villarrealcf.es\/wp-content\/uploads\/2022\/05\/c92684dc309984ea842a8f14f0e653d5-768x432.jpg","width":768,"height":432},"large":{"url":"https:\/\/villarrealcf.es\/wp-content\/uploads\/2022\/05\/c92684dc309984ea842a8f14f0e653d5-1024x575.jpg","width":788,"height":442},"1536x1536":{"url":"https:\/\/villarrealcf.es\/wp-content\/uploads\/2022\/05\/c92684dc309984ea842a8f14f0e653d5-1536x863.jpg","width":1536,"height":863},"2048x2048":{"url":"https:\/\/villarrealcf.es\/wp-content\/uploads\/2022\/05\/c92684dc309984ea842a8f14f0e653d5.jpg","width":1653,"height":929},"tp-image-grid":{"url":"https:\/\/villarrealcf.es\/wp-content\/uploads\/2022\/05\/c92684dc309984ea842a8f14f0e653d5-700x700.jpg","width":700,"height":700},"size-bunyad-medium":{"url":"https:\/\/villarrealcf.es\/wp-content\/uploads\/2022\/05\/c92684dc309984ea842a8f14f0e653d5.jpg","width":1653,"height":929},"sportspress-crop-medium":{"url":"https:\/\/villarrealcf.es\/wp-content\/uploads\/2022\/05\/c92684dc309984ea842a8f14f0e653d5-300x300.jpg","width":300,"height":300},"sportspress-fit-medium":{"url":"https:\/\/villarrealcf.es\/wp-content\/uploads\/2022\/05\/c92684dc309984ea842a8f14f0e653d5-300x169.jpg","width":300,"height":169},"sportspress-fit-icon":{"url":"https:\/\/villarrealcf.es\/wp-content\/uploads\/2022\/05\/c92684dc309984ea842a8f14f0e653d5-128x72.jpg","width":128,"height":72},"sportspress-fit-mini":{"url":"https:\/\/villarrealcf.es\/wp-content\/uploads\/2022\/05\/c92684dc309984ea842a8f14f0e653d5-32x18.jpg","width":32,"height":18},"bunyad-small":{"url":"https:\/\/villarrealcf.es\/wp-content\/uploads\/2022\/05\/c92684dc309984ea842a8f14f0e653d5-150x84.jpg","width":150,"height":84},"bunyad-medium":{"url":"https:\/\/villarrealcf.es\/wp-content\/uploads\/2022\/05\/c92684dc309984ea842a8f14f0e653d5-450x253.jpg","width":450,"height":253},"bunyad-full":{"url":"https:\/\/villarrealcf.es\/wp-content\/uploads\/2022\/05\/c92684dc309984ea842a8f14f0e653d5-1200x674.jpg","width":1200,"height":674},"bunyad-viewport":{"url":"https:\/\/villarrealcf.es\/wp-content\/uploads\/2022\/05\/c92684dc309984ea842a8f14f0e653d5.jpg","width":1653,"height":929},"bunyad-768":{"url":"https:\/\/villarrealcf.es\/wp-content\/uploads\/2022\/05\/c92684dc309984ea842a8f14f0e653d5-768x432.jpg","width":768,"height":432},"full":{"url":"https:\/\/villarrealcf.es\/wp-content\/uploads\/2022\/05\/c92684dc309984ea842a8f14f0e653d5.jpg","width":1653,"height":929}}},"author_data":{"id":"25","name":"Javier Ayuso","first_name":"Javier","last_name":"Ayuso","description":"","avatar_url":"https:\/\/secure.gravatar.com\/avatar\/fcf8894be45988fcce5bbff0efe1790d2a7f4ba57e2c7c898f5068154e696495?s=96&d=mm&r=g","acf":null},"taxonomies_data":{"category":[{"id":4845,"name":"Endavant","slug":"endavant","acf":null}],"post_tag":[{"id":12554,"name":"#Football","slug":"football-val","acf":null},{"id":12556,"name":"#Soccer","slug":"soccer-val","acf":null},{"id":9242,"name":"Endavant","slug":"endavant-val-2","acf":null},{"id":9294,"name":"Endavant Esports","slug":"endavant-esports-val-2","acf":null},{"id":9270,"name":"Futbol","slug":"futbol-val","acf":null},{"id":11104,"name":"Pilota Valenciana","slug":"pilota-valenciana-val","acf":null},{"id":5342,"name":"Primer Equipo","slug":"primer-equipo","acf":null},{"id":11700,"name":"Puchol II","slug":"puchol-ii-val","acf":null},{"id":9205,"name":"Submarino","slug":"submarino-val","acf":null},{"id":9627,"name":"Submarino Amarillo","slug":"submarino-amarillo-val","acf":null},{"id":11161,"name":"Trofeu Villarreal CF","slug":"trofeu-villarreal-cf-val","acf":null},{"id":9203,"name":"Villarreal CF","slug":"villarreal-cf-val","acf":null}],"translation_priority":[{"id":733,"name":"Optional","slug":"optional","acf":null}]},"seo_full":{"native":{"title":"Ja est\u00e0 ac\u00ed el VI Trofeu Villarreal CF de pilota! - Web Oficial del Villarreal CF","description":"[caption id=\"attachment_183777\" align=\"alignnone\" width=\"\"]||||||[\/caption]Vicente Iborra, Pau Torres i Ra\u00fal Albiol han presentat la sisena edici\u00f3 del torneig, que se celebrar\u00e0&hellip;","canonical":"https:\/\/villarrealcf.es\/val\/ja-esta-aci-el-vi-trofeu-villarreal-cf-de-pilota\/"}},"_links":{"self":[{"href":"https:\/\/villarrealcf.es\/val\/wp-json\/wp\/v2\/posts\/223758","targetHints":{"allow":["GET"]}}],"collection":[{"href":"https:\/\/villarrealcf.es\/val\/wp-json\/wp\/v2\/posts"}],"about":[{"href":"https:\/\/villarrealcf.es\/val\/wp-json\/wp\/v2\/types\/post"}],"author":[{"embeddable":true,"href":"https:\/\/villarrealcf.es\/val\/wp-json\/wp\/v2\/users\/25"}],"replies":[{"embeddable":true,"href":"https:\/\/villarrealcf.es\/val\/wp-json\/wp\/v2\/comments?post=223758"}],"version-history":[{"count":0,"href":"https:\/\/villarrealcf.es\/val\/wp-json\/wp\/v2\/posts\/223758\/revisions"}],"wp:featuredmedia":[{"embeddable":true,"href":"https:\/\/villarrealcf.es\/val\/wp-json\/wp\/v2\/media\/183777"}],"wp:attachment":[{"href":"https:\/\/villarrealcf.es\/val\/wp-json\/wp\/v2\/media?parent=223758"}],"wp:term":[{"taxonomy":"category","embeddable":true,"href":"https:\/\/villarrealcf.es\/val\/wp-json\/wp\/v2\/categories?post=223758"},{"taxonomy":"post_tag","embeddable":true,"href":"https:\/\/villarrealcf.es\/val\/wp-json\/wp\/v2\/tags?post=223758"}],"curies":[{"name":"wp","href":"https:\/\/api.w.org\/{rel}","templated":true}]}}