{"id":223615,"date":"2022-04-20T14:19:17","date_gmt":"2022-04-20T12:19:17","guid":{"rendered":"https:\/\/villarrealcf.es\/\/el-cem-rep-el-nom-de-pau-torres\/"},"modified":"2022-04-20T14:19:17","modified_gmt":"2022-04-20T12:19:17","slug":"el-cem-rep-el-nom-de-pau-torres","status":"publish","type":"post","link":"https:\/\/villarrealcf.es\/val\/el-cem-rep-el-nom-de-pau-torres\/","title":{"rendered":"El CEM rep el nom de Pau Torres"},"content":{"protected":false,"blocks":[{"type":"image","url":"https:\/\/villarrealcf.es\/\/wp-content\/uploads\/2022\/04\/06129d6eac22c93b453264367316209b.jpg","alt":"||||","width":1653,"height":930,"srcset":"https:\/\/villarrealcf.es\/wp-content\/uploads\/2022\/04\/06129d6eac22c93b453264367316209b.jpg 1653w, https:\/\/villarrealcf.es\/\/wp-content\/uploads\/2022\/04\/06129d6eac22c93b453264367316209b.jpg 1920w, https:\/\/villarrealcf.es\/wp-content\/uploads\/2022\/04\/06129d6eac22c93b453264367316209b-1024x576.jpg 1024w, https:\/\/villarrealcf.es\/\/wp-content\/uploads\/2022\/04\/06129d6eac22c93b453264367316209b.jpg 1920w, https:\/\/villarrealcf.es\/wp-content\/uploads\/2022\/04\/06129d6eac22c93b453264367316209b-1536x864.jpg 1536w, https:\/\/villarrealcf.es\/\/wp-content\/uploads\/2022\/04\/06129d6eac22c93b453264367316209b.jpg 1920w, https:\/\/villarrealcf.es\/wp-content\/uploads\/2022\/04\/06129d6eac22c93b453264367316209b-32x18.jpg 32w, https:\/\/villarrealcf.es\/wp-content\/uploads\/2022\/04\/06129d6eac22c93b453264367316209b-150x84.jpg 150w, https:\/\/villarrealcf.es\/\/wp-content\/uploads\/2022\/04\/06129d6eac22c93b453264367316209b.jpg 1920w, https:\/\/villarrealcf.es\/wp-content\/uploads\/2022\/04\/06129d6eac22c93b453264367316209b-1200x675.jpg 1200w","sizes":"auto, (max-width: 1653px) 100vw, 1653px"},{"type":"paragraph","text":"Les instal\u00b7lacions esportives municipals de Vila-real serviran d\u2019homenatge per al \u2018Xiquet del Poble\u2019"},{"type":"paragraph","text":"El CEM de Vila-real (Centre Esportiu Municipal) rebr\u00e0 el nom de Pau Francisco Torres com a homenatge al central del Villarreal. El jugador groguet ha assistit hui a un acte en les instal\u00b7lacions en el qual es feia oficial el canvi de nom de les mateixes amb l\u2019objectiu de recon\u00e9ixer el magn\u00edfic rendiment esportiu i la qualitat humana del futbolista. A aquest acte tamb\u00e9 van assistir Fernando Roig, president del Villarreal CF, i Fernando Roig Negueroles, conseller delegat del club, per als quals Pau Torres va tindre paraules d\u2019agra\u00efment pel suport a la seua carrera i la seua participaci\u00f3 en el creixement del Villarreal CF."},{"type":"paragraph","text":"Pau, s\u00edmbol d\u2019\u00e8xit per al poble"},{"type":"paragraph","text":"Pau ha portat el futbol de Vila-real a un altre nivell i ha fet veure a tots els xiquets de la ciutat que els somnis poden complir-se. El vila-realenc es va proclamar campi\u00f3 de l\u2019Europa League el passat 26 de maig de 2021 a Gdansk amb el Villarreal i ja \u00e9s un fix en les convocat\u00f2ries de la Selecci\u00f3 Espanyola. El jugador format en la Cantera Grogueta tamb\u00e9 va anar l\u2019any passat semifinalista de l\u2019Eurocopa i subcampi\u00f3 dels Jocs Ol\u00edmpics, convertint-se aix\u00ed en el primer esportista nascut a Vila-real a guanyar una medalla ol\u00edmpica."}],"structured":{"summary":{"text":"Les instal\u00b7lacions esportives municipals de Vila-real serviran d\u2019homenatge per al \u2018Xiquet del Poble\u2019 El CEM de Vila-real (Centre Esportiu Municipal) rebr\u00e0 el nom de Pau Francisco Torres com a homenatge al central del Villarreal. El jugador groguet ha assistit hui a un acte en les instal\u00b7lacions en el qual es feia oficial el canvi de nom de les mateixes amb l\u2019objectiu de recon\u00e9ixer el magn\u00edfic rendiment esportiu i la qualitat humana del futbolista. A aquest acte tamb\u00e9 van assistir Fernando Roig, president del Villarreal CF, i Fernando Roig Negueroles, conseller delegat del club, per als quals Pau Torres va tindre paraules d\u2019agra\u00efment pel suport a la seua carrera i la seua participaci\u00f3 en el creixement del Villarreal CF. Pau, s\u00edmbol d\u2019\u00e8xit per al poble Pau ha portat el futbol de Vila-real a un altre nivell i ha fet veure a tots els xiquets de la ciutat que els somnis poden complir-se. El vila-realenc es va proclamar campi\u00f3 de l\u2019Europa League el passat 26 de maig de 2021 a Gdansk amb el Villarreal i ja \u00e9s un fix en les convocat\u00f2ries de la Selecci\u00f3 Espanyola. El jugador format en la Cantera Grogueta tamb\u00e9 va anar l\u2019any passat semifinalista de l\u2019Eurocopa i subcampi\u00f3 dels Jocs Ol\u00edmpics, convertint-se aix\u00ed en el primer esportista nascut a Vila-real a guanyar una medalla ol\u00edmpica.","headings":[],"buttons":[],"images":[{"type":"image","url":"https:\/\/villarrealcf.es\/\/wp-content\/uploads\/2022\/04\/06129d6eac22c93b453264367316209b.jpg","alt":"||||","width":1653,"height":930,"srcset":"https:\/\/villarrealcf.es\/wp-content\/uploads\/2022\/04\/06129d6eac22c93b453264367316209b.jpg 1653w, https:\/\/villarrealcf.es\/\/wp-content\/uploads\/2022\/04\/06129d6eac22c93b453264367316209b.jpg 1920w, https:\/\/villarrealcf.es\/wp-content\/uploads\/2022\/04\/06129d6eac22c93b453264367316209b-1024x576.jpg 1024w, https:\/\/villarrealcf.es\/\/wp-content\/uploads\/2022\/04\/06129d6eac22c93b453264367316209b.jpg 1920w, https:\/\/villarrealcf.es\/wp-content\/uploads\/2022\/04\/06129d6eac22c93b453264367316209b-1536x864.jpg 1536w, https:\/\/villarrealcf.es\/\/wp-content\/uploads\/2022\/04\/06129d6eac22c93b453264367316209b.jpg 1920w, https:\/\/villarrealcf.es\/wp-content\/uploads\/2022\/04\/06129d6eac22c93b453264367316209b-32x18.jpg 32w, https:\/\/villarrealcf.es\/wp-content\/uploads\/2022\/04\/06129d6eac22c93b453264367316209b-150x84.jpg 150w, https:\/\/villarrealcf.es\/\/wp-content\/uploads\/2022\/04\/06129d6eac22c93b453264367316209b.jpg 1920w, https:\/\/villarrealcf.es\/wp-content\/uploads\/2022\/04\/06129d6eac22c93b453264367316209b-1200x675.jpg 1200w","sizes":"auto, (max-width: 1653px) 100vw, 1653px"}],"counts":{"blocks":5,"headings":0,"texts":4,"buttons":0,"images":1}},"sections":[{"id":"section-1","title":"","text":"Les instal\u00b7lacions esportives municipals de Vila-real serviran d\u2019homenatge per al \u2018Xiquet del Poble\u2019 El CEM de Vila-real (Centre Esportiu Municipal) rebr\u00e0 el nom de Pau Francisco Torres com a homenatge al central del Villarreal. El jugador groguet ha assistit hui a un acte en les instal\u00b7lacions en el qual es feia oficial el canvi de nom de les mateixes amb l\u2019objectiu de recon\u00e9ixer el magn\u00edfic rendiment esportiu i la qualitat humana del futbolista. A aquest acte tamb\u00e9 van assistir Fernando Roig, president del Villarreal CF, i Fernando Roig Negueroles, conseller delegat del club, per als quals Pau Torres va tindre paraules d\u2019agra\u00efment pel suport a la seua carrera i la seua participaci\u00f3 en el creixement del Villarreal CF. Pau, s\u00edmbol d\u2019\u00e8xit per al poble Pau ha portat el futbol de Vila-real a un altre nivell i ha fet veure a tots els xiquets de la ciutat que els somnis poden complir-se. El vila-realenc es va proclamar campi\u00f3 de l\u2019Europa League el passat 26 de maig de 2021 a Gdansk amb el Villarreal i ja \u00e9s un fix en les convocat\u00f2ries de la Selecci\u00f3 Espanyola. El jugador format en la Cantera Grogueta tamb\u00e9 va anar l\u2019any passat semifinalista de l\u2019Eurocopa i subcampi\u00f3 dels Jocs Ol\u00edmpics, convertint-se aix\u00ed en el primer esportista nascut a Vila-real a guanyar una medalla ol\u00edmpica.","headings":[],"texts":[{"type":"paragraph","text":"Les instal\u00b7lacions esportives municipals de Vila-real serviran d\u2019homenatge per al \u2018Xiquet del Poble\u2019"},{"type":"paragraph","text":"El CEM de Vila-real (Centre Esportiu Municipal) rebr\u00e0 el nom de Pau Francisco Torres com a homenatge al central del Villarreal. El jugador groguet ha assistit hui a un acte en les instal\u00b7lacions en el qual es feia oficial el canvi de nom de les mateixes amb l\u2019objectiu de recon\u00e9ixer el magn\u00edfic rendiment esportiu i la qualitat humana del futbolista. A aquest acte tamb\u00e9 van assistir Fernando Roig, president del Villarreal CF, i Fernando Roig Negueroles, conseller delegat del club, per als quals Pau Torres va tindre paraules d\u2019agra\u00efment pel suport a la seua carrera i la seua participaci\u00f3 en el creixement del Villarreal CF."},{"type":"paragraph","text":"Pau, s\u00edmbol d\u2019\u00e8xit per al poble"},{"type":"paragraph","text":"Pau ha portat el futbol de Vila-real a un altre nivell i ha fet veure a tots els xiquets de la ciutat que els somnis poden complir-se. El vila-realenc es va proclamar campi\u00f3 de l\u2019Europa League el passat 26 de maig de 2021 a Gdansk amb el Villarreal i ja \u00e9s un fix en les convocat\u00f2ries de la Selecci\u00f3 Espanyola. El jugador format en la Cantera Grogueta tamb\u00e9 va anar l\u2019any passat semifinalista de l\u2019Eurocopa i subcampi\u00f3 dels Jocs Ol\u00edmpics, convertint-se aix\u00ed en el primer esportista nascut a Vila-real a guanyar una medalla ol\u00edmpica."}],"buttons":[],"images":[{"type":"image","url":"https:\/\/villarrealcf.es\/\/wp-content\/uploads\/2022\/04\/06129d6eac22c93b453264367316209b.jpg","alt":"||||","width":1653,"height":930,"srcset":"https:\/\/villarrealcf.es\/wp-content\/uploads\/2022\/04\/06129d6eac22c93b453264367316209b.jpg 1653w, https:\/\/villarrealcf.es\/\/wp-content\/uploads\/2022\/04\/06129d6eac22c93b453264367316209b.jpg 1920w, https:\/\/villarrealcf.es\/wp-content\/uploads\/2022\/04\/06129d6eac22c93b453264367316209b-1024x576.jpg 1024w, https:\/\/villarrealcf.es\/\/wp-content\/uploads\/2022\/04\/06129d6eac22c93b453264367316209b.jpg 1920w, https:\/\/villarrealcf.es\/wp-content\/uploads\/2022\/04\/06129d6eac22c93b453264367316209b-1536x864.jpg 1536w, https:\/\/villarrealcf.es\/\/wp-content\/uploads\/2022\/04\/06129d6eac22c93b453264367316209b.jpg 1920w, https:\/\/villarrealcf.es\/wp-content\/uploads\/2022\/04\/06129d6eac22c93b453264367316209b-32x18.jpg 32w, https:\/\/villarrealcf.es\/wp-content\/uploads\/2022\/04\/06129d6eac22c93b453264367316209b-150x84.jpg 150w, https:\/\/villarrealcf.es\/\/wp-content\/uploads\/2022\/04\/06129d6eac22c93b453264367316209b.jpg 1920w, https:\/\/villarrealcf.es\/wp-content\/uploads\/2022\/04\/06129d6eac22c93b453264367316209b-1200x675.jpg 1200w","sizes":"auto, (max-width: 1653px) 100vw, 1653px"}],"widgets":[],"blocks":[{"type":"image","url":"https:\/\/villarrealcf.es\/\/wp-content\/uploads\/2022\/04\/06129d6eac22c93b453264367316209b.jpg","alt":"||||","width":1653,"height":930,"srcset":"https:\/\/villarrealcf.es\/wp-content\/uploads\/2022\/04\/06129d6eac22c93b453264367316209b.jpg 1653w, https:\/\/villarrealcf.es\/\/wp-content\/uploads\/2022\/04\/06129d6eac22c93b453264367316209b.jpg 1920w, https:\/\/villarrealcf.es\/wp-content\/uploads\/2022\/04\/06129d6eac22c93b453264367316209b-1024x576.jpg 1024w, https:\/\/villarrealcf.es\/\/wp-content\/uploads\/2022\/04\/06129d6eac22c93b453264367316209b.jpg 1920w, https:\/\/villarrealcf.es\/wp-content\/uploads\/2022\/04\/06129d6eac22c93b453264367316209b-1536x864.jpg 1536w, https:\/\/villarrealcf.es\/\/wp-content\/uploads\/2022\/04\/06129d6eac22c93b453264367316209b.jpg 1920w, https:\/\/villarrealcf.es\/wp-content\/uploads\/2022\/04\/06129d6eac22c93b453264367316209b-32x18.jpg 32w, https:\/\/villarrealcf.es\/wp-content\/uploads\/2022\/04\/06129d6eac22c93b453264367316209b-150x84.jpg 150w, https:\/\/villarrealcf.es\/\/wp-content\/uploads\/2022\/04\/06129d6eac22c93b453264367316209b.jpg 1920w, https:\/\/villarrealcf.es\/wp-content\/uploads\/2022\/04\/06129d6eac22c93b453264367316209b-1200x675.jpg 1200w","sizes":"auto, (max-width: 1653px) 100vw, 1653px"},{"type":"paragraph","text":"Les instal\u00b7lacions esportives municipals de Vila-real serviran d\u2019homenatge per al \u2018Xiquet del Poble\u2019"},{"type":"paragraph","text":"El CEM de Vila-real (Centre Esportiu Municipal) rebr\u00e0 el nom de Pau Francisco Torres com a homenatge al central del Villarreal. El jugador groguet ha assistit hui a un acte en les instal\u00b7lacions en el qual es feia oficial el canvi de nom de les mateixes amb l\u2019objectiu de recon\u00e9ixer el magn\u00edfic rendiment esportiu i la qualitat humana del futbolista. A aquest acte tamb\u00e9 van assistir Fernando Roig, president del Villarreal CF, i Fernando Roig Negueroles, conseller delegat del club, per als quals Pau Torres va tindre paraules d\u2019agra\u00efment pel suport a la seua carrera i la seua participaci\u00f3 en el creixement del Villarreal CF."},{"type":"paragraph","text":"Pau, s\u00edmbol d\u2019\u00e8xit per al poble"},{"type":"paragraph","text":"Pau ha portat el futbol de Vila-real a un altre nivell i ha fet veure a tots els xiquets de la ciutat que els somnis poden complir-se. El vila-realenc es va proclamar campi\u00f3 de l\u2019Europa League el passat 26 de maig de 2021 a Gdansk amb el Villarreal i ja \u00e9s un fix en les convocat\u00f2ries de la Selecci\u00f3 Espanyola. El jugador format en la Cantera Grogueta tamb\u00e9 va anar l\u2019any passat semifinalista de l\u2019Eurocopa i subcampi\u00f3 dels Jocs Ol\u00edmpics, convertint-se aix\u00ed en el primer esportista nascut a Vila-real a guanyar una medalla ol\u00edmpica."}]}],"hero":{"id":"section-1","title":"","text":"Les instal\u00b7lacions esportives municipals de Vila-real serviran d\u2019homenatge per al \u2018Xiquet del Poble\u2019 El CEM de Vila-real (Centre Esportiu Municipal) rebr\u00e0 el nom de Pau Francisco Torres com a homenatge al central del Villarreal. El jugador groguet ha assistit hui a un acte en les instal\u00b7lacions en el qual es feia oficial el canvi de nom de les mateixes amb l\u2019objectiu de recon\u00e9ixer el magn\u00edfic rendiment esportiu i la qualitat humana del futbolista. A aquest acte tamb\u00e9 van assistir Fernando Roig, president del Villarreal CF, i Fernando Roig Negueroles, conseller delegat del club, per als quals Pau Torres va tindre paraules d\u2019agra\u00efment pel suport a la seua carrera i la seua participaci\u00f3 en el creixement del Villarreal CF. Pau, s\u00edmbol d\u2019\u00e8xit per al poble Pau ha portat el futbol de Vila-real a un altre nivell i ha fet veure a tots els xiquets de la ciutat que els somnis poden complir-se. El vila-realenc es va proclamar campi\u00f3 de l\u2019Europa League el passat 26 de maig de 2021 a Gdansk amb el Villarreal i ja \u00e9s un fix en les convocat\u00f2ries de la Selecci\u00f3 Espanyola. El jugador format en la Cantera Grogueta tamb\u00e9 va anar l\u2019any passat semifinalista de l\u2019Eurocopa i subcampi\u00f3 dels Jocs Ol\u00edmpics, convertint-se aix\u00ed en el primer esportista nascut a Vila-real a guanyar una medalla ol\u00edmpica.","headings":[],"texts":[{"type":"paragraph","text":"Les instal\u00b7lacions esportives municipals de Vila-real serviran d\u2019homenatge per al \u2018Xiquet del Poble\u2019"},{"type":"paragraph","text":"El CEM de Vila-real (Centre Esportiu Municipal) rebr\u00e0 el nom de Pau Francisco Torres com a homenatge al central del Villarreal. El jugador groguet ha assistit hui a un acte en les instal\u00b7lacions en el qual es feia oficial el canvi de nom de les mateixes amb l\u2019objectiu de recon\u00e9ixer el magn\u00edfic rendiment esportiu i la qualitat humana del futbolista. A aquest acte tamb\u00e9 van assistir Fernando Roig, president del Villarreal CF, i Fernando Roig Negueroles, conseller delegat del club, per als quals Pau Torres va tindre paraules d\u2019agra\u00efment pel suport a la seua carrera i la seua participaci\u00f3 en el creixement del Villarreal CF."},{"type":"paragraph","text":"Pau, s\u00edmbol d\u2019\u00e8xit per al poble"},{"type":"paragraph","text":"Pau ha portat el futbol de Vila-real a un altre nivell i ha fet veure a tots els xiquets de la ciutat que els somnis poden complir-se. El vila-realenc es va proclamar campi\u00f3 de l\u2019Europa League el passat 26 de maig de 2021 a Gdansk amb el Villarreal i ja \u00e9s un fix en les convocat\u00f2ries de la Selecci\u00f3 Espanyola. El jugador format en la Cantera Grogueta tamb\u00e9 va anar l\u2019any passat semifinalista de l\u2019Eurocopa i subcampi\u00f3 dels Jocs Ol\u00edmpics, convertint-se aix\u00ed en el primer esportista nascut a Vila-real a guanyar una medalla ol\u00edmpica."}],"buttons":[],"images":[{"type":"image","url":"https:\/\/villarrealcf.es\/\/wp-content\/uploads\/2022\/04\/06129d6eac22c93b453264367316209b.jpg","alt":"||||","width":1653,"height":930,"srcset":"https:\/\/villarrealcf.es\/wp-content\/uploads\/2022\/04\/06129d6eac22c93b453264367316209b.jpg 1653w, https:\/\/villarrealcf.es\/\/wp-content\/uploads\/2022\/04\/06129d6eac22c93b453264367316209b.jpg 1920w, https:\/\/villarrealcf.es\/wp-content\/uploads\/2022\/04\/06129d6eac22c93b453264367316209b-1024x576.jpg 1024w, https:\/\/villarrealcf.es\/\/wp-content\/uploads\/2022\/04\/06129d6eac22c93b453264367316209b.jpg 1920w, https:\/\/villarrealcf.es\/wp-content\/uploads\/2022\/04\/06129d6eac22c93b453264367316209b-1536x864.jpg 1536w, https:\/\/villarrealcf.es\/\/wp-content\/uploads\/2022\/04\/06129d6eac22c93b453264367316209b.jpg 1920w, https:\/\/villarrealcf.es\/wp-content\/uploads\/2022\/04\/06129d6eac22c93b453264367316209b-32x18.jpg 32w, https:\/\/villarrealcf.es\/wp-content\/uploads\/2022\/04\/06129d6eac22c93b453264367316209b-150x84.jpg 150w, https:\/\/villarrealcf.es\/\/wp-content\/uploads\/2022\/04\/06129d6eac22c93b453264367316209b.jpg 1920w, https:\/\/villarrealcf.es\/wp-content\/uploads\/2022\/04\/06129d6eac22c93b453264367316209b-1200x675.jpg 1200w","sizes":"auto, (max-width: 1653px) 100vw, 1653px"}],"widgets":[],"blocks":[{"type":"image","url":"https:\/\/villarrealcf.es\/\/wp-content\/uploads\/2022\/04\/06129d6eac22c93b453264367316209b.jpg","alt":"||||","width":1653,"height":930,"srcset":"https:\/\/villarrealcf.es\/wp-content\/uploads\/2022\/04\/06129d6eac22c93b453264367316209b.jpg 1653w, https:\/\/villarrealcf.es\/\/wp-content\/uploads\/2022\/04\/06129d6eac22c93b453264367316209b.jpg 1920w, https:\/\/villarrealcf.es\/wp-content\/uploads\/2022\/04\/06129d6eac22c93b453264367316209b-1024x576.jpg 1024w, https:\/\/villarrealcf.es\/\/wp-content\/uploads\/2022\/04\/06129d6eac22c93b453264367316209b.jpg 1920w, https:\/\/villarrealcf.es\/wp-content\/uploads\/2022\/04\/06129d6eac22c93b453264367316209b-1536x864.jpg 1536w, https:\/\/villarrealcf.es\/\/wp-content\/uploads\/2022\/04\/06129d6eac22c93b453264367316209b.jpg 1920w, https:\/\/villarrealcf.es\/wp-content\/uploads\/2022\/04\/06129d6eac22c93b453264367316209b-32x18.jpg 32w, https:\/\/villarrealcf.es\/wp-content\/uploads\/2022\/04\/06129d6eac22c93b453264367316209b-150x84.jpg 150w, https:\/\/villarrealcf.es\/\/wp-content\/uploads\/2022\/04\/06129d6eac22c93b453264367316209b.jpg 1920w, https:\/\/villarrealcf.es\/wp-content\/uploads\/2022\/04\/06129d6eac22c93b453264367316209b-1200x675.jpg 1200w","sizes":"auto, (max-width: 1653px) 100vw, 1653px"},{"type":"paragraph","text":"Les instal\u00b7lacions esportives municipals de Vila-real serviran d\u2019homenatge per al \u2018Xiquet del Poble\u2019"},{"type":"paragraph","text":"El CEM de Vila-real (Centre Esportiu Municipal) rebr\u00e0 el nom de Pau Francisco Torres com a homenatge al central del Villarreal. El jugador groguet ha assistit hui a un acte en les instal\u00b7lacions en el qual es feia oficial el canvi de nom de les mateixes amb l\u2019objectiu de recon\u00e9ixer el magn\u00edfic rendiment esportiu i la qualitat humana del futbolista. A aquest acte tamb\u00e9 van assistir Fernando Roig, president del Villarreal CF, i Fernando Roig Negueroles, conseller delegat del club, per als quals Pau Torres va tindre paraules d\u2019agra\u00efment pel suport a la seua carrera i la seua participaci\u00f3 en el creixement del Villarreal CF."},{"type":"paragraph","text":"Pau, s\u00edmbol d\u2019\u00e8xit per al poble"},{"type":"paragraph","text":"Pau ha portat el futbol de Vila-real a un altre nivell i ha fet veure a tots els xiquets de la ciutat que els somnis poden complir-se. El vila-realenc es va proclamar campi\u00f3 de l\u2019Europa League el passat 26 de maig de 2021 a Gdansk amb el Villarreal i ja \u00e9s un fix en les convocat\u00f2ries de la Selecci\u00f3 Espanyola. El jugador format en la Cantera Grogueta tamb\u00e9 va anar l\u2019any passat semifinalista de l\u2019Eurocopa i subcampi\u00f3 dels Jocs Ol\u00edmpics, convertint-se aix\u00ed en el primer esportista nascut a Vila-real a guanyar una medalla ol\u00edmpica."}]}},"sections":[{"id":"section-1","title":"","text":"Les instal\u00b7lacions esportives municipals de Vila-real serviran d\u2019homenatge per al \u2018Xiquet del Poble\u2019 El CEM de Vila-real (Centre Esportiu Municipal) rebr\u00e0 el nom de Pau Francisco Torres com a homenatge al central del Villarreal. El jugador groguet ha assistit hui a un acte en les instal\u00b7lacions en el qual es feia oficial el canvi de nom de les mateixes amb l\u2019objectiu de recon\u00e9ixer el magn\u00edfic rendiment esportiu i la qualitat humana del futbolista. A aquest acte tamb\u00e9 van assistir Fernando Roig, president del Villarreal CF, i Fernando Roig Negueroles, conseller delegat del club, per als quals Pau Torres va tindre paraules d\u2019agra\u00efment pel suport a la seua carrera i la seua participaci\u00f3 en el creixement del Villarreal CF. Pau, s\u00edmbol d\u2019\u00e8xit per al poble Pau ha portat el futbol de Vila-real a un altre nivell i ha fet veure a tots els xiquets de la ciutat que els somnis poden complir-se. El vila-realenc es va proclamar campi\u00f3 de l\u2019Europa League el passat 26 de maig de 2021 a Gdansk amb el Villarreal i ja \u00e9s un fix en les convocat\u00f2ries de la Selecci\u00f3 Espanyola. El jugador format en la Cantera Grogueta tamb\u00e9 va anar l\u2019any passat semifinalista de l\u2019Eurocopa i subcampi\u00f3 dels Jocs Ol\u00edmpics, convertint-se aix\u00ed en el primer esportista nascut a Vila-real a guanyar una medalla ol\u00edmpica.","url":"","background_image":"","images":[{"type":"image","url":"https:\/\/villarrealcf.es\/\/wp-content\/uploads\/2022\/04\/06129d6eac22c93b453264367316209b.jpg","alt":"||||","width":1653,"height":930,"srcset":"https:\/\/villarrealcf.es\/wp-content\/uploads\/2022\/04\/06129d6eac22c93b453264367316209b.jpg 1653w, https:\/\/villarrealcf.es\/\/wp-content\/uploads\/2022\/04\/06129d6eac22c93b453264367316209b.jpg 1920w, https:\/\/villarrealcf.es\/wp-content\/uploads\/2022\/04\/06129d6eac22c93b453264367316209b-1024x576.jpg 1024w, https:\/\/villarrealcf.es\/\/wp-content\/uploads\/2022\/04\/06129d6eac22c93b453264367316209b.jpg 1920w, https:\/\/villarrealcf.es\/wp-content\/uploads\/2022\/04\/06129d6eac22c93b453264367316209b-1536x864.jpg 1536w, https:\/\/villarrealcf.es\/\/wp-content\/uploads\/2022\/04\/06129d6eac22c93b453264367316209b.jpg 1920w, https:\/\/villarrealcf.es\/wp-content\/uploads\/2022\/04\/06129d6eac22c93b453264367316209b-32x18.jpg 32w, https:\/\/villarrealcf.es\/wp-content\/uploads\/2022\/04\/06129d6eac22c93b453264367316209b-150x84.jpg 150w, https:\/\/villarrealcf.es\/\/wp-content\/uploads\/2022\/04\/06129d6eac22c93b453264367316209b.jpg 1920w, https:\/\/villarrealcf.es\/wp-content\/uploads\/2022\/04\/06129d6eac22c93b453264367316209b-1200x675.jpg 1200w","sizes":"auto, (max-width: 1653px) 100vw, 1653px"}],"videos":[],"links":[]},{"id":"shortcode-caption-69f008bd48131","type":"shortcode","shortcode":"caption","attributes":{"id":"attachment_183060","align":"alignnone","width":""},"title":"Caption","rendered":"","data":[],"text":"","url":"","background_image":"","images":[],"videos":[],"links":[],"blocks":[]}]},"excerpt":{"rendered":"Les instal\u00b7lacions esportives municipals de Vila-real serviran d&#8217;homenatge per al &#8216;Xiquet del Poble&#8217;","protected":false},"author":1,"featured_media":183060,"comment_status":"","ping_status":"","sticky":false,"template":"","format":"standard","meta":{"_acf_changed":false,"footnotes":""},"categories":[4854],"tags":[12554,12556,9896,10550,11109,12902,9270,11318,9627,9203,13182],"acf":null,"lang":"val","translations":{"val":223615},"essential_grid":{"has_grid":false},"formatted_date":"April 20, 2022","modified_date":"April 20, 2022","permalink":"https:\/\/villarrealcf.es\/val\/el-cem-rep-el-nom-de-pau-torres\/","reading_time":2,"featured_media_data":{"id":183060,"title":"||||","caption":"||||","alt_text":"","description":"","mime_type":"image\/jpeg","source_url":"https:\/\/villarrealcf.es\/wp-content\/uploads\/2022\/04\/06129d6eac22c93b453264367316209b.jpg","sizes":{"thumbnail":{"url":"https:\/\/villarrealcf.es\/wp-content\/uploads\/2022\/04\/06129d6eac22c93b453264367316209b-150x150.jpg","width":150,"height":150},"medium":{"url":"https:\/\/villarrealcf.es\/wp-content\/uploads\/2022\/04\/06129d6eac22c93b453264367316209b-300x169.jpg","width":300,"height":169},"medium_large":{"url":"https:\/\/villarrealcf.es\/wp-content\/uploads\/2022\/04\/06129d6eac22c93b453264367316209b-768x432.jpg","width":768,"height":432},"large":{"url":"https:\/\/villarrealcf.es\/wp-content\/uploads\/2022\/04\/06129d6eac22c93b453264367316209b-1024x576.jpg","width":788,"height":443},"1536x1536":{"url":"https:\/\/villarrealcf.es\/wp-content\/uploads\/2022\/04\/06129d6eac22c93b453264367316209b-1536x864.jpg","width":1536,"height":864},"2048x2048":{"url":"https:\/\/villarrealcf.es\/wp-content\/uploads\/2022\/04\/06129d6eac22c93b453264367316209b.jpg","width":1653,"height":930},"tp-image-grid":{"url":"https:\/\/villarrealcf.es\/wp-content\/uploads\/2022\/04\/06129d6eac22c93b453264367316209b-700x700.jpg","width":700,"height":700},"size-bunyad-medium":{"url":"https:\/\/villarrealcf.es\/wp-content\/uploads\/2022\/04\/06129d6eac22c93b453264367316209b.jpg","width":1653,"height":930},"sportspress-crop-medium":{"url":"https:\/\/villarrealcf.es\/wp-content\/uploads\/2022\/04\/06129d6eac22c93b453264367316209b-300x300.jpg","width":300,"height":300},"sportspress-fit-medium":{"url":"https:\/\/villarrealcf.es\/wp-content\/uploads\/2022\/04\/06129d6eac22c93b453264367316209b-300x169.jpg","width":300,"height":169},"sportspress-fit-icon":{"url":"https:\/\/villarrealcf.es\/wp-content\/uploads\/2022\/04\/06129d6eac22c93b453264367316209b-128x72.jpg","width":128,"height":72},"sportspress-fit-mini":{"url":"https:\/\/villarrealcf.es\/wp-content\/uploads\/2022\/04\/06129d6eac22c93b453264367316209b-32x18.jpg","width":32,"height":18},"bunyad-small":{"url":"https:\/\/villarrealcf.es\/wp-content\/uploads\/2022\/04\/06129d6eac22c93b453264367316209b-150x84.jpg","width":150,"height":84},"bunyad-medium":{"url":"https:\/\/villarrealcf.es\/wp-content\/uploads\/2022\/04\/06129d6eac22c93b453264367316209b-450x253.jpg","width":450,"height":253},"bunyad-full":{"url":"https:\/\/villarrealcf.es\/wp-content\/uploads\/2022\/04\/06129d6eac22c93b453264367316209b-1200x675.jpg","width":1200,"height":675},"bunyad-viewport":{"url":"https:\/\/villarrealcf.es\/wp-content\/uploads\/2022\/04\/06129d6eac22c93b453264367316209b.jpg","width":1653,"height":930},"bunyad-768":{"url":"https:\/\/villarrealcf.es\/wp-content\/uploads\/2022\/04\/06129d6eac22c93b453264367316209b-768x432.jpg","width":768,"height":432},"full":{"url":"https:\/\/villarrealcf.es\/wp-content\/uploads\/2022\/04\/06129d6eac22c93b453264367316209b.jpg","width":1653,"height":930}}},"author_data":{"id":"1","name":"root_envidea","first_name":"Villarreal CF","last_name":"","description":"","avatar_url":"https:\/\/secure.gravatar.com\/avatar\/48f95f42a3ccc324f3a3458e4b9e6fb070b083e99d388e170c1afb061fa99b63?s=96&d=mm&r=g","acf":null},"taxonomies_data":{"category":[{"id":4854,"name":"Noticies Generals","slug":"noticies-generals","acf":null}],"post_tag":[{"id":12554,"name":"#Football","slug":"football-val","acf":null},{"id":12556,"name":"#Soccer","slug":"soccer-val","acf":null},{"id":9896,"name":"Ajuntament de Vila real","slug":"ajuntament-de-vila-real-val","acf":null},{"id":10550,"name":"Ayuntamiento de Vilareal","slug":"ayuntamiento-de-vilareal-val","acf":null},{"id":11109,"name":"Cambio de nombre","slug":"cambio-de-nombre-val","acf":null},{"id":12902,"name":"CEM","slug":"cem-val","acf":null},{"id":9270,"name":"Futbol","slug":"futbol-val","acf":null},{"id":11318,"name":"Pau Torres","slug":"pau-torres-val","acf":null},{"id":9627,"name":"Submarino Amarillo","slug":"submarino-amarillo-val","acf":null},{"id":9203,"name":"Villarreal CF","slug":"villarreal-cf-val","acf":null},{"id":13182,"name":"xiquet del poble","slug":"xiquet-del-poble-val","acf":null}],"translation_priority":[{"id":735,"name":"Optional","slug":"optional-val","acf":null}]},"seo_full":{"native":{"title":"El CEM rep el nom de Pau Torres - Web Oficial del Villarreal CF","description":"[caption id=\"attachment_183060\" align=\"alignnone\" width=\"\"]||||[\/caption]Les instal\u00b7lacions esportives municipals de Vila-real serviran d'homenatge per al 'Xiquet del Poble' El CEM de Vila-real&hellip;","canonical":"https:\/\/villarrealcf.es\/val\/el-cem-rep-el-nom-de-pau-torres\/"}},"_links":{"self":[{"href":"https:\/\/villarrealcf.es\/val\/wp-json\/wp\/v2\/posts\/223615","targetHints":{"allow":["GET"]}}],"collection":[{"href":"https:\/\/villarrealcf.es\/val\/wp-json\/wp\/v2\/posts"}],"about":[{"href":"https:\/\/villarrealcf.es\/val\/wp-json\/wp\/v2\/types\/post"}],"author":[{"embeddable":true,"href":"https:\/\/villarrealcf.es\/val\/wp-json\/wp\/v2\/users\/1"}],"replies":[{"embeddable":true,"href":"https:\/\/villarrealcf.es\/val\/wp-json\/wp\/v2\/comments?post=223615"}],"version-history":[{"count":0,"href":"https:\/\/villarrealcf.es\/val\/wp-json\/wp\/v2\/posts\/223615\/revisions"}],"wp:featuredmedia":[{"embeddable":true,"href":"https:\/\/villarrealcf.es\/val\/wp-json\/wp\/v2\/media\/183060"}],"wp:attachment":[{"href":"https:\/\/villarrealcf.es\/val\/wp-json\/wp\/v2\/media?parent=223615"}],"wp:term":[{"taxonomy":"category","embeddable":true,"href":"https:\/\/villarrealcf.es\/val\/wp-json\/wp\/v2\/categories?post=223615"},{"taxonomy":"post_tag","embeddable":true,"href":"https:\/\/villarrealcf.es\/val\/wp-json\/wp\/v2\/tags?post=223615"}],"curies":[{"name":"wp","href":"https:\/\/api.w.org\/{rel}","templated":true}]}}