{"id":223614,"date":"2022-04-20T13:44:56","date_gmt":"2022-04-20T11:44:56","guid":{"rendered":"https:\/\/villarrealcf.es\/\/el-villarreal-entra-en-la-fase-final-de-la-elaliga-2\/"},"modified":"2022-04-20T13:44:56","modified_gmt":"2022-04-20T11:44:56","slug":"el-villarreal-entra-en-la-fase-final-de-la-elaliga-2","status":"publish","type":"post","link":"https:\/\/villarrealcf.es\/val\/el-villarreal-entra-en-la-fase-final-de-la-elaliga-2\/","title":{"rendered":"\u00a1El Villarreal entra en la fase final de l&#8217;eLaLiga!"},"content":{"protected":false,"blocks":[{"type":"image","url":"https:\/\/villarrealcf.es\/\/wp-content\/uploads\/2022\/04\/e3d2db61f7dc4db70dff37dab9d77a90.jpg","alt":"||||","width":1577,"height":886,"srcset":"https:\/\/villarrealcf.es\/wp-content\/uploads\/2022\/04\/e3d2db61f7dc4db70dff37dab9d77a90.jpg 1577w, https:\/\/villarrealcf.es\/\/wp-content\/uploads\/2022\/04\/e3d2db61f7dc4db70dff37dab9d77a90.jpg 1920w, https:\/\/villarrealcf.es\/wp-content\/uploads\/2022\/04\/e3d2db61f7dc4db70dff37dab9d77a90-1024x575.jpg 1024w, https:\/\/villarrealcf.es\/\/wp-content\/uploads\/2022\/04\/e3d2db61f7dc4db70dff37dab9d77a90.jpg 1920w, https:\/\/villarrealcf.es\/wp-content\/uploads\/2022\/04\/e3d2db61f7dc4db70dff37dab9d77a90-1536x863.jpg 1536w, https:\/\/villarrealcf.es\/\/wp-content\/uploads\/2022\/04\/e3d2db61f7dc4db70dff37dab9d77a90.jpg 1920w, https:\/\/villarrealcf.es\/wp-content\/uploads\/2022\/04\/e3d2db61f7dc4db70dff37dab9d77a90-32x18.jpg 32w, https:\/\/villarrealcf.es\/wp-content\/uploads\/2022\/04\/e3d2db61f7dc4db70dff37dab9d77a90-150x84.jpg 150w, https:\/\/villarrealcf.es\/\/wp-content\/uploads\/2022\/04\/e3d2db61f7dc4db70dff37dab9d77a90.jpg 1920w, https:\/\/villarrealcf.es\/wp-content\/uploads\/2022\/04\/e3d2db61f7dc4db70dff37dab9d77a90-1200x674.jpg 1200w","sizes":"auto, (max-width: 1577px) 100vw, 1577px"},{"type":"paragraph","text":"El Submar\u00ed es classifica despr\u00e9s d\u2019empatar amb el Mirand\u00e9s i v\u00e9ncer al Fuenlabrada"},{"type":"paragraph","text":"Lavinten va ser el representant del Villarreal en les jornades 17 i 19 de la eLaLiga Santander despr\u00e9s d\u2019haver disputat \u2018AdrianCifuentes\u2019 les dos anteriors. El gamer del Submar\u00ed va empatar en la jornada 17 davant el Mirand\u00e9s amb un resultat total de 1-1 (0-0 i 1-1). Despr\u00e9s de descansar en la jornada 18, es va imposar en la seg\u00fcent jornada al Fuenlabrada per 6-2 (1-1 i 5-1)."},{"type":"paragraph","text":"Amb aquests resultats, el Villarreal acaba set\u00e9 del Grup A en la primera fase amb 30 punts i un balan\u00e7 de nou vict\u00f2ries, tres empats i sis derrotes. El Submar\u00ed, aconsegueix d\u2019aquesta manera la classificaci\u00f3 matem\u00e0tica per a la fase final de la eLaLiga, a la qual es classifiquen els huit primers de cada grup."},{"type":"paragraph","text":"A m\u00e9s del Villarreal, la resta d\u2019equips classificats del Grup A s\u00f3n: Atl\u00e9tico de Madrid, UD Ibiza, Levante UD, CA Osasuna, RCD Espanyol, FC Cartagena i Elche CF."}],"structured":{"summary":{"text":"El Submar\u00ed es classifica despr\u00e9s d\u2019empatar amb el Mirand\u00e9s i v\u00e9ncer al Fuenlabrada Lavinten va ser el representant del Villarreal en les jornades 17 i 19 de la eLaLiga Santander despr\u00e9s d\u2019haver disputat \u2018AdrianCifuentes\u2019 les dos anteriors. El gamer del Submar\u00ed va empatar en la jornada 17 davant el Mirand\u00e9s amb un resultat total de 1-1 (0-0 i 1-1). Despr\u00e9s de descansar en la jornada 18, es va imposar en la seg\u00fcent jornada al Fuenlabrada per 6-2 (1-1 i 5-1). Amb aquests resultats, el Villarreal acaba set\u00e9 del Grup A en la primera fase amb 30 punts i un balan\u00e7 de nou vict\u00f2ries, tres empats i sis derrotes. El Submar\u00ed, aconsegueix d\u2019aquesta manera la classificaci\u00f3 matem\u00e0tica per a la fase final de la eLaLiga, a la qual es classifiquen els huit primers de cada grup. A m\u00e9s del Villarreal, la resta d\u2019equips classificats del Grup A s\u00f3n: Atl\u00e9tico de Madrid, UD Ibiza, Levante UD, CA Osasuna, RCD Espanyol, FC Cartagena i Elche CF.","headings":[],"buttons":[],"images":[{"type":"image","url":"https:\/\/villarrealcf.es\/\/wp-content\/uploads\/2022\/04\/e3d2db61f7dc4db70dff37dab9d77a90.jpg","alt":"||||","width":1577,"height":886,"srcset":"https:\/\/villarrealcf.es\/wp-content\/uploads\/2022\/04\/e3d2db61f7dc4db70dff37dab9d77a90.jpg 1577w, https:\/\/villarrealcf.es\/\/wp-content\/uploads\/2022\/04\/e3d2db61f7dc4db70dff37dab9d77a90.jpg 1920w, https:\/\/villarrealcf.es\/wp-content\/uploads\/2022\/04\/e3d2db61f7dc4db70dff37dab9d77a90-1024x575.jpg 1024w, https:\/\/villarrealcf.es\/\/wp-content\/uploads\/2022\/04\/e3d2db61f7dc4db70dff37dab9d77a90.jpg 1920w, https:\/\/villarrealcf.es\/wp-content\/uploads\/2022\/04\/e3d2db61f7dc4db70dff37dab9d77a90-1536x863.jpg 1536w, https:\/\/villarrealcf.es\/\/wp-content\/uploads\/2022\/04\/e3d2db61f7dc4db70dff37dab9d77a90.jpg 1920w, https:\/\/villarrealcf.es\/wp-content\/uploads\/2022\/04\/e3d2db61f7dc4db70dff37dab9d77a90-32x18.jpg 32w, https:\/\/villarrealcf.es\/wp-content\/uploads\/2022\/04\/e3d2db61f7dc4db70dff37dab9d77a90-150x84.jpg 150w, https:\/\/villarrealcf.es\/\/wp-content\/uploads\/2022\/04\/e3d2db61f7dc4db70dff37dab9d77a90.jpg 1920w, https:\/\/villarrealcf.es\/wp-content\/uploads\/2022\/04\/e3d2db61f7dc4db70dff37dab9d77a90-1200x674.jpg 1200w","sizes":"auto, (max-width: 1577px) 100vw, 1577px"}],"counts":{"blocks":5,"headings":0,"texts":4,"buttons":0,"images":1}},"sections":[{"id":"section-1","title":"","text":"El Submar\u00ed es classifica despr\u00e9s d\u2019empatar amb el Mirand\u00e9s i v\u00e9ncer al Fuenlabrada Lavinten va ser el representant del Villarreal en les jornades 17 i 19 de la eLaLiga Santander despr\u00e9s d\u2019haver disputat \u2018AdrianCifuentes\u2019 les dos anteriors. El gamer del Submar\u00ed va empatar en la jornada 17 davant el Mirand\u00e9s amb un resultat total de 1-1 (0-0 i 1-1). Despr\u00e9s de descansar en la jornada 18, es va imposar en la seg\u00fcent jornada al Fuenlabrada per 6-2 (1-1 i 5-1). Amb aquests resultats, el Villarreal acaba set\u00e9 del Grup A en la primera fase amb 30 punts i un balan\u00e7 de nou vict\u00f2ries, tres empats i sis derrotes. El Submar\u00ed, aconsegueix d\u2019aquesta manera la classificaci\u00f3 matem\u00e0tica per a la fase final de la eLaLiga, a la qual es classifiquen els huit primers de cada grup. A m\u00e9s del Villarreal, la resta d\u2019equips classificats del Grup A s\u00f3n: Atl\u00e9tico de Madrid, UD Ibiza, Levante UD, CA Osasuna, RCD Espanyol, FC Cartagena i Elche CF.","headings":[],"texts":[{"type":"paragraph","text":"El Submar\u00ed es classifica despr\u00e9s d\u2019empatar amb el Mirand\u00e9s i v\u00e9ncer al Fuenlabrada"},{"type":"paragraph","text":"Lavinten va ser el representant del Villarreal en les jornades 17 i 19 de la eLaLiga Santander despr\u00e9s d\u2019haver disputat \u2018AdrianCifuentes\u2019 les dos anteriors. El gamer del Submar\u00ed va empatar en la jornada 17 davant el Mirand\u00e9s amb un resultat total de 1-1 (0-0 i 1-1). Despr\u00e9s de descansar en la jornada 18, es va imposar en la seg\u00fcent jornada al Fuenlabrada per 6-2 (1-1 i 5-1)."},{"type":"paragraph","text":"Amb aquests resultats, el Villarreal acaba set\u00e9 del Grup A en la primera fase amb 30 punts i un balan\u00e7 de nou vict\u00f2ries, tres empats i sis derrotes. El Submar\u00ed, aconsegueix d\u2019aquesta manera la classificaci\u00f3 matem\u00e0tica per a la fase final de la eLaLiga, a la qual es classifiquen els huit primers de cada grup."},{"type":"paragraph","text":"A m\u00e9s del Villarreal, la resta d\u2019equips classificats del Grup A s\u00f3n: Atl\u00e9tico de Madrid, UD Ibiza, Levante UD, CA Osasuna, RCD Espanyol, FC Cartagena i Elche CF."}],"buttons":[],"images":[{"type":"image","url":"https:\/\/villarrealcf.es\/\/wp-content\/uploads\/2022\/04\/e3d2db61f7dc4db70dff37dab9d77a90.jpg","alt":"||||","width":1577,"height":886,"srcset":"https:\/\/villarrealcf.es\/wp-content\/uploads\/2022\/04\/e3d2db61f7dc4db70dff37dab9d77a90.jpg 1577w, https:\/\/villarrealcf.es\/\/wp-content\/uploads\/2022\/04\/e3d2db61f7dc4db70dff37dab9d77a90.jpg 1920w, https:\/\/villarrealcf.es\/wp-content\/uploads\/2022\/04\/e3d2db61f7dc4db70dff37dab9d77a90-1024x575.jpg 1024w, https:\/\/villarrealcf.es\/\/wp-content\/uploads\/2022\/04\/e3d2db61f7dc4db70dff37dab9d77a90.jpg 1920w, https:\/\/villarrealcf.es\/wp-content\/uploads\/2022\/04\/e3d2db61f7dc4db70dff37dab9d77a90-1536x863.jpg 1536w, https:\/\/villarrealcf.es\/\/wp-content\/uploads\/2022\/04\/e3d2db61f7dc4db70dff37dab9d77a90.jpg 1920w, https:\/\/villarrealcf.es\/wp-content\/uploads\/2022\/04\/e3d2db61f7dc4db70dff37dab9d77a90-32x18.jpg 32w, https:\/\/villarrealcf.es\/wp-content\/uploads\/2022\/04\/e3d2db61f7dc4db70dff37dab9d77a90-150x84.jpg 150w, https:\/\/villarrealcf.es\/\/wp-content\/uploads\/2022\/04\/e3d2db61f7dc4db70dff37dab9d77a90.jpg 1920w, https:\/\/villarrealcf.es\/wp-content\/uploads\/2022\/04\/e3d2db61f7dc4db70dff37dab9d77a90-1200x674.jpg 1200w","sizes":"auto, (max-width: 1577px) 100vw, 1577px"}],"widgets":[],"blocks":[{"type":"image","url":"https:\/\/villarrealcf.es\/\/wp-content\/uploads\/2022\/04\/e3d2db61f7dc4db70dff37dab9d77a90.jpg","alt":"||||","width":1577,"height":886,"srcset":"https:\/\/villarrealcf.es\/wp-content\/uploads\/2022\/04\/e3d2db61f7dc4db70dff37dab9d77a90.jpg 1577w, https:\/\/villarrealcf.es\/\/wp-content\/uploads\/2022\/04\/e3d2db61f7dc4db70dff37dab9d77a90.jpg 1920w, https:\/\/villarrealcf.es\/wp-content\/uploads\/2022\/04\/e3d2db61f7dc4db70dff37dab9d77a90-1024x575.jpg 1024w, https:\/\/villarrealcf.es\/\/wp-content\/uploads\/2022\/04\/e3d2db61f7dc4db70dff37dab9d77a90.jpg 1920w, https:\/\/villarrealcf.es\/wp-content\/uploads\/2022\/04\/e3d2db61f7dc4db70dff37dab9d77a90-1536x863.jpg 1536w, https:\/\/villarrealcf.es\/\/wp-content\/uploads\/2022\/04\/e3d2db61f7dc4db70dff37dab9d77a90.jpg 1920w, https:\/\/villarrealcf.es\/wp-content\/uploads\/2022\/04\/e3d2db61f7dc4db70dff37dab9d77a90-32x18.jpg 32w, https:\/\/villarrealcf.es\/wp-content\/uploads\/2022\/04\/e3d2db61f7dc4db70dff37dab9d77a90-150x84.jpg 150w, https:\/\/villarrealcf.es\/\/wp-content\/uploads\/2022\/04\/e3d2db61f7dc4db70dff37dab9d77a90.jpg 1920w, https:\/\/villarrealcf.es\/wp-content\/uploads\/2022\/04\/e3d2db61f7dc4db70dff37dab9d77a90-1200x674.jpg 1200w","sizes":"auto, (max-width: 1577px) 100vw, 1577px"},{"type":"paragraph","text":"El Submar\u00ed es classifica despr\u00e9s d\u2019empatar amb el Mirand\u00e9s i v\u00e9ncer al Fuenlabrada"},{"type":"paragraph","text":"Lavinten va ser el representant del Villarreal en les jornades 17 i 19 de la eLaLiga Santander despr\u00e9s d\u2019haver disputat \u2018AdrianCifuentes\u2019 les dos anteriors. El gamer del Submar\u00ed va empatar en la jornada 17 davant el Mirand\u00e9s amb un resultat total de 1-1 (0-0 i 1-1). Despr\u00e9s de descansar en la jornada 18, es va imposar en la seg\u00fcent jornada al Fuenlabrada per 6-2 (1-1 i 5-1)."},{"type":"paragraph","text":"Amb aquests resultats, el Villarreal acaba set\u00e9 del Grup A en la primera fase amb 30 punts i un balan\u00e7 de nou vict\u00f2ries, tres empats i sis derrotes. El Submar\u00ed, aconsegueix d\u2019aquesta manera la classificaci\u00f3 matem\u00e0tica per a la fase final de la eLaLiga, a la qual es classifiquen els huit primers de cada grup."},{"type":"paragraph","text":"A m\u00e9s del Villarreal, la resta d\u2019equips classificats del Grup A s\u00f3n: Atl\u00e9tico de Madrid, UD Ibiza, Levante UD, CA Osasuna, RCD Espanyol, FC Cartagena i Elche CF."}]}],"hero":{"id":"section-1","title":"","text":"El Submar\u00ed es classifica despr\u00e9s d\u2019empatar amb el Mirand\u00e9s i v\u00e9ncer al Fuenlabrada Lavinten va ser el representant del Villarreal en les jornades 17 i 19 de la eLaLiga Santander despr\u00e9s d\u2019haver disputat \u2018AdrianCifuentes\u2019 les dos anteriors. El gamer del Submar\u00ed va empatar en la jornada 17 davant el Mirand\u00e9s amb un resultat total de 1-1 (0-0 i 1-1). Despr\u00e9s de descansar en la jornada 18, es va imposar en la seg\u00fcent jornada al Fuenlabrada per 6-2 (1-1 i 5-1). Amb aquests resultats, el Villarreal acaba set\u00e9 del Grup A en la primera fase amb 30 punts i un balan\u00e7 de nou vict\u00f2ries, tres empats i sis derrotes. El Submar\u00ed, aconsegueix d\u2019aquesta manera la classificaci\u00f3 matem\u00e0tica per a la fase final de la eLaLiga, a la qual es classifiquen els huit primers de cada grup. A m\u00e9s del Villarreal, la resta d\u2019equips classificats del Grup A s\u00f3n: Atl\u00e9tico de Madrid, UD Ibiza, Levante UD, CA Osasuna, RCD Espanyol, FC Cartagena i Elche CF.","headings":[],"texts":[{"type":"paragraph","text":"El Submar\u00ed es classifica despr\u00e9s d\u2019empatar amb el Mirand\u00e9s i v\u00e9ncer al Fuenlabrada"},{"type":"paragraph","text":"Lavinten va ser el representant del Villarreal en les jornades 17 i 19 de la eLaLiga Santander despr\u00e9s d\u2019haver disputat \u2018AdrianCifuentes\u2019 les dos anteriors. El gamer del Submar\u00ed va empatar en la jornada 17 davant el Mirand\u00e9s amb un resultat total de 1-1 (0-0 i 1-1). Despr\u00e9s de descansar en la jornada 18, es va imposar en la seg\u00fcent jornada al Fuenlabrada per 6-2 (1-1 i 5-1)."},{"type":"paragraph","text":"Amb aquests resultats, el Villarreal acaba set\u00e9 del Grup A en la primera fase amb 30 punts i un balan\u00e7 de nou vict\u00f2ries, tres empats i sis derrotes. El Submar\u00ed, aconsegueix d\u2019aquesta manera la classificaci\u00f3 matem\u00e0tica per a la fase final de la eLaLiga, a la qual es classifiquen els huit primers de cada grup."},{"type":"paragraph","text":"A m\u00e9s del Villarreal, la resta d\u2019equips classificats del Grup A s\u00f3n: Atl\u00e9tico de Madrid, UD Ibiza, Levante UD, CA Osasuna, RCD Espanyol, FC Cartagena i Elche CF."}],"buttons":[],"images":[{"type":"image","url":"https:\/\/villarrealcf.es\/\/wp-content\/uploads\/2022\/04\/e3d2db61f7dc4db70dff37dab9d77a90.jpg","alt":"||||","width":1577,"height":886,"srcset":"https:\/\/villarrealcf.es\/wp-content\/uploads\/2022\/04\/e3d2db61f7dc4db70dff37dab9d77a90.jpg 1577w, https:\/\/villarrealcf.es\/\/wp-content\/uploads\/2022\/04\/e3d2db61f7dc4db70dff37dab9d77a90.jpg 1920w, https:\/\/villarrealcf.es\/wp-content\/uploads\/2022\/04\/e3d2db61f7dc4db70dff37dab9d77a90-1024x575.jpg 1024w, https:\/\/villarrealcf.es\/\/wp-content\/uploads\/2022\/04\/e3d2db61f7dc4db70dff37dab9d77a90.jpg 1920w, https:\/\/villarrealcf.es\/wp-content\/uploads\/2022\/04\/e3d2db61f7dc4db70dff37dab9d77a90-1536x863.jpg 1536w, https:\/\/villarrealcf.es\/\/wp-content\/uploads\/2022\/04\/e3d2db61f7dc4db70dff37dab9d77a90.jpg 1920w, https:\/\/villarrealcf.es\/wp-content\/uploads\/2022\/04\/e3d2db61f7dc4db70dff37dab9d77a90-32x18.jpg 32w, https:\/\/villarrealcf.es\/wp-content\/uploads\/2022\/04\/e3d2db61f7dc4db70dff37dab9d77a90-150x84.jpg 150w, https:\/\/villarrealcf.es\/\/wp-content\/uploads\/2022\/04\/e3d2db61f7dc4db70dff37dab9d77a90.jpg 1920w, https:\/\/villarrealcf.es\/wp-content\/uploads\/2022\/04\/e3d2db61f7dc4db70dff37dab9d77a90-1200x674.jpg 1200w","sizes":"auto, (max-width: 1577px) 100vw, 1577px"}],"widgets":[],"blocks":[{"type":"image","url":"https:\/\/villarrealcf.es\/\/wp-content\/uploads\/2022\/04\/e3d2db61f7dc4db70dff37dab9d77a90.jpg","alt":"||||","width":1577,"height":886,"srcset":"https:\/\/villarrealcf.es\/wp-content\/uploads\/2022\/04\/e3d2db61f7dc4db70dff37dab9d77a90.jpg 1577w, https:\/\/villarrealcf.es\/\/wp-content\/uploads\/2022\/04\/e3d2db61f7dc4db70dff37dab9d77a90.jpg 1920w, https:\/\/villarrealcf.es\/wp-content\/uploads\/2022\/04\/e3d2db61f7dc4db70dff37dab9d77a90-1024x575.jpg 1024w, https:\/\/villarrealcf.es\/\/wp-content\/uploads\/2022\/04\/e3d2db61f7dc4db70dff37dab9d77a90.jpg 1920w, https:\/\/villarrealcf.es\/wp-content\/uploads\/2022\/04\/e3d2db61f7dc4db70dff37dab9d77a90-1536x863.jpg 1536w, https:\/\/villarrealcf.es\/\/wp-content\/uploads\/2022\/04\/e3d2db61f7dc4db70dff37dab9d77a90.jpg 1920w, https:\/\/villarrealcf.es\/wp-content\/uploads\/2022\/04\/e3d2db61f7dc4db70dff37dab9d77a90-32x18.jpg 32w, https:\/\/villarrealcf.es\/wp-content\/uploads\/2022\/04\/e3d2db61f7dc4db70dff37dab9d77a90-150x84.jpg 150w, https:\/\/villarrealcf.es\/\/wp-content\/uploads\/2022\/04\/e3d2db61f7dc4db70dff37dab9d77a90.jpg 1920w, https:\/\/villarrealcf.es\/wp-content\/uploads\/2022\/04\/e3d2db61f7dc4db70dff37dab9d77a90-1200x674.jpg 1200w","sizes":"auto, (max-width: 1577px) 100vw, 1577px"},{"type":"paragraph","text":"El Submar\u00ed es classifica despr\u00e9s d\u2019empatar amb el Mirand\u00e9s i v\u00e9ncer al Fuenlabrada"},{"type":"paragraph","text":"Lavinten va ser el representant del Villarreal en les jornades 17 i 19 de la eLaLiga Santander despr\u00e9s d\u2019haver disputat \u2018AdrianCifuentes\u2019 les dos anteriors. El gamer del Submar\u00ed va empatar en la jornada 17 davant el Mirand\u00e9s amb un resultat total de 1-1 (0-0 i 1-1). Despr\u00e9s de descansar en la jornada 18, es va imposar en la seg\u00fcent jornada al Fuenlabrada per 6-2 (1-1 i 5-1)."},{"type":"paragraph","text":"Amb aquests resultats, el Villarreal acaba set\u00e9 del Grup A en la primera fase amb 30 punts i un balan\u00e7 de nou vict\u00f2ries, tres empats i sis derrotes. El Submar\u00ed, aconsegueix d\u2019aquesta manera la classificaci\u00f3 matem\u00e0tica per a la fase final de la eLaLiga, a la qual es classifiquen els huit primers de cada grup."},{"type":"paragraph","text":"A m\u00e9s del Villarreal, la resta d\u2019equips classificats del Grup A s\u00f3n: Atl\u00e9tico de Madrid, UD Ibiza, Levante UD, CA Osasuna, RCD Espanyol, FC Cartagena i Elche CF."}]}},"sections":[{"id":"section-1","title":"","text":"El Submar\u00ed es classifica despr\u00e9s d\u2019empatar amb el Mirand\u00e9s i v\u00e9ncer al Fuenlabrada Lavinten va ser el representant del Villarreal en les jornades 17 i 19 de la eLaLiga Santander despr\u00e9s d\u2019haver disputat \u2018AdrianCifuentes\u2019 les dos anteriors. El gamer del Submar\u00ed va empatar en la jornada 17 davant el Mirand\u00e9s amb un resultat total de 1-1 (0-0 i 1-1). Despr\u00e9s de descansar en la jornada 18, es va imposar en la seg\u00fcent jornada al Fuenlabrada per 6-2 (1-1 i 5-1). Amb aquests resultats, el Villarreal acaba set\u00e9 del Grup A en la primera fase amb 30 punts i un balan\u00e7 de nou vict\u00f2ries, tres empats i sis derrotes. El Submar\u00ed, aconsegueix d\u2019aquesta manera la classificaci\u00f3 matem\u00e0tica per a la fase final de la eLaLiga, a la qual es classifiquen els huit primers de cada grup. A m\u00e9s del Villarreal, la resta d\u2019equips classificats del Grup A s\u00f3n: Atl\u00e9tico de Madrid, UD Ibiza, Levante UD, CA Osasuna, RCD Espanyol, FC Cartagena i Elche CF.","url":"","background_image":"","images":[{"type":"image","url":"https:\/\/villarrealcf.es\/\/wp-content\/uploads\/2022\/04\/e3d2db61f7dc4db70dff37dab9d77a90.jpg","alt":"||||","width":1577,"height":886,"srcset":"https:\/\/villarrealcf.es\/wp-content\/uploads\/2022\/04\/e3d2db61f7dc4db70dff37dab9d77a90.jpg 1577w, https:\/\/villarrealcf.es\/\/wp-content\/uploads\/2022\/04\/e3d2db61f7dc4db70dff37dab9d77a90.jpg 1920w, https:\/\/villarrealcf.es\/wp-content\/uploads\/2022\/04\/e3d2db61f7dc4db70dff37dab9d77a90-1024x575.jpg 1024w, https:\/\/villarrealcf.es\/\/wp-content\/uploads\/2022\/04\/e3d2db61f7dc4db70dff37dab9d77a90.jpg 1920w, https:\/\/villarrealcf.es\/wp-content\/uploads\/2022\/04\/e3d2db61f7dc4db70dff37dab9d77a90-1536x863.jpg 1536w, https:\/\/villarrealcf.es\/\/wp-content\/uploads\/2022\/04\/e3d2db61f7dc4db70dff37dab9d77a90.jpg 1920w, https:\/\/villarrealcf.es\/wp-content\/uploads\/2022\/04\/e3d2db61f7dc4db70dff37dab9d77a90-32x18.jpg 32w, https:\/\/villarrealcf.es\/wp-content\/uploads\/2022\/04\/e3d2db61f7dc4db70dff37dab9d77a90-150x84.jpg 150w, https:\/\/villarrealcf.es\/\/wp-content\/uploads\/2022\/04\/e3d2db61f7dc4db70dff37dab9d77a90.jpg 1920w, https:\/\/villarrealcf.es\/wp-content\/uploads\/2022\/04\/e3d2db61f7dc4db70dff37dab9d77a90-1200x674.jpg 1200w","sizes":"auto, (max-width: 1577px) 100vw, 1577px"}],"videos":[],"links":[]},{"id":"shortcode-caption-69eff59c58f8c","type":"shortcode","shortcode":"caption","attributes":{"id":"attachment_183056","align":"alignnone","width":""},"title":"Caption","rendered":"","data":[],"text":"","url":"","background_image":"","images":[],"videos":[],"links":[],"blocks":[]}]},"excerpt":{"rendered":"El Submar\u00ed es classifica despr\u00e9s d&#8217;empatar amb el Mirand\u00e9s i v\u00e9ncer al Fuenlabrada","protected":false},"author":1,"featured_media":183056,"comment_status":"","ping_status":"","sticky":false,"template":"","format":"standard","meta":{"_acf_changed":false,"footnotes":""},"categories":[4854],"tags":[12337,11480,12359,9186,13106,9627,9203],"acf":null,"lang":"val","translations":{"val":223614},"essential_grid":{"has_grid":false},"formatted_date":"April 20, 2022","modified_date":"April 20, 2022","permalink":"https:\/\/villarrealcf.es\/val\/el-villarreal-entra-en-la-fase-final-de-la-elaliga-2\/","reading_time":1,"featured_media_data":{"id":183056,"title":"||||","caption":"||||","alt_text":"","description":"","mime_type":"image\/jpeg","source_url":"https:\/\/villarrealcf.es\/wp-content\/uploads\/2022\/04\/e3d2db61f7dc4db70dff37dab9d77a90.jpg","sizes":{"thumbnail":{"url":"https:\/\/villarrealcf.es\/wp-content\/uploads\/2022\/04\/e3d2db61f7dc4db70dff37dab9d77a90-150x150.jpg","width":150,"height":150},"medium":{"url":"https:\/\/villarrealcf.es\/wp-content\/uploads\/2022\/04\/e3d2db61f7dc4db70dff37dab9d77a90-300x169.jpg","width":300,"height":169},"medium_large":{"url":"https:\/\/villarrealcf.es\/wp-content\/uploads\/2022\/04\/e3d2db61f7dc4db70dff37dab9d77a90-768x431.jpg","width":768,"height":431},"large":{"url":"https:\/\/villarrealcf.es\/wp-content\/uploads\/2022\/04\/e3d2db61f7dc4db70dff37dab9d77a90-1024x575.jpg","width":788,"height":442},"1536x1536":{"url":"https:\/\/villarrealcf.es\/wp-content\/uploads\/2022\/04\/e3d2db61f7dc4db70dff37dab9d77a90-1536x863.jpg","width":1536,"height":863},"2048x2048":{"url":"https:\/\/villarrealcf.es\/wp-content\/uploads\/2022\/04\/e3d2db61f7dc4db70dff37dab9d77a90.jpg","width":1577,"height":886},"tp-image-grid":{"url":"https:\/\/villarrealcf.es\/wp-content\/uploads\/2022\/04\/e3d2db61f7dc4db70dff37dab9d77a90-700x700.jpg","width":700,"height":700},"size-bunyad-medium":{"url":"https:\/\/villarrealcf.es\/wp-content\/uploads\/2022\/04\/e3d2db61f7dc4db70dff37dab9d77a90.jpg","width":1577,"height":886},"sportspress-crop-medium":{"url":"https:\/\/villarrealcf.es\/wp-content\/uploads\/2022\/04\/e3d2db61f7dc4db70dff37dab9d77a90-300x300.jpg","width":300,"height":300},"sportspress-fit-medium":{"url":"https:\/\/villarrealcf.es\/wp-content\/uploads\/2022\/04\/e3d2db61f7dc4db70dff37dab9d77a90-300x169.jpg","width":300,"height":169},"sportspress-fit-icon":{"url":"https:\/\/villarrealcf.es\/wp-content\/uploads\/2022\/04\/e3d2db61f7dc4db70dff37dab9d77a90-128x72.jpg","width":128,"height":72},"sportspress-fit-mini":{"url":"https:\/\/villarrealcf.es\/wp-content\/uploads\/2022\/04\/e3d2db61f7dc4db70dff37dab9d77a90-32x18.jpg","width":32,"height":18},"bunyad-small":{"url":"https:\/\/villarrealcf.es\/wp-content\/uploads\/2022\/04\/e3d2db61f7dc4db70dff37dab9d77a90-150x84.jpg","width":150,"height":84},"bunyad-medium":{"url":"https:\/\/villarrealcf.es\/wp-content\/uploads\/2022\/04\/e3d2db61f7dc4db70dff37dab9d77a90-450x253.jpg","width":450,"height":253},"bunyad-full":{"url":"https:\/\/villarrealcf.es\/wp-content\/uploads\/2022\/04\/e3d2db61f7dc4db70dff37dab9d77a90-1200x674.jpg","width":1200,"height":674},"bunyad-viewport":{"url":"https:\/\/villarrealcf.es\/wp-content\/uploads\/2022\/04\/e3d2db61f7dc4db70dff37dab9d77a90.jpg","width":1577,"height":886},"bunyad-768":{"url":"https:\/\/villarrealcf.es\/wp-content\/uploads\/2022\/04\/e3d2db61f7dc4db70dff37dab9d77a90-768x431.jpg","width":768,"height":431},"full":{"url":"https:\/\/villarrealcf.es\/wp-content\/uploads\/2022\/04\/e3d2db61f7dc4db70dff37dab9d77a90.jpg","width":1577,"height":886}}},"author_data":{"id":"1","name":"root_envidea","first_name":"Villarreal CF","last_name":"","description":"","avatar_url":"https:\/\/secure.gravatar.com\/avatar\/48f95f42a3ccc324f3a3458e4b9e6fb070b083e99d388e170c1afb061fa99b63?s=96&d=mm&r=g","acf":null},"taxonomies_data":{"category":[{"id":4854,"name":"Noticies Generals","slug":"noticies-generals","acf":null}],"post_tag":[{"id":12337,"name":"CD Mirand\u00e9s","slug":"cd-mirandes-val","acf":null},{"id":11480,"name":"CF Fuenlabrada","slug":"cf-fuenlabrada-val","acf":null},{"id":12359,"name":"eLaLiga","slug":"elaliga-val","acf":null},{"id":9186,"name":"eSports","slug":"esports-val","acf":null},{"id":13106,"name":"Lavinten","slug":"lavinten-val","acf":null},{"id":9627,"name":"Submarino Amarillo","slug":"submarino-amarillo-val","acf":null},{"id":9203,"name":"Villarreal CF","slug":"villarreal-cf-val","acf":null}],"translation_priority":[{"id":735,"name":"Optional","slug":"optional-val","acf":null}]},"seo_full":{"native":{"title":"\u00a1El Villarreal entra en la fase final de l&#8217;eLaLiga! - Web Oficial del Villarreal CF","description":"[caption id=\"attachment_183056\" align=\"alignnone\" width=\"\"]||||[\/caption]El Submar\u00ed es classifica despr\u00e9s d'empatar amb el Mirand\u00e9s i v\u00e9ncer al Fuenlabrada Lavinten va ser el&hellip;","canonical":"https:\/\/villarrealcf.es\/val\/el-villarreal-entra-en-la-fase-final-de-la-elaliga-2\/"}},"_links":{"self":[{"href":"https:\/\/villarrealcf.es\/val\/wp-json\/wp\/v2\/posts\/223614","targetHints":{"allow":["GET"]}}],"collection":[{"href":"https:\/\/villarrealcf.es\/val\/wp-json\/wp\/v2\/posts"}],"about":[{"href":"https:\/\/villarrealcf.es\/val\/wp-json\/wp\/v2\/types\/post"}],"author":[{"embeddable":true,"href":"https:\/\/villarrealcf.es\/val\/wp-json\/wp\/v2\/users\/1"}],"replies":[{"embeddable":true,"href":"https:\/\/villarrealcf.es\/val\/wp-json\/wp\/v2\/comments?post=223614"}],"version-history":[{"count":0,"href":"https:\/\/villarrealcf.es\/val\/wp-json\/wp\/v2\/posts\/223614\/revisions"}],"wp:featuredmedia":[{"embeddable":true,"href":"https:\/\/villarrealcf.es\/val\/wp-json\/wp\/v2\/media\/183056"}],"wp:attachment":[{"href":"https:\/\/villarrealcf.es\/val\/wp-json\/wp\/v2\/media?parent=223614"}],"wp:term":[{"taxonomy":"category","embeddable":true,"href":"https:\/\/villarrealcf.es\/val\/wp-json\/wp\/v2\/categories?post=223614"},{"taxonomy":"post_tag","embeddable":true,"href":"https:\/\/villarrealcf.es\/val\/wp-json\/wp\/v2\/tags?post=223614"}],"curies":[{"name":"wp","href":"https:\/\/api.w.org\/{rel}","templated":true}]}}