{"id":223579,"date":"2022-04-16T21:34:42","date_gmt":"2022-04-16T19:34:42","guid":{"rendered":"https:\/\/villarrealcf.es\/\/emery-todavia-aspiramos-a-puestos-europeos-2\/"},"modified":"2022-04-16T21:34:42","modified_gmt":"2022-04-16T19:34:42","slug":"emery-todavia-aspiramos-a-puestos-europeos-2","status":"publish","type":"post","link":"https:\/\/villarrealcf.es\/val\/emery-todavia-aspiramos-a-puestos-europeos-2\/","title":{"rendered":"Emery: &#8220;Encara aspirem a llocs europeus&#8221;"},"content":{"protected":false,"blocks":[{"type":"image","url":"https:\/\/villarrealcf.es\/\/wp-content\/uploads\/2022\/04\/99e6360b1a00ecc15d351d3363e8ec73.jpg","alt":"||||||","width":1653,"height":930,"srcset":"https:\/\/villarrealcf.es\/wp-content\/uploads\/2022\/04\/99e6360b1a00ecc15d351d3363e8ec73.jpg 1653w, https:\/\/villarrealcf.es\/\/wp-content\/uploads\/2022\/04\/99e6360b1a00ecc15d351d3363e8ec73.jpg 1920w, https:\/\/villarrealcf.es\/wp-content\/uploads\/2022\/04\/99e6360b1a00ecc15d351d3363e8ec73-1024x576.jpg 1024w, https:\/\/villarrealcf.es\/\/wp-content\/uploads\/2022\/04\/99e6360b1a00ecc15d351d3363e8ec73.jpg 1920w, https:\/\/villarrealcf.es\/wp-content\/uploads\/2022\/04\/99e6360b1a00ecc15d351d3363e8ec73-1536x864.jpg 1536w, https:\/\/villarrealcf.es\/\/wp-content\/uploads\/2022\/04\/99e6360b1a00ecc15d351d3363e8ec73.jpg 1920w, https:\/\/villarrealcf.es\/wp-content\/uploads\/2022\/04\/99e6360b1a00ecc15d351d3363e8ec73-32x18.jpg 32w, https:\/\/villarrealcf.es\/wp-content\/uploads\/2022\/04\/99e6360b1a00ecc15d351d3363e8ec73-150x84.jpg 150w, https:\/\/villarrealcf.es\/\/wp-content\/uploads\/2022\/04\/99e6360b1a00ecc15d351d3363e8ec73.jpg 1920w, https:\/\/villarrealcf.es\/wp-content\/uploads\/2022\/04\/99e6360b1a00ecc15d351d3363e8ec73-1200x675.jpg 1200w","sizes":"auto, (max-width: 1653px) 100vw, 1653px"},{"type":"paragraph","text":"El t\u00e8cnic d\u2019Hondarribia creu que la vict\u00f2ria a Getafe \u00e9s justa i valora la bona actuaci\u00f3 de l\u2019equip"},{"type":"paragraph","text":"L\u2019entrenador del Villarreal, Unai Emery, va valorar en roda de premsa la vict\u00f2ria (1-2) del Submar\u00ed en el Coliseum Alfonso P\u00e9rez davant el Getafe. El t\u00e8cnic d\u2019Hondarribia va subratllar la resposta de l\u2019equip en la volta a LaLiga despr\u00e9s de l\u2019esfor\u00e7 de Munic. Aquests s\u00f3n els aspectes m\u00e9s destacats de les declaracions del preparador groguet:"},{"type":"paragraph","text":"An\u00e0lisi del partit"},{"type":"paragraph","text":"\u201cEs poden diferenciar dues parts en el partit. Primer hem aconseguit desactivar aqueixa pressi\u00f3 molt forta amb la qual han comen\u00e7at ells i amb el 0-1 hem tingut un primer temps en el qual hem controlat el joc i no hem especulat per a guanyar. En el segon temps, el gui\u00f3 havia de canviar. Ells han tirat m\u00e9s gent cap amunt i, saltant les primeres l\u00ednies de pressi\u00f3, vol\u00edem trobar espais per a fer el 0-3, per\u00f2 era m\u00e9s dif\u00edcil i ells provocaven situacions en les quals hav\u00edem de defensar a prop. Al no fer el tercer, sempre est\u00e0s exposat, per\u00f2 l\u2019equip ha sabut mantindre\u2019s. El resultat \u00e9s just\u201d."},{"type":"paragraph","text":"Rotacions"},{"type":"paragraph","text":"\u201cEl resultat et dona sempre l\u2019an\u00e0lisi del que est\u00e0 ben fet, per\u00f2 el mateix hem fet en altres partits i no ha eixit. \u00c9s q\u00fcesti\u00f3 de com van els partits. Que ells no hagen marcat el primer gol ha sigut important\u201d."},{"type":"paragraph","text":"Aspiracions europees"},{"type":"paragraph","text":"\u201cUna cosa \u00e9s l\u2019ambici\u00f3 que tenim i una altra el que vas trobant en el cam\u00ed. Les frustracions s\u00f3n majors si tamb\u00e9 ho s\u00f3n les exig\u00e8ncies. Aquesta temporada fencs tingut moltes baixes, com la de Pau a principi de temporada, Gerard o Danjuma. Quan comen\u00e7\u00e0vem a remuntar en LaLiga, ens hem ficat en les eliminat\u00f2ries davant Juve i Bayern. T\u2019adones que \u00e9s dif\u00edcil mantindre aqueixes dues vies. Volem estar a Europa per a fer el que estem fent enguany. El sacrifici \u00e9s alt, per\u00f2 la recompensa \u00e9s enorme. Encara volem accedir a aqueixes posicions. Continuarem competint en LaLiga, per\u00f2 hi ha unes raons paral\u00b7leles que fortifiquen molt el global de la temporada\u201d."},{"type":"paragraph","text":"Clica en el v\u00eddeo per a veure la roda de premsa completa."},{"type":"video","kind":"iframe","url":"https:\/\/www.youtube.com\/embed\/ieyuUnY9Luo?feature=oembed","poster":""}],"structured":{"summary":{"text":"El t\u00e8cnic d\u2019Hondarribia creu que la vict\u00f2ria a Getafe \u00e9s justa i valora la bona actuaci\u00f3 de l\u2019equip L\u2019entrenador del Villarreal, Unai Emery, va valorar en roda de premsa la vict\u00f2ria (1-2) del Submar\u00ed en el Coliseum Alfonso P\u00e9rez davant el Getafe. El t\u00e8cnic d\u2019Hondarribia va subratllar la resposta de l\u2019equip en la volta a LaLiga despr\u00e9s de l\u2019esfor\u00e7 de Munic. Aquests s\u00f3n els aspectes m\u00e9s destacats de les declaracions del preparador groguet: An\u00e0lisi del partit \u201cEs poden diferenciar dues parts en el partit. Primer hem aconseguit desactivar aqueixa pressi\u00f3 molt forta amb la qual han comen\u00e7at ells i amb el 0-1 hem tingut un primer temps en el qual hem controlat el joc i no hem especulat per a guanyar. En el segon temps, el gui\u00f3 havia de canviar. Ells han tirat m\u00e9s gent cap amunt i, saltant les primeres l\u00ednies de pressi\u00f3, vol\u00edem trobar espais per a fer el 0-3, per\u00f2 era m\u00e9s dif\u00edcil i ells provocaven situacions en les quals hav\u00edem de defensar a prop. Al no fer el tercer, sempre est\u00e0s exposat, per\u00f2 l\u2019equip ha sabut mantindre\u2019s. El resultat \u00e9s just\u201d. Rotacions \u201cEl resultat et dona sempre l\u2019an\u00e0lisi del que est\u00e0 ben fet, per\u00f2 el mateix hem fet en altres partits i no ha eixit. \u00c9s q\u00fcesti\u00f3 de com van els partits. Que ells no hagen marcat el primer gol ha sigut important\u201d. Aspiracions europees \u201cUna cosa \u00e9s l\u2019ambici\u00f3 que tenim i una altra el que vas trobant en el cam\u00ed. Les frustracions s\u00f3n majors si tamb\u00e9 ho s\u00f3n les exig\u00e8ncies. Aquesta temporada fencs tingut moltes baixes, com la de Pau a principi de temporada, Gerard o Danjuma. Quan comen\u00e7\u00e0vem a remuntar en LaLiga, ens hem ficat en les eliminat\u00f2ries davant Juve i Bayern. T\u2019adones que \u00e9s dif\u00edcil mantindre aqueixes dues vies. Volem estar a Europa per a fer el que estem fent enguany. El sacrifici \u00e9s alt, per\u00f2 la recompensa \u00e9s enorme. Encara volem accedir a aqueixes posicions. Continuarem competint en LaLiga, per\u00f2 hi ha unes raons paral\u00b7leles que fortifiquen molt el global de la temporada\u201d. Clica en el v\u00eddeo per a veure la roda de premsa completa.","headings":[],"buttons":[],"images":[{"type":"image","url":"https:\/\/villarrealcf.es\/\/wp-content\/uploads\/2022\/04\/99e6360b1a00ecc15d351d3363e8ec73.jpg","alt":"||||||","width":1653,"height":930,"srcset":"https:\/\/villarrealcf.es\/wp-content\/uploads\/2022\/04\/99e6360b1a00ecc15d351d3363e8ec73.jpg 1653w, https:\/\/villarrealcf.es\/\/wp-content\/uploads\/2022\/04\/99e6360b1a00ecc15d351d3363e8ec73.jpg 1920w, https:\/\/villarrealcf.es\/wp-content\/uploads\/2022\/04\/99e6360b1a00ecc15d351d3363e8ec73-1024x576.jpg 1024w, https:\/\/villarrealcf.es\/\/wp-content\/uploads\/2022\/04\/99e6360b1a00ecc15d351d3363e8ec73.jpg 1920w, https:\/\/villarrealcf.es\/wp-content\/uploads\/2022\/04\/99e6360b1a00ecc15d351d3363e8ec73-1536x864.jpg 1536w, https:\/\/villarrealcf.es\/\/wp-content\/uploads\/2022\/04\/99e6360b1a00ecc15d351d3363e8ec73.jpg 1920w, https:\/\/villarrealcf.es\/wp-content\/uploads\/2022\/04\/99e6360b1a00ecc15d351d3363e8ec73-32x18.jpg 32w, https:\/\/villarrealcf.es\/wp-content\/uploads\/2022\/04\/99e6360b1a00ecc15d351d3363e8ec73-150x84.jpg 150w, https:\/\/villarrealcf.es\/\/wp-content\/uploads\/2022\/04\/99e6360b1a00ecc15d351d3363e8ec73.jpg 1920w, https:\/\/villarrealcf.es\/wp-content\/uploads\/2022\/04\/99e6360b1a00ecc15d351d3363e8ec73-1200x675.jpg 1200w","sizes":"auto, (max-width: 1653px) 100vw, 1653px"}],"counts":{"blocks":11,"headings":0,"texts":9,"buttons":0,"images":1}},"sections":[{"id":"section-1","title":"","text":"El t\u00e8cnic d\u2019Hondarribia creu que la vict\u00f2ria a Getafe \u00e9s justa i valora la bona actuaci\u00f3 de l\u2019equip L\u2019entrenador del Villarreal, Unai Emery, va valorar en roda de premsa la vict\u00f2ria (1-2) del Submar\u00ed en el Coliseum Alfonso P\u00e9rez davant el Getafe. El t\u00e8cnic d\u2019Hondarribia va subratllar la resposta de l\u2019equip en la volta a LaLiga despr\u00e9s de l\u2019esfor\u00e7 de Munic. Aquests s\u00f3n els aspectes m\u00e9s destacats de les declaracions del preparador groguet: An\u00e0lisi del partit \u201cEs poden diferenciar dues parts en el partit. Primer hem aconseguit desactivar aqueixa pressi\u00f3 molt forta amb la qual han comen\u00e7at ells i amb el 0-1 hem tingut un primer temps en el qual hem controlat el joc i no hem especulat per a guanyar. En el segon temps, el gui\u00f3 havia de canviar. Ells han tirat m\u00e9s gent cap amunt i, saltant les primeres l\u00ednies de pressi\u00f3, vol\u00edem trobar espais per a fer el 0-3, per\u00f2 era m\u00e9s dif\u00edcil i ells provocaven situacions en les quals hav\u00edem de defensar a prop. Al no fer el tercer, sempre est\u00e0s exposat, per\u00f2 l\u2019equip ha sabut mantindre\u2019s. El resultat \u00e9s just\u201d. Rotacions \u201cEl resultat et dona sempre l\u2019an\u00e0lisi del que est\u00e0 ben fet, per\u00f2 el mateix hem fet en altres partits i no ha eixit. \u00c9s q\u00fcesti\u00f3 de com van els partits. Que ells no hagen marcat el primer gol ha sigut important\u201d. Aspiracions europees \u201cUna cosa \u00e9s l\u2019ambici\u00f3 que tenim i una altra el que vas trobant en el cam\u00ed. Les frustracions s\u00f3n majors si tamb\u00e9 ho s\u00f3n les exig\u00e8ncies. Aquesta temporada fencs tingut moltes baixes, com la de Pau a principi de temporada, Gerard o Danjuma. Quan comen\u00e7\u00e0vem a remuntar en LaLiga, ens hem ficat en les eliminat\u00f2ries davant Juve i Bayern. T\u2019adones que \u00e9s dif\u00edcil mantindre aqueixes dues vies. Volem estar a Europa per a fer el que estem fent enguany. El sacrifici \u00e9s alt, per\u00f2 la recompensa \u00e9s enorme. Encara volem accedir a aqueixes posicions. Continuarem competint en LaLiga, per\u00f2 hi ha unes raons paral\u00b7leles que fortifiquen molt el global de la temporada\u201d. Clica en el v\u00eddeo per a veure la roda de premsa completa.","headings":[],"texts":[{"type":"paragraph","text":"El t\u00e8cnic d\u2019Hondarribia creu que la vict\u00f2ria a Getafe \u00e9s justa i valora la bona actuaci\u00f3 de l\u2019equip"},{"type":"paragraph","text":"L\u2019entrenador del Villarreal, Unai Emery, va valorar en roda de premsa la vict\u00f2ria (1-2) del Submar\u00ed en el Coliseum Alfonso P\u00e9rez davant el Getafe. El t\u00e8cnic d\u2019Hondarribia va subratllar la resposta de l\u2019equip en la volta a LaLiga despr\u00e9s de l\u2019esfor\u00e7 de Munic. Aquests s\u00f3n els aspectes m\u00e9s destacats de les declaracions del preparador groguet:"},{"type":"paragraph","text":"An\u00e0lisi del partit"},{"type":"paragraph","text":"\u201cEs poden diferenciar dues parts en el partit. Primer hem aconseguit desactivar aqueixa pressi\u00f3 molt forta amb la qual han comen\u00e7at ells i amb el 0-1 hem tingut un primer temps en el qual hem controlat el joc i no hem especulat per a guanyar. En el segon temps, el gui\u00f3 havia de canviar. Ells han tirat m\u00e9s gent cap amunt i, saltant les primeres l\u00ednies de pressi\u00f3, vol\u00edem trobar espais per a fer el 0-3, per\u00f2 era m\u00e9s dif\u00edcil i ells provocaven situacions en les quals hav\u00edem de defensar a prop. Al no fer el tercer, sempre est\u00e0s exposat, per\u00f2 l\u2019equip ha sabut mantindre\u2019s. El resultat \u00e9s just\u201d."},{"type":"paragraph","text":"Rotacions"},{"type":"paragraph","text":"\u201cEl resultat et dona sempre l\u2019an\u00e0lisi del que est\u00e0 ben fet, per\u00f2 el mateix hem fet en altres partits i no ha eixit. \u00c9s q\u00fcesti\u00f3 de com van els partits. Que ells no hagen marcat el primer gol ha sigut important\u201d."},{"type":"paragraph","text":"Aspiracions europees"},{"type":"paragraph","text":"\u201cUna cosa \u00e9s l\u2019ambici\u00f3 que tenim i una altra el que vas trobant en el cam\u00ed. Les frustracions s\u00f3n majors si tamb\u00e9 ho s\u00f3n les exig\u00e8ncies. Aquesta temporada fencs tingut moltes baixes, com la de Pau a principi de temporada, Gerard o Danjuma. Quan comen\u00e7\u00e0vem a remuntar en LaLiga, ens hem ficat en les eliminat\u00f2ries davant Juve i Bayern. T\u2019adones que \u00e9s dif\u00edcil mantindre aqueixes dues vies. Volem estar a Europa per a fer el que estem fent enguany. El sacrifici \u00e9s alt, per\u00f2 la recompensa \u00e9s enorme. Encara volem accedir a aqueixes posicions. Continuarem competint en LaLiga, per\u00f2 hi ha unes raons paral\u00b7leles que fortifiquen molt el global de la temporada\u201d."},{"type":"paragraph","text":"Clica en el v\u00eddeo per a veure la roda de premsa completa."}],"buttons":[],"images":[{"type":"image","url":"https:\/\/villarrealcf.es\/\/wp-content\/uploads\/2022\/04\/99e6360b1a00ecc15d351d3363e8ec73.jpg","alt":"||||||","width":1653,"height":930,"srcset":"https:\/\/villarrealcf.es\/wp-content\/uploads\/2022\/04\/99e6360b1a00ecc15d351d3363e8ec73.jpg 1653w, https:\/\/villarrealcf.es\/\/wp-content\/uploads\/2022\/04\/99e6360b1a00ecc15d351d3363e8ec73.jpg 1920w, https:\/\/villarrealcf.es\/wp-content\/uploads\/2022\/04\/99e6360b1a00ecc15d351d3363e8ec73-1024x576.jpg 1024w, https:\/\/villarrealcf.es\/\/wp-content\/uploads\/2022\/04\/99e6360b1a00ecc15d351d3363e8ec73.jpg 1920w, https:\/\/villarrealcf.es\/wp-content\/uploads\/2022\/04\/99e6360b1a00ecc15d351d3363e8ec73-1536x864.jpg 1536w, https:\/\/villarrealcf.es\/\/wp-content\/uploads\/2022\/04\/99e6360b1a00ecc15d351d3363e8ec73.jpg 1920w, https:\/\/villarrealcf.es\/wp-content\/uploads\/2022\/04\/99e6360b1a00ecc15d351d3363e8ec73-32x18.jpg 32w, https:\/\/villarrealcf.es\/wp-content\/uploads\/2022\/04\/99e6360b1a00ecc15d351d3363e8ec73-150x84.jpg 150w, https:\/\/villarrealcf.es\/\/wp-content\/uploads\/2022\/04\/99e6360b1a00ecc15d351d3363e8ec73.jpg 1920w, https:\/\/villarrealcf.es\/wp-content\/uploads\/2022\/04\/99e6360b1a00ecc15d351d3363e8ec73-1200x675.jpg 1200w","sizes":"auto, (max-width: 1653px) 100vw, 1653px"}],"widgets":[],"blocks":[{"type":"image","url":"https:\/\/villarrealcf.es\/\/wp-content\/uploads\/2022\/04\/99e6360b1a00ecc15d351d3363e8ec73.jpg","alt":"||||||","width":1653,"height":930,"srcset":"https:\/\/villarrealcf.es\/wp-content\/uploads\/2022\/04\/99e6360b1a00ecc15d351d3363e8ec73.jpg 1653w, https:\/\/villarrealcf.es\/\/wp-content\/uploads\/2022\/04\/99e6360b1a00ecc15d351d3363e8ec73.jpg 1920w, https:\/\/villarrealcf.es\/wp-content\/uploads\/2022\/04\/99e6360b1a00ecc15d351d3363e8ec73-1024x576.jpg 1024w, https:\/\/villarrealcf.es\/\/wp-content\/uploads\/2022\/04\/99e6360b1a00ecc15d351d3363e8ec73.jpg 1920w, https:\/\/villarrealcf.es\/wp-content\/uploads\/2022\/04\/99e6360b1a00ecc15d351d3363e8ec73-1536x864.jpg 1536w, https:\/\/villarrealcf.es\/\/wp-content\/uploads\/2022\/04\/99e6360b1a00ecc15d351d3363e8ec73.jpg 1920w, https:\/\/villarrealcf.es\/wp-content\/uploads\/2022\/04\/99e6360b1a00ecc15d351d3363e8ec73-32x18.jpg 32w, https:\/\/villarrealcf.es\/wp-content\/uploads\/2022\/04\/99e6360b1a00ecc15d351d3363e8ec73-150x84.jpg 150w, https:\/\/villarrealcf.es\/\/wp-content\/uploads\/2022\/04\/99e6360b1a00ecc15d351d3363e8ec73.jpg 1920w, https:\/\/villarrealcf.es\/wp-content\/uploads\/2022\/04\/99e6360b1a00ecc15d351d3363e8ec73-1200x675.jpg 1200w","sizes":"auto, (max-width: 1653px) 100vw, 1653px"},{"type":"paragraph","text":"El t\u00e8cnic d\u2019Hondarribia creu que la vict\u00f2ria a Getafe \u00e9s justa i valora la bona actuaci\u00f3 de l\u2019equip"},{"type":"paragraph","text":"L\u2019entrenador del Villarreal, Unai Emery, va valorar en roda de premsa la vict\u00f2ria (1-2) del Submar\u00ed en el Coliseum Alfonso P\u00e9rez davant el Getafe. El t\u00e8cnic d\u2019Hondarribia va subratllar la resposta de l\u2019equip en la volta a LaLiga despr\u00e9s de l\u2019esfor\u00e7 de Munic. Aquests s\u00f3n els aspectes m\u00e9s destacats de les declaracions del preparador groguet:"},{"type":"paragraph","text":"An\u00e0lisi del partit"},{"type":"paragraph","text":"\u201cEs poden diferenciar dues parts en el partit. Primer hem aconseguit desactivar aqueixa pressi\u00f3 molt forta amb la qual han comen\u00e7at ells i amb el 0-1 hem tingut un primer temps en el qual hem controlat el joc i no hem especulat per a guanyar. En el segon temps, el gui\u00f3 havia de canviar. Ells han tirat m\u00e9s gent cap amunt i, saltant les primeres l\u00ednies de pressi\u00f3, vol\u00edem trobar espais per a fer el 0-3, per\u00f2 era m\u00e9s dif\u00edcil i ells provocaven situacions en les quals hav\u00edem de defensar a prop. Al no fer el tercer, sempre est\u00e0s exposat, per\u00f2 l\u2019equip ha sabut mantindre\u2019s. El resultat \u00e9s just\u201d."},{"type":"paragraph","text":"Rotacions"},{"type":"paragraph","text":"\u201cEl resultat et dona sempre l\u2019an\u00e0lisi del que est\u00e0 ben fet, per\u00f2 el mateix hem fet en altres partits i no ha eixit. \u00c9s q\u00fcesti\u00f3 de com van els partits. Que ells no hagen marcat el primer gol ha sigut important\u201d."},{"type":"paragraph","text":"Aspiracions europees"},{"type":"paragraph","text":"\u201cUna cosa \u00e9s l\u2019ambici\u00f3 que tenim i una altra el que vas trobant en el cam\u00ed. Les frustracions s\u00f3n majors si tamb\u00e9 ho s\u00f3n les exig\u00e8ncies. Aquesta temporada fencs tingut moltes baixes, com la de Pau a principi de temporada, Gerard o Danjuma. Quan comen\u00e7\u00e0vem a remuntar en LaLiga, ens hem ficat en les eliminat\u00f2ries davant Juve i Bayern. T\u2019adones que \u00e9s dif\u00edcil mantindre aqueixes dues vies. Volem estar a Europa per a fer el que estem fent enguany. El sacrifici \u00e9s alt, per\u00f2 la recompensa \u00e9s enorme. Encara volem accedir a aqueixes posicions. Continuarem competint en LaLiga, per\u00f2 hi ha unes raons paral\u00b7leles que fortifiquen molt el global de la temporada\u201d."},{"type":"paragraph","text":"Clica en el v\u00eddeo per a veure la roda de premsa completa."},{"type":"video","kind":"iframe","url":"https:\/\/www.youtube.com\/embed\/ieyuUnY9Luo?feature=oembed","poster":""}]}],"hero":{"id":"section-1","title":"","text":"El t\u00e8cnic d\u2019Hondarribia creu que la vict\u00f2ria a Getafe \u00e9s justa i valora la bona actuaci\u00f3 de l\u2019equip L\u2019entrenador del Villarreal, Unai Emery, va valorar en roda de premsa la vict\u00f2ria (1-2) del Submar\u00ed en el Coliseum Alfonso P\u00e9rez davant el Getafe. El t\u00e8cnic d\u2019Hondarribia va subratllar la resposta de l\u2019equip en la volta a LaLiga despr\u00e9s de l\u2019esfor\u00e7 de Munic. Aquests s\u00f3n els aspectes m\u00e9s destacats de les declaracions del preparador groguet: An\u00e0lisi del partit \u201cEs poden diferenciar dues parts en el partit. Primer hem aconseguit desactivar aqueixa pressi\u00f3 molt forta amb la qual han comen\u00e7at ells i amb el 0-1 hem tingut un primer temps en el qual hem controlat el joc i no hem especulat per a guanyar. En el segon temps, el gui\u00f3 havia de canviar. Ells han tirat m\u00e9s gent cap amunt i, saltant les primeres l\u00ednies de pressi\u00f3, vol\u00edem trobar espais per a fer el 0-3, per\u00f2 era m\u00e9s dif\u00edcil i ells provocaven situacions en les quals hav\u00edem de defensar a prop. Al no fer el tercer, sempre est\u00e0s exposat, per\u00f2 l\u2019equip ha sabut mantindre\u2019s. El resultat \u00e9s just\u201d. Rotacions \u201cEl resultat et dona sempre l\u2019an\u00e0lisi del que est\u00e0 ben fet, per\u00f2 el mateix hem fet en altres partits i no ha eixit. \u00c9s q\u00fcesti\u00f3 de com van els partits. Que ells no hagen marcat el primer gol ha sigut important\u201d. Aspiracions europees \u201cUna cosa \u00e9s l\u2019ambici\u00f3 que tenim i una altra el que vas trobant en el cam\u00ed. Les frustracions s\u00f3n majors si tamb\u00e9 ho s\u00f3n les exig\u00e8ncies. Aquesta temporada fencs tingut moltes baixes, com la de Pau a principi de temporada, Gerard o Danjuma. Quan comen\u00e7\u00e0vem a remuntar en LaLiga, ens hem ficat en les eliminat\u00f2ries davant Juve i Bayern. T\u2019adones que \u00e9s dif\u00edcil mantindre aqueixes dues vies. Volem estar a Europa per a fer el que estem fent enguany. El sacrifici \u00e9s alt, per\u00f2 la recompensa \u00e9s enorme. Encara volem accedir a aqueixes posicions. Continuarem competint en LaLiga, per\u00f2 hi ha unes raons paral\u00b7leles que fortifiquen molt el global de la temporada\u201d. Clica en el v\u00eddeo per a veure la roda de premsa completa.","headings":[],"texts":[{"type":"paragraph","text":"El t\u00e8cnic d\u2019Hondarribia creu que la vict\u00f2ria a Getafe \u00e9s justa i valora la bona actuaci\u00f3 de l\u2019equip"},{"type":"paragraph","text":"L\u2019entrenador del Villarreal, Unai Emery, va valorar en roda de premsa la vict\u00f2ria (1-2) del Submar\u00ed en el Coliseum Alfonso P\u00e9rez davant el Getafe. El t\u00e8cnic d\u2019Hondarribia va subratllar la resposta de l\u2019equip en la volta a LaLiga despr\u00e9s de l\u2019esfor\u00e7 de Munic. Aquests s\u00f3n els aspectes m\u00e9s destacats de les declaracions del preparador groguet:"},{"type":"paragraph","text":"An\u00e0lisi del partit"},{"type":"paragraph","text":"\u201cEs poden diferenciar dues parts en el partit. Primer hem aconseguit desactivar aqueixa pressi\u00f3 molt forta amb la qual han comen\u00e7at ells i amb el 0-1 hem tingut un primer temps en el qual hem controlat el joc i no hem especulat per a guanyar. En el segon temps, el gui\u00f3 havia de canviar. Ells han tirat m\u00e9s gent cap amunt i, saltant les primeres l\u00ednies de pressi\u00f3, vol\u00edem trobar espais per a fer el 0-3, per\u00f2 era m\u00e9s dif\u00edcil i ells provocaven situacions en les quals hav\u00edem de defensar a prop. Al no fer el tercer, sempre est\u00e0s exposat, per\u00f2 l\u2019equip ha sabut mantindre\u2019s. El resultat \u00e9s just\u201d."},{"type":"paragraph","text":"Rotacions"},{"type":"paragraph","text":"\u201cEl resultat et dona sempre l\u2019an\u00e0lisi del que est\u00e0 ben fet, per\u00f2 el mateix hem fet en altres partits i no ha eixit. \u00c9s q\u00fcesti\u00f3 de com van els partits. Que ells no hagen marcat el primer gol ha sigut important\u201d."},{"type":"paragraph","text":"Aspiracions europees"},{"type":"paragraph","text":"\u201cUna cosa \u00e9s l\u2019ambici\u00f3 que tenim i una altra el que vas trobant en el cam\u00ed. Les frustracions s\u00f3n majors si tamb\u00e9 ho s\u00f3n les exig\u00e8ncies. Aquesta temporada fencs tingut moltes baixes, com la de Pau a principi de temporada, Gerard o Danjuma. Quan comen\u00e7\u00e0vem a remuntar en LaLiga, ens hem ficat en les eliminat\u00f2ries davant Juve i Bayern. T\u2019adones que \u00e9s dif\u00edcil mantindre aqueixes dues vies. Volem estar a Europa per a fer el que estem fent enguany. El sacrifici \u00e9s alt, per\u00f2 la recompensa \u00e9s enorme. Encara volem accedir a aqueixes posicions. Continuarem competint en LaLiga, per\u00f2 hi ha unes raons paral\u00b7leles que fortifiquen molt el global de la temporada\u201d."},{"type":"paragraph","text":"Clica en el v\u00eddeo per a veure la roda de premsa completa."}],"buttons":[],"images":[{"type":"image","url":"https:\/\/villarrealcf.es\/\/wp-content\/uploads\/2022\/04\/99e6360b1a00ecc15d351d3363e8ec73.jpg","alt":"||||||","width":1653,"height":930,"srcset":"https:\/\/villarrealcf.es\/wp-content\/uploads\/2022\/04\/99e6360b1a00ecc15d351d3363e8ec73.jpg 1653w, https:\/\/villarrealcf.es\/\/wp-content\/uploads\/2022\/04\/99e6360b1a00ecc15d351d3363e8ec73.jpg 1920w, https:\/\/villarrealcf.es\/wp-content\/uploads\/2022\/04\/99e6360b1a00ecc15d351d3363e8ec73-1024x576.jpg 1024w, https:\/\/villarrealcf.es\/\/wp-content\/uploads\/2022\/04\/99e6360b1a00ecc15d351d3363e8ec73.jpg 1920w, https:\/\/villarrealcf.es\/wp-content\/uploads\/2022\/04\/99e6360b1a00ecc15d351d3363e8ec73-1536x864.jpg 1536w, https:\/\/villarrealcf.es\/\/wp-content\/uploads\/2022\/04\/99e6360b1a00ecc15d351d3363e8ec73.jpg 1920w, https:\/\/villarrealcf.es\/wp-content\/uploads\/2022\/04\/99e6360b1a00ecc15d351d3363e8ec73-32x18.jpg 32w, https:\/\/villarrealcf.es\/wp-content\/uploads\/2022\/04\/99e6360b1a00ecc15d351d3363e8ec73-150x84.jpg 150w, https:\/\/villarrealcf.es\/\/wp-content\/uploads\/2022\/04\/99e6360b1a00ecc15d351d3363e8ec73.jpg 1920w, https:\/\/villarrealcf.es\/wp-content\/uploads\/2022\/04\/99e6360b1a00ecc15d351d3363e8ec73-1200x675.jpg 1200w","sizes":"auto, (max-width: 1653px) 100vw, 1653px"}],"widgets":[],"blocks":[{"type":"image","url":"https:\/\/villarrealcf.es\/\/wp-content\/uploads\/2022\/04\/99e6360b1a00ecc15d351d3363e8ec73.jpg","alt":"||||||","width":1653,"height":930,"srcset":"https:\/\/villarrealcf.es\/wp-content\/uploads\/2022\/04\/99e6360b1a00ecc15d351d3363e8ec73.jpg 1653w, https:\/\/villarrealcf.es\/\/wp-content\/uploads\/2022\/04\/99e6360b1a00ecc15d351d3363e8ec73.jpg 1920w, https:\/\/villarrealcf.es\/wp-content\/uploads\/2022\/04\/99e6360b1a00ecc15d351d3363e8ec73-1024x576.jpg 1024w, https:\/\/villarrealcf.es\/\/wp-content\/uploads\/2022\/04\/99e6360b1a00ecc15d351d3363e8ec73.jpg 1920w, https:\/\/villarrealcf.es\/wp-content\/uploads\/2022\/04\/99e6360b1a00ecc15d351d3363e8ec73-1536x864.jpg 1536w, https:\/\/villarrealcf.es\/\/wp-content\/uploads\/2022\/04\/99e6360b1a00ecc15d351d3363e8ec73.jpg 1920w, https:\/\/villarrealcf.es\/wp-content\/uploads\/2022\/04\/99e6360b1a00ecc15d351d3363e8ec73-32x18.jpg 32w, https:\/\/villarrealcf.es\/wp-content\/uploads\/2022\/04\/99e6360b1a00ecc15d351d3363e8ec73-150x84.jpg 150w, https:\/\/villarrealcf.es\/\/wp-content\/uploads\/2022\/04\/99e6360b1a00ecc15d351d3363e8ec73.jpg 1920w, https:\/\/villarrealcf.es\/wp-content\/uploads\/2022\/04\/99e6360b1a00ecc15d351d3363e8ec73-1200x675.jpg 1200w","sizes":"auto, (max-width: 1653px) 100vw, 1653px"},{"type":"paragraph","text":"El t\u00e8cnic d\u2019Hondarribia creu que la vict\u00f2ria a Getafe \u00e9s justa i valora la bona actuaci\u00f3 de l\u2019equip"},{"type":"paragraph","text":"L\u2019entrenador del Villarreal, Unai Emery, va valorar en roda de premsa la vict\u00f2ria (1-2) del Submar\u00ed en el Coliseum Alfonso P\u00e9rez davant el Getafe. El t\u00e8cnic d\u2019Hondarribia va subratllar la resposta de l\u2019equip en la volta a LaLiga despr\u00e9s de l\u2019esfor\u00e7 de Munic. Aquests s\u00f3n els aspectes m\u00e9s destacats de les declaracions del preparador groguet:"},{"type":"paragraph","text":"An\u00e0lisi del partit"},{"type":"paragraph","text":"\u201cEs poden diferenciar dues parts en el partit. Primer hem aconseguit desactivar aqueixa pressi\u00f3 molt forta amb la qual han comen\u00e7at ells i amb el 0-1 hem tingut un primer temps en el qual hem controlat el joc i no hem especulat per a guanyar. En el segon temps, el gui\u00f3 havia de canviar. Ells han tirat m\u00e9s gent cap amunt i, saltant les primeres l\u00ednies de pressi\u00f3, vol\u00edem trobar espais per a fer el 0-3, per\u00f2 era m\u00e9s dif\u00edcil i ells provocaven situacions en les quals hav\u00edem de defensar a prop. Al no fer el tercer, sempre est\u00e0s exposat, per\u00f2 l\u2019equip ha sabut mantindre\u2019s. El resultat \u00e9s just\u201d."},{"type":"paragraph","text":"Rotacions"},{"type":"paragraph","text":"\u201cEl resultat et dona sempre l\u2019an\u00e0lisi del que est\u00e0 ben fet, per\u00f2 el mateix hem fet en altres partits i no ha eixit. \u00c9s q\u00fcesti\u00f3 de com van els partits. Que ells no hagen marcat el primer gol ha sigut important\u201d."},{"type":"paragraph","text":"Aspiracions europees"},{"type":"paragraph","text":"\u201cUna cosa \u00e9s l\u2019ambici\u00f3 que tenim i una altra el que vas trobant en el cam\u00ed. Les frustracions s\u00f3n majors si tamb\u00e9 ho s\u00f3n les exig\u00e8ncies. Aquesta temporada fencs tingut moltes baixes, com la de Pau a principi de temporada, Gerard o Danjuma. Quan comen\u00e7\u00e0vem a remuntar en LaLiga, ens hem ficat en les eliminat\u00f2ries davant Juve i Bayern. T\u2019adones que \u00e9s dif\u00edcil mantindre aqueixes dues vies. Volem estar a Europa per a fer el que estem fent enguany. El sacrifici \u00e9s alt, per\u00f2 la recompensa \u00e9s enorme. Encara volem accedir a aqueixes posicions. Continuarem competint en LaLiga, per\u00f2 hi ha unes raons paral\u00b7leles que fortifiquen molt el global de la temporada\u201d."},{"type":"paragraph","text":"Clica en el v\u00eddeo per a veure la roda de premsa completa."},{"type":"video","kind":"iframe","url":"https:\/\/www.youtube.com\/embed\/ieyuUnY9Luo?feature=oembed","poster":""}]}},"sections":[{"id":"section-1","title":"","text":"El t\u00e8cnic d\u2019Hondarribia creu que la vict\u00f2ria a Getafe \u00e9s justa i valora la bona actuaci\u00f3 de l\u2019equip L\u2019entrenador del Villarreal, Unai Emery, va valorar en roda de premsa la vict\u00f2ria (1-2) del Submar\u00ed en el Coliseum Alfonso P\u00e9rez davant el Getafe. El t\u00e8cnic d\u2019Hondarribia va subratllar la resposta de l\u2019equip en la volta a LaLiga despr\u00e9s de l\u2019esfor\u00e7 de Munic. Aquests s\u00f3n els aspectes m\u00e9s destacats de les declaracions del preparador groguet: An\u00e0lisi del partit \u201cEs poden diferenciar dues parts en el partit. Primer hem aconseguit desactivar aqueixa pressi\u00f3 molt forta amb la qual han comen\u00e7at ells i amb el 0-1 hem tingut un primer temps en el qual hem controlat el joc i no hem especulat per a guanyar. En el segon temps, el gui\u00f3 havia de canviar. Ells han tirat m\u00e9s gent cap amunt i, saltant les primeres l\u00ednies de pressi\u00f3, vol\u00edem trobar espais per a fer el 0-3, per\u00f2 era m\u00e9s dif\u00edcil i ells provocaven situacions en les quals hav\u00edem de defensar a prop. Al no fer el tercer, sempre est\u00e0s exposat, per\u00f2 l\u2019equip ha sabut mantindre\u2019s. El resultat \u00e9s just\u201d. Rotacions \u201cEl resultat et dona sempre l\u2019an\u00e0lisi del que est\u00e0 ben fet, per\u00f2 el mateix hem fet en altres partits i no ha eixit. \u00c9s q\u00fcesti\u00f3 de com van els partits. Que ells no hagen marcat el primer gol ha sigut important\u201d. Aspiracions europees \u201cUna cosa \u00e9s l\u2019ambici\u00f3 que tenim i una altra el que vas trobant en el cam\u00ed. Les frustracions s\u00f3n majors si tamb\u00e9 ho s\u00f3n les exig\u00e8ncies. Aquesta temporada fencs tingut moltes baixes, com la de Pau a principi de temporada, Gerard o Danjuma. Quan comen\u00e7\u00e0vem a remuntar en LaLiga, ens hem ficat en les eliminat\u00f2ries davant Juve i Bayern. T\u2019adones que \u00e9s dif\u00edcil mantindre aqueixes dues vies. Volem estar a Europa per a fer el que estem fent enguany. El sacrifici \u00e9s alt, per\u00f2 la recompensa \u00e9s enorme. Encara volem accedir a aqueixes posicions. Continuarem competint en LaLiga, per\u00f2 hi ha unes raons paral\u00b7leles que fortifiquen molt el global de la temporada\u201d. Clica en el v\u00eddeo per a veure la roda de premsa completa.","url":"","background_image":"","images":[{"type":"image","url":"https:\/\/villarrealcf.es\/\/wp-content\/uploads\/2022\/04\/99e6360b1a00ecc15d351d3363e8ec73.jpg","alt":"||||||","width":1653,"height":930,"srcset":"https:\/\/villarrealcf.es\/wp-content\/uploads\/2022\/04\/99e6360b1a00ecc15d351d3363e8ec73.jpg 1653w, https:\/\/villarrealcf.es\/\/wp-content\/uploads\/2022\/04\/99e6360b1a00ecc15d351d3363e8ec73.jpg 1920w, https:\/\/villarrealcf.es\/wp-content\/uploads\/2022\/04\/99e6360b1a00ecc15d351d3363e8ec73-1024x576.jpg 1024w, https:\/\/villarrealcf.es\/\/wp-content\/uploads\/2022\/04\/99e6360b1a00ecc15d351d3363e8ec73.jpg 1920w, https:\/\/villarrealcf.es\/wp-content\/uploads\/2022\/04\/99e6360b1a00ecc15d351d3363e8ec73-1536x864.jpg 1536w, https:\/\/villarrealcf.es\/\/wp-content\/uploads\/2022\/04\/99e6360b1a00ecc15d351d3363e8ec73.jpg 1920w, https:\/\/villarrealcf.es\/wp-content\/uploads\/2022\/04\/99e6360b1a00ecc15d351d3363e8ec73-32x18.jpg 32w, https:\/\/villarrealcf.es\/wp-content\/uploads\/2022\/04\/99e6360b1a00ecc15d351d3363e8ec73-150x84.jpg 150w, https:\/\/villarrealcf.es\/\/wp-content\/uploads\/2022\/04\/99e6360b1a00ecc15d351d3363e8ec73.jpg 1920w, https:\/\/villarrealcf.es\/wp-content\/uploads\/2022\/04\/99e6360b1a00ecc15d351d3363e8ec73-1200x675.jpg 1200w","sizes":"auto, (max-width: 1653px) 100vw, 1653px"}],"videos":[{"type":"video","kind":"iframe","url":"https:\/\/www.youtube.com\/embed\/ieyuUnY9Luo?feature=oembed","poster":""}],"links":[]},{"id":"shortcode-caption-69eff59e5bc94","type":"shortcode","shortcode":"caption","attributes":{"id":"attachment_182910","align":"alignnone","width":""},"title":"Caption","rendered":"","data":[],"text":"","url":"","background_image":"","images":[],"videos":[],"links":[],"blocks":[]}]},"excerpt":{"rendered":"El t\u00e8cnic d&#8217;Hondarribia creu que la vict\u00f2ria a Getafe \u00e9s justa i valora la bona actuaci\u00f3 de l&#8217;equip","protected":false},"author":1,"featured_media":182910,"comment_status":"","ping_status":"","sticky":false,"template":"","format":"standard","meta":{"_acf_changed":false,"footnotes":""},"categories":[4854],"tags":[12554,12556,9719,9270,9717,9775,11042,9680,9627,8676,9203],"acf":null,"lang":"val","translations":{"val":223579},"essential_grid":{"has_grid":false},"formatted_date":"April 16, 2022","modified_date":"April 16, 2022","permalink":"https:\/\/villarrealcf.es\/val\/emery-todavia-aspiramos-a-puestos-europeos-2\/","reading_time":2,"featured_media_data":{"id":182910,"title":"||||||","caption":"||||||","alt_text":"","description":"","mime_type":"image\/jpeg","source_url":"https:\/\/villarrealcf.es\/wp-content\/uploads\/2022\/04\/99e6360b1a00ecc15d351d3363e8ec73.jpg","sizes":{"thumbnail":{"url":"https:\/\/villarrealcf.es\/wp-content\/uploads\/2022\/04\/99e6360b1a00ecc15d351d3363e8ec73-150x150.jpg","width":150,"height":150},"medium":{"url":"https:\/\/villarrealcf.es\/wp-content\/uploads\/2022\/04\/99e6360b1a00ecc15d351d3363e8ec73-300x169.jpg","width":300,"height":169},"medium_large":{"url":"https:\/\/villarrealcf.es\/wp-content\/uploads\/2022\/04\/99e6360b1a00ecc15d351d3363e8ec73-768x432.jpg","width":768,"height":432},"large":{"url":"https:\/\/villarrealcf.es\/wp-content\/uploads\/2022\/04\/99e6360b1a00ecc15d351d3363e8ec73-1024x576.jpg","width":788,"height":443},"1536x1536":{"url":"https:\/\/villarrealcf.es\/wp-content\/uploads\/2022\/04\/99e6360b1a00ecc15d351d3363e8ec73-1536x864.jpg","width":1536,"height":864},"2048x2048":{"url":"https:\/\/villarrealcf.es\/wp-content\/uploads\/2022\/04\/99e6360b1a00ecc15d351d3363e8ec73.jpg","width":1653,"height":930},"tp-image-grid":{"url":"https:\/\/villarrealcf.es\/wp-content\/uploads\/2022\/04\/99e6360b1a00ecc15d351d3363e8ec73-700x700.jpg","width":700,"height":700},"size-bunyad-medium":{"url":"https:\/\/villarrealcf.es\/wp-content\/uploads\/2022\/04\/99e6360b1a00ecc15d351d3363e8ec73.jpg","width":1653,"height":930},"sportspress-crop-medium":{"url":"https:\/\/villarrealcf.es\/wp-content\/uploads\/2022\/04\/99e6360b1a00ecc15d351d3363e8ec73-300x300.jpg","width":300,"height":300},"sportspress-fit-medium":{"url":"https:\/\/villarrealcf.es\/wp-content\/uploads\/2022\/04\/99e6360b1a00ecc15d351d3363e8ec73-300x169.jpg","width":300,"height":169},"sportspress-fit-icon":{"url":"https:\/\/villarrealcf.es\/wp-content\/uploads\/2022\/04\/99e6360b1a00ecc15d351d3363e8ec73-128x72.jpg","width":128,"height":72},"sportspress-fit-mini":{"url":"https:\/\/villarrealcf.es\/wp-content\/uploads\/2022\/04\/99e6360b1a00ecc15d351d3363e8ec73-32x18.jpg","width":32,"height":18},"bunyad-small":{"url":"https:\/\/villarrealcf.es\/wp-content\/uploads\/2022\/04\/99e6360b1a00ecc15d351d3363e8ec73-150x84.jpg","width":150,"height":84},"bunyad-medium":{"url":"https:\/\/villarrealcf.es\/wp-content\/uploads\/2022\/04\/99e6360b1a00ecc15d351d3363e8ec73-450x253.jpg","width":450,"height":253},"bunyad-full":{"url":"https:\/\/villarrealcf.es\/wp-content\/uploads\/2022\/04\/99e6360b1a00ecc15d351d3363e8ec73-1200x675.jpg","width":1200,"height":675},"bunyad-viewport":{"url":"https:\/\/villarrealcf.es\/wp-content\/uploads\/2022\/04\/99e6360b1a00ecc15d351d3363e8ec73.jpg","width":1653,"height":930},"bunyad-768":{"url":"https:\/\/villarrealcf.es\/wp-content\/uploads\/2022\/04\/99e6360b1a00ecc15d351d3363e8ec73-768x432.jpg","width":768,"height":432},"full":{"url":"https:\/\/villarrealcf.es\/wp-content\/uploads\/2022\/04\/99e6360b1a00ecc15d351d3363e8ec73.jpg","width":1653,"height":930}}},"author_data":{"id":"1","name":"root_envidea","first_name":"Villarreal CF","last_name":"","description":"","avatar_url":"https:\/\/secure.gravatar.com\/avatar\/48f95f42a3ccc324f3a3458e4b9e6fb070b083e99d388e170c1afb061fa99b63?s=96&d=mm&r=g","acf":null},"taxonomies_data":{"category":[{"id":4854,"name":"Noticies Generals","slug":"noticies-generals","acf":null}],"post_tag":[{"id":12554,"name":"#Football","slug":"football-val","acf":null},{"id":12556,"name":"#Soccer","slug":"soccer-val","acf":null},{"id":9719,"name":"Coliseum Alfonso P\u00e9rez","slug":"coliseum-alfonso-perez-val","acf":null},{"id":9270,"name":"Futbol","slug":"futbol-val","acf":null},{"id":9717,"name":"Getafe CF","slug":"getafe-cf-val","acf":null},{"id":9775,"name":"Jornada 32","slug":"jornada-32-val","acf":null},{"id":11042,"name":"LaLiga","slug":"laliga-val","acf":null},{"id":9680,"name":"Rueda de prensa","slug":"rueda-de-prensa-val","acf":null},{"id":9627,"name":"Submarino Amarillo","slug":"submarino-amarillo-val","acf":null},{"id":8676,"name":"Unai Emery","slug":"unai-emery","acf":null},{"id":9203,"name":"Villarreal CF","slug":"villarreal-cf-val","acf":null}],"translation_priority":[{"id":735,"name":"Optional","slug":"optional-val","acf":null}]},"seo_full":{"native":{"title":"Emery: &#8220;Encara aspirem a llocs europeus&#8221; - Web Oficial del Villarreal CF","description":"[caption id=\"attachment_182910\" align=\"alignnone\" width=\"\"]||||||[\/caption]El t\u00e8cnic d'Hondarribia creu que la vict\u00f2ria a Getafe \u00e9s justa i valora la bona actuaci\u00f3 de&hellip;","canonical":"https:\/\/villarrealcf.es\/val\/emery-todavia-aspiramos-a-puestos-europeos-2\/"}},"_links":{"self":[{"href":"https:\/\/villarrealcf.es\/val\/wp-json\/wp\/v2\/posts\/223579","targetHints":{"allow":["GET"]}}],"collection":[{"href":"https:\/\/villarrealcf.es\/val\/wp-json\/wp\/v2\/posts"}],"about":[{"href":"https:\/\/villarrealcf.es\/val\/wp-json\/wp\/v2\/types\/post"}],"author":[{"embeddable":true,"href":"https:\/\/villarrealcf.es\/val\/wp-json\/wp\/v2\/users\/1"}],"replies":[{"embeddable":true,"href":"https:\/\/villarrealcf.es\/val\/wp-json\/wp\/v2\/comments?post=223579"}],"version-history":[{"count":0,"href":"https:\/\/villarrealcf.es\/val\/wp-json\/wp\/v2\/posts\/223579\/revisions"}],"wp:featuredmedia":[{"embeddable":true,"href":"https:\/\/villarrealcf.es\/val\/wp-json\/wp\/v2\/media\/182910"}],"wp:attachment":[{"href":"https:\/\/villarrealcf.es\/val\/wp-json\/wp\/v2\/media?parent=223579"}],"wp:term":[{"taxonomy":"category","embeddable":true,"href":"https:\/\/villarrealcf.es\/val\/wp-json\/wp\/v2\/categories?post=223579"},{"taxonomy":"post_tag","embeddable":true,"href":"https:\/\/villarrealcf.es\/val\/wp-json\/wp\/v2\/tags?post=223579"}],"curies":[{"name":"wp","href":"https:\/\/api.w.org\/{rel}","templated":true}]}}