{"id":223499,"date":"2022-04-08T15:10:45","date_gmt":"2022-04-08T13:10:45","guid":{"rendered":"https:\/\/villarrealcf.es\/\/es-el-moment-d-utilitzar-alternatives\/"},"modified":"2022-04-08T15:10:45","modified_gmt":"2022-04-08T13:10:45","slug":"es-el-moment-d-utilitzar-alternatives","status":"publish","type":"post","link":"https:\/\/villarrealcf.es\/val\/es-el-moment-d-utilitzar-alternatives\/","title":{"rendered":"&#8220;\u00c9s el moment d&#8217;utilitzar alternatives&#8221;"},"content":{"protected":false,"blocks":[{"type":"image","url":"https:\/\/villarrealcf.es\/\/wp-content\/uploads\/2022\/04\/342064f5b8eb9b70ec2b267f4cf82725.jpg","alt":"||||||","width":1653,"height":929,"srcset":"https:\/\/villarrealcf.es\/wp-content\/uploads\/2022\/04\/342064f5b8eb9b70ec2b267f4cf82725.jpg 1653w, https:\/\/villarrealcf.es\/\/wp-content\/uploads\/2022\/04\/342064f5b8eb9b70ec2b267f4cf82725.jpg 1920w, https:\/\/villarrealcf.es\/wp-content\/uploads\/2022\/04\/342064f5b8eb9b70ec2b267f4cf82725-1024x575.jpg 1024w, https:\/\/villarrealcf.es\/\/wp-content\/uploads\/2022\/04\/342064f5b8eb9b70ec2b267f4cf82725.jpg 1920w, https:\/\/villarrealcf.es\/wp-content\/uploads\/2022\/04\/342064f5b8eb9b70ec2b267f4cf82725-1536x863.jpg 1536w, https:\/\/villarrealcf.es\/\/wp-content\/uploads\/2022\/04\/342064f5b8eb9b70ec2b267f4cf82725.jpg 1920w, https:\/\/villarrealcf.es\/wp-content\/uploads\/2022\/04\/342064f5b8eb9b70ec2b267f4cf82725-32x18.jpg 32w, https:\/\/villarrealcf.es\/wp-content\/uploads\/2022\/04\/342064f5b8eb9b70ec2b267f4cf82725-150x84.jpg 150w, https:\/\/villarrealcf.es\/\/wp-content\/uploads\/2022\/04\/342064f5b8eb9b70ec2b267f4cf82725.jpg 1920w, https:\/\/villarrealcf.es\/wp-content\/uploads\/2022\/04\/342064f5b8eb9b70ec2b267f4cf82725-1200x674.jpg 1200w","sizes":"auto, (max-width: 1653px) 100vw, 1653px"},{"type":"paragraph","text":"Unai Emery destaca la import\u00e0ncia del partit davant l\u2019Athletic Club per a seguir en la lluita pels llocs europeus"},{"type":"paragraph","text":"El t\u00e8cnic del Villarreal, Unai Emery, ha comparegut hui en roda de premsa per a analitzar la visita de l\u2019Athletic Club a l\u2019Estadi de la Cer\u00e0mica en la jornada 31 de LaLiga (dissabte, 18.30 hores). El t\u00e8cnic d\u2019Hondarribia ha ressaltat la import\u00e0ncia de l\u2019encontre de lliga per als \u2018groguets\u2019, en el qual espera que l\u2019afici\u00f3 estiga bolcada amb l\u2019equip. Aquestes s\u00f3n les declaracions m\u00e9s destacades de l\u2019entrenador del Villarreal:"},{"type":"paragraph","text":"Oportunitats per a tota la plantilla"},{"type":"paragraph","text":"\u201cQuan es conforma un equip tenint en compte el que ser\u00e0 una temporada, parlem de tindre a gent preparada en situacions dif\u00edcils. Arribat aquest moment, tenim confian\u00e7a amb tots a nivell professional per a jugar en els nivells que l\u2019equip requereix en cada competici\u00f3. Hi ha moments i aquest \u00e9s el moment necessari per a utilitzar alternatives a les quals vam tindre el dimecres, siga per sanci\u00f3, per lesi\u00f3 o per gestionar esfor\u00e7os\u201d."},{"type":"paragraph","text":"El focus posat en LaLiga"},{"type":"paragraph","text":"\u201cNo donar\u00e9 un missatge diferent, poden haver-hi uns certs detalls que canvien, per\u00f2 el missatge no canvia, LaLiga \u00e9s el m\u00e9s important, \u00e9s la que marca la regularitat i la que marca per on s\u2019aconsegueixen els principals objectius. Ara ens enfrontem pel set\u00e9 lloc que pot donar acc\u00e9s a Conference League. No \u00e9s l\u2019objectiu que ens plantej\u00e0vem, per\u00f2 tamb\u00e9 tenim com a objectiu el poder entrar a Europa League. Ten\u00edem l\u2019objectiu de la Champions, per\u00f2 se\u2019ns ha posat molt dif\u00edcil. L\u2019Europa League tamb\u00e9 s\u2019ha posat molt dif\u00edcil, per\u00f2 \u00e9s el nostre objectiu\u201d."},{"type":"paragraph","text":"Rival amb moltes fortaleses"},{"type":"paragraph","text":"\u201cL\u2019Athletic Club \u00e9s complicat sempre, all\u00ed vam fer un partit bastant millor del que diu el resultat. La dificultat d\u2019aquest partit anava ser en qualsevol jornada i en qualsevol context. Espere un partit exigent, per\u00f2 tamb\u00e9 una bona versi\u00f3 nostra a casa. Ser\u00e0 una trobada molt dif\u00edcil i llarg, \u00e9s un equip que defensa i contragolpea molt b\u00e9, per\u00f2 tamb\u00e9 tracta de jugar. Tenen bons futbolistes com Muniain o Sancet, que ha crescut molt. A dalt, I\u00f1aki Williams sempre \u00e9s una amena\u00e7a. L\u2019Athletic Club \u00e9s un equip que \u00e9s dif\u00edcil trobar-li espais\u201d."},{"type":"paragraph","text":"L\u2019afici\u00f3 \u2018grogueta\u2019 bolcada amb l\u2019equip"},{"type":"paragraph","text":"\u201cL\u2019afici\u00f3 est\u00e0 il\u00b7lusionada amb la Champions League i tamb\u00e9 amb LaLiga. Est\u00e0 amb l\u2019equip i aix\u00f2 \u00e9s bonic, il\u00b7lusionar, generar sentiments de pertinen\u00e7a. Dem\u00e0 l\u2019Estadi de la Cer\u00e0mica ser\u00e0 un escenari molt bonic per a veure un partit de molt alt nivell\u201d."},{"type":"paragraph","text":"El Villarreal CF, amb el CDS de Vila-real"},{"type":"paragraph","text":"Com a gran novetat, la roda de premsa d\u2019Unai Emery ha comptat amb traducci\u00f3 simult\u00e0nia en llengua de signes espanyola. La graderia solid\u00e0ria del partit de dem\u00e0 contra l\u2019Athletic Club est\u00e0 destinada al Club Esportiu Sords de Vila-real. S\u2019han repartit 120 entrades i s\u2019han recaptat 1.200 euros en benefici del CDS Vila-real."},{"type":"paragraph","text":"Pots veure la roda de premsa completa clicant en la imatge de la not\u00edcia."},{"type":"link","url":"https:\/\/www.youtube.com\/watch?v=lTSnYZ1kdHY","text":"https:\/\/www.youtube.com\/watch?v=lTSnYZ1kdHY","target":"_blank"}],"structured":{"summary":{"text":"Unai Emery destaca la import\u00e0ncia del partit davant l\u2019Athletic Club per a seguir en la lluita pels llocs europeus El t\u00e8cnic del Villarreal, Unai Emery, ha comparegut hui en roda de premsa per a analitzar la visita de l\u2019Athletic Club a l\u2019Estadi de la Cer\u00e0mica en la jornada 31 de LaLiga (dissabte, 18.30 hores). El t\u00e8cnic d\u2019Hondarribia ha ressaltat la import\u00e0ncia de l\u2019encontre de lliga per als \u2018groguets\u2019, en el qual espera que l\u2019afici\u00f3 estiga bolcada amb l\u2019equip. Aquestes s\u00f3n les declaracions m\u00e9s destacades de l\u2019entrenador del Villarreal: Oportunitats per a tota la plantilla \u201cQuan es conforma un equip tenint en compte el que ser\u00e0 una temporada, parlem de tindre a gent preparada en situacions dif\u00edcils. Arribat aquest moment, tenim confian\u00e7a amb tots a nivell professional per a jugar en els nivells que l\u2019equip requereix en cada competici\u00f3. Hi ha moments i aquest \u00e9s el moment necessari per a utilitzar alternatives a les quals vam tindre el dimecres, siga per sanci\u00f3, per lesi\u00f3 o per gestionar esfor\u00e7os\u201d. El focus posat en LaLiga \u201cNo donar\u00e9 un missatge diferent, poden haver-hi uns certs detalls que canvien, per\u00f2 el missatge no canvia, LaLiga \u00e9s el m\u00e9s important, \u00e9s la que marca la regularitat i la que marca per on s\u2019aconsegueixen els principals objectius. Ara ens enfrontem pel set\u00e9 lloc que pot donar acc\u00e9s a Conference League. No \u00e9s l\u2019objectiu que ens plantej\u00e0vem, per\u00f2 tamb\u00e9 tenim com a objectiu el poder entrar a Europa League. Ten\u00edem l\u2019objectiu de la Champions, per\u00f2 se\u2019ns ha posat molt dif\u00edcil. L\u2019Europa League tamb\u00e9 s\u2019ha posat molt dif\u00edcil, per\u00f2 \u00e9s el nostre objectiu\u201d. Rival amb moltes fortaleses \u201cL\u2019Athletic Club \u00e9s complicat sempre, all\u00ed vam fer un partit bastant millor del que diu el resultat. La dificultat d\u2019aquest partit anava ser en qualsevol jornada i en qualsevol context. Espere un partit exigent, per\u00f2 tamb\u00e9 una bona versi\u00f3 nostra a casa. Ser\u00e0 una trobada molt dif\u00edcil i llarg, \u00e9s un equip que defensa i contragolpea molt b\u00e9, per\u00f2 tamb\u00e9 tracta de jugar. Tenen bons futbolistes com Muniain o Sancet, que ha crescut molt. A dalt, I\u00f1aki Williams sempre \u00e9s una amena\u00e7a. L\u2019Athletic Club \u00e9s un equip que \u00e9s dif\u00edcil trobar-li espais\u201d. L\u2019afici\u00f3 \u2018grogueta\u2019 bolcada amb l\u2019equip \u201cL\u2019afici\u00f3 est\u00e0 il\u00b7lusionada amb la Champions League i tamb\u00e9 amb LaLiga. Est\u00e0 amb l\u2019equip i aix\u00f2 \u00e9s bonic, il\u00b7lusionar, generar sentiments de pertinen\u00e7a. Dem\u00e0 l\u2019Estadi de la Cer\u00e0mica ser\u00e0 un escenari molt bonic per a veure un partit de molt alt nivell\u201d. El Villarreal CF, amb el CDS de Vila-real Com a gran novetat, la roda de premsa d\u2019Unai Emery ha comptat amb traducci\u00f3 simult\u00e0nia en llengua de signes espanyola. La graderia solid\u00e0ria del partit de dem\u00e0 contra l\u2019Athletic Club est\u00e0 destinada al Club Esportiu Sords de Vila-real. S\u2019han repartit 120 entrades i s\u2019han recaptat 1.200 euros en benefici del CDS Vila-real. Pots veure la roda de premsa completa clicant en la imatge de la not\u00edcia.https:\/\/www.youtube.com\/watch?v=lTSnYZ1kdHY","headings":[],"buttons":[],"images":[{"type":"image","url":"https:\/\/villarrealcf.es\/\/wp-content\/uploads\/2022\/04\/342064f5b8eb9b70ec2b267f4cf82725.jpg","alt":"||||||","width":1653,"height":929,"srcset":"https:\/\/villarrealcf.es\/wp-content\/uploads\/2022\/04\/342064f5b8eb9b70ec2b267f4cf82725.jpg 1653w, https:\/\/villarrealcf.es\/\/wp-content\/uploads\/2022\/04\/342064f5b8eb9b70ec2b267f4cf82725.jpg 1920w, https:\/\/villarrealcf.es\/wp-content\/uploads\/2022\/04\/342064f5b8eb9b70ec2b267f4cf82725-1024x575.jpg 1024w, https:\/\/villarrealcf.es\/\/wp-content\/uploads\/2022\/04\/342064f5b8eb9b70ec2b267f4cf82725.jpg 1920w, https:\/\/villarrealcf.es\/wp-content\/uploads\/2022\/04\/342064f5b8eb9b70ec2b267f4cf82725-1536x863.jpg 1536w, https:\/\/villarrealcf.es\/\/wp-content\/uploads\/2022\/04\/342064f5b8eb9b70ec2b267f4cf82725.jpg 1920w, https:\/\/villarrealcf.es\/wp-content\/uploads\/2022\/04\/342064f5b8eb9b70ec2b267f4cf82725-32x18.jpg 32w, https:\/\/villarrealcf.es\/wp-content\/uploads\/2022\/04\/342064f5b8eb9b70ec2b267f4cf82725-150x84.jpg 150w, https:\/\/villarrealcf.es\/\/wp-content\/uploads\/2022\/04\/342064f5b8eb9b70ec2b267f4cf82725.jpg 1920w, https:\/\/villarrealcf.es\/wp-content\/uploads\/2022\/04\/342064f5b8eb9b70ec2b267f4cf82725-1200x674.jpg 1200w","sizes":"auto, (max-width: 1653px) 100vw, 1653px"}],"counts":{"blocks":15,"headings":0,"texts":13,"buttons":0,"images":1}},"sections":[{"id":"section-1","title":"","text":"Unai Emery destaca la import\u00e0ncia del partit davant l\u2019Athletic Club per a seguir en la lluita pels llocs europeus El t\u00e8cnic del Villarreal, Unai Emery, ha comparegut hui en roda de premsa per a analitzar la visita de l\u2019Athletic Club a l\u2019Estadi de la Cer\u00e0mica en la jornada 31 de LaLiga (dissabte, 18.30 hores). El t\u00e8cnic d\u2019Hondarribia ha ressaltat la import\u00e0ncia de l\u2019encontre de lliga per als \u2018groguets\u2019, en el qual espera que l\u2019afici\u00f3 estiga bolcada amb l\u2019equip. Aquestes s\u00f3n les declaracions m\u00e9s destacades de l\u2019entrenador del Villarreal: Oportunitats per a tota la plantilla \u201cQuan es conforma un equip tenint en compte el que ser\u00e0 una temporada, parlem de tindre a gent preparada en situacions dif\u00edcils. Arribat aquest moment, tenim confian\u00e7a amb tots a nivell professional per a jugar en els nivells que l\u2019equip requereix en cada competici\u00f3. Hi ha moments i aquest \u00e9s el moment necessari per a utilitzar alternatives a les quals vam tindre el dimecres, siga per sanci\u00f3, per lesi\u00f3 o per gestionar esfor\u00e7os\u201d. El focus posat en LaLiga \u201cNo donar\u00e9 un missatge diferent, poden haver-hi uns certs detalls que canvien, per\u00f2 el missatge no canvia, LaLiga \u00e9s el m\u00e9s important, \u00e9s la que marca la regularitat i la que marca per on s\u2019aconsegueixen els principals objectius. Ara ens enfrontem pel set\u00e9 lloc que pot donar acc\u00e9s a Conference League. No \u00e9s l\u2019objectiu que ens plantej\u00e0vem, per\u00f2 tamb\u00e9 tenim com a objectiu el poder entrar a Europa League. Ten\u00edem l\u2019objectiu de la Champions, per\u00f2 se\u2019ns ha posat molt dif\u00edcil. L\u2019Europa League tamb\u00e9 s\u2019ha posat molt dif\u00edcil, per\u00f2 \u00e9s el nostre objectiu\u201d. Rival amb moltes fortaleses \u201cL\u2019Athletic Club \u00e9s complicat sempre, all\u00ed vam fer un partit bastant millor del que diu el resultat. La dificultat d\u2019aquest partit anava ser en qualsevol jornada i en qualsevol context. Espere un partit exigent, per\u00f2 tamb\u00e9 una bona versi\u00f3 nostra a casa. Ser\u00e0 una trobada molt dif\u00edcil i llarg, \u00e9s un equip que defensa i contragolpea molt b\u00e9, per\u00f2 tamb\u00e9 tracta de jugar. Tenen bons futbolistes com Muniain o Sancet, que ha crescut molt. A dalt, I\u00f1aki Williams sempre \u00e9s una amena\u00e7a. L\u2019Athletic Club \u00e9s un equip que \u00e9s dif\u00edcil trobar-li espais\u201d. L\u2019afici\u00f3 \u2018grogueta\u2019 bolcada amb l\u2019equip \u201cL\u2019afici\u00f3 est\u00e0 il\u00b7lusionada amb la Champions League i tamb\u00e9 amb LaLiga. Est\u00e0 amb l\u2019equip i aix\u00f2 \u00e9s bonic, il\u00b7lusionar, generar sentiments de pertinen\u00e7a. Dem\u00e0 l\u2019Estadi de la Cer\u00e0mica ser\u00e0 un escenari molt bonic per a veure un partit de molt alt nivell\u201d. El Villarreal CF, amb el CDS de Vila-real Com a gran novetat, la roda de premsa d\u2019Unai Emery ha comptat amb traducci\u00f3 simult\u00e0nia en llengua de signes espanyola. La graderia solid\u00e0ria del partit de dem\u00e0 contra l\u2019Athletic Club est\u00e0 destinada al Club Esportiu Sords de Vila-real. S\u2019han repartit 120 entrades i s\u2019han recaptat 1.200 euros en benefici del CDS Vila-real. Pots veure la roda de premsa completa clicant en la imatge de la not\u00edcia.","headings":[],"texts":[{"type":"paragraph","text":"Unai Emery destaca la import\u00e0ncia del partit davant l\u2019Athletic Club per a seguir en la lluita pels llocs europeus"},{"type":"paragraph","text":"El t\u00e8cnic del Villarreal, Unai Emery, ha comparegut hui en roda de premsa per a analitzar la visita de l\u2019Athletic Club a l\u2019Estadi de la Cer\u00e0mica en la jornada 31 de LaLiga (dissabte, 18.30 hores). El t\u00e8cnic d\u2019Hondarribia ha ressaltat la import\u00e0ncia de l\u2019encontre de lliga per als \u2018groguets\u2019, en el qual espera que l\u2019afici\u00f3 estiga bolcada amb l\u2019equip. Aquestes s\u00f3n les declaracions m\u00e9s destacades de l\u2019entrenador del Villarreal:"},{"type":"paragraph","text":"Oportunitats per a tota la plantilla"},{"type":"paragraph","text":"\u201cQuan es conforma un equip tenint en compte el que ser\u00e0 una temporada, parlem de tindre a gent preparada en situacions dif\u00edcils. Arribat aquest moment, tenim confian\u00e7a amb tots a nivell professional per a jugar en els nivells que l\u2019equip requereix en cada competici\u00f3. Hi ha moments i aquest \u00e9s el moment necessari per a utilitzar alternatives a les quals vam tindre el dimecres, siga per sanci\u00f3, per lesi\u00f3 o per gestionar esfor\u00e7os\u201d."},{"type":"paragraph","text":"El focus posat en LaLiga"},{"type":"paragraph","text":"\u201cNo donar\u00e9 un missatge diferent, poden haver-hi uns certs detalls que canvien, per\u00f2 el missatge no canvia, LaLiga \u00e9s el m\u00e9s important, \u00e9s la que marca la regularitat i la que marca per on s\u2019aconsegueixen els principals objectius. Ara ens enfrontem pel set\u00e9 lloc que pot donar acc\u00e9s a Conference League. No \u00e9s l\u2019objectiu que ens plantej\u00e0vem, per\u00f2 tamb\u00e9 tenim com a objectiu el poder entrar a Europa League. Ten\u00edem l\u2019objectiu de la Champions, per\u00f2 se\u2019ns ha posat molt dif\u00edcil. L\u2019Europa League tamb\u00e9 s\u2019ha posat molt dif\u00edcil, per\u00f2 \u00e9s el nostre objectiu\u201d."},{"type":"paragraph","text":"Rival amb moltes fortaleses"},{"type":"paragraph","text":"\u201cL\u2019Athletic Club \u00e9s complicat sempre, all\u00ed vam fer un partit bastant millor del que diu el resultat. La dificultat d\u2019aquest partit anava ser en qualsevol jornada i en qualsevol context. Espere un partit exigent, per\u00f2 tamb\u00e9 una bona versi\u00f3 nostra a casa. Ser\u00e0 una trobada molt dif\u00edcil i llarg, \u00e9s un equip que defensa i contragolpea molt b\u00e9, per\u00f2 tamb\u00e9 tracta de jugar. Tenen bons futbolistes com Muniain o Sancet, que ha crescut molt. A dalt, I\u00f1aki Williams sempre \u00e9s una amena\u00e7a. L\u2019Athletic Club \u00e9s un equip que \u00e9s dif\u00edcil trobar-li espais\u201d."},{"type":"paragraph","text":"L\u2019afici\u00f3 \u2018grogueta\u2019 bolcada amb l\u2019equip"},{"type":"paragraph","text":"\u201cL\u2019afici\u00f3 est\u00e0 il\u00b7lusionada amb la Champions League i tamb\u00e9 amb LaLiga. Est\u00e0 amb l\u2019equip i aix\u00f2 \u00e9s bonic, il\u00b7lusionar, generar sentiments de pertinen\u00e7a. Dem\u00e0 l\u2019Estadi de la Cer\u00e0mica ser\u00e0 un escenari molt bonic per a veure un partit de molt alt nivell\u201d."},{"type":"paragraph","text":"El Villarreal CF, amb el CDS de Vila-real"},{"type":"paragraph","text":"Com a gran novetat, la roda de premsa d\u2019Unai Emery ha comptat amb traducci\u00f3 simult\u00e0nia en llengua de signes espanyola. La graderia solid\u00e0ria del partit de dem\u00e0 contra l\u2019Athletic Club est\u00e0 destinada al Club Esportiu Sords de Vila-real. S\u2019han repartit 120 entrades i s\u2019han recaptat 1.200 euros en benefici del CDS Vila-real."},{"type":"paragraph","text":"Pots veure la roda de premsa completa clicant en la imatge de la not\u00edcia."}],"buttons":[],"images":[{"type":"image","url":"https:\/\/villarrealcf.es\/\/wp-content\/uploads\/2022\/04\/342064f5b8eb9b70ec2b267f4cf82725.jpg","alt":"||||||","width":1653,"height":929,"srcset":"https:\/\/villarrealcf.es\/wp-content\/uploads\/2022\/04\/342064f5b8eb9b70ec2b267f4cf82725.jpg 1653w, https:\/\/villarrealcf.es\/\/wp-content\/uploads\/2022\/04\/342064f5b8eb9b70ec2b267f4cf82725.jpg 1920w, https:\/\/villarrealcf.es\/wp-content\/uploads\/2022\/04\/342064f5b8eb9b70ec2b267f4cf82725-1024x575.jpg 1024w, https:\/\/villarrealcf.es\/\/wp-content\/uploads\/2022\/04\/342064f5b8eb9b70ec2b267f4cf82725.jpg 1920w, https:\/\/villarrealcf.es\/wp-content\/uploads\/2022\/04\/342064f5b8eb9b70ec2b267f4cf82725-1536x863.jpg 1536w, https:\/\/villarrealcf.es\/\/wp-content\/uploads\/2022\/04\/342064f5b8eb9b70ec2b267f4cf82725.jpg 1920w, https:\/\/villarrealcf.es\/wp-content\/uploads\/2022\/04\/342064f5b8eb9b70ec2b267f4cf82725-32x18.jpg 32w, https:\/\/villarrealcf.es\/wp-content\/uploads\/2022\/04\/342064f5b8eb9b70ec2b267f4cf82725-150x84.jpg 150w, https:\/\/villarrealcf.es\/\/wp-content\/uploads\/2022\/04\/342064f5b8eb9b70ec2b267f4cf82725.jpg 1920w, https:\/\/villarrealcf.es\/wp-content\/uploads\/2022\/04\/342064f5b8eb9b70ec2b267f4cf82725-1200x674.jpg 1200w","sizes":"auto, (max-width: 1653px) 100vw, 1653px"}],"widgets":[],"blocks":[{"type":"image","url":"https:\/\/villarrealcf.es\/\/wp-content\/uploads\/2022\/04\/342064f5b8eb9b70ec2b267f4cf82725.jpg","alt":"||||||","width":1653,"height":929,"srcset":"https:\/\/villarrealcf.es\/wp-content\/uploads\/2022\/04\/342064f5b8eb9b70ec2b267f4cf82725.jpg 1653w, https:\/\/villarrealcf.es\/\/wp-content\/uploads\/2022\/04\/342064f5b8eb9b70ec2b267f4cf82725.jpg 1920w, https:\/\/villarrealcf.es\/wp-content\/uploads\/2022\/04\/342064f5b8eb9b70ec2b267f4cf82725-1024x575.jpg 1024w, https:\/\/villarrealcf.es\/\/wp-content\/uploads\/2022\/04\/342064f5b8eb9b70ec2b267f4cf82725.jpg 1920w, https:\/\/villarrealcf.es\/wp-content\/uploads\/2022\/04\/342064f5b8eb9b70ec2b267f4cf82725-1536x863.jpg 1536w, https:\/\/villarrealcf.es\/\/wp-content\/uploads\/2022\/04\/342064f5b8eb9b70ec2b267f4cf82725.jpg 1920w, https:\/\/villarrealcf.es\/wp-content\/uploads\/2022\/04\/342064f5b8eb9b70ec2b267f4cf82725-32x18.jpg 32w, https:\/\/villarrealcf.es\/wp-content\/uploads\/2022\/04\/342064f5b8eb9b70ec2b267f4cf82725-150x84.jpg 150w, https:\/\/villarrealcf.es\/\/wp-content\/uploads\/2022\/04\/342064f5b8eb9b70ec2b267f4cf82725.jpg 1920w, https:\/\/villarrealcf.es\/wp-content\/uploads\/2022\/04\/342064f5b8eb9b70ec2b267f4cf82725-1200x674.jpg 1200w","sizes":"auto, (max-width: 1653px) 100vw, 1653px"},{"type":"paragraph","text":"Unai Emery destaca la import\u00e0ncia del partit davant l\u2019Athletic Club per a seguir en la lluita pels llocs europeus"},{"type":"paragraph","text":"El t\u00e8cnic del Villarreal, Unai Emery, ha comparegut hui en roda de premsa per a analitzar la visita de l\u2019Athletic Club a l\u2019Estadi de la Cer\u00e0mica en la jornada 31 de LaLiga (dissabte, 18.30 hores). El t\u00e8cnic d\u2019Hondarribia ha ressaltat la import\u00e0ncia de l\u2019encontre de lliga per als \u2018groguets\u2019, en el qual espera que l\u2019afici\u00f3 estiga bolcada amb l\u2019equip. Aquestes s\u00f3n les declaracions m\u00e9s destacades de l\u2019entrenador del Villarreal:"},{"type":"paragraph","text":"Oportunitats per a tota la plantilla"},{"type":"paragraph","text":"\u201cQuan es conforma un equip tenint en compte el que ser\u00e0 una temporada, parlem de tindre a gent preparada en situacions dif\u00edcils. Arribat aquest moment, tenim confian\u00e7a amb tots a nivell professional per a jugar en els nivells que l\u2019equip requereix en cada competici\u00f3. Hi ha moments i aquest \u00e9s el moment necessari per a utilitzar alternatives a les quals vam tindre el dimecres, siga per sanci\u00f3, per lesi\u00f3 o per gestionar esfor\u00e7os\u201d."},{"type":"paragraph","text":"El focus posat en LaLiga"},{"type":"paragraph","text":"\u201cNo donar\u00e9 un missatge diferent, poden haver-hi uns certs detalls que canvien, per\u00f2 el missatge no canvia, LaLiga \u00e9s el m\u00e9s important, \u00e9s la que marca la regularitat i la que marca per on s\u2019aconsegueixen els principals objectius. Ara ens enfrontem pel set\u00e9 lloc que pot donar acc\u00e9s a Conference League. No \u00e9s l\u2019objectiu que ens plantej\u00e0vem, per\u00f2 tamb\u00e9 tenim com a objectiu el poder entrar a Europa League. Ten\u00edem l\u2019objectiu de la Champions, per\u00f2 se\u2019ns ha posat molt dif\u00edcil. L\u2019Europa League tamb\u00e9 s\u2019ha posat molt dif\u00edcil, per\u00f2 \u00e9s el nostre objectiu\u201d."},{"type":"paragraph","text":"Rival amb moltes fortaleses"},{"type":"paragraph","text":"\u201cL\u2019Athletic Club \u00e9s complicat sempre, all\u00ed vam fer un partit bastant millor del que diu el resultat. La dificultat d\u2019aquest partit anava ser en qualsevol jornada i en qualsevol context. Espere un partit exigent, per\u00f2 tamb\u00e9 una bona versi\u00f3 nostra a casa. Ser\u00e0 una trobada molt dif\u00edcil i llarg, \u00e9s un equip que defensa i contragolpea molt b\u00e9, per\u00f2 tamb\u00e9 tracta de jugar. Tenen bons futbolistes com Muniain o Sancet, que ha crescut molt. A dalt, I\u00f1aki Williams sempre \u00e9s una amena\u00e7a. L\u2019Athletic Club \u00e9s un equip que \u00e9s dif\u00edcil trobar-li espais\u201d."},{"type":"paragraph","text":"L\u2019afici\u00f3 \u2018grogueta\u2019 bolcada amb l\u2019equip"},{"type":"paragraph","text":"\u201cL\u2019afici\u00f3 est\u00e0 il\u00b7lusionada amb la Champions League i tamb\u00e9 amb LaLiga. Est\u00e0 amb l\u2019equip i aix\u00f2 \u00e9s bonic, il\u00b7lusionar, generar sentiments de pertinen\u00e7a. Dem\u00e0 l\u2019Estadi de la Cer\u00e0mica ser\u00e0 un escenari molt bonic per a veure un partit de molt alt nivell\u201d."},{"type":"paragraph","text":"El Villarreal CF, amb el CDS de Vila-real"},{"type":"paragraph","text":"Com a gran novetat, la roda de premsa d\u2019Unai Emery ha comptat amb traducci\u00f3 simult\u00e0nia en llengua de signes espanyola. La graderia solid\u00e0ria del partit de dem\u00e0 contra l\u2019Athletic Club est\u00e0 destinada al Club Esportiu Sords de Vila-real. S\u2019han repartit 120 entrades i s\u2019han recaptat 1.200 euros en benefici del CDS Vila-real."},{"type":"paragraph","text":"Pots veure la roda de premsa completa clicant en la imatge de la not\u00edcia."},{"type":"link","url":"https:\/\/www.youtube.com\/watch?v=lTSnYZ1kdHY","text":"https:\/\/www.youtube.com\/watch?v=lTSnYZ1kdHY","target":"_blank"}]}],"hero":{"id":"section-1","title":"","text":"Unai Emery destaca la import\u00e0ncia del partit davant l\u2019Athletic Club per a seguir en la lluita pels llocs europeus El t\u00e8cnic del Villarreal, Unai Emery, ha comparegut hui en roda de premsa per a analitzar la visita de l\u2019Athletic Club a l\u2019Estadi de la Cer\u00e0mica en la jornada 31 de LaLiga (dissabte, 18.30 hores). El t\u00e8cnic d\u2019Hondarribia ha ressaltat la import\u00e0ncia de l\u2019encontre de lliga per als \u2018groguets\u2019, en el qual espera que l\u2019afici\u00f3 estiga bolcada amb l\u2019equip. Aquestes s\u00f3n les declaracions m\u00e9s destacades de l\u2019entrenador del Villarreal: Oportunitats per a tota la plantilla \u201cQuan es conforma un equip tenint en compte el que ser\u00e0 una temporada, parlem de tindre a gent preparada en situacions dif\u00edcils. Arribat aquest moment, tenim confian\u00e7a amb tots a nivell professional per a jugar en els nivells que l\u2019equip requereix en cada competici\u00f3. Hi ha moments i aquest \u00e9s el moment necessari per a utilitzar alternatives a les quals vam tindre el dimecres, siga per sanci\u00f3, per lesi\u00f3 o per gestionar esfor\u00e7os\u201d. El focus posat en LaLiga \u201cNo donar\u00e9 un missatge diferent, poden haver-hi uns certs detalls que canvien, per\u00f2 el missatge no canvia, LaLiga \u00e9s el m\u00e9s important, \u00e9s la que marca la regularitat i la que marca per on s\u2019aconsegueixen els principals objectius. Ara ens enfrontem pel set\u00e9 lloc que pot donar acc\u00e9s a Conference League. No \u00e9s l\u2019objectiu que ens plantej\u00e0vem, per\u00f2 tamb\u00e9 tenim com a objectiu el poder entrar a Europa League. Ten\u00edem l\u2019objectiu de la Champions, per\u00f2 se\u2019ns ha posat molt dif\u00edcil. L\u2019Europa League tamb\u00e9 s\u2019ha posat molt dif\u00edcil, per\u00f2 \u00e9s el nostre objectiu\u201d. Rival amb moltes fortaleses \u201cL\u2019Athletic Club \u00e9s complicat sempre, all\u00ed vam fer un partit bastant millor del que diu el resultat. La dificultat d\u2019aquest partit anava ser en qualsevol jornada i en qualsevol context. Espere un partit exigent, per\u00f2 tamb\u00e9 una bona versi\u00f3 nostra a casa. Ser\u00e0 una trobada molt dif\u00edcil i llarg, \u00e9s un equip que defensa i contragolpea molt b\u00e9, per\u00f2 tamb\u00e9 tracta de jugar. Tenen bons futbolistes com Muniain o Sancet, que ha crescut molt. A dalt, I\u00f1aki Williams sempre \u00e9s una amena\u00e7a. L\u2019Athletic Club \u00e9s un equip que \u00e9s dif\u00edcil trobar-li espais\u201d. L\u2019afici\u00f3 \u2018grogueta\u2019 bolcada amb l\u2019equip \u201cL\u2019afici\u00f3 est\u00e0 il\u00b7lusionada amb la Champions League i tamb\u00e9 amb LaLiga. Est\u00e0 amb l\u2019equip i aix\u00f2 \u00e9s bonic, il\u00b7lusionar, generar sentiments de pertinen\u00e7a. Dem\u00e0 l\u2019Estadi de la Cer\u00e0mica ser\u00e0 un escenari molt bonic per a veure un partit de molt alt nivell\u201d. El Villarreal CF, amb el CDS de Vila-real Com a gran novetat, la roda de premsa d\u2019Unai Emery ha comptat amb traducci\u00f3 simult\u00e0nia en llengua de signes espanyola. La graderia solid\u00e0ria del partit de dem\u00e0 contra l\u2019Athletic Club est\u00e0 destinada al Club Esportiu Sords de Vila-real. S\u2019han repartit 120 entrades i s\u2019han recaptat 1.200 euros en benefici del CDS Vila-real. Pots veure la roda de premsa completa clicant en la imatge de la not\u00edcia.","headings":[],"texts":[{"type":"paragraph","text":"Unai Emery destaca la import\u00e0ncia del partit davant l\u2019Athletic Club per a seguir en la lluita pels llocs europeus"},{"type":"paragraph","text":"El t\u00e8cnic del Villarreal, Unai Emery, ha comparegut hui en roda de premsa per a analitzar la visita de l\u2019Athletic Club a l\u2019Estadi de la Cer\u00e0mica en la jornada 31 de LaLiga (dissabte, 18.30 hores). El t\u00e8cnic d\u2019Hondarribia ha ressaltat la import\u00e0ncia de l\u2019encontre de lliga per als \u2018groguets\u2019, en el qual espera que l\u2019afici\u00f3 estiga bolcada amb l\u2019equip. Aquestes s\u00f3n les declaracions m\u00e9s destacades de l\u2019entrenador del Villarreal:"},{"type":"paragraph","text":"Oportunitats per a tota la plantilla"},{"type":"paragraph","text":"\u201cQuan es conforma un equip tenint en compte el que ser\u00e0 una temporada, parlem de tindre a gent preparada en situacions dif\u00edcils. Arribat aquest moment, tenim confian\u00e7a amb tots a nivell professional per a jugar en els nivells que l\u2019equip requereix en cada competici\u00f3. Hi ha moments i aquest \u00e9s el moment necessari per a utilitzar alternatives a les quals vam tindre el dimecres, siga per sanci\u00f3, per lesi\u00f3 o per gestionar esfor\u00e7os\u201d."},{"type":"paragraph","text":"El focus posat en LaLiga"},{"type":"paragraph","text":"\u201cNo donar\u00e9 un missatge diferent, poden haver-hi uns certs detalls que canvien, per\u00f2 el missatge no canvia, LaLiga \u00e9s el m\u00e9s important, \u00e9s la que marca la regularitat i la que marca per on s\u2019aconsegueixen els principals objectius. Ara ens enfrontem pel set\u00e9 lloc que pot donar acc\u00e9s a Conference League. No \u00e9s l\u2019objectiu que ens plantej\u00e0vem, per\u00f2 tamb\u00e9 tenim com a objectiu el poder entrar a Europa League. Ten\u00edem l\u2019objectiu de la Champions, per\u00f2 se\u2019ns ha posat molt dif\u00edcil. L\u2019Europa League tamb\u00e9 s\u2019ha posat molt dif\u00edcil, per\u00f2 \u00e9s el nostre objectiu\u201d."},{"type":"paragraph","text":"Rival amb moltes fortaleses"},{"type":"paragraph","text":"\u201cL\u2019Athletic Club \u00e9s complicat sempre, all\u00ed vam fer un partit bastant millor del que diu el resultat. La dificultat d\u2019aquest partit anava ser en qualsevol jornada i en qualsevol context. Espere un partit exigent, per\u00f2 tamb\u00e9 una bona versi\u00f3 nostra a casa. Ser\u00e0 una trobada molt dif\u00edcil i llarg, \u00e9s un equip que defensa i contragolpea molt b\u00e9, per\u00f2 tamb\u00e9 tracta de jugar. Tenen bons futbolistes com Muniain o Sancet, que ha crescut molt. A dalt, I\u00f1aki Williams sempre \u00e9s una amena\u00e7a. L\u2019Athletic Club \u00e9s un equip que \u00e9s dif\u00edcil trobar-li espais\u201d."},{"type":"paragraph","text":"L\u2019afici\u00f3 \u2018grogueta\u2019 bolcada amb l\u2019equip"},{"type":"paragraph","text":"\u201cL\u2019afici\u00f3 est\u00e0 il\u00b7lusionada amb la Champions League i tamb\u00e9 amb LaLiga. Est\u00e0 amb l\u2019equip i aix\u00f2 \u00e9s bonic, il\u00b7lusionar, generar sentiments de pertinen\u00e7a. Dem\u00e0 l\u2019Estadi de la Cer\u00e0mica ser\u00e0 un escenari molt bonic per a veure un partit de molt alt nivell\u201d."},{"type":"paragraph","text":"El Villarreal CF, amb el CDS de Vila-real"},{"type":"paragraph","text":"Com a gran novetat, la roda de premsa d\u2019Unai Emery ha comptat amb traducci\u00f3 simult\u00e0nia en llengua de signes espanyola. La graderia solid\u00e0ria del partit de dem\u00e0 contra l\u2019Athletic Club est\u00e0 destinada al Club Esportiu Sords de Vila-real. S\u2019han repartit 120 entrades i s\u2019han recaptat 1.200 euros en benefici del CDS Vila-real."},{"type":"paragraph","text":"Pots veure la roda de premsa completa clicant en la imatge de la not\u00edcia."}],"buttons":[],"images":[{"type":"image","url":"https:\/\/villarrealcf.es\/\/wp-content\/uploads\/2022\/04\/342064f5b8eb9b70ec2b267f4cf82725.jpg","alt":"||||||","width":1653,"height":929,"srcset":"https:\/\/villarrealcf.es\/wp-content\/uploads\/2022\/04\/342064f5b8eb9b70ec2b267f4cf82725.jpg 1653w, https:\/\/villarrealcf.es\/\/wp-content\/uploads\/2022\/04\/342064f5b8eb9b70ec2b267f4cf82725.jpg 1920w, https:\/\/villarrealcf.es\/wp-content\/uploads\/2022\/04\/342064f5b8eb9b70ec2b267f4cf82725-1024x575.jpg 1024w, https:\/\/villarrealcf.es\/\/wp-content\/uploads\/2022\/04\/342064f5b8eb9b70ec2b267f4cf82725.jpg 1920w, https:\/\/villarrealcf.es\/wp-content\/uploads\/2022\/04\/342064f5b8eb9b70ec2b267f4cf82725-1536x863.jpg 1536w, https:\/\/villarrealcf.es\/\/wp-content\/uploads\/2022\/04\/342064f5b8eb9b70ec2b267f4cf82725.jpg 1920w, https:\/\/villarrealcf.es\/wp-content\/uploads\/2022\/04\/342064f5b8eb9b70ec2b267f4cf82725-32x18.jpg 32w, https:\/\/villarrealcf.es\/wp-content\/uploads\/2022\/04\/342064f5b8eb9b70ec2b267f4cf82725-150x84.jpg 150w, https:\/\/villarrealcf.es\/\/wp-content\/uploads\/2022\/04\/342064f5b8eb9b70ec2b267f4cf82725.jpg 1920w, https:\/\/villarrealcf.es\/wp-content\/uploads\/2022\/04\/342064f5b8eb9b70ec2b267f4cf82725-1200x674.jpg 1200w","sizes":"auto, (max-width: 1653px) 100vw, 1653px"}],"widgets":[],"blocks":[{"type":"image","url":"https:\/\/villarrealcf.es\/\/wp-content\/uploads\/2022\/04\/342064f5b8eb9b70ec2b267f4cf82725.jpg","alt":"||||||","width":1653,"height":929,"srcset":"https:\/\/villarrealcf.es\/wp-content\/uploads\/2022\/04\/342064f5b8eb9b70ec2b267f4cf82725.jpg 1653w, https:\/\/villarrealcf.es\/\/wp-content\/uploads\/2022\/04\/342064f5b8eb9b70ec2b267f4cf82725.jpg 1920w, https:\/\/villarrealcf.es\/wp-content\/uploads\/2022\/04\/342064f5b8eb9b70ec2b267f4cf82725-1024x575.jpg 1024w, https:\/\/villarrealcf.es\/\/wp-content\/uploads\/2022\/04\/342064f5b8eb9b70ec2b267f4cf82725.jpg 1920w, https:\/\/villarrealcf.es\/wp-content\/uploads\/2022\/04\/342064f5b8eb9b70ec2b267f4cf82725-1536x863.jpg 1536w, https:\/\/villarrealcf.es\/\/wp-content\/uploads\/2022\/04\/342064f5b8eb9b70ec2b267f4cf82725.jpg 1920w, https:\/\/villarrealcf.es\/wp-content\/uploads\/2022\/04\/342064f5b8eb9b70ec2b267f4cf82725-32x18.jpg 32w, https:\/\/villarrealcf.es\/wp-content\/uploads\/2022\/04\/342064f5b8eb9b70ec2b267f4cf82725-150x84.jpg 150w, https:\/\/villarrealcf.es\/\/wp-content\/uploads\/2022\/04\/342064f5b8eb9b70ec2b267f4cf82725.jpg 1920w, https:\/\/villarrealcf.es\/wp-content\/uploads\/2022\/04\/342064f5b8eb9b70ec2b267f4cf82725-1200x674.jpg 1200w","sizes":"auto, (max-width: 1653px) 100vw, 1653px"},{"type":"paragraph","text":"Unai Emery destaca la import\u00e0ncia del partit davant l\u2019Athletic Club per a seguir en la lluita pels llocs europeus"},{"type":"paragraph","text":"El t\u00e8cnic del Villarreal, Unai Emery, ha comparegut hui en roda de premsa per a analitzar la visita de l\u2019Athletic Club a l\u2019Estadi de la Cer\u00e0mica en la jornada 31 de LaLiga (dissabte, 18.30 hores). El t\u00e8cnic d\u2019Hondarribia ha ressaltat la import\u00e0ncia de l\u2019encontre de lliga per als \u2018groguets\u2019, en el qual espera que l\u2019afici\u00f3 estiga bolcada amb l\u2019equip. Aquestes s\u00f3n les declaracions m\u00e9s destacades de l\u2019entrenador del Villarreal:"},{"type":"paragraph","text":"Oportunitats per a tota la plantilla"},{"type":"paragraph","text":"\u201cQuan es conforma un equip tenint en compte el que ser\u00e0 una temporada, parlem de tindre a gent preparada en situacions dif\u00edcils. Arribat aquest moment, tenim confian\u00e7a amb tots a nivell professional per a jugar en els nivells que l\u2019equip requereix en cada competici\u00f3. Hi ha moments i aquest \u00e9s el moment necessari per a utilitzar alternatives a les quals vam tindre el dimecres, siga per sanci\u00f3, per lesi\u00f3 o per gestionar esfor\u00e7os\u201d."},{"type":"paragraph","text":"El focus posat en LaLiga"},{"type":"paragraph","text":"\u201cNo donar\u00e9 un missatge diferent, poden haver-hi uns certs detalls que canvien, per\u00f2 el missatge no canvia, LaLiga \u00e9s el m\u00e9s important, \u00e9s la que marca la regularitat i la que marca per on s\u2019aconsegueixen els principals objectius. Ara ens enfrontem pel set\u00e9 lloc que pot donar acc\u00e9s a Conference League. No \u00e9s l\u2019objectiu que ens plantej\u00e0vem, per\u00f2 tamb\u00e9 tenim com a objectiu el poder entrar a Europa League. Ten\u00edem l\u2019objectiu de la Champions, per\u00f2 se\u2019ns ha posat molt dif\u00edcil. L\u2019Europa League tamb\u00e9 s\u2019ha posat molt dif\u00edcil, per\u00f2 \u00e9s el nostre objectiu\u201d."},{"type":"paragraph","text":"Rival amb moltes fortaleses"},{"type":"paragraph","text":"\u201cL\u2019Athletic Club \u00e9s complicat sempre, all\u00ed vam fer un partit bastant millor del que diu el resultat. La dificultat d\u2019aquest partit anava ser en qualsevol jornada i en qualsevol context. Espere un partit exigent, per\u00f2 tamb\u00e9 una bona versi\u00f3 nostra a casa. Ser\u00e0 una trobada molt dif\u00edcil i llarg, \u00e9s un equip que defensa i contragolpea molt b\u00e9, per\u00f2 tamb\u00e9 tracta de jugar. Tenen bons futbolistes com Muniain o Sancet, que ha crescut molt. A dalt, I\u00f1aki Williams sempre \u00e9s una amena\u00e7a. L\u2019Athletic Club \u00e9s un equip que \u00e9s dif\u00edcil trobar-li espais\u201d."},{"type":"paragraph","text":"L\u2019afici\u00f3 \u2018grogueta\u2019 bolcada amb l\u2019equip"},{"type":"paragraph","text":"\u201cL\u2019afici\u00f3 est\u00e0 il\u00b7lusionada amb la Champions League i tamb\u00e9 amb LaLiga. Est\u00e0 amb l\u2019equip i aix\u00f2 \u00e9s bonic, il\u00b7lusionar, generar sentiments de pertinen\u00e7a. Dem\u00e0 l\u2019Estadi de la Cer\u00e0mica ser\u00e0 un escenari molt bonic per a veure un partit de molt alt nivell\u201d."},{"type":"paragraph","text":"El Villarreal CF, amb el CDS de Vila-real"},{"type":"paragraph","text":"Com a gran novetat, la roda de premsa d\u2019Unai Emery ha comptat amb traducci\u00f3 simult\u00e0nia en llengua de signes espanyola. La graderia solid\u00e0ria del partit de dem\u00e0 contra l\u2019Athletic Club est\u00e0 destinada al Club Esportiu Sords de Vila-real. S\u2019han repartit 120 entrades i s\u2019han recaptat 1.200 euros en benefici del CDS Vila-real."},{"type":"paragraph","text":"Pots veure la roda de premsa completa clicant en la imatge de la not\u00edcia."},{"type":"link","url":"https:\/\/www.youtube.com\/watch?v=lTSnYZ1kdHY","text":"https:\/\/www.youtube.com\/watch?v=lTSnYZ1kdHY","target":"_blank"}]}},"sections":[{"id":"section-1","title":"","text":"Unai Emery destaca la import\u00e0ncia del partit davant l\u2019Athletic Club per a seguir en la lluita pels llocs europeus El t\u00e8cnic del Villarreal, Unai Emery, ha comparegut hui en roda de premsa per a analitzar la visita de l\u2019Athletic Club a l\u2019Estadi de la Cer\u00e0mica en la jornada 31 de LaLiga (dissabte, 18.30 hores). El t\u00e8cnic d\u2019Hondarribia ha ressaltat la import\u00e0ncia de l\u2019encontre de lliga per als \u2018groguets\u2019, en el qual espera que l\u2019afici\u00f3 estiga bolcada amb l\u2019equip. Aquestes s\u00f3n les declaracions m\u00e9s destacades de l\u2019entrenador del Villarreal: Oportunitats per a tota la plantilla \u201cQuan es conforma un equip tenint en compte el que ser\u00e0 una temporada, parlem de tindre a gent preparada en situacions dif\u00edcils. Arribat aquest moment, tenim confian\u00e7a amb tots a nivell professional per a jugar en els nivells que l\u2019equip requereix en cada competici\u00f3. Hi ha moments i aquest \u00e9s el moment necessari per a utilitzar alternatives a les quals vam tindre el dimecres, siga per sanci\u00f3, per lesi\u00f3 o per gestionar esfor\u00e7os\u201d. El focus posat en LaLiga \u201cNo donar\u00e9 un missatge diferent, poden haver-hi uns certs detalls que canvien, per\u00f2 el missatge no canvia, LaLiga \u00e9s el m\u00e9s important, \u00e9s la que marca la regularitat i la que marca per on s\u2019aconsegueixen els principals objectius. Ara ens enfrontem pel set\u00e9 lloc que pot donar acc\u00e9s a Conference League. No \u00e9s l\u2019objectiu que ens plantej\u00e0vem, per\u00f2 tamb\u00e9 tenim com a objectiu el poder entrar a Europa League. Ten\u00edem l\u2019objectiu de la Champions, per\u00f2 se\u2019ns ha posat molt dif\u00edcil. L\u2019Europa League tamb\u00e9 s\u2019ha posat molt dif\u00edcil, per\u00f2 \u00e9s el nostre objectiu\u201d. Rival amb moltes fortaleses \u201cL\u2019Athletic Club \u00e9s complicat sempre, all\u00ed vam fer un partit bastant millor del que diu el resultat. La dificultat d\u2019aquest partit anava ser en qualsevol jornada i en qualsevol context. Espere un partit exigent, per\u00f2 tamb\u00e9 una bona versi\u00f3 nostra a casa. Ser\u00e0 una trobada molt dif\u00edcil i llarg, \u00e9s un equip que defensa i contragolpea molt b\u00e9, per\u00f2 tamb\u00e9 tracta de jugar. Tenen bons futbolistes com Muniain o Sancet, que ha crescut molt. A dalt, I\u00f1aki Williams sempre \u00e9s una amena\u00e7a. L\u2019Athletic Club \u00e9s un equip que \u00e9s dif\u00edcil trobar-li espais\u201d. L\u2019afici\u00f3 \u2018grogueta\u2019 bolcada amb l\u2019equip \u201cL\u2019afici\u00f3 est\u00e0 il\u00b7lusionada amb la Champions League i tamb\u00e9 amb LaLiga. Est\u00e0 amb l\u2019equip i aix\u00f2 \u00e9s bonic, il\u00b7lusionar, generar sentiments de pertinen\u00e7a. Dem\u00e0 l\u2019Estadi de la Cer\u00e0mica ser\u00e0 un escenari molt bonic per a veure un partit de molt alt nivell\u201d. El Villarreal CF, amb el CDS de Vila-real Com a gran novetat, la roda de premsa d\u2019Unai Emery ha comptat amb traducci\u00f3 simult\u00e0nia en llengua de signes espanyola. La graderia solid\u00e0ria del partit de dem\u00e0 contra l\u2019Athletic Club est\u00e0 destinada al Club Esportiu Sords de Vila-real. S\u2019han repartit 120 entrades i s\u2019han recaptat 1.200 euros en benefici del CDS Vila-real. Pots veure la roda de premsa completa clicant en la imatge de la not\u00edcia.","url":"https:\/\/www.youtube.com\/watch?v=lTSnYZ1kdHY","background_image":"","images":[{"type":"image","url":"https:\/\/villarrealcf.es\/\/wp-content\/uploads\/2022\/04\/342064f5b8eb9b70ec2b267f4cf82725.jpg","alt":"||||||","width":1653,"height":929,"srcset":"https:\/\/villarrealcf.es\/wp-content\/uploads\/2022\/04\/342064f5b8eb9b70ec2b267f4cf82725.jpg 1653w, https:\/\/villarrealcf.es\/\/wp-content\/uploads\/2022\/04\/342064f5b8eb9b70ec2b267f4cf82725.jpg 1920w, https:\/\/villarrealcf.es\/wp-content\/uploads\/2022\/04\/342064f5b8eb9b70ec2b267f4cf82725-1024x575.jpg 1024w, https:\/\/villarrealcf.es\/\/wp-content\/uploads\/2022\/04\/342064f5b8eb9b70ec2b267f4cf82725.jpg 1920w, https:\/\/villarrealcf.es\/wp-content\/uploads\/2022\/04\/342064f5b8eb9b70ec2b267f4cf82725-1536x863.jpg 1536w, https:\/\/villarrealcf.es\/\/wp-content\/uploads\/2022\/04\/342064f5b8eb9b70ec2b267f4cf82725.jpg 1920w, https:\/\/villarrealcf.es\/wp-content\/uploads\/2022\/04\/342064f5b8eb9b70ec2b267f4cf82725-32x18.jpg 32w, https:\/\/villarrealcf.es\/wp-content\/uploads\/2022\/04\/342064f5b8eb9b70ec2b267f4cf82725-150x84.jpg 150w, https:\/\/villarrealcf.es\/\/wp-content\/uploads\/2022\/04\/342064f5b8eb9b70ec2b267f4cf82725.jpg 1920w, https:\/\/villarrealcf.es\/wp-content\/uploads\/2022\/04\/342064f5b8eb9b70ec2b267f4cf82725-1200x674.jpg 1200w","sizes":"auto, (max-width: 1653px) 100vw, 1653px"}],"videos":[],"links":[{"type":"link","url":"https:\/\/www.youtube.com\/watch?v=lTSnYZ1kdHY","text":"https:\/\/www.youtube.com\/watch?v=lTSnYZ1kdHY","target":"_blank"}]},{"id":"shortcode-caption-69efe4010caec","type":"shortcode","shortcode":"caption","attributes":{"id":"attachment_182578","align":"alignnone","width":""},"title":"Caption","rendered":"","data":[],"text":"","url":"","background_image":"","images":[],"videos":[],"links":[],"blocks":[]}]},"excerpt":{"rendered":"Unai Emery destaca la import\u00e0ncia del partit davant l&#8217;Athletic Club per a seguir en la lluita pels llocs europeus","protected":false},"author":1,"featured_media":182578,"comment_status":"","ping_status":"","sticky":false,"template":"","format":"standard","meta":{"_acf_changed":false,"footnotes":""},"categories":[4854],"tags":[12554,12556,9639,11429,9270,5222,11042,9627,8676,9203],"acf":null,"lang":"val","translations":{"val":223499},"essential_grid":{"has_grid":false},"formatted_date":"April 8, 2022","modified_date":"April 8, 2022","permalink":"https:\/\/villarrealcf.es\/val\/es-el-moment-d-utilitzar-alternatives\/","reading_time":3,"featured_media_data":{"id":182578,"title":"||||||","caption":"||||||","alt_text":"","description":"","mime_type":"image\/jpeg","source_url":"https:\/\/villarrealcf.es\/wp-content\/uploads\/2022\/04\/342064f5b8eb9b70ec2b267f4cf82725.jpg","sizes":{"thumbnail":{"url":"https:\/\/villarrealcf.es\/wp-content\/uploads\/2022\/04\/342064f5b8eb9b70ec2b267f4cf82725-150x150.jpg","width":150,"height":150},"medium":{"url":"https:\/\/villarrealcf.es\/wp-content\/uploads\/2022\/04\/342064f5b8eb9b70ec2b267f4cf82725-300x169.jpg","width":300,"height":169},"medium_large":{"url":"https:\/\/villarrealcf.es\/wp-content\/uploads\/2022\/04\/342064f5b8eb9b70ec2b267f4cf82725-768x432.jpg","width":768,"height":432},"large":{"url":"https:\/\/villarrealcf.es\/wp-content\/uploads\/2022\/04\/342064f5b8eb9b70ec2b267f4cf82725-1024x575.jpg","width":788,"height":442},"1536x1536":{"url":"https:\/\/villarrealcf.es\/wp-content\/uploads\/2022\/04\/342064f5b8eb9b70ec2b267f4cf82725-1536x863.jpg","width":1536,"height":863},"2048x2048":{"url":"https:\/\/villarrealcf.es\/wp-content\/uploads\/2022\/04\/342064f5b8eb9b70ec2b267f4cf82725.jpg","width":1653,"height":929},"tp-image-grid":{"url":"https:\/\/villarrealcf.es\/wp-content\/uploads\/2022\/04\/342064f5b8eb9b70ec2b267f4cf82725-700x700.jpg","width":700,"height":700},"size-bunyad-medium":{"url":"https:\/\/villarrealcf.es\/wp-content\/uploads\/2022\/04\/342064f5b8eb9b70ec2b267f4cf82725.jpg","width":1653,"height":929},"sportspress-crop-medium":{"url":"https:\/\/villarrealcf.es\/wp-content\/uploads\/2022\/04\/342064f5b8eb9b70ec2b267f4cf82725-300x300.jpg","width":300,"height":300},"sportspress-fit-medium":{"url":"https:\/\/villarrealcf.es\/wp-content\/uploads\/2022\/04\/342064f5b8eb9b70ec2b267f4cf82725-300x169.jpg","width":300,"height":169},"sportspress-fit-icon":{"url":"https:\/\/villarrealcf.es\/wp-content\/uploads\/2022\/04\/342064f5b8eb9b70ec2b267f4cf82725-128x72.jpg","width":128,"height":72},"sportspress-fit-mini":{"url":"https:\/\/villarrealcf.es\/wp-content\/uploads\/2022\/04\/342064f5b8eb9b70ec2b267f4cf82725-32x18.jpg","width":32,"height":18},"bunyad-small":{"url":"https:\/\/villarrealcf.es\/wp-content\/uploads\/2022\/04\/342064f5b8eb9b70ec2b267f4cf82725-150x84.jpg","width":150,"height":84},"bunyad-medium":{"url":"https:\/\/villarrealcf.es\/wp-content\/uploads\/2022\/04\/342064f5b8eb9b70ec2b267f4cf82725-450x253.jpg","width":450,"height":253},"bunyad-full":{"url":"https:\/\/villarrealcf.es\/wp-content\/uploads\/2022\/04\/342064f5b8eb9b70ec2b267f4cf82725-1200x674.jpg","width":1200,"height":674},"bunyad-viewport":{"url":"https:\/\/villarrealcf.es\/wp-content\/uploads\/2022\/04\/342064f5b8eb9b70ec2b267f4cf82725.jpg","width":1653,"height":929},"bunyad-768":{"url":"https:\/\/villarrealcf.es\/wp-content\/uploads\/2022\/04\/342064f5b8eb9b70ec2b267f4cf82725-768x432.jpg","width":768,"height":432},"full":{"url":"https:\/\/villarrealcf.es\/wp-content\/uploads\/2022\/04\/342064f5b8eb9b70ec2b267f4cf82725.jpg","width":1653,"height":929}}},"author_data":{"id":"1","name":"root_envidea","first_name":"Villarreal CF","last_name":"","description":"","avatar_url":"https:\/\/secure.gravatar.com\/avatar\/48f95f42a3ccc324f3a3458e4b9e6fb070b083e99d388e170c1afb061fa99b63?s=96&d=mm&r=g","acf":null},"taxonomies_data":{"category":[{"id":4854,"name":"Noticies Generals","slug":"noticies-generals","acf":null}],"post_tag":[{"id":12554,"name":"#Football","slug":"football-val","acf":null},{"id":12556,"name":"#Soccer","slug":"soccer-val","acf":null},{"id":9639,"name":"Athletic Club de Bilbao","slug":"athletic-club-de-bilbao-val","acf":null},{"id":11429,"name":"Estadio de la Cer\u00e1mica","slug":"estadio-de-la-ceramica-val","acf":null},{"id":9270,"name":"Futbol","slug":"futbol-val","acf":null},{"id":5222,"name":"Jornada 31","slug":"jornada-31","acf":null},{"id":11042,"name":"LaLiga","slug":"laliga-val","acf":null},{"id":9627,"name":"Submarino Amarillo","slug":"submarino-amarillo-val","acf":null},{"id":8676,"name":"Unai Emery","slug":"unai-emery","acf":null},{"id":9203,"name":"Villarreal CF","slug":"villarreal-cf-val","acf":null}],"translation_priority":[{"id":735,"name":"Optional","slug":"optional-val","acf":null}]},"seo_full":{"native":{"title":"&#8220;\u00c9s el moment d&#8217;utilitzar alternatives&#8221; - Web Oficial del Villarreal CF","description":"[caption id=\"attachment_182578\" align=\"alignnone\" width=\"\"]||||||[\/caption]Unai Emery destaca la import\u00e0ncia del partit davant l'Athletic Club per a seguir en la lluita pels&hellip;","canonical":"https:\/\/villarrealcf.es\/val\/es-el-moment-d-utilitzar-alternatives\/"}},"_links":{"self":[{"href":"https:\/\/villarrealcf.es\/val\/wp-json\/wp\/v2\/posts\/223499","targetHints":{"allow":["GET"]}}],"collection":[{"href":"https:\/\/villarrealcf.es\/val\/wp-json\/wp\/v2\/posts"}],"about":[{"href":"https:\/\/villarrealcf.es\/val\/wp-json\/wp\/v2\/types\/post"}],"author":[{"embeddable":true,"href":"https:\/\/villarrealcf.es\/val\/wp-json\/wp\/v2\/users\/1"}],"replies":[{"embeddable":true,"href":"https:\/\/villarrealcf.es\/val\/wp-json\/wp\/v2\/comments?post=223499"}],"version-history":[{"count":0,"href":"https:\/\/villarrealcf.es\/val\/wp-json\/wp\/v2\/posts\/223499\/revisions"}],"wp:featuredmedia":[{"embeddable":true,"href":"https:\/\/villarrealcf.es\/val\/wp-json\/wp\/v2\/media\/182578"}],"wp:attachment":[{"href":"https:\/\/villarrealcf.es\/val\/wp-json\/wp\/v2\/media?parent=223499"}],"wp:term":[{"taxonomy":"category","embeddable":true,"href":"https:\/\/villarrealcf.es\/val\/wp-json\/wp\/v2\/categories?post=223499"},{"taxonomy":"post_tag","embeddable":true,"href":"https:\/\/villarrealcf.es\/val\/wp-json\/wp\/v2\/tags?post=223499"}],"curies":[{"name":"wp","href":"https:\/\/api.w.org\/{rel}","templated":true}]}}