{"id":223388,"date":"2022-03-31T11:58:17","date_gmt":"2022-03-31T09:58:17","guid":{"rendered":"https:\/\/villarrealcf.es\/\/viatja-amb-l-equip-a-munic\/"},"modified":"2022-03-31T11:58:17","modified_gmt":"2022-03-31T09:58:17","slug":"viatja-amb-l-equip-a-munic","status":"publish","type":"post","link":"https:\/\/villarrealcf.es\/val\/viatja-amb-l-equip-a-munic\/","title":{"rendered":"Viatja amb l&#8217;equip a Munic!"},"content":{"protected":false,"blocks":[{"type":"image","url":"https:\/\/villarrealcf.es\/\/wp-content\/uploads\/2022\/03\/47d2da2fdca81767747c3c5796a7b28c.jpg","alt":"||||||","width":1653,"height":930,"srcset":"https:\/\/villarrealcf.es\/wp-content\/uploads\/2022\/03\/47d2da2fdca81767747c3c5796a7b28c.jpg 1653w, https:\/\/villarrealcf.es\/\/wp-content\/uploads\/2022\/03\/47d2da2fdca81767747c3c5796a7b28c.jpg 1920w, https:\/\/villarrealcf.es\/wp-content\/uploads\/2022\/03\/47d2da2fdca81767747c3c5796a7b28c-1024x576.jpg 1024w, https:\/\/villarrealcf.es\/\/wp-content\/uploads\/2022\/03\/47d2da2fdca81767747c3c5796a7b28c.jpg 1920w, https:\/\/villarrealcf.es\/wp-content\/uploads\/2022\/03\/47d2da2fdca81767747c3c5796a7b28c-1536x864.jpg 1536w, https:\/\/villarrealcf.es\/\/wp-content\/uploads\/2022\/03\/47d2da2fdca81767747c3c5796a7b28c.jpg 1920w, https:\/\/villarrealcf.es\/wp-content\/uploads\/2022\/03\/47d2da2fdca81767747c3c5796a7b28c-32x18.jpg 32w, https:\/\/villarrealcf.es\/wp-content\/uploads\/2022\/03\/47d2da2fdca81767747c3c5796a7b28c-150x84.jpg 150w, https:\/\/villarrealcf.es\/\/wp-content\/uploads\/2022\/03\/47d2da2fdca81767747c3c5796a7b28c.jpg 1920w, https:\/\/villarrealcf.es\/wp-content\/uploads\/2022\/03\/47d2da2fdca81767747c3c5796a7b28c-1200x675.jpg 1200w","sizes":"auto, (max-width: 1653px) 100vw, 1653px"},{"type":"paragraph","text":"El club groc ha organitzat un despla\u00e7ament perqu\u00e8 els aficionats \u2018groguets\u2019 viatgen a Alemanya amb l\u2019expedici\u00f3 del Villarreal CF"},{"type":"paragraph","text":"El Villarreal CF, a trav\u00e9s de la seua Ag\u00e8ncia de Viatges, ha organitzat un despla\u00e7ament perqu\u00e8 els aficionats \u2018groguets\u2019 puguen acompanyar al seu equip en l\u2019encontre davant el FC Bayern, de tornada dels quarts de final de la UEFA Champions League (dimarts 12 d\u2019abril, 21.00 hores). De manera excepcional i com a gran novetat, el club groc ha obert l\u2019expedici\u00f3 perqu\u00e8 els seguidors del Submar\u00ed viatgen amb l\u2019equip a terres bavareses."},{"type":"paragraph","text":"Els aficionats partiran cap a Munic al costat de l\u2019equip el dilluns 11 d\u2019abril des de l\u2019Aeroport de Val\u00e8ncia. Amb el dimarts per a gaudir de la ciutat i del partit davant l\u2019FC Bayern, el retorn a Espanya est\u00e0 previst l\u2019endem\u00e0, el dimecres 13 d\u2019abril, amb retorn novament a Val\u00e8ncia."},{"type":"heading","level":3,"text":"Viatge organitzat pel Villarreal CF per a animar a l\u2019equip a Munic"},{"type":"paragraph","text":"El preu del viatge organitzat a Munic \u00e9s de 700 euros* per persona i inclou el seg\u00fcent:"},{"type":"list","style":"ul","items":["Vols x\u00e0rter Val\u00e8ncia-Munic en l\u2019expedici\u00f3 de l\u2019equip.","Allotjament de dues nits amb desdejuni en un hotel de tres estreles en el centre de Munic.","*El preu de 700 euros \u00e9s en habitaci\u00f3 doble. El viatge individual tindr\u00e0 100 euros de suplement, \u00e9s a dir, un cost de 800 euros.","Entrada per al FC Bayern-Villarreal CF.","Visita guiada per la ciutat de Munic.","Totes les despeses de despla\u00e7ament inclosos en Espanya i a Alemanya (eixint des de Vila-real).","Eixida dilluns 11 d\u2019abril a les 17.00 hores i tornada dimecres 13 d\u2019abril al migdia (horaris per definir).","Assegurances de viatge.","Servei a bord amb snacks i begudes.","Facturaci\u00f3 de maleta de 23 quilos, maleta de m\u00e0 i motxilla."]},{"type":"paragraph","text":"Requisits per a poder viatjar amb l\u2019equip a Munic"},{"type":"list","style":"ul","items":["Tindre i presentar el DNI o passaport en vigor","Certificat de vacunaci\u00f3 en vigor. Tota persona que viatge amb el Villarreal CF haur\u00e0 d\u2019estar vacunada.","Presentar una prova d\u2019ant\u00edgens negativa realitzada 48 hores abans del despla\u00e7ament a Munic (no inclosa en el preu).","Portar m\u00e0scara de tipus FFP2."]},{"type":"paragraph","text":"Autoritzaci\u00f3 per a menors d\u2019edat"},{"type":"paragraph","text":"Els menors necessiten la declaraci\u00f3 signada d\u2019autoritzaci\u00f3 de viatge de tots dos pares o tutors legals per a poder viatjar. Aquesta autoritzaci\u00f3 ha de ser emesa per la Policia Nacional o la Gu\u00e0rdia Civil. Els menors que viatgen hauran de portar el seu DNI fora del territori nacional i dins de la Uni\u00f3 Europea. En el cas dels menors estrangers, hauran de portar el passaport del seu pa\u00eds d\u2019origen."},{"type":"paragraph","text":"Com inscriure\u2019s al viatge?"},{"type":"list","style":"ul","items":["Online","Agencia de Viajes del Villarreal (c\/ Mayor San Jaime, 8)."]},{"type":"paragraph","text":"Aquests s\u00f3n els horaris de l\u2019ag\u00e8ncia:"},{"type":"list","style":"ul","items":["De dilluns a divendres de 9.30 a 13.30 hores i de 16.00 a 20.00 hores.","Dissabte, de 9.30 a 13.30 hores."]},{"type":"paragraph","text":"Els aficionats poden apuntar-se des d\u2019aquesta vesprada fins al dijous 7 d\u2019abril, a les 18.00 hores, tant en l\u00ednia com en l\u2019Ag\u00e8ncia de Viatges."},{"type":"heading","level":3,"text":"Viatja pel teu compte a Munic!"},{"type":"paragraph","text":"Entrades soltes per 60 euros"},{"type":"paragraph","text":"Els aficionats que vulguen viatjar pel seu compte a Munic podran comprar entrades soltes a un preu de 60 euros. Pr\u00f2ximament, el club groc donar\u00e0 m\u00e9s detalls sobre quan i on es podran adquirir."},{"type":"paragraph","text":"Requisits d\u2019entrada a Alemanya"},{"type":"paragraph","text":"A causa de la legislaci\u00f3 vigent a Alemanya per l\u2019actual situaci\u00f3 sanit\u00e0ria, les persones que viatgen a Munic han de complir un dels seg\u00fcents requisits:"},{"type":"list","style":"ul","items":["Certificat de vacunaci\u00f3 completa amb vacuna europea, la validesa d\u2019aquest certificat s\u2019est\u00e9n entre els 14 i els 270 dies des de la inoculaci\u00f3 de l\u2019\u00faltima vacuna. De moment, Alemanya accepta la pauta completa amb dues vacunes. Les vacunes autoritzades s\u00f3n les seg\u00fcents: Pfizer-BioNTech, Moderna, Oxford-AstraZeneca, Novavax i Johnson & Johnson\/Janssen.","Test negatiu de covid-19. Test ant\u00edgens o PCR o en les 48 hores pr\u00e8vies a l\u2019entrada a Alemanya.","Prova de recuperaci\u00f3 que mostre un resultat positiu de la prova de PCR realitzada almenys 28 dies, per\u00f2 no m\u00e9s de 90 dies abans."]},{"type":"paragraph","text":"Menors d\u2019edat"},{"type":"paragraph","text":"Totes les persones que procedeixen d\u2019Espanya, a partir dels 6 anys d\u2019edat, en el moment d\u2019entrar a Alemanya han de disposar d\u2019un certificat sanitari (b\u00e9 de vacunaci\u00f3 o de recuperaci\u00f3 o de diagn\u00f2stic test amb resultat negatiu)."}],"structured":{"summary":{"text":"El club groc ha organitzat un despla\u00e7ament perqu\u00e8 els aficionats \u2018groguets\u2019 viatgen a Alemanya amb l\u2019expedici\u00f3 del Villarreal CF El Villarreal CF, a trav\u00e9s de la seua Ag\u00e8ncia de Viatges, ha organitzat un despla\u00e7ament perqu\u00e8 els aficionats \u2018groguets\u2019 puguen acompanyar al seu equip en l\u2019encontre davant el FC Bayern, de tornada dels quarts de final de la UEFA Champions League (dimarts 12 d\u2019abril, 21.00 hores). De manera excepcional i com a gran novetat, el club groc ha obert l\u2019expedici\u00f3 perqu\u00e8 els seguidors del Submar\u00ed viatgen amb l\u2019equip a terres bavareses. Els aficionats partiran cap a Munic al costat de l\u2019equip el dilluns 11 d\u2019abril des de l\u2019Aeroport de Val\u00e8ncia. Amb el dimarts per a gaudir de la ciutat i del partit davant l\u2019FC Bayern, el retorn a Espanya est\u00e0 previst l\u2019endem\u00e0, el dimecres 13 d\u2019abril, amb retorn novament a Val\u00e8ncia. Viatge organitzat pel Villarreal CF per a animar a l\u2019equip a Munic El preu del viatge organitzat a Munic \u00e9s de 700 euros* per persona i inclou el seg\u00fcent: Vols x\u00e0rter Val\u00e8ncia-Munic en l\u2019expedici\u00f3 de l\u2019equip. Allotjament de dues nits amb desdejuni en un hotel de tres estreles en el centre de Munic. *El preu de 700 euros \u00e9s en habitaci\u00f3 doble. El viatge individual tindr\u00e0 100 euros de suplement, \u00e9s a dir, un cost de 800 euros. Entrada per al FC Bayern-Villarreal CF. Visita guiada per la ciutat de Munic. Totes les despeses de despla\u00e7ament inclosos en Espanya i a Alemanya (eixint des de Vila-real). Eixida dilluns 11 d\u2019abril a les 17.00 hores i tornada dimecres 13 d\u2019abril al migdia (horaris per definir). Assegurances de viatge. Servei a bord amb snacks i begudes. Facturaci\u00f3 de maleta de 23 quilos, maleta de m\u00e0 i motxilla. Requisits per a poder viatjar amb l\u2019equip a Munic Tindre i presentar el DNI o passaport en vigor Certificat de vacunaci\u00f3 en vigor. Tota persona que viatge amb el Villarreal CF haur\u00e0 d\u2019estar vacunada. Presentar una prova d\u2019ant\u00edgens negativa realitzada 48 hores abans del despla\u00e7ament a Munic (no inclosa en el preu). Portar m\u00e0scara de tipus FFP2. Autoritzaci\u00f3 per a menors d\u2019edat Els menors necessiten la declaraci\u00f3 signada d\u2019autoritzaci\u00f3 de viatge de tots dos pares o tutors legals per a poder viatjar. Aquesta autoritzaci\u00f3 ha de ser emesa per la Policia Nacional o la Gu\u00e0rdia Civil. Els menors que viatgen hauran de portar el seu DNI fora del territori nacional i dins de la Uni\u00f3 Europea. En el cas dels menors estrangers, hauran de portar el passaport del seu pa\u00eds d\u2019origen. Com inscriure\u2019s al viatge? Online Agencia de Viajes del Villarreal (c\/ Mayor San Jaime, 8). Aquests s\u00f3n els horaris de l\u2019ag\u00e8ncia: De dilluns a divendres de 9.30 a 13.30 hores i de 16.00 a 20.00 hores. Dissabte, de 9.30 a 13.30 hores. Els aficionats poden apuntar-se des d\u2019aquesta vesprada fins al dijous 7 d\u2019abril, a les 18.00 hores, tant en l\u00ednia com en l\u2019Ag\u00e8ncia de Viatges. Viatja pel teu compte a Munic! Entrades soltes per 60 euros Els aficionats que vulguen viatjar pel seu compte a Munic podran comprar entrades soltes a un preu de 60 euros. Pr\u00f2ximament, el club groc donar\u00e0 m\u00e9s detalls sobre quan i on es podran adquirir. Requisits d\u2019entrada a Alemanya A causa de la legislaci\u00f3 vigent a Alemanya per l\u2019actual situaci\u00f3 sanit\u00e0ria, les persones que viatgen a Munic han de complir un dels seg\u00fcents requisits: Certificat de vacunaci\u00f3 completa amb vacuna europea, la validesa d\u2019aquest certificat s\u2019est\u00e9n entre els 14 i els 270 dies des de la inoculaci\u00f3 de l\u2019\u00faltima vacuna. De moment, Alemanya accepta la pauta completa amb dues vacunes. Les vacunes autoritzades s\u00f3n les seg\u00fcents: Pfizer-BioNTech, Moderna, Oxford-AstraZeneca, Novavax i Johnson & Johnson\/Janssen. Test negatiu de covid-19. Test ant\u00edgens o PCR o en les 48 hores pr\u00e8vies a l\u2019entrada a Alemanya. Prova de recuperaci\u00f3 que mostre un resultat positiu de la prova de PCR realitzada almenys 28 dies, per\u00f2 no m\u00e9s de 90 dies abans. Menors d\u2019edat Totes les persones que procedeixen d\u2019Espanya, a partir dels 6 anys d\u2019edat, en el moment d\u2019entrar a Alemanya han de disposar d\u2019un certificat sanitari (b\u00e9 de vacunaci\u00f3 o de recuperaci\u00f3 o de diagn\u00f2stic test amb resultat negatiu).","headings":[{"type":"heading","level":3,"text":"Viatge organitzat pel Villarreal CF per a animar a l\u2019equip a Munic"},{"type":"heading","level":3,"text":"Viatja pel teu compte a Munic!"}],"buttons":[],"images":[{"type":"image","url":"https:\/\/villarrealcf.es\/\/wp-content\/uploads\/2022\/03\/47d2da2fdca81767747c3c5796a7b28c.jpg","alt":"||||||","width":1653,"height":930,"srcset":"https:\/\/villarrealcf.es\/wp-content\/uploads\/2022\/03\/47d2da2fdca81767747c3c5796a7b28c.jpg 1653w, https:\/\/villarrealcf.es\/\/wp-content\/uploads\/2022\/03\/47d2da2fdca81767747c3c5796a7b28c.jpg 1920w, https:\/\/villarrealcf.es\/wp-content\/uploads\/2022\/03\/47d2da2fdca81767747c3c5796a7b28c-1024x576.jpg 1024w, https:\/\/villarrealcf.es\/\/wp-content\/uploads\/2022\/03\/47d2da2fdca81767747c3c5796a7b28c.jpg 1920w, https:\/\/villarrealcf.es\/wp-content\/uploads\/2022\/03\/47d2da2fdca81767747c3c5796a7b28c-1536x864.jpg 1536w, https:\/\/villarrealcf.es\/\/wp-content\/uploads\/2022\/03\/47d2da2fdca81767747c3c5796a7b28c.jpg 1920w, https:\/\/villarrealcf.es\/wp-content\/uploads\/2022\/03\/47d2da2fdca81767747c3c5796a7b28c-32x18.jpg 32w, https:\/\/villarrealcf.es\/wp-content\/uploads\/2022\/03\/47d2da2fdca81767747c3c5796a7b28c-150x84.jpg 150w, https:\/\/villarrealcf.es\/\/wp-content\/uploads\/2022\/03\/47d2da2fdca81767747c3c5796a7b28c.jpg 1920w, https:\/\/villarrealcf.es\/wp-content\/uploads\/2022\/03\/47d2da2fdca81767747c3c5796a7b28c-1200x675.jpg 1200w","sizes":"auto, (max-width: 1653px) 100vw, 1653px"}],"counts":{"blocks":24,"headings":2,"texts":16,"buttons":0,"images":1}},"sections":[{"id":"section-1","title":"","text":"El club groc ha organitzat un despla\u00e7ament perqu\u00e8 els aficionats \u2018groguets\u2019 viatgen a Alemanya amb l\u2019expedici\u00f3 del Villarreal CF El Villarreal CF, a trav\u00e9s de la seua Ag\u00e8ncia de Viatges, ha organitzat un despla\u00e7ament perqu\u00e8 els aficionats \u2018groguets\u2019 puguen acompanyar al seu equip en l\u2019encontre davant el FC Bayern, de tornada dels quarts de final de la UEFA Champions League (dimarts 12 d\u2019abril, 21.00 hores). De manera excepcional i com a gran novetat, el club groc ha obert l\u2019expedici\u00f3 perqu\u00e8 els seguidors del Submar\u00ed viatgen amb l\u2019equip a terres bavareses. Els aficionats partiran cap a Munic al costat de l\u2019equip el dilluns 11 d\u2019abril des de l\u2019Aeroport de Val\u00e8ncia. Amb el dimarts per a gaudir de la ciutat i del partit davant l\u2019FC Bayern, el retorn a Espanya est\u00e0 previst l\u2019endem\u00e0, el dimecres 13 d\u2019abril, amb retorn novament a Val\u00e8ncia.","headings":[],"texts":[{"type":"paragraph","text":"El club groc ha organitzat un despla\u00e7ament perqu\u00e8 els aficionats \u2018groguets\u2019 viatgen a Alemanya amb l\u2019expedici\u00f3 del Villarreal CF"},{"type":"paragraph","text":"El Villarreal CF, a trav\u00e9s de la seua Ag\u00e8ncia de Viatges, ha organitzat un despla\u00e7ament perqu\u00e8 els aficionats \u2018groguets\u2019 puguen acompanyar al seu equip en l\u2019encontre davant el FC Bayern, de tornada dels quarts de final de la UEFA Champions League (dimarts 12 d\u2019abril, 21.00 hores). De manera excepcional i com a gran novetat, el club groc ha obert l\u2019expedici\u00f3 perqu\u00e8 els seguidors del Submar\u00ed viatgen amb l\u2019equip a terres bavareses."},{"type":"paragraph","text":"Els aficionats partiran cap a Munic al costat de l\u2019equip el dilluns 11 d\u2019abril des de l\u2019Aeroport de Val\u00e8ncia. Amb el dimarts per a gaudir de la ciutat i del partit davant l\u2019FC Bayern, el retorn a Espanya est\u00e0 previst l\u2019endem\u00e0, el dimecres 13 d\u2019abril, amb retorn novament a Val\u00e8ncia."}],"buttons":[],"images":[{"type":"image","url":"https:\/\/villarrealcf.es\/\/wp-content\/uploads\/2022\/03\/47d2da2fdca81767747c3c5796a7b28c.jpg","alt":"||||||","width":1653,"height":930,"srcset":"https:\/\/villarrealcf.es\/wp-content\/uploads\/2022\/03\/47d2da2fdca81767747c3c5796a7b28c.jpg 1653w, https:\/\/villarrealcf.es\/\/wp-content\/uploads\/2022\/03\/47d2da2fdca81767747c3c5796a7b28c.jpg 1920w, https:\/\/villarrealcf.es\/wp-content\/uploads\/2022\/03\/47d2da2fdca81767747c3c5796a7b28c-1024x576.jpg 1024w, https:\/\/villarrealcf.es\/\/wp-content\/uploads\/2022\/03\/47d2da2fdca81767747c3c5796a7b28c.jpg 1920w, https:\/\/villarrealcf.es\/wp-content\/uploads\/2022\/03\/47d2da2fdca81767747c3c5796a7b28c-1536x864.jpg 1536w, https:\/\/villarrealcf.es\/\/wp-content\/uploads\/2022\/03\/47d2da2fdca81767747c3c5796a7b28c.jpg 1920w, https:\/\/villarrealcf.es\/wp-content\/uploads\/2022\/03\/47d2da2fdca81767747c3c5796a7b28c-32x18.jpg 32w, https:\/\/villarrealcf.es\/wp-content\/uploads\/2022\/03\/47d2da2fdca81767747c3c5796a7b28c-150x84.jpg 150w, https:\/\/villarrealcf.es\/\/wp-content\/uploads\/2022\/03\/47d2da2fdca81767747c3c5796a7b28c.jpg 1920w, https:\/\/villarrealcf.es\/wp-content\/uploads\/2022\/03\/47d2da2fdca81767747c3c5796a7b28c-1200x675.jpg 1200w","sizes":"auto, (max-width: 1653px) 100vw, 1653px"}],"widgets":[],"blocks":[{"type":"image","url":"https:\/\/villarrealcf.es\/\/wp-content\/uploads\/2022\/03\/47d2da2fdca81767747c3c5796a7b28c.jpg","alt":"||||||","width":1653,"height":930,"srcset":"https:\/\/villarrealcf.es\/wp-content\/uploads\/2022\/03\/47d2da2fdca81767747c3c5796a7b28c.jpg 1653w, https:\/\/villarrealcf.es\/\/wp-content\/uploads\/2022\/03\/47d2da2fdca81767747c3c5796a7b28c.jpg 1920w, https:\/\/villarrealcf.es\/wp-content\/uploads\/2022\/03\/47d2da2fdca81767747c3c5796a7b28c-1024x576.jpg 1024w, https:\/\/villarrealcf.es\/\/wp-content\/uploads\/2022\/03\/47d2da2fdca81767747c3c5796a7b28c.jpg 1920w, https:\/\/villarrealcf.es\/wp-content\/uploads\/2022\/03\/47d2da2fdca81767747c3c5796a7b28c-1536x864.jpg 1536w, https:\/\/villarrealcf.es\/\/wp-content\/uploads\/2022\/03\/47d2da2fdca81767747c3c5796a7b28c.jpg 1920w, https:\/\/villarrealcf.es\/wp-content\/uploads\/2022\/03\/47d2da2fdca81767747c3c5796a7b28c-32x18.jpg 32w, https:\/\/villarrealcf.es\/wp-content\/uploads\/2022\/03\/47d2da2fdca81767747c3c5796a7b28c-150x84.jpg 150w, https:\/\/villarrealcf.es\/\/wp-content\/uploads\/2022\/03\/47d2da2fdca81767747c3c5796a7b28c.jpg 1920w, https:\/\/villarrealcf.es\/wp-content\/uploads\/2022\/03\/47d2da2fdca81767747c3c5796a7b28c-1200x675.jpg 1200w","sizes":"auto, (max-width: 1653px) 100vw, 1653px"},{"type":"paragraph","text":"El club groc ha organitzat un despla\u00e7ament perqu\u00e8 els aficionats \u2018groguets\u2019 viatgen a Alemanya amb l\u2019expedici\u00f3 del Villarreal CF"},{"type":"paragraph","text":"El Villarreal CF, a trav\u00e9s de la seua Ag\u00e8ncia de Viatges, ha organitzat un despla\u00e7ament perqu\u00e8 els aficionats \u2018groguets\u2019 puguen acompanyar al seu equip en l\u2019encontre davant el FC Bayern, de tornada dels quarts de final de la UEFA Champions League (dimarts 12 d\u2019abril, 21.00 hores). De manera excepcional i com a gran novetat, el club groc ha obert l\u2019expedici\u00f3 perqu\u00e8 els seguidors del Submar\u00ed viatgen amb l\u2019equip a terres bavareses."},{"type":"paragraph","text":"Els aficionats partiran cap a Munic al costat de l\u2019equip el dilluns 11 d\u2019abril des de l\u2019Aeroport de Val\u00e8ncia. Amb el dimarts per a gaudir de la ciutat i del partit davant l\u2019FC Bayern, el retorn a Espanya est\u00e0 previst l\u2019endem\u00e0, el dimecres 13 d\u2019abril, amb retorn novament a Val\u00e8ncia."}]},{"id":"section-2","title":"Viatge organitzat pel Villarreal CF per a animar a l\u2019equip a Munic","text":"Viatge organitzat pel Villarreal CF per a animar a l\u2019equip a Munic El preu del viatge organitzat a Munic \u00e9s de 700 euros* per persona i inclou el seg\u00fcent: Requisits per a poder viatjar amb l\u2019equip a Munic Autoritzaci\u00f3 per a menors d\u2019edat Els menors necessiten la declaraci\u00f3 signada d\u2019autoritzaci\u00f3 de viatge de tots dos pares o tutors legals per a poder viatjar. Aquesta autoritzaci\u00f3 ha de ser emesa per la Policia Nacional o la Gu\u00e0rdia Civil. Els menors que viatgen hauran de portar el seu DNI fora del territori nacional i dins de la Uni\u00f3 Europea. En el cas dels menors estrangers, hauran de portar el passaport del seu pa\u00eds d\u2019origen. Com inscriure\u2019s al viatge? Aquests s\u00f3n els horaris de l\u2019ag\u00e8ncia: Els aficionats poden apuntar-se des d\u2019aquesta vesprada fins al dijous 7 d\u2019abril, a les 18.00 hores, tant en l\u00ednia com en l\u2019Ag\u00e8ncia de Viatges.","headings":[{"type":"heading","level":3,"text":"Viatge organitzat pel Villarreal CF per a animar a l\u2019equip a Munic"}],"texts":[{"type":"paragraph","text":"El preu del viatge organitzat a Munic \u00e9s de 700 euros* per persona i inclou el seg\u00fcent:"},{"type":"paragraph","text":"Requisits per a poder viatjar amb l\u2019equip a Munic"},{"type":"paragraph","text":"Autoritzaci\u00f3 per a menors d\u2019edat"},{"type":"paragraph","text":"Els menors necessiten la declaraci\u00f3 signada d\u2019autoritzaci\u00f3 de viatge de tots dos pares o tutors legals per a poder viatjar. Aquesta autoritzaci\u00f3 ha de ser emesa per la Policia Nacional o la Gu\u00e0rdia Civil. Els menors que viatgen hauran de portar el seu DNI fora del territori nacional i dins de la Uni\u00f3 Europea. En el cas dels menors estrangers, hauran de portar el passaport del seu pa\u00eds d\u2019origen."},{"type":"paragraph","text":"Com inscriure\u2019s al viatge?"},{"type":"paragraph","text":"Aquests s\u00f3n els horaris de l\u2019ag\u00e8ncia:"},{"type":"paragraph","text":"Els aficionats poden apuntar-se des d\u2019aquesta vesprada fins al dijous 7 d\u2019abril, a les 18.00 hores, tant en l\u00ednia com en l\u2019Ag\u00e8ncia de Viatges."}],"buttons":[],"images":[],"widgets":[],"blocks":[{"type":"heading","level":3,"text":"Viatge organitzat pel Villarreal CF per a animar a l\u2019equip a Munic"},{"type":"paragraph","text":"El preu del viatge organitzat a Munic \u00e9s de 700 euros* per persona i inclou el seg\u00fcent:"},{"type":"list","style":"ul","items":["Vols x\u00e0rter Val\u00e8ncia-Munic en l\u2019expedici\u00f3 de l\u2019equip.","Allotjament de dues nits amb desdejuni en un hotel de tres estreles en el centre de Munic.","*El preu de 700 euros \u00e9s en habitaci\u00f3 doble. El viatge individual tindr\u00e0 100 euros de suplement, \u00e9s a dir, un cost de 800 euros.","Entrada per al FC Bayern-Villarreal CF.","Visita guiada per la ciutat de Munic.","Totes les despeses de despla\u00e7ament inclosos en Espanya i a Alemanya (eixint des de Vila-real).","Eixida dilluns 11 d\u2019abril a les 17.00 hores i tornada dimecres 13 d\u2019abril al migdia (horaris per definir).","Assegurances de viatge.","Servei a bord amb snacks i begudes.","Facturaci\u00f3 de maleta de 23 quilos, maleta de m\u00e0 i motxilla."]},{"type":"paragraph","text":"Requisits per a poder viatjar amb l\u2019equip a Munic"},{"type":"list","style":"ul","items":["Tindre i presentar el DNI o passaport en vigor","Certificat de vacunaci\u00f3 en vigor. Tota persona que viatge amb el Villarreal CF haur\u00e0 d\u2019estar vacunada.","Presentar una prova d\u2019ant\u00edgens negativa realitzada 48 hores abans del despla\u00e7ament a Munic (no inclosa en el preu).","Portar m\u00e0scara de tipus FFP2."]},{"type":"paragraph","text":"Autoritzaci\u00f3 per a menors d\u2019edat"},{"type":"paragraph","text":"Els menors necessiten la declaraci\u00f3 signada d\u2019autoritzaci\u00f3 de viatge de tots dos pares o tutors legals per a poder viatjar. Aquesta autoritzaci\u00f3 ha de ser emesa per la Policia Nacional o la Gu\u00e0rdia Civil. Els menors que viatgen hauran de portar el seu DNI fora del territori nacional i dins de la Uni\u00f3 Europea. En el cas dels menors estrangers, hauran de portar el passaport del seu pa\u00eds d\u2019origen."},{"type":"paragraph","text":"Com inscriure\u2019s al viatge?"},{"type":"list","style":"ul","items":["Online","Agencia de Viajes del Villarreal (c\/ Mayor San Jaime, 8)."]},{"type":"paragraph","text":"Aquests s\u00f3n els horaris de l\u2019ag\u00e8ncia:"},{"type":"list","style":"ul","items":["De dilluns a divendres de 9.30 a 13.30 hores i de 16.00 a 20.00 hores.","Dissabte, de 9.30 a 13.30 hores."]},{"type":"paragraph","text":"Els aficionats poden apuntar-se des d\u2019aquesta vesprada fins al dijous 7 d\u2019abril, a les 18.00 hores, tant en l\u00ednia com en l\u2019Ag\u00e8ncia de Viatges."}]},{"id":"section-3","title":"Viatja pel teu compte a Munic!","text":"Viatja pel teu compte a Munic! Entrades soltes per 60 euros Els aficionats que vulguen viatjar pel seu compte a Munic podran comprar entrades soltes a un preu de 60 euros. Pr\u00f2ximament, el club groc donar\u00e0 m\u00e9s detalls sobre quan i on es podran adquirir. Requisits d\u2019entrada a Alemanya A causa de la legislaci\u00f3 vigent a Alemanya per l\u2019actual situaci\u00f3 sanit\u00e0ria, les persones que viatgen a Munic han de complir un dels seg\u00fcents requisits: Menors d\u2019edat Totes les persones que procedeixen d\u2019Espanya, a partir dels 6 anys d\u2019edat, en el moment d\u2019entrar a Alemanya han de disposar d\u2019un certificat sanitari (b\u00e9 de vacunaci\u00f3 o de recuperaci\u00f3 o de diagn\u00f2stic test amb resultat negatiu).","headings":[{"type":"heading","level":3,"text":"Viatja pel teu compte a Munic!"}],"texts":[{"type":"paragraph","text":"Entrades soltes per 60 euros"},{"type":"paragraph","text":"Els aficionats que vulguen viatjar pel seu compte a Munic podran comprar entrades soltes a un preu de 60 euros. Pr\u00f2ximament, el club groc donar\u00e0 m\u00e9s detalls sobre quan i on es podran adquirir."},{"type":"paragraph","text":"Requisits d\u2019entrada a Alemanya"},{"type":"paragraph","text":"A causa de la legislaci\u00f3 vigent a Alemanya per l\u2019actual situaci\u00f3 sanit\u00e0ria, les persones que viatgen a Munic han de complir un dels seg\u00fcents requisits:"},{"type":"paragraph","text":"Menors d\u2019edat"},{"type":"paragraph","text":"Totes les persones que procedeixen d\u2019Espanya, a partir dels 6 anys d\u2019edat, en el moment d\u2019entrar a Alemanya han de disposar d\u2019un certificat sanitari (b\u00e9 de vacunaci\u00f3 o de recuperaci\u00f3 o de diagn\u00f2stic test amb resultat negatiu)."}],"buttons":[],"images":[],"widgets":[],"blocks":[{"type":"heading","level":3,"text":"Viatja pel teu compte a Munic!"},{"type":"paragraph","text":"Entrades soltes per 60 euros"},{"type":"paragraph","text":"Els aficionats que vulguen viatjar pel seu compte a Munic podran comprar entrades soltes a un preu de 60 euros. Pr\u00f2ximament, el club groc donar\u00e0 m\u00e9s detalls sobre quan i on es podran adquirir."},{"type":"paragraph","text":"Requisits d\u2019entrada a Alemanya"},{"type":"paragraph","text":"A causa de la legislaci\u00f3 vigent a Alemanya per l\u2019actual situaci\u00f3 sanit\u00e0ria, les persones que viatgen a Munic han de complir un dels seg\u00fcents requisits:"},{"type":"list","style":"ul","items":["Certificat de vacunaci\u00f3 completa amb vacuna europea, la validesa d\u2019aquest certificat s\u2019est\u00e9n entre els 14 i els 270 dies des de la inoculaci\u00f3 de l\u2019\u00faltima vacuna. De moment, Alemanya accepta la pauta completa amb dues vacunes. Les vacunes autoritzades s\u00f3n les seg\u00fcents: Pfizer-BioNTech, Moderna, Oxford-AstraZeneca, Novavax i Johnson & Johnson\/Janssen.","Test negatiu de covid-19. Test ant\u00edgens o PCR o en les 48 hores pr\u00e8vies a l\u2019entrada a Alemanya.","Prova de recuperaci\u00f3 que mostre un resultat positiu de la prova de PCR realitzada almenys 28 dies, per\u00f2 no m\u00e9s de 90 dies abans."]},{"type":"paragraph","text":"Menors d\u2019edat"},{"type":"paragraph","text":"Totes les persones que procedeixen d\u2019Espanya, a partir dels 6 anys d\u2019edat, en el moment d\u2019entrar a Alemanya han de disposar d\u2019un certificat sanitari (b\u00e9 de vacunaci\u00f3 o de recuperaci\u00f3 o de diagn\u00f2stic test amb resultat negatiu)."}]}],"hero":{"id":"section-1","title":"","text":"El club groc ha organitzat un despla\u00e7ament perqu\u00e8 els aficionats \u2018groguets\u2019 viatgen a Alemanya amb l\u2019expedici\u00f3 del Villarreal CF El Villarreal CF, a trav\u00e9s de la seua Ag\u00e8ncia de Viatges, ha organitzat un despla\u00e7ament perqu\u00e8 els aficionats \u2018groguets\u2019 puguen acompanyar al seu equip en l\u2019encontre davant el FC Bayern, de tornada dels quarts de final de la UEFA Champions League (dimarts 12 d\u2019abril, 21.00 hores). De manera excepcional i com a gran novetat, el club groc ha obert l\u2019expedici\u00f3 perqu\u00e8 els seguidors del Submar\u00ed viatgen amb l\u2019equip a terres bavareses. Els aficionats partiran cap a Munic al costat de l\u2019equip el dilluns 11 d\u2019abril des de l\u2019Aeroport de Val\u00e8ncia. Amb el dimarts per a gaudir de la ciutat i del partit davant l\u2019FC Bayern, el retorn a Espanya est\u00e0 previst l\u2019endem\u00e0, el dimecres 13 d\u2019abril, amb retorn novament a Val\u00e8ncia.","headings":[],"texts":[{"type":"paragraph","text":"El club groc ha organitzat un despla\u00e7ament perqu\u00e8 els aficionats \u2018groguets\u2019 viatgen a Alemanya amb l\u2019expedici\u00f3 del Villarreal CF"},{"type":"paragraph","text":"El Villarreal CF, a trav\u00e9s de la seua Ag\u00e8ncia de Viatges, ha organitzat un despla\u00e7ament perqu\u00e8 els aficionats \u2018groguets\u2019 puguen acompanyar al seu equip en l\u2019encontre davant el FC Bayern, de tornada dels quarts de final de la UEFA Champions League (dimarts 12 d\u2019abril, 21.00 hores). De manera excepcional i com a gran novetat, el club groc ha obert l\u2019expedici\u00f3 perqu\u00e8 els seguidors del Submar\u00ed viatgen amb l\u2019equip a terres bavareses."},{"type":"paragraph","text":"Els aficionats partiran cap a Munic al costat de l\u2019equip el dilluns 11 d\u2019abril des de l\u2019Aeroport de Val\u00e8ncia. Amb el dimarts per a gaudir de la ciutat i del partit davant l\u2019FC Bayern, el retorn a Espanya est\u00e0 previst l\u2019endem\u00e0, el dimecres 13 d\u2019abril, amb retorn novament a Val\u00e8ncia."}],"buttons":[],"images":[{"type":"image","url":"https:\/\/villarrealcf.es\/\/wp-content\/uploads\/2022\/03\/47d2da2fdca81767747c3c5796a7b28c.jpg","alt":"||||||","width":1653,"height":930,"srcset":"https:\/\/villarrealcf.es\/wp-content\/uploads\/2022\/03\/47d2da2fdca81767747c3c5796a7b28c.jpg 1653w, https:\/\/villarrealcf.es\/\/wp-content\/uploads\/2022\/03\/47d2da2fdca81767747c3c5796a7b28c.jpg 1920w, https:\/\/villarrealcf.es\/wp-content\/uploads\/2022\/03\/47d2da2fdca81767747c3c5796a7b28c-1024x576.jpg 1024w, https:\/\/villarrealcf.es\/\/wp-content\/uploads\/2022\/03\/47d2da2fdca81767747c3c5796a7b28c.jpg 1920w, https:\/\/villarrealcf.es\/wp-content\/uploads\/2022\/03\/47d2da2fdca81767747c3c5796a7b28c-1536x864.jpg 1536w, https:\/\/villarrealcf.es\/\/wp-content\/uploads\/2022\/03\/47d2da2fdca81767747c3c5796a7b28c.jpg 1920w, https:\/\/villarrealcf.es\/wp-content\/uploads\/2022\/03\/47d2da2fdca81767747c3c5796a7b28c-32x18.jpg 32w, https:\/\/villarrealcf.es\/wp-content\/uploads\/2022\/03\/47d2da2fdca81767747c3c5796a7b28c-150x84.jpg 150w, https:\/\/villarrealcf.es\/\/wp-content\/uploads\/2022\/03\/47d2da2fdca81767747c3c5796a7b28c.jpg 1920w, https:\/\/villarrealcf.es\/wp-content\/uploads\/2022\/03\/47d2da2fdca81767747c3c5796a7b28c-1200x675.jpg 1200w","sizes":"auto, (max-width: 1653px) 100vw, 1653px"}],"widgets":[],"blocks":[{"type":"image","url":"https:\/\/villarrealcf.es\/\/wp-content\/uploads\/2022\/03\/47d2da2fdca81767747c3c5796a7b28c.jpg","alt":"||||||","width":1653,"height":930,"srcset":"https:\/\/villarrealcf.es\/wp-content\/uploads\/2022\/03\/47d2da2fdca81767747c3c5796a7b28c.jpg 1653w, https:\/\/villarrealcf.es\/\/wp-content\/uploads\/2022\/03\/47d2da2fdca81767747c3c5796a7b28c.jpg 1920w, https:\/\/villarrealcf.es\/wp-content\/uploads\/2022\/03\/47d2da2fdca81767747c3c5796a7b28c-1024x576.jpg 1024w, https:\/\/villarrealcf.es\/\/wp-content\/uploads\/2022\/03\/47d2da2fdca81767747c3c5796a7b28c.jpg 1920w, https:\/\/villarrealcf.es\/wp-content\/uploads\/2022\/03\/47d2da2fdca81767747c3c5796a7b28c-1536x864.jpg 1536w, https:\/\/villarrealcf.es\/\/wp-content\/uploads\/2022\/03\/47d2da2fdca81767747c3c5796a7b28c.jpg 1920w, https:\/\/villarrealcf.es\/wp-content\/uploads\/2022\/03\/47d2da2fdca81767747c3c5796a7b28c-32x18.jpg 32w, https:\/\/villarrealcf.es\/wp-content\/uploads\/2022\/03\/47d2da2fdca81767747c3c5796a7b28c-150x84.jpg 150w, https:\/\/villarrealcf.es\/\/wp-content\/uploads\/2022\/03\/47d2da2fdca81767747c3c5796a7b28c.jpg 1920w, https:\/\/villarrealcf.es\/wp-content\/uploads\/2022\/03\/47d2da2fdca81767747c3c5796a7b28c-1200x675.jpg 1200w","sizes":"auto, (max-width: 1653px) 100vw, 1653px"},{"type":"paragraph","text":"El club groc ha organitzat un despla\u00e7ament perqu\u00e8 els aficionats \u2018groguets\u2019 viatgen a Alemanya amb l\u2019expedici\u00f3 del Villarreal CF"},{"type":"paragraph","text":"El Villarreal CF, a trav\u00e9s de la seua Ag\u00e8ncia de Viatges, ha organitzat un despla\u00e7ament perqu\u00e8 els aficionats \u2018groguets\u2019 puguen acompanyar al seu equip en l\u2019encontre davant el FC Bayern, de tornada dels quarts de final de la UEFA Champions League (dimarts 12 d\u2019abril, 21.00 hores). De manera excepcional i com a gran novetat, el club groc ha obert l\u2019expedici\u00f3 perqu\u00e8 els seguidors del Submar\u00ed viatgen amb l\u2019equip a terres bavareses."},{"type":"paragraph","text":"Els aficionats partiran cap a Munic al costat de l\u2019equip el dilluns 11 d\u2019abril des de l\u2019Aeroport de Val\u00e8ncia. Amb el dimarts per a gaudir de la ciutat i del partit davant l\u2019FC Bayern, el retorn a Espanya est\u00e0 previst l\u2019endem\u00e0, el dimecres 13 d\u2019abril, amb retorn novament a Val\u00e8ncia."}]}},"sections":[{"id":"section-1","title":"","text":"El club groc ha organitzat un despla\u00e7ament perqu\u00e8 els aficionats \u2018groguets\u2019 viatgen a Alemanya amb l\u2019expedici\u00f3 del Villarreal CF El Villarreal CF, a trav\u00e9s de la seua Ag\u00e8ncia de Viatges, ha organitzat un despla\u00e7ament perqu\u00e8 els aficionats \u2018groguets\u2019 puguen acompanyar al seu equip en l\u2019encontre davant el FC Bayern, de tornada dels quarts de final de la UEFA Champions League (dimarts 12 d\u2019abril, 21.00 hores). De manera excepcional i com a gran novetat, el club groc ha obert l\u2019expedici\u00f3 perqu\u00e8 els seguidors del Submar\u00ed viatgen amb l\u2019equip a terres bavareses. Els aficionats partiran cap a Munic al costat de l\u2019equip el dilluns 11 d\u2019abril des de l\u2019Aeroport de Val\u00e8ncia. Amb el dimarts per a gaudir de la ciutat i del partit davant l\u2019FC Bayern, el retorn a Espanya est\u00e0 previst l\u2019endem\u00e0, el dimecres 13 d\u2019abril, amb retorn novament a Val\u00e8ncia.","url":"","background_image":"","images":[{"type":"image","url":"https:\/\/villarrealcf.es\/\/wp-content\/uploads\/2022\/03\/47d2da2fdca81767747c3c5796a7b28c.jpg","alt":"||||||","width":1653,"height":930,"srcset":"https:\/\/villarrealcf.es\/wp-content\/uploads\/2022\/03\/47d2da2fdca81767747c3c5796a7b28c.jpg 1653w, https:\/\/villarrealcf.es\/\/wp-content\/uploads\/2022\/03\/47d2da2fdca81767747c3c5796a7b28c.jpg 1920w, https:\/\/villarrealcf.es\/wp-content\/uploads\/2022\/03\/47d2da2fdca81767747c3c5796a7b28c-1024x576.jpg 1024w, https:\/\/villarrealcf.es\/\/wp-content\/uploads\/2022\/03\/47d2da2fdca81767747c3c5796a7b28c.jpg 1920w, https:\/\/villarrealcf.es\/wp-content\/uploads\/2022\/03\/47d2da2fdca81767747c3c5796a7b28c-1536x864.jpg 1536w, https:\/\/villarrealcf.es\/\/wp-content\/uploads\/2022\/03\/47d2da2fdca81767747c3c5796a7b28c.jpg 1920w, https:\/\/villarrealcf.es\/wp-content\/uploads\/2022\/03\/47d2da2fdca81767747c3c5796a7b28c-32x18.jpg 32w, https:\/\/villarrealcf.es\/wp-content\/uploads\/2022\/03\/47d2da2fdca81767747c3c5796a7b28c-150x84.jpg 150w, https:\/\/villarrealcf.es\/\/wp-content\/uploads\/2022\/03\/47d2da2fdca81767747c3c5796a7b28c.jpg 1920w, https:\/\/villarrealcf.es\/wp-content\/uploads\/2022\/03\/47d2da2fdca81767747c3c5796a7b28c-1200x675.jpg 1200w","sizes":"auto, (max-width: 1653px) 100vw, 1653px"}],"videos":[],"links":[]},{"id":"section-2","title":"Viatge organitzat pel Villarreal CF per a animar a l\u2019equip a Munic","text":"Viatge organitzat pel Villarreal CF per a animar a l\u2019equip a Munic El preu del viatge organitzat a Munic \u00e9s de 700 euros* per persona i inclou el seg\u00fcent: Requisits per a poder viatjar amb l\u2019equip a Munic Autoritzaci\u00f3 per a menors d\u2019edat Els menors necessiten la declaraci\u00f3 signada d\u2019autoritzaci\u00f3 de viatge de tots dos pares o tutors legals per a poder viatjar. Aquesta autoritzaci\u00f3 ha de ser emesa per la Policia Nacional o la Gu\u00e0rdia Civil. Els menors que viatgen hauran de portar el seu DNI fora del territori nacional i dins de la Uni\u00f3 Europea. En el cas dels menors estrangers, hauran de portar el passaport del seu pa\u00eds d\u2019origen. Com inscriure\u2019s al viatge? Aquests s\u00f3n els horaris de l\u2019ag\u00e8ncia: Els aficionats poden apuntar-se des d\u2019aquesta vesprada fins al dijous 7 d\u2019abril, a les 18.00 hores, tant en l\u00ednia com en l\u2019Ag\u00e8ncia de Viatges.","url":"","background_image":"","images":[],"videos":[],"links":[]},{"id":"section-3","title":"Viatja pel teu compte a Munic!","text":"Viatja pel teu compte a Munic! Entrades soltes per 60 euros Els aficionats que vulguen viatjar pel seu compte a Munic podran comprar entrades soltes a un preu de 60 euros. Pr\u00f2ximament, el club groc donar\u00e0 m\u00e9s detalls sobre quan i on es podran adquirir. Requisits d\u2019entrada a Alemanya A causa de la legislaci\u00f3 vigent a Alemanya per l\u2019actual situaci\u00f3 sanit\u00e0ria, les persones que viatgen a Munic han de complir un dels seg\u00fcents requisits: Menors d\u2019edat Totes les persones que procedeixen d\u2019Espanya, a partir dels 6 anys d\u2019edat, en el moment d\u2019entrar a Alemanya han de disposar d\u2019un certificat sanitari (b\u00e9 de vacunaci\u00f3 o de recuperaci\u00f3 o de diagn\u00f2stic test amb resultat negatiu).","url":"","background_image":"","images":[],"videos":[],"links":[]},{"id":"shortcode-caption-69efe4010c562","type":"shortcode","shortcode":"caption","attributes":{"id":"attachment_182122","align":"alignnone","width":""},"title":"Caption","rendered":"","data":[],"text":"","url":"","background_image":"","images":[],"videos":[],"links":[],"blocks":[]}]},"excerpt":{"rendered":"El club groc ha organitzat un despla\u00e7ament perqu\u00e8 els aficionats \u2018groguets\u2019 viatgen a Alemanya amb l&#8217;expedici\u00f3 del Villarreal CF","protected":false},"author":25,"featured_media":182122,"comment_status":"","ping_status":"","sticky":false,"template":"","format":"standard","meta":{"_acf_changed":false,"footnotes":""},"categories":[4854],"tags":[12554,12556,10082,5014,9270,5342,9205,9627,11163,9446,9203],"acf":null,"lang":"val","translations":{"val":223388},"essential_grid":{"has_grid":false},"formatted_date":"March 31, 2022","modified_date":"March 31, 2022","permalink":"https:\/\/villarrealcf.es\/val\/viatja-amb-l-equip-a-munic\/","reading_time":4,"featured_media_data":{"id":182122,"title":"||||||","caption":"||||||","alt_text":"","description":"","mime_type":"image\/jpeg","source_url":"https:\/\/villarrealcf.es\/wp-content\/uploads\/2022\/03\/47d2da2fdca81767747c3c5796a7b28c.jpg","sizes":{"thumbnail":{"url":"https:\/\/villarrealcf.es\/wp-content\/uploads\/2022\/03\/47d2da2fdca81767747c3c5796a7b28c-150x150.jpg","width":150,"height":150},"medium":{"url":"https:\/\/villarrealcf.es\/wp-content\/uploads\/2022\/03\/47d2da2fdca81767747c3c5796a7b28c-300x169.jpg","width":300,"height":169},"medium_large":{"url":"https:\/\/villarrealcf.es\/wp-content\/uploads\/2022\/03\/47d2da2fdca81767747c3c5796a7b28c-768x432.jpg","width":768,"height":432},"large":{"url":"https:\/\/villarrealcf.es\/wp-content\/uploads\/2022\/03\/47d2da2fdca81767747c3c5796a7b28c-1024x576.jpg","width":788,"height":443},"1536x1536":{"url":"https:\/\/villarrealcf.es\/wp-content\/uploads\/2022\/03\/47d2da2fdca81767747c3c5796a7b28c-1536x864.jpg","width":1536,"height":864},"2048x2048":{"url":"https:\/\/villarrealcf.es\/wp-content\/uploads\/2022\/03\/47d2da2fdca81767747c3c5796a7b28c.jpg","width":1653,"height":930},"tp-image-grid":{"url":"https:\/\/villarrealcf.es\/wp-content\/uploads\/2022\/03\/47d2da2fdca81767747c3c5796a7b28c-700x700.jpg","width":700,"height":700},"size-bunyad-medium":{"url":"https:\/\/villarrealcf.es\/wp-content\/uploads\/2022\/03\/47d2da2fdca81767747c3c5796a7b28c.jpg","width":1653,"height":930},"sportspress-crop-medium":{"url":"https:\/\/villarrealcf.es\/wp-content\/uploads\/2022\/03\/47d2da2fdca81767747c3c5796a7b28c-300x300.jpg","width":300,"height":300},"sportspress-fit-medium":{"url":"https:\/\/villarrealcf.es\/wp-content\/uploads\/2022\/03\/47d2da2fdca81767747c3c5796a7b28c-300x169.jpg","width":300,"height":169},"sportspress-fit-icon":{"url":"https:\/\/villarrealcf.es\/wp-content\/uploads\/2022\/03\/47d2da2fdca81767747c3c5796a7b28c-128x72.jpg","width":128,"height":72},"sportspress-fit-mini":{"url":"https:\/\/villarrealcf.es\/wp-content\/uploads\/2022\/03\/47d2da2fdca81767747c3c5796a7b28c-32x18.jpg","width":32,"height":18},"bunyad-small":{"url":"https:\/\/villarrealcf.es\/wp-content\/uploads\/2022\/03\/47d2da2fdca81767747c3c5796a7b28c-150x84.jpg","width":150,"height":84},"bunyad-medium":{"url":"https:\/\/villarrealcf.es\/wp-content\/uploads\/2022\/03\/47d2da2fdca81767747c3c5796a7b28c-450x253.jpg","width":450,"height":253},"bunyad-full":{"url":"https:\/\/villarrealcf.es\/wp-content\/uploads\/2022\/03\/47d2da2fdca81767747c3c5796a7b28c-1200x675.jpg","width":1200,"height":675},"bunyad-viewport":{"url":"https:\/\/villarrealcf.es\/wp-content\/uploads\/2022\/03\/47d2da2fdca81767747c3c5796a7b28c.jpg","width":1653,"height":930},"bunyad-768":{"url":"https:\/\/villarrealcf.es\/wp-content\/uploads\/2022\/03\/47d2da2fdca81767747c3c5796a7b28c-768x432.jpg","width":768,"height":432},"full":{"url":"https:\/\/villarrealcf.es\/wp-content\/uploads\/2022\/03\/47d2da2fdca81767747c3c5796a7b28c.jpg","width":1653,"height":930}}},"author_data":{"id":"25","name":"Javier Ayuso","first_name":"Javier","last_name":"Ayuso","description":"","avatar_url":"https:\/\/secure.gravatar.com\/avatar\/fcf8894be45988fcce5bbff0efe1790d2a7f4ba57e2c7c898f5068154e696495?s=96&d=mm&r=g","acf":null},"taxonomies_data":{"category":[{"id":4854,"name":"Noticies Generals","slug":"noticies-generals","acf":null}],"post_tag":[{"id":12554,"name":"#Football","slug":"football-val","acf":null},{"id":12556,"name":"#Soccer","slug":"soccer-val","acf":null},{"id":10082,"name":"Agencia de Viajes Villarreal CF","slug":"agencia-de-viajes-villarreal-cf-val","acf":null},{"id":5014,"name":"Desplazamiento","slug":"desplazamiento","acf":null},{"id":9270,"name":"Futbol","slug":"futbol-val","acf":null},{"id":5342,"name":"Primer Equipo","slug":"primer-equipo","acf":null},{"id":9205,"name":"Submarino","slug":"submarino-val","acf":null},{"id":9627,"name":"Submarino Amarillo","slug":"submarino-amarillo-val","acf":null},{"id":11163,"name":"UEFA Champions League","slug":"uefa-champions-league-val","acf":null},{"id":9446,"name":"Viaje","slug":"viaje-val","acf":null},{"id":9203,"name":"Villarreal CF","slug":"villarreal-cf-val","acf":null}],"translation_priority":[{"id":735,"name":"Optional","slug":"optional-val","acf":null}]},"seo_full":{"native":{"title":"Viatja amb l&#8217;equip a Munic! - Web Oficial del Villarreal CF","description":"[caption id=\"attachment_182122\" align=\"alignnone\" width=\"\"]||||||[\/caption]El club groc ha organitzat un despla\u00e7ament perqu\u00e8 els aficionats \u2018groguets\u2019 viatgen a Alemanya amb l'expedici\u00f3 del&hellip;","canonical":"https:\/\/villarrealcf.es\/val\/viatja-amb-l-equip-a-munic\/"}},"_links":{"self":[{"href":"https:\/\/villarrealcf.es\/val\/wp-json\/wp\/v2\/posts\/223388","targetHints":{"allow":["GET"]}}],"collection":[{"href":"https:\/\/villarrealcf.es\/val\/wp-json\/wp\/v2\/posts"}],"about":[{"href":"https:\/\/villarrealcf.es\/val\/wp-json\/wp\/v2\/types\/post"}],"author":[{"embeddable":true,"href":"https:\/\/villarrealcf.es\/val\/wp-json\/wp\/v2\/users\/25"}],"replies":[{"embeddable":true,"href":"https:\/\/villarrealcf.es\/val\/wp-json\/wp\/v2\/comments?post=223388"}],"version-history":[{"count":0,"href":"https:\/\/villarrealcf.es\/val\/wp-json\/wp\/v2\/posts\/223388\/revisions"}],"wp:featuredmedia":[{"embeddable":true,"href":"https:\/\/villarrealcf.es\/val\/wp-json\/wp\/v2\/media\/182122"}],"wp:attachment":[{"href":"https:\/\/villarrealcf.es\/val\/wp-json\/wp\/v2\/media?parent=223388"}],"wp:term":[{"taxonomy":"category","embeddable":true,"href":"https:\/\/villarrealcf.es\/val\/wp-json\/wp\/v2\/categories?post=223388"},{"taxonomy":"post_tag","embeddable":true,"href":"https:\/\/villarrealcf.es\/val\/wp-json\/wp\/v2\/tags?post=223388"}],"curies":[{"name":"wp","href":"https:\/\/api.w.org\/{rel}","templated":true}]}}