{"id":222924,"date":"2022-02-12T13:48:45","date_gmt":"2022-02-12T12:48:45","guid":{"rendered":"https:\/\/villarrealcf.es\/\/udelgrau-y-summer-ends-brillen-en-la-fan-zone\/"},"modified":"2022-02-12T13:48:45","modified_gmt":"2022-02-12T12:48:45","slug":"udelgrau-y-summer-ends-brillen-en-la-fan-zone","status":"publish","type":"post","link":"https:\/\/villarrealcf.es\/val\/udelgrau-y-summer-ends-brillen-en-la-fan-zone\/","title":{"rendered":"Udelgrau y Summer Ends brillen en la Fan Zone"},"content":{"protected":false,"blocks":[{"type":"image","url":"https:\/\/villarrealcf.es\/\/wp-content\/uploads\/2022\/02\/5c5a0aa22534178557c4de709be21dc1.jpg","alt":"||||","width":819,"height":460,"srcset":"https:\/\/villarrealcf.es\/wp-content\/uploads\/2022\/02\/5c5a0aa22534178557c4de709be21dc1.jpg 819w, https:\/\/villarrealcf.es\/\/wp-content\/uploads\/2022\/02\/5c5a0aa22534178557c4de709be21dc1.jpg 1920w, https:\/\/villarrealcf.es\/\/wp-content\/uploads\/2022\/02\/5c5a0aa22534178557c4de709be21dc1.jpg 1920w, https:\/\/villarrealcf.es\/\/wp-content\/uploads\/2022\/02\/5c5a0aa22534178557c4de709be21dc1.jpg 1920w, https:\/\/villarrealcf.es\/wp-content\/uploads\/2022\/02\/5c5a0aa22534178557c4de709be21dc1-32x18.jpg 32w, https:\/\/villarrealcf.es\/wp-content\/uploads\/2022\/02\/5c5a0aa22534178557c4de709be21dc1-150x84.jpg 150w, https:\/\/villarrealcf.es\/\/wp-content\/uploads\/2022\/02\/5c5a0aa22534178557c4de709be21dc1.jpg 1920w","sizes":"auto, (max-width: 819px) 100vw, 819px"},{"type":"paragraph","text":"Els dos grups participants en el concurs Groc Talent han actuat en la pr\u00e8via del partit davant el Real Madrid"},{"type":"paragraph","text":"Els aficionats han gaudit del talent d\u2019Udelgrau i Summer Ends, que han actuat durant la pr\u00e8via del matx davant el Real Madrid en la Fan Zone de l\u2019Estadi de la Cer\u00e0mica. Udelgrau \u00e9s un grup de rock de Borriana, format per quatre integrants: Jos\u00e9 Clausell (guitarra r\u00edtmica), Jorge (guitarra solista), Juanjo Gavald\u00e0 (veus i baix) i Jos\u00e9 Luis \u2018El Chino\u2019 (bateria). Per part seua, Summer Ends \u00e9s una banda nascuda a la prov\u00edncia de Castell\u00f3. Al seu estil musical ho autodenominen \u2018Spanglish Pop Punk\u2019, ja que beu del punk californi\u00e0 i incorpora tints del rock nacional i internacional. El grup l\u2019integren quatre membres: Pavlik Xervet (bateria i percussi\u00f3), R.R. Christmas (guitarra i cors), Vincent Capellman (baix i veus) i Charles Capellman (guitarra i veu)."},{"type":"paragraph","text":"Els concerts formen part de Groc Talent, el concurs musical del Villarreal CF impulsat a trav\u00e9s de la iniciativa Endavant Cultura i en col\u00b7laboraci\u00f3 amb el SanSan Festival."},{"type":"paragraph","text":"Valora les actuacions d\u2019Udelgrau i Summer Ends!"},{"type":"paragraph","text":"Despr\u00e9s d\u2019haver gaudit del concert, els seguidors del Submar\u00ed podran valorar l\u2019actuaci\u00f3 de tots dos grups provincials (de l\u20191 al 5), a partir d\u2019aquest dilluns, a les 12.00 hores a trav\u00e9s de la web oficial: GROC TALENT"}],"structured":{"summary":{"text":"Els dos grups participants en el concurs Groc Talent han actuat en la pr\u00e8via del partit davant el Real Madrid Els aficionats han gaudit del talent d\u2019Udelgrau i Summer Ends, que han actuat durant la pr\u00e8via del matx davant el Real Madrid en la Fan Zone de l\u2019Estadi de la Cer\u00e0mica. Udelgrau \u00e9s un grup de rock de Borriana, format per quatre integrants: Jos\u00e9 Clausell (guitarra r\u00edtmica), Jorge (guitarra solista), Juanjo Gavald\u00e0 (veus i baix) i Jos\u00e9 Luis \u2018El Chino\u2019 (bateria). Per part seua, Summer Ends \u00e9s una banda nascuda a la prov\u00edncia de Castell\u00f3. Al seu estil musical ho autodenominen \u2018Spanglish Pop Punk\u2019, ja que beu del punk californi\u00e0 i incorpora tints del rock nacional i internacional. El grup l\u2019integren quatre membres: Pavlik Xervet (bateria i percussi\u00f3), R.R. Christmas (guitarra i cors), Vincent Capellman (baix i veus) i Charles Capellman (guitarra i veu). Els concerts formen part de Groc Talent, el concurs musical del Villarreal CF impulsat a trav\u00e9s de la iniciativa Endavant Cultura i en col\u00b7laboraci\u00f3 amb el SanSan Festival. Valora les actuacions d\u2019Udelgrau i Summer Ends! Despr\u00e9s d\u2019haver gaudit del concert, els seguidors del Submar\u00ed podran valorar l\u2019actuaci\u00f3 de tots dos grups provincials (de l\u20191 al 5), a partir d\u2019aquest dilluns, a les 12.00 hores a trav\u00e9s de la web oficial: GROC TALENT","headings":[],"buttons":[],"images":[{"type":"image","url":"https:\/\/villarrealcf.es\/\/wp-content\/uploads\/2022\/02\/5c5a0aa22534178557c4de709be21dc1.jpg","alt":"||||","width":819,"height":460,"srcset":"https:\/\/villarrealcf.es\/wp-content\/uploads\/2022\/02\/5c5a0aa22534178557c4de709be21dc1.jpg 819w, https:\/\/villarrealcf.es\/\/wp-content\/uploads\/2022\/02\/5c5a0aa22534178557c4de709be21dc1.jpg 1920w, https:\/\/villarrealcf.es\/\/wp-content\/uploads\/2022\/02\/5c5a0aa22534178557c4de709be21dc1.jpg 1920w, https:\/\/villarrealcf.es\/\/wp-content\/uploads\/2022\/02\/5c5a0aa22534178557c4de709be21dc1.jpg 1920w, https:\/\/villarrealcf.es\/wp-content\/uploads\/2022\/02\/5c5a0aa22534178557c4de709be21dc1-32x18.jpg 32w, https:\/\/villarrealcf.es\/wp-content\/uploads\/2022\/02\/5c5a0aa22534178557c4de709be21dc1-150x84.jpg 150w, https:\/\/villarrealcf.es\/\/wp-content\/uploads\/2022\/02\/5c5a0aa22534178557c4de709be21dc1.jpg 1920w","sizes":"auto, (max-width: 819px) 100vw, 819px"}],"counts":{"blocks":6,"headings":0,"texts":5,"buttons":0,"images":1}},"sections":[{"id":"section-1","title":"","text":"Els dos grups participants en el concurs Groc Talent han actuat en la pr\u00e8via del partit davant el Real Madrid Els aficionats han gaudit del talent d\u2019Udelgrau i Summer Ends, que han actuat durant la pr\u00e8via del matx davant el Real Madrid en la Fan Zone de l\u2019Estadi de la Cer\u00e0mica. Udelgrau \u00e9s un grup de rock de Borriana, format per quatre integrants: Jos\u00e9 Clausell (guitarra r\u00edtmica), Jorge (guitarra solista), Juanjo Gavald\u00e0 (veus i baix) i Jos\u00e9 Luis \u2018El Chino\u2019 (bateria). Per part seua, Summer Ends \u00e9s una banda nascuda a la prov\u00edncia de Castell\u00f3. Al seu estil musical ho autodenominen \u2018Spanglish Pop Punk\u2019, ja que beu del punk californi\u00e0 i incorpora tints del rock nacional i internacional. El grup l\u2019integren quatre membres: Pavlik Xervet (bateria i percussi\u00f3), R.R. Christmas (guitarra i cors), Vincent Capellman (baix i veus) i Charles Capellman (guitarra i veu). Els concerts formen part de Groc Talent, el concurs musical del Villarreal CF impulsat a trav\u00e9s de la iniciativa Endavant Cultura i en col\u00b7laboraci\u00f3 amb el SanSan Festival. Valora les actuacions d\u2019Udelgrau i Summer Ends! Despr\u00e9s d\u2019haver gaudit del concert, els seguidors del Submar\u00ed podran valorar l\u2019actuaci\u00f3 de tots dos grups provincials (de l\u20191 al 5), a partir d\u2019aquest dilluns, a les 12.00 hores a trav\u00e9s de la web oficial: GROC TALENT","headings":[],"texts":[{"type":"paragraph","text":"Els dos grups participants en el concurs Groc Talent han actuat en la pr\u00e8via del partit davant el Real Madrid"},{"type":"paragraph","text":"Els aficionats han gaudit del talent d\u2019Udelgrau i Summer Ends, que han actuat durant la pr\u00e8via del matx davant el Real Madrid en la Fan Zone de l\u2019Estadi de la Cer\u00e0mica. Udelgrau \u00e9s un grup de rock de Borriana, format per quatre integrants: Jos\u00e9 Clausell (guitarra r\u00edtmica), Jorge (guitarra solista), Juanjo Gavald\u00e0 (veus i baix) i Jos\u00e9 Luis \u2018El Chino\u2019 (bateria). Per part seua, Summer Ends \u00e9s una banda nascuda a la prov\u00edncia de Castell\u00f3. Al seu estil musical ho autodenominen \u2018Spanglish Pop Punk\u2019, ja que beu del punk californi\u00e0 i incorpora tints del rock nacional i internacional. El grup l\u2019integren quatre membres: Pavlik Xervet (bateria i percussi\u00f3), R.R. Christmas (guitarra i cors), Vincent Capellman (baix i veus) i Charles Capellman (guitarra i veu)."},{"type":"paragraph","text":"Els concerts formen part de Groc Talent, el concurs musical del Villarreal CF impulsat a trav\u00e9s de la iniciativa Endavant Cultura i en col\u00b7laboraci\u00f3 amb el SanSan Festival."},{"type":"paragraph","text":"Valora les actuacions d\u2019Udelgrau i Summer Ends!"},{"type":"paragraph","text":"Despr\u00e9s d\u2019haver gaudit del concert, els seguidors del Submar\u00ed podran valorar l\u2019actuaci\u00f3 de tots dos grups provincials (de l\u20191 al 5), a partir d\u2019aquest dilluns, a les 12.00 hores a trav\u00e9s de la web oficial: GROC TALENT"}],"buttons":[],"images":[{"type":"image","url":"https:\/\/villarrealcf.es\/\/wp-content\/uploads\/2022\/02\/5c5a0aa22534178557c4de709be21dc1.jpg","alt":"||||","width":819,"height":460,"srcset":"https:\/\/villarrealcf.es\/wp-content\/uploads\/2022\/02\/5c5a0aa22534178557c4de709be21dc1.jpg 819w, https:\/\/villarrealcf.es\/\/wp-content\/uploads\/2022\/02\/5c5a0aa22534178557c4de709be21dc1.jpg 1920w, https:\/\/villarrealcf.es\/\/wp-content\/uploads\/2022\/02\/5c5a0aa22534178557c4de709be21dc1.jpg 1920w, https:\/\/villarrealcf.es\/\/wp-content\/uploads\/2022\/02\/5c5a0aa22534178557c4de709be21dc1.jpg 1920w, https:\/\/villarrealcf.es\/wp-content\/uploads\/2022\/02\/5c5a0aa22534178557c4de709be21dc1-32x18.jpg 32w, https:\/\/villarrealcf.es\/wp-content\/uploads\/2022\/02\/5c5a0aa22534178557c4de709be21dc1-150x84.jpg 150w, https:\/\/villarrealcf.es\/\/wp-content\/uploads\/2022\/02\/5c5a0aa22534178557c4de709be21dc1.jpg 1920w","sizes":"auto, (max-width: 819px) 100vw, 819px"}],"widgets":[],"blocks":[{"type":"image","url":"https:\/\/villarrealcf.es\/\/wp-content\/uploads\/2022\/02\/5c5a0aa22534178557c4de709be21dc1.jpg","alt":"||||","width":819,"height":460,"srcset":"https:\/\/villarrealcf.es\/wp-content\/uploads\/2022\/02\/5c5a0aa22534178557c4de709be21dc1.jpg 819w, https:\/\/villarrealcf.es\/\/wp-content\/uploads\/2022\/02\/5c5a0aa22534178557c4de709be21dc1.jpg 1920w, https:\/\/villarrealcf.es\/\/wp-content\/uploads\/2022\/02\/5c5a0aa22534178557c4de709be21dc1.jpg 1920w, https:\/\/villarrealcf.es\/\/wp-content\/uploads\/2022\/02\/5c5a0aa22534178557c4de709be21dc1.jpg 1920w, https:\/\/villarrealcf.es\/wp-content\/uploads\/2022\/02\/5c5a0aa22534178557c4de709be21dc1-32x18.jpg 32w, https:\/\/villarrealcf.es\/wp-content\/uploads\/2022\/02\/5c5a0aa22534178557c4de709be21dc1-150x84.jpg 150w, https:\/\/villarrealcf.es\/\/wp-content\/uploads\/2022\/02\/5c5a0aa22534178557c4de709be21dc1.jpg 1920w","sizes":"auto, (max-width: 819px) 100vw, 819px"},{"type":"paragraph","text":"Els dos grups participants en el concurs Groc Talent han actuat en la pr\u00e8via del partit davant el Real Madrid"},{"type":"paragraph","text":"Els aficionats han gaudit del talent d\u2019Udelgrau i Summer Ends, que han actuat durant la pr\u00e8via del matx davant el Real Madrid en la Fan Zone de l\u2019Estadi de la Cer\u00e0mica. Udelgrau \u00e9s un grup de rock de Borriana, format per quatre integrants: Jos\u00e9 Clausell (guitarra r\u00edtmica), Jorge (guitarra solista), Juanjo Gavald\u00e0 (veus i baix) i Jos\u00e9 Luis \u2018El Chino\u2019 (bateria). Per part seua, Summer Ends \u00e9s una banda nascuda a la prov\u00edncia de Castell\u00f3. Al seu estil musical ho autodenominen \u2018Spanglish Pop Punk\u2019, ja que beu del punk californi\u00e0 i incorpora tints del rock nacional i internacional. El grup l\u2019integren quatre membres: Pavlik Xervet (bateria i percussi\u00f3), R.R. Christmas (guitarra i cors), Vincent Capellman (baix i veus) i Charles Capellman (guitarra i veu)."},{"type":"paragraph","text":"Els concerts formen part de Groc Talent, el concurs musical del Villarreal CF impulsat a trav\u00e9s de la iniciativa Endavant Cultura i en col\u00b7laboraci\u00f3 amb el SanSan Festival."},{"type":"paragraph","text":"Valora les actuacions d\u2019Udelgrau i Summer Ends!"},{"type":"paragraph","text":"Despr\u00e9s d\u2019haver gaudit del concert, els seguidors del Submar\u00ed podran valorar l\u2019actuaci\u00f3 de tots dos grups provincials (de l\u20191 al 5), a partir d\u2019aquest dilluns, a les 12.00 hores a trav\u00e9s de la web oficial: GROC TALENT"}]}],"hero":{"id":"section-1","title":"","text":"Els dos grups participants en el concurs Groc Talent han actuat en la pr\u00e8via del partit davant el Real Madrid Els aficionats han gaudit del talent d\u2019Udelgrau i Summer Ends, que han actuat durant la pr\u00e8via del matx davant el Real Madrid en la Fan Zone de l\u2019Estadi de la Cer\u00e0mica. Udelgrau \u00e9s un grup de rock de Borriana, format per quatre integrants: Jos\u00e9 Clausell (guitarra r\u00edtmica), Jorge (guitarra solista), Juanjo Gavald\u00e0 (veus i baix) i Jos\u00e9 Luis \u2018El Chino\u2019 (bateria). Per part seua, Summer Ends \u00e9s una banda nascuda a la prov\u00edncia de Castell\u00f3. Al seu estil musical ho autodenominen \u2018Spanglish Pop Punk\u2019, ja que beu del punk californi\u00e0 i incorpora tints del rock nacional i internacional. El grup l\u2019integren quatre membres: Pavlik Xervet (bateria i percussi\u00f3), R.R. Christmas (guitarra i cors), Vincent Capellman (baix i veus) i Charles Capellman (guitarra i veu). Els concerts formen part de Groc Talent, el concurs musical del Villarreal CF impulsat a trav\u00e9s de la iniciativa Endavant Cultura i en col\u00b7laboraci\u00f3 amb el SanSan Festival. Valora les actuacions d\u2019Udelgrau i Summer Ends! Despr\u00e9s d\u2019haver gaudit del concert, els seguidors del Submar\u00ed podran valorar l\u2019actuaci\u00f3 de tots dos grups provincials (de l\u20191 al 5), a partir d\u2019aquest dilluns, a les 12.00 hores a trav\u00e9s de la web oficial: GROC TALENT","headings":[],"texts":[{"type":"paragraph","text":"Els dos grups participants en el concurs Groc Talent han actuat en la pr\u00e8via del partit davant el Real Madrid"},{"type":"paragraph","text":"Els aficionats han gaudit del talent d\u2019Udelgrau i Summer Ends, que han actuat durant la pr\u00e8via del matx davant el Real Madrid en la Fan Zone de l\u2019Estadi de la Cer\u00e0mica. Udelgrau \u00e9s un grup de rock de Borriana, format per quatre integrants: Jos\u00e9 Clausell (guitarra r\u00edtmica), Jorge (guitarra solista), Juanjo Gavald\u00e0 (veus i baix) i Jos\u00e9 Luis \u2018El Chino\u2019 (bateria). Per part seua, Summer Ends \u00e9s una banda nascuda a la prov\u00edncia de Castell\u00f3. Al seu estil musical ho autodenominen \u2018Spanglish Pop Punk\u2019, ja que beu del punk californi\u00e0 i incorpora tints del rock nacional i internacional. El grup l\u2019integren quatre membres: Pavlik Xervet (bateria i percussi\u00f3), R.R. Christmas (guitarra i cors), Vincent Capellman (baix i veus) i Charles Capellman (guitarra i veu)."},{"type":"paragraph","text":"Els concerts formen part de Groc Talent, el concurs musical del Villarreal CF impulsat a trav\u00e9s de la iniciativa Endavant Cultura i en col\u00b7laboraci\u00f3 amb el SanSan Festival."},{"type":"paragraph","text":"Valora les actuacions d\u2019Udelgrau i Summer Ends!"},{"type":"paragraph","text":"Despr\u00e9s d\u2019haver gaudit del concert, els seguidors del Submar\u00ed podran valorar l\u2019actuaci\u00f3 de tots dos grups provincials (de l\u20191 al 5), a partir d\u2019aquest dilluns, a les 12.00 hores a trav\u00e9s de la web oficial: GROC TALENT"}],"buttons":[],"images":[{"type":"image","url":"https:\/\/villarrealcf.es\/\/wp-content\/uploads\/2022\/02\/5c5a0aa22534178557c4de709be21dc1.jpg","alt":"||||","width":819,"height":460,"srcset":"https:\/\/villarrealcf.es\/wp-content\/uploads\/2022\/02\/5c5a0aa22534178557c4de709be21dc1.jpg 819w, https:\/\/villarrealcf.es\/\/wp-content\/uploads\/2022\/02\/5c5a0aa22534178557c4de709be21dc1.jpg 1920w, https:\/\/villarrealcf.es\/\/wp-content\/uploads\/2022\/02\/5c5a0aa22534178557c4de709be21dc1.jpg 1920w, https:\/\/villarrealcf.es\/\/wp-content\/uploads\/2022\/02\/5c5a0aa22534178557c4de709be21dc1.jpg 1920w, https:\/\/villarrealcf.es\/wp-content\/uploads\/2022\/02\/5c5a0aa22534178557c4de709be21dc1-32x18.jpg 32w, https:\/\/villarrealcf.es\/wp-content\/uploads\/2022\/02\/5c5a0aa22534178557c4de709be21dc1-150x84.jpg 150w, https:\/\/villarrealcf.es\/\/wp-content\/uploads\/2022\/02\/5c5a0aa22534178557c4de709be21dc1.jpg 1920w","sizes":"auto, (max-width: 819px) 100vw, 819px"}],"widgets":[],"blocks":[{"type":"image","url":"https:\/\/villarrealcf.es\/\/wp-content\/uploads\/2022\/02\/5c5a0aa22534178557c4de709be21dc1.jpg","alt":"||||","width":819,"height":460,"srcset":"https:\/\/villarrealcf.es\/wp-content\/uploads\/2022\/02\/5c5a0aa22534178557c4de709be21dc1.jpg 819w, https:\/\/villarrealcf.es\/\/wp-content\/uploads\/2022\/02\/5c5a0aa22534178557c4de709be21dc1.jpg 1920w, https:\/\/villarrealcf.es\/\/wp-content\/uploads\/2022\/02\/5c5a0aa22534178557c4de709be21dc1.jpg 1920w, https:\/\/villarrealcf.es\/\/wp-content\/uploads\/2022\/02\/5c5a0aa22534178557c4de709be21dc1.jpg 1920w, https:\/\/villarrealcf.es\/wp-content\/uploads\/2022\/02\/5c5a0aa22534178557c4de709be21dc1-32x18.jpg 32w, https:\/\/villarrealcf.es\/wp-content\/uploads\/2022\/02\/5c5a0aa22534178557c4de709be21dc1-150x84.jpg 150w, https:\/\/villarrealcf.es\/\/wp-content\/uploads\/2022\/02\/5c5a0aa22534178557c4de709be21dc1.jpg 1920w","sizes":"auto, (max-width: 819px) 100vw, 819px"},{"type":"paragraph","text":"Els dos grups participants en el concurs Groc Talent han actuat en la pr\u00e8via del partit davant el Real Madrid"},{"type":"paragraph","text":"Els aficionats han gaudit del talent d\u2019Udelgrau i Summer Ends, que han actuat durant la pr\u00e8via del matx davant el Real Madrid en la Fan Zone de l\u2019Estadi de la Cer\u00e0mica. Udelgrau \u00e9s un grup de rock de Borriana, format per quatre integrants: Jos\u00e9 Clausell (guitarra r\u00edtmica), Jorge (guitarra solista), Juanjo Gavald\u00e0 (veus i baix) i Jos\u00e9 Luis \u2018El Chino\u2019 (bateria). Per part seua, Summer Ends \u00e9s una banda nascuda a la prov\u00edncia de Castell\u00f3. Al seu estil musical ho autodenominen \u2018Spanglish Pop Punk\u2019, ja que beu del punk californi\u00e0 i incorpora tints del rock nacional i internacional. El grup l\u2019integren quatre membres: Pavlik Xervet (bateria i percussi\u00f3), R.R. Christmas (guitarra i cors), Vincent Capellman (baix i veus) i Charles Capellman (guitarra i veu)."},{"type":"paragraph","text":"Els concerts formen part de Groc Talent, el concurs musical del Villarreal CF impulsat a trav\u00e9s de la iniciativa Endavant Cultura i en col\u00b7laboraci\u00f3 amb el SanSan Festival."},{"type":"paragraph","text":"Valora les actuacions d\u2019Udelgrau i Summer Ends!"},{"type":"paragraph","text":"Despr\u00e9s d\u2019haver gaudit del concert, els seguidors del Submar\u00ed podran valorar l\u2019actuaci\u00f3 de tots dos grups provincials (de l\u20191 al 5), a partir d\u2019aquest dilluns, a les 12.00 hores a trav\u00e9s de la web oficial: GROC TALENT"}]}},"sections":[{"id":"section-1","title":"","text":"Els dos grups participants en el concurs Groc Talent han actuat en la pr\u00e8via del partit davant el Real Madrid Els aficionats han gaudit del talent d\u2019Udelgrau i Summer Ends, que han actuat durant la pr\u00e8via del matx davant el Real Madrid en la Fan Zone de l\u2019Estadi de la Cer\u00e0mica. Udelgrau \u00e9s un grup de rock de Borriana, format per quatre integrants: Jos\u00e9 Clausell (guitarra r\u00edtmica), Jorge (guitarra solista), Juanjo Gavald\u00e0 (veus i baix) i Jos\u00e9 Luis \u2018El Chino\u2019 (bateria). Per part seua, Summer Ends \u00e9s una banda nascuda a la prov\u00edncia de Castell\u00f3. Al seu estil musical ho autodenominen \u2018Spanglish Pop Punk\u2019, ja que beu del punk californi\u00e0 i incorpora tints del rock nacional i internacional. El grup l\u2019integren quatre membres: Pavlik Xervet (bateria i percussi\u00f3), R.R. Christmas (guitarra i cors), Vincent Capellman (baix i veus) i Charles Capellman (guitarra i veu). Els concerts formen part de Groc Talent, el concurs musical del Villarreal CF impulsat a trav\u00e9s de la iniciativa Endavant Cultura i en col\u00b7laboraci\u00f3 amb el SanSan Festival. Valora les actuacions d\u2019Udelgrau i Summer Ends! Despr\u00e9s d\u2019haver gaudit del concert, els seguidors del Submar\u00ed podran valorar l\u2019actuaci\u00f3 de tots dos grups provincials (de l\u20191 al 5), a partir d\u2019aquest dilluns, a les 12.00 hores a trav\u00e9s de la web oficial: GROC TALENT","url":"","background_image":"","images":[{"type":"image","url":"https:\/\/villarrealcf.es\/\/wp-content\/uploads\/2022\/02\/5c5a0aa22534178557c4de709be21dc1.jpg","alt":"||||","width":819,"height":460,"srcset":"https:\/\/villarrealcf.es\/wp-content\/uploads\/2022\/02\/5c5a0aa22534178557c4de709be21dc1.jpg 819w, https:\/\/villarrealcf.es\/\/wp-content\/uploads\/2022\/02\/5c5a0aa22534178557c4de709be21dc1.jpg 1920w, https:\/\/villarrealcf.es\/\/wp-content\/uploads\/2022\/02\/5c5a0aa22534178557c4de709be21dc1.jpg 1920w, https:\/\/villarrealcf.es\/\/wp-content\/uploads\/2022\/02\/5c5a0aa22534178557c4de709be21dc1.jpg 1920w, https:\/\/villarrealcf.es\/wp-content\/uploads\/2022\/02\/5c5a0aa22534178557c4de709be21dc1-32x18.jpg 32w, https:\/\/villarrealcf.es\/wp-content\/uploads\/2022\/02\/5c5a0aa22534178557c4de709be21dc1-150x84.jpg 150w, https:\/\/villarrealcf.es\/\/wp-content\/uploads\/2022\/02\/5c5a0aa22534178557c4de709be21dc1.jpg 1920w","sizes":"auto, (max-width: 819px) 100vw, 819px"}],"videos":[],"links":[]},{"id":"shortcode-caption-69ee05284563f","type":"shortcode","shortcode":"caption","attributes":{"id":"attachment_180212","align":"alignnone","width":""},"title":"Caption","rendered":"","data":[],"text":"","url":"","background_image":"","images":[],"videos":[],"links":[],"blocks":[]}]},"excerpt":{"rendered":"Els dos grups participants en el concurs Groc Talent han actuat en la pr\u00e8via del partit davant el Real Madrid","protected":false},"author":1,"featured_media":180212,"comment_status":"","ping_status":"","sticky":false,"template":"","format":"standard","meta":{"_acf_changed":false,"footnotes":""},"categories":[13509],"tags":[12554,12556,11207,9270,8530,11042,11241,9627,9203],"acf":null,"lang":"val","translations":{"val":222924},"essential_grid":{"has_grid":false},"formatted_date":"February 12, 2022","modified_date":"February 12, 2022","permalink":"https:\/\/villarrealcf.es\/val\/udelgrau-y-summer-ends-brillen-en-la-fan-zone\/","reading_time":2,"featured_media_data":{"id":180212,"title":"||||","caption":"||||","alt_text":"","description":"","mime_type":"image\/jpeg","source_url":"https:\/\/villarrealcf.es\/wp-content\/uploads\/2022\/02\/5c5a0aa22534178557c4de709be21dc1.jpg","sizes":{"thumbnail":{"url":"https:\/\/villarrealcf.es\/wp-content\/uploads\/2022\/02\/5c5a0aa22534178557c4de709be21dc1-150x150.jpg","width":150,"height":150},"medium":{"url":"https:\/\/villarrealcf.es\/wp-content\/uploads\/2022\/02\/5c5a0aa22534178557c4de709be21dc1-300x168.jpg","width":300,"height":168},"medium_large":{"url":"https:\/\/villarrealcf.es\/wp-content\/uploads\/2022\/02\/5c5a0aa22534178557c4de709be21dc1-768x431.jpg","width":768,"height":431},"large":{"url":"https:\/\/villarrealcf.es\/wp-content\/uploads\/2022\/02\/5c5a0aa22534178557c4de709be21dc1.jpg","width":788,"height":443},"1536x1536":{"url":"https:\/\/villarrealcf.es\/wp-content\/uploads\/2022\/02\/5c5a0aa22534178557c4de709be21dc1.jpg","width":819,"height":460},"2048x2048":{"url":"https:\/\/villarrealcf.es\/wp-content\/uploads\/2022\/02\/5c5a0aa22534178557c4de709be21dc1.jpg","width":819,"height":460},"tp-image-grid":{"url":"https:\/\/villarrealcf.es\/wp-content\/uploads\/2022\/02\/5c5a0aa22534178557c4de709be21dc1-700x460.jpg","width":700,"height":460},"size-bunyad-medium":{"url":"https:\/\/villarrealcf.es\/wp-content\/uploads\/2022\/02\/5c5a0aa22534178557c4de709be21dc1.jpg","width":819,"height":460},"sportspress-crop-medium":{"url":"https:\/\/villarrealcf.es\/wp-content\/uploads\/2022\/02\/5c5a0aa22534178557c4de709be21dc1-300x300.jpg","width":300,"height":300},"sportspress-fit-medium":{"url":"https:\/\/villarrealcf.es\/wp-content\/uploads\/2022\/02\/5c5a0aa22534178557c4de709be21dc1-300x168.jpg","width":300,"height":168},"sportspress-fit-icon":{"url":"https:\/\/villarrealcf.es\/wp-content\/uploads\/2022\/02\/5c5a0aa22534178557c4de709be21dc1-128x72.jpg","width":128,"height":72},"sportspress-fit-mini":{"url":"https:\/\/villarrealcf.es\/wp-content\/uploads\/2022\/02\/5c5a0aa22534178557c4de709be21dc1-32x18.jpg","width":32,"height":18},"bunyad-small":{"url":"https:\/\/villarrealcf.es\/wp-content\/uploads\/2022\/02\/5c5a0aa22534178557c4de709be21dc1-150x84.jpg","width":150,"height":84},"bunyad-medium":{"url":"https:\/\/villarrealcf.es\/wp-content\/uploads\/2022\/02\/5c5a0aa22534178557c4de709be21dc1-450x253.jpg","width":450,"height":253},"bunyad-full":{"url":"https:\/\/villarrealcf.es\/wp-content\/uploads\/2022\/02\/5c5a0aa22534178557c4de709be21dc1.jpg","width":819,"height":460},"bunyad-viewport":{"url":"https:\/\/villarrealcf.es\/wp-content\/uploads\/2022\/02\/5c5a0aa22534178557c4de709be21dc1.jpg","width":819,"height":460},"bunyad-768":{"url":"https:\/\/villarrealcf.es\/wp-content\/uploads\/2022\/02\/5c5a0aa22534178557c4de709be21dc1-768x431.jpg","width":768,"height":431},"full":{"url":"https:\/\/villarrealcf.es\/wp-content\/uploads\/2022\/02\/5c5a0aa22534178557c4de709be21dc1.jpg","width":819,"height":460}}},"author_data":{"id":"1","name":"root_envidea","first_name":"Villarreal CF","last_name":"","description":"","avatar_url":"https:\/\/secure.gravatar.com\/avatar\/48f95f42a3ccc324f3a3458e4b9e6fb070b083e99d388e170c1afb061fa99b63?s=96&d=mm&r=g","acf":null},"taxonomies_data":{"category":[{"id":13509,"name":"Endavant","slug":"endavant-val","acf":null}],"post_tag":[{"id":12554,"name":"#Football","slug":"football-val","acf":null},{"id":12556,"name":"#Soccer","slug":"soccer-val","acf":null},{"id":11207,"name":"Fan Zone","slug":"fan-zone-val","acf":null},{"id":9270,"name":"Futbol","slug":"futbol-val","acf":null},{"id":8530,"name":"Groc Talent","slug":"groc-talent","acf":null},{"id":11042,"name":"LaLiga","slug":"laliga-val","acf":null},{"id":11241,"name":"Real Madrid","slug":"real-madrid-val","acf":null},{"id":9627,"name":"Submarino Amarillo","slug":"submarino-amarillo-val","acf":null},{"id":9203,"name":"Villarreal CF","slug":"villarreal-cf-val","acf":null}],"translation_priority":[{"id":735,"name":"Optional","slug":"optional-val","acf":null}]},"seo_full":{"native":{"title":"Udelgrau y Summer Ends brillen en la Fan Zone - Web Oficial del Villarreal CF","description":"[caption id=\"attachment_180212\" align=\"alignnone\" width=\"\"]||||[\/caption]Els dos grups participants en el concurs Groc Talent han actuat en la pr\u00e8via del partit davant&hellip;","canonical":"https:\/\/villarrealcf.es\/val\/udelgrau-y-summer-ends-brillen-en-la-fan-zone\/"}},"_links":{"self":[{"href":"https:\/\/villarrealcf.es\/val\/wp-json\/wp\/v2\/posts\/222924","targetHints":{"allow":["GET"]}}],"collection":[{"href":"https:\/\/villarrealcf.es\/val\/wp-json\/wp\/v2\/posts"}],"about":[{"href":"https:\/\/villarrealcf.es\/val\/wp-json\/wp\/v2\/types\/post"}],"author":[{"embeddable":true,"href":"https:\/\/villarrealcf.es\/val\/wp-json\/wp\/v2\/users\/1"}],"replies":[{"embeddable":true,"href":"https:\/\/villarrealcf.es\/val\/wp-json\/wp\/v2\/comments?post=222924"}],"version-history":[{"count":0,"href":"https:\/\/villarrealcf.es\/val\/wp-json\/wp\/v2\/posts\/222924\/revisions"}],"wp:featuredmedia":[{"embeddable":true,"href":"https:\/\/villarrealcf.es\/val\/wp-json\/wp\/v2\/media\/180212"}],"wp:attachment":[{"href":"https:\/\/villarrealcf.es\/val\/wp-json\/wp\/v2\/media?parent=222924"}],"wp:term":[{"taxonomy":"category","embeddable":true,"href":"https:\/\/villarrealcf.es\/val\/wp-json\/wp\/v2\/categories?post=222924"},{"taxonomy":"post_tag","embeddable":true,"href":"https:\/\/villarrealcf.es\/val\/wp-json\/wp\/v2\/tags?post=222924"}],"curies":[{"name":"wp","href":"https:\/\/api.w.org\/{rel}","templated":true}]}}