{"id":222554,"date":"2022-01-09T20:07:56","date_gmt":"2022-01-09T19:07:56","guid":{"rendered":"https:\/\/villarrealcf.es\/\/l-a-ball-triomfa-en-l-estadi-de-la-ceramica\/"},"modified":"2022-01-09T20:07:56","modified_gmt":"2022-01-09T19:07:56","slug":"l-a-ball-triomfa-en-l-estadi-de-la-ceramica","status":"publish","type":"post","link":"https:\/\/villarrealcf.es\/val\/l-a-ball-triomfa-en-l-estadi-de-la-ceramica\/","title":{"rendered":"L&#8217;A-Ball triomfa en l&#8217;Estadi de la Cer\u00e0mica"},"content":{"protected":false,"blocks":[{"type":"image","url":"https:\/\/villarrealcf.es\/\/wp-content\/uploads\/2022\/01\/557463fed47681502d30a95e5dc4aa07.jpg","alt":"||||","width":819,"height":460,"srcset":"https:\/\/villarrealcf.es\/wp-content\/uploads\/2022\/01\/557463fed47681502d30a95e5dc4aa07.jpg 819w, https:\/\/villarrealcf.es\/\/wp-content\/uploads\/2022\/01\/557463fed47681502d30a95e5dc4aa07.jpg 1920w, https:\/\/villarrealcf.es\/\/wp-content\/uploads\/2022\/01\/557463fed47681502d30a95e5dc4aa07.jpg 1920w, https:\/\/villarrealcf.es\/\/wp-content\/uploads\/2022\/01\/557463fed47681502d30a95e5dc4aa07.jpg 1920w, https:\/\/villarrealcf.es\/wp-content\/uploads\/2022\/01\/557463fed47681502d30a95e5dc4aa07-32x18.jpg 32w, https:\/\/villarrealcf.es\/wp-content\/uploads\/2022\/01\/557463fed47681502d30a95e5dc4aa07-150x84.jpg 150w, https:\/\/villarrealcf.es\/\/wp-content\/uploads\/2022\/01\/557463fed47681502d30a95e5dc4aa07.jpg 1920w","sizes":"auto, (max-width: 819px) 100vw, 819px"},{"type":"paragraph","text":"Els aficionats han pogut gaudir del futbol en cadira de rodes en la Fan Zone pr\u00e8via al partit davant l\u2019Atl\u00e9tico"},{"type":"paragraph","text":"L\u2019A-Ball ha sigut protagonista en la pr\u00e8via del partit enfront de l\u2019Atl\u00e9tico de Madrid en l\u2019Estadi de la Cer\u00e0mica. Aquest esport, el nom del qual juga amb la fon\u00e8tica anglosaxona able (capa\u00e7) \u00e9s el futbol en cadira de rodes, que ha sigut inventat i dissenyat per valencians i est\u00e0 reconegut per la Real Federaci\u00f3n Espa\u00f1ola de F\u00fatbol i la FIFA."},{"type":"paragraph","text":"En els lim\u00edtrofs de la Cer\u00e0mica, els aficionats groguets van poder gaudir d\u2019una exhibici\u00f3 entre un combinat de representants del Villarreal i un de la Selecci\u00f3 Espanyola, a m\u00e9s de poder provar aquest particular i inclusiu esport. D\u2019altra banda, els internacionals groguets Aixa Salvador i Marcos Senna van ser reconeguts com a ambaixadors de l\u2019A-Ball per l\u2019organitzaci\u00f3."},{"type":"paragraph","text":"El Villarreal \u00e9s el primer club que organitza una exhibici\u00f3 i dona visibilitat a l\u2019A-Ball en la pr\u00e8via d\u2019un partit de LaLiga. L\u2019entitat groga desitja la major de les sorts a tots els integrants d\u2019aquest esport en el seu proc\u00e9s de professionalitzaci\u00f3 i desitja molts \u00e8xits a l\u2019organitzaci\u00f3, que promou la inclusi\u00f3 en el m\u00f3n de l\u2019esport des de la Comunitat Valenciana per a tothom."},{"type":"video","kind":"iframe","url":"https:\/\/www.youtube.com\/embed\/JlDzIzwA1KE?feature=oembed","poster":""}],"structured":{"summary":{"text":"Els aficionats han pogut gaudir del futbol en cadira de rodes en la Fan Zone pr\u00e8via al partit davant l\u2019Atl\u00e9tico L\u2019A-Ball ha sigut protagonista en la pr\u00e8via del partit enfront de l\u2019Atl\u00e9tico de Madrid en l\u2019Estadi de la Cer\u00e0mica. Aquest esport, el nom del qual juga amb la fon\u00e8tica anglosaxona able (capa\u00e7) \u00e9s el futbol en cadira de rodes, que ha sigut inventat i dissenyat per valencians i est\u00e0 reconegut per la Real Federaci\u00f3n Espa\u00f1ola de F\u00fatbol i la FIFA. En els lim\u00edtrofs de la Cer\u00e0mica, els aficionats groguets van poder gaudir d\u2019una exhibici\u00f3 entre un combinat de representants del Villarreal i un de la Selecci\u00f3 Espanyola, a m\u00e9s de poder provar aquest particular i inclusiu esport. D\u2019altra banda, els internacionals groguets Aixa Salvador i Marcos Senna van ser reconeguts com a ambaixadors de l\u2019A-Ball per l\u2019organitzaci\u00f3. El Villarreal \u00e9s el primer club que organitza una exhibici\u00f3 i dona visibilitat a l\u2019A-Ball en la pr\u00e8via d\u2019un partit de LaLiga. L\u2019entitat groga desitja la major de les sorts a tots els integrants d\u2019aquest esport en el seu proc\u00e9s de professionalitzaci\u00f3 i desitja molts \u00e8xits a l\u2019organitzaci\u00f3, que promou la inclusi\u00f3 en el m\u00f3n de l\u2019esport des de la Comunitat Valenciana per a tothom.","headings":[],"buttons":[],"images":[{"type":"image","url":"https:\/\/villarrealcf.es\/\/wp-content\/uploads\/2022\/01\/557463fed47681502d30a95e5dc4aa07.jpg","alt":"||||","width":819,"height":460,"srcset":"https:\/\/villarrealcf.es\/wp-content\/uploads\/2022\/01\/557463fed47681502d30a95e5dc4aa07.jpg 819w, https:\/\/villarrealcf.es\/\/wp-content\/uploads\/2022\/01\/557463fed47681502d30a95e5dc4aa07.jpg 1920w, https:\/\/villarrealcf.es\/\/wp-content\/uploads\/2022\/01\/557463fed47681502d30a95e5dc4aa07.jpg 1920w, https:\/\/villarrealcf.es\/\/wp-content\/uploads\/2022\/01\/557463fed47681502d30a95e5dc4aa07.jpg 1920w, https:\/\/villarrealcf.es\/wp-content\/uploads\/2022\/01\/557463fed47681502d30a95e5dc4aa07-32x18.jpg 32w, https:\/\/villarrealcf.es\/wp-content\/uploads\/2022\/01\/557463fed47681502d30a95e5dc4aa07-150x84.jpg 150w, https:\/\/villarrealcf.es\/\/wp-content\/uploads\/2022\/01\/557463fed47681502d30a95e5dc4aa07.jpg 1920w","sizes":"auto, (max-width: 819px) 100vw, 819px"}],"counts":{"blocks":6,"headings":0,"texts":4,"buttons":0,"images":1}},"sections":[{"id":"section-1","title":"","text":"Els aficionats han pogut gaudir del futbol en cadira de rodes en la Fan Zone pr\u00e8via al partit davant l\u2019Atl\u00e9tico L\u2019A-Ball ha sigut protagonista en la pr\u00e8via del partit enfront de l\u2019Atl\u00e9tico de Madrid en l\u2019Estadi de la Cer\u00e0mica. Aquest esport, el nom del qual juga amb la fon\u00e8tica anglosaxona able (capa\u00e7) \u00e9s el futbol en cadira de rodes, que ha sigut inventat i dissenyat per valencians i est\u00e0 reconegut per la Real Federaci\u00f3n Espa\u00f1ola de F\u00fatbol i la FIFA. En els lim\u00edtrofs de la Cer\u00e0mica, els aficionats groguets van poder gaudir d\u2019una exhibici\u00f3 entre un combinat de representants del Villarreal i un de la Selecci\u00f3 Espanyola, a m\u00e9s de poder provar aquest particular i inclusiu esport. D\u2019altra banda, els internacionals groguets Aixa Salvador i Marcos Senna van ser reconeguts com a ambaixadors de l\u2019A-Ball per l\u2019organitzaci\u00f3. El Villarreal \u00e9s el primer club que organitza una exhibici\u00f3 i dona visibilitat a l\u2019A-Ball en la pr\u00e8via d\u2019un partit de LaLiga. L\u2019entitat groga desitja la major de les sorts a tots els integrants d\u2019aquest esport en el seu proc\u00e9s de professionalitzaci\u00f3 i desitja molts \u00e8xits a l\u2019organitzaci\u00f3, que promou la inclusi\u00f3 en el m\u00f3n de l\u2019esport des de la Comunitat Valenciana per a tothom.","headings":[],"texts":[{"type":"paragraph","text":"Els aficionats han pogut gaudir del futbol en cadira de rodes en la Fan Zone pr\u00e8via al partit davant l\u2019Atl\u00e9tico"},{"type":"paragraph","text":"L\u2019A-Ball ha sigut protagonista en la pr\u00e8via del partit enfront de l\u2019Atl\u00e9tico de Madrid en l\u2019Estadi de la Cer\u00e0mica. Aquest esport, el nom del qual juga amb la fon\u00e8tica anglosaxona able (capa\u00e7) \u00e9s el futbol en cadira de rodes, que ha sigut inventat i dissenyat per valencians i est\u00e0 reconegut per la Real Federaci\u00f3n Espa\u00f1ola de F\u00fatbol i la FIFA."},{"type":"paragraph","text":"En els lim\u00edtrofs de la Cer\u00e0mica, els aficionats groguets van poder gaudir d\u2019una exhibici\u00f3 entre un combinat de representants del Villarreal i un de la Selecci\u00f3 Espanyola, a m\u00e9s de poder provar aquest particular i inclusiu esport. D\u2019altra banda, els internacionals groguets Aixa Salvador i Marcos Senna van ser reconeguts com a ambaixadors de l\u2019A-Ball per l\u2019organitzaci\u00f3."},{"type":"paragraph","text":"El Villarreal \u00e9s el primer club que organitza una exhibici\u00f3 i dona visibilitat a l\u2019A-Ball en la pr\u00e8via d\u2019un partit de LaLiga. L\u2019entitat groga desitja la major de les sorts a tots els integrants d\u2019aquest esport en el seu proc\u00e9s de professionalitzaci\u00f3 i desitja molts \u00e8xits a l\u2019organitzaci\u00f3, que promou la inclusi\u00f3 en el m\u00f3n de l\u2019esport des de la Comunitat Valenciana per a tothom."}],"buttons":[],"images":[{"type":"image","url":"https:\/\/villarrealcf.es\/\/wp-content\/uploads\/2022\/01\/557463fed47681502d30a95e5dc4aa07.jpg","alt":"||||","width":819,"height":460,"srcset":"https:\/\/villarrealcf.es\/wp-content\/uploads\/2022\/01\/557463fed47681502d30a95e5dc4aa07.jpg 819w, https:\/\/villarrealcf.es\/\/wp-content\/uploads\/2022\/01\/557463fed47681502d30a95e5dc4aa07.jpg 1920w, https:\/\/villarrealcf.es\/\/wp-content\/uploads\/2022\/01\/557463fed47681502d30a95e5dc4aa07.jpg 1920w, https:\/\/villarrealcf.es\/\/wp-content\/uploads\/2022\/01\/557463fed47681502d30a95e5dc4aa07.jpg 1920w, https:\/\/villarrealcf.es\/wp-content\/uploads\/2022\/01\/557463fed47681502d30a95e5dc4aa07-32x18.jpg 32w, https:\/\/villarrealcf.es\/wp-content\/uploads\/2022\/01\/557463fed47681502d30a95e5dc4aa07-150x84.jpg 150w, https:\/\/villarrealcf.es\/\/wp-content\/uploads\/2022\/01\/557463fed47681502d30a95e5dc4aa07.jpg 1920w","sizes":"auto, (max-width: 819px) 100vw, 819px"}],"widgets":[],"blocks":[{"type":"image","url":"https:\/\/villarrealcf.es\/\/wp-content\/uploads\/2022\/01\/557463fed47681502d30a95e5dc4aa07.jpg","alt":"||||","width":819,"height":460,"srcset":"https:\/\/villarrealcf.es\/wp-content\/uploads\/2022\/01\/557463fed47681502d30a95e5dc4aa07.jpg 819w, https:\/\/villarrealcf.es\/\/wp-content\/uploads\/2022\/01\/557463fed47681502d30a95e5dc4aa07.jpg 1920w, https:\/\/villarrealcf.es\/\/wp-content\/uploads\/2022\/01\/557463fed47681502d30a95e5dc4aa07.jpg 1920w, https:\/\/villarrealcf.es\/\/wp-content\/uploads\/2022\/01\/557463fed47681502d30a95e5dc4aa07.jpg 1920w, https:\/\/villarrealcf.es\/wp-content\/uploads\/2022\/01\/557463fed47681502d30a95e5dc4aa07-32x18.jpg 32w, https:\/\/villarrealcf.es\/wp-content\/uploads\/2022\/01\/557463fed47681502d30a95e5dc4aa07-150x84.jpg 150w, https:\/\/villarrealcf.es\/\/wp-content\/uploads\/2022\/01\/557463fed47681502d30a95e5dc4aa07.jpg 1920w","sizes":"auto, (max-width: 819px) 100vw, 819px"},{"type":"paragraph","text":"Els aficionats han pogut gaudir del futbol en cadira de rodes en la Fan Zone pr\u00e8via al partit davant l\u2019Atl\u00e9tico"},{"type":"paragraph","text":"L\u2019A-Ball ha sigut protagonista en la pr\u00e8via del partit enfront de l\u2019Atl\u00e9tico de Madrid en l\u2019Estadi de la Cer\u00e0mica. Aquest esport, el nom del qual juga amb la fon\u00e8tica anglosaxona able (capa\u00e7) \u00e9s el futbol en cadira de rodes, que ha sigut inventat i dissenyat per valencians i est\u00e0 reconegut per la Real Federaci\u00f3n Espa\u00f1ola de F\u00fatbol i la FIFA."},{"type":"paragraph","text":"En els lim\u00edtrofs de la Cer\u00e0mica, els aficionats groguets van poder gaudir d\u2019una exhibici\u00f3 entre un combinat de representants del Villarreal i un de la Selecci\u00f3 Espanyola, a m\u00e9s de poder provar aquest particular i inclusiu esport. D\u2019altra banda, els internacionals groguets Aixa Salvador i Marcos Senna van ser reconeguts com a ambaixadors de l\u2019A-Ball per l\u2019organitzaci\u00f3."},{"type":"paragraph","text":"El Villarreal \u00e9s el primer club que organitza una exhibici\u00f3 i dona visibilitat a l\u2019A-Ball en la pr\u00e8via d\u2019un partit de LaLiga. L\u2019entitat groga desitja la major de les sorts a tots els integrants d\u2019aquest esport en el seu proc\u00e9s de professionalitzaci\u00f3 i desitja molts \u00e8xits a l\u2019organitzaci\u00f3, que promou la inclusi\u00f3 en el m\u00f3n de l\u2019esport des de la Comunitat Valenciana per a tothom."},{"type":"video","kind":"iframe","url":"https:\/\/www.youtube.com\/embed\/JlDzIzwA1KE?feature=oembed","poster":""}]}],"hero":{"id":"section-1","title":"","text":"Els aficionats han pogut gaudir del futbol en cadira de rodes en la Fan Zone pr\u00e8via al partit davant l\u2019Atl\u00e9tico L\u2019A-Ball ha sigut protagonista en la pr\u00e8via del partit enfront de l\u2019Atl\u00e9tico de Madrid en l\u2019Estadi de la Cer\u00e0mica. Aquest esport, el nom del qual juga amb la fon\u00e8tica anglosaxona able (capa\u00e7) \u00e9s el futbol en cadira de rodes, que ha sigut inventat i dissenyat per valencians i est\u00e0 reconegut per la Real Federaci\u00f3n Espa\u00f1ola de F\u00fatbol i la FIFA. En els lim\u00edtrofs de la Cer\u00e0mica, els aficionats groguets van poder gaudir d\u2019una exhibici\u00f3 entre un combinat de representants del Villarreal i un de la Selecci\u00f3 Espanyola, a m\u00e9s de poder provar aquest particular i inclusiu esport. D\u2019altra banda, els internacionals groguets Aixa Salvador i Marcos Senna van ser reconeguts com a ambaixadors de l\u2019A-Ball per l\u2019organitzaci\u00f3. El Villarreal \u00e9s el primer club que organitza una exhibici\u00f3 i dona visibilitat a l\u2019A-Ball en la pr\u00e8via d\u2019un partit de LaLiga. L\u2019entitat groga desitja la major de les sorts a tots els integrants d\u2019aquest esport en el seu proc\u00e9s de professionalitzaci\u00f3 i desitja molts \u00e8xits a l\u2019organitzaci\u00f3, que promou la inclusi\u00f3 en el m\u00f3n de l\u2019esport des de la Comunitat Valenciana per a tothom.","headings":[],"texts":[{"type":"paragraph","text":"Els aficionats han pogut gaudir del futbol en cadira de rodes en la Fan Zone pr\u00e8via al partit davant l\u2019Atl\u00e9tico"},{"type":"paragraph","text":"L\u2019A-Ball ha sigut protagonista en la pr\u00e8via del partit enfront de l\u2019Atl\u00e9tico de Madrid en l\u2019Estadi de la Cer\u00e0mica. Aquest esport, el nom del qual juga amb la fon\u00e8tica anglosaxona able (capa\u00e7) \u00e9s el futbol en cadira de rodes, que ha sigut inventat i dissenyat per valencians i est\u00e0 reconegut per la Real Federaci\u00f3n Espa\u00f1ola de F\u00fatbol i la FIFA."},{"type":"paragraph","text":"En els lim\u00edtrofs de la Cer\u00e0mica, els aficionats groguets van poder gaudir d\u2019una exhibici\u00f3 entre un combinat de representants del Villarreal i un de la Selecci\u00f3 Espanyola, a m\u00e9s de poder provar aquest particular i inclusiu esport. D\u2019altra banda, els internacionals groguets Aixa Salvador i Marcos Senna van ser reconeguts com a ambaixadors de l\u2019A-Ball per l\u2019organitzaci\u00f3."},{"type":"paragraph","text":"El Villarreal \u00e9s el primer club que organitza una exhibici\u00f3 i dona visibilitat a l\u2019A-Ball en la pr\u00e8via d\u2019un partit de LaLiga. L\u2019entitat groga desitja la major de les sorts a tots els integrants d\u2019aquest esport en el seu proc\u00e9s de professionalitzaci\u00f3 i desitja molts \u00e8xits a l\u2019organitzaci\u00f3, que promou la inclusi\u00f3 en el m\u00f3n de l\u2019esport des de la Comunitat Valenciana per a tothom."}],"buttons":[],"images":[{"type":"image","url":"https:\/\/villarrealcf.es\/\/wp-content\/uploads\/2022\/01\/557463fed47681502d30a95e5dc4aa07.jpg","alt":"||||","width":819,"height":460,"srcset":"https:\/\/villarrealcf.es\/wp-content\/uploads\/2022\/01\/557463fed47681502d30a95e5dc4aa07.jpg 819w, https:\/\/villarrealcf.es\/\/wp-content\/uploads\/2022\/01\/557463fed47681502d30a95e5dc4aa07.jpg 1920w, https:\/\/villarrealcf.es\/\/wp-content\/uploads\/2022\/01\/557463fed47681502d30a95e5dc4aa07.jpg 1920w, https:\/\/villarrealcf.es\/\/wp-content\/uploads\/2022\/01\/557463fed47681502d30a95e5dc4aa07.jpg 1920w, https:\/\/villarrealcf.es\/wp-content\/uploads\/2022\/01\/557463fed47681502d30a95e5dc4aa07-32x18.jpg 32w, https:\/\/villarrealcf.es\/wp-content\/uploads\/2022\/01\/557463fed47681502d30a95e5dc4aa07-150x84.jpg 150w, https:\/\/villarrealcf.es\/\/wp-content\/uploads\/2022\/01\/557463fed47681502d30a95e5dc4aa07.jpg 1920w","sizes":"auto, (max-width: 819px) 100vw, 819px"}],"widgets":[],"blocks":[{"type":"image","url":"https:\/\/villarrealcf.es\/\/wp-content\/uploads\/2022\/01\/557463fed47681502d30a95e5dc4aa07.jpg","alt":"||||","width":819,"height":460,"srcset":"https:\/\/villarrealcf.es\/wp-content\/uploads\/2022\/01\/557463fed47681502d30a95e5dc4aa07.jpg 819w, https:\/\/villarrealcf.es\/\/wp-content\/uploads\/2022\/01\/557463fed47681502d30a95e5dc4aa07.jpg 1920w, https:\/\/villarrealcf.es\/\/wp-content\/uploads\/2022\/01\/557463fed47681502d30a95e5dc4aa07.jpg 1920w, https:\/\/villarrealcf.es\/\/wp-content\/uploads\/2022\/01\/557463fed47681502d30a95e5dc4aa07.jpg 1920w, https:\/\/villarrealcf.es\/wp-content\/uploads\/2022\/01\/557463fed47681502d30a95e5dc4aa07-32x18.jpg 32w, https:\/\/villarrealcf.es\/wp-content\/uploads\/2022\/01\/557463fed47681502d30a95e5dc4aa07-150x84.jpg 150w, https:\/\/villarrealcf.es\/\/wp-content\/uploads\/2022\/01\/557463fed47681502d30a95e5dc4aa07.jpg 1920w","sizes":"auto, (max-width: 819px) 100vw, 819px"},{"type":"paragraph","text":"Els aficionats han pogut gaudir del futbol en cadira de rodes en la Fan Zone pr\u00e8via al partit davant l\u2019Atl\u00e9tico"},{"type":"paragraph","text":"L\u2019A-Ball ha sigut protagonista en la pr\u00e8via del partit enfront de l\u2019Atl\u00e9tico de Madrid en l\u2019Estadi de la Cer\u00e0mica. Aquest esport, el nom del qual juga amb la fon\u00e8tica anglosaxona able (capa\u00e7) \u00e9s el futbol en cadira de rodes, que ha sigut inventat i dissenyat per valencians i est\u00e0 reconegut per la Real Federaci\u00f3n Espa\u00f1ola de F\u00fatbol i la FIFA."},{"type":"paragraph","text":"En els lim\u00edtrofs de la Cer\u00e0mica, els aficionats groguets van poder gaudir d\u2019una exhibici\u00f3 entre un combinat de representants del Villarreal i un de la Selecci\u00f3 Espanyola, a m\u00e9s de poder provar aquest particular i inclusiu esport. D\u2019altra banda, els internacionals groguets Aixa Salvador i Marcos Senna van ser reconeguts com a ambaixadors de l\u2019A-Ball per l\u2019organitzaci\u00f3."},{"type":"paragraph","text":"El Villarreal \u00e9s el primer club que organitza una exhibici\u00f3 i dona visibilitat a l\u2019A-Ball en la pr\u00e8via d\u2019un partit de LaLiga. L\u2019entitat groga desitja la major de les sorts a tots els integrants d\u2019aquest esport en el seu proc\u00e9s de professionalitzaci\u00f3 i desitja molts \u00e8xits a l\u2019organitzaci\u00f3, que promou la inclusi\u00f3 en el m\u00f3n de l\u2019esport des de la Comunitat Valenciana per a tothom."},{"type":"video","kind":"iframe","url":"https:\/\/www.youtube.com\/embed\/JlDzIzwA1KE?feature=oembed","poster":""}]}},"sections":[{"id":"section-1","title":"","text":"Els aficionats han pogut gaudir del futbol en cadira de rodes en la Fan Zone pr\u00e8via al partit davant l\u2019Atl\u00e9tico L\u2019A-Ball ha sigut protagonista en la pr\u00e8via del partit enfront de l\u2019Atl\u00e9tico de Madrid en l\u2019Estadi de la Cer\u00e0mica. Aquest esport, el nom del qual juga amb la fon\u00e8tica anglosaxona able (capa\u00e7) \u00e9s el futbol en cadira de rodes, que ha sigut inventat i dissenyat per valencians i est\u00e0 reconegut per la Real Federaci\u00f3n Espa\u00f1ola de F\u00fatbol i la FIFA. En els lim\u00edtrofs de la Cer\u00e0mica, els aficionats groguets van poder gaudir d\u2019una exhibici\u00f3 entre un combinat de representants del Villarreal i un de la Selecci\u00f3 Espanyola, a m\u00e9s de poder provar aquest particular i inclusiu esport. D\u2019altra banda, els internacionals groguets Aixa Salvador i Marcos Senna van ser reconeguts com a ambaixadors de l\u2019A-Ball per l\u2019organitzaci\u00f3. El Villarreal \u00e9s el primer club que organitza una exhibici\u00f3 i dona visibilitat a l\u2019A-Ball en la pr\u00e8via d\u2019un partit de LaLiga. L\u2019entitat groga desitja la major de les sorts a tots els integrants d\u2019aquest esport en el seu proc\u00e9s de professionalitzaci\u00f3 i desitja molts \u00e8xits a l\u2019organitzaci\u00f3, que promou la inclusi\u00f3 en el m\u00f3n de l\u2019esport des de la Comunitat Valenciana per a tothom.","url":"","background_image":"","images":[{"type":"image","url":"https:\/\/villarrealcf.es\/\/wp-content\/uploads\/2022\/01\/557463fed47681502d30a95e5dc4aa07.jpg","alt":"||||","width":819,"height":460,"srcset":"https:\/\/villarrealcf.es\/wp-content\/uploads\/2022\/01\/557463fed47681502d30a95e5dc4aa07.jpg 819w, https:\/\/villarrealcf.es\/\/wp-content\/uploads\/2022\/01\/557463fed47681502d30a95e5dc4aa07.jpg 1920w, https:\/\/villarrealcf.es\/\/wp-content\/uploads\/2022\/01\/557463fed47681502d30a95e5dc4aa07.jpg 1920w, https:\/\/villarrealcf.es\/\/wp-content\/uploads\/2022\/01\/557463fed47681502d30a95e5dc4aa07.jpg 1920w, https:\/\/villarrealcf.es\/wp-content\/uploads\/2022\/01\/557463fed47681502d30a95e5dc4aa07-32x18.jpg 32w, https:\/\/villarrealcf.es\/wp-content\/uploads\/2022\/01\/557463fed47681502d30a95e5dc4aa07-150x84.jpg 150w, https:\/\/villarrealcf.es\/\/wp-content\/uploads\/2022\/01\/557463fed47681502d30a95e5dc4aa07.jpg 1920w","sizes":"auto, (max-width: 819px) 100vw, 819px"}],"videos":[{"type":"video","kind":"iframe","url":"https:\/\/www.youtube.com\/embed\/JlDzIzwA1KE?feature=oembed","poster":""}],"links":[]},{"id":"shortcode-caption-69eddc9631fda","type":"shortcode","shortcode":"caption","attributes":{"id":"attachment_178717","align":"alignnone","width":""},"title":"Caption","rendered":"","data":[],"text":"","url":"","background_image":"","images":[],"videos":[],"links":[],"blocks":[]}]},"excerpt":{"rendered":"Els aficionats han pogut gaudir del futbol en cadira de rodes en la Fan Zone pr\u00e8via al partit davant l&#8217;Atl\u00e9tico","protected":false},"author":1,"featured_media":178717,"comment_status":"","ping_status":"","sticky":false,"template":"","format":"standard","meta":{"_acf_changed":false,"footnotes":""},"categories":[13509],"tags":[13045,10983,11429,11207,9874,12129,13047,9627,9203],"acf":null,"lang":"val","translations":{"val":222554},"essential_grid":{"has_grid":false},"formatted_date":"January 9, 2022","modified_date":"January 9, 2022","permalink":"https:\/\/villarrealcf.es\/val\/l-a-ball-triomfa-en-l-estadi-de-la-ceramica\/","reading_time":2,"featured_media_data":{"id":178717,"title":"||||","caption":"||||","alt_text":"","description":"","mime_type":"image\/jpeg","source_url":"https:\/\/villarrealcf.es\/wp-content\/uploads\/2022\/01\/557463fed47681502d30a95e5dc4aa07.jpg","sizes":{"thumbnail":{"url":"https:\/\/villarrealcf.es\/wp-content\/uploads\/2022\/01\/557463fed47681502d30a95e5dc4aa07-150x150.jpg","width":150,"height":150},"medium":{"url":"https:\/\/villarrealcf.es\/wp-content\/uploads\/2022\/01\/557463fed47681502d30a95e5dc4aa07-300x168.jpg","width":300,"height":168},"medium_large":{"url":"https:\/\/villarrealcf.es\/wp-content\/uploads\/2022\/01\/557463fed47681502d30a95e5dc4aa07-768x431.jpg","width":768,"height":431},"large":{"url":"https:\/\/villarrealcf.es\/wp-content\/uploads\/2022\/01\/557463fed47681502d30a95e5dc4aa07.jpg","width":788,"height":443},"1536x1536":{"url":"https:\/\/villarrealcf.es\/wp-content\/uploads\/2022\/01\/557463fed47681502d30a95e5dc4aa07.jpg","width":819,"height":460},"2048x2048":{"url":"https:\/\/villarrealcf.es\/wp-content\/uploads\/2022\/01\/557463fed47681502d30a95e5dc4aa07.jpg","width":819,"height":460},"tp-image-grid":{"url":"https:\/\/villarrealcf.es\/wp-content\/uploads\/2022\/01\/557463fed47681502d30a95e5dc4aa07-700x460.jpg","width":700,"height":460},"size-bunyad-medium":{"url":"https:\/\/villarrealcf.es\/wp-content\/uploads\/2022\/01\/557463fed47681502d30a95e5dc4aa07.jpg","width":819,"height":460},"sportspress-crop-medium":{"url":"https:\/\/villarrealcf.es\/wp-content\/uploads\/2022\/01\/557463fed47681502d30a95e5dc4aa07-300x300.jpg","width":300,"height":300},"sportspress-fit-medium":{"url":"https:\/\/villarrealcf.es\/wp-content\/uploads\/2022\/01\/557463fed47681502d30a95e5dc4aa07-300x168.jpg","width":300,"height":168},"sportspress-fit-icon":{"url":"https:\/\/villarrealcf.es\/wp-content\/uploads\/2022\/01\/557463fed47681502d30a95e5dc4aa07-128x72.jpg","width":128,"height":72},"sportspress-fit-mini":{"url":"https:\/\/villarrealcf.es\/wp-content\/uploads\/2022\/01\/557463fed47681502d30a95e5dc4aa07-32x18.jpg","width":32,"height":18},"bunyad-small":{"url":"https:\/\/villarrealcf.es\/wp-content\/uploads\/2022\/01\/557463fed47681502d30a95e5dc4aa07-150x84.jpg","width":150,"height":84},"bunyad-medium":{"url":"https:\/\/villarrealcf.es\/wp-content\/uploads\/2022\/01\/557463fed47681502d30a95e5dc4aa07-450x253.jpg","width":450,"height":253},"bunyad-full":{"url":"https:\/\/villarrealcf.es\/wp-content\/uploads\/2022\/01\/557463fed47681502d30a95e5dc4aa07.jpg","width":819,"height":460},"bunyad-viewport":{"url":"https:\/\/villarrealcf.es\/wp-content\/uploads\/2022\/01\/557463fed47681502d30a95e5dc4aa07.jpg","width":819,"height":460},"bunyad-768":{"url":"https:\/\/villarrealcf.es\/wp-content\/uploads\/2022\/01\/557463fed47681502d30a95e5dc4aa07-768x431.jpg","width":768,"height":431},"full":{"url":"https:\/\/villarrealcf.es\/wp-content\/uploads\/2022\/01\/557463fed47681502d30a95e5dc4aa07.jpg","width":819,"height":460}}},"author_data":{"id":"1","name":"root_envidea","first_name":"Villarreal CF","last_name":"","description":"","avatar_url":"https:\/\/secure.gravatar.com\/avatar\/48f95f42a3ccc324f3a3458e4b9e6fb070b083e99d388e170c1afb061fa99b63?s=96&d=mm&r=g","acf":null},"taxonomies_data":{"category":[{"id":13509,"name":"Endavant","slug":"endavant-val","acf":null}],"post_tag":[{"id":13045,"name":"aball","slug":"aball-val","acf":null},{"id":10983,"name":"Aixa Salvador","slug":"aixa-salvador-val","acf":null},{"id":11429,"name":"Estadio de la Cer\u00e1mica","slug":"estadio-de-la-ceramica-val","acf":null},{"id":11207,"name":"Fan Zone","slug":"fan-zone-val","acf":null},{"id":9874,"name":"Marcos Senna","slug":"marcos-senna-val","acf":null},{"id":12129,"name":"RFEF","slug":"rfef-val","acf":null},{"id":13047,"name":"silla de ruedas","slug":"silla-de-ruedas-val","acf":null},{"id":9627,"name":"Submarino Amarillo","slug":"submarino-amarillo-val","acf":null},{"id":9203,"name":"Villarreal CF","slug":"villarreal-cf-val","acf":null}],"translation_priority":[{"id":735,"name":"Optional","slug":"optional-val","acf":null}]},"seo_full":{"native":{"title":"L&#8217;A-Ball triomfa en l&#8217;Estadi de la Cer\u00e0mica - Web Oficial del Villarreal CF","description":"[caption id=\"attachment_178717\" align=\"alignnone\" width=\"\"]||||[\/caption]Els aficionats han pogut gaudir del futbol en cadira de rodes en la Fan Zone pr\u00e8via al&hellip;","canonical":"https:\/\/villarrealcf.es\/val\/l-a-ball-triomfa-en-l-estadi-de-la-ceramica\/"}},"_links":{"self":[{"href":"https:\/\/villarrealcf.es\/val\/wp-json\/wp\/v2\/posts\/222554","targetHints":{"allow":["GET"]}}],"collection":[{"href":"https:\/\/villarrealcf.es\/val\/wp-json\/wp\/v2\/posts"}],"about":[{"href":"https:\/\/villarrealcf.es\/val\/wp-json\/wp\/v2\/types\/post"}],"author":[{"embeddable":true,"href":"https:\/\/villarrealcf.es\/val\/wp-json\/wp\/v2\/users\/1"}],"replies":[{"embeddable":true,"href":"https:\/\/villarrealcf.es\/val\/wp-json\/wp\/v2\/comments?post=222554"}],"version-history":[{"count":0,"href":"https:\/\/villarrealcf.es\/val\/wp-json\/wp\/v2\/posts\/222554\/revisions"}],"wp:featuredmedia":[{"embeddable":true,"href":"https:\/\/villarrealcf.es\/val\/wp-json\/wp\/v2\/media\/178717"}],"wp:attachment":[{"href":"https:\/\/villarrealcf.es\/val\/wp-json\/wp\/v2\/media?parent=222554"}],"wp:term":[{"taxonomy":"category","embeddable":true,"href":"https:\/\/villarrealcf.es\/val\/wp-json\/wp\/v2\/categories?post=222554"},{"taxonomy":"post_tag","embeddable":true,"href":"https:\/\/villarrealcf.es\/val\/wp-json\/wp\/v2\/tags?post=222554"}],"curies":[{"name":"wp","href":"https:\/\/api.w.org\/{rel}","templated":true}]}}