{"id":222531,"date":"2022-01-10T11:19:32","date_gmt":"2022-01-10T10:19:32","guid":{"rendered":"https:\/\/villarrealcf.es\/\/l-europa-league-arriba-a-l-uji\/"},"modified":"2022-01-10T11:19:32","modified_gmt":"2022-01-10T10:19:32","slug":"l-europa-league-arriba-a-l-uji","status":"publish","type":"post","link":"https:\/\/villarrealcf.es\/val\/l-europa-league-arriba-a-l-uji\/","title":{"rendered":"L&#8217;Europa League arriba a l&#8217;UJI!"},"content":{"protected":false,"blocks":[{"type":"image","url":"https:\/\/villarrealcf.es\/\/wp-content\/uploads\/2022\/01\/7fcacfb78c0fe4dea7e74347ebc0147d.jpg","alt":"||||","width":819,"height":460,"srcset":"https:\/\/villarrealcf.es\/wp-content\/uploads\/2022\/01\/7fcacfb78c0fe4dea7e74347ebc0147d.jpg 819w, https:\/\/villarrealcf.es\/\/wp-content\/uploads\/2022\/01\/7fcacfb78c0fe4dea7e74347ebc0147d.jpg 1920w, https:\/\/villarrealcf.es\/\/wp-content\/uploads\/2022\/01\/7fcacfb78c0fe4dea7e74347ebc0147d.jpg 1920w, https:\/\/villarrealcf.es\/\/wp-content\/uploads\/2022\/01\/7fcacfb78c0fe4dea7e74347ebc0147d.jpg 1920w, https:\/\/villarrealcf.es\/wp-content\/uploads\/2022\/01\/7fcacfb78c0fe4dea7e74347ebc0147d-32x18.jpg 32w, https:\/\/villarrealcf.es\/wp-content\/uploads\/2022\/01\/7fcacfb78c0fe4dea7e74347ebc0147d-150x84.jpg 150w, https:\/\/villarrealcf.es\/\/wp-content\/uploads\/2022\/01\/7fcacfb78c0fe4dea7e74347ebc0147d.jpg 1920w","sizes":"auto, (max-width: 819px) 100vw, 819px"},{"type":"paragraph","text":"El trofeu conquerit pel Villarreal CF la temporada passada estar\u00e0 en la Universitat Jaume I el 13 i 14 de gener"},{"type":"paragraph","text":"Vine a veure el trofeu de l\u2019Europa League a l\u2019UJI! El pr\u00f2xim dijous 13 de gener estar\u00e0 exposat, a partir de les 10.00 hores i fins a les 20.00 hores, aix\u00ed com el divendres 14 de gener fins al migdia, a la sala d\u2019entrada de les instal\u00b7lacions al aire lliure del Servei d\u2019Esports, el premi que acredita al Submar\u00ed com a campi\u00f3 de la Europa League. Gr\u00e0cies a aquesta iniciativa, tots els interessats podran anar a la ubicaci\u00f3 mencionada per presenciar el trofeu i fer-se una foto."},{"type":"paragraph","text":"No pergues aquesta gran oportunitat!"}],"structured":{"summary":{"text":"El trofeu conquerit pel Villarreal CF la temporada passada estar\u00e0 en la Universitat Jaume I el 13 i 14 de gener Vine a veure el trofeu de l\u2019Europa League a l\u2019UJI! El pr\u00f2xim dijous 13 de gener estar\u00e0 exposat, a partir de les 10.00 hores i fins a les 20.00 hores, aix\u00ed com el divendres 14 de gener fins al migdia, a la sala d\u2019entrada de les instal\u00b7lacions al aire lliure del Servei d\u2019Esports, el premi que acredita al Submar\u00ed com a campi\u00f3 de la Europa League. Gr\u00e0cies a aquesta iniciativa, tots els interessats podran anar a la ubicaci\u00f3 mencionada per presenciar el trofeu i fer-se una foto. No pergues aquesta gran oportunitat!","headings":[],"buttons":[],"images":[{"type":"image","url":"https:\/\/villarrealcf.es\/\/wp-content\/uploads\/2022\/01\/7fcacfb78c0fe4dea7e74347ebc0147d.jpg","alt":"||||","width":819,"height":460,"srcset":"https:\/\/villarrealcf.es\/wp-content\/uploads\/2022\/01\/7fcacfb78c0fe4dea7e74347ebc0147d.jpg 819w, https:\/\/villarrealcf.es\/\/wp-content\/uploads\/2022\/01\/7fcacfb78c0fe4dea7e74347ebc0147d.jpg 1920w, https:\/\/villarrealcf.es\/\/wp-content\/uploads\/2022\/01\/7fcacfb78c0fe4dea7e74347ebc0147d.jpg 1920w, https:\/\/villarrealcf.es\/\/wp-content\/uploads\/2022\/01\/7fcacfb78c0fe4dea7e74347ebc0147d.jpg 1920w, https:\/\/villarrealcf.es\/wp-content\/uploads\/2022\/01\/7fcacfb78c0fe4dea7e74347ebc0147d-32x18.jpg 32w, https:\/\/villarrealcf.es\/wp-content\/uploads\/2022\/01\/7fcacfb78c0fe4dea7e74347ebc0147d-150x84.jpg 150w, https:\/\/villarrealcf.es\/\/wp-content\/uploads\/2022\/01\/7fcacfb78c0fe4dea7e74347ebc0147d.jpg 1920w","sizes":"auto, (max-width: 819px) 100vw, 819px"}],"counts":{"blocks":4,"headings":0,"texts":3,"buttons":0,"images":1}},"sections":[{"id":"section-1","title":"","text":"El trofeu conquerit pel Villarreal CF la temporada passada estar\u00e0 en la Universitat Jaume I el 13 i 14 de gener Vine a veure el trofeu de l\u2019Europa League a l\u2019UJI! El pr\u00f2xim dijous 13 de gener estar\u00e0 exposat, a partir de les 10.00 hores i fins a les 20.00 hores, aix\u00ed com el divendres 14 de gener fins al migdia, a la sala d\u2019entrada de les instal\u00b7lacions al aire lliure del Servei d\u2019Esports, el premi que acredita al Submar\u00ed com a campi\u00f3 de la Europa League. Gr\u00e0cies a aquesta iniciativa, tots els interessats podran anar a la ubicaci\u00f3 mencionada per presenciar el trofeu i fer-se una foto. No pergues aquesta gran oportunitat!","headings":[],"texts":[{"type":"paragraph","text":"El trofeu conquerit pel Villarreal CF la temporada passada estar\u00e0 en la Universitat Jaume I el 13 i 14 de gener"},{"type":"paragraph","text":"Vine a veure el trofeu de l\u2019Europa League a l\u2019UJI! El pr\u00f2xim dijous 13 de gener estar\u00e0 exposat, a partir de les 10.00 hores i fins a les 20.00 hores, aix\u00ed com el divendres 14 de gener fins al migdia, a la sala d\u2019entrada de les instal\u00b7lacions al aire lliure del Servei d\u2019Esports, el premi que acredita al Submar\u00ed com a campi\u00f3 de la Europa League. Gr\u00e0cies a aquesta iniciativa, tots els interessats podran anar a la ubicaci\u00f3 mencionada per presenciar el trofeu i fer-se una foto."},{"type":"paragraph","text":"No pergues aquesta gran oportunitat!"}],"buttons":[],"images":[{"type":"image","url":"https:\/\/villarrealcf.es\/\/wp-content\/uploads\/2022\/01\/7fcacfb78c0fe4dea7e74347ebc0147d.jpg","alt":"||||","width":819,"height":460,"srcset":"https:\/\/villarrealcf.es\/wp-content\/uploads\/2022\/01\/7fcacfb78c0fe4dea7e74347ebc0147d.jpg 819w, https:\/\/villarrealcf.es\/\/wp-content\/uploads\/2022\/01\/7fcacfb78c0fe4dea7e74347ebc0147d.jpg 1920w, https:\/\/villarrealcf.es\/\/wp-content\/uploads\/2022\/01\/7fcacfb78c0fe4dea7e74347ebc0147d.jpg 1920w, https:\/\/villarrealcf.es\/\/wp-content\/uploads\/2022\/01\/7fcacfb78c0fe4dea7e74347ebc0147d.jpg 1920w, https:\/\/villarrealcf.es\/wp-content\/uploads\/2022\/01\/7fcacfb78c0fe4dea7e74347ebc0147d-32x18.jpg 32w, https:\/\/villarrealcf.es\/wp-content\/uploads\/2022\/01\/7fcacfb78c0fe4dea7e74347ebc0147d-150x84.jpg 150w, https:\/\/villarrealcf.es\/\/wp-content\/uploads\/2022\/01\/7fcacfb78c0fe4dea7e74347ebc0147d.jpg 1920w","sizes":"auto, (max-width: 819px) 100vw, 819px"}],"widgets":[],"blocks":[{"type":"image","url":"https:\/\/villarrealcf.es\/\/wp-content\/uploads\/2022\/01\/7fcacfb78c0fe4dea7e74347ebc0147d.jpg","alt":"||||","width":819,"height":460,"srcset":"https:\/\/villarrealcf.es\/wp-content\/uploads\/2022\/01\/7fcacfb78c0fe4dea7e74347ebc0147d.jpg 819w, https:\/\/villarrealcf.es\/\/wp-content\/uploads\/2022\/01\/7fcacfb78c0fe4dea7e74347ebc0147d.jpg 1920w, https:\/\/villarrealcf.es\/\/wp-content\/uploads\/2022\/01\/7fcacfb78c0fe4dea7e74347ebc0147d.jpg 1920w, https:\/\/villarrealcf.es\/\/wp-content\/uploads\/2022\/01\/7fcacfb78c0fe4dea7e74347ebc0147d.jpg 1920w, https:\/\/villarrealcf.es\/wp-content\/uploads\/2022\/01\/7fcacfb78c0fe4dea7e74347ebc0147d-32x18.jpg 32w, https:\/\/villarrealcf.es\/wp-content\/uploads\/2022\/01\/7fcacfb78c0fe4dea7e74347ebc0147d-150x84.jpg 150w, https:\/\/villarrealcf.es\/\/wp-content\/uploads\/2022\/01\/7fcacfb78c0fe4dea7e74347ebc0147d.jpg 1920w","sizes":"auto, (max-width: 819px) 100vw, 819px"},{"type":"paragraph","text":"El trofeu conquerit pel Villarreal CF la temporada passada estar\u00e0 en la Universitat Jaume I el 13 i 14 de gener"},{"type":"paragraph","text":"Vine a veure el trofeu de l\u2019Europa League a l\u2019UJI! El pr\u00f2xim dijous 13 de gener estar\u00e0 exposat, a partir de les 10.00 hores i fins a les 20.00 hores, aix\u00ed com el divendres 14 de gener fins al migdia, a la sala d\u2019entrada de les instal\u00b7lacions al aire lliure del Servei d\u2019Esports, el premi que acredita al Submar\u00ed com a campi\u00f3 de la Europa League. Gr\u00e0cies a aquesta iniciativa, tots els interessats podran anar a la ubicaci\u00f3 mencionada per presenciar el trofeu i fer-se una foto."},{"type":"paragraph","text":"No pergues aquesta gran oportunitat!"}]}],"hero":{"id":"section-1","title":"","text":"El trofeu conquerit pel Villarreal CF la temporada passada estar\u00e0 en la Universitat Jaume I el 13 i 14 de gener Vine a veure el trofeu de l\u2019Europa League a l\u2019UJI! El pr\u00f2xim dijous 13 de gener estar\u00e0 exposat, a partir de les 10.00 hores i fins a les 20.00 hores, aix\u00ed com el divendres 14 de gener fins al migdia, a la sala d\u2019entrada de les instal\u00b7lacions al aire lliure del Servei d\u2019Esports, el premi que acredita al Submar\u00ed com a campi\u00f3 de la Europa League. Gr\u00e0cies a aquesta iniciativa, tots els interessats podran anar a la ubicaci\u00f3 mencionada per presenciar el trofeu i fer-se una foto. No pergues aquesta gran oportunitat!","headings":[],"texts":[{"type":"paragraph","text":"El trofeu conquerit pel Villarreal CF la temporada passada estar\u00e0 en la Universitat Jaume I el 13 i 14 de gener"},{"type":"paragraph","text":"Vine a veure el trofeu de l\u2019Europa League a l\u2019UJI! El pr\u00f2xim dijous 13 de gener estar\u00e0 exposat, a partir de les 10.00 hores i fins a les 20.00 hores, aix\u00ed com el divendres 14 de gener fins al migdia, a la sala d\u2019entrada de les instal\u00b7lacions al aire lliure del Servei d\u2019Esports, el premi que acredita al Submar\u00ed com a campi\u00f3 de la Europa League. Gr\u00e0cies a aquesta iniciativa, tots els interessats podran anar a la ubicaci\u00f3 mencionada per presenciar el trofeu i fer-se una foto."},{"type":"paragraph","text":"No pergues aquesta gran oportunitat!"}],"buttons":[],"images":[{"type":"image","url":"https:\/\/villarrealcf.es\/\/wp-content\/uploads\/2022\/01\/7fcacfb78c0fe4dea7e74347ebc0147d.jpg","alt":"||||","width":819,"height":460,"srcset":"https:\/\/villarrealcf.es\/wp-content\/uploads\/2022\/01\/7fcacfb78c0fe4dea7e74347ebc0147d.jpg 819w, https:\/\/villarrealcf.es\/\/wp-content\/uploads\/2022\/01\/7fcacfb78c0fe4dea7e74347ebc0147d.jpg 1920w, https:\/\/villarrealcf.es\/\/wp-content\/uploads\/2022\/01\/7fcacfb78c0fe4dea7e74347ebc0147d.jpg 1920w, https:\/\/villarrealcf.es\/\/wp-content\/uploads\/2022\/01\/7fcacfb78c0fe4dea7e74347ebc0147d.jpg 1920w, https:\/\/villarrealcf.es\/wp-content\/uploads\/2022\/01\/7fcacfb78c0fe4dea7e74347ebc0147d-32x18.jpg 32w, https:\/\/villarrealcf.es\/wp-content\/uploads\/2022\/01\/7fcacfb78c0fe4dea7e74347ebc0147d-150x84.jpg 150w, https:\/\/villarrealcf.es\/\/wp-content\/uploads\/2022\/01\/7fcacfb78c0fe4dea7e74347ebc0147d.jpg 1920w","sizes":"auto, (max-width: 819px) 100vw, 819px"}],"widgets":[],"blocks":[{"type":"image","url":"https:\/\/villarrealcf.es\/\/wp-content\/uploads\/2022\/01\/7fcacfb78c0fe4dea7e74347ebc0147d.jpg","alt":"||||","width":819,"height":460,"srcset":"https:\/\/villarrealcf.es\/wp-content\/uploads\/2022\/01\/7fcacfb78c0fe4dea7e74347ebc0147d.jpg 819w, https:\/\/villarrealcf.es\/\/wp-content\/uploads\/2022\/01\/7fcacfb78c0fe4dea7e74347ebc0147d.jpg 1920w, https:\/\/villarrealcf.es\/\/wp-content\/uploads\/2022\/01\/7fcacfb78c0fe4dea7e74347ebc0147d.jpg 1920w, https:\/\/villarrealcf.es\/\/wp-content\/uploads\/2022\/01\/7fcacfb78c0fe4dea7e74347ebc0147d.jpg 1920w, https:\/\/villarrealcf.es\/wp-content\/uploads\/2022\/01\/7fcacfb78c0fe4dea7e74347ebc0147d-32x18.jpg 32w, https:\/\/villarrealcf.es\/wp-content\/uploads\/2022\/01\/7fcacfb78c0fe4dea7e74347ebc0147d-150x84.jpg 150w, https:\/\/villarrealcf.es\/\/wp-content\/uploads\/2022\/01\/7fcacfb78c0fe4dea7e74347ebc0147d.jpg 1920w","sizes":"auto, (max-width: 819px) 100vw, 819px"},{"type":"paragraph","text":"El trofeu conquerit pel Villarreal CF la temporada passada estar\u00e0 en la Universitat Jaume I el 13 i 14 de gener"},{"type":"paragraph","text":"Vine a veure el trofeu de l\u2019Europa League a l\u2019UJI! El pr\u00f2xim dijous 13 de gener estar\u00e0 exposat, a partir de les 10.00 hores i fins a les 20.00 hores, aix\u00ed com el divendres 14 de gener fins al migdia, a la sala d\u2019entrada de les instal\u00b7lacions al aire lliure del Servei d\u2019Esports, el premi que acredita al Submar\u00ed com a campi\u00f3 de la Europa League. Gr\u00e0cies a aquesta iniciativa, tots els interessats podran anar a la ubicaci\u00f3 mencionada per presenciar el trofeu i fer-se una foto."},{"type":"paragraph","text":"No pergues aquesta gran oportunitat!"}]}},"sections":[{"id":"section-1","title":"","text":"El trofeu conquerit pel Villarreal CF la temporada passada estar\u00e0 en la Universitat Jaume I el 13 i 14 de gener Vine a veure el trofeu de l\u2019Europa League a l\u2019UJI! El pr\u00f2xim dijous 13 de gener estar\u00e0 exposat, a partir de les 10.00 hores i fins a les 20.00 hores, aix\u00ed com el divendres 14 de gener fins al migdia, a la sala d\u2019entrada de les instal\u00b7lacions al aire lliure del Servei d\u2019Esports, el premi que acredita al Submar\u00ed com a campi\u00f3 de la Europa League. Gr\u00e0cies a aquesta iniciativa, tots els interessats podran anar a la ubicaci\u00f3 mencionada per presenciar el trofeu i fer-se una foto. No pergues aquesta gran oportunitat!","url":"","background_image":"","images":[{"type":"image","url":"https:\/\/villarrealcf.es\/\/wp-content\/uploads\/2022\/01\/7fcacfb78c0fe4dea7e74347ebc0147d.jpg","alt":"||||","width":819,"height":460,"srcset":"https:\/\/villarrealcf.es\/wp-content\/uploads\/2022\/01\/7fcacfb78c0fe4dea7e74347ebc0147d.jpg 819w, https:\/\/villarrealcf.es\/\/wp-content\/uploads\/2022\/01\/7fcacfb78c0fe4dea7e74347ebc0147d.jpg 1920w, https:\/\/villarrealcf.es\/\/wp-content\/uploads\/2022\/01\/7fcacfb78c0fe4dea7e74347ebc0147d.jpg 1920w, https:\/\/villarrealcf.es\/\/wp-content\/uploads\/2022\/01\/7fcacfb78c0fe4dea7e74347ebc0147d.jpg 1920w, https:\/\/villarrealcf.es\/wp-content\/uploads\/2022\/01\/7fcacfb78c0fe4dea7e74347ebc0147d-32x18.jpg 32w, https:\/\/villarrealcf.es\/wp-content\/uploads\/2022\/01\/7fcacfb78c0fe4dea7e74347ebc0147d-150x84.jpg 150w, https:\/\/villarrealcf.es\/\/wp-content\/uploads\/2022\/01\/7fcacfb78c0fe4dea7e74347ebc0147d.jpg 1920w","sizes":"auto, (max-width: 819px) 100vw, 819px"}],"videos":[],"links":[]},{"id":"shortcode-caption-69ee0317bcb18","type":"shortcode","shortcode":"caption","attributes":{"id":"attachment_178621","align":"alignnone","width":""},"title":"Caption","rendered":"","data":[],"text":"","url":"","background_image":"","images":[],"videos":[],"links":[],"blocks":[]}]},"excerpt":{"rendered":"El trofeu conquerit pel Villarreal CF la temporada passada estar\u00e0 en la Universitat Jaume I el 13 i 14 de gener","protected":false},"author":1,"featured_media":178621,"comment_status":"","ping_status":"","sticky":false,"template":"","format":"standard","meta":{"_acf_changed":false,"footnotes":""},"categories":[13509],"tags":[12554,12556,11081,9242,9294,9561,9270,9205,9627,9494,9203],"acf":null,"lang":"val","translations":{"val":222531},"essential_grid":{"has_grid":false},"formatted_date":"January 10, 2022","modified_date":"January 10, 2022","permalink":"https:\/\/villarrealcf.es\/val\/l-europa-league-arriba-a-l-uji\/","reading_time":1,"featured_media_data":{"id":178621,"title":"||||","caption":"||||","alt_text":"","description":"","mime_type":"image\/jpeg","source_url":"https:\/\/villarrealcf.es\/wp-content\/uploads\/2022\/01\/7fcacfb78c0fe4dea7e74347ebc0147d.jpg","sizes":{"thumbnail":{"url":"https:\/\/villarrealcf.es\/wp-content\/uploads\/2022\/01\/7fcacfb78c0fe4dea7e74347ebc0147d-150x150.jpg","width":150,"height":150},"medium":{"url":"https:\/\/villarrealcf.es\/wp-content\/uploads\/2022\/01\/7fcacfb78c0fe4dea7e74347ebc0147d-300x168.jpg","width":300,"height":168},"medium_large":{"url":"https:\/\/villarrealcf.es\/wp-content\/uploads\/2022\/01\/7fcacfb78c0fe4dea7e74347ebc0147d-768x431.jpg","width":768,"height":431},"large":{"url":"https:\/\/villarrealcf.es\/wp-content\/uploads\/2022\/01\/7fcacfb78c0fe4dea7e74347ebc0147d.jpg","width":788,"height":443},"1536x1536":{"url":"https:\/\/villarrealcf.es\/wp-content\/uploads\/2022\/01\/7fcacfb78c0fe4dea7e74347ebc0147d.jpg","width":819,"height":460},"2048x2048":{"url":"https:\/\/villarrealcf.es\/wp-content\/uploads\/2022\/01\/7fcacfb78c0fe4dea7e74347ebc0147d.jpg","width":819,"height":460},"tp-image-grid":{"url":"https:\/\/villarrealcf.es\/wp-content\/uploads\/2022\/01\/7fcacfb78c0fe4dea7e74347ebc0147d-700x460.jpg","width":700,"height":460},"size-bunyad-medium":{"url":"https:\/\/villarrealcf.es\/wp-content\/uploads\/2022\/01\/7fcacfb78c0fe4dea7e74347ebc0147d.jpg","width":819,"height":460},"sportspress-crop-medium":{"url":"https:\/\/villarrealcf.es\/wp-content\/uploads\/2022\/01\/7fcacfb78c0fe4dea7e74347ebc0147d-300x300.jpg","width":300,"height":300},"sportspress-fit-medium":{"url":"https:\/\/villarrealcf.es\/wp-content\/uploads\/2022\/01\/7fcacfb78c0fe4dea7e74347ebc0147d-300x168.jpg","width":300,"height":168},"sportspress-fit-icon":{"url":"https:\/\/villarrealcf.es\/wp-content\/uploads\/2022\/01\/7fcacfb78c0fe4dea7e74347ebc0147d-128x72.jpg","width":128,"height":72},"sportspress-fit-mini":{"url":"https:\/\/villarrealcf.es\/wp-content\/uploads\/2022\/01\/7fcacfb78c0fe4dea7e74347ebc0147d-32x18.jpg","width":32,"height":18},"bunyad-small":{"url":"https:\/\/villarrealcf.es\/wp-content\/uploads\/2022\/01\/7fcacfb78c0fe4dea7e74347ebc0147d-150x84.jpg","width":150,"height":84},"bunyad-medium":{"url":"https:\/\/villarrealcf.es\/wp-content\/uploads\/2022\/01\/7fcacfb78c0fe4dea7e74347ebc0147d-450x253.jpg","width":450,"height":253},"bunyad-full":{"url":"https:\/\/villarrealcf.es\/wp-content\/uploads\/2022\/01\/7fcacfb78c0fe4dea7e74347ebc0147d.jpg","width":819,"height":460},"bunyad-viewport":{"url":"https:\/\/villarrealcf.es\/wp-content\/uploads\/2022\/01\/7fcacfb78c0fe4dea7e74347ebc0147d.jpg","width":819,"height":460},"bunyad-768":{"url":"https:\/\/villarrealcf.es\/wp-content\/uploads\/2022\/01\/7fcacfb78c0fe4dea7e74347ebc0147d-768x431.jpg","width":768,"height":431},"full":{"url":"https:\/\/villarrealcf.es\/wp-content\/uploads\/2022\/01\/7fcacfb78c0fe4dea7e74347ebc0147d.jpg","width":819,"height":460}}},"author_data":{"id":"1","name":"root_envidea","first_name":"Villarreal CF","last_name":"","description":"","avatar_url":"https:\/\/secure.gravatar.com\/avatar\/48f95f42a3ccc324f3a3458e4b9e6fb070b083e99d388e170c1afb061fa99b63?s=96&d=mm&r=g","acf":null},"taxonomies_data":{"category":[{"id":13509,"name":"Endavant","slug":"endavant-val","acf":null}],"post_tag":[{"id":12554,"name":"#Football","slug":"football-val","acf":null},{"id":12556,"name":"#Soccer","slug":"soccer-val","acf":null},{"id":11081,"name":"C\u00e1tedra Endavant del Deporte","slug":"catedra-endavant-del-deporte-val","acf":null},{"id":9242,"name":"Endavant","slug":"endavant-val-2","acf":null},{"id":9294,"name":"Endavant Esports","slug":"endavant-esports-val-2","acf":null},{"id":9561,"name":"Europa League","slug":"europa-league-val","acf":null},{"id":9270,"name":"Futbol","slug":"futbol-val","acf":null},{"id":9205,"name":"Submarino","slug":"submarino-val","acf":null},{"id":9627,"name":"Submarino Amarillo","slug":"submarino-amarillo-val","acf":null},{"id":9494,"name":"UJI","slug":"uji-val","acf":null},{"id":9203,"name":"Villarreal CF","slug":"villarreal-cf-val","acf":null}],"translation_priority":[{"id":735,"name":"Optional","slug":"optional-val","acf":null}]},"seo_full":{"native":{"title":"L&#8217;Europa League arriba a l&#8217;UJI! - Web Oficial del Villarreal CF","description":"[caption id=\"attachment_178621\" align=\"alignnone\" width=\"\"]||||[\/caption]El trofeu conquerit pel Villarreal CF la temporada passada estar\u00e0 en la Universitat Jaume I el 13&hellip;","canonical":"https:\/\/villarrealcf.es\/val\/l-europa-league-arriba-a-l-uji\/"}},"_links":{"self":[{"href":"https:\/\/villarrealcf.es\/val\/wp-json\/wp\/v2\/posts\/222531","targetHints":{"allow":["GET"]}}],"collection":[{"href":"https:\/\/villarrealcf.es\/val\/wp-json\/wp\/v2\/posts"}],"about":[{"href":"https:\/\/villarrealcf.es\/val\/wp-json\/wp\/v2\/types\/post"}],"author":[{"embeddable":true,"href":"https:\/\/villarrealcf.es\/val\/wp-json\/wp\/v2\/users\/1"}],"replies":[{"embeddable":true,"href":"https:\/\/villarrealcf.es\/val\/wp-json\/wp\/v2\/comments?post=222531"}],"version-history":[{"count":0,"href":"https:\/\/villarrealcf.es\/val\/wp-json\/wp\/v2\/posts\/222531\/revisions"}],"wp:featuredmedia":[{"embeddable":true,"href":"https:\/\/villarrealcf.es\/val\/wp-json\/wp\/v2\/media\/178621"}],"wp:attachment":[{"href":"https:\/\/villarrealcf.es\/val\/wp-json\/wp\/v2\/media?parent=222531"}],"wp:term":[{"taxonomy":"category","embeddable":true,"href":"https:\/\/villarrealcf.es\/val\/wp-json\/wp\/v2\/categories?post=222531"},{"taxonomy":"post_tag","embeddable":true,"href":"https:\/\/villarrealcf.es\/val\/wp-json\/wp\/v2\/tags?post=222531"}],"curies":[{"name":"wp","href":"https:\/\/api.w.org\/{rel}","templated":true}]}}