{"id":222509,"date":"2022-01-05T11:08:34","date_gmt":"2022-01-05T10:08:34","guid":{"rendered":"https:\/\/villarrealcf.es\/\/pasqual-riera-actuara-en-el-groc-talent-2\/"},"modified":"2022-01-05T11:08:34","modified_gmt":"2022-01-05T10:08:34","slug":"pasqual-riera-actuara-en-el-groc-talent-2","status":"publish","type":"post","link":"https:\/\/villarrealcf.es\/val\/pasqual-riera-actuara-en-el-groc-talent-2\/","title":{"rendered":"Pasqual Riera actuar\u00e0 en el Groc Talent!"},"content":{"protected":false,"blocks":[{"type":"image","url":"https:\/\/villarrealcf.es\/\/wp-content\/uploads\/2022\/01\/567f7d17ee4c65aa63e74fa0a12530b7.jpg","alt":"||||","width":819,"height":460,"srcset":"https:\/\/villarrealcf.es\/wp-content\/uploads\/2022\/01\/567f7d17ee4c65aa63e74fa0a12530b7.jpg 819w, https:\/\/villarrealcf.es\/\/wp-content\/uploads\/2022\/01\/567f7d17ee4c65aa63e74fa0a12530b7.jpg 1920w, https:\/\/villarrealcf.es\/\/wp-content\/uploads\/2022\/01\/567f7d17ee4c65aa63e74fa0a12530b7.jpg 1920w, https:\/\/villarrealcf.es\/\/wp-content\/uploads\/2022\/01\/567f7d17ee4c65aa63e74fa0a12530b7.jpg 1920w, https:\/\/villarrealcf.es\/wp-content\/uploads\/2022\/01\/567f7d17ee4c65aa63e74fa0a12530b7-32x18.jpg 32w, https:\/\/villarrealcf.es\/wp-content\/uploads\/2022\/01\/567f7d17ee4c65aa63e74fa0a12530b7-150x84.jpg 150w, https:\/\/villarrealcf.es\/\/wp-content\/uploads\/2022\/01\/567f7d17ee4c65aa63e74fa0a12530b7.jpg 1920w","sizes":"auto, (max-width: 819px) 100vw, 819px"},{"type":"paragraph","text":"El jove artista pop protagonitzar\u00e0 la seg\u00fcent actuaci\u00f3 del concurs musical en la Fan Zone de l\u2019Estadi de la Cer\u00e0mica pr\u00e8via al partit enfront del Atl\u00e8tico de Madrid (diumenge, 21.00h)"},{"type":"paragraph","text":"Gaudeix de la m\u00fasica de Pasqual Riera en la pr\u00e8via del max contra els blanc-i-vermells! Diumenge que ve, a partir de les 20.00 hores, el jove cantautor de la prov\u00edncia castellonenca ser\u00e0 el protagonista de la jornada en el concurs musical Groc Talent actuant en la Fan Zone de l\u2019Estadi de la Cer\u00e0mica."},{"type":"paragraph","text":"La vida de Pasqual Riera ha estat vinculada des de ben xicotet al m\u00f3n de la m\u00fasica, l\u2019harmonia i el ritme. El seu amor per la m\u00fasica li ha portat a llan\u00e7ar-se a aquest m\u00f3n en solitari despr\u00e9s d\u2019haver sigut, durant tres anys, vocalista principal d\u2019una orquestra."},{"type":"paragraph","text":"Autor de can\u00e7ons com \u2018Cero\u2019 o \u2018Te sigo\u2019, el cantant jove, autodidacta i independent cerca fer-se un buit en el panorama musical actual a trav\u00e9s del seu estil pop de lletres contagioses i sinceres amb el qual barallar\u00e0 per fer-se buit en la final d\u2019un concurs, el Groc Talent, que ofereix l\u2019oportunitat a grups i cantants com Pasqual Riera d\u2019actuar en la pr\u00f2xima edici\u00f3 del Sansan Festival."},{"type":"paragraph","text":"No et perdes l\u2019actuaci\u00f3 de Pasqual Riera diumenge que ve a partir de les 20.00 hores!"}],"structured":{"summary":{"text":"El jove artista pop protagonitzar\u00e0 la seg\u00fcent actuaci\u00f3 del concurs musical en la Fan Zone de l\u2019Estadi de la Cer\u00e0mica pr\u00e8via al partit enfront del Atl\u00e8tico de Madrid (diumenge, 21.00h) Gaudeix de la m\u00fasica de Pasqual Riera en la pr\u00e8via del max contra els blanc-i-vermells! Diumenge que ve, a partir de les 20.00 hores, el jove cantautor de la prov\u00edncia castellonenca ser\u00e0 el protagonista de la jornada en el concurs musical Groc Talent actuant en la Fan Zone de l\u2019Estadi de la Cer\u00e0mica. La vida de Pasqual Riera ha estat vinculada des de ben xicotet al m\u00f3n de la m\u00fasica, l\u2019harmonia i el ritme. El seu amor per la m\u00fasica li ha portat a llan\u00e7ar-se a aquest m\u00f3n en solitari despr\u00e9s d\u2019haver sigut, durant tres anys, vocalista principal d\u2019una orquestra. Autor de can\u00e7ons com \u2018Cero\u2019 o \u2018Te sigo\u2019, el cantant jove, autodidacta i independent cerca fer-se un buit en el panorama musical actual a trav\u00e9s del seu estil pop de lletres contagioses i sinceres amb el qual barallar\u00e0 per fer-se buit en la final d\u2019un concurs, el Groc Talent, que ofereix l\u2019oportunitat a grups i cantants com Pasqual Riera d\u2019actuar en la pr\u00f2xima edici\u00f3 del Sansan Festival. No et perdes l\u2019actuaci\u00f3 de Pasqual Riera diumenge que ve a partir de les 20.00 hores!","headings":[],"buttons":[],"images":[{"type":"image","url":"https:\/\/villarrealcf.es\/\/wp-content\/uploads\/2022\/01\/567f7d17ee4c65aa63e74fa0a12530b7.jpg","alt":"||||","width":819,"height":460,"srcset":"https:\/\/villarrealcf.es\/wp-content\/uploads\/2022\/01\/567f7d17ee4c65aa63e74fa0a12530b7.jpg 819w, https:\/\/villarrealcf.es\/\/wp-content\/uploads\/2022\/01\/567f7d17ee4c65aa63e74fa0a12530b7.jpg 1920w, https:\/\/villarrealcf.es\/\/wp-content\/uploads\/2022\/01\/567f7d17ee4c65aa63e74fa0a12530b7.jpg 1920w, https:\/\/villarrealcf.es\/\/wp-content\/uploads\/2022\/01\/567f7d17ee4c65aa63e74fa0a12530b7.jpg 1920w, https:\/\/villarrealcf.es\/wp-content\/uploads\/2022\/01\/567f7d17ee4c65aa63e74fa0a12530b7-32x18.jpg 32w, https:\/\/villarrealcf.es\/wp-content\/uploads\/2022\/01\/567f7d17ee4c65aa63e74fa0a12530b7-150x84.jpg 150w, https:\/\/villarrealcf.es\/\/wp-content\/uploads\/2022\/01\/567f7d17ee4c65aa63e74fa0a12530b7.jpg 1920w","sizes":"auto, (max-width: 819px) 100vw, 819px"}],"counts":{"blocks":6,"headings":0,"texts":5,"buttons":0,"images":1}},"sections":[{"id":"section-1","title":"","text":"El jove artista pop protagonitzar\u00e0 la seg\u00fcent actuaci\u00f3 del concurs musical en la Fan Zone de l\u2019Estadi de la Cer\u00e0mica pr\u00e8via al partit enfront del Atl\u00e8tico de Madrid (diumenge, 21.00h) Gaudeix de la m\u00fasica de Pasqual Riera en la pr\u00e8via del max contra els blanc-i-vermells! Diumenge que ve, a partir de les 20.00 hores, el jove cantautor de la prov\u00edncia castellonenca ser\u00e0 el protagonista de la jornada en el concurs musical Groc Talent actuant en la Fan Zone de l\u2019Estadi de la Cer\u00e0mica. La vida de Pasqual Riera ha estat vinculada des de ben xicotet al m\u00f3n de la m\u00fasica, l\u2019harmonia i el ritme. El seu amor per la m\u00fasica li ha portat a llan\u00e7ar-se a aquest m\u00f3n en solitari despr\u00e9s d\u2019haver sigut, durant tres anys, vocalista principal d\u2019una orquestra. Autor de can\u00e7ons com \u2018Cero\u2019 o \u2018Te sigo\u2019, el cantant jove, autodidacta i independent cerca fer-se un buit en el panorama musical actual a trav\u00e9s del seu estil pop de lletres contagioses i sinceres amb el qual barallar\u00e0 per fer-se buit en la final d\u2019un concurs, el Groc Talent, que ofereix l\u2019oportunitat a grups i cantants com Pasqual Riera d\u2019actuar en la pr\u00f2xima edici\u00f3 del Sansan Festival. No et perdes l\u2019actuaci\u00f3 de Pasqual Riera diumenge que ve a partir de les 20.00 hores!","headings":[],"texts":[{"type":"paragraph","text":"El jove artista pop protagonitzar\u00e0 la seg\u00fcent actuaci\u00f3 del concurs musical en la Fan Zone de l\u2019Estadi de la Cer\u00e0mica pr\u00e8via al partit enfront del Atl\u00e8tico de Madrid (diumenge, 21.00h)"},{"type":"paragraph","text":"Gaudeix de la m\u00fasica de Pasqual Riera en la pr\u00e8via del max contra els blanc-i-vermells! Diumenge que ve, a partir de les 20.00 hores, el jove cantautor de la prov\u00edncia castellonenca ser\u00e0 el protagonista de la jornada en el concurs musical Groc Talent actuant en la Fan Zone de l\u2019Estadi de la Cer\u00e0mica."},{"type":"paragraph","text":"La vida de Pasqual Riera ha estat vinculada des de ben xicotet al m\u00f3n de la m\u00fasica, l\u2019harmonia i el ritme. El seu amor per la m\u00fasica li ha portat a llan\u00e7ar-se a aquest m\u00f3n en solitari despr\u00e9s d\u2019haver sigut, durant tres anys, vocalista principal d\u2019una orquestra."},{"type":"paragraph","text":"Autor de can\u00e7ons com \u2018Cero\u2019 o \u2018Te sigo\u2019, el cantant jove, autodidacta i independent cerca fer-se un buit en el panorama musical actual a trav\u00e9s del seu estil pop de lletres contagioses i sinceres amb el qual barallar\u00e0 per fer-se buit en la final d\u2019un concurs, el Groc Talent, que ofereix l\u2019oportunitat a grups i cantants com Pasqual Riera d\u2019actuar en la pr\u00f2xima edici\u00f3 del Sansan Festival."},{"type":"paragraph","text":"No et perdes l\u2019actuaci\u00f3 de Pasqual Riera diumenge que ve a partir de les 20.00 hores!"}],"buttons":[],"images":[{"type":"image","url":"https:\/\/villarrealcf.es\/\/wp-content\/uploads\/2022\/01\/567f7d17ee4c65aa63e74fa0a12530b7.jpg","alt":"||||","width":819,"height":460,"srcset":"https:\/\/villarrealcf.es\/wp-content\/uploads\/2022\/01\/567f7d17ee4c65aa63e74fa0a12530b7.jpg 819w, https:\/\/villarrealcf.es\/\/wp-content\/uploads\/2022\/01\/567f7d17ee4c65aa63e74fa0a12530b7.jpg 1920w, https:\/\/villarrealcf.es\/\/wp-content\/uploads\/2022\/01\/567f7d17ee4c65aa63e74fa0a12530b7.jpg 1920w, https:\/\/villarrealcf.es\/\/wp-content\/uploads\/2022\/01\/567f7d17ee4c65aa63e74fa0a12530b7.jpg 1920w, https:\/\/villarrealcf.es\/wp-content\/uploads\/2022\/01\/567f7d17ee4c65aa63e74fa0a12530b7-32x18.jpg 32w, https:\/\/villarrealcf.es\/wp-content\/uploads\/2022\/01\/567f7d17ee4c65aa63e74fa0a12530b7-150x84.jpg 150w, https:\/\/villarrealcf.es\/\/wp-content\/uploads\/2022\/01\/567f7d17ee4c65aa63e74fa0a12530b7.jpg 1920w","sizes":"auto, (max-width: 819px) 100vw, 819px"}],"widgets":[],"blocks":[{"type":"image","url":"https:\/\/villarrealcf.es\/\/wp-content\/uploads\/2022\/01\/567f7d17ee4c65aa63e74fa0a12530b7.jpg","alt":"||||","width":819,"height":460,"srcset":"https:\/\/villarrealcf.es\/wp-content\/uploads\/2022\/01\/567f7d17ee4c65aa63e74fa0a12530b7.jpg 819w, https:\/\/villarrealcf.es\/\/wp-content\/uploads\/2022\/01\/567f7d17ee4c65aa63e74fa0a12530b7.jpg 1920w, https:\/\/villarrealcf.es\/\/wp-content\/uploads\/2022\/01\/567f7d17ee4c65aa63e74fa0a12530b7.jpg 1920w, https:\/\/villarrealcf.es\/\/wp-content\/uploads\/2022\/01\/567f7d17ee4c65aa63e74fa0a12530b7.jpg 1920w, https:\/\/villarrealcf.es\/wp-content\/uploads\/2022\/01\/567f7d17ee4c65aa63e74fa0a12530b7-32x18.jpg 32w, https:\/\/villarrealcf.es\/wp-content\/uploads\/2022\/01\/567f7d17ee4c65aa63e74fa0a12530b7-150x84.jpg 150w, https:\/\/villarrealcf.es\/\/wp-content\/uploads\/2022\/01\/567f7d17ee4c65aa63e74fa0a12530b7.jpg 1920w","sizes":"auto, (max-width: 819px) 100vw, 819px"},{"type":"paragraph","text":"El jove artista pop protagonitzar\u00e0 la seg\u00fcent actuaci\u00f3 del concurs musical en la Fan Zone de l\u2019Estadi de la Cer\u00e0mica pr\u00e8via al partit enfront del Atl\u00e8tico de Madrid (diumenge, 21.00h)"},{"type":"paragraph","text":"Gaudeix de la m\u00fasica de Pasqual Riera en la pr\u00e8via del max contra els blanc-i-vermells! Diumenge que ve, a partir de les 20.00 hores, el jove cantautor de la prov\u00edncia castellonenca ser\u00e0 el protagonista de la jornada en el concurs musical Groc Talent actuant en la Fan Zone de l\u2019Estadi de la Cer\u00e0mica."},{"type":"paragraph","text":"La vida de Pasqual Riera ha estat vinculada des de ben xicotet al m\u00f3n de la m\u00fasica, l\u2019harmonia i el ritme. El seu amor per la m\u00fasica li ha portat a llan\u00e7ar-se a aquest m\u00f3n en solitari despr\u00e9s d\u2019haver sigut, durant tres anys, vocalista principal d\u2019una orquestra."},{"type":"paragraph","text":"Autor de can\u00e7ons com \u2018Cero\u2019 o \u2018Te sigo\u2019, el cantant jove, autodidacta i independent cerca fer-se un buit en el panorama musical actual a trav\u00e9s del seu estil pop de lletres contagioses i sinceres amb el qual barallar\u00e0 per fer-se buit en la final d\u2019un concurs, el Groc Talent, que ofereix l\u2019oportunitat a grups i cantants com Pasqual Riera d\u2019actuar en la pr\u00f2xima edici\u00f3 del Sansan Festival."},{"type":"paragraph","text":"No et perdes l\u2019actuaci\u00f3 de Pasqual Riera diumenge que ve a partir de les 20.00 hores!"}]}],"hero":{"id":"section-1","title":"","text":"El jove artista pop protagonitzar\u00e0 la seg\u00fcent actuaci\u00f3 del concurs musical en la Fan Zone de l\u2019Estadi de la Cer\u00e0mica pr\u00e8via al partit enfront del Atl\u00e8tico de Madrid (diumenge, 21.00h) Gaudeix de la m\u00fasica de Pasqual Riera en la pr\u00e8via del max contra els blanc-i-vermells! Diumenge que ve, a partir de les 20.00 hores, el jove cantautor de la prov\u00edncia castellonenca ser\u00e0 el protagonista de la jornada en el concurs musical Groc Talent actuant en la Fan Zone de l\u2019Estadi de la Cer\u00e0mica. La vida de Pasqual Riera ha estat vinculada des de ben xicotet al m\u00f3n de la m\u00fasica, l\u2019harmonia i el ritme. El seu amor per la m\u00fasica li ha portat a llan\u00e7ar-se a aquest m\u00f3n en solitari despr\u00e9s d\u2019haver sigut, durant tres anys, vocalista principal d\u2019una orquestra. Autor de can\u00e7ons com \u2018Cero\u2019 o \u2018Te sigo\u2019, el cantant jove, autodidacta i independent cerca fer-se un buit en el panorama musical actual a trav\u00e9s del seu estil pop de lletres contagioses i sinceres amb el qual barallar\u00e0 per fer-se buit en la final d\u2019un concurs, el Groc Talent, que ofereix l\u2019oportunitat a grups i cantants com Pasqual Riera d\u2019actuar en la pr\u00f2xima edici\u00f3 del Sansan Festival. No et perdes l\u2019actuaci\u00f3 de Pasqual Riera diumenge que ve a partir de les 20.00 hores!","headings":[],"texts":[{"type":"paragraph","text":"El jove artista pop protagonitzar\u00e0 la seg\u00fcent actuaci\u00f3 del concurs musical en la Fan Zone de l\u2019Estadi de la Cer\u00e0mica pr\u00e8via al partit enfront del Atl\u00e8tico de Madrid (diumenge, 21.00h)"},{"type":"paragraph","text":"Gaudeix de la m\u00fasica de Pasqual Riera en la pr\u00e8via del max contra els blanc-i-vermells! Diumenge que ve, a partir de les 20.00 hores, el jove cantautor de la prov\u00edncia castellonenca ser\u00e0 el protagonista de la jornada en el concurs musical Groc Talent actuant en la Fan Zone de l\u2019Estadi de la Cer\u00e0mica."},{"type":"paragraph","text":"La vida de Pasqual Riera ha estat vinculada des de ben xicotet al m\u00f3n de la m\u00fasica, l\u2019harmonia i el ritme. El seu amor per la m\u00fasica li ha portat a llan\u00e7ar-se a aquest m\u00f3n en solitari despr\u00e9s d\u2019haver sigut, durant tres anys, vocalista principal d\u2019una orquestra."},{"type":"paragraph","text":"Autor de can\u00e7ons com \u2018Cero\u2019 o \u2018Te sigo\u2019, el cantant jove, autodidacta i independent cerca fer-se un buit en el panorama musical actual a trav\u00e9s del seu estil pop de lletres contagioses i sinceres amb el qual barallar\u00e0 per fer-se buit en la final d\u2019un concurs, el Groc Talent, que ofereix l\u2019oportunitat a grups i cantants com Pasqual Riera d\u2019actuar en la pr\u00f2xima edici\u00f3 del Sansan Festival."},{"type":"paragraph","text":"No et perdes l\u2019actuaci\u00f3 de Pasqual Riera diumenge que ve a partir de les 20.00 hores!"}],"buttons":[],"images":[{"type":"image","url":"https:\/\/villarrealcf.es\/\/wp-content\/uploads\/2022\/01\/567f7d17ee4c65aa63e74fa0a12530b7.jpg","alt":"||||","width":819,"height":460,"srcset":"https:\/\/villarrealcf.es\/wp-content\/uploads\/2022\/01\/567f7d17ee4c65aa63e74fa0a12530b7.jpg 819w, https:\/\/villarrealcf.es\/\/wp-content\/uploads\/2022\/01\/567f7d17ee4c65aa63e74fa0a12530b7.jpg 1920w, https:\/\/villarrealcf.es\/\/wp-content\/uploads\/2022\/01\/567f7d17ee4c65aa63e74fa0a12530b7.jpg 1920w, https:\/\/villarrealcf.es\/\/wp-content\/uploads\/2022\/01\/567f7d17ee4c65aa63e74fa0a12530b7.jpg 1920w, https:\/\/villarrealcf.es\/wp-content\/uploads\/2022\/01\/567f7d17ee4c65aa63e74fa0a12530b7-32x18.jpg 32w, https:\/\/villarrealcf.es\/wp-content\/uploads\/2022\/01\/567f7d17ee4c65aa63e74fa0a12530b7-150x84.jpg 150w, https:\/\/villarrealcf.es\/\/wp-content\/uploads\/2022\/01\/567f7d17ee4c65aa63e74fa0a12530b7.jpg 1920w","sizes":"auto, (max-width: 819px) 100vw, 819px"}],"widgets":[],"blocks":[{"type":"image","url":"https:\/\/villarrealcf.es\/\/wp-content\/uploads\/2022\/01\/567f7d17ee4c65aa63e74fa0a12530b7.jpg","alt":"||||","width":819,"height":460,"srcset":"https:\/\/villarrealcf.es\/wp-content\/uploads\/2022\/01\/567f7d17ee4c65aa63e74fa0a12530b7.jpg 819w, https:\/\/villarrealcf.es\/\/wp-content\/uploads\/2022\/01\/567f7d17ee4c65aa63e74fa0a12530b7.jpg 1920w, https:\/\/villarrealcf.es\/\/wp-content\/uploads\/2022\/01\/567f7d17ee4c65aa63e74fa0a12530b7.jpg 1920w, https:\/\/villarrealcf.es\/\/wp-content\/uploads\/2022\/01\/567f7d17ee4c65aa63e74fa0a12530b7.jpg 1920w, https:\/\/villarrealcf.es\/wp-content\/uploads\/2022\/01\/567f7d17ee4c65aa63e74fa0a12530b7-32x18.jpg 32w, https:\/\/villarrealcf.es\/wp-content\/uploads\/2022\/01\/567f7d17ee4c65aa63e74fa0a12530b7-150x84.jpg 150w, https:\/\/villarrealcf.es\/\/wp-content\/uploads\/2022\/01\/567f7d17ee4c65aa63e74fa0a12530b7.jpg 1920w","sizes":"auto, (max-width: 819px) 100vw, 819px"},{"type":"paragraph","text":"El jove artista pop protagonitzar\u00e0 la seg\u00fcent actuaci\u00f3 del concurs musical en la Fan Zone de l\u2019Estadi de la Cer\u00e0mica pr\u00e8via al partit enfront del Atl\u00e8tico de Madrid (diumenge, 21.00h)"},{"type":"paragraph","text":"Gaudeix de la m\u00fasica de Pasqual Riera en la pr\u00e8via del max contra els blanc-i-vermells! Diumenge que ve, a partir de les 20.00 hores, el jove cantautor de la prov\u00edncia castellonenca ser\u00e0 el protagonista de la jornada en el concurs musical Groc Talent actuant en la Fan Zone de l\u2019Estadi de la Cer\u00e0mica."},{"type":"paragraph","text":"La vida de Pasqual Riera ha estat vinculada des de ben xicotet al m\u00f3n de la m\u00fasica, l\u2019harmonia i el ritme. El seu amor per la m\u00fasica li ha portat a llan\u00e7ar-se a aquest m\u00f3n en solitari despr\u00e9s d\u2019haver sigut, durant tres anys, vocalista principal d\u2019una orquestra."},{"type":"paragraph","text":"Autor de can\u00e7ons com \u2018Cero\u2019 o \u2018Te sigo\u2019, el cantant jove, autodidacta i independent cerca fer-se un buit en el panorama musical actual a trav\u00e9s del seu estil pop de lletres contagioses i sinceres amb el qual barallar\u00e0 per fer-se buit en la final d\u2019un concurs, el Groc Talent, que ofereix l\u2019oportunitat a grups i cantants com Pasqual Riera d\u2019actuar en la pr\u00f2xima edici\u00f3 del Sansan Festival."},{"type":"paragraph","text":"No et perdes l\u2019actuaci\u00f3 de Pasqual Riera diumenge que ve a partir de les 20.00 hores!"}]}},"sections":[{"id":"section-1","title":"","text":"El jove artista pop protagonitzar\u00e0 la seg\u00fcent actuaci\u00f3 del concurs musical en la Fan Zone de l\u2019Estadi de la Cer\u00e0mica pr\u00e8via al partit enfront del Atl\u00e8tico de Madrid (diumenge, 21.00h) Gaudeix de la m\u00fasica de Pasqual Riera en la pr\u00e8via del max contra els blanc-i-vermells! Diumenge que ve, a partir de les 20.00 hores, el jove cantautor de la prov\u00edncia castellonenca ser\u00e0 el protagonista de la jornada en el concurs musical Groc Talent actuant en la Fan Zone de l\u2019Estadi de la Cer\u00e0mica. La vida de Pasqual Riera ha estat vinculada des de ben xicotet al m\u00f3n de la m\u00fasica, l\u2019harmonia i el ritme. El seu amor per la m\u00fasica li ha portat a llan\u00e7ar-se a aquest m\u00f3n en solitari despr\u00e9s d\u2019haver sigut, durant tres anys, vocalista principal d\u2019una orquestra. Autor de can\u00e7ons com \u2018Cero\u2019 o \u2018Te sigo\u2019, el cantant jove, autodidacta i independent cerca fer-se un buit en el panorama musical actual a trav\u00e9s del seu estil pop de lletres contagioses i sinceres amb el qual barallar\u00e0 per fer-se buit en la final d\u2019un concurs, el Groc Talent, que ofereix l\u2019oportunitat a grups i cantants com Pasqual Riera d\u2019actuar en la pr\u00f2xima edici\u00f3 del Sansan Festival. No et perdes l\u2019actuaci\u00f3 de Pasqual Riera diumenge que ve a partir de les 20.00 hores!","url":"","background_image":"","images":[{"type":"image","url":"https:\/\/villarrealcf.es\/\/wp-content\/uploads\/2022\/01\/567f7d17ee4c65aa63e74fa0a12530b7.jpg","alt":"||||","width":819,"height":460,"srcset":"https:\/\/villarrealcf.es\/wp-content\/uploads\/2022\/01\/567f7d17ee4c65aa63e74fa0a12530b7.jpg 819w, https:\/\/villarrealcf.es\/\/wp-content\/uploads\/2022\/01\/567f7d17ee4c65aa63e74fa0a12530b7.jpg 1920w, https:\/\/villarrealcf.es\/\/wp-content\/uploads\/2022\/01\/567f7d17ee4c65aa63e74fa0a12530b7.jpg 1920w, https:\/\/villarrealcf.es\/\/wp-content\/uploads\/2022\/01\/567f7d17ee4c65aa63e74fa0a12530b7.jpg 1920w, https:\/\/villarrealcf.es\/wp-content\/uploads\/2022\/01\/567f7d17ee4c65aa63e74fa0a12530b7-32x18.jpg 32w, https:\/\/villarrealcf.es\/wp-content\/uploads\/2022\/01\/567f7d17ee4c65aa63e74fa0a12530b7-150x84.jpg 150w, https:\/\/villarrealcf.es\/\/wp-content\/uploads\/2022\/01\/567f7d17ee4c65aa63e74fa0a12530b7.jpg 1920w","sizes":"auto, (max-width: 819px) 100vw, 819px"}],"videos":[],"links":[]},{"id":"shortcode-caption-69edeea2c40cb","type":"shortcode","shortcode":"caption","attributes":{"id":"attachment_178533","align":"alignnone","width":""},"title":"Caption","rendered":"","data":[],"text":"","url":"","background_image":"","images":[],"videos":[],"links":[],"blocks":[]}]},"excerpt":{"rendered":"El jove artista pop protagonitzar\u00e0 la seg\u00fcent actuaci\u00f3 del concurs musical en la Fan Zone de l&#8217;Estadi de la Cer\u00e0mica pr\u00e8via al partit enfront del Atl\u00e8tico de Madrid (diumenge, 21.00h)","protected":false},"author":1,"featured_media":178533,"comment_status":"","ping_status":"","sticky":false,"template":"","format":"standard","meta":{"_acf_changed":false,"footnotes":""},"categories":[13509],"tags":[12554,12556,11429,11207,9270,8530,7334,9205,9627,9203],"acf":null,"lang":"val","translations":{"val":222509},"essential_grid":{"has_grid":false},"formatted_date":"January 5, 2022","modified_date":"January 5, 2022","permalink":"https:\/\/villarrealcf.es\/val\/pasqual-riera-actuara-en-el-groc-talent-2\/","reading_time":2,"featured_media_data":{"id":178533,"title":"||||","caption":"||||","alt_text":"","description":"","mime_type":"image\/jpeg","source_url":"https:\/\/villarrealcf.es\/wp-content\/uploads\/2022\/01\/567f7d17ee4c65aa63e74fa0a12530b7.jpg","sizes":{"thumbnail":{"url":"https:\/\/villarrealcf.es\/wp-content\/uploads\/2022\/01\/567f7d17ee4c65aa63e74fa0a12530b7-150x150.jpg","width":150,"height":150},"medium":{"url":"https:\/\/villarrealcf.es\/wp-content\/uploads\/2022\/01\/567f7d17ee4c65aa63e74fa0a12530b7-300x168.jpg","width":300,"height":168},"medium_large":{"url":"https:\/\/villarrealcf.es\/wp-content\/uploads\/2022\/01\/567f7d17ee4c65aa63e74fa0a12530b7-768x431.jpg","width":768,"height":431},"large":{"url":"https:\/\/villarrealcf.es\/wp-content\/uploads\/2022\/01\/567f7d17ee4c65aa63e74fa0a12530b7.jpg","width":788,"height":443},"1536x1536":{"url":"https:\/\/villarrealcf.es\/wp-content\/uploads\/2022\/01\/567f7d17ee4c65aa63e74fa0a12530b7.jpg","width":819,"height":460},"2048x2048":{"url":"https:\/\/villarrealcf.es\/wp-content\/uploads\/2022\/01\/567f7d17ee4c65aa63e74fa0a12530b7.jpg","width":819,"height":460},"tp-image-grid":{"url":"https:\/\/villarrealcf.es\/wp-content\/uploads\/2022\/01\/567f7d17ee4c65aa63e74fa0a12530b7-700x460.jpg","width":700,"height":460},"size-bunyad-medium":{"url":"https:\/\/villarrealcf.es\/wp-content\/uploads\/2022\/01\/567f7d17ee4c65aa63e74fa0a12530b7.jpg","width":819,"height":460},"sportspress-crop-medium":{"url":"https:\/\/villarrealcf.es\/wp-content\/uploads\/2022\/01\/567f7d17ee4c65aa63e74fa0a12530b7-300x300.jpg","width":300,"height":300},"sportspress-fit-medium":{"url":"https:\/\/villarrealcf.es\/wp-content\/uploads\/2022\/01\/567f7d17ee4c65aa63e74fa0a12530b7-300x168.jpg","width":300,"height":168},"sportspress-fit-icon":{"url":"https:\/\/villarrealcf.es\/wp-content\/uploads\/2022\/01\/567f7d17ee4c65aa63e74fa0a12530b7-128x72.jpg","width":128,"height":72},"sportspress-fit-mini":{"url":"https:\/\/villarrealcf.es\/wp-content\/uploads\/2022\/01\/567f7d17ee4c65aa63e74fa0a12530b7-32x18.jpg","width":32,"height":18},"bunyad-small":{"url":"https:\/\/villarrealcf.es\/wp-content\/uploads\/2022\/01\/567f7d17ee4c65aa63e74fa0a12530b7-150x84.jpg","width":150,"height":84},"bunyad-medium":{"url":"https:\/\/villarrealcf.es\/wp-content\/uploads\/2022\/01\/567f7d17ee4c65aa63e74fa0a12530b7-450x253.jpg","width":450,"height":253},"bunyad-full":{"url":"https:\/\/villarrealcf.es\/wp-content\/uploads\/2022\/01\/567f7d17ee4c65aa63e74fa0a12530b7.jpg","width":819,"height":460},"bunyad-viewport":{"url":"https:\/\/villarrealcf.es\/wp-content\/uploads\/2022\/01\/567f7d17ee4c65aa63e74fa0a12530b7.jpg","width":819,"height":460},"bunyad-768":{"url":"https:\/\/villarrealcf.es\/wp-content\/uploads\/2022\/01\/567f7d17ee4c65aa63e74fa0a12530b7-768x431.jpg","width":768,"height":431},"full":{"url":"https:\/\/villarrealcf.es\/wp-content\/uploads\/2022\/01\/567f7d17ee4c65aa63e74fa0a12530b7.jpg","width":819,"height":460}}},"author_data":{"id":"1","name":"root_envidea","first_name":"Villarreal CF","last_name":"","description":"","avatar_url":"https:\/\/secure.gravatar.com\/avatar\/48f95f42a3ccc324f3a3458e4b9e6fb070b083e99d388e170c1afb061fa99b63?s=96&d=mm&r=g","acf":null},"taxonomies_data":{"category":[{"id":13509,"name":"Endavant","slug":"endavant-val","acf":null}],"post_tag":[{"id":12554,"name":"#Football","slug":"football-val","acf":null},{"id":12556,"name":"#Soccer","slug":"soccer-val","acf":null},{"id":11429,"name":"Estadio de la Cer\u00e1mica","slug":"estadio-de-la-ceramica-val","acf":null},{"id":11207,"name":"Fan Zone","slug":"fan-zone-val","acf":null},{"id":9270,"name":"Futbol","slug":"futbol-val","acf":null},{"id":8530,"name":"Groc Talent","slug":"groc-talent","acf":null},{"id":7334,"name":"Sansan Festival","slug":"sansan-festival","acf":null},{"id":9205,"name":"Submarino","slug":"submarino-val","acf":null},{"id":9627,"name":"Submarino Amarillo","slug":"submarino-amarillo-val","acf":null},{"id":9203,"name":"Villarreal CF","slug":"villarreal-cf-val","acf":null}],"translation_priority":[{"id":735,"name":"Optional","slug":"optional-val","acf":null}]},"seo_full":{"native":{"title":"Pasqual Riera actuar\u00e0 en el Groc Talent! - Web Oficial del Villarreal CF","description":"[caption id=\"attachment_178533\" align=\"alignnone\" width=\"\"]||||[\/caption]El jove artista pop protagonitzar\u00e0 la seg\u00fcent actuaci\u00f3 del concurs musical en la Fan Zone de l'Estadi&hellip;","canonical":"https:\/\/villarrealcf.es\/val\/pasqual-riera-actuara-en-el-groc-talent-2\/"}},"_links":{"self":[{"href":"https:\/\/villarrealcf.es\/val\/wp-json\/wp\/v2\/posts\/222509","targetHints":{"allow":["GET"]}}],"collection":[{"href":"https:\/\/villarrealcf.es\/val\/wp-json\/wp\/v2\/posts"}],"about":[{"href":"https:\/\/villarrealcf.es\/val\/wp-json\/wp\/v2\/types\/post"}],"author":[{"embeddable":true,"href":"https:\/\/villarrealcf.es\/val\/wp-json\/wp\/v2\/users\/1"}],"replies":[{"embeddable":true,"href":"https:\/\/villarrealcf.es\/val\/wp-json\/wp\/v2\/comments?post=222509"}],"version-history":[{"count":0,"href":"https:\/\/villarrealcf.es\/val\/wp-json\/wp\/v2\/posts\/222509\/revisions"}],"wp:featuredmedia":[{"embeddable":true,"href":"https:\/\/villarrealcf.es\/val\/wp-json\/wp\/v2\/media\/178533"}],"wp:attachment":[{"href":"https:\/\/villarrealcf.es\/val\/wp-json\/wp\/v2\/media?parent=222509"}],"wp:term":[{"taxonomy":"category","embeddable":true,"href":"https:\/\/villarrealcf.es\/val\/wp-json\/wp\/v2\/categories?post=222509"},{"taxonomy":"post_tag","embeddable":true,"href":"https:\/\/villarrealcf.es\/val\/wp-json\/wp\/v2\/tags?post=222509"}],"curies":[{"name":"wp","href":"https:\/\/api.w.org\/{rel}","templated":true}]}}