{"id":222482,"date":"2022-01-03T19:11:29","date_gmt":"2022-01-03T18:11:29","guid":{"rendered":"https:\/\/villarrealcf.es\/\/el-villarreal-enamora-amb-una-golejada-davant-el-levante-5-0\/"},"modified":"2022-01-03T19:11:29","modified_gmt":"2022-01-03T18:11:29","slug":"el-villarreal-enamora-amb-una-golejada-davant-el-levante-5-0","status":"publish","type":"post","link":"https:\/\/villarrealcf.es\/val\/el-villarreal-enamora-amb-una-golejada-davant-el-levante-5-0\/","title":{"rendered":"El Villarreal enamora amb una golejada davant el Levante (5-0)"},"content":{"protected":false,"blocks":[{"type":"image","url":"https:\/\/villarrealcf.es\/\/wp-content\/uploads\/2022\/01\/501228885f340ade08ae78e3259ba42c.jpg","alt":"||||||","width":819,"height":460,"srcset":"https:\/\/villarrealcf.es\/wp-content\/uploads\/2022\/01\/501228885f340ade08ae78e3259ba42c.jpg 819w, https:\/\/villarrealcf.es\/\/wp-content\/uploads\/2022\/01\/501228885f340ade08ae78e3259ba42c.jpg 1920w, https:\/\/villarrealcf.es\/\/wp-content\/uploads\/2022\/01\/501228885f340ade08ae78e3259ba42c.jpg 1920w, https:\/\/villarrealcf.es\/\/wp-content\/uploads\/2022\/01\/501228885f340ade08ae78e3259ba42c.jpg 1920w, https:\/\/villarrealcf.es\/wp-content\/uploads\/2022\/01\/501228885f340ade08ae78e3259ba42c-32x18.jpg 32w, https:\/\/villarrealcf.es\/wp-content\/uploads\/2022\/01\/501228885f340ade08ae78e3259ba42c-150x84.jpg 150w, https:\/\/villarrealcf.es\/\/wp-content\/uploads\/2022\/01\/501228885f340ade08ae78e3259ba42c.jpg 1920w","sizes":"auto, (max-width: 819px) 100vw, 819px"},{"type":"paragraph","text":"El Submar\u00ed dona la benvinguda al 2022 amb una impressionant actuaci\u00f3 dels pupils d\u2019Emery"},{"type":"paragraph","text":"El Villarreal va donar la benvinguda al 2022 amb una impressionant golejada. Els grocs van derrotar al Levante (5-0) en una impressionant actuaci\u00f3 coral dels homes d\u2019Unai Emery, que ja sumen sis vict\u00f2ries de manera consecutiva. Guiat per un excepcional Gerard Moreno, que va marcar dos gols, el Submar\u00ed agafa velocitat de creuer cap a la zona noble de la taula."},{"type":"paragraph","text":"El conjunt d\u2019Unai Emery va iniciar l\u2019any tal com el va acabar: a ritme de gols i espectacle. El Nadal no han minvat l\u2019excel\u00b7lent estat de forma dels grocs, que van dominar la contesa davant un Levante UD que es va rendir a la superioritat del Submar\u00ed."},{"type":"paragraph","text":"El Villarreal no es va caminar amb marrades i abans dels deu minuts de trobada ja manava en el marcador. Boulaye Dia va tornar a demostrar el seu talent com a golejador materialitzant, amb una rematada de cap, un excel\u00b7lent centre des de la dreta del sempre incisiu Samu Chukwueze."},{"type":"paragraph","text":"Sense donar-li temps a la reacci\u00f3, el Submar\u00ed tornava a colpejar al seu rival, que encara estava desencaixat per haver concedit el primer de la vesprada. Amb una rematada al segon pal, Pau Torres va traure rendiment a la pissarra d\u2019Unai Emery enviant al fons de la xarxa un servei de cant\u00f3 botat amb mestratge per Moi G\u00f3mez i prolongat pel capit\u00e0 Vicente Iborra."},{"type":"paragraph","text":"El Villarreal enlluernava a la seua afici\u00f3, que s\u2019ho passava en gran amb les diableries de Gerard. Abans del descans, el davanter catal\u00e0 ja va deslligar un parell de vegades l\u2019ovaci\u00f3 del respectable amb un parell de jugades d\u2019aut\u00e8ntica estrela."},{"type":"paragraph","text":"Per a emmarcar tamb\u00e9 va ser el gol\u00e0s del \u20187\u2019, que va fer pujar el 3-0 al llumin\u00f3s. Despr\u00e9s d\u2019un parell de fintes en la frontal de l\u2019\u00e0rea, Gerard es va endinsar pel carril del centre i, deixant de pedra a la saga granota, la va creuar al pal esquerre de la porteria. L\u2019Estadi de la Cer\u00e0mica es posava novament als seus peus."},{"type":"paragraph","text":"L\u2019important avantatge que administrava el Villarreal no va donar peu a relaxacions en el conjunt d\u2019Unai Emery. El Submar\u00ed va iniciar la segona meitat controlant el partit i amb la porteria rival entre cella i cella. No en va, als deu minuts del segon temps, Aitor va fer gala d\u2019uns excel\u00b7lents reflexos en repel\u00b7lir un testarazo de Manu Trigueros en boca de gol."},{"type":"paragraph","text":"En el minut 68, el meta levantinista va tornar a negar-li el gol al migcampista talaver\u00e0, que apareixia entre l\u00ednies i, despr\u00e9s de rebre una passada de Gerard, es va traure de la m\u00e0nega un tret sec al segon pal. A la tercera aniria la ven\u00e7uda per al \u2018profe\u2019. Manu Trigueros s\u2019apuntava a la festa golejadora del Villarreal amb un ob\u00fas des de m\u00e9s de 30 metres que resultava inassolible per a Aitor."},{"type":"paragraph","text":"A deu minuts del final, Gerard Moreno -que ja s\u2019ha acostumat a marcar els gols a parells- no va fallar a la seua cita amb el doblet. El tercer que converteix de manera consecutiva. El \u20187\u2019 \u00e9s, sense discussi\u00f3, el jugador m\u00e9s en forma de LaLiga i un dels m\u00e9s determinants del m\u00f3n. Immediatament despr\u00e9s del gol, Emery el va canviar. El p\u00fablic es va al\u00e7ar del seu seient per a acomiadar com es mereix al seu jugador m\u00e9s virtu\u00f3s."},{"type":"paragraph","text":"Els minuts finals tamb\u00e9 van oferir la participaci\u00f3 de dos joves talents del Villarreal B. Nicolas Jackson i Carlo Adriano, que debutava en LaLiga, van gaudir de la golejada en el derbi auton\u00f2mic."},{"type":"paragraph","text":"Amb quatre vict\u00f2ries consecutives en LaLiga, el Villarreal CF ja ocupa la huitena pla\u00e7a del campionat dom\u00e8stic en sumar 28 punts. Els d\u2019Unai Emery miren cada vegada m\u00e9s de prop els llocs europeus."},{"type":"paragraph","text":"Fitxa t\u00e8cnica:"},{"type":"paragraph","text":"Villarreal CF: Rulli; Serge Aurier, R. Albiol, Pau, Estupi\u00f1\u00e1n; Iborra, M. Trigueros (m.84, Carlo Adriano), Moi G\u00f3mez (m.73, Alberto M.), Chukwueze (m.73, Yeremy); Gerard (m.80, Dani Raba) i Dia (m.80, N. Jackson)."},{"type":"paragraph","text":"Levante UD: Aitor Fdez.; Marc Pubill, Ruben Vezo, O. Duarte, C. Clerc (m.59, Franquesa); Radoja (m.59, Malsa), Melero (m.59, P. Mart\u00ednez), Bardhi (m.78, Rober Pier), J.G. Campa\u00f1a, De Frutos (m.78, Dani G\u00f3mez); i Roger Ms."},{"type":"paragraph","text":"Gols: 1-0. Min 8: Dia. 2-0. Min 13: Pau. 3-0. Min 37: Gerard. 4-0. Min 74: M. Trigueros. 5-0. Min 79: Gerard."},{"type":"paragraph","text":"\u00c0rbitre: Hern\u00e1ndez Hern\u00e1ndez (Comit\u00e9 Canari). Va amonestar als locals Serge Aurier, Iborra i M. Trigueros i als visitants Bardhi i C. Clerc."},{"type":"paragraph","text":"Incid\u00e8ncies: Partit corresponent a la jornada 19 de LaLiga entre el Villarreal i el Levante disputat en l\u2019Estadi de la Cer\u00e0mica davant 13.462 espectadors."},{"type":"video","kind":"iframe","url":"https:\/\/www.youtube.com\/embed\/eWUAldwI6JQ?feature=oembed","poster":""}],"structured":{"summary":{"text":"El Submar\u00ed dona la benvinguda al 2022 amb una impressionant actuaci\u00f3 dels pupils d\u2019Emery El Villarreal va donar la benvinguda al 2022 amb una impressionant golejada. Els grocs van derrotar al Levante (5-0) en una impressionant actuaci\u00f3 coral dels homes d\u2019Unai Emery, que ja sumen sis vict\u00f2ries de manera consecutiva. Guiat per un excepcional Gerard Moreno, que va marcar dos gols, el Submar\u00ed agafa velocitat de creuer cap a la zona noble de la taula. El conjunt d\u2019Unai Emery va iniciar l\u2019any tal com el va acabar: a ritme de gols i espectacle. El Nadal no han minvat l\u2019excel\u00b7lent estat de forma dels grocs, que van dominar la contesa davant un Levante UD que es va rendir a la superioritat del Submar\u00ed. El Villarreal no es va caminar amb marrades i abans dels deu minuts de trobada ja manava en el marcador. Boulaye Dia va tornar a demostrar el seu talent com a golejador materialitzant, amb una rematada de cap, un excel\u00b7lent centre des de la dreta del sempre incisiu Samu Chukwueze. Sense donar-li temps a la reacci\u00f3, el Submar\u00ed tornava a colpejar al seu rival, que encara estava desencaixat per haver concedit el primer de la vesprada. Amb una rematada al segon pal, Pau Torres va traure rendiment a la pissarra d\u2019Unai Emery enviant al fons de la xarxa un servei de cant\u00f3 botat amb mestratge per Moi G\u00f3mez i prolongat pel capit\u00e0 Vicente Iborra. El Villarreal enlluernava a la seua afici\u00f3, que s\u2019ho passava en gran amb les diableries de Gerard. Abans del descans, el davanter catal\u00e0 ja va deslligar un parell de vegades l\u2019ovaci\u00f3 del respectable amb un parell de jugades d\u2019aut\u00e8ntica estrela. Per a emmarcar tamb\u00e9 va ser el gol\u00e0s del \u20187\u2019, que va fer pujar el 3-0 al llumin\u00f3s. Despr\u00e9s d\u2019un parell de fintes en la frontal de l\u2019\u00e0rea, Gerard es va endinsar pel carril del centre i, deixant de pedra a la saga granota, la va creuar al pal esquerre de la porteria. L\u2019Estadi de la Cer\u00e0mica es posava novament als seus peus. L\u2019important avantatge que administrava el Villarreal no va donar peu a relaxacions en el conjunt d\u2019Unai Emery. El Submar\u00ed va iniciar la segona meitat controlant el partit i amb la porteria rival entre cella i cella. No en va, als deu minuts del segon temps, Aitor va fer gala d\u2019uns excel\u00b7lents reflexos en repel\u00b7lir un testarazo de Manu Trigueros en boca de gol. En el minut 68, el meta levantinista va tornar a negar-li el gol al migcampista talaver\u00e0, que apareixia entre l\u00ednies i, despr\u00e9s de rebre una passada de Gerard, es va traure de la m\u00e0nega un tret sec al segon pal. A la tercera aniria la ven\u00e7uda per al \u2018profe\u2019. Manu Trigueros s\u2019apuntava a la festa golejadora del Villarreal amb un ob\u00fas des de m\u00e9s de 30 metres que resultava inassolible per a Aitor. A deu minuts del final, Gerard Moreno -que ja s\u2019ha acostumat a marcar els gols a parells- no va fallar a la seua cita amb el doblet. El tercer que converteix de manera consecutiva. El \u20187\u2019 \u00e9s, sense discussi\u00f3, el jugador m\u00e9s en forma de LaLiga i un dels m\u00e9s determinants del m\u00f3n. Immediatament despr\u00e9s del gol, Emery el va canviar. El p\u00fablic es va al\u00e7ar del seu seient per a acomiadar com es mereix al seu jugador m\u00e9s virtu\u00f3s. Els minuts finals tamb\u00e9 van oferir la participaci\u00f3 de dos joves talents del Villarreal B. Nicolas Jackson i Carlo Adriano, que debutava en LaLiga, van gaudir de la golejada en el derbi auton\u00f2mic. Amb quatre vict\u00f2ries consecutives en LaLiga, el Villarreal CF ja ocupa la huitena pla\u00e7a del campionat dom\u00e8stic en sumar 28 punts. Els d\u2019Unai Emery miren cada vegada m\u00e9s de prop els llocs europeus. Fitxa t\u00e8cnica: Villarreal CF: Rulli; Serge Aurier, R. Albiol, Pau, Estupi\u00f1\u00e1n; Iborra, M. Trigueros (m.84, Carlo Adriano), Moi G\u00f3mez (m.73, Alberto M.), Chukwueze (m.73, Yeremy); Gerard (m.80, Dani Raba) i Dia (m.80, N. Jackson). Levante UD: Aitor Fdez.; Marc Pubill, Ruben Vezo, O. Duarte, C. Clerc (m.59, Franquesa); Radoja (m.59, Malsa), Melero (m.59, P. Mart\u00ednez), Bardhi (m.78, Rober Pier), J.G. Campa\u00f1a, De Frutos (m.78, Dani G\u00f3mez); i Roger Ms. Gols: 1-0. Min 8: Dia. 2-0. Min 13: Pau. 3-0. Min 37: Gerard. 4-0. Min 74: M. Trigueros. 5-0. Min 79: Gerard. \u00c0rbitre: Hern\u00e1ndez Hern\u00e1ndez (Comit\u00e9 Canari). Va amonestar als locals Serge Aurier, Iborra i M. Trigueros i als visitants Bardhi i C. Clerc. Incid\u00e8ncies: Partit corresponent a la jornada 19 de LaLiga entre el Villarreal i el Levante disputat en l\u2019Estadi de la Cer\u00e0mica davant 13.462 espectadors.","headings":[],"buttons":[],"images":[{"type":"image","url":"https:\/\/villarrealcf.es\/\/wp-content\/uploads\/2022\/01\/501228885f340ade08ae78e3259ba42c.jpg","alt":"||||||","width":819,"height":460,"srcset":"https:\/\/villarrealcf.es\/wp-content\/uploads\/2022\/01\/501228885f340ade08ae78e3259ba42c.jpg 819w, https:\/\/villarrealcf.es\/\/wp-content\/uploads\/2022\/01\/501228885f340ade08ae78e3259ba42c.jpg 1920w, https:\/\/villarrealcf.es\/\/wp-content\/uploads\/2022\/01\/501228885f340ade08ae78e3259ba42c.jpg 1920w, https:\/\/villarrealcf.es\/\/wp-content\/uploads\/2022\/01\/501228885f340ade08ae78e3259ba42c.jpg 1920w, https:\/\/villarrealcf.es\/wp-content\/uploads\/2022\/01\/501228885f340ade08ae78e3259ba42c-32x18.jpg 32w, https:\/\/villarrealcf.es\/wp-content\/uploads\/2022\/01\/501228885f340ade08ae78e3259ba42c-150x84.jpg 150w, https:\/\/villarrealcf.es\/\/wp-content\/uploads\/2022\/01\/501228885f340ade08ae78e3259ba42c.jpg 1920w","sizes":"auto, (max-width: 819px) 100vw, 819px"}],"counts":{"blocks":20,"headings":0,"texts":18,"buttons":0,"images":1}},"sections":[{"id":"section-1","title":"","text":"El Submar\u00ed dona la benvinguda al 2022 amb una impressionant actuaci\u00f3 dels pupils d\u2019Emery El Villarreal va donar la benvinguda al 2022 amb una impressionant golejada. Els grocs van derrotar al Levante (5-0) en una impressionant actuaci\u00f3 coral dels homes d\u2019Unai Emery, que ja sumen sis vict\u00f2ries de manera consecutiva. Guiat per un excepcional Gerard Moreno, que va marcar dos gols, el Submar\u00ed agafa velocitat de creuer cap a la zona noble de la taula. El conjunt d\u2019Unai Emery va iniciar l\u2019any tal com el va acabar: a ritme de gols i espectacle. El Nadal no han minvat l\u2019excel\u00b7lent estat de forma dels grocs, que van dominar la contesa davant un Levante UD que es va rendir a la superioritat del Submar\u00ed. El Villarreal no es va caminar amb marrades i abans dels deu minuts de trobada ja manava en el marcador. Boulaye Dia va tornar a demostrar el seu talent com a golejador materialitzant, amb una rematada de cap, un excel\u00b7lent centre des de la dreta del sempre incisiu Samu Chukwueze. Sense donar-li temps a la reacci\u00f3, el Submar\u00ed tornava a colpejar al seu rival, que encara estava desencaixat per haver concedit el primer de la vesprada. Amb una rematada al segon pal, Pau Torres va traure rendiment a la pissarra d\u2019Unai Emery enviant al fons de la xarxa un servei de cant\u00f3 botat amb mestratge per Moi G\u00f3mez i prolongat pel capit\u00e0 Vicente Iborra. El Villarreal enlluernava a la seua afici\u00f3, que s\u2019ho passava en gran amb les diableries de Gerard. Abans del descans, el davanter catal\u00e0 ja va deslligar un parell de vegades l\u2019ovaci\u00f3 del respectable amb un parell de jugades d\u2019aut\u00e8ntica estrela. Per a emmarcar tamb\u00e9 va ser el gol\u00e0s del \u20187\u2019, que va fer pujar el 3-0 al llumin\u00f3s. Despr\u00e9s d\u2019un parell de fintes en la frontal de l\u2019\u00e0rea, Gerard es va endinsar pel carril del centre i, deixant de pedra a la saga granota, la va creuar al pal esquerre de la porteria. L\u2019Estadi de la Cer\u00e0mica es posava novament als seus peus. L\u2019important avantatge que administrava el Villarreal no va donar peu a relaxacions en el conjunt d\u2019Unai Emery. El Submar\u00ed va iniciar la segona meitat controlant el partit i amb la porteria rival entre cella i cella. No en va, als deu minuts del segon temps, Aitor va fer gala d\u2019uns excel\u00b7lents reflexos en repel\u00b7lir un testarazo de Manu Trigueros en boca de gol. En el minut 68, el meta levantinista va tornar a negar-li el gol al migcampista talaver\u00e0, que apareixia entre l\u00ednies i, despr\u00e9s de rebre una passada de Gerard, es va traure de la m\u00e0nega un tret sec al segon pal. A la tercera aniria la ven\u00e7uda per al \u2018profe\u2019. Manu Trigueros s\u2019apuntava a la festa golejadora del Villarreal amb un ob\u00fas des de m\u00e9s de 30 metres que resultava inassolible per a Aitor. A deu minuts del final, Gerard Moreno -que ja s\u2019ha acostumat a marcar els gols a parells- no va fallar a la seua cita amb el doblet. El tercer que converteix de manera consecutiva. El \u20187\u2019 \u00e9s, sense discussi\u00f3, el jugador m\u00e9s en forma de LaLiga i un dels m\u00e9s determinants del m\u00f3n. Immediatament despr\u00e9s del gol, Emery el va canviar. El p\u00fablic es va al\u00e7ar del seu seient per a acomiadar com es mereix al seu jugador m\u00e9s virtu\u00f3s. Els minuts finals tamb\u00e9 van oferir la participaci\u00f3 de dos joves talents del Villarreal B. Nicolas Jackson i Carlo Adriano, que debutava en LaLiga, van gaudir de la golejada en el derbi auton\u00f2mic. Amb quatre vict\u00f2ries consecutives en LaLiga, el Villarreal CF ja ocupa la huitena pla\u00e7a del campionat dom\u00e8stic en sumar 28 punts. Els d\u2019Unai Emery miren cada vegada m\u00e9s de prop els llocs europeus. Fitxa t\u00e8cnica: Villarreal CF: Rulli; Serge Aurier, R. Albiol, Pau, Estupi\u00f1\u00e1n; Iborra, M. Trigueros (m.84, Carlo Adriano), Moi G\u00f3mez (m.73, Alberto M.), Chukwueze (m.73, Yeremy); Gerard (m.80, Dani Raba) i Dia (m.80, N. Jackson). Levante UD: Aitor Fdez.; Marc Pubill, Ruben Vezo, O. Duarte, C. Clerc (m.59, Franquesa); Radoja (m.59, Malsa), Melero (m.59, P. Mart\u00ednez), Bardhi (m.78, Rober Pier), J.G. Campa\u00f1a, De Frutos (m.78, Dani G\u00f3mez); i Roger Ms. Gols: 1-0. Min 8: Dia. 2-0. Min 13: Pau. 3-0. Min 37: Gerard. 4-0. Min 74: M. Trigueros. 5-0. Min 79: Gerard. \u00c0rbitre: Hern\u00e1ndez Hern\u00e1ndez (Comit\u00e9 Canari). Va amonestar als locals Serge Aurier, Iborra i M. Trigueros i als visitants Bardhi i C. Clerc. Incid\u00e8ncies: Partit corresponent a la jornada 19 de LaLiga entre el Villarreal i el Levante disputat en l\u2019Estadi de la Cer\u00e0mica davant 13.462 espectadors.","headings":[],"texts":[{"type":"paragraph","text":"El Submar\u00ed dona la benvinguda al 2022 amb una impressionant actuaci\u00f3 dels pupils d\u2019Emery"},{"type":"paragraph","text":"El Villarreal va donar la benvinguda al 2022 amb una impressionant golejada. Els grocs van derrotar al Levante (5-0) en una impressionant actuaci\u00f3 coral dels homes d\u2019Unai Emery, que ja sumen sis vict\u00f2ries de manera consecutiva. Guiat per un excepcional Gerard Moreno, que va marcar dos gols, el Submar\u00ed agafa velocitat de creuer cap a la zona noble de la taula."},{"type":"paragraph","text":"El conjunt d\u2019Unai Emery va iniciar l\u2019any tal com el va acabar: a ritme de gols i espectacle. El Nadal no han minvat l\u2019excel\u00b7lent estat de forma dels grocs, que van dominar la contesa davant un Levante UD que es va rendir a la superioritat del Submar\u00ed."},{"type":"paragraph","text":"El Villarreal no es va caminar amb marrades i abans dels deu minuts de trobada ja manava en el marcador. Boulaye Dia va tornar a demostrar el seu talent com a golejador materialitzant, amb una rematada de cap, un excel\u00b7lent centre des de la dreta del sempre incisiu Samu Chukwueze."},{"type":"paragraph","text":"Sense donar-li temps a la reacci\u00f3, el Submar\u00ed tornava a colpejar al seu rival, que encara estava desencaixat per haver concedit el primer de la vesprada. Amb una rematada al segon pal, Pau Torres va traure rendiment a la pissarra d\u2019Unai Emery enviant al fons de la xarxa un servei de cant\u00f3 botat amb mestratge per Moi G\u00f3mez i prolongat pel capit\u00e0 Vicente Iborra."},{"type":"paragraph","text":"El Villarreal enlluernava a la seua afici\u00f3, que s\u2019ho passava en gran amb les diableries de Gerard. Abans del descans, el davanter catal\u00e0 ja va deslligar un parell de vegades l\u2019ovaci\u00f3 del respectable amb un parell de jugades d\u2019aut\u00e8ntica estrela."},{"type":"paragraph","text":"Per a emmarcar tamb\u00e9 va ser el gol\u00e0s del \u20187\u2019, que va fer pujar el 3-0 al llumin\u00f3s. Despr\u00e9s d\u2019un parell de fintes en la frontal de l\u2019\u00e0rea, Gerard es va endinsar pel carril del centre i, deixant de pedra a la saga granota, la va creuar al pal esquerre de la porteria. L\u2019Estadi de la Cer\u00e0mica es posava novament als seus peus."},{"type":"paragraph","text":"L\u2019important avantatge que administrava el Villarreal no va donar peu a relaxacions en el conjunt d\u2019Unai Emery. El Submar\u00ed va iniciar la segona meitat controlant el partit i amb la porteria rival entre cella i cella. No en va, als deu minuts del segon temps, Aitor va fer gala d\u2019uns excel\u00b7lents reflexos en repel\u00b7lir un testarazo de Manu Trigueros en boca de gol."},{"type":"paragraph","text":"En el minut 68, el meta levantinista va tornar a negar-li el gol al migcampista talaver\u00e0, que apareixia entre l\u00ednies i, despr\u00e9s de rebre una passada de Gerard, es va traure de la m\u00e0nega un tret sec al segon pal. A la tercera aniria la ven\u00e7uda per al \u2018profe\u2019. Manu Trigueros s\u2019apuntava a la festa golejadora del Villarreal amb un ob\u00fas des de m\u00e9s de 30 metres que resultava inassolible per a Aitor."},{"type":"paragraph","text":"A deu minuts del final, Gerard Moreno -que ja s\u2019ha acostumat a marcar els gols a parells- no va fallar a la seua cita amb el doblet. El tercer que converteix de manera consecutiva. El \u20187\u2019 \u00e9s, sense discussi\u00f3, el jugador m\u00e9s en forma de LaLiga i un dels m\u00e9s determinants del m\u00f3n. Immediatament despr\u00e9s del gol, Emery el va canviar. El p\u00fablic es va al\u00e7ar del seu seient per a acomiadar com es mereix al seu jugador m\u00e9s virtu\u00f3s."},{"type":"paragraph","text":"Els minuts finals tamb\u00e9 van oferir la participaci\u00f3 de dos joves talents del Villarreal B. Nicolas Jackson i Carlo Adriano, que debutava en LaLiga, van gaudir de la golejada en el derbi auton\u00f2mic."},{"type":"paragraph","text":"Amb quatre vict\u00f2ries consecutives en LaLiga, el Villarreal CF ja ocupa la huitena pla\u00e7a del campionat dom\u00e8stic en sumar 28 punts. Els d\u2019Unai Emery miren cada vegada m\u00e9s de prop els llocs europeus."},{"type":"paragraph","text":"Fitxa t\u00e8cnica:"},{"type":"paragraph","text":"Villarreal CF: Rulli; Serge Aurier, R. Albiol, Pau, Estupi\u00f1\u00e1n; Iborra, M. Trigueros (m.84, Carlo Adriano), Moi G\u00f3mez (m.73, Alberto M.), Chukwueze (m.73, Yeremy); Gerard (m.80, Dani Raba) i Dia (m.80, N. Jackson)."},{"type":"paragraph","text":"Levante UD: Aitor Fdez.; Marc Pubill, Ruben Vezo, O. Duarte, C. Clerc (m.59, Franquesa); Radoja (m.59, Malsa), Melero (m.59, P. Mart\u00ednez), Bardhi (m.78, Rober Pier), J.G. Campa\u00f1a, De Frutos (m.78, Dani G\u00f3mez); i Roger Ms."},{"type":"paragraph","text":"Gols: 1-0. Min 8: Dia. 2-0. Min 13: Pau. 3-0. Min 37: Gerard. 4-0. Min 74: M. Trigueros. 5-0. Min 79: Gerard."},{"type":"paragraph","text":"\u00c0rbitre: Hern\u00e1ndez Hern\u00e1ndez (Comit\u00e9 Canari). Va amonestar als locals Serge Aurier, Iborra i M. Trigueros i als visitants Bardhi i C. Clerc."},{"type":"paragraph","text":"Incid\u00e8ncies: Partit corresponent a la jornada 19 de LaLiga entre el Villarreal i el Levante disputat en l\u2019Estadi de la Cer\u00e0mica davant 13.462 espectadors."}],"buttons":[],"images":[{"type":"image","url":"https:\/\/villarrealcf.es\/\/wp-content\/uploads\/2022\/01\/501228885f340ade08ae78e3259ba42c.jpg","alt":"||||||","width":819,"height":460,"srcset":"https:\/\/villarrealcf.es\/wp-content\/uploads\/2022\/01\/501228885f340ade08ae78e3259ba42c.jpg 819w, https:\/\/villarrealcf.es\/\/wp-content\/uploads\/2022\/01\/501228885f340ade08ae78e3259ba42c.jpg 1920w, https:\/\/villarrealcf.es\/\/wp-content\/uploads\/2022\/01\/501228885f340ade08ae78e3259ba42c.jpg 1920w, https:\/\/villarrealcf.es\/\/wp-content\/uploads\/2022\/01\/501228885f340ade08ae78e3259ba42c.jpg 1920w, https:\/\/villarrealcf.es\/wp-content\/uploads\/2022\/01\/501228885f340ade08ae78e3259ba42c-32x18.jpg 32w, https:\/\/villarrealcf.es\/wp-content\/uploads\/2022\/01\/501228885f340ade08ae78e3259ba42c-150x84.jpg 150w, https:\/\/villarrealcf.es\/\/wp-content\/uploads\/2022\/01\/501228885f340ade08ae78e3259ba42c.jpg 1920w","sizes":"auto, (max-width: 819px) 100vw, 819px"}],"widgets":[],"blocks":[{"type":"image","url":"https:\/\/villarrealcf.es\/\/wp-content\/uploads\/2022\/01\/501228885f340ade08ae78e3259ba42c.jpg","alt":"||||||","width":819,"height":460,"srcset":"https:\/\/villarrealcf.es\/wp-content\/uploads\/2022\/01\/501228885f340ade08ae78e3259ba42c.jpg 819w, https:\/\/villarrealcf.es\/\/wp-content\/uploads\/2022\/01\/501228885f340ade08ae78e3259ba42c.jpg 1920w, https:\/\/villarrealcf.es\/\/wp-content\/uploads\/2022\/01\/501228885f340ade08ae78e3259ba42c.jpg 1920w, https:\/\/villarrealcf.es\/\/wp-content\/uploads\/2022\/01\/501228885f340ade08ae78e3259ba42c.jpg 1920w, https:\/\/villarrealcf.es\/wp-content\/uploads\/2022\/01\/501228885f340ade08ae78e3259ba42c-32x18.jpg 32w, https:\/\/villarrealcf.es\/wp-content\/uploads\/2022\/01\/501228885f340ade08ae78e3259ba42c-150x84.jpg 150w, https:\/\/villarrealcf.es\/\/wp-content\/uploads\/2022\/01\/501228885f340ade08ae78e3259ba42c.jpg 1920w","sizes":"auto, (max-width: 819px) 100vw, 819px"},{"type":"paragraph","text":"El Submar\u00ed dona la benvinguda al 2022 amb una impressionant actuaci\u00f3 dels pupils d\u2019Emery"},{"type":"paragraph","text":"El Villarreal va donar la benvinguda al 2022 amb una impressionant golejada. Els grocs van derrotar al Levante (5-0) en una impressionant actuaci\u00f3 coral dels homes d\u2019Unai Emery, que ja sumen sis vict\u00f2ries de manera consecutiva. Guiat per un excepcional Gerard Moreno, que va marcar dos gols, el Submar\u00ed agafa velocitat de creuer cap a la zona noble de la taula."},{"type":"paragraph","text":"El conjunt d\u2019Unai Emery va iniciar l\u2019any tal com el va acabar: a ritme de gols i espectacle. El Nadal no han minvat l\u2019excel\u00b7lent estat de forma dels grocs, que van dominar la contesa davant un Levante UD que es va rendir a la superioritat del Submar\u00ed."},{"type":"paragraph","text":"El Villarreal no es va caminar amb marrades i abans dels deu minuts de trobada ja manava en el marcador. Boulaye Dia va tornar a demostrar el seu talent com a golejador materialitzant, amb una rematada de cap, un excel\u00b7lent centre des de la dreta del sempre incisiu Samu Chukwueze."},{"type":"paragraph","text":"Sense donar-li temps a la reacci\u00f3, el Submar\u00ed tornava a colpejar al seu rival, que encara estava desencaixat per haver concedit el primer de la vesprada. Amb una rematada al segon pal, Pau Torres va traure rendiment a la pissarra d\u2019Unai Emery enviant al fons de la xarxa un servei de cant\u00f3 botat amb mestratge per Moi G\u00f3mez i prolongat pel capit\u00e0 Vicente Iborra."},{"type":"paragraph","text":"El Villarreal enlluernava a la seua afici\u00f3, que s\u2019ho passava en gran amb les diableries de Gerard. Abans del descans, el davanter catal\u00e0 ja va deslligar un parell de vegades l\u2019ovaci\u00f3 del respectable amb un parell de jugades d\u2019aut\u00e8ntica estrela."},{"type":"paragraph","text":"Per a emmarcar tamb\u00e9 va ser el gol\u00e0s del \u20187\u2019, que va fer pujar el 3-0 al llumin\u00f3s. Despr\u00e9s d\u2019un parell de fintes en la frontal de l\u2019\u00e0rea, Gerard es va endinsar pel carril del centre i, deixant de pedra a la saga granota, la va creuar al pal esquerre de la porteria. L\u2019Estadi de la Cer\u00e0mica es posava novament als seus peus."},{"type":"paragraph","text":"L\u2019important avantatge que administrava el Villarreal no va donar peu a relaxacions en el conjunt d\u2019Unai Emery. El Submar\u00ed va iniciar la segona meitat controlant el partit i amb la porteria rival entre cella i cella. No en va, als deu minuts del segon temps, Aitor va fer gala d\u2019uns excel\u00b7lents reflexos en repel\u00b7lir un testarazo de Manu Trigueros en boca de gol."},{"type":"paragraph","text":"En el minut 68, el meta levantinista va tornar a negar-li el gol al migcampista talaver\u00e0, que apareixia entre l\u00ednies i, despr\u00e9s de rebre una passada de Gerard, es va traure de la m\u00e0nega un tret sec al segon pal. A la tercera aniria la ven\u00e7uda per al \u2018profe\u2019. Manu Trigueros s\u2019apuntava a la festa golejadora del Villarreal amb un ob\u00fas des de m\u00e9s de 30 metres que resultava inassolible per a Aitor."},{"type":"paragraph","text":"A deu minuts del final, Gerard Moreno -que ja s\u2019ha acostumat a marcar els gols a parells- no va fallar a la seua cita amb el doblet. El tercer que converteix de manera consecutiva. El \u20187\u2019 \u00e9s, sense discussi\u00f3, el jugador m\u00e9s en forma de LaLiga i un dels m\u00e9s determinants del m\u00f3n. Immediatament despr\u00e9s del gol, Emery el va canviar. El p\u00fablic es va al\u00e7ar del seu seient per a acomiadar com es mereix al seu jugador m\u00e9s virtu\u00f3s."},{"type":"paragraph","text":"Els minuts finals tamb\u00e9 van oferir la participaci\u00f3 de dos joves talents del Villarreal B. Nicolas Jackson i Carlo Adriano, que debutava en LaLiga, van gaudir de la golejada en el derbi auton\u00f2mic."},{"type":"paragraph","text":"Amb quatre vict\u00f2ries consecutives en LaLiga, el Villarreal CF ja ocupa la huitena pla\u00e7a del campionat dom\u00e8stic en sumar 28 punts. Els d\u2019Unai Emery miren cada vegada m\u00e9s de prop els llocs europeus."},{"type":"paragraph","text":"Fitxa t\u00e8cnica:"},{"type":"paragraph","text":"Villarreal CF: Rulli; Serge Aurier, R. Albiol, Pau, Estupi\u00f1\u00e1n; Iborra, M. Trigueros (m.84, Carlo Adriano), Moi G\u00f3mez (m.73, Alberto M.), Chukwueze (m.73, Yeremy); Gerard (m.80, Dani Raba) i Dia (m.80, N. Jackson)."},{"type":"paragraph","text":"Levante UD: Aitor Fdez.; Marc Pubill, Ruben Vezo, O. Duarte, C. Clerc (m.59, Franquesa); Radoja (m.59, Malsa), Melero (m.59, P. Mart\u00ednez), Bardhi (m.78, Rober Pier), J.G. Campa\u00f1a, De Frutos (m.78, Dani G\u00f3mez); i Roger Ms."},{"type":"paragraph","text":"Gols: 1-0. Min 8: Dia. 2-0. Min 13: Pau. 3-0. Min 37: Gerard. 4-0. Min 74: M. Trigueros. 5-0. Min 79: Gerard."},{"type":"paragraph","text":"\u00c0rbitre: Hern\u00e1ndez Hern\u00e1ndez (Comit\u00e9 Canari). Va amonestar als locals Serge Aurier, Iborra i M. Trigueros i als visitants Bardhi i C. Clerc."},{"type":"paragraph","text":"Incid\u00e8ncies: Partit corresponent a la jornada 19 de LaLiga entre el Villarreal i el Levante disputat en l\u2019Estadi de la Cer\u00e0mica davant 13.462 espectadors."},{"type":"video","kind":"iframe","url":"https:\/\/www.youtube.com\/embed\/eWUAldwI6JQ?feature=oembed","poster":""}]}],"hero":{"id":"section-1","title":"","text":"El Submar\u00ed dona la benvinguda al 2022 amb una impressionant actuaci\u00f3 dels pupils d\u2019Emery El Villarreal va donar la benvinguda al 2022 amb una impressionant golejada. Els grocs van derrotar al Levante (5-0) en una impressionant actuaci\u00f3 coral dels homes d\u2019Unai Emery, que ja sumen sis vict\u00f2ries de manera consecutiva. Guiat per un excepcional Gerard Moreno, que va marcar dos gols, el Submar\u00ed agafa velocitat de creuer cap a la zona noble de la taula. El conjunt d\u2019Unai Emery va iniciar l\u2019any tal com el va acabar: a ritme de gols i espectacle. El Nadal no han minvat l\u2019excel\u00b7lent estat de forma dels grocs, que van dominar la contesa davant un Levante UD que es va rendir a la superioritat del Submar\u00ed. El Villarreal no es va caminar amb marrades i abans dels deu minuts de trobada ja manava en el marcador. Boulaye Dia va tornar a demostrar el seu talent com a golejador materialitzant, amb una rematada de cap, un excel\u00b7lent centre des de la dreta del sempre incisiu Samu Chukwueze. Sense donar-li temps a la reacci\u00f3, el Submar\u00ed tornava a colpejar al seu rival, que encara estava desencaixat per haver concedit el primer de la vesprada. Amb una rematada al segon pal, Pau Torres va traure rendiment a la pissarra d\u2019Unai Emery enviant al fons de la xarxa un servei de cant\u00f3 botat amb mestratge per Moi G\u00f3mez i prolongat pel capit\u00e0 Vicente Iborra. El Villarreal enlluernava a la seua afici\u00f3, que s\u2019ho passava en gran amb les diableries de Gerard. Abans del descans, el davanter catal\u00e0 ja va deslligar un parell de vegades l\u2019ovaci\u00f3 del respectable amb un parell de jugades d\u2019aut\u00e8ntica estrela. Per a emmarcar tamb\u00e9 va ser el gol\u00e0s del \u20187\u2019, que va fer pujar el 3-0 al llumin\u00f3s. Despr\u00e9s d\u2019un parell de fintes en la frontal de l\u2019\u00e0rea, Gerard es va endinsar pel carril del centre i, deixant de pedra a la saga granota, la va creuar al pal esquerre de la porteria. L\u2019Estadi de la Cer\u00e0mica es posava novament als seus peus. L\u2019important avantatge que administrava el Villarreal no va donar peu a relaxacions en el conjunt d\u2019Unai Emery. El Submar\u00ed va iniciar la segona meitat controlant el partit i amb la porteria rival entre cella i cella. No en va, als deu minuts del segon temps, Aitor va fer gala d\u2019uns excel\u00b7lents reflexos en repel\u00b7lir un testarazo de Manu Trigueros en boca de gol. En el minut 68, el meta levantinista va tornar a negar-li el gol al migcampista talaver\u00e0, que apareixia entre l\u00ednies i, despr\u00e9s de rebre una passada de Gerard, es va traure de la m\u00e0nega un tret sec al segon pal. A la tercera aniria la ven\u00e7uda per al \u2018profe\u2019. Manu Trigueros s\u2019apuntava a la festa golejadora del Villarreal amb un ob\u00fas des de m\u00e9s de 30 metres que resultava inassolible per a Aitor. A deu minuts del final, Gerard Moreno -que ja s\u2019ha acostumat a marcar els gols a parells- no va fallar a la seua cita amb el doblet. El tercer que converteix de manera consecutiva. El \u20187\u2019 \u00e9s, sense discussi\u00f3, el jugador m\u00e9s en forma de LaLiga i un dels m\u00e9s determinants del m\u00f3n. Immediatament despr\u00e9s del gol, Emery el va canviar. El p\u00fablic es va al\u00e7ar del seu seient per a acomiadar com es mereix al seu jugador m\u00e9s virtu\u00f3s. Els minuts finals tamb\u00e9 van oferir la participaci\u00f3 de dos joves talents del Villarreal B. Nicolas Jackson i Carlo Adriano, que debutava en LaLiga, van gaudir de la golejada en el derbi auton\u00f2mic. Amb quatre vict\u00f2ries consecutives en LaLiga, el Villarreal CF ja ocupa la huitena pla\u00e7a del campionat dom\u00e8stic en sumar 28 punts. Els d\u2019Unai Emery miren cada vegada m\u00e9s de prop els llocs europeus. Fitxa t\u00e8cnica: Villarreal CF: Rulli; Serge Aurier, R. Albiol, Pau, Estupi\u00f1\u00e1n; Iborra, M. Trigueros (m.84, Carlo Adriano), Moi G\u00f3mez (m.73, Alberto M.), Chukwueze (m.73, Yeremy); Gerard (m.80, Dani Raba) i Dia (m.80, N. Jackson). Levante UD: Aitor Fdez.; Marc Pubill, Ruben Vezo, O. Duarte, C. Clerc (m.59, Franquesa); Radoja (m.59, Malsa), Melero (m.59, P. Mart\u00ednez), Bardhi (m.78, Rober Pier), J.G. Campa\u00f1a, De Frutos (m.78, Dani G\u00f3mez); i Roger Ms. Gols: 1-0. Min 8: Dia. 2-0. Min 13: Pau. 3-0. Min 37: Gerard. 4-0. Min 74: M. Trigueros. 5-0. Min 79: Gerard. \u00c0rbitre: Hern\u00e1ndez Hern\u00e1ndez (Comit\u00e9 Canari). Va amonestar als locals Serge Aurier, Iborra i M. Trigueros i als visitants Bardhi i C. Clerc. Incid\u00e8ncies: Partit corresponent a la jornada 19 de LaLiga entre el Villarreal i el Levante disputat en l\u2019Estadi de la Cer\u00e0mica davant 13.462 espectadors.","headings":[],"texts":[{"type":"paragraph","text":"El Submar\u00ed dona la benvinguda al 2022 amb una impressionant actuaci\u00f3 dels pupils d\u2019Emery"},{"type":"paragraph","text":"El Villarreal va donar la benvinguda al 2022 amb una impressionant golejada. Els grocs van derrotar al Levante (5-0) en una impressionant actuaci\u00f3 coral dels homes d\u2019Unai Emery, que ja sumen sis vict\u00f2ries de manera consecutiva. Guiat per un excepcional Gerard Moreno, que va marcar dos gols, el Submar\u00ed agafa velocitat de creuer cap a la zona noble de la taula."},{"type":"paragraph","text":"El conjunt d\u2019Unai Emery va iniciar l\u2019any tal com el va acabar: a ritme de gols i espectacle. El Nadal no han minvat l\u2019excel\u00b7lent estat de forma dels grocs, que van dominar la contesa davant un Levante UD que es va rendir a la superioritat del Submar\u00ed."},{"type":"paragraph","text":"El Villarreal no es va caminar amb marrades i abans dels deu minuts de trobada ja manava en el marcador. Boulaye Dia va tornar a demostrar el seu talent com a golejador materialitzant, amb una rematada de cap, un excel\u00b7lent centre des de la dreta del sempre incisiu Samu Chukwueze."},{"type":"paragraph","text":"Sense donar-li temps a la reacci\u00f3, el Submar\u00ed tornava a colpejar al seu rival, que encara estava desencaixat per haver concedit el primer de la vesprada. Amb una rematada al segon pal, Pau Torres va traure rendiment a la pissarra d\u2019Unai Emery enviant al fons de la xarxa un servei de cant\u00f3 botat amb mestratge per Moi G\u00f3mez i prolongat pel capit\u00e0 Vicente Iborra."},{"type":"paragraph","text":"El Villarreal enlluernava a la seua afici\u00f3, que s\u2019ho passava en gran amb les diableries de Gerard. Abans del descans, el davanter catal\u00e0 ja va deslligar un parell de vegades l\u2019ovaci\u00f3 del respectable amb un parell de jugades d\u2019aut\u00e8ntica estrela."},{"type":"paragraph","text":"Per a emmarcar tamb\u00e9 va ser el gol\u00e0s del \u20187\u2019, que va fer pujar el 3-0 al llumin\u00f3s. Despr\u00e9s d\u2019un parell de fintes en la frontal de l\u2019\u00e0rea, Gerard es va endinsar pel carril del centre i, deixant de pedra a la saga granota, la va creuar al pal esquerre de la porteria. L\u2019Estadi de la Cer\u00e0mica es posava novament als seus peus."},{"type":"paragraph","text":"L\u2019important avantatge que administrava el Villarreal no va donar peu a relaxacions en el conjunt d\u2019Unai Emery. El Submar\u00ed va iniciar la segona meitat controlant el partit i amb la porteria rival entre cella i cella. No en va, als deu minuts del segon temps, Aitor va fer gala d\u2019uns excel\u00b7lents reflexos en repel\u00b7lir un testarazo de Manu Trigueros en boca de gol."},{"type":"paragraph","text":"En el minut 68, el meta levantinista va tornar a negar-li el gol al migcampista talaver\u00e0, que apareixia entre l\u00ednies i, despr\u00e9s de rebre una passada de Gerard, es va traure de la m\u00e0nega un tret sec al segon pal. A la tercera aniria la ven\u00e7uda per al \u2018profe\u2019. Manu Trigueros s\u2019apuntava a la festa golejadora del Villarreal amb un ob\u00fas des de m\u00e9s de 30 metres que resultava inassolible per a Aitor."},{"type":"paragraph","text":"A deu minuts del final, Gerard Moreno -que ja s\u2019ha acostumat a marcar els gols a parells- no va fallar a la seua cita amb el doblet. El tercer que converteix de manera consecutiva. El \u20187\u2019 \u00e9s, sense discussi\u00f3, el jugador m\u00e9s en forma de LaLiga i un dels m\u00e9s determinants del m\u00f3n. Immediatament despr\u00e9s del gol, Emery el va canviar. El p\u00fablic es va al\u00e7ar del seu seient per a acomiadar com es mereix al seu jugador m\u00e9s virtu\u00f3s."},{"type":"paragraph","text":"Els minuts finals tamb\u00e9 van oferir la participaci\u00f3 de dos joves talents del Villarreal B. Nicolas Jackson i Carlo Adriano, que debutava en LaLiga, van gaudir de la golejada en el derbi auton\u00f2mic."},{"type":"paragraph","text":"Amb quatre vict\u00f2ries consecutives en LaLiga, el Villarreal CF ja ocupa la huitena pla\u00e7a del campionat dom\u00e8stic en sumar 28 punts. Els d\u2019Unai Emery miren cada vegada m\u00e9s de prop els llocs europeus."},{"type":"paragraph","text":"Fitxa t\u00e8cnica:"},{"type":"paragraph","text":"Villarreal CF: Rulli; Serge Aurier, R. Albiol, Pau, Estupi\u00f1\u00e1n; Iborra, M. Trigueros (m.84, Carlo Adriano), Moi G\u00f3mez (m.73, Alberto M.), Chukwueze (m.73, Yeremy); Gerard (m.80, Dani Raba) i Dia (m.80, N. Jackson)."},{"type":"paragraph","text":"Levante UD: Aitor Fdez.; Marc Pubill, Ruben Vezo, O. Duarte, C. Clerc (m.59, Franquesa); Radoja (m.59, Malsa), Melero (m.59, P. Mart\u00ednez), Bardhi (m.78, Rober Pier), J.G. Campa\u00f1a, De Frutos (m.78, Dani G\u00f3mez); i Roger Ms."},{"type":"paragraph","text":"Gols: 1-0. Min 8: Dia. 2-0. Min 13: Pau. 3-0. Min 37: Gerard. 4-0. Min 74: M. Trigueros. 5-0. Min 79: Gerard."},{"type":"paragraph","text":"\u00c0rbitre: Hern\u00e1ndez Hern\u00e1ndez (Comit\u00e9 Canari). Va amonestar als locals Serge Aurier, Iborra i M. Trigueros i als visitants Bardhi i C. Clerc."},{"type":"paragraph","text":"Incid\u00e8ncies: Partit corresponent a la jornada 19 de LaLiga entre el Villarreal i el Levante disputat en l\u2019Estadi de la Cer\u00e0mica davant 13.462 espectadors."}],"buttons":[],"images":[{"type":"image","url":"https:\/\/villarrealcf.es\/\/wp-content\/uploads\/2022\/01\/501228885f340ade08ae78e3259ba42c.jpg","alt":"||||||","width":819,"height":460,"srcset":"https:\/\/villarrealcf.es\/wp-content\/uploads\/2022\/01\/501228885f340ade08ae78e3259ba42c.jpg 819w, https:\/\/villarrealcf.es\/\/wp-content\/uploads\/2022\/01\/501228885f340ade08ae78e3259ba42c.jpg 1920w, https:\/\/villarrealcf.es\/\/wp-content\/uploads\/2022\/01\/501228885f340ade08ae78e3259ba42c.jpg 1920w, https:\/\/villarrealcf.es\/\/wp-content\/uploads\/2022\/01\/501228885f340ade08ae78e3259ba42c.jpg 1920w, https:\/\/villarrealcf.es\/wp-content\/uploads\/2022\/01\/501228885f340ade08ae78e3259ba42c-32x18.jpg 32w, https:\/\/villarrealcf.es\/wp-content\/uploads\/2022\/01\/501228885f340ade08ae78e3259ba42c-150x84.jpg 150w, https:\/\/villarrealcf.es\/\/wp-content\/uploads\/2022\/01\/501228885f340ade08ae78e3259ba42c.jpg 1920w","sizes":"auto, (max-width: 819px) 100vw, 819px"}],"widgets":[],"blocks":[{"type":"image","url":"https:\/\/villarrealcf.es\/\/wp-content\/uploads\/2022\/01\/501228885f340ade08ae78e3259ba42c.jpg","alt":"||||||","width":819,"height":460,"srcset":"https:\/\/villarrealcf.es\/wp-content\/uploads\/2022\/01\/501228885f340ade08ae78e3259ba42c.jpg 819w, https:\/\/villarrealcf.es\/\/wp-content\/uploads\/2022\/01\/501228885f340ade08ae78e3259ba42c.jpg 1920w, https:\/\/villarrealcf.es\/\/wp-content\/uploads\/2022\/01\/501228885f340ade08ae78e3259ba42c.jpg 1920w, https:\/\/villarrealcf.es\/\/wp-content\/uploads\/2022\/01\/501228885f340ade08ae78e3259ba42c.jpg 1920w, https:\/\/villarrealcf.es\/wp-content\/uploads\/2022\/01\/501228885f340ade08ae78e3259ba42c-32x18.jpg 32w, https:\/\/villarrealcf.es\/wp-content\/uploads\/2022\/01\/501228885f340ade08ae78e3259ba42c-150x84.jpg 150w, https:\/\/villarrealcf.es\/\/wp-content\/uploads\/2022\/01\/501228885f340ade08ae78e3259ba42c.jpg 1920w","sizes":"auto, (max-width: 819px) 100vw, 819px"},{"type":"paragraph","text":"El Submar\u00ed dona la benvinguda al 2022 amb una impressionant actuaci\u00f3 dels pupils d\u2019Emery"},{"type":"paragraph","text":"El Villarreal va donar la benvinguda al 2022 amb una impressionant golejada. Els grocs van derrotar al Levante (5-0) en una impressionant actuaci\u00f3 coral dels homes d\u2019Unai Emery, que ja sumen sis vict\u00f2ries de manera consecutiva. Guiat per un excepcional Gerard Moreno, que va marcar dos gols, el Submar\u00ed agafa velocitat de creuer cap a la zona noble de la taula."},{"type":"paragraph","text":"El conjunt d\u2019Unai Emery va iniciar l\u2019any tal com el va acabar: a ritme de gols i espectacle. El Nadal no han minvat l\u2019excel\u00b7lent estat de forma dels grocs, que van dominar la contesa davant un Levante UD que es va rendir a la superioritat del Submar\u00ed."},{"type":"paragraph","text":"El Villarreal no es va caminar amb marrades i abans dels deu minuts de trobada ja manava en el marcador. Boulaye Dia va tornar a demostrar el seu talent com a golejador materialitzant, amb una rematada de cap, un excel\u00b7lent centre des de la dreta del sempre incisiu Samu Chukwueze."},{"type":"paragraph","text":"Sense donar-li temps a la reacci\u00f3, el Submar\u00ed tornava a colpejar al seu rival, que encara estava desencaixat per haver concedit el primer de la vesprada. Amb una rematada al segon pal, Pau Torres va traure rendiment a la pissarra d\u2019Unai Emery enviant al fons de la xarxa un servei de cant\u00f3 botat amb mestratge per Moi G\u00f3mez i prolongat pel capit\u00e0 Vicente Iborra."},{"type":"paragraph","text":"El Villarreal enlluernava a la seua afici\u00f3, que s\u2019ho passava en gran amb les diableries de Gerard. Abans del descans, el davanter catal\u00e0 ja va deslligar un parell de vegades l\u2019ovaci\u00f3 del respectable amb un parell de jugades d\u2019aut\u00e8ntica estrela."},{"type":"paragraph","text":"Per a emmarcar tamb\u00e9 va ser el gol\u00e0s del \u20187\u2019, que va fer pujar el 3-0 al llumin\u00f3s. Despr\u00e9s d\u2019un parell de fintes en la frontal de l\u2019\u00e0rea, Gerard es va endinsar pel carril del centre i, deixant de pedra a la saga granota, la va creuar al pal esquerre de la porteria. L\u2019Estadi de la Cer\u00e0mica es posava novament als seus peus."},{"type":"paragraph","text":"L\u2019important avantatge que administrava el Villarreal no va donar peu a relaxacions en el conjunt d\u2019Unai Emery. El Submar\u00ed va iniciar la segona meitat controlant el partit i amb la porteria rival entre cella i cella. No en va, als deu minuts del segon temps, Aitor va fer gala d\u2019uns excel\u00b7lents reflexos en repel\u00b7lir un testarazo de Manu Trigueros en boca de gol."},{"type":"paragraph","text":"En el minut 68, el meta levantinista va tornar a negar-li el gol al migcampista talaver\u00e0, que apareixia entre l\u00ednies i, despr\u00e9s de rebre una passada de Gerard, es va traure de la m\u00e0nega un tret sec al segon pal. A la tercera aniria la ven\u00e7uda per al \u2018profe\u2019. Manu Trigueros s\u2019apuntava a la festa golejadora del Villarreal amb un ob\u00fas des de m\u00e9s de 30 metres que resultava inassolible per a Aitor."},{"type":"paragraph","text":"A deu minuts del final, Gerard Moreno -que ja s\u2019ha acostumat a marcar els gols a parells- no va fallar a la seua cita amb el doblet. El tercer que converteix de manera consecutiva. El \u20187\u2019 \u00e9s, sense discussi\u00f3, el jugador m\u00e9s en forma de LaLiga i un dels m\u00e9s determinants del m\u00f3n. Immediatament despr\u00e9s del gol, Emery el va canviar. El p\u00fablic es va al\u00e7ar del seu seient per a acomiadar com es mereix al seu jugador m\u00e9s virtu\u00f3s."},{"type":"paragraph","text":"Els minuts finals tamb\u00e9 van oferir la participaci\u00f3 de dos joves talents del Villarreal B. Nicolas Jackson i Carlo Adriano, que debutava en LaLiga, van gaudir de la golejada en el derbi auton\u00f2mic."},{"type":"paragraph","text":"Amb quatre vict\u00f2ries consecutives en LaLiga, el Villarreal CF ja ocupa la huitena pla\u00e7a del campionat dom\u00e8stic en sumar 28 punts. Els d\u2019Unai Emery miren cada vegada m\u00e9s de prop els llocs europeus."},{"type":"paragraph","text":"Fitxa t\u00e8cnica:"},{"type":"paragraph","text":"Villarreal CF: Rulli; Serge Aurier, R. Albiol, Pau, Estupi\u00f1\u00e1n; Iborra, M. Trigueros (m.84, Carlo Adriano), Moi G\u00f3mez (m.73, Alberto M.), Chukwueze (m.73, Yeremy); Gerard (m.80, Dani Raba) i Dia (m.80, N. Jackson)."},{"type":"paragraph","text":"Levante UD: Aitor Fdez.; Marc Pubill, Ruben Vezo, O. Duarte, C. Clerc (m.59, Franquesa); Radoja (m.59, Malsa), Melero (m.59, P. Mart\u00ednez), Bardhi (m.78, Rober Pier), J.G. Campa\u00f1a, De Frutos (m.78, Dani G\u00f3mez); i Roger Ms."},{"type":"paragraph","text":"Gols: 1-0. Min 8: Dia. 2-0. Min 13: Pau. 3-0. Min 37: Gerard. 4-0. Min 74: M. Trigueros. 5-0. Min 79: Gerard."},{"type":"paragraph","text":"\u00c0rbitre: Hern\u00e1ndez Hern\u00e1ndez (Comit\u00e9 Canari). Va amonestar als locals Serge Aurier, Iborra i M. Trigueros i als visitants Bardhi i C. Clerc."},{"type":"paragraph","text":"Incid\u00e8ncies: Partit corresponent a la jornada 19 de LaLiga entre el Villarreal i el Levante disputat en l\u2019Estadi de la Cer\u00e0mica davant 13.462 espectadors."},{"type":"video","kind":"iframe","url":"https:\/\/www.youtube.com\/embed\/eWUAldwI6JQ?feature=oembed","poster":""}]}},"sections":[{"id":"section-1","title":"","text":"El Submar\u00ed dona la benvinguda al 2022 amb una impressionant actuaci\u00f3 dels pupils d\u2019Emery El Villarreal va donar la benvinguda al 2022 amb una impressionant golejada. Els grocs van derrotar al Levante (5-0) en una impressionant actuaci\u00f3 coral dels homes d\u2019Unai Emery, que ja sumen sis vict\u00f2ries de manera consecutiva. Guiat per un excepcional Gerard Moreno, que va marcar dos gols, el Submar\u00ed agafa velocitat de creuer cap a la zona noble de la taula. El conjunt d\u2019Unai Emery va iniciar l\u2019any tal com el va acabar: a ritme de gols i espectacle. El Nadal no han minvat l\u2019excel\u00b7lent estat de forma dels grocs, que van dominar la contesa davant un Levante UD que es va rendir a la superioritat del Submar\u00ed. El Villarreal no es va caminar amb marrades i abans dels deu minuts de trobada ja manava en el marcador. Boulaye Dia va tornar a demostrar el seu talent com a golejador materialitzant, amb una rematada de cap, un excel\u00b7lent centre des de la dreta del sempre incisiu Samu Chukwueze. Sense donar-li temps a la reacci\u00f3, el Submar\u00ed tornava a colpejar al seu rival, que encara estava desencaixat per haver concedit el primer de la vesprada. Amb una rematada al segon pal, Pau Torres va traure rendiment a la pissarra d\u2019Unai Emery enviant al fons de la xarxa un servei de cant\u00f3 botat amb mestratge per Moi G\u00f3mez i prolongat pel capit\u00e0 Vicente Iborra. El Villarreal enlluernava a la seua afici\u00f3, que s\u2019ho passava en gran amb les diableries de Gerard. Abans del descans, el davanter catal\u00e0 ja va deslligar un parell de vegades l\u2019ovaci\u00f3 del respectable amb un parell de jugades d\u2019aut\u00e8ntica estrela. Per a emmarcar tamb\u00e9 va ser el gol\u00e0s del \u20187\u2019, que va fer pujar el 3-0 al llumin\u00f3s. Despr\u00e9s d\u2019un parell de fintes en la frontal de l\u2019\u00e0rea, Gerard es va endinsar pel carril del centre i, deixant de pedra a la saga granota, la va creuar al pal esquerre de la porteria. L\u2019Estadi de la Cer\u00e0mica es posava novament als seus peus. L\u2019important avantatge que administrava el Villarreal no va donar peu a relaxacions en el conjunt d\u2019Unai Emery. El Submar\u00ed va iniciar la segona meitat controlant el partit i amb la porteria rival entre cella i cella. No en va, als deu minuts del segon temps, Aitor va fer gala d\u2019uns excel\u00b7lents reflexos en repel\u00b7lir un testarazo de Manu Trigueros en boca de gol. En el minut 68, el meta levantinista va tornar a negar-li el gol al migcampista talaver\u00e0, que apareixia entre l\u00ednies i, despr\u00e9s de rebre una passada de Gerard, es va traure de la m\u00e0nega un tret sec al segon pal. A la tercera aniria la ven\u00e7uda per al \u2018profe\u2019. Manu Trigueros s\u2019apuntava a la festa golejadora del Villarreal amb un ob\u00fas des de m\u00e9s de 30 metres que resultava inassolible per a Aitor. A deu minuts del final, Gerard Moreno -que ja s\u2019ha acostumat a marcar els gols a parells- no va fallar a la seua cita amb el doblet. El tercer que converteix de manera consecutiva. El \u20187\u2019 \u00e9s, sense discussi\u00f3, el jugador m\u00e9s en forma de LaLiga i un dels m\u00e9s determinants del m\u00f3n. Immediatament despr\u00e9s del gol, Emery el va canviar. El p\u00fablic es va al\u00e7ar del seu seient per a acomiadar com es mereix al seu jugador m\u00e9s virtu\u00f3s. Els minuts finals tamb\u00e9 van oferir la participaci\u00f3 de dos joves talents del Villarreal B. Nicolas Jackson i Carlo Adriano, que debutava en LaLiga, van gaudir de la golejada en el derbi auton\u00f2mic. Amb quatre vict\u00f2ries consecutives en LaLiga, el Villarreal CF ja ocupa la huitena pla\u00e7a del campionat dom\u00e8stic en sumar 28 punts. Els d\u2019Unai Emery miren cada vegada m\u00e9s de prop els llocs europeus. Fitxa t\u00e8cnica: Villarreal CF: Rulli; Serge Aurier, R. Albiol, Pau, Estupi\u00f1\u00e1n; Iborra, M. Trigueros (m.84, Carlo Adriano), Moi G\u00f3mez (m.73, Alberto M.), Chukwueze (m.73, Yeremy); Gerard (m.80, Dani Raba) i Dia (m.80, N. Jackson). Levante UD: Aitor Fdez.; Marc Pubill, Ruben Vezo, O. Duarte, C. Clerc (m.59, Franquesa); Radoja (m.59, Malsa), Melero (m.59, P. Mart\u00ednez), Bardhi (m.78, Rober Pier), J.G. Campa\u00f1a, De Frutos (m.78, Dani G\u00f3mez); i Roger Ms. Gols: 1-0. Min 8: Dia. 2-0. Min 13: Pau. 3-0. Min 37: Gerard. 4-0. Min 74: M. Trigueros. 5-0. Min 79: Gerard. \u00c0rbitre: Hern\u00e1ndez Hern\u00e1ndez (Comit\u00e9 Canari). Va amonestar als locals Serge Aurier, Iborra i M. Trigueros i als visitants Bardhi i C. Clerc. Incid\u00e8ncies: Partit corresponent a la jornada 19 de LaLiga entre el Villarreal i el Levante disputat en l\u2019Estadi de la Cer\u00e0mica davant 13.462 espectadors.","url":"","background_image":"","images":[{"type":"image","url":"https:\/\/villarrealcf.es\/\/wp-content\/uploads\/2022\/01\/501228885f340ade08ae78e3259ba42c.jpg","alt":"||||||","width":819,"height":460,"srcset":"https:\/\/villarrealcf.es\/wp-content\/uploads\/2022\/01\/501228885f340ade08ae78e3259ba42c.jpg 819w, https:\/\/villarrealcf.es\/\/wp-content\/uploads\/2022\/01\/501228885f340ade08ae78e3259ba42c.jpg 1920w, https:\/\/villarrealcf.es\/\/wp-content\/uploads\/2022\/01\/501228885f340ade08ae78e3259ba42c.jpg 1920w, https:\/\/villarrealcf.es\/\/wp-content\/uploads\/2022\/01\/501228885f340ade08ae78e3259ba42c.jpg 1920w, https:\/\/villarrealcf.es\/wp-content\/uploads\/2022\/01\/501228885f340ade08ae78e3259ba42c-32x18.jpg 32w, https:\/\/villarrealcf.es\/wp-content\/uploads\/2022\/01\/501228885f340ade08ae78e3259ba42c-150x84.jpg 150w, https:\/\/villarrealcf.es\/\/wp-content\/uploads\/2022\/01\/501228885f340ade08ae78e3259ba42c.jpg 1920w","sizes":"auto, (max-width: 819px) 100vw, 819px"}],"videos":[{"type":"video","kind":"iframe","url":"https:\/\/www.youtube.com\/embed\/eWUAldwI6JQ?feature=oembed","poster":""}],"links":[]},{"id":"shortcode-caption-69ef60068e6d3","type":"shortcode","shortcode":"caption","attributes":{"id":"attachment_178422","align":"alignnone","width":""},"title":"Caption","rendered":"","data":[],"text":"","url":"","background_image":"","images":[],"videos":[],"links":[],"blocks":[]}]},"excerpt":{"rendered":"El Submar\u00ed dona la benvinguda al 2022 amb una impressionant actuaci\u00f3 dels pupils d&#8217;Emery","protected":false},"author":1,"featured_media":178422,"comment_status":"","ping_status":"","sticky":false,"template":"","format":"standard","meta":{"_acf_changed":false,"footnotes":""},"categories":[4854],"tags":[12554,12556,11429,9270,9340,11136,9611,9205,9627,9203],"acf":null,"lang":"val","translations":{"val":222482},"essential_grid":{"has_grid":false},"formatted_date":"January 3, 2022","modified_date":"January 3, 2022","permalink":"https:\/\/villarrealcf.es\/val\/el-villarreal-enamora-amb-una-golejada-davant-el-levante-5-0\/","reading_time":5,"featured_media_data":{"id":178422,"title":"||||||","caption":"||||||","alt_text":"","description":"","mime_type":"image\/jpeg","source_url":"https:\/\/villarrealcf.es\/wp-content\/uploads\/2022\/01\/501228885f340ade08ae78e3259ba42c.jpg","sizes":{"thumbnail":{"url":"https:\/\/villarrealcf.es\/wp-content\/uploads\/2022\/01\/501228885f340ade08ae78e3259ba42c-150x150.jpg","width":150,"height":150},"medium":{"url":"https:\/\/villarrealcf.es\/wp-content\/uploads\/2022\/01\/501228885f340ade08ae78e3259ba42c-300x168.jpg","width":300,"height":168},"medium_large":{"url":"https:\/\/villarrealcf.es\/wp-content\/uploads\/2022\/01\/501228885f340ade08ae78e3259ba42c-768x431.jpg","width":768,"height":431},"large":{"url":"https:\/\/villarrealcf.es\/wp-content\/uploads\/2022\/01\/501228885f340ade08ae78e3259ba42c.jpg","width":788,"height":443},"1536x1536":{"url":"https:\/\/villarrealcf.es\/wp-content\/uploads\/2022\/01\/501228885f340ade08ae78e3259ba42c.jpg","width":819,"height":460},"2048x2048":{"url":"https:\/\/villarrealcf.es\/wp-content\/uploads\/2022\/01\/501228885f340ade08ae78e3259ba42c.jpg","width":819,"height":460},"tp-image-grid":{"url":"https:\/\/villarrealcf.es\/wp-content\/uploads\/2022\/01\/501228885f340ade08ae78e3259ba42c-700x460.jpg","width":700,"height":460},"size-bunyad-medium":{"url":"https:\/\/villarrealcf.es\/wp-content\/uploads\/2022\/01\/501228885f340ade08ae78e3259ba42c.jpg","width":819,"height":460},"sportspress-crop-medium":{"url":"https:\/\/villarrealcf.es\/wp-content\/uploads\/2022\/01\/501228885f340ade08ae78e3259ba42c-300x300.jpg","width":300,"height":300},"sportspress-fit-medium":{"url":"https:\/\/villarrealcf.es\/wp-content\/uploads\/2022\/01\/501228885f340ade08ae78e3259ba42c-300x168.jpg","width":300,"height":168},"sportspress-fit-icon":{"url":"https:\/\/villarrealcf.es\/wp-content\/uploads\/2022\/01\/501228885f340ade08ae78e3259ba42c-128x72.jpg","width":128,"height":72},"sportspress-fit-mini":{"url":"https:\/\/villarrealcf.es\/wp-content\/uploads\/2022\/01\/501228885f340ade08ae78e3259ba42c-32x18.jpg","width":32,"height":18},"bunyad-small":{"url":"https:\/\/villarrealcf.es\/wp-content\/uploads\/2022\/01\/501228885f340ade08ae78e3259ba42c-150x84.jpg","width":150,"height":84},"bunyad-medium":{"url":"https:\/\/villarrealcf.es\/wp-content\/uploads\/2022\/01\/501228885f340ade08ae78e3259ba42c-450x253.jpg","width":450,"height":253},"bunyad-full":{"url":"https:\/\/villarrealcf.es\/wp-content\/uploads\/2022\/01\/501228885f340ade08ae78e3259ba42c.jpg","width":819,"height":460},"bunyad-viewport":{"url":"https:\/\/villarrealcf.es\/wp-content\/uploads\/2022\/01\/501228885f340ade08ae78e3259ba42c.jpg","width":819,"height":460},"bunyad-768":{"url":"https:\/\/villarrealcf.es\/wp-content\/uploads\/2022\/01\/501228885f340ade08ae78e3259ba42c-768x431.jpg","width":768,"height":431},"full":{"url":"https:\/\/villarrealcf.es\/wp-content\/uploads\/2022\/01\/501228885f340ade08ae78e3259ba42c.jpg","width":819,"height":460}}},"author_data":{"id":"1","name":"root_envidea","first_name":"Villarreal CF","last_name":"","description":"","avatar_url":"https:\/\/secure.gravatar.com\/avatar\/48f95f42a3ccc324f3a3458e4b9e6fb070b083e99d388e170c1afb061fa99b63?s=96&d=mm&r=g","acf":null},"taxonomies_data":{"category":[{"id":4854,"name":"Noticies Generals","slug":"noticies-generals","acf":null}],"post_tag":[{"id":12554,"name":"#Football","slug":"football-val","acf":null},{"id":12556,"name":"#Soccer","slug":"soccer-val","acf":null},{"id":11429,"name":"Estadio de la Cer\u00e1mica","slug":"estadio-de-la-ceramica-val","acf":null},{"id":9270,"name":"Futbol","slug":"futbol-val","acf":null},{"id":9340,"name":"Jornada 19","slug":"jornada-19-val","acf":null},{"id":11136,"name":"LaLiga Santander","slug":"laliga-santander-val","acf":null},{"id":9611,"name":"Levante UD","slug":"levante-ud-val","acf":null},{"id":9205,"name":"Submarino","slug":"submarino-val","acf":null},{"id":9627,"name":"Submarino Amarillo","slug":"submarino-amarillo-val","acf":null},{"id":9203,"name":"Villarreal CF","slug":"villarreal-cf-val","acf":null}],"translation_priority":[{"id":735,"name":"Optional","slug":"optional-val","acf":null}]},"seo_full":{"native":{"title":"El Villarreal enamora amb una golejada davant el Levante (5-0) - Web Oficial del Villarreal CF","description":"[caption id=\"attachment_178422\" align=\"alignnone\" width=\"\"]||||||[\/caption]El Submar\u00ed dona la benvinguda al 2022 amb una impressionant actuaci\u00f3 dels pupils d'Emery El Villarreal va&hellip;","canonical":"https:\/\/villarrealcf.es\/val\/el-villarreal-enamora-amb-una-golejada-davant-el-levante-5-0\/"}},"_links":{"self":[{"href":"https:\/\/villarrealcf.es\/val\/wp-json\/wp\/v2\/posts\/222482","targetHints":{"allow":["GET"]}}],"collection":[{"href":"https:\/\/villarrealcf.es\/val\/wp-json\/wp\/v2\/posts"}],"about":[{"href":"https:\/\/villarrealcf.es\/val\/wp-json\/wp\/v2\/types\/post"}],"author":[{"embeddable":true,"href":"https:\/\/villarrealcf.es\/val\/wp-json\/wp\/v2\/users\/1"}],"replies":[{"embeddable":true,"href":"https:\/\/villarrealcf.es\/val\/wp-json\/wp\/v2\/comments?post=222482"}],"version-history":[{"count":0,"href":"https:\/\/villarrealcf.es\/val\/wp-json\/wp\/v2\/posts\/222482\/revisions"}],"wp:featuredmedia":[{"embeddable":true,"href":"https:\/\/villarrealcf.es\/val\/wp-json\/wp\/v2\/media\/178422"}],"wp:attachment":[{"href":"https:\/\/villarrealcf.es\/val\/wp-json\/wp\/v2\/media?parent=222482"}],"wp:term":[{"taxonomy":"category","embeddable":true,"href":"https:\/\/villarrealcf.es\/val\/wp-json\/wp\/v2\/categories?post=222482"},{"taxonomy":"post_tag","embeddable":true,"href":"https:\/\/villarrealcf.es\/val\/wp-json\/wp\/v2\/tags?post=222482"}],"curies":[{"name":"wp","href":"https:\/\/api.w.org\/{rel}","templated":true}]}}