{"id":222475,"date":"2022-01-03T15:41:58","date_gmt":"2022-01-03T14:41:58","guid":{"rendered":"https:\/\/villarrealcf.es\/\/talento-solidaridad-e-ilusion-en-la-previa-ante-el-levante-2\/"},"modified":"2022-01-03T15:41:58","modified_gmt":"2022-01-03T14:41:58","slug":"talento-solidaridad-e-ilusion-en-la-previa-ante-el-levante-2","status":"publish","type":"post","link":"https:\/\/villarrealcf.es\/val\/talento-solidaridad-e-ilusion-en-la-previa-ante-el-levante-2\/","title":{"rendered":"Talent, solidaritat i il\u00b7lusi\u00f3 a la pr\u00e8via del Levante"},"content":{"protected":false,"blocks":[{"type":"image","url":"https:\/\/villarrealcf.es\/\/wp-content\/uploads\/2022\/01\/7cac6e1b2cb586842ab2863182d97540.jpg","alt":"||||","width":819,"height":460,"srcset":"https:\/\/villarrealcf.es\/wp-content\/uploads\/2022\/01\/7cac6e1b2cb586842ab2863182d97540.jpg 819w, https:\/\/villarrealcf.es\/\/wp-content\/uploads\/2022\/01\/7cac6e1b2cb586842ab2863182d97540.jpg 1920w, https:\/\/villarrealcf.es\/\/wp-content\/uploads\/2022\/01\/7cac6e1b2cb586842ab2863182d97540.jpg 1920w, https:\/\/villarrealcf.es\/\/wp-content\/uploads\/2022\/01\/7cac6e1b2cb586842ab2863182d97540.jpg 1920w, https:\/\/villarrealcf.es\/wp-content\/uploads\/2022\/01\/7cac6e1b2cb586842ab2863182d97540-32x18.jpg 32w, https:\/\/villarrealcf.es\/wp-content\/uploads\/2022\/01\/7cac6e1b2cb586842ab2863182d97540-150x84.jpg 150w, https:\/\/villarrealcf.es\/\/wp-content\/uploads\/2022\/01\/7cac6e1b2cb586842ab2863182d97540.jpg 1920w","sizes":"auto, (max-width: 819px) 100vw, 819px"},{"type":"paragraph","text":"Una campanya de recollida de joguets, la visita dels patges dels Reis Mags, l\u2019actuaci\u00f3 del Groc Talent i el Torneig 3\u00d73 Groguet donen vida a la pr\u00e8via del derbi auton\u00f2mic"},{"type":"paragraph","text":"Els aficionats del Villarreal CF van gaudir en gran de la pr\u00e8via del partit davant el Levante UD. La Fan Zone va comptar amb tota mena d\u2019activitats que van amenitzar els instants previs al derbi auton\u00f2mic."},{"type":"paragraph","text":"Els patges dels Reis Mags es van instal\u00b7lar en una carpa real per a recollir les cartes de desitjos dels \u2018groguets\u2019 m\u00e9s xicotets de la casa. Els m\u00e9s esportistes tamb\u00e9 van poder passar una bona estona amb la multitud de jocs i inflables que copaven la Pla\u00e7a de l\u2019Estadi de la Cer\u00e0mica."},{"type":"paragraph","text":"Entre tanta diversi\u00f3, els seguidors del Villarreal van demostrar una vegada m\u00e9s la seua solidaritat, participant en la campanya Una altra vida per al teu joguet i donant joguets que seran entregats als diferents centres d\u2019acolliment de la prov\u00edncia de Castell\u00f3."},{"type":"paragraph","text":"L\u2019espectacle corria a compte de Palo Domado. El grup de pop-rock benicarlando va enamorar als centenars d\u2019aficionats que esperaven l\u2019hora de partit. El concurs Groc Talent, impulsat pel Villarreal a trav\u00e9s de la iniciativa d\u2019Endavant Cultura i en col\u00b7laboraci\u00f3 amb el SanSan Festival, va tornar a posar el toc de cultura en la Fan Zone."},{"type":"paragraph","text":"Finalment, el CD Roda, CD Almassora i CD l\u2019Alcora van ser els conjunts participants en el Torneig 3\u00d73 Groguet. Els campions van ser en categoria benjam\u00ed el Grup Gerard del CD Roda (va guanyar la final al grup Parejo del CD Alcora per 3-2) i en categoria prebenjam\u00ed el Grup Pau Torres del CD Roda (va guanyar la final al grup Pau Torres del CD Roda per 4-3)."}],"structured":{"summary":{"text":"Una campanya de recollida de joguets, la visita dels patges dels Reis Mags, l\u2019actuaci\u00f3 del Groc Talent i el Torneig 3\u00d73 Groguet donen vida a la pr\u00e8via del derbi auton\u00f2mic Els aficionats del Villarreal CF van gaudir en gran de la pr\u00e8via del partit davant el Levante UD. La Fan Zone va comptar amb tota mena d\u2019activitats que van amenitzar els instants previs al derbi auton\u00f2mic. Els patges dels Reis Mags es van instal\u00b7lar en una carpa real per a recollir les cartes de desitjos dels \u2018groguets\u2019 m\u00e9s xicotets de la casa. Els m\u00e9s esportistes tamb\u00e9 van poder passar una bona estona amb la multitud de jocs i inflables que copaven la Pla\u00e7a de l\u2019Estadi de la Cer\u00e0mica. Entre tanta diversi\u00f3, els seguidors del Villarreal van demostrar una vegada m\u00e9s la seua solidaritat, participant en la campanya Una altra vida per al teu joguet i donant joguets que seran entregats als diferents centres d\u2019acolliment de la prov\u00edncia de Castell\u00f3. L\u2019espectacle corria a compte de Palo Domado. El grup de pop-rock benicarlando va enamorar als centenars d\u2019aficionats que esperaven l\u2019hora de partit. El concurs Groc Talent, impulsat pel Villarreal a trav\u00e9s de la iniciativa d\u2019Endavant Cultura i en col\u00b7laboraci\u00f3 amb el SanSan Festival, va tornar a posar el toc de cultura en la Fan Zone. Finalment, el CD Roda, CD Almassora i CD l\u2019Alcora van ser els conjunts participants en el Torneig 3\u00d73 Groguet. Els campions van ser en categoria benjam\u00ed el Grup Gerard del CD Roda (va guanyar la final al grup Parejo del CD Alcora per 3-2) i en categoria prebenjam\u00ed el Grup Pau Torres del CD Roda (va guanyar la final al grup Pau Torres del CD Roda per 4-3).","headings":[],"buttons":[],"images":[{"type":"image","url":"https:\/\/villarrealcf.es\/\/wp-content\/uploads\/2022\/01\/7cac6e1b2cb586842ab2863182d97540.jpg","alt":"||||","width":819,"height":460,"srcset":"https:\/\/villarrealcf.es\/wp-content\/uploads\/2022\/01\/7cac6e1b2cb586842ab2863182d97540.jpg 819w, https:\/\/villarrealcf.es\/\/wp-content\/uploads\/2022\/01\/7cac6e1b2cb586842ab2863182d97540.jpg 1920w, https:\/\/villarrealcf.es\/\/wp-content\/uploads\/2022\/01\/7cac6e1b2cb586842ab2863182d97540.jpg 1920w, https:\/\/villarrealcf.es\/\/wp-content\/uploads\/2022\/01\/7cac6e1b2cb586842ab2863182d97540.jpg 1920w, https:\/\/villarrealcf.es\/wp-content\/uploads\/2022\/01\/7cac6e1b2cb586842ab2863182d97540-32x18.jpg 32w, https:\/\/villarrealcf.es\/wp-content\/uploads\/2022\/01\/7cac6e1b2cb586842ab2863182d97540-150x84.jpg 150w, https:\/\/villarrealcf.es\/\/wp-content\/uploads\/2022\/01\/7cac6e1b2cb586842ab2863182d97540.jpg 1920w","sizes":"auto, (max-width: 819px) 100vw, 819px"}],"counts":{"blocks":7,"headings":0,"texts":6,"buttons":0,"images":1}},"sections":[{"id":"section-1","title":"","text":"Una campanya de recollida de joguets, la visita dels patges dels Reis Mags, l\u2019actuaci\u00f3 del Groc Talent i el Torneig 3\u00d73 Groguet donen vida a la pr\u00e8via del derbi auton\u00f2mic Els aficionats del Villarreal CF van gaudir en gran de la pr\u00e8via del partit davant el Levante UD. La Fan Zone va comptar amb tota mena d\u2019activitats que van amenitzar els instants previs al derbi auton\u00f2mic. Els patges dels Reis Mags es van instal\u00b7lar en una carpa real per a recollir les cartes de desitjos dels \u2018groguets\u2019 m\u00e9s xicotets de la casa. Els m\u00e9s esportistes tamb\u00e9 van poder passar una bona estona amb la multitud de jocs i inflables que copaven la Pla\u00e7a de l\u2019Estadi de la Cer\u00e0mica. Entre tanta diversi\u00f3, els seguidors del Villarreal van demostrar una vegada m\u00e9s la seua solidaritat, participant en la campanya Una altra vida per al teu joguet i donant joguets que seran entregats als diferents centres d\u2019acolliment de la prov\u00edncia de Castell\u00f3. L\u2019espectacle corria a compte de Palo Domado. El grup de pop-rock benicarlando va enamorar als centenars d\u2019aficionats que esperaven l\u2019hora de partit. El concurs Groc Talent, impulsat pel Villarreal a trav\u00e9s de la iniciativa d\u2019Endavant Cultura i en col\u00b7laboraci\u00f3 amb el SanSan Festival, va tornar a posar el toc de cultura en la Fan Zone. Finalment, el CD Roda, CD Almassora i CD l\u2019Alcora van ser els conjunts participants en el Torneig 3\u00d73 Groguet. Els campions van ser en categoria benjam\u00ed el Grup Gerard del CD Roda (va guanyar la final al grup Parejo del CD Alcora per 3-2) i en categoria prebenjam\u00ed el Grup Pau Torres del CD Roda (va guanyar la final al grup Pau Torres del CD Roda per 4-3).","headings":[],"texts":[{"type":"paragraph","text":"Una campanya de recollida de joguets, la visita dels patges dels Reis Mags, l\u2019actuaci\u00f3 del Groc Talent i el Torneig 3\u00d73 Groguet donen vida a la pr\u00e8via del derbi auton\u00f2mic"},{"type":"paragraph","text":"Els aficionats del Villarreal CF van gaudir en gran de la pr\u00e8via del partit davant el Levante UD. La Fan Zone va comptar amb tota mena d\u2019activitats que van amenitzar els instants previs al derbi auton\u00f2mic."},{"type":"paragraph","text":"Els patges dels Reis Mags es van instal\u00b7lar en una carpa real per a recollir les cartes de desitjos dels \u2018groguets\u2019 m\u00e9s xicotets de la casa. Els m\u00e9s esportistes tamb\u00e9 van poder passar una bona estona amb la multitud de jocs i inflables que copaven la Pla\u00e7a de l\u2019Estadi de la Cer\u00e0mica."},{"type":"paragraph","text":"Entre tanta diversi\u00f3, els seguidors del Villarreal van demostrar una vegada m\u00e9s la seua solidaritat, participant en la campanya Una altra vida per al teu joguet i donant joguets que seran entregats als diferents centres d\u2019acolliment de la prov\u00edncia de Castell\u00f3."},{"type":"paragraph","text":"L\u2019espectacle corria a compte de Palo Domado. El grup de pop-rock benicarlando va enamorar als centenars d\u2019aficionats que esperaven l\u2019hora de partit. El concurs Groc Talent, impulsat pel Villarreal a trav\u00e9s de la iniciativa d\u2019Endavant Cultura i en col\u00b7laboraci\u00f3 amb el SanSan Festival, va tornar a posar el toc de cultura en la Fan Zone."},{"type":"paragraph","text":"Finalment, el CD Roda, CD Almassora i CD l\u2019Alcora van ser els conjunts participants en el Torneig 3\u00d73 Groguet. Els campions van ser en categoria benjam\u00ed el Grup Gerard del CD Roda (va guanyar la final al grup Parejo del CD Alcora per 3-2) i en categoria prebenjam\u00ed el Grup Pau Torres del CD Roda (va guanyar la final al grup Pau Torres del CD Roda per 4-3)."}],"buttons":[],"images":[{"type":"image","url":"https:\/\/villarrealcf.es\/\/wp-content\/uploads\/2022\/01\/7cac6e1b2cb586842ab2863182d97540.jpg","alt":"||||","width":819,"height":460,"srcset":"https:\/\/villarrealcf.es\/wp-content\/uploads\/2022\/01\/7cac6e1b2cb586842ab2863182d97540.jpg 819w, https:\/\/villarrealcf.es\/\/wp-content\/uploads\/2022\/01\/7cac6e1b2cb586842ab2863182d97540.jpg 1920w, https:\/\/villarrealcf.es\/\/wp-content\/uploads\/2022\/01\/7cac6e1b2cb586842ab2863182d97540.jpg 1920w, https:\/\/villarrealcf.es\/\/wp-content\/uploads\/2022\/01\/7cac6e1b2cb586842ab2863182d97540.jpg 1920w, https:\/\/villarrealcf.es\/wp-content\/uploads\/2022\/01\/7cac6e1b2cb586842ab2863182d97540-32x18.jpg 32w, https:\/\/villarrealcf.es\/wp-content\/uploads\/2022\/01\/7cac6e1b2cb586842ab2863182d97540-150x84.jpg 150w, https:\/\/villarrealcf.es\/\/wp-content\/uploads\/2022\/01\/7cac6e1b2cb586842ab2863182d97540.jpg 1920w","sizes":"auto, (max-width: 819px) 100vw, 819px"}],"widgets":[],"blocks":[{"type":"image","url":"https:\/\/villarrealcf.es\/\/wp-content\/uploads\/2022\/01\/7cac6e1b2cb586842ab2863182d97540.jpg","alt":"||||","width":819,"height":460,"srcset":"https:\/\/villarrealcf.es\/wp-content\/uploads\/2022\/01\/7cac6e1b2cb586842ab2863182d97540.jpg 819w, https:\/\/villarrealcf.es\/\/wp-content\/uploads\/2022\/01\/7cac6e1b2cb586842ab2863182d97540.jpg 1920w, https:\/\/villarrealcf.es\/\/wp-content\/uploads\/2022\/01\/7cac6e1b2cb586842ab2863182d97540.jpg 1920w, https:\/\/villarrealcf.es\/\/wp-content\/uploads\/2022\/01\/7cac6e1b2cb586842ab2863182d97540.jpg 1920w, https:\/\/villarrealcf.es\/wp-content\/uploads\/2022\/01\/7cac6e1b2cb586842ab2863182d97540-32x18.jpg 32w, https:\/\/villarrealcf.es\/wp-content\/uploads\/2022\/01\/7cac6e1b2cb586842ab2863182d97540-150x84.jpg 150w, https:\/\/villarrealcf.es\/\/wp-content\/uploads\/2022\/01\/7cac6e1b2cb586842ab2863182d97540.jpg 1920w","sizes":"auto, (max-width: 819px) 100vw, 819px"},{"type":"paragraph","text":"Una campanya de recollida de joguets, la visita dels patges dels Reis Mags, l\u2019actuaci\u00f3 del Groc Talent i el Torneig 3\u00d73 Groguet donen vida a la pr\u00e8via del derbi auton\u00f2mic"},{"type":"paragraph","text":"Els aficionats del Villarreal CF van gaudir en gran de la pr\u00e8via del partit davant el Levante UD. La Fan Zone va comptar amb tota mena d\u2019activitats que van amenitzar els instants previs al derbi auton\u00f2mic."},{"type":"paragraph","text":"Els patges dels Reis Mags es van instal\u00b7lar en una carpa real per a recollir les cartes de desitjos dels \u2018groguets\u2019 m\u00e9s xicotets de la casa. Els m\u00e9s esportistes tamb\u00e9 van poder passar una bona estona amb la multitud de jocs i inflables que copaven la Pla\u00e7a de l\u2019Estadi de la Cer\u00e0mica."},{"type":"paragraph","text":"Entre tanta diversi\u00f3, els seguidors del Villarreal van demostrar una vegada m\u00e9s la seua solidaritat, participant en la campanya Una altra vida per al teu joguet i donant joguets que seran entregats als diferents centres d\u2019acolliment de la prov\u00edncia de Castell\u00f3."},{"type":"paragraph","text":"L\u2019espectacle corria a compte de Palo Domado. El grup de pop-rock benicarlando va enamorar als centenars d\u2019aficionats que esperaven l\u2019hora de partit. El concurs Groc Talent, impulsat pel Villarreal a trav\u00e9s de la iniciativa d\u2019Endavant Cultura i en col\u00b7laboraci\u00f3 amb el SanSan Festival, va tornar a posar el toc de cultura en la Fan Zone."},{"type":"paragraph","text":"Finalment, el CD Roda, CD Almassora i CD l\u2019Alcora van ser els conjunts participants en el Torneig 3\u00d73 Groguet. Els campions van ser en categoria benjam\u00ed el Grup Gerard del CD Roda (va guanyar la final al grup Parejo del CD Alcora per 3-2) i en categoria prebenjam\u00ed el Grup Pau Torres del CD Roda (va guanyar la final al grup Pau Torres del CD Roda per 4-3)."}]}],"hero":{"id":"section-1","title":"","text":"Una campanya de recollida de joguets, la visita dels patges dels Reis Mags, l\u2019actuaci\u00f3 del Groc Talent i el Torneig 3\u00d73 Groguet donen vida a la pr\u00e8via del derbi auton\u00f2mic Els aficionats del Villarreal CF van gaudir en gran de la pr\u00e8via del partit davant el Levante UD. La Fan Zone va comptar amb tota mena d\u2019activitats que van amenitzar els instants previs al derbi auton\u00f2mic. Els patges dels Reis Mags es van instal\u00b7lar en una carpa real per a recollir les cartes de desitjos dels \u2018groguets\u2019 m\u00e9s xicotets de la casa. Els m\u00e9s esportistes tamb\u00e9 van poder passar una bona estona amb la multitud de jocs i inflables que copaven la Pla\u00e7a de l\u2019Estadi de la Cer\u00e0mica. Entre tanta diversi\u00f3, els seguidors del Villarreal van demostrar una vegada m\u00e9s la seua solidaritat, participant en la campanya Una altra vida per al teu joguet i donant joguets que seran entregats als diferents centres d\u2019acolliment de la prov\u00edncia de Castell\u00f3. L\u2019espectacle corria a compte de Palo Domado. El grup de pop-rock benicarlando va enamorar als centenars d\u2019aficionats que esperaven l\u2019hora de partit. El concurs Groc Talent, impulsat pel Villarreal a trav\u00e9s de la iniciativa d\u2019Endavant Cultura i en col\u00b7laboraci\u00f3 amb el SanSan Festival, va tornar a posar el toc de cultura en la Fan Zone. Finalment, el CD Roda, CD Almassora i CD l\u2019Alcora van ser els conjunts participants en el Torneig 3\u00d73 Groguet. Els campions van ser en categoria benjam\u00ed el Grup Gerard del CD Roda (va guanyar la final al grup Parejo del CD Alcora per 3-2) i en categoria prebenjam\u00ed el Grup Pau Torres del CD Roda (va guanyar la final al grup Pau Torres del CD Roda per 4-3).","headings":[],"texts":[{"type":"paragraph","text":"Una campanya de recollida de joguets, la visita dels patges dels Reis Mags, l\u2019actuaci\u00f3 del Groc Talent i el Torneig 3\u00d73 Groguet donen vida a la pr\u00e8via del derbi auton\u00f2mic"},{"type":"paragraph","text":"Els aficionats del Villarreal CF van gaudir en gran de la pr\u00e8via del partit davant el Levante UD. La Fan Zone va comptar amb tota mena d\u2019activitats que van amenitzar els instants previs al derbi auton\u00f2mic."},{"type":"paragraph","text":"Els patges dels Reis Mags es van instal\u00b7lar en una carpa real per a recollir les cartes de desitjos dels \u2018groguets\u2019 m\u00e9s xicotets de la casa. Els m\u00e9s esportistes tamb\u00e9 van poder passar una bona estona amb la multitud de jocs i inflables que copaven la Pla\u00e7a de l\u2019Estadi de la Cer\u00e0mica."},{"type":"paragraph","text":"Entre tanta diversi\u00f3, els seguidors del Villarreal van demostrar una vegada m\u00e9s la seua solidaritat, participant en la campanya Una altra vida per al teu joguet i donant joguets que seran entregats als diferents centres d\u2019acolliment de la prov\u00edncia de Castell\u00f3."},{"type":"paragraph","text":"L\u2019espectacle corria a compte de Palo Domado. El grup de pop-rock benicarlando va enamorar als centenars d\u2019aficionats que esperaven l\u2019hora de partit. El concurs Groc Talent, impulsat pel Villarreal a trav\u00e9s de la iniciativa d\u2019Endavant Cultura i en col\u00b7laboraci\u00f3 amb el SanSan Festival, va tornar a posar el toc de cultura en la Fan Zone."},{"type":"paragraph","text":"Finalment, el CD Roda, CD Almassora i CD l\u2019Alcora van ser els conjunts participants en el Torneig 3\u00d73 Groguet. Els campions van ser en categoria benjam\u00ed el Grup Gerard del CD Roda (va guanyar la final al grup Parejo del CD Alcora per 3-2) i en categoria prebenjam\u00ed el Grup Pau Torres del CD Roda (va guanyar la final al grup Pau Torres del CD Roda per 4-3)."}],"buttons":[],"images":[{"type":"image","url":"https:\/\/villarrealcf.es\/\/wp-content\/uploads\/2022\/01\/7cac6e1b2cb586842ab2863182d97540.jpg","alt":"||||","width":819,"height":460,"srcset":"https:\/\/villarrealcf.es\/wp-content\/uploads\/2022\/01\/7cac6e1b2cb586842ab2863182d97540.jpg 819w, https:\/\/villarrealcf.es\/\/wp-content\/uploads\/2022\/01\/7cac6e1b2cb586842ab2863182d97540.jpg 1920w, https:\/\/villarrealcf.es\/\/wp-content\/uploads\/2022\/01\/7cac6e1b2cb586842ab2863182d97540.jpg 1920w, https:\/\/villarrealcf.es\/\/wp-content\/uploads\/2022\/01\/7cac6e1b2cb586842ab2863182d97540.jpg 1920w, https:\/\/villarrealcf.es\/wp-content\/uploads\/2022\/01\/7cac6e1b2cb586842ab2863182d97540-32x18.jpg 32w, https:\/\/villarrealcf.es\/wp-content\/uploads\/2022\/01\/7cac6e1b2cb586842ab2863182d97540-150x84.jpg 150w, https:\/\/villarrealcf.es\/\/wp-content\/uploads\/2022\/01\/7cac6e1b2cb586842ab2863182d97540.jpg 1920w","sizes":"auto, (max-width: 819px) 100vw, 819px"}],"widgets":[],"blocks":[{"type":"image","url":"https:\/\/villarrealcf.es\/\/wp-content\/uploads\/2022\/01\/7cac6e1b2cb586842ab2863182d97540.jpg","alt":"||||","width":819,"height":460,"srcset":"https:\/\/villarrealcf.es\/wp-content\/uploads\/2022\/01\/7cac6e1b2cb586842ab2863182d97540.jpg 819w, https:\/\/villarrealcf.es\/\/wp-content\/uploads\/2022\/01\/7cac6e1b2cb586842ab2863182d97540.jpg 1920w, https:\/\/villarrealcf.es\/\/wp-content\/uploads\/2022\/01\/7cac6e1b2cb586842ab2863182d97540.jpg 1920w, https:\/\/villarrealcf.es\/\/wp-content\/uploads\/2022\/01\/7cac6e1b2cb586842ab2863182d97540.jpg 1920w, https:\/\/villarrealcf.es\/wp-content\/uploads\/2022\/01\/7cac6e1b2cb586842ab2863182d97540-32x18.jpg 32w, https:\/\/villarrealcf.es\/wp-content\/uploads\/2022\/01\/7cac6e1b2cb586842ab2863182d97540-150x84.jpg 150w, https:\/\/villarrealcf.es\/\/wp-content\/uploads\/2022\/01\/7cac6e1b2cb586842ab2863182d97540.jpg 1920w","sizes":"auto, (max-width: 819px) 100vw, 819px"},{"type":"paragraph","text":"Una campanya de recollida de joguets, la visita dels patges dels Reis Mags, l\u2019actuaci\u00f3 del Groc Talent i el Torneig 3\u00d73 Groguet donen vida a la pr\u00e8via del derbi auton\u00f2mic"},{"type":"paragraph","text":"Els aficionats del Villarreal CF van gaudir en gran de la pr\u00e8via del partit davant el Levante UD. La Fan Zone va comptar amb tota mena d\u2019activitats que van amenitzar els instants previs al derbi auton\u00f2mic."},{"type":"paragraph","text":"Els patges dels Reis Mags es van instal\u00b7lar en una carpa real per a recollir les cartes de desitjos dels \u2018groguets\u2019 m\u00e9s xicotets de la casa. Els m\u00e9s esportistes tamb\u00e9 van poder passar una bona estona amb la multitud de jocs i inflables que copaven la Pla\u00e7a de l\u2019Estadi de la Cer\u00e0mica."},{"type":"paragraph","text":"Entre tanta diversi\u00f3, els seguidors del Villarreal van demostrar una vegada m\u00e9s la seua solidaritat, participant en la campanya Una altra vida per al teu joguet i donant joguets que seran entregats als diferents centres d\u2019acolliment de la prov\u00edncia de Castell\u00f3."},{"type":"paragraph","text":"L\u2019espectacle corria a compte de Palo Domado. El grup de pop-rock benicarlando va enamorar als centenars d\u2019aficionats que esperaven l\u2019hora de partit. El concurs Groc Talent, impulsat pel Villarreal a trav\u00e9s de la iniciativa d\u2019Endavant Cultura i en col\u00b7laboraci\u00f3 amb el SanSan Festival, va tornar a posar el toc de cultura en la Fan Zone."},{"type":"paragraph","text":"Finalment, el CD Roda, CD Almassora i CD l\u2019Alcora van ser els conjunts participants en el Torneig 3\u00d73 Groguet. Els campions van ser en categoria benjam\u00ed el Grup Gerard del CD Roda (va guanyar la final al grup Parejo del CD Alcora per 3-2) i en categoria prebenjam\u00ed el Grup Pau Torres del CD Roda (va guanyar la final al grup Pau Torres del CD Roda per 4-3)."}]}},"sections":[{"id":"section-1","title":"","text":"Una campanya de recollida de joguets, la visita dels patges dels Reis Mags, l\u2019actuaci\u00f3 del Groc Talent i el Torneig 3\u00d73 Groguet donen vida a la pr\u00e8via del derbi auton\u00f2mic Els aficionats del Villarreal CF van gaudir en gran de la pr\u00e8via del partit davant el Levante UD. La Fan Zone va comptar amb tota mena d\u2019activitats que van amenitzar els instants previs al derbi auton\u00f2mic. Els patges dels Reis Mags es van instal\u00b7lar en una carpa real per a recollir les cartes de desitjos dels \u2018groguets\u2019 m\u00e9s xicotets de la casa. Els m\u00e9s esportistes tamb\u00e9 van poder passar una bona estona amb la multitud de jocs i inflables que copaven la Pla\u00e7a de l\u2019Estadi de la Cer\u00e0mica. Entre tanta diversi\u00f3, els seguidors del Villarreal van demostrar una vegada m\u00e9s la seua solidaritat, participant en la campanya Una altra vida per al teu joguet i donant joguets que seran entregats als diferents centres d\u2019acolliment de la prov\u00edncia de Castell\u00f3. L\u2019espectacle corria a compte de Palo Domado. El grup de pop-rock benicarlando va enamorar als centenars d\u2019aficionats que esperaven l\u2019hora de partit. El concurs Groc Talent, impulsat pel Villarreal a trav\u00e9s de la iniciativa d\u2019Endavant Cultura i en col\u00b7laboraci\u00f3 amb el SanSan Festival, va tornar a posar el toc de cultura en la Fan Zone. Finalment, el CD Roda, CD Almassora i CD l\u2019Alcora van ser els conjunts participants en el Torneig 3\u00d73 Groguet. Els campions van ser en categoria benjam\u00ed el Grup Gerard del CD Roda (va guanyar la final al grup Parejo del CD Alcora per 3-2) i en categoria prebenjam\u00ed el Grup Pau Torres del CD Roda (va guanyar la final al grup Pau Torres del CD Roda per 4-3).","url":"","background_image":"","images":[{"type":"image","url":"https:\/\/villarrealcf.es\/\/wp-content\/uploads\/2022\/01\/7cac6e1b2cb586842ab2863182d97540.jpg","alt":"||||","width":819,"height":460,"srcset":"https:\/\/villarrealcf.es\/wp-content\/uploads\/2022\/01\/7cac6e1b2cb586842ab2863182d97540.jpg 819w, https:\/\/villarrealcf.es\/\/wp-content\/uploads\/2022\/01\/7cac6e1b2cb586842ab2863182d97540.jpg 1920w, https:\/\/villarrealcf.es\/\/wp-content\/uploads\/2022\/01\/7cac6e1b2cb586842ab2863182d97540.jpg 1920w, https:\/\/villarrealcf.es\/\/wp-content\/uploads\/2022\/01\/7cac6e1b2cb586842ab2863182d97540.jpg 1920w, https:\/\/villarrealcf.es\/wp-content\/uploads\/2022\/01\/7cac6e1b2cb586842ab2863182d97540-32x18.jpg 32w, https:\/\/villarrealcf.es\/wp-content\/uploads\/2022\/01\/7cac6e1b2cb586842ab2863182d97540-150x84.jpg 150w, https:\/\/villarrealcf.es\/\/wp-content\/uploads\/2022\/01\/7cac6e1b2cb586842ab2863182d97540.jpg 1920w","sizes":"auto, (max-width: 819px) 100vw, 819px"}],"videos":[],"links":[]},{"id":"shortcode-caption-69ee8416271d6","type":"shortcode","shortcode":"caption","attributes":{"id":"attachment_178394","align":"alignnone","width":""},"title":"Caption","rendered":"","data":[],"text":"","url":"","background_image":"","images":[],"videos":[],"links":[],"blocks":[]}]},"excerpt":{"rendered":"Una campanya de recollida de joguets, la visita dels patges dels Reis Mags, l&#8217;actuaci\u00f3 del Groc Talent i el Torneig 3&#215;3 Groguet donen vida a la pr\u00e8via del derbi auton\u00f2mic","protected":false},"author":25,"featured_media":178394,"comment_status":"","ping_status":"","sticky":false,"template":"","format":"standard","meta":{"_acf_changed":false,"footnotes":""},"categories":[13509],"tags":[12554,12556,9242,11054,11207,9270,8530,9205,9627,9203],"acf":null,"lang":"val","translations":{"val":222475},"essential_grid":{"has_grid":false},"formatted_date":"January 3, 2022","modified_date":"January 3, 2022","permalink":"https:\/\/villarrealcf.es\/val\/talento-solidaridad-e-ilusion-en-la-previa-ante-el-levante-2\/","reading_time":2,"featured_media_data":{"id":178394,"title":"||||","caption":"||||","alt_text":"","description":"","mime_type":"image\/jpeg","source_url":"https:\/\/villarrealcf.es\/wp-content\/uploads\/2022\/01\/7cac6e1b2cb586842ab2863182d97540.jpg","sizes":{"thumbnail":{"url":"https:\/\/villarrealcf.es\/wp-content\/uploads\/2022\/01\/7cac6e1b2cb586842ab2863182d97540-150x150.jpg","width":150,"height":150},"medium":{"url":"https:\/\/villarrealcf.es\/wp-content\/uploads\/2022\/01\/7cac6e1b2cb586842ab2863182d97540-300x168.jpg","width":300,"height":168},"medium_large":{"url":"https:\/\/villarrealcf.es\/wp-content\/uploads\/2022\/01\/7cac6e1b2cb586842ab2863182d97540-768x431.jpg","width":768,"height":431},"large":{"url":"https:\/\/villarrealcf.es\/wp-content\/uploads\/2022\/01\/7cac6e1b2cb586842ab2863182d97540.jpg","width":788,"height":443},"1536x1536":{"url":"https:\/\/villarrealcf.es\/wp-content\/uploads\/2022\/01\/7cac6e1b2cb586842ab2863182d97540.jpg","width":819,"height":460},"2048x2048":{"url":"https:\/\/villarrealcf.es\/wp-content\/uploads\/2022\/01\/7cac6e1b2cb586842ab2863182d97540.jpg","width":819,"height":460},"tp-image-grid":{"url":"https:\/\/villarrealcf.es\/wp-content\/uploads\/2022\/01\/7cac6e1b2cb586842ab2863182d97540-700x460.jpg","width":700,"height":460},"size-bunyad-medium":{"url":"https:\/\/villarrealcf.es\/wp-content\/uploads\/2022\/01\/7cac6e1b2cb586842ab2863182d97540.jpg","width":819,"height":460},"sportspress-crop-medium":{"url":"https:\/\/villarrealcf.es\/wp-content\/uploads\/2022\/01\/7cac6e1b2cb586842ab2863182d97540-300x300.jpg","width":300,"height":300},"sportspress-fit-medium":{"url":"https:\/\/villarrealcf.es\/wp-content\/uploads\/2022\/01\/7cac6e1b2cb586842ab2863182d97540-300x168.jpg","width":300,"height":168},"sportspress-fit-icon":{"url":"https:\/\/villarrealcf.es\/wp-content\/uploads\/2022\/01\/7cac6e1b2cb586842ab2863182d97540-128x72.jpg","width":128,"height":72},"sportspress-fit-mini":{"url":"https:\/\/villarrealcf.es\/wp-content\/uploads\/2022\/01\/7cac6e1b2cb586842ab2863182d97540-32x18.jpg","width":32,"height":18},"bunyad-small":{"url":"https:\/\/villarrealcf.es\/wp-content\/uploads\/2022\/01\/7cac6e1b2cb586842ab2863182d97540-150x84.jpg","width":150,"height":84},"bunyad-medium":{"url":"https:\/\/villarrealcf.es\/wp-content\/uploads\/2022\/01\/7cac6e1b2cb586842ab2863182d97540-450x253.jpg","width":450,"height":253},"bunyad-full":{"url":"https:\/\/villarrealcf.es\/wp-content\/uploads\/2022\/01\/7cac6e1b2cb586842ab2863182d97540.jpg","width":819,"height":460},"bunyad-viewport":{"url":"https:\/\/villarrealcf.es\/wp-content\/uploads\/2022\/01\/7cac6e1b2cb586842ab2863182d97540.jpg","width":819,"height":460},"bunyad-768":{"url":"https:\/\/villarrealcf.es\/wp-content\/uploads\/2022\/01\/7cac6e1b2cb586842ab2863182d97540-768x431.jpg","width":768,"height":431},"full":{"url":"https:\/\/villarrealcf.es\/wp-content\/uploads\/2022\/01\/7cac6e1b2cb586842ab2863182d97540.jpg","width":819,"height":460}}},"author_data":{"id":"25","name":"Javier Ayuso","first_name":"Javier","last_name":"Ayuso","description":"","avatar_url":"https:\/\/secure.gravatar.com\/avatar\/fcf8894be45988fcce5bbff0efe1790d2a7f4ba57e2c7c898f5068154e696495?s=96&d=mm&r=g","acf":null},"taxonomies_data":{"category":[{"id":13509,"name":"Endavant","slug":"endavant-val","acf":null}],"post_tag":[{"id":12554,"name":"#Football","slug":"football-val","acf":null},{"id":12556,"name":"#Soccer","slug":"soccer-val","acf":null},{"id":9242,"name":"Endavant","slug":"endavant-val-2","acf":null},{"id":11054,"name":"Endavant Cultura","slug":"endavant-cultura-val-2","acf":null},{"id":11207,"name":"Fan Zone","slug":"fan-zone-val","acf":null},{"id":9270,"name":"Futbol","slug":"futbol-val","acf":null},{"id":8530,"name":"Groc Talent","slug":"groc-talent","acf":null},{"id":9205,"name":"Submarino","slug":"submarino-val","acf":null},{"id":9627,"name":"Submarino Amarillo","slug":"submarino-amarillo-val","acf":null},{"id":9203,"name":"Villarreal CF","slug":"villarreal-cf-val","acf":null}],"translation_priority":[{"id":735,"name":"Optional","slug":"optional-val","acf":null}]},"seo_full":{"native":{"title":"Talent, solidaritat i il\u00b7lusi\u00f3 a la pr\u00e8via del Levante - Web Oficial del Villarreal CF","description":"[caption id=\"attachment_178394\" align=\"alignnone\" width=\"\"]||||[\/caption]Una campanya de recollida de joguets, la visita dels patges dels Reis Mags, l'actuaci\u00f3 del Groc Talent&hellip;","canonical":"https:\/\/villarrealcf.es\/val\/talento-solidaridad-e-ilusion-en-la-previa-ante-el-levante-2\/"}},"_links":{"self":[{"href":"https:\/\/villarrealcf.es\/val\/wp-json\/wp\/v2\/posts\/222475","targetHints":{"allow":["GET"]}}],"collection":[{"href":"https:\/\/villarrealcf.es\/val\/wp-json\/wp\/v2\/posts"}],"about":[{"href":"https:\/\/villarrealcf.es\/val\/wp-json\/wp\/v2\/types\/post"}],"author":[{"embeddable":true,"href":"https:\/\/villarrealcf.es\/val\/wp-json\/wp\/v2\/users\/25"}],"replies":[{"embeddable":true,"href":"https:\/\/villarrealcf.es\/val\/wp-json\/wp\/v2\/comments?post=222475"}],"version-history":[{"count":0,"href":"https:\/\/villarrealcf.es\/val\/wp-json\/wp\/v2\/posts\/222475\/revisions"}],"wp:featuredmedia":[{"embeddable":true,"href":"https:\/\/villarrealcf.es\/val\/wp-json\/wp\/v2\/media\/178394"}],"wp:attachment":[{"href":"https:\/\/villarrealcf.es\/val\/wp-json\/wp\/v2\/media?parent=222475"}],"wp:term":[{"taxonomy":"category","embeddable":true,"href":"https:\/\/villarrealcf.es\/val\/wp-json\/wp\/v2\/categories?post=222475"},{"taxonomy":"post_tag","embeddable":true,"href":"https:\/\/villarrealcf.es\/val\/wp-json\/wp\/v2\/tags?post=222475"}],"curies":[{"name":"wp","href":"https:\/\/api.w.org\/{rel}","templated":true}]}}