{"id":222427,"date":"2021-12-23T09:36:27","date_gmt":"2021-12-23T08:36:27","guid":{"rendered":"https:\/\/villarrealcf.es\/\/torna-villareal-cf-runners\/"},"modified":"2021-12-23T09:36:27","modified_gmt":"2021-12-23T08:36:27","slug":"torna-villareal-cf-runners","status":"publish","type":"post","link":"https:\/\/villarrealcf.es\/val\/torna-villareal-cf-runners\/","title":{"rendered":"Torna Villarreal CF Runners!"},"content":{"protected":false,"blocks":[{"type":"image","url":"https:\/\/villarrealcf.es\/\/wp-content\/uploads\/2021\/12\/5f9e41b8a49dc6baa34e47b10a08bbb3.jpg","alt":"||||","width":819,"height":460,"srcset":"https:\/\/villarrealcf.es\/wp-content\/uploads\/2021\/12\/5f9e41b8a49dc6baa34e47b10a08bbb3.jpg 819w, https:\/\/villarrealcf.es\/\/wp-content\/uploads\/2021\/12\/5f9e41b8a49dc6baa34e47b10a08bbb3.jpg 1920w, https:\/\/villarrealcf.es\/\/wp-content\/uploads\/2021\/12\/5f9e41b8a49dc6baa34e47b10a08bbb3.jpg 1920w, https:\/\/villarrealcf.es\/\/wp-content\/uploads\/2021\/12\/5f9e41b8a49dc6baa34e47b10a08bbb3.jpg 1920w, https:\/\/villarrealcf.es\/wp-content\/uploads\/2021\/12\/5f9e41b8a49dc6baa34e47b10a08bbb3-32x18.jpg 32w, https:\/\/villarrealcf.es\/wp-content\/uploads\/2021\/12\/5f9e41b8a49dc6baa34e47b10a08bbb3-150x84.jpg 150w, https:\/\/villarrealcf.es\/\/wp-content\/uploads\/2021\/12\/5f9e41b8a49dc6baa34e47b10a08bbb3.jpg 1920w","sizes":"auto, (max-width: 819px) 100vw, 819px"},{"type":"paragraph","text":"Els abonats grocs podran gaudir d\u2019importants descomptes en la inscripci\u00f3 de la Mitja Marat\u00f3 i Marat\u00f3 Val\u00e8ncia Trinidad Alfonso EDP"},{"type":"paragraph","text":"Torna Villarreal CF Runners! Els abonats grocs tindran l\u2019oportunitat de gaudir d\u2019un important descompte en la inscripci\u00f3 per a les pr\u00f2ximes edicions de la Mitja Marat\u00f3 Val\u00e8ncia Trinidad Alfonso EDP (23 d\u2019octubre de 2022) i la Marat\u00f3 Val\u00e8ncia Trinidad Alfonso EDP (4 de desembre de 2022), despr\u00e9s de dos anys d\u2019interrupci\u00f3 per la pand\u00e8mia del covid-19. Cal destacar que les places per a totes dues carreres s\u00f3n limitades."},{"type":"paragraph","text":"Els aficionats interessats a inscriure\u2019s a les proves han d\u2019enviar un correu a la seg\u00fcent adre\u00e7a cvfrunners@villarrealcf.es a partir del dilluns 10 de gener, adjuntant una fotografia del DNI i de l\u2019abonament del Villarreal CF de la present campanya 2021-22. Tots els correus que arriben abans de la data indicada pr\u00e8viament no seran atesos."},{"type":"paragraph","text":"Una vegada rebut el correu electr\u00f2nic, el Villarreal CF proporcionar\u00e0 als corredors \u2018groguets\u2019 un enlla\u00e7 i un codi per a completar el proc\u00e9s d\u2019inscripci\u00f3. Cal destacar que el codi \u00e9s personal i intransferible. En cas d\u2019emprar-se per a una altra persona, autom\u00e0ticament es cancel\u00b7lar\u00e0 la inscripci\u00f3 i no es reembossar\u00e0 la quantitat abonada."},{"type":"paragraph","text":"En la Fira del Corredor de tots dos cert\u00e0mens, els abonats grocs podran comprar la samarreta oficial de Villarreal CF Runners de la present temporada a un m\u00f2dic preu de 10 euros (amb pr\u00e8via reserva detallant la talla en el mateix correu sol\u00b7licitant la inscripci\u00f3)."},{"type":"paragraph","text":"Preus de les carreres per als abonats que formen part de Villarreal CF Runners::"},{"type":"list","style":"ul","items":["Mitja Marat\u00f3 Val\u00e8ncia Trinidad Alfonso EDP (23 d\u2019octubre): 24 euros (21 euros + 3 euros de llic\u00e8ncia).","Marat\u00f3 Val\u00e8ncia Trinidad Alfonso EDP (4 de desembre): 47 euros (42 euros + 5 euros de llic\u00e8ncia)."]},{"type":"paragraph","text":"Per a m\u00e9s informaci\u00f3 sobre les carreres es pot visitar els seg\u00fcents enlla\u00e7os:"},{"type":"list","style":"ul","items":["Mitja Marat\u00f3 Val\u00e8ncia Trinidad Alfonso EDP (23 d\u2019octubre): https:\/\/www.valenciaciudaddelrunning.com\/medio\/medio-maraton\/","Marat\u00f3 Val\u00e8ncia Trinidad Alfonso EDP (4 de desembre): https:\/\/www.valenciaciudaddelrunning.com\/maraton\/maraton\/"]}],"structured":{"summary":{"text":"Els abonats grocs podran gaudir d\u2019importants descomptes en la inscripci\u00f3 de la Mitja Marat\u00f3 i Marat\u00f3 Val\u00e8ncia Trinidad Alfonso EDP Torna Villarreal CF Runners! Els abonats grocs tindran l\u2019oportunitat de gaudir d\u2019un important descompte en la inscripci\u00f3 per a les pr\u00f2ximes edicions de la Mitja Marat\u00f3 Val\u00e8ncia Trinidad Alfonso EDP (23 d\u2019octubre de 2022) i la Marat\u00f3 Val\u00e8ncia Trinidad Alfonso EDP (4 de desembre de 2022), despr\u00e9s de dos anys d\u2019interrupci\u00f3 per la pand\u00e8mia del covid-19. Cal destacar que les places per a totes dues carreres s\u00f3n limitades. Els aficionats interessats a inscriure\u2019s a les proves han d\u2019enviar un correu a la seg\u00fcent adre\u00e7a cvfrunners@villarrealcf.es a partir del dilluns 10 de gener, adjuntant una fotografia del DNI i de l\u2019abonament del Villarreal CF de la present campanya 2021-22. Tots els correus que arriben abans de la data indicada pr\u00e8viament no seran atesos. Una vegada rebut el correu electr\u00f2nic, el Villarreal CF proporcionar\u00e0 als corredors \u2018groguets\u2019 un enlla\u00e7 i un codi per a completar el proc\u00e9s d\u2019inscripci\u00f3. Cal destacar que el codi \u00e9s personal i intransferible. En cas d\u2019emprar-se per a una altra persona, autom\u00e0ticament es cancel\u00b7lar\u00e0 la inscripci\u00f3 i no es reembossar\u00e0 la quantitat abonada. En la Fira del Corredor de tots dos cert\u00e0mens, els abonats grocs podran comprar la samarreta oficial de Villarreal CF Runners de la present temporada a un m\u00f2dic preu de 10 euros (amb pr\u00e8via reserva detallant la talla en el mateix correu sol\u00b7licitant la inscripci\u00f3). Preus de les carreres per als abonats que formen part de Villarreal CF Runners:: Mitja Marat\u00f3 Val\u00e8ncia Trinidad Alfonso EDP (23 d\u2019octubre): 24 euros (21 euros + 3 euros de llic\u00e8ncia). Marat\u00f3 Val\u00e8ncia Trinidad Alfonso EDP (4 de desembre): 47 euros (42 euros + 5 euros de llic\u00e8ncia). Per a m\u00e9s informaci\u00f3 sobre les carreres es pot visitar els seg\u00fcents enlla\u00e7os: Mitja Marat\u00f3 Val\u00e8ncia Trinidad Alfonso EDP (23 d\u2019octubre): https:\/\/www.valenciaciudaddelrunning.com\/medio\/medio-maraton\/ Marat\u00f3 Val\u00e8ncia Trinidad Alfonso EDP (4 de desembre): https:\/\/www.valenciaciudaddelrunning.com\/maraton\/maraton\/","headings":[],"buttons":[],"images":[{"type":"image","url":"https:\/\/villarrealcf.es\/\/wp-content\/uploads\/2021\/12\/5f9e41b8a49dc6baa34e47b10a08bbb3.jpg","alt":"||||","width":819,"height":460,"srcset":"https:\/\/villarrealcf.es\/wp-content\/uploads\/2021\/12\/5f9e41b8a49dc6baa34e47b10a08bbb3.jpg 819w, https:\/\/villarrealcf.es\/\/wp-content\/uploads\/2021\/12\/5f9e41b8a49dc6baa34e47b10a08bbb3.jpg 1920w, https:\/\/villarrealcf.es\/\/wp-content\/uploads\/2021\/12\/5f9e41b8a49dc6baa34e47b10a08bbb3.jpg 1920w, https:\/\/villarrealcf.es\/\/wp-content\/uploads\/2021\/12\/5f9e41b8a49dc6baa34e47b10a08bbb3.jpg 1920w, https:\/\/villarrealcf.es\/wp-content\/uploads\/2021\/12\/5f9e41b8a49dc6baa34e47b10a08bbb3-32x18.jpg 32w, https:\/\/villarrealcf.es\/wp-content\/uploads\/2021\/12\/5f9e41b8a49dc6baa34e47b10a08bbb3-150x84.jpg 150w, https:\/\/villarrealcf.es\/\/wp-content\/uploads\/2021\/12\/5f9e41b8a49dc6baa34e47b10a08bbb3.jpg 1920w","sizes":"auto, (max-width: 819px) 100vw, 819px"}],"counts":{"blocks":10,"headings":0,"texts":7,"buttons":0,"images":1}},"sections":[{"id":"section-1","title":"","text":"Els abonats grocs podran gaudir d\u2019importants descomptes en la inscripci\u00f3 de la Mitja Marat\u00f3 i Marat\u00f3 Val\u00e8ncia Trinidad Alfonso EDP Torna Villarreal CF Runners! Els abonats grocs tindran l\u2019oportunitat de gaudir d\u2019un important descompte en la inscripci\u00f3 per a les pr\u00f2ximes edicions de la Mitja Marat\u00f3 Val\u00e8ncia Trinidad Alfonso EDP (23 d\u2019octubre de 2022) i la Marat\u00f3 Val\u00e8ncia Trinidad Alfonso EDP (4 de desembre de 2022), despr\u00e9s de dos anys d\u2019interrupci\u00f3 per la pand\u00e8mia del covid-19. Cal destacar que les places per a totes dues carreres s\u00f3n limitades. Els aficionats interessats a inscriure\u2019s a les proves han d\u2019enviar un correu a la seg\u00fcent adre\u00e7a cvfrunners@villarrealcf.es a partir del dilluns 10 de gener, adjuntant una fotografia del DNI i de l\u2019abonament del Villarreal CF de la present campanya 2021-22. Tots els correus que arriben abans de la data indicada pr\u00e8viament no seran atesos. Una vegada rebut el correu electr\u00f2nic, el Villarreal CF proporcionar\u00e0 als corredors \u2018groguets\u2019 un enlla\u00e7 i un codi per a completar el proc\u00e9s d\u2019inscripci\u00f3. Cal destacar que el codi \u00e9s personal i intransferible. En cas d\u2019emprar-se per a una altra persona, autom\u00e0ticament es cancel\u00b7lar\u00e0 la inscripci\u00f3 i no es reembossar\u00e0 la quantitat abonada. En la Fira del Corredor de tots dos cert\u00e0mens, els abonats grocs podran comprar la samarreta oficial de Villarreal CF Runners de la present temporada a un m\u00f2dic preu de 10 euros (amb pr\u00e8via reserva detallant la talla en el mateix correu sol\u00b7licitant la inscripci\u00f3). Preus de les carreres per als abonats que formen part de Villarreal CF Runners:: Per a m\u00e9s informaci\u00f3 sobre les carreres es pot visitar els seg\u00fcents enlla\u00e7os:","headings":[],"texts":[{"type":"paragraph","text":"Els abonats grocs podran gaudir d\u2019importants descomptes en la inscripci\u00f3 de la Mitja Marat\u00f3 i Marat\u00f3 Val\u00e8ncia Trinidad Alfonso EDP"},{"type":"paragraph","text":"Torna Villarreal CF Runners! Els abonats grocs tindran l\u2019oportunitat de gaudir d\u2019un important descompte en la inscripci\u00f3 per a les pr\u00f2ximes edicions de la Mitja Marat\u00f3 Val\u00e8ncia Trinidad Alfonso EDP (23 d\u2019octubre de 2022) i la Marat\u00f3 Val\u00e8ncia Trinidad Alfonso EDP (4 de desembre de 2022), despr\u00e9s de dos anys d\u2019interrupci\u00f3 per la pand\u00e8mia del covid-19. Cal destacar que les places per a totes dues carreres s\u00f3n limitades."},{"type":"paragraph","text":"Els aficionats interessats a inscriure\u2019s a les proves han d\u2019enviar un correu a la seg\u00fcent adre\u00e7a cvfrunners@villarrealcf.es a partir del dilluns 10 de gener, adjuntant una fotografia del DNI i de l\u2019abonament del Villarreal CF de la present campanya 2021-22. Tots els correus que arriben abans de la data indicada pr\u00e8viament no seran atesos."},{"type":"paragraph","text":"Una vegada rebut el correu electr\u00f2nic, el Villarreal CF proporcionar\u00e0 als corredors \u2018groguets\u2019 un enlla\u00e7 i un codi per a completar el proc\u00e9s d\u2019inscripci\u00f3. Cal destacar que el codi \u00e9s personal i intransferible. En cas d\u2019emprar-se per a una altra persona, autom\u00e0ticament es cancel\u00b7lar\u00e0 la inscripci\u00f3 i no es reembossar\u00e0 la quantitat abonada."},{"type":"paragraph","text":"En la Fira del Corredor de tots dos cert\u00e0mens, els abonats grocs podran comprar la samarreta oficial de Villarreal CF Runners de la present temporada a un m\u00f2dic preu de 10 euros (amb pr\u00e8via reserva detallant la talla en el mateix correu sol\u00b7licitant la inscripci\u00f3)."},{"type":"paragraph","text":"Preus de les carreres per als abonats que formen part de Villarreal CF Runners::"},{"type":"paragraph","text":"Per a m\u00e9s informaci\u00f3 sobre les carreres es pot visitar els seg\u00fcents enlla\u00e7os:"}],"buttons":[],"images":[{"type":"image","url":"https:\/\/villarrealcf.es\/\/wp-content\/uploads\/2021\/12\/5f9e41b8a49dc6baa34e47b10a08bbb3.jpg","alt":"||||","width":819,"height":460,"srcset":"https:\/\/villarrealcf.es\/wp-content\/uploads\/2021\/12\/5f9e41b8a49dc6baa34e47b10a08bbb3.jpg 819w, https:\/\/villarrealcf.es\/\/wp-content\/uploads\/2021\/12\/5f9e41b8a49dc6baa34e47b10a08bbb3.jpg 1920w, https:\/\/villarrealcf.es\/\/wp-content\/uploads\/2021\/12\/5f9e41b8a49dc6baa34e47b10a08bbb3.jpg 1920w, https:\/\/villarrealcf.es\/\/wp-content\/uploads\/2021\/12\/5f9e41b8a49dc6baa34e47b10a08bbb3.jpg 1920w, https:\/\/villarrealcf.es\/wp-content\/uploads\/2021\/12\/5f9e41b8a49dc6baa34e47b10a08bbb3-32x18.jpg 32w, https:\/\/villarrealcf.es\/wp-content\/uploads\/2021\/12\/5f9e41b8a49dc6baa34e47b10a08bbb3-150x84.jpg 150w, https:\/\/villarrealcf.es\/\/wp-content\/uploads\/2021\/12\/5f9e41b8a49dc6baa34e47b10a08bbb3.jpg 1920w","sizes":"auto, (max-width: 819px) 100vw, 819px"}],"widgets":[],"blocks":[{"type":"image","url":"https:\/\/villarrealcf.es\/\/wp-content\/uploads\/2021\/12\/5f9e41b8a49dc6baa34e47b10a08bbb3.jpg","alt":"||||","width":819,"height":460,"srcset":"https:\/\/villarrealcf.es\/wp-content\/uploads\/2021\/12\/5f9e41b8a49dc6baa34e47b10a08bbb3.jpg 819w, https:\/\/villarrealcf.es\/\/wp-content\/uploads\/2021\/12\/5f9e41b8a49dc6baa34e47b10a08bbb3.jpg 1920w, https:\/\/villarrealcf.es\/\/wp-content\/uploads\/2021\/12\/5f9e41b8a49dc6baa34e47b10a08bbb3.jpg 1920w, https:\/\/villarrealcf.es\/\/wp-content\/uploads\/2021\/12\/5f9e41b8a49dc6baa34e47b10a08bbb3.jpg 1920w, https:\/\/villarrealcf.es\/wp-content\/uploads\/2021\/12\/5f9e41b8a49dc6baa34e47b10a08bbb3-32x18.jpg 32w, https:\/\/villarrealcf.es\/wp-content\/uploads\/2021\/12\/5f9e41b8a49dc6baa34e47b10a08bbb3-150x84.jpg 150w, https:\/\/villarrealcf.es\/\/wp-content\/uploads\/2021\/12\/5f9e41b8a49dc6baa34e47b10a08bbb3.jpg 1920w","sizes":"auto, (max-width: 819px) 100vw, 819px"},{"type":"paragraph","text":"Els abonats grocs podran gaudir d\u2019importants descomptes en la inscripci\u00f3 de la Mitja Marat\u00f3 i Marat\u00f3 Val\u00e8ncia Trinidad Alfonso EDP"},{"type":"paragraph","text":"Torna Villarreal CF Runners! Els abonats grocs tindran l\u2019oportunitat de gaudir d\u2019un important descompte en la inscripci\u00f3 per a les pr\u00f2ximes edicions de la Mitja Marat\u00f3 Val\u00e8ncia Trinidad Alfonso EDP (23 d\u2019octubre de 2022) i la Marat\u00f3 Val\u00e8ncia Trinidad Alfonso EDP (4 de desembre de 2022), despr\u00e9s de dos anys d\u2019interrupci\u00f3 per la pand\u00e8mia del covid-19. Cal destacar que les places per a totes dues carreres s\u00f3n limitades."},{"type":"paragraph","text":"Els aficionats interessats a inscriure\u2019s a les proves han d\u2019enviar un correu a la seg\u00fcent adre\u00e7a cvfrunners@villarrealcf.es a partir del dilluns 10 de gener, adjuntant una fotografia del DNI i de l\u2019abonament del Villarreal CF de la present campanya 2021-22. Tots els correus que arriben abans de la data indicada pr\u00e8viament no seran atesos."},{"type":"paragraph","text":"Una vegada rebut el correu electr\u00f2nic, el Villarreal CF proporcionar\u00e0 als corredors \u2018groguets\u2019 un enlla\u00e7 i un codi per a completar el proc\u00e9s d\u2019inscripci\u00f3. Cal destacar que el codi \u00e9s personal i intransferible. En cas d\u2019emprar-se per a una altra persona, autom\u00e0ticament es cancel\u00b7lar\u00e0 la inscripci\u00f3 i no es reembossar\u00e0 la quantitat abonada."},{"type":"paragraph","text":"En la Fira del Corredor de tots dos cert\u00e0mens, els abonats grocs podran comprar la samarreta oficial de Villarreal CF Runners de la present temporada a un m\u00f2dic preu de 10 euros (amb pr\u00e8via reserva detallant la talla en el mateix correu sol\u00b7licitant la inscripci\u00f3)."},{"type":"paragraph","text":"Preus de les carreres per als abonats que formen part de Villarreal CF Runners::"},{"type":"list","style":"ul","items":["Mitja Marat\u00f3 Val\u00e8ncia Trinidad Alfonso EDP (23 d\u2019octubre): 24 euros (21 euros + 3 euros de llic\u00e8ncia).","Marat\u00f3 Val\u00e8ncia Trinidad Alfonso EDP (4 de desembre): 47 euros (42 euros + 5 euros de llic\u00e8ncia)."]},{"type":"paragraph","text":"Per a m\u00e9s informaci\u00f3 sobre les carreres es pot visitar els seg\u00fcents enlla\u00e7os:"},{"type":"list","style":"ul","items":["Mitja Marat\u00f3 Val\u00e8ncia Trinidad Alfonso EDP (23 d\u2019octubre): https:\/\/www.valenciaciudaddelrunning.com\/medio\/medio-maraton\/","Marat\u00f3 Val\u00e8ncia Trinidad Alfonso EDP (4 de desembre): https:\/\/www.valenciaciudaddelrunning.com\/maraton\/maraton\/"]}]}],"hero":{"id":"section-1","title":"","text":"Els abonats grocs podran gaudir d\u2019importants descomptes en la inscripci\u00f3 de la Mitja Marat\u00f3 i Marat\u00f3 Val\u00e8ncia Trinidad Alfonso EDP Torna Villarreal CF Runners! Els abonats grocs tindran l\u2019oportunitat de gaudir d\u2019un important descompte en la inscripci\u00f3 per a les pr\u00f2ximes edicions de la Mitja Marat\u00f3 Val\u00e8ncia Trinidad Alfonso EDP (23 d\u2019octubre de 2022) i la Marat\u00f3 Val\u00e8ncia Trinidad Alfonso EDP (4 de desembre de 2022), despr\u00e9s de dos anys d\u2019interrupci\u00f3 per la pand\u00e8mia del covid-19. Cal destacar que les places per a totes dues carreres s\u00f3n limitades. Els aficionats interessats a inscriure\u2019s a les proves han d\u2019enviar un correu a la seg\u00fcent adre\u00e7a cvfrunners@villarrealcf.es a partir del dilluns 10 de gener, adjuntant una fotografia del DNI i de l\u2019abonament del Villarreal CF de la present campanya 2021-22. Tots els correus que arriben abans de la data indicada pr\u00e8viament no seran atesos. Una vegada rebut el correu electr\u00f2nic, el Villarreal CF proporcionar\u00e0 als corredors \u2018groguets\u2019 un enlla\u00e7 i un codi per a completar el proc\u00e9s d\u2019inscripci\u00f3. Cal destacar que el codi \u00e9s personal i intransferible. En cas d\u2019emprar-se per a una altra persona, autom\u00e0ticament es cancel\u00b7lar\u00e0 la inscripci\u00f3 i no es reembossar\u00e0 la quantitat abonada. En la Fira del Corredor de tots dos cert\u00e0mens, els abonats grocs podran comprar la samarreta oficial de Villarreal CF Runners de la present temporada a un m\u00f2dic preu de 10 euros (amb pr\u00e8via reserva detallant la talla en el mateix correu sol\u00b7licitant la inscripci\u00f3). Preus de les carreres per als abonats que formen part de Villarreal CF Runners:: Per a m\u00e9s informaci\u00f3 sobre les carreres es pot visitar els seg\u00fcents enlla\u00e7os:","headings":[],"texts":[{"type":"paragraph","text":"Els abonats grocs podran gaudir d\u2019importants descomptes en la inscripci\u00f3 de la Mitja Marat\u00f3 i Marat\u00f3 Val\u00e8ncia Trinidad Alfonso EDP"},{"type":"paragraph","text":"Torna Villarreal CF Runners! Els abonats grocs tindran l\u2019oportunitat de gaudir d\u2019un important descompte en la inscripci\u00f3 per a les pr\u00f2ximes edicions de la Mitja Marat\u00f3 Val\u00e8ncia Trinidad Alfonso EDP (23 d\u2019octubre de 2022) i la Marat\u00f3 Val\u00e8ncia Trinidad Alfonso EDP (4 de desembre de 2022), despr\u00e9s de dos anys d\u2019interrupci\u00f3 per la pand\u00e8mia del covid-19. Cal destacar que les places per a totes dues carreres s\u00f3n limitades."},{"type":"paragraph","text":"Els aficionats interessats a inscriure\u2019s a les proves han d\u2019enviar un correu a la seg\u00fcent adre\u00e7a cvfrunners@villarrealcf.es a partir del dilluns 10 de gener, adjuntant una fotografia del DNI i de l\u2019abonament del Villarreal CF de la present campanya 2021-22. Tots els correus que arriben abans de la data indicada pr\u00e8viament no seran atesos."},{"type":"paragraph","text":"Una vegada rebut el correu electr\u00f2nic, el Villarreal CF proporcionar\u00e0 als corredors \u2018groguets\u2019 un enlla\u00e7 i un codi per a completar el proc\u00e9s d\u2019inscripci\u00f3. Cal destacar que el codi \u00e9s personal i intransferible. En cas d\u2019emprar-se per a una altra persona, autom\u00e0ticament es cancel\u00b7lar\u00e0 la inscripci\u00f3 i no es reembossar\u00e0 la quantitat abonada."},{"type":"paragraph","text":"En la Fira del Corredor de tots dos cert\u00e0mens, els abonats grocs podran comprar la samarreta oficial de Villarreal CF Runners de la present temporada a un m\u00f2dic preu de 10 euros (amb pr\u00e8via reserva detallant la talla en el mateix correu sol\u00b7licitant la inscripci\u00f3)."},{"type":"paragraph","text":"Preus de les carreres per als abonats que formen part de Villarreal CF Runners::"},{"type":"paragraph","text":"Per a m\u00e9s informaci\u00f3 sobre les carreres es pot visitar els seg\u00fcents enlla\u00e7os:"}],"buttons":[],"images":[{"type":"image","url":"https:\/\/villarrealcf.es\/\/wp-content\/uploads\/2021\/12\/5f9e41b8a49dc6baa34e47b10a08bbb3.jpg","alt":"||||","width":819,"height":460,"srcset":"https:\/\/villarrealcf.es\/wp-content\/uploads\/2021\/12\/5f9e41b8a49dc6baa34e47b10a08bbb3.jpg 819w, https:\/\/villarrealcf.es\/\/wp-content\/uploads\/2021\/12\/5f9e41b8a49dc6baa34e47b10a08bbb3.jpg 1920w, https:\/\/villarrealcf.es\/\/wp-content\/uploads\/2021\/12\/5f9e41b8a49dc6baa34e47b10a08bbb3.jpg 1920w, https:\/\/villarrealcf.es\/\/wp-content\/uploads\/2021\/12\/5f9e41b8a49dc6baa34e47b10a08bbb3.jpg 1920w, https:\/\/villarrealcf.es\/wp-content\/uploads\/2021\/12\/5f9e41b8a49dc6baa34e47b10a08bbb3-32x18.jpg 32w, https:\/\/villarrealcf.es\/wp-content\/uploads\/2021\/12\/5f9e41b8a49dc6baa34e47b10a08bbb3-150x84.jpg 150w, https:\/\/villarrealcf.es\/\/wp-content\/uploads\/2021\/12\/5f9e41b8a49dc6baa34e47b10a08bbb3.jpg 1920w","sizes":"auto, (max-width: 819px) 100vw, 819px"}],"widgets":[],"blocks":[{"type":"image","url":"https:\/\/villarrealcf.es\/\/wp-content\/uploads\/2021\/12\/5f9e41b8a49dc6baa34e47b10a08bbb3.jpg","alt":"||||","width":819,"height":460,"srcset":"https:\/\/villarrealcf.es\/wp-content\/uploads\/2021\/12\/5f9e41b8a49dc6baa34e47b10a08bbb3.jpg 819w, https:\/\/villarrealcf.es\/\/wp-content\/uploads\/2021\/12\/5f9e41b8a49dc6baa34e47b10a08bbb3.jpg 1920w, https:\/\/villarrealcf.es\/\/wp-content\/uploads\/2021\/12\/5f9e41b8a49dc6baa34e47b10a08bbb3.jpg 1920w, https:\/\/villarrealcf.es\/\/wp-content\/uploads\/2021\/12\/5f9e41b8a49dc6baa34e47b10a08bbb3.jpg 1920w, https:\/\/villarrealcf.es\/wp-content\/uploads\/2021\/12\/5f9e41b8a49dc6baa34e47b10a08bbb3-32x18.jpg 32w, https:\/\/villarrealcf.es\/wp-content\/uploads\/2021\/12\/5f9e41b8a49dc6baa34e47b10a08bbb3-150x84.jpg 150w, https:\/\/villarrealcf.es\/\/wp-content\/uploads\/2021\/12\/5f9e41b8a49dc6baa34e47b10a08bbb3.jpg 1920w","sizes":"auto, (max-width: 819px) 100vw, 819px"},{"type":"paragraph","text":"Els abonats grocs podran gaudir d\u2019importants descomptes en la inscripci\u00f3 de la Mitja Marat\u00f3 i Marat\u00f3 Val\u00e8ncia Trinidad Alfonso EDP"},{"type":"paragraph","text":"Torna Villarreal CF Runners! Els abonats grocs tindran l\u2019oportunitat de gaudir d\u2019un important descompte en la inscripci\u00f3 per a les pr\u00f2ximes edicions de la Mitja Marat\u00f3 Val\u00e8ncia Trinidad Alfonso EDP (23 d\u2019octubre de 2022) i la Marat\u00f3 Val\u00e8ncia Trinidad Alfonso EDP (4 de desembre de 2022), despr\u00e9s de dos anys d\u2019interrupci\u00f3 per la pand\u00e8mia del covid-19. Cal destacar que les places per a totes dues carreres s\u00f3n limitades."},{"type":"paragraph","text":"Els aficionats interessats a inscriure\u2019s a les proves han d\u2019enviar un correu a la seg\u00fcent adre\u00e7a cvfrunners@villarrealcf.es a partir del dilluns 10 de gener, adjuntant una fotografia del DNI i de l\u2019abonament del Villarreal CF de la present campanya 2021-22. Tots els correus que arriben abans de la data indicada pr\u00e8viament no seran atesos."},{"type":"paragraph","text":"Una vegada rebut el correu electr\u00f2nic, el Villarreal CF proporcionar\u00e0 als corredors \u2018groguets\u2019 un enlla\u00e7 i un codi per a completar el proc\u00e9s d\u2019inscripci\u00f3. Cal destacar que el codi \u00e9s personal i intransferible. En cas d\u2019emprar-se per a una altra persona, autom\u00e0ticament es cancel\u00b7lar\u00e0 la inscripci\u00f3 i no es reembossar\u00e0 la quantitat abonada."},{"type":"paragraph","text":"En la Fira del Corredor de tots dos cert\u00e0mens, els abonats grocs podran comprar la samarreta oficial de Villarreal CF Runners de la present temporada a un m\u00f2dic preu de 10 euros (amb pr\u00e8via reserva detallant la talla en el mateix correu sol\u00b7licitant la inscripci\u00f3)."},{"type":"paragraph","text":"Preus de les carreres per als abonats que formen part de Villarreal CF Runners::"},{"type":"list","style":"ul","items":["Mitja Marat\u00f3 Val\u00e8ncia Trinidad Alfonso EDP (23 d\u2019octubre): 24 euros (21 euros + 3 euros de llic\u00e8ncia).","Marat\u00f3 Val\u00e8ncia Trinidad Alfonso EDP (4 de desembre): 47 euros (42 euros + 5 euros de llic\u00e8ncia)."]},{"type":"paragraph","text":"Per a m\u00e9s informaci\u00f3 sobre les carreres es pot visitar els seg\u00fcents enlla\u00e7os:"},{"type":"list","style":"ul","items":["Mitja Marat\u00f3 Val\u00e8ncia Trinidad Alfonso EDP (23 d\u2019octubre): https:\/\/www.valenciaciudaddelrunning.com\/medio\/medio-maraton\/","Marat\u00f3 Val\u00e8ncia Trinidad Alfonso EDP (4 de desembre): https:\/\/www.valenciaciudaddelrunning.com\/maraton\/maraton\/"]}]}},"sections":[{"id":"section-1","title":"","text":"Els abonats grocs podran gaudir d\u2019importants descomptes en la inscripci\u00f3 de la Mitja Marat\u00f3 i Marat\u00f3 Val\u00e8ncia Trinidad Alfonso EDP Torna Villarreal CF Runners! Els abonats grocs tindran l\u2019oportunitat de gaudir d\u2019un important descompte en la inscripci\u00f3 per a les pr\u00f2ximes edicions de la Mitja Marat\u00f3 Val\u00e8ncia Trinidad Alfonso EDP (23 d\u2019octubre de 2022) i la Marat\u00f3 Val\u00e8ncia Trinidad Alfonso EDP (4 de desembre de 2022), despr\u00e9s de dos anys d\u2019interrupci\u00f3 per la pand\u00e8mia del covid-19. Cal destacar que les places per a totes dues carreres s\u00f3n limitades. Els aficionats interessats a inscriure\u2019s a les proves han d\u2019enviar un correu a la seg\u00fcent adre\u00e7a cvfrunners@villarrealcf.es a partir del dilluns 10 de gener, adjuntant una fotografia del DNI i de l\u2019abonament del Villarreal CF de la present campanya 2021-22. Tots els correus que arriben abans de la data indicada pr\u00e8viament no seran atesos. Una vegada rebut el correu electr\u00f2nic, el Villarreal CF proporcionar\u00e0 als corredors \u2018groguets\u2019 un enlla\u00e7 i un codi per a completar el proc\u00e9s d\u2019inscripci\u00f3. Cal destacar que el codi \u00e9s personal i intransferible. En cas d\u2019emprar-se per a una altra persona, autom\u00e0ticament es cancel\u00b7lar\u00e0 la inscripci\u00f3 i no es reembossar\u00e0 la quantitat abonada. En la Fira del Corredor de tots dos cert\u00e0mens, els abonats grocs podran comprar la samarreta oficial de Villarreal CF Runners de la present temporada a un m\u00f2dic preu de 10 euros (amb pr\u00e8via reserva detallant la talla en el mateix correu sol\u00b7licitant la inscripci\u00f3). Preus de les carreres per als abonats que formen part de Villarreal CF Runners:: Per a m\u00e9s informaci\u00f3 sobre les carreres es pot visitar els seg\u00fcents enlla\u00e7os:","url":"","background_image":"","images":[{"type":"image","url":"https:\/\/villarrealcf.es\/\/wp-content\/uploads\/2021\/12\/5f9e41b8a49dc6baa34e47b10a08bbb3.jpg","alt":"||||","width":819,"height":460,"srcset":"https:\/\/villarrealcf.es\/wp-content\/uploads\/2021\/12\/5f9e41b8a49dc6baa34e47b10a08bbb3.jpg 819w, https:\/\/villarrealcf.es\/\/wp-content\/uploads\/2021\/12\/5f9e41b8a49dc6baa34e47b10a08bbb3.jpg 1920w, https:\/\/villarrealcf.es\/\/wp-content\/uploads\/2021\/12\/5f9e41b8a49dc6baa34e47b10a08bbb3.jpg 1920w, https:\/\/villarrealcf.es\/\/wp-content\/uploads\/2021\/12\/5f9e41b8a49dc6baa34e47b10a08bbb3.jpg 1920w, https:\/\/villarrealcf.es\/wp-content\/uploads\/2021\/12\/5f9e41b8a49dc6baa34e47b10a08bbb3-32x18.jpg 32w, https:\/\/villarrealcf.es\/wp-content\/uploads\/2021\/12\/5f9e41b8a49dc6baa34e47b10a08bbb3-150x84.jpg 150w, https:\/\/villarrealcf.es\/\/wp-content\/uploads\/2021\/12\/5f9e41b8a49dc6baa34e47b10a08bbb3.jpg 1920w","sizes":"auto, (max-width: 819px) 100vw, 819px"}],"videos":[],"links":[]},{"id":"shortcode-caption-69ef5d3d39d9c","type":"shortcode","shortcode":"caption","attributes":{"id":"attachment_178230","align":"alignnone","width":""},"title":"Caption","rendered":"","data":[],"text":"","url":"","background_image":"","images":[],"videos":[],"links":[],"blocks":[]}]},"excerpt":{"rendered":"Els abonats grocs podran gaudir d&#8217;importants descomptes en la inscripci\u00f3 de la Mitja Marat\u00f3 i Marat\u00f3 Val\u00e8ncia Trinidad Alfonso EDP","protected":false},"author":25,"featured_media":178230,"comment_status":"","ping_status":"","sticky":false,"template":"","format":"standard","meta":{"_acf_changed":false,"footnotes":""},"categories":[4854],"tags":[12554,12556,4934,9487,9270,10332,11816,9205,9627,9203,11595],"acf":null,"lang":"val","translations":{"val":222427},"essential_grid":{"has_grid":false},"formatted_date":"December 23, 2021","modified_date":"December 23, 2021","permalink":"https:\/\/villarrealcf.es\/val\/torna-villareal-cf-runners\/","reading_time":2,"featured_media_data":{"id":178230,"title":"||||","caption":"||||","alt_text":"","description":"","mime_type":"image\/jpeg","source_url":"https:\/\/villarrealcf.es\/wp-content\/uploads\/2021\/12\/5f9e41b8a49dc6baa34e47b10a08bbb3.jpg","sizes":{"thumbnail":{"url":"https:\/\/villarrealcf.es\/wp-content\/uploads\/2021\/12\/5f9e41b8a49dc6baa34e47b10a08bbb3-150x150.jpg","width":150,"height":150},"medium":{"url":"https:\/\/villarrealcf.es\/wp-content\/uploads\/2021\/12\/5f9e41b8a49dc6baa34e47b10a08bbb3-300x168.jpg","width":300,"height":168},"medium_large":{"url":"https:\/\/villarrealcf.es\/wp-content\/uploads\/2021\/12\/5f9e41b8a49dc6baa34e47b10a08bbb3-768x431.jpg","width":768,"height":431},"large":{"url":"https:\/\/villarrealcf.es\/wp-content\/uploads\/2021\/12\/5f9e41b8a49dc6baa34e47b10a08bbb3.jpg","width":788,"height":443},"1536x1536":{"url":"https:\/\/villarrealcf.es\/wp-content\/uploads\/2021\/12\/5f9e41b8a49dc6baa34e47b10a08bbb3.jpg","width":819,"height":460},"2048x2048":{"url":"https:\/\/villarrealcf.es\/wp-content\/uploads\/2021\/12\/5f9e41b8a49dc6baa34e47b10a08bbb3.jpg","width":819,"height":460},"tp-image-grid":{"url":"https:\/\/villarrealcf.es\/wp-content\/uploads\/2021\/12\/5f9e41b8a49dc6baa34e47b10a08bbb3-700x460.jpg","width":700,"height":460},"size-bunyad-medium":{"url":"https:\/\/villarrealcf.es\/wp-content\/uploads\/2021\/12\/5f9e41b8a49dc6baa34e47b10a08bbb3.jpg","width":819,"height":460},"sportspress-crop-medium":{"url":"https:\/\/villarrealcf.es\/wp-content\/uploads\/2021\/12\/5f9e41b8a49dc6baa34e47b10a08bbb3-300x300.jpg","width":300,"height":300},"sportspress-fit-medium":{"url":"https:\/\/villarrealcf.es\/wp-content\/uploads\/2021\/12\/5f9e41b8a49dc6baa34e47b10a08bbb3-300x168.jpg","width":300,"height":168},"sportspress-fit-icon":{"url":"https:\/\/villarrealcf.es\/wp-content\/uploads\/2021\/12\/5f9e41b8a49dc6baa34e47b10a08bbb3-128x72.jpg","width":128,"height":72},"sportspress-fit-mini":{"url":"https:\/\/villarrealcf.es\/wp-content\/uploads\/2021\/12\/5f9e41b8a49dc6baa34e47b10a08bbb3-32x18.jpg","width":32,"height":18},"bunyad-small":{"url":"https:\/\/villarrealcf.es\/wp-content\/uploads\/2021\/12\/5f9e41b8a49dc6baa34e47b10a08bbb3-150x84.jpg","width":150,"height":84},"bunyad-medium":{"url":"https:\/\/villarrealcf.es\/wp-content\/uploads\/2021\/12\/5f9e41b8a49dc6baa34e47b10a08bbb3-450x253.jpg","width":450,"height":253},"bunyad-full":{"url":"https:\/\/villarrealcf.es\/wp-content\/uploads\/2021\/12\/5f9e41b8a49dc6baa34e47b10a08bbb3.jpg","width":819,"height":460},"bunyad-viewport":{"url":"https:\/\/villarrealcf.es\/wp-content\/uploads\/2021\/12\/5f9e41b8a49dc6baa34e47b10a08bbb3.jpg","width":819,"height":460},"bunyad-768":{"url":"https:\/\/villarrealcf.es\/wp-content\/uploads\/2021\/12\/5f9e41b8a49dc6baa34e47b10a08bbb3-768x431.jpg","width":768,"height":431},"full":{"url":"https:\/\/villarrealcf.es\/wp-content\/uploads\/2021\/12\/5f9e41b8a49dc6baa34e47b10a08bbb3.jpg","width":819,"height":460}}},"author_data":{"id":"25","name":"Javier Ayuso","first_name":"Javier","last_name":"Ayuso","description":"","avatar_url":"https:\/\/secure.gravatar.com\/avatar\/fcf8894be45988fcce5bbff0efe1790d2a7f4ba57e2c7c898f5068154e696495?s=96&d=mm&r=g","acf":null},"taxonomies_data":{"category":[{"id":4854,"name":"Noticies Generals","slug":"noticies-generals","acf":null}],"post_tag":[{"id":12554,"name":"#Football","slug":"football-val","acf":null},{"id":12556,"name":"#Soccer","slug":"soccer-val","acf":null},{"id":4934,"name":"Abonados","slug":"abonados","acf":null},{"id":9487,"name":"Afici\u00f3n","slug":"aficion-val","acf":null},{"id":9270,"name":"Futbol","slug":"futbol-val","acf":null},{"id":10332,"name":"Marat\u00f3n Valencia Trinidad Alfonso","slug":"maraton-valencia-trinidad-alfonso-val","acf":null},{"id":11816,"name":"Medio Marat\u00f3n Valencia Trinidad Alfonso","slug":"medio-maraton-valencia-trinidad-alfonso-val","acf":null},{"id":9205,"name":"Submarino","slug":"submarino-val","acf":null},{"id":9627,"name":"Submarino Amarillo","slug":"submarino-amarillo-val","acf":null},{"id":9203,"name":"Villarreal CF","slug":"villarreal-cf-val","acf":null},{"id":11595,"name":"Villarreal CF Runners","slug":"villarreal-cf-runners-val","acf":null}],"translation_priority":[{"id":735,"name":"Optional","slug":"optional-val","acf":null}]},"seo_full":{"native":{"title":"Torna Villarreal CF Runners! - Web Oficial del Villarreal CF","description":"[caption id=\"attachment_178230\" align=\"alignnone\" width=\"\"]||||[\/caption]Els abonats grocs podran gaudir d'importants descomptes en la inscripci\u00f3 de la Mitja Marat\u00f3 i Marat\u00f3 Val\u00e8ncia&hellip;","canonical":"https:\/\/villarrealcf.es\/val\/torna-villareal-cf-runners\/"}},"_links":{"self":[{"href":"https:\/\/villarrealcf.es\/val\/wp-json\/wp\/v2\/posts\/222427","targetHints":{"allow":["GET"]}}],"collection":[{"href":"https:\/\/villarrealcf.es\/val\/wp-json\/wp\/v2\/posts"}],"about":[{"href":"https:\/\/villarrealcf.es\/val\/wp-json\/wp\/v2\/types\/post"}],"author":[{"embeddable":true,"href":"https:\/\/villarrealcf.es\/val\/wp-json\/wp\/v2\/users\/25"}],"replies":[{"embeddable":true,"href":"https:\/\/villarrealcf.es\/val\/wp-json\/wp\/v2\/comments?post=222427"}],"version-history":[{"count":0,"href":"https:\/\/villarrealcf.es\/val\/wp-json\/wp\/v2\/posts\/222427\/revisions"}],"wp:featuredmedia":[{"embeddable":true,"href":"https:\/\/villarrealcf.es\/val\/wp-json\/wp\/v2\/media\/178230"}],"wp:attachment":[{"href":"https:\/\/villarrealcf.es\/val\/wp-json\/wp\/v2\/media?parent=222427"}],"wp:term":[{"taxonomy":"category","embeddable":true,"href":"https:\/\/villarrealcf.es\/val\/wp-json\/wp\/v2\/categories?post=222427"},{"taxonomy":"post_tag","embeddable":true,"href":"https:\/\/villarrealcf.es\/val\/wp-json\/wp\/v2\/tags?post=222427"}],"curies":[{"name":"wp","href":"https:\/\/api.w.org\/{rel}","templated":true}]}}