{"id":222377,"date":"2021-12-20T09:37:32","date_gmt":"2021-12-20T08:37:32","guid":{"rendered":"https:\/\/villarrealcf.es\/\/el-costat-mes-huma-del-juvenil-b\/"},"modified":"2021-12-20T09:37:32","modified_gmt":"2021-12-20T08:37:32","slug":"el-costat-mes-huma-del-juvenil-b","status":"publish","type":"post","link":"https:\/\/villarrealcf.es\/val\/el-costat-mes-huma-del-juvenil-b\/","title":{"rendered":"El costat m\u00e9s hum\u00e0 del Juvenil B"},"content":{"protected":false,"blocks":[{"type":"image","url":"https:\/\/villarrealcf.es\/\/wp-content\/uploads\/2021\/12\/5a674c8b93d5d1d029ffb877c4f8c21f.jpg","alt":"||||","width":819,"height":460,"srcset":"https:\/\/villarrealcf.es\/wp-content\/uploads\/2021\/12\/5a674c8b93d5d1d029ffb877c4f8c21f.jpg 819w, https:\/\/villarrealcf.es\/\/wp-content\/uploads\/2021\/12\/5a674c8b93d5d1d029ffb877c4f8c21f.jpg 1920w, https:\/\/villarrealcf.es\/\/wp-content\/uploads\/2021\/12\/5a674c8b93d5d1d029ffb877c4f8c21f.jpg 1920w, https:\/\/villarrealcf.es\/\/wp-content\/uploads\/2021\/12\/5a674c8b93d5d1d029ffb877c4f8c21f.jpg 1920w, https:\/\/villarrealcf.es\/wp-content\/uploads\/2021\/12\/5a674c8b93d5d1d029ffb877c4f8c21f-32x18.jpg 32w, https:\/\/villarrealcf.es\/wp-content\/uploads\/2021\/12\/5a674c8b93d5d1d029ffb877c4f8c21f-150x84.jpg 150w, https:\/\/villarrealcf.es\/\/wp-content\/uploads\/2021\/12\/5a674c8b93d5d1d029ffb877c4f8c21f.jpg 1920w","sizes":"auto, (max-width: 819px) 100vw, 819px"},{"type":"paragraph","text":"El club de la Pedrera Grogueta se solidaritza amb AFA en aquestes dates tan assenyalades"},{"type":"paragraph","text":"El Juvenil B del Vilarreal CF est\u00e0 quallant una gran temporada. Amb Santi Mart\u00ednez al capdavant, el conjunt groguet lidera la classificaci\u00f3 del Grup 8 de la Lliga Nacional, amb tan sols una derrota en 17 partits disputats. No obstant aix\u00f2, aquest equip de joves promeses no sols destaca pel seu quefer en els terrenys de joc."},{"type":"paragraph","text":"I \u00e9s que els juvenils grocs col\u00b7laboren amb l\u2019Associaci\u00f3 de Familiars i Amics de Malalts d\u2019Alzheimer (AFA), que pertany al projecte Endavant Igualtat, una iniciativa impulsada pel Villarreal CF en la qual participen molts clubs del futbol base de l\u2019entitat groga."},{"type":"paragraph","text":"Entre les moltes activitats que realitzen amb AFA, Pablo Alberola, entrenador auxiliar del combinat juvenil, destaca: han realitzat activitats \u201ccom la musicoter\u00e0pia, cantant can\u00e7ons populars i nadales. Tamb\u00e9 hem pogut realitzar passejos, com a part de la millora de la condici\u00f3 f\u00edsica i salut i altres com l\u2019ergoter\u00e0pia, fent treballs manuals com a postals nadalenques\u201d."},{"type":"paragraph","text":"Un dels aspectes que Alberola m\u00e9s ressalta sobre el seu grup en el transcurs d\u2019aquesta activitat \u00e9s \u201cl\u2019alt nivell d\u2019implicaci\u00f3, predisposici\u00f3, motivaci\u00f3 i autonomia que han mostrat els xics\u201d i afig que \u201caix\u00f2 els servir\u00e0 per a emportar-se el m\u00e0xim possible d\u2019aquesta experi\u00e8ncia amb AFA\u201d."},{"type":"paragraph","text":"Aquest tipus de col\u00b7laboraci\u00f3 trau el costat m\u00e9s hum\u00e0 d\u2019aquests joves de la Cantera Grogueta, per\u00f2, a m\u00e9s, els mostra una realitat a la qual ells, com a esportistes d\u2019elit, no estan acostumats. \u201cL\u2019entrenament en valors que s\u2019emporten per al dia a dia i el seu futur com a persones \u00e9s, en gran manera, gr\u00e0cies a aquest projecte tan diferencial que realitza el club. Aquests valors s\u00f3n fonamentals per a tindre una major consci\u00e8ncia c\u00edvica en un futur. Un exemple molt visual del que est\u00e0 significant per als jugadors i cos t\u00e8cnic aquesta activitat, \u00e9s veure les seues cares de sorpresa i alegria quan interactuen amb els usuaris, i com comenten en eixir del centre, el r\u00e0pid i am\u00e9 que ha sigut aqueix ratito, a m\u00e9s de xarrar entre ells el que cadascun ha viscut, la qual cosa els ha cridat l\u2019atenci\u00f3, etc.\u201d, explica Pablo Alberola."},{"type":"paragraph","text":"Aix\u00ed mateix, l\u2019entrenador auxiliar del Juvenil B assegura que la rebuda per part de l\u2019organitzaci\u00f3 i els seus usuaris els va fer sentir com a casa en tot moment: \u201cEl feedback que ens van donar va ser molt positiu. Els xics i el cos t\u00e8cnic al\u00b7lucinem amb la forma en la qual ens van rebre. Ens aplaudien i ens van posar l\u2019himne del Villarreal en entrar\u201d."},{"type":"paragraph","text":"El Villarreal continua advocant per aquesta mena d\u2019accions, que s\u2019han pogut reprendre despr\u00e9s dels pitjors moments de la pand\u00e8mia, i que tenen com a objectiu la millora i desenvolupament personal de cada jugador i membre del staff t\u00e8cnic. \u201cAquesta iniciativa no finalitza amb l\u2019activitat que duem a terme aqueix dia amb els usuaris, sin\u00f3 que seguim en el dia a dia aprofitant aquests aprenentatges que emergeixen aquest tipus de viv\u00e8ncies\u201d, relata el t\u00e8cnic."},{"type":"paragraph","text":"Aquesta \u00e9s una labor impulsada pel projecte Endavant Igualtat, en la qual els principals equips de la Cantera Grogueta i del Villarreal Femen\u00ed apadrinen a diferents centres especials de la prov\u00edncia de Castell\u00f3. Aquesta vegada, els protagonistes van ser els xics del Juvenil B que van traure el seu costat m\u00e9s hum\u00e0 i van demostrar que tamb\u00e9 s\u00f3n uns cracs fora dels terrenys de joc."}],"structured":{"summary":{"text":"El club de la Pedrera Grogueta se solidaritza amb AFA en aquestes dates tan assenyalades El Juvenil B del Vilarreal CF est\u00e0 quallant una gran temporada. Amb Santi Mart\u00ednez al capdavant, el conjunt groguet lidera la classificaci\u00f3 del Grup 8 de la Lliga Nacional, amb tan sols una derrota en 17 partits disputats. No obstant aix\u00f2, aquest equip de joves promeses no sols destaca pel seu quefer en els terrenys de joc. I \u00e9s que els juvenils grocs col\u00b7laboren amb l\u2019Associaci\u00f3 de Familiars i Amics de Malalts d\u2019Alzheimer (AFA), que pertany al projecte Endavant Igualtat, una iniciativa impulsada pel Villarreal CF en la qual participen molts clubs del futbol base de l\u2019entitat groga. Entre les moltes activitats que realitzen amb AFA, Pablo Alberola, entrenador auxiliar del combinat juvenil, destaca: han realitzat activitats \u201ccom la musicoter\u00e0pia, cantant can\u00e7ons populars i nadales. Tamb\u00e9 hem pogut realitzar passejos, com a part de la millora de la condici\u00f3 f\u00edsica i salut i altres com l\u2019ergoter\u00e0pia, fent treballs manuals com a postals nadalenques\u201d. Un dels aspectes que Alberola m\u00e9s ressalta sobre el seu grup en el transcurs d\u2019aquesta activitat \u00e9s \u201cl\u2019alt nivell d\u2019implicaci\u00f3, predisposici\u00f3, motivaci\u00f3 i autonomia que han mostrat els xics\u201d i afig que \u201caix\u00f2 els servir\u00e0 per a emportar-se el m\u00e0xim possible d\u2019aquesta experi\u00e8ncia amb AFA\u201d. Aquest tipus de col\u00b7laboraci\u00f3 trau el costat m\u00e9s hum\u00e0 d\u2019aquests joves de la Cantera Grogueta, per\u00f2, a m\u00e9s, els mostra una realitat a la qual ells, com a esportistes d\u2019elit, no estan acostumats. \u201cL\u2019entrenament en valors que s\u2019emporten per al dia a dia i el seu futur com a persones \u00e9s, en gran manera, gr\u00e0cies a aquest projecte tan diferencial que realitza el club. Aquests valors s\u00f3n fonamentals per a tindre una major consci\u00e8ncia c\u00edvica en un futur. Un exemple molt visual del que est\u00e0 significant per als jugadors i cos t\u00e8cnic aquesta activitat, \u00e9s veure les seues cares de sorpresa i alegria quan interactuen amb els usuaris, i com comenten en eixir del centre, el r\u00e0pid i am\u00e9 que ha sigut aqueix ratito, a m\u00e9s de xarrar entre ells el que cadascun ha viscut, la qual cosa els ha cridat l\u2019atenci\u00f3, etc.\u201d, explica Pablo Alberola. Aix\u00ed mateix, l\u2019entrenador auxiliar del Juvenil B assegura que la rebuda per part de l\u2019organitzaci\u00f3 i els seus usuaris els va fer sentir com a casa en tot moment: \u201cEl feedback que ens van donar va ser molt positiu. Els xics i el cos t\u00e8cnic al\u00b7lucinem amb la forma en la qual ens van rebre. Ens aplaudien i ens van posar l\u2019himne del Villarreal en entrar\u201d. El Villarreal continua advocant per aquesta mena d\u2019accions, que s\u2019han pogut reprendre despr\u00e9s dels pitjors moments de la pand\u00e8mia, i que tenen com a objectiu la millora i desenvolupament personal de cada jugador i membre del staff t\u00e8cnic. \u201cAquesta iniciativa no finalitza amb l\u2019activitat que duem a terme aqueix dia amb els usuaris, sin\u00f3 que seguim en el dia a dia aprofitant aquests aprenentatges que emergeixen aquest tipus de viv\u00e8ncies\u201d, relata el t\u00e8cnic. Aquesta \u00e9s una labor impulsada pel projecte Endavant Igualtat, en la qual els principals equips de la Cantera Grogueta i del Villarreal Femen\u00ed apadrinen a diferents centres especials de la prov\u00edncia de Castell\u00f3. Aquesta vegada, els protagonistes van ser els xics del Juvenil B que van traure el seu costat m\u00e9s hum\u00e0 i van demostrar que tamb\u00e9 s\u00f3n uns cracs fora dels terrenys de joc.","headings":[],"buttons":[],"images":[{"type":"image","url":"https:\/\/villarrealcf.es\/\/wp-content\/uploads\/2021\/12\/5a674c8b93d5d1d029ffb877c4f8c21f.jpg","alt":"||||","width":819,"height":460,"srcset":"https:\/\/villarrealcf.es\/wp-content\/uploads\/2021\/12\/5a674c8b93d5d1d029ffb877c4f8c21f.jpg 819w, https:\/\/villarrealcf.es\/\/wp-content\/uploads\/2021\/12\/5a674c8b93d5d1d029ffb877c4f8c21f.jpg 1920w, https:\/\/villarrealcf.es\/\/wp-content\/uploads\/2021\/12\/5a674c8b93d5d1d029ffb877c4f8c21f.jpg 1920w, https:\/\/villarrealcf.es\/\/wp-content\/uploads\/2021\/12\/5a674c8b93d5d1d029ffb877c4f8c21f.jpg 1920w, https:\/\/villarrealcf.es\/wp-content\/uploads\/2021\/12\/5a674c8b93d5d1d029ffb877c4f8c21f-32x18.jpg 32w, https:\/\/villarrealcf.es\/wp-content\/uploads\/2021\/12\/5a674c8b93d5d1d029ffb877c4f8c21f-150x84.jpg 150w, https:\/\/villarrealcf.es\/\/wp-content\/uploads\/2021\/12\/5a674c8b93d5d1d029ffb877c4f8c21f.jpg 1920w","sizes":"auto, (max-width: 819px) 100vw, 819px"}],"counts":{"blocks":10,"headings":0,"texts":9,"buttons":0,"images":1}},"sections":[{"id":"section-1","title":"","text":"El club de la Pedrera Grogueta se solidaritza amb AFA en aquestes dates tan assenyalades El Juvenil B del Vilarreal CF est\u00e0 quallant una gran temporada. Amb Santi Mart\u00ednez al capdavant, el conjunt groguet lidera la classificaci\u00f3 del Grup 8 de la Lliga Nacional, amb tan sols una derrota en 17 partits disputats. No obstant aix\u00f2, aquest equip de joves promeses no sols destaca pel seu quefer en els terrenys de joc. I \u00e9s que els juvenils grocs col\u00b7laboren amb l\u2019Associaci\u00f3 de Familiars i Amics de Malalts d\u2019Alzheimer (AFA), que pertany al projecte Endavant Igualtat, una iniciativa impulsada pel Villarreal CF en la qual participen molts clubs del futbol base de l\u2019entitat groga. Entre les moltes activitats que realitzen amb AFA, Pablo Alberola, entrenador auxiliar del combinat juvenil, destaca: han realitzat activitats \u201ccom la musicoter\u00e0pia, cantant can\u00e7ons populars i nadales. Tamb\u00e9 hem pogut realitzar passejos, com a part de la millora de la condici\u00f3 f\u00edsica i salut i altres com l\u2019ergoter\u00e0pia, fent treballs manuals com a postals nadalenques\u201d. Un dels aspectes que Alberola m\u00e9s ressalta sobre el seu grup en el transcurs d\u2019aquesta activitat \u00e9s \u201cl\u2019alt nivell d\u2019implicaci\u00f3, predisposici\u00f3, motivaci\u00f3 i autonomia que han mostrat els xics\u201d i afig que \u201caix\u00f2 els servir\u00e0 per a emportar-se el m\u00e0xim possible d\u2019aquesta experi\u00e8ncia amb AFA\u201d. Aquest tipus de col\u00b7laboraci\u00f3 trau el costat m\u00e9s hum\u00e0 d\u2019aquests joves de la Cantera Grogueta, per\u00f2, a m\u00e9s, els mostra una realitat a la qual ells, com a esportistes d\u2019elit, no estan acostumats. \u201cL\u2019entrenament en valors que s\u2019emporten per al dia a dia i el seu futur com a persones \u00e9s, en gran manera, gr\u00e0cies a aquest projecte tan diferencial que realitza el club. Aquests valors s\u00f3n fonamentals per a tindre una major consci\u00e8ncia c\u00edvica en un futur. Un exemple molt visual del que est\u00e0 significant per als jugadors i cos t\u00e8cnic aquesta activitat, \u00e9s veure les seues cares de sorpresa i alegria quan interactuen amb els usuaris, i com comenten en eixir del centre, el r\u00e0pid i am\u00e9 que ha sigut aqueix ratito, a m\u00e9s de xarrar entre ells el que cadascun ha viscut, la qual cosa els ha cridat l\u2019atenci\u00f3, etc.\u201d, explica Pablo Alberola. Aix\u00ed mateix, l\u2019entrenador auxiliar del Juvenil B assegura que la rebuda per part de l\u2019organitzaci\u00f3 i els seus usuaris els va fer sentir com a casa en tot moment: \u201cEl feedback que ens van donar va ser molt positiu. Els xics i el cos t\u00e8cnic al\u00b7lucinem amb la forma en la qual ens van rebre. Ens aplaudien i ens van posar l\u2019himne del Villarreal en entrar\u201d. El Villarreal continua advocant per aquesta mena d\u2019accions, que s\u2019han pogut reprendre despr\u00e9s dels pitjors moments de la pand\u00e8mia, i que tenen com a objectiu la millora i desenvolupament personal de cada jugador i membre del staff t\u00e8cnic. \u201cAquesta iniciativa no finalitza amb l\u2019activitat que duem a terme aqueix dia amb els usuaris, sin\u00f3 que seguim en el dia a dia aprofitant aquests aprenentatges que emergeixen aquest tipus de viv\u00e8ncies\u201d, relata el t\u00e8cnic. Aquesta \u00e9s una labor impulsada pel projecte Endavant Igualtat, en la qual els principals equips de la Cantera Grogueta i del Villarreal Femen\u00ed apadrinen a diferents centres especials de la prov\u00edncia de Castell\u00f3. Aquesta vegada, els protagonistes van ser els xics del Juvenil B que van traure el seu costat m\u00e9s hum\u00e0 i van demostrar que tamb\u00e9 s\u00f3n uns cracs fora dels terrenys de joc.","headings":[],"texts":[{"type":"paragraph","text":"El club de la Pedrera Grogueta se solidaritza amb AFA en aquestes dates tan assenyalades"},{"type":"paragraph","text":"El Juvenil B del Vilarreal CF est\u00e0 quallant una gran temporada. Amb Santi Mart\u00ednez al capdavant, el conjunt groguet lidera la classificaci\u00f3 del Grup 8 de la Lliga Nacional, amb tan sols una derrota en 17 partits disputats. No obstant aix\u00f2, aquest equip de joves promeses no sols destaca pel seu quefer en els terrenys de joc."},{"type":"paragraph","text":"I \u00e9s que els juvenils grocs col\u00b7laboren amb l\u2019Associaci\u00f3 de Familiars i Amics de Malalts d\u2019Alzheimer (AFA), que pertany al projecte Endavant Igualtat, una iniciativa impulsada pel Villarreal CF en la qual participen molts clubs del futbol base de l\u2019entitat groga."},{"type":"paragraph","text":"Entre les moltes activitats que realitzen amb AFA, Pablo Alberola, entrenador auxiliar del combinat juvenil, destaca: han realitzat activitats \u201ccom la musicoter\u00e0pia, cantant can\u00e7ons populars i nadales. Tamb\u00e9 hem pogut realitzar passejos, com a part de la millora de la condici\u00f3 f\u00edsica i salut i altres com l\u2019ergoter\u00e0pia, fent treballs manuals com a postals nadalenques\u201d."},{"type":"paragraph","text":"Un dels aspectes que Alberola m\u00e9s ressalta sobre el seu grup en el transcurs d\u2019aquesta activitat \u00e9s \u201cl\u2019alt nivell d\u2019implicaci\u00f3, predisposici\u00f3, motivaci\u00f3 i autonomia que han mostrat els xics\u201d i afig que \u201caix\u00f2 els servir\u00e0 per a emportar-se el m\u00e0xim possible d\u2019aquesta experi\u00e8ncia amb AFA\u201d."},{"type":"paragraph","text":"Aquest tipus de col\u00b7laboraci\u00f3 trau el costat m\u00e9s hum\u00e0 d\u2019aquests joves de la Cantera Grogueta, per\u00f2, a m\u00e9s, els mostra una realitat a la qual ells, com a esportistes d\u2019elit, no estan acostumats. \u201cL\u2019entrenament en valors que s\u2019emporten per al dia a dia i el seu futur com a persones \u00e9s, en gran manera, gr\u00e0cies a aquest projecte tan diferencial que realitza el club. Aquests valors s\u00f3n fonamentals per a tindre una major consci\u00e8ncia c\u00edvica en un futur. Un exemple molt visual del que est\u00e0 significant per als jugadors i cos t\u00e8cnic aquesta activitat, \u00e9s veure les seues cares de sorpresa i alegria quan interactuen amb els usuaris, i com comenten en eixir del centre, el r\u00e0pid i am\u00e9 que ha sigut aqueix ratito, a m\u00e9s de xarrar entre ells el que cadascun ha viscut, la qual cosa els ha cridat l\u2019atenci\u00f3, etc.\u201d, explica Pablo Alberola."},{"type":"paragraph","text":"Aix\u00ed mateix, l\u2019entrenador auxiliar del Juvenil B assegura que la rebuda per part de l\u2019organitzaci\u00f3 i els seus usuaris els va fer sentir com a casa en tot moment: \u201cEl feedback que ens van donar va ser molt positiu. Els xics i el cos t\u00e8cnic al\u00b7lucinem amb la forma en la qual ens van rebre. Ens aplaudien i ens van posar l\u2019himne del Villarreal en entrar\u201d."},{"type":"paragraph","text":"El Villarreal continua advocant per aquesta mena d\u2019accions, que s\u2019han pogut reprendre despr\u00e9s dels pitjors moments de la pand\u00e8mia, i que tenen com a objectiu la millora i desenvolupament personal de cada jugador i membre del staff t\u00e8cnic. \u201cAquesta iniciativa no finalitza amb l\u2019activitat que duem a terme aqueix dia amb els usuaris, sin\u00f3 que seguim en el dia a dia aprofitant aquests aprenentatges que emergeixen aquest tipus de viv\u00e8ncies\u201d, relata el t\u00e8cnic."},{"type":"paragraph","text":"Aquesta \u00e9s una labor impulsada pel projecte Endavant Igualtat, en la qual els principals equips de la Cantera Grogueta i del Villarreal Femen\u00ed apadrinen a diferents centres especials de la prov\u00edncia de Castell\u00f3. Aquesta vegada, els protagonistes van ser els xics del Juvenil B que van traure el seu costat m\u00e9s hum\u00e0 i van demostrar que tamb\u00e9 s\u00f3n uns cracs fora dels terrenys de joc."}],"buttons":[],"images":[{"type":"image","url":"https:\/\/villarrealcf.es\/\/wp-content\/uploads\/2021\/12\/5a674c8b93d5d1d029ffb877c4f8c21f.jpg","alt":"||||","width":819,"height":460,"srcset":"https:\/\/villarrealcf.es\/wp-content\/uploads\/2021\/12\/5a674c8b93d5d1d029ffb877c4f8c21f.jpg 819w, https:\/\/villarrealcf.es\/\/wp-content\/uploads\/2021\/12\/5a674c8b93d5d1d029ffb877c4f8c21f.jpg 1920w, https:\/\/villarrealcf.es\/\/wp-content\/uploads\/2021\/12\/5a674c8b93d5d1d029ffb877c4f8c21f.jpg 1920w, https:\/\/villarrealcf.es\/\/wp-content\/uploads\/2021\/12\/5a674c8b93d5d1d029ffb877c4f8c21f.jpg 1920w, https:\/\/villarrealcf.es\/wp-content\/uploads\/2021\/12\/5a674c8b93d5d1d029ffb877c4f8c21f-32x18.jpg 32w, https:\/\/villarrealcf.es\/wp-content\/uploads\/2021\/12\/5a674c8b93d5d1d029ffb877c4f8c21f-150x84.jpg 150w, https:\/\/villarrealcf.es\/\/wp-content\/uploads\/2021\/12\/5a674c8b93d5d1d029ffb877c4f8c21f.jpg 1920w","sizes":"auto, (max-width: 819px) 100vw, 819px"}],"widgets":[],"blocks":[{"type":"image","url":"https:\/\/villarrealcf.es\/\/wp-content\/uploads\/2021\/12\/5a674c8b93d5d1d029ffb877c4f8c21f.jpg","alt":"||||","width":819,"height":460,"srcset":"https:\/\/villarrealcf.es\/wp-content\/uploads\/2021\/12\/5a674c8b93d5d1d029ffb877c4f8c21f.jpg 819w, https:\/\/villarrealcf.es\/\/wp-content\/uploads\/2021\/12\/5a674c8b93d5d1d029ffb877c4f8c21f.jpg 1920w, https:\/\/villarrealcf.es\/\/wp-content\/uploads\/2021\/12\/5a674c8b93d5d1d029ffb877c4f8c21f.jpg 1920w, https:\/\/villarrealcf.es\/\/wp-content\/uploads\/2021\/12\/5a674c8b93d5d1d029ffb877c4f8c21f.jpg 1920w, https:\/\/villarrealcf.es\/wp-content\/uploads\/2021\/12\/5a674c8b93d5d1d029ffb877c4f8c21f-32x18.jpg 32w, https:\/\/villarrealcf.es\/wp-content\/uploads\/2021\/12\/5a674c8b93d5d1d029ffb877c4f8c21f-150x84.jpg 150w, https:\/\/villarrealcf.es\/\/wp-content\/uploads\/2021\/12\/5a674c8b93d5d1d029ffb877c4f8c21f.jpg 1920w","sizes":"auto, (max-width: 819px) 100vw, 819px"},{"type":"paragraph","text":"El club de la Pedrera Grogueta se solidaritza amb AFA en aquestes dates tan assenyalades"},{"type":"paragraph","text":"El Juvenil B del Vilarreal CF est\u00e0 quallant una gran temporada. Amb Santi Mart\u00ednez al capdavant, el conjunt groguet lidera la classificaci\u00f3 del Grup 8 de la Lliga Nacional, amb tan sols una derrota en 17 partits disputats. No obstant aix\u00f2, aquest equip de joves promeses no sols destaca pel seu quefer en els terrenys de joc."},{"type":"paragraph","text":"I \u00e9s que els juvenils grocs col\u00b7laboren amb l\u2019Associaci\u00f3 de Familiars i Amics de Malalts d\u2019Alzheimer (AFA), que pertany al projecte Endavant Igualtat, una iniciativa impulsada pel Villarreal CF en la qual participen molts clubs del futbol base de l\u2019entitat groga."},{"type":"paragraph","text":"Entre les moltes activitats que realitzen amb AFA, Pablo Alberola, entrenador auxiliar del combinat juvenil, destaca: han realitzat activitats \u201ccom la musicoter\u00e0pia, cantant can\u00e7ons populars i nadales. Tamb\u00e9 hem pogut realitzar passejos, com a part de la millora de la condici\u00f3 f\u00edsica i salut i altres com l\u2019ergoter\u00e0pia, fent treballs manuals com a postals nadalenques\u201d."},{"type":"paragraph","text":"Un dels aspectes que Alberola m\u00e9s ressalta sobre el seu grup en el transcurs d\u2019aquesta activitat \u00e9s \u201cl\u2019alt nivell d\u2019implicaci\u00f3, predisposici\u00f3, motivaci\u00f3 i autonomia que han mostrat els xics\u201d i afig que \u201caix\u00f2 els servir\u00e0 per a emportar-se el m\u00e0xim possible d\u2019aquesta experi\u00e8ncia amb AFA\u201d."},{"type":"paragraph","text":"Aquest tipus de col\u00b7laboraci\u00f3 trau el costat m\u00e9s hum\u00e0 d\u2019aquests joves de la Cantera Grogueta, per\u00f2, a m\u00e9s, els mostra una realitat a la qual ells, com a esportistes d\u2019elit, no estan acostumats. \u201cL\u2019entrenament en valors que s\u2019emporten per al dia a dia i el seu futur com a persones \u00e9s, en gran manera, gr\u00e0cies a aquest projecte tan diferencial que realitza el club. Aquests valors s\u00f3n fonamentals per a tindre una major consci\u00e8ncia c\u00edvica en un futur. Un exemple molt visual del que est\u00e0 significant per als jugadors i cos t\u00e8cnic aquesta activitat, \u00e9s veure les seues cares de sorpresa i alegria quan interactuen amb els usuaris, i com comenten en eixir del centre, el r\u00e0pid i am\u00e9 que ha sigut aqueix ratito, a m\u00e9s de xarrar entre ells el que cadascun ha viscut, la qual cosa els ha cridat l\u2019atenci\u00f3, etc.\u201d, explica Pablo Alberola."},{"type":"paragraph","text":"Aix\u00ed mateix, l\u2019entrenador auxiliar del Juvenil B assegura que la rebuda per part de l\u2019organitzaci\u00f3 i els seus usuaris els va fer sentir com a casa en tot moment: \u201cEl feedback que ens van donar va ser molt positiu. Els xics i el cos t\u00e8cnic al\u00b7lucinem amb la forma en la qual ens van rebre. Ens aplaudien i ens van posar l\u2019himne del Villarreal en entrar\u201d."},{"type":"paragraph","text":"El Villarreal continua advocant per aquesta mena d\u2019accions, que s\u2019han pogut reprendre despr\u00e9s dels pitjors moments de la pand\u00e8mia, i que tenen com a objectiu la millora i desenvolupament personal de cada jugador i membre del staff t\u00e8cnic. \u201cAquesta iniciativa no finalitza amb l\u2019activitat que duem a terme aqueix dia amb els usuaris, sin\u00f3 que seguim en el dia a dia aprofitant aquests aprenentatges que emergeixen aquest tipus de viv\u00e8ncies\u201d, relata el t\u00e8cnic."},{"type":"paragraph","text":"Aquesta \u00e9s una labor impulsada pel projecte Endavant Igualtat, en la qual els principals equips de la Cantera Grogueta i del Villarreal Femen\u00ed apadrinen a diferents centres especials de la prov\u00edncia de Castell\u00f3. Aquesta vegada, els protagonistes van ser els xics del Juvenil B que van traure el seu costat m\u00e9s hum\u00e0 i van demostrar que tamb\u00e9 s\u00f3n uns cracs fora dels terrenys de joc."}]}],"hero":{"id":"section-1","title":"","text":"El club de la Pedrera Grogueta se solidaritza amb AFA en aquestes dates tan assenyalades El Juvenil B del Vilarreal CF est\u00e0 quallant una gran temporada. Amb Santi Mart\u00ednez al capdavant, el conjunt groguet lidera la classificaci\u00f3 del Grup 8 de la Lliga Nacional, amb tan sols una derrota en 17 partits disputats. No obstant aix\u00f2, aquest equip de joves promeses no sols destaca pel seu quefer en els terrenys de joc. I \u00e9s que els juvenils grocs col\u00b7laboren amb l\u2019Associaci\u00f3 de Familiars i Amics de Malalts d\u2019Alzheimer (AFA), que pertany al projecte Endavant Igualtat, una iniciativa impulsada pel Villarreal CF en la qual participen molts clubs del futbol base de l\u2019entitat groga. Entre les moltes activitats que realitzen amb AFA, Pablo Alberola, entrenador auxiliar del combinat juvenil, destaca: han realitzat activitats \u201ccom la musicoter\u00e0pia, cantant can\u00e7ons populars i nadales. Tamb\u00e9 hem pogut realitzar passejos, com a part de la millora de la condici\u00f3 f\u00edsica i salut i altres com l\u2019ergoter\u00e0pia, fent treballs manuals com a postals nadalenques\u201d. Un dels aspectes que Alberola m\u00e9s ressalta sobre el seu grup en el transcurs d\u2019aquesta activitat \u00e9s \u201cl\u2019alt nivell d\u2019implicaci\u00f3, predisposici\u00f3, motivaci\u00f3 i autonomia que han mostrat els xics\u201d i afig que \u201caix\u00f2 els servir\u00e0 per a emportar-se el m\u00e0xim possible d\u2019aquesta experi\u00e8ncia amb AFA\u201d. Aquest tipus de col\u00b7laboraci\u00f3 trau el costat m\u00e9s hum\u00e0 d\u2019aquests joves de la Cantera Grogueta, per\u00f2, a m\u00e9s, els mostra una realitat a la qual ells, com a esportistes d\u2019elit, no estan acostumats. \u201cL\u2019entrenament en valors que s\u2019emporten per al dia a dia i el seu futur com a persones \u00e9s, en gran manera, gr\u00e0cies a aquest projecte tan diferencial que realitza el club. Aquests valors s\u00f3n fonamentals per a tindre una major consci\u00e8ncia c\u00edvica en un futur. Un exemple molt visual del que est\u00e0 significant per als jugadors i cos t\u00e8cnic aquesta activitat, \u00e9s veure les seues cares de sorpresa i alegria quan interactuen amb els usuaris, i com comenten en eixir del centre, el r\u00e0pid i am\u00e9 que ha sigut aqueix ratito, a m\u00e9s de xarrar entre ells el que cadascun ha viscut, la qual cosa els ha cridat l\u2019atenci\u00f3, etc.\u201d, explica Pablo Alberola. Aix\u00ed mateix, l\u2019entrenador auxiliar del Juvenil B assegura que la rebuda per part de l\u2019organitzaci\u00f3 i els seus usuaris els va fer sentir com a casa en tot moment: \u201cEl feedback que ens van donar va ser molt positiu. Els xics i el cos t\u00e8cnic al\u00b7lucinem amb la forma en la qual ens van rebre. Ens aplaudien i ens van posar l\u2019himne del Villarreal en entrar\u201d. El Villarreal continua advocant per aquesta mena d\u2019accions, que s\u2019han pogut reprendre despr\u00e9s dels pitjors moments de la pand\u00e8mia, i que tenen com a objectiu la millora i desenvolupament personal de cada jugador i membre del staff t\u00e8cnic. \u201cAquesta iniciativa no finalitza amb l\u2019activitat que duem a terme aqueix dia amb els usuaris, sin\u00f3 que seguim en el dia a dia aprofitant aquests aprenentatges que emergeixen aquest tipus de viv\u00e8ncies\u201d, relata el t\u00e8cnic. Aquesta \u00e9s una labor impulsada pel projecte Endavant Igualtat, en la qual els principals equips de la Cantera Grogueta i del Villarreal Femen\u00ed apadrinen a diferents centres especials de la prov\u00edncia de Castell\u00f3. Aquesta vegada, els protagonistes van ser els xics del Juvenil B que van traure el seu costat m\u00e9s hum\u00e0 i van demostrar que tamb\u00e9 s\u00f3n uns cracs fora dels terrenys de joc.","headings":[],"texts":[{"type":"paragraph","text":"El club de la Pedrera Grogueta se solidaritza amb AFA en aquestes dates tan assenyalades"},{"type":"paragraph","text":"El Juvenil B del Vilarreal CF est\u00e0 quallant una gran temporada. Amb Santi Mart\u00ednez al capdavant, el conjunt groguet lidera la classificaci\u00f3 del Grup 8 de la Lliga Nacional, amb tan sols una derrota en 17 partits disputats. No obstant aix\u00f2, aquest equip de joves promeses no sols destaca pel seu quefer en els terrenys de joc."},{"type":"paragraph","text":"I \u00e9s que els juvenils grocs col\u00b7laboren amb l\u2019Associaci\u00f3 de Familiars i Amics de Malalts d\u2019Alzheimer (AFA), que pertany al projecte Endavant Igualtat, una iniciativa impulsada pel Villarreal CF en la qual participen molts clubs del futbol base de l\u2019entitat groga."},{"type":"paragraph","text":"Entre les moltes activitats que realitzen amb AFA, Pablo Alberola, entrenador auxiliar del combinat juvenil, destaca: han realitzat activitats \u201ccom la musicoter\u00e0pia, cantant can\u00e7ons populars i nadales. Tamb\u00e9 hem pogut realitzar passejos, com a part de la millora de la condici\u00f3 f\u00edsica i salut i altres com l\u2019ergoter\u00e0pia, fent treballs manuals com a postals nadalenques\u201d."},{"type":"paragraph","text":"Un dels aspectes que Alberola m\u00e9s ressalta sobre el seu grup en el transcurs d\u2019aquesta activitat \u00e9s \u201cl\u2019alt nivell d\u2019implicaci\u00f3, predisposici\u00f3, motivaci\u00f3 i autonomia que han mostrat els xics\u201d i afig que \u201caix\u00f2 els servir\u00e0 per a emportar-se el m\u00e0xim possible d\u2019aquesta experi\u00e8ncia amb AFA\u201d."},{"type":"paragraph","text":"Aquest tipus de col\u00b7laboraci\u00f3 trau el costat m\u00e9s hum\u00e0 d\u2019aquests joves de la Cantera Grogueta, per\u00f2, a m\u00e9s, els mostra una realitat a la qual ells, com a esportistes d\u2019elit, no estan acostumats. \u201cL\u2019entrenament en valors que s\u2019emporten per al dia a dia i el seu futur com a persones \u00e9s, en gran manera, gr\u00e0cies a aquest projecte tan diferencial que realitza el club. Aquests valors s\u00f3n fonamentals per a tindre una major consci\u00e8ncia c\u00edvica en un futur. Un exemple molt visual del que est\u00e0 significant per als jugadors i cos t\u00e8cnic aquesta activitat, \u00e9s veure les seues cares de sorpresa i alegria quan interactuen amb els usuaris, i com comenten en eixir del centre, el r\u00e0pid i am\u00e9 que ha sigut aqueix ratito, a m\u00e9s de xarrar entre ells el que cadascun ha viscut, la qual cosa els ha cridat l\u2019atenci\u00f3, etc.\u201d, explica Pablo Alberola."},{"type":"paragraph","text":"Aix\u00ed mateix, l\u2019entrenador auxiliar del Juvenil B assegura que la rebuda per part de l\u2019organitzaci\u00f3 i els seus usuaris els va fer sentir com a casa en tot moment: \u201cEl feedback que ens van donar va ser molt positiu. Els xics i el cos t\u00e8cnic al\u00b7lucinem amb la forma en la qual ens van rebre. Ens aplaudien i ens van posar l\u2019himne del Villarreal en entrar\u201d."},{"type":"paragraph","text":"El Villarreal continua advocant per aquesta mena d\u2019accions, que s\u2019han pogut reprendre despr\u00e9s dels pitjors moments de la pand\u00e8mia, i que tenen com a objectiu la millora i desenvolupament personal de cada jugador i membre del staff t\u00e8cnic. \u201cAquesta iniciativa no finalitza amb l\u2019activitat que duem a terme aqueix dia amb els usuaris, sin\u00f3 que seguim en el dia a dia aprofitant aquests aprenentatges que emergeixen aquest tipus de viv\u00e8ncies\u201d, relata el t\u00e8cnic."},{"type":"paragraph","text":"Aquesta \u00e9s una labor impulsada pel projecte Endavant Igualtat, en la qual els principals equips de la Cantera Grogueta i del Villarreal Femen\u00ed apadrinen a diferents centres especials de la prov\u00edncia de Castell\u00f3. Aquesta vegada, els protagonistes van ser els xics del Juvenil B que van traure el seu costat m\u00e9s hum\u00e0 i van demostrar que tamb\u00e9 s\u00f3n uns cracs fora dels terrenys de joc."}],"buttons":[],"images":[{"type":"image","url":"https:\/\/villarrealcf.es\/\/wp-content\/uploads\/2021\/12\/5a674c8b93d5d1d029ffb877c4f8c21f.jpg","alt":"||||","width":819,"height":460,"srcset":"https:\/\/villarrealcf.es\/wp-content\/uploads\/2021\/12\/5a674c8b93d5d1d029ffb877c4f8c21f.jpg 819w, https:\/\/villarrealcf.es\/\/wp-content\/uploads\/2021\/12\/5a674c8b93d5d1d029ffb877c4f8c21f.jpg 1920w, https:\/\/villarrealcf.es\/\/wp-content\/uploads\/2021\/12\/5a674c8b93d5d1d029ffb877c4f8c21f.jpg 1920w, https:\/\/villarrealcf.es\/\/wp-content\/uploads\/2021\/12\/5a674c8b93d5d1d029ffb877c4f8c21f.jpg 1920w, https:\/\/villarrealcf.es\/wp-content\/uploads\/2021\/12\/5a674c8b93d5d1d029ffb877c4f8c21f-32x18.jpg 32w, https:\/\/villarrealcf.es\/wp-content\/uploads\/2021\/12\/5a674c8b93d5d1d029ffb877c4f8c21f-150x84.jpg 150w, https:\/\/villarrealcf.es\/\/wp-content\/uploads\/2021\/12\/5a674c8b93d5d1d029ffb877c4f8c21f.jpg 1920w","sizes":"auto, (max-width: 819px) 100vw, 819px"}],"widgets":[],"blocks":[{"type":"image","url":"https:\/\/villarrealcf.es\/\/wp-content\/uploads\/2021\/12\/5a674c8b93d5d1d029ffb877c4f8c21f.jpg","alt":"||||","width":819,"height":460,"srcset":"https:\/\/villarrealcf.es\/wp-content\/uploads\/2021\/12\/5a674c8b93d5d1d029ffb877c4f8c21f.jpg 819w, https:\/\/villarrealcf.es\/\/wp-content\/uploads\/2021\/12\/5a674c8b93d5d1d029ffb877c4f8c21f.jpg 1920w, https:\/\/villarrealcf.es\/\/wp-content\/uploads\/2021\/12\/5a674c8b93d5d1d029ffb877c4f8c21f.jpg 1920w, https:\/\/villarrealcf.es\/\/wp-content\/uploads\/2021\/12\/5a674c8b93d5d1d029ffb877c4f8c21f.jpg 1920w, https:\/\/villarrealcf.es\/wp-content\/uploads\/2021\/12\/5a674c8b93d5d1d029ffb877c4f8c21f-32x18.jpg 32w, https:\/\/villarrealcf.es\/wp-content\/uploads\/2021\/12\/5a674c8b93d5d1d029ffb877c4f8c21f-150x84.jpg 150w, https:\/\/villarrealcf.es\/\/wp-content\/uploads\/2021\/12\/5a674c8b93d5d1d029ffb877c4f8c21f.jpg 1920w","sizes":"auto, (max-width: 819px) 100vw, 819px"},{"type":"paragraph","text":"El club de la Pedrera Grogueta se solidaritza amb AFA en aquestes dates tan assenyalades"},{"type":"paragraph","text":"El Juvenil B del Vilarreal CF est\u00e0 quallant una gran temporada. Amb Santi Mart\u00ednez al capdavant, el conjunt groguet lidera la classificaci\u00f3 del Grup 8 de la Lliga Nacional, amb tan sols una derrota en 17 partits disputats. No obstant aix\u00f2, aquest equip de joves promeses no sols destaca pel seu quefer en els terrenys de joc."},{"type":"paragraph","text":"I \u00e9s que els juvenils grocs col\u00b7laboren amb l\u2019Associaci\u00f3 de Familiars i Amics de Malalts d\u2019Alzheimer (AFA), que pertany al projecte Endavant Igualtat, una iniciativa impulsada pel Villarreal CF en la qual participen molts clubs del futbol base de l\u2019entitat groga."},{"type":"paragraph","text":"Entre les moltes activitats que realitzen amb AFA, Pablo Alberola, entrenador auxiliar del combinat juvenil, destaca: han realitzat activitats \u201ccom la musicoter\u00e0pia, cantant can\u00e7ons populars i nadales. Tamb\u00e9 hem pogut realitzar passejos, com a part de la millora de la condici\u00f3 f\u00edsica i salut i altres com l\u2019ergoter\u00e0pia, fent treballs manuals com a postals nadalenques\u201d."},{"type":"paragraph","text":"Un dels aspectes que Alberola m\u00e9s ressalta sobre el seu grup en el transcurs d\u2019aquesta activitat \u00e9s \u201cl\u2019alt nivell d\u2019implicaci\u00f3, predisposici\u00f3, motivaci\u00f3 i autonomia que han mostrat els xics\u201d i afig que \u201caix\u00f2 els servir\u00e0 per a emportar-se el m\u00e0xim possible d\u2019aquesta experi\u00e8ncia amb AFA\u201d."},{"type":"paragraph","text":"Aquest tipus de col\u00b7laboraci\u00f3 trau el costat m\u00e9s hum\u00e0 d\u2019aquests joves de la Cantera Grogueta, per\u00f2, a m\u00e9s, els mostra una realitat a la qual ells, com a esportistes d\u2019elit, no estan acostumats. \u201cL\u2019entrenament en valors que s\u2019emporten per al dia a dia i el seu futur com a persones \u00e9s, en gran manera, gr\u00e0cies a aquest projecte tan diferencial que realitza el club. Aquests valors s\u00f3n fonamentals per a tindre una major consci\u00e8ncia c\u00edvica en un futur. Un exemple molt visual del que est\u00e0 significant per als jugadors i cos t\u00e8cnic aquesta activitat, \u00e9s veure les seues cares de sorpresa i alegria quan interactuen amb els usuaris, i com comenten en eixir del centre, el r\u00e0pid i am\u00e9 que ha sigut aqueix ratito, a m\u00e9s de xarrar entre ells el que cadascun ha viscut, la qual cosa els ha cridat l\u2019atenci\u00f3, etc.\u201d, explica Pablo Alberola."},{"type":"paragraph","text":"Aix\u00ed mateix, l\u2019entrenador auxiliar del Juvenil B assegura que la rebuda per part de l\u2019organitzaci\u00f3 i els seus usuaris els va fer sentir com a casa en tot moment: \u201cEl feedback que ens van donar va ser molt positiu. Els xics i el cos t\u00e8cnic al\u00b7lucinem amb la forma en la qual ens van rebre. Ens aplaudien i ens van posar l\u2019himne del Villarreal en entrar\u201d."},{"type":"paragraph","text":"El Villarreal continua advocant per aquesta mena d\u2019accions, que s\u2019han pogut reprendre despr\u00e9s dels pitjors moments de la pand\u00e8mia, i que tenen com a objectiu la millora i desenvolupament personal de cada jugador i membre del staff t\u00e8cnic. \u201cAquesta iniciativa no finalitza amb l\u2019activitat que duem a terme aqueix dia amb els usuaris, sin\u00f3 que seguim en el dia a dia aprofitant aquests aprenentatges que emergeixen aquest tipus de viv\u00e8ncies\u201d, relata el t\u00e8cnic."},{"type":"paragraph","text":"Aquesta \u00e9s una labor impulsada pel projecte Endavant Igualtat, en la qual els principals equips de la Cantera Grogueta i del Villarreal Femen\u00ed apadrinen a diferents centres especials de la prov\u00edncia de Castell\u00f3. Aquesta vegada, els protagonistes van ser els xics del Juvenil B que van traure el seu costat m\u00e9s hum\u00e0 i van demostrar que tamb\u00e9 s\u00f3n uns cracs fora dels terrenys de joc."}]}},"sections":[{"id":"section-1","title":"","text":"El club de la Pedrera Grogueta se solidaritza amb AFA en aquestes dates tan assenyalades El Juvenil B del Vilarreal CF est\u00e0 quallant una gran temporada. Amb Santi Mart\u00ednez al capdavant, el conjunt groguet lidera la classificaci\u00f3 del Grup 8 de la Lliga Nacional, amb tan sols una derrota en 17 partits disputats. No obstant aix\u00f2, aquest equip de joves promeses no sols destaca pel seu quefer en els terrenys de joc. I \u00e9s que els juvenils grocs col\u00b7laboren amb l\u2019Associaci\u00f3 de Familiars i Amics de Malalts d\u2019Alzheimer (AFA), que pertany al projecte Endavant Igualtat, una iniciativa impulsada pel Villarreal CF en la qual participen molts clubs del futbol base de l\u2019entitat groga. Entre les moltes activitats que realitzen amb AFA, Pablo Alberola, entrenador auxiliar del combinat juvenil, destaca: han realitzat activitats \u201ccom la musicoter\u00e0pia, cantant can\u00e7ons populars i nadales. Tamb\u00e9 hem pogut realitzar passejos, com a part de la millora de la condici\u00f3 f\u00edsica i salut i altres com l\u2019ergoter\u00e0pia, fent treballs manuals com a postals nadalenques\u201d. Un dels aspectes que Alberola m\u00e9s ressalta sobre el seu grup en el transcurs d\u2019aquesta activitat \u00e9s \u201cl\u2019alt nivell d\u2019implicaci\u00f3, predisposici\u00f3, motivaci\u00f3 i autonomia que han mostrat els xics\u201d i afig que \u201caix\u00f2 els servir\u00e0 per a emportar-se el m\u00e0xim possible d\u2019aquesta experi\u00e8ncia amb AFA\u201d. Aquest tipus de col\u00b7laboraci\u00f3 trau el costat m\u00e9s hum\u00e0 d\u2019aquests joves de la Cantera Grogueta, per\u00f2, a m\u00e9s, els mostra una realitat a la qual ells, com a esportistes d\u2019elit, no estan acostumats. \u201cL\u2019entrenament en valors que s\u2019emporten per al dia a dia i el seu futur com a persones \u00e9s, en gran manera, gr\u00e0cies a aquest projecte tan diferencial que realitza el club. Aquests valors s\u00f3n fonamentals per a tindre una major consci\u00e8ncia c\u00edvica en un futur. Un exemple molt visual del que est\u00e0 significant per als jugadors i cos t\u00e8cnic aquesta activitat, \u00e9s veure les seues cares de sorpresa i alegria quan interactuen amb els usuaris, i com comenten en eixir del centre, el r\u00e0pid i am\u00e9 que ha sigut aqueix ratito, a m\u00e9s de xarrar entre ells el que cadascun ha viscut, la qual cosa els ha cridat l\u2019atenci\u00f3, etc.\u201d, explica Pablo Alberola. Aix\u00ed mateix, l\u2019entrenador auxiliar del Juvenil B assegura que la rebuda per part de l\u2019organitzaci\u00f3 i els seus usuaris els va fer sentir com a casa en tot moment: \u201cEl feedback que ens van donar va ser molt positiu. Els xics i el cos t\u00e8cnic al\u00b7lucinem amb la forma en la qual ens van rebre. Ens aplaudien i ens van posar l\u2019himne del Villarreal en entrar\u201d. El Villarreal continua advocant per aquesta mena d\u2019accions, que s\u2019han pogut reprendre despr\u00e9s dels pitjors moments de la pand\u00e8mia, i que tenen com a objectiu la millora i desenvolupament personal de cada jugador i membre del staff t\u00e8cnic. \u201cAquesta iniciativa no finalitza amb l\u2019activitat que duem a terme aqueix dia amb els usuaris, sin\u00f3 que seguim en el dia a dia aprofitant aquests aprenentatges que emergeixen aquest tipus de viv\u00e8ncies\u201d, relata el t\u00e8cnic. Aquesta \u00e9s una labor impulsada pel projecte Endavant Igualtat, en la qual els principals equips de la Cantera Grogueta i del Villarreal Femen\u00ed apadrinen a diferents centres especials de la prov\u00edncia de Castell\u00f3. Aquesta vegada, els protagonistes van ser els xics del Juvenil B que van traure el seu costat m\u00e9s hum\u00e0 i van demostrar que tamb\u00e9 s\u00f3n uns cracs fora dels terrenys de joc.","url":"","background_image":"","images":[{"type":"image","url":"https:\/\/villarrealcf.es\/\/wp-content\/uploads\/2021\/12\/5a674c8b93d5d1d029ffb877c4f8c21f.jpg","alt":"||||","width":819,"height":460,"srcset":"https:\/\/villarrealcf.es\/wp-content\/uploads\/2021\/12\/5a674c8b93d5d1d029ffb877c4f8c21f.jpg 819w, https:\/\/villarrealcf.es\/\/wp-content\/uploads\/2021\/12\/5a674c8b93d5d1d029ffb877c4f8c21f.jpg 1920w, https:\/\/villarrealcf.es\/\/wp-content\/uploads\/2021\/12\/5a674c8b93d5d1d029ffb877c4f8c21f.jpg 1920w, https:\/\/villarrealcf.es\/\/wp-content\/uploads\/2021\/12\/5a674c8b93d5d1d029ffb877c4f8c21f.jpg 1920w, https:\/\/villarrealcf.es\/wp-content\/uploads\/2021\/12\/5a674c8b93d5d1d029ffb877c4f8c21f-32x18.jpg 32w, https:\/\/villarrealcf.es\/wp-content\/uploads\/2021\/12\/5a674c8b93d5d1d029ffb877c4f8c21f-150x84.jpg 150w, https:\/\/villarrealcf.es\/\/wp-content\/uploads\/2021\/12\/5a674c8b93d5d1d029ffb877c4f8c21f.jpg 1920w","sizes":"auto, (max-width: 819px) 100vw, 819px"}],"videos":[],"links":[]},{"id":"shortcode-caption-69eddc9561035","type":"shortcode","shortcode":"caption","attributes":{"id":"attachment_178026","align":"alignnone","width":""},"title":"Caption","rendered":"","data":[],"text":"","url":"","background_image":"","images":[],"videos":[],"links":[],"blocks":[]}]},"excerpt":{"rendered":"El club de la Pedrera Grogueta se solidaritza amb AFA en aquestes dates tan assenyalades","protected":false},"author":1,"featured_media":178026,"comment_status":"","ping_status":"","sticky":false,"template":"","format":"standard","meta":{"_acf_changed":false,"footnotes":""},"categories":[13509],"tags":[12554,12556,11245,9242,10773,9270,9481,9205,9627,9203],"acf":null,"lang":"val","translations":{"val":222377},"essential_grid":{"has_grid":false},"formatted_date":"December 20, 2021","modified_date":"December 20, 2021","permalink":"https:\/\/villarrealcf.es\/val\/el-costat-mes-huma-del-juvenil-b\/","reading_time":3,"featured_media_data":{"id":178026,"title":"||||","caption":"||||","alt_text":"","description":"","mime_type":"image\/jpeg","source_url":"https:\/\/villarrealcf.es\/wp-content\/uploads\/2021\/12\/5a674c8b93d5d1d029ffb877c4f8c21f.jpg","sizes":{"thumbnail":{"url":"https:\/\/villarrealcf.es\/wp-content\/uploads\/2021\/12\/5a674c8b93d5d1d029ffb877c4f8c21f-150x150.jpg","width":150,"height":150},"medium":{"url":"https:\/\/villarrealcf.es\/wp-content\/uploads\/2021\/12\/5a674c8b93d5d1d029ffb877c4f8c21f-300x168.jpg","width":300,"height":168},"medium_large":{"url":"https:\/\/villarrealcf.es\/wp-content\/uploads\/2021\/12\/5a674c8b93d5d1d029ffb877c4f8c21f-768x431.jpg","width":768,"height":431},"large":{"url":"https:\/\/villarrealcf.es\/wp-content\/uploads\/2021\/12\/5a674c8b93d5d1d029ffb877c4f8c21f.jpg","width":788,"height":443},"1536x1536":{"url":"https:\/\/villarrealcf.es\/wp-content\/uploads\/2021\/12\/5a674c8b93d5d1d029ffb877c4f8c21f.jpg","width":819,"height":460},"2048x2048":{"url":"https:\/\/villarrealcf.es\/wp-content\/uploads\/2021\/12\/5a674c8b93d5d1d029ffb877c4f8c21f.jpg","width":819,"height":460},"tp-image-grid":{"url":"https:\/\/villarrealcf.es\/wp-content\/uploads\/2021\/12\/5a674c8b93d5d1d029ffb877c4f8c21f-700x460.jpg","width":700,"height":460},"size-bunyad-medium":{"url":"https:\/\/villarrealcf.es\/wp-content\/uploads\/2021\/12\/5a674c8b93d5d1d029ffb877c4f8c21f.jpg","width":819,"height":460},"sportspress-crop-medium":{"url":"https:\/\/villarrealcf.es\/wp-content\/uploads\/2021\/12\/5a674c8b93d5d1d029ffb877c4f8c21f-300x300.jpg","width":300,"height":300},"sportspress-fit-medium":{"url":"https:\/\/villarrealcf.es\/wp-content\/uploads\/2021\/12\/5a674c8b93d5d1d029ffb877c4f8c21f-300x168.jpg","width":300,"height":168},"sportspress-fit-icon":{"url":"https:\/\/villarrealcf.es\/wp-content\/uploads\/2021\/12\/5a674c8b93d5d1d029ffb877c4f8c21f-128x72.jpg","width":128,"height":72},"sportspress-fit-mini":{"url":"https:\/\/villarrealcf.es\/wp-content\/uploads\/2021\/12\/5a674c8b93d5d1d029ffb877c4f8c21f-32x18.jpg","width":32,"height":18},"bunyad-small":{"url":"https:\/\/villarrealcf.es\/wp-content\/uploads\/2021\/12\/5a674c8b93d5d1d029ffb877c4f8c21f-150x84.jpg","width":150,"height":84},"bunyad-medium":{"url":"https:\/\/villarrealcf.es\/wp-content\/uploads\/2021\/12\/5a674c8b93d5d1d029ffb877c4f8c21f-450x253.jpg","width":450,"height":253},"bunyad-full":{"url":"https:\/\/villarrealcf.es\/wp-content\/uploads\/2021\/12\/5a674c8b93d5d1d029ffb877c4f8c21f.jpg","width":819,"height":460},"bunyad-viewport":{"url":"https:\/\/villarrealcf.es\/wp-content\/uploads\/2021\/12\/5a674c8b93d5d1d029ffb877c4f8c21f.jpg","width":819,"height":460},"bunyad-768":{"url":"https:\/\/villarrealcf.es\/wp-content\/uploads\/2021\/12\/5a674c8b93d5d1d029ffb877c4f8c21f-768x431.jpg","width":768,"height":431},"full":{"url":"https:\/\/villarrealcf.es\/wp-content\/uploads\/2021\/12\/5a674c8b93d5d1d029ffb877c4f8c21f.jpg","width":819,"height":460}}},"author_data":{"id":"1","name":"root_envidea","first_name":"Villarreal CF","last_name":"","description":"","avatar_url":"https:\/\/secure.gravatar.com\/avatar\/48f95f42a3ccc324f3a3458e4b9e6fb070b083e99d388e170c1afb061fa99b63?s=96&d=mm&r=g","acf":null},"taxonomies_data":{"category":[{"id":13509,"name":"Endavant","slug":"endavant-val","acf":null}],"post_tag":[{"id":12554,"name":"#Football","slug":"football-val","acf":null},{"id":12556,"name":"#Soccer","slug":"soccer-val","acf":null},{"id":11245,"name":"AFA Castell\u00f3n","slug":"afa-castellon-val","acf":null},{"id":9242,"name":"Endavant","slug":"endavant-val-2","acf":null},{"id":10773,"name":"Endavant Igualtat","slug":"endavant-igualtat-val-2","acf":null},{"id":9270,"name":"Futbol","slug":"futbol-val","acf":null},{"id":9481,"name":"Juvenil B","slug":"juvenil-b-val","acf":null},{"id":9205,"name":"Submarino","slug":"submarino-val","acf":null},{"id":9627,"name":"Submarino Amarillo","slug":"submarino-amarillo-val","acf":null},{"id":9203,"name":"Villarreal CF","slug":"villarreal-cf-val","acf":null}],"translation_priority":[{"id":735,"name":"Optional","slug":"optional-val","acf":null}]},"seo_full":{"native":{"title":"El costat m\u00e9s hum\u00e0 del Juvenil B - Web Oficial del Villarreal CF","description":"[caption id=\"attachment_178026\" align=\"alignnone\" width=\"\"]||||[\/caption]El club de la Pedrera Grogueta se solidaritza amb AFA en aquestes dates tan assenyalades El Juvenil&hellip;","canonical":"https:\/\/villarrealcf.es\/val\/el-costat-mes-huma-del-juvenil-b\/"}},"_links":{"self":[{"href":"https:\/\/villarrealcf.es\/val\/wp-json\/wp\/v2\/posts\/222377","targetHints":{"allow":["GET"]}}],"collection":[{"href":"https:\/\/villarrealcf.es\/val\/wp-json\/wp\/v2\/posts"}],"about":[{"href":"https:\/\/villarrealcf.es\/val\/wp-json\/wp\/v2\/types\/post"}],"author":[{"embeddable":true,"href":"https:\/\/villarrealcf.es\/val\/wp-json\/wp\/v2\/users\/1"}],"replies":[{"embeddable":true,"href":"https:\/\/villarrealcf.es\/val\/wp-json\/wp\/v2\/comments?post=222377"}],"version-history":[{"count":0,"href":"https:\/\/villarrealcf.es\/val\/wp-json\/wp\/v2\/posts\/222377\/revisions"}],"wp:featuredmedia":[{"embeddable":true,"href":"https:\/\/villarrealcf.es\/val\/wp-json\/wp\/v2\/media\/178026"}],"wp:attachment":[{"href":"https:\/\/villarrealcf.es\/val\/wp-json\/wp\/v2\/media?parent=222377"}],"wp:term":[{"taxonomy":"category","embeddable":true,"href":"https:\/\/villarrealcf.es\/val\/wp-json\/wp\/v2\/categories?post=222377"},{"taxonomy":"post_tag","embeddable":true,"href":"https:\/\/villarrealcf.es\/val\/wp-json\/wp\/v2\/tags?post=222377"}],"curies":[{"name":"wp","href":"https:\/\/api.w.org\/{rel}","templated":true}]}}