{"id":222348,"date":"2021-12-17T14:36:00","date_gmt":"2021-12-17T13:36:00","guid":{"rendered":"https:\/\/villarrealcf.es\/\/emery-sera-un-partit-exigent-i-complicat\/"},"modified":"2021-12-17T14:36:00","modified_gmt":"2021-12-17T13:36:00","slug":"emery-sera-un-partit-exigent-i-complicat","status":"publish","type":"post","link":"https:\/\/villarrealcf.es\/val\/emery-sera-un-partit-exigent-i-complicat\/","title":{"rendered":"Emery: &#8220;Ser\u00e0 un partit exigent i complicat&#8221;"},"content":{"protected":false,"blocks":[{"type":"image","url":"https:\/\/villarrealcf.es\/\/wp-content\/uploads\/2021\/12\/e002378058abf5005678f080bee861a3.jpg","alt":"||||||","width":819,"height":460,"srcset":"https:\/\/villarrealcf.es\/wp-content\/uploads\/2021\/12\/e002378058abf5005678f080bee861a3.jpg 819w, https:\/\/villarrealcf.es\/\/wp-content\/uploads\/2021\/12\/e002378058abf5005678f080bee861a3.jpg 1920w, https:\/\/villarrealcf.es\/\/wp-content\/uploads\/2021\/12\/e002378058abf5005678f080bee861a3.jpg 1920w, https:\/\/villarrealcf.es\/\/wp-content\/uploads\/2021\/12\/e002378058abf5005678f080bee861a3.jpg 1920w, https:\/\/villarrealcf.es\/wp-content\/uploads\/2021\/12\/e002378058abf5005678f080bee861a3-32x18.jpg 32w, https:\/\/villarrealcf.es\/wp-content\/uploads\/2021\/12\/e002378058abf5005678f080bee861a3-150x84.jpg 150w, https:\/\/villarrealcf.es\/\/wp-content\/uploads\/2021\/12\/e002378058abf5005678f080bee861a3.jpg 1920w","sizes":"auto, (max-width: 819px) 100vw, 819px"},{"type":"paragraph","text":"El t\u00e8cnic basc ha afirmat que davant la Real Sociedad el Villarreal ha de fer un encontre molt seri\u00f3s i lluitar la possessi\u00f3"},{"type":"paragraph","text":"L\u2019entrenador del Villarreal CF, Unai Emery, ha comparegut hui davant els mitjans en la roda de premsa pr\u00e8via al partit enfront de la Real Sociedad que es disputar\u00e0 dem\u00e0 a partir de les 16.15 hores en el Reale Arena. Aquests s\u00f3n els aspectes que ha destacat:"},{"type":"paragraph","text":"El moment de l\u2019equip"},{"type":"paragraph","text":"\u201cCada partit ens dir\u00e0 com estem. Hem encadenat tres vict\u00f2ries molt importants en tres competicions diferents, els \u00faltims partits han donat peu al fet que participen molts jugadors i l\u2019equip est\u00e0 tenint una gran actitud dins del camp. Dem\u00e0 tractarem de trobar el millor onze possible i adaptar-nos a un rival molt complicat, per la qual cosa el resultat que obtinguem parlar\u00e0 molt de com estem\u201d."},{"type":"paragraph","text":"Claus del partit"},{"type":"paragraph","text":"\u201cEls partits duren 90 minuts i no hem de menysprear cap d\u2019ells. Hem de plantejar-ho des de la serietat, la fermesa, la seguretat amb la pilota i de saber adaptar-nos a l\u2019exig\u00e8ncia del rival. La Real Sociedad \u00e9s un equip que voldr\u00e0 imposar-se i fer-se amb el control de la pilota i hem de tractar de trobar beneficis en aquestos encontres per a poder fer-los mal. Els tres punts tamb\u00e9 s\u00f3n molt importants per a ells, per la qual cosa buscaran un partit en el qual puguen ser millors que nosaltres\u201d."},{"type":"paragraph","text":"Un rival directe"},{"type":"paragraph","text":"\u201cMalgrat la dist\u00e0ncia, la Real Sociedad \u00e9s un rival te\u00f2ricament directe. Comparteix uns objectius similars als nostres i ells ens porten avantatge\u201d."},{"type":"paragraph","text":"Sporting de Gij\u00f3n, rival en la Copa"},{"type":"paragraph","text":"\u201cValorem al Sporting de Gij\u00f3n des del respecte. \u00c9s un club que est\u00e0 en segona, per\u00f2 hauria d\u2019estar en primera per tot el que suposa per al futbol espanyol. Va comen\u00e7ar molt b\u00e9 la temporada, encara que \u00faltimament ha collit pitjors resultats, per\u00f2 els respectem al m\u00e0xim perqu\u00e8 ser\u00e0 una eliminat\u00f2ria molt complicada, com ja s\u2019ha demostrat en altres partits d\u2019aquesta competici\u00f3\u201d."},{"type":"link","url":"https:\/\/www.youtube.com\/watch?v=6d6kaG8FubU","text":"https:\/\/www.youtube.com\/watch?v=6d6kaG8FubU","target":"_blank"}],"structured":{"summary":{"text":"El t\u00e8cnic basc ha afirmat que davant la Real Sociedad el Villarreal ha de fer un encontre molt seri\u00f3s i lluitar la possessi\u00f3 L\u2019entrenador del Villarreal CF, Unai Emery, ha comparegut hui davant els mitjans en la roda de premsa pr\u00e8via al partit enfront de la Real Sociedad que es disputar\u00e0 dem\u00e0 a partir de les 16.15 hores en el Reale Arena. Aquests s\u00f3n els aspectes que ha destacat: El moment de l\u2019equip \u201cCada partit ens dir\u00e0 com estem. Hem encadenat tres vict\u00f2ries molt importants en tres competicions diferents, els \u00faltims partits han donat peu al fet que participen molts jugadors i l\u2019equip est\u00e0 tenint una gran actitud dins del camp. Dem\u00e0 tractarem de trobar el millor onze possible i adaptar-nos a un rival molt complicat, per la qual cosa el resultat que obtinguem parlar\u00e0 molt de com estem\u201d. Claus del partit \u201cEls partits duren 90 minuts i no hem de menysprear cap d\u2019ells. Hem de plantejar-ho des de la serietat, la fermesa, la seguretat amb la pilota i de saber adaptar-nos a l\u2019exig\u00e8ncia del rival. La Real Sociedad \u00e9s un equip que voldr\u00e0 imposar-se i fer-se amb el control de la pilota i hem de tractar de trobar beneficis en aquestos encontres per a poder fer-los mal. Els tres punts tamb\u00e9 s\u00f3n molt importants per a ells, per la qual cosa buscaran un partit en el qual puguen ser millors que nosaltres\u201d. Un rival directe \u201cMalgrat la dist\u00e0ncia, la Real Sociedad \u00e9s un rival te\u00f2ricament directe. Comparteix uns objectius similars als nostres i ells ens porten avantatge\u201d. Sporting de Gij\u00f3n, rival en la Copa \u201cValorem al Sporting de Gij\u00f3n des del respecte. \u00c9s un club que est\u00e0 en segona, per\u00f2 hauria d\u2019estar en primera per tot el que suposa per al futbol espanyol. Va comen\u00e7ar molt b\u00e9 la temporada, encara que \u00faltimament ha collit pitjors resultats, per\u00f2 els respectem al m\u00e0xim perqu\u00e8 ser\u00e0 una eliminat\u00f2ria molt complicada, com ja s\u2019ha demostrat en altres partits d\u2019aquesta competici\u00f3\u201d.https:\/\/www.youtube.com\/watch?v=6d6kaG8FubU","headings":[],"buttons":[],"images":[{"type":"image","url":"https:\/\/villarrealcf.es\/\/wp-content\/uploads\/2021\/12\/e002378058abf5005678f080bee861a3.jpg","alt":"||||||","width":819,"height":460,"srcset":"https:\/\/villarrealcf.es\/wp-content\/uploads\/2021\/12\/e002378058abf5005678f080bee861a3.jpg 819w, https:\/\/villarrealcf.es\/\/wp-content\/uploads\/2021\/12\/e002378058abf5005678f080bee861a3.jpg 1920w, https:\/\/villarrealcf.es\/\/wp-content\/uploads\/2021\/12\/e002378058abf5005678f080bee861a3.jpg 1920w, https:\/\/villarrealcf.es\/\/wp-content\/uploads\/2021\/12\/e002378058abf5005678f080bee861a3.jpg 1920w, https:\/\/villarrealcf.es\/wp-content\/uploads\/2021\/12\/e002378058abf5005678f080bee861a3-32x18.jpg 32w, https:\/\/villarrealcf.es\/wp-content\/uploads\/2021\/12\/e002378058abf5005678f080bee861a3-150x84.jpg 150w, https:\/\/villarrealcf.es\/\/wp-content\/uploads\/2021\/12\/e002378058abf5005678f080bee861a3.jpg 1920w","sizes":"auto, (max-width: 819px) 100vw, 819px"}],"counts":{"blocks":12,"headings":0,"texts":10,"buttons":0,"images":1}},"sections":[{"id":"section-1","title":"","text":"El t\u00e8cnic basc ha afirmat que davant la Real Sociedad el Villarreal ha de fer un encontre molt seri\u00f3s i lluitar la possessi\u00f3 L\u2019entrenador del Villarreal CF, Unai Emery, ha comparegut hui davant els mitjans en la roda de premsa pr\u00e8via al partit enfront de la Real Sociedad que es disputar\u00e0 dem\u00e0 a partir de les 16.15 hores en el Reale Arena. Aquests s\u00f3n els aspectes que ha destacat: El moment de l\u2019equip \u201cCada partit ens dir\u00e0 com estem. Hem encadenat tres vict\u00f2ries molt importants en tres competicions diferents, els \u00faltims partits han donat peu al fet que participen molts jugadors i l\u2019equip est\u00e0 tenint una gran actitud dins del camp. Dem\u00e0 tractarem de trobar el millor onze possible i adaptar-nos a un rival molt complicat, per la qual cosa el resultat que obtinguem parlar\u00e0 molt de com estem\u201d. Claus del partit \u201cEls partits duren 90 minuts i no hem de menysprear cap d\u2019ells. Hem de plantejar-ho des de la serietat, la fermesa, la seguretat amb la pilota i de saber adaptar-nos a l\u2019exig\u00e8ncia del rival. La Real Sociedad \u00e9s un equip que voldr\u00e0 imposar-se i fer-se amb el control de la pilota i hem de tractar de trobar beneficis en aquestos encontres per a poder fer-los mal. Els tres punts tamb\u00e9 s\u00f3n molt importants per a ells, per la qual cosa buscaran un partit en el qual puguen ser millors que nosaltres\u201d. Un rival directe \u201cMalgrat la dist\u00e0ncia, la Real Sociedad \u00e9s un rival te\u00f2ricament directe. Comparteix uns objectius similars als nostres i ells ens porten avantatge\u201d. Sporting de Gij\u00f3n, rival en la Copa \u201cValorem al Sporting de Gij\u00f3n des del respecte. \u00c9s un club que est\u00e0 en segona, per\u00f2 hauria d\u2019estar en primera per tot el que suposa per al futbol espanyol. Va comen\u00e7ar molt b\u00e9 la temporada, encara que \u00faltimament ha collit pitjors resultats, per\u00f2 els respectem al m\u00e0xim perqu\u00e8 ser\u00e0 una eliminat\u00f2ria molt complicada, com ja s\u2019ha demostrat en altres partits d\u2019aquesta competici\u00f3\u201d.","headings":[],"texts":[{"type":"paragraph","text":"El t\u00e8cnic basc ha afirmat que davant la Real Sociedad el Villarreal ha de fer un encontre molt seri\u00f3s i lluitar la possessi\u00f3"},{"type":"paragraph","text":"L\u2019entrenador del Villarreal CF, Unai Emery, ha comparegut hui davant els mitjans en la roda de premsa pr\u00e8via al partit enfront de la Real Sociedad que es disputar\u00e0 dem\u00e0 a partir de les 16.15 hores en el Reale Arena. Aquests s\u00f3n els aspectes que ha destacat:"},{"type":"paragraph","text":"El moment de l\u2019equip"},{"type":"paragraph","text":"\u201cCada partit ens dir\u00e0 com estem. Hem encadenat tres vict\u00f2ries molt importants en tres competicions diferents, els \u00faltims partits han donat peu al fet que participen molts jugadors i l\u2019equip est\u00e0 tenint una gran actitud dins del camp. Dem\u00e0 tractarem de trobar el millor onze possible i adaptar-nos a un rival molt complicat, per la qual cosa el resultat que obtinguem parlar\u00e0 molt de com estem\u201d."},{"type":"paragraph","text":"Claus del partit"},{"type":"paragraph","text":"\u201cEls partits duren 90 minuts i no hem de menysprear cap d\u2019ells. Hem de plantejar-ho des de la serietat, la fermesa, la seguretat amb la pilota i de saber adaptar-nos a l\u2019exig\u00e8ncia del rival. La Real Sociedad \u00e9s un equip que voldr\u00e0 imposar-se i fer-se amb el control de la pilota i hem de tractar de trobar beneficis en aquestos encontres per a poder fer-los mal. Els tres punts tamb\u00e9 s\u00f3n molt importants per a ells, per la qual cosa buscaran un partit en el qual puguen ser millors que nosaltres\u201d."},{"type":"paragraph","text":"Un rival directe"},{"type":"paragraph","text":"\u201cMalgrat la dist\u00e0ncia, la Real Sociedad \u00e9s un rival te\u00f2ricament directe. Comparteix uns objectius similars als nostres i ells ens porten avantatge\u201d."},{"type":"paragraph","text":"Sporting de Gij\u00f3n, rival en la Copa"},{"type":"paragraph","text":"\u201cValorem al Sporting de Gij\u00f3n des del respecte. \u00c9s un club que est\u00e0 en segona, per\u00f2 hauria d\u2019estar en primera per tot el que suposa per al futbol espanyol. Va comen\u00e7ar molt b\u00e9 la temporada, encara que \u00faltimament ha collit pitjors resultats, per\u00f2 els respectem al m\u00e0xim perqu\u00e8 ser\u00e0 una eliminat\u00f2ria molt complicada, com ja s\u2019ha demostrat en altres partits d\u2019aquesta competici\u00f3\u201d."}],"buttons":[],"images":[{"type":"image","url":"https:\/\/villarrealcf.es\/\/wp-content\/uploads\/2021\/12\/e002378058abf5005678f080bee861a3.jpg","alt":"||||||","width":819,"height":460,"srcset":"https:\/\/villarrealcf.es\/wp-content\/uploads\/2021\/12\/e002378058abf5005678f080bee861a3.jpg 819w, https:\/\/villarrealcf.es\/\/wp-content\/uploads\/2021\/12\/e002378058abf5005678f080bee861a3.jpg 1920w, https:\/\/villarrealcf.es\/\/wp-content\/uploads\/2021\/12\/e002378058abf5005678f080bee861a3.jpg 1920w, https:\/\/villarrealcf.es\/\/wp-content\/uploads\/2021\/12\/e002378058abf5005678f080bee861a3.jpg 1920w, https:\/\/villarrealcf.es\/wp-content\/uploads\/2021\/12\/e002378058abf5005678f080bee861a3-32x18.jpg 32w, https:\/\/villarrealcf.es\/wp-content\/uploads\/2021\/12\/e002378058abf5005678f080bee861a3-150x84.jpg 150w, https:\/\/villarrealcf.es\/\/wp-content\/uploads\/2021\/12\/e002378058abf5005678f080bee861a3.jpg 1920w","sizes":"auto, (max-width: 819px) 100vw, 819px"}],"widgets":[],"blocks":[{"type":"image","url":"https:\/\/villarrealcf.es\/\/wp-content\/uploads\/2021\/12\/e002378058abf5005678f080bee861a3.jpg","alt":"||||||","width":819,"height":460,"srcset":"https:\/\/villarrealcf.es\/wp-content\/uploads\/2021\/12\/e002378058abf5005678f080bee861a3.jpg 819w, https:\/\/villarrealcf.es\/\/wp-content\/uploads\/2021\/12\/e002378058abf5005678f080bee861a3.jpg 1920w, https:\/\/villarrealcf.es\/\/wp-content\/uploads\/2021\/12\/e002378058abf5005678f080bee861a3.jpg 1920w, https:\/\/villarrealcf.es\/\/wp-content\/uploads\/2021\/12\/e002378058abf5005678f080bee861a3.jpg 1920w, https:\/\/villarrealcf.es\/wp-content\/uploads\/2021\/12\/e002378058abf5005678f080bee861a3-32x18.jpg 32w, https:\/\/villarrealcf.es\/wp-content\/uploads\/2021\/12\/e002378058abf5005678f080bee861a3-150x84.jpg 150w, https:\/\/villarrealcf.es\/\/wp-content\/uploads\/2021\/12\/e002378058abf5005678f080bee861a3.jpg 1920w","sizes":"auto, (max-width: 819px) 100vw, 819px"},{"type":"paragraph","text":"El t\u00e8cnic basc ha afirmat que davant la Real Sociedad el Villarreal ha de fer un encontre molt seri\u00f3s i lluitar la possessi\u00f3"},{"type":"paragraph","text":"L\u2019entrenador del Villarreal CF, Unai Emery, ha comparegut hui davant els mitjans en la roda de premsa pr\u00e8via al partit enfront de la Real Sociedad que es disputar\u00e0 dem\u00e0 a partir de les 16.15 hores en el Reale Arena. Aquests s\u00f3n els aspectes que ha destacat:"},{"type":"paragraph","text":"El moment de l\u2019equip"},{"type":"paragraph","text":"\u201cCada partit ens dir\u00e0 com estem. Hem encadenat tres vict\u00f2ries molt importants en tres competicions diferents, els \u00faltims partits han donat peu al fet que participen molts jugadors i l\u2019equip est\u00e0 tenint una gran actitud dins del camp. Dem\u00e0 tractarem de trobar el millor onze possible i adaptar-nos a un rival molt complicat, per la qual cosa el resultat que obtinguem parlar\u00e0 molt de com estem\u201d."},{"type":"paragraph","text":"Claus del partit"},{"type":"paragraph","text":"\u201cEls partits duren 90 minuts i no hem de menysprear cap d\u2019ells. Hem de plantejar-ho des de la serietat, la fermesa, la seguretat amb la pilota i de saber adaptar-nos a l\u2019exig\u00e8ncia del rival. La Real Sociedad \u00e9s un equip que voldr\u00e0 imposar-se i fer-se amb el control de la pilota i hem de tractar de trobar beneficis en aquestos encontres per a poder fer-los mal. Els tres punts tamb\u00e9 s\u00f3n molt importants per a ells, per la qual cosa buscaran un partit en el qual puguen ser millors que nosaltres\u201d."},{"type":"paragraph","text":"Un rival directe"},{"type":"paragraph","text":"\u201cMalgrat la dist\u00e0ncia, la Real Sociedad \u00e9s un rival te\u00f2ricament directe. Comparteix uns objectius similars als nostres i ells ens porten avantatge\u201d."},{"type":"paragraph","text":"Sporting de Gij\u00f3n, rival en la Copa"},{"type":"paragraph","text":"\u201cValorem al Sporting de Gij\u00f3n des del respecte. \u00c9s un club que est\u00e0 en segona, per\u00f2 hauria d\u2019estar en primera per tot el que suposa per al futbol espanyol. Va comen\u00e7ar molt b\u00e9 la temporada, encara que \u00faltimament ha collit pitjors resultats, per\u00f2 els respectem al m\u00e0xim perqu\u00e8 ser\u00e0 una eliminat\u00f2ria molt complicada, com ja s\u2019ha demostrat en altres partits d\u2019aquesta competici\u00f3\u201d."},{"type":"link","url":"https:\/\/www.youtube.com\/watch?v=6d6kaG8FubU","text":"https:\/\/www.youtube.com\/watch?v=6d6kaG8FubU","target":"_blank"}]}],"hero":{"id":"section-1","title":"","text":"El t\u00e8cnic basc ha afirmat que davant la Real Sociedad el Villarreal ha de fer un encontre molt seri\u00f3s i lluitar la possessi\u00f3 L\u2019entrenador del Villarreal CF, Unai Emery, ha comparegut hui davant els mitjans en la roda de premsa pr\u00e8via al partit enfront de la Real Sociedad que es disputar\u00e0 dem\u00e0 a partir de les 16.15 hores en el Reale Arena. Aquests s\u00f3n els aspectes que ha destacat: El moment de l\u2019equip \u201cCada partit ens dir\u00e0 com estem. Hem encadenat tres vict\u00f2ries molt importants en tres competicions diferents, els \u00faltims partits han donat peu al fet que participen molts jugadors i l\u2019equip est\u00e0 tenint una gran actitud dins del camp. Dem\u00e0 tractarem de trobar el millor onze possible i adaptar-nos a un rival molt complicat, per la qual cosa el resultat que obtinguem parlar\u00e0 molt de com estem\u201d. Claus del partit \u201cEls partits duren 90 minuts i no hem de menysprear cap d\u2019ells. Hem de plantejar-ho des de la serietat, la fermesa, la seguretat amb la pilota i de saber adaptar-nos a l\u2019exig\u00e8ncia del rival. La Real Sociedad \u00e9s un equip que voldr\u00e0 imposar-se i fer-se amb el control de la pilota i hem de tractar de trobar beneficis en aquestos encontres per a poder fer-los mal. Els tres punts tamb\u00e9 s\u00f3n molt importants per a ells, per la qual cosa buscaran un partit en el qual puguen ser millors que nosaltres\u201d. Un rival directe \u201cMalgrat la dist\u00e0ncia, la Real Sociedad \u00e9s un rival te\u00f2ricament directe. Comparteix uns objectius similars als nostres i ells ens porten avantatge\u201d. Sporting de Gij\u00f3n, rival en la Copa \u201cValorem al Sporting de Gij\u00f3n des del respecte. \u00c9s un club que est\u00e0 en segona, per\u00f2 hauria d\u2019estar en primera per tot el que suposa per al futbol espanyol. Va comen\u00e7ar molt b\u00e9 la temporada, encara que \u00faltimament ha collit pitjors resultats, per\u00f2 els respectem al m\u00e0xim perqu\u00e8 ser\u00e0 una eliminat\u00f2ria molt complicada, com ja s\u2019ha demostrat en altres partits d\u2019aquesta competici\u00f3\u201d.","headings":[],"texts":[{"type":"paragraph","text":"El t\u00e8cnic basc ha afirmat que davant la Real Sociedad el Villarreal ha de fer un encontre molt seri\u00f3s i lluitar la possessi\u00f3"},{"type":"paragraph","text":"L\u2019entrenador del Villarreal CF, Unai Emery, ha comparegut hui davant els mitjans en la roda de premsa pr\u00e8via al partit enfront de la Real Sociedad que es disputar\u00e0 dem\u00e0 a partir de les 16.15 hores en el Reale Arena. Aquests s\u00f3n els aspectes que ha destacat:"},{"type":"paragraph","text":"El moment de l\u2019equip"},{"type":"paragraph","text":"\u201cCada partit ens dir\u00e0 com estem. Hem encadenat tres vict\u00f2ries molt importants en tres competicions diferents, els \u00faltims partits han donat peu al fet que participen molts jugadors i l\u2019equip est\u00e0 tenint una gran actitud dins del camp. Dem\u00e0 tractarem de trobar el millor onze possible i adaptar-nos a un rival molt complicat, per la qual cosa el resultat que obtinguem parlar\u00e0 molt de com estem\u201d."},{"type":"paragraph","text":"Claus del partit"},{"type":"paragraph","text":"\u201cEls partits duren 90 minuts i no hem de menysprear cap d\u2019ells. Hem de plantejar-ho des de la serietat, la fermesa, la seguretat amb la pilota i de saber adaptar-nos a l\u2019exig\u00e8ncia del rival. La Real Sociedad \u00e9s un equip que voldr\u00e0 imposar-se i fer-se amb el control de la pilota i hem de tractar de trobar beneficis en aquestos encontres per a poder fer-los mal. Els tres punts tamb\u00e9 s\u00f3n molt importants per a ells, per la qual cosa buscaran un partit en el qual puguen ser millors que nosaltres\u201d."},{"type":"paragraph","text":"Un rival directe"},{"type":"paragraph","text":"\u201cMalgrat la dist\u00e0ncia, la Real Sociedad \u00e9s un rival te\u00f2ricament directe. Comparteix uns objectius similars als nostres i ells ens porten avantatge\u201d."},{"type":"paragraph","text":"Sporting de Gij\u00f3n, rival en la Copa"},{"type":"paragraph","text":"\u201cValorem al Sporting de Gij\u00f3n des del respecte. \u00c9s un club que est\u00e0 en segona, per\u00f2 hauria d\u2019estar en primera per tot el que suposa per al futbol espanyol. Va comen\u00e7ar molt b\u00e9 la temporada, encara que \u00faltimament ha collit pitjors resultats, per\u00f2 els respectem al m\u00e0xim perqu\u00e8 ser\u00e0 una eliminat\u00f2ria molt complicada, com ja s\u2019ha demostrat en altres partits d\u2019aquesta competici\u00f3\u201d."}],"buttons":[],"images":[{"type":"image","url":"https:\/\/villarrealcf.es\/\/wp-content\/uploads\/2021\/12\/e002378058abf5005678f080bee861a3.jpg","alt":"||||||","width":819,"height":460,"srcset":"https:\/\/villarrealcf.es\/wp-content\/uploads\/2021\/12\/e002378058abf5005678f080bee861a3.jpg 819w, https:\/\/villarrealcf.es\/\/wp-content\/uploads\/2021\/12\/e002378058abf5005678f080bee861a3.jpg 1920w, https:\/\/villarrealcf.es\/\/wp-content\/uploads\/2021\/12\/e002378058abf5005678f080bee861a3.jpg 1920w, https:\/\/villarrealcf.es\/\/wp-content\/uploads\/2021\/12\/e002378058abf5005678f080bee861a3.jpg 1920w, https:\/\/villarrealcf.es\/wp-content\/uploads\/2021\/12\/e002378058abf5005678f080bee861a3-32x18.jpg 32w, https:\/\/villarrealcf.es\/wp-content\/uploads\/2021\/12\/e002378058abf5005678f080bee861a3-150x84.jpg 150w, https:\/\/villarrealcf.es\/\/wp-content\/uploads\/2021\/12\/e002378058abf5005678f080bee861a3.jpg 1920w","sizes":"auto, (max-width: 819px) 100vw, 819px"}],"widgets":[],"blocks":[{"type":"image","url":"https:\/\/villarrealcf.es\/\/wp-content\/uploads\/2021\/12\/e002378058abf5005678f080bee861a3.jpg","alt":"||||||","width":819,"height":460,"srcset":"https:\/\/villarrealcf.es\/wp-content\/uploads\/2021\/12\/e002378058abf5005678f080bee861a3.jpg 819w, https:\/\/villarrealcf.es\/\/wp-content\/uploads\/2021\/12\/e002378058abf5005678f080bee861a3.jpg 1920w, https:\/\/villarrealcf.es\/\/wp-content\/uploads\/2021\/12\/e002378058abf5005678f080bee861a3.jpg 1920w, https:\/\/villarrealcf.es\/\/wp-content\/uploads\/2021\/12\/e002378058abf5005678f080bee861a3.jpg 1920w, https:\/\/villarrealcf.es\/wp-content\/uploads\/2021\/12\/e002378058abf5005678f080bee861a3-32x18.jpg 32w, https:\/\/villarrealcf.es\/wp-content\/uploads\/2021\/12\/e002378058abf5005678f080bee861a3-150x84.jpg 150w, https:\/\/villarrealcf.es\/\/wp-content\/uploads\/2021\/12\/e002378058abf5005678f080bee861a3.jpg 1920w","sizes":"auto, (max-width: 819px) 100vw, 819px"},{"type":"paragraph","text":"El t\u00e8cnic basc ha afirmat que davant la Real Sociedad el Villarreal ha de fer un encontre molt seri\u00f3s i lluitar la possessi\u00f3"},{"type":"paragraph","text":"L\u2019entrenador del Villarreal CF, Unai Emery, ha comparegut hui davant els mitjans en la roda de premsa pr\u00e8via al partit enfront de la Real Sociedad que es disputar\u00e0 dem\u00e0 a partir de les 16.15 hores en el Reale Arena. Aquests s\u00f3n els aspectes que ha destacat:"},{"type":"paragraph","text":"El moment de l\u2019equip"},{"type":"paragraph","text":"\u201cCada partit ens dir\u00e0 com estem. Hem encadenat tres vict\u00f2ries molt importants en tres competicions diferents, els \u00faltims partits han donat peu al fet que participen molts jugadors i l\u2019equip est\u00e0 tenint una gran actitud dins del camp. Dem\u00e0 tractarem de trobar el millor onze possible i adaptar-nos a un rival molt complicat, per la qual cosa el resultat que obtinguem parlar\u00e0 molt de com estem\u201d."},{"type":"paragraph","text":"Claus del partit"},{"type":"paragraph","text":"\u201cEls partits duren 90 minuts i no hem de menysprear cap d\u2019ells. Hem de plantejar-ho des de la serietat, la fermesa, la seguretat amb la pilota i de saber adaptar-nos a l\u2019exig\u00e8ncia del rival. La Real Sociedad \u00e9s un equip que voldr\u00e0 imposar-se i fer-se amb el control de la pilota i hem de tractar de trobar beneficis en aquestos encontres per a poder fer-los mal. Els tres punts tamb\u00e9 s\u00f3n molt importants per a ells, per la qual cosa buscaran un partit en el qual puguen ser millors que nosaltres\u201d."},{"type":"paragraph","text":"Un rival directe"},{"type":"paragraph","text":"\u201cMalgrat la dist\u00e0ncia, la Real Sociedad \u00e9s un rival te\u00f2ricament directe. Comparteix uns objectius similars als nostres i ells ens porten avantatge\u201d."},{"type":"paragraph","text":"Sporting de Gij\u00f3n, rival en la Copa"},{"type":"paragraph","text":"\u201cValorem al Sporting de Gij\u00f3n des del respecte. \u00c9s un club que est\u00e0 en segona, per\u00f2 hauria d\u2019estar en primera per tot el que suposa per al futbol espanyol. Va comen\u00e7ar molt b\u00e9 la temporada, encara que \u00faltimament ha collit pitjors resultats, per\u00f2 els respectem al m\u00e0xim perqu\u00e8 ser\u00e0 una eliminat\u00f2ria molt complicada, com ja s\u2019ha demostrat en altres partits d\u2019aquesta competici\u00f3\u201d."},{"type":"link","url":"https:\/\/www.youtube.com\/watch?v=6d6kaG8FubU","text":"https:\/\/www.youtube.com\/watch?v=6d6kaG8FubU","target":"_blank"}]}},"sections":[{"id":"section-1","title":"","text":"El t\u00e8cnic basc ha afirmat que davant la Real Sociedad el Villarreal ha de fer un encontre molt seri\u00f3s i lluitar la possessi\u00f3 L\u2019entrenador del Villarreal CF, Unai Emery, ha comparegut hui davant els mitjans en la roda de premsa pr\u00e8via al partit enfront de la Real Sociedad que es disputar\u00e0 dem\u00e0 a partir de les 16.15 hores en el Reale Arena. Aquests s\u00f3n els aspectes que ha destacat: El moment de l\u2019equip \u201cCada partit ens dir\u00e0 com estem. Hem encadenat tres vict\u00f2ries molt importants en tres competicions diferents, els \u00faltims partits han donat peu al fet que participen molts jugadors i l\u2019equip est\u00e0 tenint una gran actitud dins del camp. Dem\u00e0 tractarem de trobar el millor onze possible i adaptar-nos a un rival molt complicat, per la qual cosa el resultat que obtinguem parlar\u00e0 molt de com estem\u201d. Claus del partit \u201cEls partits duren 90 minuts i no hem de menysprear cap d\u2019ells. Hem de plantejar-ho des de la serietat, la fermesa, la seguretat amb la pilota i de saber adaptar-nos a l\u2019exig\u00e8ncia del rival. La Real Sociedad \u00e9s un equip que voldr\u00e0 imposar-se i fer-se amb el control de la pilota i hem de tractar de trobar beneficis en aquestos encontres per a poder fer-los mal. Els tres punts tamb\u00e9 s\u00f3n molt importants per a ells, per la qual cosa buscaran un partit en el qual puguen ser millors que nosaltres\u201d. Un rival directe \u201cMalgrat la dist\u00e0ncia, la Real Sociedad \u00e9s un rival te\u00f2ricament directe. Comparteix uns objectius similars als nostres i ells ens porten avantatge\u201d. Sporting de Gij\u00f3n, rival en la Copa \u201cValorem al Sporting de Gij\u00f3n des del respecte. \u00c9s un club que est\u00e0 en segona, per\u00f2 hauria d\u2019estar en primera per tot el que suposa per al futbol espanyol. Va comen\u00e7ar molt b\u00e9 la temporada, encara que \u00faltimament ha collit pitjors resultats, per\u00f2 els respectem al m\u00e0xim perqu\u00e8 ser\u00e0 una eliminat\u00f2ria molt complicada, com ja s\u2019ha demostrat en altres partits d\u2019aquesta competici\u00f3\u201d.","url":"https:\/\/www.youtube.com\/watch?v=6d6kaG8FubU","background_image":"","images":[{"type":"image","url":"https:\/\/villarrealcf.es\/\/wp-content\/uploads\/2021\/12\/e002378058abf5005678f080bee861a3.jpg","alt":"||||||","width":819,"height":460,"srcset":"https:\/\/villarrealcf.es\/wp-content\/uploads\/2021\/12\/e002378058abf5005678f080bee861a3.jpg 819w, https:\/\/villarrealcf.es\/\/wp-content\/uploads\/2021\/12\/e002378058abf5005678f080bee861a3.jpg 1920w, https:\/\/villarrealcf.es\/\/wp-content\/uploads\/2021\/12\/e002378058abf5005678f080bee861a3.jpg 1920w, https:\/\/villarrealcf.es\/\/wp-content\/uploads\/2021\/12\/e002378058abf5005678f080bee861a3.jpg 1920w, https:\/\/villarrealcf.es\/wp-content\/uploads\/2021\/12\/e002378058abf5005678f080bee861a3-32x18.jpg 32w, https:\/\/villarrealcf.es\/wp-content\/uploads\/2021\/12\/e002378058abf5005678f080bee861a3-150x84.jpg 150w, https:\/\/villarrealcf.es\/\/wp-content\/uploads\/2021\/12\/e002378058abf5005678f080bee861a3.jpg 1920w","sizes":"auto, (max-width: 819px) 100vw, 819px"}],"videos":[],"links":[{"type":"link","url":"https:\/\/www.youtube.com\/watch?v=6d6kaG8FubU","text":"https:\/\/www.youtube.com\/watch?v=6d6kaG8FubU","target":"_blank"}]},{"id":"shortcode-caption-69ef6e3e8aaf1","type":"shortcode","shortcode":"caption","attributes":{"id":"attachment_177910","align":"alignnone","width":""},"title":"Caption","rendered":"","data":[],"text":"","url":"","background_image":"","images":[],"videos":[],"links":[],"blocks":[]}]},"excerpt":{"rendered":"El t\u00e8cnic basc ha afirmat que davant la Real Sociedad el Villarreal ha de fer un\u00a0encontre molt seri\u00f3s i lluitar la possessi\u00f3\u00a0","protected":false},"author":1,"featured_media":177910,"comment_status":"","ping_status":"","sticky":false,"template":"","format":"standard","meta":{"_acf_changed":false,"footnotes":""},"categories":[4854],"tags":[12554,12556,12884,9270,11148,9240,9680,9205,9627,9203],"acf":null,"lang":"val","translations":{"val":222348},"essential_grid":{"has_grid":false},"formatted_date":"December 17, 2021","modified_date":"December 17, 2021","permalink":"https:\/\/villarrealcf.es\/val\/emery-sera-un-partit-exigent-i-complicat\/","reading_time":2,"featured_media_data":{"id":177910,"title":"||||||","caption":"||||||","alt_text":"","description":"","mime_type":"image\/jpeg","source_url":"https:\/\/villarrealcf.es\/wp-content\/uploads\/2021\/12\/e002378058abf5005678f080bee861a3.jpg","sizes":{"thumbnail":{"url":"https:\/\/villarrealcf.es\/wp-content\/uploads\/2021\/12\/e002378058abf5005678f080bee861a3-150x150.jpg","width":150,"height":150},"medium":{"url":"https:\/\/villarrealcf.es\/wp-content\/uploads\/2021\/12\/e002378058abf5005678f080bee861a3-300x168.jpg","width":300,"height":168},"medium_large":{"url":"https:\/\/villarrealcf.es\/wp-content\/uploads\/2021\/12\/e002378058abf5005678f080bee861a3-768x431.jpg","width":768,"height":431},"large":{"url":"https:\/\/villarrealcf.es\/wp-content\/uploads\/2021\/12\/e002378058abf5005678f080bee861a3.jpg","width":788,"height":443},"1536x1536":{"url":"https:\/\/villarrealcf.es\/wp-content\/uploads\/2021\/12\/e002378058abf5005678f080bee861a3.jpg","width":819,"height":460},"2048x2048":{"url":"https:\/\/villarrealcf.es\/wp-content\/uploads\/2021\/12\/e002378058abf5005678f080bee861a3.jpg","width":819,"height":460},"tp-image-grid":{"url":"https:\/\/villarrealcf.es\/wp-content\/uploads\/2021\/12\/e002378058abf5005678f080bee861a3-700x460.jpg","width":700,"height":460},"size-bunyad-medium":{"url":"https:\/\/villarrealcf.es\/wp-content\/uploads\/2021\/12\/e002378058abf5005678f080bee861a3.jpg","width":819,"height":460},"sportspress-crop-medium":{"url":"https:\/\/villarrealcf.es\/wp-content\/uploads\/2021\/12\/e002378058abf5005678f080bee861a3-300x300.jpg","width":300,"height":300},"sportspress-fit-medium":{"url":"https:\/\/villarrealcf.es\/wp-content\/uploads\/2021\/12\/e002378058abf5005678f080bee861a3-300x168.jpg","width":300,"height":168},"sportspress-fit-icon":{"url":"https:\/\/villarrealcf.es\/wp-content\/uploads\/2021\/12\/e002378058abf5005678f080bee861a3-128x72.jpg","width":128,"height":72},"sportspress-fit-mini":{"url":"https:\/\/villarrealcf.es\/wp-content\/uploads\/2021\/12\/e002378058abf5005678f080bee861a3-32x18.jpg","width":32,"height":18},"bunyad-small":{"url":"https:\/\/villarrealcf.es\/wp-content\/uploads\/2021\/12\/e002378058abf5005678f080bee861a3-150x84.jpg","width":150,"height":84},"bunyad-medium":{"url":"https:\/\/villarrealcf.es\/wp-content\/uploads\/2021\/12\/e002378058abf5005678f080bee861a3-450x253.jpg","width":450,"height":253},"bunyad-full":{"url":"https:\/\/villarrealcf.es\/wp-content\/uploads\/2021\/12\/e002378058abf5005678f080bee861a3.jpg","width":819,"height":460},"bunyad-viewport":{"url":"https:\/\/villarrealcf.es\/wp-content\/uploads\/2021\/12\/e002378058abf5005678f080bee861a3.jpg","width":819,"height":460},"bunyad-768":{"url":"https:\/\/villarrealcf.es\/wp-content\/uploads\/2021\/12\/e002378058abf5005678f080bee861a3-768x431.jpg","width":768,"height":431},"full":{"url":"https:\/\/villarrealcf.es\/wp-content\/uploads\/2021\/12\/e002378058abf5005678f080bee861a3.jpg","width":819,"height":460}}},"author_data":{"id":"1","name":"root_envidea","first_name":"Villarreal CF","last_name":"","description":"","avatar_url":"https:\/\/secure.gravatar.com\/avatar\/48f95f42a3ccc324f3a3458e4b9e6fb070b083e99d388e170c1afb061fa99b63?s=96&d=mm&r=g","acf":null},"taxonomies_data":{"category":[{"id":4854,"name":"Noticies Generals","slug":"noticies-generals","acf":null}],"post_tag":[{"id":12554,"name":"#Football","slug":"football-val","acf":null},{"id":12556,"name":"#Soccer","slug":"soccer-val","acf":null},{"id":12884,"name":"Emery","slug":"emery-val","acf":null},{"id":9270,"name":"Futbol","slug":"futbol-val","acf":null},{"id":11148,"name":"La Liga Santander","slug":"la-liga-santander-val","acf":null},{"id":9240,"name":"Real Sociedad","slug":"real-sociedad-val","acf":null},{"id":9680,"name":"Rueda de prensa","slug":"rueda-de-prensa-val","acf":null},{"id":9205,"name":"Submarino","slug":"submarino-val","acf":null},{"id":9627,"name":"Submarino Amarillo","slug":"submarino-amarillo-val","acf":null},{"id":9203,"name":"Villarreal CF","slug":"villarreal-cf-val","acf":null}],"translation_priority":[{"id":733,"name":"Optional","slug":"optional","acf":null}]},"seo_full":{"native":{"title":"Emery: &#8220;Ser\u00e0 un partit exigent i complicat&#8221; - Web Oficial del Villarreal CF","description":"[caption id=\"attachment_177910\" align=\"alignnone\" width=\"\"]||||||[\/caption]El t\u00e8cnic basc ha afirmat que davant la Real Sociedad el Villarreal ha de fer un\u00a0encontre molt&hellip;","canonical":"https:\/\/villarrealcf.es\/val\/emery-sera-un-partit-exigent-i-complicat\/"}},"_links":{"self":[{"href":"https:\/\/villarrealcf.es\/val\/wp-json\/wp\/v2\/posts\/222348","targetHints":{"allow":["GET"]}}],"collection":[{"href":"https:\/\/villarrealcf.es\/val\/wp-json\/wp\/v2\/posts"}],"about":[{"href":"https:\/\/villarrealcf.es\/val\/wp-json\/wp\/v2\/types\/post"}],"author":[{"embeddable":true,"href":"https:\/\/villarrealcf.es\/val\/wp-json\/wp\/v2\/users\/1"}],"replies":[{"embeddable":true,"href":"https:\/\/villarrealcf.es\/val\/wp-json\/wp\/v2\/comments?post=222348"}],"version-history":[{"count":0,"href":"https:\/\/villarrealcf.es\/val\/wp-json\/wp\/v2\/posts\/222348\/revisions"}],"wp:featuredmedia":[{"embeddable":true,"href":"https:\/\/villarrealcf.es\/val\/wp-json\/wp\/v2\/media\/177910"}],"wp:attachment":[{"href":"https:\/\/villarrealcf.es\/val\/wp-json\/wp\/v2\/media?parent=222348"}],"wp:term":[{"taxonomy":"category","embeddable":true,"href":"https:\/\/villarrealcf.es\/val\/wp-json\/wp\/v2\/categories?post=222348"},{"taxonomy":"post_tag","embeddable":true,"href":"https:\/\/villarrealcf.es\/val\/wp-json\/wp\/v2\/tags?post=222348"}],"curies":[{"name":"wp","href":"https:\/\/api.w.org\/{rel}","templated":true}]}}