{"id":222341,"date":"2021-12-17T11:00:15","date_gmt":"2021-12-17T10:00:15","guid":{"rendered":"https:\/\/villarrealcf.es\/\/el-pare-noel-espera-la-teua-carta-en-l-estadi-de-la-ceramica\/"},"modified":"2021-12-17T11:00:15","modified_gmt":"2021-12-17T10:00:15","slug":"el-pare-noel-espera-la-teua-carta-en-l-estadi-de-la-ceramica","status":"publish","type":"post","link":"https:\/\/villarrealcf.es\/val\/el-pare-noel-espera-la-teua-carta-en-l-estadi-de-la-ceramica\/","title":{"rendered":"El Pare Noel espera la teua carta en l&#8217;Estadi de la Cer\u00e0mica!"},"content":{"protected":false,"blocks":[{"type":"image","url":"https:\/\/villarrealcf.es\/\/wp-content\/uploads\/2021\/12\/1934a73e65bff9f7bddab64546c0b569.jpg","alt":"||||","width":819,"height":460,"srcset":"https:\/\/villarrealcf.es\/wp-content\/uploads\/2021\/12\/1934a73e65bff9f7bddab64546c0b569.jpg 819w, https:\/\/villarrealcf.es\/\/wp-content\/uploads\/2021\/12\/1934a73e65bff9f7bddab64546c0b569.jpg 1920w, https:\/\/villarrealcf.es\/\/wp-content\/uploads\/2021\/12\/1934a73e65bff9f7bddab64546c0b569.jpg 1920w, https:\/\/villarrealcf.es\/\/wp-content\/uploads\/2021\/12\/1934a73e65bff9f7bddab64546c0b569.jpg 1920w, https:\/\/villarrealcf.es\/wp-content\/uploads\/2021\/12\/1934a73e65bff9f7bddab64546c0b569-32x18.jpg 32w, https:\/\/villarrealcf.es\/wp-content\/uploads\/2021\/12\/1934a73e65bff9f7bddab64546c0b569-150x84.jpg 150w, https:\/\/villarrealcf.es\/\/wp-content\/uploads\/2021\/12\/1934a73e65bff9f7bddab64546c0b569.jpg 1920w","sizes":"auto, (max-width: 819px) 100vw, 819px"},{"type":"paragraph","text":"Els m\u00e9s xicotets tenen l\u2019oportunitat d\u2019entregar la seua carta al Pare Noel en la Fan Zone de l\u2019Estadi de la Cer\u00e0mica en la pr\u00e8via del partit enfront del Deportivo Alav\u00e9s"},{"type":"paragraph","text":"El Pare Noel t\u2019espera! En la pr\u00e8via del partit que es disputar\u00e0 dimarts que ve en l\u2019Estadi de la Cer\u00e0mica enfront del Deportivo Alav\u00e9s (21.00 hores), els xicotets \u2018groguets\u2019 tindran l\u2019oportunitat d\u2019apropar-se a la Fan Zone de l\u2019estadi i entregar la seua carta a el Pare Noel."},{"type":"paragraph","text":"Per a aix\u00f2, els \u2018groguets\u2019 interessats poden aconseguir des de ja, b\u00e9 a trav\u00e9s de les Tendes Oficials del Villarreal CF de forma totalment gratu\u00efta o b\u00e9 descarregant-la en el document adjunt a aquesta not\u00edcia, les cartes que podran emplenar amb all\u00f2 que m\u00e9s desitgen per a aquest Nadal i entregar-li-la en m\u00e0 al seu estimat el Pare Noel."},{"type":"paragraph","text":"El Pare Noel \u2018groguet\u2019 estar\u00e0 en la pr\u00e8via del partit davant el Deportivo Alav\u00e9s"},{"type":"paragraph","text":"Com \u00e9s costum durant els \u00faltims anys i gr\u00e0cies a la iniciativa Endavant Club Groguet, el Pare Noel acudir\u00e0 vestit de groc i m\u00e9s \u2018groguet\u2019 que mai a la Fan Zone de l\u2019Estadi de la Cer\u00e0mica, instal\u00b7lada en la pla\u00e7a adjacent al Fons Sud de l\u2019estadi."},{"type":"paragraph","text":"L\u2019horari de les Tendes Oficials del Villarreal CF \u00e9s el seg\u00fcent:"},{"type":"paragraph","text":"Tenda Oficial situada en l\u2019Estadi de la Cer\u00e0mica (C\/Blasco Ib\u00e1\u00f1ez 2, 12540 Vila-real):"},{"type":"list","style":"ul","items":["Dilluns a divendres, de 10.00 a 18.00 hores i dissabtes de 10.00 a 14.00 hores."]},{"type":"paragraph","text":"Tenda Oficial situada en el centre de Vila-real (Pla\u00e7a Major 19, 12540 Vila-real):"},{"type":"list","style":"ul","items":["Dilluns a dissabte, de 10.00 a 14.00 hores i de 17.00 a 20.00 hores."]}],"structured":{"summary":{"text":"Els m\u00e9s xicotets tenen l\u2019oportunitat d\u2019entregar la seua carta al Pare Noel en la Fan Zone de l\u2019Estadi de la Cer\u00e0mica en la pr\u00e8via del partit enfront del Deportivo Alav\u00e9s El Pare Noel t\u2019espera! En la pr\u00e8via del partit que es disputar\u00e0 dimarts que ve en l\u2019Estadi de la Cer\u00e0mica enfront del Deportivo Alav\u00e9s (21.00 hores), els xicotets \u2018groguets\u2019 tindran l\u2019oportunitat d\u2019apropar-se a la Fan Zone de l\u2019estadi i entregar la seua carta a el Pare Noel. Per a aix\u00f2, els \u2018groguets\u2019 interessats poden aconseguir des de ja, b\u00e9 a trav\u00e9s de les Tendes Oficials del Villarreal CF de forma totalment gratu\u00efta o b\u00e9 descarregant-la en el document adjunt a aquesta not\u00edcia, les cartes que podran emplenar amb all\u00f2 que m\u00e9s desitgen per a aquest Nadal i entregar-li-la en m\u00e0 al seu estimat el Pare Noel. El Pare Noel \u2018groguet\u2019 estar\u00e0 en la pr\u00e8via del partit davant el Deportivo Alav\u00e9s Com \u00e9s costum durant els \u00faltims anys i gr\u00e0cies a la iniciativa Endavant Club Groguet, el Pare Noel acudir\u00e0 vestit de groc i m\u00e9s \u2018groguet\u2019 que mai a la Fan Zone de l\u2019Estadi de la Cer\u00e0mica, instal\u00b7lada en la pla\u00e7a adjacent al Fons Sud de l\u2019estadi. L\u2019horari de les Tendes Oficials del Villarreal CF \u00e9s el seg\u00fcent: Tenda Oficial situada en l\u2019Estadi de la Cer\u00e0mica (C\/Blasco Ib\u00e1\u00f1ez 2, 12540 Vila-real): Dilluns a divendres, de 10.00 a 18.00 hores i dissabtes de 10.00 a 14.00 hores. Tenda Oficial situada en el centre de Vila-real (Pla\u00e7a Major 19, 12540 Vila-real): Dilluns a dissabte, de 10.00 a 14.00 hores i de 17.00 a 20.00 hores.","headings":[],"buttons":[],"images":[{"type":"image","url":"https:\/\/villarrealcf.es\/\/wp-content\/uploads\/2021\/12\/1934a73e65bff9f7bddab64546c0b569.jpg","alt":"||||","width":819,"height":460,"srcset":"https:\/\/villarrealcf.es\/wp-content\/uploads\/2021\/12\/1934a73e65bff9f7bddab64546c0b569.jpg 819w, https:\/\/villarrealcf.es\/\/wp-content\/uploads\/2021\/12\/1934a73e65bff9f7bddab64546c0b569.jpg 1920w, https:\/\/villarrealcf.es\/\/wp-content\/uploads\/2021\/12\/1934a73e65bff9f7bddab64546c0b569.jpg 1920w, https:\/\/villarrealcf.es\/\/wp-content\/uploads\/2021\/12\/1934a73e65bff9f7bddab64546c0b569.jpg 1920w, https:\/\/villarrealcf.es\/wp-content\/uploads\/2021\/12\/1934a73e65bff9f7bddab64546c0b569-32x18.jpg 32w, https:\/\/villarrealcf.es\/wp-content\/uploads\/2021\/12\/1934a73e65bff9f7bddab64546c0b569-150x84.jpg 150w, https:\/\/villarrealcf.es\/\/wp-content\/uploads\/2021\/12\/1934a73e65bff9f7bddab64546c0b569.jpg 1920w","sizes":"auto, (max-width: 819px) 100vw, 819px"}],"counts":{"blocks":11,"headings":0,"texts":8,"buttons":0,"images":1}},"sections":[{"id":"section-1","title":"","text":"Els m\u00e9s xicotets tenen l\u2019oportunitat d\u2019entregar la seua carta al Pare Noel en la Fan Zone de l\u2019Estadi de la Cer\u00e0mica en la pr\u00e8via del partit enfront del Deportivo Alav\u00e9s El Pare Noel t\u2019espera! En la pr\u00e8via del partit que es disputar\u00e0 dimarts que ve en l\u2019Estadi de la Cer\u00e0mica enfront del Deportivo Alav\u00e9s (21.00 hores), els xicotets \u2018groguets\u2019 tindran l\u2019oportunitat d\u2019apropar-se a la Fan Zone de l\u2019estadi i entregar la seua carta a el Pare Noel. Per a aix\u00f2, els \u2018groguets\u2019 interessats poden aconseguir des de ja, b\u00e9 a trav\u00e9s de les Tendes Oficials del Villarreal CF de forma totalment gratu\u00efta o b\u00e9 descarregant-la en el document adjunt a aquesta not\u00edcia, les cartes que podran emplenar amb all\u00f2 que m\u00e9s desitgen per a aquest Nadal i entregar-li-la en m\u00e0 al seu estimat el Pare Noel. El Pare Noel \u2018groguet\u2019 estar\u00e0 en la pr\u00e8via del partit davant el Deportivo Alav\u00e9s Com \u00e9s costum durant els \u00faltims anys i gr\u00e0cies a la iniciativa Endavant Club Groguet, el Pare Noel acudir\u00e0 vestit de groc i m\u00e9s \u2018groguet\u2019 que mai a la Fan Zone de l\u2019Estadi de la Cer\u00e0mica, instal\u00b7lada en la pla\u00e7a adjacent al Fons Sud de l\u2019estadi. L\u2019horari de les Tendes Oficials del Villarreal CF \u00e9s el seg\u00fcent: Tenda Oficial situada en l\u2019Estadi de la Cer\u00e0mica (C\/Blasco Ib\u00e1\u00f1ez 2, 12540 Vila-real): Tenda Oficial situada en el centre de Vila-real (Pla\u00e7a Major 19, 12540 Vila-real):","headings":[],"texts":[{"type":"paragraph","text":"Els m\u00e9s xicotets tenen l\u2019oportunitat d\u2019entregar la seua carta al Pare Noel en la Fan Zone de l\u2019Estadi de la Cer\u00e0mica en la pr\u00e8via del partit enfront del Deportivo Alav\u00e9s"},{"type":"paragraph","text":"El Pare Noel t\u2019espera! En la pr\u00e8via del partit que es disputar\u00e0 dimarts que ve en l\u2019Estadi de la Cer\u00e0mica enfront del Deportivo Alav\u00e9s (21.00 hores), els xicotets \u2018groguets\u2019 tindran l\u2019oportunitat d\u2019apropar-se a la Fan Zone de l\u2019estadi i entregar la seua carta a el Pare Noel."},{"type":"paragraph","text":"Per a aix\u00f2, els \u2018groguets\u2019 interessats poden aconseguir des de ja, b\u00e9 a trav\u00e9s de les Tendes Oficials del Villarreal CF de forma totalment gratu\u00efta o b\u00e9 descarregant-la en el document adjunt a aquesta not\u00edcia, les cartes que podran emplenar amb all\u00f2 que m\u00e9s desitgen per a aquest Nadal i entregar-li-la en m\u00e0 al seu estimat el Pare Noel."},{"type":"paragraph","text":"El Pare Noel \u2018groguet\u2019 estar\u00e0 en la pr\u00e8via del partit davant el Deportivo Alav\u00e9s"},{"type":"paragraph","text":"Com \u00e9s costum durant els \u00faltims anys i gr\u00e0cies a la iniciativa Endavant Club Groguet, el Pare Noel acudir\u00e0 vestit de groc i m\u00e9s \u2018groguet\u2019 que mai a la Fan Zone de l\u2019Estadi de la Cer\u00e0mica, instal\u00b7lada en la pla\u00e7a adjacent al Fons Sud de l\u2019estadi."},{"type":"paragraph","text":"L\u2019horari de les Tendes Oficials del Villarreal CF \u00e9s el seg\u00fcent:"},{"type":"paragraph","text":"Tenda Oficial situada en l\u2019Estadi de la Cer\u00e0mica (C\/Blasco Ib\u00e1\u00f1ez 2, 12540 Vila-real):"},{"type":"paragraph","text":"Tenda Oficial situada en el centre de Vila-real (Pla\u00e7a Major 19, 12540 Vila-real):"}],"buttons":[],"images":[{"type":"image","url":"https:\/\/villarrealcf.es\/\/wp-content\/uploads\/2021\/12\/1934a73e65bff9f7bddab64546c0b569.jpg","alt":"||||","width":819,"height":460,"srcset":"https:\/\/villarrealcf.es\/wp-content\/uploads\/2021\/12\/1934a73e65bff9f7bddab64546c0b569.jpg 819w, https:\/\/villarrealcf.es\/\/wp-content\/uploads\/2021\/12\/1934a73e65bff9f7bddab64546c0b569.jpg 1920w, https:\/\/villarrealcf.es\/\/wp-content\/uploads\/2021\/12\/1934a73e65bff9f7bddab64546c0b569.jpg 1920w, https:\/\/villarrealcf.es\/\/wp-content\/uploads\/2021\/12\/1934a73e65bff9f7bddab64546c0b569.jpg 1920w, https:\/\/villarrealcf.es\/wp-content\/uploads\/2021\/12\/1934a73e65bff9f7bddab64546c0b569-32x18.jpg 32w, https:\/\/villarrealcf.es\/wp-content\/uploads\/2021\/12\/1934a73e65bff9f7bddab64546c0b569-150x84.jpg 150w, https:\/\/villarrealcf.es\/\/wp-content\/uploads\/2021\/12\/1934a73e65bff9f7bddab64546c0b569.jpg 1920w","sizes":"auto, (max-width: 819px) 100vw, 819px"}],"widgets":[],"blocks":[{"type":"image","url":"https:\/\/villarrealcf.es\/\/wp-content\/uploads\/2021\/12\/1934a73e65bff9f7bddab64546c0b569.jpg","alt":"||||","width":819,"height":460,"srcset":"https:\/\/villarrealcf.es\/wp-content\/uploads\/2021\/12\/1934a73e65bff9f7bddab64546c0b569.jpg 819w, https:\/\/villarrealcf.es\/\/wp-content\/uploads\/2021\/12\/1934a73e65bff9f7bddab64546c0b569.jpg 1920w, https:\/\/villarrealcf.es\/\/wp-content\/uploads\/2021\/12\/1934a73e65bff9f7bddab64546c0b569.jpg 1920w, https:\/\/villarrealcf.es\/\/wp-content\/uploads\/2021\/12\/1934a73e65bff9f7bddab64546c0b569.jpg 1920w, https:\/\/villarrealcf.es\/wp-content\/uploads\/2021\/12\/1934a73e65bff9f7bddab64546c0b569-32x18.jpg 32w, https:\/\/villarrealcf.es\/wp-content\/uploads\/2021\/12\/1934a73e65bff9f7bddab64546c0b569-150x84.jpg 150w, https:\/\/villarrealcf.es\/\/wp-content\/uploads\/2021\/12\/1934a73e65bff9f7bddab64546c0b569.jpg 1920w","sizes":"auto, (max-width: 819px) 100vw, 819px"},{"type":"paragraph","text":"Els m\u00e9s xicotets tenen l\u2019oportunitat d\u2019entregar la seua carta al Pare Noel en la Fan Zone de l\u2019Estadi de la Cer\u00e0mica en la pr\u00e8via del partit enfront del Deportivo Alav\u00e9s"},{"type":"paragraph","text":"El Pare Noel t\u2019espera! En la pr\u00e8via del partit que es disputar\u00e0 dimarts que ve en l\u2019Estadi de la Cer\u00e0mica enfront del Deportivo Alav\u00e9s (21.00 hores), els xicotets \u2018groguets\u2019 tindran l\u2019oportunitat d\u2019apropar-se a la Fan Zone de l\u2019estadi i entregar la seua carta a el Pare Noel."},{"type":"paragraph","text":"Per a aix\u00f2, els \u2018groguets\u2019 interessats poden aconseguir des de ja, b\u00e9 a trav\u00e9s de les Tendes Oficials del Villarreal CF de forma totalment gratu\u00efta o b\u00e9 descarregant-la en el document adjunt a aquesta not\u00edcia, les cartes que podran emplenar amb all\u00f2 que m\u00e9s desitgen per a aquest Nadal i entregar-li-la en m\u00e0 al seu estimat el Pare Noel."},{"type":"paragraph","text":"El Pare Noel \u2018groguet\u2019 estar\u00e0 en la pr\u00e8via del partit davant el Deportivo Alav\u00e9s"},{"type":"paragraph","text":"Com \u00e9s costum durant els \u00faltims anys i gr\u00e0cies a la iniciativa Endavant Club Groguet, el Pare Noel acudir\u00e0 vestit de groc i m\u00e9s \u2018groguet\u2019 que mai a la Fan Zone de l\u2019Estadi de la Cer\u00e0mica, instal\u00b7lada en la pla\u00e7a adjacent al Fons Sud de l\u2019estadi."},{"type":"paragraph","text":"L\u2019horari de les Tendes Oficials del Villarreal CF \u00e9s el seg\u00fcent:"},{"type":"paragraph","text":"Tenda Oficial situada en l\u2019Estadi de la Cer\u00e0mica (C\/Blasco Ib\u00e1\u00f1ez 2, 12540 Vila-real):"},{"type":"list","style":"ul","items":["Dilluns a divendres, de 10.00 a 18.00 hores i dissabtes de 10.00 a 14.00 hores."]},{"type":"paragraph","text":"Tenda Oficial situada en el centre de Vila-real (Pla\u00e7a Major 19, 12540 Vila-real):"},{"type":"list","style":"ul","items":["Dilluns a dissabte, de 10.00 a 14.00 hores i de 17.00 a 20.00 hores."]}]}],"hero":{"id":"section-1","title":"","text":"Els m\u00e9s xicotets tenen l\u2019oportunitat d\u2019entregar la seua carta al Pare Noel en la Fan Zone de l\u2019Estadi de la Cer\u00e0mica en la pr\u00e8via del partit enfront del Deportivo Alav\u00e9s El Pare Noel t\u2019espera! En la pr\u00e8via del partit que es disputar\u00e0 dimarts que ve en l\u2019Estadi de la Cer\u00e0mica enfront del Deportivo Alav\u00e9s (21.00 hores), els xicotets \u2018groguets\u2019 tindran l\u2019oportunitat d\u2019apropar-se a la Fan Zone de l\u2019estadi i entregar la seua carta a el Pare Noel. Per a aix\u00f2, els \u2018groguets\u2019 interessats poden aconseguir des de ja, b\u00e9 a trav\u00e9s de les Tendes Oficials del Villarreal CF de forma totalment gratu\u00efta o b\u00e9 descarregant-la en el document adjunt a aquesta not\u00edcia, les cartes que podran emplenar amb all\u00f2 que m\u00e9s desitgen per a aquest Nadal i entregar-li-la en m\u00e0 al seu estimat el Pare Noel. El Pare Noel \u2018groguet\u2019 estar\u00e0 en la pr\u00e8via del partit davant el Deportivo Alav\u00e9s Com \u00e9s costum durant els \u00faltims anys i gr\u00e0cies a la iniciativa Endavant Club Groguet, el Pare Noel acudir\u00e0 vestit de groc i m\u00e9s \u2018groguet\u2019 que mai a la Fan Zone de l\u2019Estadi de la Cer\u00e0mica, instal\u00b7lada en la pla\u00e7a adjacent al Fons Sud de l\u2019estadi. L\u2019horari de les Tendes Oficials del Villarreal CF \u00e9s el seg\u00fcent: Tenda Oficial situada en l\u2019Estadi de la Cer\u00e0mica (C\/Blasco Ib\u00e1\u00f1ez 2, 12540 Vila-real): Tenda Oficial situada en el centre de Vila-real (Pla\u00e7a Major 19, 12540 Vila-real):","headings":[],"texts":[{"type":"paragraph","text":"Els m\u00e9s xicotets tenen l\u2019oportunitat d\u2019entregar la seua carta al Pare Noel en la Fan Zone de l\u2019Estadi de la Cer\u00e0mica en la pr\u00e8via del partit enfront del Deportivo Alav\u00e9s"},{"type":"paragraph","text":"El Pare Noel t\u2019espera! En la pr\u00e8via del partit que es disputar\u00e0 dimarts que ve en l\u2019Estadi de la Cer\u00e0mica enfront del Deportivo Alav\u00e9s (21.00 hores), els xicotets \u2018groguets\u2019 tindran l\u2019oportunitat d\u2019apropar-se a la Fan Zone de l\u2019estadi i entregar la seua carta a el Pare Noel."},{"type":"paragraph","text":"Per a aix\u00f2, els \u2018groguets\u2019 interessats poden aconseguir des de ja, b\u00e9 a trav\u00e9s de les Tendes Oficials del Villarreal CF de forma totalment gratu\u00efta o b\u00e9 descarregant-la en el document adjunt a aquesta not\u00edcia, les cartes que podran emplenar amb all\u00f2 que m\u00e9s desitgen per a aquest Nadal i entregar-li-la en m\u00e0 al seu estimat el Pare Noel."},{"type":"paragraph","text":"El Pare Noel \u2018groguet\u2019 estar\u00e0 en la pr\u00e8via del partit davant el Deportivo Alav\u00e9s"},{"type":"paragraph","text":"Com \u00e9s costum durant els \u00faltims anys i gr\u00e0cies a la iniciativa Endavant Club Groguet, el Pare Noel acudir\u00e0 vestit de groc i m\u00e9s \u2018groguet\u2019 que mai a la Fan Zone de l\u2019Estadi de la Cer\u00e0mica, instal\u00b7lada en la pla\u00e7a adjacent al Fons Sud de l\u2019estadi."},{"type":"paragraph","text":"L\u2019horari de les Tendes Oficials del Villarreal CF \u00e9s el seg\u00fcent:"},{"type":"paragraph","text":"Tenda Oficial situada en l\u2019Estadi de la Cer\u00e0mica (C\/Blasco Ib\u00e1\u00f1ez 2, 12540 Vila-real):"},{"type":"paragraph","text":"Tenda Oficial situada en el centre de Vila-real (Pla\u00e7a Major 19, 12540 Vila-real):"}],"buttons":[],"images":[{"type":"image","url":"https:\/\/villarrealcf.es\/\/wp-content\/uploads\/2021\/12\/1934a73e65bff9f7bddab64546c0b569.jpg","alt":"||||","width":819,"height":460,"srcset":"https:\/\/villarrealcf.es\/wp-content\/uploads\/2021\/12\/1934a73e65bff9f7bddab64546c0b569.jpg 819w, https:\/\/villarrealcf.es\/\/wp-content\/uploads\/2021\/12\/1934a73e65bff9f7bddab64546c0b569.jpg 1920w, https:\/\/villarrealcf.es\/\/wp-content\/uploads\/2021\/12\/1934a73e65bff9f7bddab64546c0b569.jpg 1920w, https:\/\/villarrealcf.es\/\/wp-content\/uploads\/2021\/12\/1934a73e65bff9f7bddab64546c0b569.jpg 1920w, https:\/\/villarrealcf.es\/wp-content\/uploads\/2021\/12\/1934a73e65bff9f7bddab64546c0b569-32x18.jpg 32w, https:\/\/villarrealcf.es\/wp-content\/uploads\/2021\/12\/1934a73e65bff9f7bddab64546c0b569-150x84.jpg 150w, https:\/\/villarrealcf.es\/\/wp-content\/uploads\/2021\/12\/1934a73e65bff9f7bddab64546c0b569.jpg 1920w","sizes":"auto, (max-width: 819px) 100vw, 819px"}],"widgets":[],"blocks":[{"type":"image","url":"https:\/\/villarrealcf.es\/\/wp-content\/uploads\/2021\/12\/1934a73e65bff9f7bddab64546c0b569.jpg","alt":"||||","width":819,"height":460,"srcset":"https:\/\/villarrealcf.es\/wp-content\/uploads\/2021\/12\/1934a73e65bff9f7bddab64546c0b569.jpg 819w, https:\/\/villarrealcf.es\/\/wp-content\/uploads\/2021\/12\/1934a73e65bff9f7bddab64546c0b569.jpg 1920w, https:\/\/villarrealcf.es\/\/wp-content\/uploads\/2021\/12\/1934a73e65bff9f7bddab64546c0b569.jpg 1920w, https:\/\/villarrealcf.es\/\/wp-content\/uploads\/2021\/12\/1934a73e65bff9f7bddab64546c0b569.jpg 1920w, https:\/\/villarrealcf.es\/wp-content\/uploads\/2021\/12\/1934a73e65bff9f7bddab64546c0b569-32x18.jpg 32w, https:\/\/villarrealcf.es\/wp-content\/uploads\/2021\/12\/1934a73e65bff9f7bddab64546c0b569-150x84.jpg 150w, https:\/\/villarrealcf.es\/\/wp-content\/uploads\/2021\/12\/1934a73e65bff9f7bddab64546c0b569.jpg 1920w","sizes":"auto, (max-width: 819px) 100vw, 819px"},{"type":"paragraph","text":"Els m\u00e9s xicotets tenen l\u2019oportunitat d\u2019entregar la seua carta al Pare Noel en la Fan Zone de l\u2019Estadi de la Cer\u00e0mica en la pr\u00e8via del partit enfront del Deportivo Alav\u00e9s"},{"type":"paragraph","text":"El Pare Noel t\u2019espera! En la pr\u00e8via del partit que es disputar\u00e0 dimarts que ve en l\u2019Estadi de la Cer\u00e0mica enfront del Deportivo Alav\u00e9s (21.00 hores), els xicotets \u2018groguets\u2019 tindran l\u2019oportunitat d\u2019apropar-se a la Fan Zone de l\u2019estadi i entregar la seua carta a el Pare Noel."},{"type":"paragraph","text":"Per a aix\u00f2, els \u2018groguets\u2019 interessats poden aconseguir des de ja, b\u00e9 a trav\u00e9s de les Tendes Oficials del Villarreal CF de forma totalment gratu\u00efta o b\u00e9 descarregant-la en el document adjunt a aquesta not\u00edcia, les cartes que podran emplenar amb all\u00f2 que m\u00e9s desitgen per a aquest Nadal i entregar-li-la en m\u00e0 al seu estimat el Pare Noel."},{"type":"paragraph","text":"El Pare Noel \u2018groguet\u2019 estar\u00e0 en la pr\u00e8via del partit davant el Deportivo Alav\u00e9s"},{"type":"paragraph","text":"Com \u00e9s costum durant els \u00faltims anys i gr\u00e0cies a la iniciativa Endavant Club Groguet, el Pare Noel acudir\u00e0 vestit de groc i m\u00e9s \u2018groguet\u2019 que mai a la Fan Zone de l\u2019Estadi de la Cer\u00e0mica, instal\u00b7lada en la pla\u00e7a adjacent al Fons Sud de l\u2019estadi."},{"type":"paragraph","text":"L\u2019horari de les Tendes Oficials del Villarreal CF \u00e9s el seg\u00fcent:"},{"type":"paragraph","text":"Tenda Oficial situada en l\u2019Estadi de la Cer\u00e0mica (C\/Blasco Ib\u00e1\u00f1ez 2, 12540 Vila-real):"},{"type":"list","style":"ul","items":["Dilluns a divendres, de 10.00 a 18.00 hores i dissabtes de 10.00 a 14.00 hores."]},{"type":"paragraph","text":"Tenda Oficial situada en el centre de Vila-real (Pla\u00e7a Major 19, 12540 Vila-real):"},{"type":"list","style":"ul","items":["Dilluns a dissabte, de 10.00 a 14.00 hores i de 17.00 a 20.00 hores."]}]}},"sections":[{"id":"section-1","title":"","text":"Els m\u00e9s xicotets tenen l\u2019oportunitat d\u2019entregar la seua carta al Pare Noel en la Fan Zone de l\u2019Estadi de la Cer\u00e0mica en la pr\u00e8via del partit enfront del Deportivo Alav\u00e9s El Pare Noel t\u2019espera! En la pr\u00e8via del partit que es disputar\u00e0 dimarts que ve en l\u2019Estadi de la Cer\u00e0mica enfront del Deportivo Alav\u00e9s (21.00 hores), els xicotets \u2018groguets\u2019 tindran l\u2019oportunitat d\u2019apropar-se a la Fan Zone de l\u2019estadi i entregar la seua carta a el Pare Noel. Per a aix\u00f2, els \u2018groguets\u2019 interessats poden aconseguir des de ja, b\u00e9 a trav\u00e9s de les Tendes Oficials del Villarreal CF de forma totalment gratu\u00efta o b\u00e9 descarregant-la en el document adjunt a aquesta not\u00edcia, les cartes que podran emplenar amb all\u00f2 que m\u00e9s desitgen per a aquest Nadal i entregar-li-la en m\u00e0 al seu estimat el Pare Noel. El Pare Noel \u2018groguet\u2019 estar\u00e0 en la pr\u00e8via del partit davant el Deportivo Alav\u00e9s Com \u00e9s costum durant els \u00faltims anys i gr\u00e0cies a la iniciativa Endavant Club Groguet, el Pare Noel acudir\u00e0 vestit de groc i m\u00e9s \u2018groguet\u2019 que mai a la Fan Zone de l\u2019Estadi de la Cer\u00e0mica, instal\u00b7lada en la pla\u00e7a adjacent al Fons Sud de l\u2019estadi. L\u2019horari de les Tendes Oficials del Villarreal CF \u00e9s el seg\u00fcent: Tenda Oficial situada en l\u2019Estadi de la Cer\u00e0mica (C\/Blasco Ib\u00e1\u00f1ez 2, 12540 Vila-real): Tenda Oficial situada en el centre de Vila-real (Pla\u00e7a Major 19, 12540 Vila-real):","url":"","background_image":"","images":[{"type":"image","url":"https:\/\/villarrealcf.es\/\/wp-content\/uploads\/2021\/12\/1934a73e65bff9f7bddab64546c0b569.jpg","alt":"||||","width":819,"height":460,"srcset":"https:\/\/villarrealcf.es\/wp-content\/uploads\/2021\/12\/1934a73e65bff9f7bddab64546c0b569.jpg 819w, https:\/\/villarrealcf.es\/\/wp-content\/uploads\/2021\/12\/1934a73e65bff9f7bddab64546c0b569.jpg 1920w, https:\/\/villarrealcf.es\/\/wp-content\/uploads\/2021\/12\/1934a73e65bff9f7bddab64546c0b569.jpg 1920w, https:\/\/villarrealcf.es\/\/wp-content\/uploads\/2021\/12\/1934a73e65bff9f7bddab64546c0b569.jpg 1920w, https:\/\/villarrealcf.es\/wp-content\/uploads\/2021\/12\/1934a73e65bff9f7bddab64546c0b569-32x18.jpg 32w, https:\/\/villarrealcf.es\/wp-content\/uploads\/2021\/12\/1934a73e65bff9f7bddab64546c0b569-150x84.jpg 150w, https:\/\/villarrealcf.es\/\/wp-content\/uploads\/2021\/12\/1934a73e65bff9f7bddab64546c0b569.jpg 1920w","sizes":"auto, (max-width: 819px) 100vw, 819px"}],"videos":[],"links":[]},{"id":"shortcode-caption-69edc384c5d3d","type":"shortcode","shortcode":"caption","attributes":{"id":"attachment_177882","align":"alignnone","width":""},"title":"Caption","rendered":"","data":[],"text":"","url":"","background_image":"","images":[],"videos":[],"links":[],"blocks":[]}]},"excerpt":{"rendered":"Els m\u00e9s xicotets tenen l&#8217;oportunitat d&#8217;entregar la seua carta al Pare Noel en la Fan Zone de l&#8217;Estadi de la Cer\u00e0mica en la pr\u00e8via del partit enfront\u00a0del Deportivo Alav\u00e9s","protected":false},"author":1,"featured_media":177882,"comment_status":"","ping_status":"","sticky":false,"template":"","format":"standard","meta":{"_acf_changed":false,"footnotes":""},"categories":[4845],"tags":[12554,12556,9242,9287,11429,11207,9270,10408,9205,9627,9203],"acf":null,"lang":"val","translations":{"val":222341},"essential_grid":{"has_grid":false},"formatted_date":"December 17, 2021","modified_date":"December 17, 2021","permalink":"https:\/\/villarrealcf.es\/val\/el-pare-noel-espera-la-teua-carta-en-l-estadi-de-la-ceramica\/","reading_time":2,"featured_media_data":{"id":177882,"title":"||||","caption":"||||","alt_text":"","description":"","mime_type":"image\/jpeg","source_url":"https:\/\/villarrealcf.es\/wp-content\/uploads\/2021\/12\/1934a73e65bff9f7bddab64546c0b569.jpg","sizes":{"thumbnail":{"url":"https:\/\/villarrealcf.es\/wp-content\/uploads\/2021\/12\/1934a73e65bff9f7bddab64546c0b569-150x150.jpg","width":150,"height":150},"medium":{"url":"https:\/\/villarrealcf.es\/wp-content\/uploads\/2021\/12\/1934a73e65bff9f7bddab64546c0b569-300x168.jpg","width":300,"height":168},"medium_large":{"url":"https:\/\/villarrealcf.es\/wp-content\/uploads\/2021\/12\/1934a73e65bff9f7bddab64546c0b569-768x431.jpg","width":768,"height":431},"large":{"url":"https:\/\/villarrealcf.es\/wp-content\/uploads\/2021\/12\/1934a73e65bff9f7bddab64546c0b569.jpg","width":788,"height":443},"1536x1536":{"url":"https:\/\/villarrealcf.es\/wp-content\/uploads\/2021\/12\/1934a73e65bff9f7bddab64546c0b569.jpg","width":819,"height":460},"2048x2048":{"url":"https:\/\/villarrealcf.es\/wp-content\/uploads\/2021\/12\/1934a73e65bff9f7bddab64546c0b569.jpg","width":819,"height":460},"tp-image-grid":{"url":"https:\/\/villarrealcf.es\/wp-content\/uploads\/2021\/12\/1934a73e65bff9f7bddab64546c0b569-700x460.jpg","width":700,"height":460},"size-bunyad-medium":{"url":"https:\/\/villarrealcf.es\/wp-content\/uploads\/2021\/12\/1934a73e65bff9f7bddab64546c0b569.jpg","width":819,"height":460},"sportspress-crop-medium":{"url":"https:\/\/villarrealcf.es\/wp-content\/uploads\/2021\/12\/1934a73e65bff9f7bddab64546c0b569-300x300.jpg","width":300,"height":300},"sportspress-fit-medium":{"url":"https:\/\/villarrealcf.es\/wp-content\/uploads\/2021\/12\/1934a73e65bff9f7bddab64546c0b569-300x168.jpg","width":300,"height":168},"sportspress-fit-icon":{"url":"https:\/\/villarrealcf.es\/wp-content\/uploads\/2021\/12\/1934a73e65bff9f7bddab64546c0b569-128x72.jpg","width":128,"height":72},"sportspress-fit-mini":{"url":"https:\/\/villarrealcf.es\/wp-content\/uploads\/2021\/12\/1934a73e65bff9f7bddab64546c0b569-32x18.jpg","width":32,"height":18},"bunyad-small":{"url":"https:\/\/villarrealcf.es\/wp-content\/uploads\/2021\/12\/1934a73e65bff9f7bddab64546c0b569-150x84.jpg","width":150,"height":84},"bunyad-medium":{"url":"https:\/\/villarrealcf.es\/wp-content\/uploads\/2021\/12\/1934a73e65bff9f7bddab64546c0b569-450x253.jpg","width":450,"height":253},"bunyad-full":{"url":"https:\/\/villarrealcf.es\/wp-content\/uploads\/2021\/12\/1934a73e65bff9f7bddab64546c0b569.jpg","width":819,"height":460},"bunyad-viewport":{"url":"https:\/\/villarrealcf.es\/wp-content\/uploads\/2021\/12\/1934a73e65bff9f7bddab64546c0b569.jpg","width":819,"height":460},"bunyad-768":{"url":"https:\/\/villarrealcf.es\/wp-content\/uploads\/2021\/12\/1934a73e65bff9f7bddab64546c0b569-768x431.jpg","width":768,"height":431},"full":{"url":"https:\/\/villarrealcf.es\/wp-content\/uploads\/2021\/12\/1934a73e65bff9f7bddab64546c0b569.jpg","width":819,"height":460}}},"author_data":{"id":"1","name":"root_envidea","first_name":"Villarreal CF","last_name":"","description":"","avatar_url":"https:\/\/secure.gravatar.com\/avatar\/48f95f42a3ccc324f3a3458e4b9e6fb070b083e99d388e170c1afb061fa99b63?s=96&d=mm&r=g","acf":null},"taxonomies_data":{"category":[{"id":4845,"name":"Endavant","slug":"endavant","acf":null}],"post_tag":[{"id":12554,"name":"#Football","slug":"football-val","acf":null},{"id":12556,"name":"#Soccer","slug":"soccer-val","acf":null},{"id":9242,"name":"Endavant","slug":"endavant-val-2","acf":null},{"id":9287,"name":"Endavant Club Groguet","slug":"endavant-club-groguet-val-2","acf":null},{"id":11429,"name":"Estadio de la Cer\u00e1mica","slug":"estadio-de-la-ceramica-val","acf":null},{"id":11207,"name":"Fan Zone","slug":"fan-zone-val","acf":null},{"id":9270,"name":"Futbol","slug":"futbol-val","acf":null},{"id":10408,"name":"Pap\u00e1 Noel Groguet","slug":"papa-noel-groguet-val","acf":null},{"id":9205,"name":"Submarino","slug":"submarino-val","acf":null},{"id":9627,"name":"Submarino Amarillo","slug":"submarino-amarillo-val","acf":null},{"id":9203,"name":"Villarreal CF","slug":"villarreal-cf-val","acf":null}],"translation_priority":[{"id":733,"name":"Optional","slug":"optional","acf":null}]},"seo_full":{"native":{"title":"El Pare Noel espera la teua carta en l&#8217;Estadi de la Cer\u00e0mica! - Web Oficial del Villarreal CF","description":"[caption id=\"attachment_177882\" align=\"alignnone\" width=\"\"]||||[\/caption]Els m\u00e9s xicotets tenen l'oportunitat d'entregar la seua carta al Pare Noel en la Fan Zone de&hellip;","canonical":"https:\/\/villarrealcf.es\/val\/el-pare-noel-espera-la-teua-carta-en-l-estadi-de-la-ceramica\/"}},"_links":{"self":[{"href":"https:\/\/villarrealcf.es\/val\/wp-json\/wp\/v2\/posts\/222341","targetHints":{"allow":["GET"]}}],"collection":[{"href":"https:\/\/villarrealcf.es\/val\/wp-json\/wp\/v2\/posts"}],"about":[{"href":"https:\/\/villarrealcf.es\/val\/wp-json\/wp\/v2\/types\/post"}],"author":[{"embeddable":true,"href":"https:\/\/villarrealcf.es\/val\/wp-json\/wp\/v2\/users\/1"}],"replies":[{"embeddable":true,"href":"https:\/\/villarrealcf.es\/val\/wp-json\/wp\/v2\/comments?post=222341"}],"version-history":[{"count":0,"href":"https:\/\/villarrealcf.es\/val\/wp-json\/wp\/v2\/posts\/222341\/revisions"}],"wp:featuredmedia":[{"embeddable":true,"href":"https:\/\/villarrealcf.es\/val\/wp-json\/wp\/v2\/media\/177882"}],"wp:attachment":[{"href":"https:\/\/villarrealcf.es\/val\/wp-json\/wp\/v2\/media?parent=222341"}],"wp:term":[{"taxonomy":"category","embeddable":true,"href":"https:\/\/villarrealcf.es\/val\/wp-json\/wp\/v2\/categories?post=222341"},{"taxonomy":"post_tag","embeddable":true,"href":"https:\/\/villarrealcf.es\/val\/wp-json\/wp\/v2\/tags?post=222341"}],"curies":[{"name":"wp","href":"https:\/\/api.w.org\/{rel}","templated":true}]}}