{"id":222107,"date":"2021-11-25T09:44:07","date_gmt":"2021-11-25T08:44:07","guid":{"rendered":"https:\/\/villarrealcf.es\/\/la-universitat-jaume-i-premia-al-villarreal-2\/"},"modified":"2021-11-25T09:44:07","modified_gmt":"2021-11-25T08:44:07","slug":"la-universitat-jaume-i-premia-al-villarreal-2","status":"publish","type":"post","link":"https:\/\/villarrealcf.es\/val\/la-universitat-jaume-i-premia-al-villarreal-2\/","title":{"rendered":"La Universitat Jaume I premia al Villarreal"},"content":{"protected":false,"blocks":[{"type":"image","url":"https:\/\/villarrealcf.es\/\/wp-content\/uploads\/2021\/11\/16044e36139f403f242944e11d24330e.jpg","alt":"||||","width":819,"height":460,"srcset":"https:\/\/villarrealcf.es\/wp-content\/uploads\/2021\/11\/16044e36139f403f242944e11d24330e.jpg 819w, https:\/\/villarrealcf.es\/\/wp-content\/uploads\/2021\/11\/16044e36139f403f242944e11d24330e.jpg 1920w, https:\/\/villarrealcf.es\/\/wp-content\/uploads\/2021\/11\/16044e36139f403f242944e11d24330e.jpg 1920w, https:\/\/villarrealcf.es\/\/wp-content\/uploads\/2021\/11\/16044e36139f403f242944e11d24330e.jpg 1920w, https:\/\/villarrealcf.es\/wp-content\/uploads\/2021\/11\/16044e36139f403f242944e11d24330e-32x18.jpg 32w, https:\/\/villarrealcf.es\/wp-content\/uploads\/2021\/11\/16044e36139f403f242944e11d24330e-150x84.jpg 150w, https:\/\/villarrealcf.es\/\/wp-content\/uploads\/2021\/11\/16044e36139f403f242944e11d24330e.jpg 1920w","sizes":"auto, (max-width: 819px) 100vw, 819px"},{"type":"paragraph","text":"El club groc, igual que la resta d\u2019empreses del Cercle de Mecenatge i Patrocini, rep una escultura com a agra\u00efment"},{"type":"paragraph","text":"La Universitat Jaume I (UJI) va premiar al Villarreal CF en l\u2019acte de reconeixement a les entitats patrocinadores que l\u2019entitat educativa organitza cada cinc anys, on ha agra\u00eft a les 69 empreses i institucions que formen part actualment del Cercle de Mecenatge i Patrocini de l\u2019UJI la seua col\u00b7laboraci\u00f3 i comprom\u00eds amb la universitat p\u00fablica de Castell\u00f3."},{"type":"paragraph","text":"L\u2019UJI, amb motiu del seu 30 aniversari, va realitzar aquest tradicional acte d\u2019homenatge a les entitats mecenes i patrocinadores de la Universitat Jaume I que va reunir el Paranimf del campus a 200 persones entre membres de la comunitat universit\u00e0ria i representants de les principals entitats p\u00fabliques i privades de l\u2019entorn. En aquest esdeveniment, el Villarreal va rebre el guard\u00f3 \u2018Volem\u2019, una escultura que va realitzar expressament per a l\u2019ocasi\u00f3 el dissenyador i professor de l\u2019UJI Jaume Gual. En l\u2019acte, la rectora de l\u2019UJI, Eva Alc\u00f3n, va agrair als membres del Cercle de Mecenatge i Patrocini."}],"structured":{"summary":{"text":"El club groc, igual que la resta d\u2019empreses del Cercle de Mecenatge i Patrocini, rep una escultura com a agra\u00efment La Universitat Jaume I (UJI) va premiar al Villarreal CF en l\u2019acte de reconeixement a les entitats patrocinadores que l\u2019entitat educativa organitza cada cinc anys, on ha agra\u00eft a les 69 empreses i institucions que formen part actualment del Cercle de Mecenatge i Patrocini de l\u2019UJI la seua col\u00b7laboraci\u00f3 i comprom\u00eds amb la universitat p\u00fablica de Castell\u00f3. L\u2019UJI, amb motiu del seu 30 aniversari, va realitzar aquest tradicional acte d\u2019homenatge a les entitats mecenes i patrocinadores de la Universitat Jaume I que va reunir el Paranimf del campus a 200 persones entre membres de la comunitat universit\u00e0ria i representants de les principals entitats p\u00fabliques i privades de l\u2019entorn. En aquest esdeveniment, el Villarreal va rebre el guard\u00f3 \u2018Volem\u2019, una escultura que va realitzar expressament per a l\u2019ocasi\u00f3 el dissenyador i professor de l\u2019UJI Jaume Gual. En l\u2019acte, la rectora de l\u2019UJI, Eva Alc\u00f3n, va agrair als membres del Cercle de Mecenatge i Patrocini.","headings":[],"buttons":[],"images":[{"type":"image","url":"https:\/\/villarrealcf.es\/\/wp-content\/uploads\/2021\/11\/16044e36139f403f242944e11d24330e.jpg","alt":"||||","width":819,"height":460,"srcset":"https:\/\/villarrealcf.es\/wp-content\/uploads\/2021\/11\/16044e36139f403f242944e11d24330e.jpg 819w, https:\/\/villarrealcf.es\/\/wp-content\/uploads\/2021\/11\/16044e36139f403f242944e11d24330e.jpg 1920w, https:\/\/villarrealcf.es\/\/wp-content\/uploads\/2021\/11\/16044e36139f403f242944e11d24330e.jpg 1920w, https:\/\/villarrealcf.es\/\/wp-content\/uploads\/2021\/11\/16044e36139f403f242944e11d24330e.jpg 1920w, https:\/\/villarrealcf.es\/wp-content\/uploads\/2021\/11\/16044e36139f403f242944e11d24330e-32x18.jpg 32w, https:\/\/villarrealcf.es\/wp-content\/uploads\/2021\/11\/16044e36139f403f242944e11d24330e-150x84.jpg 150w, https:\/\/villarrealcf.es\/\/wp-content\/uploads\/2021\/11\/16044e36139f403f242944e11d24330e.jpg 1920w","sizes":"auto, (max-width: 819px) 100vw, 819px"}],"counts":{"blocks":4,"headings":0,"texts":3,"buttons":0,"images":1}},"sections":[{"id":"section-1","title":"","text":"El club groc, igual que la resta d\u2019empreses del Cercle de Mecenatge i Patrocini, rep una escultura com a agra\u00efment La Universitat Jaume I (UJI) va premiar al Villarreal CF en l\u2019acte de reconeixement a les entitats patrocinadores que l\u2019entitat educativa organitza cada cinc anys, on ha agra\u00eft a les 69 empreses i institucions que formen part actualment del Cercle de Mecenatge i Patrocini de l\u2019UJI la seua col\u00b7laboraci\u00f3 i comprom\u00eds amb la universitat p\u00fablica de Castell\u00f3. L\u2019UJI, amb motiu del seu 30 aniversari, va realitzar aquest tradicional acte d\u2019homenatge a les entitats mecenes i patrocinadores de la Universitat Jaume I que va reunir el Paranimf del campus a 200 persones entre membres de la comunitat universit\u00e0ria i representants de les principals entitats p\u00fabliques i privades de l\u2019entorn. En aquest esdeveniment, el Villarreal va rebre el guard\u00f3 \u2018Volem\u2019, una escultura que va realitzar expressament per a l\u2019ocasi\u00f3 el dissenyador i professor de l\u2019UJI Jaume Gual. En l\u2019acte, la rectora de l\u2019UJI, Eva Alc\u00f3n, va agrair als membres del Cercle de Mecenatge i Patrocini.","headings":[],"texts":[{"type":"paragraph","text":"El club groc, igual que la resta d\u2019empreses del Cercle de Mecenatge i Patrocini, rep una escultura com a agra\u00efment"},{"type":"paragraph","text":"La Universitat Jaume I (UJI) va premiar al Villarreal CF en l\u2019acte de reconeixement a les entitats patrocinadores que l\u2019entitat educativa organitza cada cinc anys, on ha agra\u00eft a les 69 empreses i institucions que formen part actualment del Cercle de Mecenatge i Patrocini de l\u2019UJI la seua col\u00b7laboraci\u00f3 i comprom\u00eds amb la universitat p\u00fablica de Castell\u00f3."},{"type":"paragraph","text":"L\u2019UJI, amb motiu del seu 30 aniversari, va realitzar aquest tradicional acte d\u2019homenatge a les entitats mecenes i patrocinadores de la Universitat Jaume I que va reunir el Paranimf del campus a 200 persones entre membres de la comunitat universit\u00e0ria i representants de les principals entitats p\u00fabliques i privades de l\u2019entorn. En aquest esdeveniment, el Villarreal va rebre el guard\u00f3 \u2018Volem\u2019, una escultura que va realitzar expressament per a l\u2019ocasi\u00f3 el dissenyador i professor de l\u2019UJI Jaume Gual. En l\u2019acte, la rectora de l\u2019UJI, Eva Alc\u00f3n, va agrair als membres del Cercle de Mecenatge i Patrocini."}],"buttons":[],"images":[{"type":"image","url":"https:\/\/villarrealcf.es\/\/wp-content\/uploads\/2021\/11\/16044e36139f403f242944e11d24330e.jpg","alt":"||||","width":819,"height":460,"srcset":"https:\/\/villarrealcf.es\/wp-content\/uploads\/2021\/11\/16044e36139f403f242944e11d24330e.jpg 819w, https:\/\/villarrealcf.es\/\/wp-content\/uploads\/2021\/11\/16044e36139f403f242944e11d24330e.jpg 1920w, https:\/\/villarrealcf.es\/\/wp-content\/uploads\/2021\/11\/16044e36139f403f242944e11d24330e.jpg 1920w, https:\/\/villarrealcf.es\/\/wp-content\/uploads\/2021\/11\/16044e36139f403f242944e11d24330e.jpg 1920w, https:\/\/villarrealcf.es\/wp-content\/uploads\/2021\/11\/16044e36139f403f242944e11d24330e-32x18.jpg 32w, https:\/\/villarrealcf.es\/wp-content\/uploads\/2021\/11\/16044e36139f403f242944e11d24330e-150x84.jpg 150w, https:\/\/villarrealcf.es\/\/wp-content\/uploads\/2021\/11\/16044e36139f403f242944e11d24330e.jpg 1920w","sizes":"auto, (max-width: 819px) 100vw, 819px"}],"widgets":[],"blocks":[{"type":"image","url":"https:\/\/villarrealcf.es\/\/wp-content\/uploads\/2021\/11\/16044e36139f403f242944e11d24330e.jpg","alt":"||||","width":819,"height":460,"srcset":"https:\/\/villarrealcf.es\/wp-content\/uploads\/2021\/11\/16044e36139f403f242944e11d24330e.jpg 819w, https:\/\/villarrealcf.es\/\/wp-content\/uploads\/2021\/11\/16044e36139f403f242944e11d24330e.jpg 1920w, https:\/\/villarrealcf.es\/\/wp-content\/uploads\/2021\/11\/16044e36139f403f242944e11d24330e.jpg 1920w, https:\/\/villarrealcf.es\/\/wp-content\/uploads\/2021\/11\/16044e36139f403f242944e11d24330e.jpg 1920w, https:\/\/villarrealcf.es\/wp-content\/uploads\/2021\/11\/16044e36139f403f242944e11d24330e-32x18.jpg 32w, https:\/\/villarrealcf.es\/wp-content\/uploads\/2021\/11\/16044e36139f403f242944e11d24330e-150x84.jpg 150w, https:\/\/villarrealcf.es\/\/wp-content\/uploads\/2021\/11\/16044e36139f403f242944e11d24330e.jpg 1920w","sizes":"auto, (max-width: 819px) 100vw, 819px"},{"type":"paragraph","text":"El club groc, igual que la resta d\u2019empreses del Cercle de Mecenatge i Patrocini, rep una escultura com a agra\u00efment"},{"type":"paragraph","text":"La Universitat Jaume I (UJI) va premiar al Villarreal CF en l\u2019acte de reconeixement a les entitats patrocinadores que l\u2019entitat educativa organitza cada cinc anys, on ha agra\u00eft a les 69 empreses i institucions que formen part actualment del Cercle de Mecenatge i Patrocini de l\u2019UJI la seua col\u00b7laboraci\u00f3 i comprom\u00eds amb la universitat p\u00fablica de Castell\u00f3."},{"type":"paragraph","text":"L\u2019UJI, amb motiu del seu 30 aniversari, va realitzar aquest tradicional acte d\u2019homenatge a les entitats mecenes i patrocinadores de la Universitat Jaume I que va reunir el Paranimf del campus a 200 persones entre membres de la comunitat universit\u00e0ria i representants de les principals entitats p\u00fabliques i privades de l\u2019entorn. En aquest esdeveniment, el Villarreal va rebre el guard\u00f3 \u2018Volem\u2019, una escultura que va realitzar expressament per a l\u2019ocasi\u00f3 el dissenyador i professor de l\u2019UJI Jaume Gual. En l\u2019acte, la rectora de l\u2019UJI, Eva Alc\u00f3n, va agrair als membres del Cercle de Mecenatge i Patrocini."}]}],"hero":{"id":"section-1","title":"","text":"El club groc, igual que la resta d\u2019empreses del Cercle de Mecenatge i Patrocini, rep una escultura com a agra\u00efment La Universitat Jaume I (UJI) va premiar al Villarreal CF en l\u2019acte de reconeixement a les entitats patrocinadores que l\u2019entitat educativa organitza cada cinc anys, on ha agra\u00eft a les 69 empreses i institucions que formen part actualment del Cercle de Mecenatge i Patrocini de l\u2019UJI la seua col\u00b7laboraci\u00f3 i comprom\u00eds amb la universitat p\u00fablica de Castell\u00f3. L\u2019UJI, amb motiu del seu 30 aniversari, va realitzar aquest tradicional acte d\u2019homenatge a les entitats mecenes i patrocinadores de la Universitat Jaume I que va reunir el Paranimf del campus a 200 persones entre membres de la comunitat universit\u00e0ria i representants de les principals entitats p\u00fabliques i privades de l\u2019entorn. En aquest esdeveniment, el Villarreal va rebre el guard\u00f3 \u2018Volem\u2019, una escultura que va realitzar expressament per a l\u2019ocasi\u00f3 el dissenyador i professor de l\u2019UJI Jaume Gual. En l\u2019acte, la rectora de l\u2019UJI, Eva Alc\u00f3n, va agrair als membres del Cercle de Mecenatge i Patrocini.","headings":[],"texts":[{"type":"paragraph","text":"El club groc, igual que la resta d\u2019empreses del Cercle de Mecenatge i Patrocini, rep una escultura com a agra\u00efment"},{"type":"paragraph","text":"La Universitat Jaume I (UJI) va premiar al Villarreal CF en l\u2019acte de reconeixement a les entitats patrocinadores que l\u2019entitat educativa organitza cada cinc anys, on ha agra\u00eft a les 69 empreses i institucions que formen part actualment del Cercle de Mecenatge i Patrocini de l\u2019UJI la seua col\u00b7laboraci\u00f3 i comprom\u00eds amb la universitat p\u00fablica de Castell\u00f3."},{"type":"paragraph","text":"L\u2019UJI, amb motiu del seu 30 aniversari, va realitzar aquest tradicional acte d\u2019homenatge a les entitats mecenes i patrocinadores de la Universitat Jaume I que va reunir el Paranimf del campus a 200 persones entre membres de la comunitat universit\u00e0ria i representants de les principals entitats p\u00fabliques i privades de l\u2019entorn. En aquest esdeveniment, el Villarreal va rebre el guard\u00f3 \u2018Volem\u2019, una escultura que va realitzar expressament per a l\u2019ocasi\u00f3 el dissenyador i professor de l\u2019UJI Jaume Gual. En l\u2019acte, la rectora de l\u2019UJI, Eva Alc\u00f3n, va agrair als membres del Cercle de Mecenatge i Patrocini."}],"buttons":[],"images":[{"type":"image","url":"https:\/\/villarrealcf.es\/\/wp-content\/uploads\/2021\/11\/16044e36139f403f242944e11d24330e.jpg","alt":"||||","width":819,"height":460,"srcset":"https:\/\/villarrealcf.es\/wp-content\/uploads\/2021\/11\/16044e36139f403f242944e11d24330e.jpg 819w, https:\/\/villarrealcf.es\/\/wp-content\/uploads\/2021\/11\/16044e36139f403f242944e11d24330e.jpg 1920w, https:\/\/villarrealcf.es\/\/wp-content\/uploads\/2021\/11\/16044e36139f403f242944e11d24330e.jpg 1920w, https:\/\/villarrealcf.es\/\/wp-content\/uploads\/2021\/11\/16044e36139f403f242944e11d24330e.jpg 1920w, https:\/\/villarrealcf.es\/wp-content\/uploads\/2021\/11\/16044e36139f403f242944e11d24330e-32x18.jpg 32w, https:\/\/villarrealcf.es\/wp-content\/uploads\/2021\/11\/16044e36139f403f242944e11d24330e-150x84.jpg 150w, https:\/\/villarrealcf.es\/\/wp-content\/uploads\/2021\/11\/16044e36139f403f242944e11d24330e.jpg 1920w","sizes":"auto, (max-width: 819px) 100vw, 819px"}],"widgets":[],"blocks":[{"type":"image","url":"https:\/\/villarrealcf.es\/\/wp-content\/uploads\/2021\/11\/16044e36139f403f242944e11d24330e.jpg","alt":"||||","width":819,"height":460,"srcset":"https:\/\/villarrealcf.es\/wp-content\/uploads\/2021\/11\/16044e36139f403f242944e11d24330e.jpg 819w, https:\/\/villarrealcf.es\/\/wp-content\/uploads\/2021\/11\/16044e36139f403f242944e11d24330e.jpg 1920w, https:\/\/villarrealcf.es\/\/wp-content\/uploads\/2021\/11\/16044e36139f403f242944e11d24330e.jpg 1920w, https:\/\/villarrealcf.es\/\/wp-content\/uploads\/2021\/11\/16044e36139f403f242944e11d24330e.jpg 1920w, https:\/\/villarrealcf.es\/wp-content\/uploads\/2021\/11\/16044e36139f403f242944e11d24330e-32x18.jpg 32w, https:\/\/villarrealcf.es\/wp-content\/uploads\/2021\/11\/16044e36139f403f242944e11d24330e-150x84.jpg 150w, https:\/\/villarrealcf.es\/\/wp-content\/uploads\/2021\/11\/16044e36139f403f242944e11d24330e.jpg 1920w","sizes":"auto, (max-width: 819px) 100vw, 819px"},{"type":"paragraph","text":"El club groc, igual que la resta d\u2019empreses del Cercle de Mecenatge i Patrocini, rep una escultura com a agra\u00efment"},{"type":"paragraph","text":"La Universitat Jaume I (UJI) va premiar al Villarreal CF en l\u2019acte de reconeixement a les entitats patrocinadores que l\u2019entitat educativa organitza cada cinc anys, on ha agra\u00eft a les 69 empreses i institucions que formen part actualment del Cercle de Mecenatge i Patrocini de l\u2019UJI la seua col\u00b7laboraci\u00f3 i comprom\u00eds amb la universitat p\u00fablica de Castell\u00f3."},{"type":"paragraph","text":"L\u2019UJI, amb motiu del seu 30 aniversari, va realitzar aquest tradicional acte d\u2019homenatge a les entitats mecenes i patrocinadores de la Universitat Jaume I que va reunir el Paranimf del campus a 200 persones entre membres de la comunitat universit\u00e0ria i representants de les principals entitats p\u00fabliques i privades de l\u2019entorn. En aquest esdeveniment, el Villarreal va rebre el guard\u00f3 \u2018Volem\u2019, una escultura que va realitzar expressament per a l\u2019ocasi\u00f3 el dissenyador i professor de l\u2019UJI Jaume Gual. En l\u2019acte, la rectora de l\u2019UJI, Eva Alc\u00f3n, va agrair als membres del Cercle de Mecenatge i Patrocini."}]}},"sections":[{"id":"section-1","title":"","text":"El club groc, igual que la resta d\u2019empreses del Cercle de Mecenatge i Patrocini, rep una escultura com a agra\u00efment La Universitat Jaume I (UJI) va premiar al Villarreal CF en l\u2019acte de reconeixement a les entitats patrocinadores que l\u2019entitat educativa organitza cada cinc anys, on ha agra\u00eft a les 69 empreses i institucions que formen part actualment del Cercle de Mecenatge i Patrocini de l\u2019UJI la seua col\u00b7laboraci\u00f3 i comprom\u00eds amb la universitat p\u00fablica de Castell\u00f3. L\u2019UJI, amb motiu del seu 30 aniversari, va realitzar aquest tradicional acte d\u2019homenatge a les entitats mecenes i patrocinadores de la Universitat Jaume I que va reunir el Paranimf del campus a 200 persones entre membres de la comunitat universit\u00e0ria i representants de les principals entitats p\u00fabliques i privades de l\u2019entorn. En aquest esdeveniment, el Villarreal va rebre el guard\u00f3 \u2018Volem\u2019, una escultura que va realitzar expressament per a l\u2019ocasi\u00f3 el dissenyador i professor de l\u2019UJI Jaume Gual. En l\u2019acte, la rectora de l\u2019UJI, Eva Alc\u00f3n, va agrair als membres del Cercle de Mecenatge i Patrocini.","url":"","background_image":"","images":[{"type":"image","url":"https:\/\/villarrealcf.es\/\/wp-content\/uploads\/2021\/11\/16044e36139f403f242944e11d24330e.jpg","alt":"||||","width":819,"height":460,"srcset":"https:\/\/villarrealcf.es\/wp-content\/uploads\/2021\/11\/16044e36139f403f242944e11d24330e.jpg 819w, https:\/\/villarrealcf.es\/\/wp-content\/uploads\/2021\/11\/16044e36139f403f242944e11d24330e.jpg 1920w, https:\/\/villarrealcf.es\/\/wp-content\/uploads\/2021\/11\/16044e36139f403f242944e11d24330e.jpg 1920w, https:\/\/villarrealcf.es\/\/wp-content\/uploads\/2021\/11\/16044e36139f403f242944e11d24330e.jpg 1920w, https:\/\/villarrealcf.es\/wp-content\/uploads\/2021\/11\/16044e36139f403f242944e11d24330e-32x18.jpg 32w, https:\/\/villarrealcf.es\/wp-content\/uploads\/2021\/11\/16044e36139f403f242944e11d24330e-150x84.jpg 150w, https:\/\/villarrealcf.es\/\/wp-content\/uploads\/2021\/11\/16044e36139f403f242944e11d24330e.jpg 1920w","sizes":"auto, (max-width: 819px) 100vw, 819px"}],"videos":[],"links":[]},{"id":"shortcode-caption-69ed94e8b2a28","type":"shortcode","shortcode":"caption","attributes":{"id":"attachment_176940","align":"alignnone","width":""},"title":"Caption","rendered":"","data":[],"text":"","url":"","background_image":"","images":[],"videos":[],"links":[],"blocks":[]}]},"excerpt":{"rendered":"El club groc, igual que la resta d&#8217;empreses del Cercle de Mecenatge i Patrocini, rep una escultura com a agra\u00efment","protected":false},"author":1,"featured_media":176940,"comment_status":"","ping_status":"","sticky":false,"template":"","format":"standard","meta":{"_acf_changed":false,"footnotes":""},"categories":[13509],"tags":[12554,12556,5050,9270,9627,9494,9492,9203],"acf":null,"lang":"val","translations":{"val":222107},"essential_grid":{"has_grid":false},"formatted_date":"November 25, 2021","modified_date":"November 25, 2021","permalink":"https:\/\/villarrealcf.es\/val\/la-universitat-jaume-i-premia-al-villarreal-2\/","reading_time":1,"featured_media_data":{"id":176940,"title":"||||","caption":"||||","alt_text":"","description":"","mime_type":"image\/jpeg","source_url":"https:\/\/villarrealcf.es\/wp-content\/uploads\/2021\/11\/16044e36139f403f242944e11d24330e.jpg","sizes":{"thumbnail":{"url":"https:\/\/villarrealcf.es\/wp-content\/uploads\/2021\/11\/16044e36139f403f242944e11d24330e-150x150.jpg","width":150,"height":150},"medium":{"url":"https:\/\/villarrealcf.es\/wp-content\/uploads\/2021\/11\/16044e36139f403f242944e11d24330e-300x168.jpg","width":300,"height":168},"medium_large":{"url":"https:\/\/villarrealcf.es\/wp-content\/uploads\/2021\/11\/16044e36139f403f242944e11d24330e-768x431.jpg","width":768,"height":431},"large":{"url":"https:\/\/villarrealcf.es\/wp-content\/uploads\/2021\/11\/16044e36139f403f242944e11d24330e.jpg","width":788,"height":443},"1536x1536":{"url":"https:\/\/villarrealcf.es\/wp-content\/uploads\/2021\/11\/16044e36139f403f242944e11d24330e.jpg","width":819,"height":460},"2048x2048":{"url":"https:\/\/villarrealcf.es\/wp-content\/uploads\/2021\/11\/16044e36139f403f242944e11d24330e.jpg","width":819,"height":460},"tp-image-grid":{"url":"https:\/\/villarrealcf.es\/wp-content\/uploads\/2021\/11\/16044e36139f403f242944e11d24330e-700x460.jpg","width":700,"height":460},"size-bunyad-medium":{"url":"https:\/\/villarrealcf.es\/wp-content\/uploads\/2021\/11\/16044e36139f403f242944e11d24330e.jpg","width":819,"height":460},"sportspress-crop-medium":{"url":"https:\/\/villarrealcf.es\/wp-content\/uploads\/2021\/11\/16044e36139f403f242944e11d24330e-300x300.jpg","width":300,"height":300},"sportspress-fit-medium":{"url":"https:\/\/villarrealcf.es\/wp-content\/uploads\/2021\/11\/16044e36139f403f242944e11d24330e-300x168.jpg","width":300,"height":168},"sportspress-fit-icon":{"url":"https:\/\/villarrealcf.es\/wp-content\/uploads\/2021\/11\/16044e36139f403f242944e11d24330e-128x72.jpg","width":128,"height":72},"sportspress-fit-mini":{"url":"https:\/\/villarrealcf.es\/wp-content\/uploads\/2021\/11\/16044e36139f403f242944e11d24330e-32x18.jpg","width":32,"height":18},"bunyad-small":{"url":"https:\/\/villarrealcf.es\/wp-content\/uploads\/2021\/11\/16044e36139f403f242944e11d24330e-150x84.jpg","width":150,"height":84},"bunyad-medium":{"url":"https:\/\/villarrealcf.es\/wp-content\/uploads\/2021\/11\/16044e36139f403f242944e11d24330e-450x253.jpg","width":450,"height":253},"bunyad-full":{"url":"https:\/\/villarrealcf.es\/wp-content\/uploads\/2021\/11\/16044e36139f403f242944e11d24330e.jpg","width":819,"height":460},"bunyad-viewport":{"url":"https:\/\/villarrealcf.es\/wp-content\/uploads\/2021\/11\/16044e36139f403f242944e11d24330e.jpg","width":819,"height":460},"bunyad-768":{"url":"https:\/\/villarrealcf.es\/wp-content\/uploads\/2021\/11\/16044e36139f403f242944e11d24330e-768x431.jpg","width":768,"height":431},"full":{"url":"https:\/\/villarrealcf.es\/wp-content\/uploads\/2021\/11\/16044e36139f403f242944e11d24330e.jpg","width":819,"height":460}}},"author_data":{"id":"1","name":"root_envidea","first_name":"Villarreal CF","last_name":"","description":"","avatar_url":"https:\/\/secure.gravatar.com\/avatar\/48f95f42a3ccc324f3a3458e4b9e6fb070b083e99d388e170c1afb061fa99b63?s=96&d=mm&r=g","acf":null},"taxonomies_data":{"category":[{"id":13509,"name":"Endavant","slug":"endavant-val","acf":null}],"post_tag":[{"id":12554,"name":"#Football","slug":"football-val","acf":null},{"id":12556,"name":"#Soccer","slug":"soccer-val","acf":null},{"id":5050,"name":"Endavant Formaci\u00f3","slug":"endavant-formacio","acf":null},{"id":9270,"name":"Futbol","slug":"futbol-val","acf":null},{"id":9627,"name":"Submarino Amarillo","slug":"submarino-amarillo-val","acf":null},{"id":9494,"name":"UJI","slug":"uji-val","acf":null},{"id":9492,"name":"Universitat Jaume I","slug":"universitat-jaume-i-val","acf":null},{"id":9203,"name":"Villarreal CF","slug":"villarreal-cf-val","acf":null}],"translation_priority":[{"id":735,"name":"Optional","slug":"optional-val","acf":null}]},"seo_full":{"native":{"title":"La Universitat Jaume I premia al Villarreal - Web Oficial del Villarreal CF","description":"[caption id=\"attachment_176940\" align=\"alignnone\" width=\"\"]||||[\/caption]El club groc, igual que la resta d'empreses del Cercle de Mecenatge i Patrocini, rep una escultura&hellip;","canonical":"https:\/\/villarrealcf.es\/val\/la-universitat-jaume-i-premia-al-villarreal-2\/"}},"_links":{"self":[{"href":"https:\/\/villarrealcf.es\/val\/wp-json\/wp\/v2\/posts\/222107","targetHints":{"allow":["GET"]}}],"collection":[{"href":"https:\/\/villarrealcf.es\/val\/wp-json\/wp\/v2\/posts"}],"about":[{"href":"https:\/\/villarrealcf.es\/val\/wp-json\/wp\/v2\/types\/post"}],"author":[{"embeddable":true,"href":"https:\/\/villarrealcf.es\/val\/wp-json\/wp\/v2\/users\/1"}],"replies":[{"embeddable":true,"href":"https:\/\/villarrealcf.es\/val\/wp-json\/wp\/v2\/comments?post=222107"}],"version-history":[{"count":0,"href":"https:\/\/villarrealcf.es\/val\/wp-json\/wp\/v2\/posts\/222107\/revisions"}],"wp:featuredmedia":[{"embeddable":true,"href":"https:\/\/villarrealcf.es\/val\/wp-json\/wp\/v2\/media\/176940"}],"wp:attachment":[{"href":"https:\/\/villarrealcf.es\/val\/wp-json\/wp\/v2\/media?parent=222107"}],"wp:term":[{"taxonomy":"category","embeddable":true,"href":"https:\/\/villarrealcf.es\/val\/wp-json\/wp\/v2\/categories?post=222107"},{"taxonomy":"post_tag","embeddable":true,"href":"https:\/\/villarrealcf.es\/val\/wp-json\/wp\/v2\/tags?post=222107"}],"curies":[{"name":"wp","href":"https:\/\/api.w.org\/{rel}","templated":true}]}}