{"id":222080,"date":"2021-11-22T15:24:56","date_gmt":"2021-11-22T14:24:56","guid":{"rendered":"https:\/\/villarrealcf.es\/\/es-un-partit-molt-especial\/"},"modified":"2021-11-22T15:24:56","modified_gmt":"2021-11-22T14:24:56","slug":"es-un-partit-molt-especial","status":"publish","type":"post","link":"https:\/\/villarrealcf.es\/val\/es-un-partit-molt-especial\/","title":{"rendered":"\u201c\u00c9s un partit molt especial\u201d"},"content":{"protected":false,"blocks":[{"type":"image","url":"https:\/\/villarrealcf.es\/\/wp-content\/uploads\/2021\/11\/ad7ff869cabbcaa7d5ace9e589b816f0.jpg","alt":"||||||","width":819,"height":460,"srcset":"https:\/\/villarrealcf.es\/wp-content\/uploads\/2021\/11\/ad7ff869cabbcaa7d5ace9e589b816f0.jpg 819w, https:\/\/villarrealcf.es\/\/wp-content\/uploads\/2021\/11\/ad7ff869cabbcaa7d5ace9e589b816f0.jpg 1920w, https:\/\/villarrealcf.es\/\/wp-content\/uploads\/2021\/11\/ad7ff869cabbcaa7d5ace9e589b816f0.jpg 1920w, https:\/\/villarrealcf.es\/\/wp-content\/uploads\/2021\/11\/ad7ff869cabbcaa7d5ace9e589b816f0.jpg 1920w, https:\/\/villarrealcf.es\/wp-content\/uploads\/2021\/11\/ad7ff869cabbcaa7d5ace9e589b816f0-32x18.jpg 32w, https:\/\/villarrealcf.es\/wp-content\/uploads\/2021\/11\/ad7ff869cabbcaa7d5ace9e589b816f0-150x84.jpg 150w, https:\/\/villarrealcf.es\/\/wp-content\/uploads\/2021\/11\/ad7ff869cabbcaa7d5ace9e589b816f0.jpg 1920w","sizes":"auto, (max-width: 819px) 100vw, 819px"},{"type":"paragraph","text":"Unai Emery ha destacat que l\u2019enfrontament davant el Manchester United suposa un repte exigent i il\u00b7lusionant"},{"type":"paragraph","text":"L\u2019entrenador del Villarreal, Unai Emery, ha comparegut davant els mitjans de comunicaci\u00f3, acompanyat per Dani Parejo, per a analitzar la pr\u00e8via de l\u2019encontre d\u2019UEFA Champions League davant el Manchester United d\u2019aquest dimarts, a les 18.45 hores, en l\u2019Estadi de la Cer\u00e0mica."},{"type":"paragraph","text":"Una gran cita de Champions League"},{"type":"paragraph","text":"\u201cEn els partits de Champions League estem sent molt competitius. Ens enfrontarem al favorit. De la vict\u00f2ria a la derrota hi ha una gran difer\u00e8ncia. Gaudirem preparant el partit perqu\u00e8 \u00e9s una cita especial, bonica i il\u00b7lusionant. Volem trobar en els 90 minuts millores positives que vam fer en anteriors encontres per a reafirmar la nostra confian\u00e7a, fer equip i gaudir d\u2019aquesta competici\u00f3. No se li pot demanar m\u00e9s a un Villarreal-Manchester\u201d."},{"type":"paragraph","text":"Gaudir del moment i respondre a l\u2019exig\u00e8ncia"},{"type":"paragraph","text":"\u201cEstem jugant la Champions League, volem gaudir de la competici\u00f3 i ser competitius. \u00c9s un repte que ens atrau i volem afrontar-lo. Estem conscienciats amb l\u2019oportunitat que ens brinda aquesta competici\u00f3. Ens il\u00b7lusiona. Volem oferir una bona resposta i imposar aspectes en el joc que ens acosten a la vict\u00f2ria\u201d."},{"type":"paragraph","text":"Les claus per a buscar la vict\u00f2ria"},{"type":"paragraph","text":"\u201cLa clau \u00e9s defensar b\u00e9, estar junts i guanyar duels individuals. Tamb\u00e9 hem de tindre personalitat en el joc, utilitzar recursos col\u00b7lectius i estar encertats. Crec molt en el que som capa\u00e7os de fer. Hem d\u2019adaptar-nos al que ells volen fer en el terreny de joc\u201d."},{"type":"paragraph","text":"La millor versi\u00f3 del Manchester United"},{"type":"paragraph","text":"\u201cEsperem una molt bona versi\u00f3 del Manchester United, per les caracter\u00edstiques dels seus jugadors i de moment en el qual arriba a l\u2019encontre. \u00c9s un partit determinant de cara als huitens de final. Se\u2019ns donen les condicions perfectes d\u2019exig\u00e8ncia i dificultat per a veure de qu\u00e8 som capaces\u201d."},{"type":"video","kind":"iframe","url":"https:\/\/www.youtube.com\/embed\/VgfsouKJPzg?feature=oembed","poster":""}],"structured":{"summary":{"text":"Unai Emery ha destacat que l\u2019enfrontament davant el Manchester United suposa un repte exigent i il\u00b7lusionant L\u2019entrenador del Villarreal, Unai Emery, ha comparegut davant els mitjans de comunicaci\u00f3, acompanyat per Dani Parejo, per a analitzar la pr\u00e8via de l\u2019encontre d\u2019UEFA Champions League davant el Manchester United d\u2019aquest dimarts, a les 18.45 hores, en l\u2019Estadi de la Cer\u00e0mica. Una gran cita de Champions League \u201cEn els partits de Champions League estem sent molt competitius. Ens enfrontarem al favorit. De la vict\u00f2ria a la derrota hi ha una gran difer\u00e8ncia. Gaudirem preparant el partit perqu\u00e8 \u00e9s una cita especial, bonica i il\u00b7lusionant. Volem trobar en els 90 minuts millores positives que vam fer en anteriors encontres per a reafirmar la nostra confian\u00e7a, fer equip i gaudir d\u2019aquesta competici\u00f3. No se li pot demanar m\u00e9s a un Villarreal-Manchester\u201d. Gaudir del moment i respondre a l\u2019exig\u00e8ncia \u201cEstem jugant la Champions League, volem gaudir de la competici\u00f3 i ser competitius. \u00c9s un repte que ens atrau i volem afrontar-lo. Estem conscienciats amb l\u2019oportunitat que ens brinda aquesta competici\u00f3. Ens il\u00b7lusiona. Volem oferir una bona resposta i imposar aspectes en el joc que ens acosten a la vict\u00f2ria\u201d. Les claus per a buscar la vict\u00f2ria \u201cLa clau \u00e9s defensar b\u00e9, estar junts i guanyar duels individuals. Tamb\u00e9 hem de tindre personalitat en el joc, utilitzar recursos col\u00b7lectius i estar encertats. Crec molt en el que som capa\u00e7os de fer. Hem d\u2019adaptar-nos al que ells volen fer en el terreny de joc\u201d. La millor versi\u00f3 del Manchester United \u201cEsperem una molt bona versi\u00f3 del Manchester United, per les caracter\u00edstiques dels seus jugadors i de moment en el qual arriba a l\u2019encontre. \u00c9s un partit determinant de cara als huitens de final. Se\u2019ns donen les condicions perfectes d\u2019exig\u00e8ncia i dificultat per a veure de qu\u00e8 som capaces\u201d.","headings":[],"buttons":[],"images":[{"type":"image","url":"https:\/\/villarrealcf.es\/\/wp-content\/uploads\/2021\/11\/ad7ff869cabbcaa7d5ace9e589b816f0.jpg","alt":"||||||","width":819,"height":460,"srcset":"https:\/\/villarrealcf.es\/wp-content\/uploads\/2021\/11\/ad7ff869cabbcaa7d5ace9e589b816f0.jpg 819w, https:\/\/villarrealcf.es\/\/wp-content\/uploads\/2021\/11\/ad7ff869cabbcaa7d5ace9e589b816f0.jpg 1920w, https:\/\/villarrealcf.es\/\/wp-content\/uploads\/2021\/11\/ad7ff869cabbcaa7d5ace9e589b816f0.jpg 1920w, https:\/\/villarrealcf.es\/\/wp-content\/uploads\/2021\/11\/ad7ff869cabbcaa7d5ace9e589b816f0.jpg 1920w, https:\/\/villarrealcf.es\/wp-content\/uploads\/2021\/11\/ad7ff869cabbcaa7d5ace9e589b816f0-32x18.jpg 32w, https:\/\/villarrealcf.es\/wp-content\/uploads\/2021\/11\/ad7ff869cabbcaa7d5ace9e589b816f0-150x84.jpg 150w, https:\/\/villarrealcf.es\/\/wp-content\/uploads\/2021\/11\/ad7ff869cabbcaa7d5ace9e589b816f0.jpg 1920w","sizes":"auto, (max-width: 819px) 100vw, 819px"}],"counts":{"blocks":12,"headings":0,"texts":10,"buttons":0,"images":1}},"sections":[{"id":"section-1","title":"","text":"Unai Emery ha destacat que l\u2019enfrontament davant el Manchester United suposa un repte exigent i il\u00b7lusionant L\u2019entrenador del Villarreal, Unai Emery, ha comparegut davant els mitjans de comunicaci\u00f3, acompanyat per Dani Parejo, per a analitzar la pr\u00e8via de l\u2019encontre d\u2019UEFA Champions League davant el Manchester United d\u2019aquest dimarts, a les 18.45 hores, en l\u2019Estadi de la Cer\u00e0mica. Una gran cita de Champions League \u201cEn els partits de Champions League estem sent molt competitius. Ens enfrontarem al favorit. De la vict\u00f2ria a la derrota hi ha una gran difer\u00e8ncia. Gaudirem preparant el partit perqu\u00e8 \u00e9s una cita especial, bonica i il\u00b7lusionant. Volem trobar en els 90 minuts millores positives que vam fer en anteriors encontres per a reafirmar la nostra confian\u00e7a, fer equip i gaudir d\u2019aquesta competici\u00f3. No se li pot demanar m\u00e9s a un Villarreal-Manchester\u201d. Gaudir del moment i respondre a l\u2019exig\u00e8ncia \u201cEstem jugant la Champions League, volem gaudir de la competici\u00f3 i ser competitius. \u00c9s un repte que ens atrau i volem afrontar-lo. Estem conscienciats amb l\u2019oportunitat que ens brinda aquesta competici\u00f3. Ens il\u00b7lusiona. Volem oferir una bona resposta i imposar aspectes en el joc que ens acosten a la vict\u00f2ria\u201d. Les claus per a buscar la vict\u00f2ria \u201cLa clau \u00e9s defensar b\u00e9, estar junts i guanyar duels individuals. Tamb\u00e9 hem de tindre personalitat en el joc, utilitzar recursos col\u00b7lectius i estar encertats. Crec molt en el que som capa\u00e7os de fer. Hem d\u2019adaptar-nos al que ells volen fer en el terreny de joc\u201d. La millor versi\u00f3 del Manchester United \u201cEsperem una molt bona versi\u00f3 del Manchester United, per les caracter\u00edstiques dels seus jugadors i de moment en el qual arriba a l\u2019encontre. \u00c9s un partit determinant de cara als huitens de final. Se\u2019ns donen les condicions perfectes d\u2019exig\u00e8ncia i dificultat per a veure de qu\u00e8 som capaces\u201d.","headings":[],"texts":[{"type":"paragraph","text":"Unai Emery ha destacat que l\u2019enfrontament davant el Manchester United suposa un repte exigent i il\u00b7lusionant"},{"type":"paragraph","text":"L\u2019entrenador del Villarreal, Unai Emery, ha comparegut davant els mitjans de comunicaci\u00f3, acompanyat per Dani Parejo, per a analitzar la pr\u00e8via de l\u2019encontre d\u2019UEFA Champions League davant el Manchester United d\u2019aquest dimarts, a les 18.45 hores, en l\u2019Estadi de la Cer\u00e0mica."},{"type":"paragraph","text":"Una gran cita de Champions League"},{"type":"paragraph","text":"\u201cEn els partits de Champions League estem sent molt competitius. Ens enfrontarem al favorit. De la vict\u00f2ria a la derrota hi ha una gran difer\u00e8ncia. Gaudirem preparant el partit perqu\u00e8 \u00e9s una cita especial, bonica i il\u00b7lusionant. Volem trobar en els 90 minuts millores positives que vam fer en anteriors encontres per a reafirmar la nostra confian\u00e7a, fer equip i gaudir d\u2019aquesta competici\u00f3. No se li pot demanar m\u00e9s a un Villarreal-Manchester\u201d."},{"type":"paragraph","text":"Gaudir del moment i respondre a l\u2019exig\u00e8ncia"},{"type":"paragraph","text":"\u201cEstem jugant la Champions League, volem gaudir de la competici\u00f3 i ser competitius. \u00c9s un repte que ens atrau i volem afrontar-lo. Estem conscienciats amb l\u2019oportunitat que ens brinda aquesta competici\u00f3. Ens il\u00b7lusiona. Volem oferir una bona resposta i imposar aspectes en el joc que ens acosten a la vict\u00f2ria\u201d."},{"type":"paragraph","text":"Les claus per a buscar la vict\u00f2ria"},{"type":"paragraph","text":"\u201cLa clau \u00e9s defensar b\u00e9, estar junts i guanyar duels individuals. Tamb\u00e9 hem de tindre personalitat en el joc, utilitzar recursos col\u00b7lectius i estar encertats. Crec molt en el que som capa\u00e7os de fer. Hem d\u2019adaptar-nos al que ells volen fer en el terreny de joc\u201d."},{"type":"paragraph","text":"La millor versi\u00f3 del Manchester United"},{"type":"paragraph","text":"\u201cEsperem una molt bona versi\u00f3 del Manchester United, per les caracter\u00edstiques dels seus jugadors i de moment en el qual arriba a l\u2019encontre. \u00c9s un partit determinant de cara als huitens de final. Se\u2019ns donen les condicions perfectes d\u2019exig\u00e8ncia i dificultat per a veure de qu\u00e8 som capaces\u201d."}],"buttons":[],"images":[{"type":"image","url":"https:\/\/villarrealcf.es\/\/wp-content\/uploads\/2021\/11\/ad7ff869cabbcaa7d5ace9e589b816f0.jpg","alt":"||||||","width":819,"height":460,"srcset":"https:\/\/villarrealcf.es\/wp-content\/uploads\/2021\/11\/ad7ff869cabbcaa7d5ace9e589b816f0.jpg 819w, https:\/\/villarrealcf.es\/\/wp-content\/uploads\/2021\/11\/ad7ff869cabbcaa7d5ace9e589b816f0.jpg 1920w, https:\/\/villarrealcf.es\/\/wp-content\/uploads\/2021\/11\/ad7ff869cabbcaa7d5ace9e589b816f0.jpg 1920w, https:\/\/villarrealcf.es\/\/wp-content\/uploads\/2021\/11\/ad7ff869cabbcaa7d5ace9e589b816f0.jpg 1920w, https:\/\/villarrealcf.es\/wp-content\/uploads\/2021\/11\/ad7ff869cabbcaa7d5ace9e589b816f0-32x18.jpg 32w, https:\/\/villarrealcf.es\/wp-content\/uploads\/2021\/11\/ad7ff869cabbcaa7d5ace9e589b816f0-150x84.jpg 150w, https:\/\/villarrealcf.es\/\/wp-content\/uploads\/2021\/11\/ad7ff869cabbcaa7d5ace9e589b816f0.jpg 1920w","sizes":"auto, (max-width: 819px) 100vw, 819px"}],"widgets":[],"blocks":[{"type":"image","url":"https:\/\/villarrealcf.es\/\/wp-content\/uploads\/2021\/11\/ad7ff869cabbcaa7d5ace9e589b816f0.jpg","alt":"||||||","width":819,"height":460,"srcset":"https:\/\/villarrealcf.es\/wp-content\/uploads\/2021\/11\/ad7ff869cabbcaa7d5ace9e589b816f0.jpg 819w, https:\/\/villarrealcf.es\/\/wp-content\/uploads\/2021\/11\/ad7ff869cabbcaa7d5ace9e589b816f0.jpg 1920w, https:\/\/villarrealcf.es\/\/wp-content\/uploads\/2021\/11\/ad7ff869cabbcaa7d5ace9e589b816f0.jpg 1920w, https:\/\/villarrealcf.es\/\/wp-content\/uploads\/2021\/11\/ad7ff869cabbcaa7d5ace9e589b816f0.jpg 1920w, https:\/\/villarrealcf.es\/wp-content\/uploads\/2021\/11\/ad7ff869cabbcaa7d5ace9e589b816f0-32x18.jpg 32w, https:\/\/villarrealcf.es\/wp-content\/uploads\/2021\/11\/ad7ff869cabbcaa7d5ace9e589b816f0-150x84.jpg 150w, https:\/\/villarrealcf.es\/\/wp-content\/uploads\/2021\/11\/ad7ff869cabbcaa7d5ace9e589b816f0.jpg 1920w","sizes":"auto, (max-width: 819px) 100vw, 819px"},{"type":"paragraph","text":"Unai Emery ha destacat que l\u2019enfrontament davant el Manchester United suposa un repte exigent i il\u00b7lusionant"},{"type":"paragraph","text":"L\u2019entrenador del Villarreal, Unai Emery, ha comparegut davant els mitjans de comunicaci\u00f3, acompanyat per Dani Parejo, per a analitzar la pr\u00e8via de l\u2019encontre d\u2019UEFA Champions League davant el Manchester United d\u2019aquest dimarts, a les 18.45 hores, en l\u2019Estadi de la Cer\u00e0mica."},{"type":"paragraph","text":"Una gran cita de Champions League"},{"type":"paragraph","text":"\u201cEn els partits de Champions League estem sent molt competitius. Ens enfrontarem al favorit. De la vict\u00f2ria a la derrota hi ha una gran difer\u00e8ncia. Gaudirem preparant el partit perqu\u00e8 \u00e9s una cita especial, bonica i il\u00b7lusionant. Volem trobar en els 90 minuts millores positives que vam fer en anteriors encontres per a reafirmar la nostra confian\u00e7a, fer equip i gaudir d\u2019aquesta competici\u00f3. No se li pot demanar m\u00e9s a un Villarreal-Manchester\u201d."},{"type":"paragraph","text":"Gaudir del moment i respondre a l\u2019exig\u00e8ncia"},{"type":"paragraph","text":"\u201cEstem jugant la Champions League, volem gaudir de la competici\u00f3 i ser competitius. \u00c9s un repte que ens atrau i volem afrontar-lo. Estem conscienciats amb l\u2019oportunitat que ens brinda aquesta competici\u00f3. Ens il\u00b7lusiona. Volem oferir una bona resposta i imposar aspectes en el joc que ens acosten a la vict\u00f2ria\u201d."},{"type":"paragraph","text":"Les claus per a buscar la vict\u00f2ria"},{"type":"paragraph","text":"\u201cLa clau \u00e9s defensar b\u00e9, estar junts i guanyar duels individuals. Tamb\u00e9 hem de tindre personalitat en el joc, utilitzar recursos col\u00b7lectius i estar encertats. Crec molt en el que som capa\u00e7os de fer. Hem d\u2019adaptar-nos al que ells volen fer en el terreny de joc\u201d."},{"type":"paragraph","text":"La millor versi\u00f3 del Manchester United"},{"type":"paragraph","text":"\u201cEsperem una molt bona versi\u00f3 del Manchester United, per les caracter\u00edstiques dels seus jugadors i de moment en el qual arriba a l\u2019encontre. \u00c9s un partit determinant de cara als huitens de final. Se\u2019ns donen les condicions perfectes d\u2019exig\u00e8ncia i dificultat per a veure de qu\u00e8 som capaces\u201d."},{"type":"video","kind":"iframe","url":"https:\/\/www.youtube.com\/embed\/VgfsouKJPzg?feature=oembed","poster":""}]}],"hero":{"id":"section-1","title":"","text":"Unai Emery ha destacat que l\u2019enfrontament davant el Manchester United suposa un repte exigent i il\u00b7lusionant L\u2019entrenador del Villarreal, Unai Emery, ha comparegut davant els mitjans de comunicaci\u00f3, acompanyat per Dani Parejo, per a analitzar la pr\u00e8via de l\u2019encontre d\u2019UEFA Champions League davant el Manchester United d\u2019aquest dimarts, a les 18.45 hores, en l\u2019Estadi de la Cer\u00e0mica. Una gran cita de Champions League \u201cEn els partits de Champions League estem sent molt competitius. Ens enfrontarem al favorit. De la vict\u00f2ria a la derrota hi ha una gran difer\u00e8ncia. Gaudirem preparant el partit perqu\u00e8 \u00e9s una cita especial, bonica i il\u00b7lusionant. Volem trobar en els 90 minuts millores positives que vam fer en anteriors encontres per a reafirmar la nostra confian\u00e7a, fer equip i gaudir d\u2019aquesta competici\u00f3. No se li pot demanar m\u00e9s a un Villarreal-Manchester\u201d. Gaudir del moment i respondre a l\u2019exig\u00e8ncia \u201cEstem jugant la Champions League, volem gaudir de la competici\u00f3 i ser competitius. \u00c9s un repte que ens atrau i volem afrontar-lo. Estem conscienciats amb l\u2019oportunitat que ens brinda aquesta competici\u00f3. Ens il\u00b7lusiona. Volem oferir una bona resposta i imposar aspectes en el joc que ens acosten a la vict\u00f2ria\u201d. Les claus per a buscar la vict\u00f2ria \u201cLa clau \u00e9s defensar b\u00e9, estar junts i guanyar duels individuals. Tamb\u00e9 hem de tindre personalitat en el joc, utilitzar recursos col\u00b7lectius i estar encertats. Crec molt en el que som capa\u00e7os de fer. Hem d\u2019adaptar-nos al que ells volen fer en el terreny de joc\u201d. La millor versi\u00f3 del Manchester United \u201cEsperem una molt bona versi\u00f3 del Manchester United, per les caracter\u00edstiques dels seus jugadors i de moment en el qual arriba a l\u2019encontre. \u00c9s un partit determinant de cara als huitens de final. Se\u2019ns donen les condicions perfectes d\u2019exig\u00e8ncia i dificultat per a veure de qu\u00e8 som capaces\u201d.","headings":[],"texts":[{"type":"paragraph","text":"Unai Emery ha destacat que l\u2019enfrontament davant el Manchester United suposa un repte exigent i il\u00b7lusionant"},{"type":"paragraph","text":"L\u2019entrenador del Villarreal, Unai Emery, ha comparegut davant els mitjans de comunicaci\u00f3, acompanyat per Dani Parejo, per a analitzar la pr\u00e8via de l\u2019encontre d\u2019UEFA Champions League davant el Manchester United d\u2019aquest dimarts, a les 18.45 hores, en l\u2019Estadi de la Cer\u00e0mica."},{"type":"paragraph","text":"Una gran cita de Champions League"},{"type":"paragraph","text":"\u201cEn els partits de Champions League estem sent molt competitius. Ens enfrontarem al favorit. De la vict\u00f2ria a la derrota hi ha una gran difer\u00e8ncia. Gaudirem preparant el partit perqu\u00e8 \u00e9s una cita especial, bonica i il\u00b7lusionant. Volem trobar en els 90 minuts millores positives que vam fer en anteriors encontres per a reafirmar la nostra confian\u00e7a, fer equip i gaudir d\u2019aquesta competici\u00f3. No se li pot demanar m\u00e9s a un Villarreal-Manchester\u201d."},{"type":"paragraph","text":"Gaudir del moment i respondre a l\u2019exig\u00e8ncia"},{"type":"paragraph","text":"\u201cEstem jugant la Champions League, volem gaudir de la competici\u00f3 i ser competitius. \u00c9s un repte que ens atrau i volem afrontar-lo. Estem conscienciats amb l\u2019oportunitat que ens brinda aquesta competici\u00f3. Ens il\u00b7lusiona. Volem oferir una bona resposta i imposar aspectes en el joc que ens acosten a la vict\u00f2ria\u201d."},{"type":"paragraph","text":"Les claus per a buscar la vict\u00f2ria"},{"type":"paragraph","text":"\u201cLa clau \u00e9s defensar b\u00e9, estar junts i guanyar duels individuals. Tamb\u00e9 hem de tindre personalitat en el joc, utilitzar recursos col\u00b7lectius i estar encertats. Crec molt en el que som capa\u00e7os de fer. Hem d\u2019adaptar-nos al que ells volen fer en el terreny de joc\u201d."},{"type":"paragraph","text":"La millor versi\u00f3 del Manchester United"},{"type":"paragraph","text":"\u201cEsperem una molt bona versi\u00f3 del Manchester United, per les caracter\u00edstiques dels seus jugadors i de moment en el qual arriba a l\u2019encontre. \u00c9s un partit determinant de cara als huitens de final. Se\u2019ns donen les condicions perfectes d\u2019exig\u00e8ncia i dificultat per a veure de qu\u00e8 som capaces\u201d."}],"buttons":[],"images":[{"type":"image","url":"https:\/\/villarrealcf.es\/\/wp-content\/uploads\/2021\/11\/ad7ff869cabbcaa7d5ace9e589b816f0.jpg","alt":"||||||","width":819,"height":460,"srcset":"https:\/\/villarrealcf.es\/wp-content\/uploads\/2021\/11\/ad7ff869cabbcaa7d5ace9e589b816f0.jpg 819w, https:\/\/villarrealcf.es\/\/wp-content\/uploads\/2021\/11\/ad7ff869cabbcaa7d5ace9e589b816f0.jpg 1920w, https:\/\/villarrealcf.es\/\/wp-content\/uploads\/2021\/11\/ad7ff869cabbcaa7d5ace9e589b816f0.jpg 1920w, https:\/\/villarrealcf.es\/\/wp-content\/uploads\/2021\/11\/ad7ff869cabbcaa7d5ace9e589b816f0.jpg 1920w, https:\/\/villarrealcf.es\/wp-content\/uploads\/2021\/11\/ad7ff869cabbcaa7d5ace9e589b816f0-32x18.jpg 32w, https:\/\/villarrealcf.es\/wp-content\/uploads\/2021\/11\/ad7ff869cabbcaa7d5ace9e589b816f0-150x84.jpg 150w, https:\/\/villarrealcf.es\/\/wp-content\/uploads\/2021\/11\/ad7ff869cabbcaa7d5ace9e589b816f0.jpg 1920w","sizes":"auto, (max-width: 819px) 100vw, 819px"}],"widgets":[],"blocks":[{"type":"image","url":"https:\/\/villarrealcf.es\/\/wp-content\/uploads\/2021\/11\/ad7ff869cabbcaa7d5ace9e589b816f0.jpg","alt":"||||||","width":819,"height":460,"srcset":"https:\/\/villarrealcf.es\/wp-content\/uploads\/2021\/11\/ad7ff869cabbcaa7d5ace9e589b816f0.jpg 819w, https:\/\/villarrealcf.es\/\/wp-content\/uploads\/2021\/11\/ad7ff869cabbcaa7d5ace9e589b816f0.jpg 1920w, https:\/\/villarrealcf.es\/\/wp-content\/uploads\/2021\/11\/ad7ff869cabbcaa7d5ace9e589b816f0.jpg 1920w, https:\/\/villarrealcf.es\/\/wp-content\/uploads\/2021\/11\/ad7ff869cabbcaa7d5ace9e589b816f0.jpg 1920w, https:\/\/villarrealcf.es\/wp-content\/uploads\/2021\/11\/ad7ff869cabbcaa7d5ace9e589b816f0-32x18.jpg 32w, https:\/\/villarrealcf.es\/wp-content\/uploads\/2021\/11\/ad7ff869cabbcaa7d5ace9e589b816f0-150x84.jpg 150w, https:\/\/villarrealcf.es\/\/wp-content\/uploads\/2021\/11\/ad7ff869cabbcaa7d5ace9e589b816f0.jpg 1920w","sizes":"auto, (max-width: 819px) 100vw, 819px"},{"type":"paragraph","text":"Unai Emery ha destacat que l\u2019enfrontament davant el Manchester United suposa un repte exigent i il\u00b7lusionant"},{"type":"paragraph","text":"L\u2019entrenador del Villarreal, Unai Emery, ha comparegut davant els mitjans de comunicaci\u00f3, acompanyat per Dani Parejo, per a analitzar la pr\u00e8via de l\u2019encontre d\u2019UEFA Champions League davant el Manchester United d\u2019aquest dimarts, a les 18.45 hores, en l\u2019Estadi de la Cer\u00e0mica."},{"type":"paragraph","text":"Una gran cita de Champions League"},{"type":"paragraph","text":"\u201cEn els partits de Champions League estem sent molt competitius. Ens enfrontarem al favorit. De la vict\u00f2ria a la derrota hi ha una gran difer\u00e8ncia. Gaudirem preparant el partit perqu\u00e8 \u00e9s una cita especial, bonica i il\u00b7lusionant. Volem trobar en els 90 minuts millores positives que vam fer en anteriors encontres per a reafirmar la nostra confian\u00e7a, fer equip i gaudir d\u2019aquesta competici\u00f3. No se li pot demanar m\u00e9s a un Villarreal-Manchester\u201d."},{"type":"paragraph","text":"Gaudir del moment i respondre a l\u2019exig\u00e8ncia"},{"type":"paragraph","text":"\u201cEstem jugant la Champions League, volem gaudir de la competici\u00f3 i ser competitius. \u00c9s un repte que ens atrau i volem afrontar-lo. Estem conscienciats amb l\u2019oportunitat que ens brinda aquesta competici\u00f3. Ens il\u00b7lusiona. Volem oferir una bona resposta i imposar aspectes en el joc que ens acosten a la vict\u00f2ria\u201d."},{"type":"paragraph","text":"Les claus per a buscar la vict\u00f2ria"},{"type":"paragraph","text":"\u201cLa clau \u00e9s defensar b\u00e9, estar junts i guanyar duels individuals. Tamb\u00e9 hem de tindre personalitat en el joc, utilitzar recursos col\u00b7lectius i estar encertats. Crec molt en el que som capa\u00e7os de fer. Hem d\u2019adaptar-nos al que ells volen fer en el terreny de joc\u201d."},{"type":"paragraph","text":"La millor versi\u00f3 del Manchester United"},{"type":"paragraph","text":"\u201cEsperem una molt bona versi\u00f3 del Manchester United, per les caracter\u00edstiques dels seus jugadors i de moment en el qual arriba a l\u2019encontre. \u00c9s un partit determinant de cara als huitens de final. Se\u2019ns donen les condicions perfectes d\u2019exig\u00e8ncia i dificultat per a veure de qu\u00e8 som capaces\u201d."},{"type":"video","kind":"iframe","url":"https:\/\/www.youtube.com\/embed\/VgfsouKJPzg?feature=oembed","poster":""}]}},"sections":[{"id":"section-1","title":"","text":"Unai Emery ha destacat que l\u2019enfrontament davant el Manchester United suposa un repte exigent i il\u00b7lusionant L\u2019entrenador del Villarreal, Unai Emery, ha comparegut davant els mitjans de comunicaci\u00f3, acompanyat per Dani Parejo, per a analitzar la pr\u00e8via de l\u2019encontre d\u2019UEFA Champions League davant el Manchester United d\u2019aquest dimarts, a les 18.45 hores, en l\u2019Estadi de la Cer\u00e0mica. Una gran cita de Champions League \u201cEn els partits de Champions League estem sent molt competitius. Ens enfrontarem al favorit. De la vict\u00f2ria a la derrota hi ha una gran difer\u00e8ncia. Gaudirem preparant el partit perqu\u00e8 \u00e9s una cita especial, bonica i il\u00b7lusionant. Volem trobar en els 90 minuts millores positives que vam fer en anteriors encontres per a reafirmar la nostra confian\u00e7a, fer equip i gaudir d\u2019aquesta competici\u00f3. No se li pot demanar m\u00e9s a un Villarreal-Manchester\u201d. Gaudir del moment i respondre a l\u2019exig\u00e8ncia \u201cEstem jugant la Champions League, volem gaudir de la competici\u00f3 i ser competitius. \u00c9s un repte que ens atrau i volem afrontar-lo. Estem conscienciats amb l\u2019oportunitat que ens brinda aquesta competici\u00f3. Ens il\u00b7lusiona. Volem oferir una bona resposta i imposar aspectes en el joc que ens acosten a la vict\u00f2ria\u201d. Les claus per a buscar la vict\u00f2ria \u201cLa clau \u00e9s defensar b\u00e9, estar junts i guanyar duels individuals. Tamb\u00e9 hem de tindre personalitat en el joc, utilitzar recursos col\u00b7lectius i estar encertats. Crec molt en el que som capa\u00e7os de fer. Hem d\u2019adaptar-nos al que ells volen fer en el terreny de joc\u201d. La millor versi\u00f3 del Manchester United \u201cEsperem una molt bona versi\u00f3 del Manchester United, per les caracter\u00edstiques dels seus jugadors i de moment en el qual arriba a l\u2019encontre. \u00c9s un partit determinant de cara als huitens de final. Se\u2019ns donen les condicions perfectes d\u2019exig\u00e8ncia i dificultat per a veure de qu\u00e8 som capaces\u201d.","url":"","background_image":"","images":[{"type":"image","url":"https:\/\/villarrealcf.es\/\/wp-content\/uploads\/2021\/11\/ad7ff869cabbcaa7d5ace9e589b816f0.jpg","alt":"||||||","width":819,"height":460,"srcset":"https:\/\/villarrealcf.es\/wp-content\/uploads\/2021\/11\/ad7ff869cabbcaa7d5ace9e589b816f0.jpg 819w, https:\/\/villarrealcf.es\/\/wp-content\/uploads\/2021\/11\/ad7ff869cabbcaa7d5ace9e589b816f0.jpg 1920w, https:\/\/villarrealcf.es\/\/wp-content\/uploads\/2021\/11\/ad7ff869cabbcaa7d5ace9e589b816f0.jpg 1920w, https:\/\/villarrealcf.es\/\/wp-content\/uploads\/2021\/11\/ad7ff869cabbcaa7d5ace9e589b816f0.jpg 1920w, https:\/\/villarrealcf.es\/wp-content\/uploads\/2021\/11\/ad7ff869cabbcaa7d5ace9e589b816f0-32x18.jpg 32w, https:\/\/villarrealcf.es\/wp-content\/uploads\/2021\/11\/ad7ff869cabbcaa7d5ace9e589b816f0-150x84.jpg 150w, https:\/\/villarrealcf.es\/\/wp-content\/uploads\/2021\/11\/ad7ff869cabbcaa7d5ace9e589b816f0.jpg 1920w","sizes":"auto, (max-width: 819px) 100vw, 819px"}],"videos":[{"type":"video","kind":"iframe","url":"https:\/\/www.youtube.com\/embed\/VgfsouKJPzg?feature=oembed","poster":""}],"links":[]},{"id":"shortcode-caption-69ef49489021b","type":"shortcode","shortcode":"caption","attributes":{"id":"attachment_176844","align":"alignnone","width":""},"title":"Caption","rendered":"","data":[],"text":"","url":"","background_image":"","images":[],"videos":[],"links":[],"blocks":[]}]},"excerpt":{"rendered":"Unai Emery ha destacat que l&#8217;enfrontament davant el Manchester United suposa un repte exigent i il\u00b7lusionant","protected":false},"author":1,"featured_media":176844,"comment_status":"","ping_status":"","sticky":false,"template":"","format":"standard","meta":{"_acf_changed":false,"footnotes":""},"categories":[4854],"tags":[12554,12556,10576,9270,12960,10293,9283,9680,9627,8676,9203],"acf":null,"lang":"val","translations":{"val":222080},"essential_grid":{"has_grid":false},"formatted_date":"November 22, 2021","modified_date":"November 22, 2021","permalink":"https:\/\/villarrealcf.es\/val\/es-un-partit-molt-especial\/","reading_time":2,"featured_media_data":{"id":176844,"title":"||||||","caption":"||||||","alt_text":"","description":"","mime_type":"image\/jpeg","source_url":"https:\/\/villarrealcf.es\/wp-content\/uploads\/2021\/11\/ad7ff869cabbcaa7d5ace9e589b816f0.jpg","sizes":{"thumbnail":{"url":"https:\/\/villarrealcf.es\/wp-content\/uploads\/2021\/11\/ad7ff869cabbcaa7d5ace9e589b816f0-150x150.jpg","width":150,"height":150},"medium":{"url":"https:\/\/villarrealcf.es\/wp-content\/uploads\/2021\/11\/ad7ff869cabbcaa7d5ace9e589b816f0-300x168.jpg","width":300,"height":168},"medium_large":{"url":"https:\/\/villarrealcf.es\/wp-content\/uploads\/2021\/11\/ad7ff869cabbcaa7d5ace9e589b816f0-768x431.jpg","width":768,"height":431},"large":{"url":"https:\/\/villarrealcf.es\/wp-content\/uploads\/2021\/11\/ad7ff869cabbcaa7d5ace9e589b816f0.jpg","width":788,"height":443},"1536x1536":{"url":"https:\/\/villarrealcf.es\/wp-content\/uploads\/2021\/11\/ad7ff869cabbcaa7d5ace9e589b816f0.jpg","width":819,"height":460},"2048x2048":{"url":"https:\/\/villarrealcf.es\/wp-content\/uploads\/2021\/11\/ad7ff869cabbcaa7d5ace9e589b816f0.jpg","width":819,"height":460},"tp-image-grid":{"url":"https:\/\/villarrealcf.es\/wp-content\/uploads\/2021\/11\/ad7ff869cabbcaa7d5ace9e589b816f0-700x460.jpg","width":700,"height":460},"size-bunyad-medium":{"url":"https:\/\/villarrealcf.es\/wp-content\/uploads\/2021\/11\/ad7ff869cabbcaa7d5ace9e589b816f0.jpg","width":819,"height":460},"sportspress-crop-medium":{"url":"https:\/\/villarrealcf.es\/wp-content\/uploads\/2021\/11\/ad7ff869cabbcaa7d5ace9e589b816f0-300x300.jpg","width":300,"height":300},"sportspress-fit-medium":{"url":"https:\/\/villarrealcf.es\/wp-content\/uploads\/2021\/11\/ad7ff869cabbcaa7d5ace9e589b816f0-300x168.jpg","width":300,"height":168},"sportspress-fit-icon":{"url":"https:\/\/villarrealcf.es\/wp-content\/uploads\/2021\/11\/ad7ff869cabbcaa7d5ace9e589b816f0-128x72.jpg","width":128,"height":72},"sportspress-fit-mini":{"url":"https:\/\/villarrealcf.es\/wp-content\/uploads\/2021\/11\/ad7ff869cabbcaa7d5ace9e589b816f0-32x18.jpg","width":32,"height":18},"bunyad-small":{"url":"https:\/\/villarrealcf.es\/wp-content\/uploads\/2021\/11\/ad7ff869cabbcaa7d5ace9e589b816f0-150x84.jpg","width":150,"height":84},"bunyad-medium":{"url":"https:\/\/villarrealcf.es\/wp-content\/uploads\/2021\/11\/ad7ff869cabbcaa7d5ace9e589b816f0-450x253.jpg","width":450,"height":253},"bunyad-full":{"url":"https:\/\/villarrealcf.es\/wp-content\/uploads\/2021\/11\/ad7ff869cabbcaa7d5ace9e589b816f0.jpg","width":819,"height":460},"bunyad-viewport":{"url":"https:\/\/villarrealcf.es\/wp-content\/uploads\/2021\/11\/ad7ff869cabbcaa7d5ace9e589b816f0.jpg","width":819,"height":460},"bunyad-768":{"url":"https:\/\/villarrealcf.es\/wp-content\/uploads\/2021\/11\/ad7ff869cabbcaa7d5ace9e589b816f0-768x431.jpg","width":768,"height":431},"full":{"url":"https:\/\/villarrealcf.es\/wp-content\/uploads\/2021\/11\/ad7ff869cabbcaa7d5ace9e589b816f0.jpg","width":819,"height":460}}},"author_data":{"id":"1","name":"root_envidea","first_name":"Villarreal CF","last_name":"","description":"","avatar_url":"https:\/\/secure.gravatar.com\/avatar\/48f95f42a3ccc324f3a3458e4b9e6fb070b083e99d388e170c1afb061fa99b63?s=96&d=mm&r=g","acf":null},"taxonomies_data":{"category":[{"id":4854,"name":"Noticies Generals","slug":"noticies-generals","acf":null}],"post_tag":[{"id":12554,"name":"#Football","slug":"football-val","acf":null},{"id":12556,"name":"#Soccer","slug":"soccer-val","acf":null},{"id":10576,"name":"Champions League","slug":"champions-league-val","acf":null},{"id":9270,"name":"Futbol","slug":"futbol-val","acf":null},{"id":12960,"name":"Liga de Campeones","slug":"liga-de-campeones-val","acf":null},{"id":10293,"name":"Manchester United FC","slug":"manchester-united-fc-val","acf":null},{"id":9283,"name":"previa","slug":"previa-val","acf":null},{"id":9680,"name":"Rueda de prensa","slug":"rueda-de-prensa-val","acf":null},{"id":9627,"name":"Submarino Amarillo","slug":"submarino-amarillo-val","acf":null},{"id":8676,"name":"Unai Emery","slug":"unai-emery","acf":null},{"id":9203,"name":"Villarreal CF","slug":"villarreal-cf-val","acf":null}],"translation_priority":[{"id":735,"name":"Optional","slug":"optional-val","acf":null}]},"seo_full":{"native":{"title":"\u201c\u00c9s un partit molt especial\u201d - Web Oficial del Villarreal CF","description":"[caption id=\"attachment_176844\" align=\"alignnone\" width=\"\"]||||||[\/caption]Unai Emery ha destacat que l'enfrontament davant el Manchester United suposa un repte exigent i il\u00b7lusionant L'entrenador&hellip;","canonical":"https:\/\/villarrealcf.es\/val\/es-un-partit-molt-especial\/"}},"_links":{"self":[{"href":"https:\/\/villarrealcf.es\/val\/wp-json\/wp\/v2\/posts\/222080","targetHints":{"allow":["GET"]}}],"collection":[{"href":"https:\/\/villarrealcf.es\/val\/wp-json\/wp\/v2\/posts"}],"about":[{"href":"https:\/\/villarrealcf.es\/val\/wp-json\/wp\/v2\/types\/post"}],"author":[{"embeddable":true,"href":"https:\/\/villarrealcf.es\/val\/wp-json\/wp\/v2\/users\/1"}],"replies":[{"embeddable":true,"href":"https:\/\/villarrealcf.es\/val\/wp-json\/wp\/v2\/comments?post=222080"}],"version-history":[{"count":0,"href":"https:\/\/villarrealcf.es\/val\/wp-json\/wp\/v2\/posts\/222080\/revisions"}],"wp:featuredmedia":[{"embeddable":true,"href":"https:\/\/villarrealcf.es\/val\/wp-json\/wp\/v2\/media\/176844"}],"wp:attachment":[{"href":"https:\/\/villarrealcf.es\/val\/wp-json\/wp\/v2\/media?parent=222080"}],"wp:term":[{"taxonomy":"category","embeddable":true,"href":"https:\/\/villarrealcf.es\/val\/wp-json\/wp\/v2\/categories?post=222080"},{"taxonomy":"post_tag","embeddable":true,"href":"https:\/\/villarrealcf.es\/val\/wp-json\/wp\/v2\/tags?post=222080"}],"curies":[{"name":"wp","href":"https:\/\/api.w.org\/{rel}","templated":true}]}}