{"id":221874,"date":"2021-11-04T12:48:09","date_gmt":"2021-11-04T11:48:09","guid":{"rendered":"https:\/\/villarrealcf.es\/\/tornada-al-treball-amb-la-mirada-posada-en-el-getafe\/"},"modified":"2021-11-04T12:48:09","modified_gmt":"2021-11-04T11:48:09","slug":"tornada-al-treball-amb-la-mirada-posada-en-el-getafe","status":"publish","type":"post","link":"https:\/\/villarrealcf.es\/val\/tornada-al-treball-amb-la-mirada-posada-en-el-getafe\/","title":{"rendered":"Tornada al treball amb la mirada posada en el Getafe"},"content":{"protected":false,"blocks":[{"type":"image","url":"https:\/\/villarrealcf.es\/\/wp-content\/uploads\/2021\/11\/dc463fe0cafb40dff87d960183a5abc2.jpg","alt":"||||||","width":819,"height":460,"srcset":"https:\/\/villarrealcf.es\/wp-content\/uploads\/2021\/11\/dc463fe0cafb40dff87d960183a5abc2.jpg 819w, https:\/\/villarrealcf.es\/\/wp-content\/uploads\/2021\/11\/dc463fe0cafb40dff87d960183a5abc2.jpg 1920w, https:\/\/villarrealcf.es\/\/wp-content\/uploads\/2021\/11\/dc463fe0cafb40dff87d960183a5abc2.jpg 1920w, https:\/\/villarrealcf.es\/\/wp-content\/uploads\/2021\/11\/dc463fe0cafb40dff87d960183a5abc2.jpg 1920w, https:\/\/villarrealcf.es\/wp-content\/uploads\/2021\/11\/dc463fe0cafb40dff87d960183a5abc2-32x18.jpg 32w, https:\/\/villarrealcf.es\/wp-content\/uploads\/2021\/11\/dc463fe0cafb40dff87d960183a5abc2-150x84.jpg 150w, https:\/\/villarrealcf.es\/\/wp-content\/uploads\/2021\/11\/dc463fe0cafb40dff87d960183a5abc2.jpg 1920w","sizes":"auto, (max-width: 819px) 100vw, 819px"},{"type":"paragraph","text":"El Villarreal ha tornat hui als entrenaments despr\u00e9s de gaudir d\u2019un dia de descans post Lliga de Campions"},{"type":"paragraph","text":"El Villarreal s\u2019ha exercitat hui a la Ciutat Esportiva Miralcamp despr\u00e9s que tota la plantilla gaudira d\u2019una jornada de descans ahir despr\u00e9s de la important vict\u00f2ria davant el Young Boys en la Lliga de Campions. Aix\u00ed doncs, els homes d\u2019Unai Emery ja tenen la mirada posada en el seu pr\u00f2xim rival de lliga, el Getafe, que visitar\u00e0 l\u2019Estadi de la Cer\u00e0mica aquest diumenge, 7 de novembre, a les 14.00 hores. El xoc ser\u00e0 retransm\u00e9s per Movistar LaLiga."},{"type":"paragraph","text":"Tant grocs com \u2018azulones\u2019 ja pensen en aquest nou matx, corresponent a la Jornada 13 de LaLiga, vital per a les aspiracions de tots dos conjunts abans de la finestra de compromisos internacionals. El Submar\u00ed vol tornar a acostar-se als llocs europeus i l\u2019equip madrileny lluitar\u00e0 per eixir de la zona de descens. En l\u2019\u00faltim duel entre tots dos disputat en el feu groguet, el Villarreal es va imposar per 1-0 gr\u00e0cies a un gol de Yeremy. El conjunt vila-realenc buscar\u00e0 repetir triomf en aquest nou enfrontament."}],"structured":{"summary":{"text":"El Villarreal ha tornat hui als entrenaments despr\u00e9s de gaudir d\u2019un dia de descans post Lliga de Campions El Villarreal s\u2019ha exercitat hui a la Ciutat Esportiva Miralcamp despr\u00e9s que tota la plantilla gaudira d\u2019una jornada de descans ahir despr\u00e9s de la important vict\u00f2ria davant el Young Boys en la Lliga de Campions. Aix\u00ed doncs, els homes d\u2019Unai Emery ja tenen la mirada posada en el seu pr\u00f2xim rival de lliga, el Getafe, que visitar\u00e0 l\u2019Estadi de la Cer\u00e0mica aquest diumenge, 7 de novembre, a les 14.00 hores. El xoc ser\u00e0 retransm\u00e9s per Movistar LaLiga. Tant grocs com \u2018azulones\u2019 ja pensen en aquest nou matx, corresponent a la Jornada 13 de LaLiga, vital per a les aspiracions de tots dos conjunts abans de la finestra de compromisos internacionals. El Submar\u00ed vol tornar a acostar-se als llocs europeus i l\u2019equip madrileny lluitar\u00e0 per eixir de la zona de descens. En l\u2019\u00faltim duel entre tots dos disputat en el feu groguet, el Villarreal es va imposar per 1-0 gr\u00e0cies a un gol de Yeremy. El conjunt vila-realenc buscar\u00e0 repetir triomf en aquest nou enfrontament.","headings":[],"buttons":[],"images":[{"type":"image","url":"https:\/\/villarrealcf.es\/\/wp-content\/uploads\/2021\/11\/dc463fe0cafb40dff87d960183a5abc2.jpg","alt":"||||||","width":819,"height":460,"srcset":"https:\/\/villarrealcf.es\/wp-content\/uploads\/2021\/11\/dc463fe0cafb40dff87d960183a5abc2.jpg 819w, https:\/\/villarrealcf.es\/\/wp-content\/uploads\/2021\/11\/dc463fe0cafb40dff87d960183a5abc2.jpg 1920w, https:\/\/villarrealcf.es\/\/wp-content\/uploads\/2021\/11\/dc463fe0cafb40dff87d960183a5abc2.jpg 1920w, https:\/\/villarrealcf.es\/\/wp-content\/uploads\/2021\/11\/dc463fe0cafb40dff87d960183a5abc2.jpg 1920w, https:\/\/villarrealcf.es\/wp-content\/uploads\/2021\/11\/dc463fe0cafb40dff87d960183a5abc2-32x18.jpg 32w, https:\/\/villarrealcf.es\/wp-content\/uploads\/2021\/11\/dc463fe0cafb40dff87d960183a5abc2-150x84.jpg 150w, https:\/\/villarrealcf.es\/\/wp-content\/uploads\/2021\/11\/dc463fe0cafb40dff87d960183a5abc2.jpg 1920w","sizes":"auto, (max-width: 819px) 100vw, 819px"}],"counts":{"blocks":4,"headings":0,"texts":3,"buttons":0,"images":1}},"sections":[{"id":"section-1","title":"","text":"El Villarreal ha tornat hui als entrenaments despr\u00e9s de gaudir d\u2019un dia de descans post Lliga de Campions El Villarreal s\u2019ha exercitat hui a la Ciutat Esportiva Miralcamp despr\u00e9s que tota la plantilla gaudira d\u2019una jornada de descans ahir despr\u00e9s de la important vict\u00f2ria davant el Young Boys en la Lliga de Campions. Aix\u00ed doncs, els homes d\u2019Unai Emery ja tenen la mirada posada en el seu pr\u00f2xim rival de lliga, el Getafe, que visitar\u00e0 l\u2019Estadi de la Cer\u00e0mica aquest diumenge, 7 de novembre, a les 14.00 hores. El xoc ser\u00e0 retransm\u00e9s per Movistar LaLiga. Tant grocs com \u2018azulones\u2019 ja pensen en aquest nou matx, corresponent a la Jornada 13 de LaLiga, vital per a les aspiracions de tots dos conjunts abans de la finestra de compromisos internacionals. El Submar\u00ed vol tornar a acostar-se als llocs europeus i l\u2019equip madrileny lluitar\u00e0 per eixir de la zona de descens. En l\u2019\u00faltim duel entre tots dos disputat en el feu groguet, el Villarreal es va imposar per 1-0 gr\u00e0cies a un gol de Yeremy. El conjunt vila-realenc buscar\u00e0 repetir triomf en aquest nou enfrontament.","headings":[],"texts":[{"type":"paragraph","text":"El Villarreal ha tornat hui als entrenaments despr\u00e9s de gaudir d\u2019un dia de descans post Lliga de Campions"},{"type":"paragraph","text":"El Villarreal s\u2019ha exercitat hui a la Ciutat Esportiva Miralcamp despr\u00e9s que tota la plantilla gaudira d\u2019una jornada de descans ahir despr\u00e9s de la important vict\u00f2ria davant el Young Boys en la Lliga de Campions. Aix\u00ed doncs, els homes d\u2019Unai Emery ja tenen la mirada posada en el seu pr\u00f2xim rival de lliga, el Getafe, que visitar\u00e0 l\u2019Estadi de la Cer\u00e0mica aquest diumenge, 7 de novembre, a les 14.00 hores. El xoc ser\u00e0 retransm\u00e9s per Movistar LaLiga."},{"type":"paragraph","text":"Tant grocs com \u2018azulones\u2019 ja pensen en aquest nou matx, corresponent a la Jornada 13 de LaLiga, vital per a les aspiracions de tots dos conjunts abans de la finestra de compromisos internacionals. El Submar\u00ed vol tornar a acostar-se als llocs europeus i l\u2019equip madrileny lluitar\u00e0 per eixir de la zona de descens. En l\u2019\u00faltim duel entre tots dos disputat en el feu groguet, el Villarreal es va imposar per 1-0 gr\u00e0cies a un gol de Yeremy. El conjunt vila-realenc buscar\u00e0 repetir triomf en aquest nou enfrontament."}],"buttons":[],"images":[{"type":"image","url":"https:\/\/villarrealcf.es\/\/wp-content\/uploads\/2021\/11\/dc463fe0cafb40dff87d960183a5abc2.jpg","alt":"||||||","width":819,"height":460,"srcset":"https:\/\/villarrealcf.es\/wp-content\/uploads\/2021\/11\/dc463fe0cafb40dff87d960183a5abc2.jpg 819w, https:\/\/villarrealcf.es\/\/wp-content\/uploads\/2021\/11\/dc463fe0cafb40dff87d960183a5abc2.jpg 1920w, https:\/\/villarrealcf.es\/\/wp-content\/uploads\/2021\/11\/dc463fe0cafb40dff87d960183a5abc2.jpg 1920w, https:\/\/villarrealcf.es\/\/wp-content\/uploads\/2021\/11\/dc463fe0cafb40dff87d960183a5abc2.jpg 1920w, https:\/\/villarrealcf.es\/wp-content\/uploads\/2021\/11\/dc463fe0cafb40dff87d960183a5abc2-32x18.jpg 32w, https:\/\/villarrealcf.es\/wp-content\/uploads\/2021\/11\/dc463fe0cafb40dff87d960183a5abc2-150x84.jpg 150w, https:\/\/villarrealcf.es\/\/wp-content\/uploads\/2021\/11\/dc463fe0cafb40dff87d960183a5abc2.jpg 1920w","sizes":"auto, (max-width: 819px) 100vw, 819px"}],"widgets":[],"blocks":[{"type":"image","url":"https:\/\/villarrealcf.es\/\/wp-content\/uploads\/2021\/11\/dc463fe0cafb40dff87d960183a5abc2.jpg","alt":"||||||","width":819,"height":460,"srcset":"https:\/\/villarrealcf.es\/wp-content\/uploads\/2021\/11\/dc463fe0cafb40dff87d960183a5abc2.jpg 819w, https:\/\/villarrealcf.es\/\/wp-content\/uploads\/2021\/11\/dc463fe0cafb40dff87d960183a5abc2.jpg 1920w, https:\/\/villarrealcf.es\/\/wp-content\/uploads\/2021\/11\/dc463fe0cafb40dff87d960183a5abc2.jpg 1920w, https:\/\/villarrealcf.es\/\/wp-content\/uploads\/2021\/11\/dc463fe0cafb40dff87d960183a5abc2.jpg 1920w, https:\/\/villarrealcf.es\/wp-content\/uploads\/2021\/11\/dc463fe0cafb40dff87d960183a5abc2-32x18.jpg 32w, https:\/\/villarrealcf.es\/wp-content\/uploads\/2021\/11\/dc463fe0cafb40dff87d960183a5abc2-150x84.jpg 150w, https:\/\/villarrealcf.es\/\/wp-content\/uploads\/2021\/11\/dc463fe0cafb40dff87d960183a5abc2.jpg 1920w","sizes":"auto, (max-width: 819px) 100vw, 819px"},{"type":"paragraph","text":"El Villarreal ha tornat hui als entrenaments despr\u00e9s de gaudir d\u2019un dia de descans post Lliga de Campions"},{"type":"paragraph","text":"El Villarreal s\u2019ha exercitat hui a la Ciutat Esportiva Miralcamp despr\u00e9s que tota la plantilla gaudira d\u2019una jornada de descans ahir despr\u00e9s de la important vict\u00f2ria davant el Young Boys en la Lliga de Campions. Aix\u00ed doncs, els homes d\u2019Unai Emery ja tenen la mirada posada en el seu pr\u00f2xim rival de lliga, el Getafe, que visitar\u00e0 l\u2019Estadi de la Cer\u00e0mica aquest diumenge, 7 de novembre, a les 14.00 hores. El xoc ser\u00e0 retransm\u00e9s per Movistar LaLiga."},{"type":"paragraph","text":"Tant grocs com \u2018azulones\u2019 ja pensen en aquest nou matx, corresponent a la Jornada 13 de LaLiga, vital per a les aspiracions de tots dos conjunts abans de la finestra de compromisos internacionals. El Submar\u00ed vol tornar a acostar-se als llocs europeus i l\u2019equip madrileny lluitar\u00e0 per eixir de la zona de descens. En l\u2019\u00faltim duel entre tots dos disputat en el feu groguet, el Villarreal es va imposar per 1-0 gr\u00e0cies a un gol de Yeremy. El conjunt vila-realenc buscar\u00e0 repetir triomf en aquest nou enfrontament."}]}],"hero":{"id":"section-1","title":"","text":"El Villarreal ha tornat hui als entrenaments despr\u00e9s de gaudir d\u2019un dia de descans post Lliga de Campions El Villarreal s\u2019ha exercitat hui a la Ciutat Esportiva Miralcamp despr\u00e9s que tota la plantilla gaudira d\u2019una jornada de descans ahir despr\u00e9s de la important vict\u00f2ria davant el Young Boys en la Lliga de Campions. Aix\u00ed doncs, els homes d\u2019Unai Emery ja tenen la mirada posada en el seu pr\u00f2xim rival de lliga, el Getafe, que visitar\u00e0 l\u2019Estadi de la Cer\u00e0mica aquest diumenge, 7 de novembre, a les 14.00 hores. El xoc ser\u00e0 retransm\u00e9s per Movistar LaLiga. Tant grocs com \u2018azulones\u2019 ja pensen en aquest nou matx, corresponent a la Jornada 13 de LaLiga, vital per a les aspiracions de tots dos conjunts abans de la finestra de compromisos internacionals. El Submar\u00ed vol tornar a acostar-se als llocs europeus i l\u2019equip madrileny lluitar\u00e0 per eixir de la zona de descens. En l\u2019\u00faltim duel entre tots dos disputat en el feu groguet, el Villarreal es va imposar per 1-0 gr\u00e0cies a un gol de Yeremy. El conjunt vila-realenc buscar\u00e0 repetir triomf en aquest nou enfrontament.","headings":[],"texts":[{"type":"paragraph","text":"El Villarreal ha tornat hui als entrenaments despr\u00e9s de gaudir d\u2019un dia de descans post Lliga de Campions"},{"type":"paragraph","text":"El Villarreal s\u2019ha exercitat hui a la Ciutat Esportiva Miralcamp despr\u00e9s que tota la plantilla gaudira d\u2019una jornada de descans ahir despr\u00e9s de la important vict\u00f2ria davant el Young Boys en la Lliga de Campions. Aix\u00ed doncs, els homes d\u2019Unai Emery ja tenen la mirada posada en el seu pr\u00f2xim rival de lliga, el Getafe, que visitar\u00e0 l\u2019Estadi de la Cer\u00e0mica aquest diumenge, 7 de novembre, a les 14.00 hores. El xoc ser\u00e0 retransm\u00e9s per Movistar LaLiga."},{"type":"paragraph","text":"Tant grocs com \u2018azulones\u2019 ja pensen en aquest nou matx, corresponent a la Jornada 13 de LaLiga, vital per a les aspiracions de tots dos conjunts abans de la finestra de compromisos internacionals. El Submar\u00ed vol tornar a acostar-se als llocs europeus i l\u2019equip madrileny lluitar\u00e0 per eixir de la zona de descens. En l\u2019\u00faltim duel entre tots dos disputat en el feu groguet, el Villarreal es va imposar per 1-0 gr\u00e0cies a un gol de Yeremy. El conjunt vila-realenc buscar\u00e0 repetir triomf en aquest nou enfrontament."}],"buttons":[],"images":[{"type":"image","url":"https:\/\/villarrealcf.es\/\/wp-content\/uploads\/2021\/11\/dc463fe0cafb40dff87d960183a5abc2.jpg","alt":"||||||","width":819,"height":460,"srcset":"https:\/\/villarrealcf.es\/wp-content\/uploads\/2021\/11\/dc463fe0cafb40dff87d960183a5abc2.jpg 819w, https:\/\/villarrealcf.es\/\/wp-content\/uploads\/2021\/11\/dc463fe0cafb40dff87d960183a5abc2.jpg 1920w, https:\/\/villarrealcf.es\/\/wp-content\/uploads\/2021\/11\/dc463fe0cafb40dff87d960183a5abc2.jpg 1920w, https:\/\/villarrealcf.es\/\/wp-content\/uploads\/2021\/11\/dc463fe0cafb40dff87d960183a5abc2.jpg 1920w, https:\/\/villarrealcf.es\/wp-content\/uploads\/2021\/11\/dc463fe0cafb40dff87d960183a5abc2-32x18.jpg 32w, https:\/\/villarrealcf.es\/wp-content\/uploads\/2021\/11\/dc463fe0cafb40dff87d960183a5abc2-150x84.jpg 150w, https:\/\/villarrealcf.es\/\/wp-content\/uploads\/2021\/11\/dc463fe0cafb40dff87d960183a5abc2.jpg 1920w","sizes":"auto, (max-width: 819px) 100vw, 819px"}],"widgets":[],"blocks":[{"type":"image","url":"https:\/\/villarrealcf.es\/\/wp-content\/uploads\/2021\/11\/dc463fe0cafb40dff87d960183a5abc2.jpg","alt":"||||||","width":819,"height":460,"srcset":"https:\/\/villarrealcf.es\/wp-content\/uploads\/2021\/11\/dc463fe0cafb40dff87d960183a5abc2.jpg 819w, https:\/\/villarrealcf.es\/\/wp-content\/uploads\/2021\/11\/dc463fe0cafb40dff87d960183a5abc2.jpg 1920w, https:\/\/villarrealcf.es\/\/wp-content\/uploads\/2021\/11\/dc463fe0cafb40dff87d960183a5abc2.jpg 1920w, https:\/\/villarrealcf.es\/\/wp-content\/uploads\/2021\/11\/dc463fe0cafb40dff87d960183a5abc2.jpg 1920w, https:\/\/villarrealcf.es\/wp-content\/uploads\/2021\/11\/dc463fe0cafb40dff87d960183a5abc2-32x18.jpg 32w, https:\/\/villarrealcf.es\/wp-content\/uploads\/2021\/11\/dc463fe0cafb40dff87d960183a5abc2-150x84.jpg 150w, https:\/\/villarrealcf.es\/\/wp-content\/uploads\/2021\/11\/dc463fe0cafb40dff87d960183a5abc2.jpg 1920w","sizes":"auto, (max-width: 819px) 100vw, 819px"},{"type":"paragraph","text":"El Villarreal ha tornat hui als entrenaments despr\u00e9s de gaudir d\u2019un dia de descans post Lliga de Campions"},{"type":"paragraph","text":"El Villarreal s\u2019ha exercitat hui a la Ciutat Esportiva Miralcamp despr\u00e9s que tota la plantilla gaudira d\u2019una jornada de descans ahir despr\u00e9s de la important vict\u00f2ria davant el Young Boys en la Lliga de Campions. Aix\u00ed doncs, els homes d\u2019Unai Emery ja tenen la mirada posada en el seu pr\u00f2xim rival de lliga, el Getafe, que visitar\u00e0 l\u2019Estadi de la Cer\u00e0mica aquest diumenge, 7 de novembre, a les 14.00 hores. El xoc ser\u00e0 retransm\u00e9s per Movistar LaLiga."},{"type":"paragraph","text":"Tant grocs com \u2018azulones\u2019 ja pensen en aquest nou matx, corresponent a la Jornada 13 de LaLiga, vital per a les aspiracions de tots dos conjunts abans de la finestra de compromisos internacionals. El Submar\u00ed vol tornar a acostar-se als llocs europeus i l\u2019equip madrileny lluitar\u00e0 per eixir de la zona de descens. En l\u2019\u00faltim duel entre tots dos disputat en el feu groguet, el Villarreal es va imposar per 1-0 gr\u00e0cies a un gol de Yeremy. El conjunt vila-realenc buscar\u00e0 repetir triomf en aquest nou enfrontament."}]}},"sections":[{"id":"section-1","title":"","text":"El Villarreal ha tornat hui als entrenaments despr\u00e9s de gaudir d\u2019un dia de descans post Lliga de Campions El Villarreal s\u2019ha exercitat hui a la Ciutat Esportiva Miralcamp despr\u00e9s que tota la plantilla gaudira d\u2019una jornada de descans ahir despr\u00e9s de la important vict\u00f2ria davant el Young Boys en la Lliga de Campions. Aix\u00ed doncs, els homes d\u2019Unai Emery ja tenen la mirada posada en el seu pr\u00f2xim rival de lliga, el Getafe, que visitar\u00e0 l\u2019Estadi de la Cer\u00e0mica aquest diumenge, 7 de novembre, a les 14.00 hores. El xoc ser\u00e0 retransm\u00e9s per Movistar LaLiga. Tant grocs com \u2018azulones\u2019 ja pensen en aquest nou matx, corresponent a la Jornada 13 de LaLiga, vital per a les aspiracions de tots dos conjunts abans de la finestra de compromisos internacionals. El Submar\u00ed vol tornar a acostar-se als llocs europeus i l\u2019equip madrileny lluitar\u00e0 per eixir de la zona de descens. En l\u2019\u00faltim duel entre tots dos disputat en el feu groguet, el Villarreal es va imposar per 1-0 gr\u00e0cies a un gol de Yeremy. El conjunt vila-realenc buscar\u00e0 repetir triomf en aquest nou enfrontament.","url":"","background_image":"","images":[{"type":"image","url":"https:\/\/villarrealcf.es\/\/wp-content\/uploads\/2021\/11\/dc463fe0cafb40dff87d960183a5abc2.jpg","alt":"||||||","width":819,"height":460,"srcset":"https:\/\/villarrealcf.es\/wp-content\/uploads\/2021\/11\/dc463fe0cafb40dff87d960183a5abc2.jpg 819w, https:\/\/villarrealcf.es\/\/wp-content\/uploads\/2021\/11\/dc463fe0cafb40dff87d960183a5abc2.jpg 1920w, https:\/\/villarrealcf.es\/\/wp-content\/uploads\/2021\/11\/dc463fe0cafb40dff87d960183a5abc2.jpg 1920w, https:\/\/villarrealcf.es\/\/wp-content\/uploads\/2021\/11\/dc463fe0cafb40dff87d960183a5abc2.jpg 1920w, https:\/\/villarrealcf.es\/wp-content\/uploads\/2021\/11\/dc463fe0cafb40dff87d960183a5abc2-32x18.jpg 32w, https:\/\/villarrealcf.es\/wp-content\/uploads\/2021\/11\/dc463fe0cafb40dff87d960183a5abc2-150x84.jpg 150w, https:\/\/villarrealcf.es\/\/wp-content\/uploads\/2021\/11\/dc463fe0cafb40dff87d960183a5abc2.jpg 1920w","sizes":"auto, (max-width: 819px) 100vw, 819px"}],"videos":[],"links":[]},{"id":"shortcode-caption-69ef34b96332e","type":"shortcode","shortcode":"caption","attributes":{"id":"attachment_176026","align":"alignnone","width":""},"title":"Caption","rendered":"","data":[],"text":"","url":"","background_image":"","images":[],"videos":[],"links":[],"blocks":[]}]},"excerpt":{"rendered":"\u00a0 El Villarreal ha tornat hui als entrenaments despr\u00e9s de gaudir d&#8217;un dia de descans post Lliga de Campions","protected":false},"author":1,"featured_media":176026,"comment_status":"","ping_status":"","sticky":false,"template":"","format":"standard","meta":{"_acf_changed":false,"footnotes":""},"categories":[4854],"tags":[12554,12556,9270,9717,11042,9627,9203],"acf":null,"lang":"val","translations":{"val":221874},"essential_grid":{"has_grid":false},"formatted_date":"November 4, 2021","modified_date":"November 4, 2021","permalink":"https:\/\/villarrealcf.es\/val\/tornada-al-treball-amb-la-mirada-posada-en-el-getafe\/","reading_time":1,"featured_media_data":{"id":176026,"title":"||||||","caption":"||||||","alt_text":"","description":"","mime_type":"image\/jpeg","source_url":"https:\/\/villarrealcf.es\/wp-content\/uploads\/2021\/11\/dc463fe0cafb40dff87d960183a5abc2.jpg","sizes":{"thumbnail":{"url":"https:\/\/villarrealcf.es\/wp-content\/uploads\/2021\/11\/dc463fe0cafb40dff87d960183a5abc2-150x150.jpg","width":150,"height":150},"medium":{"url":"https:\/\/villarrealcf.es\/wp-content\/uploads\/2021\/11\/dc463fe0cafb40dff87d960183a5abc2-300x168.jpg","width":300,"height":168},"medium_large":{"url":"https:\/\/villarrealcf.es\/wp-content\/uploads\/2021\/11\/dc463fe0cafb40dff87d960183a5abc2-768x431.jpg","width":768,"height":431},"large":{"url":"https:\/\/villarrealcf.es\/wp-content\/uploads\/2021\/11\/dc463fe0cafb40dff87d960183a5abc2.jpg","width":788,"height":443},"1536x1536":{"url":"https:\/\/villarrealcf.es\/wp-content\/uploads\/2021\/11\/dc463fe0cafb40dff87d960183a5abc2.jpg","width":819,"height":460},"2048x2048":{"url":"https:\/\/villarrealcf.es\/wp-content\/uploads\/2021\/11\/dc463fe0cafb40dff87d960183a5abc2.jpg","width":819,"height":460},"tp-image-grid":{"url":"https:\/\/villarrealcf.es\/wp-content\/uploads\/2021\/11\/dc463fe0cafb40dff87d960183a5abc2-700x460.jpg","width":700,"height":460},"size-bunyad-medium":{"url":"https:\/\/villarrealcf.es\/wp-content\/uploads\/2021\/11\/dc463fe0cafb40dff87d960183a5abc2.jpg","width":819,"height":460},"sportspress-crop-medium":{"url":"https:\/\/villarrealcf.es\/wp-content\/uploads\/2021\/11\/dc463fe0cafb40dff87d960183a5abc2-300x300.jpg","width":300,"height":300},"sportspress-fit-medium":{"url":"https:\/\/villarrealcf.es\/wp-content\/uploads\/2021\/11\/dc463fe0cafb40dff87d960183a5abc2-300x168.jpg","width":300,"height":168},"sportspress-fit-icon":{"url":"https:\/\/villarrealcf.es\/wp-content\/uploads\/2021\/11\/dc463fe0cafb40dff87d960183a5abc2-128x72.jpg","width":128,"height":72},"sportspress-fit-mini":{"url":"https:\/\/villarrealcf.es\/wp-content\/uploads\/2021\/11\/dc463fe0cafb40dff87d960183a5abc2-32x18.jpg","width":32,"height":18},"bunyad-small":{"url":"https:\/\/villarrealcf.es\/wp-content\/uploads\/2021\/11\/dc463fe0cafb40dff87d960183a5abc2-150x84.jpg","width":150,"height":84},"bunyad-medium":{"url":"https:\/\/villarrealcf.es\/wp-content\/uploads\/2021\/11\/dc463fe0cafb40dff87d960183a5abc2-450x253.jpg","width":450,"height":253},"bunyad-full":{"url":"https:\/\/villarrealcf.es\/wp-content\/uploads\/2021\/11\/dc463fe0cafb40dff87d960183a5abc2.jpg","width":819,"height":460},"bunyad-viewport":{"url":"https:\/\/villarrealcf.es\/wp-content\/uploads\/2021\/11\/dc463fe0cafb40dff87d960183a5abc2.jpg","width":819,"height":460},"bunyad-768":{"url":"https:\/\/villarrealcf.es\/wp-content\/uploads\/2021\/11\/dc463fe0cafb40dff87d960183a5abc2-768x431.jpg","width":768,"height":431},"full":{"url":"https:\/\/villarrealcf.es\/wp-content\/uploads\/2021\/11\/dc463fe0cafb40dff87d960183a5abc2.jpg","width":819,"height":460}}},"author_data":{"id":"1","name":"root_envidea","first_name":"Villarreal CF","last_name":"","description":"","avatar_url":"https:\/\/secure.gravatar.com\/avatar\/48f95f42a3ccc324f3a3458e4b9e6fb070b083e99d388e170c1afb061fa99b63?s=96&d=mm&r=g","acf":null},"taxonomies_data":{"category":[{"id":4854,"name":"Noticies Generals","slug":"noticies-generals","acf":null}],"post_tag":[{"id":12554,"name":"#Football","slug":"football-val","acf":null},{"id":12556,"name":"#Soccer","slug":"soccer-val","acf":null},{"id":9270,"name":"Futbol","slug":"futbol-val","acf":null},{"id":9717,"name":"Getafe CF","slug":"getafe-cf-val","acf":null},{"id":11042,"name":"LaLiga","slug":"laliga-val","acf":null},{"id":9627,"name":"Submarino Amarillo","slug":"submarino-amarillo-val","acf":null},{"id":9203,"name":"Villarreal CF","slug":"villarreal-cf-val","acf":null}],"translation_priority":[{"id":733,"name":"Optional","slug":"optional","acf":null}]},"seo_full":{"native":{"title":"Tornada al treball amb la mirada posada en el Getafe - Web Oficial del Villarreal CF","description":"[caption id=\"attachment_176026\" align=\"alignnone\" width=\"\"]||||||[\/caption]\u00a0 El Villarreal ha tornat hui als entrenaments despr\u00e9s de gaudir d'un dia de descans post Lliga&hellip;","canonical":"https:\/\/villarrealcf.es\/val\/tornada-al-treball-amb-la-mirada-posada-en-el-getafe\/"}},"_links":{"self":[{"href":"https:\/\/villarrealcf.es\/val\/wp-json\/wp\/v2\/posts\/221874","targetHints":{"allow":["GET"]}}],"collection":[{"href":"https:\/\/villarrealcf.es\/val\/wp-json\/wp\/v2\/posts"}],"about":[{"href":"https:\/\/villarrealcf.es\/val\/wp-json\/wp\/v2\/types\/post"}],"author":[{"embeddable":true,"href":"https:\/\/villarrealcf.es\/val\/wp-json\/wp\/v2\/users\/1"}],"replies":[{"embeddable":true,"href":"https:\/\/villarrealcf.es\/val\/wp-json\/wp\/v2\/comments?post=221874"}],"version-history":[{"count":0,"href":"https:\/\/villarrealcf.es\/val\/wp-json\/wp\/v2\/posts\/221874\/revisions"}],"wp:featuredmedia":[{"embeddable":true,"href":"https:\/\/villarrealcf.es\/val\/wp-json\/wp\/v2\/media\/176026"}],"wp:attachment":[{"href":"https:\/\/villarrealcf.es\/val\/wp-json\/wp\/v2\/media?parent=221874"}],"wp:term":[{"taxonomy":"category","embeddable":true,"href":"https:\/\/villarrealcf.es\/val\/wp-json\/wp\/v2\/categories?post=221874"},{"taxonomy":"post_tag","embeddable":true,"href":"https:\/\/villarrealcf.es\/val\/wp-json\/wp\/v2\/tags?post=221874"}],"curies":[{"name":"wp","href":"https:\/\/api.w.org\/{rel}","templated":true}]}}