{"id":221824,"date":"2021-10-30T18:31:43","date_gmt":"2021-10-30T16:31:43","guid":{"rendered":"https:\/\/villarrealcf.es\/\/el-villarreal-cau-en-mestalla-2-0\/"},"modified":"2021-10-30T18:31:43","modified_gmt":"2021-10-30T16:31:43","slug":"el-villarreal-cau-en-mestalla-2-0","status":"publish","type":"post","link":"https:\/\/villarrealcf.es\/val\/el-villarreal-cau-en-mestalla-2-0\/","title":{"rendered":"El Villarreal cau en Mestalla (2-0)"},"content":{"protected":false,"blocks":[{"type":"image","url":"https:\/\/villarrealcf.es\/\/wp-content\/uploads\/2021\/10\/db5407dfd9b3f163e1a65460e46071d7.jpg","alt":"||||||","width":819,"height":460,"srcset":"https:\/\/villarrealcf.es\/wp-content\/uploads\/2021\/10\/db5407dfd9b3f163e1a65460e46071d7.jpg 819w, https:\/\/villarrealcf.es\/\/wp-content\/uploads\/2021\/10\/db5407dfd9b3f163e1a65460e46071d7.jpg 1920w, https:\/\/villarrealcf.es\/\/wp-content\/uploads\/2021\/10\/db5407dfd9b3f163e1a65460e46071d7.jpg 1920w, https:\/\/villarrealcf.es\/\/wp-content\/uploads\/2021\/10\/db5407dfd9b3f163e1a65460e46071d7.jpg 1920w, https:\/\/villarrealcf.es\/wp-content\/uploads\/2021\/10\/db5407dfd9b3f163e1a65460e46071d7-32x18.jpg 32w, https:\/\/villarrealcf.es\/wp-content\/uploads\/2021\/10\/db5407dfd9b3f163e1a65460e46071d7-150x84.jpg 150w, https:\/\/villarrealcf.es\/\/wp-content\/uploads\/2021\/10\/db5407dfd9b3f163e1a65460e46071d7.jpg 1920w","sizes":"auto, (max-width: 819px) 100vw, 819px"},{"type":"paragraph","text":"El Submar\u00ed ha caigut enfront del Valencia en un partit que va comen\u00e7ar dominant, per\u00f2 en el qual no va trobar el gol"},{"type":"paragraph","text":"El Villarreal va caure enfront del Valencia a Mestalla (2-0) en una trobada complicada per al quadre groc, que no va renunciar al seu estil davant la f\u00e8rria defensa valencianista, per\u00f2 en el qual no va trobar el premi del gol. Els gols d\u2019Hugo Guillam\u00f3n i Carlos Soler, de penal, van decantar el partit de part de l\u2019equip local."},{"type":"paragraph","text":"El Villarreal va comen\u00e7ar l\u2019enfrontament fent-se amb el control de la pilota i creant perill prop de l\u2019\u00e0rea rival. En el minut 5, a punt van estar Aurier i Capoue de rematar una falta botada extraordin\u00e0riament per Parejo. El desequilibri de Danjuma pel costat esquerre i la pressi\u00f3 rere p\u00e8rdua d\u2019homes com Capoue o Coquelin posaven en serioses dificultats al conjunt valencianista, tancat arrere durant els primers compassos."},{"type":"paragraph","text":"El propi Danjuma va tindre una ocasi\u00f3 clara en rebre una passada en profunditat i rematar una pilota que va marxar a l\u2019esquerra de la porteria de Cillessen. Poc despr\u00e9s, Coquelin, de cap a l\u2019eixida d\u2019un c\u00f3rner, tamb\u00e9 va poder anotar el primer punt de la vesprada. No obstant aix\u00f2, la millor ocasi\u00f3 de la primera meitat, va eixir de les botes d\u2019Aurier, que va rematar de primeres un altre servei de cantonada i va obligar el portera rival a realitzar una magn\u00edfica atallada. Abans del descans, Guillam\u00f3n va anotar el primer gol del partit en una jugada que va comen\u00e7ar amb una treta de banda valencianista."},{"type":"paragraph","text":"En la segona meitat, el Villarreal va anar de menys a m\u00e9s. Albiol va estar impecable salvant baix pals el tir de Guedes, que ja havia regatejat a Rulli. No obstant aix\u00f2, Carlos Soler va ficar el segon gol del partit des dels onze metres. El xoc es va posar molt complicat per al conjunt groguet, que el va continuar intentant i va acabar el partit tancant de nou a l\u2019equip che. Finalment, el Submar\u00ed no va poder voltejar el marcador."},{"type":"paragraph","text":"El seg\u00fcent comprom\u00eds del Villarreal tindr\u00e0 lloc dimarts que ve, 2 de novembre, a les 21.00 hores en l\u2019Estadi de la Cer\u00e0mica davant el Young Boys, en el partit corresponent a la Jornada 4 de la fase de grups de la Lliga de Campions."},{"type":"paragraph","text":"Fitxa t\u00e8cnica:"},{"type":"list","style":"ul","items":["Valencia CF: Cillessen; Foulquier, Hugo G., G. Paulista (m. 72, Diakhaby), Omar Alderete, Gay\u00e0 (m. 82, Piccini); H\u00e9lder Costa, Racic (m. 53, Carlos Soler), Wass; Guedes (m. 82, Hugo Duro) i Marcos Andr\u00e9 (m. 72, Thierry Correia).","Villarreal CF: Rulli; Serge Aurier, R. Albiol, Pau, Estupi\u00f1\u00e1n (m. 71, Alberto M.); Parejo (m. 46, Chukwueze), Capoue (m. 61, M. Trigueros), Coquelin; Moi G\u00f3mez (m. 71, Paco Alc\u00e1cer), Yeremy (m. 46, Dia) i Danjuma.","Gols: 1-0. Min. 43: Hugo G.. 2-0. Min. 77: Carlos Soler (p).","\u00c0rbitre: Munuera Montero (Comit\u00e9 Andal\u00fas). Va amonestar als locals Hugo G. i Omar Alderete i als visitants Danjuma, M. Trigueros, R. Albiol i Chukwueze.","Incid\u00e8ncies: Partit entre el Valencia CF y el Villarreal CF corresponent a la Jornada 12 de LaLiga disputat en Mestalla."]}],"structured":{"summary":{"text":"El Submar\u00ed ha caigut enfront del Valencia en un partit que va comen\u00e7ar dominant, per\u00f2 en el qual no va trobar el gol El Villarreal va caure enfront del Valencia a Mestalla (2-0) en una trobada complicada per al quadre groc, que no va renunciar al seu estil davant la f\u00e8rria defensa valencianista, per\u00f2 en el qual no va trobar el premi del gol. Els gols d\u2019Hugo Guillam\u00f3n i Carlos Soler, de penal, van decantar el partit de part de l\u2019equip local. El Villarreal va comen\u00e7ar l\u2019enfrontament fent-se amb el control de la pilota i creant perill prop de l\u2019\u00e0rea rival. En el minut 5, a punt van estar Aurier i Capoue de rematar una falta botada extraordin\u00e0riament per Parejo. El desequilibri de Danjuma pel costat esquerre i la pressi\u00f3 rere p\u00e8rdua d\u2019homes com Capoue o Coquelin posaven en serioses dificultats al conjunt valencianista, tancat arrere durant els primers compassos. El propi Danjuma va tindre una ocasi\u00f3 clara en rebre una passada en profunditat i rematar una pilota que va marxar a l\u2019esquerra de la porteria de Cillessen. Poc despr\u00e9s, Coquelin, de cap a l\u2019eixida d\u2019un c\u00f3rner, tamb\u00e9 va poder anotar el primer punt de la vesprada. No obstant aix\u00f2, la millor ocasi\u00f3 de la primera meitat, va eixir de les botes d\u2019Aurier, que va rematar de primeres un altre servei de cantonada i va obligar el portera rival a realitzar una magn\u00edfica atallada. Abans del descans, Guillam\u00f3n va anotar el primer gol del partit en una jugada que va comen\u00e7ar amb una treta de banda valencianista. En la segona meitat, el Villarreal va anar de menys a m\u00e9s. Albiol va estar impecable salvant baix pals el tir de Guedes, que ja havia regatejat a Rulli. No obstant aix\u00f2, Carlos Soler va ficar el segon gol del partit des dels onze metres. El xoc es va posar molt complicat per al conjunt groguet, que el va continuar intentant i va acabar el partit tancant de nou a l\u2019equip che. Finalment, el Submar\u00ed no va poder voltejar el marcador. El seg\u00fcent comprom\u00eds del Villarreal tindr\u00e0 lloc dimarts que ve, 2 de novembre, a les 21.00 hores en l\u2019Estadi de la Cer\u00e0mica davant el Young Boys, en el partit corresponent a la Jornada 4 de la fase de grups de la Lliga de Campions. Fitxa t\u00e8cnica: Valencia CF: Cillessen; Foulquier, Hugo G., G. Paulista (m. 72, Diakhaby), Omar Alderete, Gay\u00e0 (m. 82, Piccini); H\u00e9lder Costa, Racic (m. 53, Carlos Soler), Wass; Guedes (m. 82, Hugo Duro) i Marcos Andr\u00e9 (m. 72, Thierry Correia). Villarreal CF: Rulli; Serge Aurier, R. Albiol, Pau, Estupi\u00f1\u00e1n (m. 71, Alberto M.); Parejo (m. 46, Chukwueze), Capoue (m. 61, M. Trigueros), Coquelin; Moi G\u00f3mez (m. 71, Paco Alc\u00e1cer), Yeremy (m. 46, Dia) i Danjuma. Gols: 1-0. Min. 43: Hugo G.. 2-0. Min. 77: Carlos Soler (p). \u00c0rbitre: Munuera Montero (Comit\u00e9 Andal\u00fas). Va amonestar als locals Hugo G. i Omar Alderete i als visitants Danjuma, M. Trigueros, R. Albiol i Chukwueze. Incid\u00e8ncies: Partit entre el Valencia CF y el Villarreal CF corresponent a la Jornada 12 de LaLiga disputat en Mestalla.","headings":[],"buttons":[],"images":[{"type":"image","url":"https:\/\/villarrealcf.es\/\/wp-content\/uploads\/2021\/10\/db5407dfd9b3f163e1a65460e46071d7.jpg","alt":"||||||","width":819,"height":460,"srcset":"https:\/\/villarrealcf.es\/wp-content\/uploads\/2021\/10\/db5407dfd9b3f163e1a65460e46071d7.jpg 819w, https:\/\/villarrealcf.es\/\/wp-content\/uploads\/2021\/10\/db5407dfd9b3f163e1a65460e46071d7.jpg 1920w, https:\/\/villarrealcf.es\/\/wp-content\/uploads\/2021\/10\/db5407dfd9b3f163e1a65460e46071d7.jpg 1920w, https:\/\/villarrealcf.es\/\/wp-content\/uploads\/2021\/10\/db5407dfd9b3f163e1a65460e46071d7.jpg 1920w, https:\/\/villarrealcf.es\/wp-content\/uploads\/2021\/10\/db5407dfd9b3f163e1a65460e46071d7-32x18.jpg 32w, https:\/\/villarrealcf.es\/wp-content\/uploads\/2021\/10\/db5407dfd9b3f163e1a65460e46071d7-150x84.jpg 150w, https:\/\/villarrealcf.es\/\/wp-content\/uploads\/2021\/10\/db5407dfd9b3f163e1a65460e46071d7.jpg 1920w","sizes":"auto, (max-width: 819px) 100vw, 819px"}],"counts":{"blocks":9,"headings":0,"texts":7,"buttons":0,"images":1}},"sections":[{"id":"section-1","title":"","text":"El Submar\u00ed ha caigut enfront del Valencia en un partit que va comen\u00e7ar dominant, per\u00f2 en el qual no va trobar el gol El Villarreal va caure enfront del Valencia a Mestalla (2-0) en una trobada complicada per al quadre groc, que no va renunciar al seu estil davant la f\u00e8rria defensa valencianista, per\u00f2 en el qual no va trobar el premi del gol. Els gols d\u2019Hugo Guillam\u00f3n i Carlos Soler, de penal, van decantar el partit de part de l\u2019equip local. El Villarreal va comen\u00e7ar l\u2019enfrontament fent-se amb el control de la pilota i creant perill prop de l\u2019\u00e0rea rival. En el minut 5, a punt van estar Aurier i Capoue de rematar una falta botada extraordin\u00e0riament per Parejo. El desequilibri de Danjuma pel costat esquerre i la pressi\u00f3 rere p\u00e8rdua d\u2019homes com Capoue o Coquelin posaven en serioses dificultats al conjunt valencianista, tancat arrere durant els primers compassos. El propi Danjuma va tindre una ocasi\u00f3 clara en rebre una passada en profunditat i rematar una pilota que va marxar a l\u2019esquerra de la porteria de Cillessen. Poc despr\u00e9s, Coquelin, de cap a l\u2019eixida d\u2019un c\u00f3rner, tamb\u00e9 va poder anotar el primer punt de la vesprada. No obstant aix\u00f2, la millor ocasi\u00f3 de la primera meitat, va eixir de les botes d\u2019Aurier, que va rematar de primeres un altre servei de cantonada i va obligar el portera rival a realitzar una magn\u00edfica atallada. Abans del descans, Guillam\u00f3n va anotar el primer gol del partit en una jugada que va comen\u00e7ar amb una treta de banda valencianista. En la segona meitat, el Villarreal va anar de menys a m\u00e9s. Albiol va estar impecable salvant baix pals el tir de Guedes, que ja havia regatejat a Rulli. No obstant aix\u00f2, Carlos Soler va ficar el segon gol del partit des dels onze metres. El xoc es va posar molt complicat per al conjunt groguet, que el va continuar intentant i va acabar el partit tancant de nou a l\u2019equip che. Finalment, el Submar\u00ed no va poder voltejar el marcador. El seg\u00fcent comprom\u00eds del Villarreal tindr\u00e0 lloc dimarts que ve, 2 de novembre, a les 21.00 hores en l\u2019Estadi de la Cer\u00e0mica davant el Young Boys, en el partit corresponent a la Jornada 4 de la fase de grups de la Lliga de Campions. Fitxa t\u00e8cnica:","headings":[],"texts":[{"type":"paragraph","text":"El Submar\u00ed ha caigut enfront del Valencia en un partit que va comen\u00e7ar dominant, per\u00f2 en el qual no va trobar el gol"},{"type":"paragraph","text":"El Villarreal va caure enfront del Valencia a Mestalla (2-0) en una trobada complicada per al quadre groc, que no va renunciar al seu estil davant la f\u00e8rria defensa valencianista, per\u00f2 en el qual no va trobar el premi del gol. Els gols d\u2019Hugo Guillam\u00f3n i Carlos Soler, de penal, van decantar el partit de part de l\u2019equip local."},{"type":"paragraph","text":"El Villarreal va comen\u00e7ar l\u2019enfrontament fent-se amb el control de la pilota i creant perill prop de l\u2019\u00e0rea rival. En el minut 5, a punt van estar Aurier i Capoue de rematar una falta botada extraordin\u00e0riament per Parejo. El desequilibri de Danjuma pel costat esquerre i la pressi\u00f3 rere p\u00e8rdua d\u2019homes com Capoue o Coquelin posaven en serioses dificultats al conjunt valencianista, tancat arrere durant els primers compassos."},{"type":"paragraph","text":"El propi Danjuma va tindre una ocasi\u00f3 clara en rebre una passada en profunditat i rematar una pilota que va marxar a l\u2019esquerra de la porteria de Cillessen. Poc despr\u00e9s, Coquelin, de cap a l\u2019eixida d\u2019un c\u00f3rner, tamb\u00e9 va poder anotar el primer punt de la vesprada. No obstant aix\u00f2, la millor ocasi\u00f3 de la primera meitat, va eixir de les botes d\u2019Aurier, que va rematar de primeres un altre servei de cantonada i va obligar el portera rival a realitzar una magn\u00edfica atallada. Abans del descans, Guillam\u00f3n va anotar el primer gol del partit en una jugada que va comen\u00e7ar amb una treta de banda valencianista."},{"type":"paragraph","text":"En la segona meitat, el Villarreal va anar de menys a m\u00e9s. Albiol va estar impecable salvant baix pals el tir de Guedes, que ja havia regatejat a Rulli. No obstant aix\u00f2, Carlos Soler va ficar el segon gol del partit des dels onze metres. El xoc es va posar molt complicat per al conjunt groguet, que el va continuar intentant i va acabar el partit tancant de nou a l\u2019equip che. Finalment, el Submar\u00ed no va poder voltejar el marcador."},{"type":"paragraph","text":"El seg\u00fcent comprom\u00eds del Villarreal tindr\u00e0 lloc dimarts que ve, 2 de novembre, a les 21.00 hores en l\u2019Estadi de la Cer\u00e0mica davant el Young Boys, en el partit corresponent a la Jornada 4 de la fase de grups de la Lliga de Campions."},{"type":"paragraph","text":"Fitxa t\u00e8cnica:"}],"buttons":[],"images":[{"type":"image","url":"https:\/\/villarrealcf.es\/\/wp-content\/uploads\/2021\/10\/db5407dfd9b3f163e1a65460e46071d7.jpg","alt":"||||||","width":819,"height":460,"srcset":"https:\/\/villarrealcf.es\/wp-content\/uploads\/2021\/10\/db5407dfd9b3f163e1a65460e46071d7.jpg 819w, https:\/\/villarrealcf.es\/\/wp-content\/uploads\/2021\/10\/db5407dfd9b3f163e1a65460e46071d7.jpg 1920w, https:\/\/villarrealcf.es\/\/wp-content\/uploads\/2021\/10\/db5407dfd9b3f163e1a65460e46071d7.jpg 1920w, https:\/\/villarrealcf.es\/\/wp-content\/uploads\/2021\/10\/db5407dfd9b3f163e1a65460e46071d7.jpg 1920w, https:\/\/villarrealcf.es\/wp-content\/uploads\/2021\/10\/db5407dfd9b3f163e1a65460e46071d7-32x18.jpg 32w, https:\/\/villarrealcf.es\/wp-content\/uploads\/2021\/10\/db5407dfd9b3f163e1a65460e46071d7-150x84.jpg 150w, https:\/\/villarrealcf.es\/\/wp-content\/uploads\/2021\/10\/db5407dfd9b3f163e1a65460e46071d7.jpg 1920w","sizes":"auto, (max-width: 819px) 100vw, 819px"}],"widgets":[],"blocks":[{"type":"image","url":"https:\/\/villarrealcf.es\/\/wp-content\/uploads\/2021\/10\/db5407dfd9b3f163e1a65460e46071d7.jpg","alt":"||||||","width":819,"height":460,"srcset":"https:\/\/villarrealcf.es\/wp-content\/uploads\/2021\/10\/db5407dfd9b3f163e1a65460e46071d7.jpg 819w, https:\/\/villarrealcf.es\/\/wp-content\/uploads\/2021\/10\/db5407dfd9b3f163e1a65460e46071d7.jpg 1920w, https:\/\/villarrealcf.es\/\/wp-content\/uploads\/2021\/10\/db5407dfd9b3f163e1a65460e46071d7.jpg 1920w, https:\/\/villarrealcf.es\/\/wp-content\/uploads\/2021\/10\/db5407dfd9b3f163e1a65460e46071d7.jpg 1920w, https:\/\/villarrealcf.es\/wp-content\/uploads\/2021\/10\/db5407dfd9b3f163e1a65460e46071d7-32x18.jpg 32w, https:\/\/villarrealcf.es\/wp-content\/uploads\/2021\/10\/db5407dfd9b3f163e1a65460e46071d7-150x84.jpg 150w, https:\/\/villarrealcf.es\/\/wp-content\/uploads\/2021\/10\/db5407dfd9b3f163e1a65460e46071d7.jpg 1920w","sizes":"auto, (max-width: 819px) 100vw, 819px"},{"type":"paragraph","text":"El Submar\u00ed ha caigut enfront del Valencia en un partit que va comen\u00e7ar dominant, per\u00f2 en el qual no va trobar el gol"},{"type":"paragraph","text":"El Villarreal va caure enfront del Valencia a Mestalla (2-0) en una trobada complicada per al quadre groc, que no va renunciar al seu estil davant la f\u00e8rria defensa valencianista, per\u00f2 en el qual no va trobar el premi del gol. Els gols d\u2019Hugo Guillam\u00f3n i Carlos Soler, de penal, van decantar el partit de part de l\u2019equip local."},{"type":"paragraph","text":"El Villarreal va comen\u00e7ar l\u2019enfrontament fent-se amb el control de la pilota i creant perill prop de l\u2019\u00e0rea rival. En el minut 5, a punt van estar Aurier i Capoue de rematar una falta botada extraordin\u00e0riament per Parejo. El desequilibri de Danjuma pel costat esquerre i la pressi\u00f3 rere p\u00e8rdua d\u2019homes com Capoue o Coquelin posaven en serioses dificultats al conjunt valencianista, tancat arrere durant els primers compassos."},{"type":"paragraph","text":"El propi Danjuma va tindre una ocasi\u00f3 clara en rebre una passada en profunditat i rematar una pilota que va marxar a l\u2019esquerra de la porteria de Cillessen. Poc despr\u00e9s, Coquelin, de cap a l\u2019eixida d\u2019un c\u00f3rner, tamb\u00e9 va poder anotar el primer punt de la vesprada. No obstant aix\u00f2, la millor ocasi\u00f3 de la primera meitat, va eixir de les botes d\u2019Aurier, que va rematar de primeres un altre servei de cantonada i va obligar el portera rival a realitzar una magn\u00edfica atallada. Abans del descans, Guillam\u00f3n va anotar el primer gol del partit en una jugada que va comen\u00e7ar amb una treta de banda valencianista."},{"type":"paragraph","text":"En la segona meitat, el Villarreal va anar de menys a m\u00e9s. Albiol va estar impecable salvant baix pals el tir de Guedes, que ja havia regatejat a Rulli. No obstant aix\u00f2, Carlos Soler va ficar el segon gol del partit des dels onze metres. El xoc es va posar molt complicat per al conjunt groguet, que el va continuar intentant i va acabar el partit tancant de nou a l\u2019equip che. Finalment, el Submar\u00ed no va poder voltejar el marcador."},{"type":"paragraph","text":"El seg\u00fcent comprom\u00eds del Villarreal tindr\u00e0 lloc dimarts que ve, 2 de novembre, a les 21.00 hores en l\u2019Estadi de la Cer\u00e0mica davant el Young Boys, en el partit corresponent a la Jornada 4 de la fase de grups de la Lliga de Campions."},{"type":"paragraph","text":"Fitxa t\u00e8cnica:"},{"type":"list","style":"ul","items":["Valencia CF: Cillessen; Foulquier, Hugo G., G. Paulista (m. 72, Diakhaby), Omar Alderete, Gay\u00e0 (m. 82, Piccini); H\u00e9lder Costa, Racic (m. 53, Carlos Soler), Wass; Guedes (m. 82, Hugo Duro) i Marcos Andr\u00e9 (m. 72, Thierry Correia).","Villarreal CF: Rulli; Serge Aurier, R. Albiol, Pau, Estupi\u00f1\u00e1n (m. 71, Alberto M.); Parejo (m. 46, Chukwueze), Capoue (m. 61, M. Trigueros), Coquelin; Moi G\u00f3mez (m. 71, Paco Alc\u00e1cer), Yeremy (m. 46, Dia) i Danjuma.","Gols: 1-0. Min. 43: Hugo G.. 2-0. Min. 77: Carlos Soler (p).","\u00c0rbitre: Munuera Montero (Comit\u00e9 Andal\u00fas). Va amonestar als locals Hugo G. i Omar Alderete i als visitants Danjuma, M. Trigueros, R. Albiol i Chukwueze.","Incid\u00e8ncies: Partit entre el Valencia CF y el Villarreal CF corresponent a la Jornada 12 de LaLiga disputat en Mestalla."]}]}],"hero":{"id":"section-1","title":"","text":"El Submar\u00ed ha caigut enfront del Valencia en un partit que va comen\u00e7ar dominant, per\u00f2 en el qual no va trobar el gol El Villarreal va caure enfront del Valencia a Mestalla (2-0) en una trobada complicada per al quadre groc, que no va renunciar al seu estil davant la f\u00e8rria defensa valencianista, per\u00f2 en el qual no va trobar el premi del gol. Els gols d\u2019Hugo Guillam\u00f3n i Carlos Soler, de penal, van decantar el partit de part de l\u2019equip local. El Villarreal va comen\u00e7ar l\u2019enfrontament fent-se amb el control de la pilota i creant perill prop de l\u2019\u00e0rea rival. En el minut 5, a punt van estar Aurier i Capoue de rematar una falta botada extraordin\u00e0riament per Parejo. El desequilibri de Danjuma pel costat esquerre i la pressi\u00f3 rere p\u00e8rdua d\u2019homes com Capoue o Coquelin posaven en serioses dificultats al conjunt valencianista, tancat arrere durant els primers compassos. El propi Danjuma va tindre una ocasi\u00f3 clara en rebre una passada en profunditat i rematar una pilota que va marxar a l\u2019esquerra de la porteria de Cillessen. Poc despr\u00e9s, Coquelin, de cap a l\u2019eixida d\u2019un c\u00f3rner, tamb\u00e9 va poder anotar el primer punt de la vesprada. No obstant aix\u00f2, la millor ocasi\u00f3 de la primera meitat, va eixir de les botes d\u2019Aurier, que va rematar de primeres un altre servei de cantonada i va obligar el portera rival a realitzar una magn\u00edfica atallada. Abans del descans, Guillam\u00f3n va anotar el primer gol del partit en una jugada que va comen\u00e7ar amb una treta de banda valencianista. En la segona meitat, el Villarreal va anar de menys a m\u00e9s. Albiol va estar impecable salvant baix pals el tir de Guedes, que ja havia regatejat a Rulli. No obstant aix\u00f2, Carlos Soler va ficar el segon gol del partit des dels onze metres. El xoc es va posar molt complicat per al conjunt groguet, que el va continuar intentant i va acabar el partit tancant de nou a l\u2019equip che. Finalment, el Submar\u00ed no va poder voltejar el marcador. El seg\u00fcent comprom\u00eds del Villarreal tindr\u00e0 lloc dimarts que ve, 2 de novembre, a les 21.00 hores en l\u2019Estadi de la Cer\u00e0mica davant el Young Boys, en el partit corresponent a la Jornada 4 de la fase de grups de la Lliga de Campions. Fitxa t\u00e8cnica:","headings":[],"texts":[{"type":"paragraph","text":"El Submar\u00ed ha caigut enfront del Valencia en un partit que va comen\u00e7ar dominant, per\u00f2 en el qual no va trobar el gol"},{"type":"paragraph","text":"El Villarreal va caure enfront del Valencia a Mestalla (2-0) en una trobada complicada per al quadre groc, que no va renunciar al seu estil davant la f\u00e8rria defensa valencianista, per\u00f2 en el qual no va trobar el premi del gol. Els gols d\u2019Hugo Guillam\u00f3n i Carlos Soler, de penal, van decantar el partit de part de l\u2019equip local."},{"type":"paragraph","text":"El Villarreal va comen\u00e7ar l\u2019enfrontament fent-se amb el control de la pilota i creant perill prop de l\u2019\u00e0rea rival. En el minut 5, a punt van estar Aurier i Capoue de rematar una falta botada extraordin\u00e0riament per Parejo. El desequilibri de Danjuma pel costat esquerre i la pressi\u00f3 rere p\u00e8rdua d\u2019homes com Capoue o Coquelin posaven en serioses dificultats al conjunt valencianista, tancat arrere durant els primers compassos."},{"type":"paragraph","text":"El propi Danjuma va tindre una ocasi\u00f3 clara en rebre una passada en profunditat i rematar una pilota que va marxar a l\u2019esquerra de la porteria de Cillessen. Poc despr\u00e9s, Coquelin, de cap a l\u2019eixida d\u2019un c\u00f3rner, tamb\u00e9 va poder anotar el primer punt de la vesprada. No obstant aix\u00f2, la millor ocasi\u00f3 de la primera meitat, va eixir de les botes d\u2019Aurier, que va rematar de primeres un altre servei de cantonada i va obligar el portera rival a realitzar una magn\u00edfica atallada. Abans del descans, Guillam\u00f3n va anotar el primer gol del partit en una jugada que va comen\u00e7ar amb una treta de banda valencianista."},{"type":"paragraph","text":"En la segona meitat, el Villarreal va anar de menys a m\u00e9s. Albiol va estar impecable salvant baix pals el tir de Guedes, que ja havia regatejat a Rulli. No obstant aix\u00f2, Carlos Soler va ficar el segon gol del partit des dels onze metres. El xoc es va posar molt complicat per al conjunt groguet, que el va continuar intentant i va acabar el partit tancant de nou a l\u2019equip che. Finalment, el Submar\u00ed no va poder voltejar el marcador."},{"type":"paragraph","text":"El seg\u00fcent comprom\u00eds del Villarreal tindr\u00e0 lloc dimarts que ve, 2 de novembre, a les 21.00 hores en l\u2019Estadi de la Cer\u00e0mica davant el Young Boys, en el partit corresponent a la Jornada 4 de la fase de grups de la Lliga de Campions."},{"type":"paragraph","text":"Fitxa t\u00e8cnica:"}],"buttons":[],"images":[{"type":"image","url":"https:\/\/villarrealcf.es\/\/wp-content\/uploads\/2021\/10\/db5407dfd9b3f163e1a65460e46071d7.jpg","alt":"||||||","width":819,"height":460,"srcset":"https:\/\/villarrealcf.es\/wp-content\/uploads\/2021\/10\/db5407dfd9b3f163e1a65460e46071d7.jpg 819w, https:\/\/villarrealcf.es\/\/wp-content\/uploads\/2021\/10\/db5407dfd9b3f163e1a65460e46071d7.jpg 1920w, https:\/\/villarrealcf.es\/\/wp-content\/uploads\/2021\/10\/db5407dfd9b3f163e1a65460e46071d7.jpg 1920w, https:\/\/villarrealcf.es\/\/wp-content\/uploads\/2021\/10\/db5407dfd9b3f163e1a65460e46071d7.jpg 1920w, https:\/\/villarrealcf.es\/wp-content\/uploads\/2021\/10\/db5407dfd9b3f163e1a65460e46071d7-32x18.jpg 32w, https:\/\/villarrealcf.es\/wp-content\/uploads\/2021\/10\/db5407dfd9b3f163e1a65460e46071d7-150x84.jpg 150w, https:\/\/villarrealcf.es\/\/wp-content\/uploads\/2021\/10\/db5407dfd9b3f163e1a65460e46071d7.jpg 1920w","sizes":"auto, (max-width: 819px) 100vw, 819px"}],"widgets":[],"blocks":[{"type":"image","url":"https:\/\/villarrealcf.es\/\/wp-content\/uploads\/2021\/10\/db5407dfd9b3f163e1a65460e46071d7.jpg","alt":"||||||","width":819,"height":460,"srcset":"https:\/\/villarrealcf.es\/wp-content\/uploads\/2021\/10\/db5407dfd9b3f163e1a65460e46071d7.jpg 819w, https:\/\/villarrealcf.es\/\/wp-content\/uploads\/2021\/10\/db5407dfd9b3f163e1a65460e46071d7.jpg 1920w, https:\/\/villarrealcf.es\/\/wp-content\/uploads\/2021\/10\/db5407dfd9b3f163e1a65460e46071d7.jpg 1920w, https:\/\/villarrealcf.es\/\/wp-content\/uploads\/2021\/10\/db5407dfd9b3f163e1a65460e46071d7.jpg 1920w, https:\/\/villarrealcf.es\/wp-content\/uploads\/2021\/10\/db5407dfd9b3f163e1a65460e46071d7-32x18.jpg 32w, https:\/\/villarrealcf.es\/wp-content\/uploads\/2021\/10\/db5407dfd9b3f163e1a65460e46071d7-150x84.jpg 150w, https:\/\/villarrealcf.es\/\/wp-content\/uploads\/2021\/10\/db5407dfd9b3f163e1a65460e46071d7.jpg 1920w","sizes":"auto, (max-width: 819px) 100vw, 819px"},{"type":"paragraph","text":"El Submar\u00ed ha caigut enfront del Valencia en un partit que va comen\u00e7ar dominant, per\u00f2 en el qual no va trobar el gol"},{"type":"paragraph","text":"El Villarreal va caure enfront del Valencia a Mestalla (2-0) en una trobada complicada per al quadre groc, que no va renunciar al seu estil davant la f\u00e8rria defensa valencianista, per\u00f2 en el qual no va trobar el premi del gol. Els gols d\u2019Hugo Guillam\u00f3n i Carlos Soler, de penal, van decantar el partit de part de l\u2019equip local."},{"type":"paragraph","text":"El Villarreal va comen\u00e7ar l\u2019enfrontament fent-se amb el control de la pilota i creant perill prop de l\u2019\u00e0rea rival. En el minut 5, a punt van estar Aurier i Capoue de rematar una falta botada extraordin\u00e0riament per Parejo. El desequilibri de Danjuma pel costat esquerre i la pressi\u00f3 rere p\u00e8rdua d\u2019homes com Capoue o Coquelin posaven en serioses dificultats al conjunt valencianista, tancat arrere durant els primers compassos."},{"type":"paragraph","text":"El propi Danjuma va tindre una ocasi\u00f3 clara en rebre una passada en profunditat i rematar una pilota que va marxar a l\u2019esquerra de la porteria de Cillessen. Poc despr\u00e9s, Coquelin, de cap a l\u2019eixida d\u2019un c\u00f3rner, tamb\u00e9 va poder anotar el primer punt de la vesprada. No obstant aix\u00f2, la millor ocasi\u00f3 de la primera meitat, va eixir de les botes d\u2019Aurier, que va rematar de primeres un altre servei de cantonada i va obligar el portera rival a realitzar una magn\u00edfica atallada. Abans del descans, Guillam\u00f3n va anotar el primer gol del partit en una jugada que va comen\u00e7ar amb una treta de banda valencianista."},{"type":"paragraph","text":"En la segona meitat, el Villarreal va anar de menys a m\u00e9s. Albiol va estar impecable salvant baix pals el tir de Guedes, que ja havia regatejat a Rulli. No obstant aix\u00f2, Carlos Soler va ficar el segon gol del partit des dels onze metres. El xoc es va posar molt complicat per al conjunt groguet, que el va continuar intentant i va acabar el partit tancant de nou a l\u2019equip che. Finalment, el Submar\u00ed no va poder voltejar el marcador."},{"type":"paragraph","text":"El seg\u00fcent comprom\u00eds del Villarreal tindr\u00e0 lloc dimarts que ve, 2 de novembre, a les 21.00 hores en l\u2019Estadi de la Cer\u00e0mica davant el Young Boys, en el partit corresponent a la Jornada 4 de la fase de grups de la Lliga de Campions."},{"type":"paragraph","text":"Fitxa t\u00e8cnica:"},{"type":"list","style":"ul","items":["Valencia CF: Cillessen; Foulquier, Hugo G., G. Paulista (m. 72, Diakhaby), Omar Alderete, Gay\u00e0 (m. 82, Piccini); H\u00e9lder Costa, Racic (m. 53, Carlos Soler), Wass; Guedes (m. 82, Hugo Duro) i Marcos Andr\u00e9 (m. 72, Thierry Correia).","Villarreal CF: Rulli; Serge Aurier, R. Albiol, Pau, Estupi\u00f1\u00e1n (m. 71, Alberto M.); Parejo (m. 46, Chukwueze), Capoue (m. 61, M. Trigueros), Coquelin; Moi G\u00f3mez (m. 71, Paco Alc\u00e1cer), Yeremy (m. 46, Dia) i Danjuma.","Gols: 1-0. Min. 43: Hugo G.. 2-0. Min. 77: Carlos Soler (p).","\u00c0rbitre: Munuera Montero (Comit\u00e9 Andal\u00fas). Va amonestar als locals Hugo G. i Omar Alderete i als visitants Danjuma, M. Trigueros, R. Albiol i Chukwueze.","Incid\u00e8ncies: Partit entre el Valencia CF y el Villarreal CF corresponent a la Jornada 12 de LaLiga disputat en Mestalla."]}]}},"sections":[{"id":"section-1","title":"","text":"El Submar\u00ed ha caigut enfront del Valencia en un partit que va comen\u00e7ar dominant, per\u00f2 en el qual no va trobar el gol El Villarreal va caure enfront del Valencia a Mestalla (2-0) en una trobada complicada per al quadre groc, que no va renunciar al seu estil davant la f\u00e8rria defensa valencianista, per\u00f2 en el qual no va trobar el premi del gol. Els gols d\u2019Hugo Guillam\u00f3n i Carlos Soler, de penal, van decantar el partit de part de l\u2019equip local. El Villarreal va comen\u00e7ar l\u2019enfrontament fent-se amb el control de la pilota i creant perill prop de l\u2019\u00e0rea rival. En el minut 5, a punt van estar Aurier i Capoue de rematar una falta botada extraordin\u00e0riament per Parejo. El desequilibri de Danjuma pel costat esquerre i la pressi\u00f3 rere p\u00e8rdua d\u2019homes com Capoue o Coquelin posaven en serioses dificultats al conjunt valencianista, tancat arrere durant els primers compassos. El propi Danjuma va tindre una ocasi\u00f3 clara en rebre una passada en profunditat i rematar una pilota que va marxar a l\u2019esquerra de la porteria de Cillessen. Poc despr\u00e9s, Coquelin, de cap a l\u2019eixida d\u2019un c\u00f3rner, tamb\u00e9 va poder anotar el primer punt de la vesprada. No obstant aix\u00f2, la millor ocasi\u00f3 de la primera meitat, va eixir de les botes d\u2019Aurier, que va rematar de primeres un altre servei de cantonada i va obligar el portera rival a realitzar una magn\u00edfica atallada. Abans del descans, Guillam\u00f3n va anotar el primer gol del partit en una jugada que va comen\u00e7ar amb una treta de banda valencianista. En la segona meitat, el Villarreal va anar de menys a m\u00e9s. Albiol va estar impecable salvant baix pals el tir de Guedes, que ja havia regatejat a Rulli. No obstant aix\u00f2, Carlos Soler va ficar el segon gol del partit des dels onze metres. El xoc es va posar molt complicat per al conjunt groguet, que el va continuar intentant i va acabar el partit tancant de nou a l\u2019equip che. Finalment, el Submar\u00ed no va poder voltejar el marcador. El seg\u00fcent comprom\u00eds del Villarreal tindr\u00e0 lloc dimarts que ve, 2 de novembre, a les 21.00 hores en l\u2019Estadi de la Cer\u00e0mica davant el Young Boys, en el partit corresponent a la Jornada 4 de la fase de grups de la Lliga de Campions. Fitxa t\u00e8cnica:","url":"","background_image":"","images":[{"type":"image","url":"https:\/\/villarrealcf.es\/\/wp-content\/uploads\/2021\/10\/db5407dfd9b3f163e1a65460e46071d7.jpg","alt":"||||||","width":819,"height":460,"srcset":"https:\/\/villarrealcf.es\/wp-content\/uploads\/2021\/10\/db5407dfd9b3f163e1a65460e46071d7.jpg 819w, https:\/\/villarrealcf.es\/\/wp-content\/uploads\/2021\/10\/db5407dfd9b3f163e1a65460e46071d7.jpg 1920w, https:\/\/villarrealcf.es\/\/wp-content\/uploads\/2021\/10\/db5407dfd9b3f163e1a65460e46071d7.jpg 1920w, https:\/\/villarrealcf.es\/\/wp-content\/uploads\/2021\/10\/db5407dfd9b3f163e1a65460e46071d7.jpg 1920w, https:\/\/villarrealcf.es\/wp-content\/uploads\/2021\/10\/db5407dfd9b3f163e1a65460e46071d7-32x18.jpg 32w, https:\/\/villarrealcf.es\/wp-content\/uploads\/2021\/10\/db5407dfd9b3f163e1a65460e46071d7-150x84.jpg 150w, https:\/\/villarrealcf.es\/\/wp-content\/uploads\/2021\/10\/db5407dfd9b3f163e1a65460e46071d7.jpg 1920w","sizes":"auto, (max-width: 819px) 100vw, 819px"}],"videos":[],"links":[]},{"id":"shortcode-caption-69ef0bef8b719","type":"shortcode","shortcode":"caption","attributes":{"id":"attachment_175835","align":"alignnone","width":""},"title":"Caption","rendered":"","data":[],"text":"","url":"","background_image":"","images":[],"videos":[],"links":[],"blocks":[]}]},"excerpt":{"rendered":"\u00a0El Submar\u00ed ha caigut enfront del Valencia en un partit que va comen\u00e7ar dominant, per\u00f2 en el qual no va trobar el gol","protected":false},"author":1,"featured_media":175835,"comment_status":"","ping_status":"","sticky":false,"template":"","format":"standard","meta":{"_acf_changed":false,"footnotes":""},"categories":[4854],"tags":[12554,12556,9344,9270,10280,11042,11690,9627,9607,9203],"acf":null,"lang":"val","translations":{"val":221824},"essential_grid":{"has_grid":false},"formatted_date":"October 30, 2021","modified_date":"October 30, 2021","permalink":"https:\/\/villarrealcf.es\/val\/el-villarreal-cau-en-mestalla-2-0\/","reading_time":3,"featured_media_data":{"id":175835,"title":"||||||","caption":"||||||","alt_text":"","description":"","mime_type":"image\/jpeg","source_url":"https:\/\/villarrealcf.es\/wp-content\/uploads\/2021\/10\/db5407dfd9b3f163e1a65460e46071d7.jpg","sizes":{"thumbnail":{"url":"https:\/\/villarrealcf.es\/wp-content\/uploads\/2021\/10\/db5407dfd9b3f163e1a65460e46071d7-150x150.jpg","width":150,"height":150},"medium":{"url":"https:\/\/villarrealcf.es\/wp-content\/uploads\/2021\/10\/db5407dfd9b3f163e1a65460e46071d7-300x168.jpg","width":300,"height":168},"medium_large":{"url":"https:\/\/villarrealcf.es\/wp-content\/uploads\/2021\/10\/db5407dfd9b3f163e1a65460e46071d7-768x431.jpg","width":768,"height":431},"large":{"url":"https:\/\/villarrealcf.es\/wp-content\/uploads\/2021\/10\/db5407dfd9b3f163e1a65460e46071d7.jpg","width":788,"height":443},"1536x1536":{"url":"https:\/\/villarrealcf.es\/wp-content\/uploads\/2021\/10\/db5407dfd9b3f163e1a65460e46071d7.jpg","width":819,"height":460},"2048x2048":{"url":"https:\/\/villarrealcf.es\/wp-content\/uploads\/2021\/10\/db5407dfd9b3f163e1a65460e46071d7.jpg","width":819,"height":460},"tp-image-grid":{"url":"https:\/\/villarrealcf.es\/wp-content\/uploads\/2021\/10\/db5407dfd9b3f163e1a65460e46071d7-700x460.jpg","width":700,"height":460},"size-bunyad-medium":{"url":"https:\/\/villarrealcf.es\/wp-content\/uploads\/2021\/10\/db5407dfd9b3f163e1a65460e46071d7.jpg","width":819,"height":460},"sportspress-crop-medium":{"url":"https:\/\/villarrealcf.es\/wp-content\/uploads\/2021\/10\/db5407dfd9b3f163e1a65460e46071d7-300x300.jpg","width":300,"height":300},"sportspress-fit-medium":{"url":"https:\/\/villarrealcf.es\/wp-content\/uploads\/2021\/10\/db5407dfd9b3f163e1a65460e46071d7-300x168.jpg","width":300,"height":168},"sportspress-fit-icon":{"url":"https:\/\/villarrealcf.es\/wp-content\/uploads\/2021\/10\/db5407dfd9b3f163e1a65460e46071d7-128x72.jpg","width":128,"height":72},"sportspress-fit-mini":{"url":"https:\/\/villarrealcf.es\/wp-content\/uploads\/2021\/10\/db5407dfd9b3f163e1a65460e46071d7-32x18.jpg","width":32,"height":18},"bunyad-small":{"url":"https:\/\/villarrealcf.es\/wp-content\/uploads\/2021\/10\/db5407dfd9b3f163e1a65460e46071d7-150x84.jpg","width":150,"height":84},"bunyad-medium":{"url":"https:\/\/villarrealcf.es\/wp-content\/uploads\/2021\/10\/db5407dfd9b3f163e1a65460e46071d7-450x253.jpg","width":450,"height":253},"bunyad-full":{"url":"https:\/\/villarrealcf.es\/wp-content\/uploads\/2021\/10\/db5407dfd9b3f163e1a65460e46071d7.jpg","width":819,"height":460},"bunyad-viewport":{"url":"https:\/\/villarrealcf.es\/wp-content\/uploads\/2021\/10\/db5407dfd9b3f163e1a65460e46071d7.jpg","width":819,"height":460},"bunyad-768":{"url":"https:\/\/villarrealcf.es\/wp-content\/uploads\/2021\/10\/db5407dfd9b3f163e1a65460e46071d7-768x431.jpg","width":768,"height":431},"full":{"url":"https:\/\/villarrealcf.es\/wp-content\/uploads\/2021\/10\/db5407dfd9b3f163e1a65460e46071d7.jpg","width":819,"height":460}}},"author_data":{"id":"1","name":"root_envidea","first_name":"Villarreal CF","last_name":"","description":"","avatar_url":"https:\/\/secure.gravatar.com\/avatar\/48f95f42a3ccc324f3a3458e4b9e6fb070b083e99d388e170c1afb061fa99b63?s=96&d=mm&r=g","acf":null},"taxonomies_data":{"category":[{"id":4854,"name":"Noticies Generals","slug":"noticies-generals","acf":null}],"post_tag":[{"id":12554,"name":"#Football","slug":"football-val","acf":null},{"id":12556,"name":"#Soccer","slug":"soccer-val","acf":null},{"id":9344,"name":"Derbi","slug":"derbi-val","acf":null},{"id":9270,"name":"Futbol","slug":"futbol-val","acf":null},{"id":10280,"name":"Jornada 12","slug":"jornada-12-val","acf":null},{"id":11042,"name":"LaLiga","slug":"laliga-val","acf":null},{"id":11690,"name":"Mestalla","slug":"mestalla-val","acf":null},{"id":9627,"name":"Submarino Amarillo","slug":"submarino-amarillo-val","acf":null},{"id":9607,"name":"Valencia CF","slug":"valencia-cf-val","acf":null},{"id":9203,"name":"Villarreal CF","slug":"villarreal-cf-val","acf":null}],"translation_priority":[{"id":735,"name":"Optional","slug":"optional-val","acf":null}]},"seo_full":{"native":{"title":"El Villarreal cau en Mestalla (2-0) - Web Oficial del Villarreal CF","description":"[caption id=\"attachment_175835\" align=\"alignnone\" width=\"\"]||||||[\/caption]\u00a0El Submar\u00ed ha caigut enfront del Valencia en un partit que va comen\u00e7ar dominant, per\u00f2 en el&hellip;","canonical":"https:\/\/villarrealcf.es\/val\/el-villarreal-cau-en-mestalla-2-0\/"}},"_links":{"self":[{"href":"https:\/\/villarrealcf.es\/val\/wp-json\/wp\/v2\/posts\/221824","targetHints":{"allow":["GET"]}}],"collection":[{"href":"https:\/\/villarrealcf.es\/val\/wp-json\/wp\/v2\/posts"}],"about":[{"href":"https:\/\/villarrealcf.es\/val\/wp-json\/wp\/v2\/types\/post"}],"author":[{"embeddable":true,"href":"https:\/\/villarrealcf.es\/val\/wp-json\/wp\/v2\/users\/1"}],"replies":[{"embeddable":true,"href":"https:\/\/villarrealcf.es\/val\/wp-json\/wp\/v2\/comments?post=221824"}],"version-history":[{"count":0,"href":"https:\/\/villarrealcf.es\/val\/wp-json\/wp\/v2\/posts\/221824\/revisions"}],"wp:featuredmedia":[{"embeddable":true,"href":"https:\/\/villarrealcf.es\/val\/wp-json\/wp\/v2\/media\/175835"}],"wp:attachment":[{"href":"https:\/\/villarrealcf.es\/val\/wp-json\/wp\/v2\/media?parent=221824"}],"wp:term":[{"taxonomy":"category","embeddable":true,"href":"https:\/\/villarrealcf.es\/val\/wp-json\/wp\/v2\/categories?post=221824"},{"taxonomy":"post_tag","embeddable":true,"href":"https:\/\/villarrealcf.es\/val\/wp-json\/wp\/v2\/tags?post=221824"}],"curies":[{"name":"wp","href":"https:\/\/api.w.org\/{rel}","templated":true}]}}