{"id":221718,"date":"2021-10-19T14:48:28","date_gmt":"2021-10-19T12:48:28","guid":{"rendered":"https:\/\/villarrealcf.es\/\/el-submari-ja-entrena-en-el-wankdorf-stadium\/"},"modified":"2021-10-19T14:48:28","modified_gmt":"2021-10-19T12:48:28","slug":"el-submari-ja-entrena-en-el-wankdorf-stadium","status":"publish","type":"post","link":"https:\/\/villarrealcf.es\/val\/el-submari-ja-entrena-en-el-wankdorf-stadium\/","title":{"rendered":"El Submar\u00ed ja entrena en el Wankdorf Stadium"},"content":{"protected":false,"blocks":[{"type":"image","url":"https:\/\/villarrealcf.es\/\/wp-content\/uploads\/2021\/10\/283d363b0de530d4ef9d8991e0b699d7.jpg","alt":"||||","width":819,"height":460,"srcset":"https:\/\/villarrealcf.es\/wp-content\/uploads\/2021\/10\/283d363b0de530d4ef9d8991e0b699d7.jpg 819w, https:\/\/villarrealcf.es\/\/wp-content\/uploads\/2021\/10\/283d363b0de530d4ef9d8991e0b699d7.jpg 1920w, https:\/\/villarrealcf.es\/\/wp-content\/uploads\/2021\/10\/283d363b0de530d4ef9d8991e0b699d7.jpg 1920w, https:\/\/villarrealcf.es\/\/wp-content\/uploads\/2021\/10\/283d363b0de530d4ef9d8991e0b699d7.jpg 1920w, https:\/\/villarrealcf.es\/wp-content\/uploads\/2021\/10\/283d363b0de530d4ef9d8991e0b699d7-32x18.jpg 32w, https:\/\/villarrealcf.es\/wp-content\/uploads\/2021\/10\/283d363b0de530d4ef9d8991e0b699d7-150x84.jpg 150w, https:\/\/villarrealcf.es\/\/wp-content\/uploads\/2021\/10\/283d363b0de530d4ef9d8991e0b699d7.jpg 1920w","sizes":"auto, (max-width: 819px) 100vw, 819px"},{"type":"paragraph","text":"Els homes d\u2019Unai Emery han tingut la primera presa de contacte amb l\u2019escenari del partit europeu d\u2019aquest dimecres"},{"type":"paragraph","text":"El Villarreal ja entrena en el Wankdorf Stadium! Despr\u00e9s de la roda de premsa oficial d\u2019Unai Emery i Pau Torres, l\u2019equip ha pogut tindre la primera presa de contacte amb l\u2019escenari del matx de dem\u00e0, dimecres 20 d\u2019octubre, contra el BSC Young Boys (21.00 hores). L\u2019imponent estadi de Berna ha acollit als grocs en una sessi\u00f3 preparat\u00f2ria com a colof\u00f3 d\u2019un intens dia en qu\u00e8 els grocs van viatjar des de Vila-real a Su\u00efssa."}],"structured":{"summary":{"text":"Els homes d\u2019Unai Emery han tingut la primera presa de contacte amb l\u2019escenari del partit europeu d\u2019aquest dimecres El Villarreal ja entrena en el Wankdorf Stadium! Despr\u00e9s de la roda de premsa oficial d\u2019Unai Emery i Pau Torres, l\u2019equip ha pogut tindre la primera presa de contacte amb l\u2019escenari del matx de dem\u00e0, dimecres 20 d\u2019octubre, contra el BSC Young Boys (21.00 hores). L\u2019imponent estadi de Berna ha acollit als grocs en una sessi\u00f3 preparat\u00f2ria com a colof\u00f3 d\u2019un intens dia en qu\u00e8 els grocs van viatjar des de Vila-real a Su\u00efssa.","headings":[],"buttons":[],"images":[{"type":"image","url":"https:\/\/villarrealcf.es\/\/wp-content\/uploads\/2021\/10\/283d363b0de530d4ef9d8991e0b699d7.jpg","alt":"||||","width":819,"height":460,"srcset":"https:\/\/villarrealcf.es\/wp-content\/uploads\/2021\/10\/283d363b0de530d4ef9d8991e0b699d7.jpg 819w, https:\/\/villarrealcf.es\/\/wp-content\/uploads\/2021\/10\/283d363b0de530d4ef9d8991e0b699d7.jpg 1920w, https:\/\/villarrealcf.es\/\/wp-content\/uploads\/2021\/10\/283d363b0de530d4ef9d8991e0b699d7.jpg 1920w, https:\/\/villarrealcf.es\/\/wp-content\/uploads\/2021\/10\/283d363b0de530d4ef9d8991e0b699d7.jpg 1920w, https:\/\/villarrealcf.es\/wp-content\/uploads\/2021\/10\/283d363b0de530d4ef9d8991e0b699d7-32x18.jpg 32w, https:\/\/villarrealcf.es\/wp-content\/uploads\/2021\/10\/283d363b0de530d4ef9d8991e0b699d7-150x84.jpg 150w, https:\/\/villarrealcf.es\/\/wp-content\/uploads\/2021\/10\/283d363b0de530d4ef9d8991e0b699d7.jpg 1920w","sizes":"auto, (max-width: 819px) 100vw, 819px"}],"counts":{"blocks":3,"headings":0,"texts":2,"buttons":0,"images":1}},"sections":[{"id":"section-1","title":"","text":"Els homes d\u2019Unai Emery han tingut la primera presa de contacte amb l\u2019escenari del partit europeu d\u2019aquest dimecres El Villarreal ja entrena en el Wankdorf Stadium! Despr\u00e9s de la roda de premsa oficial d\u2019Unai Emery i Pau Torres, l\u2019equip ha pogut tindre la primera presa de contacte amb l\u2019escenari del matx de dem\u00e0, dimecres 20 d\u2019octubre, contra el BSC Young Boys (21.00 hores). L\u2019imponent estadi de Berna ha acollit als grocs en una sessi\u00f3 preparat\u00f2ria com a colof\u00f3 d\u2019un intens dia en qu\u00e8 els grocs van viatjar des de Vila-real a Su\u00efssa.","headings":[],"texts":[{"type":"paragraph","text":"Els homes d\u2019Unai Emery han tingut la primera presa de contacte amb l\u2019escenari del partit europeu d\u2019aquest dimecres"},{"type":"paragraph","text":"El Villarreal ja entrena en el Wankdorf Stadium! Despr\u00e9s de la roda de premsa oficial d\u2019Unai Emery i Pau Torres, l\u2019equip ha pogut tindre la primera presa de contacte amb l\u2019escenari del matx de dem\u00e0, dimecres 20 d\u2019octubre, contra el BSC Young Boys (21.00 hores). L\u2019imponent estadi de Berna ha acollit als grocs en una sessi\u00f3 preparat\u00f2ria com a colof\u00f3 d\u2019un intens dia en qu\u00e8 els grocs van viatjar des de Vila-real a Su\u00efssa."}],"buttons":[],"images":[{"type":"image","url":"https:\/\/villarrealcf.es\/\/wp-content\/uploads\/2021\/10\/283d363b0de530d4ef9d8991e0b699d7.jpg","alt":"||||","width":819,"height":460,"srcset":"https:\/\/villarrealcf.es\/wp-content\/uploads\/2021\/10\/283d363b0de530d4ef9d8991e0b699d7.jpg 819w, https:\/\/villarrealcf.es\/\/wp-content\/uploads\/2021\/10\/283d363b0de530d4ef9d8991e0b699d7.jpg 1920w, https:\/\/villarrealcf.es\/\/wp-content\/uploads\/2021\/10\/283d363b0de530d4ef9d8991e0b699d7.jpg 1920w, https:\/\/villarrealcf.es\/\/wp-content\/uploads\/2021\/10\/283d363b0de530d4ef9d8991e0b699d7.jpg 1920w, https:\/\/villarrealcf.es\/wp-content\/uploads\/2021\/10\/283d363b0de530d4ef9d8991e0b699d7-32x18.jpg 32w, https:\/\/villarrealcf.es\/wp-content\/uploads\/2021\/10\/283d363b0de530d4ef9d8991e0b699d7-150x84.jpg 150w, https:\/\/villarrealcf.es\/\/wp-content\/uploads\/2021\/10\/283d363b0de530d4ef9d8991e0b699d7.jpg 1920w","sizes":"auto, (max-width: 819px) 100vw, 819px"}],"widgets":[],"blocks":[{"type":"image","url":"https:\/\/villarrealcf.es\/\/wp-content\/uploads\/2021\/10\/283d363b0de530d4ef9d8991e0b699d7.jpg","alt":"||||","width":819,"height":460,"srcset":"https:\/\/villarrealcf.es\/wp-content\/uploads\/2021\/10\/283d363b0de530d4ef9d8991e0b699d7.jpg 819w, https:\/\/villarrealcf.es\/\/wp-content\/uploads\/2021\/10\/283d363b0de530d4ef9d8991e0b699d7.jpg 1920w, https:\/\/villarrealcf.es\/\/wp-content\/uploads\/2021\/10\/283d363b0de530d4ef9d8991e0b699d7.jpg 1920w, https:\/\/villarrealcf.es\/\/wp-content\/uploads\/2021\/10\/283d363b0de530d4ef9d8991e0b699d7.jpg 1920w, https:\/\/villarrealcf.es\/wp-content\/uploads\/2021\/10\/283d363b0de530d4ef9d8991e0b699d7-32x18.jpg 32w, https:\/\/villarrealcf.es\/wp-content\/uploads\/2021\/10\/283d363b0de530d4ef9d8991e0b699d7-150x84.jpg 150w, https:\/\/villarrealcf.es\/\/wp-content\/uploads\/2021\/10\/283d363b0de530d4ef9d8991e0b699d7.jpg 1920w","sizes":"auto, (max-width: 819px) 100vw, 819px"},{"type":"paragraph","text":"Els homes d\u2019Unai Emery han tingut la primera presa de contacte amb l\u2019escenari del partit europeu d\u2019aquest dimecres"},{"type":"paragraph","text":"El Villarreal ja entrena en el Wankdorf Stadium! Despr\u00e9s de la roda de premsa oficial d\u2019Unai Emery i Pau Torres, l\u2019equip ha pogut tindre la primera presa de contacte amb l\u2019escenari del matx de dem\u00e0, dimecres 20 d\u2019octubre, contra el BSC Young Boys (21.00 hores). L\u2019imponent estadi de Berna ha acollit als grocs en una sessi\u00f3 preparat\u00f2ria com a colof\u00f3 d\u2019un intens dia en qu\u00e8 els grocs van viatjar des de Vila-real a Su\u00efssa."}]}],"hero":{"id":"section-1","title":"","text":"Els homes d\u2019Unai Emery han tingut la primera presa de contacte amb l\u2019escenari del partit europeu d\u2019aquest dimecres El Villarreal ja entrena en el Wankdorf Stadium! Despr\u00e9s de la roda de premsa oficial d\u2019Unai Emery i Pau Torres, l\u2019equip ha pogut tindre la primera presa de contacte amb l\u2019escenari del matx de dem\u00e0, dimecres 20 d\u2019octubre, contra el BSC Young Boys (21.00 hores). L\u2019imponent estadi de Berna ha acollit als grocs en una sessi\u00f3 preparat\u00f2ria com a colof\u00f3 d\u2019un intens dia en qu\u00e8 els grocs van viatjar des de Vila-real a Su\u00efssa.","headings":[],"texts":[{"type":"paragraph","text":"Els homes d\u2019Unai Emery han tingut la primera presa de contacte amb l\u2019escenari del partit europeu d\u2019aquest dimecres"},{"type":"paragraph","text":"El Villarreal ja entrena en el Wankdorf Stadium! Despr\u00e9s de la roda de premsa oficial d\u2019Unai Emery i Pau Torres, l\u2019equip ha pogut tindre la primera presa de contacte amb l\u2019escenari del matx de dem\u00e0, dimecres 20 d\u2019octubre, contra el BSC Young Boys (21.00 hores). L\u2019imponent estadi de Berna ha acollit als grocs en una sessi\u00f3 preparat\u00f2ria com a colof\u00f3 d\u2019un intens dia en qu\u00e8 els grocs van viatjar des de Vila-real a Su\u00efssa."}],"buttons":[],"images":[{"type":"image","url":"https:\/\/villarrealcf.es\/\/wp-content\/uploads\/2021\/10\/283d363b0de530d4ef9d8991e0b699d7.jpg","alt":"||||","width":819,"height":460,"srcset":"https:\/\/villarrealcf.es\/wp-content\/uploads\/2021\/10\/283d363b0de530d4ef9d8991e0b699d7.jpg 819w, https:\/\/villarrealcf.es\/\/wp-content\/uploads\/2021\/10\/283d363b0de530d4ef9d8991e0b699d7.jpg 1920w, https:\/\/villarrealcf.es\/\/wp-content\/uploads\/2021\/10\/283d363b0de530d4ef9d8991e0b699d7.jpg 1920w, https:\/\/villarrealcf.es\/\/wp-content\/uploads\/2021\/10\/283d363b0de530d4ef9d8991e0b699d7.jpg 1920w, https:\/\/villarrealcf.es\/wp-content\/uploads\/2021\/10\/283d363b0de530d4ef9d8991e0b699d7-32x18.jpg 32w, https:\/\/villarrealcf.es\/wp-content\/uploads\/2021\/10\/283d363b0de530d4ef9d8991e0b699d7-150x84.jpg 150w, https:\/\/villarrealcf.es\/\/wp-content\/uploads\/2021\/10\/283d363b0de530d4ef9d8991e0b699d7.jpg 1920w","sizes":"auto, (max-width: 819px) 100vw, 819px"}],"widgets":[],"blocks":[{"type":"image","url":"https:\/\/villarrealcf.es\/\/wp-content\/uploads\/2021\/10\/283d363b0de530d4ef9d8991e0b699d7.jpg","alt":"||||","width":819,"height":460,"srcset":"https:\/\/villarrealcf.es\/wp-content\/uploads\/2021\/10\/283d363b0de530d4ef9d8991e0b699d7.jpg 819w, https:\/\/villarrealcf.es\/\/wp-content\/uploads\/2021\/10\/283d363b0de530d4ef9d8991e0b699d7.jpg 1920w, https:\/\/villarrealcf.es\/\/wp-content\/uploads\/2021\/10\/283d363b0de530d4ef9d8991e0b699d7.jpg 1920w, https:\/\/villarrealcf.es\/\/wp-content\/uploads\/2021\/10\/283d363b0de530d4ef9d8991e0b699d7.jpg 1920w, https:\/\/villarrealcf.es\/wp-content\/uploads\/2021\/10\/283d363b0de530d4ef9d8991e0b699d7-32x18.jpg 32w, https:\/\/villarrealcf.es\/wp-content\/uploads\/2021\/10\/283d363b0de530d4ef9d8991e0b699d7-150x84.jpg 150w, https:\/\/villarrealcf.es\/\/wp-content\/uploads\/2021\/10\/283d363b0de530d4ef9d8991e0b699d7.jpg 1920w","sizes":"auto, (max-width: 819px) 100vw, 819px"},{"type":"paragraph","text":"Els homes d\u2019Unai Emery han tingut la primera presa de contacte amb l\u2019escenari del partit europeu d\u2019aquest dimecres"},{"type":"paragraph","text":"El Villarreal ja entrena en el Wankdorf Stadium! Despr\u00e9s de la roda de premsa oficial d\u2019Unai Emery i Pau Torres, l\u2019equip ha pogut tindre la primera presa de contacte amb l\u2019escenari del matx de dem\u00e0, dimecres 20 d\u2019octubre, contra el BSC Young Boys (21.00 hores). L\u2019imponent estadi de Berna ha acollit als grocs en una sessi\u00f3 preparat\u00f2ria com a colof\u00f3 d\u2019un intens dia en qu\u00e8 els grocs van viatjar des de Vila-real a Su\u00efssa."}]}},"sections":[{"id":"section-1","title":"","text":"Els homes d\u2019Unai Emery han tingut la primera presa de contacte amb l\u2019escenari del partit europeu d\u2019aquest dimecres El Villarreal ja entrena en el Wankdorf Stadium! Despr\u00e9s de la roda de premsa oficial d\u2019Unai Emery i Pau Torres, l\u2019equip ha pogut tindre la primera presa de contacte amb l\u2019escenari del matx de dem\u00e0, dimecres 20 d\u2019octubre, contra el BSC Young Boys (21.00 hores). L\u2019imponent estadi de Berna ha acollit als grocs en una sessi\u00f3 preparat\u00f2ria com a colof\u00f3 d\u2019un intens dia en qu\u00e8 els grocs van viatjar des de Vila-real a Su\u00efssa.","url":"","background_image":"","images":[{"type":"image","url":"https:\/\/villarrealcf.es\/\/wp-content\/uploads\/2021\/10\/283d363b0de530d4ef9d8991e0b699d7.jpg","alt":"||||","width":819,"height":460,"srcset":"https:\/\/villarrealcf.es\/wp-content\/uploads\/2021\/10\/283d363b0de530d4ef9d8991e0b699d7.jpg 819w, https:\/\/villarrealcf.es\/\/wp-content\/uploads\/2021\/10\/283d363b0de530d4ef9d8991e0b699d7.jpg 1920w, https:\/\/villarrealcf.es\/\/wp-content\/uploads\/2021\/10\/283d363b0de530d4ef9d8991e0b699d7.jpg 1920w, https:\/\/villarrealcf.es\/\/wp-content\/uploads\/2021\/10\/283d363b0de530d4ef9d8991e0b699d7.jpg 1920w, https:\/\/villarrealcf.es\/wp-content\/uploads\/2021\/10\/283d363b0de530d4ef9d8991e0b699d7-32x18.jpg 32w, https:\/\/villarrealcf.es\/wp-content\/uploads\/2021\/10\/283d363b0de530d4ef9d8991e0b699d7-150x84.jpg 150w, https:\/\/villarrealcf.es\/\/wp-content\/uploads\/2021\/10\/283d363b0de530d4ef9d8991e0b699d7.jpg 1920w","sizes":"auto, (max-width: 819px) 100vw, 819px"}],"videos":[],"links":[]},{"id":"shortcode-caption-69ef0bf058e7c","type":"shortcode","shortcode":"caption","attributes":{"id":"attachment_175396","align":"alignnone","width":""},"title":"Caption","rendered":"","data":[],"text":"","url":"","background_image":"","images":[],"videos":[],"links":[],"blocks":[]}]},"excerpt":{"rendered":"Els homes d&#8217;Unai Emery han tingut la primera presa de contacte amb l&#8217;escenari del partit europeu d&#8217;aquest dimecres","protected":false},"author":1,"featured_media":175396,"comment_status":"","ping_status":"","sticky":false,"template":"","format":"standard","meta":{"_acf_changed":false,"footnotes":""},"categories":[4854],"tags":[12964,10576,11927,12960,9627,9203,12966,12851],"acf":null,"lang":"val","translations":{"val":221718},"essential_grid":{"has_grid":false},"formatted_date":"October 19, 2021","modified_date":"October 19, 2021","permalink":"https:\/\/villarrealcf.es\/val\/el-submari-ja-entrena-en-el-wankdorf-stadium\/","reading_time":1,"featured_media_data":{"id":175396,"title":"||||","caption":"||||","alt_text":"","description":"","mime_type":"image\/jpeg","source_url":"https:\/\/villarrealcf.es\/wp-content\/uploads\/2021\/10\/283d363b0de530d4ef9d8991e0b699d7.jpg","sizes":{"thumbnail":{"url":"https:\/\/villarrealcf.es\/wp-content\/uploads\/2021\/10\/283d363b0de530d4ef9d8991e0b699d7-150x150.jpg","width":150,"height":150},"medium":{"url":"https:\/\/villarrealcf.es\/wp-content\/uploads\/2021\/10\/283d363b0de530d4ef9d8991e0b699d7-300x168.jpg","width":300,"height":168},"medium_large":{"url":"https:\/\/villarrealcf.es\/wp-content\/uploads\/2021\/10\/283d363b0de530d4ef9d8991e0b699d7-768x431.jpg","width":768,"height":431},"large":{"url":"https:\/\/villarrealcf.es\/wp-content\/uploads\/2021\/10\/283d363b0de530d4ef9d8991e0b699d7.jpg","width":788,"height":443},"1536x1536":{"url":"https:\/\/villarrealcf.es\/wp-content\/uploads\/2021\/10\/283d363b0de530d4ef9d8991e0b699d7.jpg","width":819,"height":460},"2048x2048":{"url":"https:\/\/villarrealcf.es\/wp-content\/uploads\/2021\/10\/283d363b0de530d4ef9d8991e0b699d7.jpg","width":819,"height":460},"tp-image-grid":{"url":"https:\/\/villarrealcf.es\/wp-content\/uploads\/2021\/10\/283d363b0de530d4ef9d8991e0b699d7-700x460.jpg","width":700,"height":460},"size-bunyad-medium":{"url":"https:\/\/villarrealcf.es\/wp-content\/uploads\/2021\/10\/283d363b0de530d4ef9d8991e0b699d7.jpg","width":819,"height":460},"sportspress-crop-medium":{"url":"https:\/\/villarrealcf.es\/wp-content\/uploads\/2021\/10\/283d363b0de530d4ef9d8991e0b699d7-300x300.jpg","width":300,"height":300},"sportspress-fit-medium":{"url":"https:\/\/villarrealcf.es\/wp-content\/uploads\/2021\/10\/283d363b0de530d4ef9d8991e0b699d7-300x168.jpg","width":300,"height":168},"sportspress-fit-icon":{"url":"https:\/\/villarrealcf.es\/wp-content\/uploads\/2021\/10\/283d363b0de530d4ef9d8991e0b699d7-128x72.jpg","width":128,"height":72},"sportspress-fit-mini":{"url":"https:\/\/villarrealcf.es\/wp-content\/uploads\/2021\/10\/283d363b0de530d4ef9d8991e0b699d7-32x18.jpg","width":32,"height":18},"bunyad-small":{"url":"https:\/\/villarrealcf.es\/wp-content\/uploads\/2021\/10\/283d363b0de530d4ef9d8991e0b699d7-150x84.jpg","width":150,"height":84},"bunyad-medium":{"url":"https:\/\/villarrealcf.es\/wp-content\/uploads\/2021\/10\/283d363b0de530d4ef9d8991e0b699d7-450x253.jpg","width":450,"height":253},"bunyad-full":{"url":"https:\/\/villarrealcf.es\/wp-content\/uploads\/2021\/10\/283d363b0de530d4ef9d8991e0b699d7.jpg","width":819,"height":460},"bunyad-viewport":{"url":"https:\/\/villarrealcf.es\/wp-content\/uploads\/2021\/10\/283d363b0de530d4ef9d8991e0b699d7.jpg","width":819,"height":460},"bunyad-768":{"url":"https:\/\/villarrealcf.es\/wp-content\/uploads\/2021\/10\/283d363b0de530d4ef9d8991e0b699d7-768x431.jpg","width":768,"height":431},"full":{"url":"https:\/\/villarrealcf.es\/wp-content\/uploads\/2021\/10\/283d363b0de530d4ef9d8991e0b699d7.jpg","width":819,"height":460}}},"author_data":{"id":"1","name":"root_envidea","first_name":"Villarreal CF","last_name":"","description":"","avatar_url":"https:\/\/secure.gravatar.com\/avatar\/48f95f42a3ccc324f3a3458e4b9e6fb070b083e99d388e170c1afb061fa99b63?s=96&d=mm&r=g","acf":null},"taxonomies_data":{"category":[{"id":4854,"name":"Noticies Generals","slug":"noticies-generals","acf":null}],"post_tag":[{"id":12964,"name":"Berna","slug":"berna-val","acf":null},{"id":10576,"name":"Champions League","slug":"champions-league-val","acf":null},{"id":11927,"name":"Grupo F","slug":"grupo-f-val","acf":null},{"id":12960,"name":"Liga de Campeones","slug":"liga-de-campeones-val","acf":null},{"id":9627,"name":"Submarino Amarillo","slug":"submarino-amarillo-val","acf":null},{"id":9203,"name":"Villarreal CF","slug":"villarreal-cf-val","acf":null},{"id":12966,"name":"Wankdorf Stadium","slug":"wankdorf-stadium-val","acf":null},{"id":12851,"name":"Young Boys","slug":"young-boys-val","acf":null}],"translation_priority":[{"id":735,"name":"Optional","slug":"optional-val","acf":null}]},"seo_full":{"native":{"title":"El Submar\u00ed ja entrena en el Wankdorf Stadium - Web Oficial del Villarreal CF","description":"[caption id=\"attachment_175396\" align=\"alignnone\" width=\"\"]||||[\/caption]Els homes d'Unai Emery han tingut la primera presa de contacte amb l'escenari del partit europeu d'aquest&hellip;","canonical":"https:\/\/villarrealcf.es\/val\/el-submari-ja-entrena-en-el-wankdorf-stadium\/"}},"_links":{"self":[{"href":"https:\/\/villarrealcf.es\/val\/wp-json\/wp\/v2\/posts\/221718","targetHints":{"allow":["GET"]}}],"collection":[{"href":"https:\/\/villarrealcf.es\/val\/wp-json\/wp\/v2\/posts"}],"about":[{"href":"https:\/\/villarrealcf.es\/val\/wp-json\/wp\/v2\/types\/post"}],"author":[{"embeddable":true,"href":"https:\/\/villarrealcf.es\/val\/wp-json\/wp\/v2\/users\/1"}],"replies":[{"embeddable":true,"href":"https:\/\/villarrealcf.es\/val\/wp-json\/wp\/v2\/comments?post=221718"}],"version-history":[{"count":0,"href":"https:\/\/villarrealcf.es\/val\/wp-json\/wp\/v2\/posts\/221718\/revisions"}],"wp:featuredmedia":[{"embeddable":true,"href":"https:\/\/villarrealcf.es\/val\/wp-json\/wp\/v2\/media\/175396"}],"wp:attachment":[{"href":"https:\/\/villarrealcf.es\/val\/wp-json\/wp\/v2\/media?parent=221718"}],"wp:term":[{"taxonomy":"category","embeddable":true,"href":"https:\/\/villarrealcf.es\/val\/wp-json\/wp\/v2\/categories?post=221718"},{"taxonomy":"post_tag","embeddable":true,"href":"https:\/\/villarrealcf.es\/val\/wp-json\/wp\/v2\/tags?post=221718"}],"curies":[{"name":"wp","href":"https:\/\/api.w.org\/{rel}","templated":true}]}}