{"id":221583,"date":"2021-10-05T10:42:15","date_gmt":"2021-10-05T08:42:15","guid":{"rendered":"https:\/\/villarrealcf.es\/\/anima-al-villarreal-b-2\/"},"modified":"2021-10-05T10:42:15","modified_gmt":"2021-10-05T08:42:15","slug":"anima-al-villarreal-b-2","status":"publish","type":"post","link":"https:\/\/villarrealcf.es\/val\/anima-al-villarreal-b-2\/","title":{"rendered":"Anima al Villarreal B!"},"content":{"protected":false,"blocks":[{"type":"image","url":"https:\/\/villarrealcf.es\/\/wp-content\/uploads\/2021\/10\/7853e4e6170bfc53b04e9ef70e217c50.jpg","alt":"||||","width":819,"height":459,"srcset":"https:\/\/villarrealcf.es\/wp-content\/uploads\/2021\/10\/7853e4e6170bfc53b04e9ef70e217c50.jpg 819w, https:\/\/villarrealcf.es\/\/wp-content\/uploads\/2021\/10\/7853e4e6170bfc53b04e9ef70e217c50.jpg 1920w, https:\/\/villarrealcf.es\/\/wp-content\/uploads\/2021\/10\/7853e4e6170bfc53b04e9ef70e217c50.jpg 1920w, https:\/\/villarrealcf.es\/\/wp-content\/uploads\/2021\/10\/7853e4e6170bfc53b04e9ef70e217c50.jpg 1920w, https:\/\/villarrealcf.es\/wp-content\/uploads\/2021\/10\/7853e4e6170bfc53b04e9ef70e217c50-32x18.jpg 32w, https:\/\/villarrealcf.es\/wp-content\/uploads\/2021\/10\/7853e4e6170bfc53b04e9ef70e217c50-150x84.jpg 150w, https:\/\/villarrealcf.es\/\/wp-content\/uploads\/2021\/10\/7853e4e6170bfc53b04e9ef70e217c50.jpg 1920w","sizes":"auto, (max-width: 819px) 100vw, 819px"},{"type":"paragraph","text":"Els abonats poden inscriure\u2019s per a assistir al partit del mini Submar\u00ed que es disputar\u00e0 en el Mini Estadi aquest cap de setmana"},{"type":"paragraph","text":"Com ja s\u2019ha fet en els \u00faltims partits, el Villarreal CF ha habilitat una plataforma perqu\u00e8 els seus abonats puguen sol\u00b7licitar la seua entrada per a assistir en els pr\u00f2xims dies al partit del Villarreal B contra el Sevilla Atl\u00e9tico (diumenge, 17.00 hores).Cal recordar que la Ciutat Esportiva ja est\u00e0 oberta al p\u00fablic en general, a excepci\u00f3 dels partits que tinguen lloc en el Mini Estadi, que estan subjectes a les mesures sanit\u00e0ries imposades per la Generalitat Valenciana i de moment compten amb limitacions d\u2019aforament."},{"type":"paragraph","text":"ENTRADES VILLARREAL B-SEVILLA ATL\u00c9TICO"},{"type":"paragraph","text":"Per a gestionar-les, els abonats simplement hauran d\u2019emplenar un senzill formulari amb les dades de l\u2019assistent i acceptar les condicions d\u2019acc\u00e9s al recinte. Despr\u00e9s, rebran un correu electr\u00f2nic amb el codi QR que hauran de presentar en l\u2019acc\u00e9s al Mini Estadi. No hi haur\u00e0 termini establit per a sol\u00b7licitar l\u2019acc\u00e9s a la trobada, ja que conclour\u00e0 en esgotar-se el nombre d\u2019entrades disponibles a causa de l\u2019aforament m\u00e0xim perm\u00e9s per la Generalitat Valenciana.P\u00c0RQUING DEL CEM HABILITAT PER A AFICIONATSEls abonats que desitgen assistir als partits en el Mini Estadi hauran d\u2019aparcar els seus vehicles en el p\u00e0rquing de la Ciutat Esportiva Municipal CEM de Vila-real per a accedir des d\u2019all\u00ed a la Ciutat Esportiva del Vila-real CF.CONDICIONS D\u2019ACC\u00c9S DE P\u00daBLICO Al MINI ESTADI DE LA CIUTAT ESPORTIVA DEL VILLARREAL CF"},{"type":"list","style":"ul","items":["\u00danicament accediran els abonats del Villarreal CF, pr\u00e8via presentaci\u00f3 del corresponent codi QR que hauran sol\u00b7licitat amb anterioritat.","L\u2019acc\u00e9s al Mini Estadi s\u2019obrir\u00e0 una hora abans de l\u2019inici del partit.","El club habilitar\u00e0 totes les graderies del Mini Estadi per a mantindre la dist\u00e0ncia de seguretat entre els assistents.","\u00c9s obligatori l\u2019\u00fas de m\u00e0scara.","Est\u00e0 prohibit fumar.","S\u2019habilitar\u00e0 el servei d\u2019hostaleria del Mini Estadi. No obstant aix\u00f2, nom\u00e9s es podr\u00e0 menjar en la zona habilitada.","En les graderies nom\u00e9s estar\u00e0 perm\u00e9s beure. Els aficionats podran retirar-se la m\u00e0scara \u00fanicament en aquest moment.","S\u2019ha de respectar la senyalitzaci\u00f3 dels seients i ocupar aquells habilitats per al seu \u00fas.","Tant l\u2019acc\u00e9s com el desallotjament del Mini Estadi es realitzar\u00e0 de manera escalonada."]}],"structured":{"summary":{"text":"Els abonats poden inscriure\u2019s per a assistir al partit del mini Submar\u00ed que es disputar\u00e0 en el Mini Estadi aquest cap de setmana Com ja s\u2019ha fet en els \u00faltims partits, el Villarreal CF ha habilitat una plataforma perqu\u00e8 els seus abonats puguen sol\u00b7licitar la seua entrada per a assistir en els pr\u00f2xims dies al partit del Villarreal B contra el Sevilla Atl\u00e9tico (diumenge, 17.00 hores).Cal recordar que la Ciutat Esportiva ja est\u00e0 oberta al p\u00fablic en general, a excepci\u00f3 dels partits que tinguen lloc en el Mini Estadi, que estan subjectes a les mesures sanit\u00e0ries imposades per la Generalitat Valenciana i de moment compten amb limitacions d\u2019aforament. ENTRADES VILLARREAL B-SEVILLA ATL\u00c9TICO Per a gestionar-les, els abonats simplement hauran d\u2019emplenar un senzill formulari amb les dades de l\u2019assistent i acceptar les condicions d\u2019acc\u00e9s al recinte. Despr\u00e9s, rebran un correu electr\u00f2nic amb el codi QR que hauran de presentar en l\u2019acc\u00e9s al Mini Estadi. No hi haur\u00e0 termini establit per a sol\u00b7licitar l\u2019acc\u00e9s a la trobada, ja que conclour\u00e0 en esgotar-se el nombre d\u2019entrades disponibles a causa de l\u2019aforament m\u00e0xim perm\u00e9s per la Generalitat Valenciana.P\u00c0RQUING DEL CEM HABILITAT PER A AFICIONATSEls abonats que desitgen assistir als partits en el Mini Estadi hauran d\u2019aparcar els seus vehicles en el p\u00e0rquing de la Ciutat Esportiva Municipal CEM de Vila-real per a accedir des d\u2019all\u00ed a la Ciutat Esportiva del Vila-real CF.CONDICIONS D\u2019ACC\u00c9S DE P\u00daBLICO Al MINI ESTADI DE LA CIUTAT ESPORTIVA DEL VILLARREAL CF \u00danicament accediran els abonats del Villarreal CF, pr\u00e8via presentaci\u00f3 del corresponent codi QR que hauran sol\u00b7licitat amb anterioritat. L\u2019acc\u00e9s al Mini Estadi s\u2019obrir\u00e0 una hora abans de l\u2019inici del partit. El club habilitar\u00e0 totes les graderies del Mini Estadi per a mantindre la dist\u00e0ncia de seguretat entre els assistents. \u00c9s obligatori l\u2019\u00fas de m\u00e0scara. Est\u00e0 prohibit fumar. S\u2019habilitar\u00e0 el servei d\u2019hostaleria del Mini Estadi. No obstant aix\u00f2, nom\u00e9s es podr\u00e0 menjar en la zona habilitada. En les graderies nom\u00e9s estar\u00e0 perm\u00e9s beure. Els aficionats podran retirar-se la m\u00e0scara \u00fanicament en aquest moment. S\u2019ha de respectar la senyalitzaci\u00f3 dels seients i ocupar aquells habilitats per al seu \u00fas. Tant l\u2019acc\u00e9s com el desallotjament del Mini Estadi es realitzar\u00e0 de manera escalonada.","headings":[],"buttons":[],"images":[{"type":"image","url":"https:\/\/villarrealcf.es\/\/wp-content\/uploads\/2021\/10\/7853e4e6170bfc53b04e9ef70e217c50.jpg","alt":"||||","width":819,"height":459,"srcset":"https:\/\/villarrealcf.es\/wp-content\/uploads\/2021\/10\/7853e4e6170bfc53b04e9ef70e217c50.jpg 819w, https:\/\/villarrealcf.es\/\/wp-content\/uploads\/2021\/10\/7853e4e6170bfc53b04e9ef70e217c50.jpg 1920w, https:\/\/villarrealcf.es\/\/wp-content\/uploads\/2021\/10\/7853e4e6170bfc53b04e9ef70e217c50.jpg 1920w, https:\/\/villarrealcf.es\/\/wp-content\/uploads\/2021\/10\/7853e4e6170bfc53b04e9ef70e217c50.jpg 1920w, https:\/\/villarrealcf.es\/wp-content\/uploads\/2021\/10\/7853e4e6170bfc53b04e9ef70e217c50-32x18.jpg 32w, https:\/\/villarrealcf.es\/wp-content\/uploads\/2021\/10\/7853e4e6170bfc53b04e9ef70e217c50-150x84.jpg 150w, https:\/\/villarrealcf.es\/\/wp-content\/uploads\/2021\/10\/7853e4e6170bfc53b04e9ef70e217c50.jpg 1920w","sizes":"auto, (max-width: 819px) 100vw, 819px"}],"counts":{"blocks":6,"headings":0,"texts":4,"buttons":0,"images":1}},"sections":[{"id":"section-1","title":"","text":"Els abonats poden inscriure\u2019s per a assistir al partit del mini Submar\u00ed que es disputar\u00e0 en el Mini Estadi aquest cap de setmana Com ja s\u2019ha fet en els \u00faltims partits, el Villarreal CF ha habilitat una plataforma perqu\u00e8 els seus abonats puguen sol\u00b7licitar la seua entrada per a assistir en els pr\u00f2xims dies al partit del Villarreal B contra el Sevilla Atl\u00e9tico (diumenge, 17.00 hores).Cal recordar que la Ciutat Esportiva ja est\u00e0 oberta al p\u00fablic en general, a excepci\u00f3 dels partits que tinguen lloc en el Mini Estadi, que estan subjectes a les mesures sanit\u00e0ries imposades per la Generalitat Valenciana i de moment compten amb limitacions d\u2019aforament. ENTRADES VILLARREAL B-SEVILLA ATL\u00c9TICO Per a gestionar-les, els abonats simplement hauran d\u2019emplenar un senzill formulari amb les dades de l\u2019assistent i acceptar les condicions d\u2019acc\u00e9s al recinte. Despr\u00e9s, rebran un correu electr\u00f2nic amb el codi QR que hauran de presentar en l\u2019acc\u00e9s al Mini Estadi. No hi haur\u00e0 termini establit per a sol\u00b7licitar l\u2019acc\u00e9s a la trobada, ja que conclour\u00e0 en esgotar-se el nombre d\u2019entrades disponibles a causa de l\u2019aforament m\u00e0xim perm\u00e9s per la Generalitat Valenciana.P\u00c0RQUING DEL CEM HABILITAT PER A AFICIONATSEls abonats que desitgen assistir als partits en el Mini Estadi hauran d\u2019aparcar els seus vehicles en el p\u00e0rquing de la Ciutat Esportiva Municipal CEM de Vila-real per a accedir des d\u2019all\u00ed a la Ciutat Esportiva del Vila-real CF.CONDICIONS D\u2019ACC\u00c9S DE P\u00daBLICO Al MINI ESTADI DE LA CIUTAT ESPORTIVA DEL VILLARREAL CF","headings":[],"texts":[{"type":"paragraph","text":"Els abonats poden inscriure\u2019s per a assistir al partit del mini Submar\u00ed que es disputar\u00e0 en el Mini Estadi aquest cap de setmana"},{"type":"paragraph","text":"Com ja s\u2019ha fet en els \u00faltims partits, el Villarreal CF ha habilitat una plataforma perqu\u00e8 els seus abonats puguen sol\u00b7licitar la seua entrada per a assistir en els pr\u00f2xims dies al partit del Villarreal B contra el Sevilla Atl\u00e9tico (diumenge, 17.00 hores).Cal recordar que la Ciutat Esportiva ja est\u00e0 oberta al p\u00fablic en general, a excepci\u00f3 dels partits que tinguen lloc en el Mini Estadi, que estan subjectes a les mesures sanit\u00e0ries imposades per la Generalitat Valenciana i de moment compten amb limitacions d\u2019aforament."},{"type":"paragraph","text":"ENTRADES VILLARREAL B-SEVILLA ATL\u00c9TICO"},{"type":"paragraph","text":"Per a gestionar-les, els abonats simplement hauran d\u2019emplenar un senzill formulari amb les dades de l\u2019assistent i acceptar les condicions d\u2019acc\u00e9s al recinte. Despr\u00e9s, rebran un correu electr\u00f2nic amb el codi QR que hauran de presentar en l\u2019acc\u00e9s al Mini Estadi. No hi haur\u00e0 termini establit per a sol\u00b7licitar l\u2019acc\u00e9s a la trobada, ja que conclour\u00e0 en esgotar-se el nombre d\u2019entrades disponibles a causa de l\u2019aforament m\u00e0xim perm\u00e9s per la Generalitat Valenciana.P\u00c0RQUING DEL CEM HABILITAT PER A AFICIONATSEls abonats que desitgen assistir als partits en el Mini Estadi hauran d\u2019aparcar els seus vehicles en el p\u00e0rquing de la Ciutat Esportiva Municipal CEM de Vila-real per a accedir des d\u2019all\u00ed a la Ciutat Esportiva del Vila-real CF.CONDICIONS D\u2019ACC\u00c9S DE P\u00daBLICO Al MINI ESTADI DE LA CIUTAT ESPORTIVA DEL VILLARREAL CF"}],"buttons":[],"images":[{"type":"image","url":"https:\/\/villarrealcf.es\/\/wp-content\/uploads\/2021\/10\/7853e4e6170bfc53b04e9ef70e217c50.jpg","alt":"||||","width":819,"height":459,"srcset":"https:\/\/villarrealcf.es\/wp-content\/uploads\/2021\/10\/7853e4e6170bfc53b04e9ef70e217c50.jpg 819w, https:\/\/villarrealcf.es\/\/wp-content\/uploads\/2021\/10\/7853e4e6170bfc53b04e9ef70e217c50.jpg 1920w, https:\/\/villarrealcf.es\/\/wp-content\/uploads\/2021\/10\/7853e4e6170bfc53b04e9ef70e217c50.jpg 1920w, https:\/\/villarrealcf.es\/\/wp-content\/uploads\/2021\/10\/7853e4e6170bfc53b04e9ef70e217c50.jpg 1920w, https:\/\/villarrealcf.es\/wp-content\/uploads\/2021\/10\/7853e4e6170bfc53b04e9ef70e217c50-32x18.jpg 32w, https:\/\/villarrealcf.es\/wp-content\/uploads\/2021\/10\/7853e4e6170bfc53b04e9ef70e217c50-150x84.jpg 150w, https:\/\/villarrealcf.es\/\/wp-content\/uploads\/2021\/10\/7853e4e6170bfc53b04e9ef70e217c50.jpg 1920w","sizes":"auto, (max-width: 819px) 100vw, 819px"}],"widgets":[],"blocks":[{"type":"image","url":"https:\/\/villarrealcf.es\/\/wp-content\/uploads\/2021\/10\/7853e4e6170bfc53b04e9ef70e217c50.jpg","alt":"||||","width":819,"height":459,"srcset":"https:\/\/villarrealcf.es\/wp-content\/uploads\/2021\/10\/7853e4e6170bfc53b04e9ef70e217c50.jpg 819w, https:\/\/villarrealcf.es\/\/wp-content\/uploads\/2021\/10\/7853e4e6170bfc53b04e9ef70e217c50.jpg 1920w, https:\/\/villarrealcf.es\/\/wp-content\/uploads\/2021\/10\/7853e4e6170bfc53b04e9ef70e217c50.jpg 1920w, https:\/\/villarrealcf.es\/\/wp-content\/uploads\/2021\/10\/7853e4e6170bfc53b04e9ef70e217c50.jpg 1920w, https:\/\/villarrealcf.es\/wp-content\/uploads\/2021\/10\/7853e4e6170bfc53b04e9ef70e217c50-32x18.jpg 32w, https:\/\/villarrealcf.es\/wp-content\/uploads\/2021\/10\/7853e4e6170bfc53b04e9ef70e217c50-150x84.jpg 150w, https:\/\/villarrealcf.es\/\/wp-content\/uploads\/2021\/10\/7853e4e6170bfc53b04e9ef70e217c50.jpg 1920w","sizes":"auto, (max-width: 819px) 100vw, 819px"},{"type":"paragraph","text":"Els abonats poden inscriure\u2019s per a assistir al partit del mini Submar\u00ed que es disputar\u00e0 en el Mini Estadi aquest cap de setmana"},{"type":"paragraph","text":"Com ja s\u2019ha fet en els \u00faltims partits, el Villarreal CF ha habilitat una plataforma perqu\u00e8 els seus abonats puguen sol\u00b7licitar la seua entrada per a assistir en els pr\u00f2xims dies al partit del Villarreal B contra el Sevilla Atl\u00e9tico (diumenge, 17.00 hores).Cal recordar que la Ciutat Esportiva ja est\u00e0 oberta al p\u00fablic en general, a excepci\u00f3 dels partits que tinguen lloc en el Mini Estadi, que estan subjectes a les mesures sanit\u00e0ries imposades per la Generalitat Valenciana i de moment compten amb limitacions d\u2019aforament."},{"type":"paragraph","text":"ENTRADES VILLARREAL B-SEVILLA ATL\u00c9TICO"},{"type":"paragraph","text":"Per a gestionar-les, els abonats simplement hauran d\u2019emplenar un senzill formulari amb les dades de l\u2019assistent i acceptar les condicions d\u2019acc\u00e9s al recinte. Despr\u00e9s, rebran un correu electr\u00f2nic amb el codi QR que hauran de presentar en l\u2019acc\u00e9s al Mini Estadi. No hi haur\u00e0 termini establit per a sol\u00b7licitar l\u2019acc\u00e9s a la trobada, ja que conclour\u00e0 en esgotar-se el nombre d\u2019entrades disponibles a causa de l\u2019aforament m\u00e0xim perm\u00e9s per la Generalitat Valenciana.P\u00c0RQUING DEL CEM HABILITAT PER A AFICIONATSEls abonats que desitgen assistir als partits en el Mini Estadi hauran d\u2019aparcar els seus vehicles en el p\u00e0rquing de la Ciutat Esportiva Municipal CEM de Vila-real per a accedir des d\u2019all\u00ed a la Ciutat Esportiva del Vila-real CF.CONDICIONS D\u2019ACC\u00c9S DE P\u00daBLICO Al MINI ESTADI DE LA CIUTAT ESPORTIVA DEL VILLARREAL CF"},{"type":"list","style":"ul","items":["\u00danicament accediran els abonats del Villarreal CF, pr\u00e8via presentaci\u00f3 del corresponent codi QR que hauran sol\u00b7licitat amb anterioritat.","L\u2019acc\u00e9s al Mini Estadi s\u2019obrir\u00e0 una hora abans de l\u2019inici del partit.","El club habilitar\u00e0 totes les graderies del Mini Estadi per a mantindre la dist\u00e0ncia de seguretat entre els assistents.","\u00c9s obligatori l\u2019\u00fas de m\u00e0scara.","Est\u00e0 prohibit fumar.","S\u2019habilitar\u00e0 el servei d\u2019hostaleria del Mini Estadi. No obstant aix\u00f2, nom\u00e9s es podr\u00e0 menjar en la zona habilitada.","En les graderies nom\u00e9s estar\u00e0 perm\u00e9s beure. Els aficionats podran retirar-se la m\u00e0scara \u00fanicament en aquest moment.","S\u2019ha de respectar la senyalitzaci\u00f3 dels seients i ocupar aquells habilitats per al seu \u00fas.","Tant l\u2019acc\u00e9s com el desallotjament del Mini Estadi es realitzar\u00e0 de manera escalonada."]}]}],"hero":{"id":"section-1","title":"","text":"Els abonats poden inscriure\u2019s per a assistir al partit del mini Submar\u00ed que es disputar\u00e0 en el Mini Estadi aquest cap de setmana Com ja s\u2019ha fet en els \u00faltims partits, el Villarreal CF ha habilitat una plataforma perqu\u00e8 els seus abonats puguen sol\u00b7licitar la seua entrada per a assistir en els pr\u00f2xims dies al partit del Villarreal B contra el Sevilla Atl\u00e9tico (diumenge, 17.00 hores).Cal recordar que la Ciutat Esportiva ja est\u00e0 oberta al p\u00fablic en general, a excepci\u00f3 dels partits que tinguen lloc en el Mini Estadi, que estan subjectes a les mesures sanit\u00e0ries imposades per la Generalitat Valenciana i de moment compten amb limitacions d\u2019aforament. ENTRADES VILLARREAL B-SEVILLA ATL\u00c9TICO Per a gestionar-les, els abonats simplement hauran d\u2019emplenar un senzill formulari amb les dades de l\u2019assistent i acceptar les condicions d\u2019acc\u00e9s al recinte. Despr\u00e9s, rebran un correu electr\u00f2nic amb el codi QR que hauran de presentar en l\u2019acc\u00e9s al Mini Estadi. No hi haur\u00e0 termini establit per a sol\u00b7licitar l\u2019acc\u00e9s a la trobada, ja que conclour\u00e0 en esgotar-se el nombre d\u2019entrades disponibles a causa de l\u2019aforament m\u00e0xim perm\u00e9s per la Generalitat Valenciana.P\u00c0RQUING DEL CEM HABILITAT PER A AFICIONATSEls abonats que desitgen assistir als partits en el Mini Estadi hauran d\u2019aparcar els seus vehicles en el p\u00e0rquing de la Ciutat Esportiva Municipal CEM de Vila-real per a accedir des d\u2019all\u00ed a la Ciutat Esportiva del Vila-real CF.CONDICIONS D\u2019ACC\u00c9S DE P\u00daBLICO Al MINI ESTADI DE LA CIUTAT ESPORTIVA DEL VILLARREAL CF","headings":[],"texts":[{"type":"paragraph","text":"Els abonats poden inscriure\u2019s per a assistir al partit del mini Submar\u00ed que es disputar\u00e0 en el Mini Estadi aquest cap de setmana"},{"type":"paragraph","text":"Com ja s\u2019ha fet en els \u00faltims partits, el Villarreal CF ha habilitat una plataforma perqu\u00e8 els seus abonats puguen sol\u00b7licitar la seua entrada per a assistir en els pr\u00f2xims dies al partit del Villarreal B contra el Sevilla Atl\u00e9tico (diumenge, 17.00 hores).Cal recordar que la Ciutat Esportiva ja est\u00e0 oberta al p\u00fablic en general, a excepci\u00f3 dels partits que tinguen lloc en el Mini Estadi, que estan subjectes a les mesures sanit\u00e0ries imposades per la Generalitat Valenciana i de moment compten amb limitacions d\u2019aforament."},{"type":"paragraph","text":"ENTRADES VILLARREAL B-SEVILLA ATL\u00c9TICO"},{"type":"paragraph","text":"Per a gestionar-les, els abonats simplement hauran d\u2019emplenar un senzill formulari amb les dades de l\u2019assistent i acceptar les condicions d\u2019acc\u00e9s al recinte. Despr\u00e9s, rebran un correu electr\u00f2nic amb el codi QR que hauran de presentar en l\u2019acc\u00e9s al Mini Estadi. No hi haur\u00e0 termini establit per a sol\u00b7licitar l\u2019acc\u00e9s a la trobada, ja que conclour\u00e0 en esgotar-se el nombre d\u2019entrades disponibles a causa de l\u2019aforament m\u00e0xim perm\u00e9s per la Generalitat Valenciana.P\u00c0RQUING DEL CEM HABILITAT PER A AFICIONATSEls abonats que desitgen assistir als partits en el Mini Estadi hauran d\u2019aparcar els seus vehicles en el p\u00e0rquing de la Ciutat Esportiva Municipal CEM de Vila-real per a accedir des d\u2019all\u00ed a la Ciutat Esportiva del Vila-real CF.CONDICIONS D\u2019ACC\u00c9S DE P\u00daBLICO Al MINI ESTADI DE LA CIUTAT ESPORTIVA DEL VILLARREAL CF"}],"buttons":[],"images":[{"type":"image","url":"https:\/\/villarrealcf.es\/\/wp-content\/uploads\/2021\/10\/7853e4e6170bfc53b04e9ef70e217c50.jpg","alt":"||||","width":819,"height":459,"srcset":"https:\/\/villarrealcf.es\/wp-content\/uploads\/2021\/10\/7853e4e6170bfc53b04e9ef70e217c50.jpg 819w, https:\/\/villarrealcf.es\/\/wp-content\/uploads\/2021\/10\/7853e4e6170bfc53b04e9ef70e217c50.jpg 1920w, https:\/\/villarrealcf.es\/\/wp-content\/uploads\/2021\/10\/7853e4e6170bfc53b04e9ef70e217c50.jpg 1920w, https:\/\/villarrealcf.es\/\/wp-content\/uploads\/2021\/10\/7853e4e6170bfc53b04e9ef70e217c50.jpg 1920w, https:\/\/villarrealcf.es\/wp-content\/uploads\/2021\/10\/7853e4e6170bfc53b04e9ef70e217c50-32x18.jpg 32w, https:\/\/villarrealcf.es\/wp-content\/uploads\/2021\/10\/7853e4e6170bfc53b04e9ef70e217c50-150x84.jpg 150w, https:\/\/villarrealcf.es\/\/wp-content\/uploads\/2021\/10\/7853e4e6170bfc53b04e9ef70e217c50.jpg 1920w","sizes":"auto, (max-width: 819px) 100vw, 819px"}],"widgets":[],"blocks":[{"type":"image","url":"https:\/\/villarrealcf.es\/\/wp-content\/uploads\/2021\/10\/7853e4e6170bfc53b04e9ef70e217c50.jpg","alt":"||||","width":819,"height":459,"srcset":"https:\/\/villarrealcf.es\/wp-content\/uploads\/2021\/10\/7853e4e6170bfc53b04e9ef70e217c50.jpg 819w, https:\/\/villarrealcf.es\/\/wp-content\/uploads\/2021\/10\/7853e4e6170bfc53b04e9ef70e217c50.jpg 1920w, https:\/\/villarrealcf.es\/\/wp-content\/uploads\/2021\/10\/7853e4e6170bfc53b04e9ef70e217c50.jpg 1920w, https:\/\/villarrealcf.es\/\/wp-content\/uploads\/2021\/10\/7853e4e6170bfc53b04e9ef70e217c50.jpg 1920w, https:\/\/villarrealcf.es\/wp-content\/uploads\/2021\/10\/7853e4e6170bfc53b04e9ef70e217c50-32x18.jpg 32w, https:\/\/villarrealcf.es\/wp-content\/uploads\/2021\/10\/7853e4e6170bfc53b04e9ef70e217c50-150x84.jpg 150w, https:\/\/villarrealcf.es\/\/wp-content\/uploads\/2021\/10\/7853e4e6170bfc53b04e9ef70e217c50.jpg 1920w","sizes":"auto, (max-width: 819px) 100vw, 819px"},{"type":"paragraph","text":"Els abonats poden inscriure\u2019s per a assistir al partit del mini Submar\u00ed que es disputar\u00e0 en el Mini Estadi aquest cap de setmana"},{"type":"paragraph","text":"Com ja s\u2019ha fet en els \u00faltims partits, el Villarreal CF ha habilitat una plataforma perqu\u00e8 els seus abonats puguen sol\u00b7licitar la seua entrada per a assistir en els pr\u00f2xims dies al partit del Villarreal B contra el Sevilla Atl\u00e9tico (diumenge, 17.00 hores).Cal recordar que la Ciutat Esportiva ja est\u00e0 oberta al p\u00fablic en general, a excepci\u00f3 dels partits que tinguen lloc en el Mini Estadi, que estan subjectes a les mesures sanit\u00e0ries imposades per la Generalitat Valenciana i de moment compten amb limitacions d\u2019aforament."},{"type":"paragraph","text":"ENTRADES VILLARREAL B-SEVILLA ATL\u00c9TICO"},{"type":"paragraph","text":"Per a gestionar-les, els abonats simplement hauran d\u2019emplenar un senzill formulari amb les dades de l\u2019assistent i acceptar les condicions d\u2019acc\u00e9s al recinte. Despr\u00e9s, rebran un correu electr\u00f2nic amb el codi QR que hauran de presentar en l\u2019acc\u00e9s al Mini Estadi. No hi haur\u00e0 termini establit per a sol\u00b7licitar l\u2019acc\u00e9s a la trobada, ja que conclour\u00e0 en esgotar-se el nombre d\u2019entrades disponibles a causa de l\u2019aforament m\u00e0xim perm\u00e9s per la Generalitat Valenciana.P\u00c0RQUING DEL CEM HABILITAT PER A AFICIONATSEls abonats que desitgen assistir als partits en el Mini Estadi hauran d\u2019aparcar els seus vehicles en el p\u00e0rquing de la Ciutat Esportiva Municipal CEM de Vila-real per a accedir des d\u2019all\u00ed a la Ciutat Esportiva del Vila-real CF.CONDICIONS D\u2019ACC\u00c9S DE P\u00daBLICO Al MINI ESTADI DE LA CIUTAT ESPORTIVA DEL VILLARREAL CF"},{"type":"list","style":"ul","items":["\u00danicament accediran els abonats del Villarreal CF, pr\u00e8via presentaci\u00f3 del corresponent codi QR que hauran sol\u00b7licitat amb anterioritat.","L\u2019acc\u00e9s al Mini Estadi s\u2019obrir\u00e0 una hora abans de l\u2019inici del partit.","El club habilitar\u00e0 totes les graderies del Mini Estadi per a mantindre la dist\u00e0ncia de seguretat entre els assistents.","\u00c9s obligatori l\u2019\u00fas de m\u00e0scara.","Est\u00e0 prohibit fumar.","S\u2019habilitar\u00e0 el servei d\u2019hostaleria del Mini Estadi. No obstant aix\u00f2, nom\u00e9s es podr\u00e0 menjar en la zona habilitada.","En les graderies nom\u00e9s estar\u00e0 perm\u00e9s beure. Els aficionats podran retirar-se la m\u00e0scara \u00fanicament en aquest moment.","S\u2019ha de respectar la senyalitzaci\u00f3 dels seients i ocupar aquells habilitats per al seu \u00fas.","Tant l\u2019acc\u00e9s com el desallotjament del Mini Estadi es realitzar\u00e0 de manera escalonada."]}]}},"sections":[{"id":"section-1","title":"","text":"Els abonats poden inscriure\u2019s per a assistir al partit del mini Submar\u00ed que es disputar\u00e0 en el Mini Estadi aquest cap de setmana Com ja s\u2019ha fet en els \u00faltims partits, el Villarreal CF ha habilitat una plataforma perqu\u00e8 els seus abonats puguen sol\u00b7licitar la seua entrada per a assistir en els pr\u00f2xims dies al partit del Villarreal B contra el Sevilla Atl\u00e9tico (diumenge, 17.00 hores).Cal recordar que la Ciutat Esportiva ja est\u00e0 oberta al p\u00fablic en general, a excepci\u00f3 dels partits que tinguen lloc en el Mini Estadi, que estan subjectes a les mesures sanit\u00e0ries imposades per la Generalitat Valenciana i de moment compten amb limitacions d\u2019aforament. ENTRADES VILLARREAL B-SEVILLA ATL\u00c9TICO Per a gestionar-les, els abonats simplement hauran d\u2019emplenar un senzill formulari amb les dades de l\u2019assistent i acceptar les condicions d\u2019acc\u00e9s al recinte. Despr\u00e9s, rebran un correu electr\u00f2nic amb el codi QR que hauran de presentar en l\u2019acc\u00e9s al Mini Estadi. No hi haur\u00e0 termini establit per a sol\u00b7licitar l\u2019acc\u00e9s a la trobada, ja que conclour\u00e0 en esgotar-se el nombre d\u2019entrades disponibles a causa de l\u2019aforament m\u00e0xim perm\u00e9s per la Generalitat Valenciana.P\u00c0RQUING DEL CEM HABILITAT PER A AFICIONATSEls abonats que desitgen assistir als partits en el Mini Estadi hauran d\u2019aparcar els seus vehicles en el p\u00e0rquing de la Ciutat Esportiva Municipal CEM de Vila-real per a accedir des d\u2019all\u00ed a la Ciutat Esportiva del Vila-real CF.CONDICIONS D\u2019ACC\u00c9S DE P\u00daBLICO Al MINI ESTADI DE LA CIUTAT ESPORTIVA DEL VILLARREAL CF","url":"","background_image":"","images":[{"type":"image","url":"https:\/\/villarrealcf.es\/\/wp-content\/uploads\/2021\/10\/7853e4e6170bfc53b04e9ef70e217c50.jpg","alt":"||||","width":819,"height":459,"srcset":"https:\/\/villarrealcf.es\/wp-content\/uploads\/2021\/10\/7853e4e6170bfc53b04e9ef70e217c50.jpg 819w, https:\/\/villarrealcf.es\/\/wp-content\/uploads\/2021\/10\/7853e4e6170bfc53b04e9ef70e217c50.jpg 1920w, https:\/\/villarrealcf.es\/\/wp-content\/uploads\/2021\/10\/7853e4e6170bfc53b04e9ef70e217c50.jpg 1920w, https:\/\/villarrealcf.es\/\/wp-content\/uploads\/2021\/10\/7853e4e6170bfc53b04e9ef70e217c50.jpg 1920w, https:\/\/villarrealcf.es\/wp-content\/uploads\/2021\/10\/7853e4e6170bfc53b04e9ef70e217c50-32x18.jpg 32w, https:\/\/villarrealcf.es\/wp-content\/uploads\/2021\/10\/7853e4e6170bfc53b04e9ef70e217c50-150x84.jpg 150w, https:\/\/villarrealcf.es\/\/wp-content\/uploads\/2021\/10\/7853e4e6170bfc53b04e9ef70e217c50.jpg 1920w","sizes":"auto, (max-width: 819px) 100vw, 819px"}],"videos":[],"links":[]},{"id":"shortcode-caption-69eefafe29343","type":"shortcode","shortcode":"caption","attributes":{"id":"attachment_174871","align":"alignnone","width":""},"title":"Caption","rendered":"","data":[],"text":"","url":"","background_image":"","images":[],"videos":[],"links":[],"blocks":[]}]},"excerpt":{"rendered":"Els abonats poden inscriure&#8217;s per a assistir al partit del mini Submar\u00ed que es disputar\u00e0\u00a0en el Mini Estadi aquest cap de setmana","protected":false},"author":23,"featured_media":174871,"comment_status":"","ping_status":"","sticky":false,"template":"","format":"standard","meta":{"_acf_changed":false,"footnotes":""},"categories":[4854],"tags":[12554,12556,9487,9270,9428,8867,12930,9203,9229],"acf":null,"lang":"val","translations":{"val":221583},"essential_grid":{"has_grid":false},"formatted_date":"October 5, 2021","modified_date":"October 5, 2021","permalink":"https:\/\/villarrealcf.es\/val\/anima-al-villarreal-b-2\/","reading_time":2,"featured_media_data":{"id":174871,"title":"||||","caption":"||||","alt_text":"","description":"","mime_type":"image\/jpeg","source_url":"https:\/\/villarrealcf.es\/wp-content\/uploads\/2021\/10\/7853e4e6170bfc53b04e9ef70e217c50.jpg","sizes":{"thumbnail":{"url":"https:\/\/villarrealcf.es\/wp-content\/uploads\/2021\/10\/7853e4e6170bfc53b04e9ef70e217c50-150x150.jpg","width":150,"height":150},"medium":{"url":"https:\/\/villarrealcf.es\/wp-content\/uploads\/2021\/10\/7853e4e6170bfc53b04e9ef70e217c50-300x168.jpg","width":300,"height":168},"medium_large":{"url":"https:\/\/villarrealcf.es\/wp-content\/uploads\/2021\/10\/7853e4e6170bfc53b04e9ef70e217c50-768x430.jpg","width":768,"height":430},"large":{"url":"https:\/\/villarrealcf.es\/wp-content\/uploads\/2021\/10\/7853e4e6170bfc53b04e9ef70e217c50.jpg","width":788,"height":442},"1536x1536":{"url":"https:\/\/villarrealcf.es\/wp-content\/uploads\/2021\/10\/7853e4e6170bfc53b04e9ef70e217c50.jpg","width":819,"height":459},"2048x2048":{"url":"https:\/\/villarrealcf.es\/wp-content\/uploads\/2021\/10\/7853e4e6170bfc53b04e9ef70e217c50.jpg","width":819,"height":459},"tp-image-grid":{"url":"https:\/\/villarrealcf.es\/wp-content\/uploads\/2021\/10\/7853e4e6170bfc53b04e9ef70e217c50-700x459.jpg","width":700,"height":459},"size-bunyad-medium":{"url":"https:\/\/villarrealcf.es\/wp-content\/uploads\/2021\/10\/7853e4e6170bfc53b04e9ef70e217c50.jpg","width":819,"height":459},"sportspress-crop-medium":{"url":"https:\/\/villarrealcf.es\/wp-content\/uploads\/2021\/10\/7853e4e6170bfc53b04e9ef70e217c50-300x300.jpg","width":300,"height":300},"sportspress-fit-medium":{"url":"https:\/\/villarrealcf.es\/wp-content\/uploads\/2021\/10\/7853e4e6170bfc53b04e9ef70e217c50-300x168.jpg","width":300,"height":168},"sportspress-fit-icon":{"url":"https:\/\/villarrealcf.es\/wp-content\/uploads\/2021\/10\/7853e4e6170bfc53b04e9ef70e217c50-128x72.jpg","width":128,"height":72},"sportspress-fit-mini":{"url":"https:\/\/villarrealcf.es\/wp-content\/uploads\/2021\/10\/7853e4e6170bfc53b04e9ef70e217c50-32x18.jpg","width":32,"height":18},"bunyad-small":{"url":"https:\/\/villarrealcf.es\/wp-content\/uploads\/2021\/10\/7853e4e6170bfc53b04e9ef70e217c50-150x84.jpg","width":150,"height":84},"bunyad-medium":{"url":"https:\/\/villarrealcf.es\/wp-content\/uploads\/2021\/10\/7853e4e6170bfc53b04e9ef70e217c50-450x252.jpg","width":450,"height":252},"bunyad-full":{"url":"https:\/\/villarrealcf.es\/wp-content\/uploads\/2021\/10\/7853e4e6170bfc53b04e9ef70e217c50.jpg","width":819,"height":459},"bunyad-viewport":{"url":"https:\/\/villarrealcf.es\/wp-content\/uploads\/2021\/10\/7853e4e6170bfc53b04e9ef70e217c50.jpg","width":819,"height":459},"bunyad-768":{"url":"https:\/\/villarrealcf.es\/wp-content\/uploads\/2021\/10\/7853e4e6170bfc53b04e9ef70e217c50-768x430.jpg","width":768,"height":430},"full":{"url":"https:\/\/villarrealcf.es\/wp-content\/uploads\/2021\/10\/7853e4e6170bfc53b04e9ef70e217c50.jpg","width":819,"height":459}}},"author_data":{"id":"23","name":"Fran Segovia","first_name":"Fran","last_name":"Segovia","description":"","avatar_url":"https:\/\/secure.gravatar.com\/avatar\/9ec849b3b9cb451091f0a96d7943b1c6be26a8d6fd3b94d5b5bfd496b2536c42?s=96&d=mm&r=g","acf":null},"taxonomies_data":{"category":[{"id":4854,"name":"Noticies Generals","slug":"noticies-generals","acf":null}],"post_tag":[{"id":12554,"name":"#Football","slug":"football-val","acf":null},{"id":12556,"name":"#Soccer","slug":"soccer-val","acf":null},{"id":9487,"name":"Afici\u00f3n","slug":"aficion-val","acf":null},{"id":9270,"name":"Futbol","slug":"futbol-val","acf":null},{"id":9428,"name":"Mini Estadi","slug":"mini-estadi-val","acf":null},{"id":8867,"name":"Primera RFEF","slug":"primera-rfef","acf":null},{"id":12930,"name":"Sevilla Atl\u00e9tico","slug":"sevilla-atletico-val","acf":null},{"id":9203,"name":"Villarreal CF","slug":"villarreal-cf-val","acf":null},{"id":9229,"name":"Villarreal CF B","slug":"villarreal-cf-b-val","acf":null}],"translation_priority":[{"id":735,"name":"Optional","slug":"optional-val","acf":null}]},"seo_full":{"native":{"title":"Anima al Villarreal B! - Web Oficial del Villarreal CF","description":"[caption id=\"attachment_174871\" align=\"alignnone\" width=\"\"]||||[\/caption]Els abonats poden inscriure's per a assistir al partit del mini Submar\u00ed que es disputar\u00e0\u00a0en el Mini&hellip;","canonical":"https:\/\/villarrealcf.es\/val\/anima-al-villarreal-b-2\/"}},"_links":{"self":[{"href":"https:\/\/villarrealcf.es\/val\/wp-json\/wp\/v2\/posts\/221583","targetHints":{"allow":["GET"]}}],"collection":[{"href":"https:\/\/villarrealcf.es\/val\/wp-json\/wp\/v2\/posts"}],"about":[{"href":"https:\/\/villarrealcf.es\/val\/wp-json\/wp\/v2\/types\/post"}],"author":[{"embeddable":true,"href":"https:\/\/villarrealcf.es\/val\/wp-json\/wp\/v2\/users\/23"}],"replies":[{"embeddable":true,"href":"https:\/\/villarrealcf.es\/val\/wp-json\/wp\/v2\/comments?post=221583"}],"version-history":[{"count":0,"href":"https:\/\/villarrealcf.es\/val\/wp-json\/wp\/v2\/posts\/221583\/revisions"}],"wp:featuredmedia":[{"embeddable":true,"href":"https:\/\/villarrealcf.es\/val\/wp-json\/wp\/v2\/media\/174871"}],"wp:attachment":[{"href":"https:\/\/villarrealcf.es\/val\/wp-json\/wp\/v2\/media?parent=221583"}],"wp:term":[{"taxonomy":"category","embeddable":true,"href":"https:\/\/villarrealcf.es\/val\/wp-json\/wp\/v2\/categories?post=221583"},{"taxonomy":"post_tag","embeddable":true,"href":"https:\/\/villarrealcf.es\/val\/wp-json\/wp\/v2\/tags?post=221583"}],"curies":[{"name":"wp","href":"https:\/\/api.w.org\/{rel}","templated":true}]}}