{"id":221460,"date":"2021-09-28T12:23:43","date_gmt":"2021-09-28T10:23:43","guid":{"rendered":"https:\/\/villarrealcf.es\/\/demana-ja-la-teua-entrada-per-al-partit-davant-el-real-betis\/"},"modified":"2021-09-28T12:23:43","modified_gmt":"2021-09-28T10:23:43","slug":"demana-ja-la-teua-entrada-per-al-partit-davant-el-real-betis","status":"publish","type":"post","link":"https:\/\/villarrealcf.es\/val\/demana-ja-la-teua-entrada-per-al-partit-davant-el-real-betis\/","title":{"rendered":"Demana ja la teua entrada per al partit davant el Real Betis!"},"content":{"protected":false,"blocks":[{"type":"image","url":"https:\/\/villarrealcf.es\/\/wp-content\/uploads\/2021\/09\/edf6b1b645fd4c20d5fcc346a46d073b.jpg","alt":"||||||","width":819,"height":460,"srcset":"https:\/\/villarrealcf.es\/wp-content\/uploads\/2021\/09\/edf6b1b645fd4c20d5fcc346a46d073b.jpg 819w, https:\/\/villarrealcf.es\/\/wp-content\/uploads\/2021\/09\/edf6b1b645fd4c20d5fcc346a46d073b.jpg 1920w, https:\/\/villarrealcf.es\/\/wp-content\/uploads\/2021\/09\/edf6b1b645fd4c20d5fcc346a46d073b.jpg 1920w, https:\/\/villarrealcf.es\/\/wp-content\/uploads\/2021\/09\/edf6b1b645fd4c20d5fcc346a46d073b.jpg 1920w, https:\/\/villarrealcf.es\/wp-content\/uploads\/2021\/09\/edf6b1b645fd4c20d5fcc346a46d073b-32x18.jpg 32w, https:\/\/villarrealcf.es\/wp-content\/uploads\/2021\/09\/edf6b1b645fd4c20d5fcc346a46d073b-150x84.jpg 150w, https:\/\/villarrealcf.es\/\/wp-content\/uploads\/2021\/09\/edf6b1b645fd4c20d5fcc346a46d073b.jpg 1920w","sizes":"auto, (max-width: 819px) 100vw, 819px"},{"type":"paragraph","text":"Els abonats poden sol\u00b7licitar-la a trav\u00e9s d\u2019un formulari fins al dijous a les 23.59 hores"},{"type":"paragraph","text":"Tal com s\u2019ha fet en els \u00faltims encontres, amb motiu de la pand\u00e8mia i les existents limitacions d\u2019aforament i assist\u00e8ncia a esdeveniments, el Villarreal CF ha habilitat una plataforma perqu\u00e8 els seus abonats puguen sol\u00b7licitar la seua entrada per a assistir al partit contra el Real Betis, que se celebrar\u00e0 el diumenge 3 d\u2019octubre, a les 18.30 hores, en l\u2019Estadi de la Cer\u00e0mica."},{"type":"paragraph","text":"Se celebrar\u00e0 amb un aforament del 60%"},{"type":"paragraph","text":"Per la situaci\u00f3 de la pand\u00e8mia del covid-19, la Conselleria de Sanitat de la Comunitat Valenciana ha autoritzat un aforament del 60% per a la celebraci\u00f3 de partits esportius de categoria professional en espais oberts."},{"type":"paragraph","text":"El termini de sol\u00b7licituds finalitza el dijous a les 23.59 hores"},{"type":"paragraph","text":"Els abonats interessats a assistir a l\u2019enfrontament poden inscriure\u2019s des de ja mateix, en la plataforma d\u2019ENTRADES, que romandr\u00e0 habilitada fins al dijous a les 23.59 hores. Els seguidors podran apuntar-se de manera individual o en grups de 2, 3, 4, 5 o 6 persones, sempre que siguen convivents. Aix\u00ed mateix, aquells abonats que aix\u00ed ho desitgen, podran assistir a les botigues oficials per a gestionar la seua sol\u00b7licitud de manera presencial."},{"type":"paragraph","text":"Posteriorment, el club comunicar\u00e0 a tots els que hagen realitzat la seua sol\u00b7licitud si han sigut o no seleccionats per a poder assistir al partit."},{"type":"paragraph","text":"Criteri de selecci\u00f3 per ordre de sol\u00b7licitud"},{"type":"paragraph","text":"En cas d\u2019exc\u00e9s de demanda, el Villarreal CF assignar\u00e0 les entrades als seus abonats amb vista a la presentaci\u00f3 de les seues sol\u00b7licituds fins a completar-se l\u2019aforament establit per les autoritats sanit\u00e0ries."},{"type":"paragraph","text":"Amb l\u2019objectiu de poder cobrir l\u2019aforament perm\u00e9s per les autoritats sanit\u00e0ries, el club demana als seus abonats que nom\u00e9s sol\u00b7liciten la seua entrada si tenen la certesa que podran acudir a aquest partit. De fet, l\u2019entitat tindr\u00e0 en compte per a futurs esdeveniments i\/o processos de sol\u00b7licitud d\u2019entrades a aquells abonats que reben la confirmaci\u00f3 de l\u2019entrada i finalment no assistisquen al partit."},{"type":"paragraph","text":"No hi haur\u00e0 venda d\u2019entrades: NOM\u00c9S ELS ABONATS PODRAN DEMANAR LA SEUA ENTRADA"},{"type":"paragraph","text":"Tenint en compte que el nombre d\u2019abonats del Villarreal CF supera l\u2019aforament perm\u00e9s per la Generalitat Valenciana, el club no activar\u00e0 la venda d\u2019entrades per al p\u00fablic general. Nom\u00e9s els abonats podran gestionar la sol\u00b7licitud d\u2019entrada per a l\u2019encontre."},{"type":"paragraph","text":"Protocol d\u2019acc\u00e9s a l\u2019Estadi de la Cer\u00e0mica"},{"type":"list","style":"ul","items":["Una vegada assignada l\u2019entrada, el club indicar\u00e0 als abonats l\u2019hora d\u2019acc\u00e9s a l\u2019Estadi de la Cer\u00e0mica.","\u00c9s obligatori l\u2019\u00fas de la m\u00e0scara, que haur\u00e0 de ser portada en tot moment.","Queda prohibida l\u2019entrada de menjar i beguda el camp. El servei d\u2019hostaleria de l\u2019Estadi de la Cer\u00e0mica romandr\u00e0 tancat. Nom\u00e9s es permetr\u00e0 l\u2019acc\u00e9s de botelles d\u2019aigua sense tap de fins a 50 centilitres.","Prohibit fumar."]},{"type":"paragraph","text":"GESTIONA LES ENTRADES AC\u00cd"}],"structured":{"summary":{"text":"Els abonats poden sol\u00b7licitar-la a trav\u00e9s d\u2019un formulari fins al dijous a les 23.59 hores Tal com s\u2019ha fet en els \u00faltims encontres, amb motiu de la pand\u00e8mia i les existents limitacions d\u2019aforament i assist\u00e8ncia a esdeveniments, el Villarreal CF ha habilitat una plataforma perqu\u00e8 els seus abonats puguen sol\u00b7licitar la seua entrada per a assistir al partit contra el Real Betis, que se celebrar\u00e0 el diumenge 3 d\u2019octubre, a les 18.30 hores, en l\u2019Estadi de la Cer\u00e0mica. Se celebrar\u00e0 amb un aforament del 60% Per la situaci\u00f3 de la pand\u00e8mia del covid-19, la Conselleria de Sanitat de la Comunitat Valenciana ha autoritzat un aforament del 60% per a la celebraci\u00f3 de partits esportius de categoria professional en espais oberts. El termini de sol\u00b7licituds finalitza el dijous a les 23.59 hores Els abonats interessats a assistir a l\u2019enfrontament poden inscriure\u2019s des de ja mateix, en la plataforma d\u2019ENTRADES, que romandr\u00e0 habilitada fins al dijous a les 23.59 hores. Els seguidors podran apuntar-se de manera individual o en grups de 2, 3, 4, 5 o 6 persones, sempre que siguen convivents. Aix\u00ed mateix, aquells abonats que aix\u00ed ho desitgen, podran assistir a les botigues oficials per a gestionar la seua sol\u00b7licitud de manera presencial. Posteriorment, el club comunicar\u00e0 a tots els que hagen realitzat la seua sol\u00b7licitud si han sigut o no seleccionats per a poder assistir al partit. Criteri de selecci\u00f3 per ordre de sol\u00b7licitud En cas d\u2019exc\u00e9s de demanda, el Villarreal CF assignar\u00e0 les entrades als seus abonats amb vista a la presentaci\u00f3 de les seues sol\u00b7licituds fins a completar-se l\u2019aforament establit per les autoritats sanit\u00e0ries. Amb l\u2019objectiu de poder cobrir l\u2019aforament perm\u00e9s per les autoritats sanit\u00e0ries, el club demana als seus abonats que nom\u00e9s sol\u00b7liciten la seua entrada si tenen la certesa que podran acudir a aquest partit. De fet, l\u2019entitat tindr\u00e0 en compte per a futurs esdeveniments i\/o processos de sol\u00b7licitud d\u2019entrades a aquells abonats que reben la confirmaci\u00f3 de l\u2019entrada i finalment no assistisquen al partit. No hi haur\u00e0 venda d\u2019entrades: NOM\u00c9S ELS ABONATS PODRAN DEMANAR LA SEUA ENTRADA Tenint en compte que el nombre d\u2019abonats del Villarreal CF supera l\u2019aforament perm\u00e9s per la Generalitat Valenciana, el club no activar\u00e0 la venda d\u2019entrades per al p\u00fablic general. Nom\u00e9s els abonats podran gestionar la sol\u00b7licitud d\u2019entrada per a l\u2019encontre. Protocol d\u2019acc\u00e9s a l\u2019Estadi de la Cer\u00e0mica Una vegada assignada l\u2019entrada, el club indicar\u00e0 als abonats l\u2019hora d\u2019acc\u00e9s a l\u2019Estadi de la Cer\u00e0mica. \u00c9s obligatori l\u2019\u00fas de la m\u00e0scara, que haur\u00e0 de ser portada en tot moment. Queda prohibida l\u2019entrada de menjar i beguda el camp. El servei d\u2019hostaleria de l\u2019Estadi de la Cer\u00e0mica romandr\u00e0 tancat. Nom\u00e9s es permetr\u00e0 l\u2019acc\u00e9s de botelles d\u2019aigua sense tap de fins a 50 centilitres. Prohibit fumar. GESTIONA LES ENTRADES AC\u00cd","headings":[],"buttons":[],"images":[{"type":"image","url":"https:\/\/villarrealcf.es\/\/wp-content\/uploads\/2021\/09\/edf6b1b645fd4c20d5fcc346a46d073b.jpg","alt":"||||||","width":819,"height":460,"srcset":"https:\/\/villarrealcf.es\/wp-content\/uploads\/2021\/09\/edf6b1b645fd4c20d5fcc346a46d073b.jpg 819w, https:\/\/villarrealcf.es\/\/wp-content\/uploads\/2021\/09\/edf6b1b645fd4c20d5fcc346a46d073b.jpg 1920w, https:\/\/villarrealcf.es\/\/wp-content\/uploads\/2021\/09\/edf6b1b645fd4c20d5fcc346a46d073b.jpg 1920w, https:\/\/villarrealcf.es\/\/wp-content\/uploads\/2021\/09\/edf6b1b645fd4c20d5fcc346a46d073b.jpg 1920w, https:\/\/villarrealcf.es\/wp-content\/uploads\/2021\/09\/edf6b1b645fd4c20d5fcc346a46d073b-32x18.jpg 32w, https:\/\/villarrealcf.es\/wp-content\/uploads\/2021\/09\/edf6b1b645fd4c20d5fcc346a46d073b-150x84.jpg 150w, https:\/\/villarrealcf.es\/\/wp-content\/uploads\/2021\/09\/edf6b1b645fd4c20d5fcc346a46d073b.jpg 1920w","sizes":"auto, (max-width: 819px) 100vw, 819px"}],"counts":{"blocks":16,"headings":0,"texts":14,"buttons":0,"images":1}},"sections":[{"id":"section-1","title":"","text":"Els abonats poden sol\u00b7licitar-la a trav\u00e9s d\u2019un formulari fins al dijous a les 23.59 hores Tal com s\u2019ha fet en els \u00faltims encontres, amb motiu de la pand\u00e8mia i les existents limitacions d\u2019aforament i assist\u00e8ncia a esdeveniments, el Villarreal CF ha habilitat una plataforma perqu\u00e8 els seus abonats puguen sol\u00b7licitar la seua entrada per a assistir al partit contra el Real Betis, que se celebrar\u00e0 el diumenge 3 d\u2019octubre, a les 18.30 hores, en l\u2019Estadi de la Cer\u00e0mica. Se celebrar\u00e0 amb un aforament del 60% Per la situaci\u00f3 de la pand\u00e8mia del covid-19, la Conselleria de Sanitat de la Comunitat Valenciana ha autoritzat un aforament del 60% per a la celebraci\u00f3 de partits esportius de categoria professional en espais oberts. El termini de sol\u00b7licituds finalitza el dijous a les 23.59 hores Els abonats interessats a assistir a l\u2019enfrontament poden inscriure\u2019s des de ja mateix, en la plataforma d\u2019ENTRADES, que romandr\u00e0 habilitada fins al dijous a les 23.59 hores. Els seguidors podran apuntar-se de manera individual o en grups de 2, 3, 4, 5 o 6 persones, sempre que siguen convivents. Aix\u00ed mateix, aquells abonats que aix\u00ed ho desitgen, podran assistir a les botigues oficials per a gestionar la seua sol\u00b7licitud de manera presencial. Posteriorment, el club comunicar\u00e0 a tots els que hagen realitzat la seua sol\u00b7licitud si han sigut o no seleccionats per a poder assistir al partit. Criteri de selecci\u00f3 per ordre de sol\u00b7licitud En cas d\u2019exc\u00e9s de demanda, el Villarreal CF assignar\u00e0 les entrades als seus abonats amb vista a la presentaci\u00f3 de les seues sol\u00b7licituds fins a completar-se l\u2019aforament establit per les autoritats sanit\u00e0ries. Amb l\u2019objectiu de poder cobrir l\u2019aforament perm\u00e9s per les autoritats sanit\u00e0ries, el club demana als seus abonats que nom\u00e9s sol\u00b7liciten la seua entrada si tenen la certesa que podran acudir a aquest partit. De fet, l\u2019entitat tindr\u00e0 en compte per a futurs esdeveniments i\/o processos de sol\u00b7licitud d\u2019entrades a aquells abonats que reben la confirmaci\u00f3 de l\u2019entrada i finalment no assistisquen al partit. No hi haur\u00e0 venda d\u2019entrades: NOM\u00c9S ELS ABONATS PODRAN DEMANAR LA SEUA ENTRADA Tenint en compte que el nombre d\u2019abonats del Villarreal CF supera l\u2019aforament perm\u00e9s per la Generalitat Valenciana, el club no activar\u00e0 la venda d\u2019entrades per al p\u00fablic general. Nom\u00e9s els abonats podran gestionar la sol\u00b7licitud d\u2019entrada per a l\u2019encontre. Protocol d\u2019acc\u00e9s a l\u2019Estadi de la Cer\u00e0mica GESTIONA LES ENTRADES AC\u00cd","headings":[],"texts":[{"type":"paragraph","text":"Els abonats poden sol\u00b7licitar-la a trav\u00e9s d\u2019un formulari fins al dijous a les 23.59 hores"},{"type":"paragraph","text":"Tal com s\u2019ha fet en els \u00faltims encontres, amb motiu de la pand\u00e8mia i les existents limitacions d\u2019aforament i assist\u00e8ncia a esdeveniments, el Villarreal CF ha habilitat una plataforma perqu\u00e8 els seus abonats puguen sol\u00b7licitar la seua entrada per a assistir al partit contra el Real Betis, que se celebrar\u00e0 el diumenge 3 d\u2019octubre, a les 18.30 hores, en l\u2019Estadi de la Cer\u00e0mica."},{"type":"paragraph","text":"Se celebrar\u00e0 amb un aforament del 60%"},{"type":"paragraph","text":"Per la situaci\u00f3 de la pand\u00e8mia del covid-19, la Conselleria de Sanitat de la Comunitat Valenciana ha autoritzat un aforament del 60% per a la celebraci\u00f3 de partits esportius de categoria professional en espais oberts."},{"type":"paragraph","text":"El termini de sol\u00b7licituds finalitza el dijous a les 23.59 hores"},{"type":"paragraph","text":"Els abonats interessats a assistir a l\u2019enfrontament poden inscriure\u2019s des de ja mateix, en la plataforma d\u2019ENTRADES, que romandr\u00e0 habilitada fins al dijous a les 23.59 hores. Els seguidors podran apuntar-se de manera individual o en grups de 2, 3, 4, 5 o 6 persones, sempre que siguen convivents. Aix\u00ed mateix, aquells abonats que aix\u00ed ho desitgen, podran assistir a les botigues oficials per a gestionar la seua sol\u00b7licitud de manera presencial."},{"type":"paragraph","text":"Posteriorment, el club comunicar\u00e0 a tots els que hagen realitzat la seua sol\u00b7licitud si han sigut o no seleccionats per a poder assistir al partit."},{"type":"paragraph","text":"Criteri de selecci\u00f3 per ordre de sol\u00b7licitud"},{"type":"paragraph","text":"En cas d\u2019exc\u00e9s de demanda, el Villarreal CF assignar\u00e0 les entrades als seus abonats amb vista a la presentaci\u00f3 de les seues sol\u00b7licituds fins a completar-se l\u2019aforament establit per les autoritats sanit\u00e0ries."},{"type":"paragraph","text":"Amb l\u2019objectiu de poder cobrir l\u2019aforament perm\u00e9s per les autoritats sanit\u00e0ries, el club demana als seus abonats que nom\u00e9s sol\u00b7liciten la seua entrada si tenen la certesa que podran acudir a aquest partit. De fet, l\u2019entitat tindr\u00e0 en compte per a futurs esdeveniments i\/o processos de sol\u00b7licitud d\u2019entrades a aquells abonats que reben la confirmaci\u00f3 de l\u2019entrada i finalment no assistisquen al partit."},{"type":"paragraph","text":"No hi haur\u00e0 venda d\u2019entrades: NOM\u00c9S ELS ABONATS PODRAN DEMANAR LA SEUA ENTRADA"},{"type":"paragraph","text":"Tenint en compte que el nombre d\u2019abonats del Villarreal CF supera l\u2019aforament perm\u00e9s per la Generalitat Valenciana, el club no activar\u00e0 la venda d\u2019entrades per al p\u00fablic general. Nom\u00e9s els abonats podran gestionar la sol\u00b7licitud d\u2019entrada per a l\u2019encontre."},{"type":"paragraph","text":"Protocol d\u2019acc\u00e9s a l\u2019Estadi de la Cer\u00e0mica"},{"type":"paragraph","text":"GESTIONA LES ENTRADES AC\u00cd"}],"buttons":[],"images":[{"type":"image","url":"https:\/\/villarrealcf.es\/\/wp-content\/uploads\/2021\/09\/edf6b1b645fd4c20d5fcc346a46d073b.jpg","alt":"||||||","width":819,"height":460,"srcset":"https:\/\/villarrealcf.es\/wp-content\/uploads\/2021\/09\/edf6b1b645fd4c20d5fcc346a46d073b.jpg 819w, https:\/\/villarrealcf.es\/\/wp-content\/uploads\/2021\/09\/edf6b1b645fd4c20d5fcc346a46d073b.jpg 1920w, https:\/\/villarrealcf.es\/\/wp-content\/uploads\/2021\/09\/edf6b1b645fd4c20d5fcc346a46d073b.jpg 1920w, https:\/\/villarrealcf.es\/\/wp-content\/uploads\/2021\/09\/edf6b1b645fd4c20d5fcc346a46d073b.jpg 1920w, https:\/\/villarrealcf.es\/wp-content\/uploads\/2021\/09\/edf6b1b645fd4c20d5fcc346a46d073b-32x18.jpg 32w, https:\/\/villarrealcf.es\/wp-content\/uploads\/2021\/09\/edf6b1b645fd4c20d5fcc346a46d073b-150x84.jpg 150w, https:\/\/villarrealcf.es\/\/wp-content\/uploads\/2021\/09\/edf6b1b645fd4c20d5fcc346a46d073b.jpg 1920w","sizes":"auto, (max-width: 819px) 100vw, 819px"}],"widgets":[],"blocks":[{"type":"image","url":"https:\/\/villarrealcf.es\/\/wp-content\/uploads\/2021\/09\/edf6b1b645fd4c20d5fcc346a46d073b.jpg","alt":"||||||","width":819,"height":460,"srcset":"https:\/\/villarrealcf.es\/wp-content\/uploads\/2021\/09\/edf6b1b645fd4c20d5fcc346a46d073b.jpg 819w, https:\/\/villarrealcf.es\/\/wp-content\/uploads\/2021\/09\/edf6b1b645fd4c20d5fcc346a46d073b.jpg 1920w, https:\/\/villarrealcf.es\/\/wp-content\/uploads\/2021\/09\/edf6b1b645fd4c20d5fcc346a46d073b.jpg 1920w, https:\/\/villarrealcf.es\/\/wp-content\/uploads\/2021\/09\/edf6b1b645fd4c20d5fcc346a46d073b.jpg 1920w, https:\/\/villarrealcf.es\/wp-content\/uploads\/2021\/09\/edf6b1b645fd4c20d5fcc346a46d073b-32x18.jpg 32w, https:\/\/villarrealcf.es\/wp-content\/uploads\/2021\/09\/edf6b1b645fd4c20d5fcc346a46d073b-150x84.jpg 150w, https:\/\/villarrealcf.es\/\/wp-content\/uploads\/2021\/09\/edf6b1b645fd4c20d5fcc346a46d073b.jpg 1920w","sizes":"auto, (max-width: 819px) 100vw, 819px"},{"type":"paragraph","text":"Els abonats poden sol\u00b7licitar-la a trav\u00e9s d\u2019un formulari fins al dijous a les 23.59 hores"},{"type":"paragraph","text":"Tal com s\u2019ha fet en els \u00faltims encontres, amb motiu de la pand\u00e8mia i les existents limitacions d\u2019aforament i assist\u00e8ncia a esdeveniments, el Villarreal CF ha habilitat una plataforma perqu\u00e8 els seus abonats puguen sol\u00b7licitar la seua entrada per a assistir al partit contra el Real Betis, que se celebrar\u00e0 el diumenge 3 d\u2019octubre, a les 18.30 hores, en l\u2019Estadi de la Cer\u00e0mica."},{"type":"paragraph","text":"Se celebrar\u00e0 amb un aforament del 60%"},{"type":"paragraph","text":"Per la situaci\u00f3 de la pand\u00e8mia del covid-19, la Conselleria de Sanitat de la Comunitat Valenciana ha autoritzat un aforament del 60% per a la celebraci\u00f3 de partits esportius de categoria professional en espais oberts."},{"type":"paragraph","text":"El termini de sol\u00b7licituds finalitza el dijous a les 23.59 hores"},{"type":"paragraph","text":"Els abonats interessats a assistir a l\u2019enfrontament poden inscriure\u2019s des de ja mateix, en la plataforma d\u2019ENTRADES, que romandr\u00e0 habilitada fins al dijous a les 23.59 hores. Els seguidors podran apuntar-se de manera individual o en grups de 2, 3, 4, 5 o 6 persones, sempre que siguen convivents. Aix\u00ed mateix, aquells abonats que aix\u00ed ho desitgen, podran assistir a les botigues oficials per a gestionar la seua sol\u00b7licitud de manera presencial."},{"type":"paragraph","text":"Posteriorment, el club comunicar\u00e0 a tots els que hagen realitzat la seua sol\u00b7licitud si han sigut o no seleccionats per a poder assistir al partit."},{"type":"paragraph","text":"Criteri de selecci\u00f3 per ordre de sol\u00b7licitud"},{"type":"paragraph","text":"En cas d\u2019exc\u00e9s de demanda, el Villarreal CF assignar\u00e0 les entrades als seus abonats amb vista a la presentaci\u00f3 de les seues sol\u00b7licituds fins a completar-se l\u2019aforament establit per les autoritats sanit\u00e0ries."},{"type":"paragraph","text":"Amb l\u2019objectiu de poder cobrir l\u2019aforament perm\u00e9s per les autoritats sanit\u00e0ries, el club demana als seus abonats que nom\u00e9s sol\u00b7liciten la seua entrada si tenen la certesa que podran acudir a aquest partit. De fet, l\u2019entitat tindr\u00e0 en compte per a futurs esdeveniments i\/o processos de sol\u00b7licitud d\u2019entrades a aquells abonats que reben la confirmaci\u00f3 de l\u2019entrada i finalment no assistisquen al partit."},{"type":"paragraph","text":"No hi haur\u00e0 venda d\u2019entrades: NOM\u00c9S ELS ABONATS PODRAN DEMANAR LA SEUA ENTRADA"},{"type":"paragraph","text":"Tenint en compte que el nombre d\u2019abonats del Villarreal CF supera l\u2019aforament perm\u00e9s per la Generalitat Valenciana, el club no activar\u00e0 la venda d\u2019entrades per al p\u00fablic general. Nom\u00e9s els abonats podran gestionar la sol\u00b7licitud d\u2019entrada per a l\u2019encontre."},{"type":"paragraph","text":"Protocol d\u2019acc\u00e9s a l\u2019Estadi de la Cer\u00e0mica"},{"type":"list","style":"ul","items":["Una vegada assignada l\u2019entrada, el club indicar\u00e0 als abonats l\u2019hora d\u2019acc\u00e9s a l\u2019Estadi de la Cer\u00e0mica.","\u00c9s obligatori l\u2019\u00fas de la m\u00e0scara, que haur\u00e0 de ser portada en tot moment.","Queda prohibida l\u2019entrada de menjar i beguda el camp. El servei d\u2019hostaleria de l\u2019Estadi de la Cer\u00e0mica romandr\u00e0 tancat. Nom\u00e9s es permetr\u00e0 l\u2019acc\u00e9s de botelles d\u2019aigua sense tap de fins a 50 centilitres.","Prohibit fumar."]},{"type":"paragraph","text":"GESTIONA LES ENTRADES AC\u00cd"}]}],"hero":{"id":"section-1","title":"","text":"Els abonats poden sol\u00b7licitar-la a trav\u00e9s d\u2019un formulari fins al dijous a les 23.59 hores Tal com s\u2019ha fet en els \u00faltims encontres, amb motiu de la pand\u00e8mia i les existents limitacions d\u2019aforament i assist\u00e8ncia a esdeveniments, el Villarreal CF ha habilitat una plataforma perqu\u00e8 els seus abonats puguen sol\u00b7licitar la seua entrada per a assistir al partit contra el Real Betis, que se celebrar\u00e0 el diumenge 3 d\u2019octubre, a les 18.30 hores, en l\u2019Estadi de la Cer\u00e0mica. Se celebrar\u00e0 amb un aforament del 60% Per la situaci\u00f3 de la pand\u00e8mia del covid-19, la Conselleria de Sanitat de la Comunitat Valenciana ha autoritzat un aforament del 60% per a la celebraci\u00f3 de partits esportius de categoria professional en espais oberts. El termini de sol\u00b7licituds finalitza el dijous a les 23.59 hores Els abonats interessats a assistir a l\u2019enfrontament poden inscriure\u2019s des de ja mateix, en la plataforma d\u2019ENTRADES, que romandr\u00e0 habilitada fins al dijous a les 23.59 hores. Els seguidors podran apuntar-se de manera individual o en grups de 2, 3, 4, 5 o 6 persones, sempre que siguen convivents. Aix\u00ed mateix, aquells abonats que aix\u00ed ho desitgen, podran assistir a les botigues oficials per a gestionar la seua sol\u00b7licitud de manera presencial. Posteriorment, el club comunicar\u00e0 a tots els que hagen realitzat la seua sol\u00b7licitud si han sigut o no seleccionats per a poder assistir al partit. Criteri de selecci\u00f3 per ordre de sol\u00b7licitud En cas d\u2019exc\u00e9s de demanda, el Villarreal CF assignar\u00e0 les entrades als seus abonats amb vista a la presentaci\u00f3 de les seues sol\u00b7licituds fins a completar-se l\u2019aforament establit per les autoritats sanit\u00e0ries. Amb l\u2019objectiu de poder cobrir l\u2019aforament perm\u00e9s per les autoritats sanit\u00e0ries, el club demana als seus abonats que nom\u00e9s sol\u00b7liciten la seua entrada si tenen la certesa que podran acudir a aquest partit. De fet, l\u2019entitat tindr\u00e0 en compte per a futurs esdeveniments i\/o processos de sol\u00b7licitud d\u2019entrades a aquells abonats que reben la confirmaci\u00f3 de l\u2019entrada i finalment no assistisquen al partit. No hi haur\u00e0 venda d\u2019entrades: NOM\u00c9S ELS ABONATS PODRAN DEMANAR LA SEUA ENTRADA Tenint en compte que el nombre d\u2019abonats del Villarreal CF supera l\u2019aforament perm\u00e9s per la Generalitat Valenciana, el club no activar\u00e0 la venda d\u2019entrades per al p\u00fablic general. Nom\u00e9s els abonats podran gestionar la sol\u00b7licitud d\u2019entrada per a l\u2019encontre. Protocol d\u2019acc\u00e9s a l\u2019Estadi de la Cer\u00e0mica GESTIONA LES ENTRADES AC\u00cd","headings":[],"texts":[{"type":"paragraph","text":"Els abonats poden sol\u00b7licitar-la a trav\u00e9s d\u2019un formulari fins al dijous a les 23.59 hores"},{"type":"paragraph","text":"Tal com s\u2019ha fet en els \u00faltims encontres, amb motiu de la pand\u00e8mia i les existents limitacions d\u2019aforament i assist\u00e8ncia a esdeveniments, el Villarreal CF ha habilitat una plataforma perqu\u00e8 els seus abonats puguen sol\u00b7licitar la seua entrada per a assistir al partit contra el Real Betis, que se celebrar\u00e0 el diumenge 3 d\u2019octubre, a les 18.30 hores, en l\u2019Estadi de la Cer\u00e0mica."},{"type":"paragraph","text":"Se celebrar\u00e0 amb un aforament del 60%"},{"type":"paragraph","text":"Per la situaci\u00f3 de la pand\u00e8mia del covid-19, la Conselleria de Sanitat de la Comunitat Valenciana ha autoritzat un aforament del 60% per a la celebraci\u00f3 de partits esportius de categoria professional en espais oberts."},{"type":"paragraph","text":"El termini de sol\u00b7licituds finalitza el dijous a les 23.59 hores"},{"type":"paragraph","text":"Els abonats interessats a assistir a l\u2019enfrontament poden inscriure\u2019s des de ja mateix, en la plataforma d\u2019ENTRADES, que romandr\u00e0 habilitada fins al dijous a les 23.59 hores. Els seguidors podran apuntar-se de manera individual o en grups de 2, 3, 4, 5 o 6 persones, sempre que siguen convivents. Aix\u00ed mateix, aquells abonats que aix\u00ed ho desitgen, podran assistir a les botigues oficials per a gestionar la seua sol\u00b7licitud de manera presencial."},{"type":"paragraph","text":"Posteriorment, el club comunicar\u00e0 a tots els que hagen realitzat la seua sol\u00b7licitud si han sigut o no seleccionats per a poder assistir al partit."},{"type":"paragraph","text":"Criteri de selecci\u00f3 per ordre de sol\u00b7licitud"},{"type":"paragraph","text":"En cas d\u2019exc\u00e9s de demanda, el Villarreal CF assignar\u00e0 les entrades als seus abonats amb vista a la presentaci\u00f3 de les seues sol\u00b7licituds fins a completar-se l\u2019aforament establit per les autoritats sanit\u00e0ries."},{"type":"paragraph","text":"Amb l\u2019objectiu de poder cobrir l\u2019aforament perm\u00e9s per les autoritats sanit\u00e0ries, el club demana als seus abonats que nom\u00e9s sol\u00b7liciten la seua entrada si tenen la certesa que podran acudir a aquest partit. De fet, l\u2019entitat tindr\u00e0 en compte per a futurs esdeveniments i\/o processos de sol\u00b7licitud d\u2019entrades a aquells abonats que reben la confirmaci\u00f3 de l\u2019entrada i finalment no assistisquen al partit."},{"type":"paragraph","text":"No hi haur\u00e0 venda d\u2019entrades: NOM\u00c9S ELS ABONATS PODRAN DEMANAR LA SEUA ENTRADA"},{"type":"paragraph","text":"Tenint en compte que el nombre d\u2019abonats del Villarreal CF supera l\u2019aforament perm\u00e9s per la Generalitat Valenciana, el club no activar\u00e0 la venda d\u2019entrades per al p\u00fablic general. Nom\u00e9s els abonats podran gestionar la sol\u00b7licitud d\u2019entrada per a l\u2019encontre."},{"type":"paragraph","text":"Protocol d\u2019acc\u00e9s a l\u2019Estadi de la Cer\u00e0mica"},{"type":"paragraph","text":"GESTIONA LES ENTRADES AC\u00cd"}],"buttons":[],"images":[{"type":"image","url":"https:\/\/villarrealcf.es\/\/wp-content\/uploads\/2021\/09\/edf6b1b645fd4c20d5fcc346a46d073b.jpg","alt":"||||||","width":819,"height":460,"srcset":"https:\/\/villarrealcf.es\/wp-content\/uploads\/2021\/09\/edf6b1b645fd4c20d5fcc346a46d073b.jpg 819w, https:\/\/villarrealcf.es\/\/wp-content\/uploads\/2021\/09\/edf6b1b645fd4c20d5fcc346a46d073b.jpg 1920w, https:\/\/villarrealcf.es\/\/wp-content\/uploads\/2021\/09\/edf6b1b645fd4c20d5fcc346a46d073b.jpg 1920w, https:\/\/villarrealcf.es\/\/wp-content\/uploads\/2021\/09\/edf6b1b645fd4c20d5fcc346a46d073b.jpg 1920w, https:\/\/villarrealcf.es\/wp-content\/uploads\/2021\/09\/edf6b1b645fd4c20d5fcc346a46d073b-32x18.jpg 32w, https:\/\/villarrealcf.es\/wp-content\/uploads\/2021\/09\/edf6b1b645fd4c20d5fcc346a46d073b-150x84.jpg 150w, https:\/\/villarrealcf.es\/\/wp-content\/uploads\/2021\/09\/edf6b1b645fd4c20d5fcc346a46d073b.jpg 1920w","sizes":"auto, (max-width: 819px) 100vw, 819px"}],"widgets":[],"blocks":[{"type":"image","url":"https:\/\/villarrealcf.es\/\/wp-content\/uploads\/2021\/09\/edf6b1b645fd4c20d5fcc346a46d073b.jpg","alt":"||||||","width":819,"height":460,"srcset":"https:\/\/villarrealcf.es\/wp-content\/uploads\/2021\/09\/edf6b1b645fd4c20d5fcc346a46d073b.jpg 819w, https:\/\/villarrealcf.es\/\/wp-content\/uploads\/2021\/09\/edf6b1b645fd4c20d5fcc346a46d073b.jpg 1920w, https:\/\/villarrealcf.es\/\/wp-content\/uploads\/2021\/09\/edf6b1b645fd4c20d5fcc346a46d073b.jpg 1920w, https:\/\/villarrealcf.es\/\/wp-content\/uploads\/2021\/09\/edf6b1b645fd4c20d5fcc346a46d073b.jpg 1920w, https:\/\/villarrealcf.es\/wp-content\/uploads\/2021\/09\/edf6b1b645fd4c20d5fcc346a46d073b-32x18.jpg 32w, https:\/\/villarrealcf.es\/wp-content\/uploads\/2021\/09\/edf6b1b645fd4c20d5fcc346a46d073b-150x84.jpg 150w, https:\/\/villarrealcf.es\/\/wp-content\/uploads\/2021\/09\/edf6b1b645fd4c20d5fcc346a46d073b.jpg 1920w","sizes":"auto, (max-width: 819px) 100vw, 819px"},{"type":"paragraph","text":"Els abonats poden sol\u00b7licitar-la a trav\u00e9s d\u2019un formulari fins al dijous a les 23.59 hores"},{"type":"paragraph","text":"Tal com s\u2019ha fet en els \u00faltims encontres, amb motiu de la pand\u00e8mia i les existents limitacions d\u2019aforament i assist\u00e8ncia a esdeveniments, el Villarreal CF ha habilitat una plataforma perqu\u00e8 els seus abonats puguen sol\u00b7licitar la seua entrada per a assistir al partit contra el Real Betis, que se celebrar\u00e0 el diumenge 3 d\u2019octubre, a les 18.30 hores, en l\u2019Estadi de la Cer\u00e0mica."},{"type":"paragraph","text":"Se celebrar\u00e0 amb un aforament del 60%"},{"type":"paragraph","text":"Per la situaci\u00f3 de la pand\u00e8mia del covid-19, la Conselleria de Sanitat de la Comunitat Valenciana ha autoritzat un aforament del 60% per a la celebraci\u00f3 de partits esportius de categoria professional en espais oberts."},{"type":"paragraph","text":"El termini de sol\u00b7licituds finalitza el dijous a les 23.59 hores"},{"type":"paragraph","text":"Els abonats interessats a assistir a l\u2019enfrontament poden inscriure\u2019s des de ja mateix, en la plataforma d\u2019ENTRADES, que romandr\u00e0 habilitada fins al dijous a les 23.59 hores. Els seguidors podran apuntar-se de manera individual o en grups de 2, 3, 4, 5 o 6 persones, sempre que siguen convivents. Aix\u00ed mateix, aquells abonats que aix\u00ed ho desitgen, podran assistir a les botigues oficials per a gestionar la seua sol\u00b7licitud de manera presencial."},{"type":"paragraph","text":"Posteriorment, el club comunicar\u00e0 a tots els que hagen realitzat la seua sol\u00b7licitud si han sigut o no seleccionats per a poder assistir al partit."},{"type":"paragraph","text":"Criteri de selecci\u00f3 per ordre de sol\u00b7licitud"},{"type":"paragraph","text":"En cas d\u2019exc\u00e9s de demanda, el Villarreal CF assignar\u00e0 les entrades als seus abonats amb vista a la presentaci\u00f3 de les seues sol\u00b7licituds fins a completar-se l\u2019aforament establit per les autoritats sanit\u00e0ries."},{"type":"paragraph","text":"Amb l\u2019objectiu de poder cobrir l\u2019aforament perm\u00e9s per les autoritats sanit\u00e0ries, el club demana als seus abonats que nom\u00e9s sol\u00b7liciten la seua entrada si tenen la certesa que podran acudir a aquest partit. De fet, l\u2019entitat tindr\u00e0 en compte per a futurs esdeveniments i\/o processos de sol\u00b7licitud d\u2019entrades a aquells abonats que reben la confirmaci\u00f3 de l\u2019entrada i finalment no assistisquen al partit."},{"type":"paragraph","text":"No hi haur\u00e0 venda d\u2019entrades: NOM\u00c9S ELS ABONATS PODRAN DEMANAR LA SEUA ENTRADA"},{"type":"paragraph","text":"Tenint en compte que el nombre d\u2019abonats del Villarreal CF supera l\u2019aforament perm\u00e9s per la Generalitat Valenciana, el club no activar\u00e0 la venda d\u2019entrades per al p\u00fablic general. Nom\u00e9s els abonats podran gestionar la sol\u00b7licitud d\u2019entrada per a l\u2019encontre."},{"type":"paragraph","text":"Protocol d\u2019acc\u00e9s a l\u2019Estadi de la Cer\u00e0mica"},{"type":"list","style":"ul","items":["Una vegada assignada l\u2019entrada, el club indicar\u00e0 als abonats l\u2019hora d\u2019acc\u00e9s a l\u2019Estadi de la Cer\u00e0mica.","\u00c9s obligatori l\u2019\u00fas de la m\u00e0scara, que haur\u00e0 de ser portada en tot moment.","Queda prohibida l\u2019entrada de menjar i beguda el camp. El servei d\u2019hostaleria de l\u2019Estadi de la Cer\u00e0mica romandr\u00e0 tancat. Nom\u00e9s es permetr\u00e0 l\u2019acc\u00e9s de botelles d\u2019aigua sense tap de fins a 50 centilitres.","Prohibit fumar."]},{"type":"paragraph","text":"GESTIONA LES ENTRADES AC\u00cd"}]}},"sections":[{"id":"section-1","title":"","text":"Els abonats poden sol\u00b7licitar-la a trav\u00e9s d\u2019un formulari fins al dijous a les 23.59 hores Tal com s\u2019ha fet en els \u00faltims encontres, amb motiu de la pand\u00e8mia i les existents limitacions d\u2019aforament i assist\u00e8ncia a esdeveniments, el Villarreal CF ha habilitat una plataforma perqu\u00e8 els seus abonats puguen sol\u00b7licitar la seua entrada per a assistir al partit contra el Real Betis, que se celebrar\u00e0 el diumenge 3 d\u2019octubre, a les 18.30 hores, en l\u2019Estadi de la Cer\u00e0mica. Se celebrar\u00e0 amb un aforament del 60% Per la situaci\u00f3 de la pand\u00e8mia del covid-19, la Conselleria de Sanitat de la Comunitat Valenciana ha autoritzat un aforament del 60% per a la celebraci\u00f3 de partits esportius de categoria professional en espais oberts. El termini de sol\u00b7licituds finalitza el dijous a les 23.59 hores Els abonats interessats a assistir a l\u2019enfrontament poden inscriure\u2019s des de ja mateix, en la plataforma d\u2019ENTRADES, que romandr\u00e0 habilitada fins al dijous a les 23.59 hores. Els seguidors podran apuntar-se de manera individual o en grups de 2, 3, 4, 5 o 6 persones, sempre que siguen convivents. Aix\u00ed mateix, aquells abonats que aix\u00ed ho desitgen, podran assistir a les botigues oficials per a gestionar la seua sol\u00b7licitud de manera presencial. Posteriorment, el club comunicar\u00e0 a tots els que hagen realitzat la seua sol\u00b7licitud si han sigut o no seleccionats per a poder assistir al partit. Criteri de selecci\u00f3 per ordre de sol\u00b7licitud En cas d\u2019exc\u00e9s de demanda, el Villarreal CF assignar\u00e0 les entrades als seus abonats amb vista a la presentaci\u00f3 de les seues sol\u00b7licituds fins a completar-se l\u2019aforament establit per les autoritats sanit\u00e0ries. Amb l\u2019objectiu de poder cobrir l\u2019aforament perm\u00e9s per les autoritats sanit\u00e0ries, el club demana als seus abonats que nom\u00e9s sol\u00b7liciten la seua entrada si tenen la certesa que podran acudir a aquest partit. De fet, l\u2019entitat tindr\u00e0 en compte per a futurs esdeveniments i\/o processos de sol\u00b7licitud d\u2019entrades a aquells abonats que reben la confirmaci\u00f3 de l\u2019entrada i finalment no assistisquen al partit. No hi haur\u00e0 venda d\u2019entrades: NOM\u00c9S ELS ABONATS PODRAN DEMANAR LA SEUA ENTRADA Tenint en compte que el nombre d\u2019abonats del Villarreal CF supera l\u2019aforament perm\u00e9s per la Generalitat Valenciana, el club no activar\u00e0 la venda d\u2019entrades per al p\u00fablic general. Nom\u00e9s els abonats podran gestionar la sol\u00b7licitud d\u2019entrada per a l\u2019encontre. Protocol d\u2019acc\u00e9s a l\u2019Estadi de la Cer\u00e0mica GESTIONA LES ENTRADES AC\u00cd","url":"","background_image":"","images":[{"type":"image","url":"https:\/\/villarrealcf.es\/\/wp-content\/uploads\/2021\/09\/edf6b1b645fd4c20d5fcc346a46d073b.jpg","alt":"||||||","width":819,"height":460,"srcset":"https:\/\/villarrealcf.es\/wp-content\/uploads\/2021\/09\/edf6b1b645fd4c20d5fcc346a46d073b.jpg 819w, https:\/\/villarrealcf.es\/\/wp-content\/uploads\/2021\/09\/edf6b1b645fd4c20d5fcc346a46d073b.jpg 1920w, https:\/\/villarrealcf.es\/\/wp-content\/uploads\/2021\/09\/edf6b1b645fd4c20d5fcc346a46d073b.jpg 1920w, https:\/\/villarrealcf.es\/\/wp-content\/uploads\/2021\/09\/edf6b1b645fd4c20d5fcc346a46d073b.jpg 1920w, https:\/\/villarrealcf.es\/wp-content\/uploads\/2021\/09\/edf6b1b645fd4c20d5fcc346a46d073b-32x18.jpg 32w, https:\/\/villarrealcf.es\/wp-content\/uploads\/2021\/09\/edf6b1b645fd4c20d5fcc346a46d073b-150x84.jpg 150w, https:\/\/villarrealcf.es\/\/wp-content\/uploads\/2021\/09\/edf6b1b645fd4c20d5fcc346a46d073b.jpg 1920w","sizes":"auto, (max-width: 819px) 100vw, 819px"}],"videos":[],"links":[]},{"id":"shortcode-caption-69eefae86af7f","type":"shortcode","shortcode":"caption","attributes":{"id":"attachment_174385","align":"alignnone","width":""},"title":"Caption","rendered":"","data":[],"text":"","url":"","background_image":"","images":[],"videos":[],"links":[],"blocks":[]}]},"excerpt":{"rendered":"Els abonats poden sol\u00b7licitar-la a trav\u00e9s d&#8217;un formulari fins al dijous a les 23.59 hores","protected":false},"author":25,"featured_media":174385,"comment_status":"","ping_status":"","sticky":false,"template":"","format":"standard","meta":{"_acf_changed":false,"footnotes":""},"categories":[4854],"tags":[12554,12556,4934,9671,11429,9270,5342,11338,9205,9627,9203],"acf":null,"lang":"val","translations":{"val":221460},"essential_grid":{"has_grid":false},"formatted_date":"September 28, 2021","modified_date":"September 28, 2021","permalink":"https:\/\/villarrealcf.es\/val\/demana-ja-la-teua-entrada-per-al-partit-davant-el-real-betis\/","reading_time":3,"featured_media_data":{"id":174385,"title":"||||||","caption":"||||||","alt_text":"","description":"","mime_type":"image\/jpeg","source_url":"https:\/\/villarrealcf.es\/wp-content\/uploads\/2021\/09\/edf6b1b645fd4c20d5fcc346a46d073b.jpg","sizes":{"thumbnail":{"url":"https:\/\/villarrealcf.es\/wp-content\/uploads\/2021\/09\/edf6b1b645fd4c20d5fcc346a46d073b-150x150.jpg","width":150,"height":150},"medium":{"url":"https:\/\/villarrealcf.es\/wp-content\/uploads\/2021\/09\/edf6b1b645fd4c20d5fcc346a46d073b-300x168.jpg","width":300,"height":168},"medium_large":{"url":"https:\/\/villarrealcf.es\/wp-content\/uploads\/2021\/09\/edf6b1b645fd4c20d5fcc346a46d073b-768x431.jpg","width":768,"height":431},"large":{"url":"https:\/\/villarrealcf.es\/wp-content\/uploads\/2021\/09\/edf6b1b645fd4c20d5fcc346a46d073b.jpg","width":788,"height":443},"1536x1536":{"url":"https:\/\/villarrealcf.es\/wp-content\/uploads\/2021\/09\/edf6b1b645fd4c20d5fcc346a46d073b.jpg","width":819,"height":460},"2048x2048":{"url":"https:\/\/villarrealcf.es\/wp-content\/uploads\/2021\/09\/edf6b1b645fd4c20d5fcc346a46d073b.jpg","width":819,"height":460},"tp-image-grid":{"url":"https:\/\/villarrealcf.es\/wp-content\/uploads\/2021\/09\/edf6b1b645fd4c20d5fcc346a46d073b-700x460.jpg","width":700,"height":460},"size-bunyad-medium":{"url":"https:\/\/villarrealcf.es\/wp-content\/uploads\/2021\/09\/edf6b1b645fd4c20d5fcc346a46d073b.jpg","width":819,"height":460},"sportspress-crop-medium":{"url":"https:\/\/villarrealcf.es\/wp-content\/uploads\/2021\/09\/edf6b1b645fd4c20d5fcc346a46d073b-300x300.jpg","width":300,"height":300},"sportspress-fit-medium":{"url":"https:\/\/villarrealcf.es\/wp-content\/uploads\/2021\/09\/edf6b1b645fd4c20d5fcc346a46d073b-300x168.jpg","width":300,"height":168},"sportspress-fit-icon":{"url":"https:\/\/villarrealcf.es\/wp-content\/uploads\/2021\/09\/edf6b1b645fd4c20d5fcc346a46d073b-128x72.jpg","width":128,"height":72},"sportspress-fit-mini":{"url":"https:\/\/villarrealcf.es\/wp-content\/uploads\/2021\/09\/edf6b1b645fd4c20d5fcc346a46d073b-32x18.jpg","width":32,"height":18},"bunyad-small":{"url":"https:\/\/villarrealcf.es\/wp-content\/uploads\/2021\/09\/edf6b1b645fd4c20d5fcc346a46d073b-150x84.jpg","width":150,"height":84},"bunyad-medium":{"url":"https:\/\/villarrealcf.es\/wp-content\/uploads\/2021\/09\/edf6b1b645fd4c20d5fcc346a46d073b-450x253.jpg","width":450,"height":253},"bunyad-full":{"url":"https:\/\/villarrealcf.es\/wp-content\/uploads\/2021\/09\/edf6b1b645fd4c20d5fcc346a46d073b.jpg","width":819,"height":460},"bunyad-viewport":{"url":"https:\/\/villarrealcf.es\/wp-content\/uploads\/2021\/09\/edf6b1b645fd4c20d5fcc346a46d073b.jpg","width":819,"height":460},"bunyad-768":{"url":"https:\/\/villarrealcf.es\/wp-content\/uploads\/2021\/09\/edf6b1b645fd4c20d5fcc346a46d073b-768x431.jpg","width":768,"height":431},"full":{"url":"https:\/\/villarrealcf.es\/wp-content\/uploads\/2021\/09\/edf6b1b645fd4c20d5fcc346a46d073b.jpg","width":819,"height":460}}},"author_data":{"id":"25","name":"Javier Ayuso","first_name":"Javier","last_name":"Ayuso","description":"","avatar_url":"https:\/\/secure.gravatar.com\/avatar\/fcf8894be45988fcce5bbff0efe1790d2a7f4ba57e2c7c898f5068154e696495?s=96&d=mm&r=g","acf":null},"taxonomies_data":{"category":[{"id":4854,"name":"Noticies Generals","slug":"noticies-generals","acf":null}],"post_tag":[{"id":12554,"name":"#Football","slug":"football-val","acf":null},{"id":12556,"name":"#Soccer","slug":"soccer-val","acf":null},{"id":4934,"name":"Abonados","slug":"abonados","acf":null},{"id":9671,"name":"Entradas","slug":"entradas-val","acf":null},{"id":11429,"name":"Estadio de la Cer\u00e1mica","slug":"estadio-de-la-ceramica-val","acf":null},{"id":9270,"name":"Futbol","slug":"futbol-val","acf":null},{"id":5342,"name":"Primer Equipo","slug":"primer-equipo","acf":null},{"id":11338,"name":"Real Betis","slug":"real-betis-val","acf":null},{"id":9205,"name":"Submarino","slug":"submarino-val","acf":null},{"id":9627,"name":"Submarino Amarillo","slug":"submarino-amarillo-val","acf":null},{"id":9203,"name":"Villarreal CF","slug":"villarreal-cf-val","acf":null}],"translation_priority":[{"id":735,"name":"Optional","slug":"optional-val","acf":null}]},"seo_full":{"native":{"title":"Demana ja la teua entrada per al partit davant el Real Betis! - Web Oficial del Villarreal CF","description":"[caption id=\"attachment_174385\" align=\"alignnone\" width=\"\"]||||||[\/caption]Els abonats poden sol\u00b7licitar-la a trav\u00e9s d'un formulari fins al dijous a les 23.59 hores Tal com&hellip;","canonical":"https:\/\/villarrealcf.es\/val\/demana-ja-la-teua-entrada-per-al-partit-davant-el-real-betis\/"}},"_links":{"self":[{"href":"https:\/\/villarrealcf.es\/val\/wp-json\/wp\/v2\/posts\/221460","targetHints":{"allow":["GET"]}}],"collection":[{"href":"https:\/\/villarrealcf.es\/val\/wp-json\/wp\/v2\/posts"}],"about":[{"href":"https:\/\/villarrealcf.es\/val\/wp-json\/wp\/v2\/types\/post"}],"author":[{"embeddable":true,"href":"https:\/\/villarrealcf.es\/val\/wp-json\/wp\/v2\/users\/25"}],"replies":[{"embeddable":true,"href":"https:\/\/villarrealcf.es\/val\/wp-json\/wp\/v2\/comments?post=221460"}],"version-history":[{"count":0,"href":"https:\/\/villarrealcf.es\/val\/wp-json\/wp\/v2\/posts\/221460\/revisions"}],"wp:featuredmedia":[{"embeddable":true,"href":"https:\/\/villarrealcf.es\/val\/wp-json\/wp\/v2\/media\/174385"}],"wp:attachment":[{"href":"https:\/\/villarrealcf.es\/val\/wp-json\/wp\/v2\/media?parent=221460"}],"wp:term":[{"taxonomy":"category","embeddable":true,"href":"https:\/\/villarrealcf.es\/val\/wp-json\/wp\/v2\/categories?post=221460"},{"taxonomy":"post_tag","embeddable":true,"href":"https:\/\/villarrealcf.es\/val\/wp-json\/wp\/v2\/tags?post=221460"}],"curies":[{"name":"wp","href":"https:\/\/api.w.org\/{rel}","templated":true}]}}