{"id":221238,"date":"2021-09-19T12:37:52","date_gmt":"2021-09-19T10:37:52","guid":{"rendered":"https:\/\/villarrealcf.es\/\/emery-necessitem-trobar-encert\/"},"modified":"2021-09-19T12:37:52","modified_gmt":"2021-09-19T10:37:52","slug":"emery-necessitem-trobar-encert","status":"publish","type":"post","link":"https:\/\/villarrealcf.es\/val\/emery-necessitem-trobar-encert\/","title":{"rendered":"Emery: &#8220;Necessitem trobar encert&#8221;"},"content":{"protected":false,"blocks":[{"type":"image","url":"https:\/\/villarrealcf.es\/\/wp-content\/uploads\/2021\/09\/026b6c776eb37a543de2bfcb3be66498.jpg","alt":"||||||","width":819,"height":460,"srcset":"https:\/\/villarrealcf.es\/wp-content\/uploads\/2021\/09\/026b6c776eb37a543de2bfcb3be66498.jpg 819w, https:\/\/villarrealcf.es\/\/wp-content\/uploads\/2021\/09\/026b6c776eb37a543de2bfcb3be66498.jpg 1920w, https:\/\/villarrealcf.es\/\/wp-content\/uploads\/2021\/09\/026b6c776eb37a543de2bfcb3be66498.jpg 1920w, https:\/\/villarrealcf.es\/\/wp-content\/uploads\/2021\/09\/026b6c776eb37a543de2bfcb3be66498.jpg 1920w, https:\/\/villarrealcf.es\/wp-content\/uploads\/2021\/09\/026b6c776eb37a543de2bfcb3be66498-32x18.jpg 32w, https:\/\/villarrealcf.es\/wp-content\/uploads\/2021\/09\/026b6c776eb37a543de2bfcb3be66498-150x84.jpg 150w, https:\/\/villarrealcf.es\/\/wp-content\/uploads\/2021\/09\/026b6c776eb37a543de2bfcb3be66498.jpg 1920w","sizes":"auto, (max-width: 819px) 100vw, 819px"},{"type":"paragraph","text":"El t\u00e8cnic del Villarreal ha comparegut en roda de premsa despr\u00e9s de l\u2019enfrontament contra el RCD Mallorca en el Visit Mallorca Estadi i ha parlat sobre el partit, la ratxa de l\u2019equip i altres condicionants"},{"type":"paragraph","text":"Matx"},{"type":"paragraph","text":"\u201cHem portat el control del partit i els hem obligat a defensar en bloc baix. No hem concedit pr\u00e0cticament contraatacs i hem generat tres o quatre ocasions. Necessitem trobar aqueix encert i continuar trobant com decantar el partit. Al no fer-ho, entrem en uns certs moments de precipitaci\u00f3 i ells han comen\u00e7at a agafar confian\u00e7a sobre el camp. En el segon temps, est\u00e0vem m\u00e9s travats i ells veien possibilitats de trobar contraatacs. El pla era el mateix i l\u2019hem fet al final. Cal pensar en el seg\u00fcent partit\u201d."},{"type":"paragraph","text":"El rival"},{"type":"paragraph","text":"\u201c\u00c9s un equip ben estructurat esportivament, molt competitiu i amb jugadors veterans i intel\u00b7ligents que saben patir i llegir els moments del partit. Tot aix\u00f2 tamb\u00e9 ho van creant el club i l\u2019entrenador. Valoren molt estar en Primera i estan molt compromesos. A partir d\u2019ac\u00ed, hav\u00edem d\u2019intentar marcar les difer\u00e8ncies\u201d."},{"type":"paragraph","text":"Calor i baixa de Gerard"},{"type":"paragraph","text":"\u201cSegurament, hi havia zones amb temperatures m\u00e9s baixes per a jugar a aquestes hores, encara que tots dos equips estem acostumats a entrenar amb calor. Al final del partit, diversos jugadors notaven aqueix cansament per\u00f2 s\u00f3n coses que no podem controlar. Hem de ser capa\u00e7os de trobar respostes davant la falta de jugadors. Cadascun t\u00e9 unes caracter\u00edstiques i ens aporta coses diferents. Hem d\u2019encertar les ocasions que tenim\u201d."},{"type":"paragraph","text":"Empats consecutius"},{"type":"paragraph","text":"\u201cTots els equips tenen una molt bona faena. Hem perdut figures en LaLiga, per\u00f2 el nivell \u00e9s molt bo i a tots els equips els costa molt guanyar. El futbol \u00e9s aix\u00ed i hem de millorar. La primera an\u00e0lisi que faig \u00e9s que cal fer millor algunes coses i ser\u00e9 autocr\u00edtic. Cal buscar alguna cosa m\u00e9s que, de moment, no est\u00e0 arribant\u201d."},{"type":"video","kind":"iframe","url":"https:\/\/www.youtube.com\/embed\/g6P54FkxxQM?feature=oembed","poster":""}],"structured":{"summary":{"text":"El t\u00e8cnic del Villarreal ha comparegut en roda de premsa despr\u00e9s de l\u2019enfrontament contra el RCD Mallorca en el Visit Mallorca Estadi i ha parlat sobre el partit, la ratxa de l\u2019equip i altres condicionants Matx \u201cHem portat el control del partit i els hem obligat a defensar en bloc baix. No hem concedit pr\u00e0cticament contraatacs i hem generat tres o quatre ocasions. Necessitem trobar aqueix encert i continuar trobant com decantar el partit. Al no fer-ho, entrem en uns certs moments de precipitaci\u00f3 i ells han comen\u00e7at a agafar confian\u00e7a sobre el camp. En el segon temps, est\u00e0vem m\u00e9s travats i ells veien possibilitats de trobar contraatacs. El pla era el mateix i l\u2019hem fet al final. Cal pensar en el seg\u00fcent partit\u201d. El rival \u201c\u00c9s un equip ben estructurat esportivament, molt competitiu i amb jugadors veterans i intel\u00b7ligents que saben patir i llegir els moments del partit. Tot aix\u00f2 tamb\u00e9 ho van creant el club i l\u2019entrenador. Valoren molt estar en Primera i estan molt compromesos. A partir d\u2019ac\u00ed, hav\u00edem d\u2019intentar marcar les difer\u00e8ncies\u201d. Calor i baixa de Gerard \u201cSegurament, hi havia zones amb temperatures m\u00e9s baixes per a jugar a aquestes hores, encara que tots dos equips estem acostumats a entrenar amb calor. Al final del partit, diversos jugadors notaven aqueix cansament per\u00f2 s\u00f3n coses que no podem controlar. Hem de ser capa\u00e7os de trobar respostes davant la falta de jugadors. Cadascun t\u00e9 unes caracter\u00edstiques i ens aporta coses diferents. Hem d\u2019encertar les ocasions que tenim\u201d. Empats consecutius \u201cTots els equips tenen una molt bona faena. Hem perdut figures en LaLiga, per\u00f2 el nivell \u00e9s molt bo i a tots els equips els costa molt guanyar. El futbol \u00e9s aix\u00ed i hem de millorar. La primera an\u00e0lisi que faig \u00e9s que cal fer millor algunes coses i ser\u00e9 autocr\u00edtic. Cal buscar alguna cosa m\u00e9s que, de moment, no est\u00e0 arribant\u201d.","headings":[],"buttons":[],"images":[{"type":"image","url":"https:\/\/villarrealcf.es\/\/wp-content\/uploads\/2021\/09\/026b6c776eb37a543de2bfcb3be66498.jpg","alt":"||||||","width":819,"height":460,"srcset":"https:\/\/villarrealcf.es\/wp-content\/uploads\/2021\/09\/026b6c776eb37a543de2bfcb3be66498.jpg 819w, https:\/\/villarrealcf.es\/\/wp-content\/uploads\/2021\/09\/026b6c776eb37a543de2bfcb3be66498.jpg 1920w, https:\/\/villarrealcf.es\/\/wp-content\/uploads\/2021\/09\/026b6c776eb37a543de2bfcb3be66498.jpg 1920w, https:\/\/villarrealcf.es\/\/wp-content\/uploads\/2021\/09\/026b6c776eb37a543de2bfcb3be66498.jpg 1920w, https:\/\/villarrealcf.es\/wp-content\/uploads\/2021\/09\/026b6c776eb37a543de2bfcb3be66498-32x18.jpg 32w, https:\/\/villarrealcf.es\/wp-content\/uploads\/2021\/09\/026b6c776eb37a543de2bfcb3be66498-150x84.jpg 150w, https:\/\/villarrealcf.es\/\/wp-content\/uploads\/2021\/09\/026b6c776eb37a543de2bfcb3be66498.jpg 1920w","sizes":"auto, (max-width: 819px) 100vw, 819px"}],"counts":{"blocks":11,"headings":0,"texts":9,"buttons":0,"images":1}},"sections":[{"id":"section-1","title":"","text":"El t\u00e8cnic del Villarreal ha comparegut en roda de premsa despr\u00e9s de l\u2019enfrontament contra el RCD Mallorca en el Visit Mallorca Estadi i ha parlat sobre el partit, la ratxa de l\u2019equip i altres condicionants Matx \u201cHem portat el control del partit i els hem obligat a defensar en bloc baix. No hem concedit pr\u00e0cticament contraatacs i hem generat tres o quatre ocasions. Necessitem trobar aqueix encert i continuar trobant com decantar el partit. Al no fer-ho, entrem en uns certs moments de precipitaci\u00f3 i ells han comen\u00e7at a agafar confian\u00e7a sobre el camp. En el segon temps, est\u00e0vem m\u00e9s travats i ells veien possibilitats de trobar contraatacs. El pla era el mateix i l\u2019hem fet al final. Cal pensar en el seg\u00fcent partit\u201d. El rival \u201c\u00c9s un equip ben estructurat esportivament, molt competitiu i amb jugadors veterans i intel\u00b7ligents que saben patir i llegir els moments del partit. Tot aix\u00f2 tamb\u00e9 ho van creant el club i l\u2019entrenador. Valoren molt estar en Primera i estan molt compromesos. A partir d\u2019ac\u00ed, hav\u00edem d\u2019intentar marcar les difer\u00e8ncies\u201d. Calor i baixa de Gerard \u201cSegurament, hi havia zones amb temperatures m\u00e9s baixes per a jugar a aquestes hores, encara que tots dos equips estem acostumats a entrenar amb calor. Al final del partit, diversos jugadors notaven aqueix cansament per\u00f2 s\u00f3n coses que no podem controlar. Hem de ser capa\u00e7os de trobar respostes davant la falta de jugadors. Cadascun t\u00e9 unes caracter\u00edstiques i ens aporta coses diferents. Hem d\u2019encertar les ocasions que tenim\u201d. Empats consecutius \u201cTots els equips tenen una molt bona faena. Hem perdut figures en LaLiga, per\u00f2 el nivell \u00e9s molt bo i a tots els equips els costa molt guanyar. El futbol \u00e9s aix\u00ed i hem de millorar. La primera an\u00e0lisi que faig \u00e9s que cal fer millor algunes coses i ser\u00e9 autocr\u00edtic. Cal buscar alguna cosa m\u00e9s que, de moment, no est\u00e0 arribant\u201d.","headings":[],"texts":[{"type":"paragraph","text":"El t\u00e8cnic del Villarreal ha comparegut en roda de premsa despr\u00e9s de l\u2019enfrontament contra el RCD Mallorca en el Visit Mallorca Estadi i ha parlat sobre el partit, la ratxa de l\u2019equip i altres condicionants"},{"type":"paragraph","text":"Matx"},{"type":"paragraph","text":"\u201cHem portat el control del partit i els hem obligat a defensar en bloc baix. No hem concedit pr\u00e0cticament contraatacs i hem generat tres o quatre ocasions. Necessitem trobar aqueix encert i continuar trobant com decantar el partit. Al no fer-ho, entrem en uns certs moments de precipitaci\u00f3 i ells han comen\u00e7at a agafar confian\u00e7a sobre el camp. En el segon temps, est\u00e0vem m\u00e9s travats i ells veien possibilitats de trobar contraatacs. El pla era el mateix i l\u2019hem fet al final. Cal pensar en el seg\u00fcent partit\u201d."},{"type":"paragraph","text":"El rival"},{"type":"paragraph","text":"\u201c\u00c9s un equip ben estructurat esportivament, molt competitiu i amb jugadors veterans i intel\u00b7ligents que saben patir i llegir els moments del partit. Tot aix\u00f2 tamb\u00e9 ho van creant el club i l\u2019entrenador. Valoren molt estar en Primera i estan molt compromesos. A partir d\u2019ac\u00ed, hav\u00edem d\u2019intentar marcar les difer\u00e8ncies\u201d."},{"type":"paragraph","text":"Calor i baixa de Gerard"},{"type":"paragraph","text":"\u201cSegurament, hi havia zones amb temperatures m\u00e9s baixes per a jugar a aquestes hores, encara que tots dos equips estem acostumats a entrenar amb calor. Al final del partit, diversos jugadors notaven aqueix cansament per\u00f2 s\u00f3n coses que no podem controlar. Hem de ser capa\u00e7os de trobar respostes davant la falta de jugadors. Cadascun t\u00e9 unes caracter\u00edstiques i ens aporta coses diferents. Hem d\u2019encertar les ocasions que tenim\u201d."},{"type":"paragraph","text":"Empats consecutius"},{"type":"paragraph","text":"\u201cTots els equips tenen una molt bona faena. Hem perdut figures en LaLiga, per\u00f2 el nivell \u00e9s molt bo i a tots els equips els costa molt guanyar. El futbol \u00e9s aix\u00ed i hem de millorar. La primera an\u00e0lisi que faig \u00e9s que cal fer millor algunes coses i ser\u00e9 autocr\u00edtic. Cal buscar alguna cosa m\u00e9s que, de moment, no est\u00e0 arribant\u201d."}],"buttons":[],"images":[{"type":"image","url":"https:\/\/villarrealcf.es\/\/wp-content\/uploads\/2021\/09\/026b6c776eb37a543de2bfcb3be66498.jpg","alt":"||||||","width":819,"height":460,"srcset":"https:\/\/villarrealcf.es\/wp-content\/uploads\/2021\/09\/026b6c776eb37a543de2bfcb3be66498.jpg 819w, https:\/\/villarrealcf.es\/\/wp-content\/uploads\/2021\/09\/026b6c776eb37a543de2bfcb3be66498.jpg 1920w, https:\/\/villarrealcf.es\/\/wp-content\/uploads\/2021\/09\/026b6c776eb37a543de2bfcb3be66498.jpg 1920w, https:\/\/villarrealcf.es\/\/wp-content\/uploads\/2021\/09\/026b6c776eb37a543de2bfcb3be66498.jpg 1920w, https:\/\/villarrealcf.es\/wp-content\/uploads\/2021\/09\/026b6c776eb37a543de2bfcb3be66498-32x18.jpg 32w, https:\/\/villarrealcf.es\/wp-content\/uploads\/2021\/09\/026b6c776eb37a543de2bfcb3be66498-150x84.jpg 150w, https:\/\/villarrealcf.es\/\/wp-content\/uploads\/2021\/09\/026b6c776eb37a543de2bfcb3be66498.jpg 1920w","sizes":"auto, (max-width: 819px) 100vw, 819px"}],"widgets":[],"blocks":[{"type":"image","url":"https:\/\/villarrealcf.es\/\/wp-content\/uploads\/2021\/09\/026b6c776eb37a543de2bfcb3be66498.jpg","alt":"||||||","width":819,"height":460,"srcset":"https:\/\/villarrealcf.es\/wp-content\/uploads\/2021\/09\/026b6c776eb37a543de2bfcb3be66498.jpg 819w, https:\/\/villarrealcf.es\/\/wp-content\/uploads\/2021\/09\/026b6c776eb37a543de2bfcb3be66498.jpg 1920w, https:\/\/villarrealcf.es\/\/wp-content\/uploads\/2021\/09\/026b6c776eb37a543de2bfcb3be66498.jpg 1920w, https:\/\/villarrealcf.es\/\/wp-content\/uploads\/2021\/09\/026b6c776eb37a543de2bfcb3be66498.jpg 1920w, https:\/\/villarrealcf.es\/wp-content\/uploads\/2021\/09\/026b6c776eb37a543de2bfcb3be66498-32x18.jpg 32w, https:\/\/villarrealcf.es\/wp-content\/uploads\/2021\/09\/026b6c776eb37a543de2bfcb3be66498-150x84.jpg 150w, https:\/\/villarrealcf.es\/\/wp-content\/uploads\/2021\/09\/026b6c776eb37a543de2bfcb3be66498.jpg 1920w","sizes":"auto, (max-width: 819px) 100vw, 819px"},{"type":"paragraph","text":"El t\u00e8cnic del Villarreal ha comparegut en roda de premsa despr\u00e9s de l\u2019enfrontament contra el RCD Mallorca en el Visit Mallorca Estadi i ha parlat sobre el partit, la ratxa de l\u2019equip i altres condicionants"},{"type":"paragraph","text":"Matx"},{"type":"paragraph","text":"\u201cHem portat el control del partit i els hem obligat a defensar en bloc baix. No hem concedit pr\u00e0cticament contraatacs i hem generat tres o quatre ocasions. Necessitem trobar aqueix encert i continuar trobant com decantar el partit. Al no fer-ho, entrem en uns certs moments de precipitaci\u00f3 i ells han comen\u00e7at a agafar confian\u00e7a sobre el camp. En el segon temps, est\u00e0vem m\u00e9s travats i ells veien possibilitats de trobar contraatacs. El pla era el mateix i l\u2019hem fet al final. Cal pensar en el seg\u00fcent partit\u201d."},{"type":"paragraph","text":"El rival"},{"type":"paragraph","text":"\u201c\u00c9s un equip ben estructurat esportivament, molt competitiu i amb jugadors veterans i intel\u00b7ligents que saben patir i llegir els moments del partit. Tot aix\u00f2 tamb\u00e9 ho van creant el club i l\u2019entrenador. Valoren molt estar en Primera i estan molt compromesos. A partir d\u2019ac\u00ed, hav\u00edem d\u2019intentar marcar les difer\u00e8ncies\u201d."},{"type":"paragraph","text":"Calor i baixa de Gerard"},{"type":"paragraph","text":"\u201cSegurament, hi havia zones amb temperatures m\u00e9s baixes per a jugar a aquestes hores, encara que tots dos equips estem acostumats a entrenar amb calor. Al final del partit, diversos jugadors notaven aqueix cansament per\u00f2 s\u00f3n coses que no podem controlar. Hem de ser capa\u00e7os de trobar respostes davant la falta de jugadors. Cadascun t\u00e9 unes caracter\u00edstiques i ens aporta coses diferents. Hem d\u2019encertar les ocasions que tenim\u201d."},{"type":"paragraph","text":"Empats consecutius"},{"type":"paragraph","text":"\u201cTots els equips tenen una molt bona faena. Hem perdut figures en LaLiga, per\u00f2 el nivell \u00e9s molt bo i a tots els equips els costa molt guanyar. El futbol \u00e9s aix\u00ed i hem de millorar. La primera an\u00e0lisi que faig \u00e9s que cal fer millor algunes coses i ser\u00e9 autocr\u00edtic. Cal buscar alguna cosa m\u00e9s que, de moment, no est\u00e0 arribant\u201d."},{"type":"video","kind":"iframe","url":"https:\/\/www.youtube.com\/embed\/g6P54FkxxQM?feature=oembed","poster":""}]}],"hero":{"id":"section-1","title":"","text":"El t\u00e8cnic del Villarreal ha comparegut en roda de premsa despr\u00e9s de l\u2019enfrontament contra el RCD Mallorca en el Visit Mallorca Estadi i ha parlat sobre el partit, la ratxa de l\u2019equip i altres condicionants Matx \u201cHem portat el control del partit i els hem obligat a defensar en bloc baix. No hem concedit pr\u00e0cticament contraatacs i hem generat tres o quatre ocasions. Necessitem trobar aqueix encert i continuar trobant com decantar el partit. Al no fer-ho, entrem en uns certs moments de precipitaci\u00f3 i ells han comen\u00e7at a agafar confian\u00e7a sobre el camp. En el segon temps, est\u00e0vem m\u00e9s travats i ells veien possibilitats de trobar contraatacs. El pla era el mateix i l\u2019hem fet al final. Cal pensar en el seg\u00fcent partit\u201d. El rival \u201c\u00c9s un equip ben estructurat esportivament, molt competitiu i amb jugadors veterans i intel\u00b7ligents que saben patir i llegir els moments del partit. Tot aix\u00f2 tamb\u00e9 ho van creant el club i l\u2019entrenador. Valoren molt estar en Primera i estan molt compromesos. A partir d\u2019ac\u00ed, hav\u00edem d\u2019intentar marcar les difer\u00e8ncies\u201d. Calor i baixa de Gerard \u201cSegurament, hi havia zones amb temperatures m\u00e9s baixes per a jugar a aquestes hores, encara que tots dos equips estem acostumats a entrenar amb calor. Al final del partit, diversos jugadors notaven aqueix cansament per\u00f2 s\u00f3n coses que no podem controlar. Hem de ser capa\u00e7os de trobar respostes davant la falta de jugadors. Cadascun t\u00e9 unes caracter\u00edstiques i ens aporta coses diferents. Hem d\u2019encertar les ocasions que tenim\u201d. Empats consecutius \u201cTots els equips tenen una molt bona faena. Hem perdut figures en LaLiga, per\u00f2 el nivell \u00e9s molt bo i a tots els equips els costa molt guanyar. El futbol \u00e9s aix\u00ed i hem de millorar. La primera an\u00e0lisi que faig \u00e9s que cal fer millor algunes coses i ser\u00e9 autocr\u00edtic. Cal buscar alguna cosa m\u00e9s que, de moment, no est\u00e0 arribant\u201d.","headings":[],"texts":[{"type":"paragraph","text":"El t\u00e8cnic del Villarreal ha comparegut en roda de premsa despr\u00e9s de l\u2019enfrontament contra el RCD Mallorca en el Visit Mallorca Estadi i ha parlat sobre el partit, la ratxa de l\u2019equip i altres condicionants"},{"type":"paragraph","text":"Matx"},{"type":"paragraph","text":"\u201cHem portat el control del partit i els hem obligat a defensar en bloc baix. No hem concedit pr\u00e0cticament contraatacs i hem generat tres o quatre ocasions. Necessitem trobar aqueix encert i continuar trobant com decantar el partit. Al no fer-ho, entrem en uns certs moments de precipitaci\u00f3 i ells han comen\u00e7at a agafar confian\u00e7a sobre el camp. En el segon temps, est\u00e0vem m\u00e9s travats i ells veien possibilitats de trobar contraatacs. El pla era el mateix i l\u2019hem fet al final. Cal pensar en el seg\u00fcent partit\u201d."},{"type":"paragraph","text":"El rival"},{"type":"paragraph","text":"\u201c\u00c9s un equip ben estructurat esportivament, molt competitiu i amb jugadors veterans i intel\u00b7ligents que saben patir i llegir els moments del partit. Tot aix\u00f2 tamb\u00e9 ho van creant el club i l\u2019entrenador. Valoren molt estar en Primera i estan molt compromesos. A partir d\u2019ac\u00ed, hav\u00edem d\u2019intentar marcar les difer\u00e8ncies\u201d."},{"type":"paragraph","text":"Calor i baixa de Gerard"},{"type":"paragraph","text":"\u201cSegurament, hi havia zones amb temperatures m\u00e9s baixes per a jugar a aquestes hores, encara que tots dos equips estem acostumats a entrenar amb calor. Al final del partit, diversos jugadors notaven aqueix cansament per\u00f2 s\u00f3n coses que no podem controlar. Hem de ser capa\u00e7os de trobar respostes davant la falta de jugadors. Cadascun t\u00e9 unes caracter\u00edstiques i ens aporta coses diferents. Hem d\u2019encertar les ocasions que tenim\u201d."},{"type":"paragraph","text":"Empats consecutius"},{"type":"paragraph","text":"\u201cTots els equips tenen una molt bona faena. Hem perdut figures en LaLiga, per\u00f2 el nivell \u00e9s molt bo i a tots els equips els costa molt guanyar. El futbol \u00e9s aix\u00ed i hem de millorar. La primera an\u00e0lisi que faig \u00e9s que cal fer millor algunes coses i ser\u00e9 autocr\u00edtic. Cal buscar alguna cosa m\u00e9s que, de moment, no est\u00e0 arribant\u201d."}],"buttons":[],"images":[{"type":"image","url":"https:\/\/villarrealcf.es\/\/wp-content\/uploads\/2021\/09\/026b6c776eb37a543de2bfcb3be66498.jpg","alt":"||||||","width":819,"height":460,"srcset":"https:\/\/villarrealcf.es\/wp-content\/uploads\/2021\/09\/026b6c776eb37a543de2bfcb3be66498.jpg 819w, https:\/\/villarrealcf.es\/\/wp-content\/uploads\/2021\/09\/026b6c776eb37a543de2bfcb3be66498.jpg 1920w, https:\/\/villarrealcf.es\/\/wp-content\/uploads\/2021\/09\/026b6c776eb37a543de2bfcb3be66498.jpg 1920w, https:\/\/villarrealcf.es\/\/wp-content\/uploads\/2021\/09\/026b6c776eb37a543de2bfcb3be66498.jpg 1920w, https:\/\/villarrealcf.es\/wp-content\/uploads\/2021\/09\/026b6c776eb37a543de2bfcb3be66498-32x18.jpg 32w, https:\/\/villarrealcf.es\/wp-content\/uploads\/2021\/09\/026b6c776eb37a543de2bfcb3be66498-150x84.jpg 150w, https:\/\/villarrealcf.es\/\/wp-content\/uploads\/2021\/09\/026b6c776eb37a543de2bfcb3be66498.jpg 1920w","sizes":"auto, (max-width: 819px) 100vw, 819px"}],"widgets":[],"blocks":[{"type":"image","url":"https:\/\/villarrealcf.es\/\/wp-content\/uploads\/2021\/09\/026b6c776eb37a543de2bfcb3be66498.jpg","alt":"||||||","width":819,"height":460,"srcset":"https:\/\/villarrealcf.es\/wp-content\/uploads\/2021\/09\/026b6c776eb37a543de2bfcb3be66498.jpg 819w, https:\/\/villarrealcf.es\/\/wp-content\/uploads\/2021\/09\/026b6c776eb37a543de2bfcb3be66498.jpg 1920w, https:\/\/villarrealcf.es\/\/wp-content\/uploads\/2021\/09\/026b6c776eb37a543de2bfcb3be66498.jpg 1920w, https:\/\/villarrealcf.es\/\/wp-content\/uploads\/2021\/09\/026b6c776eb37a543de2bfcb3be66498.jpg 1920w, https:\/\/villarrealcf.es\/wp-content\/uploads\/2021\/09\/026b6c776eb37a543de2bfcb3be66498-32x18.jpg 32w, https:\/\/villarrealcf.es\/wp-content\/uploads\/2021\/09\/026b6c776eb37a543de2bfcb3be66498-150x84.jpg 150w, https:\/\/villarrealcf.es\/\/wp-content\/uploads\/2021\/09\/026b6c776eb37a543de2bfcb3be66498.jpg 1920w","sizes":"auto, (max-width: 819px) 100vw, 819px"},{"type":"paragraph","text":"El t\u00e8cnic del Villarreal ha comparegut en roda de premsa despr\u00e9s de l\u2019enfrontament contra el RCD Mallorca en el Visit Mallorca Estadi i ha parlat sobre el partit, la ratxa de l\u2019equip i altres condicionants"},{"type":"paragraph","text":"Matx"},{"type":"paragraph","text":"\u201cHem portat el control del partit i els hem obligat a defensar en bloc baix. No hem concedit pr\u00e0cticament contraatacs i hem generat tres o quatre ocasions. Necessitem trobar aqueix encert i continuar trobant com decantar el partit. Al no fer-ho, entrem en uns certs moments de precipitaci\u00f3 i ells han comen\u00e7at a agafar confian\u00e7a sobre el camp. En el segon temps, est\u00e0vem m\u00e9s travats i ells veien possibilitats de trobar contraatacs. El pla era el mateix i l\u2019hem fet al final. Cal pensar en el seg\u00fcent partit\u201d."},{"type":"paragraph","text":"El rival"},{"type":"paragraph","text":"\u201c\u00c9s un equip ben estructurat esportivament, molt competitiu i amb jugadors veterans i intel\u00b7ligents que saben patir i llegir els moments del partit. Tot aix\u00f2 tamb\u00e9 ho van creant el club i l\u2019entrenador. Valoren molt estar en Primera i estan molt compromesos. A partir d\u2019ac\u00ed, hav\u00edem d\u2019intentar marcar les difer\u00e8ncies\u201d."},{"type":"paragraph","text":"Calor i baixa de Gerard"},{"type":"paragraph","text":"\u201cSegurament, hi havia zones amb temperatures m\u00e9s baixes per a jugar a aquestes hores, encara que tots dos equips estem acostumats a entrenar amb calor. Al final del partit, diversos jugadors notaven aqueix cansament per\u00f2 s\u00f3n coses que no podem controlar. Hem de ser capa\u00e7os de trobar respostes davant la falta de jugadors. Cadascun t\u00e9 unes caracter\u00edstiques i ens aporta coses diferents. Hem d\u2019encertar les ocasions que tenim\u201d."},{"type":"paragraph","text":"Empats consecutius"},{"type":"paragraph","text":"\u201cTots els equips tenen una molt bona faena. Hem perdut figures en LaLiga, per\u00f2 el nivell \u00e9s molt bo i a tots els equips els costa molt guanyar. El futbol \u00e9s aix\u00ed i hem de millorar. La primera an\u00e0lisi que faig \u00e9s que cal fer millor algunes coses i ser\u00e9 autocr\u00edtic. Cal buscar alguna cosa m\u00e9s que, de moment, no est\u00e0 arribant\u201d."},{"type":"video","kind":"iframe","url":"https:\/\/www.youtube.com\/embed\/g6P54FkxxQM?feature=oembed","poster":""}]}},"sections":[{"id":"section-1","title":"","text":"El t\u00e8cnic del Villarreal ha comparegut en roda de premsa despr\u00e9s de l\u2019enfrontament contra el RCD Mallorca en el Visit Mallorca Estadi i ha parlat sobre el partit, la ratxa de l\u2019equip i altres condicionants Matx \u201cHem portat el control del partit i els hem obligat a defensar en bloc baix. No hem concedit pr\u00e0cticament contraatacs i hem generat tres o quatre ocasions. Necessitem trobar aqueix encert i continuar trobant com decantar el partit. Al no fer-ho, entrem en uns certs moments de precipitaci\u00f3 i ells han comen\u00e7at a agafar confian\u00e7a sobre el camp. En el segon temps, est\u00e0vem m\u00e9s travats i ells veien possibilitats de trobar contraatacs. El pla era el mateix i l\u2019hem fet al final. Cal pensar en el seg\u00fcent partit\u201d. El rival \u201c\u00c9s un equip ben estructurat esportivament, molt competitiu i amb jugadors veterans i intel\u00b7ligents que saben patir i llegir els moments del partit. Tot aix\u00f2 tamb\u00e9 ho van creant el club i l\u2019entrenador. Valoren molt estar en Primera i estan molt compromesos. A partir d\u2019ac\u00ed, hav\u00edem d\u2019intentar marcar les difer\u00e8ncies\u201d. Calor i baixa de Gerard \u201cSegurament, hi havia zones amb temperatures m\u00e9s baixes per a jugar a aquestes hores, encara que tots dos equips estem acostumats a entrenar amb calor. Al final del partit, diversos jugadors notaven aqueix cansament per\u00f2 s\u00f3n coses que no podem controlar. Hem de ser capa\u00e7os de trobar respostes davant la falta de jugadors. Cadascun t\u00e9 unes caracter\u00edstiques i ens aporta coses diferents. Hem d\u2019encertar les ocasions que tenim\u201d. Empats consecutius \u201cTots els equips tenen una molt bona faena. Hem perdut figures en LaLiga, per\u00f2 el nivell \u00e9s molt bo i a tots els equips els costa molt guanyar. El futbol \u00e9s aix\u00ed i hem de millorar. La primera an\u00e0lisi que faig \u00e9s que cal fer millor algunes coses i ser\u00e9 autocr\u00edtic. Cal buscar alguna cosa m\u00e9s que, de moment, no est\u00e0 arribant\u201d.","url":"","background_image":"","images":[{"type":"image","url":"https:\/\/villarrealcf.es\/\/wp-content\/uploads\/2021\/09\/026b6c776eb37a543de2bfcb3be66498.jpg","alt":"||||||","width":819,"height":460,"srcset":"https:\/\/villarrealcf.es\/wp-content\/uploads\/2021\/09\/026b6c776eb37a543de2bfcb3be66498.jpg 819w, https:\/\/villarrealcf.es\/\/wp-content\/uploads\/2021\/09\/026b6c776eb37a543de2bfcb3be66498.jpg 1920w, https:\/\/villarrealcf.es\/\/wp-content\/uploads\/2021\/09\/026b6c776eb37a543de2bfcb3be66498.jpg 1920w, https:\/\/villarrealcf.es\/\/wp-content\/uploads\/2021\/09\/026b6c776eb37a543de2bfcb3be66498.jpg 1920w, https:\/\/villarrealcf.es\/wp-content\/uploads\/2021\/09\/026b6c776eb37a543de2bfcb3be66498-32x18.jpg 32w, https:\/\/villarrealcf.es\/wp-content\/uploads\/2021\/09\/026b6c776eb37a543de2bfcb3be66498-150x84.jpg 150w, https:\/\/villarrealcf.es\/\/wp-content\/uploads\/2021\/09\/026b6c776eb37a543de2bfcb3be66498.jpg 1920w","sizes":"auto, (max-width: 819px) 100vw, 819px"}],"videos":[{"type":"video","kind":"iframe","url":"https:\/\/www.youtube.com\/embed\/g6P54FkxxQM?feature=oembed","poster":""}],"links":[]},{"id":"shortcode-caption-69eee9bd7ea32","type":"shortcode","shortcode":"caption","attributes":{"id":"attachment_221235","align":"alignnone","width":""},"title":"Caption","rendered":"","data":[],"text":"","url":"","background_image":"","images":[],"videos":[],"links":[],"blocks":[]}]},"excerpt":{"rendered":"El t\u00e8cnic del Villarreal ha comparegut en roda de premsa despr\u00e9s de l&#8217;enfrontament contra el RCD Mallorca en el Visit Mallorca Estadi i ha parlat sobre el partit, la ratxa de l&#8217;equip i altres condicionants","protected":false},"author":1,"featured_media":221235,"comment_status":"","ping_status":"","sticky":false,"template":"","format":"standard","meta":{"_acf_changed":false,"footnotes":""},"categories":[4854],"tags":[12554,12556,9270,10189,11042,9189,9680,9627,8676,9203],"acf":null,"lang":"val","translations":{"val":221238},"essential_grid":{"has_grid":false},"formatted_date":"September 19, 2021","modified_date":"September 19, 2021","permalink":"https:\/\/villarrealcf.es\/val\/emery-necessitem-trobar-encert\/","reading_time":2,"featured_media_data":{"id":221235,"title":"||||||","caption":"||||||","alt_text":"||||||","description":"","mime_type":"image\/jpeg","source_url":"https:\/\/villarrealcf.es\/wp-content\/uploads\/2021\/09\/026b6c776eb37a543de2bfcb3be66498.jpg","sizes":{"thumbnail":{"url":"https:\/\/villarrealcf.es\/wp-content\/uploads\/2021\/09\/026b6c776eb37a543de2bfcb3be66498-150x150.jpg","width":150,"height":150},"medium":{"url":"https:\/\/villarrealcf.es\/wp-content\/uploads\/2021\/09\/026b6c776eb37a543de2bfcb3be66498-300x168.jpg","width":300,"height":168},"medium_large":{"url":"https:\/\/villarrealcf.es\/wp-content\/uploads\/2021\/09\/026b6c776eb37a543de2bfcb3be66498-768x431.jpg","width":768,"height":431},"large":{"url":"https:\/\/villarrealcf.es\/wp-content\/uploads\/2021\/09\/026b6c776eb37a543de2bfcb3be66498.jpg","width":788,"height":443},"1536x1536":{"url":"https:\/\/villarrealcf.es\/wp-content\/uploads\/2021\/09\/026b6c776eb37a543de2bfcb3be66498.jpg","width":819,"height":460},"2048x2048":{"url":"https:\/\/villarrealcf.es\/wp-content\/uploads\/2021\/09\/026b6c776eb37a543de2bfcb3be66498.jpg","width":819,"height":460},"tp-image-grid":{"url":"https:\/\/villarrealcf.es\/wp-content\/uploads\/2021\/09\/026b6c776eb37a543de2bfcb3be66498-700x460.jpg","width":700,"height":460},"size-bunyad-medium":{"url":"https:\/\/villarrealcf.es\/wp-content\/uploads\/2021\/09\/026b6c776eb37a543de2bfcb3be66498.jpg","width":819,"height":460},"sportspress-crop-medium":{"url":"https:\/\/villarrealcf.es\/wp-content\/uploads\/2021\/09\/026b6c776eb37a543de2bfcb3be66498-300x300.jpg","width":300,"height":300},"sportspress-fit-medium":{"url":"https:\/\/villarrealcf.es\/wp-content\/uploads\/2021\/09\/026b6c776eb37a543de2bfcb3be66498-300x168.jpg","width":300,"height":168},"sportspress-fit-icon":{"url":"https:\/\/villarrealcf.es\/wp-content\/uploads\/2021\/09\/026b6c776eb37a543de2bfcb3be66498-128x72.jpg","width":128,"height":72},"sportspress-fit-mini":{"url":"https:\/\/villarrealcf.es\/wp-content\/uploads\/2021\/09\/026b6c776eb37a543de2bfcb3be66498-32x18.jpg","width":32,"height":18},"bunyad-small":{"url":"https:\/\/villarrealcf.es\/wp-content\/uploads\/2021\/09\/026b6c776eb37a543de2bfcb3be66498-150x84.jpg","width":150,"height":84},"bunyad-medium":{"url":"https:\/\/villarrealcf.es\/wp-content\/uploads\/2021\/09\/026b6c776eb37a543de2bfcb3be66498-450x253.jpg","width":450,"height":253},"bunyad-full":{"url":"https:\/\/villarrealcf.es\/wp-content\/uploads\/2021\/09\/026b6c776eb37a543de2bfcb3be66498.jpg","width":819,"height":460},"bunyad-viewport":{"url":"https:\/\/villarrealcf.es\/wp-content\/uploads\/2021\/09\/026b6c776eb37a543de2bfcb3be66498.jpg","width":819,"height":460},"bunyad-768":{"url":"https:\/\/villarrealcf.es\/wp-content\/uploads\/2021\/09\/026b6c776eb37a543de2bfcb3be66498-768x431.jpg","width":768,"height":431},"full":{"url":"https:\/\/villarrealcf.es\/wp-content\/uploads\/2021\/09\/026b6c776eb37a543de2bfcb3be66498.jpg","width":819,"height":460}}},"author_data":{"id":"1","name":"root_envidea","first_name":"Villarreal CF","last_name":"","description":"","avatar_url":"https:\/\/secure.gravatar.com\/avatar\/48f95f42a3ccc324f3a3458e4b9e6fb070b083e99d388e170c1afb061fa99b63?s=96&d=mm&r=g","acf":null},"taxonomies_data":{"category":[{"id":4854,"name":"Noticies Generals","slug":"noticies-generals","acf":null}],"post_tag":[{"id":12554,"name":"#Football","slug":"football-val","acf":null},{"id":12556,"name":"#Soccer","slug":"soccer-val","acf":null},{"id":9270,"name":"Futbol","slug":"futbol-val","acf":null},{"id":10189,"name":"Jornada 5","slug":"jornada-5-val","acf":null},{"id":11042,"name":"LaLiga","slug":"laliga-val","acf":null},{"id":9189,"name":"RCD Mallorca","slug":"rcd-mallorca-d29-val","acf":null},{"id":9680,"name":"Rueda de prensa","slug":"rueda-de-prensa-val","acf":null},{"id":9627,"name":"Submarino Amarillo","slug":"submarino-amarillo-val","acf":null},{"id":8676,"name":"Unai Emery","slug":"unai-emery","acf":null},{"id":9203,"name":"Villarreal CF","slug":"villarreal-cf-val","acf":null}],"translation_priority":[{"id":735,"name":"Optional","slug":"optional-val","acf":null}]},"seo_full":{"native":{"title":"Emery: &#8220;Necessitem trobar encert&#8221; - Web Oficial del Villarreal CF","description":"[caption id=\"attachment_221235\" align=\"alignnone\" width=\"\"]||||||[\/caption]El t\u00e8cnic del Villarreal ha comparegut en roda de premsa despr\u00e9s de l'enfrontament contra el RCD Mallorca&hellip;","canonical":"https:\/\/villarrealcf.es\/val\/emery-necessitem-trobar-encert\/"}},"_links":{"self":[{"href":"https:\/\/villarrealcf.es\/val\/wp-json\/wp\/v2\/posts\/221238","targetHints":{"allow":["GET"]}}],"collection":[{"href":"https:\/\/villarrealcf.es\/val\/wp-json\/wp\/v2\/posts"}],"about":[{"href":"https:\/\/villarrealcf.es\/val\/wp-json\/wp\/v2\/types\/post"}],"author":[{"embeddable":true,"href":"https:\/\/villarrealcf.es\/val\/wp-json\/wp\/v2\/users\/1"}],"replies":[{"embeddable":true,"href":"https:\/\/villarrealcf.es\/val\/wp-json\/wp\/v2\/comments?post=221238"}],"version-history":[{"count":0,"href":"https:\/\/villarrealcf.es\/val\/wp-json\/wp\/v2\/posts\/221238\/revisions"}],"wp:featuredmedia":[{"embeddable":true,"href":"https:\/\/villarrealcf.es\/val\/wp-json\/wp\/v2\/media\/221235"}],"wp:attachment":[{"href":"https:\/\/villarrealcf.es\/val\/wp-json\/wp\/v2\/media?parent=221238"}],"wp:term":[{"taxonomy":"category","embeddable":true,"href":"https:\/\/villarrealcf.es\/val\/wp-json\/wp\/v2\/categories?post=221238"},{"taxonomy":"post_tag","embeddable":true,"href":"https:\/\/villarrealcf.es\/val\/wp-json\/wp\/v2\/tags?post=221238"}],"curies":[{"name":"wp","href":"https:\/\/api.w.org\/{rel}","templated":true}]}}