{"id":220974,"date":"2021-09-13T12:47:21","date_gmt":"2021-09-13T10:47:21","guid":{"rendered":"https:\/\/villarrealcf.es\/\/hi-ha-molta-motivacio-per-la-champions\/"},"modified":"2021-09-13T12:47:21","modified_gmt":"2021-09-13T10:47:21","slug":"hi-ha-molta-motivacio-per-la-champions","status":"publish","type":"post","link":"https:\/\/villarrealcf.es\/val\/hi-ha-molta-motivacio-per-la-champions\/","title":{"rendered":"&#8220;Hi ha molta motivaci\u00f3 per la Champions&#8221;"},"content":{"protected":false,"blocks":[{"type":"image","url":"https:\/\/villarrealcf.es\/\/wp-content\/uploads\/2021\/09\/a6c27ffbcee06df7cba19917609ff2de.jpg","alt":"||||||","width":819,"height":460,"srcset":"https:\/\/villarrealcf.es\/wp-content\/uploads\/2021\/09\/a6c27ffbcee06df7cba19917609ff2de.jpg 819w, https:\/\/villarrealcf.es\/\/wp-content\/uploads\/2021\/09\/a6c27ffbcee06df7cba19917609ff2de.jpg 1920w, https:\/\/villarrealcf.es\/\/wp-content\/uploads\/2021\/09\/a6c27ffbcee06df7cba19917609ff2de.jpg 1920w, https:\/\/villarrealcf.es\/\/wp-content\/uploads\/2021\/09\/a6c27ffbcee06df7cba19917609ff2de.jpg 1920w, https:\/\/villarrealcf.es\/wp-content\/uploads\/2021\/09\/a6c27ffbcee06df7cba19917609ff2de-32x18.jpg 32w, https:\/\/villarrealcf.es\/wp-content\/uploads\/2021\/09\/a6c27ffbcee06df7cba19917609ff2de-150x84.jpg 150w, https:\/\/villarrealcf.es\/\/wp-content\/uploads\/2021\/09\/a6c27ffbcee06df7cba19917609ff2de.jpg 1920w","sizes":"auto, (max-width: 819px) 100vw, 819px"},{"type":"paragraph","text":"El migcampista \u2018groguet\u2019 va destacar la il\u00b7lusi\u00f3 de l\u2019equip davant del retorn de la UEFA Champions League en l\u2019Estadi de la Cer\u00e0mica (dimarts, 21.00 hores)"},{"type":"paragraph","text":"El jugador groc Manu Trigueros ha comparegut aquest migdia davant els mitjans de comunicaci\u00f3 en la pr\u00e8via del primer partit de la Fase de Grups de la UEFA Champions League 2021\/22 davant l\u2019Atalanta BC (21.00 hores, Movistar + Liga de Campeones). L\u2019equip \u2018groguet\u2019 arranca la Liga de Campeones en condici\u00f3 de campi\u00f3 de la passada edici\u00f3 UEFA Europa League en un grup en el qual es tornar\u00e0 a retrobar amb el rival de la final de Gdansk, el Manchester United, i tamb\u00e9 s\u2019enfrontar\u00e0 al Young Boys su\u00eds."},{"type":"paragraph","text":"Ganes, il\u00b7lusi\u00f3 i motivaci\u00f3"},{"type":"paragraph","text":"\u201cTenim sensacions molt boniques de jugar aquesta competici\u00f3. Despr\u00e9s de molts anys qui a Villarreal, he jugat Europa League per\u00f2 mai una fase de grups de la Champions League. No haver jugat el cap de setmana et dona coses i et lleva unes altres. Hem preparat b\u00e9 el partit, coneixem el rival i arribem amb les garanties de fer un gran partit. Hi ha moltes ganes, il\u00b7lusi\u00f3 i motivaci\u00f3 per aquest torneig\u201d."},{"type":"paragraph","text":"El rival"},{"type":"paragraph","text":"\u201cL\u2019Atalanta \u00e9s un rival que et porta al m\u00e0xim, fem molts duels individuals per tot el camp i amb una pressi\u00f3 molt alta. Nosaltres sabem que si estem al 100% cadascun som un rival molt dif\u00edcil de batre, som un gran equip que es coneix molt b\u00e9\u201d."},{"type":"paragraph","text":"Comen\u00e7ar b\u00e9"},{"type":"paragraph","text":"\u201cJuguem el primer partit a casa, en el nostre camp, amb la nostra afici\u00f3. \u00c9s molt important comen\u00e7ar amb els tres punts. \u00c9s un grup molt obert i sabem que fins al final de la fase de grups no es decidir\u00e0 res. Sabem que \u00e9s un partit molt important\u201d."},{"type":"paragraph","text":"Grup complicat"},{"type":"paragraph","text":"\u201cEn el futbol mai se sap. El Young Boys ha donat molta guerra en els \u00faltims anys a Europa i el Manchester United tamb\u00e9 \u00e9s un rival molt important. Estar\u00e0 molt obert fins al final. Volem fer-nos molt forts enguany a casa i volem comen\u00e7ar a fer-ho dem\u00e0\u201d."},{"type":"video","kind":"iframe","url":"https:\/\/www.youtube.com\/embed\/4hDc4O47caQ?feature=oembed","poster":""}],"structured":{"summary":{"text":"El migcampista \u2018groguet\u2019 va destacar la il\u00b7lusi\u00f3 de l\u2019equip davant del retorn de la UEFA Champions League en l\u2019Estadi de la Cer\u00e0mica (dimarts, 21.00 hores) El jugador groc Manu Trigueros ha comparegut aquest migdia davant els mitjans de comunicaci\u00f3 en la pr\u00e8via del primer partit de la Fase de Grups de la UEFA Champions League 2021\/22 davant l\u2019Atalanta BC (21.00 hores, Movistar + Liga de Campeones). L\u2019equip \u2018groguet\u2019 arranca la Liga de Campeones en condici\u00f3 de campi\u00f3 de la passada edici\u00f3 UEFA Europa League en un grup en el qual es tornar\u00e0 a retrobar amb el rival de la final de Gdansk, el Manchester United, i tamb\u00e9 s\u2019enfrontar\u00e0 al Young Boys su\u00eds. Ganes, il\u00b7lusi\u00f3 i motivaci\u00f3 \u201cTenim sensacions molt boniques de jugar aquesta competici\u00f3. Despr\u00e9s de molts anys qui a Villarreal, he jugat Europa League per\u00f2 mai una fase de grups de la Champions League. No haver jugat el cap de setmana et dona coses i et lleva unes altres. Hem preparat b\u00e9 el partit, coneixem el rival i arribem amb les garanties de fer un gran partit. Hi ha moltes ganes, il\u00b7lusi\u00f3 i motivaci\u00f3 per aquest torneig\u201d. El rival \u201cL\u2019Atalanta \u00e9s un rival que et porta al m\u00e0xim, fem molts duels individuals per tot el camp i amb una pressi\u00f3 molt alta. Nosaltres sabem que si estem al 100% cadascun som un rival molt dif\u00edcil de batre, som un gran equip que es coneix molt b\u00e9\u201d. Comen\u00e7ar b\u00e9 \u201cJuguem el primer partit a casa, en el nostre camp, amb la nostra afici\u00f3. \u00c9s molt important comen\u00e7ar amb els tres punts. \u00c9s un grup molt obert i sabem que fins al final de la fase de grups no es decidir\u00e0 res. Sabem que \u00e9s un partit molt important\u201d. Grup complicat \u201cEn el futbol mai se sap. El Young Boys ha donat molta guerra en els \u00faltims anys a Europa i el Manchester United tamb\u00e9 \u00e9s un rival molt important. Estar\u00e0 molt obert fins al final. Volem fer-nos molt forts enguany a casa i volem comen\u00e7ar a fer-ho dem\u00e0\u201d.","headings":[],"buttons":[],"images":[{"type":"image","url":"https:\/\/villarrealcf.es\/\/wp-content\/uploads\/2021\/09\/a6c27ffbcee06df7cba19917609ff2de.jpg","alt":"||||||","width":819,"height":460,"srcset":"https:\/\/villarrealcf.es\/wp-content\/uploads\/2021\/09\/a6c27ffbcee06df7cba19917609ff2de.jpg 819w, https:\/\/villarrealcf.es\/\/wp-content\/uploads\/2021\/09\/a6c27ffbcee06df7cba19917609ff2de.jpg 1920w, https:\/\/villarrealcf.es\/\/wp-content\/uploads\/2021\/09\/a6c27ffbcee06df7cba19917609ff2de.jpg 1920w, https:\/\/villarrealcf.es\/\/wp-content\/uploads\/2021\/09\/a6c27ffbcee06df7cba19917609ff2de.jpg 1920w, https:\/\/villarrealcf.es\/wp-content\/uploads\/2021\/09\/a6c27ffbcee06df7cba19917609ff2de-32x18.jpg 32w, https:\/\/villarrealcf.es\/wp-content\/uploads\/2021\/09\/a6c27ffbcee06df7cba19917609ff2de-150x84.jpg 150w, https:\/\/villarrealcf.es\/\/wp-content\/uploads\/2021\/09\/a6c27ffbcee06df7cba19917609ff2de.jpg 1920w","sizes":"auto, (max-width: 819px) 100vw, 819px"}],"counts":{"blocks":12,"headings":0,"texts":10,"buttons":0,"images":1}},"sections":[{"id":"section-1","title":"","text":"El migcampista \u2018groguet\u2019 va destacar la il\u00b7lusi\u00f3 de l\u2019equip davant del retorn de la UEFA Champions League en l\u2019Estadi de la Cer\u00e0mica (dimarts, 21.00 hores) El jugador groc Manu Trigueros ha comparegut aquest migdia davant els mitjans de comunicaci\u00f3 en la pr\u00e8via del primer partit de la Fase de Grups de la UEFA Champions League 2021\/22 davant l\u2019Atalanta BC (21.00 hores, Movistar + Liga de Campeones). L\u2019equip \u2018groguet\u2019 arranca la Liga de Campeones en condici\u00f3 de campi\u00f3 de la passada edici\u00f3 UEFA Europa League en un grup en el qual es tornar\u00e0 a retrobar amb el rival de la final de Gdansk, el Manchester United, i tamb\u00e9 s\u2019enfrontar\u00e0 al Young Boys su\u00eds. Ganes, il\u00b7lusi\u00f3 i motivaci\u00f3 \u201cTenim sensacions molt boniques de jugar aquesta competici\u00f3. Despr\u00e9s de molts anys qui a Villarreal, he jugat Europa League per\u00f2 mai una fase de grups de la Champions League. No haver jugat el cap de setmana et dona coses i et lleva unes altres. Hem preparat b\u00e9 el partit, coneixem el rival i arribem amb les garanties de fer un gran partit. Hi ha moltes ganes, il\u00b7lusi\u00f3 i motivaci\u00f3 per aquest torneig\u201d. El rival \u201cL\u2019Atalanta \u00e9s un rival que et porta al m\u00e0xim, fem molts duels individuals per tot el camp i amb una pressi\u00f3 molt alta. Nosaltres sabem que si estem al 100% cadascun som un rival molt dif\u00edcil de batre, som un gran equip que es coneix molt b\u00e9\u201d. Comen\u00e7ar b\u00e9 \u201cJuguem el primer partit a casa, en el nostre camp, amb la nostra afici\u00f3. \u00c9s molt important comen\u00e7ar amb els tres punts. \u00c9s un grup molt obert i sabem que fins al final de la fase de grups no es decidir\u00e0 res. Sabem que \u00e9s un partit molt important\u201d. Grup complicat \u201cEn el futbol mai se sap. El Young Boys ha donat molta guerra en els \u00faltims anys a Europa i el Manchester United tamb\u00e9 \u00e9s un rival molt important. Estar\u00e0 molt obert fins al final. Volem fer-nos molt forts enguany a casa i volem comen\u00e7ar a fer-ho dem\u00e0\u201d.","headings":[],"texts":[{"type":"paragraph","text":"El migcampista \u2018groguet\u2019 va destacar la il\u00b7lusi\u00f3 de l\u2019equip davant del retorn de la UEFA Champions League en l\u2019Estadi de la Cer\u00e0mica (dimarts, 21.00 hores)"},{"type":"paragraph","text":"El jugador groc Manu Trigueros ha comparegut aquest migdia davant els mitjans de comunicaci\u00f3 en la pr\u00e8via del primer partit de la Fase de Grups de la UEFA Champions League 2021\/22 davant l\u2019Atalanta BC (21.00 hores, Movistar + Liga de Campeones). L\u2019equip \u2018groguet\u2019 arranca la Liga de Campeones en condici\u00f3 de campi\u00f3 de la passada edici\u00f3 UEFA Europa League en un grup en el qual es tornar\u00e0 a retrobar amb el rival de la final de Gdansk, el Manchester United, i tamb\u00e9 s\u2019enfrontar\u00e0 al Young Boys su\u00eds."},{"type":"paragraph","text":"Ganes, il\u00b7lusi\u00f3 i motivaci\u00f3"},{"type":"paragraph","text":"\u201cTenim sensacions molt boniques de jugar aquesta competici\u00f3. Despr\u00e9s de molts anys qui a Villarreal, he jugat Europa League per\u00f2 mai una fase de grups de la Champions League. No haver jugat el cap de setmana et dona coses i et lleva unes altres. Hem preparat b\u00e9 el partit, coneixem el rival i arribem amb les garanties de fer un gran partit. Hi ha moltes ganes, il\u00b7lusi\u00f3 i motivaci\u00f3 per aquest torneig\u201d."},{"type":"paragraph","text":"El rival"},{"type":"paragraph","text":"\u201cL\u2019Atalanta \u00e9s un rival que et porta al m\u00e0xim, fem molts duels individuals per tot el camp i amb una pressi\u00f3 molt alta. Nosaltres sabem que si estem al 100% cadascun som un rival molt dif\u00edcil de batre, som un gran equip que es coneix molt b\u00e9\u201d."},{"type":"paragraph","text":"Comen\u00e7ar b\u00e9"},{"type":"paragraph","text":"\u201cJuguem el primer partit a casa, en el nostre camp, amb la nostra afici\u00f3. \u00c9s molt important comen\u00e7ar amb els tres punts. \u00c9s un grup molt obert i sabem que fins al final de la fase de grups no es decidir\u00e0 res. Sabem que \u00e9s un partit molt important\u201d."},{"type":"paragraph","text":"Grup complicat"},{"type":"paragraph","text":"\u201cEn el futbol mai se sap. El Young Boys ha donat molta guerra en els \u00faltims anys a Europa i el Manchester United tamb\u00e9 \u00e9s un rival molt important. Estar\u00e0 molt obert fins al final. Volem fer-nos molt forts enguany a casa i volem comen\u00e7ar a fer-ho dem\u00e0\u201d."}],"buttons":[],"images":[{"type":"image","url":"https:\/\/villarrealcf.es\/\/wp-content\/uploads\/2021\/09\/a6c27ffbcee06df7cba19917609ff2de.jpg","alt":"||||||","width":819,"height":460,"srcset":"https:\/\/villarrealcf.es\/wp-content\/uploads\/2021\/09\/a6c27ffbcee06df7cba19917609ff2de.jpg 819w, https:\/\/villarrealcf.es\/\/wp-content\/uploads\/2021\/09\/a6c27ffbcee06df7cba19917609ff2de.jpg 1920w, https:\/\/villarrealcf.es\/\/wp-content\/uploads\/2021\/09\/a6c27ffbcee06df7cba19917609ff2de.jpg 1920w, https:\/\/villarrealcf.es\/\/wp-content\/uploads\/2021\/09\/a6c27ffbcee06df7cba19917609ff2de.jpg 1920w, https:\/\/villarrealcf.es\/wp-content\/uploads\/2021\/09\/a6c27ffbcee06df7cba19917609ff2de-32x18.jpg 32w, https:\/\/villarrealcf.es\/wp-content\/uploads\/2021\/09\/a6c27ffbcee06df7cba19917609ff2de-150x84.jpg 150w, https:\/\/villarrealcf.es\/\/wp-content\/uploads\/2021\/09\/a6c27ffbcee06df7cba19917609ff2de.jpg 1920w","sizes":"auto, (max-width: 819px) 100vw, 819px"}],"widgets":[],"blocks":[{"type":"image","url":"https:\/\/villarrealcf.es\/\/wp-content\/uploads\/2021\/09\/a6c27ffbcee06df7cba19917609ff2de.jpg","alt":"||||||","width":819,"height":460,"srcset":"https:\/\/villarrealcf.es\/wp-content\/uploads\/2021\/09\/a6c27ffbcee06df7cba19917609ff2de.jpg 819w, https:\/\/villarrealcf.es\/\/wp-content\/uploads\/2021\/09\/a6c27ffbcee06df7cba19917609ff2de.jpg 1920w, https:\/\/villarrealcf.es\/\/wp-content\/uploads\/2021\/09\/a6c27ffbcee06df7cba19917609ff2de.jpg 1920w, https:\/\/villarrealcf.es\/\/wp-content\/uploads\/2021\/09\/a6c27ffbcee06df7cba19917609ff2de.jpg 1920w, https:\/\/villarrealcf.es\/wp-content\/uploads\/2021\/09\/a6c27ffbcee06df7cba19917609ff2de-32x18.jpg 32w, https:\/\/villarrealcf.es\/wp-content\/uploads\/2021\/09\/a6c27ffbcee06df7cba19917609ff2de-150x84.jpg 150w, https:\/\/villarrealcf.es\/\/wp-content\/uploads\/2021\/09\/a6c27ffbcee06df7cba19917609ff2de.jpg 1920w","sizes":"auto, (max-width: 819px) 100vw, 819px"},{"type":"paragraph","text":"El migcampista \u2018groguet\u2019 va destacar la il\u00b7lusi\u00f3 de l\u2019equip davant del retorn de la UEFA Champions League en l\u2019Estadi de la Cer\u00e0mica (dimarts, 21.00 hores)"},{"type":"paragraph","text":"El jugador groc Manu Trigueros ha comparegut aquest migdia davant els mitjans de comunicaci\u00f3 en la pr\u00e8via del primer partit de la Fase de Grups de la UEFA Champions League 2021\/22 davant l\u2019Atalanta BC (21.00 hores, Movistar + Liga de Campeones). L\u2019equip \u2018groguet\u2019 arranca la Liga de Campeones en condici\u00f3 de campi\u00f3 de la passada edici\u00f3 UEFA Europa League en un grup en el qual es tornar\u00e0 a retrobar amb el rival de la final de Gdansk, el Manchester United, i tamb\u00e9 s\u2019enfrontar\u00e0 al Young Boys su\u00eds."},{"type":"paragraph","text":"Ganes, il\u00b7lusi\u00f3 i motivaci\u00f3"},{"type":"paragraph","text":"\u201cTenim sensacions molt boniques de jugar aquesta competici\u00f3. Despr\u00e9s de molts anys qui a Villarreal, he jugat Europa League per\u00f2 mai una fase de grups de la Champions League. No haver jugat el cap de setmana et dona coses i et lleva unes altres. Hem preparat b\u00e9 el partit, coneixem el rival i arribem amb les garanties de fer un gran partit. Hi ha moltes ganes, il\u00b7lusi\u00f3 i motivaci\u00f3 per aquest torneig\u201d."},{"type":"paragraph","text":"El rival"},{"type":"paragraph","text":"\u201cL\u2019Atalanta \u00e9s un rival que et porta al m\u00e0xim, fem molts duels individuals per tot el camp i amb una pressi\u00f3 molt alta. Nosaltres sabem que si estem al 100% cadascun som un rival molt dif\u00edcil de batre, som un gran equip que es coneix molt b\u00e9\u201d."},{"type":"paragraph","text":"Comen\u00e7ar b\u00e9"},{"type":"paragraph","text":"\u201cJuguem el primer partit a casa, en el nostre camp, amb la nostra afici\u00f3. \u00c9s molt important comen\u00e7ar amb els tres punts. \u00c9s un grup molt obert i sabem que fins al final de la fase de grups no es decidir\u00e0 res. Sabem que \u00e9s un partit molt important\u201d."},{"type":"paragraph","text":"Grup complicat"},{"type":"paragraph","text":"\u201cEn el futbol mai se sap. El Young Boys ha donat molta guerra en els \u00faltims anys a Europa i el Manchester United tamb\u00e9 \u00e9s un rival molt important. Estar\u00e0 molt obert fins al final. Volem fer-nos molt forts enguany a casa i volem comen\u00e7ar a fer-ho dem\u00e0\u201d."},{"type":"video","kind":"iframe","url":"https:\/\/www.youtube.com\/embed\/4hDc4O47caQ?feature=oembed","poster":""}]}],"hero":{"id":"section-1","title":"","text":"El migcampista \u2018groguet\u2019 va destacar la il\u00b7lusi\u00f3 de l\u2019equip davant del retorn de la UEFA Champions League en l\u2019Estadi de la Cer\u00e0mica (dimarts, 21.00 hores) El jugador groc Manu Trigueros ha comparegut aquest migdia davant els mitjans de comunicaci\u00f3 en la pr\u00e8via del primer partit de la Fase de Grups de la UEFA Champions League 2021\/22 davant l\u2019Atalanta BC (21.00 hores, Movistar + Liga de Campeones). L\u2019equip \u2018groguet\u2019 arranca la Liga de Campeones en condici\u00f3 de campi\u00f3 de la passada edici\u00f3 UEFA Europa League en un grup en el qual es tornar\u00e0 a retrobar amb el rival de la final de Gdansk, el Manchester United, i tamb\u00e9 s\u2019enfrontar\u00e0 al Young Boys su\u00eds. Ganes, il\u00b7lusi\u00f3 i motivaci\u00f3 \u201cTenim sensacions molt boniques de jugar aquesta competici\u00f3. Despr\u00e9s de molts anys qui a Villarreal, he jugat Europa League per\u00f2 mai una fase de grups de la Champions League. No haver jugat el cap de setmana et dona coses i et lleva unes altres. Hem preparat b\u00e9 el partit, coneixem el rival i arribem amb les garanties de fer un gran partit. Hi ha moltes ganes, il\u00b7lusi\u00f3 i motivaci\u00f3 per aquest torneig\u201d. El rival \u201cL\u2019Atalanta \u00e9s un rival que et porta al m\u00e0xim, fem molts duels individuals per tot el camp i amb una pressi\u00f3 molt alta. Nosaltres sabem que si estem al 100% cadascun som un rival molt dif\u00edcil de batre, som un gran equip que es coneix molt b\u00e9\u201d. Comen\u00e7ar b\u00e9 \u201cJuguem el primer partit a casa, en el nostre camp, amb la nostra afici\u00f3. \u00c9s molt important comen\u00e7ar amb els tres punts. \u00c9s un grup molt obert i sabem que fins al final de la fase de grups no es decidir\u00e0 res. Sabem que \u00e9s un partit molt important\u201d. Grup complicat \u201cEn el futbol mai se sap. El Young Boys ha donat molta guerra en els \u00faltims anys a Europa i el Manchester United tamb\u00e9 \u00e9s un rival molt important. Estar\u00e0 molt obert fins al final. Volem fer-nos molt forts enguany a casa i volem comen\u00e7ar a fer-ho dem\u00e0\u201d.","headings":[],"texts":[{"type":"paragraph","text":"El migcampista \u2018groguet\u2019 va destacar la il\u00b7lusi\u00f3 de l\u2019equip davant del retorn de la UEFA Champions League en l\u2019Estadi de la Cer\u00e0mica (dimarts, 21.00 hores)"},{"type":"paragraph","text":"El jugador groc Manu Trigueros ha comparegut aquest migdia davant els mitjans de comunicaci\u00f3 en la pr\u00e8via del primer partit de la Fase de Grups de la UEFA Champions League 2021\/22 davant l\u2019Atalanta BC (21.00 hores, Movistar + Liga de Campeones). L\u2019equip \u2018groguet\u2019 arranca la Liga de Campeones en condici\u00f3 de campi\u00f3 de la passada edici\u00f3 UEFA Europa League en un grup en el qual es tornar\u00e0 a retrobar amb el rival de la final de Gdansk, el Manchester United, i tamb\u00e9 s\u2019enfrontar\u00e0 al Young Boys su\u00eds."},{"type":"paragraph","text":"Ganes, il\u00b7lusi\u00f3 i motivaci\u00f3"},{"type":"paragraph","text":"\u201cTenim sensacions molt boniques de jugar aquesta competici\u00f3. Despr\u00e9s de molts anys qui a Villarreal, he jugat Europa League per\u00f2 mai una fase de grups de la Champions League. No haver jugat el cap de setmana et dona coses i et lleva unes altres. Hem preparat b\u00e9 el partit, coneixem el rival i arribem amb les garanties de fer un gran partit. Hi ha moltes ganes, il\u00b7lusi\u00f3 i motivaci\u00f3 per aquest torneig\u201d."},{"type":"paragraph","text":"El rival"},{"type":"paragraph","text":"\u201cL\u2019Atalanta \u00e9s un rival que et porta al m\u00e0xim, fem molts duels individuals per tot el camp i amb una pressi\u00f3 molt alta. Nosaltres sabem que si estem al 100% cadascun som un rival molt dif\u00edcil de batre, som un gran equip que es coneix molt b\u00e9\u201d."},{"type":"paragraph","text":"Comen\u00e7ar b\u00e9"},{"type":"paragraph","text":"\u201cJuguem el primer partit a casa, en el nostre camp, amb la nostra afici\u00f3. \u00c9s molt important comen\u00e7ar amb els tres punts. \u00c9s un grup molt obert i sabem que fins al final de la fase de grups no es decidir\u00e0 res. Sabem que \u00e9s un partit molt important\u201d."},{"type":"paragraph","text":"Grup complicat"},{"type":"paragraph","text":"\u201cEn el futbol mai se sap. El Young Boys ha donat molta guerra en els \u00faltims anys a Europa i el Manchester United tamb\u00e9 \u00e9s un rival molt important. Estar\u00e0 molt obert fins al final. Volem fer-nos molt forts enguany a casa i volem comen\u00e7ar a fer-ho dem\u00e0\u201d."}],"buttons":[],"images":[{"type":"image","url":"https:\/\/villarrealcf.es\/\/wp-content\/uploads\/2021\/09\/a6c27ffbcee06df7cba19917609ff2de.jpg","alt":"||||||","width":819,"height":460,"srcset":"https:\/\/villarrealcf.es\/wp-content\/uploads\/2021\/09\/a6c27ffbcee06df7cba19917609ff2de.jpg 819w, https:\/\/villarrealcf.es\/\/wp-content\/uploads\/2021\/09\/a6c27ffbcee06df7cba19917609ff2de.jpg 1920w, https:\/\/villarrealcf.es\/\/wp-content\/uploads\/2021\/09\/a6c27ffbcee06df7cba19917609ff2de.jpg 1920w, https:\/\/villarrealcf.es\/\/wp-content\/uploads\/2021\/09\/a6c27ffbcee06df7cba19917609ff2de.jpg 1920w, https:\/\/villarrealcf.es\/wp-content\/uploads\/2021\/09\/a6c27ffbcee06df7cba19917609ff2de-32x18.jpg 32w, https:\/\/villarrealcf.es\/wp-content\/uploads\/2021\/09\/a6c27ffbcee06df7cba19917609ff2de-150x84.jpg 150w, https:\/\/villarrealcf.es\/\/wp-content\/uploads\/2021\/09\/a6c27ffbcee06df7cba19917609ff2de.jpg 1920w","sizes":"auto, (max-width: 819px) 100vw, 819px"}],"widgets":[],"blocks":[{"type":"image","url":"https:\/\/villarrealcf.es\/\/wp-content\/uploads\/2021\/09\/a6c27ffbcee06df7cba19917609ff2de.jpg","alt":"||||||","width":819,"height":460,"srcset":"https:\/\/villarrealcf.es\/wp-content\/uploads\/2021\/09\/a6c27ffbcee06df7cba19917609ff2de.jpg 819w, https:\/\/villarrealcf.es\/\/wp-content\/uploads\/2021\/09\/a6c27ffbcee06df7cba19917609ff2de.jpg 1920w, https:\/\/villarrealcf.es\/\/wp-content\/uploads\/2021\/09\/a6c27ffbcee06df7cba19917609ff2de.jpg 1920w, https:\/\/villarrealcf.es\/\/wp-content\/uploads\/2021\/09\/a6c27ffbcee06df7cba19917609ff2de.jpg 1920w, https:\/\/villarrealcf.es\/wp-content\/uploads\/2021\/09\/a6c27ffbcee06df7cba19917609ff2de-32x18.jpg 32w, https:\/\/villarrealcf.es\/wp-content\/uploads\/2021\/09\/a6c27ffbcee06df7cba19917609ff2de-150x84.jpg 150w, https:\/\/villarrealcf.es\/\/wp-content\/uploads\/2021\/09\/a6c27ffbcee06df7cba19917609ff2de.jpg 1920w","sizes":"auto, (max-width: 819px) 100vw, 819px"},{"type":"paragraph","text":"El migcampista \u2018groguet\u2019 va destacar la il\u00b7lusi\u00f3 de l\u2019equip davant del retorn de la UEFA Champions League en l\u2019Estadi de la Cer\u00e0mica (dimarts, 21.00 hores)"},{"type":"paragraph","text":"El jugador groc Manu Trigueros ha comparegut aquest migdia davant els mitjans de comunicaci\u00f3 en la pr\u00e8via del primer partit de la Fase de Grups de la UEFA Champions League 2021\/22 davant l\u2019Atalanta BC (21.00 hores, Movistar + Liga de Campeones). L\u2019equip \u2018groguet\u2019 arranca la Liga de Campeones en condici\u00f3 de campi\u00f3 de la passada edici\u00f3 UEFA Europa League en un grup en el qual es tornar\u00e0 a retrobar amb el rival de la final de Gdansk, el Manchester United, i tamb\u00e9 s\u2019enfrontar\u00e0 al Young Boys su\u00eds."},{"type":"paragraph","text":"Ganes, il\u00b7lusi\u00f3 i motivaci\u00f3"},{"type":"paragraph","text":"\u201cTenim sensacions molt boniques de jugar aquesta competici\u00f3. Despr\u00e9s de molts anys qui a Villarreal, he jugat Europa League per\u00f2 mai una fase de grups de la Champions League. No haver jugat el cap de setmana et dona coses i et lleva unes altres. Hem preparat b\u00e9 el partit, coneixem el rival i arribem amb les garanties de fer un gran partit. Hi ha moltes ganes, il\u00b7lusi\u00f3 i motivaci\u00f3 per aquest torneig\u201d."},{"type":"paragraph","text":"El rival"},{"type":"paragraph","text":"\u201cL\u2019Atalanta \u00e9s un rival que et porta al m\u00e0xim, fem molts duels individuals per tot el camp i amb una pressi\u00f3 molt alta. Nosaltres sabem que si estem al 100% cadascun som un rival molt dif\u00edcil de batre, som un gran equip que es coneix molt b\u00e9\u201d."},{"type":"paragraph","text":"Comen\u00e7ar b\u00e9"},{"type":"paragraph","text":"\u201cJuguem el primer partit a casa, en el nostre camp, amb la nostra afici\u00f3. \u00c9s molt important comen\u00e7ar amb els tres punts. \u00c9s un grup molt obert i sabem que fins al final de la fase de grups no es decidir\u00e0 res. Sabem que \u00e9s un partit molt important\u201d."},{"type":"paragraph","text":"Grup complicat"},{"type":"paragraph","text":"\u201cEn el futbol mai se sap. El Young Boys ha donat molta guerra en els \u00faltims anys a Europa i el Manchester United tamb\u00e9 \u00e9s un rival molt important. Estar\u00e0 molt obert fins al final. Volem fer-nos molt forts enguany a casa i volem comen\u00e7ar a fer-ho dem\u00e0\u201d."},{"type":"video","kind":"iframe","url":"https:\/\/www.youtube.com\/embed\/4hDc4O47caQ?feature=oembed","poster":""}]}},"sections":[{"id":"section-1","title":"","text":"El migcampista \u2018groguet\u2019 va destacar la il\u00b7lusi\u00f3 de l\u2019equip davant del retorn de la UEFA Champions League en l\u2019Estadi de la Cer\u00e0mica (dimarts, 21.00 hores) El jugador groc Manu Trigueros ha comparegut aquest migdia davant els mitjans de comunicaci\u00f3 en la pr\u00e8via del primer partit de la Fase de Grups de la UEFA Champions League 2021\/22 davant l\u2019Atalanta BC (21.00 hores, Movistar + Liga de Campeones). L\u2019equip \u2018groguet\u2019 arranca la Liga de Campeones en condici\u00f3 de campi\u00f3 de la passada edici\u00f3 UEFA Europa League en un grup en el qual es tornar\u00e0 a retrobar amb el rival de la final de Gdansk, el Manchester United, i tamb\u00e9 s\u2019enfrontar\u00e0 al Young Boys su\u00eds. Ganes, il\u00b7lusi\u00f3 i motivaci\u00f3 \u201cTenim sensacions molt boniques de jugar aquesta competici\u00f3. Despr\u00e9s de molts anys qui a Villarreal, he jugat Europa League per\u00f2 mai una fase de grups de la Champions League. No haver jugat el cap de setmana et dona coses i et lleva unes altres. Hem preparat b\u00e9 el partit, coneixem el rival i arribem amb les garanties de fer un gran partit. Hi ha moltes ganes, il\u00b7lusi\u00f3 i motivaci\u00f3 per aquest torneig\u201d. El rival \u201cL\u2019Atalanta \u00e9s un rival que et porta al m\u00e0xim, fem molts duels individuals per tot el camp i amb una pressi\u00f3 molt alta. Nosaltres sabem que si estem al 100% cadascun som un rival molt dif\u00edcil de batre, som un gran equip que es coneix molt b\u00e9\u201d. Comen\u00e7ar b\u00e9 \u201cJuguem el primer partit a casa, en el nostre camp, amb la nostra afici\u00f3. \u00c9s molt important comen\u00e7ar amb els tres punts. \u00c9s un grup molt obert i sabem que fins al final de la fase de grups no es decidir\u00e0 res. Sabem que \u00e9s un partit molt important\u201d. Grup complicat \u201cEn el futbol mai se sap. El Young Boys ha donat molta guerra en els \u00faltims anys a Europa i el Manchester United tamb\u00e9 \u00e9s un rival molt important. Estar\u00e0 molt obert fins al final. Volem fer-nos molt forts enguany a casa i volem comen\u00e7ar a fer-ho dem\u00e0\u201d.","url":"","background_image":"","images":[{"type":"image","url":"https:\/\/villarrealcf.es\/\/wp-content\/uploads\/2021\/09\/a6c27ffbcee06df7cba19917609ff2de.jpg","alt":"||||||","width":819,"height":460,"srcset":"https:\/\/villarrealcf.es\/wp-content\/uploads\/2021\/09\/a6c27ffbcee06df7cba19917609ff2de.jpg 819w, https:\/\/villarrealcf.es\/\/wp-content\/uploads\/2021\/09\/a6c27ffbcee06df7cba19917609ff2de.jpg 1920w, https:\/\/villarrealcf.es\/\/wp-content\/uploads\/2021\/09\/a6c27ffbcee06df7cba19917609ff2de.jpg 1920w, https:\/\/villarrealcf.es\/\/wp-content\/uploads\/2021\/09\/a6c27ffbcee06df7cba19917609ff2de.jpg 1920w, https:\/\/villarrealcf.es\/wp-content\/uploads\/2021\/09\/a6c27ffbcee06df7cba19917609ff2de-32x18.jpg 32w, https:\/\/villarrealcf.es\/wp-content\/uploads\/2021\/09\/a6c27ffbcee06df7cba19917609ff2de-150x84.jpg 150w, https:\/\/villarrealcf.es\/\/wp-content\/uploads\/2021\/09\/a6c27ffbcee06df7cba19917609ff2de.jpg 1920w","sizes":"auto, (max-width: 819px) 100vw, 819px"}],"videos":[{"type":"video","kind":"iframe","url":"https:\/\/www.youtube.com\/embed\/4hDc4O47caQ?feature=oembed","poster":""}],"links":[]},{"id":"shortcode-caption-69eed980ee16d","type":"shortcode","shortcode":"caption","attributes":{"id":"attachment_174085","align":"alignnone","width":""},"title":"Caption","rendered":"","data":[],"text":"","url":"","background_image":"","images":[],"videos":[],"links":[],"blocks":[]}]},"excerpt":{"rendered":"El migcampista &#8216;groguet&#8217; va destacar la il\u00b7lusi\u00f3 de l&#8217;equip davant del retorn de la UEFA Champions League en l&#8217;Estadi de la Cer\u00e0mica (dimarts, 21.00 hores)","protected":false},"author":1,"featured_media":174085,"comment_status":"","ping_status":"","sticky":false,"template":"","format":"standard","meta":{"_acf_changed":false,"footnotes":""},"categories":[4854],"tags":[12554,12556,12849,9270,9565,5342,9205,9627,11163,9203],"acf":null,"lang":"val","translations":{"val":220974},"essential_grid":{"has_grid":false},"formatted_date":"September 13, 2021","modified_date":"September 13, 2021","permalink":"https:\/\/villarrealcf.es\/val\/hi-ha-molta-motivacio-per-la-champions\/","reading_time":2,"featured_media_data":{"id":174085,"title":"||||||","caption":"||||||","alt_text":"","description":"","mime_type":"image\/jpeg","source_url":"https:\/\/villarrealcf.es\/wp-content\/uploads\/2021\/09\/a6c27ffbcee06df7cba19917609ff2de.jpg","sizes":{"thumbnail":{"url":"https:\/\/villarrealcf.es\/wp-content\/uploads\/2021\/09\/a6c27ffbcee06df7cba19917609ff2de-150x150.jpg","width":150,"height":150},"medium":{"url":"https:\/\/villarrealcf.es\/wp-content\/uploads\/2021\/09\/a6c27ffbcee06df7cba19917609ff2de-300x168.jpg","width":300,"height":168},"medium_large":{"url":"https:\/\/villarrealcf.es\/wp-content\/uploads\/2021\/09\/a6c27ffbcee06df7cba19917609ff2de-768x431.jpg","width":768,"height":431},"large":{"url":"https:\/\/villarrealcf.es\/wp-content\/uploads\/2021\/09\/a6c27ffbcee06df7cba19917609ff2de.jpg","width":788,"height":443},"1536x1536":{"url":"https:\/\/villarrealcf.es\/wp-content\/uploads\/2021\/09\/a6c27ffbcee06df7cba19917609ff2de.jpg","width":819,"height":460},"2048x2048":{"url":"https:\/\/villarrealcf.es\/wp-content\/uploads\/2021\/09\/a6c27ffbcee06df7cba19917609ff2de.jpg","width":819,"height":460},"tp-image-grid":{"url":"https:\/\/villarrealcf.es\/wp-content\/uploads\/2021\/09\/a6c27ffbcee06df7cba19917609ff2de-700x460.jpg","width":700,"height":460},"size-bunyad-medium":{"url":"https:\/\/villarrealcf.es\/wp-content\/uploads\/2021\/09\/a6c27ffbcee06df7cba19917609ff2de.jpg","width":819,"height":460},"sportspress-crop-medium":{"url":"https:\/\/villarrealcf.es\/wp-content\/uploads\/2021\/09\/a6c27ffbcee06df7cba19917609ff2de-300x300.jpg","width":300,"height":300},"sportspress-fit-medium":{"url":"https:\/\/villarrealcf.es\/wp-content\/uploads\/2021\/09\/a6c27ffbcee06df7cba19917609ff2de-300x168.jpg","width":300,"height":168},"sportspress-fit-icon":{"url":"https:\/\/villarrealcf.es\/wp-content\/uploads\/2021\/09\/a6c27ffbcee06df7cba19917609ff2de-128x72.jpg","width":128,"height":72},"sportspress-fit-mini":{"url":"https:\/\/villarrealcf.es\/wp-content\/uploads\/2021\/09\/a6c27ffbcee06df7cba19917609ff2de-32x18.jpg","width":32,"height":18},"bunyad-small":{"url":"https:\/\/villarrealcf.es\/wp-content\/uploads\/2021\/09\/a6c27ffbcee06df7cba19917609ff2de-150x84.jpg","width":150,"height":84},"bunyad-medium":{"url":"https:\/\/villarrealcf.es\/wp-content\/uploads\/2021\/09\/a6c27ffbcee06df7cba19917609ff2de-450x253.jpg","width":450,"height":253},"bunyad-full":{"url":"https:\/\/villarrealcf.es\/wp-content\/uploads\/2021\/09\/a6c27ffbcee06df7cba19917609ff2de.jpg","width":819,"height":460},"bunyad-viewport":{"url":"https:\/\/villarrealcf.es\/wp-content\/uploads\/2021\/09\/a6c27ffbcee06df7cba19917609ff2de.jpg","width":819,"height":460},"bunyad-768":{"url":"https:\/\/villarrealcf.es\/wp-content\/uploads\/2021\/09\/a6c27ffbcee06df7cba19917609ff2de-768x431.jpg","width":768,"height":431},"full":{"url":"https:\/\/villarrealcf.es\/wp-content\/uploads\/2021\/09\/a6c27ffbcee06df7cba19917609ff2de.jpg","width":819,"height":460}}},"author_data":{"id":"1","name":"root_envidea","first_name":"Villarreal CF","last_name":"","description":"","avatar_url":"https:\/\/secure.gravatar.com\/avatar\/48f95f42a3ccc324f3a3458e4b9e6fb070b083e99d388e170c1afb061fa99b63?s=96&d=mm&r=g","acf":null},"taxonomies_data":{"category":[{"id":4854,"name":"Noticies Generals","slug":"noticies-generals","acf":null}],"post_tag":[{"id":12554,"name":"#Football","slug":"football-val","acf":null},{"id":12556,"name":"#Soccer","slug":"soccer-val","acf":null},{"id":12849,"name":"Atalanta","slug":"atalanta-val","acf":null},{"id":9270,"name":"Futbol","slug":"futbol-val","acf":null},{"id":9565,"name":"Manu Trigueros","slug":"manu-trigueros-val","acf":null},{"id":5342,"name":"Primer Equipo","slug":"primer-equipo","acf":null},{"id":9205,"name":"Submarino","slug":"submarino-val","acf":null},{"id":9627,"name":"Submarino Amarillo","slug":"submarino-amarillo-val","acf":null},{"id":11163,"name":"UEFA Champions League","slug":"uefa-champions-league-val","acf":null},{"id":9203,"name":"Villarreal CF","slug":"villarreal-cf-val","acf":null}],"translation_priority":[{"id":735,"name":"Optional","slug":"optional-val","acf":null}]},"seo_full":{"native":{"title":"&#8220;Hi ha molta motivaci\u00f3 per la Champions&#8221; - Web Oficial del Villarreal CF","description":"[caption id=\"attachment_174085\" align=\"alignnone\" width=\"\"]||||||[\/caption]El migcampista 'groguet' va destacar la il\u00b7lusi\u00f3 de l'equip davant del retorn de la UEFA Champions League&hellip;","canonical":"https:\/\/villarrealcf.es\/val\/hi-ha-molta-motivacio-per-la-champions\/"}},"_links":{"self":[{"href":"https:\/\/villarrealcf.es\/val\/wp-json\/wp\/v2\/posts\/220974","targetHints":{"allow":["GET"]}}],"collection":[{"href":"https:\/\/villarrealcf.es\/val\/wp-json\/wp\/v2\/posts"}],"about":[{"href":"https:\/\/villarrealcf.es\/val\/wp-json\/wp\/v2\/types\/post"}],"author":[{"embeddable":true,"href":"https:\/\/villarrealcf.es\/val\/wp-json\/wp\/v2\/users\/1"}],"replies":[{"embeddable":true,"href":"https:\/\/villarrealcf.es\/val\/wp-json\/wp\/v2\/comments?post=220974"}],"version-history":[{"count":0,"href":"https:\/\/villarrealcf.es\/val\/wp-json\/wp\/v2\/posts\/220974\/revisions"}],"wp:featuredmedia":[{"embeddable":true,"href":"https:\/\/villarrealcf.es\/val\/wp-json\/wp\/v2\/media\/174085"}],"wp:attachment":[{"href":"https:\/\/villarrealcf.es\/val\/wp-json\/wp\/v2\/media?parent=220974"}],"wp:term":[{"taxonomy":"category","embeddable":true,"href":"https:\/\/villarrealcf.es\/val\/wp-json\/wp\/v2\/categories?post=220974"},{"taxonomy":"post_tag","embeddable":true,"href":"https:\/\/villarrealcf.es\/val\/wp-json\/wp\/v2\/tags?post=220974"}],"curies":[{"name":"wp","href":"https:\/\/api.w.org\/{rel}","templated":true}]}}