{"id":220848,"date":"2021-09-01T09:00:00","date_gmt":"2021-09-01T07:00:00","guid":{"rendered":"https:\/\/villarrealcf.es\/\/el-trofeu-de-la-europa-league-visita-artana\/"},"modified":"2021-09-01T09:00:00","modified_gmt":"2021-09-01T07:00:00","slug":"el-trofeu-de-la-europa-league-visita-artana","status":"publish","type":"post","link":"https:\/\/villarrealcf.es\/val\/el-trofeu-de-la-europa-league-visita-artana\/","title":{"rendered":"El trofeu de la Europa League visita Artana"},"content":{"protected":false,"blocks":[{"type":"image","url":"https:\/\/villarrealcf.es\/\/wp-content\/uploads\/2021\/09\/d2898972f2ba40fcd7ce2597a6934fd5.jpg","alt":"||||","width":819,"height":460,"srcset":"https:\/\/villarrealcf.es\/wp-content\/uploads\/2021\/09\/d2898972f2ba40fcd7ce2597a6934fd5.jpg 819w, https:\/\/villarrealcf.es\/\/wp-content\/uploads\/2021\/09\/d2898972f2ba40fcd7ce2597a6934fd5.jpg 1920w, https:\/\/villarrealcf.es\/\/wp-content\/uploads\/2021\/09\/d2898972f2ba40fcd7ce2597a6934fd5.jpg 1920w, https:\/\/villarrealcf.es\/\/wp-content\/uploads\/2021\/09\/d2898972f2ba40fcd7ce2597a6934fd5.jpg 1920w, https:\/\/villarrealcf.es\/wp-content\/uploads\/2021\/09\/d2898972f2ba40fcd7ce2597a6934fd5-32x18.jpg 32w, https:\/\/villarrealcf.es\/wp-content\/uploads\/2021\/09\/d2898972f2ba40fcd7ce2597a6934fd5-150x84.jpg 150w, https:\/\/villarrealcf.es\/\/wp-content\/uploads\/2021\/09\/d2898972f2ba40fcd7ce2597a6934fd5.jpg 1920w","sizes":"auto, (max-width: 819px) 100vw, 819px"},{"type":"paragraph","text":"Bruno Soriano ha donat la benvinguda a la copa, que romandr\u00e0 exposada aquest dimecres i dijous a la Casa de la Cultura de la localitat de la Plana Baixa"},{"type":"paragraph","text":"El trofeu de l\u2019Europa League ja est\u00e0 a Artana! El excapit\u00e1n del Villarreal Bruno Soriano, natural de la localitat, ha acudit personalment a donar-li la benvinguda al trofeu, que romandr\u00e0 exposat aquest dimecres i dijous a la Casa de la Cultura d\u2019Artana (Av. Sierra Espad\u00e1n 140). Tamb\u00e9 ha visitat l\u2019el municipi de la Plana Baixa el vicepresident groc, Jos\u00e9 Manuel Llaneza. Va acompanyar a totes dues personalitats \u2018groguetes\u2019 l\u2019alcalde d\u2019Artana, Enrique Vilar."},{"type":"paragraph","text":"Els \u2018groguets\u2019 de la comarca de la Plana Baixa tenen una magn\u00edfica ocasi\u00f3 per a fer-se una fotografia amb el prestigi\u00f3s trofeu continental que va aconseguir el Villarreal CF el passat 26 de maig a Gdansk (Pol\u00f2nia). Els horaris per a visitar a Artana el t\u00edtol continental s\u00f3n els seg\u00fcents:"},{"type":"list","style":"ul","items":["Dimecres 1 de setembre: de 12.00 a 14.00h i de 17.00 a 20.00h.","Dijous 2 de setembre: de 10.00 a 14.00h i de 16.00 a 19.00h."]},{"type":"paragraph","text":"El trofeu far\u00e0 un tour complet per la prov\u00edncia"},{"type":"paragraph","text":"La consecuci\u00f3 de la UEFA Europa League \u00e9s un assoliment hist\u00f2ric per al Villarreal CF. Per a compartir-lo amb tota la prov\u00edncia, el club ha apostat per exhibir el trofeu en m\u00e9s de 30 municipis de Castell\u00f3 perqu\u00e8 els seus ve\u00efns puguen fer-se una fotografia amb l\u2019important t\u00edtol continental."},{"type":"paragraph","text":"Comparteix la teua foto en xarxes i participa en el sorteig d\u2019importants premis!"},{"type":"paragraph","text":"Tots els aficionats que compartisquen en les xarxes socials Twitter, Facebook i Instagram la seua foto amb el trofeu de l\u2019Europa League i l\u2019etiqueta #TuCopaYaEst\u00e1Aqu\u00ed participar\u00e0 en el sorteig que realitzar\u00e0 el club groc amb importants regals per als premiats."},{"type":"paragraph","text":"El tour de paradas por las localidades de la provincia es el siguiente:"},{"type":"list","style":"ul","items":["Vila-real: 7-11 juny","Castell\u00f3 de la Plana: 14-16 juny","L\u2019Alcora: 17-18 juny","Almassora: 19-20 juny","Onda: 21-22 juny","La Vall d\u2019Uix\u00f3: 23-25 juny","Almenara: 26-27 juny","Betx\u00ed: 28-30 juny","Sant Mateu: 1-2 juliol","Vinar\u00f2s: 3-4 juliol","Pen\u00edscola: 5-7 juliol","Benicarl\u00f3: 8-9 juliol","Alcal\u00e0 de Xivert\/Alcossebre: 10-11 juliol","Traiguera: 12-13 juliol","Morella: 14-16 juliol","Alboc\u00e0sser: 17-18 juliol","Benassal: 19-20 juliol","Montanejos: 21-22 juliol","Oropesa del Mar: 23-25 juliol","Benic\u00e0ssim: 26-27 juliol","Sueras: 28 juliol","Segorbe: 31 juliol-1 agost","Viver: 2-3 agost","Burriana: 4-6 agost","Moncofa: 7-8 agost","Cat\u00ed: 9 agost","T\u00edrig: 13 agost","La Vilavella: 16-17 agost","Eslida: 18-19 agost","Figueroles: 21 agost","Zucaina: 21 agost","Lucena: 22 agost","Borriol: 23 agost","Xert: 24 de agost","La Vall d\u2019Alba: 26 agost","Fanzara: 30-31 agost","Artana: 1-2 setembre","Les Alqueries: 3 setembre","La Llosa: 4 setembre","Ay\u00f3dar: 5 setembre","Xilxes: 6 setembre","Sant Joan de Mor\u00f3: 6-7 setembre","Nules: 8-9 setembre"]}],"structured":{"summary":{"text":"Bruno Soriano ha donat la benvinguda a la copa, que romandr\u00e0 exposada aquest dimecres i dijous a la Casa de la Cultura de la localitat de la Plana Baixa El trofeu de l\u2019Europa League ja est\u00e0 a Artana! El excapit\u00e1n del Villarreal Bruno Soriano, natural de la localitat, ha acudit personalment a donar-li la benvinguda al trofeu, que romandr\u00e0 exposat aquest dimecres i dijous a la Casa de la Cultura d\u2019Artana (Av. Sierra Espad\u00e1n 140). Tamb\u00e9 ha visitat l\u2019el municipi de la Plana Baixa el vicepresident groc, Jos\u00e9 Manuel Llaneza. Va acompanyar a totes dues personalitats \u2018groguetes\u2019 l\u2019alcalde d\u2019Artana, Enrique Vilar. Els \u2018groguets\u2019 de la comarca de la Plana Baixa tenen una magn\u00edfica ocasi\u00f3 per a fer-se una fotografia amb el prestigi\u00f3s trofeu continental que va aconseguir el Villarreal CF el passat 26 de maig a Gdansk (Pol\u00f2nia). Els horaris per a visitar a Artana el t\u00edtol continental s\u00f3n els seg\u00fcents: Dimecres 1 de setembre: de 12.00 a 14.00h i de 17.00 a 20.00h. Dijous 2 de setembre: de 10.00 a 14.00h i de 16.00 a 19.00h. El trofeu far\u00e0 un tour complet per la prov\u00edncia La consecuci\u00f3 de la UEFA Europa League \u00e9s un assoliment hist\u00f2ric per al Villarreal CF. Per a compartir-lo amb tota la prov\u00edncia, el club ha apostat per exhibir el trofeu en m\u00e9s de 30 municipis de Castell\u00f3 perqu\u00e8 els seus ve\u00efns puguen fer-se una fotografia amb l\u2019important t\u00edtol continental. Comparteix la teua foto en xarxes i participa en el sorteig d\u2019importants premis! Tots els aficionats que compartisquen en les xarxes socials Twitter, Facebook i Instagram la seua foto amb el trofeu de l\u2019Europa League i l\u2019etiqueta #TuCopaYaEst\u00e1Aqu\u00ed participar\u00e0 en el sorteig que realitzar\u00e0 el club groc amb importants regals per als premiats. El tour de paradas por las localidades de la provincia es el siguiente: Vila-real: 7-11 juny Castell\u00f3 de la Plana: 14-16 juny L\u2019Alcora: 17-18 juny Almassora: 19-20 juny Onda: 21-22 juny La Vall d\u2019Uix\u00f3: 23-25 juny Almenara: 26-27 juny Betx\u00ed: 28-30 juny Sant Mateu: 1-2 juliol Vinar\u00f2s: 3-4 juliol Pen\u00edscola: 5-7 juliol Benicarl\u00f3: 8-9 juliol Alcal\u00e0 de Xivert\/Alcossebre: 10-11 juliol Traiguera: 12-13 juliol Morella: 14-16 juliol Alboc\u00e0sser: 17-18 juliol Benassal: 19-20 juliol Montanejos: 21-22 juliol Oropesa del Mar: 23-25 juliol Benic\u00e0ssim: 26-27 juliol Sueras: 28 juliol Segorbe: 31 juliol-1 agost Viver: 2-3 agost Burriana: 4-6 agost Moncofa: 7-8 agost Cat\u00ed: 9 agost T\u00edrig: 13 agost La Vilavella: 16-17 agost Eslida: 18-19 agost Figueroles: 21 agost Zucaina: 21 agost Lucena: 22 agost Borriol: 23 agost Xert: 24 de agost La Vall d\u2019Alba: 26 agost Fanzara: 30-31 agost Artana: 1-2 setembre Les Alqueries: 3 setembre La Llosa: 4 setembre Ay\u00f3dar: 5 setembre Xilxes: 6 setembre Sant Joan de Mor\u00f3: 6-7 setembre Nules: 8-9 setembre","headings":[],"buttons":[],"images":[{"type":"image","url":"https:\/\/villarrealcf.es\/\/wp-content\/uploads\/2021\/09\/d2898972f2ba40fcd7ce2597a6934fd5.jpg","alt":"||||","width":819,"height":460,"srcset":"https:\/\/villarrealcf.es\/wp-content\/uploads\/2021\/09\/d2898972f2ba40fcd7ce2597a6934fd5.jpg 819w, https:\/\/villarrealcf.es\/\/wp-content\/uploads\/2021\/09\/d2898972f2ba40fcd7ce2597a6934fd5.jpg 1920w, https:\/\/villarrealcf.es\/\/wp-content\/uploads\/2021\/09\/d2898972f2ba40fcd7ce2597a6934fd5.jpg 1920w, https:\/\/villarrealcf.es\/\/wp-content\/uploads\/2021\/09\/d2898972f2ba40fcd7ce2597a6934fd5.jpg 1920w, https:\/\/villarrealcf.es\/wp-content\/uploads\/2021\/09\/d2898972f2ba40fcd7ce2597a6934fd5-32x18.jpg 32w, https:\/\/villarrealcf.es\/wp-content\/uploads\/2021\/09\/d2898972f2ba40fcd7ce2597a6934fd5-150x84.jpg 150w, https:\/\/villarrealcf.es\/\/wp-content\/uploads\/2021\/09\/d2898972f2ba40fcd7ce2597a6934fd5.jpg 1920w","sizes":"auto, (max-width: 819px) 100vw, 819px"}],"counts":{"blocks":11,"headings":0,"texts":8,"buttons":0,"images":1}},"sections":[{"id":"section-1","title":"","text":"Bruno Soriano ha donat la benvinguda a la copa, que romandr\u00e0 exposada aquest dimecres i dijous a la Casa de la Cultura de la localitat de la Plana Baixa El trofeu de l\u2019Europa League ja est\u00e0 a Artana! El excapit\u00e1n del Villarreal Bruno Soriano, natural de la localitat, ha acudit personalment a donar-li la benvinguda al trofeu, que romandr\u00e0 exposat aquest dimecres i dijous a la Casa de la Cultura d\u2019Artana (Av. Sierra Espad\u00e1n 140). Tamb\u00e9 ha visitat l\u2019el municipi de la Plana Baixa el vicepresident groc, Jos\u00e9 Manuel Llaneza. Va acompanyar a totes dues personalitats \u2018groguetes\u2019 l\u2019alcalde d\u2019Artana, Enrique Vilar. Els \u2018groguets\u2019 de la comarca de la Plana Baixa tenen una magn\u00edfica ocasi\u00f3 per a fer-se una fotografia amb el prestigi\u00f3s trofeu continental que va aconseguir el Villarreal CF el passat 26 de maig a Gdansk (Pol\u00f2nia). Els horaris per a visitar a Artana el t\u00edtol continental s\u00f3n els seg\u00fcents: El trofeu far\u00e0 un tour complet per la prov\u00edncia La consecuci\u00f3 de la UEFA Europa League \u00e9s un assoliment hist\u00f2ric per al Villarreal CF. Per a compartir-lo amb tota la prov\u00edncia, el club ha apostat per exhibir el trofeu en m\u00e9s de 30 municipis de Castell\u00f3 perqu\u00e8 els seus ve\u00efns puguen fer-se una fotografia amb l\u2019important t\u00edtol continental. Comparteix la teua foto en xarxes i participa en el sorteig d\u2019importants premis! Tots els aficionats que compartisquen en les xarxes socials Twitter, Facebook i Instagram la seua foto amb el trofeu de l\u2019Europa League i l\u2019etiqueta #TuCopaYaEst\u00e1Aqu\u00ed participar\u00e0 en el sorteig que realitzar\u00e0 el club groc amb importants regals per als premiats. El tour de paradas por las localidades de la provincia es el siguiente:","headings":[],"texts":[{"type":"paragraph","text":"Bruno Soriano ha donat la benvinguda a la copa, que romandr\u00e0 exposada aquest dimecres i dijous a la Casa de la Cultura de la localitat de la Plana Baixa"},{"type":"paragraph","text":"El trofeu de l\u2019Europa League ja est\u00e0 a Artana! El excapit\u00e1n del Villarreal Bruno Soriano, natural de la localitat, ha acudit personalment a donar-li la benvinguda al trofeu, que romandr\u00e0 exposat aquest dimecres i dijous a la Casa de la Cultura d\u2019Artana (Av. Sierra Espad\u00e1n 140). Tamb\u00e9 ha visitat l\u2019el municipi de la Plana Baixa el vicepresident groc, Jos\u00e9 Manuel Llaneza. Va acompanyar a totes dues personalitats \u2018groguetes\u2019 l\u2019alcalde d\u2019Artana, Enrique Vilar."},{"type":"paragraph","text":"Els \u2018groguets\u2019 de la comarca de la Plana Baixa tenen una magn\u00edfica ocasi\u00f3 per a fer-se una fotografia amb el prestigi\u00f3s trofeu continental que va aconseguir el Villarreal CF el passat 26 de maig a Gdansk (Pol\u00f2nia). Els horaris per a visitar a Artana el t\u00edtol continental s\u00f3n els seg\u00fcents:"},{"type":"paragraph","text":"El trofeu far\u00e0 un tour complet per la prov\u00edncia"},{"type":"paragraph","text":"La consecuci\u00f3 de la UEFA Europa League \u00e9s un assoliment hist\u00f2ric per al Villarreal CF. Per a compartir-lo amb tota la prov\u00edncia, el club ha apostat per exhibir el trofeu en m\u00e9s de 30 municipis de Castell\u00f3 perqu\u00e8 els seus ve\u00efns puguen fer-se una fotografia amb l\u2019important t\u00edtol continental."},{"type":"paragraph","text":"Comparteix la teua foto en xarxes i participa en el sorteig d\u2019importants premis!"},{"type":"paragraph","text":"Tots els aficionats que compartisquen en les xarxes socials Twitter, Facebook i Instagram la seua foto amb el trofeu de l\u2019Europa League i l\u2019etiqueta #TuCopaYaEst\u00e1Aqu\u00ed participar\u00e0 en el sorteig que realitzar\u00e0 el club groc amb importants regals per als premiats."},{"type":"paragraph","text":"El tour de paradas por las localidades de la provincia es el siguiente:"}],"buttons":[],"images":[{"type":"image","url":"https:\/\/villarrealcf.es\/\/wp-content\/uploads\/2021\/09\/d2898972f2ba40fcd7ce2597a6934fd5.jpg","alt":"||||","width":819,"height":460,"srcset":"https:\/\/villarrealcf.es\/wp-content\/uploads\/2021\/09\/d2898972f2ba40fcd7ce2597a6934fd5.jpg 819w, https:\/\/villarrealcf.es\/\/wp-content\/uploads\/2021\/09\/d2898972f2ba40fcd7ce2597a6934fd5.jpg 1920w, https:\/\/villarrealcf.es\/\/wp-content\/uploads\/2021\/09\/d2898972f2ba40fcd7ce2597a6934fd5.jpg 1920w, https:\/\/villarrealcf.es\/\/wp-content\/uploads\/2021\/09\/d2898972f2ba40fcd7ce2597a6934fd5.jpg 1920w, https:\/\/villarrealcf.es\/wp-content\/uploads\/2021\/09\/d2898972f2ba40fcd7ce2597a6934fd5-32x18.jpg 32w, https:\/\/villarrealcf.es\/wp-content\/uploads\/2021\/09\/d2898972f2ba40fcd7ce2597a6934fd5-150x84.jpg 150w, https:\/\/villarrealcf.es\/\/wp-content\/uploads\/2021\/09\/d2898972f2ba40fcd7ce2597a6934fd5.jpg 1920w","sizes":"auto, (max-width: 819px) 100vw, 819px"}],"widgets":[],"blocks":[{"type":"image","url":"https:\/\/villarrealcf.es\/\/wp-content\/uploads\/2021\/09\/d2898972f2ba40fcd7ce2597a6934fd5.jpg","alt":"||||","width":819,"height":460,"srcset":"https:\/\/villarrealcf.es\/wp-content\/uploads\/2021\/09\/d2898972f2ba40fcd7ce2597a6934fd5.jpg 819w, https:\/\/villarrealcf.es\/\/wp-content\/uploads\/2021\/09\/d2898972f2ba40fcd7ce2597a6934fd5.jpg 1920w, https:\/\/villarrealcf.es\/\/wp-content\/uploads\/2021\/09\/d2898972f2ba40fcd7ce2597a6934fd5.jpg 1920w, https:\/\/villarrealcf.es\/\/wp-content\/uploads\/2021\/09\/d2898972f2ba40fcd7ce2597a6934fd5.jpg 1920w, https:\/\/villarrealcf.es\/wp-content\/uploads\/2021\/09\/d2898972f2ba40fcd7ce2597a6934fd5-32x18.jpg 32w, https:\/\/villarrealcf.es\/wp-content\/uploads\/2021\/09\/d2898972f2ba40fcd7ce2597a6934fd5-150x84.jpg 150w, https:\/\/villarrealcf.es\/\/wp-content\/uploads\/2021\/09\/d2898972f2ba40fcd7ce2597a6934fd5.jpg 1920w","sizes":"auto, (max-width: 819px) 100vw, 819px"},{"type":"paragraph","text":"Bruno Soriano ha donat la benvinguda a la copa, que romandr\u00e0 exposada aquest dimecres i dijous a la Casa de la Cultura de la localitat de la Plana Baixa"},{"type":"paragraph","text":"El trofeu de l\u2019Europa League ja est\u00e0 a Artana! El excapit\u00e1n del Villarreal Bruno Soriano, natural de la localitat, ha acudit personalment a donar-li la benvinguda al trofeu, que romandr\u00e0 exposat aquest dimecres i dijous a la Casa de la Cultura d\u2019Artana (Av. Sierra Espad\u00e1n 140). Tamb\u00e9 ha visitat l\u2019el municipi de la Plana Baixa el vicepresident groc, Jos\u00e9 Manuel Llaneza. Va acompanyar a totes dues personalitats \u2018groguetes\u2019 l\u2019alcalde d\u2019Artana, Enrique Vilar."},{"type":"paragraph","text":"Els \u2018groguets\u2019 de la comarca de la Plana Baixa tenen una magn\u00edfica ocasi\u00f3 per a fer-se una fotografia amb el prestigi\u00f3s trofeu continental que va aconseguir el Villarreal CF el passat 26 de maig a Gdansk (Pol\u00f2nia). Els horaris per a visitar a Artana el t\u00edtol continental s\u00f3n els seg\u00fcents:"},{"type":"list","style":"ul","items":["Dimecres 1 de setembre: de 12.00 a 14.00h i de 17.00 a 20.00h.","Dijous 2 de setembre: de 10.00 a 14.00h i de 16.00 a 19.00h."]},{"type":"paragraph","text":"El trofeu far\u00e0 un tour complet per la prov\u00edncia"},{"type":"paragraph","text":"La consecuci\u00f3 de la UEFA Europa League \u00e9s un assoliment hist\u00f2ric per al Villarreal CF. Per a compartir-lo amb tota la prov\u00edncia, el club ha apostat per exhibir el trofeu en m\u00e9s de 30 municipis de Castell\u00f3 perqu\u00e8 els seus ve\u00efns puguen fer-se una fotografia amb l\u2019important t\u00edtol continental."},{"type":"paragraph","text":"Comparteix la teua foto en xarxes i participa en el sorteig d\u2019importants premis!"},{"type":"paragraph","text":"Tots els aficionats que compartisquen en les xarxes socials Twitter, Facebook i Instagram la seua foto amb el trofeu de l\u2019Europa League i l\u2019etiqueta #TuCopaYaEst\u00e1Aqu\u00ed participar\u00e0 en el sorteig que realitzar\u00e0 el club groc amb importants regals per als premiats."},{"type":"paragraph","text":"El tour de paradas por las localidades de la provincia es el siguiente:"},{"type":"list","style":"ul","items":["Vila-real: 7-11 juny","Castell\u00f3 de la Plana: 14-16 juny","L\u2019Alcora: 17-18 juny","Almassora: 19-20 juny","Onda: 21-22 juny","La Vall d\u2019Uix\u00f3: 23-25 juny","Almenara: 26-27 juny","Betx\u00ed: 28-30 juny","Sant Mateu: 1-2 juliol","Vinar\u00f2s: 3-4 juliol","Pen\u00edscola: 5-7 juliol","Benicarl\u00f3: 8-9 juliol","Alcal\u00e0 de Xivert\/Alcossebre: 10-11 juliol","Traiguera: 12-13 juliol","Morella: 14-16 juliol","Alboc\u00e0sser: 17-18 juliol","Benassal: 19-20 juliol","Montanejos: 21-22 juliol","Oropesa del Mar: 23-25 juliol","Benic\u00e0ssim: 26-27 juliol","Sueras: 28 juliol","Segorbe: 31 juliol-1 agost","Viver: 2-3 agost","Burriana: 4-6 agost","Moncofa: 7-8 agost","Cat\u00ed: 9 agost","T\u00edrig: 13 agost","La Vilavella: 16-17 agost","Eslida: 18-19 agost","Figueroles: 21 agost","Zucaina: 21 agost","Lucena: 22 agost","Borriol: 23 agost","Xert: 24 de agost","La Vall d\u2019Alba: 26 agost","Fanzara: 30-31 agost","Artana: 1-2 setembre","Les Alqueries: 3 setembre","La Llosa: 4 setembre","Ay\u00f3dar: 5 setembre","Xilxes: 6 setembre","Sant Joan de Mor\u00f3: 6-7 setembre","Nules: 8-9 setembre"]}]}],"hero":{"id":"section-1","title":"","text":"Bruno Soriano ha donat la benvinguda a la copa, que romandr\u00e0 exposada aquest dimecres i dijous a la Casa de la Cultura de la localitat de la Plana Baixa El trofeu de l\u2019Europa League ja est\u00e0 a Artana! El excapit\u00e1n del Villarreal Bruno Soriano, natural de la localitat, ha acudit personalment a donar-li la benvinguda al trofeu, que romandr\u00e0 exposat aquest dimecres i dijous a la Casa de la Cultura d\u2019Artana (Av. Sierra Espad\u00e1n 140). Tamb\u00e9 ha visitat l\u2019el municipi de la Plana Baixa el vicepresident groc, Jos\u00e9 Manuel Llaneza. Va acompanyar a totes dues personalitats \u2018groguetes\u2019 l\u2019alcalde d\u2019Artana, Enrique Vilar. Els \u2018groguets\u2019 de la comarca de la Plana Baixa tenen una magn\u00edfica ocasi\u00f3 per a fer-se una fotografia amb el prestigi\u00f3s trofeu continental que va aconseguir el Villarreal CF el passat 26 de maig a Gdansk (Pol\u00f2nia). Els horaris per a visitar a Artana el t\u00edtol continental s\u00f3n els seg\u00fcents: El trofeu far\u00e0 un tour complet per la prov\u00edncia La consecuci\u00f3 de la UEFA Europa League \u00e9s un assoliment hist\u00f2ric per al Villarreal CF. Per a compartir-lo amb tota la prov\u00edncia, el club ha apostat per exhibir el trofeu en m\u00e9s de 30 municipis de Castell\u00f3 perqu\u00e8 els seus ve\u00efns puguen fer-se una fotografia amb l\u2019important t\u00edtol continental. Comparteix la teua foto en xarxes i participa en el sorteig d\u2019importants premis! Tots els aficionats que compartisquen en les xarxes socials Twitter, Facebook i Instagram la seua foto amb el trofeu de l\u2019Europa League i l\u2019etiqueta #TuCopaYaEst\u00e1Aqu\u00ed participar\u00e0 en el sorteig que realitzar\u00e0 el club groc amb importants regals per als premiats. El tour de paradas por las localidades de la provincia es el siguiente:","headings":[],"texts":[{"type":"paragraph","text":"Bruno Soriano ha donat la benvinguda a la copa, que romandr\u00e0 exposada aquest dimecres i dijous a la Casa de la Cultura de la localitat de la Plana Baixa"},{"type":"paragraph","text":"El trofeu de l\u2019Europa League ja est\u00e0 a Artana! El excapit\u00e1n del Villarreal Bruno Soriano, natural de la localitat, ha acudit personalment a donar-li la benvinguda al trofeu, que romandr\u00e0 exposat aquest dimecres i dijous a la Casa de la Cultura d\u2019Artana (Av. Sierra Espad\u00e1n 140). Tamb\u00e9 ha visitat l\u2019el municipi de la Plana Baixa el vicepresident groc, Jos\u00e9 Manuel Llaneza. Va acompanyar a totes dues personalitats \u2018groguetes\u2019 l\u2019alcalde d\u2019Artana, Enrique Vilar."},{"type":"paragraph","text":"Els \u2018groguets\u2019 de la comarca de la Plana Baixa tenen una magn\u00edfica ocasi\u00f3 per a fer-se una fotografia amb el prestigi\u00f3s trofeu continental que va aconseguir el Villarreal CF el passat 26 de maig a Gdansk (Pol\u00f2nia). Els horaris per a visitar a Artana el t\u00edtol continental s\u00f3n els seg\u00fcents:"},{"type":"paragraph","text":"El trofeu far\u00e0 un tour complet per la prov\u00edncia"},{"type":"paragraph","text":"La consecuci\u00f3 de la UEFA Europa League \u00e9s un assoliment hist\u00f2ric per al Villarreal CF. Per a compartir-lo amb tota la prov\u00edncia, el club ha apostat per exhibir el trofeu en m\u00e9s de 30 municipis de Castell\u00f3 perqu\u00e8 els seus ve\u00efns puguen fer-se una fotografia amb l\u2019important t\u00edtol continental."},{"type":"paragraph","text":"Comparteix la teua foto en xarxes i participa en el sorteig d\u2019importants premis!"},{"type":"paragraph","text":"Tots els aficionats que compartisquen en les xarxes socials Twitter, Facebook i Instagram la seua foto amb el trofeu de l\u2019Europa League i l\u2019etiqueta #TuCopaYaEst\u00e1Aqu\u00ed participar\u00e0 en el sorteig que realitzar\u00e0 el club groc amb importants regals per als premiats."},{"type":"paragraph","text":"El tour de paradas por las localidades de la provincia es el siguiente:"}],"buttons":[],"images":[{"type":"image","url":"https:\/\/villarrealcf.es\/\/wp-content\/uploads\/2021\/09\/d2898972f2ba40fcd7ce2597a6934fd5.jpg","alt":"||||","width":819,"height":460,"srcset":"https:\/\/villarrealcf.es\/wp-content\/uploads\/2021\/09\/d2898972f2ba40fcd7ce2597a6934fd5.jpg 819w, https:\/\/villarrealcf.es\/\/wp-content\/uploads\/2021\/09\/d2898972f2ba40fcd7ce2597a6934fd5.jpg 1920w, https:\/\/villarrealcf.es\/\/wp-content\/uploads\/2021\/09\/d2898972f2ba40fcd7ce2597a6934fd5.jpg 1920w, https:\/\/villarrealcf.es\/\/wp-content\/uploads\/2021\/09\/d2898972f2ba40fcd7ce2597a6934fd5.jpg 1920w, https:\/\/villarrealcf.es\/wp-content\/uploads\/2021\/09\/d2898972f2ba40fcd7ce2597a6934fd5-32x18.jpg 32w, https:\/\/villarrealcf.es\/wp-content\/uploads\/2021\/09\/d2898972f2ba40fcd7ce2597a6934fd5-150x84.jpg 150w, https:\/\/villarrealcf.es\/\/wp-content\/uploads\/2021\/09\/d2898972f2ba40fcd7ce2597a6934fd5.jpg 1920w","sizes":"auto, (max-width: 819px) 100vw, 819px"}],"widgets":[],"blocks":[{"type":"image","url":"https:\/\/villarrealcf.es\/\/wp-content\/uploads\/2021\/09\/d2898972f2ba40fcd7ce2597a6934fd5.jpg","alt":"||||","width":819,"height":460,"srcset":"https:\/\/villarrealcf.es\/wp-content\/uploads\/2021\/09\/d2898972f2ba40fcd7ce2597a6934fd5.jpg 819w, https:\/\/villarrealcf.es\/\/wp-content\/uploads\/2021\/09\/d2898972f2ba40fcd7ce2597a6934fd5.jpg 1920w, https:\/\/villarrealcf.es\/\/wp-content\/uploads\/2021\/09\/d2898972f2ba40fcd7ce2597a6934fd5.jpg 1920w, https:\/\/villarrealcf.es\/\/wp-content\/uploads\/2021\/09\/d2898972f2ba40fcd7ce2597a6934fd5.jpg 1920w, https:\/\/villarrealcf.es\/wp-content\/uploads\/2021\/09\/d2898972f2ba40fcd7ce2597a6934fd5-32x18.jpg 32w, https:\/\/villarrealcf.es\/wp-content\/uploads\/2021\/09\/d2898972f2ba40fcd7ce2597a6934fd5-150x84.jpg 150w, https:\/\/villarrealcf.es\/\/wp-content\/uploads\/2021\/09\/d2898972f2ba40fcd7ce2597a6934fd5.jpg 1920w","sizes":"auto, (max-width: 819px) 100vw, 819px"},{"type":"paragraph","text":"Bruno Soriano ha donat la benvinguda a la copa, que romandr\u00e0 exposada aquest dimecres i dijous a la Casa de la Cultura de la localitat de la Plana Baixa"},{"type":"paragraph","text":"El trofeu de l\u2019Europa League ja est\u00e0 a Artana! El excapit\u00e1n del Villarreal Bruno Soriano, natural de la localitat, ha acudit personalment a donar-li la benvinguda al trofeu, que romandr\u00e0 exposat aquest dimecres i dijous a la Casa de la Cultura d\u2019Artana (Av. Sierra Espad\u00e1n 140). Tamb\u00e9 ha visitat l\u2019el municipi de la Plana Baixa el vicepresident groc, Jos\u00e9 Manuel Llaneza. Va acompanyar a totes dues personalitats \u2018groguetes\u2019 l\u2019alcalde d\u2019Artana, Enrique Vilar."},{"type":"paragraph","text":"Els \u2018groguets\u2019 de la comarca de la Plana Baixa tenen una magn\u00edfica ocasi\u00f3 per a fer-se una fotografia amb el prestigi\u00f3s trofeu continental que va aconseguir el Villarreal CF el passat 26 de maig a Gdansk (Pol\u00f2nia). Els horaris per a visitar a Artana el t\u00edtol continental s\u00f3n els seg\u00fcents:"},{"type":"list","style":"ul","items":["Dimecres 1 de setembre: de 12.00 a 14.00h i de 17.00 a 20.00h.","Dijous 2 de setembre: de 10.00 a 14.00h i de 16.00 a 19.00h."]},{"type":"paragraph","text":"El trofeu far\u00e0 un tour complet per la prov\u00edncia"},{"type":"paragraph","text":"La consecuci\u00f3 de la UEFA Europa League \u00e9s un assoliment hist\u00f2ric per al Villarreal CF. Per a compartir-lo amb tota la prov\u00edncia, el club ha apostat per exhibir el trofeu en m\u00e9s de 30 municipis de Castell\u00f3 perqu\u00e8 els seus ve\u00efns puguen fer-se una fotografia amb l\u2019important t\u00edtol continental."},{"type":"paragraph","text":"Comparteix la teua foto en xarxes i participa en el sorteig d\u2019importants premis!"},{"type":"paragraph","text":"Tots els aficionats que compartisquen en les xarxes socials Twitter, Facebook i Instagram la seua foto amb el trofeu de l\u2019Europa League i l\u2019etiqueta #TuCopaYaEst\u00e1Aqu\u00ed participar\u00e0 en el sorteig que realitzar\u00e0 el club groc amb importants regals per als premiats."},{"type":"paragraph","text":"El tour de paradas por las localidades de la provincia es el siguiente:"},{"type":"list","style":"ul","items":["Vila-real: 7-11 juny","Castell\u00f3 de la Plana: 14-16 juny","L\u2019Alcora: 17-18 juny","Almassora: 19-20 juny","Onda: 21-22 juny","La Vall d\u2019Uix\u00f3: 23-25 juny","Almenara: 26-27 juny","Betx\u00ed: 28-30 juny","Sant Mateu: 1-2 juliol","Vinar\u00f2s: 3-4 juliol","Pen\u00edscola: 5-7 juliol","Benicarl\u00f3: 8-9 juliol","Alcal\u00e0 de Xivert\/Alcossebre: 10-11 juliol","Traiguera: 12-13 juliol","Morella: 14-16 juliol","Alboc\u00e0sser: 17-18 juliol","Benassal: 19-20 juliol","Montanejos: 21-22 juliol","Oropesa del Mar: 23-25 juliol","Benic\u00e0ssim: 26-27 juliol","Sueras: 28 juliol","Segorbe: 31 juliol-1 agost","Viver: 2-3 agost","Burriana: 4-6 agost","Moncofa: 7-8 agost","Cat\u00ed: 9 agost","T\u00edrig: 13 agost","La Vilavella: 16-17 agost","Eslida: 18-19 agost","Figueroles: 21 agost","Zucaina: 21 agost","Lucena: 22 agost","Borriol: 23 agost","Xert: 24 de agost","La Vall d\u2019Alba: 26 agost","Fanzara: 30-31 agost","Artana: 1-2 setembre","Les Alqueries: 3 setembre","La Llosa: 4 setembre","Ay\u00f3dar: 5 setembre","Xilxes: 6 setembre","Sant Joan de Mor\u00f3: 6-7 setembre","Nules: 8-9 setembre"]}]}},"sections":[{"id":"section-1","title":"","text":"Bruno Soriano ha donat la benvinguda a la copa, que romandr\u00e0 exposada aquest dimecres i dijous a la Casa de la Cultura de la localitat de la Plana Baixa El trofeu de l\u2019Europa League ja est\u00e0 a Artana! El excapit\u00e1n del Villarreal Bruno Soriano, natural de la localitat, ha acudit personalment a donar-li la benvinguda al trofeu, que romandr\u00e0 exposat aquest dimecres i dijous a la Casa de la Cultura d\u2019Artana (Av. Sierra Espad\u00e1n 140). Tamb\u00e9 ha visitat l\u2019el municipi de la Plana Baixa el vicepresident groc, Jos\u00e9 Manuel Llaneza. Va acompanyar a totes dues personalitats \u2018groguetes\u2019 l\u2019alcalde d\u2019Artana, Enrique Vilar. Els \u2018groguets\u2019 de la comarca de la Plana Baixa tenen una magn\u00edfica ocasi\u00f3 per a fer-se una fotografia amb el prestigi\u00f3s trofeu continental que va aconseguir el Villarreal CF el passat 26 de maig a Gdansk (Pol\u00f2nia). Els horaris per a visitar a Artana el t\u00edtol continental s\u00f3n els seg\u00fcents: El trofeu far\u00e0 un tour complet per la prov\u00edncia La consecuci\u00f3 de la UEFA Europa League \u00e9s un assoliment hist\u00f2ric per al Villarreal CF. Per a compartir-lo amb tota la prov\u00edncia, el club ha apostat per exhibir el trofeu en m\u00e9s de 30 municipis de Castell\u00f3 perqu\u00e8 els seus ve\u00efns puguen fer-se una fotografia amb l\u2019important t\u00edtol continental. Comparteix la teua foto en xarxes i participa en el sorteig d\u2019importants premis! Tots els aficionats que compartisquen en les xarxes socials Twitter, Facebook i Instagram la seua foto amb el trofeu de l\u2019Europa League i l\u2019etiqueta #TuCopaYaEst\u00e1Aqu\u00ed participar\u00e0 en el sorteig que realitzar\u00e0 el club groc amb importants regals per als premiats. El tour de paradas por las localidades de la provincia es el siguiente:","url":"","background_image":"","images":[{"type":"image","url":"https:\/\/villarrealcf.es\/\/wp-content\/uploads\/2021\/09\/d2898972f2ba40fcd7ce2597a6934fd5.jpg","alt":"||||","width":819,"height":460,"srcset":"https:\/\/villarrealcf.es\/wp-content\/uploads\/2021\/09\/d2898972f2ba40fcd7ce2597a6934fd5.jpg 819w, https:\/\/villarrealcf.es\/\/wp-content\/uploads\/2021\/09\/d2898972f2ba40fcd7ce2597a6934fd5.jpg 1920w, https:\/\/villarrealcf.es\/\/wp-content\/uploads\/2021\/09\/d2898972f2ba40fcd7ce2597a6934fd5.jpg 1920w, https:\/\/villarrealcf.es\/\/wp-content\/uploads\/2021\/09\/d2898972f2ba40fcd7ce2597a6934fd5.jpg 1920w, https:\/\/villarrealcf.es\/wp-content\/uploads\/2021\/09\/d2898972f2ba40fcd7ce2597a6934fd5-32x18.jpg 32w, https:\/\/villarrealcf.es\/wp-content\/uploads\/2021\/09\/d2898972f2ba40fcd7ce2597a6934fd5-150x84.jpg 150w, https:\/\/villarrealcf.es\/\/wp-content\/uploads\/2021\/09\/d2898972f2ba40fcd7ce2597a6934fd5.jpg 1920w","sizes":"auto, (max-width: 819px) 100vw, 819px"}],"videos":[],"links":[]},{"id":"shortcode-caption-69eed96fb46f8","type":"shortcode","shortcode":"caption","attributes":{"id":"attachment_173581","align":"alignnone","width":""},"title":"Caption","rendered":"","data":[],"text":"","url":"","background_image":"","images":[],"videos":[],"links":[],"blocks":[]}]},"excerpt":{"rendered":"Bruno Soriano ha donat la benvinguda a la copa, que romandr\u00e0 exposada aquest dimecres i dijous a la Casa de la Cultura de la localitat de la Plana Baixa","protected":false},"author":1,"featured_media":173581,"comment_status":"","ping_status":"","sticky":false,"template":"","format":"standard","meta":{"_acf_changed":false,"footnotes":""},"categories":[4854],"tags":[12554,12556,12735,9487,5667,8903,9270,9922,9205,9627,9203],"acf":null,"lang":"val","translations":{"val":220848},"essential_grid":{"has_grid":false},"formatted_date":"September 1, 2021","modified_date":"September 1, 2021","permalink":"https:\/\/villarrealcf.es\/val\/el-trofeu-de-la-europa-league-visita-artana\/","reading_time":3,"featured_media_data":{"id":173581,"title":"||||","caption":"||||","alt_text":"","description":"","mime_type":"image\/jpeg","source_url":"https:\/\/villarrealcf.es\/wp-content\/uploads\/2021\/09\/d2898972f2ba40fcd7ce2597a6934fd5.jpg","sizes":{"thumbnail":{"url":"https:\/\/villarrealcf.es\/wp-content\/uploads\/2021\/09\/d2898972f2ba40fcd7ce2597a6934fd5-150x150.jpg","width":150,"height":150},"medium":{"url":"https:\/\/villarrealcf.es\/wp-content\/uploads\/2021\/09\/d2898972f2ba40fcd7ce2597a6934fd5-300x168.jpg","width":300,"height":168},"medium_large":{"url":"https:\/\/villarrealcf.es\/wp-content\/uploads\/2021\/09\/d2898972f2ba40fcd7ce2597a6934fd5-768x431.jpg","width":768,"height":431},"large":{"url":"https:\/\/villarrealcf.es\/wp-content\/uploads\/2021\/09\/d2898972f2ba40fcd7ce2597a6934fd5.jpg","width":788,"height":443},"1536x1536":{"url":"https:\/\/villarrealcf.es\/wp-content\/uploads\/2021\/09\/d2898972f2ba40fcd7ce2597a6934fd5.jpg","width":819,"height":460},"2048x2048":{"url":"https:\/\/villarrealcf.es\/wp-content\/uploads\/2021\/09\/d2898972f2ba40fcd7ce2597a6934fd5.jpg","width":819,"height":460},"tp-image-grid":{"url":"https:\/\/villarrealcf.es\/wp-content\/uploads\/2021\/09\/d2898972f2ba40fcd7ce2597a6934fd5-700x460.jpg","width":700,"height":460},"size-bunyad-medium":{"url":"https:\/\/villarrealcf.es\/wp-content\/uploads\/2021\/09\/d2898972f2ba40fcd7ce2597a6934fd5.jpg","width":819,"height":460},"sportspress-crop-medium":{"url":"https:\/\/villarrealcf.es\/wp-content\/uploads\/2021\/09\/d2898972f2ba40fcd7ce2597a6934fd5-300x300.jpg","width":300,"height":300},"sportspress-fit-medium":{"url":"https:\/\/villarrealcf.es\/wp-content\/uploads\/2021\/09\/d2898972f2ba40fcd7ce2597a6934fd5-300x168.jpg","width":300,"height":168},"sportspress-fit-icon":{"url":"https:\/\/villarrealcf.es\/wp-content\/uploads\/2021\/09\/d2898972f2ba40fcd7ce2597a6934fd5-128x72.jpg","width":128,"height":72},"sportspress-fit-mini":{"url":"https:\/\/villarrealcf.es\/wp-content\/uploads\/2021\/09\/d2898972f2ba40fcd7ce2597a6934fd5-32x18.jpg","width":32,"height":18},"bunyad-small":{"url":"https:\/\/villarrealcf.es\/wp-content\/uploads\/2021\/09\/d2898972f2ba40fcd7ce2597a6934fd5-150x84.jpg","width":150,"height":84},"bunyad-medium":{"url":"https:\/\/villarrealcf.es\/wp-content\/uploads\/2021\/09\/d2898972f2ba40fcd7ce2597a6934fd5-450x253.jpg","width":450,"height":253},"bunyad-full":{"url":"https:\/\/villarrealcf.es\/wp-content\/uploads\/2021\/09\/d2898972f2ba40fcd7ce2597a6934fd5.jpg","width":819,"height":460},"bunyad-viewport":{"url":"https:\/\/villarrealcf.es\/wp-content\/uploads\/2021\/09\/d2898972f2ba40fcd7ce2597a6934fd5.jpg","width":819,"height":460},"bunyad-768":{"url":"https:\/\/villarrealcf.es\/wp-content\/uploads\/2021\/09\/d2898972f2ba40fcd7ce2597a6934fd5-768x431.jpg","width":768,"height":431},"full":{"url":"https:\/\/villarrealcf.es\/wp-content\/uploads\/2021\/09\/d2898972f2ba40fcd7ce2597a6934fd5.jpg","width":819,"height":460}}},"author_data":{"id":"1","name":"root_envidea","first_name":"Villarreal CF","last_name":"","description":"","avatar_url":"https:\/\/secure.gravatar.com\/avatar\/48f95f42a3ccc324f3a3458e4b9e6fb070b083e99d388e170c1afb061fa99b63?s=96&d=mm&r=g","acf":null},"taxonomies_data":{"category":[{"id":4854,"name":"Noticies Generals","slug":"noticies-generals","acf":null}],"post_tag":[{"id":12554,"name":"#Football","slug":"football-val","acf":null},{"id":12556,"name":"#Soccer","slug":"soccer-val","acf":null},{"id":12735,"name":"#TuCopaYaEst\u00e1Aqu\u00ed","slug":"tucopayaestaaqui-val","acf":null},{"id":9487,"name":"Afici\u00f3n","slug":"aficion-val","acf":null},{"id":5667,"name":"Artana","slug":"artana","acf":null},{"id":8903,"name":"Artana Grogueta","slug":"artana-grogueta","acf":null},{"id":9270,"name":"Futbol","slug":"futbol-val","acf":null},{"id":9922,"name":"Pe\u00f1as","slug":"penas-val","acf":null},{"id":9205,"name":"Submarino","slug":"submarino-val","acf":null},{"id":9627,"name":"Submarino Amarillo","slug":"submarino-amarillo-val","acf":null},{"id":9203,"name":"Villarreal CF","slug":"villarreal-cf-val","acf":null}],"translation_priority":[{"id":735,"name":"Optional","slug":"optional-val","acf":null}]},"seo_full":{"native":{"title":"El trofeu de la Europa League visita Artana - Web Oficial del Villarreal CF","description":"[caption id=\"attachment_173581\" align=\"alignnone\" width=\"\"]||||[\/caption]Bruno Soriano ha donat la benvinguda a la copa, que romandr\u00e0 exposada aquest dimecres i dijous a&hellip;","canonical":"https:\/\/villarrealcf.es\/val\/el-trofeu-de-la-europa-league-visita-artana\/"}},"_links":{"self":[{"href":"https:\/\/villarrealcf.es\/val\/wp-json\/wp\/v2\/posts\/220848","targetHints":{"allow":["GET"]}}],"collection":[{"href":"https:\/\/villarrealcf.es\/val\/wp-json\/wp\/v2\/posts"}],"about":[{"href":"https:\/\/villarrealcf.es\/val\/wp-json\/wp\/v2\/types\/post"}],"author":[{"embeddable":true,"href":"https:\/\/villarrealcf.es\/val\/wp-json\/wp\/v2\/users\/1"}],"replies":[{"embeddable":true,"href":"https:\/\/villarrealcf.es\/val\/wp-json\/wp\/v2\/comments?post=220848"}],"version-history":[{"count":0,"href":"https:\/\/villarrealcf.es\/val\/wp-json\/wp\/v2\/posts\/220848\/revisions"}],"wp:featuredmedia":[{"embeddable":true,"href":"https:\/\/villarrealcf.es\/val\/wp-json\/wp\/v2\/media\/173581"}],"wp:attachment":[{"href":"https:\/\/villarrealcf.es\/val\/wp-json\/wp\/v2\/media?parent=220848"}],"wp:term":[{"taxonomy":"category","embeddable":true,"href":"https:\/\/villarrealcf.es\/val\/wp-json\/wp\/v2\/categories?post=220848"},{"taxonomy":"post_tag","embeddable":true,"href":"https:\/\/villarrealcf.es\/val\/wp-json\/wp\/v2\/tags?post=220848"}],"curies":[{"name":"wp","href":"https:\/\/api.w.org\/{rel}","templated":true}]}}