{"id":220616,"date":"2021-08-09T16:22:09","date_gmt":"2021-08-09T14:22:09","guid":{"rendered":"https:\/\/villarrealcf.es\/\/la-final-de-nuestras-vidas-emociona-a-l-aficio-groga\/"},"modified":"2021-08-09T16:22:09","modified_gmt":"2021-08-09T14:22:09","slug":"la-final-de-nuestras-vidas-emociona-a-l-aficio-groga","status":"publish","type":"post","link":"https:\/\/villarrealcf.es\/val\/la-final-de-nuestras-vidas-emociona-a-l-aficio-groga\/","title":{"rendered":"\u2018La final de nuestras vidas\u2019 emociona a l&#8217;afici\u00f3 groga"},"content":{"protected":false,"blocks":[{"type":"image","url":"https:\/\/villarrealcf.es\/\/wp-content\/uploads\/2021\/08\/247bb5b80cdee47de40c8aa0a2aaf02d.jpg","alt":"||||||","width":819,"height":460,"srcset":"https:\/\/villarrealcf.es\/wp-content\/uploads\/2021\/08\/247bb5b80cdee47de40c8aa0a2aaf02d.jpg 819w, https:\/\/villarrealcf.es\/\/wp-content\/uploads\/2021\/08\/247bb5b80cdee47de40c8aa0a2aaf02d.jpg 1920w, https:\/\/villarrealcf.es\/\/wp-content\/uploads\/2021\/08\/247bb5b80cdee47de40c8aa0a2aaf02d.jpg 1920w, https:\/\/villarrealcf.es\/\/wp-content\/uploads\/2021\/08\/247bb5b80cdee47de40c8aa0a2aaf02d.jpg 1920w, https:\/\/villarrealcf.es\/wp-content\/uploads\/2021\/08\/247bb5b80cdee47de40c8aa0a2aaf02d-32x18.jpg 32w, https:\/\/villarrealcf.es\/wp-content\/uploads\/2021\/08\/247bb5b80cdee47de40c8aa0a2aaf02d-150x84.jpg 150w, https:\/\/villarrealcf.es\/\/wp-content\/uploads\/2021\/08\/247bb5b80cdee47de40c8aa0a2aaf02d.jpg 1920w","sizes":"auto, (max-width: 819px) 100vw, 819px"},{"type":"paragraph","text":"El Villarreal ha estrenat el documental sobre el triomf groc en la UEFA Europa League en la Pla\u00e7a Major de Vila-real"},{"type":"paragraph","text":"El Villarreal CF ha estrenat aquest dilluns \u2018La final de nuestras vidas\u2019, el documental sobre l\u2019hist\u00f2ric triomf groc en la UEFA Europa League. Centenars d\u2019aficionats han acudit a la Pla\u00e7a Major de Vila-real per a gaudir de l\u2019espectacular pel\u00b7l\u00edcula que ha preparat el club utilitzant imatges exclusives sobre els millors moments de la passada campanya en competici\u00f3 europea."},{"type":"paragraph","text":"L\u2019esdeveniment, celebrat gr\u00e0cies a la col\u00b7laboraci\u00f3 de l\u2019Ajuntament de Vila-real, ha retut homenatge a l\u2019excel\u00b7lent campanya en la qual el Submar\u00ed va al\u00e7ar la seua primera UEFA Europa League. A m\u00e9s, ha exercit com l\u2019avantsala perfecta a la final de la Supercopa de la UEFA que el Vila-real disputar\u00e0 aquest dimecres davant el Chelsea FC a Belfast (Windsor Park, 21.00 hores)."},{"type":"paragraph","text":"L\u2019estrena de la pel\u00b7l\u00edcula documental ha estat encap\u00e7alat pel president del Villarreal, Fernando Roig; el vicepresident, Jos\u00e9 Manuel Llaneza; i el conseller delegat, Fernando Roig Negueroles. Tamb\u00e9 ha assistit a l\u2019esdeveniment l\u2019alcalde la localitat, Jos\u00e9 Benlloch; una \u00e0mplia representaci\u00f3 d\u2019autoritats locals, la llegenda groga Marcos Senna i el president de l\u2019APV, Javier P\u00e9rez."},{"type":"paragraph","text":"\u2018La final de les nostres vides\u2019, un regal per a l\u2019afici\u00f3"},{"type":"paragraph","text":"Despr\u00e9s de la seua espectacular estrena en la Pla\u00e7a Major de Vila-real, el club groc distribuir\u00e0 el documental gratu\u00eftament entre els seus abonats, que hauran d\u2019emplenar un senzill formulari per a poder descarregar-ho i disposar aix\u00ed d\u2019un impressionant record de l\u2019hist\u00f2ric triomf del Villarreal en la UEFA Europa League."},{"type":"paragraph","text":"La renovaci\u00f3 de Gerard Moreno, el colof\u00f3 a una jornada inoblidable"},{"type":"paragraph","text":"El Villarreal va posar el colof\u00f3 a l\u2019acte d\u2019aquest dilluns amb una gran sorpresa: la renovaci\u00f3 de Gerard Moreno fins a 2027. Emulant al fam\u00f3s programa de televisi\u00f3 Mask Singer, el davanter catal\u00e0 es va disfressar de Groguet -la mascota del Villarreal- abans de revelar la seua vertadera identitat per a anunciar a l\u2019afici\u00f3 que continuar\u00e0 fent hist\u00f2ria de la m\u00e0 del club groc."}],"structured":{"summary":{"text":"El Villarreal ha estrenat el documental sobre el triomf groc en la UEFA Europa League en la Pla\u00e7a Major de Vila-real El Villarreal CF ha estrenat aquest dilluns \u2018La final de nuestras vidas\u2019, el documental sobre l\u2019hist\u00f2ric triomf groc en la UEFA Europa League. Centenars d\u2019aficionats han acudit a la Pla\u00e7a Major de Vila-real per a gaudir de l\u2019espectacular pel\u00b7l\u00edcula que ha preparat el club utilitzant imatges exclusives sobre els millors moments de la passada campanya en competici\u00f3 europea. L\u2019esdeveniment, celebrat gr\u00e0cies a la col\u00b7laboraci\u00f3 de l\u2019Ajuntament de Vila-real, ha retut homenatge a l\u2019excel\u00b7lent campanya en la qual el Submar\u00ed va al\u00e7ar la seua primera UEFA Europa League. A m\u00e9s, ha exercit com l\u2019avantsala perfecta a la final de la Supercopa de la UEFA que el Vila-real disputar\u00e0 aquest dimecres davant el Chelsea FC a Belfast (Windsor Park, 21.00 hores). L\u2019estrena de la pel\u00b7l\u00edcula documental ha estat encap\u00e7alat pel president del Villarreal, Fernando Roig; el vicepresident, Jos\u00e9 Manuel Llaneza; i el conseller delegat, Fernando Roig Negueroles. Tamb\u00e9 ha assistit a l\u2019esdeveniment l\u2019alcalde la localitat, Jos\u00e9 Benlloch; una \u00e0mplia representaci\u00f3 d\u2019autoritats locals, la llegenda groga Marcos Senna i el president de l\u2019APV, Javier P\u00e9rez. \u2018La final de les nostres vides\u2019, un regal per a l\u2019afici\u00f3 Despr\u00e9s de la seua espectacular estrena en la Pla\u00e7a Major de Vila-real, el club groc distribuir\u00e0 el documental gratu\u00eftament entre els seus abonats, que hauran d\u2019emplenar un senzill formulari per a poder descarregar-ho i disposar aix\u00ed d\u2019un impressionant record de l\u2019hist\u00f2ric triomf del Villarreal en la UEFA Europa League. La renovaci\u00f3 de Gerard Moreno, el colof\u00f3 a una jornada inoblidable El Villarreal va posar el colof\u00f3 a l\u2019acte d\u2019aquest dilluns amb una gran sorpresa: la renovaci\u00f3 de Gerard Moreno fins a 2027. Emulant al fam\u00f3s programa de televisi\u00f3 Mask Singer, el davanter catal\u00e0 es va disfressar de Groguet -la mascota del Villarreal- abans de revelar la seua vertadera identitat per a anunciar a l\u2019afici\u00f3 que continuar\u00e0 fent hist\u00f2ria de la m\u00e0 del club groc.","headings":[],"buttons":[],"images":[{"type":"image","url":"https:\/\/villarrealcf.es\/\/wp-content\/uploads\/2021\/08\/247bb5b80cdee47de40c8aa0a2aaf02d.jpg","alt":"||||||","width":819,"height":460,"srcset":"https:\/\/villarrealcf.es\/wp-content\/uploads\/2021\/08\/247bb5b80cdee47de40c8aa0a2aaf02d.jpg 819w, https:\/\/villarrealcf.es\/\/wp-content\/uploads\/2021\/08\/247bb5b80cdee47de40c8aa0a2aaf02d.jpg 1920w, https:\/\/villarrealcf.es\/\/wp-content\/uploads\/2021\/08\/247bb5b80cdee47de40c8aa0a2aaf02d.jpg 1920w, https:\/\/villarrealcf.es\/\/wp-content\/uploads\/2021\/08\/247bb5b80cdee47de40c8aa0a2aaf02d.jpg 1920w, https:\/\/villarrealcf.es\/wp-content\/uploads\/2021\/08\/247bb5b80cdee47de40c8aa0a2aaf02d-32x18.jpg 32w, https:\/\/villarrealcf.es\/wp-content\/uploads\/2021\/08\/247bb5b80cdee47de40c8aa0a2aaf02d-150x84.jpg 150w, https:\/\/villarrealcf.es\/\/wp-content\/uploads\/2021\/08\/247bb5b80cdee47de40c8aa0a2aaf02d.jpg 1920w","sizes":"auto, (max-width: 819px) 100vw, 819px"}],"counts":{"blocks":9,"headings":0,"texts":8,"buttons":0,"images":1}},"sections":[{"id":"section-1","title":"","text":"El Villarreal ha estrenat el documental sobre el triomf groc en la UEFA Europa League en la Pla\u00e7a Major de Vila-real El Villarreal CF ha estrenat aquest dilluns \u2018La final de nuestras vidas\u2019, el documental sobre l\u2019hist\u00f2ric triomf groc en la UEFA Europa League. Centenars d\u2019aficionats han acudit a la Pla\u00e7a Major de Vila-real per a gaudir de l\u2019espectacular pel\u00b7l\u00edcula que ha preparat el club utilitzant imatges exclusives sobre els millors moments de la passada campanya en competici\u00f3 europea. L\u2019esdeveniment, celebrat gr\u00e0cies a la col\u00b7laboraci\u00f3 de l\u2019Ajuntament de Vila-real, ha retut homenatge a l\u2019excel\u00b7lent campanya en la qual el Submar\u00ed va al\u00e7ar la seua primera UEFA Europa League. A m\u00e9s, ha exercit com l\u2019avantsala perfecta a la final de la Supercopa de la UEFA que el Vila-real disputar\u00e0 aquest dimecres davant el Chelsea FC a Belfast (Windsor Park, 21.00 hores). L\u2019estrena de la pel\u00b7l\u00edcula documental ha estat encap\u00e7alat pel president del Villarreal, Fernando Roig; el vicepresident, Jos\u00e9 Manuel Llaneza; i el conseller delegat, Fernando Roig Negueroles. Tamb\u00e9 ha assistit a l\u2019esdeveniment l\u2019alcalde la localitat, Jos\u00e9 Benlloch; una \u00e0mplia representaci\u00f3 d\u2019autoritats locals, la llegenda groga Marcos Senna i el president de l\u2019APV, Javier P\u00e9rez. \u2018La final de les nostres vides\u2019, un regal per a l\u2019afici\u00f3 Despr\u00e9s de la seua espectacular estrena en la Pla\u00e7a Major de Vila-real, el club groc distribuir\u00e0 el documental gratu\u00eftament entre els seus abonats, que hauran d\u2019emplenar un senzill formulari per a poder descarregar-ho i disposar aix\u00ed d\u2019un impressionant record de l\u2019hist\u00f2ric triomf del Villarreal en la UEFA Europa League. La renovaci\u00f3 de Gerard Moreno, el colof\u00f3 a una jornada inoblidable El Villarreal va posar el colof\u00f3 a l\u2019acte d\u2019aquest dilluns amb una gran sorpresa: la renovaci\u00f3 de Gerard Moreno fins a 2027. Emulant al fam\u00f3s programa de televisi\u00f3 Mask Singer, el davanter catal\u00e0 es va disfressar de Groguet -la mascota del Villarreal- abans de revelar la seua vertadera identitat per a anunciar a l\u2019afici\u00f3 que continuar\u00e0 fent hist\u00f2ria de la m\u00e0 del club groc.","headings":[],"texts":[{"type":"paragraph","text":"El Villarreal ha estrenat el documental sobre el triomf groc en la UEFA Europa League en la Pla\u00e7a Major de Vila-real"},{"type":"paragraph","text":"El Villarreal CF ha estrenat aquest dilluns \u2018La final de nuestras vidas\u2019, el documental sobre l\u2019hist\u00f2ric triomf groc en la UEFA Europa League. Centenars d\u2019aficionats han acudit a la Pla\u00e7a Major de Vila-real per a gaudir de l\u2019espectacular pel\u00b7l\u00edcula que ha preparat el club utilitzant imatges exclusives sobre els millors moments de la passada campanya en competici\u00f3 europea."},{"type":"paragraph","text":"L\u2019esdeveniment, celebrat gr\u00e0cies a la col\u00b7laboraci\u00f3 de l\u2019Ajuntament de Vila-real, ha retut homenatge a l\u2019excel\u00b7lent campanya en la qual el Submar\u00ed va al\u00e7ar la seua primera UEFA Europa League. A m\u00e9s, ha exercit com l\u2019avantsala perfecta a la final de la Supercopa de la UEFA que el Vila-real disputar\u00e0 aquest dimecres davant el Chelsea FC a Belfast (Windsor Park, 21.00 hores)."},{"type":"paragraph","text":"L\u2019estrena de la pel\u00b7l\u00edcula documental ha estat encap\u00e7alat pel president del Villarreal, Fernando Roig; el vicepresident, Jos\u00e9 Manuel Llaneza; i el conseller delegat, Fernando Roig Negueroles. Tamb\u00e9 ha assistit a l\u2019esdeveniment l\u2019alcalde la localitat, Jos\u00e9 Benlloch; una \u00e0mplia representaci\u00f3 d\u2019autoritats locals, la llegenda groga Marcos Senna i el president de l\u2019APV, Javier P\u00e9rez."},{"type":"paragraph","text":"\u2018La final de les nostres vides\u2019, un regal per a l\u2019afici\u00f3"},{"type":"paragraph","text":"Despr\u00e9s de la seua espectacular estrena en la Pla\u00e7a Major de Vila-real, el club groc distribuir\u00e0 el documental gratu\u00eftament entre els seus abonats, que hauran d\u2019emplenar un senzill formulari per a poder descarregar-ho i disposar aix\u00ed d\u2019un impressionant record de l\u2019hist\u00f2ric triomf del Villarreal en la UEFA Europa League."},{"type":"paragraph","text":"La renovaci\u00f3 de Gerard Moreno, el colof\u00f3 a una jornada inoblidable"},{"type":"paragraph","text":"El Villarreal va posar el colof\u00f3 a l\u2019acte d\u2019aquest dilluns amb una gran sorpresa: la renovaci\u00f3 de Gerard Moreno fins a 2027. Emulant al fam\u00f3s programa de televisi\u00f3 Mask Singer, el davanter catal\u00e0 es va disfressar de Groguet -la mascota del Villarreal- abans de revelar la seua vertadera identitat per a anunciar a l\u2019afici\u00f3 que continuar\u00e0 fent hist\u00f2ria de la m\u00e0 del club groc."}],"buttons":[],"images":[{"type":"image","url":"https:\/\/villarrealcf.es\/\/wp-content\/uploads\/2021\/08\/247bb5b80cdee47de40c8aa0a2aaf02d.jpg","alt":"||||||","width":819,"height":460,"srcset":"https:\/\/villarrealcf.es\/wp-content\/uploads\/2021\/08\/247bb5b80cdee47de40c8aa0a2aaf02d.jpg 819w, https:\/\/villarrealcf.es\/\/wp-content\/uploads\/2021\/08\/247bb5b80cdee47de40c8aa0a2aaf02d.jpg 1920w, https:\/\/villarrealcf.es\/\/wp-content\/uploads\/2021\/08\/247bb5b80cdee47de40c8aa0a2aaf02d.jpg 1920w, https:\/\/villarrealcf.es\/\/wp-content\/uploads\/2021\/08\/247bb5b80cdee47de40c8aa0a2aaf02d.jpg 1920w, https:\/\/villarrealcf.es\/wp-content\/uploads\/2021\/08\/247bb5b80cdee47de40c8aa0a2aaf02d-32x18.jpg 32w, https:\/\/villarrealcf.es\/wp-content\/uploads\/2021\/08\/247bb5b80cdee47de40c8aa0a2aaf02d-150x84.jpg 150w, https:\/\/villarrealcf.es\/\/wp-content\/uploads\/2021\/08\/247bb5b80cdee47de40c8aa0a2aaf02d.jpg 1920w","sizes":"auto, (max-width: 819px) 100vw, 819px"}],"widgets":[],"blocks":[{"type":"image","url":"https:\/\/villarrealcf.es\/\/wp-content\/uploads\/2021\/08\/247bb5b80cdee47de40c8aa0a2aaf02d.jpg","alt":"||||||","width":819,"height":460,"srcset":"https:\/\/villarrealcf.es\/wp-content\/uploads\/2021\/08\/247bb5b80cdee47de40c8aa0a2aaf02d.jpg 819w, https:\/\/villarrealcf.es\/\/wp-content\/uploads\/2021\/08\/247bb5b80cdee47de40c8aa0a2aaf02d.jpg 1920w, https:\/\/villarrealcf.es\/\/wp-content\/uploads\/2021\/08\/247bb5b80cdee47de40c8aa0a2aaf02d.jpg 1920w, https:\/\/villarrealcf.es\/\/wp-content\/uploads\/2021\/08\/247bb5b80cdee47de40c8aa0a2aaf02d.jpg 1920w, https:\/\/villarrealcf.es\/wp-content\/uploads\/2021\/08\/247bb5b80cdee47de40c8aa0a2aaf02d-32x18.jpg 32w, https:\/\/villarrealcf.es\/wp-content\/uploads\/2021\/08\/247bb5b80cdee47de40c8aa0a2aaf02d-150x84.jpg 150w, https:\/\/villarrealcf.es\/\/wp-content\/uploads\/2021\/08\/247bb5b80cdee47de40c8aa0a2aaf02d.jpg 1920w","sizes":"auto, (max-width: 819px) 100vw, 819px"},{"type":"paragraph","text":"El Villarreal ha estrenat el documental sobre el triomf groc en la UEFA Europa League en la Pla\u00e7a Major de Vila-real"},{"type":"paragraph","text":"El Villarreal CF ha estrenat aquest dilluns \u2018La final de nuestras vidas\u2019, el documental sobre l\u2019hist\u00f2ric triomf groc en la UEFA Europa League. Centenars d\u2019aficionats han acudit a la Pla\u00e7a Major de Vila-real per a gaudir de l\u2019espectacular pel\u00b7l\u00edcula que ha preparat el club utilitzant imatges exclusives sobre els millors moments de la passada campanya en competici\u00f3 europea."},{"type":"paragraph","text":"L\u2019esdeveniment, celebrat gr\u00e0cies a la col\u00b7laboraci\u00f3 de l\u2019Ajuntament de Vila-real, ha retut homenatge a l\u2019excel\u00b7lent campanya en la qual el Submar\u00ed va al\u00e7ar la seua primera UEFA Europa League. A m\u00e9s, ha exercit com l\u2019avantsala perfecta a la final de la Supercopa de la UEFA que el Vila-real disputar\u00e0 aquest dimecres davant el Chelsea FC a Belfast (Windsor Park, 21.00 hores)."},{"type":"paragraph","text":"L\u2019estrena de la pel\u00b7l\u00edcula documental ha estat encap\u00e7alat pel president del Villarreal, Fernando Roig; el vicepresident, Jos\u00e9 Manuel Llaneza; i el conseller delegat, Fernando Roig Negueroles. Tamb\u00e9 ha assistit a l\u2019esdeveniment l\u2019alcalde la localitat, Jos\u00e9 Benlloch; una \u00e0mplia representaci\u00f3 d\u2019autoritats locals, la llegenda groga Marcos Senna i el president de l\u2019APV, Javier P\u00e9rez."},{"type":"paragraph","text":"\u2018La final de les nostres vides\u2019, un regal per a l\u2019afici\u00f3"},{"type":"paragraph","text":"Despr\u00e9s de la seua espectacular estrena en la Pla\u00e7a Major de Vila-real, el club groc distribuir\u00e0 el documental gratu\u00eftament entre els seus abonats, que hauran d\u2019emplenar un senzill formulari per a poder descarregar-ho i disposar aix\u00ed d\u2019un impressionant record de l\u2019hist\u00f2ric triomf del Villarreal en la UEFA Europa League."},{"type":"paragraph","text":"La renovaci\u00f3 de Gerard Moreno, el colof\u00f3 a una jornada inoblidable"},{"type":"paragraph","text":"El Villarreal va posar el colof\u00f3 a l\u2019acte d\u2019aquest dilluns amb una gran sorpresa: la renovaci\u00f3 de Gerard Moreno fins a 2027. Emulant al fam\u00f3s programa de televisi\u00f3 Mask Singer, el davanter catal\u00e0 es va disfressar de Groguet -la mascota del Villarreal- abans de revelar la seua vertadera identitat per a anunciar a l\u2019afici\u00f3 que continuar\u00e0 fent hist\u00f2ria de la m\u00e0 del club groc."}]}],"hero":{"id":"section-1","title":"","text":"El Villarreal ha estrenat el documental sobre el triomf groc en la UEFA Europa League en la Pla\u00e7a Major de Vila-real El Villarreal CF ha estrenat aquest dilluns \u2018La final de nuestras vidas\u2019, el documental sobre l\u2019hist\u00f2ric triomf groc en la UEFA Europa League. Centenars d\u2019aficionats han acudit a la Pla\u00e7a Major de Vila-real per a gaudir de l\u2019espectacular pel\u00b7l\u00edcula que ha preparat el club utilitzant imatges exclusives sobre els millors moments de la passada campanya en competici\u00f3 europea. L\u2019esdeveniment, celebrat gr\u00e0cies a la col\u00b7laboraci\u00f3 de l\u2019Ajuntament de Vila-real, ha retut homenatge a l\u2019excel\u00b7lent campanya en la qual el Submar\u00ed va al\u00e7ar la seua primera UEFA Europa League. A m\u00e9s, ha exercit com l\u2019avantsala perfecta a la final de la Supercopa de la UEFA que el Vila-real disputar\u00e0 aquest dimecres davant el Chelsea FC a Belfast (Windsor Park, 21.00 hores). L\u2019estrena de la pel\u00b7l\u00edcula documental ha estat encap\u00e7alat pel president del Villarreal, Fernando Roig; el vicepresident, Jos\u00e9 Manuel Llaneza; i el conseller delegat, Fernando Roig Negueroles. Tamb\u00e9 ha assistit a l\u2019esdeveniment l\u2019alcalde la localitat, Jos\u00e9 Benlloch; una \u00e0mplia representaci\u00f3 d\u2019autoritats locals, la llegenda groga Marcos Senna i el president de l\u2019APV, Javier P\u00e9rez. \u2018La final de les nostres vides\u2019, un regal per a l\u2019afici\u00f3 Despr\u00e9s de la seua espectacular estrena en la Pla\u00e7a Major de Vila-real, el club groc distribuir\u00e0 el documental gratu\u00eftament entre els seus abonats, que hauran d\u2019emplenar un senzill formulari per a poder descarregar-ho i disposar aix\u00ed d\u2019un impressionant record de l\u2019hist\u00f2ric triomf del Villarreal en la UEFA Europa League. La renovaci\u00f3 de Gerard Moreno, el colof\u00f3 a una jornada inoblidable El Villarreal va posar el colof\u00f3 a l\u2019acte d\u2019aquest dilluns amb una gran sorpresa: la renovaci\u00f3 de Gerard Moreno fins a 2027. Emulant al fam\u00f3s programa de televisi\u00f3 Mask Singer, el davanter catal\u00e0 es va disfressar de Groguet -la mascota del Villarreal- abans de revelar la seua vertadera identitat per a anunciar a l\u2019afici\u00f3 que continuar\u00e0 fent hist\u00f2ria de la m\u00e0 del club groc.","headings":[],"texts":[{"type":"paragraph","text":"El Villarreal ha estrenat el documental sobre el triomf groc en la UEFA Europa League en la Pla\u00e7a Major de Vila-real"},{"type":"paragraph","text":"El Villarreal CF ha estrenat aquest dilluns \u2018La final de nuestras vidas\u2019, el documental sobre l\u2019hist\u00f2ric triomf groc en la UEFA Europa League. Centenars d\u2019aficionats han acudit a la Pla\u00e7a Major de Vila-real per a gaudir de l\u2019espectacular pel\u00b7l\u00edcula que ha preparat el club utilitzant imatges exclusives sobre els millors moments de la passada campanya en competici\u00f3 europea."},{"type":"paragraph","text":"L\u2019esdeveniment, celebrat gr\u00e0cies a la col\u00b7laboraci\u00f3 de l\u2019Ajuntament de Vila-real, ha retut homenatge a l\u2019excel\u00b7lent campanya en la qual el Submar\u00ed va al\u00e7ar la seua primera UEFA Europa League. A m\u00e9s, ha exercit com l\u2019avantsala perfecta a la final de la Supercopa de la UEFA que el Vila-real disputar\u00e0 aquest dimecres davant el Chelsea FC a Belfast (Windsor Park, 21.00 hores)."},{"type":"paragraph","text":"L\u2019estrena de la pel\u00b7l\u00edcula documental ha estat encap\u00e7alat pel president del Villarreal, Fernando Roig; el vicepresident, Jos\u00e9 Manuel Llaneza; i el conseller delegat, Fernando Roig Negueroles. Tamb\u00e9 ha assistit a l\u2019esdeveniment l\u2019alcalde la localitat, Jos\u00e9 Benlloch; una \u00e0mplia representaci\u00f3 d\u2019autoritats locals, la llegenda groga Marcos Senna i el president de l\u2019APV, Javier P\u00e9rez."},{"type":"paragraph","text":"\u2018La final de les nostres vides\u2019, un regal per a l\u2019afici\u00f3"},{"type":"paragraph","text":"Despr\u00e9s de la seua espectacular estrena en la Pla\u00e7a Major de Vila-real, el club groc distribuir\u00e0 el documental gratu\u00eftament entre els seus abonats, que hauran d\u2019emplenar un senzill formulari per a poder descarregar-ho i disposar aix\u00ed d\u2019un impressionant record de l\u2019hist\u00f2ric triomf del Villarreal en la UEFA Europa League."},{"type":"paragraph","text":"La renovaci\u00f3 de Gerard Moreno, el colof\u00f3 a una jornada inoblidable"},{"type":"paragraph","text":"El Villarreal va posar el colof\u00f3 a l\u2019acte d\u2019aquest dilluns amb una gran sorpresa: la renovaci\u00f3 de Gerard Moreno fins a 2027. Emulant al fam\u00f3s programa de televisi\u00f3 Mask Singer, el davanter catal\u00e0 es va disfressar de Groguet -la mascota del Villarreal- abans de revelar la seua vertadera identitat per a anunciar a l\u2019afici\u00f3 que continuar\u00e0 fent hist\u00f2ria de la m\u00e0 del club groc."}],"buttons":[],"images":[{"type":"image","url":"https:\/\/villarrealcf.es\/\/wp-content\/uploads\/2021\/08\/247bb5b80cdee47de40c8aa0a2aaf02d.jpg","alt":"||||||","width":819,"height":460,"srcset":"https:\/\/villarrealcf.es\/wp-content\/uploads\/2021\/08\/247bb5b80cdee47de40c8aa0a2aaf02d.jpg 819w, https:\/\/villarrealcf.es\/\/wp-content\/uploads\/2021\/08\/247bb5b80cdee47de40c8aa0a2aaf02d.jpg 1920w, https:\/\/villarrealcf.es\/\/wp-content\/uploads\/2021\/08\/247bb5b80cdee47de40c8aa0a2aaf02d.jpg 1920w, https:\/\/villarrealcf.es\/\/wp-content\/uploads\/2021\/08\/247bb5b80cdee47de40c8aa0a2aaf02d.jpg 1920w, https:\/\/villarrealcf.es\/wp-content\/uploads\/2021\/08\/247bb5b80cdee47de40c8aa0a2aaf02d-32x18.jpg 32w, https:\/\/villarrealcf.es\/wp-content\/uploads\/2021\/08\/247bb5b80cdee47de40c8aa0a2aaf02d-150x84.jpg 150w, https:\/\/villarrealcf.es\/\/wp-content\/uploads\/2021\/08\/247bb5b80cdee47de40c8aa0a2aaf02d.jpg 1920w","sizes":"auto, (max-width: 819px) 100vw, 819px"}],"widgets":[],"blocks":[{"type":"image","url":"https:\/\/villarrealcf.es\/\/wp-content\/uploads\/2021\/08\/247bb5b80cdee47de40c8aa0a2aaf02d.jpg","alt":"||||||","width":819,"height":460,"srcset":"https:\/\/villarrealcf.es\/wp-content\/uploads\/2021\/08\/247bb5b80cdee47de40c8aa0a2aaf02d.jpg 819w, https:\/\/villarrealcf.es\/\/wp-content\/uploads\/2021\/08\/247bb5b80cdee47de40c8aa0a2aaf02d.jpg 1920w, https:\/\/villarrealcf.es\/\/wp-content\/uploads\/2021\/08\/247bb5b80cdee47de40c8aa0a2aaf02d.jpg 1920w, https:\/\/villarrealcf.es\/\/wp-content\/uploads\/2021\/08\/247bb5b80cdee47de40c8aa0a2aaf02d.jpg 1920w, https:\/\/villarrealcf.es\/wp-content\/uploads\/2021\/08\/247bb5b80cdee47de40c8aa0a2aaf02d-32x18.jpg 32w, https:\/\/villarrealcf.es\/wp-content\/uploads\/2021\/08\/247bb5b80cdee47de40c8aa0a2aaf02d-150x84.jpg 150w, https:\/\/villarrealcf.es\/\/wp-content\/uploads\/2021\/08\/247bb5b80cdee47de40c8aa0a2aaf02d.jpg 1920w","sizes":"auto, (max-width: 819px) 100vw, 819px"},{"type":"paragraph","text":"El Villarreal ha estrenat el documental sobre el triomf groc en la UEFA Europa League en la Pla\u00e7a Major de Vila-real"},{"type":"paragraph","text":"El Villarreal CF ha estrenat aquest dilluns \u2018La final de nuestras vidas\u2019, el documental sobre l\u2019hist\u00f2ric triomf groc en la UEFA Europa League. Centenars d\u2019aficionats han acudit a la Pla\u00e7a Major de Vila-real per a gaudir de l\u2019espectacular pel\u00b7l\u00edcula que ha preparat el club utilitzant imatges exclusives sobre els millors moments de la passada campanya en competici\u00f3 europea."},{"type":"paragraph","text":"L\u2019esdeveniment, celebrat gr\u00e0cies a la col\u00b7laboraci\u00f3 de l\u2019Ajuntament de Vila-real, ha retut homenatge a l\u2019excel\u00b7lent campanya en la qual el Submar\u00ed va al\u00e7ar la seua primera UEFA Europa League. A m\u00e9s, ha exercit com l\u2019avantsala perfecta a la final de la Supercopa de la UEFA que el Vila-real disputar\u00e0 aquest dimecres davant el Chelsea FC a Belfast (Windsor Park, 21.00 hores)."},{"type":"paragraph","text":"L\u2019estrena de la pel\u00b7l\u00edcula documental ha estat encap\u00e7alat pel president del Villarreal, Fernando Roig; el vicepresident, Jos\u00e9 Manuel Llaneza; i el conseller delegat, Fernando Roig Negueroles. Tamb\u00e9 ha assistit a l\u2019esdeveniment l\u2019alcalde la localitat, Jos\u00e9 Benlloch; una \u00e0mplia representaci\u00f3 d\u2019autoritats locals, la llegenda groga Marcos Senna i el president de l\u2019APV, Javier P\u00e9rez."},{"type":"paragraph","text":"\u2018La final de les nostres vides\u2019, un regal per a l\u2019afici\u00f3"},{"type":"paragraph","text":"Despr\u00e9s de la seua espectacular estrena en la Pla\u00e7a Major de Vila-real, el club groc distribuir\u00e0 el documental gratu\u00eftament entre els seus abonats, que hauran d\u2019emplenar un senzill formulari per a poder descarregar-ho i disposar aix\u00ed d\u2019un impressionant record de l\u2019hist\u00f2ric triomf del Villarreal en la UEFA Europa League."},{"type":"paragraph","text":"La renovaci\u00f3 de Gerard Moreno, el colof\u00f3 a una jornada inoblidable"},{"type":"paragraph","text":"El Villarreal va posar el colof\u00f3 a l\u2019acte d\u2019aquest dilluns amb una gran sorpresa: la renovaci\u00f3 de Gerard Moreno fins a 2027. Emulant al fam\u00f3s programa de televisi\u00f3 Mask Singer, el davanter catal\u00e0 es va disfressar de Groguet -la mascota del Villarreal- abans de revelar la seua vertadera identitat per a anunciar a l\u2019afici\u00f3 que continuar\u00e0 fent hist\u00f2ria de la m\u00e0 del club groc."}]}},"sections":[{"id":"section-1","title":"","text":"El Villarreal ha estrenat el documental sobre el triomf groc en la UEFA Europa League en la Pla\u00e7a Major de Vila-real El Villarreal CF ha estrenat aquest dilluns \u2018La final de nuestras vidas\u2019, el documental sobre l\u2019hist\u00f2ric triomf groc en la UEFA Europa League. Centenars d\u2019aficionats han acudit a la Pla\u00e7a Major de Vila-real per a gaudir de l\u2019espectacular pel\u00b7l\u00edcula que ha preparat el club utilitzant imatges exclusives sobre els millors moments de la passada campanya en competici\u00f3 europea. L\u2019esdeveniment, celebrat gr\u00e0cies a la col\u00b7laboraci\u00f3 de l\u2019Ajuntament de Vila-real, ha retut homenatge a l\u2019excel\u00b7lent campanya en la qual el Submar\u00ed va al\u00e7ar la seua primera UEFA Europa League. A m\u00e9s, ha exercit com l\u2019avantsala perfecta a la final de la Supercopa de la UEFA que el Vila-real disputar\u00e0 aquest dimecres davant el Chelsea FC a Belfast (Windsor Park, 21.00 hores). L\u2019estrena de la pel\u00b7l\u00edcula documental ha estat encap\u00e7alat pel president del Villarreal, Fernando Roig; el vicepresident, Jos\u00e9 Manuel Llaneza; i el conseller delegat, Fernando Roig Negueroles. Tamb\u00e9 ha assistit a l\u2019esdeveniment l\u2019alcalde la localitat, Jos\u00e9 Benlloch; una \u00e0mplia representaci\u00f3 d\u2019autoritats locals, la llegenda groga Marcos Senna i el president de l\u2019APV, Javier P\u00e9rez. \u2018La final de les nostres vides\u2019, un regal per a l\u2019afici\u00f3 Despr\u00e9s de la seua espectacular estrena en la Pla\u00e7a Major de Vila-real, el club groc distribuir\u00e0 el documental gratu\u00eftament entre els seus abonats, que hauran d\u2019emplenar un senzill formulari per a poder descarregar-ho i disposar aix\u00ed d\u2019un impressionant record de l\u2019hist\u00f2ric triomf del Villarreal en la UEFA Europa League. La renovaci\u00f3 de Gerard Moreno, el colof\u00f3 a una jornada inoblidable El Villarreal va posar el colof\u00f3 a l\u2019acte d\u2019aquest dilluns amb una gran sorpresa: la renovaci\u00f3 de Gerard Moreno fins a 2027. Emulant al fam\u00f3s programa de televisi\u00f3 Mask Singer, el davanter catal\u00e0 es va disfressar de Groguet -la mascota del Villarreal- abans de revelar la seua vertadera identitat per a anunciar a l\u2019afici\u00f3 que continuar\u00e0 fent hist\u00f2ria de la m\u00e0 del club groc.","url":"","background_image":"","images":[{"type":"image","url":"https:\/\/villarrealcf.es\/\/wp-content\/uploads\/2021\/08\/247bb5b80cdee47de40c8aa0a2aaf02d.jpg","alt":"||||||","width":819,"height":460,"srcset":"https:\/\/villarrealcf.es\/wp-content\/uploads\/2021\/08\/247bb5b80cdee47de40c8aa0a2aaf02d.jpg 819w, https:\/\/villarrealcf.es\/\/wp-content\/uploads\/2021\/08\/247bb5b80cdee47de40c8aa0a2aaf02d.jpg 1920w, https:\/\/villarrealcf.es\/\/wp-content\/uploads\/2021\/08\/247bb5b80cdee47de40c8aa0a2aaf02d.jpg 1920w, https:\/\/villarrealcf.es\/\/wp-content\/uploads\/2021\/08\/247bb5b80cdee47de40c8aa0a2aaf02d.jpg 1920w, https:\/\/villarrealcf.es\/wp-content\/uploads\/2021\/08\/247bb5b80cdee47de40c8aa0a2aaf02d-32x18.jpg 32w, https:\/\/villarrealcf.es\/wp-content\/uploads\/2021\/08\/247bb5b80cdee47de40c8aa0a2aaf02d-150x84.jpg 150w, https:\/\/villarrealcf.es\/\/wp-content\/uploads\/2021\/08\/247bb5b80cdee47de40c8aa0a2aaf02d.jpg 1920w","sizes":"auto, (max-width: 819px) 100vw, 819px"}],"videos":[],"links":[]},{"id":"shortcode-caption-69ee78a28c57d","type":"shortcode","shortcode":"caption","attributes":{"id":"attachment_172647","align":"alignnone","width":""},"title":"Caption","rendered":"","data":[],"text":"","url":"","background_image":"","images":[],"videos":[],"links":[],"blocks":[]}]},"excerpt":{"rendered":"El Villarreal ha estrenat el documental sobre el triomf groc en la UEFA Europa League en la Pla\u00e7a Major de Vila-real","protected":false},"author":25,"featured_media":172647,"comment_status":"","ping_status":"","sticky":false,"template":"","format":"standard","meta":{"_acf_changed":false,"footnotes":""},"categories":[4854],"tags":[12554,12556,10550,11209,9270,12825,9205,9627,9914,9203],"acf":null,"lang":"val","translations":{"val":220616},"essential_grid":{"has_grid":false},"formatted_date":"August 9, 2021","modified_date":"August 9, 2021","permalink":"https:\/\/villarrealcf.es\/val\/la-final-de-nuestras-vidas-emociona-a-l-aficio-groga\/","reading_time":2,"featured_media_data":{"id":172647,"title":"||||||","caption":"||||||","alt_text":"","description":"","mime_type":"image\/jpeg","source_url":"https:\/\/villarrealcf.es\/wp-content\/uploads\/2021\/08\/247bb5b80cdee47de40c8aa0a2aaf02d.jpg","sizes":{"thumbnail":{"url":"https:\/\/villarrealcf.es\/wp-content\/uploads\/2021\/08\/247bb5b80cdee47de40c8aa0a2aaf02d-150x150.jpg","width":150,"height":150},"medium":{"url":"https:\/\/villarrealcf.es\/wp-content\/uploads\/2021\/08\/247bb5b80cdee47de40c8aa0a2aaf02d-300x168.jpg","width":300,"height":168},"medium_large":{"url":"https:\/\/villarrealcf.es\/wp-content\/uploads\/2021\/08\/247bb5b80cdee47de40c8aa0a2aaf02d-768x431.jpg","width":768,"height":431},"large":{"url":"https:\/\/villarrealcf.es\/wp-content\/uploads\/2021\/08\/247bb5b80cdee47de40c8aa0a2aaf02d.jpg","width":788,"height":443},"1536x1536":{"url":"https:\/\/villarrealcf.es\/wp-content\/uploads\/2021\/08\/247bb5b80cdee47de40c8aa0a2aaf02d.jpg","width":819,"height":460},"2048x2048":{"url":"https:\/\/villarrealcf.es\/wp-content\/uploads\/2021\/08\/247bb5b80cdee47de40c8aa0a2aaf02d.jpg","width":819,"height":460},"tp-image-grid":{"url":"https:\/\/villarrealcf.es\/wp-content\/uploads\/2021\/08\/247bb5b80cdee47de40c8aa0a2aaf02d-700x460.jpg","width":700,"height":460},"size-bunyad-medium":{"url":"https:\/\/villarrealcf.es\/wp-content\/uploads\/2021\/08\/247bb5b80cdee47de40c8aa0a2aaf02d.jpg","width":819,"height":460},"sportspress-crop-medium":{"url":"https:\/\/villarrealcf.es\/wp-content\/uploads\/2021\/08\/247bb5b80cdee47de40c8aa0a2aaf02d-300x300.jpg","width":300,"height":300},"sportspress-fit-medium":{"url":"https:\/\/villarrealcf.es\/wp-content\/uploads\/2021\/08\/247bb5b80cdee47de40c8aa0a2aaf02d-300x168.jpg","width":300,"height":168},"sportspress-fit-icon":{"url":"https:\/\/villarrealcf.es\/wp-content\/uploads\/2021\/08\/247bb5b80cdee47de40c8aa0a2aaf02d-128x72.jpg","width":128,"height":72},"sportspress-fit-mini":{"url":"https:\/\/villarrealcf.es\/wp-content\/uploads\/2021\/08\/247bb5b80cdee47de40c8aa0a2aaf02d-32x18.jpg","width":32,"height":18},"bunyad-small":{"url":"https:\/\/villarrealcf.es\/wp-content\/uploads\/2021\/08\/247bb5b80cdee47de40c8aa0a2aaf02d-150x84.jpg","width":150,"height":84},"bunyad-medium":{"url":"https:\/\/villarrealcf.es\/wp-content\/uploads\/2021\/08\/247bb5b80cdee47de40c8aa0a2aaf02d-450x253.jpg","width":450,"height":253},"bunyad-full":{"url":"https:\/\/villarrealcf.es\/wp-content\/uploads\/2021\/08\/247bb5b80cdee47de40c8aa0a2aaf02d.jpg","width":819,"height":460},"bunyad-viewport":{"url":"https:\/\/villarrealcf.es\/wp-content\/uploads\/2021\/08\/247bb5b80cdee47de40c8aa0a2aaf02d.jpg","width":819,"height":460},"bunyad-768":{"url":"https:\/\/villarrealcf.es\/wp-content\/uploads\/2021\/08\/247bb5b80cdee47de40c8aa0a2aaf02d-768x431.jpg","width":768,"height":431},"full":{"url":"https:\/\/villarrealcf.es\/wp-content\/uploads\/2021\/08\/247bb5b80cdee47de40c8aa0a2aaf02d.jpg","width":819,"height":460}}},"author_data":{"id":"25","name":"Javier Ayuso","first_name":"Javier","last_name":"Ayuso","description":"","avatar_url":"https:\/\/secure.gravatar.com\/avatar\/fcf8894be45988fcce5bbff0efe1790d2a7f4ba57e2c7c898f5068154e696495?s=96&d=mm&r=g","acf":null},"taxonomies_data":{"category":[{"id":4854,"name":"Noticies Generals","slug":"noticies-generals","acf":null}],"post_tag":[{"id":12554,"name":"#Football","slug":"football-val","acf":null},{"id":12556,"name":"#Soccer","slug":"soccer-val","acf":null},{"id":10550,"name":"Ayuntamiento de Vilareal","slug":"ayuntamiento-de-vilareal-val","acf":null},{"id":11209,"name":"Estreno","slug":"estreno-val","acf":null},{"id":9270,"name":"Futbol","slug":"futbol-val","acf":null},{"id":12825,"name":"La final de nuestras vidas","slug":"la-final-de-nuestras-vidas-val","acf":null},{"id":9205,"name":"Submarino","slug":"submarino-val","acf":null},{"id":9627,"name":"Submarino Amarillo","slug":"submarino-amarillo-val","acf":null},{"id":9914,"name":"UEFA Europa League","slug":"uefa-europa-league-val","acf":null},{"id":9203,"name":"Villarreal CF","slug":"villarreal-cf-val","acf":null}],"translation_priority":[{"id":735,"name":"Optional","slug":"optional-val","acf":null}]},"seo_full":{"native":{"title":"\u2018La final de nuestras vidas\u2019 emociona a l&#8217;afici\u00f3 groga - Web Oficial del Villarreal CF","description":"[caption id=\"attachment_172647\" align=\"alignnone\" width=\"\"]||||||[\/caption]El Villarreal ha estrenat el documental sobre el triomf groc en la UEFA Europa League en la&hellip;","canonical":"https:\/\/villarrealcf.es\/val\/la-final-de-nuestras-vidas-emociona-a-l-aficio-groga\/"}},"_links":{"self":[{"href":"https:\/\/villarrealcf.es\/val\/wp-json\/wp\/v2\/posts\/220616","targetHints":{"allow":["GET"]}}],"collection":[{"href":"https:\/\/villarrealcf.es\/val\/wp-json\/wp\/v2\/posts"}],"about":[{"href":"https:\/\/villarrealcf.es\/val\/wp-json\/wp\/v2\/types\/post"}],"author":[{"embeddable":true,"href":"https:\/\/villarrealcf.es\/val\/wp-json\/wp\/v2\/users\/25"}],"replies":[{"embeddable":true,"href":"https:\/\/villarrealcf.es\/val\/wp-json\/wp\/v2\/comments?post=220616"}],"version-history":[{"count":0,"href":"https:\/\/villarrealcf.es\/val\/wp-json\/wp\/v2\/posts\/220616\/revisions"}],"wp:featuredmedia":[{"embeddable":true,"href":"https:\/\/villarrealcf.es\/val\/wp-json\/wp\/v2\/media\/172647"}],"wp:attachment":[{"href":"https:\/\/villarrealcf.es\/val\/wp-json\/wp\/v2\/media?parent=220616"}],"wp:term":[{"taxonomy":"category","embeddable":true,"href":"https:\/\/villarrealcf.es\/val\/wp-json\/wp\/v2\/categories?post=220616"},{"taxonomy":"post_tag","embeddable":true,"href":"https:\/\/villarrealcf.es\/val\/wp-json\/wp\/v2\/tags?post=220616"}],"curies":[{"name":"wp","href":"https:\/\/api.w.org\/{rel}","templated":true}]}}