{"id":220278,"date":"2021-06-29T10:12:42","date_gmt":"2021-06-29T08:12:42","guid":{"rendered":"https:\/\/villarrealcf.es\/\/pau-torres-convocado-para-los-juegos-olimpicos-2\/"},"modified":"2021-06-29T10:12:42","modified_gmt":"2021-06-29T08:12:42","slug":"pau-torres-convocado-para-los-juegos-olimpicos-2","status":"publish","type":"post","link":"https:\/\/villarrealcf.es\/val\/pau-torres-convocado-para-los-juegos-olimpicos-2\/","title":{"rendered":"Pau Torres, convocat per als Jocs Ol\u00edmpics"},"content":{"protected":false,"blocks":[{"type":"image","url":"https:\/\/villarrealcf.es\/\/wp-content\/uploads\/2021\/06\/8a4028c5a00bec32dbc779b8e212d73f-scaled.jpg","alt":"||||||","width":2560,"height":1440,"srcset":"https:\/\/villarrealcf.es\/wp-content\/uploads\/2021\/06\/8a4028c5a00bec32dbc779b8e212d73f-scaled.jpg 2560w, https:\/\/villarrealcf.es\/\/wp-content\/uploads\/2021\/06\/8a4028c5a00bec32dbc779b8e212d73f-scaled.jpg 1920w, https:\/\/villarrealcf.es\/wp-content\/uploads\/2021\/06\/8a4028c5a00bec32dbc779b8e212d73f-1024x576.jpg 1024w, https:\/\/villarrealcf.es\/\/wp-content\/uploads\/2021\/06\/8a4028c5a00bec32dbc779b8e212d73f-scaled.jpg 1920w, https:\/\/villarrealcf.es\/wp-content\/uploads\/2021\/06\/8a4028c5a00bec32dbc779b8e212d73f-1536x864.jpg 1536w, https:\/\/villarrealcf.es\/wp-content\/uploads\/2021\/06\/8a4028c5a00bec32dbc779b8e212d73f-2048x1152.jpg 2048w, https:\/\/villarrealcf.es\/\/wp-content\/uploads\/2021\/06\/8a4028c5a00bec32dbc779b8e212d73f-scaled.jpg 1920w, https:\/\/villarrealcf.es\/wp-content\/uploads\/2021\/06\/8a4028c5a00bec32dbc779b8e212d73f-32x18.jpg 32w, https:\/\/villarrealcf.es\/wp-content\/uploads\/2021\/06\/8a4028c5a00bec32dbc779b8e212d73f-150x84.jpg 150w, https:\/\/villarrealcf.es\/\/wp-content\/uploads\/2021\/06\/8a4028c5a00bec32dbc779b8e212d73f-scaled.jpg 1920w, https:\/\/villarrealcf.es\/wp-content\/uploads\/2021\/06\/8a4028c5a00bec32dbc779b8e212d73f-1200x675.jpg 1200w","sizes":"auto, (max-width: 2560px) 100vw, 2560px"},{"type":"paragraph","text":"El defensa vila-realenc defendr\u00e0 els interessos de la Selecci\u00f3 Espanyola en la cita ol\u00edmpica de T\u00f2quio"},{"type":"paragraph","text":"Pau Torres ha sigut convocat pel seleccionador Luis De la Fuente entre els 22 jugadors espanyols per als Jocs Ol\u00edmpics 2020, que tindran lloc aquest estiu a T\u00f2quio (el Jap\u00f3). El defensor de Vila-real \u00e9s un dels sis futbolistes que jugaran dos campionats internacionals aquest estiu (Eurocopa i Jocs Ol\u00edmpics) juntament amb Unai Sim\u00f3n, \u00c8ric Garc\u00eda, Pedri, Dani Olmo i Mikel Oyarzabal."},{"type":"paragraph","text":"El central \u2018groguet\u2019 \u00e9s el segon jugador del Villarreal CF a ser anomenat per a disputar les Olimp\u00edades despr\u00e9s de la convocat\u00f2ria d\u2019Andrei Ratiu amb Romania."}],"structured":{"summary":{"text":"El defensa vila-realenc defendr\u00e0 els interessos de la Selecci\u00f3 Espanyola en la cita ol\u00edmpica de T\u00f2quio Pau Torres ha sigut convocat pel seleccionador Luis De la Fuente entre els 22 jugadors espanyols per als Jocs Ol\u00edmpics 2020, que tindran lloc aquest estiu a T\u00f2quio (el Jap\u00f3). El defensor de Vila-real \u00e9s un dels sis futbolistes que jugaran dos campionats internacionals aquest estiu (Eurocopa i Jocs Ol\u00edmpics) juntament amb Unai Sim\u00f3n, \u00c8ric Garc\u00eda, Pedri, Dani Olmo i Mikel Oyarzabal. El central \u2018groguet\u2019 \u00e9s el segon jugador del Villarreal CF a ser anomenat per a disputar les Olimp\u00edades despr\u00e9s de la convocat\u00f2ria d\u2019Andrei Ratiu amb Romania.","headings":[],"buttons":[],"images":[{"type":"image","url":"https:\/\/villarrealcf.es\/\/wp-content\/uploads\/2021\/06\/8a4028c5a00bec32dbc779b8e212d73f-scaled.jpg","alt":"||||||","width":2560,"height":1440,"srcset":"https:\/\/villarrealcf.es\/wp-content\/uploads\/2021\/06\/8a4028c5a00bec32dbc779b8e212d73f-scaled.jpg 2560w, https:\/\/villarrealcf.es\/\/wp-content\/uploads\/2021\/06\/8a4028c5a00bec32dbc779b8e212d73f-scaled.jpg 1920w, https:\/\/villarrealcf.es\/wp-content\/uploads\/2021\/06\/8a4028c5a00bec32dbc779b8e212d73f-1024x576.jpg 1024w, https:\/\/villarrealcf.es\/\/wp-content\/uploads\/2021\/06\/8a4028c5a00bec32dbc779b8e212d73f-scaled.jpg 1920w, https:\/\/villarrealcf.es\/wp-content\/uploads\/2021\/06\/8a4028c5a00bec32dbc779b8e212d73f-1536x864.jpg 1536w, https:\/\/villarrealcf.es\/wp-content\/uploads\/2021\/06\/8a4028c5a00bec32dbc779b8e212d73f-2048x1152.jpg 2048w, https:\/\/villarrealcf.es\/\/wp-content\/uploads\/2021\/06\/8a4028c5a00bec32dbc779b8e212d73f-scaled.jpg 1920w, https:\/\/villarrealcf.es\/wp-content\/uploads\/2021\/06\/8a4028c5a00bec32dbc779b8e212d73f-32x18.jpg 32w, https:\/\/villarrealcf.es\/wp-content\/uploads\/2021\/06\/8a4028c5a00bec32dbc779b8e212d73f-150x84.jpg 150w, https:\/\/villarrealcf.es\/\/wp-content\/uploads\/2021\/06\/8a4028c5a00bec32dbc779b8e212d73f-scaled.jpg 1920w, https:\/\/villarrealcf.es\/wp-content\/uploads\/2021\/06\/8a4028c5a00bec32dbc779b8e212d73f-1200x675.jpg 1200w","sizes":"auto, (max-width: 2560px) 100vw, 2560px"}],"counts":{"blocks":4,"headings":0,"texts":3,"buttons":0,"images":1}},"sections":[{"id":"section-1","title":"","text":"El defensa vila-realenc defendr\u00e0 els interessos de la Selecci\u00f3 Espanyola en la cita ol\u00edmpica de T\u00f2quio Pau Torres ha sigut convocat pel seleccionador Luis De la Fuente entre els 22 jugadors espanyols per als Jocs Ol\u00edmpics 2020, que tindran lloc aquest estiu a T\u00f2quio (el Jap\u00f3). El defensor de Vila-real \u00e9s un dels sis futbolistes que jugaran dos campionats internacionals aquest estiu (Eurocopa i Jocs Ol\u00edmpics) juntament amb Unai Sim\u00f3n, \u00c8ric Garc\u00eda, Pedri, Dani Olmo i Mikel Oyarzabal. El central \u2018groguet\u2019 \u00e9s el segon jugador del Villarreal CF a ser anomenat per a disputar les Olimp\u00edades despr\u00e9s de la convocat\u00f2ria d\u2019Andrei Ratiu amb Romania.","headings":[],"texts":[{"type":"paragraph","text":"El defensa vila-realenc defendr\u00e0 els interessos de la Selecci\u00f3 Espanyola en la cita ol\u00edmpica de T\u00f2quio"},{"type":"paragraph","text":"Pau Torres ha sigut convocat pel seleccionador Luis De la Fuente entre els 22 jugadors espanyols per als Jocs Ol\u00edmpics 2020, que tindran lloc aquest estiu a T\u00f2quio (el Jap\u00f3). El defensor de Vila-real \u00e9s un dels sis futbolistes que jugaran dos campionats internacionals aquest estiu (Eurocopa i Jocs Ol\u00edmpics) juntament amb Unai Sim\u00f3n, \u00c8ric Garc\u00eda, Pedri, Dani Olmo i Mikel Oyarzabal."},{"type":"paragraph","text":"El central \u2018groguet\u2019 \u00e9s el segon jugador del Villarreal CF a ser anomenat per a disputar les Olimp\u00edades despr\u00e9s de la convocat\u00f2ria d\u2019Andrei Ratiu amb Romania."}],"buttons":[],"images":[{"type":"image","url":"https:\/\/villarrealcf.es\/\/wp-content\/uploads\/2021\/06\/8a4028c5a00bec32dbc779b8e212d73f-scaled.jpg","alt":"||||||","width":2560,"height":1440,"srcset":"https:\/\/villarrealcf.es\/wp-content\/uploads\/2021\/06\/8a4028c5a00bec32dbc779b8e212d73f-scaled.jpg 2560w, https:\/\/villarrealcf.es\/\/wp-content\/uploads\/2021\/06\/8a4028c5a00bec32dbc779b8e212d73f-scaled.jpg 1920w, https:\/\/villarrealcf.es\/wp-content\/uploads\/2021\/06\/8a4028c5a00bec32dbc779b8e212d73f-1024x576.jpg 1024w, https:\/\/villarrealcf.es\/\/wp-content\/uploads\/2021\/06\/8a4028c5a00bec32dbc779b8e212d73f-scaled.jpg 1920w, https:\/\/villarrealcf.es\/wp-content\/uploads\/2021\/06\/8a4028c5a00bec32dbc779b8e212d73f-1536x864.jpg 1536w, https:\/\/villarrealcf.es\/wp-content\/uploads\/2021\/06\/8a4028c5a00bec32dbc779b8e212d73f-2048x1152.jpg 2048w, https:\/\/villarrealcf.es\/\/wp-content\/uploads\/2021\/06\/8a4028c5a00bec32dbc779b8e212d73f-scaled.jpg 1920w, https:\/\/villarrealcf.es\/wp-content\/uploads\/2021\/06\/8a4028c5a00bec32dbc779b8e212d73f-32x18.jpg 32w, https:\/\/villarrealcf.es\/wp-content\/uploads\/2021\/06\/8a4028c5a00bec32dbc779b8e212d73f-150x84.jpg 150w, https:\/\/villarrealcf.es\/\/wp-content\/uploads\/2021\/06\/8a4028c5a00bec32dbc779b8e212d73f-scaled.jpg 1920w, https:\/\/villarrealcf.es\/wp-content\/uploads\/2021\/06\/8a4028c5a00bec32dbc779b8e212d73f-1200x675.jpg 1200w","sizes":"auto, (max-width: 2560px) 100vw, 2560px"}],"widgets":[],"blocks":[{"type":"image","url":"https:\/\/villarrealcf.es\/\/wp-content\/uploads\/2021\/06\/8a4028c5a00bec32dbc779b8e212d73f-scaled.jpg","alt":"||||||","width":2560,"height":1440,"srcset":"https:\/\/villarrealcf.es\/wp-content\/uploads\/2021\/06\/8a4028c5a00bec32dbc779b8e212d73f-scaled.jpg 2560w, https:\/\/villarrealcf.es\/\/wp-content\/uploads\/2021\/06\/8a4028c5a00bec32dbc779b8e212d73f-scaled.jpg 1920w, https:\/\/villarrealcf.es\/wp-content\/uploads\/2021\/06\/8a4028c5a00bec32dbc779b8e212d73f-1024x576.jpg 1024w, https:\/\/villarrealcf.es\/\/wp-content\/uploads\/2021\/06\/8a4028c5a00bec32dbc779b8e212d73f-scaled.jpg 1920w, https:\/\/villarrealcf.es\/wp-content\/uploads\/2021\/06\/8a4028c5a00bec32dbc779b8e212d73f-1536x864.jpg 1536w, https:\/\/villarrealcf.es\/wp-content\/uploads\/2021\/06\/8a4028c5a00bec32dbc779b8e212d73f-2048x1152.jpg 2048w, https:\/\/villarrealcf.es\/\/wp-content\/uploads\/2021\/06\/8a4028c5a00bec32dbc779b8e212d73f-scaled.jpg 1920w, https:\/\/villarrealcf.es\/wp-content\/uploads\/2021\/06\/8a4028c5a00bec32dbc779b8e212d73f-32x18.jpg 32w, https:\/\/villarrealcf.es\/wp-content\/uploads\/2021\/06\/8a4028c5a00bec32dbc779b8e212d73f-150x84.jpg 150w, https:\/\/villarrealcf.es\/\/wp-content\/uploads\/2021\/06\/8a4028c5a00bec32dbc779b8e212d73f-scaled.jpg 1920w, https:\/\/villarrealcf.es\/wp-content\/uploads\/2021\/06\/8a4028c5a00bec32dbc779b8e212d73f-1200x675.jpg 1200w","sizes":"auto, (max-width: 2560px) 100vw, 2560px"},{"type":"paragraph","text":"El defensa vila-realenc defendr\u00e0 els interessos de la Selecci\u00f3 Espanyola en la cita ol\u00edmpica de T\u00f2quio"},{"type":"paragraph","text":"Pau Torres ha sigut convocat pel seleccionador Luis De la Fuente entre els 22 jugadors espanyols per als Jocs Ol\u00edmpics 2020, que tindran lloc aquest estiu a T\u00f2quio (el Jap\u00f3). El defensor de Vila-real \u00e9s un dels sis futbolistes que jugaran dos campionats internacionals aquest estiu (Eurocopa i Jocs Ol\u00edmpics) juntament amb Unai Sim\u00f3n, \u00c8ric Garc\u00eda, Pedri, Dani Olmo i Mikel Oyarzabal."},{"type":"paragraph","text":"El central \u2018groguet\u2019 \u00e9s el segon jugador del Villarreal CF a ser anomenat per a disputar les Olimp\u00edades despr\u00e9s de la convocat\u00f2ria d\u2019Andrei Ratiu amb Romania."}]}],"hero":{"id":"section-1","title":"","text":"El defensa vila-realenc defendr\u00e0 els interessos de la Selecci\u00f3 Espanyola en la cita ol\u00edmpica de T\u00f2quio Pau Torres ha sigut convocat pel seleccionador Luis De la Fuente entre els 22 jugadors espanyols per als Jocs Ol\u00edmpics 2020, que tindran lloc aquest estiu a T\u00f2quio (el Jap\u00f3). El defensor de Vila-real \u00e9s un dels sis futbolistes que jugaran dos campionats internacionals aquest estiu (Eurocopa i Jocs Ol\u00edmpics) juntament amb Unai Sim\u00f3n, \u00c8ric Garc\u00eda, Pedri, Dani Olmo i Mikel Oyarzabal. El central \u2018groguet\u2019 \u00e9s el segon jugador del Villarreal CF a ser anomenat per a disputar les Olimp\u00edades despr\u00e9s de la convocat\u00f2ria d\u2019Andrei Ratiu amb Romania.","headings":[],"texts":[{"type":"paragraph","text":"El defensa vila-realenc defendr\u00e0 els interessos de la Selecci\u00f3 Espanyola en la cita ol\u00edmpica de T\u00f2quio"},{"type":"paragraph","text":"Pau Torres ha sigut convocat pel seleccionador Luis De la Fuente entre els 22 jugadors espanyols per als Jocs Ol\u00edmpics 2020, que tindran lloc aquest estiu a T\u00f2quio (el Jap\u00f3). El defensor de Vila-real \u00e9s un dels sis futbolistes que jugaran dos campionats internacionals aquest estiu (Eurocopa i Jocs Ol\u00edmpics) juntament amb Unai Sim\u00f3n, \u00c8ric Garc\u00eda, Pedri, Dani Olmo i Mikel Oyarzabal."},{"type":"paragraph","text":"El central \u2018groguet\u2019 \u00e9s el segon jugador del Villarreal CF a ser anomenat per a disputar les Olimp\u00edades despr\u00e9s de la convocat\u00f2ria d\u2019Andrei Ratiu amb Romania."}],"buttons":[],"images":[{"type":"image","url":"https:\/\/villarrealcf.es\/\/wp-content\/uploads\/2021\/06\/8a4028c5a00bec32dbc779b8e212d73f-scaled.jpg","alt":"||||||","width":2560,"height":1440,"srcset":"https:\/\/villarrealcf.es\/wp-content\/uploads\/2021\/06\/8a4028c5a00bec32dbc779b8e212d73f-scaled.jpg 2560w, https:\/\/villarrealcf.es\/\/wp-content\/uploads\/2021\/06\/8a4028c5a00bec32dbc779b8e212d73f-scaled.jpg 1920w, https:\/\/villarrealcf.es\/wp-content\/uploads\/2021\/06\/8a4028c5a00bec32dbc779b8e212d73f-1024x576.jpg 1024w, https:\/\/villarrealcf.es\/\/wp-content\/uploads\/2021\/06\/8a4028c5a00bec32dbc779b8e212d73f-scaled.jpg 1920w, https:\/\/villarrealcf.es\/wp-content\/uploads\/2021\/06\/8a4028c5a00bec32dbc779b8e212d73f-1536x864.jpg 1536w, https:\/\/villarrealcf.es\/wp-content\/uploads\/2021\/06\/8a4028c5a00bec32dbc779b8e212d73f-2048x1152.jpg 2048w, https:\/\/villarrealcf.es\/\/wp-content\/uploads\/2021\/06\/8a4028c5a00bec32dbc779b8e212d73f-scaled.jpg 1920w, https:\/\/villarrealcf.es\/wp-content\/uploads\/2021\/06\/8a4028c5a00bec32dbc779b8e212d73f-32x18.jpg 32w, https:\/\/villarrealcf.es\/wp-content\/uploads\/2021\/06\/8a4028c5a00bec32dbc779b8e212d73f-150x84.jpg 150w, https:\/\/villarrealcf.es\/\/wp-content\/uploads\/2021\/06\/8a4028c5a00bec32dbc779b8e212d73f-scaled.jpg 1920w, https:\/\/villarrealcf.es\/wp-content\/uploads\/2021\/06\/8a4028c5a00bec32dbc779b8e212d73f-1200x675.jpg 1200w","sizes":"auto, (max-width: 2560px) 100vw, 2560px"}],"widgets":[],"blocks":[{"type":"image","url":"https:\/\/villarrealcf.es\/\/wp-content\/uploads\/2021\/06\/8a4028c5a00bec32dbc779b8e212d73f-scaled.jpg","alt":"||||||","width":2560,"height":1440,"srcset":"https:\/\/villarrealcf.es\/wp-content\/uploads\/2021\/06\/8a4028c5a00bec32dbc779b8e212d73f-scaled.jpg 2560w, https:\/\/villarrealcf.es\/\/wp-content\/uploads\/2021\/06\/8a4028c5a00bec32dbc779b8e212d73f-scaled.jpg 1920w, https:\/\/villarrealcf.es\/wp-content\/uploads\/2021\/06\/8a4028c5a00bec32dbc779b8e212d73f-1024x576.jpg 1024w, https:\/\/villarrealcf.es\/\/wp-content\/uploads\/2021\/06\/8a4028c5a00bec32dbc779b8e212d73f-scaled.jpg 1920w, https:\/\/villarrealcf.es\/wp-content\/uploads\/2021\/06\/8a4028c5a00bec32dbc779b8e212d73f-1536x864.jpg 1536w, https:\/\/villarrealcf.es\/wp-content\/uploads\/2021\/06\/8a4028c5a00bec32dbc779b8e212d73f-2048x1152.jpg 2048w, https:\/\/villarrealcf.es\/\/wp-content\/uploads\/2021\/06\/8a4028c5a00bec32dbc779b8e212d73f-scaled.jpg 1920w, https:\/\/villarrealcf.es\/wp-content\/uploads\/2021\/06\/8a4028c5a00bec32dbc779b8e212d73f-32x18.jpg 32w, https:\/\/villarrealcf.es\/wp-content\/uploads\/2021\/06\/8a4028c5a00bec32dbc779b8e212d73f-150x84.jpg 150w, https:\/\/villarrealcf.es\/\/wp-content\/uploads\/2021\/06\/8a4028c5a00bec32dbc779b8e212d73f-scaled.jpg 1920w, https:\/\/villarrealcf.es\/wp-content\/uploads\/2021\/06\/8a4028c5a00bec32dbc779b8e212d73f-1200x675.jpg 1200w","sizes":"auto, (max-width: 2560px) 100vw, 2560px"},{"type":"paragraph","text":"El defensa vila-realenc defendr\u00e0 els interessos de la Selecci\u00f3 Espanyola en la cita ol\u00edmpica de T\u00f2quio"},{"type":"paragraph","text":"Pau Torres ha sigut convocat pel seleccionador Luis De la Fuente entre els 22 jugadors espanyols per als Jocs Ol\u00edmpics 2020, que tindran lloc aquest estiu a T\u00f2quio (el Jap\u00f3). El defensor de Vila-real \u00e9s un dels sis futbolistes que jugaran dos campionats internacionals aquest estiu (Eurocopa i Jocs Ol\u00edmpics) juntament amb Unai Sim\u00f3n, \u00c8ric Garc\u00eda, Pedri, Dani Olmo i Mikel Oyarzabal."},{"type":"paragraph","text":"El central \u2018groguet\u2019 \u00e9s el segon jugador del Villarreal CF a ser anomenat per a disputar les Olimp\u00edades despr\u00e9s de la convocat\u00f2ria d\u2019Andrei Ratiu amb Romania."}]}},"sections":[{"id":"section-1","title":"","text":"El defensa vila-realenc defendr\u00e0 els interessos de la Selecci\u00f3 Espanyola en la cita ol\u00edmpica de T\u00f2quio Pau Torres ha sigut convocat pel seleccionador Luis De la Fuente entre els 22 jugadors espanyols per als Jocs Ol\u00edmpics 2020, que tindran lloc aquest estiu a T\u00f2quio (el Jap\u00f3). El defensor de Vila-real \u00e9s un dels sis futbolistes que jugaran dos campionats internacionals aquest estiu (Eurocopa i Jocs Ol\u00edmpics) juntament amb Unai Sim\u00f3n, \u00c8ric Garc\u00eda, Pedri, Dani Olmo i Mikel Oyarzabal. El central \u2018groguet\u2019 \u00e9s el segon jugador del Villarreal CF a ser anomenat per a disputar les Olimp\u00edades despr\u00e9s de la convocat\u00f2ria d\u2019Andrei Ratiu amb Romania.","url":"","background_image":"","images":[{"type":"image","url":"https:\/\/villarrealcf.es\/\/wp-content\/uploads\/2021\/06\/8a4028c5a00bec32dbc779b8e212d73f-scaled.jpg","alt":"||||||","width":2560,"height":1440,"srcset":"https:\/\/villarrealcf.es\/wp-content\/uploads\/2021\/06\/8a4028c5a00bec32dbc779b8e212d73f-scaled.jpg 2560w, https:\/\/villarrealcf.es\/\/wp-content\/uploads\/2021\/06\/8a4028c5a00bec32dbc779b8e212d73f-scaled.jpg 1920w, https:\/\/villarrealcf.es\/wp-content\/uploads\/2021\/06\/8a4028c5a00bec32dbc779b8e212d73f-1024x576.jpg 1024w, https:\/\/villarrealcf.es\/\/wp-content\/uploads\/2021\/06\/8a4028c5a00bec32dbc779b8e212d73f-scaled.jpg 1920w, https:\/\/villarrealcf.es\/wp-content\/uploads\/2021\/06\/8a4028c5a00bec32dbc779b8e212d73f-1536x864.jpg 1536w, https:\/\/villarrealcf.es\/wp-content\/uploads\/2021\/06\/8a4028c5a00bec32dbc779b8e212d73f-2048x1152.jpg 2048w, https:\/\/villarrealcf.es\/\/wp-content\/uploads\/2021\/06\/8a4028c5a00bec32dbc779b8e212d73f-scaled.jpg 1920w, https:\/\/villarrealcf.es\/wp-content\/uploads\/2021\/06\/8a4028c5a00bec32dbc779b8e212d73f-32x18.jpg 32w, https:\/\/villarrealcf.es\/wp-content\/uploads\/2021\/06\/8a4028c5a00bec32dbc779b8e212d73f-150x84.jpg 150w, https:\/\/villarrealcf.es\/\/wp-content\/uploads\/2021\/06\/8a4028c5a00bec32dbc779b8e212d73f-scaled.jpg 1920w, https:\/\/villarrealcf.es\/wp-content\/uploads\/2021\/06\/8a4028c5a00bec32dbc779b8e212d73f-1200x675.jpg 1200w","sizes":"auto, (max-width: 2560px) 100vw, 2560px"}],"videos":[],"links":[]},{"id":"shortcode-caption-69ee35c2beba3","type":"shortcode","shortcode":"caption","attributes":{"id":"attachment_171286","align":"alignnone","width":""},"title":"Caption","rendered":"","data":[],"text":"","url":"","background_image":"","images":[],"videos":[],"links":[],"blocks":[]}]},"excerpt":{"rendered":"El defensa vila-realenc defendr\u00e0 els interessos de la Selecci\u00f3 Espanyola en la cita ol\u00edmpica de T\u00f2quio","protected":false},"author":1,"featured_media":171286,"comment_status":"","ping_status":"","sticky":false,"template":"","format":"standard","meta":{"_acf_changed":false,"footnotes":""},"categories":[4854],"tags":[12554,12556,9378,9270,11079,11318,9380,9571,9205,8634,9203],"acf":null,"lang":"val","translations":{"val":220278},"essential_grid":{"has_grid":false},"formatted_date":"June 29, 2021","modified_date":"June 29, 2021","permalink":"https:\/\/villarrealcf.es\/val\/pau-torres-convocado-para-los-juegos-olimpicos-2\/","reading_time":1,"featured_media_data":{"id":171286,"title":"||||||","caption":"||||||","alt_text":"","description":"","mime_type":"image\/jpeg","source_url":"https:\/\/villarrealcf.es\/wp-content\/uploads\/2021\/06\/8a4028c5a00bec32dbc779b8e212d73f-scaled.jpg","sizes":{"thumbnail":{"url":"https:\/\/villarrealcf.es\/wp-content\/uploads\/2021\/06\/8a4028c5a00bec32dbc779b8e212d73f-150x150.jpg","width":150,"height":150},"medium":{"url":"https:\/\/villarrealcf.es\/wp-content\/uploads\/2021\/06\/8a4028c5a00bec32dbc779b8e212d73f-300x169.jpg","width":300,"height":169},"medium_large":{"url":"https:\/\/villarrealcf.es\/wp-content\/uploads\/2021\/06\/8a4028c5a00bec32dbc779b8e212d73f-768x432.jpg","width":768,"height":432},"large":{"url":"https:\/\/villarrealcf.es\/wp-content\/uploads\/2021\/06\/8a4028c5a00bec32dbc779b8e212d73f-1024x576.jpg","width":788,"height":443},"1536x1536":{"url":"https:\/\/villarrealcf.es\/wp-content\/uploads\/2021\/06\/8a4028c5a00bec32dbc779b8e212d73f-1536x864.jpg","width":1536,"height":864},"2048x2048":{"url":"https:\/\/villarrealcf.es\/wp-content\/uploads\/2021\/06\/8a4028c5a00bec32dbc779b8e212d73f-2048x1152.jpg","width":2048,"height":1152},"tp-image-grid":{"url":"https:\/\/villarrealcf.es\/wp-content\/uploads\/2021\/06\/8a4028c5a00bec32dbc779b8e212d73f-700x700.jpg","width":700,"height":700},"size-bunyad-medium":{"url":"https:\/\/villarrealcf.es\/wp-content\/uploads\/2021\/06\/8a4028c5a00bec32dbc779b8e212d73f-scaled.jpg","width":1920,"height":1080},"sportspress-crop-medium":{"url":"https:\/\/villarrealcf.es\/wp-content\/uploads\/2021\/06\/8a4028c5a00bec32dbc779b8e212d73f-300x300.jpg","width":300,"height":300},"sportspress-fit-medium":{"url":"https:\/\/villarrealcf.es\/wp-content\/uploads\/2021\/06\/8a4028c5a00bec32dbc779b8e212d73f-300x169.jpg","width":300,"height":169},"sportspress-fit-icon":{"url":"https:\/\/villarrealcf.es\/wp-content\/uploads\/2021\/06\/8a4028c5a00bec32dbc779b8e212d73f-128x72.jpg","width":128,"height":72},"sportspress-fit-mini":{"url":"https:\/\/villarrealcf.es\/wp-content\/uploads\/2021\/06\/8a4028c5a00bec32dbc779b8e212d73f-32x18.jpg","width":32,"height":18},"bunyad-small":{"url":"https:\/\/villarrealcf.es\/wp-content\/uploads\/2021\/06\/8a4028c5a00bec32dbc779b8e212d73f-150x84.jpg","width":150,"height":84},"bunyad-medium":{"url":"https:\/\/villarrealcf.es\/wp-content\/uploads\/2021\/06\/8a4028c5a00bec32dbc779b8e212d73f-450x253.jpg","width":450,"height":253},"bunyad-full":{"url":"https:\/\/villarrealcf.es\/wp-content\/uploads\/2021\/06\/8a4028c5a00bec32dbc779b8e212d73f-1200x675.jpg","width":1200,"height":675},"bunyad-viewport":{"url":"https:\/\/villarrealcf.es\/wp-content\/uploads\/2021\/06\/8a4028c5a00bec32dbc779b8e212d73f-2048x1152.jpg","width":2048,"height":1152},"bunyad-768":{"url":"https:\/\/villarrealcf.es\/wp-content\/uploads\/2021\/06\/8a4028c5a00bec32dbc779b8e212d73f-768x432.jpg","width":768,"height":432},"full":{"url":"https:\/\/villarrealcf.es\/wp-content\/uploads\/2021\/06\/8a4028c5a00bec32dbc779b8e212d73f-scaled.jpg","width":2560,"height":1440}}},"author_data":{"id":"1","name":"root_envidea","first_name":"Villarreal CF","last_name":"","description":"","avatar_url":"https:\/\/secure.gravatar.com\/avatar\/48f95f42a3ccc324f3a3458e4b9e6fb070b083e99d388e170c1afb061fa99b63?s=96&d=mm&r=g","acf":null},"taxonomies_data":{"category":[{"id":4854,"name":"Noticies Generals","slug":"noticies-generals","acf":null}],"post_tag":[{"id":12554,"name":"#Football","slug":"football-val","acf":null},{"id":12556,"name":"#Soccer","slug":"soccer-val","acf":null},{"id":9378,"name":"Espa\u00f1a","slug":"espana-val","acf":null},{"id":9270,"name":"Futbol","slug":"futbol-val","acf":null},{"id":11079,"name":"Juegos Ol\u00edmpicos","slug":"juegos-olimpicos-val","acf":null},{"id":11318,"name":"Pau Torres","slug":"pau-torres-val","acf":null},{"id":9380,"name":"Selecci\u00f3n Espa\u00f1ola","slug":"seleccion-espanola-val","acf":null},{"id":9571,"name":"Selecciones","slug":"selecciones-val","acf":null},{"id":9205,"name":"Submarino","slug":"submarino-val","acf":null},{"id":8634,"name":"Tokio 2020","slug":"tokio-2020","acf":null},{"id":9203,"name":"Villarreal CF","slug":"villarreal-cf-val","acf":null}],"translation_priority":[{"id":733,"name":"Optional","slug":"optional","acf":null}]},"seo_full":{"native":{"title":"Pau Torres, convocat per als Jocs Ol\u00edmpics - Web Oficial del Villarreal CF","description":"[caption id=\"attachment_171286\" align=\"alignnone\" width=\"\"]||||||[\/caption]El defensa vila-realenc defendr\u00e0 els interessos de la Selecci\u00f3 Espanyola en la cita ol\u00edmpica de T\u00f2quio Pau&hellip;","canonical":"https:\/\/villarrealcf.es\/val\/pau-torres-convocado-para-los-juegos-olimpicos-2\/"}},"_links":{"self":[{"href":"https:\/\/villarrealcf.es\/val\/wp-json\/wp\/v2\/posts\/220278","targetHints":{"allow":["GET"]}}],"collection":[{"href":"https:\/\/villarrealcf.es\/val\/wp-json\/wp\/v2\/posts"}],"about":[{"href":"https:\/\/villarrealcf.es\/val\/wp-json\/wp\/v2\/types\/post"}],"author":[{"embeddable":true,"href":"https:\/\/villarrealcf.es\/val\/wp-json\/wp\/v2\/users\/1"}],"replies":[{"embeddable":true,"href":"https:\/\/villarrealcf.es\/val\/wp-json\/wp\/v2\/comments?post=220278"}],"version-history":[{"count":0,"href":"https:\/\/villarrealcf.es\/val\/wp-json\/wp\/v2\/posts\/220278\/revisions"}],"wp:featuredmedia":[{"embeddable":true,"href":"https:\/\/villarrealcf.es\/val\/wp-json\/wp\/v2\/media\/171286"}],"wp:attachment":[{"href":"https:\/\/villarrealcf.es\/val\/wp-json\/wp\/v2\/media?parent=220278"}],"wp:term":[{"taxonomy":"category","embeddable":true,"href":"https:\/\/villarrealcf.es\/val\/wp-json\/wp\/v2\/categories?post=220278"},{"taxonomy":"post_tag","embeddable":true,"href":"https:\/\/villarrealcf.es\/val\/wp-json\/wp\/v2\/tags?post=220278"}],"curies":[{"name":"wp","href":"https:\/\/api.w.org\/{rel}","templated":true}]}}