{"id":219424,"date":"2021-04-01T08:02:53","date_gmt":"2021-04-01T06:02:53","guid":{"rendered":"https:\/\/villarrealcf.es\/\/marcos-senna-descobreix-artana-amb-bruno-soriano\/"},"modified":"2021-04-01T08:02:53","modified_gmt":"2021-04-01T06:02:53","slug":"marcos-senna-descobreix-artana-amb-bruno-soriano","status":"publish","type":"post","link":"https:\/\/villarrealcf.es\/val\/marcos-senna-descobreix-artana-amb-bruno-soriano\/","title":{"rendered":"Marcos Senna descobreix Artana amb Bruno Soriano"},"content":{"protected":false,"blocks":[{"type":"image","url":"https:\/\/villarrealcf.es\/\/wp-content\/uploads\/2021\/04\/458c876f947e66f7a546da2700c89477.jpg","alt":"||||||","width":819,"height":460,"srcset":"https:\/\/villarrealcf.es\/wp-content\/uploads\/2021\/04\/458c876f947e66f7a546da2700c89477.jpg 819w, https:\/\/villarrealcf.es\/\/wp-content\/uploads\/2021\/04\/458c876f947e66f7a546da2700c89477.jpg 1920w, https:\/\/villarrealcf.es\/\/wp-content\/uploads\/2021\/04\/458c876f947e66f7a546da2700c89477.jpg 1920w, https:\/\/villarrealcf.es\/\/wp-content\/uploads\/2021\/04\/458c876f947e66f7a546da2700c89477.jpg 1920w, https:\/\/villarrealcf.es\/wp-content\/uploads\/2021\/04\/458c876f947e66f7a546da2700c89477-32x18.jpg 32w, https:\/\/villarrealcf.es\/wp-content\/uploads\/2021\/04\/458c876f947e66f7a546da2700c89477-150x84.jpg 150w, https:\/\/villarrealcf.es\/\/wp-content\/uploads\/2021\/04\/458c876f947e66f7a546da2700c89477.jpg 1920w","sizes":"auto, (max-width: 819px) 100vw, 819px"},{"type":"paragraph","text":"El quart cap\u00edtol de \u2018Una prov\u00edncia \u00fanica\u2019 mostra els encants de la localitat de la Plana Baixa amb la participaci\u00f3 del seu ve\u00ed m\u00e9s il\u00b7lustre"},{"type":"paragraph","text":"L\u2019esperit d\u2019Endavant Prov\u00edncia est\u00e0 m\u00e9s viu que mai. El Villarreal CF estrena aquesta setmana el quart cap\u00edtol d\u2019 \u2018Una prov\u00edncia \u00fanica\u2019, una s\u00e8rie documental que, amb Marcos Senna com a protagonista, promociona el turisme, els encants i les tradicions dels diferents municipis i comarques de la prov\u00edncia de Castell\u00f3."},{"type":"paragraph","text":"Aquesta setmana, l\u2019exjugador groc descobreix Artana, acompanyat d\u2019una altra llegenda del Villarreal, Bruno Soriano, natural de la localitat de la Plana Baixa. Al costat del seu excompany del Submar\u00ed, Marcos Senna recorre els racons m\u00e9s emblem\u00e0tics d\u2019aquest bonic poble situat als peus de la Serra d\u2019Espadan: el camp de futbol Juan Montoliu, el Calvari i l\u2019Ermita d\u2019Artana, el Castell d\u2019Artana, i l\u2019Ermita de Santa Cristina."},{"type":"paragraph","text":"A la seua arribada a Artana, l\u2019ambaixador groc va gaudir de la benvinguda de l\u2019alcalde de la localitat, Enrique Vilar. M\u00e9s tard, en la seua visita a la cooperativa d\u2019oli de la Serra d\u2019Espad\u00e1n, el seu president, Vicente Ram\u00f3n Pla, va rebre personalment a l\u2019hisp\u00e0-brasiler i li va oferir provar el producte estrela del municipi."},{"type":"paragraph","text":"Pr\u00f2ximament, tant Marcos Senna com Bruno Soriano tornaran a citar-se al poble natal del \u201921\u2019 per a vestir-se de curt i participar en el Torneig 3\u00d73 Groguet al costat dels prebenjamins i benjamins de l\u2019Artana CF."},{"type":"paragraph","text":"Descobreix el quart cap\u00edtol d\u2019 \u2018Una prov\u00edncia \u00fanica\u2019 fent play en el reproductor de v\u00eddeo adjunt a la not\u00edcia!"},{"type":"video","kind":"iframe","url":"https:\/\/www.youtube.com\/embed\/4JhPyB-a54I?feature=oembed","poster":""}],"structured":{"summary":{"text":"El quart cap\u00edtol de \u2018Una prov\u00edncia \u00fanica\u2019 mostra els encants de la localitat de la Plana Baixa amb la participaci\u00f3 del seu ve\u00ed m\u00e9s il\u00b7lustre L\u2019esperit d\u2019Endavant Prov\u00edncia est\u00e0 m\u00e9s viu que mai. El Villarreal CF estrena aquesta setmana el quart cap\u00edtol d\u2019 \u2018Una prov\u00edncia \u00fanica\u2019, una s\u00e8rie documental que, amb Marcos Senna com a protagonista, promociona el turisme, els encants i les tradicions dels diferents municipis i comarques de la prov\u00edncia de Castell\u00f3. Aquesta setmana, l\u2019exjugador groc descobreix Artana, acompanyat d\u2019una altra llegenda del Villarreal, Bruno Soriano, natural de la localitat de la Plana Baixa. Al costat del seu excompany del Submar\u00ed, Marcos Senna recorre els racons m\u00e9s emblem\u00e0tics d\u2019aquest bonic poble situat als peus de la Serra d\u2019Espadan: el camp de futbol Juan Montoliu, el Calvari i l\u2019Ermita d\u2019Artana, el Castell d\u2019Artana, i l\u2019Ermita de Santa Cristina. A la seua arribada a Artana, l\u2019ambaixador groc va gaudir de la benvinguda de l\u2019alcalde de la localitat, Enrique Vilar. M\u00e9s tard, en la seua visita a la cooperativa d\u2019oli de la Serra d\u2019Espad\u00e1n, el seu president, Vicente Ram\u00f3n Pla, va rebre personalment a l\u2019hisp\u00e0-brasiler i li va oferir provar el producte estrela del municipi. Pr\u00f2ximament, tant Marcos Senna com Bruno Soriano tornaran a citar-se al poble natal del \u201921\u2019 per a vestir-se de curt i participar en el Torneig 3\u00d73 Groguet al costat dels prebenjamins i benjamins de l\u2019Artana CF. Descobreix el quart cap\u00edtol d\u2019 \u2018Una prov\u00edncia \u00fanica\u2019 fent play en el reproductor de v\u00eddeo adjunt a la not\u00edcia!","headings":[],"buttons":[],"images":[{"type":"image","url":"https:\/\/villarrealcf.es\/\/wp-content\/uploads\/2021\/04\/458c876f947e66f7a546da2700c89477.jpg","alt":"||||||","width":819,"height":460,"srcset":"https:\/\/villarrealcf.es\/wp-content\/uploads\/2021\/04\/458c876f947e66f7a546da2700c89477.jpg 819w, https:\/\/villarrealcf.es\/\/wp-content\/uploads\/2021\/04\/458c876f947e66f7a546da2700c89477.jpg 1920w, https:\/\/villarrealcf.es\/\/wp-content\/uploads\/2021\/04\/458c876f947e66f7a546da2700c89477.jpg 1920w, https:\/\/villarrealcf.es\/\/wp-content\/uploads\/2021\/04\/458c876f947e66f7a546da2700c89477.jpg 1920w, https:\/\/villarrealcf.es\/wp-content\/uploads\/2021\/04\/458c876f947e66f7a546da2700c89477-32x18.jpg 32w, https:\/\/villarrealcf.es\/wp-content\/uploads\/2021\/04\/458c876f947e66f7a546da2700c89477-150x84.jpg 150w, https:\/\/villarrealcf.es\/\/wp-content\/uploads\/2021\/04\/458c876f947e66f7a546da2700c89477.jpg 1920w","sizes":"auto, (max-width: 819px) 100vw, 819px"}],"counts":{"blocks":8,"headings":0,"texts":6,"buttons":0,"images":1}},"sections":[{"id":"section-1","title":"","text":"El quart cap\u00edtol de \u2018Una prov\u00edncia \u00fanica\u2019 mostra els encants de la localitat de la Plana Baixa amb la participaci\u00f3 del seu ve\u00ed m\u00e9s il\u00b7lustre L\u2019esperit d\u2019Endavant Prov\u00edncia est\u00e0 m\u00e9s viu que mai. El Villarreal CF estrena aquesta setmana el quart cap\u00edtol d\u2019 \u2018Una prov\u00edncia \u00fanica\u2019, una s\u00e8rie documental que, amb Marcos Senna com a protagonista, promociona el turisme, els encants i les tradicions dels diferents municipis i comarques de la prov\u00edncia de Castell\u00f3. Aquesta setmana, l\u2019exjugador groc descobreix Artana, acompanyat d\u2019una altra llegenda del Villarreal, Bruno Soriano, natural de la localitat de la Plana Baixa. Al costat del seu excompany del Submar\u00ed, Marcos Senna recorre els racons m\u00e9s emblem\u00e0tics d\u2019aquest bonic poble situat als peus de la Serra d\u2019Espadan: el camp de futbol Juan Montoliu, el Calvari i l\u2019Ermita d\u2019Artana, el Castell d\u2019Artana, i l\u2019Ermita de Santa Cristina. A la seua arribada a Artana, l\u2019ambaixador groc va gaudir de la benvinguda de l\u2019alcalde de la localitat, Enrique Vilar. M\u00e9s tard, en la seua visita a la cooperativa d\u2019oli de la Serra d\u2019Espad\u00e1n, el seu president, Vicente Ram\u00f3n Pla, va rebre personalment a l\u2019hisp\u00e0-brasiler i li va oferir provar el producte estrela del municipi. Pr\u00f2ximament, tant Marcos Senna com Bruno Soriano tornaran a citar-se al poble natal del \u201921\u2019 per a vestir-se de curt i participar en el Torneig 3\u00d73 Groguet al costat dels prebenjamins i benjamins de l\u2019Artana CF. Descobreix el quart cap\u00edtol d\u2019 \u2018Una prov\u00edncia \u00fanica\u2019 fent play en el reproductor de v\u00eddeo adjunt a la not\u00edcia!","headings":[],"texts":[{"type":"paragraph","text":"El quart cap\u00edtol de \u2018Una prov\u00edncia \u00fanica\u2019 mostra els encants de la localitat de la Plana Baixa amb la participaci\u00f3 del seu ve\u00ed m\u00e9s il\u00b7lustre"},{"type":"paragraph","text":"L\u2019esperit d\u2019Endavant Prov\u00edncia est\u00e0 m\u00e9s viu que mai. El Villarreal CF estrena aquesta setmana el quart cap\u00edtol d\u2019 \u2018Una prov\u00edncia \u00fanica\u2019, una s\u00e8rie documental que, amb Marcos Senna com a protagonista, promociona el turisme, els encants i les tradicions dels diferents municipis i comarques de la prov\u00edncia de Castell\u00f3."},{"type":"paragraph","text":"Aquesta setmana, l\u2019exjugador groc descobreix Artana, acompanyat d\u2019una altra llegenda del Villarreal, Bruno Soriano, natural de la localitat de la Plana Baixa. Al costat del seu excompany del Submar\u00ed, Marcos Senna recorre els racons m\u00e9s emblem\u00e0tics d\u2019aquest bonic poble situat als peus de la Serra d\u2019Espadan: el camp de futbol Juan Montoliu, el Calvari i l\u2019Ermita d\u2019Artana, el Castell d\u2019Artana, i l\u2019Ermita de Santa Cristina."},{"type":"paragraph","text":"A la seua arribada a Artana, l\u2019ambaixador groc va gaudir de la benvinguda de l\u2019alcalde de la localitat, Enrique Vilar. M\u00e9s tard, en la seua visita a la cooperativa d\u2019oli de la Serra d\u2019Espad\u00e1n, el seu president, Vicente Ram\u00f3n Pla, va rebre personalment a l\u2019hisp\u00e0-brasiler i li va oferir provar el producte estrela del municipi."},{"type":"paragraph","text":"Pr\u00f2ximament, tant Marcos Senna com Bruno Soriano tornaran a citar-se al poble natal del \u201921\u2019 per a vestir-se de curt i participar en el Torneig 3\u00d73 Groguet al costat dels prebenjamins i benjamins de l\u2019Artana CF."},{"type":"paragraph","text":"Descobreix el quart cap\u00edtol d\u2019 \u2018Una prov\u00edncia \u00fanica\u2019 fent play en el reproductor de v\u00eddeo adjunt a la not\u00edcia!"}],"buttons":[],"images":[{"type":"image","url":"https:\/\/villarrealcf.es\/\/wp-content\/uploads\/2021\/04\/458c876f947e66f7a546da2700c89477.jpg","alt":"||||||","width":819,"height":460,"srcset":"https:\/\/villarrealcf.es\/wp-content\/uploads\/2021\/04\/458c876f947e66f7a546da2700c89477.jpg 819w, https:\/\/villarrealcf.es\/\/wp-content\/uploads\/2021\/04\/458c876f947e66f7a546da2700c89477.jpg 1920w, https:\/\/villarrealcf.es\/\/wp-content\/uploads\/2021\/04\/458c876f947e66f7a546da2700c89477.jpg 1920w, https:\/\/villarrealcf.es\/\/wp-content\/uploads\/2021\/04\/458c876f947e66f7a546da2700c89477.jpg 1920w, https:\/\/villarrealcf.es\/wp-content\/uploads\/2021\/04\/458c876f947e66f7a546da2700c89477-32x18.jpg 32w, https:\/\/villarrealcf.es\/wp-content\/uploads\/2021\/04\/458c876f947e66f7a546da2700c89477-150x84.jpg 150w, https:\/\/villarrealcf.es\/\/wp-content\/uploads\/2021\/04\/458c876f947e66f7a546da2700c89477.jpg 1920w","sizes":"auto, (max-width: 819px) 100vw, 819px"}],"widgets":[],"blocks":[{"type":"image","url":"https:\/\/villarrealcf.es\/\/wp-content\/uploads\/2021\/04\/458c876f947e66f7a546da2700c89477.jpg","alt":"||||||","width":819,"height":460,"srcset":"https:\/\/villarrealcf.es\/wp-content\/uploads\/2021\/04\/458c876f947e66f7a546da2700c89477.jpg 819w, https:\/\/villarrealcf.es\/\/wp-content\/uploads\/2021\/04\/458c876f947e66f7a546da2700c89477.jpg 1920w, https:\/\/villarrealcf.es\/\/wp-content\/uploads\/2021\/04\/458c876f947e66f7a546da2700c89477.jpg 1920w, https:\/\/villarrealcf.es\/\/wp-content\/uploads\/2021\/04\/458c876f947e66f7a546da2700c89477.jpg 1920w, https:\/\/villarrealcf.es\/wp-content\/uploads\/2021\/04\/458c876f947e66f7a546da2700c89477-32x18.jpg 32w, https:\/\/villarrealcf.es\/wp-content\/uploads\/2021\/04\/458c876f947e66f7a546da2700c89477-150x84.jpg 150w, https:\/\/villarrealcf.es\/\/wp-content\/uploads\/2021\/04\/458c876f947e66f7a546da2700c89477.jpg 1920w","sizes":"auto, (max-width: 819px) 100vw, 819px"},{"type":"paragraph","text":"El quart cap\u00edtol de \u2018Una prov\u00edncia \u00fanica\u2019 mostra els encants de la localitat de la Plana Baixa amb la participaci\u00f3 del seu ve\u00ed m\u00e9s il\u00b7lustre"},{"type":"paragraph","text":"L\u2019esperit d\u2019Endavant Prov\u00edncia est\u00e0 m\u00e9s viu que mai. El Villarreal CF estrena aquesta setmana el quart cap\u00edtol d\u2019 \u2018Una prov\u00edncia \u00fanica\u2019, una s\u00e8rie documental que, amb Marcos Senna com a protagonista, promociona el turisme, els encants i les tradicions dels diferents municipis i comarques de la prov\u00edncia de Castell\u00f3."},{"type":"paragraph","text":"Aquesta setmana, l\u2019exjugador groc descobreix Artana, acompanyat d\u2019una altra llegenda del Villarreal, Bruno Soriano, natural de la localitat de la Plana Baixa. Al costat del seu excompany del Submar\u00ed, Marcos Senna recorre els racons m\u00e9s emblem\u00e0tics d\u2019aquest bonic poble situat als peus de la Serra d\u2019Espadan: el camp de futbol Juan Montoliu, el Calvari i l\u2019Ermita d\u2019Artana, el Castell d\u2019Artana, i l\u2019Ermita de Santa Cristina."},{"type":"paragraph","text":"A la seua arribada a Artana, l\u2019ambaixador groc va gaudir de la benvinguda de l\u2019alcalde de la localitat, Enrique Vilar. M\u00e9s tard, en la seua visita a la cooperativa d\u2019oli de la Serra d\u2019Espad\u00e1n, el seu president, Vicente Ram\u00f3n Pla, va rebre personalment a l\u2019hisp\u00e0-brasiler i li va oferir provar el producte estrela del municipi."},{"type":"paragraph","text":"Pr\u00f2ximament, tant Marcos Senna com Bruno Soriano tornaran a citar-se al poble natal del \u201921\u2019 per a vestir-se de curt i participar en el Torneig 3\u00d73 Groguet al costat dels prebenjamins i benjamins de l\u2019Artana CF."},{"type":"paragraph","text":"Descobreix el quart cap\u00edtol d\u2019 \u2018Una prov\u00edncia \u00fanica\u2019 fent play en el reproductor de v\u00eddeo adjunt a la not\u00edcia!"},{"type":"video","kind":"iframe","url":"https:\/\/www.youtube.com\/embed\/4JhPyB-a54I?feature=oembed","poster":""}]}],"hero":{"id":"section-1","title":"","text":"El quart cap\u00edtol de \u2018Una prov\u00edncia \u00fanica\u2019 mostra els encants de la localitat de la Plana Baixa amb la participaci\u00f3 del seu ve\u00ed m\u00e9s il\u00b7lustre L\u2019esperit d\u2019Endavant Prov\u00edncia est\u00e0 m\u00e9s viu que mai. El Villarreal CF estrena aquesta setmana el quart cap\u00edtol d\u2019 \u2018Una prov\u00edncia \u00fanica\u2019, una s\u00e8rie documental que, amb Marcos Senna com a protagonista, promociona el turisme, els encants i les tradicions dels diferents municipis i comarques de la prov\u00edncia de Castell\u00f3. Aquesta setmana, l\u2019exjugador groc descobreix Artana, acompanyat d\u2019una altra llegenda del Villarreal, Bruno Soriano, natural de la localitat de la Plana Baixa. Al costat del seu excompany del Submar\u00ed, Marcos Senna recorre els racons m\u00e9s emblem\u00e0tics d\u2019aquest bonic poble situat als peus de la Serra d\u2019Espadan: el camp de futbol Juan Montoliu, el Calvari i l\u2019Ermita d\u2019Artana, el Castell d\u2019Artana, i l\u2019Ermita de Santa Cristina. A la seua arribada a Artana, l\u2019ambaixador groc va gaudir de la benvinguda de l\u2019alcalde de la localitat, Enrique Vilar. M\u00e9s tard, en la seua visita a la cooperativa d\u2019oli de la Serra d\u2019Espad\u00e1n, el seu president, Vicente Ram\u00f3n Pla, va rebre personalment a l\u2019hisp\u00e0-brasiler i li va oferir provar el producte estrela del municipi. Pr\u00f2ximament, tant Marcos Senna com Bruno Soriano tornaran a citar-se al poble natal del \u201921\u2019 per a vestir-se de curt i participar en el Torneig 3\u00d73 Groguet al costat dels prebenjamins i benjamins de l\u2019Artana CF. Descobreix el quart cap\u00edtol d\u2019 \u2018Una prov\u00edncia \u00fanica\u2019 fent play en el reproductor de v\u00eddeo adjunt a la not\u00edcia!","headings":[],"texts":[{"type":"paragraph","text":"El quart cap\u00edtol de \u2018Una prov\u00edncia \u00fanica\u2019 mostra els encants de la localitat de la Plana Baixa amb la participaci\u00f3 del seu ve\u00ed m\u00e9s il\u00b7lustre"},{"type":"paragraph","text":"L\u2019esperit d\u2019Endavant Prov\u00edncia est\u00e0 m\u00e9s viu que mai. El Villarreal CF estrena aquesta setmana el quart cap\u00edtol d\u2019 \u2018Una prov\u00edncia \u00fanica\u2019, una s\u00e8rie documental que, amb Marcos Senna com a protagonista, promociona el turisme, els encants i les tradicions dels diferents municipis i comarques de la prov\u00edncia de Castell\u00f3."},{"type":"paragraph","text":"Aquesta setmana, l\u2019exjugador groc descobreix Artana, acompanyat d\u2019una altra llegenda del Villarreal, Bruno Soriano, natural de la localitat de la Plana Baixa. Al costat del seu excompany del Submar\u00ed, Marcos Senna recorre els racons m\u00e9s emblem\u00e0tics d\u2019aquest bonic poble situat als peus de la Serra d\u2019Espadan: el camp de futbol Juan Montoliu, el Calvari i l\u2019Ermita d\u2019Artana, el Castell d\u2019Artana, i l\u2019Ermita de Santa Cristina."},{"type":"paragraph","text":"A la seua arribada a Artana, l\u2019ambaixador groc va gaudir de la benvinguda de l\u2019alcalde de la localitat, Enrique Vilar. M\u00e9s tard, en la seua visita a la cooperativa d\u2019oli de la Serra d\u2019Espad\u00e1n, el seu president, Vicente Ram\u00f3n Pla, va rebre personalment a l\u2019hisp\u00e0-brasiler i li va oferir provar el producte estrela del municipi."},{"type":"paragraph","text":"Pr\u00f2ximament, tant Marcos Senna com Bruno Soriano tornaran a citar-se al poble natal del \u201921\u2019 per a vestir-se de curt i participar en el Torneig 3\u00d73 Groguet al costat dels prebenjamins i benjamins de l\u2019Artana CF."},{"type":"paragraph","text":"Descobreix el quart cap\u00edtol d\u2019 \u2018Una prov\u00edncia \u00fanica\u2019 fent play en el reproductor de v\u00eddeo adjunt a la not\u00edcia!"}],"buttons":[],"images":[{"type":"image","url":"https:\/\/villarrealcf.es\/\/wp-content\/uploads\/2021\/04\/458c876f947e66f7a546da2700c89477.jpg","alt":"||||||","width":819,"height":460,"srcset":"https:\/\/villarrealcf.es\/wp-content\/uploads\/2021\/04\/458c876f947e66f7a546da2700c89477.jpg 819w, https:\/\/villarrealcf.es\/\/wp-content\/uploads\/2021\/04\/458c876f947e66f7a546da2700c89477.jpg 1920w, https:\/\/villarrealcf.es\/\/wp-content\/uploads\/2021\/04\/458c876f947e66f7a546da2700c89477.jpg 1920w, https:\/\/villarrealcf.es\/\/wp-content\/uploads\/2021\/04\/458c876f947e66f7a546da2700c89477.jpg 1920w, https:\/\/villarrealcf.es\/wp-content\/uploads\/2021\/04\/458c876f947e66f7a546da2700c89477-32x18.jpg 32w, https:\/\/villarrealcf.es\/wp-content\/uploads\/2021\/04\/458c876f947e66f7a546da2700c89477-150x84.jpg 150w, https:\/\/villarrealcf.es\/\/wp-content\/uploads\/2021\/04\/458c876f947e66f7a546da2700c89477.jpg 1920w","sizes":"auto, (max-width: 819px) 100vw, 819px"}],"widgets":[],"blocks":[{"type":"image","url":"https:\/\/villarrealcf.es\/\/wp-content\/uploads\/2021\/04\/458c876f947e66f7a546da2700c89477.jpg","alt":"||||||","width":819,"height":460,"srcset":"https:\/\/villarrealcf.es\/wp-content\/uploads\/2021\/04\/458c876f947e66f7a546da2700c89477.jpg 819w, https:\/\/villarrealcf.es\/\/wp-content\/uploads\/2021\/04\/458c876f947e66f7a546da2700c89477.jpg 1920w, https:\/\/villarrealcf.es\/\/wp-content\/uploads\/2021\/04\/458c876f947e66f7a546da2700c89477.jpg 1920w, https:\/\/villarrealcf.es\/\/wp-content\/uploads\/2021\/04\/458c876f947e66f7a546da2700c89477.jpg 1920w, https:\/\/villarrealcf.es\/wp-content\/uploads\/2021\/04\/458c876f947e66f7a546da2700c89477-32x18.jpg 32w, https:\/\/villarrealcf.es\/wp-content\/uploads\/2021\/04\/458c876f947e66f7a546da2700c89477-150x84.jpg 150w, https:\/\/villarrealcf.es\/\/wp-content\/uploads\/2021\/04\/458c876f947e66f7a546da2700c89477.jpg 1920w","sizes":"auto, (max-width: 819px) 100vw, 819px"},{"type":"paragraph","text":"El quart cap\u00edtol de \u2018Una prov\u00edncia \u00fanica\u2019 mostra els encants de la localitat de la Plana Baixa amb la participaci\u00f3 del seu ve\u00ed m\u00e9s il\u00b7lustre"},{"type":"paragraph","text":"L\u2019esperit d\u2019Endavant Prov\u00edncia est\u00e0 m\u00e9s viu que mai. El Villarreal CF estrena aquesta setmana el quart cap\u00edtol d\u2019 \u2018Una prov\u00edncia \u00fanica\u2019, una s\u00e8rie documental que, amb Marcos Senna com a protagonista, promociona el turisme, els encants i les tradicions dels diferents municipis i comarques de la prov\u00edncia de Castell\u00f3."},{"type":"paragraph","text":"Aquesta setmana, l\u2019exjugador groc descobreix Artana, acompanyat d\u2019una altra llegenda del Villarreal, Bruno Soriano, natural de la localitat de la Plana Baixa. Al costat del seu excompany del Submar\u00ed, Marcos Senna recorre els racons m\u00e9s emblem\u00e0tics d\u2019aquest bonic poble situat als peus de la Serra d\u2019Espadan: el camp de futbol Juan Montoliu, el Calvari i l\u2019Ermita d\u2019Artana, el Castell d\u2019Artana, i l\u2019Ermita de Santa Cristina."},{"type":"paragraph","text":"A la seua arribada a Artana, l\u2019ambaixador groc va gaudir de la benvinguda de l\u2019alcalde de la localitat, Enrique Vilar. M\u00e9s tard, en la seua visita a la cooperativa d\u2019oli de la Serra d\u2019Espad\u00e1n, el seu president, Vicente Ram\u00f3n Pla, va rebre personalment a l\u2019hisp\u00e0-brasiler i li va oferir provar el producte estrela del municipi."},{"type":"paragraph","text":"Pr\u00f2ximament, tant Marcos Senna com Bruno Soriano tornaran a citar-se al poble natal del \u201921\u2019 per a vestir-se de curt i participar en el Torneig 3\u00d73 Groguet al costat dels prebenjamins i benjamins de l\u2019Artana CF."},{"type":"paragraph","text":"Descobreix el quart cap\u00edtol d\u2019 \u2018Una prov\u00edncia \u00fanica\u2019 fent play en el reproductor de v\u00eddeo adjunt a la not\u00edcia!"},{"type":"video","kind":"iframe","url":"https:\/\/www.youtube.com\/embed\/4JhPyB-a54I?feature=oembed","poster":""}]}},"sections":[{"id":"section-1","title":"","text":"El quart cap\u00edtol de \u2018Una prov\u00edncia \u00fanica\u2019 mostra els encants de la localitat de la Plana Baixa amb la participaci\u00f3 del seu ve\u00ed m\u00e9s il\u00b7lustre L\u2019esperit d\u2019Endavant Prov\u00edncia est\u00e0 m\u00e9s viu que mai. El Villarreal CF estrena aquesta setmana el quart cap\u00edtol d\u2019 \u2018Una prov\u00edncia \u00fanica\u2019, una s\u00e8rie documental que, amb Marcos Senna com a protagonista, promociona el turisme, els encants i les tradicions dels diferents municipis i comarques de la prov\u00edncia de Castell\u00f3. Aquesta setmana, l\u2019exjugador groc descobreix Artana, acompanyat d\u2019una altra llegenda del Villarreal, Bruno Soriano, natural de la localitat de la Plana Baixa. Al costat del seu excompany del Submar\u00ed, Marcos Senna recorre els racons m\u00e9s emblem\u00e0tics d\u2019aquest bonic poble situat als peus de la Serra d\u2019Espadan: el camp de futbol Juan Montoliu, el Calvari i l\u2019Ermita d\u2019Artana, el Castell d\u2019Artana, i l\u2019Ermita de Santa Cristina. A la seua arribada a Artana, l\u2019ambaixador groc va gaudir de la benvinguda de l\u2019alcalde de la localitat, Enrique Vilar. M\u00e9s tard, en la seua visita a la cooperativa d\u2019oli de la Serra d\u2019Espad\u00e1n, el seu president, Vicente Ram\u00f3n Pla, va rebre personalment a l\u2019hisp\u00e0-brasiler i li va oferir provar el producte estrela del municipi. Pr\u00f2ximament, tant Marcos Senna com Bruno Soriano tornaran a citar-se al poble natal del \u201921\u2019 per a vestir-se de curt i participar en el Torneig 3\u00d73 Groguet al costat dels prebenjamins i benjamins de l\u2019Artana CF. Descobreix el quart cap\u00edtol d\u2019 \u2018Una prov\u00edncia \u00fanica\u2019 fent play en el reproductor de v\u00eddeo adjunt a la not\u00edcia!","url":"","background_image":"","images":[{"type":"image","url":"https:\/\/villarrealcf.es\/\/wp-content\/uploads\/2021\/04\/458c876f947e66f7a546da2700c89477.jpg","alt":"||||||","width":819,"height":460,"srcset":"https:\/\/villarrealcf.es\/wp-content\/uploads\/2021\/04\/458c876f947e66f7a546da2700c89477.jpg 819w, https:\/\/villarrealcf.es\/\/wp-content\/uploads\/2021\/04\/458c876f947e66f7a546da2700c89477.jpg 1920w, https:\/\/villarrealcf.es\/\/wp-content\/uploads\/2021\/04\/458c876f947e66f7a546da2700c89477.jpg 1920w, https:\/\/villarrealcf.es\/\/wp-content\/uploads\/2021\/04\/458c876f947e66f7a546da2700c89477.jpg 1920w, https:\/\/villarrealcf.es\/wp-content\/uploads\/2021\/04\/458c876f947e66f7a546da2700c89477-32x18.jpg 32w, https:\/\/villarrealcf.es\/wp-content\/uploads\/2021\/04\/458c876f947e66f7a546da2700c89477-150x84.jpg 150w, https:\/\/villarrealcf.es\/\/wp-content\/uploads\/2021\/04\/458c876f947e66f7a546da2700c89477.jpg 1920w","sizes":"auto, (max-width: 819px) 100vw, 819px"}],"videos":[{"type":"video","kind":"iframe","url":"https:\/\/www.youtube.com\/embed\/4JhPyB-a54I?feature=oembed","poster":""}],"links":[]},{"id":"shortcode-caption-69edeea53483d","type":"shortcode","shortcode":"caption","attributes":{"id":"attachment_167789","align":"alignnone","width":""},"title":"Caption","rendered":"","data":[],"text":"","url":"","background_image":"","images":[],"videos":[],"links":[],"blocks":[]}]},"excerpt":{"rendered":"El quart cap\u00edtol de \u2018Una prov\u00edncia \u00fanica&#8217; mostra els encants de la localitat de la Plana Baixa amb la participaci\u00f3 del seu ve\u00ed m\u00e9s il\u00b7lustre","protected":false},"author":1,"featured_media":167789,"comment_status":"","ping_status":"","sticky":false,"template":"","format":"standard","meta":{"_acf_changed":false,"footnotes":""},"categories":[13509],"tags":[12554,12556,5667,9242,10328,9270,7751,9205,9627,9203],"acf":null,"lang":"val","translations":{"val":219424},"essential_grid":{"has_grid":false},"formatted_date":"April 1, 2021","modified_date":"April 1, 2021","permalink":"https:\/\/villarrealcf.es\/val\/marcos-senna-descobreix-artana-amb-bruno-soriano\/","reading_time":2,"featured_media_data":{"id":167789,"title":"||||||","caption":"||||||","alt_text":"","description":"","mime_type":"image\/jpeg","source_url":"https:\/\/villarrealcf.es\/wp-content\/uploads\/2021\/04\/458c876f947e66f7a546da2700c89477.jpg","sizes":{"thumbnail":{"url":"https:\/\/villarrealcf.es\/wp-content\/uploads\/2021\/04\/458c876f947e66f7a546da2700c89477-150x150.jpg","width":150,"height":150},"medium":{"url":"https:\/\/villarrealcf.es\/wp-content\/uploads\/2021\/04\/458c876f947e66f7a546da2700c89477-300x168.jpg","width":300,"height":168},"medium_large":{"url":"https:\/\/villarrealcf.es\/wp-content\/uploads\/2021\/04\/458c876f947e66f7a546da2700c89477-768x431.jpg","width":768,"height":431},"large":{"url":"https:\/\/villarrealcf.es\/wp-content\/uploads\/2021\/04\/458c876f947e66f7a546da2700c89477.jpg","width":788,"height":443},"1536x1536":{"url":"https:\/\/villarrealcf.es\/wp-content\/uploads\/2021\/04\/458c876f947e66f7a546da2700c89477.jpg","width":819,"height":460},"2048x2048":{"url":"https:\/\/villarrealcf.es\/wp-content\/uploads\/2021\/04\/458c876f947e66f7a546da2700c89477.jpg","width":819,"height":460},"tp-image-grid":{"url":"https:\/\/villarrealcf.es\/wp-content\/uploads\/2021\/04\/458c876f947e66f7a546da2700c89477-700x460.jpg","width":700,"height":460},"size-bunyad-medium":{"url":"https:\/\/villarrealcf.es\/wp-content\/uploads\/2021\/04\/458c876f947e66f7a546da2700c89477.jpg","width":819,"height":460},"sportspress-crop-medium":{"url":"https:\/\/villarrealcf.es\/wp-content\/uploads\/2021\/04\/458c876f947e66f7a546da2700c89477-300x300.jpg","width":300,"height":300},"sportspress-fit-medium":{"url":"https:\/\/villarrealcf.es\/wp-content\/uploads\/2021\/04\/458c876f947e66f7a546da2700c89477-300x168.jpg","width":300,"height":168},"sportspress-fit-icon":{"url":"https:\/\/villarrealcf.es\/wp-content\/uploads\/2021\/04\/458c876f947e66f7a546da2700c89477-128x72.jpg","width":128,"height":72},"sportspress-fit-mini":{"url":"https:\/\/villarrealcf.es\/wp-content\/uploads\/2021\/04\/458c876f947e66f7a546da2700c89477-32x18.jpg","width":32,"height":18},"bunyad-small":{"url":"https:\/\/villarrealcf.es\/wp-content\/uploads\/2021\/04\/458c876f947e66f7a546da2700c89477-150x84.jpg","width":150,"height":84},"bunyad-medium":{"url":"https:\/\/villarrealcf.es\/wp-content\/uploads\/2021\/04\/458c876f947e66f7a546da2700c89477-450x253.jpg","width":450,"height":253},"bunyad-full":{"url":"https:\/\/villarrealcf.es\/wp-content\/uploads\/2021\/04\/458c876f947e66f7a546da2700c89477.jpg","width":819,"height":460},"bunyad-viewport":{"url":"https:\/\/villarrealcf.es\/wp-content\/uploads\/2021\/04\/458c876f947e66f7a546da2700c89477.jpg","width":819,"height":460},"bunyad-768":{"url":"https:\/\/villarrealcf.es\/wp-content\/uploads\/2021\/04\/458c876f947e66f7a546da2700c89477-768x431.jpg","width":768,"height":431},"full":{"url":"https:\/\/villarrealcf.es\/wp-content\/uploads\/2021\/04\/458c876f947e66f7a546da2700c89477.jpg","width":819,"height":460}}},"author_data":{"id":"1","name":"root_envidea","first_name":"Villarreal CF","last_name":"","description":"","avatar_url":"https:\/\/secure.gravatar.com\/avatar\/48f95f42a3ccc324f3a3458e4b9e6fb070b083e99d388e170c1afb061fa99b63?s=96&d=mm&r=g","acf":null},"taxonomies_data":{"category":[{"id":13509,"name":"Endavant","slug":"endavant-val","acf":null}],"post_tag":[{"id":12554,"name":"#Football","slug":"football-val","acf":null},{"id":12556,"name":"#Soccer","slug":"soccer-val","acf":null},{"id":5667,"name":"Artana","slug":"artana","acf":null},{"id":9242,"name":"Endavant","slug":"endavant-val-2","acf":null},{"id":10328,"name":"Endavant Prov\u00edncia","slug":"endavant-provincia-val-2","acf":null},{"id":9270,"name":"Futbol","slug":"futbol-val","acf":null},{"id":7751,"name":"Portada Endavant Val","slug":"portada-endavant-val","acf":null},{"id":9205,"name":"Submarino","slug":"submarino-val","acf":null},{"id":9627,"name":"Submarino Amarillo","slug":"submarino-amarillo-val","acf":null},{"id":9203,"name":"Villarreal CF","slug":"villarreal-cf-val","acf":null}],"translation_priority":[{"id":735,"name":"Optional","slug":"optional-val","acf":null}]},"seo_full":{"native":{"title":"Marcos Senna descobreix Artana amb Bruno Soriano - Web Oficial del Villarreal CF","description":"[caption id=\"attachment_167789\" align=\"alignnone\" width=\"\"]||||||[\/caption]El quart cap\u00edtol de \u2018Una prov\u00edncia \u00fanica' mostra els encants de la localitat de la Plana Baixa&hellip;","canonical":"https:\/\/villarrealcf.es\/val\/marcos-senna-descobreix-artana-amb-bruno-soriano\/"}},"_links":{"self":[{"href":"https:\/\/villarrealcf.es\/val\/wp-json\/wp\/v2\/posts\/219424","targetHints":{"allow":["GET"]}}],"collection":[{"href":"https:\/\/villarrealcf.es\/val\/wp-json\/wp\/v2\/posts"}],"about":[{"href":"https:\/\/villarrealcf.es\/val\/wp-json\/wp\/v2\/types\/post"}],"author":[{"embeddable":true,"href":"https:\/\/villarrealcf.es\/val\/wp-json\/wp\/v2\/users\/1"}],"replies":[{"embeddable":true,"href":"https:\/\/villarrealcf.es\/val\/wp-json\/wp\/v2\/comments?post=219424"}],"version-history":[{"count":0,"href":"https:\/\/villarrealcf.es\/val\/wp-json\/wp\/v2\/posts\/219424\/revisions"}],"wp:featuredmedia":[{"embeddable":true,"href":"https:\/\/villarrealcf.es\/val\/wp-json\/wp\/v2\/media\/167789"}],"wp:attachment":[{"href":"https:\/\/villarrealcf.es\/val\/wp-json\/wp\/v2\/media?parent=219424"}],"wp:term":[{"taxonomy":"category","embeddable":true,"href":"https:\/\/villarrealcf.es\/val\/wp-json\/wp\/v2\/categories?post=219424"},{"taxonomy":"post_tag","embeddable":true,"href":"https:\/\/villarrealcf.es\/val\/wp-json\/wp\/v2\/tags?post=219424"}],"curies":[{"name":"wp","href":"https:\/\/api.w.org\/{rel}","templated":true}]}}