{"id":219386,"date":"2021-03-25T07:05:20","date_gmt":"2021-03-25T06:05:20","guid":{"rendered":"https:\/\/villarrealcf.es\/\/albiol-i-elena-de-toro-tornen-al-col-legi\/"},"modified":"2021-03-25T07:05:20","modified_gmt":"2021-03-25T06:05:20","slug":"albiol-i-elena-de-toro-tornen-al-col-legi","status":"publish","type":"post","link":"https:\/\/villarrealcf.es\/val\/albiol-i-elena-de-toro-tornen-al-col-legi\/","title":{"rendered":"Albiol i Elena de Toro tornen al col\u00b7legi"},"content":{"protected":false,"blocks":[{"type":"image","url":"https:\/\/villarrealcf.es\/\/wp-content\/uploads\/2021\/03\/ce84f86c7167a6f13ec6c2bf77344615.jpg","alt":"||||","width":1344,"height":756,"srcset":"https:\/\/villarrealcf.es\/wp-content\/uploads\/2021\/03\/ce84f86c7167a6f13ec6c2bf77344615.jpg 1344w, https:\/\/villarrealcf.es\/\/wp-content\/uploads\/2021\/03\/ce84f86c7167a6f13ec6c2bf77344615.jpg 1920w, https:\/\/villarrealcf.es\/wp-content\/uploads\/2021\/03\/ce84f86c7167a6f13ec6c2bf77344615-1024x576.jpg 1024w, https:\/\/villarrealcf.es\/\/wp-content\/uploads\/2021\/03\/ce84f86c7167a6f13ec6c2bf77344615.jpg 1920w, https:\/\/villarrealcf.es\/\/wp-content\/uploads\/2021\/03\/ce84f86c7167a6f13ec6c2bf77344615.jpg 1920w, https:\/\/villarrealcf.es\/wp-content\/uploads\/2021\/03\/ce84f86c7167a6f13ec6c2bf77344615-32x18.jpg 32w, https:\/\/villarrealcf.es\/wp-content\/uploads\/2021\/03\/ce84f86c7167a6f13ec6c2bf77344615-150x84.jpg 150w, https:\/\/villarrealcf.es\/\/wp-content\/uploads\/2021\/03\/ce84f86c7167a6f13ec6c2bf77344615.jpg 1920w, https:\/\/villarrealcf.es\/wp-content\/uploads\/2021\/03\/ce84f86c7167a6f13ec6c2bf77344615-1200x675.jpg 1200w","sizes":"auto, (max-width: 1344px) 100vw, 1344px"},{"type":"paragraph","text":"El central del Villarreal i la portera del Femen\u00ed han participat en una divertida videollamada amb els alumnes de sis\u00e9 curs del CEIP Llu\u00eds Vives de Xilxes"},{"type":"paragraph","text":"Ra\u00fal Albiol i Elena de Toro han participat aquesta vesprada en una divertida videoconfer\u00e8ncia amb els alumnes del col\u00b7legi CEIP Llu\u00eds Vives de Xilxes. Els estudiants de sis\u00e9 curs han pogut assaciar la seua curiositat traslladant-li al central del Villarreal i a la portera del Femen\u00ed A una infinitat de divertides preguntes sobre les seues traject\u00f2ries professionals en una distesa xarrada \u2018en l\u00ednia\u2019.Un nou format per a fer front a la pand\u00e8mia del Covid-19El Villarreal es reinventa en temps d\u2019adversitat. A trav\u00e9s del programa Endavant Club Groguet, el club groc ha ideat un nou format virtual per a dur a terme l\u2019activitat \u2018Una Estrela en El teu Col\u00b7le\u2019, malgrat la pand\u00e8mia del Covid-19, i acostar aix\u00ed a les estreles grogues amb els aficionats m\u00e9s joves de la nostra prov\u00edncia.Fins al moment, aquesta temporada han participat d\u2019aquesta iniciativa Fer Ni\u00f1o (CEIP Bot\u00e0nic Calduch), Sergio Asenjo (CEIP Don Jos\u00e9 Alba de La Vilavella), Jaume Costa (CEIP Llu\u00eds Tena de Sant Jordi) i Ra\u00fal Albiol i Elena de Toro (CEIP Llu\u00eds Vives de Xilxes). D\u2019ara en avant, els jugadors del Submar\u00ed i les futbolistes del Femen\u00ed A participaran en videollamadas per m\u00e9s centres escolars per a gaudir amb els m\u00e9s xicotets.Cal recordar que, m\u00e9s enll\u00e0 de les xarrades virtuals, els centres escolars de la prov\u00edncia de Castell\u00f3 poden gaudir de manera gratu\u00efta d\u2019un entrenament dirigit per t\u00e8cnics del futbol base groc i d\u2019una visita guiada per l\u2019Estadi de la Cer\u00e0mica."},{"type":"video","kind":"iframe","url":"https:\/\/www.youtube.com\/embed\/Se4tgaxaoUA?feature=oembed","poster":""}],"structured":{"summary":{"text":"El central del Villarreal i la portera del Femen\u00ed han participat en una divertida videollamada amb els alumnes de sis\u00e9 curs del CEIP Llu\u00eds Vives de Xilxes Ra\u00fal Albiol i Elena de Toro han participat aquesta vesprada en una divertida videoconfer\u00e8ncia amb els alumnes del col\u00b7legi CEIP Llu\u00eds Vives de Xilxes. Els estudiants de sis\u00e9 curs han pogut assaciar la seua curiositat traslladant-li al central del Villarreal i a la portera del Femen\u00ed A una infinitat de divertides preguntes sobre les seues traject\u00f2ries professionals en una distesa xarrada \u2018en l\u00ednia\u2019.Un nou format per a fer front a la pand\u00e8mia del Covid-19El Villarreal es reinventa en temps d\u2019adversitat. A trav\u00e9s del programa Endavant Club Groguet, el club groc ha ideat un nou format virtual per a dur a terme l\u2019activitat \u2018Una Estrela en El teu Col\u00b7le\u2019, malgrat la pand\u00e8mia del Covid-19, i acostar aix\u00ed a les estreles grogues amb els aficionats m\u00e9s joves de la nostra prov\u00edncia.Fins al moment, aquesta temporada han participat d\u2019aquesta iniciativa Fer Ni\u00f1o (CEIP Bot\u00e0nic Calduch), Sergio Asenjo (CEIP Don Jos\u00e9 Alba de La Vilavella), Jaume Costa (CEIP Llu\u00eds Tena de Sant Jordi) i Ra\u00fal Albiol i Elena de Toro (CEIP Llu\u00eds Vives de Xilxes). D\u2019ara en avant, els jugadors del Submar\u00ed i les futbolistes del Femen\u00ed A participaran en videollamadas per m\u00e9s centres escolars per a gaudir amb els m\u00e9s xicotets.Cal recordar que, m\u00e9s enll\u00e0 de les xarrades virtuals, els centres escolars de la prov\u00edncia de Castell\u00f3 poden gaudir de manera gratu\u00efta d\u2019un entrenament dirigit per t\u00e8cnics del futbol base groc i d\u2019una visita guiada per l\u2019Estadi de la Cer\u00e0mica.","headings":[],"buttons":[],"images":[{"type":"image","url":"https:\/\/villarrealcf.es\/\/wp-content\/uploads\/2021\/03\/ce84f86c7167a6f13ec6c2bf77344615.jpg","alt":"||||","width":1344,"height":756,"srcset":"https:\/\/villarrealcf.es\/wp-content\/uploads\/2021\/03\/ce84f86c7167a6f13ec6c2bf77344615.jpg 1344w, https:\/\/villarrealcf.es\/\/wp-content\/uploads\/2021\/03\/ce84f86c7167a6f13ec6c2bf77344615.jpg 1920w, https:\/\/villarrealcf.es\/wp-content\/uploads\/2021\/03\/ce84f86c7167a6f13ec6c2bf77344615-1024x576.jpg 1024w, https:\/\/villarrealcf.es\/\/wp-content\/uploads\/2021\/03\/ce84f86c7167a6f13ec6c2bf77344615.jpg 1920w, https:\/\/villarrealcf.es\/\/wp-content\/uploads\/2021\/03\/ce84f86c7167a6f13ec6c2bf77344615.jpg 1920w, https:\/\/villarrealcf.es\/wp-content\/uploads\/2021\/03\/ce84f86c7167a6f13ec6c2bf77344615-32x18.jpg 32w, https:\/\/villarrealcf.es\/wp-content\/uploads\/2021\/03\/ce84f86c7167a6f13ec6c2bf77344615-150x84.jpg 150w, https:\/\/villarrealcf.es\/\/wp-content\/uploads\/2021\/03\/ce84f86c7167a6f13ec6c2bf77344615.jpg 1920w, https:\/\/villarrealcf.es\/wp-content\/uploads\/2021\/03\/ce84f86c7167a6f13ec6c2bf77344615-1200x675.jpg 1200w","sizes":"auto, (max-width: 1344px) 100vw, 1344px"}],"counts":{"blocks":4,"headings":0,"texts":2,"buttons":0,"images":1}},"sections":[{"id":"section-1","title":"","text":"El central del Villarreal i la portera del Femen\u00ed han participat en una divertida videollamada amb els alumnes de sis\u00e9 curs del CEIP Llu\u00eds Vives de Xilxes Ra\u00fal Albiol i Elena de Toro han participat aquesta vesprada en una divertida videoconfer\u00e8ncia amb els alumnes del col\u00b7legi CEIP Llu\u00eds Vives de Xilxes. Els estudiants de sis\u00e9 curs han pogut assaciar la seua curiositat traslladant-li al central del Villarreal i a la portera del Femen\u00ed A una infinitat de divertides preguntes sobre les seues traject\u00f2ries professionals en una distesa xarrada \u2018en l\u00ednia\u2019.Un nou format per a fer front a la pand\u00e8mia del Covid-19El Villarreal es reinventa en temps d\u2019adversitat. A trav\u00e9s del programa Endavant Club Groguet, el club groc ha ideat un nou format virtual per a dur a terme l\u2019activitat \u2018Una Estrela en El teu Col\u00b7le\u2019, malgrat la pand\u00e8mia del Covid-19, i acostar aix\u00ed a les estreles grogues amb els aficionats m\u00e9s joves de la nostra prov\u00edncia.Fins al moment, aquesta temporada han participat d\u2019aquesta iniciativa Fer Ni\u00f1o (CEIP Bot\u00e0nic Calduch), Sergio Asenjo (CEIP Don Jos\u00e9 Alba de La Vilavella), Jaume Costa (CEIP Llu\u00eds Tena de Sant Jordi) i Ra\u00fal Albiol i Elena de Toro (CEIP Llu\u00eds Vives de Xilxes). D\u2019ara en avant, els jugadors del Submar\u00ed i les futbolistes del Femen\u00ed A participaran en videollamadas per m\u00e9s centres escolars per a gaudir amb els m\u00e9s xicotets.Cal recordar que, m\u00e9s enll\u00e0 de les xarrades virtuals, els centres escolars de la prov\u00edncia de Castell\u00f3 poden gaudir de manera gratu\u00efta d\u2019un entrenament dirigit per t\u00e8cnics del futbol base groc i d\u2019una visita guiada per l\u2019Estadi de la Cer\u00e0mica.","headings":[],"texts":[{"type":"paragraph","text":"El central del Villarreal i la portera del Femen\u00ed han participat en una divertida videollamada amb els alumnes de sis\u00e9 curs del CEIP Llu\u00eds Vives de Xilxes"},{"type":"paragraph","text":"Ra\u00fal Albiol i Elena de Toro han participat aquesta vesprada en una divertida videoconfer\u00e8ncia amb els alumnes del col\u00b7legi CEIP Llu\u00eds Vives de Xilxes. Els estudiants de sis\u00e9 curs han pogut assaciar la seua curiositat traslladant-li al central del Villarreal i a la portera del Femen\u00ed A una infinitat de divertides preguntes sobre les seues traject\u00f2ries professionals en una distesa xarrada \u2018en l\u00ednia\u2019.Un nou format per a fer front a la pand\u00e8mia del Covid-19El Villarreal es reinventa en temps d\u2019adversitat. A trav\u00e9s del programa Endavant Club Groguet, el club groc ha ideat un nou format virtual per a dur a terme l\u2019activitat \u2018Una Estrela en El teu Col\u00b7le\u2019, malgrat la pand\u00e8mia del Covid-19, i acostar aix\u00ed a les estreles grogues amb els aficionats m\u00e9s joves de la nostra prov\u00edncia.Fins al moment, aquesta temporada han participat d\u2019aquesta iniciativa Fer Ni\u00f1o (CEIP Bot\u00e0nic Calduch), Sergio Asenjo (CEIP Don Jos\u00e9 Alba de La Vilavella), Jaume Costa (CEIP Llu\u00eds Tena de Sant Jordi) i Ra\u00fal Albiol i Elena de Toro (CEIP Llu\u00eds Vives de Xilxes). D\u2019ara en avant, els jugadors del Submar\u00ed i les futbolistes del Femen\u00ed A participaran en videollamadas per m\u00e9s centres escolars per a gaudir amb els m\u00e9s xicotets.Cal recordar que, m\u00e9s enll\u00e0 de les xarrades virtuals, els centres escolars de la prov\u00edncia de Castell\u00f3 poden gaudir de manera gratu\u00efta d\u2019un entrenament dirigit per t\u00e8cnics del futbol base groc i d\u2019una visita guiada per l\u2019Estadi de la Cer\u00e0mica."}],"buttons":[],"images":[{"type":"image","url":"https:\/\/villarrealcf.es\/\/wp-content\/uploads\/2021\/03\/ce84f86c7167a6f13ec6c2bf77344615.jpg","alt":"||||","width":1344,"height":756,"srcset":"https:\/\/villarrealcf.es\/wp-content\/uploads\/2021\/03\/ce84f86c7167a6f13ec6c2bf77344615.jpg 1344w, https:\/\/villarrealcf.es\/\/wp-content\/uploads\/2021\/03\/ce84f86c7167a6f13ec6c2bf77344615.jpg 1920w, https:\/\/villarrealcf.es\/wp-content\/uploads\/2021\/03\/ce84f86c7167a6f13ec6c2bf77344615-1024x576.jpg 1024w, https:\/\/villarrealcf.es\/\/wp-content\/uploads\/2021\/03\/ce84f86c7167a6f13ec6c2bf77344615.jpg 1920w, https:\/\/villarrealcf.es\/\/wp-content\/uploads\/2021\/03\/ce84f86c7167a6f13ec6c2bf77344615.jpg 1920w, https:\/\/villarrealcf.es\/wp-content\/uploads\/2021\/03\/ce84f86c7167a6f13ec6c2bf77344615-32x18.jpg 32w, https:\/\/villarrealcf.es\/wp-content\/uploads\/2021\/03\/ce84f86c7167a6f13ec6c2bf77344615-150x84.jpg 150w, https:\/\/villarrealcf.es\/\/wp-content\/uploads\/2021\/03\/ce84f86c7167a6f13ec6c2bf77344615.jpg 1920w, https:\/\/villarrealcf.es\/wp-content\/uploads\/2021\/03\/ce84f86c7167a6f13ec6c2bf77344615-1200x675.jpg 1200w","sizes":"auto, (max-width: 1344px) 100vw, 1344px"}],"widgets":[],"blocks":[{"type":"image","url":"https:\/\/villarrealcf.es\/\/wp-content\/uploads\/2021\/03\/ce84f86c7167a6f13ec6c2bf77344615.jpg","alt":"||||","width":1344,"height":756,"srcset":"https:\/\/villarrealcf.es\/wp-content\/uploads\/2021\/03\/ce84f86c7167a6f13ec6c2bf77344615.jpg 1344w, https:\/\/villarrealcf.es\/\/wp-content\/uploads\/2021\/03\/ce84f86c7167a6f13ec6c2bf77344615.jpg 1920w, https:\/\/villarrealcf.es\/wp-content\/uploads\/2021\/03\/ce84f86c7167a6f13ec6c2bf77344615-1024x576.jpg 1024w, https:\/\/villarrealcf.es\/\/wp-content\/uploads\/2021\/03\/ce84f86c7167a6f13ec6c2bf77344615.jpg 1920w, https:\/\/villarrealcf.es\/\/wp-content\/uploads\/2021\/03\/ce84f86c7167a6f13ec6c2bf77344615.jpg 1920w, https:\/\/villarrealcf.es\/wp-content\/uploads\/2021\/03\/ce84f86c7167a6f13ec6c2bf77344615-32x18.jpg 32w, https:\/\/villarrealcf.es\/wp-content\/uploads\/2021\/03\/ce84f86c7167a6f13ec6c2bf77344615-150x84.jpg 150w, https:\/\/villarrealcf.es\/\/wp-content\/uploads\/2021\/03\/ce84f86c7167a6f13ec6c2bf77344615.jpg 1920w, https:\/\/villarrealcf.es\/wp-content\/uploads\/2021\/03\/ce84f86c7167a6f13ec6c2bf77344615-1200x675.jpg 1200w","sizes":"auto, (max-width: 1344px) 100vw, 1344px"},{"type":"paragraph","text":"El central del Villarreal i la portera del Femen\u00ed han participat en una divertida videollamada amb els alumnes de sis\u00e9 curs del CEIP Llu\u00eds Vives de Xilxes"},{"type":"paragraph","text":"Ra\u00fal Albiol i Elena de Toro han participat aquesta vesprada en una divertida videoconfer\u00e8ncia amb els alumnes del col\u00b7legi CEIP Llu\u00eds Vives de Xilxes. Els estudiants de sis\u00e9 curs han pogut assaciar la seua curiositat traslladant-li al central del Villarreal i a la portera del Femen\u00ed A una infinitat de divertides preguntes sobre les seues traject\u00f2ries professionals en una distesa xarrada \u2018en l\u00ednia\u2019.Un nou format per a fer front a la pand\u00e8mia del Covid-19El Villarreal es reinventa en temps d\u2019adversitat. A trav\u00e9s del programa Endavant Club Groguet, el club groc ha ideat un nou format virtual per a dur a terme l\u2019activitat \u2018Una Estrela en El teu Col\u00b7le\u2019, malgrat la pand\u00e8mia del Covid-19, i acostar aix\u00ed a les estreles grogues amb els aficionats m\u00e9s joves de la nostra prov\u00edncia.Fins al moment, aquesta temporada han participat d\u2019aquesta iniciativa Fer Ni\u00f1o (CEIP Bot\u00e0nic Calduch), Sergio Asenjo (CEIP Don Jos\u00e9 Alba de La Vilavella), Jaume Costa (CEIP Llu\u00eds Tena de Sant Jordi) i Ra\u00fal Albiol i Elena de Toro (CEIP Llu\u00eds Vives de Xilxes). D\u2019ara en avant, els jugadors del Submar\u00ed i les futbolistes del Femen\u00ed A participaran en videollamadas per m\u00e9s centres escolars per a gaudir amb els m\u00e9s xicotets.Cal recordar que, m\u00e9s enll\u00e0 de les xarrades virtuals, els centres escolars de la prov\u00edncia de Castell\u00f3 poden gaudir de manera gratu\u00efta d\u2019un entrenament dirigit per t\u00e8cnics del futbol base groc i d\u2019una visita guiada per l\u2019Estadi de la Cer\u00e0mica."},{"type":"video","kind":"iframe","url":"https:\/\/www.youtube.com\/embed\/Se4tgaxaoUA?feature=oembed","poster":""}]}],"hero":{"id":"section-1","title":"","text":"El central del Villarreal i la portera del Femen\u00ed han participat en una divertida videollamada amb els alumnes de sis\u00e9 curs del CEIP Llu\u00eds Vives de Xilxes Ra\u00fal Albiol i Elena de Toro han participat aquesta vesprada en una divertida videoconfer\u00e8ncia amb els alumnes del col\u00b7legi CEIP Llu\u00eds Vives de Xilxes. Els estudiants de sis\u00e9 curs han pogut assaciar la seua curiositat traslladant-li al central del Villarreal i a la portera del Femen\u00ed A una infinitat de divertides preguntes sobre les seues traject\u00f2ries professionals en una distesa xarrada \u2018en l\u00ednia\u2019.Un nou format per a fer front a la pand\u00e8mia del Covid-19El Villarreal es reinventa en temps d\u2019adversitat. A trav\u00e9s del programa Endavant Club Groguet, el club groc ha ideat un nou format virtual per a dur a terme l\u2019activitat \u2018Una Estrela en El teu Col\u00b7le\u2019, malgrat la pand\u00e8mia del Covid-19, i acostar aix\u00ed a les estreles grogues amb els aficionats m\u00e9s joves de la nostra prov\u00edncia.Fins al moment, aquesta temporada han participat d\u2019aquesta iniciativa Fer Ni\u00f1o (CEIP Bot\u00e0nic Calduch), Sergio Asenjo (CEIP Don Jos\u00e9 Alba de La Vilavella), Jaume Costa (CEIP Llu\u00eds Tena de Sant Jordi) i Ra\u00fal Albiol i Elena de Toro (CEIP Llu\u00eds Vives de Xilxes). D\u2019ara en avant, els jugadors del Submar\u00ed i les futbolistes del Femen\u00ed A participaran en videollamadas per m\u00e9s centres escolars per a gaudir amb els m\u00e9s xicotets.Cal recordar que, m\u00e9s enll\u00e0 de les xarrades virtuals, els centres escolars de la prov\u00edncia de Castell\u00f3 poden gaudir de manera gratu\u00efta d\u2019un entrenament dirigit per t\u00e8cnics del futbol base groc i d\u2019una visita guiada per l\u2019Estadi de la Cer\u00e0mica.","headings":[],"texts":[{"type":"paragraph","text":"El central del Villarreal i la portera del Femen\u00ed han participat en una divertida videollamada amb els alumnes de sis\u00e9 curs del CEIP Llu\u00eds Vives de Xilxes"},{"type":"paragraph","text":"Ra\u00fal Albiol i Elena de Toro han participat aquesta vesprada en una divertida videoconfer\u00e8ncia amb els alumnes del col\u00b7legi CEIP Llu\u00eds Vives de Xilxes. Els estudiants de sis\u00e9 curs han pogut assaciar la seua curiositat traslladant-li al central del Villarreal i a la portera del Femen\u00ed A una infinitat de divertides preguntes sobre les seues traject\u00f2ries professionals en una distesa xarrada \u2018en l\u00ednia\u2019.Un nou format per a fer front a la pand\u00e8mia del Covid-19El Villarreal es reinventa en temps d\u2019adversitat. A trav\u00e9s del programa Endavant Club Groguet, el club groc ha ideat un nou format virtual per a dur a terme l\u2019activitat \u2018Una Estrela en El teu Col\u00b7le\u2019, malgrat la pand\u00e8mia del Covid-19, i acostar aix\u00ed a les estreles grogues amb els aficionats m\u00e9s joves de la nostra prov\u00edncia.Fins al moment, aquesta temporada han participat d\u2019aquesta iniciativa Fer Ni\u00f1o (CEIP Bot\u00e0nic Calduch), Sergio Asenjo (CEIP Don Jos\u00e9 Alba de La Vilavella), Jaume Costa (CEIP Llu\u00eds Tena de Sant Jordi) i Ra\u00fal Albiol i Elena de Toro (CEIP Llu\u00eds Vives de Xilxes). D\u2019ara en avant, els jugadors del Submar\u00ed i les futbolistes del Femen\u00ed A participaran en videollamadas per m\u00e9s centres escolars per a gaudir amb els m\u00e9s xicotets.Cal recordar que, m\u00e9s enll\u00e0 de les xarrades virtuals, els centres escolars de la prov\u00edncia de Castell\u00f3 poden gaudir de manera gratu\u00efta d\u2019un entrenament dirigit per t\u00e8cnics del futbol base groc i d\u2019una visita guiada per l\u2019Estadi de la Cer\u00e0mica."}],"buttons":[],"images":[{"type":"image","url":"https:\/\/villarrealcf.es\/\/wp-content\/uploads\/2021\/03\/ce84f86c7167a6f13ec6c2bf77344615.jpg","alt":"||||","width":1344,"height":756,"srcset":"https:\/\/villarrealcf.es\/wp-content\/uploads\/2021\/03\/ce84f86c7167a6f13ec6c2bf77344615.jpg 1344w, https:\/\/villarrealcf.es\/\/wp-content\/uploads\/2021\/03\/ce84f86c7167a6f13ec6c2bf77344615.jpg 1920w, https:\/\/villarrealcf.es\/wp-content\/uploads\/2021\/03\/ce84f86c7167a6f13ec6c2bf77344615-1024x576.jpg 1024w, https:\/\/villarrealcf.es\/\/wp-content\/uploads\/2021\/03\/ce84f86c7167a6f13ec6c2bf77344615.jpg 1920w, https:\/\/villarrealcf.es\/\/wp-content\/uploads\/2021\/03\/ce84f86c7167a6f13ec6c2bf77344615.jpg 1920w, https:\/\/villarrealcf.es\/wp-content\/uploads\/2021\/03\/ce84f86c7167a6f13ec6c2bf77344615-32x18.jpg 32w, https:\/\/villarrealcf.es\/wp-content\/uploads\/2021\/03\/ce84f86c7167a6f13ec6c2bf77344615-150x84.jpg 150w, https:\/\/villarrealcf.es\/\/wp-content\/uploads\/2021\/03\/ce84f86c7167a6f13ec6c2bf77344615.jpg 1920w, https:\/\/villarrealcf.es\/wp-content\/uploads\/2021\/03\/ce84f86c7167a6f13ec6c2bf77344615-1200x675.jpg 1200w","sizes":"auto, (max-width: 1344px) 100vw, 1344px"}],"widgets":[],"blocks":[{"type":"image","url":"https:\/\/villarrealcf.es\/\/wp-content\/uploads\/2021\/03\/ce84f86c7167a6f13ec6c2bf77344615.jpg","alt":"||||","width":1344,"height":756,"srcset":"https:\/\/villarrealcf.es\/wp-content\/uploads\/2021\/03\/ce84f86c7167a6f13ec6c2bf77344615.jpg 1344w, https:\/\/villarrealcf.es\/\/wp-content\/uploads\/2021\/03\/ce84f86c7167a6f13ec6c2bf77344615.jpg 1920w, https:\/\/villarrealcf.es\/wp-content\/uploads\/2021\/03\/ce84f86c7167a6f13ec6c2bf77344615-1024x576.jpg 1024w, https:\/\/villarrealcf.es\/\/wp-content\/uploads\/2021\/03\/ce84f86c7167a6f13ec6c2bf77344615.jpg 1920w, https:\/\/villarrealcf.es\/\/wp-content\/uploads\/2021\/03\/ce84f86c7167a6f13ec6c2bf77344615.jpg 1920w, https:\/\/villarrealcf.es\/wp-content\/uploads\/2021\/03\/ce84f86c7167a6f13ec6c2bf77344615-32x18.jpg 32w, https:\/\/villarrealcf.es\/wp-content\/uploads\/2021\/03\/ce84f86c7167a6f13ec6c2bf77344615-150x84.jpg 150w, https:\/\/villarrealcf.es\/\/wp-content\/uploads\/2021\/03\/ce84f86c7167a6f13ec6c2bf77344615.jpg 1920w, https:\/\/villarrealcf.es\/wp-content\/uploads\/2021\/03\/ce84f86c7167a6f13ec6c2bf77344615-1200x675.jpg 1200w","sizes":"auto, (max-width: 1344px) 100vw, 1344px"},{"type":"paragraph","text":"El central del Villarreal i la portera del Femen\u00ed han participat en una divertida videollamada amb els alumnes de sis\u00e9 curs del CEIP Llu\u00eds Vives de Xilxes"},{"type":"paragraph","text":"Ra\u00fal Albiol i Elena de Toro han participat aquesta vesprada en una divertida videoconfer\u00e8ncia amb els alumnes del col\u00b7legi CEIP Llu\u00eds Vives de Xilxes. Els estudiants de sis\u00e9 curs han pogut assaciar la seua curiositat traslladant-li al central del Villarreal i a la portera del Femen\u00ed A una infinitat de divertides preguntes sobre les seues traject\u00f2ries professionals en una distesa xarrada \u2018en l\u00ednia\u2019.Un nou format per a fer front a la pand\u00e8mia del Covid-19El Villarreal es reinventa en temps d\u2019adversitat. A trav\u00e9s del programa Endavant Club Groguet, el club groc ha ideat un nou format virtual per a dur a terme l\u2019activitat \u2018Una Estrela en El teu Col\u00b7le\u2019, malgrat la pand\u00e8mia del Covid-19, i acostar aix\u00ed a les estreles grogues amb els aficionats m\u00e9s joves de la nostra prov\u00edncia.Fins al moment, aquesta temporada han participat d\u2019aquesta iniciativa Fer Ni\u00f1o (CEIP Bot\u00e0nic Calduch), Sergio Asenjo (CEIP Don Jos\u00e9 Alba de La Vilavella), Jaume Costa (CEIP Llu\u00eds Tena de Sant Jordi) i Ra\u00fal Albiol i Elena de Toro (CEIP Llu\u00eds Vives de Xilxes). D\u2019ara en avant, els jugadors del Submar\u00ed i les futbolistes del Femen\u00ed A participaran en videollamadas per m\u00e9s centres escolars per a gaudir amb els m\u00e9s xicotets.Cal recordar que, m\u00e9s enll\u00e0 de les xarrades virtuals, els centres escolars de la prov\u00edncia de Castell\u00f3 poden gaudir de manera gratu\u00efta d\u2019un entrenament dirigit per t\u00e8cnics del futbol base groc i d\u2019una visita guiada per l\u2019Estadi de la Cer\u00e0mica."},{"type":"video","kind":"iframe","url":"https:\/\/www.youtube.com\/embed\/Se4tgaxaoUA?feature=oembed","poster":""}]}},"sections":[{"id":"section-1","title":"","text":"El central del Villarreal i la portera del Femen\u00ed han participat en una divertida videollamada amb els alumnes de sis\u00e9 curs del CEIP Llu\u00eds Vives de Xilxes Ra\u00fal Albiol i Elena de Toro han participat aquesta vesprada en una divertida videoconfer\u00e8ncia amb els alumnes del col\u00b7legi CEIP Llu\u00eds Vives de Xilxes. Els estudiants de sis\u00e9 curs han pogut assaciar la seua curiositat traslladant-li al central del Villarreal i a la portera del Femen\u00ed A una infinitat de divertides preguntes sobre les seues traject\u00f2ries professionals en una distesa xarrada \u2018en l\u00ednia\u2019.Un nou format per a fer front a la pand\u00e8mia del Covid-19El Villarreal es reinventa en temps d\u2019adversitat. A trav\u00e9s del programa Endavant Club Groguet, el club groc ha ideat un nou format virtual per a dur a terme l\u2019activitat \u2018Una Estrela en El teu Col\u00b7le\u2019, malgrat la pand\u00e8mia del Covid-19, i acostar aix\u00ed a les estreles grogues amb els aficionats m\u00e9s joves de la nostra prov\u00edncia.Fins al moment, aquesta temporada han participat d\u2019aquesta iniciativa Fer Ni\u00f1o (CEIP Bot\u00e0nic Calduch), Sergio Asenjo (CEIP Don Jos\u00e9 Alba de La Vilavella), Jaume Costa (CEIP Llu\u00eds Tena de Sant Jordi) i Ra\u00fal Albiol i Elena de Toro (CEIP Llu\u00eds Vives de Xilxes). D\u2019ara en avant, els jugadors del Submar\u00ed i les futbolistes del Femen\u00ed A participaran en videollamadas per m\u00e9s centres escolars per a gaudir amb els m\u00e9s xicotets.Cal recordar que, m\u00e9s enll\u00e0 de les xarrades virtuals, els centres escolars de la prov\u00edncia de Castell\u00f3 poden gaudir de manera gratu\u00efta d\u2019un entrenament dirigit per t\u00e8cnics del futbol base groc i d\u2019una visita guiada per l\u2019Estadi de la Cer\u00e0mica.","url":"","background_image":"","images":[{"type":"image","url":"https:\/\/villarrealcf.es\/\/wp-content\/uploads\/2021\/03\/ce84f86c7167a6f13ec6c2bf77344615.jpg","alt":"||||","width":1344,"height":756,"srcset":"https:\/\/villarrealcf.es\/wp-content\/uploads\/2021\/03\/ce84f86c7167a6f13ec6c2bf77344615.jpg 1344w, https:\/\/villarrealcf.es\/\/wp-content\/uploads\/2021\/03\/ce84f86c7167a6f13ec6c2bf77344615.jpg 1920w, https:\/\/villarrealcf.es\/wp-content\/uploads\/2021\/03\/ce84f86c7167a6f13ec6c2bf77344615-1024x576.jpg 1024w, https:\/\/villarrealcf.es\/\/wp-content\/uploads\/2021\/03\/ce84f86c7167a6f13ec6c2bf77344615.jpg 1920w, https:\/\/villarrealcf.es\/\/wp-content\/uploads\/2021\/03\/ce84f86c7167a6f13ec6c2bf77344615.jpg 1920w, https:\/\/villarrealcf.es\/wp-content\/uploads\/2021\/03\/ce84f86c7167a6f13ec6c2bf77344615-32x18.jpg 32w, https:\/\/villarrealcf.es\/wp-content\/uploads\/2021\/03\/ce84f86c7167a6f13ec6c2bf77344615-150x84.jpg 150w, https:\/\/villarrealcf.es\/\/wp-content\/uploads\/2021\/03\/ce84f86c7167a6f13ec6c2bf77344615.jpg 1920w, https:\/\/villarrealcf.es\/wp-content\/uploads\/2021\/03\/ce84f86c7167a6f13ec6c2bf77344615-1200x675.jpg 1200w","sizes":"auto, (max-width: 1344px) 100vw, 1344px"}],"videos":[{"type":"video","kind":"iframe","url":"https:\/\/www.youtube.com\/embed\/Se4tgaxaoUA?feature=oembed","poster":""}],"links":[]},{"id":"shortcode-caption-69ee19e910ff4","type":"shortcode","shortcode":"caption","attributes":{"id":"attachment_167643","align":"alignnone","width":""},"title":"Caption","rendered":"","data":[],"text":"","url":"","background_image":"","images":[],"videos":[],"links":[],"blocks":[]}]},"excerpt":{"rendered":"El central del Villarreal i la portera del Femen\u00ed han participat en una divertida videollamada amb els alumnes de sis\u00e9 curs del CEIP Llu\u00eds Vives de Xilxes","protected":false},"author":23,"featured_media":167643,"comment_status":"","ping_status":"","sticky":false,"template":"","format":"standard","meta":{"_acf_changed":false,"footnotes":""},"categories":[13509],"tags":[12554,12556,12654,4916,4890,9434,9270,5850,7751,12110,9205,9203],"acf":null,"lang":"val","translations":{"val":219386},"essential_grid":{"has_grid":false},"formatted_date":"March 25, 2021","modified_date":"March 25, 2021","permalink":"https:\/\/villarrealcf.es\/val\/albiol-i-elena-de-toro-tornen-al-col-legi\/","reading_time":2,"featured_media_data":{"id":167643,"title":"||||","caption":"||||","alt_text":"","description":"","mime_type":"image\/jpeg","source_url":"https:\/\/villarrealcf.es\/wp-content\/uploads\/2021\/03\/ce84f86c7167a6f13ec6c2bf77344615.jpg","sizes":{"thumbnail":{"url":"https:\/\/villarrealcf.es\/wp-content\/uploads\/2021\/03\/ce84f86c7167a6f13ec6c2bf77344615-150x150.jpg","width":150,"height":150},"medium":{"url":"https:\/\/villarrealcf.es\/wp-content\/uploads\/2021\/03\/ce84f86c7167a6f13ec6c2bf77344615-300x169.jpg","width":300,"height":169},"medium_large":{"url":"https:\/\/villarrealcf.es\/wp-content\/uploads\/2021\/03\/ce84f86c7167a6f13ec6c2bf77344615-768x432.jpg","width":768,"height":432},"large":{"url":"https:\/\/villarrealcf.es\/wp-content\/uploads\/2021\/03\/ce84f86c7167a6f13ec6c2bf77344615-1024x576.jpg","width":788,"height":443},"1536x1536":{"url":"https:\/\/villarrealcf.es\/wp-content\/uploads\/2021\/03\/ce84f86c7167a6f13ec6c2bf77344615.jpg","width":1344,"height":756},"2048x2048":{"url":"https:\/\/villarrealcf.es\/wp-content\/uploads\/2021\/03\/ce84f86c7167a6f13ec6c2bf77344615.jpg","width":1344,"height":756},"tp-image-grid":{"url":"https:\/\/villarrealcf.es\/wp-content\/uploads\/2021\/03\/ce84f86c7167a6f13ec6c2bf77344615-700x700.jpg","width":700,"height":700},"size-bunyad-medium":{"url":"https:\/\/villarrealcf.es\/wp-content\/uploads\/2021\/03\/ce84f86c7167a6f13ec6c2bf77344615.jpg","width":1344,"height":756},"sportspress-crop-medium":{"url":"https:\/\/villarrealcf.es\/wp-content\/uploads\/2021\/03\/ce84f86c7167a6f13ec6c2bf77344615-300x300.jpg","width":300,"height":300},"sportspress-fit-medium":{"url":"https:\/\/villarrealcf.es\/wp-content\/uploads\/2021\/03\/ce84f86c7167a6f13ec6c2bf77344615-300x169.jpg","width":300,"height":169},"sportspress-fit-icon":{"url":"https:\/\/villarrealcf.es\/wp-content\/uploads\/2021\/03\/ce84f86c7167a6f13ec6c2bf77344615-128x72.jpg","width":128,"height":72},"sportspress-fit-mini":{"url":"https:\/\/villarrealcf.es\/wp-content\/uploads\/2021\/03\/ce84f86c7167a6f13ec6c2bf77344615-32x18.jpg","width":32,"height":18},"bunyad-small":{"url":"https:\/\/villarrealcf.es\/wp-content\/uploads\/2021\/03\/ce84f86c7167a6f13ec6c2bf77344615-150x84.jpg","width":150,"height":84},"bunyad-medium":{"url":"https:\/\/villarrealcf.es\/wp-content\/uploads\/2021\/03\/ce84f86c7167a6f13ec6c2bf77344615-450x253.jpg","width":450,"height":253},"bunyad-full":{"url":"https:\/\/villarrealcf.es\/wp-content\/uploads\/2021\/03\/ce84f86c7167a6f13ec6c2bf77344615-1200x675.jpg","width":1200,"height":675},"bunyad-viewport":{"url":"https:\/\/villarrealcf.es\/wp-content\/uploads\/2021\/03\/ce84f86c7167a6f13ec6c2bf77344615.jpg","width":1344,"height":756},"bunyad-768":{"url":"https:\/\/villarrealcf.es\/wp-content\/uploads\/2021\/03\/ce84f86c7167a6f13ec6c2bf77344615-768x432.jpg","width":768,"height":432},"full":{"url":"https:\/\/villarrealcf.es\/wp-content\/uploads\/2021\/03\/ce84f86c7167a6f13ec6c2bf77344615.jpg","width":1344,"height":756}}},"author_data":{"id":"23","name":"Fran Segovia","first_name":"Fran","last_name":"Segovia","description":"","avatar_url":"https:\/\/secure.gravatar.com\/avatar\/9ec849b3b9cb451091f0a96d7943b1c6be26a8d6fd3b94d5b5bfd496b2536c42?s=96&d=mm&r=g","acf":null},"taxonomies_data":{"category":[{"id":13509,"name":"Endavant","slug":"endavant-val","acf":null}],"post_tag":[{"id":12554,"name":"#Football","slug":"football-val","acf":null},{"id":12556,"name":"#Soccer","slug":"soccer-val","acf":null},{"id":12654,"name":"Elena de Toro","slug":"elena-de-toro-val","acf":null},{"id":4916,"name":"Endavant Club Groguet val","slug":"endavant-club-groguet-val","acf":null},{"id":4890,"name":"Endavant val","slug":"endavant-val","acf":null},{"id":9434,"name":"Femenino A","slug":"femenino-a-val","acf":null},{"id":9270,"name":"Futbol","slug":"futbol-val","acf":null},{"id":5850,"name":"F\u00fatbol Femenino Val","slug":"futbol-femenino-val","acf":null},{"id":7751,"name":"Portada Endavant Val","slug":"portada-endavant-val","acf":null},{"id":12110,"name":"Ra\u00fal Albiol","slug":"raul-albiol-val","acf":null},{"id":9205,"name":"Submarino","slug":"submarino-val","acf":null},{"id":9203,"name":"Villarreal CF","slug":"villarreal-cf-val","acf":null}],"translation_priority":[{"id":735,"name":"Optional","slug":"optional-val","acf":null}]},"seo_full":{"native":{"title":"Albiol i Elena de Toro tornen al col\u00b7legi - Web Oficial del Villarreal CF","description":"[caption id=\"attachment_167643\" align=\"alignnone\" width=\"\"]||||[\/caption]El central del Villarreal i la portera del Femen\u00ed han participat en una divertida videollamada amb els&hellip;","canonical":"https:\/\/villarrealcf.es\/val\/albiol-i-elena-de-toro-tornen-al-col-legi\/"}},"_links":{"self":[{"href":"https:\/\/villarrealcf.es\/val\/wp-json\/wp\/v2\/posts\/219386","targetHints":{"allow":["GET"]}}],"collection":[{"href":"https:\/\/villarrealcf.es\/val\/wp-json\/wp\/v2\/posts"}],"about":[{"href":"https:\/\/villarrealcf.es\/val\/wp-json\/wp\/v2\/types\/post"}],"author":[{"embeddable":true,"href":"https:\/\/villarrealcf.es\/val\/wp-json\/wp\/v2\/users\/23"}],"replies":[{"embeddable":true,"href":"https:\/\/villarrealcf.es\/val\/wp-json\/wp\/v2\/comments?post=219386"}],"version-history":[{"count":0,"href":"https:\/\/villarrealcf.es\/val\/wp-json\/wp\/v2\/posts\/219386\/revisions"}],"wp:featuredmedia":[{"embeddable":true,"href":"https:\/\/villarrealcf.es\/val\/wp-json\/wp\/v2\/media\/167643"}],"wp:attachment":[{"href":"https:\/\/villarrealcf.es\/val\/wp-json\/wp\/v2\/media?parent=219386"}],"wp:term":[{"taxonomy":"category","embeddable":true,"href":"https:\/\/villarrealcf.es\/val\/wp-json\/wp\/v2\/categories?post=219386"},{"taxonomy":"post_tag","embeddable":true,"href":"https:\/\/villarrealcf.es\/val\/wp-json\/wp\/v2\/tags?post=219386"}],"curies":[{"name":"wp","href":"https:\/\/api.w.org\/{rel}","templated":true}]}}