{"id":217837,"date":"2020-09-17T08:19:46","date_gmt":"2020-09-17T06:19:46","guid":{"rendered":"https:\/\/villarrealcf.es\/\/comunicat-medic-ruben-pena\/"},"modified":"2020-09-17T08:19:46","modified_gmt":"2020-09-17T06:19:46","slug":"comunicat-medic-ruben-pena","status":"publish","type":"post","link":"https:\/\/villarrealcf.es\/val\/comunicat-medic-ruben-pena\/","title":{"rendered":"Comunicat m\u00e8dic: Rub\u00e9n Pe\u00f1a"},"content":{"protected":false,"blocks":[{"type":"image","url":"https:\/\/villarrealcf.es\/\/wp-content\/uploads\/2020\/09\/3d76a7fb940adda915e48ac3a11dbeb9.jpg","alt":"||||","width":819,"height":460,"srcset":"https:\/\/villarrealcf.es\/wp-content\/uploads\/2020\/09\/3d76a7fb940adda915e48ac3a11dbeb9.jpg 819w, https:\/\/villarrealcf.es\/\/wp-content\/uploads\/2020\/09\/3d76a7fb940adda915e48ac3a11dbeb9.jpg 1920w, https:\/\/villarrealcf.es\/\/wp-content\/uploads\/2020\/09\/3d76a7fb940adda915e48ac3a11dbeb9.jpg 1920w, https:\/\/villarrealcf.es\/\/wp-content\/uploads\/2020\/09\/3d76a7fb940adda915e48ac3a11dbeb9.jpg 1920w, https:\/\/villarrealcf.es\/wp-content\/uploads\/2020\/09\/3d76a7fb940adda915e48ac3a11dbeb9-32x18.jpg 32w, https:\/\/villarrealcf.es\/wp-content\/uploads\/2020\/09\/3d76a7fb940adda915e48ac3a11dbeb9-150x84.jpg 150w, https:\/\/villarrealcf.es\/\/wp-content\/uploads\/2020\/09\/3d76a7fb940adda915e48ac3a11dbeb9.jpg 1920w","sizes":"auto, (max-width: 819px) 100vw, 819px"},{"type":"paragraph","text":"El defensa avil\u00e9s pateix un trencament muscular en l\u2019adductor esquerre"},{"type":"paragraph","text":"Les proves m\u00e8diques realitzades aquesta setmana confirmen que el futbolista del Villarreal Rub\u00e9n Pe\u00f1a pateix un trencament muscular en l\u2019adductor esquerre. El defensa avil\u00e9s es va lesionar diumenge passat durant el partit davant la SD Huesca corresponent a la primera jornada de LaLiga."},{"type":"paragraph","text":"El temps de recuperaci\u00f3 estar\u00e0 supeditat a l\u2019evoluci\u00f3 del futbolista."}],"structured":{"summary":{"text":"El defensa avil\u00e9s pateix un trencament muscular en l\u2019adductor esquerre Les proves m\u00e8diques realitzades aquesta setmana confirmen que el futbolista del Villarreal Rub\u00e9n Pe\u00f1a pateix un trencament muscular en l\u2019adductor esquerre. El defensa avil\u00e9s es va lesionar diumenge passat durant el partit davant la SD Huesca corresponent a la primera jornada de LaLiga. El temps de recuperaci\u00f3 estar\u00e0 supeditat a l\u2019evoluci\u00f3 del futbolista.","headings":[],"buttons":[],"images":[{"type":"image","url":"https:\/\/villarrealcf.es\/\/wp-content\/uploads\/2020\/09\/3d76a7fb940adda915e48ac3a11dbeb9.jpg","alt":"||||","width":819,"height":460,"srcset":"https:\/\/villarrealcf.es\/wp-content\/uploads\/2020\/09\/3d76a7fb940adda915e48ac3a11dbeb9.jpg 819w, https:\/\/villarrealcf.es\/\/wp-content\/uploads\/2020\/09\/3d76a7fb940adda915e48ac3a11dbeb9.jpg 1920w, https:\/\/villarrealcf.es\/\/wp-content\/uploads\/2020\/09\/3d76a7fb940adda915e48ac3a11dbeb9.jpg 1920w, https:\/\/villarrealcf.es\/\/wp-content\/uploads\/2020\/09\/3d76a7fb940adda915e48ac3a11dbeb9.jpg 1920w, https:\/\/villarrealcf.es\/wp-content\/uploads\/2020\/09\/3d76a7fb940adda915e48ac3a11dbeb9-32x18.jpg 32w, https:\/\/villarrealcf.es\/wp-content\/uploads\/2020\/09\/3d76a7fb940adda915e48ac3a11dbeb9-150x84.jpg 150w, https:\/\/villarrealcf.es\/\/wp-content\/uploads\/2020\/09\/3d76a7fb940adda915e48ac3a11dbeb9.jpg 1920w","sizes":"auto, (max-width: 819px) 100vw, 819px"}],"counts":{"blocks":4,"headings":0,"texts":3,"buttons":0,"images":1}},"sections":[{"id":"section-1","title":"","text":"El defensa avil\u00e9s pateix un trencament muscular en l\u2019adductor esquerre Les proves m\u00e8diques realitzades aquesta setmana confirmen que el futbolista del Villarreal Rub\u00e9n Pe\u00f1a pateix un trencament muscular en l\u2019adductor esquerre. El defensa avil\u00e9s es va lesionar diumenge passat durant el partit davant la SD Huesca corresponent a la primera jornada de LaLiga. El temps de recuperaci\u00f3 estar\u00e0 supeditat a l\u2019evoluci\u00f3 del futbolista.","headings":[],"texts":[{"type":"paragraph","text":"El defensa avil\u00e9s pateix un trencament muscular en l\u2019adductor esquerre"},{"type":"paragraph","text":"Les proves m\u00e8diques realitzades aquesta setmana confirmen que el futbolista del Villarreal Rub\u00e9n Pe\u00f1a pateix un trencament muscular en l\u2019adductor esquerre. El defensa avil\u00e9s es va lesionar diumenge passat durant el partit davant la SD Huesca corresponent a la primera jornada de LaLiga."},{"type":"paragraph","text":"El temps de recuperaci\u00f3 estar\u00e0 supeditat a l\u2019evoluci\u00f3 del futbolista."}],"buttons":[],"images":[{"type":"image","url":"https:\/\/villarrealcf.es\/\/wp-content\/uploads\/2020\/09\/3d76a7fb940adda915e48ac3a11dbeb9.jpg","alt":"||||","width":819,"height":460,"srcset":"https:\/\/villarrealcf.es\/wp-content\/uploads\/2020\/09\/3d76a7fb940adda915e48ac3a11dbeb9.jpg 819w, https:\/\/villarrealcf.es\/\/wp-content\/uploads\/2020\/09\/3d76a7fb940adda915e48ac3a11dbeb9.jpg 1920w, https:\/\/villarrealcf.es\/\/wp-content\/uploads\/2020\/09\/3d76a7fb940adda915e48ac3a11dbeb9.jpg 1920w, https:\/\/villarrealcf.es\/\/wp-content\/uploads\/2020\/09\/3d76a7fb940adda915e48ac3a11dbeb9.jpg 1920w, https:\/\/villarrealcf.es\/wp-content\/uploads\/2020\/09\/3d76a7fb940adda915e48ac3a11dbeb9-32x18.jpg 32w, https:\/\/villarrealcf.es\/wp-content\/uploads\/2020\/09\/3d76a7fb940adda915e48ac3a11dbeb9-150x84.jpg 150w, https:\/\/villarrealcf.es\/\/wp-content\/uploads\/2020\/09\/3d76a7fb940adda915e48ac3a11dbeb9.jpg 1920w","sizes":"auto, (max-width: 819px) 100vw, 819px"}],"widgets":[],"blocks":[{"type":"image","url":"https:\/\/villarrealcf.es\/\/wp-content\/uploads\/2020\/09\/3d76a7fb940adda915e48ac3a11dbeb9.jpg","alt":"||||","width":819,"height":460,"srcset":"https:\/\/villarrealcf.es\/wp-content\/uploads\/2020\/09\/3d76a7fb940adda915e48ac3a11dbeb9.jpg 819w, https:\/\/villarrealcf.es\/\/wp-content\/uploads\/2020\/09\/3d76a7fb940adda915e48ac3a11dbeb9.jpg 1920w, https:\/\/villarrealcf.es\/\/wp-content\/uploads\/2020\/09\/3d76a7fb940adda915e48ac3a11dbeb9.jpg 1920w, https:\/\/villarrealcf.es\/\/wp-content\/uploads\/2020\/09\/3d76a7fb940adda915e48ac3a11dbeb9.jpg 1920w, https:\/\/villarrealcf.es\/wp-content\/uploads\/2020\/09\/3d76a7fb940adda915e48ac3a11dbeb9-32x18.jpg 32w, https:\/\/villarrealcf.es\/wp-content\/uploads\/2020\/09\/3d76a7fb940adda915e48ac3a11dbeb9-150x84.jpg 150w, https:\/\/villarrealcf.es\/\/wp-content\/uploads\/2020\/09\/3d76a7fb940adda915e48ac3a11dbeb9.jpg 1920w","sizes":"auto, (max-width: 819px) 100vw, 819px"},{"type":"paragraph","text":"El defensa avil\u00e9s pateix un trencament muscular en l\u2019adductor esquerre"},{"type":"paragraph","text":"Les proves m\u00e8diques realitzades aquesta setmana confirmen que el futbolista del Villarreal Rub\u00e9n Pe\u00f1a pateix un trencament muscular en l\u2019adductor esquerre. El defensa avil\u00e9s es va lesionar diumenge passat durant el partit davant la SD Huesca corresponent a la primera jornada de LaLiga."},{"type":"paragraph","text":"El temps de recuperaci\u00f3 estar\u00e0 supeditat a l\u2019evoluci\u00f3 del futbolista."}]}],"hero":{"id":"section-1","title":"","text":"El defensa avil\u00e9s pateix un trencament muscular en l\u2019adductor esquerre Les proves m\u00e8diques realitzades aquesta setmana confirmen que el futbolista del Villarreal Rub\u00e9n Pe\u00f1a pateix un trencament muscular en l\u2019adductor esquerre. El defensa avil\u00e9s es va lesionar diumenge passat durant el partit davant la SD Huesca corresponent a la primera jornada de LaLiga. El temps de recuperaci\u00f3 estar\u00e0 supeditat a l\u2019evoluci\u00f3 del futbolista.","headings":[],"texts":[{"type":"paragraph","text":"El defensa avil\u00e9s pateix un trencament muscular en l\u2019adductor esquerre"},{"type":"paragraph","text":"Les proves m\u00e8diques realitzades aquesta setmana confirmen que el futbolista del Villarreal Rub\u00e9n Pe\u00f1a pateix un trencament muscular en l\u2019adductor esquerre. El defensa avil\u00e9s es va lesionar diumenge passat durant el partit davant la SD Huesca corresponent a la primera jornada de LaLiga."},{"type":"paragraph","text":"El temps de recuperaci\u00f3 estar\u00e0 supeditat a l\u2019evoluci\u00f3 del futbolista."}],"buttons":[],"images":[{"type":"image","url":"https:\/\/villarrealcf.es\/\/wp-content\/uploads\/2020\/09\/3d76a7fb940adda915e48ac3a11dbeb9.jpg","alt":"||||","width":819,"height":460,"srcset":"https:\/\/villarrealcf.es\/wp-content\/uploads\/2020\/09\/3d76a7fb940adda915e48ac3a11dbeb9.jpg 819w, https:\/\/villarrealcf.es\/\/wp-content\/uploads\/2020\/09\/3d76a7fb940adda915e48ac3a11dbeb9.jpg 1920w, https:\/\/villarrealcf.es\/\/wp-content\/uploads\/2020\/09\/3d76a7fb940adda915e48ac3a11dbeb9.jpg 1920w, https:\/\/villarrealcf.es\/\/wp-content\/uploads\/2020\/09\/3d76a7fb940adda915e48ac3a11dbeb9.jpg 1920w, https:\/\/villarrealcf.es\/wp-content\/uploads\/2020\/09\/3d76a7fb940adda915e48ac3a11dbeb9-32x18.jpg 32w, https:\/\/villarrealcf.es\/wp-content\/uploads\/2020\/09\/3d76a7fb940adda915e48ac3a11dbeb9-150x84.jpg 150w, https:\/\/villarrealcf.es\/\/wp-content\/uploads\/2020\/09\/3d76a7fb940adda915e48ac3a11dbeb9.jpg 1920w","sizes":"auto, (max-width: 819px) 100vw, 819px"}],"widgets":[],"blocks":[{"type":"image","url":"https:\/\/villarrealcf.es\/\/wp-content\/uploads\/2020\/09\/3d76a7fb940adda915e48ac3a11dbeb9.jpg","alt":"||||","width":819,"height":460,"srcset":"https:\/\/villarrealcf.es\/wp-content\/uploads\/2020\/09\/3d76a7fb940adda915e48ac3a11dbeb9.jpg 819w, https:\/\/villarrealcf.es\/\/wp-content\/uploads\/2020\/09\/3d76a7fb940adda915e48ac3a11dbeb9.jpg 1920w, https:\/\/villarrealcf.es\/\/wp-content\/uploads\/2020\/09\/3d76a7fb940adda915e48ac3a11dbeb9.jpg 1920w, https:\/\/villarrealcf.es\/\/wp-content\/uploads\/2020\/09\/3d76a7fb940adda915e48ac3a11dbeb9.jpg 1920w, https:\/\/villarrealcf.es\/wp-content\/uploads\/2020\/09\/3d76a7fb940adda915e48ac3a11dbeb9-32x18.jpg 32w, https:\/\/villarrealcf.es\/wp-content\/uploads\/2020\/09\/3d76a7fb940adda915e48ac3a11dbeb9-150x84.jpg 150w, https:\/\/villarrealcf.es\/\/wp-content\/uploads\/2020\/09\/3d76a7fb940adda915e48ac3a11dbeb9.jpg 1920w","sizes":"auto, (max-width: 819px) 100vw, 819px"},{"type":"paragraph","text":"El defensa avil\u00e9s pateix un trencament muscular en l\u2019adductor esquerre"},{"type":"paragraph","text":"Les proves m\u00e8diques realitzades aquesta setmana confirmen que el futbolista del Villarreal Rub\u00e9n Pe\u00f1a pateix un trencament muscular en l\u2019adductor esquerre. El defensa avil\u00e9s es va lesionar diumenge passat durant el partit davant la SD Huesca corresponent a la primera jornada de LaLiga."},{"type":"paragraph","text":"El temps de recuperaci\u00f3 estar\u00e0 supeditat a l\u2019evoluci\u00f3 del futbolista."}]}},"sections":[{"id":"section-1","title":"","text":"El defensa avil\u00e9s pateix un trencament muscular en l\u2019adductor esquerre Les proves m\u00e8diques realitzades aquesta setmana confirmen que el futbolista del Villarreal Rub\u00e9n Pe\u00f1a pateix un trencament muscular en l\u2019adductor esquerre. El defensa avil\u00e9s es va lesionar diumenge passat durant el partit davant la SD Huesca corresponent a la primera jornada de LaLiga. El temps de recuperaci\u00f3 estar\u00e0 supeditat a l\u2019evoluci\u00f3 del futbolista.","url":"","background_image":"","images":[{"type":"image","url":"https:\/\/villarrealcf.es\/\/wp-content\/uploads\/2020\/09\/3d76a7fb940adda915e48ac3a11dbeb9.jpg","alt":"||||","width":819,"height":460,"srcset":"https:\/\/villarrealcf.es\/wp-content\/uploads\/2020\/09\/3d76a7fb940adda915e48ac3a11dbeb9.jpg 819w, https:\/\/villarrealcf.es\/\/wp-content\/uploads\/2020\/09\/3d76a7fb940adda915e48ac3a11dbeb9.jpg 1920w, https:\/\/villarrealcf.es\/\/wp-content\/uploads\/2020\/09\/3d76a7fb940adda915e48ac3a11dbeb9.jpg 1920w, https:\/\/villarrealcf.es\/\/wp-content\/uploads\/2020\/09\/3d76a7fb940adda915e48ac3a11dbeb9.jpg 1920w, https:\/\/villarrealcf.es\/wp-content\/uploads\/2020\/09\/3d76a7fb940adda915e48ac3a11dbeb9-32x18.jpg 32w, https:\/\/villarrealcf.es\/wp-content\/uploads\/2020\/09\/3d76a7fb940adda915e48ac3a11dbeb9-150x84.jpg 150w, https:\/\/villarrealcf.es\/\/wp-content\/uploads\/2020\/09\/3d76a7fb940adda915e48ac3a11dbeb9.jpg 1920w","sizes":"auto, (max-width: 819px) 100vw, 819px"}],"videos":[],"links":[]},{"id":"shortcode-caption-69ee92a12d026","type":"shortcode","shortcode":"caption","attributes":{"id":"attachment_164205","align":"alignnone","width":""},"title":"Caption","rendered":"","data":[],"text":"","url":"","background_image":"","images":[],"videos":[],"links":[],"blocks":[]}]},"excerpt":{"rendered":"El defensa avil\u00e9s pateix un trencament muscular en l&#8217;adductor esquerre","protected":false},"author":25,"featured_media":164205,"comment_status":"","ping_status":"","sticky":false,"template":"","format":"standard","meta":{"_acf_changed":false,"footnotes":""},"categories":[4853],"tags":[10899,717,9270,11042,5342,12112,716,9205,9627,9203],"acf":null,"lang":"val","translations":{"val":217837},"essential_grid":{"has_grid":false},"formatted_date":"September 17, 2020","modified_date":"September 17, 2020","permalink":"https:\/\/villarrealcf.es\/val\/comunicat-medic-ruben-pena\/","reading_time":1,"featured_media_data":{"id":164205,"title":"||||","caption":"||||","alt_text":"","description":"","mime_type":"image\/jpeg","source_url":"https:\/\/villarrealcf.es\/wp-content\/uploads\/2020\/09\/3d76a7fb940adda915e48ac3a11dbeb9.jpg","sizes":{"thumbnail":{"url":"https:\/\/villarrealcf.es\/wp-content\/uploads\/2020\/09\/3d76a7fb940adda915e48ac3a11dbeb9-150x150.jpg","width":150,"height":150},"medium":{"url":"https:\/\/villarrealcf.es\/wp-content\/uploads\/2020\/09\/3d76a7fb940adda915e48ac3a11dbeb9-300x168.jpg","width":300,"height":168},"medium_large":{"url":"https:\/\/villarrealcf.es\/wp-content\/uploads\/2020\/09\/3d76a7fb940adda915e48ac3a11dbeb9-768x431.jpg","width":768,"height":431},"large":{"url":"https:\/\/villarrealcf.es\/wp-content\/uploads\/2020\/09\/3d76a7fb940adda915e48ac3a11dbeb9.jpg","width":788,"height":443},"1536x1536":{"url":"https:\/\/villarrealcf.es\/wp-content\/uploads\/2020\/09\/3d76a7fb940adda915e48ac3a11dbeb9.jpg","width":819,"height":460},"2048x2048":{"url":"https:\/\/villarrealcf.es\/wp-content\/uploads\/2020\/09\/3d76a7fb940adda915e48ac3a11dbeb9.jpg","width":819,"height":460},"tp-image-grid":{"url":"https:\/\/villarrealcf.es\/wp-content\/uploads\/2020\/09\/3d76a7fb940adda915e48ac3a11dbeb9-700x460.jpg","width":700,"height":460},"size-bunyad-medium":{"url":"https:\/\/villarrealcf.es\/wp-content\/uploads\/2020\/09\/3d76a7fb940adda915e48ac3a11dbeb9.jpg","width":819,"height":460},"sportspress-crop-medium":{"url":"https:\/\/villarrealcf.es\/wp-content\/uploads\/2020\/09\/3d76a7fb940adda915e48ac3a11dbeb9-300x300.jpg","width":300,"height":300},"sportspress-fit-medium":{"url":"https:\/\/villarrealcf.es\/wp-content\/uploads\/2020\/09\/3d76a7fb940adda915e48ac3a11dbeb9-300x168.jpg","width":300,"height":168},"sportspress-fit-icon":{"url":"https:\/\/villarrealcf.es\/wp-content\/uploads\/2020\/09\/3d76a7fb940adda915e48ac3a11dbeb9-128x72.jpg","width":128,"height":72},"sportspress-fit-mini":{"url":"https:\/\/villarrealcf.es\/wp-content\/uploads\/2020\/09\/3d76a7fb940adda915e48ac3a11dbeb9-32x18.jpg","width":32,"height":18},"bunyad-small":{"url":"https:\/\/villarrealcf.es\/wp-content\/uploads\/2020\/09\/3d76a7fb940adda915e48ac3a11dbeb9-150x84.jpg","width":150,"height":84},"bunyad-medium":{"url":"https:\/\/villarrealcf.es\/wp-content\/uploads\/2020\/09\/3d76a7fb940adda915e48ac3a11dbeb9-450x253.jpg","width":450,"height":253},"bunyad-full":{"url":"https:\/\/villarrealcf.es\/wp-content\/uploads\/2020\/09\/3d76a7fb940adda915e48ac3a11dbeb9.jpg","width":819,"height":460},"bunyad-viewport":{"url":"https:\/\/villarrealcf.es\/wp-content\/uploads\/2020\/09\/3d76a7fb940adda915e48ac3a11dbeb9.jpg","width":819,"height":460},"bunyad-768":{"url":"https:\/\/villarrealcf.es\/wp-content\/uploads\/2020\/09\/3d76a7fb940adda915e48ac3a11dbeb9-768x431.jpg","width":768,"height":431},"full":{"url":"https:\/\/villarrealcf.es\/wp-content\/uploads\/2020\/09\/3d76a7fb940adda915e48ac3a11dbeb9.jpg","width":819,"height":460}}},"author_data":{"id":"25","name":"Javier Ayuso","first_name":"Javier","last_name":"Ayuso","description":"","avatar_url":"https:\/\/secure.gravatar.com\/avatar\/fcf8894be45988fcce5bbff0efe1790d2a7f4ba57e2c7c898f5068154e696495?s=96&d=mm&r=g","acf":null},"taxonomies_data":{"category":[{"id":4853,"name":"Comunicat M\u00e8dic","slug":"comunicat-medic","acf":null}],"post_tag":[{"id":10899,"name":"Asisa","slug":"asisa-val","acf":null},{"id":717,"name":"Football","slug":"football-d34","acf":null},{"id":9270,"name":"Futbol","slug":"futbol-val","acf":null},{"id":11042,"name":"LaLiga","slug":"laliga-val","acf":null},{"id":5342,"name":"Primer Equipo","slug":"primer-equipo","acf":null},{"id":12112,"name":"Ruben Pe\u00f1a","slug":"ruben-pena-val","acf":null},{"id":716,"name":"Soccer","slug":"soccer-d105","acf":null},{"id":9205,"name":"Submarino","slug":"submarino-val","acf":null},{"id":9627,"name":"Submarino Amarillo","slug":"submarino-amarillo-val","acf":null},{"id":9203,"name":"Villarreal CF","slug":"villarreal-cf-val","acf":null}],"translation_priority":[{"id":735,"name":"Optional","slug":"optional-val","acf":null}]},"seo_full":{"native":{"title":"Comunicat m\u00e8dic: Rub\u00e9n Pe\u00f1a - Web Oficial del Villarreal CF","description":"[caption id=\"attachment_164205\" align=\"alignnone\" width=\"\"]||||[\/caption]El defensa avil\u00e9s pateix un trencament muscular en l'adductor esquerre Les proves m\u00e8diques realitzades aquesta setmana confirmen&hellip;","canonical":"https:\/\/villarrealcf.es\/val\/comunicat-medic-ruben-pena\/"}},"_links":{"self":[{"href":"https:\/\/villarrealcf.es\/val\/wp-json\/wp\/v2\/posts\/217837","targetHints":{"allow":["GET"]}}],"collection":[{"href":"https:\/\/villarrealcf.es\/val\/wp-json\/wp\/v2\/posts"}],"about":[{"href":"https:\/\/villarrealcf.es\/val\/wp-json\/wp\/v2\/types\/post"}],"author":[{"embeddable":true,"href":"https:\/\/villarrealcf.es\/val\/wp-json\/wp\/v2\/users\/25"}],"replies":[{"embeddable":true,"href":"https:\/\/villarrealcf.es\/val\/wp-json\/wp\/v2\/comments?post=217837"}],"version-history":[{"count":0,"href":"https:\/\/villarrealcf.es\/val\/wp-json\/wp\/v2\/posts\/217837\/revisions"}],"wp:featuredmedia":[{"embeddable":true,"href":"https:\/\/villarrealcf.es\/val\/wp-json\/wp\/v2\/media\/164205"}],"wp:attachment":[{"href":"https:\/\/villarrealcf.es\/val\/wp-json\/wp\/v2\/media?parent=217837"}],"wp:term":[{"taxonomy":"category","embeddable":true,"href":"https:\/\/villarrealcf.es\/val\/wp-json\/wp\/v2\/categories?post=217837"},{"taxonomy":"post_tag","embeddable":true,"href":"https:\/\/villarrealcf.es\/val\/wp-json\/wp\/v2\/tags?post=217837"}],"curies":[{"name":"wp","href":"https:\/\/api.w.org\/{rel}","templated":true}]}}