{"id":211563,"date":"2018-10-10T11:08:11","date_gmt":"2018-10-10T09:08:11","guid":{"rendered":"https:\/\/villarrealcf.es\/\/agenda-dels-internacionals-del-villarreal-cf\/"},"modified":"2018-10-10T11:08:11","modified_gmt":"2018-10-10T09:08:11","slug":"agenda-dels-internacionals-del-villarreal-cf","status":"publish","type":"post","link":"https:\/\/villarrealcf.es\/val\/agenda-dels-internacionals-del-villarreal-cf\/","title":{"rendered":"Agenda dels internacionals del Villarreal CF"},"content":{"protected":false,"blocks":[{"type":"image","url":"https:\/\/villarrealcf.es\/\/wp-content\/uploads\/2018\/10\/0ee7e656ca1d62bb4f32b1f5f3f09c6b.jpg","alt":"HOYOYO","width":1344,"height":756,"srcset":"https:\/\/villarrealcf.es\/wp-content\/uploads\/2018\/10\/0ee7e656ca1d62bb4f32b1f5f3f09c6b.jpg 1344w, https:\/\/villarrealcf.es\/\/wp-content\/uploads\/2018\/10\/0ee7e656ca1d62bb4f32b1f5f3f09c6b.jpg 1920w, https:\/\/villarrealcf.es\/wp-content\/uploads\/2018\/10\/0ee7e656ca1d62bb4f32b1f5f3f09c6b-1024x576.jpg 1024w, https:\/\/villarrealcf.es\/\/wp-content\/uploads\/2018\/10\/0ee7e656ca1d62bb4f32b1f5f3f09c6b.jpg 1920w, https:\/\/villarrealcf.es\/\/wp-content\/uploads\/2018\/10\/0ee7e656ca1d62bb4f32b1f5f3f09c6b.jpg 1920w, https:\/\/villarrealcf.es\/wp-content\/uploads\/2018\/10\/0ee7e656ca1d62bb4f32b1f5f3f09c6b-32x18.jpg 32w, https:\/\/villarrealcf.es\/wp-content\/uploads\/2018\/10\/0ee7e656ca1d62bb4f32b1f5f3f09c6b-150x84.jpg 150w, https:\/\/villarrealcf.es\/\/wp-content\/uploads\/2018\/10\/0ee7e656ca1d62bb4f32b1f5f3f09c6b.jpg 1920w, https:\/\/villarrealcf.es\/wp-content\/uploads\/2018\/10\/0ee7e656ca1d62bb4f32b1f5f3f09c6b-1200x675.jpg 1200w","sizes":"auto, (max-width: 1344px) 100vw, 1344px"},{"type":"paragraph","text":"Funes Mori, Toko Ekambi, Bacca, Fornals i Pedraza defensaran els colors de les seues seleccions"},{"type":"paragraph","text":"Cinc jugadors del Villarreal CF representaran a la seua selecci\u00f3 nacional durant la present jornada internacional. Ramiro Funes Mori i Carlos Bacca defensaran els interessos dels seus pa\u00efsos participant en els xocs amistosos que disputaran les seues seleccions. El defensa argent\u00ed s\u2019enfrontar\u00e0 davant l\u2019Iraq i Brasil, mentre que l\u2019ariet colombi\u00e0 far\u00e0 el mateix davant Estats Units i Costa Rica."},{"type":"paragraph","text":"Per la seua banda, Toko Ekambi, Pablo Fornals i Alfonso Pedraza tamb\u00e9 s\u2019han enrolat en les files dels seus respectius combinats nacionals. El davanter camerun\u00e8s disputar\u00e0 dos partits classificatoris per a la Copa d\u2019\u00c0frica de Nacions davant Malawi, mentre que els internacionals espanyols Sub-21, que ja han certificat la participaci\u00f3 de \u2018La Rojita\u2019 a l\u2019Europeu de 2019, jugaran dos partits de la fase de classificaci\u00f3 d\u2019aquest torneig, davant Alb\u00e0nia i Isl\u00e0ndia Sub-21."},{"type":"paragraph","text":"Els encontres que disputaran els internacionals del Villarreal CF s\u00f3n els seg\u00fcents (data i hora a Espanya):"},{"type":"paragraph","text":"Ramiro Funes Mori (Argentina):"},{"type":"list","style":"ul","items":["Dijous, 11 d\u2019octubre: Iraq-Argentina, a les 20.00h, en el Estadi Pr\u00edncep Faisal bin Fahd (Ar\u00e0bia Saudita).","Dimarts, 16 d\u2019octubre: Brasil-Argentina, a les 19.45h, en el Estadi King Abdullah Sports City (Ar\u00e0bia Saudita)."]},{"type":"paragraph","text":"Carlos Bacca (Col\u00f2mbia):"},{"type":"list","style":"ul","items":["Divendres, 12 d\u2019octubre: Estats Units-Col\u00f2mbia, a les 1.30h, en el Raymond James Stadium (Estats Units).","Dimarts, 16 d\u2019octubre: Col\u00f2mbia-Costa Rica (Horari y lloc per decidir)."]},{"type":"paragraph","text":"Karl Toko Ekambi (Camerun):"},{"type":"list","style":"ul","items":["Divendres, 12 d\u2019octubre: Camerun-Malawi, a les 16.30h, en el Stade Omnisport Ahmadou Ahidjo (Camerun).","Dimarts, 16 d\u2019octubre: Malawi-Camerun, a les 14.30h, en el Estadi Kamuzu (Malawi)."]},{"type":"paragraph","text":"Pablo Fornals i Alfonso Pedraza (Selecci\u00f3 Espanyola Sub-21):"},{"type":"list","style":"ul","items":["Dijous, 11 d\u2019octubre: Alb\u00e0nia Sub-21-Espanya Sub-21, a les 19.00h, en el Estadi Selman Stermasi (Alb\u00e0nia).","Dimarts, 16 d\u2019octubre: Isl\u00e0ndia Sub-21-Espanya Sub-21, a les 18.45h, en el Estadi Floridana Vollurinn (Isl\u00e0ndia)."]}],"structured":{"summary":{"text":"Funes Mori, Toko Ekambi, Bacca, Fornals i Pedraza defensaran els colors de les seues seleccions Cinc jugadors del Villarreal CF representaran a la seua selecci\u00f3 nacional durant la present jornada internacional. Ramiro Funes Mori i Carlos Bacca defensaran els interessos dels seus pa\u00efsos participant en els xocs amistosos que disputaran les seues seleccions. El defensa argent\u00ed s\u2019enfrontar\u00e0 davant l\u2019Iraq i Brasil, mentre que l\u2019ariet colombi\u00e0 far\u00e0 el mateix davant Estats Units i Costa Rica. Per la seua banda, Toko Ekambi, Pablo Fornals i Alfonso Pedraza tamb\u00e9 s\u2019han enrolat en les files dels seus respectius combinats nacionals. El davanter camerun\u00e8s disputar\u00e0 dos partits classificatoris per a la Copa d\u2019\u00c0frica de Nacions davant Malawi, mentre que els internacionals espanyols Sub-21, que ja han certificat la participaci\u00f3 de \u2018La Rojita\u2019 a l\u2019Europeu de 2019, jugaran dos partits de la fase de classificaci\u00f3 d\u2019aquest torneig, davant Alb\u00e0nia i Isl\u00e0ndia Sub-21. Els encontres que disputaran els internacionals del Villarreal CF s\u00f3n els seg\u00fcents (data i hora a Espanya): Ramiro Funes Mori (Argentina): Dijous, 11 d\u2019octubre: Iraq-Argentina, a les 20.00h, en el Estadi Pr\u00edncep Faisal bin Fahd (Ar\u00e0bia Saudita). Dimarts, 16 d\u2019octubre: Brasil-Argentina, a les 19.45h, en el Estadi King Abdullah Sports City (Ar\u00e0bia Saudita). Carlos Bacca (Col\u00f2mbia): Divendres, 12 d\u2019octubre: Estats Units-Col\u00f2mbia, a les 1.30h, en el Raymond James Stadium (Estats Units). Dimarts, 16 d\u2019octubre: Col\u00f2mbia-Costa Rica (Horari y lloc per decidir). Karl Toko Ekambi (Camerun): Divendres, 12 d\u2019octubre: Camerun-Malawi, a les 16.30h, en el Stade Omnisport Ahmadou Ahidjo (Camerun). Dimarts, 16 d\u2019octubre: Malawi-Camerun, a les 14.30h, en el Estadi Kamuzu (Malawi). Pablo Fornals i Alfonso Pedraza (Selecci\u00f3 Espanyola Sub-21): Dijous, 11 d\u2019octubre: Alb\u00e0nia Sub-21-Espanya Sub-21, a les 19.00h, en el Estadi Selman Stermasi (Alb\u00e0nia). Dimarts, 16 d\u2019octubre: Isl\u00e0ndia Sub-21-Espanya Sub-21, a les 18.45h, en el Estadi Floridana Vollurinn (Isl\u00e0ndia).","headings":[],"buttons":[],"images":[{"type":"image","url":"https:\/\/villarrealcf.es\/\/wp-content\/uploads\/2018\/10\/0ee7e656ca1d62bb4f32b1f5f3f09c6b.jpg","alt":"HOYOYO","width":1344,"height":756,"srcset":"https:\/\/villarrealcf.es\/wp-content\/uploads\/2018\/10\/0ee7e656ca1d62bb4f32b1f5f3f09c6b.jpg 1344w, https:\/\/villarrealcf.es\/\/wp-content\/uploads\/2018\/10\/0ee7e656ca1d62bb4f32b1f5f3f09c6b.jpg 1920w, https:\/\/villarrealcf.es\/wp-content\/uploads\/2018\/10\/0ee7e656ca1d62bb4f32b1f5f3f09c6b-1024x576.jpg 1024w, https:\/\/villarrealcf.es\/\/wp-content\/uploads\/2018\/10\/0ee7e656ca1d62bb4f32b1f5f3f09c6b.jpg 1920w, https:\/\/villarrealcf.es\/\/wp-content\/uploads\/2018\/10\/0ee7e656ca1d62bb4f32b1f5f3f09c6b.jpg 1920w, https:\/\/villarrealcf.es\/wp-content\/uploads\/2018\/10\/0ee7e656ca1d62bb4f32b1f5f3f09c6b-32x18.jpg 32w, https:\/\/villarrealcf.es\/wp-content\/uploads\/2018\/10\/0ee7e656ca1d62bb4f32b1f5f3f09c6b-150x84.jpg 150w, https:\/\/villarrealcf.es\/\/wp-content\/uploads\/2018\/10\/0ee7e656ca1d62bb4f32b1f5f3f09c6b.jpg 1920w, https:\/\/villarrealcf.es\/wp-content\/uploads\/2018\/10\/0ee7e656ca1d62bb4f32b1f5f3f09c6b-1200x675.jpg 1200w","sizes":"auto, (max-width: 1344px) 100vw, 1344px"}],"counts":{"blocks":13,"headings":0,"texts":8,"buttons":0,"images":1}},"sections":[{"id":"section-1","title":"","text":"Funes Mori, Toko Ekambi, Bacca, Fornals i Pedraza defensaran els colors de les seues seleccions Cinc jugadors del Villarreal CF representaran a la seua selecci\u00f3 nacional durant la present jornada internacional. Ramiro Funes Mori i Carlos Bacca defensaran els interessos dels seus pa\u00efsos participant en els xocs amistosos que disputaran les seues seleccions. El defensa argent\u00ed s\u2019enfrontar\u00e0 davant l\u2019Iraq i Brasil, mentre que l\u2019ariet colombi\u00e0 far\u00e0 el mateix davant Estats Units i Costa Rica. Per la seua banda, Toko Ekambi, Pablo Fornals i Alfonso Pedraza tamb\u00e9 s\u2019han enrolat en les files dels seus respectius combinats nacionals. El davanter camerun\u00e8s disputar\u00e0 dos partits classificatoris per a la Copa d\u2019\u00c0frica de Nacions davant Malawi, mentre que els internacionals espanyols Sub-21, que ja han certificat la participaci\u00f3 de \u2018La Rojita\u2019 a l\u2019Europeu de 2019, jugaran dos partits de la fase de classificaci\u00f3 d\u2019aquest torneig, davant Alb\u00e0nia i Isl\u00e0ndia Sub-21. Els encontres que disputaran els internacionals del Villarreal CF s\u00f3n els seg\u00fcents (data i hora a Espanya): Ramiro Funes Mori (Argentina): Carlos Bacca (Col\u00f2mbia): Karl Toko Ekambi (Camerun): Pablo Fornals i Alfonso Pedraza (Selecci\u00f3 Espanyola Sub-21):","headings":[],"texts":[{"type":"paragraph","text":"Funes Mori, Toko Ekambi, Bacca, Fornals i Pedraza defensaran els colors de les seues seleccions"},{"type":"paragraph","text":"Cinc jugadors del Villarreal CF representaran a la seua selecci\u00f3 nacional durant la present jornada internacional. Ramiro Funes Mori i Carlos Bacca defensaran els interessos dels seus pa\u00efsos participant en els xocs amistosos que disputaran les seues seleccions. El defensa argent\u00ed s\u2019enfrontar\u00e0 davant l\u2019Iraq i Brasil, mentre que l\u2019ariet colombi\u00e0 far\u00e0 el mateix davant Estats Units i Costa Rica."},{"type":"paragraph","text":"Per la seua banda, Toko Ekambi, Pablo Fornals i Alfonso Pedraza tamb\u00e9 s\u2019han enrolat en les files dels seus respectius combinats nacionals. El davanter camerun\u00e8s disputar\u00e0 dos partits classificatoris per a la Copa d\u2019\u00c0frica de Nacions davant Malawi, mentre que els internacionals espanyols Sub-21, que ja han certificat la participaci\u00f3 de \u2018La Rojita\u2019 a l\u2019Europeu de 2019, jugaran dos partits de la fase de classificaci\u00f3 d\u2019aquest torneig, davant Alb\u00e0nia i Isl\u00e0ndia Sub-21."},{"type":"paragraph","text":"Els encontres que disputaran els internacionals del Villarreal CF s\u00f3n els seg\u00fcents (data i hora a Espanya):"},{"type":"paragraph","text":"Ramiro Funes Mori (Argentina):"},{"type":"paragraph","text":"Carlos Bacca (Col\u00f2mbia):"},{"type":"paragraph","text":"Karl Toko Ekambi (Camerun):"},{"type":"paragraph","text":"Pablo Fornals i Alfonso Pedraza (Selecci\u00f3 Espanyola Sub-21):"}],"buttons":[],"images":[{"type":"image","url":"https:\/\/villarrealcf.es\/\/wp-content\/uploads\/2018\/10\/0ee7e656ca1d62bb4f32b1f5f3f09c6b.jpg","alt":"HOYOYO","width":1344,"height":756,"srcset":"https:\/\/villarrealcf.es\/wp-content\/uploads\/2018\/10\/0ee7e656ca1d62bb4f32b1f5f3f09c6b.jpg 1344w, https:\/\/villarrealcf.es\/\/wp-content\/uploads\/2018\/10\/0ee7e656ca1d62bb4f32b1f5f3f09c6b.jpg 1920w, https:\/\/villarrealcf.es\/wp-content\/uploads\/2018\/10\/0ee7e656ca1d62bb4f32b1f5f3f09c6b-1024x576.jpg 1024w, https:\/\/villarrealcf.es\/\/wp-content\/uploads\/2018\/10\/0ee7e656ca1d62bb4f32b1f5f3f09c6b.jpg 1920w, https:\/\/villarrealcf.es\/\/wp-content\/uploads\/2018\/10\/0ee7e656ca1d62bb4f32b1f5f3f09c6b.jpg 1920w, https:\/\/villarrealcf.es\/wp-content\/uploads\/2018\/10\/0ee7e656ca1d62bb4f32b1f5f3f09c6b-32x18.jpg 32w, https:\/\/villarrealcf.es\/wp-content\/uploads\/2018\/10\/0ee7e656ca1d62bb4f32b1f5f3f09c6b-150x84.jpg 150w, https:\/\/villarrealcf.es\/\/wp-content\/uploads\/2018\/10\/0ee7e656ca1d62bb4f32b1f5f3f09c6b.jpg 1920w, https:\/\/villarrealcf.es\/wp-content\/uploads\/2018\/10\/0ee7e656ca1d62bb4f32b1f5f3f09c6b-1200x675.jpg 1200w","sizes":"auto, (max-width: 1344px) 100vw, 1344px"}],"widgets":[],"blocks":[{"type":"image","url":"https:\/\/villarrealcf.es\/\/wp-content\/uploads\/2018\/10\/0ee7e656ca1d62bb4f32b1f5f3f09c6b.jpg","alt":"HOYOYO","width":1344,"height":756,"srcset":"https:\/\/villarrealcf.es\/wp-content\/uploads\/2018\/10\/0ee7e656ca1d62bb4f32b1f5f3f09c6b.jpg 1344w, https:\/\/villarrealcf.es\/\/wp-content\/uploads\/2018\/10\/0ee7e656ca1d62bb4f32b1f5f3f09c6b.jpg 1920w, https:\/\/villarrealcf.es\/wp-content\/uploads\/2018\/10\/0ee7e656ca1d62bb4f32b1f5f3f09c6b-1024x576.jpg 1024w, https:\/\/villarrealcf.es\/\/wp-content\/uploads\/2018\/10\/0ee7e656ca1d62bb4f32b1f5f3f09c6b.jpg 1920w, https:\/\/villarrealcf.es\/\/wp-content\/uploads\/2018\/10\/0ee7e656ca1d62bb4f32b1f5f3f09c6b.jpg 1920w, https:\/\/villarrealcf.es\/wp-content\/uploads\/2018\/10\/0ee7e656ca1d62bb4f32b1f5f3f09c6b-32x18.jpg 32w, https:\/\/villarrealcf.es\/wp-content\/uploads\/2018\/10\/0ee7e656ca1d62bb4f32b1f5f3f09c6b-150x84.jpg 150w, https:\/\/villarrealcf.es\/\/wp-content\/uploads\/2018\/10\/0ee7e656ca1d62bb4f32b1f5f3f09c6b.jpg 1920w, https:\/\/villarrealcf.es\/wp-content\/uploads\/2018\/10\/0ee7e656ca1d62bb4f32b1f5f3f09c6b-1200x675.jpg 1200w","sizes":"auto, (max-width: 1344px) 100vw, 1344px"},{"type":"paragraph","text":"Funes Mori, Toko Ekambi, Bacca, Fornals i Pedraza defensaran els colors de les seues seleccions"},{"type":"paragraph","text":"Cinc jugadors del Villarreal CF representaran a la seua selecci\u00f3 nacional durant la present jornada internacional. Ramiro Funes Mori i Carlos Bacca defensaran els interessos dels seus pa\u00efsos participant en els xocs amistosos que disputaran les seues seleccions. El defensa argent\u00ed s\u2019enfrontar\u00e0 davant l\u2019Iraq i Brasil, mentre que l\u2019ariet colombi\u00e0 far\u00e0 el mateix davant Estats Units i Costa Rica."},{"type":"paragraph","text":"Per la seua banda, Toko Ekambi, Pablo Fornals i Alfonso Pedraza tamb\u00e9 s\u2019han enrolat en les files dels seus respectius combinats nacionals. El davanter camerun\u00e8s disputar\u00e0 dos partits classificatoris per a la Copa d\u2019\u00c0frica de Nacions davant Malawi, mentre que els internacionals espanyols Sub-21, que ja han certificat la participaci\u00f3 de \u2018La Rojita\u2019 a l\u2019Europeu de 2019, jugaran dos partits de la fase de classificaci\u00f3 d\u2019aquest torneig, davant Alb\u00e0nia i Isl\u00e0ndia Sub-21."},{"type":"paragraph","text":"Els encontres que disputaran els internacionals del Villarreal CF s\u00f3n els seg\u00fcents (data i hora a Espanya):"},{"type":"paragraph","text":"Ramiro Funes Mori (Argentina):"},{"type":"list","style":"ul","items":["Dijous, 11 d\u2019octubre: Iraq-Argentina, a les 20.00h, en el Estadi Pr\u00edncep Faisal bin Fahd (Ar\u00e0bia Saudita).","Dimarts, 16 d\u2019octubre: Brasil-Argentina, a les 19.45h, en el Estadi King Abdullah Sports City (Ar\u00e0bia Saudita)."]},{"type":"paragraph","text":"Carlos Bacca (Col\u00f2mbia):"},{"type":"list","style":"ul","items":["Divendres, 12 d\u2019octubre: Estats Units-Col\u00f2mbia, a les 1.30h, en el Raymond James Stadium (Estats Units).","Dimarts, 16 d\u2019octubre: Col\u00f2mbia-Costa Rica (Horari y lloc per decidir)."]},{"type":"paragraph","text":"Karl Toko Ekambi (Camerun):"},{"type":"list","style":"ul","items":["Divendres, 12 d\u2019octubre: Camerun-Malawi, a les 16.30h, en el Stade Omnisport Ahmadou Ahidjo (Camerun).","Dimarts, 16 d\u2019octubre: Malawi-Camerun, a les 14.30h, en el Estadi Kamuzu (Malawi)."]},{"type":"paragraph","text":"Pablo Fornals i Alfonso Pedraza (Selecci\u00f3 Espanyola Sub-21):"},{"type":"list","style":"ul","items":["Dijous, 11 d\u2019octubre: Alb\u00e0nia Sub-21-Espanya Sub-21, a les 19.00h, en el Estadi Selman Stermasi (Alb\u00e0nia).","Dimarts, 16 d\u2019octubre: Isl\u00e0ndia Sub-21-Espanya Sub-21, a les 18.45h, en el Estadi Floridana Vollurinn (Isl\u00e0ndia)."]}]}],"hero":{"id":"section-1","title":"","text":"Funes Mori, Toko Ekambi, Bacca, Fornals i Pedraza defensaran els colors de les seues seleccions Cinc jugadors del Villarreal CF representaran a la seua selecci\u00f3 nacional durant la present jornada internacional. Ramiro Funes Mori i Carlos Bacca defensaran els interessos dels seus pa\u00efsos participant en els xocs amistosos que disputaran les seues seleccions. El defensa argent\u00ed s\u2019enfrontar\u00e0 davant l\u2019Iraq i Brasil, mentre que l\u2019ariet colombi\u00e0 far\u00e0 el mateix davant Estats Units i Costa Rica. Per la seua banda, Toko Ekambi, Pablo Fornals i Alfonso Pedraza tamb\u00e9 s\u2019han enrolat en les files dels seus respectius combinats nacionals. El davanter camerun\u00e8s disputar\u00e0 dos partits classificatoris per a la Copa d\u2019\u00c0frica de Nacions davant Malawi, mentre que els internacionals espanyols Sub-21, que ja han certificat la participaci\u00f3 de \u2018La Rojita\u2019 a l\u2019Europeu de 2019, jugaran dos partits de la fase de classificaci\u00f3 d\u2019aquest torneig, davant Alb\u00e0nia i Isl\u00e0ndia Sub-21. Els encontres que disputaran els internacionals del Villarreal CF s\u00f3n els seg\u00fcents (data i hora a Espanya): Ramiro Funes Mori (Argentina): Carlos Bacca (Col\u00f2mbia): Karl Toko Ekambi (Camerun): Pablo Fornals i Alfonso Pedraza (Selecci\u00f3 Espanyola Sub-21):","headings":[],"texts":[{"type":"paragraph","text":"Funes Mori, Toko Ekambi, Bacca, Fornals i Pedraza defensaran els colors de les seues seleccions"},{"type":"paragraph","text":"Cinc jugadors del Villarreal CF representaran a la seua selecci\u00f3 nacional durant la present jornada internacional. Ramiro Funes Mori i Carlos Bacca defensaran els interessos dels seus pa\u00efsos participant en els xocs amistosos que disputaran les seues seleccions. El defensa argent\u00ed s\u2019enfrontar\u00e0 davant l\u2019Iraq i Brasil, mentre que l\u2019ariet colombi\u00e0 far\u00e0 el mateix davant Estats Units i Costa Rica."},{"type":"paragraph","text":"Per la seua banda, Toko Ekambi, Pablo Fornals i Alfonso Pedraza tamb\u00e9 s\u2019han enrolat en les files dels seus respectius combinats nacionals. El davanter camerun\u00e8s disputar\u00e0 dos partits classificatoris per a la Copa d\u2019\u00c0frica de Nacions davant Malawi, mentre que els internacionals espanyols Sub-21, que ja han certificat la participaci\u00f3 de \u2018La Rojita\u2019 a l\u2019Europeu de 2019, jugaran dos partits de la fase de classificaci\u00f3 d\u2019aquest torneig, davant Alb\u00e0nia i Isl\u00e0ndia Sub-21."},{"type":"paragraph","text":"Els encontres que disputaran els internacionals del Villarreal CF s\u00f3n els seg\u00fcents (data i hora a Espanya):"},{"type":"paragraph","text":"Ramiro Funes Mori (Argentina):"},{"type":"paragraph","text":"Carlos Bacca (Col\u00f2mbia):"},{"type":"paragraph","text":"Karl Toko Ekambi (Camerun):"},{"type":"paragraph","text":"Pablo Fornals i Alfonso Pedraza (Selecci\u00f3 Espanyola Sub-21):"}],"buttons":[],"images":[{"type":"image","url":"https:\/\/villarrealcf.es\/\/wp-content\/uploads\/2018\/10\/0ee7e656ca1d62bb4f32b1f5f3f09c6b.jpg","alt":"HOYOYO","width":1344,"height":756,"srcset":"https:\/\/villarrealcf.es\/wp-content\/uploads\/2018\/10\/0ee7e656ca1d62bb4f32b1f5f3f09c6b.jpg 1344w, https:\/\/villarrealcf.es\/\/wp-content\/uploads\/2018\/10\/0ee7e656ca1d62bb4f32b1f5f3f09c6b.jpg 1920w, https:\/\/villarrealcf.es\/wp-content\/uploads\/2018\/10\/0ee7e656ca1d62bb4f32b1f5f3f09c6b-1024x576.jpg 1024w, https:\/\/villarrealcf.es\/\/wp-content\/uploads\/2018\/10\/0ee7e656ca1d62bb4f32b1f5f3f09c6b.jpg 1920w, https:\/\/villarrealcf.es\/\/wp-content\/uploads\/2018\/10\/0ee7e656ca1d62bb4f32b1f5f3f09c6b.jpg 1920w, https:\/\/villarrealcf.es\/wp-content\/uploads\/2018\/10\/0ee7e656ca1d62bb4f32b1f5f3f09c6b-32x18.jpg 32w, https:\/\/villarrealcf.es\/wp-content\/uploads\/2018\/10\/0ee7e656ca1d62bb4f32b1f5f3f09c6b-150x84.jpg 150w, https:\/\/villarrealcf.es\/\/wp-content\/uploads\/2018\/10\/0ee7e656ca1d62bb4f32b1f5f3f09c6b.jpg 1920w, https:\/\/villarrealcf.es\/wp-content\/uploads\/2018\/10\/0ee7e656ca1d62bb4f32b1f5f3f09c6b-1200x675.jpg 1200w","sizes":"auto, (max-width: 1344px) 100vw, 1344px"}],"widgets":[],"blocks":[{"type":"image","url":"https:\/\/villarrealcf.es\/\/wp-content\/uploads\/2018\/10\/0ee7e656ca1d62bb4f32b1f5f3f09c6b.jpg","alt":"HOYOYO","width":1344,"height":756,"srcset":"https:\/\/villarrealcf.es\/wp-content\/uploads\/2018\/10\/0ee7e656ca1d62bb4f32b1f5f3f09c6b.jpg 1344w, https:\/\/villarrealcf.es\/\/wp-content\/uploads\/2018\/10\/0ee7e656ca1d62bb4f32b1f5f3f09c6b.jpg 1920w, https:\/\/villarrealcf.es\/wp-content\/uploads\/2018\/10\/0ee7e656ca1d62bb4f32b1f5f3f09c6b-1024x576.jpg 1024w, https:\/\/villarrealcf.es\/\/wp-content\/uploads\/2018\/10\/0ee7e656ca1d62bb4f32b1f5f3f09c6b.jpg 1920w, https:\/\/villarrealcf.es\/\/wp-content\/uploads\/2018\/10\/0ee7e656ca1d62bb4f32b1f5f3f09c6b.jpg 1920w, https:\/\/villarrealcf.es\/wp-content\/uploads\/2018\/10\/0ee7e656ca1d62bb4f32b1f5f3f09c6b-32x18.jpg 32w, https:\/\/villarrealcf.es\/wp-content\/uploads\/2018\/10\/0ee7e656ca1d62bb4f32b1f5f3f09c6b-150x84.jpg 150w, https:\/\/villarrealcf.es\/\/wp-content\/uploads\/2018\/10\/0ee7e656ca1d62bb4f32b1f5f3f09c6b.jpg 1920w, https:\/\/villarrealcf.es\/wp-content\/uploads\/2018\/10\/0ee7e656ca1d62bb4f32b1f5f3f09c6b-1200x675.jpg 1200w","sizes":"auto, (max-width: 1344px) 100vw, 1344px"},{"type":"paragraph","text":"Funes Mori, Toko Ekambi, Bacca, Fornals i Pedraza defensaran els colors de les seues seleccions"},{"type":"paragraph","text":"Cinc jugadors del Villarreal CF representaran a la seua selecci\u00f3 nacional durant la present jornada internacional. Ramiro Funes Mori i Carlos Bacca defensaran els interessos dels seus pa\u00efsos participant en els xocs amistosos que disputaran les seues seleccions. El defensa argent\u00ed s\u2019enfrontar\u00e0 davant l\u2019Iraq i Brasil, mentre que l\u2019ariet colombi\u00e0 far\u00e0 el mateix davant Estats Units i Costa Rica."},{"type":"paragraph","text":"Per la seua banda, Toko Ekambi, Pablo Fornals i Alfonso Pedraza tamb\u00e9 s\u2019han enrolat en les files dels seus respectius combinats nacionals. El davanter camerun\u00e8s disputar\u00e0 dos partits classificatoris per a la Copa d\u2019\u00c0frica de Nacions davant Malawi, mentre que els internacionals espanyols Sub-21, que ja han certificat la participaci\u00f3 de \u2018La Rojita\u2019 a l\u2019Europeu de 2019, jugaran dos partits de la fase de classificaci\u00f3 d\u2019aquest torneig, davant Alb\u00e0nia i Isl\u00e0ndia Sub-21."},{"type":"paragraph","text":"Els encontres que disputaran els internacionals del Villarreal CF s\u00f3n els seg\u00fcents (data i hora a Espanya):"},{"type":"paragraph","text":"Ramiro Funes Mori (Argentina):"},{"type":"list","style":"ul","items":["Dijous, 11 d\u2019octubre: Iraq-Argentina, a les 20.00h, en el Estadi Pr\u00edncep Faisal bin Fahd (Ar\u00e0bia Saudita).","Dimarts, 16 d\u2019octubre: Brasil-Argentina, a les 19.45h, en el Estadi King Abdullah Sports City (Ar\u00e0bia Saudita)."]},{"type":"paragraph","text":"Carlos Bacca (Col\u00f2mbia):"},{"type":"list","style":"ul","items":["Divendres, 12 d\u2019octubre: Estats Units-Col\u00f2mbia, a les 1.30h, en el Raymond James Stadium (Estats Units).","Dimarts, 16 d\u2019octubre: Col\u00f2mbia-Costa Rica (Horari y lloc per decidir)."]},{"type":"paragraph","text":"Karl Toko Ekambi (Camerun):"},{"type":"list","style":"ul","items":["Divendres, 12 d\u2019octubre: Camerun-Malawi, a les 16.30h, en el Stade Omnisport Ahmadou Ahidjo (Camerun).","Dimarts, 16 d\u2019octubre: Malawi-Camerun, a les 14.30h, en el Estadi Kamuzu (Malawi)."]},{"type":"paragraph","text":"Pablo Fornals i Alfonso Pedraza (Selecci\u00f3 Espanyola Sub-21):"},{"type":"list","style":"ul","items":["Dijous, 11 d\u2019octubre: Alb\u00e0nia Sub-21-Espanya Sub-21, a les 19.00h, en el Estadi Selman Stermasi (Alb\u00e0nia).","Dimarts, 16 d\u2019octubre: Isl\u00e0ndia Sub-21-Espanya Sub-21, a les 18.45h, en el Estadi Floridana Vollurinn (Isl\u00e0ndia)."]}]}},"sections":[{"id":"section-1","title":"","text":"Funes Mori, Toko Ekambi, Bacca, Fornals i Pedraza defensaran els colors de les seues seleccions Cinc jugadors del Villarreal CF representaran a la seua selecci\u00f3 nacional durant la present jornada internacional. Ramiro Funes Mori i Carlos Bacca defensaran els interessos dels seus pa\u00efsos participant en els xocs amistosos que disputaran les seues seleccions. El defensa argent\u00ed s\u2019enfrontar\u00e0 davant l\u2019Iraq i Brasil, mentre que l\u2019ariet colombi\u00e0 far\u00e0 el mateix davant Estats Units i Costa Rica. Per la seua banda, Toko Ekambi, Pablo Fornals i Alfonso Pedraza tamb\u00e9 s\u2019han enrolat en les files dels seus respectius combinats nacionals. El davanter camerun\u00e8s disputar\u00e0 dos partits classificatoris per a la Copa d\u2019\u00c0frica de Nacions davant Malawi, mentre que els internacionals espanyols Sub-21, que ja han certificat la participaci\u00f3 de \u2018La Rojita\u2019 a l\u2019Europeu de 2019, jugaran dos partits de la fase de classificaci\u00f3 d\u2019aquest torneig, davant Alb\u00e0nia i Isl\u00e0ndia Sub-21. Els encontres que disputaran els internacionals del Villarreal CF s\u00f3n els seg\u00fcents (data i hora a Espanya): Ramiro Funes Mori (Argentina): Carlos Bacca (Col\u00f2mbia): Karl Toko Ekambi (Camerun): Pablo Fornals i Alfonso Pedraza (Selecci\u00f3 Espanyola Sub-21):","url":"","background_image":"","images":[{"type":"image","url":"https:\/\/villarrealcf.es\/\/wp-content\/uploads\/2018\/10\/0ee7e656ca1d62bb4f32b1f5f3f09c6b.jpg","alt":"HOYOYO","width":1344,"height":756,"srcset":"https:\/\/villarrealcf.es\/wp-content\/uploads\/2018\/10\/0ee7e656ca1d62bb4f32b1f5f3f09c6b.jpg 1344w, https:\/\/villarrealcf.es\/\/wp-content\/uploads\/2018\/10\/0ee7e656ca1d62bb4f32b1f5f3f09c6b.jpg 1920w, https:\/\/villarrealcf.es\/wp-content\/uploads\/2018\/10\/0ee7e656ca1d62bb4f32b1f5f3f09c6b-1024x576.jpg 1024w, https:\/\/villarrealcf.es\/\/wp-content\/uploads\/2018\/10\/0ee7e656ca1d62bb4f32b1f5f3f09c6b.jpg 1920w, https:\/\/villarrealcf.es\/\/wp-content\/uploads\/2018\/10\/0ee7e656ca1d62bb4f32b1f5f3f09c6b.jpg 1920w, https:\/\/villarrealcf.es\/wp-content\/uploads\/2018\/10\/0ee7e656ca1d62bb4f32b1f5f3f09c6b-32x18.jpg 32w, https:\/\/villarrealcf.es\/wp-content\/uploads\/2018\/10\/0ee7e656ca1d62bb4f32b1f5f3f09c6b-150x84.jpg 150w, https:\/\/villarrealcf.es\/\/wp-content\/uploads\/2018\/10\/0ee7e656ca1d62bb4f32b1f5f3f09c6b.jpg 1920w, https:\/\/villarrealcf.es\/wp-content\/uploads\/2018\/10\/0ee7e656ca1d62bb4f32b1f5f3f09c6b-1200x675.jpg 1200w","sizes":"auto, (max-width: 1344px) 100vw, 1344px"}],"videos":[],"links":[]},{"id":"shortcode-caption-69f0df6112d4d","type":"shortcode","shortcode":"caption","attributes":{"id":"attachment_136711","align":"alignnone","width":""},"title":"Caption","rendered":"","data":[],"text":"","url":"","background_image":"","images":[],"videos":[],"links":[],"blocks":[]}]},"excerpt":{"rendered":"Funes Mori, Toko Ekambi, Bacca, Fornals i Pedraza defensaran els colors de les seues seleccions\u00a0","protected":false},"author":25,"featured_media":136711,"comment_status":"","ping_status":"","sticky":false,"template":"","format":"standard","meta":{"_acf_changed":false,"footnotes":""},"categories":[4854],"tags":[],"acf":null,"lang":"val","translations":{"val":211563},"essential_grid":{"has_grid":false},"formatted_date":"October 10, 2018","modified_date":"October 10, 2018","permalink":"https:\/\/villarrealcf.es\/val\/agenda-dels-internacionals-del-villarreal-cf\/","reading_time":2,"featured_media_data":{"id":136711,"title":"HOYOYO","caption":"Karl Toko Ekambi i Alfonso Pedraza seran protagonistes amb les seues seleccions durant l'aturada internacional.","alt_text":"","description":"","mime_type":"image\/jpeg","source_url":"https:\/\/villarrealcf.es\/wp-content\/uploads\/2018\/10\/0ee7e656ca1d62bb4f32b1f5f3f09c6b.jpg","sizes":{"thumbnail":{"url":"https:\/\/villarrealcf.es\/wp-content\/uploads\/2018\/10\/0ee7e656ca1d62bb4f32b1f5f3f09c6b-150x150.jpg","width":150,"height":150},"medium":{"url":"https:\/\/villarrealcf.es\/wp-content\/uploads\/2018\/10\/0ee7e656ca1d62bb4f32b1f5f3f09c6b-300x169.jpg","width":300,"height":169},"medium_large":{"url":"https:\/\/villarrealcf.es\/wp-content\/uploads\/2018\/10\/0ee7e656ca1d62bb4f32b1f5f3f09c6b-768x432.jpg","width":768,"height":432},"large":{"url":"https:\/\/villarrealcf.es\/wp-content\/uploads\/2018\/10\/0ee7e656ca1d62bb4f32b1f5f3f09c6b-1024x576.jpg","width":788,"height":443},"1536x1536":{"url":"https:\/\/villarrealcf.es\/wp-content\/uploads\/2018\/10\/0ee7e656ca1d62bb4f32b1f5f3f09c6b.jpg","width":1344,"height":756},"2048x2048":{"url":"https:\/\/villarrealcf.es\/wp-content\/uploads\/2018\/10\/0ee7e656ca1d62bb4f32b1f5f3f09c6b.jpg","width":1344,"height":756},"tp-image-grid":{"url":"https:\/\/villarrealcf.es\/wp-content\/uploads\/2018\/10\/0ee7e656ca1d62bb4f32b1f5f3f09c6b-700x700.jpg","width":700,"height":700},"size-bunyad-medium":{"url":"https:\/\/villarrealcf.es\/wp-content\/uploads\/2018\/10\/0ee7e656ca1d62bb4f32b1f5f3f09c6b.jpg","width":1344,"height":756},"sportspress-crop-medium":{"url":"https:\/\/villarrealcf.es\/wp-content\/uploads\/2018\/10\/0ee7e656ca1d62bb4f32b1f5f3f09c6b-300x300.jpg","width":300,"height":300},"sportspress-fit-medium":{"url":"https:\/\/villarrealcf.es\/wp-content\/uploads\/2018\/10\/0ee7e656ca1d62bb4f32b1f5f3f09c6b-300x169.jpg","width":300,"height":169},"sportspress-fit-icon":{"url":"https:\/\/villarrealcf.es\/wp-content\/uploads\/2018\/10\/0ee7e656ca1d62bb4f32b1f5f3f09c6b-128x72.jpg","width":128,"height":72},"sportspress-fit-mini":{"url":"https:\/\/villarrealcf.es\/wp-content\/uploads\/2018\/10\/0ee7e656ca1d62bb4f32b1f5f3f09c6b-32x18.jpg","width":32,"height":18},"bunyad-small":{"url":"https:\/\/villarrealcf.es\/wp-content\/uploads\/2018\/10\/0ee7e656ca1d62bb4f32b1f5f3f09c6b-150x84.jpg","width":150,"height":84},"bunyad-medium":{"url":"https:\/\/villarrealcf.es\/wp-content\/uploads\/2018\/10\/0ee7e656ca1d62bb4f32b1f5f3f09c6b-450x253.jpg","width":450,"height":253},"bunyad-full":{"url":"https:\/\/villarrealcf.es\/wp-content\/uploads\/2018\/10\/0ee7e656ca1d62bb4f32b1f5f3f09c6b-1200x675.jpg","width":1200,"height":675},"bunyad-viewport":{"url":"https:\/\/villarrealcf.es\/wp-content\/uploads\/2018\/10\/0ee7e656ca1d62bb4f32b1f5f3f09c6b.jpg","width":1344,"height":756},"bunyad-768":{"url":"https:\/\/villarrealcf.es\/wp-content\/uploads\/2018\/10\/0ee7e656ca1d62bb4f32b1f5f3f09c6b-768x432.jpg","width":768,"height":432},"full":{"url":"https:\/\/villarrealcf.es\/wp-content\/uploads\/2018\/10\/0ee7e656ca1d62bb4f32b1f5f3f09c6b.jpg","width":1344,"height":756}}},"author_data":{"id":"25","name":"Javier Ayuso","first_name":"Javier","last_name":"Ayuso","description":"","avatar_url":"https:\/\/secure.gravatar.com\/avatar\/fcf8894be45988fcce5bbff0efe1790d2a7f4ba57e2c7c898f5068154e696495?s=96&d=mm&r=g","acf":null},"taxonomies_data":{"category":[{"id":4854,"name":"Noticies Generals","slug":"noticies-generals","acf":null}],"translation_priority":[{"id":735,"name":"Optional","slug":"optional-val","acf":null}]},"seo_full":{"native":{"title":"Agenda dels internacionals del Villarreal CF - Web Oficial del Villarreal CF","description":"[caption id=\"attachment_136711\" align=\"alignnone\" width=\"\"]Karl Toko Ekambi i Alfonso Pedraza seran protagonistes amb les seues seleccions durant l'aturada internacional.[\/caption]Funes Mori, Toko&hellip;","canonical":"https:\/\/villarrealcf.es\/val\/agenda-dels-internacionals-del-villarreal-cf\/"}},"_links":{"self":[{"href":"https:\/\/villarrealcf.es\/val\/wp-json\/wp\/v2\/posts\/211563","targetHints":{"allow":["GET"]}}],"collection":[{"href":"https:\/\/villarrealcf.es\/val\/wp-json\/wp\/v2\/posts"}],"about":[{"href":"https:\/\/villarrealcf.es\/val\/wp-json\/wp\/v2\/types\/post"}],"author":[{"embeddable":true,"href":"https:\/\/villarrealcf.es\/val\/wp-json\/wp\/v2\/users\/25"}],"replies":[{"embeddable":true,"href":"https:\/\/villarrealcf.es\/val\/wp-json\/wp\/v2\/comments?post=211563"}],"version-history":[{"count":0,"href":"https:\/\/villarrealcf.es\/val\/wp-json\/wp\/v2\/posts\/211563\/revisions"}],"wp:featuredmedia":[{"embeddable":true,"href":"https:\/\/villarrealcf.es\/val\/wp-json\/wp\/v2\/media\/136711"}],"wp:attachment":[{"href":"https:\/\/villarrealcf.es\/val\/wp-json\/wp\/v2\/media?parent=211563"}],"wp:term":[{"taxonomy":"category","embeddable":true,"href":"https:\/\/villarrealcf.es\/val\/wp-json\/wp\/v2\/categories?post=211563"},{"taxonomy":"post_tag","embeddable":true,"href":"https:\/\/villarrealcf.es\/val\/wp-json\/wp\/v2\/tags?post=211563"}],"curies":[{"name":"wp","href":"https:\/\/api.w.org\/{rel}","templated":true}]}}