{"id":209965,"date":"2018-03-16T07:34:20","date_gmt":"2018-03-16T06:34:20","guid":{"rendered":"https:\/\/villarrealcf.es\/\/el-derbi-mes-ofensiu\/"},"modified":"2018-03-16T07:34:20","modified_gmt":"2018-03-16T06:34:20","slug":"el-derbi-mes-ofensiu","status":"publish","type":"post","link":"https:\/\/villarrealcf.es\/val\/el-derbi-mes-ofensiu\/","title":{"rendered":"El derbi m\u00e9s ofensiu"},"content":{"protected":false,"blocks":[{"type":"image","url":"https:\/\/villarrealcf.es\/\/wp-content\/uploads\/2018\/03\/c401cd20a9b79e14e816ad09a5d05a54.jpg","alt":"HOYOYO","width":1653,"height":930,"srcset":"https:\/\/villarrealcf.es\/wp-content\/uploads\/2018\/03\/c401cd20a9b79e14e816ad09a5d05a54.jpg 1653w, https:\/\/villarrealcf.es\/\/wp-content\/uploads\/2018\/03\/c401cd20a9b79e14e816ad09a5d05a54.jpg 1920w, https:\/\/villarrealcf.es\/wp-content\/uploads\/2018\/03\/c401cd20a9b79e14e816ad09a5d05a54-1024x576.jpg 1024w, https:\/\/villarrealcf.es\/\/wp-content\/uploads\/2018\/03\/c401cd20a9b79e14e816ad09a5d05a54.jpg 1920w, https:\/\/villarrealcf.es\/wp-content\/uploads\/2018\/03\/c401cd20a9b79e14e816ad09a5d05a54-1536x864.jpg 1536w, https:\/\/villarrealcf.es\/\/wp-content\/uploads\/2018\/03\/c401cd20a9b79e14e816ad09a5d05a54.jpg 1920w, https:\/\/villarrealcf.es\/wp-content\/uploads\/2018\/03\/c401cd20a9b79e14e816ad09a5d05a54-32x18.jpg 32w, https:\/\/villarrealcf.es\/wp-content\/uploads\/2018\/03\/c401cd20a9b79e14e816ad09a5d05a54-150x84.jpg 150w, https:\/\/villarrealcf.es\/\/wp-content\/uploads\/2018\/03\/c401cd20a9b79e14e816ad09a5d05a54.jpg 1920w, https:\/\/villarrealcf.es\/wp-content\/uploads\/2018\/03\/c401cd20a9b79e14e816ad09a5d05a54-1200x675.jpg 1200w","sizes":"auto, (max-width: 1653px) 100vw, 1653px"},{"type":"paragraph","text":"L\u2019entrenador del Villarreal B, Miguel \u00c1lvarez, augura un gran espectacle davant el Val\u00e8ncia Mestalla"},{"type":"paragraph","text":"El Villarreal B afronta aquest dissabte un apassionant derbi davant el Val\u00e8ncia Mestalla que es disputar\u00e0 a Paterna (11.30 hores). L\u2019entrenador del Villarreal B, Miguel \u00c1lvarez, augura un gran espectacle entre dos equips que aposten pel joc ofensiu: \u201c\u00c9s un derbi bonic entre dues pedreres interessants. En teoria s\u2019hauria de veure un gran partit perqu\u00e8 els dos equips tractem b\u00e9 la pilota i ells a casa es mostren com un equip molt ofensiu\u201d."},{"type":"paragraph","text":"Miguel \u00c1lvarez va advertir del potencial \u2018che\u2019. No en va, el Val\u00e8ncia Mestalla \u00e9s l\u2019equip m\u00e9s golejador del grup III de Segona B (48 gols), tot i que ostenta la desena posici\u00f3 a la taula. Per la seua banda, el Villarreal B \u00e9s segon amb 37 \u2018dianes\u2019 anotades. \u201cEl Val\u00e8ncia Mestalla \u00e9s l\u2019equip m\u00e9s golejador de la categoria i cal controlar aix\u00f2 si no volem passar-ho malament. Estic conven\u00e7ut que competirem a un gran nivell davant el Val\u00e8ncia Mestalla. Aquest partit \u00e9s important per a l\u2019entitat i els jugadors ho saben\u201d, va concloure Miguel \u00c1lvarez."},{"type":"paragraph","text":"Per escoltar m\u00e9s declaracions de Miguel \u00c1lvarez nom\u00e9s cal punxar en la pestanya de v\u00eddeo situada just baix la foto principal."},{"type":"link","url":"https:\/\/www.youtube.com\/watch?v=V3LaYVwhvjA","text":"https:\/\/www.youtube.com\/watch?v=V3LaYVwhvjA","target":"_blank"}],"structured":{"summary":{"text":"L\u2019entrenador del Villarreal B, Miguel \u00c1lvarez, augura un gran espectacle davant el Val\u00e8ncia Mestalla El Villarreal B afronta aquest dissabte un apassionant derbi davant el Val\u00e8ncia Mestalla que es disputar\u00e0 a Paterna (11.30 hores). L\u2019entrenador del Villarreal B, Miguel \u00c1lvarez, augura un gran espectacle entre dos equips que aposten pel joc ofensiu: \u201c\u00c9s un derbi bonic entre dues pedreres interessants. En teoria s\u2019hauria de veure un gran partit perqu\u00e8 els dos equips tractem b\u00e9 la pilota i ells a casa es mostren com un equip molt ofensiu\u201d. Miguel \u00c1lvarez va advertir del potencial \u2018che\u2019. No en va, el Val\u00e8ncia Mestalla \u00e9s l\u2019equip m\u00e9s golejador del grup III de Segona B (48 gols), tot i que ostenta la desena posici\u00f3 a la taula. Per la seua banda, el Villarreal B \u00e9s segon amb 37 \u2018dianes\u2019 anotades. \u201cEl Val\u00e8ncia Mestalla \u00e9s l\u2019equip m\u00e9s golejador de la categoria i cal controlar aix\u00f2 si no volem passar-ho malament. Estic conven\u00e7ut que competirem a un gran nivell davant el Val\u00e8ncia Mestalla. Aquest partit \u00e9s important per a l\u2019entitat i els jugadors ho saben\u201d, va concloure Miguel \u00c1lvarez. Per escoltar m\u00e9s declaracions de Miguel \u00c1lvarez nom\u00e9s cal punxar en la pestanya de v\u00eddeo situada just baix la foto principal.https:\/\/www.youtube.com\/watch?v=V3LaYVwhvjA","headings":[],"buttons":[],"images":[{"type":"image","url":"https:\/\/villarrealcf.es\/\/wp-content\/uploads\/2018\/03\/c401cd20a9b79e14e816ad09a5d05a54.jpg","alt":"HOYOYO","width":1653,"height":930,"srcset":"https:\/\/villarrealcf.es\/wp-content\/uploads\/2018\/03\/c401cd20a9b79e14e816ad09a5d05a54.jpg 1653w, https:\/\/villarrealcf.es\/\/wp-content\/uploads\/2018\/03\/c401cd20a9b79e14e816ad09a5d05a54.jpg 1920w, https:\/\/villarrealcf.es\/wp-content\/uploads\/2018\/03\/c401cd20a9b79e14e816ad09a5d05a54-1024x576.jpg 1024w, https:\/\/villarrealcf.es\/\/wp-content\/uploads\/2018\/03\/c401cd20a9b79e14e816ad09a5d05a54.jpg 1920w, https:\/\/villarrealcf.es\/wp-content\/uploads\/2018\/03\/c401cd20a9b79e14e816ad09a5d05a54-1536x864.jpg 1536w, https:\/\/villarrealcf.es\/\/wp-content\/uploads\/2018\/03\/c401cd20a9b79e14e816ad09a5d05a54.jpg 1920w, https:\/\/villarrealcf.es\/wp-content\/uploads\/2018\/03\/c401cd20a9b79e14e816ad09a5d05a54-32x18.jpg 32w, https:\/\/villarrealcf.es\/wp-content\/uploads\/2018\/03\/c401cd20a9b79e14e816ad09a5d05a54-150x84.jpg 150w, https:\/\/villarrealcf.es\/\/wp-content\/uploads\/2018\/03\/c401cd20a9b79e14e816ad09a5d05a54.jpg 1920w, https:\/\/villarrealcf.es\/wp-content\/uploads\/2018\/03\/c401cd20a9b79e14e816ad09a5d05a54-1200x675.jpg 1200w","sizes":"auto, (max-width: 1653px) 100vw, 1653px"}],"counts":{"blocks":6,"headings":0,"texts":4,"buttons":0,"images":1}},"sections":[{"id":"section-1","title":"","text":"L\u2019entrenador del Villarreal B, Miguel \u00c1lvarez, augura un gran espectacle davant el Val\u00e8ncia Mestalla El Villarreal B afronta aquest dissabte un apassionant derbi davant el Val\u00e8ncia Mestalla que es disputar\u00e0 a Paterna (11.30 hores). L\u2019entrenador del Villarreal B, Miguel \u00c1lvarez, augura un gran espectacle entre dos equips que aposten pel joc ofensiu: \u201c\u00c9s un derbi bonic entre dues pedreres interessants. En teoria s\u2019hauria de veure un gran partit perqu\u00e8 els dos equips tractem b\u00e9 la pilota i ells a casa es mostren com un equip molt ofensiu\u201d. Miguel \u00c1lvarez va advertir del potencial \u2018che\u2019. No en va, el Val\u00e8ncia Mestalla \u00e9s l\u2019equip m\u00e9s golejador del grup III de Segona B (48 gols), tot i que ostenta la desena posici\u00f3 a la taula. Per la seua banda, el Villarreal B \u00e9s segon amb 37 \u2018dianes\u2019 anotades. \u201cEl Val\u00e8ncia Mestalla \u00e9s l\u2019equip m\u00e9s golejador de la categoria i cal controlar aix\u00f2 si no volem passar-ho malament. Estic conven\u00e7ut que competirem a un gran nivell davant el Val\u00e8ncia Mestalla. Aquest partit \u00e9s important per a l\u2019entitat i els jugadors ho saben\u201d, va concloure Miguel \u00c1lvarez. Per escoltar m\u00e9s declaracions de Miguel \u00c1lvarez nom\u00e9s cal punxar en la pestanya de v\u00eddeo situada just baix la foto principal.","headings":[],"texts":[{"type":"paragraph","text":"L\u2019entrenador del Villarreal B, Miguel \u00c1lvarez, augura un gran espectacle davant el Val\u00e8ncia Mestalla"},{"type":"paragraph","text":"El Villarreal B afronta aquest dissabte un apassionant derbi davant el Val\u00e8ncia Mestalla que es disputar\u00e0 a Paterna (11.30 hores). L\u2019entrenador del Villarreal B, Miguel \u00c1lvarez, augura un gran espectacle entre dos equips que aposten pel joc ofensiu: \u201c\u00c9s un derbi bonic entre dues pedreres interessants. En teoria s\u2019hauria de veure un gran partit perqu\u00e8 els dos equips tractem b\u00e9 la pilota i ells a casa es mostren com un equip molt ofensiu\u201d."},{"type":"paragraph","text":"Miguel \u00c1lvarez va advertir del potencial \u2018che\u2019. No en va, el Val\u00e8ncia Mestalla \u00e9s l\u2019equip m\u00e9s golejador del grup III de Segona B (48 gols), tot i que ostenta la desena posici\u00f3 a la taula. Per la seua banda, el Villarreal B \u00e9s segon amb 37 \u2018dianes\u2019 anotades. \u201cEl Val\u00e8ncia Mestalla \u00e9s l\u2019equip m\u00e9s golejador de la categoria i cal controlar aix\u00f2 si no volem passar-ho malament. Estic conven\u00e7ut que competirem a un gran nivell davant el Val\u00e8ncia Mestalla. Aquest partit \u00e9s important per a l\u2019entitat i els jugadors ho saben\u201d, va concloure Miguel \u00c1lvarez."},{"type":"paragraph","text":"Per escoltar m\u00e9s declaracions de Miguel \u00c1lvarez nom\u00e9s cal punxar en la pestanya de v\u00eddeo situada just baix la foto principal."}],"buttons":[],"images":[{"type":"image","url":"https:\/\/villarrealcf.es\/\/wp-content\/uploads\/2018\/03\/c401cd20a9b79e14e816ad09a5d05a54.jpg","alt":"HOYOYO","width":1653,"height":930,"srcset":"https:\/\/villarrealcf.es\/wp-content\/uploads\/2018\/03\/c401cd20a9b79e14e816ad09a5d05a54.jpg 1653w, https:\/\/villarrealcf.es\/\/wp-content\/uploads\/2018\/03\/c401cd20a9b79e14e816ad09a5d05a54.jpg 1920w, https:\/\/villarrealcf.es\/wp-content\/uploads\/2018\/03\/c401cd20a9b79e14e816ad09a5d05a54-1024x576.jpg 1024w, https:\/\/villarrealcf.es\/\/wp-content\/uploads\/2018\/03\/c401cd20a9b79e14e816ad09a5d05a54.jpg 1920w, https:\/\/villarrealcf.es\/wp-content\/uploads\/2018\/03\/c401cd20a9b79e14e816ad09a5d05a54-1536x864.jpg 1536w, https:\/\/villarrealcf.es\/\/wp-content\/uploads\/2018\/03\/c401cd20a9b79e14e816ad09a5d05a54.jpg 1920w, https:\/\/villarrealcf.es\/wp-content\/uploads\/2018\/03\/c401cd20a9b79e14e816ad09a5d05a54-32x18.jpg 32w, https:\/\/villarrealcf.es\/wp-content\/uploads\/2018\/03\/c401cd20a9b79e14e816ad09a5d05a54-150x84.jpg 150w, https:\/\/villarrealcf.es\/\/wp-content\/uploads\/2018\/03\/c401cd20a9b79e14e816ad09a5d05a54.jpg 1920w, https:\/\/villarrealcf.es\/wp-content\/uploads\/2018\/03\/c401cd20a9b79e14e816ad09a5d05a54-1200x675.jpg 1200w","sizes":"auto, (max-width: 1653px) 100vw, 1653px"}],"widgets":[],"blocks":[{"type":"image","url":"https:\/\/villarrealcf.es\/\/wp-content\/uploads\/2018\/03\/c401cd20a9b79e14e816ad09a5d05a54.jpg","alt":"HOYOYO","width":1653,"height":930,"srcset":"https:\/\/villarrealcf.es\/wp-content\/uploads\/2018\/03\/c401cd20a9b79e14e816ad09a5d05a54.jpg 1653w, https:\/\/villarrealcf.es\/\/wp-content\/uploads\/2018\/03\/c401cd20a9b79e14e816ad09a5d05a54.jpg 1920w, https:\/\/villarrealcf.es\/wp-content\/uploads\/2018\/03\/c401cd20a9b79e14e816ad09a5d05a54-1024x576.jpg 1024w, https:\/\/villarrealcf.es\/\/wp-content\/uploads\/2018\/03\/c401cd20a9b79e14e816ad09a5d05a54.jpg 1920w, https:\/\/villarrealcf.es\/wp-content\/uploads\/2018\/03\/c401cd20a9b79e14e816ad09a5d05a54-1536x864.jpg 1536w, https:\/\/villarrealcf.es\/\/wp-content\/uploads\/2018\/03\/c401cd20a9b79e14e816ad09a5d05a54.jpg 1920w, https:\/\/villarrealcf.es\/wp-content\/uploads\/2018\/03\/c401cd20a9b79e14e816ad09a5d05a54-32x18.jpg 32w, https:\/\/villarrealcf.es\/wp-content\/uploads\/2018\/03\/c401cd20a9b79e14e816ad09a5d05a54-150x84.jpg 150w, https:\/\/villarrealcf.es\/\/wp-content\/uploads\/2018\/03\/c401cd20a9b79e14e816ad09a5d05a54.jpg 1920w, https:\/\/villarrealcf.es\/wp-content\/uploads\/2018\/03\/c401cd20a9b79e14e816ad09a5d05a54-1200x675.jpg 1200w","sizes":"auto, (max-width: 1653px) 100vw, 1653px"},{"type":"paragraph","text":"L\u2019entrenador del Villarreal B, Miguel \u00c1lvarez, augura un gran espectacle davant el Val\u00e8ncia Mestalla"},{"type":"paragraph","text":"El Villarreal B afronta aquest dissabte un apassionant derbi davant el Val\u00e8ncia Mestalla que es disputar\u00e0 a Paterna (11.30 hores). L\u2019entrenador del Villarreal B, Miguel \u00c1lvarez, augura un gran espectacle entre dos equips que aposten pel joc ofensiu: \u201c\u00c9s un derbi bonic entre dues pedreres interessants. En teoria s\u2019hauria de veure un gran partit perqu\u00e8 els dos equips tractem b\u00e9 la pilota i ells a casa es mostren com un equip molt ofensiu\u201d."},{"type":"paragraph","text":"Miguel \u00c1lvarez va advertir del potencial \u2018che\u2019. No en va, el Val\u00e8ncia Mestalla \u00e9s l\u2019equip m\u00e9s golejador del grup III de Segona B (48 gols), tot i que ostenta la desena posici\u00f3 a la taula. Per la seua banda, el Villarreal B \u00e9s segon amb 37 \u2018dianes\u2019 anotades. \u201cEl Val\u00e8ncia Mestalla \u00e9s l\u2019equip m\u00e9s golejador de la categoria i cal controlar aix\u00f2 si no volem passar-ho malament. Estic conven\u00e7ut que competirem a un gran nivell davant el Val\u00e8ncia Mestalla. Aquest partit \u00e9s important per a l\u2019entitat i els jugadors ho saben\u201d, va concloure Miguel \u00c1lvarez."},{"type":"paragraph","text":"Per escoltar m\u00e9s declaracions de Miguel \u00c1lvarez nom\u00e9s cal punxar en la pestanya de v\u00eddeo situada just baix la foto principal."},{"type":"link","url":"https:\/\/www.youtube.com\/watch?v=V3LaYVwhvjA","text":"https:\/\/www.youtube.com\/watch?v=V3LaYVwhvjA","target":"_blank"}]}],"hero":{"id":"section-1","title":"","text":"L\u2019entrenador del Villarreal B, Miguel \u00c1lvarez, augura un gran espectacle davant el Val\u00e8ncia Mestalla El Villarreal B afronta aquest dissabte un apassionant derbi davant el Val\u00e8ncia Mestalla que es disputar\u00e0 a Paterna (11.30 hores). L\u2019entrenador del Villarreal B, Miguel \u00c1lvarez, augura un gran espectacle entre dos equips que aposten pel joc ofensiu: \u201c\u00c9s un derbi bonic entre dues pedreres interessants. En teoria s\u2019hauria de veure un gran partit perqu\u00e8 els dos equips tractem b\u00e9 la pilota i ells a casa es mostren com un equip molt ofensiu\u201d. Miguel \u00c1lvarez va advertir del potencial \u2018che\u2019. No en va, el Val\u00e8ncia Mestalla \u00e9s l\u2019equip m\u00e9s golejador del grup III de Segona B (48 gols), tot i que ostenta la desena posici\u00f3 a la taula. Per la seua banda, el Villarreal B \u00e9s segon amb 37 \u2018dianes\u2019 anotades. \u201cEl Val\u00e8ncia Mestalla \u00e9s l\u2019equip m\u00e9s golejador de la categoria i cal controlar aix\u00f2 si no volem passar-ho malament. Estic conven\u00e7ut que competirem a un gran nivell davant el Val\u00e8ncia Mestalla. Aquest partit \u00e9s important per a l\u2019entitat i els jugadors ho saben\u201d, va concloure Miguel \u00c1lvarez. Per escoltar m\u00e9s declaracions de Miguel \u00c1lvarez nom\u00e9s cal punxar en la pestanya de v\u00eddeo situada just baix la foto principal.","headings":[],"texts":[{"type":"paragraph","text":"L\u2019entrenador del Villarreal B, Miguel \u00c1lvarez, augura un gran espectacle davant el Val\u00e8ncia Mestalla"},{"type":"paragraph","text":"El Villarreal B afronta aquest dissabte un apassionant derbi davant el Val\u00e8ncia Mestalla que es disputar\u00e0 a Paterna (11.30 hores). L\u2019entrenador del Villarreal B, Miguel \u00c1lvarez, augura un gran espectacle entre dos equips que aposten pel joc ofensiu: \u201c\u00c9s un derbi bonic entre dues pedreres interessants. En teoria s\u2019hauria de veure un gran partit perqu\u00e8 els dos equips tractem b\u00e9 la pilota i ells a casa es mostren com un equip molt ofensiu\u201d."},{"type":"paragraph","text":"Miguel \u00c1lvarez va advertir del potencial \u2018che\u2019. No en va, el Val\u00e8ncia Mestalla \u00e9s l\u2019equip m\u00e9s golejador del grup III de Segona B (48 gols), tot i que ostenta la desena posici\u00f3 a la taula. Per la seua banda, el Villarreal B \u00e9s segon amb 37 \u2018dianes\u2019 anotades. \u201cEl Val\u00e8ncia Mestalla \u00e9s l\u2019equip m\u00e9s golejador de la categoria i cal controlar aix\u00f2 si no volem passar-ho malament. Estic conven\u00e7ut que competirem a un gran nivell davant el Val\u00e8ncia Mestalla. Aquest partit \u00e9s important per a l\u2019entitat i els jugadors ho saben\u201d, va concloure Miguel \u00c1lvarez."},{"type":"paragraph","text":"Per escoltar m\u00e9s declaracions de Miguel \u00c1lvarez nom\u00e9s cal punxar en la pestanya de v\u00eddeo situada just baix la foto principal."}],"buttons":[],"images":[{"type":"image","url":"https:\/\/villarrealcf.es\/\/wp-content\/uploads\/2018\/03\/c401cd20a9b79e14e816ad09a5d05a54.jpg","alt":"HOYOYO","width":1653,"height":930,"srcset":"https:\/\/villarrealcf.es\/wp-content\/uploads\/2018\/03\/c401cd20a9b79e14e816ad09a5d05a54.jpg 1653w, https:\/\/villarrealcf.es\/\/wp-content\/uploads\/2018\/03\/c401cd20a9b79e14e816ad09a5d05a54.jpg 1920w, https:\/\/villarrealcf.es\/wp-content\/uploads\/2018\/03\/c401cd20a9b79e14e816ad09a5d05a54-1024x576.jpg 1024w, https:\/\/villarrealcf.es\/\/wp-content\/uploads\/2018\/03\/c401cd20a9b79e14e816ad09a5d05a54.jpg 1920w, https:\/\/villarrealcf.es\/wp-content\/uploads\/2018\/03\/c401cd20a9b79e14e816ad09a5d05a54-1536x864.jpg 1536w, https:\/\/villarrealcf.es\/\/wp-content\/uploads\/2018\/03\/c401cd20a9b79e14e816ad09a5d05a54.jpg 1920w, https:\/\/villarrealcf.es\/wp-content\/uploads\/2018\/03\/c401cd20a9b79e14e816ad09a5d05a54-32x18.jpg 32w, https:\/\/villarrealcf.es\/wp-content\/uploads\/2018\/03\/c401cd20a9b79e14e816ad09a5d05a54-150x84.jpg 150w, https:\/\/villarrealcf.es\/\/wp-content\/uploads\/2018\/03\/c401cd20a9b79e14e816ad09a5d05a54.jpg 1920w, https:\/\/villarrealcf.es\/wp-content\/uploads\/2018\/03\/c401cd20a9b79e14e816ad09a5d05a54-1200x675.jpg 1200w","sizes":"auto, (max-width: 1653px) 100vw, 1653px"}],"widgets":[],"blocks":[{"type":"image","url":"https:\/\/villarrealcf.es\/\/wp-content\/uploads\/2018\/03\/c401cd20a9b79e14e816ad09a5d05a54.jpg","alt":"HOYOYO","width":1653,"height":930,"srcset":"https:\/\/villarrealcf.es\/wp-content\/uploads\/2018\/03\/c401cd20a9b79e14e816ad09a5d05a54.jpg 1653w, https:\/\/villarrealcf.es\/\/wp-content\/uploads\/2018\/03\/c401cd20a9b79e14e816ad09a5d05a54.jpg 1920w, https:\/\/villarrealcf.es\/wp-content\/uploads\/2018\/03\/c401cd20a9b79e14e816ad09a5d05a54-1024x576.jpg 1024w, https:\/\/villarrealcf.es\/\/wp-content\/uploads\/2018\/03\/c401cd20a9b79e14e816ad09a5d05a54.jpg 1920w, https:\/\/villarrealcf.es\/wp-content\/uploads\/2018\/03\/c401cd20a9b79e14e816ad09a5d05a54-1536x864.jpg 1536w, https:\/\/villarrealcf.es\/\/wp-content\/uploads\/2018\/03\/c401cd20a9b79e14e816ad09a5d05a54.jpg 1920w, https:\/\/villarrealcf.es\/wp-content\/uploads\/2018\/03\/c401cd20a9b79e14e816ad09a5d05a54-32x18.jpg 32w, https:\/\/villarrealcf.es\/wp-content\/uploads\/2018\/03\/c401cd20a9b79e14e816ad09a5d05a54-150x84.jpg 150w, https:\/\/villarrealcf.es\/\/wp-content\/uploads\/2018\/03\/c401cd20a9b79e14e816ad09a5d05a54.jpg 1920w, https:\/\/villarrealcf.es\/wp-content\/uploads\/2018\/03\/c401cd20a9b79e14e816ad09a5d05a54-1200x675.jpg 1200w","sizes":"auto, (max-width: 1653px) 100vw, 1653px"},{"type":"paragraph","text":"L\u2019entrenador del Villarreal B, Miguel \u00c1lvarez, augura un gran espectacle davant el Val\u00e8ncia Mestalla"},{"type":"paragraph","text":"El Villarreal B afronta aquest dissabte un apassionant derbi davant el Val\u00e8ncia Mestalla que es disputar\u00e0 a Paterna (11.30 hores). L\u2019entrenador del Villarreal B, Miguel \u00c1lvarez, augura un gran espectacle entre dos equips que aposten pel joc ofensiu: \u201c\u00c9s un derbi bonic entre dues pedreres interessants. En teoria s\u2019hauria de veure un gran partit perqu\u00e8 els dos equips tractem b\u00e9 la pilota i ells a casa es mostren com un equip molt ofensiu\u201d."},{"type":"paragraph","text":"Miguel \u00c1lvarez va advertir del potencial \u2018che\u2019. No en va, el Val\u00e8ncia Mestalla \u00e9s l\u2019equip m\u00e9s golejador del grup III de Segona B (48 gols), tot i que ostenta la desena posici\u00f3 a la taula. Per la seua banda, el Villarreal B \u00e9s segon amb 37 \u2018dianes\u2019 anotades. \u201cEl Val\u00e8ncia Mestalla \u00e9s l\u2019equip m\u00e9s golejador de la categoria i cal controlar aix\u00f2 si no volem passar-ho malament. Estic conven\u00e7ut que competirem a un gran nivell davant el Val\u00e8ncia Mestalla. Aquest partit \u00e9s important per a l\u2019entitat i els jugadors ho saben\u201d, va concloure Miguel \u00c1lvarez."},{"type":"paragraph","text":"Per escoltar m\u00e9s declaracions de Miguel \u00c1lvarez nom\u00e9s cal punxar en la pestanya de v\u00eddeo situada just baix la foto principal."},{"type":"link","url":"https:\/\/www.youtube.com\/watch?v=V3LaYVwhvjA","text":"https:\/\/www.youtube.com\/watch?v=V3LaYVwhvjA","target":"_blank"}]}},"sections":[{"id":"section-1","title":"","text":"L\u2019entrenador del Villarreal B, Miguel \u00c1lvarez, augura un gran espectacle davant el Val\u00e8ncia Mestalla El Villarreal B afronta aquest dissabte un apassionant derbi davant el Val\u00e8ncia Mestalla que es disputar\u00e0 a Paterna (11.30 hores). L\u2019entrenador del Villarreal B, Miguel \u00c1lvarez, augura un gran espectacle entre dos equips que aposten pel joc ofensiu: \u201c\u00c9s un derbi bonic entre dues pedreres interessants. En teoria s\u2019hauria de veure un gran partit perqu\u00e8 els dos equips tractem b\u00e9 la pilota i ells a casa es mostren com un equip molt ofensiu\u201d. Miguel \u00c1lvarez va advertir del potencial \u2018che\u2019. No en va, el Val\u00e8ncia Mestalla \u00e9s l\u2019equip m\u00e9s golejador del grup III de Segona B (48 gols), tot i que ostenta la desena posici\u00f3 a la taula. Per la seua banda, el Villarreal B \u00e9s segon amb 37 \u2018dianes\u2019 anotades. \u201cEl Val\u00e8ncia Mestalla \u00e9s l\u2019equip m\u00e9s golejador de la categoria i cal controlar aix\u00f2 si no volem passar-ho malament. Estic conven\u00e7ut que competirem a un gran nivell davant el Val\u00e8ncia Mestalla. Aquest partit \u00e9s important per a l\u2019entitat i els jugadors ho saben\u201d, va concloure Miguel \u00c1lvarez. Per escoltar m\u00e9s declaracions de Miguel \u00c1lvarez nom\u00e9s cal punxar en la pestanya de v\u00eddeo situada just baix la foto principal.","url":"https:\/\/www.youtube.com\/watch?v=V3LaYVwhvjA","background_image":"","images":[{"type":"image","url":"https:\/\/villarrealcf.es\/\/wp-content\/uploads\/2018\/03\/c401cd20a9b79e14e816ad09a5d05a54.jpg","alt":"HOYOYO","width":1653,"height":930,"srcset":"https:\/\/villarrealcf.es\/wp-content\/uploads\/2018\/03\/c401cd20a9b79e14e816ad09a5d05a54.jpg 1653w, https:\/\/villarrealcf.es\/\/wp-content\/uploads\/2018\/03\/c401cd20a9b79e14e816ad09a5d05a54.jpg 1920w, https:\/\/villarrealcf.es\/wp-content\/uploads\/2018\/03\/c401cd20a9b79e14e816ad09a5d05a54-1024x576.jpg 1024w, https:\/\/villarrealcf.es\/\/wp-content\/uploads\/2018\/03\/c401cd20a9b79e14e816ad09a5d05a54.jpg 1920w, https:\/\/villarrealcf.es\/wp-content\/uploads\/2018\/03\/c401cd20a9b79e14e816ad09a5d05a54-1536x864.jpg 1536w, https:\/\/villarrealcf.es\/\/wp-content\/uploads\/2018\/03\/c401cd20a9b79e14e816ad09a5d05a54.jpg 1920w, https:\/\/villarrealcf.es\/wp-content\/uploads\/2018\/03\/c401cd20a9b79e14e816ad09a5d05a54-32x18.jpg 32w, https:\/\/villarrealcf.es\/wp-content\/uploads\/2018\/03\/c401cd20a9b79e14e816ad09a5d05a54-150x84.jpg 150w, https:\/\/villarrealcf.es\/\/wp-content\/uploads\/2018\/03\/c401cd20a9b79e14e816ad09a5d05a54.jpg 1920w, https:\/\/villarrealcf.es\/wp-content\/uploads\/2018\/03\/c401cd20a9b79e14e816ad09a5d05a54-1200x675.jpg 1200w","sizes":"auto, (max-width: 1653px) 100vw, 1653px"}],"videos":[],"links":[{"type":"link","url":"https:\/\/www.youtube.com\/watch?v=V3LaYVwhvjA","text":"https:\/\/www.youtube.com\/watch?v=V3LaYVwhvjA","target":"_blank"}]}]},"excerpt":{"rendered":"L&#8217;entrenador del Villarreal B, Miguel \u00c1lvarez, augura un gran espectacle davant el Val\u00e8ncia Mestalla","protected":false},"author":23,"featured_media":129045,"comment_status":"","ping_status":"","sticky":false,"template":"","format":"standard","meta":{"_acf_changed":false,"footnotes":""},"categories":[4858],"tags":[],"acf":null,"lang":"val","translations":{"val":209965},"essential_grid":{"has_grid":false},"formatted_date":"March 16, 2018","modified_date":"March 16, 2018","permalink":"https:\/\/villarrealcf.es\/val\/el-derbi-mes-ofensiu\/","reading_time":2,"featured_media_data":{"id":129045,"title":"HOYOYO","caption":"","alt_text":"","description":"","mime_type":"image\/jpeg","source_url":"https:\/\/villarrealcf.es\/wp-content\/uploads\/2018\/03\/c401cd20a9b79e14e816ad09a5d05a54.jpg","sizes":{"thumbnail":{"url":"https:\/\/villarrealcf.es\/wp-content\/uploads\/2018\/03\/c401cd20a9b79e14e816ad09a5d05a54-150x150.jpg","width":150,"height":150},"medium":{"url":"https:\/\/villarrealcf.es\/wp-content\/uploads\/2018\/03\/c401cd20a9b79e14e816ad09a5d05a54-300x169.jpg","width":300,"height":169},"medium_large":{"url":"https:\/\/villarrealcf.es\/wp-content\/uploads\/2018\/03\/c401cd20a9b79e14e816ad09a5d05a54-768x432.jpg","width":768,"height":432},"large":{"url":"https:\/\/villarrealcf.es\/wp-content\/uploads\/2018\/03\/c401cd20a9b79e14e816ad09a5d05a54-1024x576.jpg","width":788,"height":443},"1536x1536":{"url":"https:\/\/villarrealcf.es\/wp-content\/uploads\/2018\/03\/c401cd20a9b79e14e816ad09a5d05a54-1536x864.jpg","width":1536,"height":864},"2048x2048":{"url":"https:\/\/villarrealcf.es\/wp-content\/uploads\/2018\/03\/c401cd20a9b79e14e816ad09a5d05a54.jpg","width":1653,"height":930},"tp-image-grid":{"url":"https:\/\/villarrealcf.es\/wp-content\/uploads\/2018\/03\/c401cd20a9b79e14e816ad09a5d05a54-700x700.jpg","width":700,"height":700},"size-bunyad-medium":{"url":"https:\/\/villarrealcf.es\/wp-content\/uploads\/2018\/03\/c401cd20a9b79e14e816ad09a5d05a54.jpg","width":1653,"height":930},"sportspress-crop-medium":{"url":"https:\/\/villarrealcf.es\/wp-content\/uploads\/2018\/03\/c401cd20a9b79e14e816ad09a5d05a54-300x300.jpg","width":300,"height":300},"sportspress-fit-medium":{"url":"https:\/\/villarrealcf.es\/wp-content\/uploads\/2018\/03\/c401cd20a9b79e14e816ad09a5d05a54-300x169.jpg","width":300,"height":169},"sportspress-fit-icon":{"url":"https:\/\/villarrealcf.es\/wp-content\/uploads\/2018\/03\/c401cd20a9b79e14e816ad09a5d05a54-128x72.jpg","width":128,"height":72},"sportspress-fit-mini":{"url":"https:\/\/villarrealcf.es\/wp-content\/uploads\/2018\/03\/c401cd20a9b79e14e816ad09a5d05a54-32x18.jpg","width":32,"height":18},"bunyad-small":{"url":"https:\/\/villarrealcf.es\/wp-content\/uploads\/2018\/03\/c401cd20a9b79e14e816ad09a5d05a54-150x84.jpg","width":150,"height":84},"bunyad-medium":{"url":"https:\/\/villarrealcf.es\/wp-content\/uploads\/2018\/03\/c401cd20a9b79e14e816ad09a5d05a54-450x253.jpg","width":450,"height":253},"bunyad-full":{"url":"https:\/\/villarrealcf.es\/wp-content\/uploads\/2018\/03\/c401cd20a9b79e14e816ad09a5d05a54-1200x675.jpg","width":1200,"height":675},"bunyad-viewport":{"url":"https:\/\/villarrealcf.es\/wp-content\/uploads\/2018\/03\/c401cd20a9b79e14e816ad09a5d05a54.jpg","width":1653,"height":930},"bunyad-768":{"url":"https:\/\/villarrealcf.es\/wp-content\/uploads\/2018\/03\/c401cd20a9b79e14e816ad09a5d05a54-768x432.jpg","width":768,"height":432},"full":{"url":"https:\/\/villarrealcf.es\/wp-content\/uploads\/2018\/03\/c401cd20a9b79e14e816ad09a5d05a54.jpg","width":1653,"height":930}}},"author_data":{"id":"23","name":"Fran Segovia","first_name":"Fran","last_name":"Segovia","description":"","avatar_url":"https:\/\/secure.gravatar.com\/avatar\/9ec849b3b9cb451091f0a96d7943b1c6be26a8d6fd3b94d5b5bfd496b2536c42?s=96&d=mm&r=g","acf":null},"taxonomies_data":{"category":[{"id":4858,"name":"Futbol Base","slug":"futbol-base-val","acf":null}],"translation_priority":[{"id":735,"name":"Optional","slug":"optional-val","acf":null}]},"seo_full":{"native":{"title":"El derbi m\u00e9s ofensiu - Web Oficial del Villarreal CF","description":"L'entrenador del Villarreal B, Miguel \u00c1lvarez, augura un gran espectacle davant el Val\u00e8ncia Mestalla El Villarreal B afronta aquest dissabte&hellip;","canonical":"https:\/\/villarrealcf.es\/val\/el-derbi-mes-ofensiu\/"}},"_links":{"self":[{"href":"https:\/\/villarrealcf.es\/val\/wp-json\/wp\/v2\/posts\/209965","targetHints":{"allow":["GET"]}}],"collection":[{"href":"https:\/\/villarrealcf.es\/val\/wp-json\/wp\/v2\/posts"}],"about":[{"href":"https:\/\/villarrealcf.es\/val\/wp-json\/wp\/v2\/types\/post"}],"author":[{"embeddable":true,"href":"https:\/\/villarrealcf.es\/val\/wp-json\/wp\/v2\/users\/23"}],"replies":[{"embeddable":true,"href":"https:\/\/villarrealcf.es\/val\/wp-json\/wp\/v2\/comments?post=209965"}],"version-history":[{"count":0,"href":"https:\/\/villarrealcf.es\/val\/wp-json\/wp\/v2\/posts\/209965\/revisions"}],"wp:featuredmedia":[{"embeddable":true,"href":"https:\/\/villarrealcf.es\/val\/wp-json\/wp\/v2\/media\/129045"}],"wp:attachment":[{"href":"https:\/\/villarrealcf.es\/val\/wp-json\/wp\/v2\/media?parent=209965"}],"wp:term":[{"taxonomy":"category","embeddable":true,"href":"https:\/\/villarrealcf.es\/val\/wp-json\/wp\/v2\/categories?post=209965"},{"taxonomy":"post_tag","embeddable":true,"href":"https:\/\/villarrealcf.es\/val\/wp-json\/wp\/v2\/tags?post=209965"}],"curies":[{"name":"wp","href":"https:\/\/api.w.org\/{rel}","templated":true}]}}