{"id":612371,"date":"2025-11-18T18:14:58","date_gmt":"2025-11-18T17:14:58","guid":{"rendered":"https:\/\/villarrealcf.es\/el-villarreal-cf-presente-en-el-cefire-lideratge-educatiu\/"},"modified":"2025-11-18T18:23:13","modified_gmt":"2025-11-18T17:23:13","slug":"el-villarreal-cf-presente-en-el-cefire-lideratge-educatiu","status":"publish","type":"post","link":"https:\/\/villarrealcf.es\/en\/el-villarreal-cf-presente-en-el-cefire-lideratge-educatiu\/","title":{"rendered":"Villarreal CF takes part in the \u2018CEFIRE Educational Leadership\u2019 conference"},"content":{"protected":false,"blocks":[{"type":"heading","level":2,"text":"Head coach Marcelino Garc\u00eda Toral was one of the speakers at the event held at the UJI"},{"type":"paragraph","text":"Villarreal CF took part today in the fourth edition of the \u2018Lideratge Educatiu\u2019 conference organised by CEFIRE (the Training, Innovation and Educational Resources Centre of the Valencian Community), in collaboration with the Conselleria d\u2019Educaci\u00f3 of the Generalitat Valenciana and the Universitat Jaume I in Castell\u00f3n."},{"type":"paragraph","text":"First-team head coach Marcelino Garc\u00eda Toral was one of the keynote speakers, addressing leadership and group management before an audience of more than 200 attendees, including management teams, inspectors and professionals from public educational centres across the Valencian Community."},{"type":"paragraph","text":"The club\u2019s Director of Communications, Hern\u00e1n Sanz, also contributed to the event with an intervention focused on institutional communication, further demonstrating the club\u2019s commitment and involvement through Endavant Formaci\u00f3."},{"type":"paragraph","text":"The event also featured the participation of former Spain basketball head coach Juan Antonio Orenga; IES Bovalar headmaster Antonio Solano; and philosopher and PhD in ethics and democracy, Mar\u00eda Jos\u00e9 Codina."}],"structured":{"summary":{"text":"Head coach Marcelino Garc\u00eda Toral was one of the speakers at the event held at the UJI Villarreal CF took part today in the fourth edition of the \u2018Lideratge Educatiu\u2019 conference organised by CEFIRE (the Training, Innovation and Educational Resources Centre of the Valencian Community), in collaboration with the Conselleria d\u2019Educaci\u00f3 of the Generalitat Valenciana and the Universitat Jaume I in Castell\u00f3n. First-team head coach Marcelino Garc\u00eda Toral was one of the keynote speakers, addressing leadership and group management before an audience of more than 200 attendees, including management teams, inspectors and professionals from public educational centres across the Valencian Community. The club\u2019s Director of Communications, Hern\u00e1n Sanz, also contributed to the event with an intervention focused on institutional communication, further demonstrating the club\u2019s commitment and involvement through Endavant Formaci\u00f3. The event also featured the participation of former Spain basketball head coach Juan Antonio Orenga; IES Bovalar headmaster Antonio Solano; and philosopher and PhD in ethics and democracy, Mar\u00eda Jos\u00e9 Codina.","headings":[{"type":"heading","level":2,"text":"Head coach Marcelino Garc\u00eda Toral was one of the speakers at the event held at the UJI"}],"buttons":[],"images":[],"counts":{"blocks":5,"headings":1,"texts":4,"buttons":0,"images":0}},"sections":[{"id":"section-1","title":"Head coach Marcelino Garc\u00eda Toral was one of the speakers at the event held at the UJI","text":"Head coach Marcelino Garc\u00eda Toral was one of the speakers at the event held at the UJI Villarreal CF took part today in the fourth edition of the \u2018Lideratge Educatiu\u2019 conference organised by CEFIRE (the Training, Innovation and Educational Resources Centre of the Valencian Community), in collaboration with the Conselleria d\u2019Educaci\u00f3 of the Generalitat Valenciana and the Universitat Jaume I in Castell\u00f3n. First-team head coach Marcelino Garc\u00eda Toral was one of the keynote speakers, addressing leadership and group management before an audience of more than 200 attendees, including management teams, inspectors and professionals from public educational centres across the Valencian Community. The club\u2019s Director of Communications, Hern\u00e1n Sanz, also contributed to the event with an intervention focused on institutional communication, further demonstrating the club\u2019s commitment and involvement through Endavant Formaci\u00f3. The event also featured the participation of former Spain basketball head coach Juan Antonio Orenga; IES Bovalar headmaster Antonio Solano; and philosopher and PhD in ethics and democracy, Mar\u00eda Jos\u00e9 Codina.","headings":[{"type":"heading","level":2,"text":"Head coach Marcelino Garc\u00eda Toral was one of the speakers at the event held at the UJI"}],"texts":[{"type":"paragraph","text":"Villarreal CF took part today in the fourth edition of the \u2018Lideratge Educatiu\u2019 conference organised by CEFIRE (the Training, Innovation and Educational Resources Centre of the Valencian Community), in collaboration with the Conselleria d\u2019Educaci\u00f3 of the Generalitat Valenciana and the Universitat Jaume I in Castell\u00f3n."},{"type":"paragraph","text":"First-team head coach Marcelino Garc\u00eda Toral was one of the keynote speakers, addressing leadership and group management before an audience of more than 200 attendees, including management teams, inspectors and professionals from public educational centres across the Valencian Community."},{"type":"paragraph","text":"The club\u2019s Director of Communications, Hern\u00e1n Sanz, also contributed to the event with an intervention focused on institutional communication, further demonstrating the club\u2019s commitment and involvement through Endavant Formaci\u00f3."},{"type":"paragraph","text":"The event also featured the participation of former Spain basketball head coach Juan Antonio Orenga; IES Bovalar headmaster Antonio Solano; and philosopher and PhD in ethics and democracy, Mar\u00eda Jos\u00e9 Codina."}],"buttons":[],"images":[],"widgets":[],"blocks":[{"type":"heading","level":2,"text":"Head coach Marcelino Garc\u00eda Toral was one of the speakers at the event held at the UJI"},{"type":"paragraph","text":"Villarreal CF took part today in the fourth edition of the \u2018Lideratge Educatiu\u2019 conference organised by CEFIRE (the Training, Innovation and Educational Resources Centre of the Valencian Community), in collaboration with the Conselleria d\u2019Educaci\u00f3 of the Generalitat Valenciana and the Universitat Jaume I in Castell\u00f3n."},{"type":"paragraph","text":"First-team head coach Marcelino Garc\u00eda Toral was one of the keynote speakers, addressing leadership and group management before an audience of more than 200 attendees, including management teams, inspectors and professionals from public educational centres across the Valencian Community."},{"type":"paragraph","text":"The club\u2019s Director of Communications, Hern\u00e1n Sanz, also contributed to the event with an intervention focused on institutional communication, further demonstrating the club\u2019s commitment and involvement through Endavant Formaci\u00f3."},{"type":"paragraph","text":"The event also featured the participation of former Spain basketball head coach Juan Antonio Orenga; IES Bovalar headmaster Antonio Solano; and philosopher and PhD in ethics and democracy, Mar\u00eda Jos\u00e9 Codina."}]}],"hero":{"id":"section-1","title":"Head coach Marcelino Garc\u00eda Toral was one of the speakers at the event held at the UJI","text":"Head coach Marcelino Garc\u00eda Toral was one of the speakers at the event held at the UJI Villarreal CF took part today in the fourth edition of the \u2018Lideratge Educatiu\u2019 conference organised by CEFIRE (the Training, Innovation and Educational Resources Centre of the Valencian Community), in collaboration with the Conselleria d\u2019Educaci\u00f3 of the Generalitat Valenciana and the Universitat Jaume I in Castell\u00f3n. First-team head coach Marcelino Garc\u00eda Toral was one of the keynote speakers, addressing leadership and group management before an audience of more than 200 attendees, including management teams, inspectors and professionals from public educational centres across the Valencian Community. The club\u2019s Director of Communications, Hern\u00e1n Sanz, also contributed to the event with an intervention focused on institutional communication, further demonstrating the club\u2019s commitment and involvement through Endavant Formaci\u00f3. The event also featured the participation of former Spain basketball head coach Juan Antonio Orenga; IES Bovalar headmaster Antonio Solano; and philosopher and PhD in ethics and democracy, Mar\u00eda Jos\u00e9 Codina.","headings":[{"type":"heading","level":2,"text":"Head coach Marcelino Garc\u00eda Toral was one of the speakers at the event held at the UJI"}],"texts":[{"type":"paragraph","text":"Villarreal CF took part today in the fourth edition of the \u2018Lideratge Educatiu\u2019 conference organised by CEFIRE (the Training, Innovation and Educational Resources Centre of the Valencian Community), in collaboration with the Conselleria d\u2019Educaci\u00f3 of the Generalitat Valenciana and the Universitat Jaume I in Castell\u00f3n."},{"type":"paragraph","text":"First-team head coach Marcelino Garc\u00eda Toral was one of the keynote speakers, addressing leadership and group management before an audience of more than 200 attendees, including management teams, inspectors and professionals from public educational centres across the Valencian Community."},{"type":"paragraph","text":"The club\u2019s Director of Communications, Hern\u00e1n Sanz, also contributed to the event with an intervention focused on institutional communication, further demonstrating the club\u2019s commitment and involvement through Endavant Formaci\u00f3."},{"type":"paragraph","text":"The event also featured the participation of former Spain basketball head coach Juan Antonio Orenga; IES Bovalar headmaster Antonio Solano; and philosopher and PhD in ethics and democracy, Mar\u00eda Jos\u00e9 Codina."}],"buttons":[],"images":[],"widgets":[],"blocks":[{"type":"heading","level":2,"text":"Head coach Marcelino Garc\u00eda Toral was one of the speakers at the event held at the UJI"},{"type":"paragraph","text":"Villarreal CF took part today in the fourth edition of the \u2018Lideratge Educatiu\u2019 conference organised by CEFIRE (the Training, Innovation and Educational Resources Centre of the Valencian Community), in collaboration with the Conselleria d\u2019Educaci\u00f3 of the Generalitat Valenciana and the Universitat Jaume I in Castell\u00f3n."},{"type":"paragraph","text":"First-team head coach Marcelino Garc\u00eda Toral was one of the keynote speakers, addressing leadership and group management before an audience of more than 200 attendees, including management teams, inspectors and professionals from public educational centres across the Valencian Community."},{"type":"paragraph","text":"The club\u2019s Director of Communications, Hern\u00e1n Sanz, also contributed to the event with an intervention focused on institutional communication, further demonstrating the club\u2019s commitment and involvement through Endavant Formaci\u00f3."},{"type":"paragraph","text":"The event also featured the participation of former Spain basketball head coach Juan Antonio Orenga; IES Bovalar headmaster Antonio Solano; and philosopher and PhD in ethics and democracy, Mar\u00eda Jos\u00e9 Codina."}]}},"sections":[{"id":"section-1","title":"Head coach Marcelino Garc\u00eda Toral was one of the speakers at the event held at the UJI","text":"Head coach Marcelino Garc\u00eda Toral was one of the speakers at the event held at the UJI Villarreal CF took part today in the fourth edition of the \u2018Lideratge Educatiu\u2019 conference organised by CEFIRE (the Training, Innovation and Educational Resources Centre of the Valencian Community), in collaboration with the Conselleria d\u2019Educaci\u00f3 of the Generalitat Valenciana and the Universitat Jaume I in Castell\u00f3n. First-team head coach Marcelino Garc\u00eda Toral was one of the keynote speakers, addressing leadership and group management before an audience of more than 200 attendees, including management teams, inspectors and professionals from public educational centres across the Valencian Community. The club\u2019s Director of Communications, Hern\u00e1n Sanz, also contributed to the event with an intervention focused on institutional communication, further demonstrating the club\u2019s commitment and involvement through Endavant Formaci\u00f3. The event also featured the participation of former Spain basketball head coach Juan Antonio Orenga; IES Bovalar headmaster Antonio Solano; and philosopher and PhD in ethics and democracy, Mar\u00eda Jos\u00e9 Codina.","url":"","background_image":"","images":[],"videos":[],"links":[]}]},"excerpt":{"rendered":"Head coach Marcelino Garc\u00eda Toral was one of the speakers at the event held at the UJI","protected":false},"author":29,"featured_media":612368,"comment_status":"closed","ping_status":"closed","sticky":false,"template":"","format":"standard","meta":{"_acf_changed":false,"footnotes":""},"categories":[13508],"tags":[13467,9496,13478,9201,4873,15717,13463,9199,13482,13487],"acf":null,"lang":"en","translations":{"es":612363,"en":612371,"val":612372},"essential_grid":{"has_grid":false},"formatted_date":"November 18, 2025","modified_date":"November 18, 2025","permalink":"https:\/\/villarrealcf.es\/en\/el-villarreal-cf-presente-en-el-cefire-lideratge-educatiu\/","reading_time":1,"featured_media_data":{"id":612368,"title":"foto cefire (1)","caption":"","alt_text":"","description":"","mime_type":"image\/jpeg","source_url":"https:\/\/villarrealcf.es\/wp-content\/uploads\/2025\/11\/foto-cefire-1.jpg","sizes":{"thumbnail":{"url":"https:\/\/villarrealcf.es\/wp-content\/uploads\/2025\/11\/foto-cefire-1.jpg","width":1920,"height":1080},"medium":{"url":"https:\/\/villarrealcf.es\/wp-content\/uploads\/2025\/11\/foto-cefire-1.jpg","width":1920,"height":1080},"medium_large":{"url":"https:\/\/villarrealcf.es\/wp-content\/uploads\/2025\/11\/foto-cefire-1-768x432.jpg","width":768,"height":432},"large":{"url":"https:\/\/villarrealcf.es\/wp-content\/uploads\/2025\/11\/foto-cefire-1.jpg","width":788,"height":443},"1536x1536":{"url":"https:\/\/villarrealcf.es\/wp-content\/uploads\/2025\/11\/foto-cefire-1-1536x864.jpg","width":1536,"height":864},"2048x2048":{"url":"https:\/\/villarrealcf.es\/wp-content\/uploads\/2025\/11\/foto-cefire-1.jpg","width":1920,"height":1080},"tp-image-grid":{"url":"https:\/\/villarrealcf.es\/wp-content\/uploads\/2025\/11\/foto-cefire-1-700x700.jpg","width":700,"height":700},"size-bunyad-medium":{"url":"https:\/\/villarrealcf.es\/wp-content\/uploads\/2025\/11\/foto-cefire-1.jpg","width":1920,"height":1080},"sportspress-crop-medium":{"url":"https:\/\/villarrealcf.es\/wp-content\/uploads\/2025\/11\/foto-cefire-1-300x300.jpg","width":300,"height":300},"sportspress-fit-medium":{"url":"https:\/\/villarrealcf.es\/wp-content\/uploads\/2025\/11\/foto-cefire-1-300x169.jpg","width":300,"height":169},"sportspress-fit-icon":{"url":"https:\/\/villarrealcf.es\/wp-content\/uploads\/2025\/11\/foto-cefire-1-128x72.jpg","width":128,"height":72},"sportspress-fit-mini":{"url":"https:\/\/villarrealcf.es\/wp-content\/uploads\/2025\/11\/foto-cefire-1-32x18.jpg","width":32,"height":18},"bunyad-small":{"url":"https:\/\/villarrealcf.es\/wp-content\/uploads\/2025\/11\/foto-cefire-1-150x84.jpg","width":150,"height":84},"bunyad-medium":{"url":"https:\/\/villarrealcf.es\/wp-content\/uploads\/2025\/11\/foto-cefire-1-450x253.jpg","width":450,"height":253},"bunyad-full":{"url":"https:\/\/villarrealcf.es\/wp-content\/uploads\/2025\/11\/foto-cefire-1-1200x675.jpg","width":1200,"height":675},"bunyad-viewport":{"url":"https:\/\/villarrealcf.es\/wp-content\/uploads\/2025\/11\/foto-cefire-1.jpg","width":1920,"height":1080},"bunyad-768":{"url":"https:\/\/villarrealcf.es\/wp-content\/uploads\/2025\/11\/foto-cefire-1-768x432.jpg","width":768,"height":432},"full":{"url":"https:\/\/villarrealcf.es\/wp-content\/uploads\/2025\/11\/foto-cefire-1.jpg","width":1920,"height":1080}}},"author_data":{"id":"29","name":"Azahara Beroy","first_name":"Azahara","last_name":"Beroy","description":"","avatar_url":"https:\/\/secure.gravatar.com\/avatar\/91b979a91a1925e60814719244bbf7824af58ced5a6e2130c2611bde24439aa7?s=96&d=mm&r=g","acf":null},"taxonomies_data":{"category":[{"id":13508,"name":"Endavant","slug":"endavant-en","acf":null}],"post_tag":[{"id":13467,"name":"Endavant","slug":"endavant-en","acf":null},{"id":9496,"name":"Endavant Formaci\u00f3","slug":"endavant-formacio-en","acf":null},{"id":13478,"name":"Football","slug":"football-eng","acf":null},{"id":9201,"name":"Football","slug":"football-d34-en","acf":null},{"id":4873,"name":"Marcelino Garc\u00eda Toral","slug":"marcelino-garcia-toral","acf":null},{"id":15717,"name":"Sin categorizar","slug":"sin-categorizar-en-101","acf":null},{"id":13463,"name":"Sin categorizar","slug":"sin-categorizar","acf":null},{"id":9199,"name":"Soccer","slug":"soccer-d105-en","acf":null},{"id":13482,"name":"Submarine","slug":"submarine-en","acf":null},{"id":13487,"name":"Yellow Submarine","slug":"yellow-submarine-en","acf":null}],"translation_priority":[{"id":734,"name":"Optional","slug":"optional-en","acf":null}]},"seo_full":{"native":{"title":"Villarreal CF takes part in the \u2018CEFIRE Educational Leadership\u2019 conference - Web Oficial del Villarreal CF","description":"Head coach Marcelino Garc\u00eda Toral was one of the speakers at the event held at the UJI","canonical":"https:\/\/villarrealcf.es\/en\/el-villarreal-cf-presente-en-el-cefire-lideratge-educatiu\/"}},"_links":{"self":[{"href":"https:\/\/villarrealcf.es\/en\/wp-json\/wp\/v2\/posts\/612371","targetHints":{"allow":["GET"]}}],"collection":[{"href":"https:\/\/villarrealcf.es\/en\/wp-json\/wp\/v2\/posts"}],"about":[{"href":"https:\/\/villarrealcf.es\/en\/wp-json\/wp\/v2\/types\/post"}],"author":[{"embeddable":true,"href":"https:\/\/villarrealcf.es\/en\/wp-json\/wp\/v2\/users\/29"}],"replies":[{"embeddable":true,"href":"https:\/\/villarrealcf.es\/en\/wp-json\/wp\/v2\/comments?post=612371"}],"version-history":[{"count":1,"href":"https:\/\/villarrealcf.es\/en\/wp-json\/wp\/v2\/posts\/612371\/revisions"}],"predecessor-version":[{"id":612375,"href":"https:\/\/villarrealcf.es\/en\/wp-json\/wp\/v2\/posts\/612371\/revisions\/612375"}],"wp:featuredmedia":[{"embeddable":true,"href":"https:\/\/villarrealcf.es\/en\/wp-json\/wp\/v2\/media\/612368"}],"wp:attachment":[{"href":"https:\/\/villarrealcf.es\/en\/wp-json\/wp\/v2\/media?parent=612371"}],"wp:term":[{"taxonomy":"category","embeddable":true,"href":"https:\/\/villarrealcf.es\/en\/wp-json\/wp\/v2\/categories?post=612371"},{"taxonomy":"post_tag","embeddable":true,"href":"https:\/\/villarrealcf.es\/en\/wp-json\/wp\/v2\/tags?post=612371"}],"curies":[{"name":"wp","href":"https:\/\/api.w.org\/{rel}","templated":true}]}}