{"id":607749,"date":"2025-10-19T16:11:03","date_gmt":"2025-10-19T14:11:03","guid":{"rendered":"https:\/\/villarrealcf.es\/alfafar\/"},"modified":"2025-10-20T10:37:49","modified_gmt":"2025-10-20T08:37:49","slug":"el-campo-municipal-de-alfafar-se-reinaugura-este-miercoles","status":"publish","type":"post","link":"https:\/\/villarrealcf.es\/en\/el-campo-municipal-de-alfafar-se-reinaugura-este-miercoles\/","title":{"rendered":"Alfafar Municipal Ground reopens this Wednesday"},"content":{"protected":false,"blocks":[{"type":"heading","level":2,"text":"The sports facility is one of seven rebuilt thanks to Villarreal\u2019s donation to the Fundaci\u00f3n Trinidad Alfonso\u2019s \u2018Alcem-se Esport\u2019 programme"},{"type":"paragraph","text":"Villarreal CF will be present on Wednesday, 22nd October, at 6pm CEST for the reopening of Alfafar Municipal Football Ground. The facility was rebuilt after being devastated by the flooding in Valencia thanks to the club\u2019s \u20ac2.3 million donation to the \u2018Alcem-se Esport\u2019 programme, a support plan for sports clubs affected by the DANA launched by Juan Roig and managed through the Fundaci\u00f3n Trinidad Alfonso and Valencia Basket."},{"type":"paragraph","text":"Seventh pitch restored with Villarreal CF\u2019s support"},{"type":"paragraph","text":"Alfafar Municipal Football Ground is the seventh football pitch restored with Villarreal CF\u2019s financial contribution. The grounds at La Torre, Beniparrell, Catarroja, Encrucijadas de Aldaia, Joan Girb\u00e9s in Algemes\u00ed, and Vicente Moreno Stadium in Massanassa have already returned to normal activity thanks to the Fundaci\u00f3n Trinidad Alfonso\u2019s efficient work."},{"type":"paragraph","text":"\u2018Alcem-se Esport\u2019"},{"type":"paragraph","text":"After the flooding, more than 350 sports clubs across all disciplines needed support to resume activity. The plan, presented by the Fundaci\u00f3n Trinidad Alfonso and Valencia Basket, amounted to \u20ac4 million, and Villarreal CF decided to contribute \u20ac2 million to help make it possible."}],"structured":{"summary":{"text":"The sports facility is one of seven rebuilt thanks to Villarreal\u2019s donation to the Fundaci\u00f3n Trinidad Alfonso\u2019s \u2018Alcem-se Esport\u2019 programme Villarreal CF will be present on Wednesday, 22nd October, at 6pm CEST for the reopening of Alfafar Municipal Football Ground. The facility was rebuilt after being devastated by the flooding in Valencia thanks to the club\u2019s \u20ac2.3 million donation to the \u2018Alcem-se Esport\u2019 programme, a support plan for sports clubs affected by the DANA launched by Juan Roig and managed through the Fundaci\u00f3n Trinidad Alfonso and Valencia Basket. Seventh pitch restored with Villarreal CF\u2019s support Alfafar Municipal Football Ground is the seventh football pitch restored with Villarreal CF\u2019s financial contribution. The grounds at La Torre, Beniparrell, Catarroja, Encrucijadas de Aldaia, Joan Girb\u00e9s in Algemes\u00ed, and Vicente Moreno Stadium in Massanassa have already returned to normal activity thanks to the Fundaci\u00f3n Trinidad Alfonso\u2019s efficient work. \u2018Alcem-se Esport\u2019 After the flooding, more than 350 sports clubs across all disciplines needed support to resume activity. The plan, presented by the Fundaci\u00f3n Trinidad Alfonso and Valencia Basket, amounted to \u20ac4 million, and Villarreal CF decided to contribute \u20ac2 million to help make it possible.","headings":[{"type":"heading","level":2,"text":"The sports facility is one of seven rebuilt thanks to Villarreal\u2019s donation to the Fundaci\u00f3n Trinidad Alfonso\u2019s \u2018Alcem-se Esport\u2019 programme"}],"buttons":[],"images":[],"counts":{"blocks":6,"headings":1,"texts":5,"buttons":0,"images":0}},"sections":[{"id":"section-1","title":"The sports facility is one of seven rebuilt thanks to Villarreal\u2019s donation to the Fundaci\u00f3n Trinidad Alfonso\u2019s \u2018Alcem-se Esport\u2019 programme","text":"The sports facility is one of seven rebuilt thanks to Villarreal\u2019s donation to the Fundaci\u00f3n Trinidad Alfonso\u2019s \u2018Alcem-se Esport\u2019 programme Villarreal CF will be present on Wednesday, 22nd October, at 6pm CEST for the reopening of Alfafar Municipal Football Ground. The facility was rebuilt after being devastated by the flooding in Valencia thanks to the club\u2019s \u20ac2.3 million donation to the \u2018Alcem-se Esport\u2019 programme, a support plan for sports clubs affected by the DANA launched by Juan Roig and managed through the Fundaci\u00f3n Trinidad Alfonso and Valencia Basket. Seventh pitch restored with Villarreal CF\u2019s support Alfafar Municipal Football Ground is the seventh football pitch restored with Villarreal CF\u2019s financial contribution. The grounds at La Torre, Beniparrell, Catarroja, Encrucijadas de Aldaia, Joan Girb\u00e9s in Algemes\u00ed, and Vicente Moreno Stadium in Massanassa have already returned to normal activity thanks to the Fundaci\u00f3n Trinidad Alfonso\u2019s efficient work. \u2018Alcem-se Esport\u2019 After the flooding, more than 350 sports clubs across all disciplines needed support to resume activity. The plan, presented by the Fundaci\u00f3n Trinidad Alfonso and Valencia Basket, amounted to \u20ac4 million, and Villarreal CF decided to contribute \u20ac2 million to help make it possible.","headings":[{"type":"heading","level":2,"text":"The sports facility is one of seven rebuilt thanks to Villarreal\u2019s donation to the Fundaci\u00f3n Trinidad Alfonso\u2019s \u2018Alcem-se Esport\u2019 programme"}],"texts":[{"type":"paragraph","text":"Villarreal CF will be present on Wednesday, 22nd October, at 6pm CEST for the reopening of Alfafar Municipal Football Ground. The facility was rebuilt after being devastated by the flooding in Valencia thanks to the club\u2019s \u20ac2.3 million donation to the \u2018Alcem-se Esport\u2019 programme, a support plan for sports clubs affected by the DANA launched by Juan Roig and managed through the Fundaci\u00f3n Trinidad Alfonso and Valencia Basket."},{"type":"paragraph","text":"Seventh pitch restored with Villarreal CF\u2019s support"},{"type":"paragraph","text":"Alfafar Municipal Football Ground is the seventh football pitch restored with Villarreal CF\u2019s financial contribution. The grounds at La Torre, Beniparrell, Catarroja, Encrucijadas de Aldaia, Joan Girb\u00e9s in Algemes\u00ed, and Vicente Moreno Stadium in Massanassa have already returned to normal activity thanks to the Fundaci\u00f3n Trinidad Alfonso\u2019s efficient work."},{"type":"paragraph","text":"\u2018Alcem-se Esport\u2019"},{"type":"paragraph","text":"After the flooding, more than 350 sports clubs across all disciplines needed support to resume activity. The plan, presented by the Fundaci\u00f3n Trinidad Alfonso and Valencia Basket, amounted to \u20ac4 million, and Villarreal CF decided to contribute \u20ac2 million to help make it possible."}],"buttons":[],"images":[],"widgets":[],"blocks":[{"type":"heading","level":2,"text":"The sports facility is one of seven rebuilt thanks to Villarreal\u2019s donation to the Fundaci\u00f3n Trinidad Alfonso\u2019s \u2018Alcem-se Esport\u2019 programme"},{"type":"paragraph","text":"Villarreal CF will be present on Wednesday, 22nd October, at 6pm CEST for the reopening of Alfafar Municipal Football Ground. The facility was rebuilt after being devastated by the flooding in Valencia thanks to the club\u2019s \u20ac2.3 million donation to the \u2018Alcem-se Esport\u2019 programme, a support plan for sports clubs affected by the DANA launched by Juan Roig and managed through the Fundaci\u00f3n Trinidad Alfonso and Valencia Basket."},{"type":"paragraph","text":"Seventh pitch restored with Villarreal CF\u2019s support"},{"type":"paragraph","text":"Alfafar Municipal Football Ground is the seventh football pitch restored with Villarreal CF\u2019s financial contribution. The grounds at La Torre, Beniparrell, Catarroja, Encrucijadas de Aldaia, Joan Girb\u00e9s in Algemes\u00ed, and Vicente Moreno Stadium in Massanassa have already returned to normal activity thanks to the Fundaci\u00f3n Trinidad Alfonso\u2019s efficient work."},{"type":"paragraph","text":"\u2018Alcem-se Esport\u2019"},{"type":"paragraph","text":"After the flooding, more than 350 sports clubs across all disciplines needed support to resume activity. The plan, presented by the Fundaci\u00f3n Trinidad Alfonso and Valencia Basket, amounted to \u20ac4 million, and Villarreal CF decided to contribute \u20ac2 million to help make it possible."}]}],"hero":{"id":"section-1","title":"The sports facility is one of seven rebuilt thanks to Villarreal\u2019s donation to the Fundaci\u00f3n Trinidad Alfonso\u2019s \u2018Alcem-se Esport\u2019 programme","text":"The sports facility is one of seven rebuilt thanks to Villarreal\u2019s donation to the Fundaci\u00f3n Trinidad Alfonso\u2019s \u2018Alcem-se Esport\u2019 programme Villarreal CF will be present on Wednesday, 22nd October, at 6pm CEST for the reopening of Alfafar Municipal Football Ground. The facility was rebuilt after being devastated by the flooding in Valencia thanks to the club\u2019s \u20ac2.3 million donation to the \u2018Alcem-se Esport\u2019 programme, a support plan for sports clubs affected by the DANA launched by Juan Roig and managed through the Fundaci\u00f3n Trinidad Alfonso and Valencia Basket. Seventh pitch restored with Villarreal CF\u2019s support Alfafar Municipal Football Ground is the seventh football pitch restored with Villarreal CF\u2019s financial contribution. The grounds at La Torre, Beniparrell, Catarroja, Encrucijadas de Aldaia, Joan Girb\u00e9s in Algemes\u00ed, and Vicente Moreno Stadium in Massanassa have already returned to normal activity thanks to the Fundaci\u00f3n Trinidad Alfonso\u2019s efficient work. \u2018Alcem-se Esport\u2019 After the flooding, more than 350 sports clubs across all disciplines needed support to resume activity. The plan, presented by the Fundaci\u00f3n Trinidad Alfonso and Valencia Basket, amounted to \u20ac4 million, and Villarreal CF decided to contribute \u20ac2 million to help make it possible.","headings":[{"type":"heading","level":2,"text":"The sports facility is one of seven rebuilt thanks to Villarreal\u2019s donation to the Fundaci\u00f3n Trinidad Alfonso\u2019s \u2018Alcem-se Esport\u2019 programme"}],"texts":[{"type":"paragraph","text":"Villarreal CF will be present on Wednesday, 22nd October, at 6pm CEST for the reopening of Alfafar Municipal Football Ground. The facility was rebuilt after being devastated by the flooding in Valencia thanks to the club\u2019s \u20ac2.3 million donation to the \u2018Alcem-se Esport\u2019 programme, a support plan for sports clubs affected by the DANA launched by Juan Roig and managed through the Fundaci\u00f3n Trinidad Alfonso and Valencia Basket."},{"type":"paragraph","text":"Seventh pitch restored with Villarreal CF\u2019s support"},{"type":"paragraph","text":"Alfafar Municipal Football Ground is the seventh football pitch restored with Villarreal CF\u2019s financial contribution. The grounds at La Torre, Beniparrell, Catarroja, Encrucijadas de Aldaia, Joan Girb\u00e9s in Algemes\u00ed, and Vicente Moreno Stadium in Massanassa have already returned to normal activity thanks to the Fundaci\u00f3n Trinidad Alfonso\u2019s efficient work."},{"type":"paragraph","text":"\u2018Alcem-se Esport\u2019"},{"type":"paragraph","text":"After the flooding, more than 350 sports clubs across all disciplines needed support to resume activity. The plan, presented by the Fundaci\u00f3n Trinidad Alfonso and Valencia Basket, amounted to \u20ac4 million, and Villarreal CF decided to contribute \u20ac2 million to help make it possible."}],"buttons":[],"images":[],"widgets":[],"blocks":[{"type":"heading","level":2,"text":"The sports facility is one of seven rebuilt thanks to Villarreal\u2019s donation to the Fundaci\u00f3n Trinidad Alfonso\u2019s \u2018Alcem-se Esport\u2019 programme"},{"type":"paragraph","text":"Villarreal CF will be present on Wednesday, 22nd October, at 6pm CEST for the reopening of Alfafar Municipal Football Ground. The facility was rebuilt after being devastated by the flooding in Valencia thanks to the club\u2019s \u20ac2.3 million donation to the \u2018Alcem-se Esport\u2019 programme, a support plan for sports clubs affected by the DANA launched by Juan Roig and managed through the Fundaci\u00f3n Trinidad Alfonso and Valencia Basket."},{"type":"paragraph","text":"Seventh pitch restored with Villarreal CF\u2019s support"},{"type":"paragraph","text":"Alfafar Municipal Football Ground is the seventh football pitch restored with Villarreal CF\u2019s financial contribution. The grounds at La Torre, Beniparrell, Catarroja, Encrucijadas de Aldaia, Joan Girb\u00e9s in Algemes\u00ed, and Vicente Moreno Stadium in Massanassa have already returned to normal activity thanks to the Fundaci\u00f3n Trinidad Alfonso\u2019s efficient work."},{"type":"paragraph","text":"\u2018Alcem-se Esport\u2019"},{"type":"paragraph","text":"After the flooding, more than 350 sports clubs across all disciplines needed support to resume activity. The plan, presented by the Fundaci\u00f3n Trinidad Alfonso and Valencia Basket, amounted to \u20ac4 million, and Villarreal CF decided to contribute \u20ac2 million to help make it possible."}]}},"sections":[{"id":"section-1","title":"The sports facility is one of seven rebuilt thanks to Villarreal\u2019s donation to the Fundaci\u00f3n Trinidad Alfonso\u2019s \u2018Alcem-se Esport\u2019 programme","text":"The sports facility is one of seven rebuilt thanks to Villarreal\u2019s donation to the Fundaci\u00f3n Trinidad Alfonso\u2019s \u2018Alcem-se Esport\u2019 programme Villarreal CF will be present on Wednesday, 22nd October, at 6pm CEST for the reopening of Alfafar Municipal Football Ground. The facility was rebuilt after being devastated by the flooding in Valencia thanks to the club\u2019s \u20ac2.3 million donation to the \u2018Alcem-se Esport\u2019 programme, a support plan for sports clubs affected by the DANA launched by Juan Roig and managed through the Fundaci\u00f3n Trinidad Alfonso and Valencia Basket. Seventh pitch restored with Villarreal CF\u2019s support Alfafar Municipal Football Ground is the seventh football pitch restored with Villarreal CF\u2019s financial contribution. The grounds at La Torre, Beniparrell, Catarroja, Encrucijadas de Aldaia, Joan Girb\u00e9s in Algemes\u00ed, and Vicente Moreno Stadium in Massanassa have already returned to normal activity thanks to the Fundaci\u00f3n Trinidad Alfonso\u2019s efficient work. \u2018Alcem-se Esport\u2019 After the flooding, more than 350 sports clubs across all disciplines needed support to resume activity. The plan, presented by the Fundaci\u00f3n Trinidad Alfonso and Valencia Basket, amounted to \u20ac4 million, and Villarreal CF decided to contribute \u20ac2 million to help make it possible.","url":"","background_image":"","images":[],"videos":[],"links":[]}]},"excerpt":{"rendered":"The sports facility is one of seven rebuilt thanks to Villarreal\u2019s donation to the Fundaci\u00f3n Trinidad Alfonso\u2019s \u2018Alcem-se Esport\u2019 programme","protected":false},"author":29,"featured_media":607746,"comment_status":"closed","ping_status":"closed","sticky":false,"template":"","format":"standard","meta":{"_acf_changed":false,"footnotes":""},"categories":[13508],"tags":[16143,16084,13467,4888,16207,4902,13482,5150,4865],"acf":null,"lang":"en","translations":{"es":607713,"val":607748,"en":607749},"essential_grid":{"has_grid":false},"formatted_date":"October 19, 2025","modified_date":"October 20, 2025","permalink":"https:\/\/villarrealcf.es\/en\/el-campo-municipal-de-alfafar-se-reinaugura-este-miercoles\/","reading_time":1,"featured_media_data":{"id":607746,"title":"RuinasAlfafar","caption":"","alt_text":"","description":"","mime_type":"image\/jpeg","source_url":"https:\/\/villarrealcf.es\/wp-content\/uploads\/2025\/10\/RuinasAlfafar.jpg","sizes":{"thumbnail":{"url":"https:\/\/villarrealcf.es\/wp-content\/uploads\/2025\/10\/RuinasAlfafar.jpg","width":1920,"height":1080},"medium":{"url":"https:\/\/villarrealcf.es\/wp-content\/uploads\/2025\/10\/RuinasAlfafar.jpg","width":1920,"height":1080},"medium_large":{"url":"https:\/\/villarrealcf.es\/wp-content\/uploads\/2025\/10\/RuinasAlfafar-768x432.jpg","width":768,"height":432},"large":{"url":"https:\/\/villarrealcf.es\/wp-content\/uploads\/2025\/10\/RuinasAlfafar.jpg","width":788,"height":443},"1536x1536":{"url":"https:\/\/villarrealcf.es\/wp-content\/uploads\/2025\/10\/RuinasAlfafar-1536x864.jpg","width":1536,"height":864},"2048x2048":{"url":"https:\/\/villarrealcf.es\/wp-content\/uploads\/2025\/10\/RuinasAlfafar.jpg","width":1920,"height":1080},"tp-image-grid":{"url":"https:\/\/villarrealcf.es\/wp-content\/uploads\/2025\/10\/RuinasAlfafar-700x700.jpg","width":700,"height":700},"size-bunyad-medium":{"url":"https:\/\/villarrealcf.es\/wp-content\/uploads\/2025\/10\/RuinasAlfafar.jpg","width":1920,"height":1080},"sportspress-crop-medium":{"url":"https:\/\/villarrealcf.es\/wp-content\/uploads\/2025\/10\/RuinasAlfafar-300x300.jpg","width":300,"height":300},"sportspress-fit-medium":{"url":"https:\/\/villarrealcf.es\/wp-content\/uploads\/2025\/10\/RuinasAlfafar-300x169.jpg","width":300,"height":169},"sportspress-fit-icon":{"url":"https:\/\/villarrealcf.es\/wp-content\/uploads\/2025\/10\/RuinasAlfafar-128x72.jpg","width":128,"height":72},"sportspress-fit-mini":{"url":"https:\/\/villarrealcf.es\/wp-content\/uploads\/2025\/10\/RuinasAlfafar-32x18.jpg","width":32,"height":18},"bunyad-small":{"url":"https:\/\/villarrealcf.es\/wp-content\/uploads\/2025\/10\/RuinasAlfafar-150x84.jpg","width":150,"height":84},"bunyad-medium":{"url":"https:\/\/villarrealcf.es\/wp-content\/uploads\/2025\/10\/RuinasAlfafar-450x253.jpg","width":450,"height":253},"bunyad-full":{"url":"https:\/\/villarrealcf.es\/wp-content\/uploads\/2025\/10\/RuinasAlfafar-1200x675.jpg","width":1200,"height":675},"bunyad-viewport":{"url":"https:\/\/villarrealcf.es\/wp-content\/uploads\/2025\/10\/RuinasAlfafar.jpg","width":1920,"height":1080},"bunyad-768":{"url":"https:\/\/villarrealcf.es\/wp-content\/uploads\/2025\/10\/RuinasAlfafar-768x432.jpg","width":768,"height":432},"full":{"url":"https:\/\/villarrealcf.es\/wp-content\/uploads\/2025\/10\/RuinasAlfafar.jpg","width":1920,"height":1080}}},"author_data":{"id":"29","name":"Azahara Beroy","first_name":"Azahara","last_name":"Beroy","description":"","avatar_url":"https:\/\/secure.gravatar.com\/avatar\/91b979a91a1925e60814719244bbf7824af58ced5a6e2130c2611bde24439aa7?s=96&d=mm&r=g","acf":null},"taxonomies_data":{"category":[{"id":13508,"name":"Endavant","slug":"endavant-en","acf":null}],"post_tag":[{"id":16143,"name":"Alcem-se Esport","slug":"alcem-se-esport-en","acf":null},{"id":16084,"name":"DANA","slug":"dana-en","acf":null},{"id":13467,"name":"Endavant","slug":"endavant-en","acf":null},{"id":4888,"name":"Endavant Solidaritat","slug":"endavant-solidaritat","acf":null},{"id":16207,"name":"Fundaci\u00f3n Trinidad Alfonso","slug":"fundacion-trinidad-alfonso-en","acf":null},{"id":4902,"name":"Futbol","slug":"futbol","acf":null},{"id":13482,"name":"Submarine","slug":"submarine-en","acf":null},{"id":5150,"name":"Submarino Amarillo","slug":"submarino-amarillo","acf":null},{"id":4865,"name":"Villarreal CF","slug":"villarreal-cf","acf":null}],"translation_priority":[{"id":734,"name":"Optional","slug":"optional-en","acf":null}]},"seo_full":{"native":{"title":"Alfafar Municipal Ground reopens this Wednesday - Web Oficial del Villarreal CF","description":"The sports facility is one of seven rebuilt thanks to Villarreal\u2019s donation to the Fundaci\u00f3n Trinidad Alfonso\u2019s \u2018Alcem-se Esport\u2019 programme","canonical":"https:\/\/villarrealcf.es\/en\/el-campo-municipal-de-alfafar-se-reinaugura-este-miercoles\/"}},"_links":{"self":[{"href":"https:\/\/villarrealcf.es\/en\/wp-json\/wp\/v2\/posts\/607749","targetHints":{"allow":["GET"]}}],"collection":[{"href":"https:\/\/villarrealcf.es\/en\/wp-json\/wp\/v2\/posts"}],"about":[{"href":"https:\/\/villarrealcf.es\/en\/wp-json\/wp\/v2\/types\/post"}],"author":[{"embeddable":true,"href":"https:\/\/villarrealcf.es\/en\/wp-json\/wp\/v2\/users\/29"}],"replies":[{"embeddable":true,"href":"https:\/\/villarrealcf.es\/en\/wp-json\/wp\/v2\/comments?post=607749"}],"version-history":[{"count":3,"href":"https:\/\/villarrealcf.es\/en\/wp-json\/wp\/v2\/posts\/607749\/revisions"}],"predecessor-version":[{"id":607937,"href":"https:\/\/villarrealcf.es\/en\/wp-json\/wp\/v2\/posts\/607749\/revisions\/607937"}],"wp:featuredmedia":[{"embeddable":true,"href":"https:\/\/villarrealcf.es\/en\/wp-json\/wp\/v2\/media\/607746"}],"wp:attachment":[{"href":"https:\/\/villarrealcf.es\/en\/wp-json\/wp\/v2\/media?parent=607749"}],"wp:term":[{"taxonomy":"category","embeddable":true,"href":"https:\/\/villarrealcf.es\/en\/wp-json\/wp\/v2\/categories?post=607749"},{"taxonomy":"post_tag","embeddable":true,"href":"https:\/\/villarrealcf.es\/en\/wp-json\/wp\/v2\/tags?post=607749"}],"curies":[{"name":"wp","href":"https:\/\/api.w.org\/{rel}","templated":true}]}}