{"id":603559,"date":"2025-09-03T10:36:57","date_gmt":"2025-09-03T08:36:57","guid":{"rendered":"https:\/\/villarrealcf.es\/un-verano-de-champions-para-el-submarino\/"},"modified":"2025-09-03T11:21:41","modified_gmt":"2025-09-03T09:21:41","slug":"a-champions-summer-for-the-submarine","status":"publish","type":"post","link":"https:\/\/villarrealcf.es\/en\/a-champions-summer-for-the-submarine\/","title":{"rendered":"A top-level summer for the Submarine"},"content":{"protected":false,"blocks":[{"type":"heading","level":2,"text":"Villarreal have completed ten signings and secured two key contract renewals ahead of a demanding season"},{"type":"paragraph","text":"Villarreal CF has made a major effort this summer to put together a deep, balanced and high-quality squad, aiming to be competitive in a season as demanding as it is exciting, marked by the club\u2019s return to the UEFA Champions League. With nearly 50 matches on the calendar, the Yellow Submarine will count on top-level alternatives in every position under the guidance of Marcelino Garc\u00eda Toral."},{"type":"heading","level":4,"text":"Transfers"},{"type":"paragraph","text":"In terms of departures, Kiko Femen\u00eda, Ra\u00fal Albiol and Eric Bailly ended their time at the club, while Denis Su\u00e1rez (Deportivo Alav\u00e9s) and Ramon Terrats (RCD Espanyol) moved on. Danjuma (Valencia CF) and Etta Eyong (Levante UD) also departed, as well as Yeremy Pino and Thierno Barry, who both moved to the Premier League. \u00c1lex Baena was transferred to Atl\u00e9tico de Madrid."},{"type":"paragraph","text":"As for arrivals, the sporting department focused on youth and international potential with the signings of defenders Renato Veiga, Santiago Mouri\u00f1o and Rafa Mar\u00edn. The midfield was reinforced with Alberto Moleiro and experienced Ghanaian international Thomas Partey.In goal, Arnau Tenas joined the club, while the attack gained firepower with Tajon Buchanan, Manor Solomon, Tani Oluwaseyi and Georges Mikautadze."},{"type":"heading","level":4,"text":"Key renewals"},{"type":"paragraph","text":"The summer window also brought two major renewals: Juan Foyth and Nicolas Pepe.The Argentine defender extended his contract until 2029, consolidating himself as one of the team\u2019s captains and leaders. Meanwhile, the Ivorian winger, who has rediscovered his best form under Marcelino, has signed on until 2028."},{"type":"paragraph","text":"With these moves, Villarreal CF heads into the new campaign full of ambition, ready to thrill its fans across all three competitions."},{"type":"image","url":"https:\/\/villarrealcf.es\/wp-content\/uploads\/2025\/09\/Linea-Fichajes-eng.jpg","alt":"","width":640,"height":800,"srcset":"https:\/\/villarrealcf.es\/wp-content\/uploads\/2025\/09\/Linea-Fichajes-eng.jpg 640w, https:\/\/villarrealcf.es\/wp-content\/uploads\/2025\/09\/Linea-Fichajes-eng-240x300.jpg 240w, https:\/\/villarrealcf.es\/wp-content\/uploads\/2025\/09\/Linea-Fichajes-eng-102x128.jpg 102w, https:\/\/villarrealcf.es\/wp-content\/uploads\/2025\/09\/Linea-Fichajes-eng-26x32.jpg 26w, https:\/\/villarrealcf.es\/wp-content\/uploads\/2025\/09\/Linea-Fichajes-eng-150x188.jpg 150w, https:\/\/villarrealcf.es\/wp-content\/uploads\/2025\/09\/Linea-Fichajes-eng.jpg 1920w, https:\/\/villarrealcf.es\/wp-content\/uploads\/2025\/09\/Linea-Fichajes-eng.jpg 1920w, https:\/\/villarrealcf.es\/wp-content\/uploads\/2025\/09\/Linea-Fichajes-eng.jpg 1920w, https:\/\/villarrealcf.es\/wp-content\/uploads\/2025\/09\/Linea-Fichajes-eng.jpg 1920w","sizes":"auto, (max-width: 640px) 100vw, 640px"}],"structured":{"summary":{"text":"Villarreal have completed ten signings and secured two key contract renewals ahead of a demanding season Villarreal CF has made a major effort this summer to put together a deep, balanced and high-quality squad, aiming to be competitive in a season as demanding as it is exciting, marked by the club\u2019s return to the UEFA Champions League. With nearly 50 matches on the calendar, the Yellow Submarine will count on top-level alternatives in every position under the guidance of Marcelino Garc\u00eda Toral. Transfers In terms of departures, Kiko Femen\u00eda, Ra\u00fal Albiol and Eric Bailly ended their time at the club, while Denis Su\u00e1rez (Deportivo Alav\u00e9s) and Ramon Terrats (RCD Espanyol) moved on. Danjuma (Valencia CF) and Etta Eyong (Levante UD) also departed, as well as Yeremy Pino and Thierno Barry, who both moved to the Premier League. \u00c1lex Baena was transferred to Atl\u00e9tico de Madrid. As for arrivals, the sporting department focused on youth and international potential with the signings of defenders Renato Veiga, Santiago Mouri\u00f1o and Rafa Mar\u00edn. The midfield was reinforced with Alberto Moleiro and experienced Ghanaian international Thomas Partey.In goal, Arnau Tenas joined the club, while the attack gained firepower with Tajon Buchanan, Manor Solomon, Tani Oluwaseyi and Georges Mikautadze. Key renewals The summer window also brought two major renewals: Juan Foyth and Nicolas Pepe.The Argentine defender extended his contract until 2029, consolidating himself as one of the team\u2019s captains and leaders. Meanwhile, the Ivorian winger, who has rediscovered his best form under Marcelino, has signed on until 2028. With these moves, Villarreal CF heads into the new campaign full of ambition, ready to thrill its fans across all three competitions.","headings":[{"type":"heading","level":2,"text":"Villarreal have completed ten signings and secured two key contract renewals ahead of a demanding season"},{"type":"heading","level":4,"text":"Transfers"},{"type":"heading","level":4,"text":"Key renewals"}],"buttons":[],"images":[{"type":"image","url":"https:\/\/villarrealcf.es\/wp-content\/uploads\/2025\/09\/Linea-Fichajes-eng.jpg","alt":"","width":640,"height":800,"srcset":"https:\/\/villarrealcf.es\/wp-content\/uploads\/2025\/09\/Linea-Fichajes-eng.jpg 640w, https:\/\/villarrealcf.es\/wp-content\/uploads\/2025\/09\/Linea-Fichajes-eng-240x300.jpg 240w, https:\/\/villarrealcf.es\/wp-content\/uploads\/2025\/09\/Linea-Fichajes-eng-102x128.jpg 102w, https:\/\/villarrealcf.es\/wp-content\/uploads\/2025\/09\/Linea-Fichajes-eng-26x32.jpg 26w, https:\/\/villarrealcf.es\/wp-content\/uploads\/2025\/09\/Linea-Fichajes-eng-150x188.jpg 150w, https:\/\/villarrealcf.es\/wp-content\/uploads\/2025\/09\/Linea-Fichajes-eng.jpg 1920w, https:\/\/villarrealcf.es\/wp-content\/uploads\/2025\/09\/Linea-Fichajes-eng.jpg 1920w, https:\/\/villarrealcf.es\/wp-content\/uploads\/2025\/09\/Linea-Fichajes-eng.jpg 1920w, https:\/\/villarrealcf.es\/wp-content\/uploads\/2025\/09\/Linea-Fichajes-eng.jpg 1920w","sizes":"auto, (max-width: 640px) 100vw, 640px"}],"counts":{"blocks":9,"headings":3,"texts":5,"buttons":0,"images":1}},"sections":[{"id":"section-1","title":"Villarreal have completed ten signings and secured two key contract renewals ahead of a demanding season","text":"Villarreal have completed ten signings and secured two key contract renewals ahead of a demanding season Villarreal CF has made a major effort this summer to put together a deep, balanced and high-quality squad, aiming to be competitive in a season as demanding as it is exciting, marked by the club\u2019s return to the UEFA Champions League. With nearly 50 matches on the calendar, the Yellow Submarine will count on top-level alternatives in every position under the guidance of Marcelino Garc\u00eda Toral.","headings":[{"type":"heading","level":2,"text":"Villarreal have completed ten signings and secured two key contract renewals ahead of a demanding season"}],"texts":[{"type":"paragraph","text":"Villarreal CF has made a major effort this summer to put together a deep, balanced and high-quality squad, aiming to be competitive in a season as demanding as it is exciting, marked by the club\u2019s return to the UEFA Champions League. With nearly 50 matches on the calendar, the Yellow Submarine will count on top-level alternatives in every position under the guidance of Marcelino Garc\u00eda Toral."}],"buttons":[],"images":[],"widgets":[],"blocks":[{"type":"heading","level":2,"text":"Villarreal have completed ten signings and secured two key contract renewals ahead of a demanding season"},{"type":"paragraph","text":"Villarreal CF has made a major effort this summer to put together a deep, balanced and high-quality squad, aiming to be competitive in a season as demanding as it is exciting, marked by the club\u2019s return to the UEFA Champions League. With nearly 50 matches on the calendar, the Yellow Submarine will count on top-level alternatives in every position under the guidance of Marcelino Garc\u00eda Toral."}]},{"id":"section-2","title":"Transfers","text":"Transfers In terms of departures, Kiko Femen\u00eda, Ra\u00fal Albiol and Eric Bailly ended their time at the club, while Denis Su\u00e1rez (Deportivo Alav\u00e9s) and Ramon Terrats (RCD Espanyol) moved on. Danjuma (Valencia CF) and Etta Eyong (Levante UD) also departed, as well as Yeremy Pino and Thierno Barry, who both moved to the Premier League. \u00c1lex Baena was transferred to Atl\u00e9tico de Madrid. As for arrivals, the sporting department focused on youth and international potential with the signings of defenders Renato Veiga, Santiago Mouri\u00f1o and Rafa Mar\u00edn. The midfield was reinforced with Alberto Moleiro and experienced Ghanaian international Thomas Partey.In goal, Arnau Tenas joined the club, while the attack gained firepower with Tajon Buchanan, Manor Solomon, Tani Oluwaseyi and Georges Mikautadze.","headings":[{"type":"heading","level":4,"text":"Transfers"}],"texts":[{"type":"paragraph","text":"In terms of departures, Kiko Femen\u00eda, Ra\u00fal Albiol and Eric Bailly ended their time at the club, while Denis Su\u00e1rez (Deportivo Alav\u00e9s) and Ramon Terrats (RCD Espanyol) moved on. Danjuma (Valencia CF) and Etta Eyong (Levante UD) also departed, as well as Yeremy Pino and Thierno Barry, who both moved to the Premier League. \u00c1lex Baena was transferred to Atl\u00e9tico de Madrid."},{"type":"paragraph","text":"As for arrivals, the sporting department focused on youth and international potential with the signings of defenders Renato Veiga, Santiago Mouri\u00f1o and Rafa Mar\u00edn. The midfield was reinforced with Alberto Moleiro and experienced Ghanaian international Thomas Partey.In goal, Arnau Tenas joined the club, while the attack gained firepower with Tajon Buchanan, Manor Solomon, Tani Oluwaseyi and Georges Mikautadze."}],"buttons":[],"images":[],"widgets":[],"blocks":[{"type":"heading","level":4,"text":"Transfers"},{"type":"paragraph","text":"In terms of departures, Kiko Femen\u00eda, Ra\u00fal Albiol and Eric Bailly ended their time at the club, while Denis Su\u00e1rez (Deportivo Alav\u00e9s) and Ramon Terrats (RCD Espanyol) moved on. Danjuma (Valencia CF) and Etta Eyong (Levante UD) also departed, as well as Yeremy Pino and Thierno Barry, who both moved to the Premier League. \u00c1lex Baena was transferred to Atl\u00e9tico de Madrid."},{"type":"paragraph","text":"As for arrivals, the sporting department focused on youth and international potential with the signings of defenders Renato Veiga, Santiago Mouri\u00f1o and Rafa Mar\u00edn. The midfield was reinforced with Alberto Moleiro and experienced Ghanaian international Thomas Partey.In goal, Arnau Tenas joined the club, while the attack gained firepower with Tajon Buchanan, Manor Solomon, Tani Oluwaseyi and Georges Mikautadze."}]},{"id":"section-3","title":"Key renewals","text":"Key renewals The summer window also brought two major renewals: Juan Foyth and Nicolas Pepe.The Argentine defender extended his contract until 2029, consolidating himself as one of the team\u2019s captains and leaders. Meanwhile, the Ivorian winger, who has rediscovered his best form under Marcelino, has signed on until 2028. With these moves, Villarreal CF heads into the new campaign full of ambition, ready to thrill its fans across all three competitions.","headings":[{"type":"heading","level":4,"text":"Key renewals"}],"texts":[{"type":"paragraph","text":"The summer window also brought two major renewals: Juan Foyth and Nicolas Pepe.The Argentine defender extended his contract until 2029, consolidating himself as one of the team\u2019s captains and leaders. Meanwhile, the Ivorian winger, who has rediscovered his best form under Marcelino, has signed on until 2028."},{"type":"paragraph","text":"With these moves, Villarreal CF heads into the new campaign full of ambition, ready to thrill its fans across all three competitions."}],"buttons":[],"images":[{"type":"image","url":"https:\/\/villarrealcf.es\/wp-content\/uploads\/2025\/09\/Linea-Fichajes-eng.jpg","alt":"","width":640,"height":800,"srcset":"https:\/\/villarrealcf.es\/wp-content\/uploads\/2025\/09\/Linea-Fichajes-eng.jpg 640w, https:\/\/villarrealcf.es\/wp-content\/uploads\/2025\/09\/Linea-Fichajes-eng-240x300.jpg 240w, https:\/\/villarrealcf.es\/wp-content\/uploads\/2025\/09\/Linea-Fichajes-eng-102x128.jpg 102w, https:\/\/villarrealcf.es\/wp-content\/uploads\/2025\/09\/Linea-Fichajes-eng-26x32.jpg 26w, https:\/\/villarrealcf.es\/wp-content\/uploads\/2025\/09\/Linea-Fichajes-eng-150x188.jpg 150w, https:\/\/villarrealcf.es\/wp-content\/uploads\/2025\/09\/Linea-Fichajes-eng.jpg 1920w, https:\/\/villarrealcf.es\/wp-content\/uploads\/2025\/09\/Linea-Fichajes-eng.jpg 1920w, https:\/\/villarrealcf.es\/wp-content\/uploads\/2025\/09\/Linea-Fichajes-eng.jpg 1920w, https:\/\/villarrealcf.es\/wp-content\/uploads\/2025\/09\/Linea-Fichajes-eng.jpg 1920w","sizes":"auto, (max-width: 640px) 100vw, 640px"}],"widgets":[],"blocks":[{"type":"heading","level":4,"text":"Key renewals"},{"type":"paragraph","text":"The summer window also brought two major renewals: Juan Foyth and Nicolas Pepe.The Argentine defender extended his contract until 2029, consolidating himself as one of the team\u2019s captains and leaders. Meanwhile, the Ivorian winger, who has rediscovered his best form under Marcelino, has signed on until 2028."},{"type":"paragraph","text":"With these moves, Villarreal CF heads into the new campaign full of ambition, ready to thrill its fans across all three competitions."},{"type":"image","url":"https:\/\/villarrealcf.es\/wp-content\/uploads\/2025\/09\/Linea-Fichajes-eng.jpg","alt":"","width":640,"height":800,"srcset":"https:\/\/villarrealcf.es\/wp-content\/uploads\/2025\/09\/Linea-Fichajes-eng.jpg 640w, https:\/\/villarrealcf.es\/wp-content\/uploads\/2025\/09\/Linea-Fichajes-eng-240x300.jpg 240w, https:\/\/villarrealcf.es\/wp-content\/uploads\/2025\/09\/Linea-Fichajes-eng-102x128.jpg 102w, https:\/\/villarrealcf.es\/wp-content\/uploads\/2025\/09\/Linea-Fichajes-eng-26x32.jpg 26w, https:\/\/villarrealcf.es\/wp-content\/uploads\/2025\/09\/Linea-Fichajes-eng-150x188.jpg 150w, https:\/\/villarrealcf.es\/wp-content\/uploads\/2025\/09\/Linea-Fichajes-eng.jpg 1920w, https:\/\/villarrealcf.es\/wp-content\/uploads\/2025\/09\/Linea-Fichajes-eng.jpg 1920w, https:\/\/villarrealcf.es\/wp-content\/uploads\/2025\/09\/Linea-Fichajes-eng.jpg 1920w, https:\/\/villarrealcf.es\/wp-content\/uploads\/2025\/09\/Linea-Fichajes-eng.jpg 1920w","sizes":"auto, (max-width: 640px) 100vw, 640px"}]}],"hero":{"id":"section-1","title":"Villarreal have completed ten signings and secured two key contract renewals ahead of a demanding season","text":"Villarreal have completed ten signings and secured two key contract renewals ahead of a demanding season Villarreal CF has made a major effort this summer to put together a deep, balanced and high-quality squad, aiming to be competitive in a season as demanding as it is exciting, marked by the club\u2019s return to the UEFA Champions League. With nearly 50 matches on the calendar, the Yellow Submarine will count on top-level alternatives in every position under the guidance of Marcelino Garc\u00eda Toral.","headings":[{"type":"heading","level":2,"text":"Villarreal have completed ten signings and secured two key contract renewals ahead of a demanding season"}],"texts":[{"type":"paragraph","text":"Villarreal CF has made a major effort this summer to put together a deep, balanced and high-quality squad, aiming to be competitive in a season as demanding as it is exciting, marked by the club\u2019s return to the UEFA Champions League. With nearly 50 matches on the calendar, the Yellow Submarine will count on top-level alternatives in every position under the guidance of Marcelino Garc\u00eda Toral."}],"buttons":[],"images":[],"widgets":[],"blocks":[{"type":"heading","level":2,"text":"Villarreal have completed ten signings and secured two key contract renewals ahead of a demanding season"},{"type":"paragraph","text":"Villarreal CF has made a major effort this summer to put together a deep, balanced and high-quality squad, aiming to be competitive in a season as demanding as it is exciting, marked by the club\u2019s return to the UEFA Champions League. With nearly 50 matches on the calendar, the Yellow Submarine will count on top-level alternatives in every position under the guidance of Marcelino Garc\u00eda Toral."}]}},"sections":[{"id":"section-1","title":"Villarreal have completed ten signings and secured two key contract renewals ahead of a demanding season","text":"Villarreal have completed ten signings and secured two key contract renewals ahead of a demanding season Villarreal CF has made a major effort this summer to put together a deep, balanced and high-quality squad, aiming to be competitive in a season as demanding as it is exciting, marked by the club\u2019s return to the UEFA Champions League. With nearly 50 matches on the calendar, the Yellow Submarine will count on top-level alternatives in every position under the guidance of Marcelino Garc\u00eda Toral.","url":"","background_image":"","images":[],"videos":[],"links":[]},{"id":"section-2","title":"Transfers","text":"Transfers In terms of departures, Kiko Femen\u00eda, Ra\u00fal Albiol and Eric Bailly ended their time at the club, while Denis Su\u00e1rez (Deportivo Alav\u00e9s) and Ramon Terrats (RCD Espanyol) moved on. Danjuma (Valencia CF) and Etta Eyong (Levante UD) also departed, as well as Yeremy Pino and Thierno Barry, who both moved to the Premier League. \u00c1lex Baena was transferred to Atl\u00e9tico de Madrid. As for arrivals, the sporting department focused on youth and international potential with the signings of defenders Renato Veiga, Santiago Mouri\u00f1o and Rafa Mar\u00edn. The midfield was reinforced with Alberto Moleiro and experienced Ghanaian international Thomas Partey.In goal, Arnau Tenas joined the club, while the attack gained firepower with Tajon Buchanan, Manor Solomon, Tani Oluwaseyi and Georges Mikautadze.","url":"","background_image":"","images":[],"videos":[],"links":[]},{"id":"section-3","title":"Key renewals","text":"Key renewals The summer window also brought two major renewals: Juan Foyth and Nicolas Pepe.The Argentine defender extended his contract until 2029, consolidating himself as one of the team\u2019s captains and leaders. Meanwhile, the Ivorian winger, who has rediscovered his best form under Marcelino, has signed on until 2028. With these moves, Villarreal CF heads into the new campaign full of ambition, ready to thrill its fans across all three competitions.","url":"","background_image":"","images":[{"type":"image","url":"https:\/\/villarrealcf.es\/wp-content\/uploads\/2025\/09\/Linea-Fichajes-eng.jpg","alt":"","width":640,"height":800,"srcset":"https:\/\/villarrealcf.es\/wp-content\/uploads\/2025\/09\/Linea-Fichajes-eng.jpg 640w, https:\/\/villarrealcf.es\/wp-content\/uploads\/2025\/09\/Linea-Fichajes-eng-240x300.jpg 240w, https:\/\/villarrealcf.es\/wp-content\/uploads\/2025\/09\/Linea-Fichajes-eng-102x128.jpg 102w, https:\/\/villarrealcf.es\/wp-content\/uploads\/2025\/09\/Linea-Fichajes-eng-26x32.jpg 26w, https:\/\/villarrealcf.es\/wp-content\/uploads\/2025\/09\/Linea-Fichajes-eng-150x188.jpg 150w, https:\/\/villarrealcf.es\/wp-content\/uploads\/2025\/09\/Linea-Fichajes-eng.jpg 1920w, https:\/\/villarrealcf.es\/wp-content\/uploads\/2025\/09\/Linea-Fichajes-eng.jpg 1920w, https:\/\/villarrealcf.es\/wp-content\/uploads\/2025\/09\/Linea-Fichajes-eng.jpg 1920w, https:\/\/villarrealcf.es\/wp-content\/uploads\/2025\/09\/Linea-Fichajes-eng.jpg 1920w","sizes":"auto, (max-width: 640px) 100vw, 640px"}],"videos":[],"links":[]}]},"excerpt":{"rendered":"Villarreal have completed ten signings and secured two key contract renewals ahead of a demanding season","protected":false},"author":25,"featured_media":603551,"comment_status":"closed","ping_status":"closed","sticky":false,"template":"","format":"standard","meta":{"_acf_changed":false,"footnotes":""},"categories":[13494],"tags":[6078,9201,13478,13496,13821,13463,13896,9199,13482,13487],"acf":null,"lang":"en","translations":{"es":603548,"en":603559,"val":603560},"essential_grid":{"has_grid":false},"formatted_date":"September 3, 2025","modified_date":"September 3, 2025","permalink":"https:\/\/villarrealcf.es\/en\/a-champions-summer-for-the-submarine\/","reading_time":2,"featured_media_data":{"id":603551,"title":"GeorgesMikautadze","caption":"","alt_text":"","description":"","mime_type":"image\/jpeg","source_url":"https:\/\/villarrealcf.es\/wp-content\/uploads\/2025\/09\/GeorgesMikautadze.jpg","sizes":{"thumbnail":{"url":"https:\/\/villarrealcf.es\/wp-content\/uploads\/2025\/09\/GeorgesMikautadze.jpg","width":1920,"height":1080},"medium":{"url":"https:\/\/villarrealcf.es\/wp-content\/uploads\/2025\/09\/GeorgesMikautadze.jpg","width":1920,"height":1080},"medium_large":{"url":"https:\/\/villarrealcf.es\/wp-content\/uploads\/2025\/09\/GeorgesMikautadze-768x432.jpg","width":768,"height":432},"large":{"url":"https:\/\/villarrealcf.es\/wp-content\/uploads\/2025\/09\/GeorgesMikautadze.jpg","width":788,"height":443},"1536x1536":{"url":"https:\/\/villarrealcf.es\/wp-content\/uploads\/2025\/09\/GeorgesMikautadze-1536x864.jpg","width":1536,"height":864},"2048x2048":{"url":"https:\/\/villarrealcf.es\/wp-content\/uploads\/2025\/09\/GeorgesMikautadze.jpg","width":1920,"height":1080},"tp-image-grid":{"url":"https:\/\/villarrealcf.es\/wp-content\/uploads\/2025\/09\/GeorgesMikautadze-700x700.jpg","width":700,"height":700},"size-bunyad-medium":{"url":"https:\/\/villarrealcf.es\/wp-content\/uploads\/2025\/09\/GeorgesMikautadze.jpg","width":1920,"height":1080},"sportspress-crop-medium":{"url":"https:\/\/villarrealcf.es\/wp-content\/uploads\/2025\/09\/GeorgesMikautadze-300x300.jpg","width":300,"height":300},"sportspress-fit-medium":{"url":"https:\/\/villarrealcf.es\/wp-content\/uploads\/2025\/09\/GeorgesMikautadze-300x169.jpg","width":300,"height":169},"sportspress-fit-icon":{"url":"https:\/\/villarrealcf.es\/wp-content\/uploads\/2025\/09\/GeorgesMikautadze-128x72.jpg","width":128,"height":72},"sportspress-fit-mini":{"url":"https:\/\/villarrealcf.es\/wp-content\/uploads\/2025\/09\/GeorgesMikautadze-32x18.jpg","width":32,"height":18},"bunyad-small":{"url":"https:\/\/villarrealcf.es\/wp-content\/uploads\/2025\/09\/GeorgesMikautadze-150x84.jpg","width":150,"height":84},"bunyad-medium":{"url":"https:\/\/villarrealcf.es\/wp-content\/uploads\/2025\/09\/GeorgesMikautadze-450x253.jpg","width":450,"height":253},"bunyad-full":{"url":"https:\/\/villarrealcf.es\/wp-content\/uploads\/2025\/09\/GeorgesMikautadze-1200x675.jpg","width":1200,"height":675},"bunyad-viewport":{"url":"https:\/\/villarrealcf.es\/wp-content\/uploads\/2025\/09\/GeorgesMikautadze.jpg","width":1920,"height":1080},"bunyad-768":{"url":"https:\/\/villarrealcf.es\/wp-content\/uploads\/2025\/09\/GeorgesMikautadze-768x432.jpg","width":768,"height":432},"full":{"url":"https:\/\/villarrealcf.es\/wp-content\/uploads\/2025\/09\/GeorgesMikautadze.jpg","width":1920,"height":1080}}},"author_data":{"id":"25","name":"Javier Ayuso","first_name":"Javier","last_name":"Ayuso","description":"","avatar_url":"https:\/\/secure.gravatar.com\/avatar\/fcf8894be45988fcce5bbff0efe1790d2a7f4ba57e2c7c898f5068154e696495?s=96&d=mm&r=g","acf":null},"taxonomies_data":{"category":[{"id":13494,"name":"First Team","slug":"first-team","acf":null}],"post_tag":[{"id":6078,"name":"Champions League","slug":"champions-league","acf":null},{"id":9201,"name":"Football","slug":"football-d34-en","acf":null},{"id":13478,"name":"Football","slug":"football-eng","acf":null},{"id":13496,"name":"Sin categorizar","slug":"sin-categorizar-en-14","acf":null},{"id":13821,"name":"Sin categorizar","slug":"sin-categorizar-en-3","acf":null},{"id":13463,"name":"Sin categorizar","slug":"sin-categorizar","acf":null},{"id":13896,"name":"Sin categorizar","slug":"sin-categorizar-en-17","acf":null},{"id":9199,"name":"Soccer","slug":"soccer-d105-en","acf":null},{"id":13482,"name":"Submarine","slug":"submarine-en","acf":null},{"id":13487,"name":"Yellow Submarine","slug":"yellow-submarine-en","acf":null}],"translation_priority":[{"id":734,"name":"Optional","slug":"optional-en","acf":null}]},"seo_full":{"native":{"title":"A top-level summer for the Submarine - Web Oficial del Villarreal CF","description":"Villarreal have completed ten signings and secured two key contract renewals ahead of a demanding season","canonical":"https:\/\/villarrealcf.es\/en\/a-champions-summer-for-the-submarine\/"}},"_links":{"self":[{"href":"https:\/\/villarrealcf.es\/en\/wp-json\/wp\/v2\/posts\/603559","targetHints":{"allow":["GET"]}}],"collection":[{"href":"https:\/\/villarrealcf.es\/en\/wp-json\/wp\/v2\/posts"}],"about":[{"href":"https:\/\/villarrealcf.es\/en\/wp-json\/wp\/v2\/types\/post"}],"author":[{"embeddable":true,"href":"https:\/\/villarrealcf.es\/en\/wp-json\/wp\/v2\/users\/25"}],"replies":[{"embeddable":true,"href":"https:\/\/villarrealcf.es\/en\/wp-json\/wp\/v2\/comments?post=603559"}],"version-history":[{"count":2,"href":"https:\/\/villarrealcf.es\/en\/wp-json\/wp\/v2\/posts\/603559\/revisions"}],"predecessor-version":[{"id":603587,"href":"https:\/\/villarrealcf.es\/en\/wp-json\/wp\/v2\/posts\/603559\/revisions\/603587"}],"wp:featuredmedia":[{"embeddable":true,"href":"https:\/\/villarrealcf.es\/en\/wp-json\/wp\/v2\/media\/603551"}],"wp:attachment":[{"href":"https:\/\/villarrealcf.es\/en\/wp-json\/wp\/v2\/media?parent=603559"}],"wp:term":[{"taxonomy":"category","embeddable":true,"href":"https:\/\/villarrealcf.es\/en\/wp-json\/wp\/v2\/categories?post=603559"},{"taxonomy":"post_tag","embeddable":true,"href":"https:\/\/villarrealcf.es\/en\/wp-json\/wp\/v2\/tags?post=603559"}],"curies":[{"name":"wp","href":"https:\/\/api.w.org\/{rel}","templated":true}]}}