{"id":597404,"date":"2025-07-28T10:28:22","date_gmt":"2025-07-28T08:28:22","guid":{"rendered":"https:\/\/villarrealcf.es\/laura-martin-nuevo-refuerzo-del-villarreal-femenino\/"},"modified":"2025-07-18T15:50:28","modified_gmt":"2025-07-18T13:50:28","slug":"laura-martin-joins-villarreal-womens-team-as-a-new-signing","status":"publish","type":"post","link":"https:\/\/villarrealcf.es\/en\/laura-martin-joins-villarreal-womens-team-as-a-new-signing\/","title":{"rendered":"Laura Mart\u00edn joins Villarreal Women\u2019s team as a new signing"},"content":{"protected":false,"blocks":[{"type":"heading","level":2,"text":"The young defender, coming from Bar\u00e7a B, joins on loan to bolster the backline"},{"type":"paragraph","text":"Villarreal CF and FC Barcelona have reached a loan agreement for Laura Mart\u00edn, who will be part of the team led by Jordi Ferriols, which will compete in the Primera Federaci\u00f3n during the upcoming 2025\/26 season."},{"type":"paragraph","text":"A signing with potential for the Yellow Submarine\u2019s defense"},{"type":"paragraph","text":"Laura Mart\u00edn Rodr\u00edguez (Barcelona, May 24, 2007) is one of the great prospects of national women\u2019s football. She began her development at Fontsanta Fatj\u00f3, where she spent two seasons before joining FC Barcelona\u2019s youth ranks, a club she has been with for the last seven years."},{"type":"paragraph","text":"A versatile player in the defensive line, Laura can play both as a center-back and as a full-back. In the Bar\u00e7a B team, she stood out for her technical ability in playing out from the back and a remarkable vision of the game \u2014 qualities that make her a footballer with great potential."},{"type":"paragraph","text":"With this signing, Villarreal Women continue their strategy of rejuvenating the squad and boosting competitiveness in the Primera Federaci\u00f3n."}],"structured":{"summary":{"text":"The young defender, coming from Bar\u00e7a B, joins on loan to bolster the backline Villarreal CF and FC Barcelona have reached a loan agreement for Laura Mart\u00edn, who will be part of the team led by Jordi Ferriols, which will compete in the Primera Federaci\u00f3n during the upcoming 2025\/26 season. A signing with potential for the Yellow Submarine\u2019s defense Laura Mart\u00edn Rodr\u00edguez (Barcelona, May 24, 2007) is one of the great prospects of national women\u2019s football. She began her development at Fontsanta Fatj\u00f3, where she spent two seasons before joining FC Barcelona\u2019s youth ranks, a club she has been with for the last seven years. A versatile player in the defensive line, Laura can play both as a center-back and as a full-back. In the Bar\u00e7a B team, she stood out for her technical ability in playing out from the back and a remarkable vision of the game \u2014 qualities that make her a footballer with great potential. With this signing, Villarreal Women continue their strategy of rejuvenating the squad and boosting competitiveness in the Primera Federaci\u00f3n.","headings":[{"type":"heading","level":2,"text":"The young defender, coming from Bar\u00e7a B, joins on loan to bolster the backline"}],"buttons":[],"images":[],"counts":{"blocks":6,"headings":1,"texts":5,"buttons":0,"images":0}},"sections":[{"id":"section-1","title":"The young defender, coming from Bar\u00e7a B, joins on loan to bolster the backline","text":"The young defender, coming from Bar\u00e7a B, joins on loan to bolster the backline Villarreal CF and FC Barcelona have reached a loan agreement for Laura Mart\u00edn, who will be part of the team led by Jordi Ferriols, which will compete in the Primera Federaci\u00f3n during the upcoming 2025\/26 season. A signing with potential for the Yellow Submarine\u2019s defense Laura Mart\u00edn Rodr\u00edguez (Barcelona, May 24, 2007) is one of the great prospects of national women\u2019s football. She began her development at Fontsanta Fatj\u00f3, where she spent two seasons before joining FC Barcelona\u2019s youth ranks, a club she has been with for the last seven years. A versatile player in the defensive line, Laura can play both as a center-back and as a full-back. In the Bar\u00e7a B team, she stood out for her technical ability in playing out from the back and a remarkable vision of the game \u2014 qualities that make her a footballer with great potential. With this signing, Villarreal Women continue their strategy of rejuvenating the squad and boosting competitiveness in the Primera Federaci\u00f3n.","headings":[{"type":"heading","level":2,"text":"The young defender, coming from Bar\u00e7a B, joins on loan to bolster the backline"}],"texts":[{"type":"paragraph","text":"Villarreal CF and FC Barcelona have reached a loan agreement for Laura Mart\u00edn, who will be part of the team led by Jordi Ferriols, which will compete in the Primera Federaci\u00f3n during the upcoming 2025\/26 season."},{"type":"paragraph","text":"A signing with potential for the Yellow Submarine\u2019s defense"},{"type":"paragraph","text":"Laura Mart\u00edn Rodr\u00edguez (Barcelona, May 24, 2007) is one of the great prospects of national women\u2019s football. She began her development at Fontsanta Fatj\u00f3, where she spent two seasons before joining FC Barcelona\u2019s youth ranks, a club she has been with for the last seven years."},{"type":"paragraph","text":"A versatile player in the defensive line, Laura can play both as a center-back and as a full-back. In the Bar\u00e7a B team, she stood out for her technical ability in playing out from the back and a remarkable vision of the game \u2014 qualities that make her a footballer with great potential."},{"type":"paragraph","text":"With this signing, Villarreal Women continue their strategy of rejuvenating the squad and boosting competitiveness in the Primera Federaci\u00f3n."}],"buttons":[],"images":[],"widgets":[],"blocks":[{"type":"heading","level":2,"text":"The young defender, coming from Bar\u00e7a B, joins on loan to bolster the backline"},{"type":"paragraph","text":"Villarreal CF and FC Barcelona have reached a loan agreement for Laura Mart\u00edn, who will be part of the team led by Jordi Ferriols, which will compete in the Primera Federaci\u00f3n during the upcoming 2025\/26 season."},{"type":"paragraph","text":"A signing with potential for the Yellow Submarine\u2019s defense"},{"type":"paragraph","text":"Laura Mart\u00edn Rodr\u00edguez (Barcelona, May 24, 2007) is one of the great prospects of national women\u2019s football. She began her development at Fontsanta Fatj\u00f3, where she spent two seasons before joining FC Barcelona\u2019s youth ranks, a club she has been with for the last seven years."},{"type":"paragraph","text":"A versatile player in the defensive line, Laura can play both as a center-back and as a full-back. In the Bar\u00e7a B team, she stood out for her technical ability in playing out from the back and a remarkable vision of the game \u2014 qualities that make her a footballer with great potential."},{"type":"paragraph","text":"With this signing, Villarreal Women continue their strategy of rejuvenating the squad and boosting competitiveness in the Primera Federaci\u00f3n."}]}],"hero":{"id":"section-1","title":"The young defender, coming from Bar\u00e7a B, joins on loan to bolster the backline","text":"The young defender, coming from Bar\u00e7a B, joins on loan to bolster the backline Villarreal CF and FC Barcelona have reached a loan agreement for Laura Mart\u00edn, who will be part of the team led by Jordi Ferriols, which will compete in the Primera Federaci\u00f3n during the upcoming 2025\/26 season. A signing with potential for the Yellow Submarine\u2019s defense Laura Mart\u00edn Rodr\u00edguez (Barcelona, May 24, 2007) is one of the great prospects of national women\u2019s football. She began her development at Fontsanta Fatj\u00f3, where she spent two seasons before joining FC Barcelona\u2019s youth ranks, a club she has been with for the last seven years. A versatile player in the defensive line, Laura can play both as a center-back and as a full-back. In the Bar\u00e7a B team, she stood out for her technical ability in playing out from the back and a remarkable vision of the game \u2014 qualities that make her a footballer with great potential. With this signing, Villarreal Women continue their strategy of rejuvenating the squad and boosting competitiveness in the Primera Federaci\u00f3n.","headings":[{"type":"heading","level":2,"text":"The young defender, coming from Bar\u00e7a B, joins on loan to bolster the backline"}],"texts":[{"type":"paragraph","text":"Villarreal CF and FC Barcelona have reached a loan agreement for Laura Mart\u00edn, who will be part of the team led by Jordi Ferriols, which will compete in the Primera Federaci\u00f3n during the upcoming 2025\/26 season."},{"type":"paragraph","text":"A signing with potential for the Yellow Submarine\u2019s defense"},{"type":"paragraph","text":"Laura Mart\u00edn Rodr\u00edguez (Barcelona, May 24, 2007) is one of the great prospects of national women\u2019s football. She began her development at Fontsanta Fatj\u00f3, where she spent two seasons before joining FC Barcelona\u2019s youth ranks, a club she has been with for the last seven years."},{"type":"paragraph","text":"A versatile player in the defensive line, Laura can play both as a center-back and as a full-back. In the Bar\u00e7a B team, she stood out for her technical ability in playing out from the back and a remarkable vision of the game \u2014 qualities that make her a footballer with great potential."},{"type":"paragraph","text":"With this signing, Villarreal Women continue their strategy of rejuvenating the squad and boosting competitiveness in the Primera Federaci\u00f3n."}],"buttons":[],"images":[],"widgets":[],"blocks":[{"type":"heading","level":2,"text":"The young defender, coming from Bar\u00e7a B, joins on loan to bolster the backline"},{"type":"paragraph","text":"Villarreal CF and FC Barcelona have reached a loan agreement for Laura Mart\u00edn, who will be part of the team led by Jordi Ferriols, which will compete in the Primera Federaci\u00f3n during the upcoming 2025\/26 season."},{"type":"paragraph","text":"A signing with potential for the Yellow Submarine\u2019s defense"},{"type":"paragraph","text":"Laura Mart\u00edn Rodr\u00edguez (Barcelona, May 24, 2007) is one of the great prospects of national women\u2019s football. She began her development at Fontsanta Fatj\u00f3, where she spent two seasons before joining FC Barcelona\u2019s youth ranks, a club she has been with for the last seven years."},{"type":"paragraph","text":"A versatile player in the defensive line, Laura can play both as a center-back and as a full-back. In the Bar\u00e7a B team, she stood out for her technical ability in playing out from the back and a remarkable vision of the game \u2014 qualities that make her a footballer with great potential."},{"type":"paragraph","text":"With this signing, Villarreal Women continue their strategy of rejuvenating the squad and boosting competitiveness in the Primera Federaci\u00f3n."}]}},"sections":[{"id":"section-1","title":"The young defender, coming from Bar\u00e7a B, joins on loan to bolster the backline","text":"The young defender, coming from Bar\u00e7a B, joins on loan to bolster the backline Villarreal CF and FC Barcelona have reached a loan agreement for Laura Mart\u00edn, who will be part of the team led by Jordi Ferriols, which will compete in the Primera Federaci\u00f3n during the upcoming 2025\/26 season. A signing with potential for the Yellow Submarine\u2019s defense Laura Mart\u00edn Rodr\u00edguez (Barcelona, May 24, 2007) is one of the great prospects of national women\u2019s football. She began her development at Fontsanta Fatj\u00f3, where she spent two seasons before joining FC Barcelona\u2019s youth ranks, a club she has been with for the last seven years. A versatile player in the defensive line, Laura can play both as a center-back and as a full-back. In the Bar\u00e7a B team, she stood out for her technical ability in playing out from the back and a remarkable vision of the game \u2014 qualities that make her a footballer with great potential. With this signing, Villarreal Women continue their strategy of rejuvenating the squad and boosting competitiveness in the Primera Federaci\u00f3n.","url":"","background_image":"","images":[],"videos":[],"links":[]}]},"excerpt":{"rendered":"The young defender, coming from Bar\u00e7a B, joins on loan to bolster the backline","protected":false},"author":50,"featured_media":598103,"comment_status":"closed","ping_status":"closed","sticky":false,"template":"","format":"standard","meta":{"_acf_changed":false,"footnotes":""},"categories":[13792],"tags":[5532,13478,9201,13463,9199,13482,13798,13487],"acf":null,"lang":"en","translations":{"es":597229,"en":597404,"val":597405},"essential_grid":{"has_grid":false},"formatted_date":"July 28, 2025","modified_date":"July 18, 2025","permalink":"https:\/\/villarrealcf.es\/en\/laura-martin-joins-villarreal-womens-team-as-a-new-signing\/","reading_time":1,"featured_media_data":{"id":598103,"title":"LAURA MARTI\u0301N FICHAJE FEM BANNER 1920X1080","caption":"","alt_text":"","description":"","mime_type":"image\/jpeg","source_url":"https:\/\/villarrealcf.es\/wp-content\/uploads\/2025\/07\/LAURA-MARTIN-FICHAJE-FEM-BANNER-1920X1080.jpg","sizes":{"thumbnail":{"url":"https:\/\/villarrealcf.es\/wp-content\/uploads\/2025\/07\/LAURA-MARTIN-FICHAJE-FEM-BANNER-1920X1080.jpg","width":1920,"height":1080},"medium":{"url":"https:\/\/villarrealcf.es\/wp-content\/uploads\/2025\/07\/LAURA-MARTIN-FICHAJE-FEM-BANNER-1920X1080.jpg","width":1920,"height":1080},"medium_large":{"url":"https:\/\/villarrealcf.es\/wp-content\/uploads\/2025\/07\/LAURA-MARTIN-FICHAJE-FEM-BANNER-1920X1080-768x432.jpg","width":768,"height":432},"large":{"url":"https:\/\/villarrealcf.es\/wp-content\/uploads\/2025\/07\/LAURA-MARTIN-FICHAJE-FEM-BANNER-1920X1080.jpg","width":788,"height":443},"1536x1536":{"url":"https:\/\/villarrealcf.es\/wp-content\/uploads\/2025\/07\/LAURA-MARTIN-FICHAJE-FEM-BANNER-1920X1080-1536x864.jpg","width":1536,"height":864},"2048x2048":{"url":"https:\/\/villarrealcf.es\/wp-content\/uploads\/2025\/07\/LAURA-MARTIN-FICHAJE-FEM-BANNER-1920X1080.jpg","width":1920,"height":1080},"tp-image-grid":{"url":"https:\/\/villarrealcf.es\/wp-content\/uploads\/2025\/07\/LAURA-MARTIN-FICHAJE-FEM-BANNER-1920X1080-700x700.jpg","width":700,"height":700},"size-bunyad-medium":{"url":"https:\/\/villarrealcf.es\/wp-content\/uploads\/2025\/07\/LAURA-MARTIN-FICHAJE-FEM-BANNER-1920X1080.jpg","width":1920,"height":1080},"sportspress-crop-medium":{"url":"https:\/\/villarrealcf.es\/wp-content\/uploads\/2025\/07\/LAURA-MARTIN-FICHAJE-FEM-BANNER-1920X1080-300x300.jpg","width":300,"height":300},"sportspress-fit-medium":{"url":"https:\/\/villarrealcf.es\/wp-content\/uploads\/2025\/07\/LAURA-MARTIN-FICHAJE-FEM-BANNER-1920X1080-300x169.jpg","width":300,"height":169},"sportspress-fit-icon":{"url":"https:\/\/villarrealcf.es\/wp-content\/uploads\/2025\/07\/LAURA-MARTIN-FICHAJE-FEM-BANNER-1920X1080-128x72.jpg","width":128,"height":72},"sportspress-fit-mini":{"url":"https:\/\/villarrealcf.es\/wp-content\/uploads\/2025\/07\/LAURA-MARTIN-FICHAJE-FEM-BANNER-1920X1080-32x18.jpg","width":32,"height":18},"bunyad-small":{"url":"https:\/\/villarrealcf.es\/wp-content\/uploads\/2025\/07\/LAURA-MARTIN-FICHAJE-FEM-BANNER-1920X1080-150x84.jpg","width":150,"height":84},"bunyad-medium":{"url":"https:\/\/villarrealcf.es\/wp-content\/uploads\/2025\/07\/LAURA-MARTIN-FICHAJE-FEM-BANNER-1920X1080-450x253.jpg","width":450,"height":253},"bunyad-full":{"url":"https:\/\/villarrealcf.es\/wp-content\/uploads\/2025\/07\/LAURA-MARTIN-FICHAJE-FEM-BANNER-1920X1080-1200x675.jpg","width":1200,"height":675},"bunyad-viewport":{"url":"https:\/\/villarrealcf.es\/wp-content\/uploads\/2025\/07\/LAURA-MARTIN-FICHAJE-FEM-BANNER-1920X1080.jpg","width":1920,"height":1080},"bunyad-768":{"url":"https:\/\/villarrealcf.es\/wp-content\/uploads\/2025\/07\/LAURA-MARTIN-FICHAJE-FEM-BANNER-1920X1080-768x432.jpg","width":768,"height":432},"full":{"url":"https:\/\/villarrealcf.es\/wp-content\/uploads\/2025\/07\/LAURA-MARTIN-FICHAJE-FEM-BANNER-1920X1080.jpg","width":1920,"height":1080}}},"author_data":{"id":"50","name":"Gonzalo Rodriguez","first_name":"Gonzalo","last_name":"Rodriguez","description":"","avatar_url":"https:\/\/secure.gravatar.com\/avatar\/c4f230e0ea78e63ddeaecca36e50bacb0c36d435210e3a46c31d699223d391de?s=96&d=mm&r=g","acf":null},"taxonomies_data":{"category":[{"id":13792,"name":"Villarreal Women","slug":"villarreal-women-2","acf":null}],"post_tag":[{"id":5532,"name":"Fichaje","slug":"fichaje","acf":null},{"id":13478,"name":"Football","slug":"football-eng","acf":null},{"id":9201,"name":"Football","slug":"football-d34-en","acf":null},{"id":13463,"name":"Sin categorizar","slug":"sin-categorizar","acf":null},{"id":9199,"name":"Soccer","slug":"soccer-d105-en","acf":null},{"id":13482,"name":"Submarine","slug":"submarine-en","acf":null},{"id":13798,"name":"Villarreal Femenino","slug":"villarreal-femenino-2-en","acf":null},{"id":13487,"name":"Yellow Submarine","slug":"yellow-submarine-en","acf":null}],"translation_priority":[{"id":734,"name":"Optional","slug":"optional-en","acf":null}]},"seo_full":{"native":{"title":"Laura Mart\u00edn joins Villarreal Women\u2019s team as a new signing - Web Oficial del Villarreal CF","description":"The young defender, coming from Bar\u00e7a B, joins on loan to bolster the backline","canonical":"https:\/\/villarrealcf.es\/en\/laura-martin-joins-villarreal-womens-team-as-a-new-signing\/"}},"_links":{"self":[{"href":"https:\/\/villarrealcf.es\/en\/wp-json\/wp\/v2\/posts\/597404","targetHints":{"allow":["GET"]}}],"collection":[{"href":"https:\/\/villarrealcf.es\/en\/wp-json\/wp\/v2\/posts"}],"about":[{"href":"https:\/\/villarrealcf.es\/en\/wp-json\/wp\/v2\/types\/post"}],"author":[{"embeddable":true,"href":"https:\/\/villarrealcf.es\/en\/wp-json\/wp\/v2\/users\/50"}],"replies":[{"embeddable":true,"href":"https:\/\/villarrealcf.es\/en\/wp-json\/wp\/v2\/comments?post=597404"}],"version-history":[{"count":2,"href":"https:\/\/villarrealcf.es\/en\/wp-json\/wp\/v2\/posts\/597404\/revisions"}],"predecessor-version":[{"id":597430,"href":"https:\/\/villarrealcf.es\/en\/wp-json\/wp\/v2\/posts\/597404\/revisions\/597430"}],"wp:featuredmedia":[{"embeddable":true,"href":"https:\/\/villarrealcf.es\/en\/wp-json\/wp\/v2\/media\/598103"}],"wp:attachment":[{"href":"https:\/\/villarrealcf.es\/en\/wp-json\/wp\/v2\/media?parent=597404"}],"wp:term":[{"taxonomy":"category","embeddable":true,"href":"https:\/\/villarrealcf.es\/en\/wp-json\/wp\/v2\/categories?post=597404"},{"taxonomy":"post_tag","embeddable":true,"href":"https:\/\/villarrealcf.es\/en\/wp-json\/wp\/v2\/tags?post=597404"}],"curies":[{"name":"wp","href":"https:\/\/api.w.org\/{rel}","templated":true}]}}